{"id":11502,"date":"2011-12-02T23:50:07","date_gmt":"2011-12-02T22:50:07","guid":{"rendered":"http:\/\/fjala.shkoder.net\/?p=450"},"modified":"2011-12-02T23:50:07","modified_gmt":"2011-12-02T22:50:07","slug":"lindja-e-princit-leka-ne-kohe-ultimatumesh-fashiste","status":"publish","type":"post","link":"https:\/\/fjala.info\/2009-2015\/lindja-e-princit-leka-ne-kohe-ultimatumesh-fashiste\/","title":{"rendered":"Lindja e princit Leka n\u00eb koh\u00eb ultimatumesh fashiste"},"content":{"rendered":"<p><img decoding=\"async\" class=\"alignright size-thumbnail wp-image-7236\" title=\"Ismail Kadare\" src=\"http:\/\/www.shkoder.net\/images\/fjala\/ismail_kadare.jpg\" alt=\"\" width=\"200\" \/> <strong>ISMAIL KADARE<\/strong><\/p>\n<p>Shqip\u00ebria londineze ende me rrecka, por s\u00eb paku me nofk\u00ebn prej zonje, mir\u00eb a keq, ecte. Nj\u00eb vit shtet republikan me kryeminist\u00ebr Themeluesin. Gjasht\u00eb muaj mbret\u00ebri me princ gjerman. Kat\u00ebr vjet teat\u00ebr lufte bot\u00ebrore, t\u00eb gjith\u00eb kund\u00ebr t\u00eb gjith\u00ebve, me nj\u00eb fjal\u00eb bjeru t\u2019i biem, ku vend\u00ebsit m\u00eb shum\u00eb gjendeshin n\u00eb sall\u00eb se n\u00eb sken\u00eb. M\u00eb pas, pas r\u00ebnies s\u00eb perdes, p\u00ebrs\u00ebri republik\u00eb, ku dy nga\u2026personazhet e \u201cList\u00ebs 1916\u201d (kishin mjaftuar vet\u00ebm dy nga kat\u00ebrqind e pes\u00ebdhjet\u00eb emrat e list\u00ebs, vet\u00ebm dy, o Zot! mbreti i ardhsh\u00ebm Zog dhe peshkopi i vendit, Noli), p\u00ebr ta b\u00ebr\u00eb l\u00ebmsh gjith\u00eb vendin. Lufta p\u00ebr pushtet, krijim partish politike, zgjedhje parlamentare, opozit\u00eb, atentate t\u00eb larmishme, nga Bjeshk\u00ebt e Nemuna te hyrja e Operas s\u00eb Vjen\u00ebs, vrasje po aq t\u00eb bujshme, grusht shteti, thirrje p\u00ebr europianizimin e vendit, secili sipas stilit t\u00eb vet, mbreti n\u00ebp\u00ebrmjet martes\u00ebs me nj\u00eb kontesh\u00eb katolike hungarezo-amerikane, peshkopi i pagrua, me himne dhe vjersha p\u00ebr kryq\u00ebzimin e Krishtit dhe p\u00ebrkthime kryeveprash bot\u00ebrore, pa p\u00ebrmendur nj\u00eb r\u00ebnie violine, q\u00eb peshkopi s\u2019e harronte kurr\u00eb, mu midis ngjarjeve dramatike, \u00e7ka nga detraktor\u00ebt e tij zb\u00ebrthehej si d\u00ebshmi e cinizmit t\u00eb tij, e nga adhurimtar\u00ebt, si shenj\u00eb e nj\u00eb shpirti t\u00eb ep\u00ebrm, q\u00eb flatronte lart, mbi shtr\u00ebngatat e koh\u00ebs.<\/p>\n<p>N\u00eb mbarim t\u00eb rrokopuj\u00ebs, n\u00eb prag t\u00eb stuhis\u00eb s\u00eb re bot\u00ebrore, skena e zbrazur p\u00ebrkoh\u00ebsisht, nuk jepte ve\u00e7 parandjenja t\u00eb k\u00ebqija. E kishin l\u00ebn\u00eb nj\u00ebri pas tjetrit at\u00eb sken\u00eb mbreti dhe peshkopi, t\u00eb m\u00ebrguar t\u00eb dy. E kishte l\u00ebn\u00eb personazhi i tret\u00eb i \u201cList\u00ebs 1916\u201d, F. Konica, shestuesi i pllak\u00ebs s\u00eb famshme, mbi mermerin memorial t\u00eb Shqip\u00ebris\u00eb, i cili, si t\u00eb nd\u00ebshkohej nga ai m\u00ebkat, do t\u00eb vdiste i pari nd\u00ebr t\u00eb tre.<\/p>\n<p>Historia nuk e ka th\u00ebn\u00eb ende fjal\u00ebn e fundit p\u00ebr k\u00ebta dramatis personae. Poezia epiko-lirike shqiptare, ajo, q\u00eb n\u00eb prag t\u00eb shuarjes, e kishte ende tagrin e nj\u00eb gjykimi testamentor, me p\u00ebrjashtim t\u00eb dy rasteve, ka heshtur. Rastet jan\u00eb t\u00eb dyja \u201cjasht\u00eb list\u00ebs\u201d. I pari, p\u00ebr Themeluesin, si\u00e7 e pam\u00eb, i dyti p\u00ebr mbret\u00ebresh\u00ebn Geraldin\u00eb. Themeluesi n\u00eb koh\u00ebn e \u201clist\u00ebs\u201d ishte shtat\u00ebdhjet\u00ebvje\u00e7ar, Geraldina nuk ishte ve\u00e7se foshnj\u00eb. Bebe motake, si\u00e7 thuhej dikur p\u00ebr foshnjat q\u00eb s\u2019kishin mbushur vitin.<\/p>\n<p>Teksti p\u00ebr mbret\u00ebresh\u00ebn, p\u00ebrve\u00e7se i nj\u00eb bukurie t\u00eb rrall\u00eb, ishte nj\u00eb nd\u00ebr m\u00eb enigmatik\u00ebt e poezis\u00eb shqipe. I pazb\u00ebrthyer ende prej askujt, teksti niste me fjal\u00ebt: Maxhare, lesh\u00ebra t\u00ebnd\u00eb, Qysh erdhe n\u00eb vendin t\u00ebn\u00eb \u00e7ka p\u00ebrb\u00ebnte nj\u00eb pyetje t\u00eb r\u00ebndomt\u00eb, fare naive dhe ndoshta t\u00eb pavend. Nd\u00ebrkaq, p\u00ebr njoh\u00ebsit, sado t\u00eb rast\u00ebsish\u00ebm t\u00eb epiko-lirik\u00ebs shqiptare, dihej se ishte tep\u00ebr v\u00ebshtir\u00eb q\u00eb ajo t\u00eb ishte e r\u00ebndomt\u00eb, sidomos naive, e aq m\u00eb pak, e pavend. Ndaj p\u00ebr zhbirimin e enigm\u00ebs, do t\u00eb duhej, ndoshta, nj\u00eb nd\u00ebrhyrje sqaruese.<\/p>\n<p><strong>E QARA E MBRETIT, K\u00cbT\u00cb HER\u00cb P\u00cbR NJ\u00cb GRUA<\/strong><\/p>\n<p>N\u00eb qoft\u00eb se do t\u2019i p\u00ebrmbaheshim krahasimit t\u00eb tre gadishujve jugor\u00eb t\u00eb kontinentit me tre rojat mbrojt\u00ebs t\u00eb Europ\u00ebs, Zonj\u00eb t\u00eb madhe, nuk do ta kishim t\u00eb v\u00ebshtir\u00eb q\u00eb kacafytjen e dy prej gadishujve, at\u00eb Ballkanik dhe Apenin, ta merrnim p\u00ebr nj\u00eb grindje t\u00eb radh\u00ebs rojash, n\u00eb or\u00ebt e m\u00ebrzis\u00eb. Ajo ndodhi kur shekulli XX po i afrohej mesit t\u00eb vet, m\u00eb sakt\u00eb n\u00eb prill t\u00eb vitit 1939. Nd\u00ebrkaq, ajo nuk u quajt asnj\u00ebher\u00eb nj\u00eb luft\u00eb gadishujsh, e aq m\u00eb pak rojash.<\/p>\n<p>Ajo u quajt gjithmon\u00eb ndryshe nga \u00e7\u2019kishte qen\u00eb n\u00eb t\u00eb v\u00ebrtet\u00eb, madje ende sot, kur po shkruheshin k\u00ebto radh\u00eb, si t\u2019i p\u00ebrmbahej nj\u00eb pakti t\u00eb fsheht\u00eb, vazhdonte t\u00eb em\u00ebrtohej n\u00eb m\u00ebnyra t\u00eb ndryshme: pushtimi i Shqip\u00ebris\u00eb prej Italis\u00eb, bashkimi i Shqip\u00ebris\u00eb me Italin\u00eb, luft\u00eb italogreke, luft\u00eb greko-shqiptaro-italiane, luft\u00eb italo-jugosllave. P\u00ebrpara se t\u00eb p\u00ebrb\u00ebnte nj\u00eb kureshti gjuh\u00ebsore, kjo larmi vazhdonte t\u00eb ishte pjes\u00eb e l\u00ebmshit ballkanik. Dhe nuk ka qen\u00eb e vetmja.<\/p>\n<p>Qysh n\u00eb krye t\u00eb asaj jave t\u00eb paharrueshme t\u00eb prillit, nuk ishte fort e qart\u00eb se kush po sulmohej, Shqip\u00ebria apo gadishulli. Shqip\u00ebria ngulte k\u00ebmb\u00eb se ishte ajo q\u00eb rrezikohej e pas saj krejt gadishulli. Ky i fundit, n\u00ebp\u00ebrmjet dy kryeqyteteve, Athin\u00ebs e Beogradit, t\u00eb cil\u00ebve Tirana u qe drejtuar p\u00ebr ndihm\u00eb, jo vet\u00ebm nuk e ndihmuan, por shpall\u00ebn se kurrfar\u00eb rreziku s\u2019e k\u00ebrc\u00ebnonte vendin e shqipeve, pale pastaj Ballkanin. E si t\u00eb mos mjaftonte kjo, lan\u00eb t\u00eb kuptohet se Shqip\u00ebria e l\u00ebshonte k\u00ebt\u00eb alarm t\u00eb rrem\u00eb p\u00ebr t\u00eb t\u00ebrhequr v\u00ebmendjen, ndoshta, apo p\u00ebr t\u2019i dh\u00ebn\u00eb r\u00ebnd\u00ebsi vetes, madje kishte gjas\u00eb q\u00eb ishte ajo vet\u00eb q\u00eb ngutej t\u2019i vinte zjarrin Ballkanit!<\/p>\n<p>Mbreti Zog I iu p\u00ebrgjigj fqinj\u00ebve se ky q\u00ebndrim ishte p\u00ebr t\u00eb zez\u00ebn e tyre, \u00e7ka n\u00eb t\u00eb v\u00ebrtet\u00eb do t\u00eb v\u00ebrtetohej pak koh\u00eb m\u00eb pas, kur, t\u00eb dy shtetet, pasi t\u00eb sulmoheshin nga Musolini, do t\u00eb thyheshin nj\u00ebri pas tjetrit prej Hitlerit.<\/p>\n<p>Ndon\u00ebse ky parashikim, ashtu si zakonisht profecit\u00eb e mbret\u00ebrve t\u00eb mundur, nuk do t\u00eb merrej parasysh, vite m\u00eb pas, at\u00ebher\u00eb kur krusma e asaj jave do t\u00eb b\u00ebhej pjes\u00eb e kujtes\u00ebs, th\u00ebnia e mbretit do t\u00eb p\u00ebrmendej p\u00ebrher\u00eb e m\u00eb shpesh.<\/p>\n<p>N\u00eb t\u00eb v\u00ebrtet\u00eb, java do t\u00eb ishte e pashembullt p\u00ebr nga dend\u00ebsia e ankthit. Madje, p\u00ebr shkak t\u00eb ritmit prej sk\u00ebterre, ora e Shqip\u00ebris\u00eb me tiktakun e saj do t\u00eb ngjante e larg\u00ebt dhe e pakapshme brenda or\u00ebs s\u00eb madhe europiane. Ngjarja vazhdonte t\u00eb dukej e mjegullt: Po sulmohej vendi i shqiptar\u00ebve apo gadishulli? Asnj\u00ebri prej tyre apo t\u00eb dy? Kishte apo s\u2019kishte ultimatum, dhe kuptimi i k\u00ebsaj fjale a ishte i nj\u00ebjt\u00eb p\u00ebr veshin, e sidomos trurin e t\u00eb dyja pal\u00ebve?<\/p>\n<p>Ultimatum, thirrje e fundit, p\u00ebrpara goditjes, prerjes n\u00eb bes\u00eb. Me afat pes\u00ebdit\u00ebsh, e h\u00ebn\u00eb tre prill, e mart\u00eb kat\u00ebr, e m\u00ebrkur\u00eb pes\u00eb, e enjte gjasht\u00eb, e premte shtat\u00eb. Kjo e fundit, p\u00ebrve\u00e7 q\u00eb dita m\u00eb e dyshuar p\u00ebr sulm, binte e Premtja e Zez\u00eb, dhe t\u00eb shumt\u00eb ishin ata q\u00eb nuk besonin se Italia, vendi i par\u00eb i krishterimit, do ta kryente k\u00ebt\u00eb sakrilegj. T\u00eb tjer\u00eb mendonin se pik\u00ebrisht p\u00ebr k\u00ebt\u00eb mund ta b\u00ebnte.<\/p>\n<p>Jo m\u00eb pak mjegullore ishin parashikimet p\u00ebr shtetin mbret\u00ebror dhe mbretin. Do t\u00eb rr\u00ebzoheshin t\u00eb dy, pa dyshim, por s\u2019dihej cili do ta t\u00ebrhiqte pas vetes tjetrin. Mbreti do ta dor\u00ebzonte fronin, apo do \u201ct\u00eb mbathte opingat\u201d, shprehje e vjet\u00ebr q\u00eb p\u00ebrdorej n\u00eb vend t\u00eb \u201cdaljes n\u00eb mal\u201d, gjersa t\u00eb vritej ose t\u00eb kapej rob, s\u00eb bashku me mbret\u00ebresh\u00ebn? Ajo ishte nj\u00ebzetekat\u00ebrvje\u00e7are, kontesha Geraldine Appony, m\u00eb e bukura sovrane e Europ\u00ebs, \u201ctr\u00ebndafili i bardh\u00eb i Budapestit\u201d, si\u00e7 e quanin ata q\u00eb e p\u00ebrkthenin gabim fjal\u00ebn \u201ctulipan\u201d. Nj\u00eb mbret\u00ebresh\u00eb e z\u00ebn\u00eb rob mund t\u00eb ndizte leht\u00eb fantazit\u00eb e kokorosh\u00ebve t\u00eb Rom\u00ebs, me n\u00eb krye ministrin e Jasht\u00ebm, kontin Galeazzo Ciano.<\/p>\n<p>Ky i fundit kishte qen\u00eb d\u00ebshmitar n\u00eb martes\u00ebn e saj, nj\u00eb vit m\u00eb par\u00eb, m\u00eb 27 prill 1938, dhe nuk e fshihte q\u00eb i kishte mbetur mendja te nusja. Kjo, nga ana e saj, jo vet\u00ebm q\u00eb e ka v\u00ebn\u00eb re, por i ka p\u00ebrmendur t\u00ebrthorazi n\u00eb kujtimet, v\u00ebrtitjet e atij, q\u00eb jo pa nj\u00ebfar\u00eb shp\u00ebrfilljeje aristokratike, gati-gati e ka cil\u00ebsuar si nj\u00eb \u201cbirbo latin\u201d. Konti spitullan, i cili p\u00ebr shkak t\u00eb vdekjes s\u00eb parakohshme nuk do ta merrte vesh kurr\u00eb k\u00ebt\u00eb shp\u00ebrfillje, ka kujtuar ndoshta sinqerisht dhe jo aq me t\u00eb keq sa \u00e7\u2019mund t\u00eb duket sot, se n\u00eb qoft\u00eb se dikujt mund t\u2019i shkonte mendja p\u00ebr nj\u00eb flirt me mbret\u00ebresh\u00ebn shqiptare, ky dikush mund t\u00eb ishte ai, dhe vet\u00ebm ai, ministri i lazdruar italian, por, sidomos, dh\u00ebnd\u00ebr i Du\u00e7es perandor.<\/p>\n<p>Nd\u00ebrkoh\u00eb, kjo vegulli flirti zbulonte di\u00e7ka m\u00eb t\u00eb thell\u00eb: qysh n\u00eb ceremonin\u00eb e nj\u00eb viti m\u00eb par\u00eb, n\u00eb nd\u00ebrgjegjen e Ciano-s, mbret\u00ebresha, p\u00ebrtej ngjashm\u00ebris\u00eb me mjellma e tr\u00ebndafil\u00eb t\u00eb bardh\u00eb, ishte n\u00eb radh\u00eb t\u00eb par\u00eb nj\u00eb mbret\u00ebresh\u00eb robinj\u00eb. Shkurt, pushtimi i Shqip\u00ebris\u00eb ishte vendosur prej koh\u00ebsh, \u00e7ka historia do ta v\u00ebrtetonte.<\/p>\n<p>Ishte kjo nj\u00eb nga arsyet q\u00eb mbret\u00ebresha nj\u00ebzetekat\u00ebrvje\u00e7are, sipas t\u00eb gjitha gjasave, ka z\u00ebn\u00eb nj\u00eb vend t\u00eb dyfisht\u00eb n\u00eb vet\u00ebdijen dhe pavet\u00ebdijen e kontit. Nga kujtimet e tij del se ai \u00ebsht\u00eb marr\u00eb ve\u00e7an\u00ebrisht me t\u00eb, ve\u00e7an\u00ebrisht n\u00eb at\u00eb jav\u00eb t\u00eb fillimprillit. S\u00eb pari ngaq\u00eb si minist\u00ebr i Jasht\u00ebm q\u00eb ishte, i p\u00ebrkiste q\u00eb t\u00eb ishte n\u00eb dijeni t\u00eb ngat\u00ebrresave q\u00eb mund t\u00eb shkaktonte statusi i saj, si pinjolle e nj\u00eb familjeje t\u00eb shquar europiano-amerikane me shum\u00eb lidhje n\u00eb Europ\u00eb. E dyta, dhe kryesorja, mbret\u00ebresha jo vet\u00ebm mbante n\u00eb bark princin trash\u00ebgimtar, por princi k\u00ebrthi, sikur t\u00eb ishte kureshtar, pritej t\u00eb vinte n\u00eb bot\u00eb, pik\u00ebrisht k\u00ebt\u00eb jav\u00eb t\u00eb paharruar.<\/p>\n<p>Ashtu si n\u00eb rastin e s\u00eb Premtes s\u00eb Zez\u00eb, t\u00eb shumt\u00eb ishin ata q\u00eb besuan se Italia e Musolinit nuk do t\u00eb tregohej aq meskine e aspak burrnesh\u00eb, saq\u00eb ta sulmonte Shqip\u00ebrin\u00eb pik\u00ebrisht n\u00eb \u00e7astet kur mbret\u00ebresh\u00ebn e kishin z\u00ebn\u00eb dhimbjet e lindjes. Dhe prap\u00eb si n\u00eb rastin e p\u00ebrmendur, do t\u00eb gjendeshin t\u00eb tjer\u00eb q\u00eb do t\u00eb besonin se pik\u00ebrisht p\u00ebr shkak t\u00eb dhimbjeve t\u00eb lindjes, sulmi do t\u00eb b\u00ebhej me ngut.<\/p>\n<p>Nj\u00eb riprodhim, or\u00eb pas ore i asaj q\u00eb ndodhte n\u00eb Pallatin Mbret\u00ebror, n\u00eb kryeqytet, dhe n\u00eb t\u00ebr\u00eb vendin, do t\u00eb ndihmonte ndoshta p\u00ebr t\u00eb krijuar fundaj\u00ebn e ngjarjes.<\/p>\n<p>E h\u00ebn\u00eb, 3 prill. Ka disa dit\u00eb q\u00eb Shqip\u00ebria ndodhet n\u00ebn ultimatum. Nuk flitet ve\u00e7 p\u00ebr k\u00ebt\u00eb, dhe n\u00eb rrug\u00eb ka demonstrata. N\u00eb pallatin mbret\u00ebror, ethes s\u00eb k\u00ebrc\u00ebnimit, i shtohet nj\u00eb tjet\u00ebr: mbret\u00ebresha pritet nga \u00e7asti n\u00eb \u00e7ast t\u00eb lind\u00eb. Profesori austriak Veibel ka pohuar se \u201cbrenda dy dit\u00ebsh do t\u00eb kemi nj\u00eb lindje prej mbret\u00ebresh\u00ebs s\u00eb shqiptar\u00ebve\u201d.<\/p>\n<p>Lajmi, pa dal\u00eb mir\u00eb prej pallatit, i p\u00ebrndez rrug\u00ebt, duke ndryshuar aty p\u00ebr aty pasionin e turmave. Nga mllefi kund\u00ebritalian kalohet n\u00eb brohoritje p\u00ebr pritjen e trash\u00ebgimtarit. Flamur\u00ebt mbushin sheshet. Himni komb\u00ebtar \u00ebsht\u00eb n\u00eb goj\u00ebn e t\u00eb gjith\u00ebve. Ndjenja e hares\u00eb p\u00ebrzihet me at\u00eb t\u00eb siguris\u00eb: Shqip\u00ebria do t\u00eb kishte jo vet\u00ebm nj\u00eb mbret q\u00eb do ta mbronte, por edhe nj\u00eb trash\u00ebgimtar\u2026<\/p>\n<p>Nj\u00eb lidhje e habitshme vendoset aty p\u00ebr aty midis mbret\u00ebresh\u00ebs dhe ultimatumit.<\/p>\n<p>Ora 5 pasdite. Koloneli italian De Andrea k\u00ebrkon takim t\u00eb ngutsh\u00ebm me Adjutantin e mbretit. Shqet\u00ebsimi \u00ebsht\u00eb i kuptuesh\u00ebm: \u00e7\u2019ishte kjo rritje e beft\u00eb e zjarrmis\u00eb s\u00eb rrug\u00ebs? Mos kishte lidhje me ndonj\u00eb mobilizim? P\u00ebrgjigjja do t\u00eb ishte dhe s\u2019do t\u00eb ishte befasuese: Mbret\u00ebresha ishte duke lindur. Sqarimi i m\u00ebvonsh\u00ebm do t\u00eb ishte disi m\u00eb bind\u00ebs: P\u00ebr her\u00eb t\u00eb par\u00eb pas pes\u00ebqind vitesh, Shqip\u00ebris\u00eb po i lindte nj\u00eb trash\u00ebgimtar mbret\u00ebror.<\/p>\n<p>Italian\u00ebt, si miqt\u00eb m\u00eb t\u00eb af\u00ebrt t\u00eb Shqip\u00ebris\u00eb, duhet t\u00eb g\u00ebzoheshin po aq. Natyrisht, koloneli im. Mbreti i par\u00eb i Shqip\u00ebris\u00eb, Wilhelm Wied, nuk pati rast (ose ndoshta mosh\u00eb), t\u00eb na lindte nj\u00eb trash\u00ebgimtar. Si\u00e7 mund ta dini, kolonel, mbret\u00ebresha \u00ebsht\u00eb martuar p\u00ebrpara nj\u00eb viti, m\u00eb 27 prill 1938, n\u00eb sh\u00ebmb\u00ebllim t\u00eb martes\u00ebs s\u00eb Donik\u00eb Komnenit me Gjergj Kastriotin, m\u00eb 27 prill t\u00eb vitit 1451. Pes\u00ebqind vite m\u00eb par\u00eb, gati e pabesueshme, apo jo? Natyrisht, koloneli im.<\/p>\n<p>Ora 6 pasdite. Mbret\u00ebresha ndihet e lodhur. N\u00eb pallat ka hyrje e dalje, por nga fytyrat e njer\u00ebzve \u00ebsht\u00eb v\u00ebshtir\u00eb t\u00eb ndash dy llojet e shqet\u00ebsimeve.<\/p>\n<p>Mbreti \u00ebsht\u00eb dyfish i lodhur. Ka mbi nj\u00eb jav\u00eb pa gjum\u00eb. Lajme, deklarata dhe telegrame. Telegrame pa fund. Nj\u00eb pjes\u00eb vijn\u00eb prej Italis\u00eb. Mbi t\u00eb gjith\u00eb, telegramet qet\u00ebsuese t\u00eb Musolinit, q\u00eb k\u00ebrkojn\u00eb t\u2019i mbushin mendjen mbretit se as nd\u00ebr mend nuk i shkon ideja e nj\u00eb sulmi.<\/p>\n<p>Ora 7 e mbr\u00ebmjes. P\u00ebrgatitet thirrja p\u00ebr \u201ckreshnik\u00ebt\u201d. K\u00ebshtu ka ca koh\u00eb q\u00eb quhen trupat vullnetare. Ushtarak\u00ebt e lart\u00eb nuk e kan\u00eb fort p\u00ebr zem\u00ebr k\u00ebt\u00eb thirrje. \u201cKreshnik\u00ebt\u201d sa \u00e7\u2019mund t\u00eb ishin t\u00eb aft\u00eb p\u00ebr t\u00eb kryer ndonj\u00eb heroiz\u00ebm q\u00eb \u00e7do ushtarak do ta quante t\u00eb pamundur, po aq mund t\u00eb prishnin pun\u00eb me rr\u00ebmuj\u00ebn e tyre.<\/p>\n<p>Ora 8 e mbr\u00ebmjes. Nj\u00eb raport i fsheht\u00eb i kumton mbretit se kryekomandanti i ushtris\u00eb, gjeneral Aranitasi, \u00ebsht\u00eb tep\u00ebr i lodhur. Sovrani e lexon p\u00ebr her\u00eb t\u00eb dyt\u00eb si p\u00ebr t\u00eb kapur tisin e dyshimit. Por aty p\u00ebr aty thot\u00eb me vete \u201cJo\u201d. Ai, mbreti, gjithashtu ishte i lodhur\u2026 e kjo s\u2019do t\u00eb thoshte asgj\u00eb.<\/p>\n<p>Mbarimi i dit\u00ebs s\u00eb 4 prillit. Adjutanti kthehet nga ministri i Brendsh\u00ebm n\u00eb Pallat. Sallonet jan\u00eb plot me njer\u00ebz q\u00eb presin \u201cngjarjen\u201d. Ajo \u00ebsht\u00eb e dyfisht\u00eb dhe shumica e njer\u00ebzve si t\u00eb till\u00eb e p\u00ebrftojn\u00eb: me dy thelbe t\u00eb ndryshme. Nj\u00ebri q\u00eb lidhet me ultimatumin, tjetri me lindjen e mbret\u00ebresh\u00ebs. Ata flasin p\u00ebr ngjarjen e pritshme, madje p\u00ebrmendin fjal\u00ebn ky\u00e7e \u201cafat\u201d, pa u kujtuar se disa kan\u00eb parasysh afatin e ultimatumit e t\u00eb tjer\u00ebt, at\u00eb t\u00eb lindjes. Natyrisht, ka nj\u00eb pal\u00eb t\u00eb tret\u00eb p\u00ebr t\u00eb cil\u00ebt ngjarja i p\u00ebrmbledh t\u00eb dyja an\u00ebt.<\/p>\n<p>E nd\u00ebr k\u00ebta, i pari \u00ebsht\u00eb mbreti.<\/p>\n<p>Sipas kolonelit, ai \u00ebsht\u00eb shp\u00ebrfill\u00ebs dhe i heshtur. \u201cFol me kolonelin\u201d, i thot\u00eb mbreti ministrit t\u00eb Jasht\u00ebm Libohova, me t\u00eb cilin po ecnin t\u00eb dy n\u00eb nj\u00eb sallon. Un\u00eb po ngjitem lart.<\/p>\n<p>Ministri i Jasht\u00ebm i shtjellon Adjutantit parashikimet e tij p\u00ebr sjelljen e m\u00ebtejshme t\u00eb Musolinit. Ishte i bindur se ai nuk do ta kryente k\u00ebt\u00eb turp, duke sulmuar Shqip\u00ebrin\u00eb e vog\u00ebl. E donte shum\u00eb fam\u00ebn Musolini dhe tiran\u00ebt e llojit t\u00eb tij mund t\u00eb b\u00ebnin p\u00ebr fam\u00ebn at\u00eb q\u00eb s\u2019ia priste mendja askujt. Dhe ato dy pengesat p\u00ebr t\u00eb cilat p\u00ebshp\u00ebritej kudo, e Premtja e Zez\u00eb, si dit\u00eb e pap\u00ebrshtatshme p\u00ebr sulm, dhe lindja e mbret\u00ebresh\u00ebs, aq m\u00eb shum\u00eb e pap\u00ebrshtatshme, nuk ishin aq t\u00eb lehta p\u00ebr t\u2019u kap\u00ebrcyer.<\/p>\n<p>Ora 1 pas mesnate, duke u gdhir\u00eb 5 prill. Adjutanti ngjitet lart p\u00ebr t\u00eb par\u00eb mbret\u00ebresh\u00ebn. N\u00eb shkall\u00eb ndeshet me dr. Mokinin, parashikimi i t\u00eb cilit p\u00ebr lindjen nuk i kap\u00ebrcen 10 or\u00ebt.<\/p>\n<p>Trash\u00ebgimtari (n\u00ebse do t\u00eb kishte t\u00eb till\u00eb, pra, n\u00ebse do t\u00eb ishte djal\u00eb) ka ende mosh\u00ebn e \u00e7uditshme minus 10 or\u00eb. E ndon\u00ebse ashtu, q\u00eb nga thell\u00ebsia e minusit, po b\u00ebhet nd\u00ebrkaq problem. Kur Adjutanti zbret, mbreti gjithashtu ka zbritur. Adjutanti i kujton padronit t\u00eb vet se duhet t\u00eb pushoj\u00eb gjithsesi. Nes\u00ebr do t\u00eb pres\u00eb ambasadorin amerikan Hugh Grant.<\/p>\n<p>Mbreti p\u00ebrgjigjet se nuk ka gjum\u00eb. Sallonet vazhdojn\u00eb t\u00eb jen\u00eb plot n\u00eb pritje t\u00eb lindjes s\u00eb trash\u00ebgimtarit<\/p>\n<p>Ora 2 pas mesnate. Kryekomandanti i ushtris\u00eb, gjeneral Aranitasi, telefonon me ngut p\u00ebr di\u00e7ka. Tri or\u00eb m\u00eb pas, n\u00eb 5 t\u00eb m\u00ebngjesit, mbret\u00ebresha sjell n\u00eb jet\u00eb (n\u00eb luft\u00eb, n\u00eb ultimatum), nj\u00eb djal\u00eb. Turmat e rralluara n\u00ebp\u00ebr rrug\u00eb \u00e7udit\u00ebrisht e marrin vesh lajmin dhe nisin brohoritjet. Lajmi p\u00ebr nj\u00eb aleanc\u00eb t\u00eb befasishme ose nj\u00eb arm\u00eb t\u00eb re q\u00eb e shtonte fuqin\u00eb mbrojt\u00ebse t\u00eb shtetit, nuk do ta ngrinte m\u00eb shum\u00eb moralin se kjo lindje.<\/p>\n<p>N\u00eb or\u00ebn 8 t\u00eb m\u00ebngjesit, kryeministri i shtetit, bashk\u00eb me kryetarin e parlamentit i b\u00ebjn\u00eb p\u00ebrg\u00ebzimet monarkut.<\/p>\n<p>N\u00eb or\u00ebn 10, gj\u00ebmimi i 101 topave p\u00ebrsh\u00ebndetin lindjen e trash\u00ebgimtarit. T\u00eb shumt\u00eb jan\u00eb ata q\u00eb gj\u00ebmimin e topave e marrin p\u00ebr fillim t\u00eb luft\u00ebs.<\/p>\n<p>Ora 11, ministri fuqiplot\u00eb i Italis\u00eb, Jakomoni, ai q\u00eb pak koh\u00eb m\u00eb pas do t\u00eb shpallej n\u00ebnmbret i Shqip\u00ebris\u00eb, paraqet urimet zyrtare italiane.<\/p>\n<p>Ora 11, disa minuta m\u00eb pas, i nj\u00ebjti zyrtar i lart\u00eb, i dor\u00ebzon nj\u00eb zarf ministrit t\u00eb Jasht\u00ebm shqiptar, Libohov\u00ebs.<\/p>\n<p>Ora 11, pothuajse n\u00eb t\u00eb nj\u00ebjt\u00ebn minut\u00eb, ministri shqiptar lajm\u00ebron mbretin se porsa ka marr\u00eb prej Jakomonit ultimatumin, t\u00eb tretin t\u00eb v\u00ebrtetin, si\u00e7 thuhej, n\u00eb t\u00eb folmen popullore. \u00cbsht\u00eb ende 5 prill 1939, dit\u00eb e m\u00ebrkur\u00eb. Princi trash\u00ebgimtar \u00ebsht\u00eb vet\u00ebm 6 or\u00ebsh. N\u00eb rrug\u00eb, brohoritjet festive kthehen n\u00eb britma lufte. Qet\u00ebsimi i p\u00ebrkohsh\u00ebm ia l\u00eb vendin nj\u00eb nervozizmi t\u00eb dyfisht\u00eb. E leht\u00ebsuar prej lindjes, sht\u00ebrzimet q\u00eb mbret\u00ebresha gjer n\u00eb at\u00eb koh\u00eb dukej sikur i ndante me shtetin, ia l\u00eb k\u00ebtij t\u00eb fundit.<\/p>\n<p>Ora 1 e mesdit\u00ebs, mbledhje e ngutshme e qeveris\u00eb. P\u00ebrgjigje p\u00ebr ultimatumin: Jo!<\/p>\n<p>Ora 2, mbledhje e Parlamentit. E nj\u00ebjta p\u00ebrgjigje: Jo!<\/p>\n<p>Ora 5 pasdite. Kumtim gjith\u00eb ambasadave t\u00eb huaja. E nj\u00ebjta or\u00eb, ikje e specialist\u00ebve italian\u00eb.<\/p>\n<p>Ora 6 pasdite, takim me ambasadorin amerikan Hugh Grant. Sipas Grant-it mbreti Zog dha t\u00eb kuptoj\u00eb se Shqip\u00ebria nuk kishte mund\u00ebsi t\u00eb p\u00ebrballej me Italin\u00eb, por do t\u00eb b\u00ebnte aq sa mundte p\u00ebr t\u2019i treguar bot\u00ebs se shqiptar\u00ebt nuk do t\u00eb vdisnin pa luftuar. Ai e tha qart\u00eb se nuk do t\u00eb n\u00ebnshkruante kapitullimin, ashtu si\u00e7 kishte b\u00ebr\u00eb tri jav\u00eb m\u00eb par\u00eb presidenti i \u00c7ekosllovakis\u00eb. Sipas Grant-it, gjat\u00eb nj\u00eb ore q\u00eb kishte vazhduar takimi, mbreti dyzetekat\u00ebrvje\u00e7ar ishte i qet\u00eb, p\u00ebrve\u00e7 \u00e7astit kur tha fjal\u00ebt se italian\u00ebt po ia shkaktonin k\u00ebt\u00eb gj\u00ebm\u00eb pik\u00ebrisht kur mbret\u00ebresha sapo kishte lindur.<\/p>\n<p>Gjithmon\u00eb sipas Grantit, fill pas k\u00ebtyre fjal\u00ebve, \u201cmbreti kishte v\u00ebshtruar i p\u00ebrhumbur nga dritarja dhe syt\u00eb i ishin mbushur me lot\u201d. \u00cbsht\u00eb e vetmja d\u00ebshmi e k\u00ebtij lloji p\u00ebr monarkun shqiptar. Ndryshe nga Filipi II i Spanj\u00ebs, q\u00eb si\u00e7 dihej, kishte derdhur lot p\u00ebr flot\u00ebn e mbytur, Zogu I e kishte b\u00ebr\u00eb k\u00ebt\u00eb p\u00ebr mbret\u00ebresh\u00ebn. Nj\u00eb Breht shqiptar do t\u00eb mund t\u00eb b\u00ebnte pyetjen: Vet\u00ebm Zogu I qau? Sigurisht, p\u00ebrgjigjja do t\u00eb ishte e gjat\u00eb p\u00ebr lot\u00ebt e atij fillimprilli, dhe aq m\u00eb tep\u00ebr, p\u00ebr lot\u00ebt e m\u00ebvonsh\u00ebm gjat\u00eb viteve t\u00eb fashizmit, dhe tep\u00ebr e gjat\u00eb, gati e pafundme, p\u00ebr lot\u00ebt e komunizmit, atij q\u00eb ndoshta s\u2019do t\u2019i vinte kurr\u00eb Shqip\u00ebris\u00eb, po t\u00eb mos ndodhte ajo q\u00eb ndodhi at\u00eb t\u00eb Premte t\u00eb Zez\u00eb. Dit\u00eb e re, ankth i nj\u00ebjt\u00eb.<\/p>\n<p>Gjasht\u00eb prill, mbledhje e qeveris\u00eb n\u00eb Pallat. Fqinj\u00ebt ballkanas, Beogradi e Athina, nj\u00eblloj si m\u00eb par\u00eb, aleat\u00eb t\u00eb t\u00ebrthort\u00eb t\u00eb Italis\u00eb. Franca dhe Britania e Madhe jo t\u00eb gatshme p\u00ebr nd\u00ebrhyrje. Ultimatumi i Musolinit vazhdon t\u00eb besohet si i pabesuesh\u00ebm. Madje, fjala \u201cultimatum\u201d gjykohet prap\u00eb e pasakt\u00eb. Quhet ultimatum e ndoshta s\u2019ishte ve\u00e7 nj\u00eb k\u00ebrkes\u00eb gentile. N\u00eb t\u00eb v\u00ebrtet\u00eb flitet p\u00ebr nj\u00eb pakt t\u00eb hersh\u00ebm, t\u00eb fsheht\u00eb, n\u00eb baz\u00eb t\u00eb t\u00eb cilit Italia kishte t\u00eb drejt\u00eb t\u00eb kalonte, n\u00eb rast nevoje, p\u00ebrmes Shqip\u00ebris\u00eb. Me fjal\u00eb t\u00eb tjera, Italis\u00eb i kan\u00eb dal\u00eb ca pun\u00eb n\u00eb Ballkan (Ca pun\u00eb, eh, si t\u00eb thuash ca luft\u00ebra\u2026), ndaj i k\u00ebrkon aleates s\u00eb saj t\u00eb zemr\u00ebs, t\u00eb mbaj\u00eb fjal\u00ebn (bes\u00ebn e saj t\u00eb famshme).<\/p>\n<p>Por mbreti nuk d\u00ebshiron ta p\u00ebrt\u00ebrij\u00eb paktin (pra, e pret n\u00eb bes\u00eb mikesh\u00ebn), dhe e kjo e k\u00ebrc\u00ebnon se sipas paktit (bes\u00ebs), do t\u00eb kaloj\u00eb me forc\u00eb\u2026 Shkurt, nj\u00eb balad\u00eb e njohur\u2026 Kryeministri Kotta e pyet mbretin p\u00ebr sh\u00ebndetin e mbret\u00ebresh\u00ebs dhe t\u00eb princit k\u00ebrthi. Pastaj vijon: Ne kemi vendosur t\u00eb luftojm\u00eb, por m\u00eb lejoni t\u2019ju them, Madh\u00ebri, se mbret\u00ebresha e s\u00ebmur\u00eb, me princin foshnj\u00eb, nuk mund t\u00eb lihen k\u00ebtu. Mbreti p\u00ebrgjigjet se mbret\u00ebresha, s\u00ebmur\u00eb ose sh\u00ebndosh\u00eb, do t\u00eb ket\u00eb t\u00eb nj\u00ebjtin fat si populli i vet. Kryeministri Kotta nuk e ka v\u00ebshtir\u00eb ta kund\u00ebrshtoj\u00eb. Mbret\u00ebresha \u00ebsht\u00eb nderi i mbar\u00eb kombit dhe n\u00eb qoft\u00eb se ajo, bashk\u00eb me foshnj\u00ebn princ, mos qoft\u00eb e th\u00ebn\u00eb, t\u00eb mbeten n\u00eb duar t\u00eb armikut, kjo do t\u00eb ishte nj\u00eb njoll\u00eb morale e pashlyeshme p\u00ebr gjith\u00eb kombin. Shqet\u00ebsimi p\u00ebr mbret\u00ebresh\u00ebn zot\u00ebron p\u00ebr ca \u00e7aste mbi gjith\u00e7ka. Mbret\u00ebresha robinj\u00eb.<\/p>\n<p>Bashk\u00eb me foshnj\u00ebn princ. Bota \u00ebsht\u00eb plot histori rr\u00ebmbimi, sidomos epet shqiptaro-sllave. Secila nga t\u00eb dyja pal\u00ebt si xanx\u00eb kryesore ka rr\u00ebmbimin e princeshave t\u00eb pal\u00ebs tjet\u00ebr. E si t\u00eb mos mjaftonin k\u00ebto, tani po futej n\u00eb valle (n\u00eb ep) nj\u00eb pal\u00eb e tret\u00eb: italian\u00ebt. Ka gjas\u00eb q\u00eb gjat\u00eb ceremonis\u00eb s\u00eb martes\u00ebs s\u00eb tij, mbreti t\u00eb ket\u00eb pikasur v\u00ebshtrimin lakmitar t\u00eb kontit-kumbar Ciano. E po t\u00eb ket\u00eb ndodhur kjo, mendimi p\u00ebr ta nd\u00ebshkuar ka qen\u00eb jo larg. Ishin ca njer\u00ebz q\u00eb kushedi pse, ashtu vetvetish\u00ebm, ngjanin t\u00eb leht\u00eb p\u00ebr t\u2019u vrar\u00eb\u2026 Sipas zbulimit t\u00eb fsheht\u00eb, ky pusht \u00ebnd\u00ebrrok\u00ebsh, t\u00eb b\u00ebhej nj\u00eb dit\u00eb \u201cprinc\u201d i Shqip\u00ebris\u00eb. S\u2019ishte e rastit, Musolini dhe konti, vjehrri dhe dh\u00ebndri, nuk i ndaheshin\u2026 S\u2019ishte e rastit q\u00eb t\u00eb dy bashk\u00eb, dh\u00ebnd\u00ebr dhe vjehrr, t\u2019ia zhvatnin, u l\u00ebshuan. Nj\u00ebri mbret\u00ebrin\u00eb dhe tjetri gruan\u2026 Menduesh\u00ebm mbreti d\u00ebgjon kryeministrin, po pa vendosm\u00ebrin\u00eb e m\u00ebparshme. N\u00eb fund t\u00eb fundit, le ta vendosnin Parlamenti dhe qeveria.<\/p>\n<p>Ora 2 pasdite, nj\u00eb befasim i ri. Tjet\u00ebr ultimatum, k\u00ebt\u00eb her\u00eb me afat t\u00eb shkurt\u00ebr: pes\u00eb or\u00eb. N\u00eb t\u00eb nj\u00ebjt\u00ebn koh\u00eb, rreth 300 avion\u00eb t\u00eb luft\u00ebs fluturojn\u00eb mbi qiellin shqiptar. Traktet q\u00eb l\u00ebshojn\u00eb jan\u00eb k\u00ebrc\u00ebnuese. Dh\u00ebnd\u00ebr dhe vjeh\u00ebrr. Sado i zymt\u00eb q\u00eb mund t\u00eb ishte mallkimi i mbretit, n\u00ebse nj\u00eb t\u00eb till\u00eb ka pasur, ai s\u2019do t\u00eb ish aq makab\u00ebr, sa ajo q\u00eb do t\u00eb ndodhte v\u00ebrtet me t\u00eb dy, pak koh\u00eb m\u00eb pas, kur dh\u00ebndri do t\u00eb vritej prej vjehrrit, dhe ky do t\u00eb varej p\u00ebr k\u00ebmb\u00ebsh. E nj\u00ebjta e enjte. Ora 7 e mbr\u00ebmjes. Mb\u00ebrrin nj\u00eb tjet\u00ebr telegram i Musolinit.<\/p>\n<p>Krejt\u00ebsisht \u00e7orodit\u00ebs dhe paq\u00ebsor. Pik\u00eb. Me premtimin se asgj\u00eb e keqe nuk do t\u2019i ndodh\u00eb Shqip\u00ebris\u00eb. Pik\u00eb. E enjte, ora 12, mesnat\u00eb. Mbreti hyn n\u00eb Parlament, ku do t\u00eb vendoset p\u00ebr mbret\u00ebresh\u00ebn. E premte e zez\u00eb, 7 prill, ag. Merret vendimi p\u00ebr largimin e mbret\u00ebresh\u00ebs. Ora 4 e m\u00ebngjesit. Mbret\u00ebresha, sipas nj\u00eb d\u00ebshmie t\u00eb mjegullt, disi romantike, pasi merr nj\u00eb grusht dheu prej kopshtit n\u00eb nj\u00eb shami, dhe djalin dydit\u00ebsh n\u00eb preh\u00ebr, e l\u00eb pallatin dhe niset drejt Jugut, p\u00ebr t\u00eb kap\u00ebrcyer po at\u00eb m\u00ebngjes kufirin me Greqin\u00eb. Pallati mbret\u00ebror, q\u00eb gjat\u00eb gjith\u00eb jav\u00ebs s\u00eb fundit kishte p\u00ebrjetuar gjall\u00ebrin\u00eb m\u00eb t\u00eb pazakonshme t\u00eb tij, po qet\u00ebsohej m\u00eb n\u00eb fund. S<\/p>\n<p>huheshin nj\u00ebri pas tjetrit shandan\u00ebt, fikeshin z\u00ebrat, bashk\u00eb me k\u00ebrcitjen e dyerve dhe heshtja e nj\u00eb lloji tep\u00ebr t\u00eb ve\u00e7ant\u00eb, ajo q\u00eb dy mij\u00eb e pes\u00ebqind vite m\u00eb par\u00eb, ishte cil\u00ebsuar prej nj\u00eb tragjediani grek si heshtja mbret\u00ebresh\u00ebmunguese, po zot\u00ebronte gjithkund. Makinat e mbret\u00ebresh\u00ebs dhe t\u00eb rojave duhej t\u00eb ndodheshin ende n\u00eb Shqip\u00ebrin\u00eb Jugore, kur nj\u00eb avion i vetmuar sip\u00ebr detit Adriatik, po i afrohej qiellit shqiptar. Ishte ora 6 e m\u00ebngjesit dhe n\u00eb avion p\u00ebrve\u00e7 pilotit, nuk gjendej askush tjet\u00ebr. Nd\u00ebrkaq, s\u2019ishte kjo q\u00eb e b\u00ebnte avionin t\u00eb ve\u00e7ant\u00eb, por tjet\u00ebr gj\u00eb.<\/p>\n<p>Avionin e pilotonte konti Galeazzo Ciano. Ishte pa dyshim befasues, p\u00ebr t\u00eb mos th\u00ebn\u00eb enigmatik, ky pilotim i vetmuar i ministrit dh\u00ebnd\u00ebr. I till\u00eb ishte gjykuar m\u00eb pas, i pashpjeguesh\u00ebm, trillan, i pamend. \u00cbsht\u00eb lidhur ndonj\u00ebher\u00eb me dytri faqet q\u00eb mungonin n\u00eb ditarin e tij, me \u00ebndrr\u00ebn p\u00ebr t\u2019u b\u00ebr\u00eb princ i Shqip\u00ebris\u00eb, me di\u00e7ka tjet\u00ebr ndoshta m\u00eb t\u00eb mjegullt. Ka gjas\u00eb t\u00eb ket\u00eb qen\u00eb nj\u00eb \u00e7\u00ebshtje dehjeje nga hap\u00ebsira e kalt\u00ebrt, qiell e det p\u00ebrzier, dhe anijet e zeza t\u00eb luft\u00ebs, q\u00eb u afroheshin brigjeve. Dhe malet e Shqip\u00ebris\u00eb me mjegull q\u00eb po hynin n\u00eb perandorin\u00eb romake t\u00eb rikrijuar. Ka qen\u00eb, pra, nj\u00eb p\u00ebrndezje e till\u00eb, q\u00eb e ka shtyr\u00eb t\u00eb fluturonte m\u00eb tej, drejt qiellit shqiptar n\u00eb vend q\u00eb t\u00eb kthehej pas. Ka fluturuar, pra, sip\u00ebr pllajave, n\u00eb brinj\u00ebt e t\u00eb cilave, mbret\u00ebresha e shqiptar\u00ebve, si\u00e7 ishte n\u00eb dijeni nga sh\u00ebrbimi i fsheht\u00eb, ikte me ngut.<\/p>\n<p>P\u00ebr t\u00eb mos r\u00ebn\u00eb kurrsesi robinj\u00eb, sipas shqet\u00ebsimit shqiptar. Si lauresha q\u00eb i ikte skifterit, si\u00e7 do t\u2019i p\u00eblqente p\u00ebrfytyrimit t\u00eb atij vet\u00eb. Mbret\u00ebresha lehon\u00eb do ta b\u00ebnte rrug\u00ebn drejt Greqis\u00eb n\u00eb gjendje gjysm\u00eb t\u00eb pavet\u00ebdijshme. Ajo \u00e7ka ndodhte rrotull saj, stresi, cop\u00ebrat e ankthit, ndjesia e turbullt e fajit, do t\u2019i jepnin k\u00ebtij rrug\u00ebtimi shijen e nj\u00eb \u00ebndrre t\u00eb keqe. Ishte kjo gjendje e dyzuar q\u00eb krijoi ndoshta t\u00ebrheqjen e nd\u00ebrsjellt\u00eb midis lehon\u00ebs dhe liriko-epik\u00ebs shqiptare. Brilanti, q\u00eb kjo e fundit ia hodhi gati si rast\u00ebsisht, n\u00eb ikje e sip\u00ebr mbret\u00ebresh\u00ebs, ishte sa i rrall\u00eb, aq edhe misterioz. Misteri nis qysh n\u00eb dy vargjet e para: Maxhare, lesh\u00ebra t\u00ebnd\u00eb Qysh erdhe n\u00eb vendin t\u00ebn\u00eb. Mbret\u00ebresh\u00ebs (hungarezk\u00ebs) q\u00eb po ik\u00ebn, nuk i b\u00ebhet nj\u00eb pyetje p\u00ebr ikjen, por p\u00ebr t\u00eb kund\u00ebrt\u00ebn: ardhjen.<\/p>\n<p>Balada p\u00ebr ikjen do t\u00eb ishte nj\u00eb shtys\u00eb e besueshme, aq m\u00eb tep\u00ebr q\u00eb s\u2019ishte fjala p\u00ebr nj\u00eb ikje gruaje, qoft\u00eb edhe mbret\u00ebresh\u00eb, por p\u00ebr nj\u00eb fillim katastrofe, r\u00ebnie mbreti e mbret\u00ebrie bashk\u00eb. Mir\u00ebpo poezia, krejt si n\u00eb kalendarin e \u00ebndrr\u00ebs s\u00eb keqe, ku fundi b\u00ebhet fillim e fillimi fund, kryen zhvendosjen dhe p\u00ebrmbys gjith\u00e7ka. Ka gjas\u00eb q\u00eb joshja e nd\u00ebrsjell\u00eb, e pashpjegueshme midis mbret\u00ebresh\u00ebs Geraldin\u00eb dhe shqiptar\u00ebve, t\u00eb ket\u00eb pasur p\u00ebr zanafill\u00eb pik\u00ebrisht dhembshurin\u00eb ndaj femr\u00ebs lehon\u00eb. P\u00ebr t\u00eb zbritur m\u00eb thell\u00eb n\u00eb koh\u00eb, ka pasur shenja q\u00eb shqiptar\u00ebt, t\u00eb lodhur nga ashp\u00ebrsia, prej koh\u00ebsh kan\u00eb k\u00ebrkuar nj\u00eb zbutje n\u00eb jet\u00ebn e tyre.<\/p>\n<p>Nga dy hamend\u00ebsimet e mundshme, nj\u00ebrit, sipas t\u00eb cilit, p\u00ebr shqiptar\u00ebt e rrept\u00eb Geraldina ishte mbret\u00ebresha m\u00eb e gabuar, dhe tjetrit, se pik\u00ebrisht \u201ctr\u00ebndafili i bardh\u00eb\u201d europianoqendror kishte gjetur te k\u00ebta shkretan\u00eb popullin e duhur, ishte ky i dyti q\u00eb, p\u00ebr nj\u00eb habi t\u00eb madhe, do t\u00eb v\u00ebrtetohej. Stin\u00eb pas stine e vit pas viti, me kuror\u00eb ose pa kuror\u00eb, shqiptar\u00ebt do ta donin heshturazi, me mall\u00ebngjim, dhe natyrisht paarsyesh\u00ebm, si\u00e7 jan\u00eb shpesh dashurit\u00eb e v\u00ebrteta.<\/p>\n<p>Do t\u00eb ishin t\u00eb but\u00eb me t\u00eb kur erdhi e aq m\u00eb tep\u00ebr kur iku, do t\u00eb ishin ashtu, gjat\u00eb munges\u00ebs s\u00eb saj, e sidomos gjat\u00eb koh\u00ebs s\u00eb komunizmit, at\u00ebher\u00eb kur p\u00ebr t\u00eb urryer nj\u00eb mbret\u00ebresh\u00eb ishte aq leht\u00eb, e p\u00ebr ta dashur, aq v\u00ebshtir\u00eb. Dhe n\u00ebse shprehja p\u00ebr ta dashur do t\u00eb ngjante e tepruar, n\u00eb vend t\u00eb saj mund t\u00eb p\u00ebrdoreshin fjal\u00ebt: p\u00ebr t\u00eb mos e p\u00ebrfolur. E t\u00eb mos flisje keq p\u00ebr nj\u00eb mbret\u00ebresh\u00eb, ishte nj\u00eb gj\u00eb e rrall\u00eb n\u00eb krejt perandorin\u00eb komuniste, por sidomos n\u00eb Shqip\u00ebri.<\/p>\n<p>P\u00ebrbaltej, urrehej, mallkohej mbreti p\u00ebr gjith\u00e7ka, vet\u00ebm ajo nuk u prek. Nj\u00eb pakt i heshtur e kund\u00ebrth\u00ebn\u00ebs vazhdonte ta mbronte. Nj\u00eb pakt jo fort i zakonsh\u00ebm p\u00ebr bot\u00ebn. N\u00eb rastet kur mbretit i krijoheshin probleme me vendin e vet, jo vet\u00ebm q\u00eb mbret\u00ebresha nuk p\u00ebrjashtohej nga fajet, por ndodhte q\u00eb pik\u00ebrisht mbi t\u00eb t\u00eb binte pesha kryesore. E sidomos kur ishte e huaj.<\/p>\n<p>(Njiheshin gjithkund p\u00ebshp\u00ebrimat: ky i yni s\u2019ishte aq i keq, por ishte ajo, shtriga, ajo austriakja, grekojka, hungarezka q\u00eb e kishte marr\u00eb m\u00eb qaf\u00eb.) P\u00ebr nj\u00eb befasi t\u00eb madhe, n\u00eb Shqip\u00ebri kishte ndodhur e kund\u00ebrta. Ashtu si popujt q\u00eb ndiheshin fajtor\u00eb e q\u00eb rrekeshin t\u2019i linin s\u00eb ardhmes ca d\u00ebshmi t\u00eb fisme, ndoshta edhe shqiptar\u00ebt, n\u00eb gjendje t\u00eb pavet\u00ebdijshme, po linin ca shenja q\u00eb mund t\u2019i ndihnin n\u00eb or\u00ebn e gjykimit, p\u00ebrpara bot\u00ebs, por m\u00eb shum\u00eb p\u00ebrpara nd\u00ebrgjegjes s\u00eb vet. K\u00ebshtu kishte ndodhur me mbrojtjen e hebrenjve gjat\u00eb luft\u00ebs, me harmonin\u00eb midis besimeve, me ndjesin\u00eb e joshjes, gati-gati dashuris\u00eb p\u00ebr Amerik\u00ebn.<\/p>\n<p>Geraldina b\u00ebnte pjes\u00eb n\u00eb k\u00ebt\u00eb p\u00ebrbetim mjegullor. P\u00ebr t\u00eb nj\u00ebjtat arsye ndoshta? P\u00ebr t\u00eb tjera, q\u00eb s\u2019u sqaruan kurr\u00eb, e q\u00eb ndoshta kishin lidhje me g\u00ebrshetimin: grua e bukur, mbret\u00ebresh\u00eb dhe lehon\u00eb? Ka gjas\u00eb q\u00eb kjo t\u00eb mbetet, si\u00e7 u tha, n\u00eb mjegull e, n\u00eb fund t\u00eb fundit, pa ndonj\u00eb r\u00ebnd\u00ebsi. E r\u00ebnd\u00ebsishme ishte q\u00eb ajo e ndjeu dhe iu p\u00ebrgjigj atij q\u00eb ende e quante popullin e vet. N\u00eb mosh\u00ebn tet\u00ebdhjeteshtat\u00ebvje\u00e7are, pas 63 vjet m\u00ebrgimi dhe 31 vjet vejanie, u ngrit, me mall\u00ebngjim natyrisht, dhe po aq paarsyesh\u00ebm n\u00eb dukje, p\u00ebr t\u00eb ardhur n\u00eb vendin m\u00eb t\u00eb shp\u00ebrfillur t\u00eb Europ\u00ebs, at\u00eb q\u00eb shqiptar\u00ebt ende po nguteshin ta braktisnin, q\u00eb ngjante si m\u00eb i panevojshmi p\u00ebr t\u00eb, prej t\u00eb cilit kishte ikur si n\u00eb nj\u00eb rrug\u00ebtim ferri, n\u00eb gjendje gjysm\u00eb t\u00eb \u00ebnd\u00ebrrt. E gjendur n\u00eb Shqip\u00ebri, gj\u00ebja e par\u00eb q\u00eb mund t\u00eb ket\u00eb kuptuar ka qen\u00eb mos-humbja e kuror\u00ebs. Natyrsh\u00ebm e thirr\u00ebn \u201cmbret\u00ebresh\u00eb\u201d dhe po aq natyrsh\u00ebm, si e till\u00eb, ajo u soll, ndon\u00ebse kurora s\u2019i duhej m\u00eb. Kishte ardhur thjesht p\u00ebr t\u00eb vdekur, n\u00eb tok\u00ebn q\u00eb, duke mos qen\u00eb e saj, i ishte b\u00ebr\u00eb m\u00ebm\u00ebdhe.<\/p>\n<p>Ardhja e saj ndodhi n\u00eb pranver\u00eb t\u00eb vitit 2002. N\u00eb fillimvjesht\u00ebn e po atij viti, i mbylli syt\u00eb, me d\u00ebshir\u00ebn e fundit q\u00eb nj\u00eb dit\u00eb t\u2019ia sillnin p\u00ebrbri trupin e burrit t\u00eb saj mbret. Si\u00e7 ndodh n\u00eb k\u00ebsi rastesh, po t\u00eb donim q\u00eb me nj\u00eb fraz\u00eb t\u00eb vetme t\u00eb jepnim di\u00e7ka p\u00ebrgjith\u00ebsuese p\u00ebr k\u00ebt\u00eb t\u00eb fundit, mbretin Zog, di\u00e7ka p\u00ebrtej gjykimeve pro e kund\u00ebr t\u00eb historis\u00eb, p\u00ebr ato q\u00eb kishte mundur t\u00eb b\u00ebnte a p\u00ebr t\u00eb tjerat q\u00eb s\u2019i kishte b\u00ebr\u00eb dot, mund t\u00eb thoshim se, s\u00eb paku, i kishte dh\u00ebn\u00eb Shqip\u00ebris\u00eb nj\u00eb histori dashurie. Pjes\u00eb nga kapitulli \u201cNj\u00eb brilant p\u00ebr mbret\u00ebresh\u00ebn\u201d, p\u00ebrfshir\u00eb n\u00eb ribotimin e librit \u201cMosmarr\u00ebveshja\u201d t\u00eb I. Kadare<\/p>\n","protected":false},"excerpt":{"rendered":"<p>ISMAIL KADARE Shqip\u00ebria londineze ende me rrecka, por s\u00eb paku me nofk\u00ebn prej zonje, mir\u00eb a keq, ecte. Nj\u00eb vit shtet republikan me kryeminist\u00ebr Themeluesin. Gjasht\u00eb muaj mbret\u00ebri me princ gjerman. Kat\u00ebr vjet teat\u00ebr lufte bot\u00ebrore, t\u00eb gjith\u00eb kund\u00ebr t\u00eb gjith\u00ebve, me nj\u00eb fjal\u00eb bjeru t\u2019i biem, ku vend\u00ebsit m\u00eb shum\u00eb gjendeshin n\u00eb sall\u00eb se [&hellip;]<\/p>\n","protected":false},"author":1,"featured_media":0,"comment_status":"open","ping_status":"closed","sticky":false,"template":"","format":"standard","meta":{"footnotes":""},"categories":[2],"tags":[],"class_list":{"0":"post-11502","1":"post","2":"type-post","3":"status-publish","4":"format-standard","6":"category-artikuj"},"yoast_head":"<!-- This site is optimized with the Yoast SEO plugin v27.4 - https:\/\/yoast.com\/product\/yoast-seo-wordpress\/ -->\n<title>Lindja e princit Leka n\u00eb koh\u00eb ultimatumesh fashiste - FjALA e LIR\u00cb - Arkivi<\/title>\n<meta name=\"robots\" content=\"index, follow, max-snippet:-1, max-image-preview:large, max-video-preview:-1\" \/>\n<link rel=\"canonical\" href=\"https:\/\/fjala.info\/2009-2015\/lindja-e-princit-leka-ne-kohe-ultimatumesh-fashiste\/\" \/>\n<meta property=\"og:locale\" content=\"sq_AL\" \/>\n<meta property=\"og:type\" content=\"article\" \/>\n<meta property=\"og:title\" content=\"Lindja e princit Leka n\u00eb koh\u00eb ultimatumesh fashiste - FjALA e LIR\u00cb - Arkivi\" \/>\n<meta property=\"og:description\" content=\"ISMAIL KADARE Shqip\u00ebria londineze ende me rrecka, por s\u00eb paku me nofk\u00ebn prej zonje, mir\u00eb a keq, ecte. Nj\u00eb vit shtet republikan me kryeminist\u00ebr Themeluesin. Gjasht\u00eb muaj mbret\u00ebri me princ gjerman. Kat\u00ebr vjet teat\u00ebr lufte bot\u00ebrore, t\u00eb gjith\u00eb kund\u00ebr t\u00eb gjith\u00ebve, me nj\u00eb fjal\u00eb bjeru t\u2019i biem, ku vend\u00ebsit m\u00eb shum\u00eb gjendeshin n\u00eb sall\u00eb se [&hellip;]\" \/>\n<meta property=\"og:url\" content=\"https:\/\/fjala.info\/2009-2015\/lindja-e-princit-leka-ne-kohe-ultimatumesh-fashiste\/\" \/>\n<meta property=\"og:site_name\" content=\"FjALA e LIR\u00cb - Arkivi\" \/>\n<meta property=\"article:published_time\" content=\"2011-12-02T22:50:07+00:00\" \/>\n<meta property=\"og:image\" content=\"http:\/\/www.shkoder.net\/images\/fjala\/ismail_kadare.jpg\" \/>\n<meta name=\"author\" content=\"admin\" \/>\n<meta name=\"twitter:card\" content=\"summary_large_image\" \/>\n<meta name=\"twitter:label1\" content=\"Written by\" \/>\n\t<meta name=\"twitter:data1\" content=\"admin\" \/>\n\t<meta name=\"twitter:label2\" content=\"Est. reading time\" \/>\n\t<meta name=\"twitter:data2\" content=\"27 minutes\" \/>\n<script type=\"application\/ld+json\" class=\"yoast-schema-graph\">{\"@context\":\"https:\\\/\\\/schema.org\",\"@graph\":[{\"@type\":\"Article\",\"@id\":\"https:\\\/\\\/fjala.info\\\/2009-2015\\\/lindja-e-princit-leka-ne-kohe-ultimatumesh-fashiste\\\/#article\",\"isPartOf\":{\"@id\":\"https:\\\/\\\/fjala.info\\\/2009-2015\\\/lindja-e-princit-leka-ne-kohe-ultimatumesh-fashiste\\\/\"},\"author\":{\"name\":\"admin\",\"@id\":\"https:\\\/\\\/fjala.info\\\/2009-2015\\\/#\\\/schema\\\/person\\\/3aa1163ef05469c496fc94e77611ada2\"},\"headline\":\"Lindja e princit Leka n\u00eb koh\u00eb ultimatumesh fashiste\",\"datePublished\":\"2011-12-02T22:50:07+00:00\",\"mainEntityOfPage\":{\"@id\":\"https:\\\/\\\/fjala.info\\\/2009-2015\\\/lindja-e-princit-leka-ne-kohe-ultimatumesh-fashiste\\\/\"},\"wordCount\":5365,\"commentCount\":0,\"publisher\":{\"@id\":\"https:\\\/\\\/fjala.info\\\/2009-2015\\\/#organization\"},\"image\":{\"@id\":\"https:\\\/\\\/fjala.info\\\/2009-2015\\\/lindja-e-princit-leka-ne-kohe-ultimatumesh-fashiste\\\/#primaryimage\"},\"thumbnailUrl\":\"http:\\\/\\\/www.shkoder.net\\\/images\\\/fjala\\\/ismail_kadare.jpg\",\"articleSection\":[\"Artikuj\"],\"inLanguage\":\"sq-AL\",\"potentialAction\":[{\"@type\":\"CommentAction\",\"name\":\"Comment\",\"target\":[\"https:\\\/\\\/fjala.info\\\/2009-2015\\\/lindja-e-princit-leka-ne-kohe-ultimatumesh-fashiste\\\/#respond\"]}]},{\"@type\":\"WebPage\",\"@id\":\"https:\\\/\\\/fjala.info\\\/2009-2015\\\/lindja-e-princit-leka-ne-kohe-ultimatumesh-fashiste\\\/\",\"url\":\"https:\\\/\\\/fjala.info\\\/2009-2015\\\/lindja-e-princit-leka-ne-kohe-ultimatumesh-fashiste\\\/\",\"name\":\"Lindja e princit Leka n\u00eb koh\u00eb ultimatumesh fashiste - FjALA e LIR\u00cb - Arkivi\",\"isPartOf\":{\"@id\":\"https:\\\/\\\/fjala.info\\\/2009-2015\\\/#website\"},\"primaryImageOfPage\":{\"@id\":\"https:\\\/\\\/fjala.info\\\/2009-2015\\\/lindja-e-princit-leka-ne-kohe-ultimatumesh-fashiste\\\/#primaryimage\"},\"image\":{\"@id\":\"https:\\\/\\\/fjala.info\\\/2009-2015\\\/lindja-e-princit-leka-ne-kohe-ultimatumesh-fashiste\\\/#primaryimage\"},\"thumbnailUrl\":\"http:\\\/\\\/www.shkoder.net\\\/images\\\/fjala\\\/ismail_kadare.jpg\",\"datePublished\":\"2011-12-02T22:50:07+00:00\",\"breadcrumb\":{\"@id\":\"https:\\\/\\\/fjala.info\\\/2009-2015\\\/lindja-e-princit-leka-ne-kohe-ultimatumesh-fashiste\\\/#breadcrumb\"},\"inLanguage\":\"sq-AL\",\"potentialAction\":[{\"@type\":\"ReadAction\",\"target\":[\"https:\\\/\\\/fjala.info\\\/2009-2015\\\/lindja-e-princit-leka-ne-kohe-ultimatumesh-fashiste\\\/\"]}]},{\"@type\":\"ImageObject\",\"inLanguage\":\"sq-AL\",\"@id\":\"https:\\\/\\\/fjala.info\\\/2009-2015\\\/lindja-e-princit-leka-ne-kohe-ultimatumesh-fashiste\\\/#primaryimage\",\"url\":\"http:\\\/\\\/www.shkoder.net\\\/images\\\/fjala\\\/ismail_kadare.jpg\",\"contentUrl\":\"http:\\\/\\\/www.shkoder.net\\\/images\\\/fjala\\\/ismail_kadare.jpg\"},{\"@type\":\"BreadcrumbList\",\"@id\":\"https:\\\/\\\/fjala.info\\\/2009-2015\\\/lindja-e-princit-leka-ne-kohe-ultimatumesh-fashiste\\\/#breadcrumb\",\"itemListElement\":[{\"@type\":\"ListItem\",\"position\":1,\"name\":\"Home\",\"item\":\"https:\\\/\\\/fjala.info\\\/2009-2015\\\/\"},{\"@type\":\"ListItem\",\"position\":2,\"name\":\"Lindja e princit Leka n\u00eb koh\u00eb ultimatumesh fashiste\"}]},{\"@type\":\"WebSite\",\"@id\":\"https:\\\/\\\/fjala.info\\\/2009-2015\\\/#website\",\"url\":\"https:\\\/\\\/fjala.info\\\/2009-2015\\\/\",\"name\":\"FjALA e LIR\u00cb - Arkivi\",\"description\":\"Arkivi 2009-2015\",\"publisher\":{\"@id\":\"https:\\\/\\\/fjala.info\\\/2009-2015\\\/#organization\"},\"potentialAction\":[{\"@type\":\"SearchAction\",\"target\":{\"@type\":\"EntryPoint\",\"urlTemplate\":\"https:\\\/\\\/fjala.info\\\/2009-2015\\\/?s={search_term_string}\"},\"query-input\":{\"@type\":\"PropertyValueSpecification\",\"valueRequired\":true,\"valueName\":\"search_term_string\"}}],\"inLanguage\":\"sq-AL\"},{\"@type\":\"Organization\",\"@id\":\"https:\\\/\\\/fjala.info\\\/2009-2015\\\/#organization\",\"name\":\"FjALA e LIR\u00cb - Arkivi\",\"url\":\"https:\\\/\\\/fjala.info\\\/2009-2015\\\/\",\"logo\":{\"@type\":\"ImageObject\",\"inLanguage\":\"sq-AL\",\"@id\":\"https:\\\/\\\/fjala.info\\\/2009-2015\\\/#\\\/schema\\\/logo\\\/image\\\/\",\"url\":\"\",\"contentUrl\":\"\",\"caption\":\"FjALA e LIR\u00cb - Arkivi\"},\"image\":{\"@id\":\"https:\\\/\\\/fjala.info\\\/2009-2015\\\/#\\\/schema\\\/logo\\\/image\\\/\"}},{\"@type\":\"Person\",\"@id\":\"https:\\\/\\\/fjala.info\\\/2009-2015\\\/#\\\/schema\\\/person\\\/3aa1163ef05469c496fc94e77611ada2\",\"name\":\"admin\",\"image\":{\"@type\":\"ImageObject\",\"inLanguage\":\"sq-AL\",\"@id\":\"https:\\\/\\\/fjala.info\\\/2009-2015\\\/wp-content\\\/uploads\\\/2012\\\/02\\\/arben_cokaj-120x150.jpg\",\"url\":\"https:\\\/\\\/fjala.info\\\/2009-2015\\\/wp-content\\\/uploads\\\/2012\\\/02\\\/arben_cokaj-120x150.jpg\",\"contentUrl\":\"https:\\\/\\\/fjala.info\\\/2009-2015\\\/wp-content\\\/uploads\\\/2012\\\/02\\\/arben_cokaj-120x150.jpg\",\"caption\":\"admin\"},\"description\":\"Admin, Fjala e Lir\u00eb\",\"sameAs\":[\"https:\\\/\\\/fjala.info\\\/\"],\"url\":\"https:\\\/\\\/fjala.info\\\/2009-2015\\\/author\\\/admin\\\/\"}]}<\/script>\n<!-- \/ Yoast SEO plugin. -->","yoast_head_json":{"title":"Lindja e princit Leka n\u00eb koh\u00eb ultimatumesh fashiste - FjALA e LIR\u00cb - Arkivi","robots":{"index":"index","follow":"follow","max-snippet":"max-snippet:-1","max-image-preview":"max-image-preview:large","max-video-preview":"max-video-preview:-1"},"canonical":"https:\/\/fjala.info\/2009-2015\/lindja-e-princit-leka-ne-kohe-ultimatumesh-fashiste\/","og_locale":"sq_AL","og_type":"article","og_title":"Lindja e princit Leka n\u00eb koh\u00eb ultimatumesh fashiste - FjALA e LIR\u00cb - Arkivi","og_description":"ISMAIL KADARE Shqip\u00ebria londineze ende me rrecka, por s\u00eb paku me nofk\u00ebn prej zonje, mir\u00eb a keq, ecte. Nj\u00eb vit shtet republikan me kryeminist\u00ebr Themeluesin. Gjasht\u00eb muaj mbret\u00ebri me princ gjerman. Kat\u00ebr vjet teat\u00ebr lufte bot\u00ebrore, t\u00eb gjith\u00eb kund\u00ebr t\u00eb gjith\u00ebve, me nj\u00eb fjal\u00eb bjeru t\u2019i biem, ku vend\u00ebsit m\u00eb shum\u00eb gjendeshin n\u00eb sall\u00eb se [&hellip;]","og_url":"https:\/\/fjala.info\/2009-2015\/lindja-e-princit-leka-ne-kohe-ultimatumesh-fashiste\/","og_site_name":"FjALA e LIR\u00cb - Arkivi","article_published_time":"2011-12-02T22:50:07+00:00","og_image":[{"url":"http:\/\/www.shkoder.net\/images\/fjala\/ismail_kadare.jpg","type":"","width":"","height":""}],"author":"admin","twitter_card":"summary_large_image","twitter_misc":{"Written by":"admin","Est. reading time":"27 minutes"},"schema":{"@context":"https:\/\/schema.org","@graph":[{"@type":"Article","@id":"https:\/\/fjala.info\/2009-2015\/lindja-e-princit-leka-ne-kohe-ultimatumesh-fashiste\/#article","isPartOf":{"@id":"https:\/\/fjala.info\/2009-2015\/lindja-e-princit-leka-ne-kohe-ultimatumesh-fashiste\/"},"author":{"name":"admin","@id":"https:\/\/fjala.info\/2009-2015\/#\/schema\/person\/3aa1163ef05469c496fc94e77611ada2"},"headline":"Lindja e princit Leka n\u00eb koh\u00eb ultimatumesh fashiste","datePublished":"2011-12-02T22:50:07+00:00","mainEntityOfPage":{"@id":"https:\/\/fjala.info\/2009-2015\/lindja-e-princit-leka-ne-kohe-ultimatumesh-fashiste\/"},"wordCount":5365,"commentCount":0,"publisher":{"@id":"https:\/\/fjala.info\/2009-2015\/#organization"},"image":{"@id":"https:\/\/fjala.info\/2009-2015\/lindja-e-princit-leka-ne-kohe-ultimatumesh-fashiste\/#primaryimage"},"thumbnailUrl":"http:\/\/www.shkoder.net\/images\/fjala\/ismail_kadare.jpg","articleSection":["Artikuj"],"inLanguage":"sq-AL","potentialAction":[{"@type":"CommentAction","name":"Comment","target":["https:\/\/fjala.info\/2009-2015\/lindja-e-princit-leka-ne-kohe-ultimatumesh-fashiste\/#respond"]}]},{"@type":"WebPage","@id":"https:\/\/fjala.info\/2009-2015\/lindja-e-princit-leka-ne-kohe-ultimatumesh-fashiste\/","url":"https:\/\/fjala.info\/2009-2015\/lindja-e-princit-leka-ne-kohe-ultimatumesh-fashiste\/","name":"Lindja e princit Leka n\u00eb koh\u00eb ultimatumesh fashiste - FjALA e LIR\u00cb - Arkivi","isPartOf":{"@id":"https:\/\/fjala.info\/2009-2015\/#website"},"primaryImageOfPage":{"@id":"https:\/\/fjala.info\/2009-2015\/lindja-e-princit-leka-ne-kohe-ultimatumesh-fashiste\/#primaryimage"},"image":{"@id":"https:\/\/fjala.info\/2009-2015\/lindja-e-princit-leka-ne-kohe-ultimatumesh-fashiste\/#primaryimage"},"thumbnailUrl":"http:\/\/www.shkoder.net\/images\/fjala\/ismail_kadare.jpg","datePublished":"2011-12-02T22:50:07+00:00","breadcrumb":{"@id":"https:\/\/fjala.info\/2009-2015\/lindja-e-princit-leka-ne-kohe-ultimatumesh-fashiste\/#breadcrumb"},"inLanguage":"sq-AL","potentialAction":[{"@type":"ReadAction","target":["https:\/\/fjala.info\/2009-2015\/lindja-e-princit-leka-ne-kohe-ultimatumesh-fashiste\/"]}]},{"@type":"ImageObject","inLanguage":"sq-AL","@id":"https:\/\/fjala.info\/2009-2015\/lindja-e-princit-leka-ne-kohe-ultimatumesh-fashiste\/#primaryimage","url":"http:\/\/www.shkoder.net\/images\/fjala\/ismail_kadare.jpg","contentUrl":"http:\/\/www.shkoder.net\/images\/fjala\/ismail_kadare.jpg"},{"@type":"BreadcrumbList","@id":"https:\/\/fjala.info\/2009-2015\/lindja-e-princit-leka-ne-kohe-ultimatumesh-fashiste\/#breadcrumb","itemListElement":[{"@type":"ListItem","position":1,"name":"Home","item":"https:\/\/fjala.info\/2009-2015\/"},{"@type":"ListItem","position":2,"name":"Lindja e princit Leka n\u00eb koh\u00eb ultimatumesh fashiste"}]},{"@type":"WebSite","@id":"https:\/\/fjala.info\/2009-2015\/#website","url":"https:\/\/fjala.info\/2009-2015\/","name":"FjALA e LIR\u00cb - Arkivi","description":"Arkivi 2009-2015","publisher":{"@id":"https:\/\/fjala.info\/2009-2015\/#organization"},"potentialAction":[{"@type":"SearchAction","target":{"@type":"EntryPoint","urlTemplate":"https:\/\/fjala.info\/2009-2015\/?s={search_term_string}"},"query-input":{"@type":"PropertyValueSpecification","valueRequired":true,"valueName":"search_term_string"}}],"inLanguage":"sq-AL"},{"@type":"Organization","@id":"https:\/\/fjala.info\/2009-2015\/#organization","name":"FjALA e LIR\u00cb - Arkivi","url":"https:\/\/fjala.info\/2009-2015\/","logo":{"@type":"ImageObject","inLanguage":"sq-AL","@id":"https:\/\/fjala.info\/2009-2015\/#\/schema\/logo\/image\/","url":"","contentUrl":"","caption":"FjALA e LIR\u00cb - Arkivi"},"image":{"@id":"https:\/\/fjala.info\/2009-2015\/#\/schema\/logo\/image\/"}},{"@type":"Person","@id":"https:\/\/fjala.info\/2009-2015\/#\/schema\/person\/3aa1163ef05469c496fc94e77611ada2","name":"admin","image":{"@type":"ImageObject","inLanguage":"sq-AL","@id":"https:\/\/fjala.info\/2009-2015\/wp-content\/uploads\/2012\/02\/arben_cokaj-120x150.jpg","url":"https:\/\/fjala.info\/2009-2015\/wp-content\/uploads\/2012\/02\/arben_cokaj-120x150.jpg","contentUrl":"https:\/\/fjala.info\/2009-2015\/wp-content\/uploads\/2012\/02\/arben_cokaj-120x150.jpg","caption":"admin"},"description":"Admin, Fjala e Lir\u00eb","sameAs":["https:\/\/fjala.info\/"],"url":"https:\/\/fjala.info\/2009-2015\/author\/admin\/"}]}},"_links":{"self":[{"href":"https:\/\/fjala.info\/2009-2015\/wp-json\/wp\/v2\/posts\/11502","targetHints":{"allow":["GET"]}}],"collection":[{"href":"https:\/\/fjala.info\/2009-2015\/wp-json\/wp\/v2\/posts"}],"about":[{"href":"https:\/\/fjala.info\/2009-2015\/wp-json\/wp\/v2\/types\/post"}],"author":[{"embeddable":true,"href":"https:\/\/fjala.info\/2009-2015\/wp-json\/wp\/v2\/users\/1"}],"replies":[{"embeddable":true,"href":"https:\/\/fjala.info\/2009-2015\/wp-json\/wp\/v2\/comments?post=11502"}],"version-history":[{"count":0,"href":"https:\/\/fjala.info\/2009-2015\/wp-json\/wp\/v2\/posts\/11502\/revisions"}],"wp:attachment":[{"href":"https:\/\/fjala.info\/2009-2015\/wp-json\/wp\/v2\/media?parent=11502"}],"wp:term":[{"taxonomy":"category","embeddable":true,"href":"https:\/\/fjala.info\/2009-2015\/wp-json\/wp\/v2\/categories?post=11502"},{"taxonomy":"post_tag","embeddable":true,"href":"https:\/\/fjala.info\/2009-2015\/wp-json\/wp\/v2\/tags?post=11502"}],"curies":[{"name":"wp","href":"https:\/\/api.w.org\/{rel}","templated":true}]}}