{"id":11500,"date":"2011-12-02T23:25:39","date_gmt":"2011-12-02T22:25:39","guid":{"rendered":"http:\/\/fjala.shkoder.net\/?p=441"},"modified":"2011-12-02T23:25:39","modified_gmt":"2011-12-02T22:25:39","slug":"shqiperi-qe-kur-ke-lere-shtetaret-te-kane-dhjere","status":"publish","type":"post","link":"https:\/\/fjala.info\/2009-2015\/shqiperi-qe-kur-ke-lere-shtetaret-te-kane-dhjere\/","title":{"rendered":"Shqip\u00ebri q\u00eb kur ke ler\u00eb, shtetar\u00ebt t\u00eb kan\u00eb dhjer\u00eb"},"content":{"rendered":"<p><img decoding=\"async\" class=\"alignright size-thumbnail wp-image-7236\" title=\"Shefki Hysa\" src=\"http:\/\/www.shkoder.net\/images\/fjala\/shefki_hysa1.jpg\" alt=\"\" width=\"200\" \/> <strong>Shefki Hysa<\/strong><br \/>\n<em>Shkrimtar<\/em><\/p>\n<p><strong>Logjik\u00eb e verb\u00ebr apo\u2026<\/strong><\/p>\n<p>Thuhet se dikur Fishta u lodh aq shum\u00eb nga d\u00ebshira e pamundur p\u00ebr ta par\u00eb Shqip\u00ebrin\u00eb Zoj\u00eb t\u00eb Rand\u00eb, saq\u00eb, n\u00eb nj\u00eb \u00e7ast d\u00ebshp\u00ebrimi, u shpreh se nuk ishte m\u00eb shqiptar. Konica, m\u00eb von\u00eb, tep\u00ebr i zhg\u00ebnjyer, duke kujtuar se t\u00ebr\u00eb p\u00ebrpjekjet dhe p\u00ebrkushtimi i tij prej atdhetari po i shkonin d\u00ebm n\u00eb k\u00ebt\u00eb atdhe q\u00eb nuk ecte me hapat e p\u00ebrparimit per\u00ebndimor, shfryu t\u00ebr\u00eb t\u00ebrbim: Shqip\u00ebri t\u00eb kam\u00eb dhjer\u00eb!\u2026<br \/>\nDhe firaun\u00ebt dashakeq\u00ebs, bashk\u00ebpronar\u00eb t\u00eb padeklaruar me faraon\u00ebt e Faraonis\u00eb Shqip\u00ebri, duartrokit\u00ebn, duartrokasin e do t\u00eb vazhdojn\u00eb t\u00eb duartrokasin, po qe se apologjet\u00ebt e men\u00e7uris\u00eb shqiptare nuk do t\u00eb ngrihen dikur kund\u00ebr p\u00ebrjet\u00ebsis\u00eb s\u00eb tyre. Firaun\u00ebt (avokat\u00ebt e qoft\u00eblargut), pambarimisht keqdash\u00ebs, than\u00eb, thon\u00eb e do t\u00eb thon\u00eb: Ja, o bashkatdhetar\u00eb, sa na e dashkan Shqip\u00ebrin\u00eb t\u00eb famshmit si Fishta, Konica e t\u00eb tjer\u00eb tribun\u00eb t\u00eb mendimit shqiptar! Kthejuni shpin\u00ebn atyre dhe lutuni p\u00ebr am\u00ebshimin e idhujve tuaj politikan\u00eb. Lutuni p\u00ebr rac\u00ebn e shtetar\u00ebve q\u00eb administrojn\u00eb fatet e f\u00ebmij\u00ebve tuaj e t\u00eb f\u00ebmij\u00ebve t\u00eb f\u00ebmij\u00ebve brez pas brezi!\u2026<br \/>\nJu i besoni psalmet e firaun\u00ebve?!\u2026 Un\u00eb p\u00ebr vete nuk e besoj dot faktin se t\u00eb tilla shprehje kund\u00ebr Shqip\u00ebris\u00eb, q\u00eb u ngjajn\u00eb m\u00eb shum\u00eb lajthitjeve t\u00eb \u00e7asteve t\u00eb d\u00ebshp\u00ebruara, mund t\u00eb mbajn\u00eb autor\u00ebsin\u00eb e shqiptar\u00ebve t\u00eb m\u00ebdhenj, Fishta e Konica. Mendoj e arsyetoj se ndoshta jan\u00eb fryt i zem\u00ebrimit popullor, jo ndaj m\u00ebm\u00ebdheut, Shqip\u00ebris\u00eb, por ndaj administrator\u00ebve t\u00eb saj, pushtetaro-zyrtaro-shtetar\u00ebve, t\u00eb cil\u00ebt, n\u00eb mot t\u00eb moteve, mbase qysh kur ka lindur jeta, ia kan\u00eb shaluar k\u00ebsaj toke t\u00eb bekuar dhe e p\u00ebrdhunojn\u00eb n\u00eb m\u00ebnyr\u00ebn m\u00eb djall\u00ebzore, aq sa her\u00eb-her\u00eb t\u00eb krijohet ideja se ky vend \u00ebsht\u00eb vet\u00eb Ferri. Dhe Ferri dihet se t\u00eb st\u00ebrmundon e t\u00eb skllav\u00ebron aq sa ndihesh rehat si pjes\u00eb e mizerjes s\u00eb tij, po t\u00eb jesh pa tru dhe t\u00eb zem\u00ebron, t\u00eb d\u00ebshp\u00ebron e t\u00eb rebelon, po t\u00eb jesh i men\u00e7ur, aq sa t\u00eb shtyn t\u00eb p\u00ebrplasesh me padron\u00ebt e tij ose t\u00eb arratisesh nga syt\u00eb k\u00ebmb\u00ebt po t\u00eb mundesh. N\u00eb pamund\u00ebsi p\u00ebr t\u2019u rebeluar, Ferri t\u00eb \u00e7mend, edhe m\u00eb t\u00eb urtin ndonj\u00ebher\u00eb e shtyn t\u00eb humbas\u00eb logjik\u00ebn\u2026 Pra, ose Fishta e Konica jan\u00eb d\u00ebshp\u00ebruar aq sa u jan\u00eb errur syt\u00eb n\u00eb ndonj\u00eb \u00e7ast dhe kan\u00eb shp\u00ebrthyer si z\u00ebdh\u00ebn\u00ebs t\u00eb zem\u00ebrimit popullor, ose zem\u00ebrimi i urt\u00ebsis\u00eb popullore ka kushtruar verb\u00ebrisht n\u00eb em\u00ebr t\u00eb prij\u00ebsve t\u00eb vet intelektual\u00eb\u2026<\/p>\n<p><strong>E bekuar apo\u2026<\/strong><br \/>\nBesoj me gjith\u00eb shpirt se Shqip\u00ebria, Ati dhe M\u00ebma jon\u00eb, \u00ebsht\u00eb tok\u00eb e bekuar nga Zoti, sepse, duam s\u2019duam ne, \u00ebsht\u00eb nj\u00eb nga vendbanimet m\u00eb t\u00eb hershme t\u00eb Jet\u00ebs, e vendosur n\u00eb mes t\u00eb qytet\u00ebrimeve m\u00eb t\u00eb lashta, n\u00eb Mesdhe (Mesi i Dheut, i Bot\u00ebs, i Globit-Mediterranean). Pra, nj\u00eblloj qendre e zanafill\u00ebs s\u00eb njer\u00ebzimit. Dhe dihet se Mesdheu \u00ebsht\u00eb Parajsa e k\u00ebsaj bote, ka klim\u00ebn m\u00eb t\u00eb mrekullueshme, si t\u00eb ishte vet\u00eb Mitra e Jet\u00ebs. A nuk ka dhe Shqip\u00ebria nj\u00eb klim\u00eb me mbi treqind dit\u00eb diell, n\u00eb nj\u00eb hap\u00ebsir\u00eb pes\u00ebdhjet\u00eb kilometra? Fjala vjen, n\u00eb hap\u00ebsir\u00ebn Tiran\u00eb-Durr\u00ebs, gjen malin, fush\u00ebn, lumin dhe detin ku harliset jeta n\u00eb t\u00eb gjitha format e saj. A nuk \u00ebsht\u00eb ky imazhi i \u00ebndrr\u00ebs s\u00eb njer\u00ebzimit? Po t\u00eb kesh dy pare mend n\u00eb kok\u00eb k\u00ebt\u00eb e kupton menj\u00ebher\u00eb dhe mund t\u00eb th\u00ebrras\u00ebsh me t\u00eb madhe gjer n\u00eb kup\u00eb t\u00eb qiellit: Shqip\u00ebria \u00ebsht\u00eb Parajsa!\u2026 \u00cbsht\u00eb vend i bekuar nga Zoti!\u2026<br \/>\nDhe k\u00ebshtu duhet t\u00eb ishte, por n\u00eb realitetin shqiptar nuk ndodh k\u00ebshtu. \u00c7udit\u00ebrisht shqiptar\u00ebt dembabadem kan\u00eb qen\u00eb dhe jan\u00eb (mos qofshin kurr\u00eb m\u00eb!) mesdhetar\u00ebt m\u00eb t\u00eb varf\u00ebr, m\u00eb t\u00eb p\u00ebrbuzur, m\u00eb t\u00eb skllav\u00ebruar, m\u00eb t\u00eb traumatizuar, aq sa Parajsa q\u00eb u ka falur Zoti, u duket vet\u00eb Ferri i Mallkuar dhe \u00ebnd\u00ebrrojn\u00eb p\u00ebrjet\u00ebsisht si e si t\u00eb gjejn\u00eb mund\u00ebsit\u00eb t\u00eb emigrojn\u00eb e t\u00eb krijojn\u00eb nj\u00eb jetes\u00eb, nj\u00eb atdhe tjet\u00ebr, larg sa m\u00eb larg Shqip\u00ebris\u00eb. Pra, n\u00eb realitet Shqip\u00ebria shfaqet si vend i mallkuar. Dhe kjo \u00ebsht\u00eb nj\u00eb dukje vrastare q\u00eb t\u00eb g\u00ebnjen, t\u00eb mashtron, t\u00eb \u00e7mend e t\u00eb shtyn t\u00eb sajosh lloj-lloj legjendash urbane q\u00eb lart\u00ebsojn\u00eb lloj-lloj idhujsh t\u00eb rrem\u00eb n\u00eb kurriz t\u00eb varf\u00ebris\u00eb s\u00eb shqiptar\u00ebve. T\u00eb shtyn n\u00eb udh\u00eb pakrye, n\u00eb lajthitje pas lajthitjesh q\u00eb, tekefundit, am\u00ebshojn\u00eb pushtetin e politikano-faraon\u00ebve tan\u00eb\u2026<br \/>\nO Zot! Po p\u00ebrse kaq fat i keq p\u00ebr shqiptar\u00ebt e gjor\u00eb? P\u00ebrse Shqip\u00ebria jon\u00eb nuk mund t\u2019i ngjaj\u00eb Greqis\u00eb e Italis\u00eb, t\u00eb b\u00ebhet shtet modern, streh\u00eb e \u00ebmb\u00ebl p\u00ebr shtetasit e vet (jo vet\u00ebm p\u00ebr shtetar\u00ebt!)? Mor po edhe xhelat\u00ebt e saj, Serbia e Maqedonia (pseudoshtet), po ecin me hapa europian\u00eb, kurse Shqip\u00ebria \u00ebsht\u00eb katandisur si xhung\u00ebl bandit\u00ebsh, ku shtetar\u00ebt-shushunja majmen me gjakun e skllavo-shqiptar\u00ebve t\u00eb p\u00ebrjetsh\u00ebm!\u2026<\/p>\n<p><strong>Vota jon\u00eb \u2013 Pushteti i idhujve t\u00eb rrem\u00eb<\/strong><br \/>\nNuk ju besohet?! Kujtoni se po e teproj, se po hiperbolizoj apo po mbaj q\u00ebndrime groteske ndaj politik\u00ebs shqiptare? M\u00eb besoni, po e keni ndjer\u00eb sesi na trajtojn\u00eb politikan\u00ebt, si ser\u00eb votash (na vijn\u00eb me aq p\u00ebrul\u00ebsi prej gjoja shenjtor\u00ebsh e na i k\u00ebrkojn\u00eb me aq \u00ebmb\u00eblsi prej idhujsh e na i marrin me aq leht\u00ebsi p\u00ebr t\u2019i p\u00ebrdorur pastaj djall\u00ebzisht si shkopinj n\u00eb kurrizin ton\u00eb! Ne, dim\u00ebr e ver\u00eb, kultivojm\u00eb e rrisim vota n\u00eb qenien ton\u00eb p\u00ebr t\u00eb ushqyer politik\u00ebn faraonike. Nuk m\u00eb besoni?!\u2026 Nuk m\u00eb besoni dot vet\u00ebm n\u00eb se nuk jeni robtuar n\u00eb ferrnaj\u00ebn q\u00eb mbjell politika shqiptare n\u00eb At-M\u00ebm\u00ebdheun ton\u00eb Shqip\u00ebri, pasi nginjet me votat tona\u2026 Nuk m\u00eb besoni dot edhe n\u00ebse jeni shurdhmemec\u00eb t\u00eb verb\u00ebr, ose pjes\u00eb e pushtetit t\u00eb t\u00eb till\u00eb idhujve t\u00eb rrem\u00eb\u2026<br \/>\nE kam th\u00ebn\u00eb dikur (n\u00eb nj\u00eb shkrim tjet\u00ebr, ishalla n\u00eb nj\u00eb jet\u00eb tjet\u00ebr!) dhe po e p\u00ebrs\u00ebris se Politika shqiptare ka zgjedhur modelin faraonik t\u00eb qeverisjes t\u00eb marr\u00eb nga Egjypti i Lasht\u00eb, me t\u00eb vetmin ndryshim se dikur aty qeveriste nj\u00eb Faraon, kurse n\u00eb Shqip\u00ebri qeverisin nj\u00ebher\u00ebsh shum\u00eb faraon\u00eb t\u00eb drejtuar (formalisht) nga Kryefaraoni. Dhe ky model \u00ebsht\u00eb zgjedhur me konsensusin e plot\u00eb t\u00eb Pozit\u00ebs dhe Opozit\u00ebs (kujtoni konsensuset e famshme t\u00eb politik\u00ebs son\u00eb n\u00eb \u00e7astet e sa e sa krizave q\u00eb ka kaluar vendi yn\u00eb n\u00eb epok\u00ebn e postkomunizmit, pas vitit 1990).<br \/>\nP\u00ebr t\u00eb qen\u00eb m\u00eb i sakt\u00eb po e zgjeroj hap\u00ebsir\u00ebn kohore t\u00eb qeverisjes faraonike me togfjal\u00ebshin: n\u00eb jet\u00eb t\u00eb jet\u00ebve (ende nuk po shoh mund\u00ebsi p\u00ebrmbysjeje t\u00eb Faraonis\u00eb shqiptare!). Dhe, n\u00ebse juve nuk ju mbetet hatri, po shtoj edhe faktin se tashm\u00eb po na qeverisin edhe ca faraonica! Dhe politika mashkullore u ka premtuar jo pak: mbi tridhjet\u00eb p\u00ebr qind t\u00eb pushtetit! Po t\u00eb mos harrojm\u00eb edhe pushtetin e joshjes q\u00eb faraonicat ngrejn\u00eb mbi faraon\u00ebt (p\u00ebrfytyroni pak at\u00eb pushtet q\u00eb turrin gomaricat mbi gomar\u00ebt) s\u00eb bashku do t\u00eb kuptojm\u00eb se jemi p\u00ebrball\u00eb nj\u00eb Pushteti Absolut q\u00eb synon am\u00ebshimin e Shkret\u00ebtir\u00ebs Faraoni me emrin Shqip\u00ebri. Dhe ne mbjellim vota n\u00eb shpirtin ton\u00eb dhe faraon\u00eb e firaun\u00eb e faraonica ushqehen e fuqizohen pakufish\u00ebm me votat e shpirtrat tan\u00eb.<\/p>\n<p><strong>Ne, t\u00eb mashtruarit e p\u00ebrjetsh\u00ebm\u2026<\/strong><br \/>\nEnde nuk m\u00eb besoni?!\u2026 At\u00ebher\u00eb po ju rr\u00ebfej di\u00e7ka m\u00eb konkretisht p\u00ebr raportet e mia me politik\u00ebn\u2026 Qysh i vog\u00ebl, ende qurrash, nuk e di pse \u00ebnd\u00ebrroja t\u00eb b\u00ebhesha shkrimtar. Lexoja e lexoja dhe humbesha i t\u00ebri n\u00eb at\u00eb bot\u00ebn e magjishme t\u00eb librave dhe shkrimtar\u00ebt m\u00eb ngjasonin me ca magjistar\u00eb t\u00eb m\u00ebdhenj q\u00eb zbrisnin n\u00eb tok\u00eb prej bot\u00ebs s\u00eb yjeve dhe b\u00ebnin mrekullira p\u00ebr njer\u00ebzit e thjesht\u00eb. M\u00eb dukej se po t\u00eb b\u00ebhesha shkrimtar do t\u2019i p\u00ebrkisja nj\u00eb race t\u00eb zgjedhur dhe me forc\u00ebn e magjin\u00eb e fjal\u00ebs mund t\u00eb pastroja edhe rrugicat e fshatit tim prej gur\u00ebve q\u00eb gjakosnin k\u00ebmb\u00ebt e zbathura t\u00eb miat dhe t\u00eb bashk\u00ebmoshatar\u00ebve t\u00eb mi, mund t\u00eb ngopja me buk\u00eb e gjell\u00eb nga m\u00eb t\u00eb shijshmet t\u00ebr\u00eb fshatar\u00ebt barkthar\u00eb q\u00eb punonin nat\u00eb e dit\u00eb n\u00eb fushat me grur\u00eb e mezi mundnin t\u00eb gjenin ndonj\u00eb kafshat\u00eb buke misri t\u00eb mykur\u2026 Mendoja se po t\u00eb b\u00ebhesha shkrimtar, me magjin\u00eb e fjal\u00ebs do t\u00eb vrisja t\u00ebr\u00eb ku\u00e7edrat dhe p\u00ebrbindshat e bot\u00ebs e do t\u00eb b\u00ebja sa e sa \u00e7udira\u2026 Dhe dikur u b\u00ebra shkrimtar\u2026 Dhe q\u00eb n\u00eb fillim u ndesha me ca lloj firaun\u00ebsh q\u00eb zun\u00eb t\u00eb m\u00eb k\u00ebshillonin se si duhej t\u00eb shkruaja p\u00ebr t\u00eb mos rrezikuar fatet e atdheut (t\u00eb pushtetit faraonik) dhe t\u00eb ardhmen time. Duhej t\u2019u p\u00ebrmbahesha rregullave q\u00eb diktonin ata (at\u00ebher\u00eb ishin t\u00eb kuq e quheshin komunist\u00eb, tani jan\u00eb blu e mbahen p\u00ebr demokrat\u00eb), ndryshe, e dija vet\u00eb, p\u00ebrfundoja n\u00eb litar (sot i papun\u00eb n\u00eb rrug\u00eb t\u00eb madhe). Besoj e dini, se k\u00ebta firaun\u00eb q\u00eb mbrojn\u00eb p\u00ebrjet\u00ebsisht pushtetin faraonik, quhen censor\u00eb. Dhe un\u00eb ose duhet t\u2019u thurrja lavde pushtetit t\u00eb tyre, k\u00ebshtu do t\u00eb mir\u00ebpaguhesha si shum\u00eb grafoman\u00eb, ose do t\u2019u k\u00ebndoja shpirtrave t\u00eb l\u00ebnduar t\u00eb shqiptar\u00ebve q\u00eb \u00ebnd\u00ebrrojn\u00eb n\u00ebp\u00ebr shekuj e shekuj nj\u00eb Shqip\u00ebri t\u00eb qytet\u00ebruar si shtetet fqinj\u00eb, streh\u00eb e aspiratave njer\u00ebzore, p\u00ebr t\u00eb p\u00ebsuar fatin e keq t\u00eb shum\u00eb shkrimtar\u00ebve disident\u00eb t\u00eb p\u00ebrjetsh\u00ebm me politikat faraonike. Dhe un\u00eb zgjodha t\u2019u k\u00ebndoja shpirtrave t\u00eb lir\u00eb, t\u2019i pasuroja ata me virtytet e t\u00ebr\u00eb bot\u00ebs\u2026 Dhe, p\u00ebr fat t\u00eb mir\u00eb a t\u00eb keq, m\u00eb q\u00eblloi t\u00eb jem vazhdimisht n\u00ebn dhun\u00ebn e firauno-censor\u00ebve\u2026 Megjithat\u00eb nuk jam penduar\u2026 Udh\u00ebhiqem vazhdimisht nga shpirtrat e Homer\u00ebve, me mendimin se i p\u00ebrkas nj\u00eb race hyjnore q\u00eb dikur do t\u00eb arrij\u00eb t\u2019i mposht\u00eb padrejt\u00ebsit\u00eb q\u00eb sajon politika faraonike n\u00eb kurriz t\u00eb shqiptar\u00ebve\u2026 Besoj n\u00eb idealet e shiptar\u00ebve t\u00eb m\u00ebdhenj t\u00eb rebeluar ndaj tiranive\u2026 Besoj, prandaj edhe mashtrohem si gjith\u00eb shqiptar\u00ebt e ndersh\u00ebm\u2026<br \/>\nA i duan votat e mia dhe t\u00eb miqve t\u00eb mi faraon\u00ebt? Patjet\u00ebr! Prandaj i mbajn\u00eb firaun\u00ebt! Ata jan\u00eb t\u00eb mir\u00ebpaguar e st\u00ebrvitur p\u00ebr t\u00eb mbledhur votat tona me kula\u00e7 e k\u00ebrba\u00e7\u2026 Kula\u00e7i?!\u2026 Mos t\u2019ju rrej\u00eb mendja se do ta hani v\u00ebrtet kula\u00e7in e tyre. Nuk e hani dot as ju e as un\u00eb, sado q\u00eb mbahem si burr\u00eb i zgjuar. Ata e njohin mir\u00eb dob\u00ebsin\u00eb ton\u00eb njer\u00ebzore dhe luajn\u00eb si macja me miun me t\u00eb. Dhe ne, n\u00eb vend t\u00eb kula\u00e7it q\u00eb na premtojn\u00eb, ham\u00eb rrenat dhe k\u00ebrba\u00e7in, pasi na marrin votat si p\u00ebrher\u00eb\u2026 Pra, ne gjithmon\u00eb mashtrohemi, dob\u00ebsi njer\u00ebzore e njer\u00ebzve t\u00eb ndersh\u00ebm, ata gjithmon\u00eb fitojn\u00eb dhe na pijn\u00eb gjakun, fuqi djall\u00ebzore e prij\u00ebsve t\u00eb pandersh\u00ebm\u2026<\/p>\n<p><strong>Faraon\u00eb e firaun\u00eb, t\u00eb fituarit e p\u00ebrjetsh\u00ebm\u2026<\/strong><br \/>\nUn\u00eb jam me origjin\u00eb nga krahina e \u00c7am\u00ebris\u00eb, Kosova e dyt\u00eb e shqiptar\u00ebve, e vjedhur prej fqinj\u00ebve tan\u00eb jugor\u00eb, grek\u00ebve, nj\u00eblloj si Kosova e par\u00eb, t\u00eb cil\u00ebn na e grabit\u00ebn dikur serb\u00ebt e na e rikthyen sot amerikan\u00ebt, drejt\u00ebsib\u00ebr\u00ebsit e k\u00ebsaj bote p\u00ebrbindshash. Un\u00eb besoj se politika shqiptare do t\u00eb m\u00eb ndihmoj\u00eb t\u00eb rikthehem n\u00eb \u00c7am\u00ebri, n\u00eb vendlindjen time, ku m\u00eb jan\u00eb dhunuar edhe varret e t\u00eb par\u00ebve. Dhe, me shpres\u00eb, dob\u00ebsi e njer\u00ebzve t\u00eb mir\u00eb edhe kjo, z\u00eb e negocioj me politik\u00ebn. Un\u00eb dua \u00c7am\u00ebrin\u00eb e ata votat e \u00e7am\u00ebve. Politikan\u00ebt, t\u00eb PD, PS, LSI apo t\u00eb \u00e7do partie e ngjyre qofshin, t\u00eb Pozit\u00ebs e Opozit\u00ebs, \u00e7do prag zgjedhjesh, m\u00eb d\u00ebrgojn\u00eb kasnec\u00ebt, dometh\u00ebn\u00eb firaun\u00ebt, dhe m\u00eb premtojn\u00eb \u00e7udirat e p\u00ebrrallave t\u00eb nj\u00ebmij\u00eb e nj\u00eb net\u00ebve n\u00eb k\u00ebmbim t\u00eb votave t\u00eb miqve t\u00eb mi \u00e7am\u00eb. Dhe un\u00eb, i mashtruari i p\u00ebrjetsh\u00ebm, me shpres\u00ebn se mos ndodh v\u00ebrtet ndonj\u00eb \u00e7udi, i v\u00eb n\u00eb rresht miqt\u00eb (vet\u00ebkuptohet ata m\u00eb besojn\u00eb dhe un\u00eb paturp\u00ebsisht shfryt\u00ebzoj besimin e tyre dhe humanizmin e shpirtit tim) dhe ua mbushim thas\u00ebt me dhurata votash t\u00ebr\u00eb politikan\u00ebve (\u00e7udi vet\u00ebm p\u00ebr faraon\u00eb e firaun\u00eb paska babagjysh t\u00eb vitit t\u00eb ri!), i sjellim n\u00eb pushtet q\u00eb t\u00eb na kthejn\u00eb shpin\u00ebn e t\u00eb na rrahin p\u00ebr kat\u00ebr vjet me radh\u00eb, n\u00eb se guxojm\u00eb t\u00eb rebelohemi kund\u00ebr tyre, dhe t\u00eb na rimashtrojn\u00eb e t\u00eb na rimarrin votat pafund\u00ebsisht sa her\u00eb do t\u2019u duhet t\u00eb riorganizojn\u00eb zgjedhjet e s\u00eb ardhmes s\u00eb tyre t\u00eb lumtur.<\/p>\n<p><strong>Po fundi ku \u00ebsht\u00eb?!\u2026<\/strong><br \/>\nFundi i lumtur, happy end, u rezervohet gjithmon\u00eb vet\u00ebm t\u00eb fuqishm\u00ebve. Pra, Faraono-firaun\u00ebve! \u00c7\u2019t\u2019i b\u00ebsh, ata din\u00eb se si t\u00eb sillen si t\u00eb fuqishmit e Shqip\u00ebris\u00eb, duke na g\u00ebnjyer e mashtruar ne, t\u00eb pafuqishm\u00ebve, duke tradhtuar e shitur idealet komb\u00ebtare shqiptare te fqinj\u00ebt tan\u00eb, shovinist\u00eb t\u00eb p\u00ebrjetsh\u00ebm q\u00eb e duan Shqip\u00ebrin\u00eb si rezervat t\u00eb epsheve t\u00eb tyre nacionaliste\u2026 Po Evropa, do thoni ju?!\u2026 E padrejt\u00eb edhe ajo si gjith\u00eb t\u00eb fuqishmit q\u00eb ulen n\u00eb tryeza vet\u00ebm me t\u00eb fuqishmit. Cili xhelat e ka respektuar ndonj\u00ebher\u00eb viktim\u00ebn e vet, p\u00ebrve\u00e7se e ka shfryt\u00ebzuar p\u00ebr k\u00ebnaq\u00ebsit\u00eb e veta perverse?\u2026 Evropa, mike e xhelat\u00ebve serb\u00eb e maqedonas, vet\u00ebkuptohet do t\u2019u hap\u00eb portat atyre, e jo viktim\u00ebs Shqip\u00ebri, nj\u00ebher\u00ebsh edhe viktim\u00eb e tradh\u00ebtive t\u00eb faraono-firaun\u00ebve t\u00eb saj!\u2026 Pra, nuk ka fund t\u00eb lumtur p\u00ebr ne, shqiptar\u00ebt, deri sa t\u00eb jemi skllev\u00ebr t\u00eb p\u00ebrjetsh\u00ebm t\u00eb vot\u00ebs son\u00eb\u2026<br \/>\nApeli im: Duhet t\u00eb b\u00ebhemi t\u00eb fuqish\u00ebm edhe ne dhe i fort\u00eb b\u00ebhesh edhe duke abstenuar. T\u00eb mos japim m\u00eb asnj\u00eb vot\u00eb p\u00ebr k\u00ebt\u00eb klas\u00eb politike. T\u00eb mos dalim fare n\u00eb votime\u2026 Dhe ata k\u00ebshtu kurr\u00eb nuk do t\u00eb arrijn\u00eb t\u2019i mbushin kutit\u00eb vet\u00ebm me votat e pasuesve t\u00eb tyre\u2026 Dhe at\u00ebher\u00eb do t\u00eb mbetet politika e dhjer\u00eb para Shqip\u00ebris\u00eb\u2026 Dhe bota do ta kuptoj\u00eb se di\u00e7ka po ndryshon edhe n\u00eb Shqip\u00ebri\u2026 Ku i dihet?\u2026 N\u00eb bot\u00eb ka edhe t\u00eb fuqish\u00ebm, drejt\u00ebsib\u00ebr\u00ebs si amerikan\u00ebt, t\u00eb cil\u00ebt patjet\u00ebr do ta v\u00ebrejn\u00eb abstenimin ton\u00eb masiv dhe do t\u2019i imponojn\u00eb ndryshime k\u00ebsaj politike mosmir\u00ebnjoh\u00ebse ndaj popullit t\u00eb vet, n\u00eb shpin\u00ebn e t\u00eb cilit \u00ebsht\u00eb p\u00ebrkundur e rritur\u2026<\/p>\n","protected":false},"excerpt":{"rendered":"<p>Shefki Hysa Shkrimtar Logjik\u00eb e verb\u00ebr apo\u2026 Thuhet se dikur Fishta u lodh aq shum\u00eb nga d\u00ebshira e pamundur p\u00ebr ta par\u00eb Shqip\u00ebrin\u00eb Zoj\u00eb t\u00eb Rand\u00eb, saq\u00eb, n\u00eb nj\u00eb \u00e7ast d\u00ebshp\u00ebrimi, u shpreh se nuk ishte m\u00eb shqiptar. Konica, m\u00eb von\u00eb, tep\u00ebr i zhg\u00ebnjyer, duke kujtuar se t\u00ebr\u00eb p\u00ebrpjekjet dhe p\u00ebrkushtimi i tij prej atdhetari [&hellip;]<\/p>\n","protected":false},"author":1,"featured_media":0,"comment_status":"open","ping_status":"closed","sticky":false,"template":"","format":"standard","meta":{"footnotes":""},"categories":[2],"tags":[],"class_list":{"0":"post-11500","1":"post","2":"type-post","3":"status-publish","4":"format-standard","6":"category-artikuj"},"yoast_head":"<!-- This site is optimized with the Yoast SEO plugin v27.4 - https:\/\/yoast.com\/product\/yoast-seo-wordpress\/ -->\n<title>Shqip\u00ebri q\u00eb kur ke ler\u00eb, shtetar\u00ebt t\u00eb kan\u00eb dhjer\u00eb - FjALA e LIR\u00cb - Arkivi<\/title>\n<meta name=\"robots\" content=\"index, follow, max-snippet:-1, max-image-preview:large, max-video-preview:-1\" \/>\n<link rel=\"canonical\" href=\"https:\/\/fjala.info\/2009-2015\/shqiperi-qe-kur-ke-lere-shtetaret-te-kane-dhjere\/\" \/>\n<meta property=\"og:locale\" content=\"sq_AL\" \/>\n<meta property=\"og:type\" content=\"article\" \/>\n<meta property=\"og:title\" content=\"Shqip\u00ebri q\u00eb kur ke ler\u00eb, shtetar\u00ebt t\u00eb kan\u00eb dhjer\u00eb - FjALA e LIR\u00cb - Arkivi\" \/>\n<meta property=\"og:description\" content=\"Shefki Hysa Shkrimtar Logjik\u00eb e verb\u00ebr apo\u2026 Thuhet se dikur Fishta u lodh aq shum\u00eb nga d\u00ebshira e pamundur p\u00ebr ta par\u00eb Shqip\u00ebrin\u00eb Zoj\u00eb t\u00eb Rand\u00eb, saq\u00eb, n\u00eb nj\u00eb \u00e7ast d\u00ebshp\u00ebrimi, u shpreh se nuk ishte m\u00eb shqiptar. Konica, m\u00eb von\u00eb, tep\u00ebr i zhg\u00ebnjyer, duke kujtuar se t\u00ebr\u00eb p\u00ebrpjekjet dhe p\u00ebrkushtimi i tij prej atdhetari [&hellip;]\" \/>\n<meta property=\"og:url\" content=\"https:\/\/fjala.info\/2009-2015\/shqiperi-qe-kur-ke-lere-shtetaret-te-kane-dhjere\/\" \/>\n<meta property=\"og:site_name\" content=\"FjALA e LIR\u00cb - Arkivi\" \/>\n<meta property=\"article:published_time\" content=\"2011-12-02T22:25:39+00:00\" \/>\n<meta property=\"og:image\" content=\"http:\/\/www.shkoder.net\/images\/fjala\/shefki_hysa1.jpg\" \/>\n<meta name=\"author\" content=\"admin\" \/>\n<meta name=\"twitter:card\" content=\"summary_large_image\" \/>\n<meta name=\"twitter:label1\" content=\"Written by\" \/>\n\t<meta name=\"twitter:data1\" content=\"admin\" \/>\n\t<meta name=\"twitter:label2\" content=\"Est. reading time\" \/>\n\t<meta name=\"twitter:data2\" content=\"13 minutes\" \/>\n<script type=\"application\/ld+json\" class=\"yoast-schema-graph\">{\"@context\":\"https:\\\/\\\/schema.org\",\"@graph\":[{\"@type\":\"Article\",\"@id\":\"https:\\\/\\\/fjala.info\\\/2009-2015\\\/shqiperi-qe-kur-ke-lere-shtetaret-te-kane-dhjere\\\/#article\",\"isPartOf\":{\"@id\":\"https:\\\/\\\/fjala.info\\\/2009-2015\\\/shqiperi-qe-kur-ke-lere-shtetaret-te-kane-dhjere\\\/\"},\"author\":{\"name\":\"admin\",\"@id\":\"https:\\\/\\\/fjala.info\\\/2009-2015\\\/#\\\/schema\\\/person\\\/3aa1163ef05469c496fc94e77611ada2\"},\"headline\":\"Shqip\u00ebri q\u00eb kur ke ler\u00eb, shtetar\u00ebt t\u00eb kan\u00eb dhjer\u00eb\",\"datePublished\":\"2011-12-02T22:25:39+00:00\",\"mainEntityOfPage\":{\"@id\":\"https:\\\/\\\/fjala.info\\\/2009-2015\\\/shqiperi-qe-kur-ke-lere-shtetaret-te-kane-dhjere\\\/\"},\"wordCount\":2586,\"commentCount\":0,\"publisher\":{\"@id\":\"https:\\\/\\\/fjala.info\\\/2009-2015\\\/#organization\"},\"image\":{\"@id\":\"https:\\\/\\\/fjala.info\\\/2009-2015\\\/shqiperi-qe-kur-ke-lere-shtetaret-te-kane-dhjere\\\/#primaryimage\"},\"thumbnailUrl\":\"http:\\\/\\\/www.shkoder.net\\\/images\\\/fjala\\\/shefki_hysa1.jpg\",\"articleSection\":[\"Artikuj\"],\"inLanguage\":\"sq-AL\",\"potentialAction\":[{\"@type\":\"CommentAction\",\"name\":\"Comment\",\"target\":[\"https:\\\/\\\/fjala.info\\\/2009-2015\\\/shqiperi-qe-kur-ke-lere-shtetaret-te-kane-dhjere\\\/#respond\"]}]},{\"@type\":\"WebPage\",\"@id\":\"https:\\\/\\\/fjala.info\\\/2009-2015\\\/shqiperi-qe-kur-ke-lere-shtetaret-te-kane-dhjere\\\/\",\"url\":\"https:\\\/\\\/fjala.info\\\/2009-2015\\\/shqiperi-qe-kur-ke-lere-shtetaret-te-kane-dhjere\\\/\",\"name\":\"Shqip\u00ebri q\u00eb kur ke ler\u00eb, shtetar\u00ebt t\u00eb kan\u00eb dhjer\u00eb - FjALA e LIR\u00cb - Arkivi\",\"isPartOf\":{\"@id\":\"https:\\\/\\\/fjala.info\\\/2009-2015\\\/#website\"},\"primaryImageOfPage\":{\"@id\":\"https:\\\/\\\/fjala.info\\\/2009-2015\\\/shqiperi-qe-kur-ke-lere-shtetaret-te-kane-dhjere\\\/#primaryimage\"},\"image\":{\"@id\":\"https:\\\/\\\/fjala.info\\\/2009-2015\\\/shqiperi-qe-kur-ke-lere-shtetaret-te-kane-dhjere\\\/#primaryimage\"},\"thumbnailUrl\":\"http:\\\/\\\/www.shkoder.net\\\/images\\\/fjala\\\/shefki_hysa1.jpg\",\"datePublished\":\"2011-12-02T22:25:39+00:00\",\"breadcrumb\":{\"@id\":\"https:\\\/\\\/fjala.info\\\/2009-2015\\\/shqiperi-qe-kur-ke-lere-shtetaret-te-kane-dhjere\\\/#breadcrumb\"},\"inLanguage\":\"sq-AL\",\"potentialAction\":[{\"@type\":\"ReadAction\",\"target\":[\"https:\\\/\\\/fjala.info\\\/2009-2015\\\/shqiperi-qe-kur-ke-lere-shtetaret-te-kane-dhjere\\\/\"]}]},{\"@type\":\"ImageObject\",\"inLanguage\":\"sq-AL\",\"@id\":\"https:\\\/\\\/fjala.info\\\/2009-2015\\\/shqiperi-qe-kur-ke-lere-shtetaret-te-kane-dhjere\\\/#primaryimage\",\"url\":\"http:\\\/\\\/www.shkoder.net\\\/images\\\/fjala\\\/shefki_hysa1.jpg\",\"contentUrl\":\"http:\\\/\\\/www.shkoder.net\\\/images\\\/fjala\\\/shefki_hysa1.jpg\"},{\"@type\":\"BreadcrumbList\",\"@id\":\"https:\\\/\\\/fjala.info\\\/2009-2015\\\/shqiperi-qe-kur-ke-lere-shtetaret-te-kane-dhjere\\\/#breadcrumb\",\"itemListElement\":[{\"@type\":\"ListItem\",\"position\":1,\"name\":\"Home\",\"item\":\"https:\\\/\\\/fjala.info\\\/2009-2015\\\/\"},{\"@type\":\"ListItem\",\"position\":2,\"name\":\"Shqip\u00ebri q\u00eb kur ke ler\u00eb, shtetar\u00ebt t\u00eb kan\u00eb dhjer\u00eb\"}]},{\"@type\":\"WebSite\",\"@id\":\"https:\\\/\\\/fjala.info\\\/2009-2015\\\/#website\",\"url\":\"https:\\\/\\\/fjala.info\\\/2009-2015\\\/\",\"name\":\"FjALA e LIR\u00cb - Arkivi\",\"description\":\"Arkivi 2009-2015\",\"publisher\":{\"@id\":\"https:\\\/\\\/fjala.info\\\/2009-2015\\\/#organization\"},\"potentialAction\":[{\"@type\":\"SearchAction\",\"target\":{\"@type\":\"EntryPoint\",\"urlTemplate\":\"https:\\\/\\\/fjala.info\\\/2009-2015\\\/?s={search_term_string}\"},\"query-input\":{\"@type\":\"PropertyValueSpecification\",\"valueRequired\":true,\"valueName\":\"search_term_string\"}}],\"inLanguage\":\"sq-AL\"},{\"@type\":\"Organization\",\"@id\":\"https:\\\/\\\/fjala.info\\\/2009-2015\\\/#organization\",\"name\":\"FjALA e LIR\u00cb - Arkivi\",\"url\":\"https:\\\/\\\/fjala.info\\\/2009-2015\\\/\",\"logo\":{\"@type\":\"ImageObject\",\"inLanguage\":\"sq-AL\",\"@id\":\"https:\\\/\\\/fjala.info\\\/2009-2015\\\/#\\\/schema\\\/logo\\\/image\\\/\",\"url\":\"\",\"contentUrl\":\"\",\"caption\":\"FjALA e LIR\u00cb - Arkivi\"},\"image\":{\"@id\":\"https:\\\/\\\/fjala.info\\\/2009-2015\\\/#\\\/schema\\\/logo\\\/image\\\/\"}},{\"@type\":\"Person\",\"@id\":\"https:\\\/\\\/fjala.info\\\/2009-2015\\\/#\\\/schema\\\/person\\\/3aa1163ef05469c496fc94e77611ada2\",\"name\":\"admin\",\"image\":{\"@type\":\"ImageObject\",\"inLanguage\":\"sq-AL\",\"@id\":\"https:\\\/\\\/fjala.info\\\/2009-2015\\\/wp-content\\\/uploads\\\/2012\\\/02\\\/arben_cokaj-120x150.jpg\",\"url\":\"https:\\\/\\\/fjala.info\\\/2009-2015\\\/wp-content\\\/uploads\\\/2012\\\/02\\\/arben_cokaj-120x150.jpg\",\"contentUrl\":\"https:\\\/\\\/fjala.info\\\/2009-2015\\\/wp-content\\\/uploads\\\/2012\\\/02\\\/arben_cokaj-120x150.jpg\",\"caption\":\"admin\"},\"description\":\"Admin, Fjala e Lir\u00eb\",\"sameAs\":[\"https:\\\/\\\/fjala.info\\\/\"],\"url\":\"https:\\\/\\\/fjala.info\\\/2009-2015\\\/author\\\/admin\\\/\"}]}<\/script>\n<!-- \/ Yoast SEO plugin. -->","yoast_head_json":{"title":"Shqip\u00ebri q\u00eb kur ke ler\u00eb, shtetar\u00ebt t\u00eb kan\u00eb dhjer\u00eb - FjALA e LIR\u00cb - Arkivi","robots":{"index":"index","follow":"follow","max-snippet":"max-snippet:-1","max-image-preview":"max-image-preview:large","max-video-preview":"max-video-preview:-1"},"canonical":"https:\/\/fjala.info\/2009-2015\/shqiperi-qe-kur-ke-lere-shtetaret-te-kane-dhjere\/","og_locale":"sq_AL","og_type":"article","og_title":"Shqip\u00ebri q\u00eb kur ke ler\u00eb, shtetar\u00ebt t\u00eb kan\u00eb dhjer\u00eb - FjALA e LIR\u00cb - Arkivi","og_description":"Shefki Hysa Shkrimtar Logjik\u00eb e verb\u00ebr apo\u2026 Thuhet se dikur Fishta u lodh aq shum\u00eb nga d\u00ebshira e pamundur p\u00ebr ta par\u00eb Shqip\u00ebrin\u00eb Zoj\u00eb t\u00eb Rand\u00eb, saq\u00eb, n\u00eb nj\u00eb \u00e7ast d\u00ebshp\u00ebrimi, u shpreh se nuk ishte m\u00eb shqiptar. Konica, m\u00eb von\u00eb, tep\u00ebr i zhg\u00ebnjyer, duke kujtuar se t\u00ebr\u00eb p\u00ebrpjekjet dhe p\u00ebrkushtimi i tij prej atdhetari [&hellip;]","og_url":"https:\/\/fjala.info\/2009-2015\/shqiperi-qe-kur-ke-lere-shtetaret-te-kane-dhjere\/","og_site_name":"FjALA e LIR\u00cb - Arkivi","article_published_time":"2011-12-02T22:25:39+00:00","og_image":[{"url":"http:\/\/www.shkoder.net\/images\/fjala\/shefki_hysa1.jpg","type":"","width":"","height":""}],"author":"admin","twitter_card":"summary_large_image","twitter_misc":{"Written by":"admin","Est. reading time":"13 minutes"},"schema":{"@context":"https:\/\/schema.org","@graph":[{"@type":"Article","@id":"https:\/\/fjala.info\/2009-2015\/shqiperi-qe-kur-ke-lere-shtetaret-te-kane-dhjere\/#article","isPartOf":{"@id":"https:\/\/fjala.info\/2009-2015\/shqiperi-qe-kur-ke-lere-shtetaret-te-kane-dhjere\/"},"author":{"name":"admin","@id":"https:\/\/fjala.info\/2009-2015\/#\/schema\/person\/3aa1163ef05469c496fc94e77611ada2"},"headline":"Shqip\u00ebri q\u00eb kur ke ler\u00eb, shtetar\u00ebt t\u00eb kan\u00eb dhjer\u00eb","datePublished":"2011-12-02T22:25:39+00:00","mainEntityOfPage":{"@id":"https:\/\/fjala.info\/2009-2015\/shqiperi-qe-kur-ke-lere-shtetaret-te-kane-dhjere\/"},"wordCount":2586,"commentCount":0,"publisher":{"@id":"https:\/\/fjala.info\/2009-2015\/#organization"},"image":{"@id":"https:\/\/fjala.info\/2009-2015\/shqiperi-qe-kur-ke-lere-shtetaret-te-kane-dhjere\/#primaryimage"},"thumbnailUrl":"http:\/\/www.shkoder.net\/images\/fjala\/shefki_hysa1.jpg","articleSection":["Artikuj"],"inLanguage":"sq-AL","potentialAction":[{"@type":"CommentAction","name":"Comment","target":["https:\/\/fjala.info\/2009-2015\/shqiperi-qe-kur-ke-lere-shtetaret-te-kane-dhjere\/#respond"]}]},{"@type":"WebPage","@id":"https:\/\/fjala.info\/2009-2015\/shqiperi-qe-kur-ke-lere-shtetaret-te-kane-dhjere\/","url":"https:\/\/fjala.info\/2009-2015\/shqiperi-qe-kur-ke-lere-shtetaret-te-kane-dhjere\/","name":"Shqip\u00ebri q\u00eb kur ke ler\u00eb, shtetar\u00ebt t\u00eb kan\u00eb dhjer\u00eb - FjALA e LIR\u00cb - Arkivi","isPartOf":{"@id":"https:\/\/fjala.info\/2009-2015\/#website"},"primaryImageOfPage":{"@id":"https:\/\/fjala.info\/2009-2015\/shqiperi-qe-kur-ke-lere-shtetaret-te-kane-dhjere\/#primaryimage"},"image":{"@id":"https:\/\/fjala.info\/2009-2015\/shqiperi-qe-kur-ke-lere-shtetaret-te-kane-dhjere\/#primaryimage"},"thumbnailUrl":"http:\/\/www.shkoder.net\/images\/fjala\/shefki_hysa1.jpg","datePublished":"2011-12-02T22:25:39+00:00","breadcrumb":{"@id":"https:\/\/fjala.info\/2009-2015\/shqiperi-qe-kur-ke-lere-shtetaret-te-kane-dhjere\/#breadcrumb"},"inLanguage":"sq-AL","potentialAction":[{"@type":"ReadAction","target":["https:\/\/fjala.info\/2009-2015\/shqiperi-qe-kur-ke-lere-shtetaret-te-kane-dhjere\/"]}]},{"@type":"ImageObject","inLanguage":"sq-AL","@id":"https:\/\/fjala.info\/2009-2015\/shqiperi-qe-kur-ke-lere-shtetaret-te-kane-dhjere\/#primaryimage","url":"http:\/\/www.shkoder.net\/images\/fjala\/shefki_hysa1.jpg","contentUrl":"http:\/\/www.shkoder.net\/images\/fjala\/shefki_hysa1.jpg"},{"@type":"BreadcrumbList","@id":"https:\/\/fjala.info\/2009-2015\/shqiperi-qe-kur-ke-lere-shtetaret-te-kane-dhjere\/#breadcrumb","itemListElement":[{"@type":"ListItem","position":1,"name":"Home","item":"https:\/\/fjala.info\/2009-2015\/"},{"@type":"ListItem","position":2,"name":"Shqip\u00ebri q\u00eb kur ke ler\u00eb, shtetar\u00ebt t\u00eb kan\u00eb dhjer\u00eb"}]},{"@type":"WebSite","@id":"https:\/\/fjala.info\/2009-2015\/#website","url":"https:\/\/fjala.info\/2009-2015\/","name":"FjALA e LIR\u00cb - Arkivi","description":"Arkivi 2009-2015","publisher":{"@id":"https:\/\/fjala.info\/2009-2015\/#organization"},"potentialAction":[{"@type":"SearchAction","target":{"@type":"EntryPoint","urlTemplate":"https:\/\/fjala.info\/2009-2015\/?s={search_term_string}"},"query-input":{"@type":"PropertyValueSpecification","valueRequired":true,"valueName":"search_term_string"}}],"inLanguage":"sq-AL"},{"@type":"Organization","@id":"https:\/\/fjala.info\/2009-2015\/#organization","name":"FjALA e LIR\u00cb - Arkivi","url":"https:\/\/fjala.info\/2009-2015\/","logo":{"@type":"ImageObject","inLanguage":"sq-AL","@id":"https:\/\/fjala.info\/2009-2015\/#\/schema\/logo\/image\/","url":"","contentUrl":"","caption":"FjALA e LIR\u00cb - Arkivi"},"image":{"@id":"https:\/\/fjala.info\/2009-2015\/#\/schema\/logo\/image\/"}},{"@type":"Person","@id":"https:\/\/fjala.info\/2009-2015\/#\/schema\/person\/3aa1163ef05469c496fc94e77611ada2","name":"admin","image":{"@type":"ImageObject","inLanguage":"sq-AL","@id":"https:\/\/fjala.info\/2009-2015\/wp-content\/uploads\/2012\/02\/arben_cokaj-120x150.jpg","url":"https:\/\/fjala.info\/2009-2015\/wp-content\/uploads\/2012\/02\/arben_cokaj-120x150.jpg","contentUrl":"https:\/\/fjala.info\/2009-2015\/wp-content\/uploads\/2012\/02\/arben_cokaj-120x150.jpg","caption":"admin"},"description":"Admin, Fjala e Lir\u00eb","sameAs":["https:\/\/fjala.info\/"],"url":"https:\/\/fjala.info\/2009-2015\/author\/admin\/"}]}},"_links":{"self":[{"href":"https:\/\/fjala.info\/2009-2015\/wp-json\/wp\/v2\/posts\/11500","targetHints":{"allow":["GET"]}}],"collection":[{"href":"https:\/\/fjala.info\/2009-2015\/wp-json\/wp\/v2\/posts"}],"about":[{"href":"https:\/\/fjala.info\/2009-2015\/wp-json\/wp\/v2\/types\/post"}],"author":[{"embeddable":true,"href":"https:\/\/fjala.info\/2009-2015\/wp-json\/wp\/v2\/users\/1"}],"replies":[{"embeddable":true,"href":"https:\/\/fjala.info\/2009-2015\/wp-json\/wp\/v2\/comments?post=11500"}],"version-history":[{"count":0,"href":"https:\/\/fjala.info\/2009-2015\/wp-json\/wp\/v2\/posts\/11500\/revisions"}],"wp:attachment":[{"href":"https:\/\/fjala.info\/2009-2015\/wp-json\/wp\/v2\/media?parent=11500"}],"wp:term":[{"taxonomy":"category","embeddable":true,"href":"https:\/\/fjala.info\/2009-2015\/wp-json\/wp\/v2\/categories?post=11500"},{"taxonomy":"post_tag","embeddable":true,"href":"https:\/\/fjala.info\/2009-2015\/wp-json\/wp\/v2\/tags?post=11500"}],"curies":[{"name":"wp","href":"https:\/\/api.w.org\/{rel}","templated":true}]}}