{"id":115,"date":"2011-11-11T23:01:09","date_gmt":"2011-11-11T22:01:09","guid":{"rendered":"http:\/\/fjala.shkoder.net\/?p=115"},"modified":"2011-11-11T23:01:09","modified_gmt":"2011-11-11T22:01:09","slug":"raportet-me-pronaret-e-mediave","status":"publish","type":"post","link":"https:\/\/fjala.info\/2009-2015\/raportet-me-pronaret-e-mediave\/","title":{"rendered":"RAPORTET ME PRONAR\u00cbT E MEDIAVE"},"content":{"rendered":"<p><img decoding=\"async\" class=\"alignright size-thumbnail wp-image-7236\" title=\"Edi Rama - Kurban\" src=\"http:\/\/www.shkoder.net\/images\/fjala\/2011\/kurban_edi_rama.jpg\" alt=\"\" width=\"300\" \/> <em><strong>Marr\u00ebdh\u00ebniet me Kok\u00ebdhim\u00ebn, dyshimet p\u00ebr vdekjen e Tanit, raporti me Frangajn<\/strong><\/em><\/p>\n<p><em>N\u00eb librin \u201cKurban\u201d, Edi Rama ka shkruar edhe mbi marr\u00ebdh\u00ebniet me pronar\u00ebt e mediave kryesore n\u00eb Shqip\u00ebri. Nj\u00eb kapitull i ve\u00e7ant\u00eb i \u00ebsht\u00eb kushtuar vdekjes s\u00eb \u201cTanit t\u00eb Topit\u201d dhe dyshimeve t\u00eb Edi Ram\u00ebs p\u00ebr aksidentin tragjik me Ferrari. M\u00eb posht\u00eb pjes\u00ebt:<\/em><\/p>\n<p>Nga <strong>Edi Rama<\/strong><\/p>\n<p><strong>P\u00ebr Shekullin dhe Ko\u00e7o Kok\u00ebdhim\u00ebn<\/strong><\/p>\n<p>\u201c\u2026Nisur nga skandali londinez i k\u00ebtij gushti p\u00ebrv\u00eblues dhe nga disa tituj e q\u00ebndrime kritike t\u00eb gazet\u00ebs \u201cShekulli\u201d ndaj meje, pas vjedhjes s\u00eb r\u00ebnd\u00eb t\u00eb Tiran\u00ebs, Mu\u00e7i (Mustafa Nano sh.r) kishte nxjerr\u00eb konkluzionin q\u00eb Edi Ram\u00ebn e la m\u00eb n\u00eb fund edhe miku i tij Kok\u00ebdhima, i cili, sipas Mu\u00e7it, pask\u00ebsh hyr\u00eb me mij\u00ebra her\u00eb nga dera e pasme e bashkis\u00eb, si\u00e7 kishte hyr\u00eb disa her\u00eb Murdoch-u nga dera e pasme e godin\u00ebs nr.10 n\u00eb Do\u00ebning Street (banesa e kryeministrit britanik sh.r). Dhe mbi paralelen e \u00e7artur e hamendjen e gabuar t\u00eb prishjes mes meje e mikut tim, k\u00ebrkonte sqarime publike p\u00ebr k\u00ebt\u00eb prishje nga dy t\u00eb akuzuarit, nd\u00ebrkoh\u00eb q\u00eb s\u2019kursente, p\u00ebrve\u00e7 fjal\u00ebve t\u00eb duhura n\u00eb mbrojtje t\u00eb parimeve t\u00eb liris\u00eb s\u00eb medias nga politikan\u00ebt uzurpator\u00eb t\u00eb saj p\u00ebrmes k\u00ebmbimit t\u00eb interesave t\u00eb err\u00ebta, edhe fjal\u00eb t\u00eb tep\u00ebrta n\u00eb adres\u00ebn time, si p\u00ebrfaq\u00ebsues i rac\u00ebs s\u00eb ul\u00ebt t\u00eb uzurpator\u00ebve, duke shkuar akoma m\u00eb tej, te prishja e hamend\u00ebsuar, e cila qenkej nj\u00eb prov\u00eb e fjal\u00ebve t\u00eb p\u00ebrhapura lidhur me mua q\u00eb i l\u00eb njer\u00ebzit n\u00eb balt\u00eb, jam mosmir\u00ebnjoh\u00ebs, i begenis t\u00eb tjer\u00ebt vet\u00ebm kur jam nevojtar p\u00ebr mb\u00ebshtetjen e tyre e t\u00eb tjera, e t\u00eb tjera.<\/p>\n<p>S\u2019\u00ebsht\u00eb ky nj\u00eb reagim ndaj nj\u00eb lajthitjeje periodike n\u00eb vazhd\u00ebn e gjat\u00eb t\u00eb kontributeve t\u00eb vyera t\u00eb Mustafa Nanos n\u00eb sh\u00ebrbim t\u00eb emancipimit t\u00eb k\u00ebsaj shoq\u00ebrie, as nuk e sjell k\u00ebtu p\u00ebrmbajtjen e k\u00ebtij artikulli rast\u00ebsisht, por vet\u00ebm sepse rast\u00ebsia e solli q\u00eb t\u00eb botohej n\u00eb dit\u00ebt e rr\u00ebfimit tim, duke m\u00eb dh\u00ebn\u00eb nj\u00eb dor\u00eb p\u00ebrmes ftes\u00ebs p\u00ebr ta prekur, nisur nga miq\u00ebsia ime e vyer me Ko\u00e7o Kok\u00ebdhim\u00ebn, k\u00ebt\u00eb an\u00eb t\u00eb r\u00ebnd\u00ebsishme e t\u00eb mundimshme t\u00eb t\u00eb jetuarit n\u00eb krye t\u00eb pun\u00ebve t\u00eb Tiran\u00ebs p\u00ebr nj\u00ebmb\u00ebdhjet\u00eb vjet, p\u00ebr t\u00eb t\u00eb folur p\u00ebr marr\u00ebdh\u00ebnien aspak t\u00eb thjesht\u00eb me pushtetin e kat\u00ebrt, me pronar\u00ebt, analist\u00ebt e gazetar\u00ebt e shumt\u00eb q\u00eb puna e tyre i ka lidhur me mua apo puna ime m\u00eb ka lidhur me ta. Si fillim, nj\u00ebher\u00eb, s\u2019ka asnj\u00eb prishje mes meje e Kok\u00ebdhim\u00ebs, kaq do t\u00eb mjaftonte p\u00ebr t\u00eb th\u00ebn\u00eb sa kot ia ka mbytur Mu\u00e7i duke marr\u00eb si fakt nj\u00eb hamendje a thashetheme, gj\u00eb q\u00eb s\u2019ndodh, natyrisht, p\u00ebr her\u00eb t\u00eb par\u00eb e s\u2019i ndodh vet\u00ebm atij, \u00ebsht\u00eb pjes\u00eb e kultur\u00ebs s\u00eb shpjegimit t\u00eb gj\u00ebrave n\u00eb vendin ton\u00eb, por sigurisht as thelbi i shqet\u00ebsimit t\u00eb opinionistit t\u00eb njohur s\u2019\u00ebsht\u00eb ky e as, si\u00e7 e thash\u00eb, arsyeja pse po merrem me p\u00ebrsiatjen e tij s\u2019\u00ebsht\u00eb n\u00eb thelb kjo.<\/p>\n<p>\u00cbsht\u00eb koha p\u00ebr t\u2019i th\u00ebn\u00eb a\u00e7ik disa gj\u00ebra, \u00ebsht\u00eb koha p\u00ebr t\u00eb th\u00ebn\u00eb se Ko\u00e7o Kok\u00ebdhima as ka hyr\u00eb ndonj\u00ebher\u00eb nga dera e pasme e bashkis\u00eb e as ka p\u00ebrfituar nga miq\u00ebsia shum\u00ebvje\u00e7are me mua gj\u00ebsend q\u00eb nuk i ka takuar si sip\u00ebrmarr\u00ebs nd\u00ebr gjith\u00eb t\u00eb tjer\u00ebt. Madje, miq\u00ebsia me t\u00eb m\u00eb ka dh\u00ebn\u00eb mund\u00ebsin\u00eb t\u2019ia njoh nga af\u00ebr andrallat e panum\u00ebrta dhe plag\u00ebt e r\u00ebnda q\u00eb i jan\u00eb hapur biznesit t\u00eb tij p\u00ebr shkak t\u00eb q\u00ebndrimeve opozitare t\u00eb gazet\u00ebs \u201cShekulli\u201d. Emri i \u00ebsht\u00eb kthyer si pakkujt nd\u00ebr jopolitikan\u00ebt n\u00eb tabel\u00eb qitjeje p\u00ebr armat\u00ebn e balt\u00ebs, val\u00ebt e sulmeve t\u00eb paparimta t\u00eb qeveris\u00eb e kan\u00eb prekur disa her\u00eb fort, madje edhe n\u00eb koh\u00ebn e socialist\u00ebve, nd\u00ebrsa koha e Saliut ka qen\u00eb dallg\u00eb th\u00ebrrmuese p\u00ebr nd\u00ebrmarrjet q\u00eb ka nd\u00ebrtuar me kuraj\u00eb t\u00eb \u00e7artur, zgjuarsi e vullnet t\u00eb pazakonsh\u00ebm n\u00eb rrokopujat e viteve \u201990. D\u00ebmet morale e materiale t\u00eb p\u00ebsuara nga lufta kriminale q\u00eb i ka b\u00ebr\u00eb shteti duke e akuzuar e goditur si piramid\u00eb, kontraktor abuzues i parave publike, dor\u00eb mafioze e Bashkis\u00eb s\u00eb Tiran\u00ebs e plot akoma, flasin vet\u00eb p\u00ebr koston marramend\u00ebse t\u00eb besnik\u00ebris\u00eb s\u00eb shtypit t\u00eb financuar nga Kok\u00ebdhima ndaj lexuesve t\u00eb vet. Ashtu si\u00e7 flet vet\u00eb p\u00ebr natyr\u00ebn e sh\u00ebndetshme t\u00eb miq\u00ebsis\u00eb son\u00eb dokumentacioni zyrtar i nj\u00eb dekade t\u00eb t\u00ebr\u00eb n\u00eb bashkin\u00eb e drejtuar prej meje, ku kompanit\u00eb e Ko\u00e7o Kok\u00ebdhim\u00ebs nuk kan\u00eb marr\u00eb as m\u00eb shum\u00eb tendera, as m\u00eb shum\u00eb leje nd\u00ebrtimi, as m\u00eb shum\u00eb licenca apo audienca, se sa plot e plot kompani t\u00eb tjera.<\/p>\n<p>N\u00ebse Mustafai, p\u00ebr vite t\u00eb t\u00ebra editorialist i \u201cShekullit\u201d, apo kushdoqoft\u00eb tjet\u00ebr q\u00eb ka sinqerisht p\u00ebr zem\u00ebr si ai problemet e liris\u00eb s\u00eb shtypit, do t\u00eb nd\u00ebrmerrte nj\u00eb vrojtim t\u00ebr\u00ebsor mbi sa po tregoj, s\u2019ka asnj\u00eb far\u00eb dyshimi se do t\u00eb kishte para syve gjurm\u00ebt rr\u00ebqeth\u00ebse t\u00eb nj\u00eb bombardimi eg\u00ebrsisht t\u00eb pand\u00ebrprer\u00eb t\u00eb pushtetit mbi bizneset e k\u00ebtij botuesi dhe do ta nxirrte pa ndonj\u00eb mund t\u00eb ve\u00e7ant\u00eb p\u00ebrfundimin se falimentimi i shum\u00eb kompanive fitimprur\u00ebse t\u00eb Ko\u00e7o Kok\u00ebdhim\u00ebs dhe k\u00ebrc\u00ebnimi me hijen e falimentimit i t\u00eb mezit\u00ebmbeturave m\u00eb k\u00ebmb\u00eb, nd\u00ebr t\u00eb cilat edhe vet\u00eb \u201cShekulli\u201d, ka nj\u00eb arsye e vet\u00ebm nj\u00eb, q\u00ebndrimin antikonformist t\u00eb \u201cShekullit\u201d. E t\u00ebr\u00eb balta e hedhur mbi t\u00eb me vite, t\u00eb gjitha orvatjet e udh\u00ebhequra apo sponsorizuara nga zyrat e kryeministrave p\u00ebr ta rr\u00ebnuar personalitetin publik t\u00eb mikut tim me shpifje, fabrikime, intriga, bllokimet arbitrare t\u00eb pun\u00ebs s\u00eb nd\u00ebrmarrjeve apo t\u00eb marr\u00ebdh\u00ebnieve me bankat p\u00ebrmes bllokimit absolutisht t\u00eb paligjsh\u00ebm t\u00eb \u00e7do dokumenti hipotekor ku figuron emri i tij, sepse k\u00ebshtu ka urdh\u00ebruar Saliu, p\u00ebrjashtimet e dhunshme nga garat dhe gjobat e panum\u00ebrta mafioze t\u00eb taksidar\u00ebve t\u00eb pushtetit, shtrirja e presionit te puna e v\u00ebllez\u00ebrve a deri tek kush\u00ebrinjt\u00eb me t\u00eb nj\u00ebjtin mbiem\u00ebr, si edhe k\u00ebrc\u00ebnimet ndaj atij vet\u00eb e familjes, t\u00eb mbajtura ky\u00e7ur n\u00eb heshtjen e botuesit p\u00ebr t\u00eb mos komprometuar produktet e veta mediatike, s\u2019kan\u00eb asnj\u00eb arsye tjet\u00ebr p\u00ebrve\u00e7 refuzimeve t\u00eb p\u00ebrs\u00ebritura kategorike t\u00eb Kok\u00ebdhim\u00ebs p\u00ebr t\u2019ua dor\u00ebzuar njer\u00ebzve t\u00eb pushtetit pavar\u00ebsin\u00eb editoriale t\u00eb gazet\u00ebs \u201cShekulli\u201d qysh nga dita e saj e lindjes deri sot.<\/p>\n<p>Ko\u00e7o Kok\u00ebdhima nuk \u00ebsht\u00eb as shenjt, as hero, \u00ebsht\u00eb vet\u00ebm nj\u00eb personazh atipik, me vlera e huqe t\u00eb vjetra prej shqiptari t\u00eb dal\u00eb vetmitar n\u00eb f\u00ebmij\u00ebri nga nj\u00eb sht\u00ebpi shum\u00eb e varf\u00ebr fshati n\u00eb jugun e thell\u00eb dhe t\u00eb ngjitur n\u00eb t\u00eb p\u00ebrpjet\u00ebn e suksesit social me talent, dije, thonj, nj\u00eb njeri asfare i zakonsh\u00ebm prej t\u00eb cilit mund t\u00eb m\u00ebsosh jo pak e me t\u00eb cilin mund t\u00eb mos biesh shpeshher\u00eb dakord, po kurr\u00eb s\u2019mund t\u00eb ngec\u00ebsh n\u00eb banalitetin e interesave meskine, pa\u00e7ka se \u00ebnd\u00ebrrimtari i palodhur dhe pragmatisti i pashoq jan\u00eb dy an\u00ebt simetrike t\u00eb qenies s\u00eb tij. Por \u00e7ka botuesi kok\u00ebfort\u00eb i \u201cShekullit\u201d me siguri s\u2019\u00ebsht\u00eb gj\u00ebkundi \u00ebsht\u00eb nami q\u00eb i kan\u00eb v\u00ebn\u00eb pas, duke e p\u00ebrgojuar p\u00ebr vite me radh\u00eb ata q\u00eb e duan n\u00eb gjunj\u00eb, kund\u00ebrshtar\u00ebt e veshur me pushtet, t\u00eb ndjekur nga ata q\u00eb gj\u00ebrat p\u00ebr t\u00eb i kan\u00eb me t\u00eb d\u00ebgjuar, po shkojn\u00eb pas t\u00eb par\u00ebve, apo nga ata q\u00eb pashkuar pas t\u00eb par\u00ebve, shkojn\u00eb pas asaj q\u00eb kan\u00eb d\u00ebgjuar\u2026\u201d<\/p>\n<p><strong>Dyshimet p\u00ebr vdekjen e Tanit t\u00eb Topit<\/strong><\/p>\n<p>\u201c\u2026S\u2019m\u00eb shqitet dot m\u00eb nga kujtesa fakti se me Tanin e Topit na ndau n\u00eb fund, p\u00ebr disa muaj, nj\u00eb sherr p\u00ebr nj\u00eb t\u00eb drejt\u00eb hyrjeje me makin\u00eb n\u00eb Parkun e Liqenit, ku i ndjeri mik i anj\u00ebher\u00ebharruar shkonte p\u00ebr t\u2019u ushtruar n\u00eb palest\u00ebr, po ku bashkia kishte kufizuar l\u00ebvizjen e makinave, duke e kthyer parkun n\u00eb zon\u00eb k\u00ebmb\u00ebsore, k\u00ebsisoj s\u2019mund t\u00eb b\u00ebhej asnj\u00eb p\u00ebrjashtim, as p\u00ebr Ferrari-n apo Bentley-n q\u00eb p\u00ebr Tanin ishin skulptura vrapuese, q\u00eb vet\u00ebm mund ta zbukuronin parkun duke u ndalur n\u00eb zem\u00ebr t\u00eb tij dhe jo kat\u00ebrrrotak\u00eb t\u00eb r\u00ebndomt\u00eb, si ata q\u00eb ndaloheshin nga trau ku rrinte polici bashkiak, t\u00eb kap\u00ebrcenin kufirin e zon\u00ebs k\u00ebmb\u00ebsore. Ishte si f\u00ebmij\u00eb Tani n\u00eb pasionet e veta, pasione t\u00eb pap\u00ebrmbajtshme q\u00eb e b\u00ebnin pa kufi mosdurimin p\u00ebrball\u00eb \u00e7do lloj pengese, nga pengesat m\u00eb t\u00eb m\u00ebdha q\u00eb realiteti shqiptar mund t\u2019i vinte nj\u00eb imagjinate gjeniale si e tija, e ushqyer me flak\u00ebn e pasionit p\u00ebr shpejt\u00ebsin\u00eb e transformimeve n\u00eb bot\u00ebn e teknologjis\u00eb s\u00eb lart\u00eb dhe v\u00ebnien e asaj shpejt\u00ebsie n\u00eb jet\u00eb p\u00ebr t\u00eb kapur Shqip\u00ebrin\u00eb tjet\u00ebr p\u00ebrmes ekranit ultramodern q\u00eb krijoi apo ritmin e er\u00ebs p\u00ebrmes makinave fantastike q\u00eb ngiste, deri te pengesa e vog\u00ebl e \u201ctraut t\u00eb sh\u00ebmtut\u201d q\u00eb i prishte nganj\u00ebher\u00eb gjumin, duke u b\u00ebr\u00eb shkak p\u00ebr sms-t\u00eb e tij habitore q\u00eb ndri\u00e7uan disa her\u00eb ekranin e celularit tim n\u00eb or\u00ebt e vogla t\u00eb m\u00ebngjesit, gjat\u00eb atyre muajve q\u00eb sherri na kishte ndar\u00eb me traun e heshtjes.<\/p>\n<p>Mes nesh kishte miq\u00ebsi, admirim reciprok p\u00ebr pasionin me t\u00eb cilin i jetonim gj\u00ebrat q\u00eb b\u00ebnim, gjat\u00ebsi t\u00eb nj\u00ebjta vale n\u00eb kuptimin e nevoj\u00ebs p\u00ebr transformim rr\u00ebnj\u00ebsor t\u00eb realitetit t\u00eb prapambetur shqiptar, por kishte, po ashtu, edhe nj\u00eb kufi t\u00eb qart\u00eb, kufiri i moscenimit t\u00eb pavar\u00ebsis\u00eb s\u00eb secilit, Tani n\u00eb mbrojtje t\u00eb ekranit t\u00eb tij, q\u00eb e ruante nga \u00e7do nd\u00ebrhyrje e jashtme me shum\u00ebxhelozin\u00eb e nj\u00eb t\u00eb dashuruari verb\u00ebrisht, un\u00eb n\u00eb kryerjen e detyr\u00ebs sime publike, q\u00eb gjithnj\u00eb p\u00ebrpiqesha ta ruaja n\u00eb integritetin e vet, mes v\u00ebshtir\u00ebsish t\u00eb natyrave nga m\u00eb t\u00eb ndryshmet, nd\u00ebr t\u00eb cilat mbetej konstante v\u00ebshtir\u00ebsia n\u00eb p\u00ebrballimin e shantazheve mediatike p\u00ebr t\u00eb p\u00ebrfituar v\u00ebmendje e akses p\u00ebr interesa private, gj\u00eb q\u00eb, p\u00ebr hir t\u00eb s\u00eb v\u00ebrtet\u00ebs me Tanin e Topit, nuk ndodhi kurr\u00eb. Sepse ai asnj\u00ebher\u00eb nuk e p\u00ebrdori pushtetin absolut t\u00eb ekranit t\u00eb vet p\u00ebr t\u00eb shantazhuar k\u00ebdoqoft\u00eb dhe pak\u00ebnaq\u00ebsit\u00eb ose hat\u00ebrmbetjet e veta, me mua ndonj\u00ebher\u00eb a me t\u00eb tjer\u00eb njer\u00ebz me pushtet deri n\u00eb 2005-\u00ebn, kur pu-shteti ende s\u2019i kishte dal\u00eb p\u00ebrball\u00eb me dh\u00ebmb\u00ebt e jarg\u00ebt k\u00ebrc\u00ebnuese t\u00eb Saliut, s\u2019e cenuan n\u00eb asnj\u00eb rast besnik\u00ebrin\u00eb fanatike t\u00eb Tanit ndaj audiences sunduese t\u00eb Top Channel-it, ku vija e pavarur editoriale u mbrojt deri n\u00eb fund me krenari e kosto t\u00eb jasht\u00ebzakonshme financiare, n\u00eb kushtet e nj\u00eb konkurrence kryek\u00ebput t\u00eb pandershme, sidomos kur ndaj monumentit t\u00eb inovacionit pamor e teknologjik q\u00eb ai ngriti e ndaj atij vet\u00eb, u hap nj\u00eb gjueti djall\u00ebzore shtrigash n\u00ebn udh\u00ebheqjen e kryeministrit t\u00eb vendit. Misteri s\u2019do t\u00eb fashitet asnj\u00ebher\u00eb mbi t\u00eb v\u00ebrtet\u00ebn e ikjes s\u00eb tij aq t\u00eb parakohshme nga kjo bot\u00eb, edhe pse i parakohsh\u00ebm si\u00e7 ishte n\u00eb mjedisin ku mbiu fara e gjenialitetit t\u00eb vet e ku imponoi me nj\u00eb vep\u00ebr historike shpejt\u00ebsin\u00eb e sk\u00ebterrshme t\u00eb imagjinat\u00ebs s\u00eb tij, logjika dor\u00ebzohet para ndjesis\u00eb se ishte i destinuar q\u00eb ta parakalonte vdekjen e ngadalt\u00eb natyrale p\u00ebr t\u00eb shkuar para kohe n\u00eb stacionin e saj. Po n\u00ebse dora q\u00eb zbatoi \u00e7ka shkruhej n\u00eb at\u00eb fat t\u00eb paracaktuar ishte at\u00eb nat\u00eb n\u00eb timonin e Ferrari-t t\u00eb kuq apo gjetk\u00eb, k\u00ebt\u00eb s\u2019kemi p\u00ebr ta m\u00ebsuar kurr\u00eb\u2026.\u201d<\/p>\n<p><strong>Marr\u00ebdh\u00ebniet me Aleksand\u00ebr Frangajn<\/strong><\/p>\n<p>\u201c\u2026Duke kthyer kok\u00ebn mbrapa, jam krenar q\u00eb u krijova mund\u00ebsin\u00eb disa pronar\u00ebve mediash, t\u00eb Klanit, Top Albanian Radios e Top Channel-it, Ne\u00ebs 24-\u00ebs e Gazet\u00ebs Shqiptare, q\u00eb t\u00eb merrnin me qira mjedise t\u00eb m\u00ebdha shtet\u00ebrore p\u00ebr t\u00eb zhvilluar aktivitetin e tyre dhe transformuar rr\u00ebnj\u00ebsisht bot\u00ebn mediatike shqiptare, duke e kthyer pushtetin e kat\u00ebrt n\u00eb nj\u00eb pushtet t\u00eb ushtruar p\u00ebrmes nj\u00eb infrastrukture ideale p\u00ebr Shqip\u00ebrin\u00eb, ku fal\u00eb dhuntive te tyre nd\u00ebrtuan struktura t\u00eb jasht\u00ebzakonshme, p\u00ebr t\u00eb cilat do t\u2019u duheshin shum\u00eb vite m\u00eb shum\u00eb pa mb\u00ebshtetjen time fillestare, pa\u00e7ka se kjo mund t\u00eb lexohej e lexohet sot e gjith\u00eb dit\u00ebn si nj\u00eb moment kusht\u00ebzimi apo kapjeje, si\u00e7 kan\u00eb qejf ta p\u00ebrshkruajn\u00eb detraktor\u00ebt e mi. S\u2019kam asnj\u00eb pendes\u00eb, po ashtu, sepse s\u2019kam b\u00ebr\u00eb asnj\u00eb m\u00ebkat, p\u00ebr gjith\u00eb sa jam p\u00ebrpjekur t\u00eb b\u00ebj p\u00ebr t\u2019i ndihmuar a leht\u00ebsuar financiarisht mediat, duke mb\u00ebshtetur projekte t\u00eb p\u00eblqyeshme mediatike t\u00eb gjithkujt kam mundur apo firmosur leje nd\u00ebrtimi p\u00ebr k\u00ebdo nd\u00ebr njer\u00ebzit e mediave q\u00eb kan\u00eb paraqitur n\u00eb Bashkin\u00eb e Tiran\u00ebs k\u00ebrkesa t\u00eb bazuara n\u00eb ligj, qoft\u00eb kur kan\u00eb qen\u00eb nd\u00ebrtues p\u00ebrpara se sa t\u00eb ngrinin kantierin e tyre mediatik apo qoft\u00eb kur kan\u00eb marr\u00eb p\u00ebrsip\u00ebr t\u00eb investojn\u00eb n\u00eb nd\u00ebrtimtari, pasi jan\u00eb b\u00ebr\u00eb t\u00eb kamur e ndikues n\u00eb pun\u00ebt e pushtetit t\u00eb kat\u00ebrt.<\/p>\n<p>Nuk pendohem sot asnj\u00eb dekik pse s\u2019e kam penguar Aleksand\u00ebr Frangajn t\u00eb kthehet nga pronari i nj\u00eb televizioni komb\u00ebtar n\u00eb investitor p\u00ebr nj\u00eb nd\u00ebrtim t\u00eb konsideruesh\u00ebm n\u00eb Tiran\u00eb, n\u00eb koh\u00ebn kur ekrani i kontrolluar prej tij derdhte vrer ndaj meje, Bashkis\u00eb s\u00eb Tiran\u00ebs e Partis\u00eb Socialiste, sepse asnj\u00ebher\u00eb s\u2019e kam par\u00eb pushtetin e marr\u00eb nga qytetar\u00ebt si nj\u00eb fuqi p\u00ebr t\u00eb penguar cilindo qytetar t\u00eb k\u00ebtij vendi, edhe m\u00eb kund\u00ebrshtuesin a t\u00eb pasjellshmin deri n\u00eb vulgaritet ndaj emrit tim, n\u00eb ushtrimin e nj\u00eb t\u00eb drejte t\u00eb tij kushtetuese e ligjore, askush s\u2019mund t\u00eb provoj\u00eb t\u00eb kund\u00ebrt\u00ebn, ashtu sikund\u00ebr raportin me njer\u00ebzit e mediave s\u2019e kam nd\u00ebrtuar kurr\u00eb me parimin \u201cm\u00eb jep, t\u00eb jap\u201d, pavar\u00ebsisht se s\u2019kam as si, as pse e fsheh, q\u00eb krijimi apo forcimi i miq\u00ebsis\u00eb, komunikimit, mir\u00ebkuptimit politik, ka qen\u00eb pjes\u00eb e historis\u00eb s\u00eb k\u00ebtij raporti. \u00cbsht\u00eb e v\u00ebrtet\u00eb q\u00eb kur Marsel Sk\u00ebndo dhe Aleksand\u00ebr Frangaj kan\u00eb ardhur n\u00eb zyr\u00ebn time n\u00eb Ministrin\u00eb e Kultur\u00ebs p\u00ebr t\u00eb marr\u00eb prej meje firm\u00ebn e qiras\u00eb p\u00ebr palestr\u00ebn e rr\u00ebnuar t\u00eb komunizmit pas stadiumit \u201cQemal Stafa\u201d, q\u00eb u kthye n\u00eb studion e par\u00eb moderne televizive n\u00eb Shqip\u00ebri, s\u2019kam pranuar t\u00eb marr asnj\u00eb shp\u00ebrblim n\u00eb para n\u00eb k\u00ebmbim t\u00eb firm\u00ebs sime, ashtu si s\u2019kam pranuar prej askujt, nga dita e par\u00eb e deri n\u00eb dit\u00ebn e fundit, po u kam k\u00ebrkuar mb\u00ebshtetje mediatike p\u00ebr pun\u00ebn time e aktivitetin e ministris\u00eb. A \u00ebsht\u00eb ky nj\u00eb kusht\u00ebzim i liris\u00eb s\u00eb medias?\u2026\u201d<\/p>\n","protected":false},"excerpt":{"rendered":"<p>Marr\u00ebdh\u00ebniet me Kok\u00ebdhim\u00ebn, dyshimet p\u00ebr vdekjen e Tanit, raporti me Frangajn N\u00eb librin \u201cKurban\u201d, Edi Rama ka shkruar edhe mbi marr\u00ebdh\u00ebniet me pronar\u00ebt e mediave kryesore n\u00eb Shqip\u00ebri. Nj\u00eb kapitull i ve\u00e7ant\u00eb i \u00ebsht\u00eb kushtuar vdekjes s\u00eb \u201cTanit t\u00eb Topit\u201d dhe dyshimeve t\u00eb Edi Ram\u00ebs p\u00ebr aksidentin tragjik me Ferrari. M\u00eb posht\u00eb pjes\u00ebt: Nga Edi [&hellip;]<\/p>\n","protected":false},"author":1,"featured_media":0,"comment_status":"open","ping_status":"closed","sticky":false,"template":"","format":"standard","meta":{"footnotes":""},"categories":[2],"tags":[],"class_list":{"0":"post-115","1":"post","2":"type-post","3":"status-publish","4":"format-standard","6":"category-artikuj"},"yoast_head":"<!-- This site is optimized with the Yoast SEO plugin v27.4 - https:\/\/yoast.com\/product\/yoast-seo-wordpress\/ -->\n<title>RAPORTET ME PRONAR\u00cbT E MEDIAVE - FjALA e LIR\u00cb - Arkivi<\/title>\n<meta name=\"robots\" content=\"index, follow, max-snippet:-1, max-image-preview:large, max-video-preview:-1\" \/>\n<link rel=\"canonical\" href=\"https:\/\/fjala.info\/2009-2015\/raportet-me-pronaret-e-mediave\/\" \/>\n<meta property=\"og:locale\" content=\"sq_AL\" \/>\n<meta property=\"og:type\" content=\"article\" \/>\n<meta property=\"og:title\" content=\"RAPORTET ME PRONAR\u00cbT E MEDIAVE - FjALA e LIR\u00cb - Arkivi\" \/>\n<meta property=\"og:description\" content=\"Marr\u00ebdh\u00ebniet me Kok\u00ebdhim\u00ebn, dyshimet p\u00ebr vdekjen e Tanit, raporti me Frangajn N\u00eb librin \u201cKurban\u201d, Edi Rama ka shkruar edhe mbi marr\u00ebdh\u00ebniet me pronar\u00ebt e mediave kryesore n\u00eb Shqip\u00ebri. Nj\u00eb kapitull i ve\u00e7ant\u00eb i \u00ebsht\u00eb kushtuar vdekjes s\u00eb \u201cTanit t\u00eb Topit\u201d dhe dyshimeve t\u00eb Edi Ram\u00ebs p\u00ebr aksidentin tragjik me Ferrari. M\u00eb posht\u00eb pjes\u00ebt: Nga Edi [&hellip;]\" \/>\n<meta property=\"og:url\" content=\"https:\/\/fjala.info\/2009-2015\/raportet-me-pronaret-e-mediave\/\" \/>\n<meta property=\"og:site_name\" content=\"FjALA e LIR\u00cb - Arkivi\" \/>\n<meta property=\"article:published_time\" content=\"2011-11-11T22:01:09+00:00\" \/>\n<meta property=\"og:image\" content=\"http:\/\/www.shkoder.net\/images\/fjala\/2011\/kurban_edi_rama.jpg\" \/>\n<meta name=\"author\" content=\"admin\" \/>\n<meta name=\"twitter:card\" content=\"summary_large_image\" \/>\n<meta name=\"twitter:label1\" content=\"Written by\" \/>\n\t<meta name=\"twitter:data1\" content=\"admin\" \/>\n\t<meta name=\"twitter:label2\" content=\"Est. reading time\" \/>\n\t<meta name=\"twitter:data2\" content=\"13 minutes\" \/>\n<script type=\"application\/ld+json\" class=\"yoast-schema-graph\">{\"@context\":\"https:\\\/\\\/schema.org\",\"@graph\":[{\"@type\":\"Article\",\"@id\":\"https:\\\/\\\/fjala.info\\\/2009-2015\\\/raportet-me-pronaret-e-mediave\\\/#article\",\"isPartOf\":{\"@id\":\"https:\\\/\\\/fjala.info\\\/2009-2015\\\/raportet-me-pronaret-e-mediave\\\/\"},\"author\":{\"name\":\"admin\",\"@id\":\"https:\\\/\\\/fjala.info\\\/2009-2015\\\/#\\\/schema\\\/person\\\/3aa1163ef05469c496fc94e77611ada2\"},\"headline\":\"RAPORTET ME PRONAR\u00cbT E MEDIAVE\",\"datePublished\":\"2011-11-11T22:01:09+00:00\",\"mainEntityOfPage\":{\"@id\":\"https:\\\/\\\/fjala.info\\\/2009-2015\\\/raportet-me-pronaret-e-mediave\\\/\"},\"wordCount\":2674,\"commentCount\":0,\"publisher\":{\"@id\":\"https:\\\/\\\/fjala.info\\\/2009-2015\\\/#organization\"},\"image\":{\"@id\":\"https:\\\/\\\/fjala.info\\\/2009-2015\\\/raportet-me-pronaret-e-mediave\\\/#primaryimage\"},\"thumbnailUrl\":\"http:\\\/\\\/www.shkoder.net\\\/images\\\/fjala\\\/2011\\\/kurban_edi_rama.jpg\",\"articleSection\":[\"Artikuj\"],\"inLanguage\":\"sq-AL\",\"potentialAction\":[{\"@type\":\"CommentAction\",\"name\":\"Comment\",\"target\":[\"https:\\\/\\\/fjala.info\\\/2009-2015\\\/raportet-me-pronaret-e-mediave\\\/#respond\"]}]},{\"@type\":\"WebPage\",\"@id\":\"https:\\\/\\\/fjala.info\\\/2009-2015\\\/raportet-me-pronaret-e-mediave\\\/\",\"url\":\"https:\\\/\\\/fjala.info\\\/2009-2015\\\/raportet-me-pronaret-e-mediave\\\/\",\"name\":\"RAPORTET ME PRONAR\u00cbT E MEDIAVE - FjALA e LIR\u00cb - Arkivi\",\"isPartOf\":{\"@id\":\"https:\\\/\\\/fjala.info\\\/2009-2015\\\/#website\"},\"primaryImageOfPage\":{\"@id\":\"https:\\\/\\\/fjala.info\\\/2009-2015\\\/raportet-me-pronaret-e-mediave\\\/#primaryimage\"},\"image\":{\"@id\":\"https:\\\/\\\/fjala.info\\\/2009-2015\\\/raportet-me-pronaret-e-mediave\\\/#primaryimage\"},\"thumbnailUrl\":\"http:\\\/\\\/www.shkoder.net\\\/images\\\/fjala\\\/2011\\\/kurban_edi_rama.jpg\",\"datePublished\":\"2011-11-11T22:01:09+00:00\",\"breadcrumb\":{\"@id\":\"https:\\\/\\\/fjala.info\\\/2009-2015\\\/raportet-me-pronaret-e-mediave\\\/#breadcrumb\"},\"inLanguage\":\"sq-AL\",\"potentialAction\":[{\"@type\":\"ReadAction\",\"target\":[\"https:\\\/\\\/fjala.info\\\/2009-2015\\\/raportet-me-pronaret-e-mediave\\\/\"]}]},{\"@type\":\"ImageObject\",\"inLanguage\":\"sq-AL\",\"@id\":\"https:\\\/\\\/fjala.info\\\/2009-2015\\\/raportet-me-pronaret-e-mediave\\\/#primaryimage\",\"url\":\"http:\\\/\\\/www.shkoder.net\\\/images\\\/fjala\\\/2011\\\/kurban_edi_rama.jpg\",\"contentUrl\":\"http:\\\/\\\/www.shkoder.net\\\/images\\\/fjala\\\/2011\\\/kurban_edi_rama.jpg\"},{\"@type\":\"BreadcrumbList\",\"@id\":\"https:\\\/\\\/fjala.info\\\/2009-2015\\\/raportet-me-pronaret-e-mediave\\\/#breadcrumb\",\"itemListElement\":[{\"@type\":\"ListItem\",\"position\":1,\"name\":\"Home\",\"item\":\"https:\\\/\\\/fjala.info\\\/2009-2015\\\/\"},{\"@type\":\"ListItem\",\"position\":2,\"name\":\"RAPORTET ME PRONAR\u00cbT E MEDIAVE\"}]},{\"@type\":\"WebSite\",\"@id\":\"https:\\\/\\\/fjala.info\\\/2009-2015\\\/#website\",\"url\":\"https:\\\/\\\/fjala.info\\\/2009-2015\\\/\",\"name\":\"FjALA e LIR\u00cb - Arkivi\",\"description\":\"Arkivi 2009-2015\",\"publisher\":{\"@id\":\"https:\\\/\\\/fjala.info\\\/2009-2015\\\/#organization\"},\"potentialAction\":[{\"@type\":\"SearchAction\",\"target\":{\"@type\":\"EntryPoint\",\"urlTemplate\":\"https:\\\/\\\/fjala.info\\\/2009-2015\\\/?s={search_term_string}\"},\"query-input\":{\"@type\":\"PropertyValueSpecification\",\"valueRequired\":true,\"valueName\":\"search_term_string\"}}],\"inLanguage\":\"sq-AL\"},{\"@type\":\"Organization\",\"@id\":\"https:\\\/\\\/fjala.info\\\/2009-2015\\\/#organization\",\"name\":\"FjALA e LIR\u00cb - Arkivi\",\"url\":\"https:\\\/\\\/fjala.info\\\/2009-2015\\\/\",\"logo\":{\"@type\":\"ImageObject\",\"inLanguage\":\"sq-AL\",\"@id\":\"https:\\\/\\\/fjala.info\\\/2009-2015\\\/#\\\/schema\\\/logo\\\/image\\\/\",\"url\":\"\",\"contentUrl\":\"\",\"caption\":\"FjALA e LIR\u00cb - Arkivi\"},\"image\":{\"@id\":\"https:\\\/\\\/fjala.info\\\/2009-2015\\\/#\\\/schema\\\/logo\\\/image\\\/\"}},{\"@type\":\"Person\",\"@id\":\"https:\\\/\\\/fjala.info\\\/2009-2015\\\/#\\\/schema\\\/person\\\/3aa1163ef05469c496fc94e77611ada2\",\"name\":\"admin\",\"image\":{\"@type\":\"ImageObject\",\"inLanguage\":\"sq-AL\",\"@id\":\"https:\\\/\\\/fjala.info\\\/2009-2015\\\/wp-content\\\/uploads\\\/2012\\\/02\\\/arben_cokaj-120x150.jpg\",\"url\":\"https:\\\/\\\/fjala.info\\\/2009-2015\\\/wp-content\\\/uploads\\\/2012\\\/02\\\/arben_cokaj-120x150.jpg\",\"contentUrl\":\"https:\\\/\\\/fjala.info\\\/2009-2015\\\/wp-content\\\/uploads\\\/2012\\\/02\\\/arben_cokaj-120x150.jpg\",\"caption\":\"admin\"},\"description\":\"Admin, Fjala e Lir\u00eb\",\"sameAs\":[\"https:\\\/\\\/fjala.info\\\/\"],\"url\":\"https:\\\/\\\/fjala.info\\\/2009-2015\\\/author\\\/admin\\\/\"}]}<\/script>\n<!-- \/ Yoast SEO plugin. -->","yoast_head_json":{"title":"RAPORTET ME PRONAR\u00cbT E MEDIAVE - FjALA e LIR\u00cb - Arkivi","robots":{"index":"index","follow":"follow","max-snippet":"max-snippet:-1","max-image-preview":"max-image-preview:large","max-video-preview":"max-video-preview:-1"},"canonical":"https:\/\/fjala.info\/2009-2015\/raportet-me-pronaret-e-mediave\/","og_locale":"sq_AL","og_type":"article","og_title":"RAPORTET ME PRONAR\u00cbT E MEDIAVE - FjALA e LIR\u00cb - Arkivi","og_description":"Marr\u00ebdh\u00ebniet me Kok\u00ebdhim\u00ebn, dyshimet p\u00ebr vdekjen e Tanit, raporti me Frangajn N\u00eb librin \u201cKurban\u201d, Edi Rama ka shkruar edhe mbi marr\u00ebdh\u00ebniet me pronar\u00ebt e mediave kryesore n\u00eb Shqip\u00ebri. Nj\u00eb kapitull i ve\u00e7ant\u00eb i \u00ebsht\u00eb kushtuar vdekjes s\u00eb \u201cTanit t\u00eb Topit\u201d dhe dyshimeve t\u00eb Edi Ram\u00ebs p\u00ebr aksidentin tragjik me Ferrari. M\u00eb posht\u00eb pjes\u00ebt: Nga Edi [&hellip;]","og_url":"https:\/\/fjala.info\/2009-2015\/raportet-me-pronaret-e-mediave\/","og_site_name":"FjALA e LIR\u00cb - Arkivi","article_published_time":"2011-11-11T22:01:09+00:00","og_image":[{"url":"http:\/\/www.shkoder.net\/images\/fjala\/2011\/kurban_edi_rama.jpg","type":"","width":"","height":""}],"author":"admin","twitter_card":"summary_large_image","twitter_misc":{"Written by":"admin","Est. reading time":"13 minutes"},"schema":{"@context":"https:\/\/schema.org","@graph":[{"@type":"Article","@id":"https:\/\/fjala.info\/2009-2015\/raportet-me-pronaret-e-mediave\/#article","isPartOf":{"@id":"https:\/\/fjala.info\/2009-2015\/raportet-me-pronaret-e-mediave\/"},"author":{"name":"admin","@id":"https:\/\/fjala.info\/2009-2015\/#\/schema\/person\/3aa1163ef05469c496fc94e77611ada2"},"headline":"RAPORTET ME PRONAR\u00cbT E MEDIAVE","datePublished":"2011-11-11T22:01:09+00:00","mainEntityOfPage":{"@id":"https:\/\/fjala.info\/2009-2015\/raportet-me-pronaret-e-mediave\/"},"wordCount":2674,"commentCount":0,"publisher":{"@id":"https:\/\/fjala.info\/2009-2015\/#organization"},"image":{"@id":"https:\/\/fjala.info\/2009-2015\/raportet-me-pronaret-e-mediave\/#primaryimage"},"thumbnailUrl":"http:\/\/www.shkoder.net\/images\/fjala\/2011\/kurban_edi_rama.jpg","articleSection":["Artikuj"],"inLanguage":"sq-AL","potentialAction":[{"@type":"CommentAction","name":"Comment","target":["https:\/\/fjala.info\/2009-2015\/raportet-me-pronaret-e-mediave\/#respond"]}]},{"@type":"WebPage","@id":"https:\/\/fjala.info\/2009-2015\/raportet-me-pronaret-e-mediave\/","url":"https:\/\/fjala.info\/2009-2015\/raportet-me-pronaret-e-mediave\/","name":"RAPORTET ME PRONAR\u00cbT E MEDIAVE - FjALA e LIR\u00cb - Arkivi","isPartOf":{"@id":"https:\/\/fjala.info\/2009-2015\/#website"},"primaryImageOfPage":{"@id":"https:\/\/fjala.info\/2009-2015\/raportet-me-pronaret-e-mediave\/#primaryimage"},"image":{"@id":"https:\/\/fjala.info\/2009-2015\/raportet-me-pronaret-e-mediave\/#primaryimage"},"thumbnailUrl":"http:\/\/www.shkoder.net\/images\/fjala\/2011\/kurban_edi_rama.jpg","datePublished":"2011-11-11T22:01:09+00:00","breadcrumb":{"@id":"https:\/\/fjala.info\/2009-2015\/raportet-me-pronaret-e-mediave\/#breadcrumb"},"inLanguage":"sq-AL","potentialAction":[{"@type":"ReadAction","target":["https:\/\/fjala.info\/2009-2015\/raportet-me-pronaret-e-mediave\/"]}]},{"@type":"ImageObject","inLanguage":"sq-AL","@id":"https:\/\/fjala.info\/2009-2015\/raportet-me-pronaret-e-mediave\/#primaryimage","url":"http:\/\/www.shkoder.net\/images\/fjala\/2011\/kurban_edi_rama.jpg","contentUrl":"http:\/\/www.shkoder.net\/images\/fjala\/2011\/kurban_edi_rama.jpg"},{"@type":"BreadcrumbList","@id":"https:\/\/fjala.info\/2009-2015\/raportet-me-pronaret-e-mediave\/#breadcrumb","itemListElement":[{"@type":"ListItem","position":1,"name":"Home","item":"https:\/\/fjala.info\/2009-2015\/"},{"@type":"ListItem","position":2,"name":"RAPORTET ME PRONAR\u00cbT E MEDIAVE"}]},{"@type":"WebSite","@id":"https:\/\/fjala.info\/2009-2015\/#website","url":"https:\/\/fjala.info\/2009-2015\/","name":"FjALA e LIR\u00cb - Arkivi","description":"Arkivi 2009-2015","publisher":{"@id":"https:\/\/fjala.info\/2009-2015\/#organization"},"potentialAction":[{"@type":"SearchAction","target":{"@type":"EntryPoint","urlTemplate":"https:\/\/fjala.info\/2009-2015\/?s={search_term_string}"},"query-input":{"@type":"PropertyValueSpecification","valueRequired":true,"valueName":"search_term_string"}}],"inLanguage":"sq-AL"},{"@type":"Organization","@id":"https:\/\/fjala.info\/2009-2015\/#organization","name":"FjALA e LIR\u00cb - Arkivi","url":"https:\/\/fjala.info\/2009-2015\/","logo":{"@type":"ImageObject","inLanguage":"sq-AL","@id":"https:\/\/fjala.info\/2009-2015\/#\/schema\/logo\/image\/","url":"","contentUrl":"","caption":"FjALA e LIR\u00cb - Arkivi"},"image":{"@id":"https:\/\/fjala.info\/2009-2015\/#\/schema\/logo\/image\/"}},{"@type":"Person","@id":"https:\/\/fjala.info\/2009-2015\/#\/schema\/person\/3aa1163ef05469c496fc94e77611ada2","name":"admin","image":{"@type":"ImageObject","inLanguage":"sq-AL","@id":"https:\/\/fjala.info\/2009-2015\/wp-content\/uploads\/2012\/02\/arben_cokaj-120x150.jpg","url":"https:\/\/fjala.info\/2009-2015\/wp-content\/uploads\/2012\/02\/arben_cokaj-120x150.jpg","contentUrl":"https:\/\/fjala.info\/2009-2015\/wp-content\/uploads\/2012\/02\/arben_cokaj-120x150.jpg","caption":"admin"},"description":"Admin, Fjala e Lir\u00eb","sameAs":["https:\/\/fjala.info\/"],"url":"https:\/\/fjala.info\/2009-2015\/author\/admin\/"}]}},"_links":{"self":[{"href":"https:\/\/fjala.info\/2009-2015\/wp-json\/wp\/v2\/posts\/115","targetHints":{"allow":["GET"]}}],"collection":[{"href":"https:\/\/fjala.info\/2009-2015\/wp-json\/wp\/v2\/posts"}],"about":[{"href":"https:\/\/fjala.info\/2009-2015\/wp-json\/wp\/v2\/types\/post"}],"author":[{"embeddable":true,"href":"https:\/\/fjala.info\/2009-2015\/wp-json\/wp\/v2\/users\/1"}],"replies":[{"embeddable":true,"href":"https:\/\/fjala.info\/2009-2015\/wp-json\/wp\/v2\/comments?post=115"}],"version-history":[{"count":0,"href":"https:\/\/fjala.info\/2009-2015\/wp-json\/wp\/v2\/posts\/115\/revisions"}],"wp:attachment":[{"href":"https:\/\/fjala.info\/2009-2015\/wp-json\/wp\/v2\/media?parent=115"}],"wp:term":[{"taxonomy":"category","embeddable":true,"href":"https:\/\/fjala.info\/2009-2015\/wp-json\/wp\/v2\/categories?post=115"},{"taxonomy":"post_tag","embeddable":true,"href":"https:\/\/fjala.info\/2009-2015\/wp-json\/wp\/v2\/tags?post=115"}],"curies":[{"name":"wp","href":"https:\/\/api.w.org\/{rel}","templated":true}]}}