{"id":11498,"date":"2011-12-01T10:22:12","date_gmt":"2011-12-01T09:22:12","guid":{"rendered":"http:\/\/fjala.shkoder.net\/?p=410"},"modified":"2011-12-01T10:22:12","modified_gmt":"2011-12-01T09:22:12","slug":"e-bekuar-qofte-shqiperia-mbi-te-gjitha-trojet-arberore","status":"publish","type":"post","link":"https:\/\/fjala.info\/2009-2015\/e-bekuar-qofte-shqiperia-mbi-te-gjitha-trojet-arberore\/","title":{"rendered":"E BEKUAR QOFT\u00cb SHQIP\u00cbRIA MBI T\u00cb GJITHA TROJET ARB\u00cbRORE"},"content":{"rendered":"<p><em>N\u00cb KREMTIMIN E DIT\u00cbS S\u00cb FLAMURIT DHE 99 VJETORIT T\u00cb PAVAR\u00cbSIS\u00cb S\u00cb SHQIP\u00cbRIS\u00cb, N\u00cb LECCO T\u00cb LOMBARDIS\u00cb, T\u00cb GJITH\u00cb BROHORIT\u00cbN<\/em>:<\/p>\n<p><strong>E BEKUAR QOFT\u00cb SHQIP\u00cbRIA MBI T\u00cb GJITHA TROJET ARB\u00cbRORE<\/strong><\/p>\n<p><img decoding=\"async\" class=\"aligncenter size-thumbnail wp-image-7236\" title=\"28 N\u00ebntori n\u00eb Lecco\" src=\"http:\/\/www.shkoder.net\/images\/fjala\/2011\/28_nen_lecco.jpg\" alt=\"\" width=\"450\" \/><\/p>\n<p>N\u00eb Lecco t\u00eb Lombardis\u00eb, jo fort larg Milanos, n\u00eb mbasditen e s\u00eb diel\u00ebs s\u00eb 27 n\u00ebntorit me hare n\u00eb fytyr\u00eb dhe n\u00eb shpirt, kishin ardhur qind\u00ebra shqiptar\u00eb nga t\u00eb gjitha trojet tona etnike, dhe denj\u00ebsisht kan\u00eb kremtuar 99-Vjetorin e Pavar\u00ebsis\u00eb s\u00eb Shqip\u00ebris\u00eb, si dhe kan\u00eb nderuar flamurin ton\u00eb komb\u00ebtar, me shqipen dykrenare n\u00eb mes. Nj\u00eb kremte v\u00ebrtet\u00eb e bukur, ku vall\u00ebzuan t\u00eb rinj e pleq, rreth 80 vje\u00e7ar. Urimi unanim i t\u00eb gjith\u00eb t\u00eb pranishm\u00ebve n\u00eb fest\u00eb ishte: Zoti e bekoft\u00eb Shqip\u00ebrin\u00eb Ton\u00eb, mbi t\u00eb gjitha trojet arb\u00ebrore!<\/p>\n<p><img decoding=\"async\" class=\"alignright size-thumbnail wp-image-7236\" title=\"Engj\u00ebll Koliqi\" src=\"http:\/\/www.shkoder.net\/images\/fjala\/engjell_koliqi1.jpg\" alt=\"\" width=\"200\" \/>Shkruan: <strong>Engj\u00ebll KOLIQI<\/strong><br \/>\nFotoreporter: <strong>Kristian Ramaj \u2013 KACI<\/strong><\/p>\n<p>T\u00eb diel\u00ebn n\u00eb m\u00ebngjes, t\u00eb gjith\u00eb shqiptar\u00ebt n\u00eb rrethin\u00ebn e Lecco-s, dhe m\u00eb gjer\u00eb n\u00eb Lombardi, ishin zgjuar me g\u00ebzim. Ishin zgjuar t\u00eb haresh\u00ebm, sepse at\u00eb dit\u00eb fara arb\u00ebrore e k\u00ebsaj ane, do t\u00eb b\u00ebnte nj\u00eb fest\u00eb t\u00eb fuqishme, kushtuar atdheut t\u00eb p\u00ebrbashk\u00ebt, me emrin e shenjt\u00eb Shqip\u00ebri, si dhe flamurit ton\u00eb komb\u00ebtar, t\u00eb kuq me shqipen e zez\u00eb dykrenare n\u00eb mes, pra nj\u00eb fest\u00eb shum\u00eb e bukur e veshur me ngjyrat tona t\u00eb dashura kuqezi.<\/p>\n<p>Bariu shpirt\u00ebror i shqiptar\u00ebve n\u00eb Italin\u00eb veriore \u2013 Dom Jeton Thaqi, kishte ardhur nga Venediku p\u00ebr ta hapur ket\u00eb fest\u00eb t\u00eb madhe komb\u00ebtare, me mesh\u00ebn e shenjt\u00eb, q\u00eb u celebrua n\u00eb kish\u00ebn e lagjes San Giovanni, n\u00eb Lecco, me fillim n\u00eb ora 15,30. Aq shum\u00eb kishin ardh\u00eb bashk\u00ebkombas, saq\u00eb kisha nuk i zente t\u00eb gjith\u00eb. Mbasi mbaroi mesha, t\u00eb pranishmit, por edhe shum\u00eb vendor\u00eb italian\u00eb, shkuan n\u00eb nj\u00eb sall\u00eb t\u00eb bukur aty af\u00ebr, ku kremtuan me shum\u00eb shije dhe bukuri, deri ne mesnat\u00eb. Ishin mbledhur n\u00eb at\u00eb sall\u00eb qind\u00ebra bashk\u00ebkombas, t\u00eb t\u00eb gjitha trojeve tona etnike \u2013 nga Stublla, nga Ferizaji, nga Tirana, nga Tropoja, nga Lezha, nga Gostivari, nga Prishtina, nga Ka\u00e7aniku, nga Prizreni, nga Gjakova, nga Shkodra, nga Kor\u00e7a, etj.<img decoding=\"async\" class=\"aligncenter size-thumbnail wp-image-7236\" title=\"28 N\u00ebntori n\u00eb Lecco\" src=\"http:\/\/www.shkoder.net\/images\/fjala\/2011\/28_nen_lecco1.jpg\" alt=\"\" width=\"450\" \/><\/p>\n<p style=\"text-align: center;\"><em>Me bariun shpirt\u00ebror Dom Jetonin dhe me kryetarin Pashk Ballabanin<\/em><\/p>\n<p>Moderator\u00ebt \u2013 Marie Zefi-Ukaj dhe Krist Ramaj, ia dhan\u00eb fjal\u00ebn kryetarit t\u00eb shoqat\u00ebs \u201cStublla\u201d dhe \u201cN\u00ebn\u00eb Tereza\u201d, Z. Pashk Ballabanit, i cili shpalli t\u00eb hapur fest\u00ebn dhe foli pak p\u00ebr r\u00ebnd\u00ebsin\u00eb e saj, normalisht duke i porositur t\u00eb pranishmit, q\u00eb n\u00eb asnj\u00eb \u00e7ast t\u00eb mos e harrojn\u00eb vendin e tyre, duke shtuar se jemi krenar\u00eb q\u00eb i p\u00ebrkasim Shqip\u00ebris\u00eb. Ai, pastaj ia dha fjal\u00ebn Marjan Gjergjit, i ardhur nga Bergamo, i cili foli p\u00ebr historikun e 28 N\u00ebntorit Shqiptar, t\u00eb Shqip\u00ebris\u00eb dhe t\u00eb Flamurit ton\u00eb e t\u00eb pavar\u00ebsis\u00eb. Gjat\u00eb rr\u00ebfimit t\u00eb rrjedhsh\u00ebm t\u00eb historis\u00eb, Marjani, shpesh \u00ebsht\u00eb nd\u00ebrprer\u00eb nga duartrokitjet e t\u00eb pranishm\u00ebve.<\/p>\n<p style=\"text-align: center;\"><img decoding=\"async\" class=\"aligncenter size-thumbnail wp-image-7236\" title=\"28 N\u00ebntori n\u00eb Lecco\" src=\"http:\/\/www.shkoder.net\/images\/fjala\/2011\/28_nen_lecco12.jpg\" alt=\"\" width=\"450\" \/><em>Pamje e pjes\u00ebmarr\u00ebsve<\/em><\/p>\n<p>Do t\u2019u mbetesha borxh, po t\u00eb mos p\u00ebrmendja edhe fjalimet e bukura p\u00ebrsh\u00ebndet\u00ebse t\u00eb bariut shpirt\u00ebror Dom Jeton Thaqi-t dhe t\u00eb kryetarit t\u00eb shoqat\u00ebs \u201cSofra Shqiptare\u201d me seli poashtu n\u00eb Lecco, Ndue Qokaj, t\u00eb cil\u00ebt i kan\u00eb emocionuar t\u00eb pranishmnit, q\u00eb shpesh i kan\u00eb nd\u00ebrprer\u00eb me duartrokitje. \u00cbsht\u00eb me r\u00ebnd\u00ebsi t\u00eb ceket, se n\u00eb mes t\u00eb \u00e7do fjalimi, kishte nga nj\u00eb k\u00ebng\u00eb t\u00eb bukur patriotike, ose nga nj\u00eb valle t\u00eb g\u00ebzuar, t\u00eb luajtura mrekullisht nga vashat si sorkadhe t\u00eb grupit simpatik \u201cFluturat\u201d, t\u00eb shoq\u00ebruara n\u00eb vallen Shota, nga Luz Koliqi. Kur jemi te vallet, do t\u00eb m\u00ebkatnomin t\u00eb mos flisnim edhe p\u00ebr vallet e bukura t\u00eb burrave, n\u00eb t\u00eb cilat bashk\u00eb me t\u00eb rinjt, mrekullisht ka luajtur edhe mjeshtri i madh i valles burimore, Pal Ballabani, edhepse n\u00eb mosh\u00eb t\u00eb shtyr\u00eb, af\u00ebr 80 vje\u00e7.<\/p>\n<p><img decoding=\"async\" class=\"aligncenter size-thumbnail wp-image-7236\" title=\"28 N\u00ebntori n\u00eb Lecco\" src=\"http:\/\/www.shkoder.net\/images\/fjala\/2011\/28_nen_lecco13.jpg\" alt=\"\" width=\"450\" \/><\/p>\n<p>Xha Pali ka fituar shum\u00eb duatrokitje frenetike nga t\u00eb pranishmit. Programi kulturo-artistik ka qen\u00eb shum\u00eb i pasur dhe shum\u00eb i k\u00ebndsh\u00ebm, sidomos p\u00ebr faktin se \u2013 p\u00ebrve\u00e7 k\u00ebng\u00ebtar\u00ebve t\u00eb k\u00ebtush\u00ebm, Luz Koliqit, Emanuel Ukajt, Fatmir Luk\u00ebs dhe \u201cFluturave\u201d nd\u00ebr t\u00eb cilat m\u00eb s\u00eb bukuri k\u00ebndonte Af\u00ebrdita Ballabani, jan\u00eb paraqitur dhe kan\u00eb shk\u00eblqyer rrapsod\u00ebt e ardhur nga Ferizaji \u2013 Elmi Agushi dhe Agim Elmazi, t\u00eb cil\u00ebt kan\u00eb nxehur deri n\u00eb vlim atmosfer\u00ebn festive dhe jan\u00eb nd\u00ebrprer\u00eb shpesh me duartrokitje.<\/p>\n<p style=\"text-align: center;\"><img decoding=\"async\" class=\"aligncenter size-thumbnail wp-image-7236\" title=\"28 N\u00ebntori n\u00eb Lecco\" src=\"http:\/\/www.shkoder.net\/images\/fjala\/2011\/28_nen_lecco2.jpg\" alt=\"\" width=\"450\" \/><em>Pamje nga programi artistik<\/em><\/p>\n<p>Nj\u00eb pik\u00eb speciale ishte organizuar p\u00ebr autorin e k\u00ebtij reportazhi \u2013 Engj\u00ebll Koliqin, duke m\u00eb nderuar si ambasador i paqes, me nj\u00eb mir\u00ebnjohje speciale, n\u00eb pergamen\u00eb, nga SHIKH \u201cStublla\u201d, me emrin e vendlindjes sime. M\u00eb shum\u00eb jam g\u00ebzuar p\u00ebr k\u00ebt\u00eb mir\u00ebnjohje nga njer\u00ebzit e vendlindjes, se sa me titullin e ambasadorit q\u00eb kam marr\u00eb n\u00eb Tiran\u00eb. Kjo mir\u00ebnjohje m\u00eb \u00ebsht\u00eb dukur m\u00eb e \u00ebmb\u00ebl, edhe p\u00ebr faktin se ishte e n\u00ebnshkruar nga veterani yn\u00eb k\u00ebtu, humanitari shembullor, Pashk Ballabani.<\/p>\n<p style=\"text-align: center;\"><img decoding=\"async\" class=\"aligncenter size-thumbnail wp-image-7236\" title=\"28 N\u00ebntori n\u00eb Lecco\" src=\"http:\/\/www.shkoder.net\/images\/fjala\/2011\/28_nen_lecco3.jpg\" alt=\"\" width=\"450\" \/>\u00a0<img decoding=\"async\" class=\"aligncenter size-thumbnail wp-image-7236\" title=\"28 N\u00ebntori n\u00eb Lecco\" src=\"http:\/\/www.shkoder.net\/images\/fjala\/2011\/28_nen_lecco4.jpg\" alt=\"\" width=\"450\" \/><em>Ambasadori i Paqes fal\u00ebnderon shoqat\u00ebn p\u00ebr mir\u00ebnjohjen<\/em><\/p>\n<p style=\"text-align: center;\"><img decoding=\"async\" class=\"aligncenter size-thumbnail wp-image-7236\" title=\"28 N\u00ebntori n\u00eb Lecco\" src=\"http:\/\/www.shkoder.net\/images\/fjala\/2011\/28_nen_lecco5.jpg\" alt=\"\" width=\"450\" \/><em>Me kryetarin e shoqat\u00ebs \u201cStublla\u201d (n\u00ebnshkrues i mir\u00ebnjohjes), Pashk Ballabanin<\/em><\/p>\n<p style=\"text-align: center;\"><img decoding=\"async\" class=\"aligncenter size-thumbnail wp-image-7236\" title=\"28 N\u00ebntori n\u00eb Lecco\" src=\"http:\/\/www.shkoder.net\/images\/fjala\/2011\/28_nen_lecco6.jpg\" alt=\"\" width=\"450\" \/><em>Alberika me mir\u00ebnjohjen e Bablokut<\/em><\/p>\n<p>Vlen\u00eb t\u00eb p\u00ebrmendet edhe organizimi shembullor i lotaris\u00eb festive, ku 15 dhuratat e ndara i kishin dhuruar bashkatdhetar\u00ebt, kurse parat\u00eb e mbledhura nga shitja e biletave t\u00eb lotaris\u00eb dedikohen p\u00ebr humanitet. Shit\u00ebsit t\u00eb m\u00eb shum\u00eb se 200 biletave t\u00eb lotaris\u00eb, Marjan Ballabanit, organizator\u00ebt ia dhuruan nj\u00eb or\u00eb dore.<\/p>\n<p><img decoding=\"async\" class=\"aligncenter size-thumbnail wp-image-7236\" title=\"28 N\u00ebntori n\u00eb Lecco\" src=\"http:\/\/www.shkoder.net\/images\/fjala\/2011\/28_nen_lecco7.jpg\" alt=\"\" width=\"450\" \/><\/p>\n<p>Nj\u00eb jav\u00eb m\u00eb par\u00eb, p\u00ebr nder\u00eb t\u00eb fest\u00ebs son\u00eb komb\u00ebtare ishte organizuar edhe turneu i futbollit t\u00eb vog\u00ebl, n\u00eb palestr\u00ebn sportive n\u00eb Oggiono t\u00eb Lecco-s, ku kishin marr\u00eb pjes\u00eb hi\u00e7 m\u00eb pak se 12 skuadra. N\u00eb fest\u00eb jan\u00eb ndar\u00eb \u00e7mimet e k\u00ebtij turneu. Me kup\u00ebn e madhe \u00ebsht\u00eb nderuar skuadra fituese e turneut STUBLLA CITY, dhe t\u00eb gjitjh\u00eb lojtar\u00ebt e saj, edhe traajneri, me nga nj\u00eb medalje.<\/p>\n<p><img decoding=\"async\" class=\"aligncenter size-thumbnail wp-image-7236\" title=\"28 N\u00ebntori n\u00eb Lecco\" src=\"http:\/\/www.shkoder.net\/images\/fjala\/2011\/28_nen_lecco8.jpg\" alt=\"\" width=\"450\" \/><\/p>\n<p>Me medalje jan\u00eb nderuar edhe lojtar\u00ebt e skuadr\u00ebs q\u00eb ka z\u00ebn\u00eb vendin e dyt\u00eb \u2013 BIN\u00c7A -KABASHI, nd\u00ebrkaq skuadra e tret\u00eb \u2013 BALLABIO, u nderua me nj\u00eb top futbolli. \u00c7mimin e portierit m\u00eb t\u00eb mir\u00eb t\u00eb turneut e mori Nikoll Ramaj, nd\u00ebrkaq me \u00e7mimin e lojtarit m\u00eb t\u00eb mir\u00eb dhe m\u00eb fer t\u00eb k\u00ebtij turneu t\u00eb madh festiv, u nderua futbollisti Daniel Doda.<\/p>\n<p><img decoding=\"async\" class=\"aligncenter size-thumbnail wp-image-7236\" title=\"28 N\u00ebntori n\u00eb Lecco\" src=\"http:\/\/www.shkoder.net\/images\/fjala\/2011\/28_nen_lecco9.jpg\" alt=\"\" width=\"450\" \/><\/p>\n<p>M\u00ebkatnojm\u00eb po t\u00eb mos i lavd\u00ebronim t\u00eb rinjt\u00eb \u2013 vajza e djem, q\u00eb shum\u00eb bukur kan\u00eb sh\u00ebrbyer me pije freskuese e ushqime tipike shqiptare, si dhe ata q\u00eb kan\u00eb kujdestaruar n\u00eb k\u00ebt\u00eb fest\u00eb, por edhe ata q\u00eb kan\u00eb stolisur p\u00ebr bukuri sall\u00ebn.<\/p>\n<p><img decoding=\"async\" class=\"aligncenter size-thumbnail wp-image-7236\" title=\"28 N\u00ebntori n\u00eb Lecco\" src=\"http:\/\/www.shkoder.net\/images\/fjala\/2011\/28_nen_lecco10.jpg\" alt=\"\" width=\"450\" \/><\/p>\n<p>Urim i t\u00eb gjith\u00eb t\u00eb pranishm\u00ebve, q\u00eb u shqiptua edhe publikisht, ishte q\u00eb 100 Vjetori i Pavar\u00ebsis\u00eb, t\u2019ia hap\u00eb qiejt e val\u00ebvimit flamurit kuqezi, me shqipen dykrenare, si flamur shtet\u00ebror mbi t\u00eb gjitha trojet arb\u00ebrore!!! G\u00ebzur!<\/p>\n<p><img decoding=\"async\" class=\"aligncenter size-thumbnail wp-image-7236\" title=\"28 N\u00ebntori n\u00eb Lecco\" src=\"http:\/\/www.shkoder.net\/images\/fjala\/2011\/28_nen_lecco11.jpg\" alt=\"\" width=\"450\" \/><\/p>\n","protected":false},"excerpt":{"rendered":"<p>N\u00cb KREMTIMIN E DIT\u00cbS S\u00cb FLAMURIT DHE 99 VJETORIT T\u00cb PAVAR\u00cbSIS\u00cb S\u00cb SHQIP\u00cbRIS\u00cb, N\u00cb LECCO T\u00cb LOMBARDIS\u00cb, T\u00cb GJITH\u00cb BROHORIT\u00cbN: E BEKUAR QOFT\u00cb SHQIP\u00cbRIA MBI T\u00cb GJITHA TROJET ARB\u00cbRORE N\u00eb Lecco t\u00eb Lombardis\u00eb, jo fort larg Milanos, n\u00eb mbasditen e s\u00eb diel\u00ebs s\u00eb 27 n\u00ebntorit me hare n\u00eb fytyr\u00eb dhe n\u00eb shpirt, kishin ardhur qind\u00ebra [&hellip;]<\/p>\n","protected":false},"author":1,"featured_media":0,"comment_status":"open","ping_status":"closed","sticky":false,"template":"","format":"standard","meta":{"footnotes":""},"categories":[2],"tags":[],"class_list":{"0":"post-11498","1":"post","2":"type-post","3":"status-publish","4":"format-standard","6":"category-artikuj"},"yoast_head":"<!-- This site is optimized with the Yoast SEO plugin v27.4 - https:\/\/yoast.com\/product\/yoast-seo-wordpress\/ -->\n<title>E BEKUAR QOFT\u00cb SHQIP\u00cbRIA MBI T\u00cb GJITHA TROJET ARB\u00cbRORE - FjALA e LIR\u00cb - Arkivi<\/title>\n<meta name=\"robots\" content=\"index, follow, max-snippet:-1, max-image-preview:large, max-video-preview:-1\" \/>\n<link rel=\"canonical\" href=\"https:\/\/fjala.info\/2009-2015\/e-bekuar-qofte-shqiperia-mbi-te-gjitha-trojet-arberore\/\" \/>\n<meta property=\"og:locale\" content=\"sq_AL\" \/>\n<meta property=\"og:type\" content=\"article\" \/>\n<meta property=\"og:title\" content=\"E BEKUAR QOFT\u00cb SHQIP\u00cbRIA MBI T\u00cb GJITHA TROJET ARB\u00cbRORE - FjALA e LIR\u00cb - Arkivi\" \/>\n<meta property=\"og:description\" content=\"N\u00cb KREMTIMIN E DIT\u00cbS S\u00cb FLAMURIT DHE 99 VJETORIT T\u00cb PAVAR\u00cbSIS\u00cb S\u00cb SHQIP\u00cbRIS\u00cb, N\u00cb LECCO T\u00cb LOMBARDIS\u00cb, T\u00cb GJITH\u00cb BROHORIT\u00cbN: E BEKUAR QOFT\u00cb SHQIP\u00cbRIA MBI T\u00cb GJITHA TROJET ARB\u00cbRORE N\u00eb Lecco t\u00eb Lombardis\u00eb, jo fort larg Milanos, n\u00eb mbasditen e s\u00eb diel\u00ebs s\u00eb 27 n\u00ebntorit me hare n\u00eb fytyr\u00eb dhe n\u00eb shpirt, kishin ardhur qind\u00ebra [&hellip;]\" \/>\n<meta property=\"og:url\" content=\"https:\/\/fjala.info\/2009-2015\/e-bekuar-qofte-shqiperia-mbi-te-gjitha-trojet-arberore\/\" \/>\n<meta property=\"og:site_name\" content=\"FjALA e LIR\u00cb - Arkivi\" \/>\n<meta property=\"article:published_time\" content=\"2011-12-01T09:22:12+00:00\" \/>\n<meta property=\"og:image\" content=\"http:\/\/www.shkoder.net\/images\/fjala\/2011\/28_nen_lecco.jpg\" \/>\n<meta name=\"author\" content=\"admin\" \/>\n<meta name=\"twitter:card\" content=\"summary_large_image\" \/>\n<meta name=\"twitter:label1\" content=\"Written by\" \/>\n\t<meta name=\"twitter:data1\" content=\"admin\" \/>\n\t<meta name=\"twitter:label2\" content=\"Est. reading time\" \/>\n\t<meta name=\"twitter:data2\" content=\"6 minutes\" \/>\n<script type=\"application\/ld+json\" class=\"yoast-schema-graph\">{\"@context\":\"https:\\\/\\\/schema.org\",\"@graph\":[{\"@type\":\"Article\",\"@id\":\"https:\\\/\\\/fjala.info\\\/2009-2015\\\/e-bekuar-qofte-shqiperia-mbi-te-gjitha-trojet-arberore\\\/#article\",\"isPartOf\":{\"@id\":\"https:\\\/\\\/fjala.info\\\/2009-2015\\\/e-bekuar-qofte-shqiperia-mbi-te-gjitha-trojet-arberore\\\/\"},\"author\":{\"name\":\"admin\",\"@id\":\"https:\\\/\\\/fjala.info\\\/2009-2015\\\/#\\\/schema\\\/person\\\/3aa1163ef05469c496fc94e77611ada2\"},\"headline\":\"E BEKUAR QOFT\u00cb SHQIP\u00cbRIA MBI T\u00cb GJITHA TROJET ARB\u00cbRORE\",\"datePublished\":\"2011-12-01T09:22:12+00:00\",\"mainEntityOfPage\":{\"@id\":\"https:\\\/\\\/fjala.info\\\/2009-2015\\\/e-bekuar-qofte-shqiperia-mbi-te-gjitha-trojet-arberore\\\/\"},\"wordCount\":1160,\"commentCount\":0,\"publisher\":{\"@id\":\"https:\\\/\\\/fjala.info\\\/2009-2015\\\/#organization\"},\"image\":{\"@id\":\"https:\\\/\\\/fjala.info\\\/2009-2015\\\/e-bekuar-qofte-shqiperia-mbi-te-gjitha-trojet-arberore\\\/#primaryimage\"},\"thumbnailUrl\":\"http:\\\/\\\/www.shkoder.net\\\/images\\\/fjala\\\/2011\\\/28_nen_lecco.jpg\",\"articleSection\":[\"Artikuj\"],\"inLanguage\":\"sq-AL\",\"potentialAction\":[{\"@type\":\"CommentAction\",\"name\":\"Comment\",\"target\":[\"https:\\\/\\\/fjala.info\\\/2009-2015\\\/e-bekuar-qofte-shqiperia-mbi-te-gjitha-trojet-arberore\\\/#respond\"]}]},{\"@type\":\"WebPage\",\"@id\":\"https:\\\/\\\/fjala.info\\\/2009-2015\\\/e-bekuar-qofte-shqiperia-mbi-te-gjitha-trojet-arberore\\\/\",\"url\":\"https:\\\/\\\/fjala.info\\\/2009-2015\\\/e-bekuar-qofte-shqiperia-mbi-te-gjitha-trojet-arberore\\\/\",\"name\":\"E BEKUAR QOFT\u00cb SHQIP\u00cbRIA MBI T\u00cb GJITHA TROJET ARB\u00cbRORE - FjALA e LIR\u00cb - Arkivi\",\"isPartOf\":{\"@id\":\"https:\\\/\\\/fjala.info\\\/2009-2015\\\/#website\"},\"primaryImageOfPage\":{\"@id\":\"https:\\\/\\\/fjala.info\\\/2009-2015\\\/e-bekuar-qofte-shqiperia-mbi-te-gjitha-trojet-arberore\\\/#primaryimage\"},\"image\":{\"@id\":\"https:\\\/\\\/fjala.info\\\/2009-2015\\\/e-bekuar-qofte-shqiperia-mbi-te-gjitha-trojet-arberore\\\/#primaryimage\"},\"thumbnailUrl\":\"http:\\\/\\\/www.shkoder.net\\\/images\\\/fjala\\\/2011\\\/28_nen_lecco.jpg\",\"datePublished\":\"2011-12-01T09:22:12+00:00\",\"breadcrumb\":{\"@id\":\"https:\\\/\\\/fjala.info\\\/2009-2015\\\/e-bekuar-qofte-shqiperia-mbi-te-gjitha-trojet-arberore\\\/#breadcrumb\"},\"inLanguage\":\"sq-AL\",\"potentialAction\":[{\"@type\":\"ReadAction\",\"target\":[\"https:\\\/\\\/fjala.info\\\/2009-2015\\\/e-bekuar-qofte-shqiperia-mbi-te-gjitha-trojet-arberore\\\/\"]}]},{\"@type\":\"ImageObject\",\"inLanguage\":\"sq-AL\",\"@id\":\"https:\\\/\\\/fjala.info\\\/2009-2015\\\/e-bekuar-qofte-shqiperia-mbi-te-gjitha-trojet-arberore\\\/#primaryimage\",\"url\":\"http:\\\/\\\/www.shkoder.net\\\/images\\\/fjala\\\/2011\\\/28_nen_lecco.jpg\",\"contentUrl\":\"http:\\\/\\\/www.shkoder.net\\\/images\\\/fjala\\\/2011\\\/28_nen_lecco.jpg\"},{\"@type\":\"BreadcrumbList\",\"@id\":\"https:\\\/\\\/fjala.info\\\/2009-2015\\\/e-bekuar-qofte-shqiperia-mbi-te-gjitha-trojet-arberore\\\/#breadcrumb\",\"itemListElement\":[{\"@type\":\"ListItem\",\"position\":1,\"name\":\"Home\",\"item\":\"https:\\\/\\\/fjala.info\\\/2009-2015\\\/\"},{\"@type\":\"ListItem\",\"position\":2,\"name\":\"E BEKUAR QOFT\u00cb SHQIP\u00cbRIA MBI T\u00cb GJITHA TROJET ARB\u00cbRORE\"}]},{\"@type\":\"WebSite\",\"@id\":\"https:\\\/\\\/fjala.info\\\/2009-2015\\\/#website\",\"url\":\"https:\\\/\\\/fjala.info\\\/2009-2015\\\/\",\"name\":\"FjALA e LIR\u00cb - Arkivi\",\"description\":\"Arkivi 2009-2015\",\"publisher\":{\"@id\":\"https:\\\/\\\/fjala.info\\\/2009-2015\\\/#organization\"},\"potentialAction\":[{\"@type\":\"SearchAction\",\"target\":{\"@type\":\"EntryPoint\",\"urlTemplate\":\"https:\\\/\\\/fjala.info\\\/2009-2015\\\/?s={search_term_string}\"},\"query-input\":{\"@type\":\"PropertyValueSpecification\",\"valueRequired\":true,\"valueName\":\"search_term_string\"}}],\"inLanguage\":\"sq-AL\"},{\"@type\":\"Organization\",\"@id\":\"https:\\\/\\\/fjala.info\\\/2009-2015\\\/#organization\",\"name\":\"FjALA e LIR\u00cb - Arkivi\",\"url\":\"https:\\\/\\\/fjala.info\\\/2009-2015\\\/\",\"logo\":{\"@type\":\"ImageObject\",\"inLanguage\":\"sq-AL\",\"@id\":\"https:\\\/\\\/fjala.info\\\/2009-2015\\\/#\\\/schema\\\/logo\\\/image\\\/\",\"url\":\"\",\"contentUrl\":\"\",\"caption\":\"FjALA e LIR\u00cb - Arkivi\"},\"image\":{\"@id\":\"https:\\\/\\\/fjala.info\\\/2009-2015\\\/#\\\/schema\\\/logo\\\/image\\\/\"}},{\"@type\":\"Person\",\"@id\":\"https:\\\/\\\/fjala.info\\\/2009-2015\\\/#\\\/schema\\\/person\\\/3aa1163ef05469c496fc94e77611ada2\",\"name\":\"admin\",\"image\":{\"@type\":\"ImageObject\",\"inLanguage\":\"sq-AL\",\"@id\":\"https:\\\/\\\/fjala.info\\\/2009-2015\\\/wp-content\\\/uploads\\\/2012\\\/02\\\/arben_cokaj-120x150.jpg\",\"url\":\"https:\\\/\\\/fjala.info\\\/2009-2015\\\/wp-content\\\/uploads\\\/2012\\\/02\\\/arben_cokaj-120x150.jpg\",\"contentUrl\":\"https:\\\/\\\/fjala.info\\\/2009-2015\\\/wp-content\\\/uploads\\\/2012\\\/02\\\/arben_cokaj-120x150.jpg\",\"caption\":\"admin\"},\"description\":\"Admin, Fjala e Lir\u00eb\",\"sameAs\":[\"https:\\\/\\\/fjala.info\\\/\"],\"url\":\"https:\\\/\\\/fjala.info\\\/2009-2015\\\/author\\\/admin\\\/\"}]}<\/script>\n<!-- \/ Yoast SEO plugin. -->","yoast_head_json":{"title":"E BEKUAR QOFT\u00cb SHQIP\u00cbRIA MBI T\u00cb GJITHA TROJET ARB\u00cbRORE - FjALA e LIR\u00cb - Arkivi","robots":{"index":"index","follow":"follow","max-snippet":"max-snippet:-1","max-image-preview":"max-image-preview:large","max-video-preview":"max-video-preview:-1"},"canonical":"https:\/\/fjala.info\/2009-2015\/e-bekuar-qofte-shqiperia-mbi-te-gjitha-trojet-arberore\/","og_locale":"sq_AL","og_type":"article","og_title":"E BEKUAR QOFT\u00cb SHQIP\u00cbRIA MBI T\u00cb GJITHA TROJET ARB\u00cbRORE - FjALA e LIR\u00cb - Arkivi","og_description":"N\u00cb KREMTIMIN E DIT\u00cbS S\u00cb FLAMURIT DHE 99 VJETORIT T\u00cb PAVAR\u00cbSIS\u00cb S\u00cb SHQIP\u00cbRIS\u00cb, N\u00cb LECCO T\u00cb LOMBARDIS\u00cb, T\u00cb GJITH\u00cb BROHORIT\u00cbN: E BEKUAR QOFT\u00cb SHQIP\u00cbRIA MBI T\u00cb GJITHA TROJET ARB\u00cbRORE N\u00eb Lecco t\u00eb Lombardis\u00eb, jo fort larg Milanos, n\u00eb mbasditen e s\u00eb diel\u00ebs s\u00eb 27 n\u00ebntorit me hare n\u00eb fytyr\u00eb dhe n\u00eb shpirt, kishin ardhur qind\u00ebra [&hellip;]","og_url":"https:\/\/fjala.info\/2009-2015\/e-bekuar-qofte-shqiperia-mbi-te-gjitha-trojet-arberore\/","og_site_name":"FjALA e LIR\u00cb - Arkivi","article_published_time":"2011-12-01T09:22:12+00:00","og_image":[{"url":"http:\/\/www.shkoder.net\/images\/fjala\/2011\/28_nen_lecco.jpg","type":"","width":"","height":""}],"author":"admin","twitter_card":"summary_large_image","twitter_misc":{"Written by":"admin","Est. reading time":"6 minutes"},"schema":{"@context":"https:\/\/schema.org","@graph":[{"@type":"Article","@id":"https:\/\/fjala.info\/2009-2015\/e-bekuar-qofte-shqiperia-mbi-te-gjitha-trojet-arberore\/#article","isPartOf":{"@id":"https:\/\/fjala.info\/2009-2015\/e-bekuar-qofte-shqiperia-mbi-te-gjitha-trojet-arberore\/"},"author":{"name":"admin","@id":"https:\/\/fjala.info\/2009-2015\/#\/schema\/person\/3aa1163ef05469c496fc94e77611ada2"},"headline":"E BEKUAR QOFT\u00cb SHQIP\u00cbRIA MBI T\u00cb GJITHA TROJET ARB\u00cbRORE","datePublished":"2011-12-01T09:22:12+00:00","mainEntityOfPage":{"@id":"https:\/\/fjala.info\/2009-2015\/e-bekuar-qofte-shqiperia-mbi-te-gjitha-trojet-arberore\/"},"wordCount":1160,"commentCount":0,"publisher":{"@id":"https:\/\/fjala.info\/2009-2015\/#organization"},"image":{"@id":"https:\/\/fjala.info\/2009-2015\/e-bekuar-qofte-shqiperia-mbi-te-gjitha-trojet-arberore\/#primaryimage"},"thumbnailUrl":"http:\/\/www.shkoder.net\/images\/fjala\/2011\/28_nen_lecco.jpg","articleSection":["Artikuj"],"inLanguage":"sq-AL","potentialAction":[{"@type":"CommentAction","name":"Comment","target":["https:\/\/fjala.info\/2009-2015\/e-bekuar-qofte-shqiperia-mbi-te-gjitha-trojet-arberore\/#respond"]}]},{"@type":"WebPage","@id":"https:\/\/fjala.info\/2009-2015\/e-bekuar-qofte-shqiperia-mbi-te-gjitha-trojet-arberore\/","url":"https:\/\/fjala.info\/2009-2015\/e-bekuar-qofte-shqiperia-mbi-te-gjitha-trojet-arberore\/","name":"E BEKUAR QOFT\u00cb SHQIP\u00cbRIA MBI T\u00cb GJITHA TROJET ARB\u00cbRORE - FjALA e LIR\u00cb - Arkivi","isPartOf":{"@id":"https:\/\/fjala.info\/2009-2015\/#website"},"primaryImageOfPage":{"@id":"https:\/\/fjala.info\/2009-2015\/e-bekuar-qofte-shqiperia-mbi-te-gjitha-trojet-arberore\/#primaryimage"},"image":{"@id":"https:\/\/fjala.info\/2009-2015\/e-bekuar-qofte-shqiperia-mbi-te-gjitha-trojet-arberore\/#primaryimage"},"thumbnailUrl":"http:\/\/www.shkoder.net\/images\/fjala\/2011\/28_nen_lecco.jpg","datePublished":"2011-12-01T09:22:12+00:00","breadcrumb":{"@id":"https:\/\/fjala.info\/2009-2015\/e-bekuar-qofte-shqiperia-mbi-te-gjitha-trojet-arberore\/#breadcrumb"},"inLanguage":"sq-AL","potentialAction":[{"@type":"ReadAction","target":["https:\/\/fjala.info\/2009-2015\/e-bekuar-qofte-shqiperia-mbi-te-gjitha-trojet-arberore\/"]}]},{"@type":"ImageObject","inLanguage":"sq-AL","@id":"https:\/\/fjala.info\/2009-2015\/e-bekuar-qofte-shqiperia-mbi-te-gjitha-trojet-arberore\/#primaryimage","url":"http:\/\/www.shkoder.net\/images\/fjala\/2011\/28_nen_lecco.jpg","contentUrl":"http:\/\/www.shkoder.net\/images\/fjala\/2011\/28_nen_lecco.jpg"},{"@type":"BreadcrumbList","@id":"https:\/\/fjala.info\/2009-2015\/e-bekuar-qofte-shqiperia-mbi-te-gjitha-trojet-arberore\/#breadcrumb","itemListElement":[{"@type":"ListItem","position":1,"name":"Home","item":"https:\/\/fjala.info\/2009-2015\/"},{"@type":"ListItem","position":2,"name":"E BEKUAR QOFT\u00cb SHQIP\u00cbRIA MBI T\u00cb GJITHA TROJET ARB\u00cbRORE"}]},{"@type":"WebSite","@id":"https:\/\/fjala.info\/2009-2015\/#website","url":"https:\/\/fjala.info\/2009-2015\/","name":"FjALA e LIR\u00cb - Arkivi","description":"Arkivi 2009-2015","publisher":{"@id":"https:\/\/fjala.info\/2009-2015\/#organization"},"potentialAction":[{"@type":"SearchAction","target":{"@type":"EntryPoint","urlTemplate":"https:\/\/fjala.info\/2009-2015\/?s={search_term_string}"},"query-input":{"@type":"PropertyValueSpecification","valueRequired":true,"valueName":"search_term_string"}}],"inLanguage":"sq-AL"},{"@type":"Organization","@id":"https:\/\/fjala.info\/2009-2015\/#organization","name":"FjALA e LIR\u00cb - Arkivi","url":"https:\/\/fjala.info\/2009-2015\/","logo":{"@type":"ImageObject","inLanguage":"sq-AL","@id":"https:\/\/fjala.info\/2009-2015\/#\/schema\/logo\/image\/","url":"","contentUrl":"","caption":"FjALA e LIR\u00cb - Arkivi"},"image":{"@id":"https:\/\/fjala.info\/2009-2015\/#\/schema\/logo\/image\/"}},{"@type":"Person","@id":"https:\/\/fjala.info\/2009-2015\/#\/schema\/person\/3aa1163ef05469c496fc94e77611ada2","name":"admin","image":{"@type":"ImageObject","inLanguage":"sq-AL","@id":"https:\/\/fjala.info\/2009-2015\/wp-content\/uploads\/2012\/02\/arben_cokaj-120x150.jpg","url":"https:\/\/fjala.info\/2009-2015\/wp-content\/uploads\/2012\/02\/arben_cokaj-120x150.jpg","contentUrl":"https:\/\/fjala.info\/2009-2015\/wp-content\/uploads\/2012\/02\/arben_cokaj-120x150.jpg","caption":"admin"},"description":"Admin, Fjala e Lir\u00eb","sameAs":["https:\/\/fjala.info\/"],"url":"https:\/\/fjala.info\/2009-2015\/author\/admin\/"}]}},"_links":{"self":[{"href":"https:\/\/fjala.info\/2009-2015\/wp-json\/wp\/v2\/posts\/11498","targetHints":{"allow":["GET"]}}],"collection":[{"href":"https:\/\/fjala.info\/2009-2015\/wp-json\/wp\/v2\/posts"}],"about":[{"href":"https:\/\/fjala.info\/2009-2015\/wp-json\/wp\/v2\/types\/post"}],"author":[{"embeddable":true,"href":"https:\/\/fjala.info\/2009-2015\/wp-json\/wp\/v2\/users\/1"}],"replies":[{"embeddable":true,"href":"https:\/\/fjala.info\/2009-2015\/wp-json\/wp\/v2\/comments?post=11498"}],"version-history":[{"count":0,"href":"https:\/\/fjala.info\/2009-2015\/wp-json\/wp\/v2\/posts\/11498\/revisions"}],"wp:attachment":[{"href":"https:\/\/fjala.info\/2009-2015\/wp-json\/wp\/v2\/media?parent=11498"}],"wp:term":[{"taxonomy":"category","embeddable":true,"href":"https:\/\/fjala.info\/2009-2015\/wp-json\/wp\/v2\/categories?post=11498"},{"taxonomy":"post_tag","embeddable":true,"href":"https:\/\/fjala.info\/2009-2015\/wp-json\/wp\/v2\/tags?post=11498"}],"curies":[{"name":"wp","href":"https:\/\/api.w.org\/{rel}","templated":true}]}}