{"id":11495,"date":"2011-11-29T08:32:21","date_gmt":"2011-11-29T07:32:21","guid":{"rendered":"http:\/\/fjala.shkoder.net\/?p=386"},"modified":"2011-11-29T08:32:21","modified_gmt":"2011-11-29T07:32:21","slug":"shqipnia-zvicer-apo-abisini","status":"publish","type":"post","link":"https:\/\/fjala.info\/2009-2015\/shqipnia-zvicer-apo-abisini\/","title":{"rendered":"Shqipnia: Zvic\u00ebr apo Abisini?"},"content":{"rendered":"<p><img decoding=\"async\" class=\"alignright size-thumbnail wp-image-7236\" title=\"Ardian Ndreca\" src=\"http:\/\/www.shkoder.net\/images\/fjala\/2011\/ardian_ndreca.jpg\" alt=\"\" width=\"150\" \/> Nga <strong>Ardian Ndreca<\/strong>, <em>26 n\u00ebntor 2011<\/em><\/p>\n<p>Me k\u00ebt\u00eb dilem\u00eb p\u00ebrballej n\u00eb nji artikull t\u00eb botuem tek e p\u00ebrkohshmja \u201cFryma\u201d, n\u00eb gusht t\u00eb vitit 1944, intelektuali shkodran, avokati Muzafer Pipa, i cili mbas pak kohet do t\u00eb martirizohej prej regjimit komunist.<\/p>\n<p>P\u00ebrgjegja e tij ishte se Shqipnia nuk asht (ishte) as njena as tjetra, por di\u00e7ka e mesme, nji \u201cmediokritet\u201d, e quen ai &#8211; tue ruejt ngjyrimin etimologjik t\u00eb skajit.<\/p>\n<p>Gjendja e mjerueshme e Shqipnis\u00eb, p\u00ebr avokatin Pipa, mvarej kryesisht prej munges\u00ebs s\u00eb nd\u00ebrgjegjes qytetare dhe sensit t\u00eb p\u00ebrgjegjsis\u00eb: \u201cLir\u00ed k\u00ebrkuem e lir\u00ed do t\u00eb kemi por, nd\u00ebrgjegje personale e kolektive nuk patme kurr\u201d.<\/p>\n<p>Kan\u00eb kalue aq shum\u00eb dekada qysh at\u00ebher\u00eb, sa njeriu mundet me mendue se, vetvetiut, ashtu si vetvetiut vet\u00eb koha dhe inercia ka ba q\u00eb fiset e Abisinis\u00eb t\u00eb braktisin komunikimin e lasht\u00eb me l\u00e2msha tymit e t\u00eb kapin celularin, edhe ne t\u00eb kemi krijue nji nd\u00ebrgjegje qytetare e politike.<\/p>\n<p>Por moti i mir\u00eb duket nadje e ne kemi 20 vjet liri por mot t\u00eb mir\u00eb s\u2019po shohim kund. Fjal\u00ebt e m\u00ebdhaja kan\u00eb rrjedh lum\u00eb, por fakte shum\u00eb pak ose aspak.<\/p>\n<p><img decoding=\"async\" class=\"alignleft size-thumbnail wp-image-7236\" title=\"Shqip\u00ebri - Zvic\u00ebr apo Abisini\" src=\"http:\/\/www.shkoder.net\/images\/fjala\/2011\/shqiperi_zvicer_abisini.jpg\" alt=\"\" width=\"300\" \/>Shkruente asokohe Muzafer Pipa: \u201cDhe k\u00ebshtu vazhdoi me triumfue politika e egoistave, e dallkaukve, e dallaveraxhive e t\u00eb tillve qi e ndreqen vedin dhe nuk deshten m\u2019e p\u00ebrdor\u00eb kapitalin e tyne landuer e menduer p\u00ebr t\u00eb miren e p\u00ebrbashk\u00ebt. N\u00eb \u00e7do koh\u00eb dhe n\u00eb \u00e7do ras\u00eb, veprimet inkoshiente t\u00eb n\u00ebpunsave e funksionar\u00ebve t\u00eb nalt\u00eb t\u00eb shtetit dhe t\u2019industrialve shpirt\u00eb-ult\u00eb, nuk e lan\u00eb me marr\u00eb frym\u00eb k\u00ebt popull dhe nuk dhan\u00eb mund\u00ebsi me ba as edhe nji hap p\u00ebrparimit t\u00eb v\u00ebrtet\u00eb\u201d.<\/p>\n<p>Duken si me qen\u00eb fjal\u00eb t\u00eb shkrueme dje, por nuk asht k\u00ebshtu.<\/p>\n<p>Mes nesh dhe Muzafer Pip\u00ebs rrijn\u00eb ma se kat\u00ebr dekada t\u00eb kobshme q\u00eb jo vet\u00ebm nuk kontribuen me nd\u00ebrtue nd\u00ebrgjegjen qytetare, si fryt t\u00eb dinamizmit t\u00eb liris\u00eb s\u00eb shpirtit, por ndrydh\u00ebn vet\u00eb shprehjen e saj t\u00eb lir\u00eb. Mandej kemi edhe dy dekada tjera anarki shpirtnore e politike, korrupsion dhe shtet-shp\u00ebrbamje q\u00eb kan\u00eb pezullue pothuejse krejt rind\u00ebrtimin shpirtnor t\u00eb shqiptarit.<\/p>\n<p>A jemi sot, rishtas, p\u00ebrball\u00eb dilem\u00ebs Zvic\u00ebr apo Abisini?<\/p>\n<p>Un\u00eb besoj se jo. Askurrkush nuk rrezikon me na ngatrrue me Zvicr\u00ebn, p\u00ebr ket\u00eb gja mjafton edhe nji shikim i hedhun edhe prej shtat\u00ebmij\u00eb metrash naltsi, prej avionit, tue pa malet e shpyll\u00ebzueme e tokat djerr\u00eb. E sa ma shum\u00eb t\u2019i afrohesh jet\u00ebs shoqnore e sidomos klas\u00ebs son\u00eb politike, e aq ma t\u00eb qart\u00eb do ta kesh se e vetmja gja e p\u00ebrbashk\u00ebt q\u00eb kemi me Zvicr\u00ebn asht ora legale.<\/p>\n<p>Por ama nuk jemi as Abisini, pse nuk kemi as antilop\u00eb dhe as gomar\u00eb t\u00eb egj\u00ebr. Tek ne k\u00ebto specie jan\u00eb zbut\u00eb dhe dalngadal\u00eb kan\u00eb ngjit\u00eb shkall\u00ebt ma t\u00eb nalta t\u00eb administrat\u00ebs, tue dhan\u00eb kontribute t\u00eb \u00e7mueshme e hijeshi ekzotike, p\u00ebrpara bot\u00ebs q\u00eb na sheh e \u00e7meritun.<\/p>\n<p>Muzafer Pip\u00ebn e neveriste m\u00eb 1944 deklarata e nji deputeti shqiptar, e l\u00ebshueme 10 vjet ma par\u00eb: \u201c\u00e7\u2019i doni gjithato shkolla n\u00eb v\u00ebndin t\u2019an\u00eb; neve kemi nevoj\u00eb p\u00ebr bujq\u00ebr; ky milet \u00ebsht\u00eb bile m\u00eb tep\u00ebr bar\u00ed\u201d.<\/p>\n<p>Ky avaz vijoi edhe mbas vitit 1944, kur bujq\u00ebsia u ba \u201c\u00e7\u00ebshtje e gjith\u00eb popullit\u201d.<\/p>\n<p>Na ka mungue e na mungon sh\u00fbjta (ushqimi) shpirtnore, parimet humaniste, kriteret shkencore, metodat ma t\u00eb p\u00ebrparueme. E them ket\u00eb, tue pa sesi intelektual\u00eb a historian\u00eb q\u00eb n\u00eb koh\u00ebn e Dull\u00ebs nisnin e p\u00ebrfundonin pallavrat e tyne me lavde e citate t\u00eb marruna prej ma t\u00eb madhit mendimtar q\u00eb kishte simbas tyne Shqipnia, sot vijojne n\u00eb deliret e tyne senile me qen\u00eb altoparlanta t\u00eb nji pseudoshkence ku realiteti cungohet, faktet tredhen pam\u00ebshir\u00eb dhe subjektiviteti kalon \u00e7do p\u00ebrmas\u00eb t\u00eb pranueshme edhe p\u00ebr partizan\u00ebt ma t\u00eb thekun t\u00eb gjanave.<\/p>\n<p>Jan\u00eb k\u00ebta pseudointelektual\u00eb q\u00eb ua helmuen sh\u00fbjt\u00ebn shpirtnore brezave t\u00eb tan\u00eb me rren\u00ebn e kthyeme n\u00eb sistem, q\u00eb e shit\u00ebn vetveten dhe iu servilos\u00ebn regjimit p\u00ebr me p\u00ebrfitue privilegje dhe p\u00ebr me ba karrier\u00eb.<\/p>\n<p>N\u00eb qoft\u00eb se sot nuk kemi mb\u00ebrrijt\u00eb me krijue nji nd\u00ebrgjegje t\u00eb mir\u00ebfillt\u00eb qytetare dhe politike, kjo gja i duhet dijt\u00eb p\u00ebr nder\u00eb edhe k\u00ebtyne mistifikator\u00ebve e mercenar\u00ebve t\u00eb nji ideologjie t\u00eb flligsht\u00eb e hibride si\u00e7 qe komunizmi shqiptar.<\/p>\n<p>N\u00eb t\u00eb largtin vjet\u00eb 1927, filozofi francez Julien Benda botonte librin me titull \u201cTradhtia e klerik\u00ebve\u201d (La trahison des clercs). Me termin \u201cclerc\u201d ai n\u00ebnkuptonte intelektual\u00ebt q\u00eb kan\u00eb tradhtue misionin e tyne sherbestar n\u00eb t\u00eb mir\u00eb t\u00eb ndri\u00e7imit shpirtnor t\u00eb njerzve. Bahet fjal\u00eb p\u00ebr misionin e udh\u00ebrr\u00ebfyesit t\u00eb paansh\u00ebm, q\u00eb me durim e me vendosm\u00ebni zhgul\u00eb prej shpirtit t\u00eb njerzve injoranc\u00ebn dhe mbjell\u00eb far\u00ebn e dijes.<\/p>\n<p>Intelektual\u00ebt q\u00eb tradhtojn\u00eb idealet e dijes s\u00eb v\u00ebrtet\u00eb, thot\u00eb J. Benda, bahen pal\u00eb me politik\u00ebn, mbyllin syt\u00eb, t\u00eb zez\u00ebn e thrrasin t\u00eb bardh\u00eb e t\u00eb bardh\u00ebn t\u00eb zez\u00eb.<\/p>\n<p>Kaosi i sot\u00ebm shpirtnor, korrupsioni, jo vet\u00ebm i politik\u00ebs, mvaret edhe prej k\u00ebsaj tradhtie.<\/p>\n<p>N\u00eb Shqipn\u00edn ton\u00eb ata e treguen veten se ishin t\u00eb zot\u00ebt me qen\u00eb \u201cgood servants and bad masters\u201d (sherbtor\u00eb t\u00eb mir\u00eb dhe m\u00ebsuesa t\u00eb k\u00ebqij).<\/p>\n<p>Muzafer Pipa asht modeli i intelektualit q\u00eb i q\u00ebndron besnik idealeve t\u00eb veta. Antifashist, antikomunist, demokrat, progresist, atdhetar e sidomos njeri deri n\u00eb fund.<\/p>\n<p>Si avokat guxoi me mbrojt\u00eb t\u00eb v\u00ebrtet\u00ebn n\u00eb gjyqet farsa q\u00eb regjimi komunist inskenoi menjiher\u00eb mbas marrjes s\u00eb pushtetit p\u00ebr me d\u00ebnue klerin katolik. \u00c7oi zanin e tij t\u00eb guximsh\u00ebm p\u00ebr me i dal\u00eb zot t\u00eb v\u00ebrtet\u00ebs. U arrestue dhe u vra pabesisht mbas shpine.<\/p>\n<p>Sa intelektual\u00eb ka sot Shqipnia q\u00eb kan\u00eb guxim me dal\u00eb e me than\u00eb haptas t\u00eb v\u00ebrtet\u00ebn, pa pas\u00eb frik\u00eb p\u00ebr rrjedhojat? Jam i bindun se ka e disa sish i njoh personalisht. Por duhet q\u00eb t\u00eb gjith\u00eb s\u00eb bashku t\u00eb themi t\u00eb v\u00ebrtet\u00ebn, pse vet\u00ebm ajo na ban t\u00eb lir\u00eb.<\/p>\n<p>Nuk na lypet gja l\u00ebvizja e lir\u00eb n\u00eb zon\u00ebn Schengen, kur s\u2019kemi guxim me than\u00eb t\u00eb v\u00ebrtet\u00ebn e p\u00ebr ma tep\u00ebr vijojm\u00eb me i than\u00eb p\u00ebrdit\u00eb m&#8230; marshallah!<\/p>\n<p>Tue fol\u00eb p\u00ebr Shqipnin: \u201cbarka \u2013 v\u00ebrente Muzafer Pipa \u2013 duhet me pas\u00eb jo vet\u00ebm motor t\u00eb fort\u00eb, por edhe kapidana t\u00eb zot e t\u00eb sakrific\u00ebs. P\u00ebrndryshe, ajo do t\u00eb mbytet me gjith njerz qi ka mbrenda\u201d.<\/p>\n","protected":false},"excerpt":{"rendered":"<p>Nga Ardian Ndreca, 26 n\u00ebntor 2011 Me k\u00ebt\u00eb dilem\u00eb p\u00ebrballej n\u00eb nji artikull t\u00eb botuem tek e p\u00ebrkohshmja \u201cFryma\u201d, n\u00eb gusht t\u00eb vitit 1944, intelektuali shkodran, avokati Muzafer Pipa, i cili mbas pak kohet do t\u00eb martirizohej prej regjimit komunist. P\u00ebrgjegja e tij ishte se Shqipnia nuk asht (ishte) as njena as tjetra, por di\u00e7ka [&hellip;]<\/p>\n","protected":false},"author":1,"featured_media":0,"comment_status":"open","ping_status":"closed","sticky":false,"template":"","format":"standard","meta":{"footnotes":""},"categories":[2],"tags":[],"class_list":{"0":"post-11495","1":"post","2":"type-post","3":"status-publish","4":"format-standard","6":"category-artikuj"},"yoast_head":"<!-- This site is optimized with the Yoast SEO plugin v27.4 - https:\/\/yoast.com\/product\/yoast-seo-wordpress\/ -->\n<title>Shqipnia: Zvic\u00ebr apo Abisini? - FjALA e LIR\u00cb - Arkivi<\/title>\n<meta name=\"robots\" content=\"index, follow, max-snippet:-1, max-image-preview:large, max-video-preview:-1\" \/>\n<link rel=\"canonical\" href=\"https:\/\/fjala.info\/2009-2015\/shqipnia-zvicer-apo-abisini\/\" \/>\n<meta property=\"og:locale\" content=\"sq_AL\" \/>\n<meta property=\"og:type\" content=\"article\" \/>\n<meta property=\"og:title\" content=\"Shqipnia: Zvic\u00ebr apo Abisini? - FjALA e LIR\u00cb - Arkivi\" \/>\n<meta property=\"og:description\" content=\"Nga Ardian Ndreca, 26 n\u00ebntor 2011 Me k\u00ebt\u00eb dilem\u00eb p\u00ebrballej n\u00eb nji artikull t\u00eb botuem tek e p\u00ebrkohshmja \u201cFryma\u201d, n\u00eb gusht t\u00eb vitit 1944, intelektuali shkodran, avokati Muzafer Pipa, i cili mbas pak kohet do t\u00eb martirizohej prej regjimit komunist. P\u00ebrgjegja e tij ishte se Shqipnia nuk asht (ishte) as njena as tjetra, por di\u00e7ka [&hellip;]\" \/>\n<meta property=\"og:url\" content=\"https:\/\/fjala.info\/2009-2015\/shqipnia-zvicer-apo-abisini\/\" \/>\n<meta property=\"og:site_name\" content=\"FjALA e LIR\u00cb - Arkivi\" \/>\n<meta property=\"article:published_time\" content=\"2011-11-29T07:32:21+00:00\" \/>\n<meta property=\"og:image\" content=\"http:\/\/www.shkoder.net\/images\/fjala\/2011\/ardian_ndreca.jpg\" \/>\n<meta name=\"author\" content=\"admin\" \/>\n<meta name=\"twitter:card\" content=\"summary_large_image\" \/>\n<meta name=\"twitter:label1\" content=\"Written by\" \/>\n\t<meta name=\"twitter:data1\" content=\"admin\" \/>\n\t<meta name=\"twitter:label2\" content=\"Est. reading time\" \/>\n\t<meta name=\"twitter:data2\" content=\"6 minutes\" \/>\n<script type=\"application\/ld+json\" class=\"yoast-schema-graph\">{\"@context\":\"https:\\\/\\\/schema.org\",\"@graph\":[{\"@type\":\"Article\",\"@id\":\"https:\\\/\\\/fjala.info\\\/2009-2015\\\/shqipnia-zvicer-apo-abisini\\\/#article\",\"isPartOf\":{\"@id\":\"https:\\\/\\\/fjala.info\\\/2009-2015\\\/shqipnia-zvicer-apo-abisini\\\/\"},\"author\":{\"name\":\"admin\",\"@id\":\"https:\\\/\\\/fjala.info\\\/2009-2015\\\/#\\\/schema\\\/person\\\/3aa1163ef05469c496fc94e77611ada2\"},\"headline\":\"Shqipnia: Zvic\u00ebr apo Abisini?\",\"datePublished\":\"2011-11-29T07:32:21+00:00\",\"mainEntityOfPage\":{\"@id\":\"https:\\\/\\\/fjala.info\\\/2009-2015\\\/shqipnia-zvicer-apo-abisini\\\/\"},\"wordCount\":1128,\"commentCount\":0,\"publisher\":{\"@id\":\"https:\\\/\\\/fjala.info\\\/2009-2015\\\/#organization\"},\"image\":{\"@id\":\"https:\\\/\\\/fjala.info\\\/2009-2015\\\/shqipnia-zvicer-apo-abisini\\\/#primaryimage\"},\"thumbnailUrl\":\"http:\\\/\\\/www.shkoder.net\\\/images\\\/fjala\\\/2011\\\/ardian_ndreca.jpg\",\"articleSection\":[\"Artikuj\"],\"inLanguage\":\"sq-AL\",\"potentialAction\":[{\"@type\":\"CommentAction\",\"name\":\"Comment\",\"target\":[\"https:\\\/\\\/fjala.info\\\/2009-2015\\\/shqipnia-zvicer-apo-abisini\\\/#respond\"]}]},{\"@type\":\"WebPage\",\"@id\":\"https:\\\/\\\/fjala.info\\\/2009-2015\\\/shqipnia-zvicer-apo-abisini\\\/\",\"url\":\"https:\\\/\\\/fjala.info\\\/2009-2015\\\/shqipnia-zvicer-apo-abisini\\\/\",\"name\":\"Shqipnia: Zvic\u00ebr apo Abisini? - FjALA e LIR\u00cb - Arkivi\",\"isPartOf\":{\"@id\":\"https:\\\/\\\/fjala.info\\\/2009-2015\\\/#website\"},\"primaryImageOfPage\":{\"@id\":\"https:\\\/\\\/fjala.info\\\/2009-2015\\\/shqipnia-zvicer-apo-abisini\\\/#primaryimage\"},\"image\":{\"@id\":\"https:\\\/\\\/fjala.info\\\/2009-2015\\\/shqipnia-zvicer-apo-abisini\\\/#primaryimage\"},\"thumbnailUrl\":\"http:\\\/\\\/www.shkoder.net\\\/images\\\/fjala\\\/2011\\\/ardian_ndreca.jpg\",\"datePublished\":\"2011-11-29T07:32:21+00:00\",\"breadcrumb\":{\"@id\":\"https:\\\/\\\/fjala.info\\\/2009-2015\\\/shqipnia-zvicer-apo-abisini\\\/#breadcrumb\"},\"inLanguage\":\"sq-AL\",\"potentialAction\":[{\"@type\":\"ReadAction\",\"target\":[\"https:\\\/\\\/fjala.info\\\/2009-2015\\\/shqipnia-zvicer-apo-abisini\\\/\"]}]},{\"@type\":\"ImageObject\",\"inLanguage\":\"sq-AL\",\"@id\":\"https:\\\/\\\/fjala.info\\\/2009-2015\\\/shqipnia-zvicer-apo-abisini\\\/#primaryimage\",\"url\":\"http:\\\/\\\/www.shkoder.net\\\/images\\\/fjala\\\/2011\\\/ardian_ndreca.jpg\",\"contentUrl\":\"http:\\\/\\\/www.shkoder.net\\\/images\\\/fjala\\\/2011\\\/ardian_ndreca.jpg\"},{\"@type\":\"BreadcrumbList\",\"@id\":\"https:\\\/\\\/fjala.info\\\/2009-2015\\\/shqipnia-zvicer-apo-abisini\\\/#breadcrumb\",\"itemListElement\":[{\"@type\":\"ListItem\",\"position\":1,\"name\":\"Home\",\"item\":\"https:\\\/\\\/fjala.info\\\/2009-2015\\\/\"},{\"@type\":\"ListItem\",\"position\":2,\"name\":\"Shqipnia: Zvic\u00ebr apo Abisini?\"}]},{\"@type\":\"WebSite\",\"@id\":\"https:\\\/\\\/fjala.info\\\/2009-2015\\\/#website\",\"url\":\"https:\\\/\\\/fjala.info\\\/2009-2015\\\/\",\"name\":\"FjALA e LIR\u00cb - Arkivi\",\"description\":\"Arkivi 2009-2015\",\"publisher\":{\"@id\":\"https:\\\/\\\/fjala.info\\\/2009-2015\\\/#organization\"},\"potentialAction\":[{\"@type\":\"SearchAction\",\"target\":{\"@type\":\"EntryPoint\",\"urlTemplate\":\"https:\\\/\\\/fjala.info\\\/2009-2015\\\/?s={search_term_string}\"},\"query-input\":{\"@type\":\"PropertyValueSpecification\",\"valueRequired\":true,\"valueName\":\"search_term_string\"}}],\"inLanguage\":\"sq-AL\"},{\"@type\":\"Organization\",\"@id\":\"https:\\\/\\\/fjala.info\\\/2009-2015\\\/#organization\",\"name\":\"FjALA e LIR\u00cb - Arkivi\",\"url\":\"https:\\\/\\\/fjala.info\\\/2009-2015\\\/\",\"logo\":{\"@type\":\"ImageObject\",\"inLanguage\":\"sq-AL\",\"@id\":\"https:\\\/\\\/fjala.info\\\/2009-2015\\\/#\\\/schema\\\/logo\\\/image\\\/\",\"url\":\"\",\"contentUrl\":\"\",\"caption\":\"FjALA e LIR\u00cb - Arkivi\"},\"image\":{\"@id\":\"https:\\\/\\\/fjala.info\\\/2009-2015\\\/#\\\/schema\\\/logo\\\/image\\\/\"}},{\"@type\":\"Person\",\"@id\":\"https:\\\/\\\/fjala.info\\\/2009-2015\\\/#\\\/schema\\\/person\\\/3aa1163ef05469c496fc94e77611ada2\",\"name\":\"admin\",\"image\":{\"@type\":\"ImageObject\",\"inLanguage\":\"sq-AL\",\"@id\":\"https:\\\/\\\/fjala.info\\\/2009-2015\\\/wp-content\\\/uploads\\\/2012\\\/02\\\/arben_cokaj-120x150.jpg\",\"url\":\"https:\\\/\\\/fjala.info\\\/2009-2015\\\/wp-content\\\/uploads\\\/2012\\\/02\\\/arben_cokaj-120x150.jpg\",\"contentUrl\":\"https:\\\/\\\/fjala.info\\\/2009-2015\\\/wp-content\\\/uploads\\\/2012\\\/02\\\/arben_cokaj-120x150.jpg\",\"caption\":\"admin\"},\"description\":\"Admin, Fjala e Lir\u00eb\",\"sameAs\":[\"https:\\\/\\\/fjala.info\\\/\"],\"url\":\"https:\\\/\\\/fjala.info\\\/2009-2015\\\/author\\\/admin\\\/\"}]}<\/script>\n<!-- \/ Yoast SEO plugin. -->","yoast_head_json":{"title":"Shqipnia: Zvic\u00ebr apo Abisini? - FjALA e LIR\u00cb - Arkivi","robots":{"index":"index","follow":"follow","max-snippet":"max-snippet:-1","max-image-preview":"max-image-preview:large","max-video-preview":"max-video-preview:-1"},"canonical":"https:\/\/fjala.info\/2009-2015\/shqipnia-zvicer-apo-abisini\/","og_locale":"sq_AL","og_type":"article","og_title":"Shqipnia: Zvic\u00ebr apo Abisini? - FjALA e LIR\u00cb - Arkivi","og_description":"Nga Ardian Ndreca, 26 n\u00ebntor 2011 Me k\u00ebt\u00eb dilem\u00eb p\u00ebrballej n\u00eb nji artikull t\u00eb botuem tek e p\u00ebrkohshmja \u201cFryma\u201d, n\u00eb gusht t\u00eb vitit 1944, intelektuali shkodran, avokati Muzafer Pipa, i cili mbas pak kohet do t\u00eb martirizohej prej regjimit komunist. P\u00ebrgjegja e tij ishte se Shqipnia nuk asht (ishte) as njena as tjetra, por di\u00e7ka [&hellip;]","og_url":"https:\/\/fjala.info\/2009-2015\/shqipnia-zvicer-apo-abisini\/","og_site_name":"FjALA e LIR\u00cb - Arkivi","article_published_time":"2011-11-29T07:32:21+00:00","og_image":[{"url":"http:\/\/www.shkoder.net\/images\/fjala\/2011\/ardian_ndreca.jpg","type":"","width":"","height":""}],"author":"admin","twitter_card":"summary_large_image","twitter_misc":{"Written by":"admin","Est. reading time":"6 minutes"},"schema":{"@context":"https:\/\/schema.org","@graph":[{"@type":"Article","@id":"https:\/\/fjala.info\/2009-2015\/shqipnia-zvicer-apo-abisini\/#article","isPartOf":{"@id":"https:\/\/fjala.info\/2009-2015\/shqipnia-zvicer-apo-abisini\/"},"author":{"name":"admin","@id":"https:\/\/fjala.info\/2009-2015\/#\/schema\/person\/3aa1163ef05469c496fc94e77611ada2"},"headline":"Shqipnia: Zvic\u00ebr apo Abisini?","datePublished":"2011-11-29T07:32:21+00:00","mainEntityOfPage":{"@id":"https:\/\/fjala.info\/2009-2015\/shqipnia-zvicer-apo-abisini\/"},"wordCount":1128,"commentCount":0,"publisher":{"@id":"https:\/\/fjala.info\/2009-2015\/#organization"},"image":{"@id":"https:\/\/fjala.info\/2009-2015\/shqipnia-zvicer-apo-abisini\/#primaryimage"},"thumbnailUrl":"http:\/\/www.shkoder.net\/images\/fjala\/2011\/ardian_ndreca.jpg","articleSection":["Artikuj"],"inLanguage":"sq-AL","potentialAction":[{"@type":"CommentAction","name":"Comment","target":["https:\/\/fjala.info\/2009-2015\/shqipnia-zvicer-apo-abisini\/#respond"]}]},{"@type":"WebPage","@id":"https:\/\/fjala.info\/2009-2015\/shqipnia-zvicer-apo-abisini\/","url":"https:\/\/fjala.info\/2009-2015\/shqipnia-zvicer-apo-abisini\/","name":"Shqipnia: Zvic\u00ebr apo Abisini? - FjALA e LIR\u00cb - Arkivi","isPartOf":{"@id":"https:\/\/fjala.info\/2009-2015\/#website"},"primaryImageOfPage":{"@id":"https:\/\/fjala.info\/2009-2015\/shqipnia-zvicer-apo-abisini\/#primaryimage"},"image":{"@id":"https:\/\/fjala.info\/2009-2015\/shqipnia-zvicer-apo-abisini\/#primaryimage"},"thumbnailUrl":"http:\/\/www.shkoder.net\/images\/fjala\/2011\/ardian_ndreca.jpg","datePublished":"2011-11-29T07:32:21+00:00","breadcrumb":{"@id":"https:\/\/fjala.info\/2009-2015\/shqipnia-zvicer-apo-abisini\/#breadcrumb"},"inLanguage":"sq-AL","potentialAction":[{"@type":"ReadAction","target":["https:\/\/fjala.info\/2009-2015\/shqipnia-zvicer-apo-abisini\/"]}]},{"@type":"ImageObject","inLanguage":"sq-AL","@id":"https:\/\/fjala.info\/2009-2015\/shqipnia-zvicer-apo-abisini\/#primaryimage","url":"http:\/\/www.shkoder.net\/images\/fjala\/2011\/ardian_ndreca.jpg","contentUrl":"http:\/\/www.shkoder.net\/images\/fjala\/2011\/ardian_ndreca.jpg"},{"@type":"BreadcrumbList","@id":"https:\/\/fjala.info\/2009-2015\/shqipnia-zvicer-apo-abisini\/#breadcrumb","itemListElement":[{"@type":"ListItem","position":1,"name":"Home","item":"https:\/\/fjala.info\/2009-2015\/"},{"@type":"ListItem","position":2,"name":"Shqipnia: Zvic\u00ebr apo Abisini?"}]},{"@type":"WebSite","@id":"https:\/\/fjala.info\/2009-2015\/#website","url":"https:\/\/fjala.info\/2009-2015\/","name":"FjALA e LIR\u00cb - Arkivi","description":"Arkivi 2009-2015","publisher":{"@id":"https:\/\/fjala.info\/2009-2015\/#organization"},"potentialAction":[{"@type":"SearchAction","target":{"@type":"EntryPoint","urlTemplate":"https:\/\/fjala.info\/2009-2015\/?s={search_term_string}"},"query-input":{"@type":"PropertyValueSpecification","valueRequired":true,"valueName":"search_term_string"}}],"inLanguage":"sq-AL"},{"@type":"Organization","@id":"https:\/\/fjala.info\/2009-2015\/#organization","name":"FjALA e LIR\u00cb - Arkivi","url":"https:\/\/fjala.info\/2009-2015\/","logo":{"@type":"ImageObject","inLanguage":"sq-AL","@id":"https:\/\/fjala.info\/2009-2015\/#\/schema\/logo\/image\/","url":"","contentUrl":"","caption":"FjALA e LIR\u00cb - Arkivi"},"image":{"@id":"https:\/\/fjala.info\/2009-2015\/#\/schema\/logo\/image\/"}},{"@type":"Person","@id":"https:\/\/fjala.info\/2009-2015\/#\/schema\/person\/3aa1163ef05469c496fc94e77611ada2","name":"admin","image":{"@type":"ImageObject","inLanguage":"sq-AL","@id":"https:\/\/fjala.info\/2009-2015\/wp-content\/uploads\/2012\/02\/arben_cokaj-120x150.jpg","url":"https:\/\/fjala.info\/2009-2015\/wp-content\/uploads\/2012\/02\/arben_cokaj-120x150.jpg","contentUrl":"https:\/\/fjala.info\/2009-2015\/wp-content\/uploads\/2012\/02\/arben_cokaj-120x150.jpg","caption":"admin"},"description":"Admin, Fjala e Lir\u00eb","sameAs":["https:\/\/fjala.info\/"],"url":"https:\/\/fjala.info\/2009-2015\/author\/admin\/"}]}},"_links":{"self":[{"href":"https:\/\/fjala.info\/2009-2015\/wp-json\/wp\/v2\/posts\/11495","targetHints":{"allow":["GET"]}}],"collection":[{"href":"https:\/\/fjala.info\/2009-2015\/wp-json\/wp\/v2\/posts"}],"about":[{"href":"https:\/\/fjala.info\/2009-2015\/wp-json\/wp\/v2\/types\/post"}],"author":[{"embeddable":true,"href":"https:\/\/fjala.info\/2009-2015\/wp-json\/wp\/v2\/users\/1"}],"replies":[{"embeddable":true,"href":"https:\/\/fjala.info\/2009-2015\/wp-json\/wp\/v2\/comments?post=11495"}],"version-history":[{"count":0,"href":"https:\/\/fjala.info\/2009-2015\/wp-json\/wp\/v2\/posts\/11495\/revisions"}],"wp:attachment":[{"href":"https:\/\/fjala.info\/2009-2015\/wp-json\/wp\/v2\/media?parent=11495"}],"wp:term":[{"taxonomy":"category","embeddable":true,"href":"https:\/\/fjala.info\/2009-2015\/wp-json\/wp\/v2\/categories?post=11495"},{"taxonomy":"post_tag","embeddable":true,"href":"https:\/\/fjala.info\/2009-2015\/wp-json\/wp\/v2\/tags?post=11495"}],"curies":[{"name":"wp","href":"https:\/\/api.w.org\/{rel}","templated":true}]}}