{"id":11494,"date":"2011-11-28T23:54:24","date_gmt":"2011-11-28T22:54:24","guid":{"rendered":"http:\/\/fjala.shkoder.net\/?p=384"},"modified":"2011-11-28T23:54:24","modified_gmt":"2011-11-28T22:54:24","slug":"ne-kerkim-te-dekorit-per-te-pozuar-si-patriot","status":"publish","type":"post","link":"https:\/\/fjala.info\/2009-2015\/ne-kerkim-te-dekorit-per-te-pozuar-si-patriot\/","title":{"rendered":"N\u00eb k\u00ebrkim t\u00eb dekorit p\u00ebr t\u00eb pozuar si patriot"},"content":{"rendered":"<p><img decoding=\"async\" class=\"alignright size-thumbnail wp-image-7236\" title=\"Mero Baze\" src=\"http:\/\/www.shkoder.net\/images\/fjala\/mero_baze1.jpg\" alt=\"\" width=\"150\" \/> Nga <strong>Mero Baze<\/strong>, <em>28 N\u00ebntor 2011<\/em><\/p>\n<p>Kryeministri i Shqip\u00ebris\u00eb dhe deputet\u00ebt e shumic\u00ebs braktis\u00ebn n\u00eb shenj\u00eb hakmarrje ndaj Presidentit Bamir Topi, ceremonin\u00eb zyrtare t\u00eb shpalljes s\u00eb Pavar\u00ebsis\u00eb dhe ngritjes s\u00eb Flamurit n\u00eb Vlor\u00eb. Edhe pse Festa Komb\u00ebtare \u00ebsht\u00eb nj\u00eb rast p\u00ebr t\u00eb injoruar ndarjet politike dhe p\u00ebr t\u00eb moderuar q\u00ebndrimet, Kryeministri dhe shumica e rreshtuar pas tij vazhduan t\u00eb nj\u00ebjt\u00ebn tradit\u00eb.<\/p>\n<p>P\u00ebr \u00e7do shqiptar apo qytetar t\u00eb huaj, \u00ebsht\u00eb e v\u00ebshtir\u00eb ta kuptoj\u00eb simbolik\u00ebn e braktisjes s\u00eb Presidentit dit\u00ebn e Fest\u00ebs Komb\u00ebtare. N\u00ebse kjo gj\u00eb do t\u00eb kishte ndodhur n\u00eb ndonj\u00eb vend per\u00ebndimor, njer\u00ebzit do t\u00eb ngrinin pik\u00ebpyetje t\u00eb m\u00ebdha p\u00ebr Presidentin, ose Kryeministrin, dhe debati nuk do t\u00eb ndalej derisa t\u00eb ndri\u00e7ohej pala q\u00eb kish t\u00eb drejt\u00eb.<\/p>\n<p>Arsyeja p\u00ebrse nj\u00eb President mund t\u00eb braktiset n\u00eb dit\u00ebn e Fest\u00ebs Komb\u00ebtare duhet t\u00eb jet\u00eb doemos komb\u00ebtare. Duhet t\u00eb jet\u00eb nj\u00eb arsye q\u00eb ka t\u00eb b\u00ebj\u00eb me dinjitetin e kombit shqiptar, me cenimin e k\u00ebtij dinjiteti prej Presidentit, me akte politike q\u00eb fyejn\u00eb historin\u00eb ton\u00eb komb\u00ebtare apo me gjeste politike q\u00eb i ulin r\u00ebnd\u00ebsin\u00eb kombit n\u00eb t\u00ebr\u00ebsi.<\/p>\n<p>P\u00ebr aq sa zoti Bamir Topi ka qen\u00eb President, n\u00eb t\u00eb v\u00ebrtet\u00eb ka pasur disa kauza, t\u00eb cilat kan\u00eb pasur t\u00eb b\u00ebjn\u00eb me dinjitetin e kombit shqiptar, q\u00eb ai ka qen\u00eb n\u00eb kund\u00ebrshtim me Kryeministrin.<\/p>\n<p>\u00c7\u00ebshtja e par\u00eb komb\u00ebtare p\u00ebr t\u00eb cil\u00ebn jan\u00eb p\u00ebrplasur Kryeministri dhe Presidenti ka qen\u00eb \u00e7\u00ebshtja e kufirit ujor me Greqin\u00eb. Presidenti t\u00ebrhoqi v\u00ebmendjen q\u00eb Komisioni ishte ngritur pa dijeni t\u00eb tij n\u00eb shkelje t\u00eb Kushtetut\u00ebs dhe Gjykata Kushtetuese e hodhi posht\u00eb marr\u00ebveshjen e Sali Berish\u00ebs me kryeministrin grek, n\u00ebnshkruar n\u00eb fillim t\u00eb fushat\u00ebs elektorale n\u00eb shk\u00ebmbim t\u00eb mb\u00ebshtetjes greke p\u00ebr Sali Berish\u00ebn.<\/p>\n<p>Tashm\u00eb ish-kryeministrit grek Karamanlis i \u00ebsht\u00eb harruar emri dhe grek\u00ebt e kan\u00eb shpallur armik t\u00eb vendit t\u00eb tyre p\u00ebr shkak t\u00eb zhytjes n\u00eb spiralen posht\u00ebruese t\u00eb kriz\u00ebs financiare, por Shqip\u00ebria ende po rropatet t\u00eb zhb\u00ebj\u00eb nj\u00eb turp t\u00eb Sali Berish\u00ebs. N\u00eb t\u00eb nj\u00ebjt\u00ebn dit\u00eb jan\u00eb n\u00ebnshkruar dhe marr\u00ebveshje p\u00ebr nj\u00eb kordon n\u00eb form\u00eb kufiri t\u00eb varrezave t\u00eb ushtar\u00ebve grek\u00eb n\u00eb Shqip\u00ebri, p\u00ebrtej mas\u00ebs s\u00eb pranueshme t\u00eb nj\u00eb varreze simbol p\u00ebr ushtar\u00ebt grek\u00eb t\u00eb r\u00ebn\u00eb n\u00eb tok\u00ebn shqiptare.<\/p>\n<p>Nj\u00eb betej\u00eb e dyt\u00eb me r\u00ebnd\u00ebsi p\u00ebr historin\u00eb e kombit shqiptar ka qen\u00eb beteja p\u00ebr ligjin e lustracionit dhe d\u00ebnimin e krimeve t\u00eb komunizmit. Bamir Topi ka mb\u00ebshtetur propozimin p\u00ebr nj\u00eb ligj serioz, t\u00eb thell\u00eb, dhe t\u00eb drejt\u00eb, nd\u00ebrsa Berisha rib\u00ebri nj\u00eb ligj politik, i cili synonte vet\u00ebm shantazhimin e disa hallkave t\u00eb gjyq\u00ebsorit dhe administrat\u00ebs q\u00eb sot i ka kthyer n\u00eb ushtar\u00eb, duke humbur k\u00ebshtu shansin p\u00ebr t\u00eb pasur nj\u00eb ligj q\u00eb d\u00ebnonte dhe vendoste drejt\u00ebsi p\u00ebr krimet e komunizmit n\u00eb Shqip\u00ebri.<\/p>\n<p>Beteja tjet\u00ebr e Berish\u00ebs me Presidentin ka qen\u00eb p\u00ebr ligjin e pronave, po ashtu spekulativ dhe nd\u00ebshkues p\u00ebr pronar\u00ebt shqiptar\u00eb. Edhe pse ky ligj ka nj\u00eb r\u00ebnd\u00ebsi esenciale p\u00ebr identitetin e shoq\u00ebris\u00eb shqiptare dhe t\u00eb ardhmen e zhvillimit t\u00eb saj, Berisha me arnimet e tij mbi ligjet ekzistuese synoi dhe vazhdon t\u00eb synoj\u00eb t\u00eb legjitimoj\u00eb grabit\u00ebsit e tokave p\u00ebrmes mekanizmit t\u00eb gjob\u00ebv\u00ebnies n\u00eb natyr\u00eb nga studiot ligjore t\u00eb familjes s\u00eb tij, q\u00eb t\u00eb kthejn\u00eb tok\u00ebn p\u00ebr tua rikthyer aty, ndryshe p\u00ebrfundon si i ndjeri Konomi n\u00eb Vlor\u00eb.<\/p>\n<p>Nj\u00eb betej\u00eb me t\u00eb v\u00ebrtet\u00eb personale mes Berish\u00ebs dhe Presidentit Topi ishte beteja p\u00ebr dit\u00ebt e v\u00ebshtira pas 21 janarit, kur Shqip\u00ebria u fut n\u00eb list\u00ebn e vendeve q\u00eb pushkatojn\u00eb qytetar\u00eb t\u00eb tyre p\u00ebr arsye politike. Sali Berisha dhe Lul\u00ebzim Basha urdh\u00ebruan me qet\u00ebsi vrasjen e Ziver Veizit, Faik Myrtajt, Aleks Nik\u00ebs dhe Hekuran Ded\u00ebs duke l\u00ebn\u00eb dhjet\u00eb f\u00ebmij\u00eb jetim\u00eb dhe nj\u00eb Shqip\u00ebri me t\u00eb ardhme t\u00eb pasigurt p\u00ebrpara. Me duart ende t\u00eb gjakosura dhe fytyr\u00ebn ende t\u00eb tmerruar nga krimi q\u00eb kish b\u00ebr\u00eb, Sali Berisha doli n\u00eb ekrane me nj\u00eb pamje prej gjysm\u00eb t\u00eb \u00e7menduri dhe drejtoi gishtin e gjakosur mbi Presidentin, kryeprokuroren, kryetarin e SHISH dhe kat\u00ebr gazetar\u00eb pu\u00e7ist\u00eb.<\/p>\n<p>I akuzoi p\u00ebr grusht shteti. Shteti shqiptar asnj\u00eb her\u00eb gjat\u00eb k\u00ebtyre 99 viteve nuk kishte pasur nj\u00eb problem kaq t\u00eb r\u00ebnd\u00eb mes nj\u00eb Kryeministri dhe gjith\u00eb institucioneve t\u00eb tjera t\u00eb shtetit, Presidentit, drejt\u00ebsis\u00eb, sh\u00ebrbimit sekret dhe shtypit. Sali Berisha, njeriu q\u00eb tentoi t\u00eb krijoj\u00eb k\u00ebt\u00eb problem n\u00ebn makthet e njeriut q\u00eb kish vrar\u00eb dhe kish l\u00ebn\u00eb f\u00ebmij\u00eb jetim\u00eb, u fut n\u00eb nj\u00eb betej\u00eb pa kthim kund\u00ebr Presidentit duke e cil\u00ebsuar at\u00eb nj\u00eb \u2018horr bulevardi\u2019, nd\u00ebrkoh\u00eb q\u00eb viktimat e veta i kishte cil\u00ebsuar kok\u00ebpalar\u00eb. Kjo \u00ebsht\u00eb n\u00eb t\u00eb v\u00ebrtet\u00eb dhe fryma m\u00eb antikomb\u00ebtare q\u00eb ndonj\u00eb kryeminist\u00ebr i k\u00ebtij vendi ka p\u00ebr\u00e7uar n\u00eb detyr\u00ebn e vet ndaj historis\u00eb s\u00eb shtetit t\u00eb tij.<\/p>\n<p>Nj\u00eb tjet\u00ebr betej\u00eb ku Berisha dhe Topi u ndesh\u00ebn n\u00eb k\u00ebt\u00eb mandat \u00ebsht\u00eb beteja p\u00ebr ligjin e importit t\u00eb plehrave, nj\u00eb betej\u00eb e cila i jep dinjitet atij shtetari q\u00eb nuk firmos p\u00ebr t\u00eb varrosur t\u00eb ardhmen e vendit duke e kthyer at\u00eb n\u00eb depo t\u00eb l\u00ebnd\u00ebve radioaktive dhe plehrave t\u00eb mafies rajonale, e cila ka b\u00ebr\u00eb pakt me kryeministrin e Shqip\u00ebris\u00eb p\u00ebr k\u00ebt\u00eb biznes miliarder\u00ebsh. Sulmet e Berish\u00ebs kund\u00ebr Presidentit u b\u00ebn\u00eb tejet agresive duke e nj\u00ebsuar at\u00eb si aleat t\u00eb opozit\u00ebs dhe pjes\u00eb t\u00eb \u2018aleanc\u00ebs s\u00eb plehut\u2019, si\u00e7 etiketon ata q\u00eb nuk pranojn\u00eb plehrat e tij n\u00eb Shqip\u00ebri.<\/p>\n<p>Por kryedebati q\u00eb ka Sali Berisha me Bamir Topin ngelet orientimi per\u00ebndimor i Shqip\u00ebris\u00eb. Me Sali Berish\u00ebn kryeminist\u00ebr Shqip\u00ebria humbi duksh\u00ebm shansin p\u00ebr t\u00eb marr\u00eb ftes\u00ebn p\u00ebr vend kandidat p\u00ebr an\u00ebtar t\u00eb Bashkimit Evropian. P\u00ebrgjegj\u00ebsi i vet\u00ebm i k\u00ebsaj krize t\u00eb Shqip\u00ebris\u00eb me Per\u00ebndimin ishte Sali Berisha. Kriza politike q\u00eb ai prodhoi brenda vendit largoi Brukselin nga Tirana dhe mbajti institucionin e Presidentit si t\u00eb vetmin institucion me t\u00eb cilin komunikonte. Kjo e thelloi dhe m\u00eb tej ndarjen dhe armiq\u00ebsin\u00eb e Kryeministrit ndaj k\u00ebtij Presidenti, derisa u detyrua ta sulmoj\u00eb at\u00eb publikisht n\u00eb gjithfar\u00eb rrethanash.<\/p>\n<p>M\u00eb 28 N\u00ebntor 2011 ai u hakmor politikisht ndaj tij duke braktisur Fest\u00ebn Komb\u00ebtare n\u00eb Shesh t\u00eb Flamurit, dhe duke theksuar faktin q\u00eb interesi politik i Sali Berish\u00ebs \u00ebsht\u00eb mbi interesin ton\u00eb komb\u00ebtar. N\u00ebse i hedhim nj\u00eb v\u00ebshtrim dhe m\u00eb tej historis\u00eb s\u00eb tij politike, ai ka qen\u00eb i vetmi lider opozite n\u00eb Shqip\u00ebri q\u00eb nuk e ka njohur Fest\u00ebn Komb\u00ebtare kur nuk ka qen\u00eb vet\u00eb President. Ai mungoi rregullisht n\u00eb Fest\u00ebn Komb\u00ebtare pas vitit 1997, vet\u00ebm pse nuk ishte m\u00eb President, dhe sajonte nj\u00eb fest\u00eb t\u00eb vet\u00ebn me militant\u00eb t\u00eb tij n\u00eb ndonj\u00eb hotel apo motel t\u00eb Tiran\u00ebs.<\/p>\n<p>Por p\u00ebrve\u00e7 shpalljes s\u00eb interesit t\u00eb tij politik si interes komb\u00ebtar, Berisha po p\u00ebrpiqet tinzarisht t\u00eb zhvendos\u00eb dhe r\u00ebnd\u00ebsin\u00eb e Fest\u00ebs Komb\u00ebtare dhe r\u00ebnd\u00ebsin\u00eb e Vlor\u00ebs n\u00eb k\u00ebt\u00eb akt, drejt Tiran\u00ebs. Duke qen\u00eb nj\u00eb qytet q\u00eb nuk e pranoi kurr\u00eb Sali Berish\u00ebn, ky i fundit mendon se mund ta fyej\u00eb at\u00eb qytet jo vet\u00ebm duke mos ia pranuar historin\u00eb, por dhe duke ia b\u00ebr\u00eb t\u00eb pavlefshme at\u00eb. Ai ka njoftuar se do t\u00eb nd\u00ebrtoj\u00eb nj\u00eb tjet\u00ebr monument pavar\u00ebsie n\u00eb Tiran\u00eb me q\u00ebllim q\u00eb t\u00eb shmang\u00eb sikletin dhe detyrimin q\u00eb ka p\u00ebr t\u00eb shkuar tek qyteti q\u00eb e ka rr\u00ebzuar nj\u00eb her\u00eb nga froni i pushtetit. I pafuqish\u00ebm t\u00eb hyj\u00eb n\u00eb histori, ai mendon se mund ta zgjidh\u00eb k\u00ebt\u00eb problem duke ndryshuar jo vet\u00ebm historin\u00eb, por dhe gjeografin\u00eb e festave dhe monumenteve duke i zhvendosur ata nga Vlora n\u00eb Tiran\u00eb.<\/p>\n<p>Arsyeja reale pse Sali Berisha nuk shkon dot n\u00eb Vlor\u00eb dhe n\u00eb Shesh t\u00eb Flamurit, \u00ebsht\u00eb se qytetar\u00ebt e atij qyteti e v\u00ebrsh\u00ebllejn\u00eb dhe e fyejn\u00eb. Arsyeja reale \u00ebsht\u00eb se Vlora dhe nj\u00eb pjes\u00eb e madhe e Shqip\u00ebris\u00eb nuk e pranon linj\u00ebn e tij politike si linj\u00eb komb\u00ebtare, por si linj\u00eb antikomb\u00ebtare. P\u00ebr k\u00ebt\u00eb arsye Berisha \u00ebsht\u00eb n\u00eb k\u00ebrkim t\u00eb nj\u00eb dekori p\u00ebr t\u00eb pozuar si patriot, t\u00eb nj\u00eb dekori ku para ka njer\u00ebz, por jo popull, dhe mbrapa ka statuja, por jo histori. Atij i prish pun\u00eb \u00e7do institucion shqiptar q\u00eb respektohet, \u00e7do politikan shqiptar q\u00eb nuk ka b\u00ebr\u00eb ato gj\u00ebma q\u00eb ka b\u00ebr\u00eb ai n\u00eb historin\u00eb e k\u00ebtij shteti. Ndaj e do fest\u00ebn vet\u00ebm dhe p\u00ebr vete, jo bashk\u00eb me t\u00eb tjer\u00ebt dhe p\u00ebr Shqip\u00ebrin\u00eb.<\/p>\n","protected":false},"excerpt":{"rendered":"<p>Nga Mero Baze, 28 N\u00ebntor 2011 Kryeministri i Shqip\u00ebris\u00eb dhe deputet\u00ebt e shumic\u00ebs braktis\u00ebn n\u00eb shenj\u00eb hakmarrje ndaj Presidentit Bamir Topi, ceremonin\u00eb zyrtare t\u00eb shpalljes s\u00eb Pavar\u00ebsis\u00eb dhe ngritjes s\u00eb Flamurit n\u00eb Vlor\u00eb. Edhe pse Festa Komb\u00ebtare \u00ebsht\u00eb nj\u00eb rast p\u00ebr t\u00eb injoruar ndarjet politike dhe p\u00ebr t\u00eb moderuar q\u00ebndrimet, Kryeministri dhe shumica e rreshtuar [&hellip;]<\/p>\n","protected":false},"author":1,"featured_media":0,"comment_status":"open","ping_status":"closed","sticky":false,"template":"","format":"standard","meta":{"footnotes":""},"categories":[2],"tags":[],"class_list":{"0":"post-11494","1":"post","2":"type-post","3":"status-publish","4":"format-standard","6":"category-artikuj"},"yoast_head":"<!-- This site is optimized with the Yoast SEO plugin v27.4 - https:\/\/yoast.com\/product\/yoast-seo-wordpress\/ -->\n<title>N\u00eb k\u00ebrkim t\u00eb dekorit p\u00ebr t\u00eb pozuar si patriot - FjALA e LIR\u00cb - Arkivi<\/title>\n<meta name=\"robots\" content=\"index, follow, max-snippet:-1, max-image-preview:large, max-video-preview:-1\" \/>\n<link rel=\"canonical\" href=\"https:\/\/fjala.info\/2009-2015\/ne-kerkim-te-dekorit-per-te-pozuar-si-patriot\/\" \/>\n<meta property=\"og:locale\" content=\"sq_AL\" \/>\n<meta property=\"og:type\" content=\"article\" \/>\n<meta property=\"og:title\" content=\"N\u00eb k\u00ebrkim t\u00eb dekorit p\u00ebr t\u00eb pozuar si patriot - FjALA e LIR\u00cb - Arkivi\" \/>\n<meta property=\"og:description\" content=\"Nga Mero Baze, 28 N\u00ebntor 2011 Kryeministri i Shqip\u00ebris\u00eb dhe deputet\u00ebt e shumic\u00ebs braktis\u00ebn n\u00eb shenj\u00eb hakmarrje ndaj Presidentit Bamir Topi, ceremonin\u00eb zyrtare t\u00eb shpalljes s\u00eb Pavar\u00ebsis\u00eb dhe ngritjes s\u00eb Flamurit n\u00eb Vlor\u00eb. Edhe pse Festa Komb\u00ebtare \u00ebsht\u00eb nj\u00eb rast p\u00ebr t\u00eb injoruar ndarjet politike dhe p\u00ebr t\u00eb moderuar q\u00ebndrimet, Kryeministri dhe shumica e rreshtuar [&hellip;]\" \/>\n<meta property=\"og:url\" content=\"https:\/\/fjala.info\/2009-2015\/ne-kerkim-te-dekorit-per-te-pozuar-si-patriot\/\" \/>\n<meta property=\"og:site_name\" content=\"FjALA e LIR\u00cb - Arkivi\" \/>\n<meta property=\"article:published_time\" content=\"2011-11-28T22:54:24+00:00\" \/>\n<meta property=\"og:image\" content=\"http:\/\/www.shkoder.net\/images\/fjala\/mero_baze1.jpg\" \/>\n<meta name=\"author\" content=\"admin\" \/>\n<meta name=\"twitter:card\" content=\"summary_large_image\" \/>\n<meta name=\"twitter:label1\" content=\"Written by\" \/>\n\t<meta name=\"twitter:data1\" content=\"admin\" \/>\n\t<meta name=\"twitter:label2\" content=\"Est. reading time\" \/>\n\t<meta name=\"twitter:data2\" content=\"8 minutes\" \/>\n<script type=\"application\/ld+json\" class=\"yoast-schema-graph\">{\"@context\":\"https:\\\/\\\/schema.org\",\"@graph\":[{\"@type\":\"Article\",\"@id\":\"https:\\\/\\\/fjala.info\\\/2009-2015\\\/ne-kerkim-te-dekorit-per-te-pozuar-si-patriot\\\/#article\",\"isPartOf\":{\"@id\":\"https:\\\/\\\/fjala.info\\\/2009-2015\\\/ne-kerkim-te-dekorit-per-te-pozuar-si-patriot\\\/\"},\"author\":{\"name\":\"admin\",\"@id\":\"https:\\\/\\\/fjala.info\\\/2009-2015\\\/#\\\/schema\\\/person\\\/3aa1163ef05469c496fc94e77611ada2\"},\"headline\":\"N\u00eb k\u00ebrkim t\u00eb dekorit p\u00ebr t\u00eb pozuar si patriot\",\"datePublished\":\"2011-11-28T22:54:24+00:00\",\"mainEntityOfPage\":{\"@id\":\"https:\\\/\\\/fjala.info\\\/2009-2015\\\/ne-kerkim-te-dekorit-per-te-pozuar-si-patriot\\\/\"},\"wordCount\":1556,\"commentCount\":0,\"publisher\":{\"@id\":\"https:\\\/\\\/fjala.info\\\/2009-2015\\\/#organization\"},\"image\":{\"@id\":\"https:\\\/\\\/fjala.info\\\/2009-2015\\\/ne-kerkim-te-dekorit-per-te-pozuar-si-patriot\\\/#primaryimage\"},\"thumbnailUrl\":\"http:\\\/\\\/www.shkoder.net\\\/images\\\/fjala\\\/mero_baze1.jpg\",\"articleSection\":[\"Artikuj\"],\"inLanguage\":\"sq-AL\",\"potentialAction\":[{\"@type\":\"CommentAction\",\"name\":\"Comment\",\"target\":[\"https:\\\/\\\/fjala.info\\\/2009-2015\\\/ne-kerkim-te-dekorit-per-te-pozuar-si-patriot\\\/#respond\"]}]},{\"@type\":\"WebPage\",\"@id\":\"https:\\\/\\\/fjala.info\\\/2009-2015\\\/ne-kerkim-te-dekorit-per-te-pozuar-si-patriot\\\/\",\"url\":\"https:\\\/\\\/fjala.info\\\/2009-2015\\\/ne-kerkim-te-dekorit-per-te-pozuar-si-patriot\\\/\",\"name\":\"N\u00eb k\u00ebrkim t\u00eb dekorit p\u00ebr t\u00eb pozuar si patriot - FjALA e LIR\u00cb - Arkivi\",\"isPartOf\":{\"@id\":\"https:\\\/\\\/fjala.info\\\/2009-2015\\\/#website\"},\"primaryImageOfPage\":{\"@id\":\"https:\\\/\\\/fjala.info\\\/2009-2015\\\/ne-kerkim-te-dekorit-per-te-pozuar-si-patriot\\\/#primaryimage\"},\"image\":{\"@id\":\"https:\\\/\\\/fjala.info\\\/2009-2015\\\/ne-kerkim-te-dekorit-per-te-pozuar-si-patriot\\\/#primaryimage\"},\"thumbnailUrl\":\"http:\\\/\\\/www.shkoder.net\\\/images\\\/fjala\\\/mero_baze1.jpg\",\"datePublished\":\"2011-11-28T22:54:24+00:00\",\"breadcrumb\":{\"@id\":\"https:\\\/\\\/fjala.info\\\/2009-2015\\\/ne-kerkim-te-dekorit-per-te-pozuar-si-patriot\\\/#breadcrumb\"},\"inLanguage\":\"sq-AL\",\"potentialAction\":[{\"@type\":\"ReadAction\",\"target\":[\"https:\\\/\\\/fjala.info\\\/2009-2015\\\/ne-kerkim-te-dekorit-per-te-pozuar-si-patriot\\\/\"]}]},{\"@type\":\"ImageObject\",\"inLanguage\":\"sq-AL\",\"@id\":\"https:\\\/\\\/fjala.info\\\/2009-2015\\\/ne-kerkim-te-dekorit-per-te-pozuar-si-patriot\\\/#primaryimage\",\"url\":\"http:\\\/\\\/www.shkoder.net\\\/images\\\/fjala\\\/mero_baze1.jpg\",\"contentUrl\":\"http:\\\/\\\/www.shkoder.net\\\/images\\\/fjala\\\/mero_baze1.jpg\"},{\"@type\":\"BreadcrumbList\",\"@id\":\"https:\\\/\\\/fjala.info\\\/2009-2015\\\/ne-kerkim-te-dekorit-per-te-pozuar-si-patriot\\\/#breadcrumb\",\"itemListElement\":[{\"@type\":\"ListItem\",\"position\":1,\"name\":\"Home\",\"item\":\"https:\\\/\\\/fjala.info\\\/2009-2015\\\/\"},{\"@type\":\"ListItem\",\"position\":2,\"name\":\"N\u00eb k\u00ebrkim t\u00eb dekorit p\u00ebr t\u00eb pozuar si patriot\"}]},{\"@type\":\"WebSite\",\"@id\":\"https:\\\/\\\/fjala.info\\\/2009-2015\\\/#website\",\"url\":\"https:\\\/\\\/fjala.info\\\/2009-2015\\\/\",\"name\":\"FjALA e LIR\u00cb - Arkivi\",\"description\":\"Arkivi 2009-2015\",\"publisher\":{\"@id\":\"https:\\\/\\\/fjala.info\\\/2009-2015\\\/#organization\"},\"potentialAction\":[{\"@type\":\"SearchAction\",\"target\":{\"@type\":\"EntryPoint\",\"urlTemplate\":\"https:\\\/\\\/fjala.info\\\/2009-2015\\\/?s={search_term_string}\"},\"query-input\":{\"@type\":\"PropertyValueSpecification\",\"valueRequired\":true,\"valueName\":\"search_term_string\"}}],\"inLanguage\":\"sq-AL\"},{\"@type\":\"Organization\",\"@id\":\"https:\\\/\\\/fjala.info\\\/2009-2015\\\/#organization\",\"name\":\"FjALA e LIR\u00cb - Arkivi\",\"url\":\"https:\\\/\\\/fjala.info\\\/2009-2015\\\/\",\"logo\":{\"@type\":\"ImageObject\",\"inLanguage\":\"sq-AL\",\"@id\":\"https:\\\/\\\/fjala.info\\\/2009-2015\\\/#\\\/schema\\\/logo\\\/image\\\/\",\"url\":\"\",\"contentUrl\":\"\",\"caption\":\"FjALA e LIR\u00cb - Arkivi\"},\"image\":{\"@id\":\"https:\\\/\\\/fjala.info\\\/2009-2015\\\/#\\\/schema\\\/logo\\\/image\\\/\"}},{\"@type\":\"Person\",\"@id\":\"https:\\\/\\\/fjala.info\\\/2009-2015\\\/#\\\/schema\\\/person\\\/3aa1163ef05469c496fc94e77611ada2\",\"name\":\"admin\",\"image\":{\"@type\":\"ImageObject\",\"inLanguage\":\"sq-AL\",\"@id\":\"https:\\\/\\\/fjala.info\\\/2009-2015\\\/wp-content\\\/uploads\\\/2012\\\/02\\\/arben_cokaj-120x150.jpg\",\"url\":\"https:\\\/\\\/fjala.info\\\/2009-2015\\\/wp-content\\\/uploads\\\/2012\\\/02\\\/arben_cokaj-120x150.jpg\",\"contentUrl\":\"https:\\\/\\\/fjala.info\\\/2009-2015\\\/wp-content\\\/uploads\\\/2012\\\/02\\\/arben_cokaj-120x150.jpg\",\"caption\":\"admin\"},\"description\":\"Admin, Fjala e Lir\u00eb\",\"sameAs\":[\"https:\\\/\\\/fjala.info\\\/\"],\"url\":\"https:\\\/\\\/fjala.info\\\/2009-2015\\\/author\\\/admin\\\/\"}]}<\/script>\n<!-- \/ Yoast SEO plugin. -->","yoast_head_json":{"title":"N\u00eb k\u00ebrkim t\u00eb dekorit p\u00ebr t\u00eb pozuar si patriot - FjALA e LIR\u00cb - Arkivi","robots":{"index":"index","follow":"follow","max-snippet":"max-snippet:-1","max-image-preview":"max-image-preview:large","max-video-preview":"max-video-preview:-1"},"canonical":"https:\/\/fjala.info\/2009-2015\/ne-kerkim-te-dekorit-per-te-pozuar-si-patriot\/","og_locale":"sq_AL","og_type":"article","og_title":"N\u00eb k\u00ebrkim t\u00eb dekorit p\u00ebr t\u00eb pozuar si patriot - FjALA e LIR\u00cb - Arkivi","og_description":"Nga Mero Baze, 28 N\u00ebntor 2011 Kryeministri i Shqip\u00ebris\u00eb dhe deputet\u00ebt e shumic\u00ebs braktis\u00ebn n\u00eb shenj\u00eb hakmarrje ndaj Presidentit Bamir Topi, ceremonin\u00eb zyrtare t\u00eb shpalljes s\u00eb Pavar\u00ebsis\u00eb dhe ngritjes s\u00eb Flamurit n\u00eb Vlor\u00eb. Edhe pse Festa Komb\u00ebtare \u00ebsht\u00eb nj\u00eb rast p\u00ebr t\u00eb injoruar ndarjet politike dhe p\u00ebr t\u00eb moderuar q\u00ebndrimet, Kryeministri dhe shumica e rreshtuar [&hellip;]","og_url":"https:\/\/fjala.info\/2009-2015\/ne-kerkim-te-dekorit-per-te-pozuar-si-patriot\/","og_site_name":"FjALA e LIR\u00cb - Arkivi","article_published_time":"2011-11-28T22:54:24+00:00","og_image":[{"url":"http:\/\/www.shkoder.net\/images\/fjala\/mero_baze1.jpg","type":"","width":"","height":""}],"author":"admin","twitter_card":"summary_large_image","twitter_misc":{"Written by":"admin","Est. reading time":"8 minutes"},"schema":{"@context":"https:\/\/schema.org","@graph":[{"@type":"Article","@id":"https:\/\/fjala.info\/2009-2015\/ne-kerkim-te-dekorit-per-te-pozuar-si-patriot\/#article","isPartOf":{"@id":"https:\/\/fjala.info\/2009-2015\/ne-kerkim-te-dekorit-per-te-pozuar-si-patriot\/"},"author":{"name":"admin","@id":"https:\/\/fjala.info\/2009-2015\/#\/schema\/person\/3aa1163ef05469c496fc94e77611ada2"},"headline":"N\u00eb k\u00ebrkim t\u00eb dekorit p\u00ebr t\u00eb pozuar si patriot","datePublished":"2011-11-28T22:54:24+00:00","mainEntityOfPage":{"@id":"https:\/\/fjala.info\/2009-2015\/ne-kerkim-te-dekorit-per-te-pozuar-si-patriot\/"},"wordCount":1556,"commentCount":0,"publisher":{"@id":"https:\/\/fjala.info\/2009-2015\/#organization"},"image":{"@id":"https:\/\/fjala.info\/2009-2015\/ne-kerkim-te-dekorit-per-te-pozuar-si-patriot\/#primaryimage"},"thumbnailUrl":"http:\/\/www.shkoder.net\/images\/fjala\/mero_baze1.jpg","articleSection":["Artikuj"],"inLanguage":"sq-AL","potentialAction":[{"@type":"CommentAction","name":"Comment","target":["https:\/\/fjala.info\/2009-2015\/ne-kerkim-te-dekorit-per-te-pozuar-si-patriot\/#respond"]}]},{"@type":"WebPage","@id":"https:\/\/fjala.info\/2009-2015\/ne-kerkim-te-dekorit-per-te-pozuar-si-patriot\/","url":"https:\/\/fjala.info\/2009-2015\/ne-kerkim-te-dekorit-per-te-pozuar-si-patriot\/","name":"N\u00eb k\u00ebrkim t\u00eb dekorit p\u00ebr t\u00eb pozuar si patriot - FjALA e LIR\u00cb - Arkivi","isPartOf":{"@id":"https:\/\/fjala.info\/2009-2015\/#website"},"primaryImageOfPage":{"@id":"https:\/\/fjala.info\/2009-2015\/ne-kerkim-te-dekorit-per-te-pozuar-si-patriot\/#primaryimage"},"image":{"@id":"https:\/\/fjala.info\/2009-2015\/ne-kerkim-te-dekorit-per-te-pozuar-si-patriot\/#primaryimage"},"thumbnailUrl":"http:\/\/www.shkoder.net\/images\/fjala\/mero_baze1.jpg","datePublished":"2011-11-28T22:54:24+00:00","breadcrumb":{"@id":"https:\/\/fjala.info\/2009-2015\/ne-kerkim-te-dekorit-per-te-pozuar-si-patriot\/#breadcrumb"},"inLanguage":"sq-AL","potentialAction":[{"@type":"ReadAction","target":["https:\/\/fjala.info\/2009-2015\/ne-kerkim-te-dekorit-per-te-pozuar-si-patriot\/"]}]},{"@type":"ImageObject","inLanguage":"sq-AL","@id":"https:\/\/fjala.info\/2009-2015\/ne-kerkim-te-dekorit-per-te-pozuar-si-patriot\/#primaryimage","url":"http:\/\/www.shkoder.net\/images\/fjala\/mero_baze1.jpg","contentUrl":"http:\/\/www.shkoder.net\/images\/fjala\/mero_baze1.jpg"},{"@type":"BreadcrumbList","@id":"https:\/\/fjala.info\/2009-2015\/ne-kerkim-te-dekorit-per-te-pozuar-si-patriot\/#breadcrumb","itemListElement":[{"@type":"ListItem","position":1,"name":"Home","item":"https:\/\/fjala.info\/2009-2015\/"},{"@type":"ListItem","position":2,"name":"N\u00eb k\u00ebrkim t\u00eb dekorit p\u00ebr t\u00eb pozuar si patriot"}]},{"@type":"WebSite","@id":"https:\/\/fjala.info\/2009-2015\/#website","url":"https:\/\/fjala.info\/2009-2015\/","name":"FjALA e LIR\u00cb - Arkivi","description":"Arkivi 2009-2015","publisher":{"@id":"https:\/\/fjala.info\/2009-2015\/#organization"},"potentialAction":[{"@type":"SearchAction","target":{"@type":"EntryPoint","urlTemplate":"https:\/\/fjala.info\/2009-2015\/?s={search_term_string}"},"query-input":{"@type":"PropertyValueSpecification","valueRequired":true,"valueName":"search_term_string"}}],"inLanguage":"sq-AL"},{"@type":"Organization","@id":"https:\/\/fjala.info\/2009-2015\/#organization","name":"FjALA e LIR\u00cb - Arkivi","url":"https:\/\/fjala.info\/2009-2015\/","logo":{"@type":"ImageObject","inLanguage":"sq-AL","@id":"https:\/\/fjala.info\/2009-2015\/#\/schema\/logo\/image\/","url":"","contentUrl":"","caption":"FjALA e LIR\u00cb - Arkivi"},"image":{"@id":"https:\/\/fjala.info\/2009-2015\/#\/schema\/logo\/image\/"}},{"@type":"Person","@id":"https:\/\/fjala.info\/2009-2015\/#\/schema\/person\/3aa1163ef05469c496fc94e77611ada2","name":"admin","image":{"@type":"ImageObject","inLanguage":"sq-AL","@id":"https:\/\/fjala.info\/2009-2015\/wp-content\/uploads\/2012\/02\/arben_cokaj-120x150.jpg","url":"https:\/\/fjala.info\/2009-2015\/wp-content\/uploads\/2012\/02\/arben_cokaj-120x150.jpg","contentUrl":"https:\/\/fjala.info\/2009-2015\/wp-content\/uploads\/2012\/02\/arben_cokaj-120x150.jpg","caption":"admin"},"description":"Admin, Fjala e Lir\u00eb","sameAs":["https:\/\/fjala.info\/"],"url":"https:\/\/fjala.info\/2009-2015\/author\/admin\/"}]}},"_links":{"self":[{"href":"https:\/\/fjala.info\/2009-2015\/wp-json\/wp\/v2\/posts\/11494","targetHints":{"allow":["GET"]}}],"collection":[{"href":"https:\/\/fjala.info\/2009-2015\/wp-json\/wp\/v2\/posts"}],"about":[{"href":"https:\/\/fjala.info\/2009-2015\/wp-json\/wp\/v2\/types\/post"}],"author":[{"embeddable":true,"href":"https:\/\/fjala.info\/2009-2015\/wp-json\/wp\/v2\/users\/1"}],"replies":[{"embeddable":true,"href":"https:\/\/fjala.info\/2009-2015\/wp-json\/wp\/v2\/comments?post=11494"}],"version-history":[{"count":0,"href":"https:\/\/fjala.info\/2009-2015\/wp-json\/wp\/v2\/posts\/11494\/revisions"}],"wp:attachment":[{"href":"https:\/\/fjala.info\/2009-2015\/wp-json\/wp\/v2\/media?parent=11494"}],"wp:term":[{"taxonomy":"category","embeddable":true,"href":"https:\/\/fjala.info\/2009-2015\/wp-json\/wp\/v2\/categories?post=11494"},{"taxonomy":"post_tag","embeddable":true,"href":"https:\/\/fjala.info\/2009-2015\/wp-json\/wp\/v2\/tags?post=11494"}],"curies":[{"name":"wp","href":"https:\/\/api.w.org\/{rel}","templated":true}]}}