{"id":11493,"date":"2011-11-28T23:48:27","date_gmt":"2011-11-28T22:48:27","guid":{"rendered":"http:\/\/fjala.shkoder.net\/?p=377"},"modified":"2011-11-28T23:48:27","modified_gmt":"2011-11-28T22:48:27","slug":"misteri-i-aktit-te-pavaresise","status":"publish","type":"post","link":"https:\/\/fjala.info\/2009-2015\/misteri-i-aktit-te-pavaresise\/","title":{"rendered":"Misteri i aktit t\u00eb pavar\u00ebsis\u00eb"},"content":{"rendered":"<p><img decoding=\"async\" class=\"alignleft size-thumbnail wp-image-7236\" title=\"Kopja e aktit t\u00eb pavar\u00ebsis\u00eb\" src=\"http:\/\/www.shkoder.net\/images\/fjala\/2011\/kopja_aktit_pavaresise.jpg\" alt=\"\" width=\"300\" \/> <strong>TemA Online<\/strong>, <em>28 N\u00ebntor 2011<\/em><\/p>\n<p><em>Kopja e aktit te pavaresise<\/em><\/p>\n<p>Shqip\u00ebria mbush 99 vjet pavar\u00ebsi k\u00ebt\u00eb 28 n\u00ebntor, por dokumentin origjinal me t\u00eb cilin u zyrtarizua ky akt ne ende nuk e kemi! Madje, nuk kemi as fotografi nga \u00e7asti i firmave at\u00eb dite n\u00eb Vlor\u00eb! Nevila Nika, drejtuese e Arkivit t\u00eb Shtetit, shpjegon se ky institucion prej koh\u00ebsh ka nisur k\u00ebrkimet p\u00ebr gjetjen e aktit t\u00eb m\u00ebvet\u00ebsis\u00eb, i cili mendohet t\u00eb jet\u00eb zhdukur ne vitin 1945.<\/p>\n<p>Arkivat e vendeve si Roma, Boni apo Beogradi jan\u00eb disa prej p\u00ebrpjekjeve, por Nika nuk e p\u00ebrjashton mund\u00ebsin\u00eb se akti mund te jete edhe brenda Shqip\u00ebris\u00eb. Por si humbi akti i firmosur nga 37 atdhetaret ne 28 n\u00ebntor 1912? Aurel Plasari shprehet se Lef Nosi, nj\u00eb nga firm\u00ebtaret dhe koleksionist i njohur, mendohet te ket\u00eb qene ruajt\u00ebsi i dokumentit.<\/p>\n<p>Ai madje realizoi kopjen e pare te aktit, ne vitin 1937 at\u00eb qe kemi sot. Me pas, me bastisjen e arkives se tij, akti u zhduk. Sipas specialisteve edhe gjate periudh\u00ebs se komunizmit jan\u00eb realizuar k\u00ebrkimi mbi gjetjen e aktit origjinal te pavar\u00ebsis\u00eb. Por para apo pas \u201990, k\u00ebto k\u00ebrkimi nuk kane sjelle asgj\u00eb p\u00ebr shqiptaret te cil\u00ebt i drejtohen 100 vjetorit te k\u00ebsaj date, pa dokumentin me te r\u00ebnd\u00ebsish\u00ebm te shtetit tone.<br \/>\n\/vizion plus<\/p>\n","protected":false},"excerpt":{"rendered":"<p>TemA Online, 28 N\u00ebntor 2011 Kopja e aktit te pavaresise Shqip\u00ebria mbush 99 vjet pavar\u00ebsi k\u00ebt\u00eb 28 n\u00ebntor, por dokumentin origjinal me t\u00eb cilin u zyrtarizua ky akt ne ende nuk e kemi! Madje, nuk kemi as fotografi nga \u00e7asti i firmave at\u00eb dite n\u00eb Vlor\u00eb! Nevila Nika, drejtuese e Arkivit t\u00eb Shtetit, shpjegon se [&hellip;]<\/p>\n","protected":false},"author":1,"featured_media":0,"comment_status":"open","ping_status":"closed","sticky":false,"template":"","format":"standard","meta":{"footnotes":""},"categories":[5],"tags":[],"class_list":{"0":"post-11493","1":"post","2":"type-post","3":"status-publish","4":"format-standard","6":"category-lajme"},"yoast_head":"<!-- This site is optimized with the Yoast SEO plugin v27.4 - https:\/\/yoast.com\/product\/yoast-seo-wordpress\/ -->\n<title>Misteri i aktit t\u00eb pavar\u00ebsis\u00eb - FjALA e LIR\u00cb - Arkivi<\/title>\n<meta name=\"robots\" content=\"index, follow, max-snippet:-1, max-image-preview:large, max-video-preview:-1\" \/>\n<link rel=\"canonical\" href=\"https:\/\/fjala.info\/2009-2015\/misteri-i-aktit-te-pavaresise\/\" \/>\n<meta property=\"og:locale\" content=\"sq_AL\" \/>\n<meta property=\"og:type\" content=\"article\" \/>\n<meta property=\"og:title\" content=\"Misteri i aktit t\u00eb pavar\u00ebsis\u00eb - FjALA e LIR\u00cb - Arkivi\" \/>\n<meta property=\"og:description\" content=\"TemA Online, 28 N\u00ebntor 2011 Kopja e aktit te pavaresise Shqip\u00ebria mbush 99 vjet pavar\u00ebsi k\u00ebt\u00eb 28 n\u00ebntor, por dokumentin origjinal me t\u00eb cilin u zyrtarizua ky akt ne ende nuk e kemi! Madje, nuk kemi as fotografi nga \u00e7asti i firmave at\u00eb dite n\u00eb Vlor\u00eb! Nevila Nika, drejtuese e Arkivit t\u00eb Shtetit, shpjegon se [&hellip;]\" \/>\n<meta property=\"og:url\" content=\"https:\/\/fjala.info\/2009-2015\/misteri-i-aktit-te-pavaresise\/\" \/>\n<meta property=\"og:site_name\" content=\"FjALA e LIR\u00cb - Arkivi\" \/>\n<meta property=\"article:published_time\" content=\"2011-11-28T22:48:27+00:00\" \/>\n<meta property=\"og:image\" content=\"http:\/\/www.shkoder.net\/images\/fjala\/2011\/kopja_aktit_pavaresise.jpg\" \/>\n<meta name=\"author\" content=\"admin\" \/>\n<meta name=\"twitter:card\" content=\"summary_large_image\" \/>\n<meta name=\"twitter:label1\" content=\"Written by\" \/>\n\t<meta name=\"twitter:data1\" content=\"admin\" \/>\n\t<meta name=\"twitter:label2\" content=\"Est. reading time\" \/>\n\t<meta name=\"twitter:data2\" content=\"1 minute\" \/>\n<script type=\"application\/ld+json\" class=\"yoast-schema-graph\">{\"@context\":\"https:\\\/\\\/schema.org\",\"@graph\":[{\"@type\":\"Article\",\"@id\":\"https:\\\/\\\/fjala.info\\\/2009-2015\\\/misteri-i-aktit-te-pavaresise\\\/#article\",\"isPartOf\":{\"@id\":\"https:\\\/\\\/fjala.info\\\/2009-2015\\\/misteri-i-aktit-te-pavaresise\\\/\"},\"author\":{\"name\":\"admin\",\"@id\":\"https:\\\/\\\/fjala.info\\\/2009-2015\\\/#\\\/schema\\\/person\\\/3aa1163ef05469c496fc94e77611ada2\"},\"headline\":\"Misteri i aktit t\u00eb pavar\u00ebsis\u00eb\",\"datePublished\":\"2011-11-28T22:48:27+00:00\",\"mainEntityOfPage\":{\"@id\":\"https:\\\/\\\/fjala.info\\\/2009-2015\\\/misteri-i-aktit-te-pavaresise\\\/\"},\"wordCount\":234,\"commentCount\":0,\"publisher\":{\"@id\":\"https:\\\/\\\/fjala.info\\\/2009-2015\\\/#organization\"},\"image\":{\"@id\":\"https:\\\/\\\/fjala.info\\\/2009-2015\\\/misteri-i-aktit-te-pavaresise\\\/#primaryimage\"},\"thumbnailUrl\":\"http:\\\/\\\/www.shkoder.net\\\/images\\\/fjala\\\/2011\\\/kopja_aktit_pavaresise.jpg\",\"articleSection\":[\"Lajme\"],\"inLanguage\":\"sq-AL\",\"potentialAction\":[{\"@type\":\"CommentAction\",\"name\":\"Comment\",\"target\":[\"https:\\\/\\\/fjala.info\\\/2009-2015\\\/misteri-i-aktit-te-pavaresise\\\/#respond\"]}]},{\"@type\":\"WebPage\",\"@id\":\"https:\\\/\\\/fjala.info\\\/2009-2015\\\/misteri-i-aktit-te-pavaresise\\\/\",\"url\":\"https:\\\/\\\/fjala.info\\\/2009-2015\\\/misteri-i-aktit-te-pavaresise\\\/\",\"name\":\"Misteri i aktit t\u00eb pavar\u00ebsis\u00eb - FjALA e LIR\u00cb - Arkivi\",\"isPartOf\":{\"@id\":\"https:\\\/\\\/fjala.info\\\/2009-2015\\\/#website\"},\"primaryImageOfPage\":{\"@id\":\"https:\\\/\\\/fjala.info\\\/2009-2015\\\/misteri-i-aktit-te-pavaresise\\\/#primaryimage\"},\"image\":{\"@id\":\"https:\\\/\\\/fjala.info\\\/2009-2015\\\/misteri-i-aktit-te-pavaresise\\\/#primaryimage\"},\"thumbnailUrl\":\"http:\\\/\\\/www.shkoder.net\\\/images\\\/fjala\\\/2011\\\/kopja_aktit_pavaresise.jpg\",\"datePublished\":\"2011-11-28T22:48:27+00:00\",\"breadcrumb\":{\"@id\":\"https:\\\/\\\/fjala.info\\\/2009-2015\\\/misteri-i-aktit-te-pavaresise\\\/#breadcrumb\"},\"inLanguage\":\"sq-AL\",\"potentialAction\":[{\"@type\":\"ReadAction\",\"target\":[\"https:\\\/\\\/fjala.info\\\/2009-2015\\\/misteri-i-aktit-te-pavaresise\\\/\"]}]},{\"@type\":\"ImageObject\",\"inLanguage\":\"sq-AL\",\"@id\":\"https:\\\/\\\/fjala.info\\\/2009-2015\\\/misteri-i-aktit-te-pavaresise\\\/#primaryimage\",\"url\":\"http:\\\/\\\/www.shkoder.net\\\/images\\\/fjala\\\/2011\\\/kopja_aktit_pavaresise.jpg\",\"contentUrl\":\"http:\\\/\\\/www.shkoder.net\\\/images\\\/fjala\\\/2011\\\/kopja_aktit_pavaresise.jpg\"},{\"@type\":\"BreadcrumbList\",\"@id\":\"https:\\\/\\\/fjala.info\\\/2009-2015\\\/misteri-i-aktit-te-pavaresise\\\/#breadcrumb\",\"itemListElement\":[{\"@type\":\"ListItem\",\"position\":1,\"name\":\"Home\",\"item\":\"https:\\\/\\\/fjala.info\\\/2009-2015\\\/\"},{\"@type\":\"ListItem\",\"position\":2,\"name\":\"Misteri i aktit t\u00eb pavar\u00ebsis\u00eb\"}]},{\"@type\":\"WebSite\",\"@id\":\"https:\\\/\\\/fjala.info\\\/2009-2015\\\/#website\",\"url\":\"https:\\\/\\\/fjala.info\\\/2009-2015\\\/\",\"name\":\"FjALA e LIR\u00cb - Arkivi\",\"description\":\"Arkivi 2009-2015\",\"publisher\":{\"@id\":\"https:\\\/\\\/fjala.info\\\/2009-2015\\\/#organization\"},\"potentialAction\":[{\"@type\":\"SearchAction\",\"target\":{\"@type\":\"EntryPoint\",\"urlTemplate\":\"https:\\\/\\\/fjala.info\\\/2009-2015\\\/?s={search_term_string}\"},\"query-input\":{\"@type\":\"PropertyValueSpecification\",\"valueRequired\":true,\"valueName\":\"search_term_string\"}}],\"inLanguage\":\"sq-AL\"},{\"@type\":\"Organization\",\"@id\":\"https:\\\/\\\/fjala.info\\\/2009-2015\\\/#organization\",\"name\":\"FjALA e LIR\u00cb - Arkivi\",\"url\":\"https:\\\/\\\/fjala.info\\\/2009-2015\\\/\",\"logo\":{\"@type\":\"ImageObject\",\"inLanguage\":\"sq-AL\",\"@id\":\"https:\\\/\\\/fjala.info\\\/2009-2015\\\/#\\\/schema\\\/logo\\\/image\\\/\",\"url\":\"\",\"contentUrl\":\"\",\"caption\":\"FjALA e LIR\u00cb - Arkivi\"},\"image\":{\"@id\":\"https:\\\/\\\/fjala.info\\\/2009-2015\\\/#\\\/schema\\\/logo\\\/image\\\/\"}},{\"@type\":\"Person\",\"@id\":\"https:\\\/\\\/fjala.info\\\/2009-2015\\\/#\\\/schema\\\/person\\\/3aa1163ef05469c496fc94e77611ada2\",\"name\":\"admin\",\"image\":{\"@type\":\"ImageObject\",\"inLanguage\":\"sq-AL\",\"@id\":\"https:\\\/\\\/fjala.info\\\/2009-2015\\\/wp-content\\\/uploads\\\/2012\\\/02\\\/arben_cokaj-120x150.jpg\",\"url\":\"https:\\\/\\\/fjala.info\\\/2009-2015\\\/wp-content\\\/uploads\\\/2012\\\/02\\\/arben_cokaj-120x150.jpg\",\"contentUrl\":\"https:\\\/\\\/fjala.info\\\/2009-2015\\\/wp-content\\\/uploads\\\/2012\\\/02\\\/arben_cokaj-120x150.jpg\",\"caption\":\"admin\"},\"description\":\"Admin, Fjala e Lir\u00eb\",\"sameAs\":[\"https:\\\/\\\/fjala.info\\\/\"],\"url\":\"https:\\\/\\\/fjala.info\\\/2009-2015\\\/author\\\/admin\\\/\"}]}<\/script>\n<!-- \/ Yoast SEO plugin. -->","yoast_head_json":{"title":"Misteri i aktit t\u00eb pavar\u00ebsis\u00eb - FjALA e LIR\u00cb - Arkivi","robots":{"index":"index","follow":"follow","max-snippet":"max-snippet:-1","max-image-preview":"max-image-preview:large","max-video-preview":"max-video-preview:-1"},"canonical":"https:\/\/fjala.info\/2009-2015\/misteri-i-aktit-te-pavaresise\/","og_locale":"sq_AL","og_type":"article","og_title":"Misteri i aktit t\u00eb pavar\u00ebsis\u00eb - FjALA e LIR\u00cb - Arkivi","og_description":"TemA Online, 28 N\u00ebntor 2011 Kopja e aktit te pavaresise Shqip\u00ebria mbush 99 vjet pavar\u00ebsi k\u00ebt\u00eb 28 n\u00ebntor, por dokumentin origjinal me t\u00eb cilin u zyrtarizua ky akt ne ende nuk e kemi! Madje, nuk kemi as fotografi nga \u00e7asti i firmave at\u00eb dite n\u00eb Vlor\u00eb! Nevila Nika, drejtuese e Arkivit t\u00eb Shtetit, shpjegon se [&hellip;]","og_url":"https:\/\/fjala.info\/2009-2015\/misteri-i-aktit-te-pavaresise\/","og_site_name":"FjALA e LIR\u00cb - Arkivi","article_published_time":"2011-11-28T22:48:27+00:00","og_image":[{"url":"http:\/\/www.shkoder.net\/images\/fjala\/2011\/kopja_aktit_pavaresise.jpg","type":"","width":"","height":""}],"author":"admin","twitter_card":"summary_large_image","twitter_misc":{"Written by":"admin","Est. reading time":"1 minute"},"schema":{"@context":"https:\/\/schema.org","@graph":[{"@type":"Article","@id":"https:\/\/fjala.info\/2009-2015\/misteri-i-aktit-te-pavaresise\/#article","isPartOf":{"@id":"https:\/\/fjala.info\/2009-2015\/misteri-i-aktit-te-pavaresise\/"},"author":{"name":"admin","@id":"https:\/\/fjala.info\/2009-2015\/#\/schema\/person\/3aa1163ef05469c496fc94e77611ada2"},"headline":"Misteri i aktit t\u00eb pavar\u00ebsis\u00eb","datePublished":"2011-11-28T22:48:27+00:00","mainEntityOfPage":{"@id":"https:\/\/fjala.info\/2009-2015\/misteri-i-aktit-te-pavaresise\/"},"wordCount":234,"commentCount":0,"publisher":{"@id":"https:\/\/fjala.info\/2009-2015\/#organization"},"image":{"@id":"https:\/\/fjala.info\/2009-2015\/misteri-i-aktit-te-pavaresise\/#primaryimage"},"thumbnailUrl":"http:\/\/www.shkoder.net\/images\/fjala\/2011\/kopja_aktit_pavaresise.jpg","articleSection":["Lajme"],"inLanguage":"sq-AL","potentialAction":[{"@type":"CommentAction","name":"Comment","target":["https:\/\/fjala.info\/2009-2015\/misteri-i-aktit-te-pavaresise\/#respond"]}]},{"@type":"WebPage","@id":"https:\/\/fjala.info\/2009-2015\/misteri-i-aktit-te-pavaresise\/","url":"https:\/\/fjala.info\/2009-2015\/misteri-i-aktit-te-pavaresise\/","name":"Misteri i aktit t\u00eb pavar\u00ebsis\u00eb - FjALA e LIR\u00cb - Arkivi","isPartOf":{"@id":"https:\/\/fjala.info\/2009-2015\/#website"},"primaryImageOfPage":{"@id":"https:\/\/fjala.info\/2009-2015\/misteri-i-aktit-te-pavaresise\/#primaryimage"},"image":{"@id":"https:\/\/fjala.info\/2009-2015\/misteri-i-aktit-te-pavaresise\/#primaryimage"},"thumbnailUrl":"http:\/\/www.shkoder.net\/images\/fjala\/2011\/kopja_aktit_pavaresise.jpg","datePublished":"2011-11-28T22:48:27+00:00","breadcrumb":{"@id":"https:\/\/fjala.info\/2009-2015\/misteri-i-aktit-te-pavaresise\/#breadcrumb"},"inLanguage":"sq-AL","potentialAction":[{"@type":"ReadAction","target":["https:\/\/fjala.info\/2009-2015\/misteri-i-aktit-te-pavaresise\/"]}]},{"@type":"ImageObject","inLanguage":"sq-AL","@id":"https:\/\/fjala.info\/2009-2015\/misteri-i-aktit-te-pavaresise\/#primaryimage","url":"http:\/\/www.shkoder.net\/images\/fjala\/2011\/kopja_aktit_pavaresise.jpg","contentUrl":"http:\/\/www.shkoder.net\/images\/fjala\/2011\/kopja_aktit_pavaresise.jpg"},{"@type":"BreadcrumbList","@id":"https:\/\/fjala.info\/2009-2015\/misteri-i-aktit-te-pavaresise\/#breadcrumb","itemListElement":[{"@type":"ListItem","position":1,"name":"Home","item":"https:\/\/fjala.info\/2009-2015\/"},{"@type":"ListItem","position":2,"name":"Misteri i aktit t\u00eb pavar\u00ebsis\u00eb"}]},{"@type":"WebSite","@id":"https:\/\/fjala.info\/2009-2015\/#website","url":"https:\/\/fjala.info\/2009-2015\/","name":"FjALA e LIR\u00cb - Arkivi","description":"Arkivi 2009-2015","publisher":{"@id":"https:\/\/fjala.info\/2009-2015\/#organization"},"potentialAction":[{"@type":"SearchAction","target":{"@type":"EntryPoint","urlTemplate":"https:\/\/fjala.info\/2009-2015\/?s={search_term_string}"},"query-input":{"@type":"PropertyValueSpecification","valueRequired":true,"valueName":"search_term_string"}}],"inLanguage":"sq-AL"},{"@type":"Organization","@id":"https:\/\/fjala.info\/2009-2015\/#organization","name":"FjALA e LIR\u00cb - Arkivi","url":"https:\/\/fjala.info\/2009-2015\/","logo":{"@type":"ImageObject","inLanguage":"sq-AL","@id":"https:\/\/fjala.info\/2009-2015\/#\/schema\/logo\/image\/","url":"","contentUrl":"","caption":"FjALA e LIR\u00cb - Arkivi"},"image":{"@id":"https:\/\/fjala.info\/2009-2015\/#\/schema\/logo\/image\/"}},{"@type":"Person","@id":"https:\/\/fjala.info\/2009-2015\/#\/schema\/person\/3aa1163ef05469c496fc94e77611ada2","name":"admin","image":{"@type":"ImageObject","inLanguage":"sq-AL","@id":"https:\/\/fjala.info\/2009-2015\/wp-content\/uploads\/2012\/02\/arben_cokaj-120x150.jpg","url":"https:\/\/fjala.info\/2009-2015\/wp-content\/uploads\/2012\/02\/arben_cokaj-120x150.jpg","contentUrl":"https:\/\/fjala.info\/2009-2015\/wp-content\/uploads\/2012\/02\/arben_cokaj-120x150.jpg","caption":"admin"},"description":"Admin, Fjala e Lir\u00eb","sameAs":["https:\/\/fjala.info\/"],"url":"https:\/\/fjala.info\/2009-2015\/author\/admin\/"}]}},"_links":{"self":[{"href":"https:\/\/fjala.info\/2009-2015\/wp-json\/wp\/v2\/posts\/11493","targetHints":{"allow":["GET"]}}],"collection":[{"href":"https:\/\/fjala.info\/2009-2015\/wp-json\/wp\/v2\/posts"}],"about":[{"href":"https:\/\/fjala.info\/2009-2015\/wp-json\/wp\/v2\/types\/post"}],"author":[{"embeddable":true,"href":"https:\/\/fjala.info\/2009-2015\/wp-json\/wp\/v2\/users\/1"}],"replies":[{"embeddable":true,"href":"https:\/\/fjala.info\/2009-2015\/wp-json\/wp\/v2\/comments?post=11493"}],"version-history":[{"count":0,"href":"https:\/\/fjala.info\/2009-2015\/wp-json\/wp\/v2\/posts\/11493\/revisions"}],"wp:attachment":[{"href":"https:\/\/fjala.info\/2009-2015\/wp-json\/wp\/v2\/media?parent=11493"}],"wp:term":[{"taxonomy":"category","embeddable":true,"href":"https:\/\/fjala.info\/2009-2015\/wp-json\/wp\/v2\/categories?post=11493"},{"taxonomy":"post_tag","embeddable":true,"href":"https:\/\/fjala.info\/2009-2015\/wp-json\/wp\/v2\/tags?post=11493"}],"curies":[{"name":"wp","href":"https:\/\/api.w.org\/{rel}","templated":true}]}}