{"id":11492,"date":"2011-11-28T23:13:47","date_gmt":"2011-11-28T22:13:47","guid":{"rendered":"http:\/\/fjala.shkoder.net\/?p=373"},"modified":"2011-11-28T23:13:47","modified_gmt":"2011-11-28T22:13:47","slug":"99-vjetori-i-lavdishem-i-pavaresise-se-shqiperise-festohet-madherishem-ne-nju-jork","status":"publish","type":"post","link":"https:\/\/fjala.info\/2009-2015\/99-vjetori-i-lavdishem-i-pavaresise-se-shqiperise-festohet-madherishem-ne-nju-jork\/","title":{"rendered":"99 vjetori i lavdish\u00ebm i Pavar\u00ebsis\u00eb s\u00eb Shqip\u00ebris\u00eb festohet madh\u00ebrish\u00ebm n\u00eb Nju Jork"},"content":{"rendered":"<p><em><strong>Ismail Qemali dhe Isa Boletini &#8220;vijn\u00eb&#8221; n\u00eb Nju Jork<\/strong><\/em><\/p>\n<p>Nga <strong>Pierre-Pandeli Simsia<\/strong><\/p>\n<p><img decoding=\"async\" class=\"aligncenter size-thumbnail wp-image-7236\" title=\"Pierre-Pandeli Simsia\" src=\"http:\/\/www.shkoder.net\/images\/fjala\/2011\/pierre_pandeli_simsia2.jpg\" alt=\"\" width=\"450\" \/><\/p>\n<p>28 N\u00ebntori i lavdish\u00ebm 2011 festrohet me madh\u00ebshti n\u00eb Maestro&#8217;s Caterers n\u00eb Bronx t\u00eb Nju Jorkut.<br \/>\nN\u00eb nj\u00eb mbr\u00ebmje t\u00eb ngroht\u00eb pranverore edhe pse jemi n\u00eb stin\u00ebn e vjesht\u00ebs, temperatura e dit\u00ebs sh\u00ebnonte 68 grad me t\u00eb Amerik\u00ebs, Komuniteti Shqiptar n\u00eb Nju Jork dhe shtetet rreth tij, Connecticut, Masachutes, Rodhe Island, Philadelphia, Nju Xhersi u mblodh\u00ebn n\u00eb nj\u00eb nga sallat e m\u00ebdha dhe luksoze n\u00eb Maestro&#8217;s Caterers p\u00ebr t\u00eb festuar ngjarjen e lavdishme, m\u00eb t\u00eb r\u00ebnd\u00ebsishme t\u00eb vitit p\u00ebr mbar\u00eb Kombin Shqiptar, 99 vjetorin e shpalljes s\u00eb Pavar\u00ebsis\u00eb s\u00eb Shqip\u00ebris\u00eb, e njohur Dita e Flamurit.<\/p>\n<p>\u00c7do aktivitet ku mblidhen bashkatdhetar\u00ebt p\u00ebr t\u00eb festuar, p\u00ebr t\u00eb k\u00ebnduar, p\u00ebr t\u00eb vall\u00ebzuar&#8230; kan\u00eb t\u00eb bukur\u00ebn e tyre, por aktiviteti i dit\u00ebs s\u00eb diel, 27 n\u00ebntor, 2011 kishte t\u00eb ve\u00e7ant\u00ebn dhe t\u00eb bukur\u00ebn e tij, sepse shqiptaria, organizatat, shoqatat e ndryshme shqiptare n\u00eb Sh. B. A. u mblodh\u00ebn s\u00eb bashku n\u00eb Bronx, Nju Jork p\u00ebr t\u00eb festuar dit\u00ebn e shenjt\u00eb t\u00eb ngjarjes s\u00eb lavdishme p\u00ebr mbar\u00eb kombin ton\u00eb Pavar\u00ebsin\u00eb e Shqip\u00ebris\u00eb.<\/p>\n<p>U mblodh\u00ebm at\u00eb t\u00eb diel t\u00eb 27 n\u00ebntorit n\u00eb Maesto\u2019s Caterers, t\u00eb bashkuar, rreth flamurit ton\u00eb t\u00eb shenjt\u00eb kuq e zi: Federata Panshqiptare e Amerik\u00ebs \u201cVATRA\u201d, Komuniteti shqiptar i Qendr\u00ebs Islame n\u00eb Nju Jork dhe Nju Xhersi, i Kish\u00ebs Katolike Shqiptare \u201cZoja e Shkodr\u00ebs\u201d i Kish\u00ebs Ortodokse \u201cSh\u00ebn Kolli\u201d , Konsullata e P\u00ebrgjithshme e Republik\u00ebs s\u00eb Shqip\u00ebris\u00eb, Konsullata e Republik\u00ebs s\u00eb Kosov\u00ebs, Albanian American Society Foundation, Albanian American Community Association, APN, Fondi Humanitar Mal\u00ebsia, K\u00ebshilli Komb\u00ebtar Shqiptaro-Amerikan, Lidhja Demokratike e Dardanis\u00eb, Lidhja Demokratike e Kosov\u00ebs, Liga Qytetare Shqiptaro-Amerikane, Organizata e Gruas Shqiptaro-amerikane \u201cMotrat Qiriazi\u201d, Partia L\u00ebvizja e Legalitetit, Shkolla Shqipe n\u00eb Bronx, Shoqata e Shkrimtar\u00ebve Shqiptaro-Amerikan\u00eb, Shoqata Ded\u00eb Gjo Luli, Shoqata Drenica, Shoqata Kulturore Artistike Bashkimi Komb\u00ebtar, Shoqata Shqipatro-Amerikane \u201c\u00c7am\u00ebria&#8221;, Shoqata \u201cRugova\u201d n\u00eb bashk\u00ebpunim me Konsullat\u00ebn e P\u00ebrgjithshme t\u00eb Shqip\u00ebris\u00eb n\u00eb Nju Jork dhe Konsullat\u00ebn e P\u00ebrgjithshme t\u00eb t\u00eb Kosov\u00ebs n\u00eb Nju Jork.<\/p>\n<p>Mor\u00ebn pjes\u00eb personalitete t\u00eb larta, p\u00ebrfaq\u00ebsues t\u00eb shtetit shqiptar n\u00eb Sh.B.A, Ambasadori i Shqip\u00ebris\u00eb n\u00eb Amerik\u00eb me seli n\u00eb Washington D.C. , zoti Gilbert Galanxhi, ish ambasadori i Shqip\u00ebris\u00eb n\u00eb OKB me seli n\u00eb Nju Jork, zoti Adrian Neritani, Kryetari i Federat\u00ebs Panshqiptare t\u00eb Amerik\u00ebs \u201cVATRA\u201d Dr. Gjon Bu\u00e7aj, Kryetari i Shoqat\u00ebs \u00c7am\u00ebria, zoti Sali Bollati, Famulltari i i Kish\u00ebs Katolike Shqiptare t\u00eb Amerik\u00ebs &#8220;Our Lady of Shkodra&#8221; me qend\u00ebr n\u00eb Hartsdale, Nju Jork, i p\u00ebrndershmi Pjet\u00ebr Popaj, i p\u00ebrndershmi nga Qendra Islamike Shqiptaro-Amerikane p\u00ebr Nju Jork dhe Nju Xhersi, Imam Rifat Halili, Presidenti i Shoqat\u00ebs s\u00eb Shkrimtar\u00ebve Shqiptaro-amerikan\u00eb, poeti Adnan Mehmeti, Presidentja e Organizat\u00ebs s\u00eb Gruas Shqiptaro-Amerikane, Dr. Anna Kohen, shkrimtari i mir\u00ebnjohur, z. Naum Prifti, Pedagogu i Universitetit t\u00eb Nju Jorkut, Ilir Hysa, P\u00ebrfaq\u00ebsuesja e deg\u00ebs s\u00eb Vatr\u00ebs n\u00eb Washington D.C. poetja Merita McCormack, Kryetari i Organizat\u00ebs Shqiptaro-amerikane \u00c7am\u00ebria, Endri Mergjushi, Presidenti i Organizat\u00ebs &#8220;Rr\u00ebnj\u00ebt Shqiptare&#8221; Marko Kepi, bashkatdhetari Ylvi Buza, n\u00ebnkryetari i Vatr\u00ebs, Agim Rexha, n\u00ebnkryetari i Shoqat\u00ebs s\u00eb Shkrimtar\u00ebve Shqiptaro-amerikan\u00eb, poeti Mhill Velaj, administratorja e Organizat\u00ebs s\u00eb Gruas Shqiptaro-Amerikane, aktivistja e mir\u00ebnjohur Elmira Muja, aktivist\u00ebt e mir\u00ebnjohur n\u00eb komunitet, bashk\u00ebshort\u00ebt Rita dhe Adem Saliu, Zef Bala, Gjergj Dedvukaj, Edmond Ismailati, Bule Bollati, Vilma Mehmeti, Zoje Velaj, shkrimtar\u00ebt Ramiz Mujaj, Ilir Spata, Qazim Rushaj, Ded\u00eb Elezaj, Muhamet Omari, &#8230; njer\u00ebzit e nderuar t\u00eb mediave, t\u00eb palodhurit, t\u00eb pap\u00ebrtuarit Dalip Greca, Beqir Sina, Halil Mula, Adem Belliu, Qazim Doda, &#8230; e shum\u00eb e shum\u00eb t\u00eb tjer\u00eb bashkatdhetar\u00eb.<br \/>\nSi\u00e7 dihet p\u00ebr raste t\u00eb tilla t\u00eb g\u00ebzuara edhe salla e madhe ishte zbukuruar si p\u00ebr fest\u00eb.<br \/>\nN\u00eb sfond t\u00eb sall\u00ebs ishin portretet e Heroit ton\u00eb Komb\u00ebtar Gjergj Kastrioti Sk\u00ebnderbeu dhe burrit t\u00eb madh t\u00eb Kombit Shqiptar, flamurngrit\u00ebsit, Ai, q\u00eb shpalli edhe pavar\u00ebsin\u00eb e Shqip\u00ebris\u00eb m\u00eb 28 n\u00ebntor, 1912, Ismail Qemali.<\/p>\n<p>Tavolinat e shtruara me mbules\u00eb t\u00eb kuqe bashk\u00eb me balonat n\u00eb ngjyr\u00ebn e flamurit kuq e zi, veshjet e f\u00ebmij\u00ebve me kostumin ton\u00eb komb\u00ebtar, t\u00eb folurit shqip&#8230; b\u00ebn\u00eb q\u00eb t\u00eb ndjeheshim p\u00ebr disa or\u00eb n\u00eb Shqip\u00ebrin\u00eb ton\u00eb.<\/p>\n<p>N\u00eb hyrje t\u00eb sall\u00ebs, ishte improvizuar skena p\u00ebr orkestrin\u00ebn dhe k\u00ebng\u00ebtar\u00ebt pjes\u00ebmarr\u00ebs.<br \/>\nFjal\u00ebn e hapjes e mbajti Kryetari i Federat\u00ebs Panshqiptare \u201cVATRA\u201d n\u00eb Amerik\u00eb, Dr. Gjon Bu\u00e7aj.<br \/>\nPasi p\u00ebrsh\u00ebndeti pjes\u00ebmarr\u00ebsit, Dr. Bu\u00e7aj, ia dha fjal\u00ebn drejtueses s\u00eb programit, znj. Adriana Elezaj.<\/p>\n<p>Grupi i f\u00ebmij\u00ebve t\u00eb shkoll\u00ebs shqipe me qend\u00ebr n\u00eb Bronx, Nju Jork, veshur me kostume komb\u00ebtare shqiptare ekzekutuan himnet e Amerik\u00ebs dhe t\u00eb Shqip\u00ebris\u00eb t\u00eb shoq\u00ebruar edhe nga pjes\u00ebmarr\u00ebsit, t\u00eb \u00e7uar n\u00eb k\u00ebmb\u00eb me dor\u00ebn e djatht\u00eb p\u00ebrpara gjoksit n\u00eb shenj\u00eb nderi, interpretuam nj\u00ebz\u00ebri dy himnet komb\u00ebtare.<\/p>\n<p>Moderatorja e programit Ariana Elezaj ftoi t\u00eb pranishmit t\u00eb mbanin nj\u00eb minut\u00eb heshtje p\u00ebr d\u00ebshmor\u00ebt e kombit shqiptar dhe amerikan.<br \/>\nI p\u00ebrndershmi, Imam Rifat Halili b\u00ebri lutjen fetare t\u00eb mbr\u00ebmjes.<br \/>\nN\u00ebnkryetari i Vatr\u00ebs, z. Agim Rexha, lexoi mesazhin p\u00ebrsh\u00ebndet\u00ebs d\u00ebrguar nga Kryepeshkopata Ortodokse Shqiptare n\u00eb Amerik\u00eb.<\/p>\n<p>Ishte njoftuar, se n\u00eb mbr\u00ebmje do t\u00eb na nderonte me pjes\u00ebmarrjen e tij edhe Princi Leka , por, n\u00eb pamund\u00ebsi t\u00eb mosardhjes s\u00eb tij, si\u00e7 edhe dihet k\u00ebto dit\u00eb, p\u00ebr arsyen e gjendjes s\u00eb r\u00ebnduar sh\u00ebndet\u00ebsore t\u00eb babait t\u00eb tij, p\u00ebrsh\u00ebndetjen e lexoi Dr. Gjon Bu\u00e7aj.<br \/>\nFjal\u00ebn e rastit e mbajti Ambasadori i Shqip\u00ebris\u00eb n\u00eb Amerik\u00eb me seli n\u00eb Washington D.C., zoti Gilbert Galanxhi.<\/p>\n<p>P\u00ebrsh\u00ebndeti ish i burgosuri politik, Kryetari i Shoqat\u00ebs s\u00eb ish t\u00eb burgosurve dhe ish t\u00eb p\u00ebrndjekurve politik\u00eb, zoti, Simon Mirakaj.<br \/>\nP\u00ebrsh\u00ebndetje nga Ministri i Diaspor\u00ebs s\u00eb Qeveris\u00eb s\u00eb Kosov\u00ebs, z. Ibrahim Makolli, nga kandidati p\u00ebr Senator i shtetit Connecticut, z. Pjerin Lumaj.<\/p>\n<p>N\u00ebn tingujt e \u00ebmb\u00ebl t\u00eb orkestrin\u00ebs s\u00eb mir\u00ebnjour &#8220;ALBA&#8221; me drejtues Edi Xhani, kitar\u00eb, Maksim Vathi, saks, klarinet\u00eb, Ilir Dang\u00ebllia, organo, Edi Kushi, bateri, n\u00eb sken\u00eb u ngjit superylli shqiptar, k\u00ebng\u00ebtarja me z\u00eb t\u00eb kthjell\u00ebt dhe voluminoz, nj\u00eb Va\u00e7e Zela tjet\u00ebr e muzik\u00ebs shqiptare, e mir\u00ebnjohura Morena Reka.<\/p>\n<p>Superylli shqiptar Morena Reka shp\u00ebrthen n\u00eb sken\u00eb me k\u00ebng\u00ebt e saja, ashtu si\u00e7 e mbaj mend para 25 vjet\u00ebve kur k\u00ebndonte n\u00eb mosh\u00ebn e saj t\u00eb re n\u00eb skenat shqiptare, n\u00eb festivalet e k\u00ebng\u00ebs n\u00eb radiotelevizion dhe n\u00eb aktivitetet e tjera artistike edhe sot, ajo vazhdon t\u00eb jet\u00eb e till\u00eb, dinamike, shp\u00ebrthyese, voluminoze me z\u00ebrin e saj timbrik dhe t\u00eb past\u00ebr. Nuk ka si t\u00eb ndodh\u00eb ndryshe, kur ka shoq\u00ebrues artist\u00ebt e njohur t\u00eb Grupit ALBA.<\/p>\n<p>Saksi, n\u00ebn interpretimin e Maksim Vathit, sa nuk &#8220;\u00e7ahet&#8221;, nd\u00ebrsa Morena &#8220;udh\u00ebton&#8221; me k\u00ebng\u00ebt e saja nga Veriu n\u00eb Jug, n\u00eb t\u00eb gjitha trojet shqiptare ku k\u00ebndohet k\u00ebnga shqipe, k\u00ebnga jon\u00eb e bukur, popullore, e leht\u00eb, polifonike qoft\u00eb ajo.<br \/>\nMorena Reka k\u00ebndon, tingujt e k\u00ebng\u00ebve na ftojn\u00eb edhe ne t\u00eb ngrihemi t\u00eb gjith\u00eb s\u00eb bashku, t\u00eb vall\u00ebzojm\u00eb, t\u00eb k\u00ebndojm\u00eb bashk\u00eb me t\u00eb. G\u00ebzimi dhe hareja ndihen n\u00eb sall\u00ebn e bukur t\u00eb mbushur plot me bashkatdhetar\u00eb.<\/p>\n<p>Nj\u00eb tjet\u00ebr k\u00ebng\u00ebtar i mir\u00ebnjohur n\u00eb komunitet, Vasil Marku, na mrekullon me z\u00ebrin e tij, me interpretimin e k\u00ebng\u00ebve q\u00eb, ashtu si edhe Morena edhe Vasili i b\u00ebn &#8220;udh\u00ebtim&#8221; k\u00ebng\u00ebve nga t\u00eb gjitha trevat shqiptare.<\/p>\n<p>K\u00ebng\u00ebt shkodrane, \u00e7ame, kosovare, kor\u00e7are&#8230; t\u00eb duetit Morena Reka-Vasil Marku, na ftojn\u00eb edhe ne t&#8217;i k\u00ebndojm\u00eb s\u00eb bashku ato k\u00ebng\u00eb perla.<br \/>\nN\u00eb kulmin e g\u00ebzimit q\u00eb po jetonim n\u00eb ato \u00e7aste gazmore, ndodhi edhe e papritura e k\u00ebndshme. N\u00eb sall\u00ebn e madhe hyjn\u00eb &#8220;Ismail Qemali&#8221; dhe &#8220;Isa Boletini&#8221;<br \/>\nDy bashkatdhetar\u00eb t\u00eb nderuar, kishin improvizuar dy t\u00eb pavdekshmit e Kombit ton\u00eb. Duartrokitje gazmore, vall\u00ebzim, dalje fotografi.<\/p>\n<p>K\u00ebnga dhe vallja na shoq\u00ebroi gjat\u00eb gjith\u00eb koh\u00ebs, me nj\u00eb menu ushqimi tep\u00ebr t\u00eb pasur dhe t\u00eb shijshme. Personeli i sh\u00ebrbimit n\u00eb restorant ishte i gjithi shqiptar.<br \/>\nGrupi i f\u00ebmij\u00ebve i Shkoll\u00ebs Shqipe n\u00eb Bronx, &#8220;pushtoi&#8221; sall\u00ebn me vall\u00ebzimet e tyre.<br \/>\nNuk po e p\u00ebrshkruaj me njgjyra poetike, at\u00eb \u00e7&#8217;far\u00eb pam\u00eb, sepse vet\u00eb mosha e tyre e njom\u00eb, veshjet e tyre, t\u00eb gjith\u00eb me kostume komb\u00ebtare shqiptare, l\u00ebvizjet e shkathta, interpretimet e tyre, flasin shum\u00eb, m\u00eb shum\u00eb&#8230;<\/p>\n<p>E nd\u00ebrsa vog\u00eblush\u00ebt vall\u00ebzonin t\u00eb g\u00ebzuar, t\u00eb gjith\u00eb ne u \u00e7uam n\u00eb k\u00ebmb\u00eb, u mblodh\u00ebm rreth tyre, duke i shoq\u00ebruar me duartrokitje.<br \/>\n\u00c7aste v\u00ebrtet emocionuese, gazmore; \u00e7aste festive.<br \/>\nSa shpejt ik\u00ebn ora n\u00eb ambiente t\u00eb tilla g\u00ebzimi e d\u00ebfrimi. Edhe pse kishim kaluar mbi pes\u00eb or\u00eb festim e d\u00ebfrim, nuk na b\u00ebhej t\u00eb iknim.<\/p>\n<p>E p\u00ebrs\u00ebri, si n\u00eb takimin e par\u00eb t\u00eb hyrjes edhe n\u00eb at\u00eb or\u00eb t\u00eb ndarjes u takuam, u p\u00ebrqafuam, u shmall\u00ebm, rrok\u00ebm duart me nj\u00ebri tjetrin me urimin:<br \/>\nG\u00ebzuar dhe p\u00ebr shum\u00eb vjet Fest\u00ebn e Ndritur t\u00eb Flamurit ton\u00eb Komb\u00ebtar.<br \/>\nMirutakofshim n\u00eb takime t\u00eb tjera t\u00eb g\u00ebzueshme n\u00eb komunitet.<\/p>\n<p><img decoding=\"async\" class=\"aligncenter size-thumbnail wp-image-7236\" title=\"28 n\u00ebntori n\u00eb NY\" src=\"http:\/\/www.shkoder.net\/images\/fjala\/2011\/28_nen_ny.jpg\" alt=\"\" width=\"450\" \/><\/p>\n<p><img decoding=\"async\" class=\"aligncenter size-thumbnail wp-image-7236\" title=\"28 n\u00ebntori n\u00eb NY\" src=\"http:\/\/www.shkoder.net\/images\/fjala\/2011\/28_nen_ny1.jpg\" alt=\"\" width=\"450\" \/><\/p>\n<p><img decoding=\"async\" class=\"aligncenter size-thumbnail wp-image-7236\" title=\"28 n\u00ebntori n\u00eb NY\" src=\"http:\/\/www.shkoder.net\/images\/fjala\/2011\/28_nen_ny2.jpg\" alt=\"\" width=\"450\" \/><\/p>\n<p style=\"text-align: center;\"><img decoding=\"async\" class=\"aligncenter size-thumbnail wp-image-7236\" title=\"28 n\u00ebntori n\u00eb NY\" src=\"http:\/\/www.shkoder.net\/images\/fjala\/2011\/28_nen_ny3.jpg\" alt=\"\" width=\"450\" \/>\u00a0<em>Ambasadori Gilbert Galanxhi<\/em><\/p>\n<p style=\"text-align: center;\"><img decoding=\"async\" class=\"aligncenter size-thumbnail wp-image-7236\" title=\"28 n\u00ebntori n\u00eb NY\" src=\"http:\/\/www.shkoder.net\/images\/fjala\/2011\/28_nen_ny4.jpg\" alt=\"\" width=\"450\" \/>\u00a0<em>Ambasadori Gilbert Galanxhi dhe bashkeshortja e tij<\/em><\/p>\n<p style=\"text-align: center;\"><img decoding=\"async\" class=\"aligncenter size-thumbnail wp-image-7236\" title=\"28 n\u00ebntori n\u00eb NY\" src=\"http:\/\/www.shkoder.net\/images\/fjala\/2011\/28_nen_ny52.jpg\" alt=\"\" width=\"450\" \/><\/p>\n<p style=\"text-align: center;\"><img decoding=\"async\" class=\"aligncenter size-thumbnail wp-image-7236\" title=\"28 n\u00ebntori n\u00eb NY\" src=\"http:\/\/www.shkoder.net\/images\/fjala\/2011\/28_nen_ny6.jpg\" alt=\"\" width=\"450\" \/><em><\/em><em>Femijet e Shkolles Shqipe ne Bronx, Nju Jork<\/em><\/p>\n<p style=\"text-align: center;\"><em><\/em><img decoding=\"async\" class=\"aligncenter size-thumbnail wp-image-7236\" title=\"28 n\u00ebntori n\u00eb NY\" src=\"http:\/\/www.shkoder.net\/images\/fjala\/2011\/28_nen_ny7.jpg\" alt=\"\" width=\"450\" \/><em>Kryetari i Shoqates Cameria, z. Sali Bollati<\/em><\/p>\n<p style=\"text-align: center;\"><img decoding=\"async\" class=\"aligncenter size-thumbnail wp-image-7236\" title=\"28 n\u00ebntori n\u00eb NY\" src=\"http:\/\/www.shkoder.net\/images\/fjala\/2011\/28_nen_ny8.jpg\" alt=\"\" width=\"450\" \/><em>Z. Sali Bollati dhe bashkeshortja e tij.<\/em><\/p>\n<p style=\"text-align: center;\"><img decoding=\"async\" class=\"aligncenter size-thumbnail wp-image-7236\" title=\"28 n\u00ebntori n\u00eb NY\" src=\"http:\/\/www.shkoder.net\/images\/fjala\/2011\/28_nen_ny80.jpg\" alt=\"\" width=\"450\" \/>\u00a0<em>Ish Ambasadori i Shqiperise ne O.K.B. zoti Adrian Neritani<\/em><\/p>\n<p style=\"text-align: center;\"><em><\/em><img decoding=\"async\" class=\"aligncenter size-thumbnail wp-image-7236\" title=\"28 n\u00ebntori n\u00eb NY\" src=\"http:\/\/www.shkoder.net\/images\/fjala\/2011\/28_nen_ny9.jpg\" alt=\"\" width=\"450\" \/><em>Shkrimtari Naum Prifti<\/em><\/p>\n<p><img decoding=\"async\" class=\"aligncenter size-thumbnail wp-image-7236\" title=\"28 n\u00ebntori n\u00eb NY\" src=\"http:\/\/www.shkoder.net\/images\/fjala\/2011\/28_nen_ny91.jpg\" alt=\"\" width=\"450\" \/><\/p>\n<p><img decoding=\"async\" class=\"aligncenter size-thumbnail wp-image-7236\" title=\"28 n\u00ebntori n\u00eb NY\" src=\"http:\/\/www.shkoder.net\/images\/fjala\/2011\/28_nen_ny92.jpg\" alt=\"\" width=\"450\" \/><\/p>\n<p><img decoding=\"async\" class=\"aligncenter size-thumbnail wp-image-7236\" title=\"28 n\u00ebntori n\u00eb NY\" src=\"http:\/\/www.shkoder.net\/images\/fjala\/2011\/28_nen_ny93.jpg\" alt=\"\" width=\"450\" \/><\/p>\n<p><img decoding=\"async\" class=\"aligncenter size-thumbnail wp-image-7236\" title=\"28 n\u00ebntori n\u00eb NY\" src=\"http:\/\/www.shkoder.net\/images\/fjala\/2011\/28_nen_ny94.jpg\" alt=\"\" width=\"450\" \/><\/p>\n<p><img decoding=\"async\" class=\"aligncenter size-thumbnail wp-image-7236\" title=\"28 n\u00ebntori n\u00eb NY\" src=\"http:\/\/www.shkoder.net\/images\/fjala\/2011\/28_nen_ny95.jpg\" alt=\"\" width=\"450\" \/><\/p>\n<p><img decoding=\"async\" class=\"aligncenter size-thumbnail wp-image-7236\" title=\"28 n\u00ebntori n\u00eb NY\" src=\"http:\/\/www.shkoder.net\/images\/fjala\/2011\/28_nen_ny96.jpg\" alt=\"\" width=\"450\" \/><\/p>\n<p><img decoding=\"async\" class=\"aligncenter size-thumbnail wp-image-7236\" title=\"28 n\u00ebntori n\u00eb NY\" src=\"http:\/\/www.shkoder.net\/images\/fjala\/2011\/28_nen_ny97.jpg\" alt=\"\" width=\"450\" \/><\/p>\n<p style=\"text-align: center;\"><img decoding=\"async\" class=\"aligncenter size-thumbnail wp-image-7236\" title=\"28 n\u00ebntori n\u00eb NY\" src=\"http:\/\/www.shkoder.net\/images\/fjala\/2011\/28_nen_ny201.jpg\" alt=\"\" width=\"450\" \/><em>Kengetari Vasil Marku<\/em><\/p>\n<p style=\"text-align: center;\"><img decoding=\"async\" class=\"aligncenter size-thumbnail wp-image-7236\" title=\"28 n\u00ebntori n\u00eb NY\" src=\"http:\/\/www.shkoder.net\/images\/fjala\/2011\/28_nen_ny11.jpg\" alt=\"\" width=\"450\" \/><em>Aktivistja e mirenjohur, Elmira Muja<\/em><\/p>\n<p style=\"text-align: center;\"><img decoding=\"async\" class=\"aligncenter size-thumbnail wp-image-7236\" title=\"28 n\u00ebntori n\u00eb NY\" src=\"http:\/\/www.shkoder.net\/images\/fjala\/2011\/28_nen_ny12.jpg\" alt=\"\" width=\"450\" \/><em>Pedagogu i Universitetit ne Nju Jork Ilir Hysa dhe bashkeshortja e tij<\/em><\/p>\n<p><img decoding=\"async\" class=\"aligncenter size-thumbnail wp-image-7236\" title=\"28 n\u00ebntori n\u00eb NY\" src=\"http:\/\/www.shkoder.net\/images\/fjala\/2011\/28_nen_ny121.jpg\" alt=\"\" width=\"450\" \/><\/p>\n<p style=\"text-align: center;\"><img decoding=\"async\" class=\"aligncenter size-thumbnail wp-image-7236\" title=\"28 n\u00ebntori n\u00eb NY\" src=\"http:\/\/www.shkoder.net\/images\/fjala\/2011\/28_nen_ny13.jpg\" alt=\"\" width=\"450\" \/><em>Adnan Mehmeti dhe bashkeshortja e tij, Vilma<\/em><\/p>\n<p style=\"text-align: center;\"><img decoding=\"async\" class=\"aligncenter size-thumbnail wp-image-7236\" title=\"28 n\u00ebntori n\u00eb NY\" src=\"http:\/\/www.shkoder.net\/images\/fjala\/2011\/28_nen_ny14.jpg\" alt=\"\" width=\"450\" \/><em>Mhill Velaj, Adnan Mehmeti dhe bashkeshortet e tyre<\/em><\/p>\n<p style=\"text-align: center;\"><img decoding=\"async\" class=\"aligncenter size-thumbnail wp-image-7236\" title=\"28 n\u00ebntori n\u00eb NY\" src=\"http:\/\/www.shkoder.net\/images\/fjala\/2011\/28_nen_ny15.jpg\" alt=\"\" width=\"450\" \/><em>Ylvi Buza, Endri Mergjushi, Marko Kepi<\/em><\/p>\n<p><img decoding=\"async\" class=\"aligncenter size-thumbnail wp-image-7236\" title=\"28 n\u00ebntori n\u00eb NY\" src=\"http:\/\/www.shkoder.net\/images\/fjala\/2011\/28_nen_ny151.jpg\" alt=\"\" width=\"450\" \/><\/p>\n<p style=\"text-align: center;\"><img decoding=\"async\" class=\"aligncenter size-thumbnail wp-image-7236\" title=\"28 n\u00ebntori n\u00eb NY\" src=\"http:\/\/www.shkoder.net\/images\/fjala\/2011\/28_nen_ny16.jpg\" alt=\"\" width=\"450\" \/><em>Publicisti i mirenjohur, Dalip Greca<\/em><\/p>\n<p style=\"text-align: center;\"><img decoding=\"async\" class=\"aligncenter size-thumbnail wp-image-7236\" title=\"28 n\u00ebntori n\u00eb NY\" src=\"http:\/\/www.shkoder.net\/images\/fjala\/2011\/28_nen_ny17.jpg\" alt=\"\" width=\"450\" \/><em>Z. Qazim Doda<\/em><\/p>\n<p style=\"text-align: center;\"><img decoding=\"async\" class=\"aligncenter size-thumbnail wp-image-7236\" title=\"28 n\u00ebntori n\u00eb NY\" src=\"http:\/\/www.shkoder.net\/images\/fjala\/2011\/28_nen_ny18.jpg\" alt=\"\" width=\"450\" \/><em>Kujtim mes krijuesve te shoqates.<\/em><\/p>\n<p><img decoding=\"async\" class=\"aligncenter size-thumbnail wp-image-7236\" title=\"28 n\u00ebntori n\u00eb NY\" src=\"http:\/\/www.shkoder.net\/images\/fjala\/2011\/28_nen_ny181.jpg\" alt=\"\" width=\"450\" \/><\/p>\n<p style=\"text-align: center;\"><img decoding=\"async\" class=\"aligncenter size-thumbnail wp-image-7236\" title=\"28 n\u00ebntori n\u00eb NY\" src=\"http:\/\/www.shkoder.net\/images\/fjala\/2011\/28_nen_ny19.jpg\" alt=\"\" width=\"450\" \/><em>Disa nga anetaret e Shoqates se Shkrimtareve shqiptaro-amerikane<\/em><\/p>\n<p style=\"text-align: center;\"><img decoding=\"async\" class=\"aligncenter size-thumbnail wp-image-7236\" title=\"28 n\u00ebntori n\u00eb NY\" src=\"http:\/\/www.shkoder.net\/images\/fjala\/2011\/28_nen_ny20.jpg\" alt=\"\" width=\"450\" \/><em>Shkrimtari Ilir Spata<\/em><\/p>\n<p><img decoding=\"async\" class=\"aligncenter size-thumbnail wp-image-7236\" title=\"28 n\u00ebntori n\u00eb NY\" src=\"http:\/\/www.shkoder.net\/images\/fjala\/2011\/28_nen_ny21.jpg\" alt=\"\" width=\"450\" \/><\/p>\n","protected":false},"excerpt":{"rendered":"<p>Ismail Qemali dhe Isa Boletini &#8220;vijn\u00eb&#8221; n\u00eb Nju Jork Nga Pierre-Pandeli Simsia 28 N\u00ebntori i lavdish\u00ebm 2011 festrohet me madh\u00ebshti n\u00eb Maestro&#8217;s Caterers n\u00eb Bronx t\u00eb Nju Jorkut. N\u00eb nj\u00eb mbr\u00ebmje t\u00eb ngroht\u00eb pranverore edhe pse jemi n\u00eb stin\u00ebn e vjesht\u00ebs, temperatura e dit\u00ebs sh\u00ebnonte 68 grad me t\u00eb Amerik\u00ebs, Komuniteti Shqiptar n\u00eb Nju Jork [&hellip;]<\/p>\n","protected":false},"author":1,"featured_media":0,"comment_status":"open","ping_status":"closed","sticky":false,"template":"","format":"standard","meta":{"footnotes":""},"categories":[2],"tags":[],"class_list":{"0":"post-11492","1":"post","2":"type-post","3":"status-publish","4":"format-standard","6":"category-artikuj"},"yoast_head":"<!-- This site is optimized with the Yoast SEO plugin v27.4 - https:\/\/yoast.com\/product\/yoast-seo-wordpress\/ -->\n<title>99 vjetori i lavdish\u00ebm i Pavar\u00ebsis\u00eb s\u00eb Shqip\u00ebris\u00eb festohet madh\u00ebrish\u00ebm n\u00eb Nju Jork - FjALA e LIR\u00cb - Arkivi<\/title>\n<meta name=\"robots\" content=\"index, follow, max-snippet:-1, max-image-preview:large, max-video-preview:-1\" \/>\n<link rel=\"canonical\" href=\"https:\/\/fjala.info\/2009-2015\/99-vjetori-i-lavdishem-i-pavaresise-se-shqiperise-festohet-madherishem-ne-nju-jork\/\" \/>\n<meta property=\"og:locale\" content=\"sq_AL\" \/>\n<meta property=\"og:type\" content=\"article\" \/>\n<meta property=\"og:title\" content=\"99 vjetori i lavdish\u00ebm i Pavar\u00ebsis\u00eb s\u00eb Shqip\u00ebris\u00eb festohet madh\u00ebrish\u00ebm n\u00eb Nju Jork - FjALA e LIR\u00cb - Arkivi\" \/>\n<meta property=\"og:description\" content=\"Ismail Qemali dhe Isa Boletini &#8220;vijn\u00eb&#8221; n\u00eb Nju Jork Nga Pierre-Pandeli Simsia 28 N\u00ebntori i lavdish\u00ebm 2011 festrohet me madh\u00ebshti n\u00eb Maestro&#8217;s Caterers n\u00eb Bronx t\u00eb Nju Jorkut. N\u00eb nj\u00eb mbr\u00ebmje t\u00eb ngroht\u00eb pranverore edhe pse jemi n\u00eb stin\u00ebn e vjesht\u00ebs, temperatura e dit\u00ebs sh\u00ebnonte 68 grad me t\u00eb Amerik\u00ebs, Komuniteti Shqiptar n\u00eb Nju Jork [&hellip;]\" \/>\n<meta property=\"og:url\" content=\"https:\/\/fjala.info\/2009-2015\/99-vjetori-i-lavdishem-i-pavaresise-se-shqiperise-festohet-madherishem-ne-nju-jork\/\" \/>\n<meta property=\"og:site_name\" content=\"FjALA e LIR\u00cb - Arkivi\" \/>\n<meta property=\"article:published_time\" content=\"2011-11-28T22:13:47+00:00\" \/>\n<meta property=\"og:image\" content=\"http:\/\/www.shkoder.net\/images\/fjala\/2011\/pierre_pandeli_simsia2.jpg\" \/>\n<meta name=\"author\" content=\"admin\" \/>\n<meta name=\"twitter:card\" content=\"summary_large_image\" \/>\n<meta name=\"twitter:label1\" content=\"Written by\" \/>\n\t<meta name=\"twitter:data1\" content=\"admin\" \/>\n\t<meta name=\"twitter:label2\" content=\"Est. reading time\" \/>\n\t<meta name=\"twitter:data2\" content=\"9 minutes\" \/>\n<script type=\"application\/ld+json\" class=\"yoast-schema-graph\">{\"@context\":\"https:\\\/\\\/schema.org\",\"@graph\":[{\"@type\":\"Article\",\"@id\":\"https:\\\/\\\/fjala.info\\\/2009-2015\\\/99-vjetori-i-lavdishem-i-pavaresise-se-shqiperise-festohet-madherishem-ne-nju-jork\\\/#article\",\"isPartOf\":{\"@id\":\"https:\\\/\\\/fjala.info\\\/2009-2015\\\/99-vjetori-i-lavdishem-i-pavaresise-se-shqiperise-festohet-madherishem-ne-nju-jork\\\/\"},\"author\":{\"name\":\"admin\",\"@id\":\"https:\\\/\\\/fjala.info\\\/2009-2015\\\/#\\\/schema\\\/person\\\/3aa1163ef05469c496fc94e77611ada2\"},\"headline\":\"99 vjetori i lavdish\u00ebm i Pavar\u00ebsis\u00eb s\u00eb Shqip\u00ebris\u00eb festohet madh\u00ebrish\u00ebm n\u00eb Nju Jork\",\"datePublished\":\"2011-11-28T22:13:47+00:00\",\"mainEntityOfPage\":{\"@id\":\"https:\\\/\\\/fjala.info\\\/2009-2015\\\/99-vjetori-i-lavdishem-i-pavaresise-se-shqiperise-festohet-madherishem-ne-nju-jork\\\/\"},\"wordCount\":1779,\"commentCount\":0,\"publisher\":{\"@id\":\"https:\\\/\\\/fjala.info\\\/2009-2015\\\/#organization\"},\"image\":{\"@id\":\"https:\\\/\\\/fjala.info\\\/2009-2015\\\/99-vjetori-i-lavdishem-i-pavaresise-se-shqiperise-festohet-madherishem-ne-nju-jork\\\/#primaryimage\"},\"thumbnailUrl\":\"http:\\\/\\\/www.shkoder.net\\\/images\\\/fjala\\\/2011\\\/pierre_pandeli_simsia2.jpg\",\"articleSection\":[\"Artikuj\"],\"inLanguage\":\"sq-AL\",\"potentialAction\":[{\"@type\":\"CommentAction\",\"name\":\"Comment\",\"target\":[\"https:\\\/\\\/fjala.info\\\/2009-2015\\\/99-vjetori-i-lavdishem-i-pavaresise-se-shqiperise-festohet-madherishem-ne-nju-jork\\\/#respond\"]}]},{\"@type\":\"WebPage\",\"@id\":\"https:\\\/\\\/fjala.info\\\/2009-2015\\\/99-vjetori-i-lavdishem-i-pavaresise-se-shqiperise-festohet-madherishem-ne-nju-jork\\\/\",\"url\":\"https:\\\/\\\/fjala.info\\\/2009-2015\\\/99-vjetori-i-lavdishem-i-pavaresise-se-shqiperise-festohet-madherishem-ne-nju-jork\\\/\",\"name\":\"99 vjetori i lavdish\u00ebm i Pavar\u00ebsis\u00eb s\u00eb Shqip\u00ebris\u00eb festohet madh\u00ebrish\u00ebm n\u00eb Nju Jork - FjALA e LIR\u00cb - Arkivi\",\"isPartOf\":{\"@id\":\"https:\\\/\\\/fjala.info\\\/2009-2015\\\/#website\"},\"primaryImageOfPage\":{\"@id\":\"https:\\\/\\\/fjala.info\\\/2009-2015\\\/99-vjetori-i-lavdishem-i-pavaresise-se-shqiperise-festohet-madherishem-ne-nju-jork\\\/#primaryimage\"},\"image\":{\"@id\":\"https:\\\/\\\/fjala.info\\\/2009-2015\\\/99-vjetori-i-lavdishem-i-pavaresise-se-shqiperise-festohet-madherishem-ne-nju-jork\\\/#primaryimage\"},\"thumbnailUrl\":\"http:\\\/\\\/www.shkoder.net\\\/images\\\/fjala\\\/2011\\\/pierre_pandeli_simsia2.jpg\",\"datePublished\":\"2011-11-28T22:13:47+00:00\",\"breadcrumb\":{\"@id\":\"https:\\\/\\\/fjala.info\\\/2009-2015\\\/99-vjetori-i-lavdishem-i-pavaresise-se-shqiperise-festohet-madherishem-ne-nju-jork\\\/#breadcrumb\"},\"inLanguage\":\"sq-AL\",\"potentialAction\":[{\"@type\":\"ReadAction\",\"target\":[\"https:\\\/\\\/fjala.info\\\/2009-2015\\\/99-vjetori-i-lavdishem-i-pavaresise-se-shqiperise-festohet-madherishem-ne-nju-jork\\\/\"]}]},{\"@type\":\"ImageObject\",\"inLanguage\":\"sq-AL\",\"@id\":\"https:\\\/\\\/fjala.info\\\/2009-2015\\\/99-vjetori-i-lavdishem-i-pavaresise-se-shqiperise-festohet-madherishem-ne-nju-jork\\\/#primaryimage\",\"url\":\"http:\\\/\\\/www.shkoder.net\\\/images\\\/fjala\\\/2011\\\/pierre_pandeli_simsia2.jpg\",\"contentUrl\":\"http:\\\/\\\/www.shkoder.net\\\/images\\\/fjala\\\/2011\\\/pierre_pandeli_simsia2.jpg\"},{\"@type\":\"BreadcrumbList\",\"@id\":\"https:\\\/\\\/fjala.info\\\/2009-2015\\\/99-vjetori-i-lavdishem-i-pavaresise-se-shqiperise-festohet-madherishem-ne-nju-jork\\\/#breadcrumb\",\"itemListElement\":[{\"@type\":\"ListItem\",\"position\":1,\"name\":\"Home\",\"item\":\"https:\\\/\\\/fjala.info\\\/2009-2015\\\/\"},{\"@type\":\"ListItem\",\"position\":2,\"name\":\"99 vjetori i lavdish\u00ebm i Pavar\u00ebsis\u00eb s\u00eb Shqip\u00ebris\u00eb festohet madh\u00ebrish\u00ebm n\u00eb Nju Jork\"}]},{\"@type\":\"WebSite\",\"@id\":\"https:\\\/\\\/fjala.info\\\/2009-2015\\\/#website\",\"url\":\"https:\\\/\\\/fjala.info\\\/2009-2015\\\/\",\"name\":\"FjALA e LIR\u00cb - Arkivi\",\"description\":\"Arkivi 2009-2015\",\"publisher\":{\"@id\":\"https:\\\/\\\/fjala.info\\\/2009-2015\\\/#organization\"},\"potentialAction\":[{\"@type\":\"SearchAction\",\"target\":{\"@type\":\"EntryPoint\",\"urlTemplate\":\"https:\\\/\\\/fjala.info\\\/2009-2015\\\/?s={search_term_string}\"},\"query-input\":{\"@type\":\"PropertyValueSpecification\",\"valueRequired\":true,\"valueName\":\"search_term_string\"}}],\"inLanguage\":\"sq-AL\"},{\"@type\":\"Organization\",\"@id\":\"https:\\\/\\\/fjala.info\\\/2009-2015\\\/#organization\",\"name\":\"FjALA e LIR\u00cb - Arkivi\",\"url\":\"https:\\\/\\\/fjala.info\\\/2009-2015\\\/\",\"logo\":{\"@type\":\"ImageObject\",\"inLanguage\":\"sq-AL\",\"@id\":\"https:\\\/\\\/fjala.info\\\/2009-2015\\\/#\\\/schema\\\/logo\\\/image\\\/\",\"url\":\"\",\"contentUrl\":\"\",\"caption\":\"FjALA e LIR\u00cb - Arkivi\"},\"image\":{\"@id\":\"https:\\\/\\\/fjala.info\\\/2009-2015\\\/#\\\/schema\\\/logo\\\/image\\\/\"}},{\"@type\":\"Person\",\"@id\":\"https:\\\/\\\/fjala.info\\\/2009-2015\\\/#\\\/schema\\\/person\\\/3aa1163ef05469c496fc94e77611ada2\",\"name\":\"admin\",\"image\":{\"@type\":\"ImageObject\",\"inLanguage\":\"sq-AL\",\"@id\":\"https:\\\/\\\/fjala.info\\\/2009-2015\\\/wp-content\\\/uploads\\\/2012\\\/02\\\/arben_cokaj-120x150.jpg\",\"url\":\"https:\\\/\\\/fjala.info\\\/2009-2015\\\/wp-content\\\/uploads\\\/2012\\\/02\\\/arben_cokaj-120x150.jpg\",\"contentUrl\":\"https:\\\/\\\/fjala.info\\\/2009-2015\\\/wp-content\\\/uploads\\\/2012\\\/02\\\/arben_cokaj-120x150.jpg\",\"caption\":\"admin\"},\"description\":\"Admin, Fjala e Lir\u00eb\",\"sameAs\":[\"https:\\\/\\\/fjala.info\\\/\"],\"url\":\"https:\\\/\\\/fjala.info\\\/2009-2015\\\/author\\\/admin\\\/\"}]}<\/script>\n<!-- \/ Yoast SEO plugin. -->","yoast_head_json":{"title":"99 vjetori i lavdish\u00ebm i Pavar\u00ebsis\u00eb s\u00eb Shqip\u00ebris\u00eb festohet madh\u00ebrish\u00ebm n\u00eb Nju Jork - FjALA e LIR\u00cb - Arkivi","robots":{"index":"index","follow":"follow","max-snippet":"max-snippet:-1","max-image-preview":"max-image-preview:large","max-video-preview":"max-video-preview:-1"},"canonical":"https:\/\/fjala.info\/2009-2015\/99-vjetori-i-lavdishem-i-pavaresise-se-shqiperise-festohet-madherishem-ne-nju-jork\/","og_locale":"sq_AL","og_type":"article","og_title":"99 vjetori i lavdish\u00ebm i Pavar\u00ebsis\u00eb s\u00eb Shqip\u00ebris\u00eb festohet madh\u00ebrish\u00ebm n\u00eb Nju Jork - FjALA e LIR\u00cb - Arkivi","og_description":"Ismail Qemali dhe Isa Boletini &#8220;vijn\u00eb&#8221; n\u00eb Nju Jork Nga Pierre-Pandeli Simsia 28 N\u00ebntori i lavdish\u00ebm 2011 festrohet me madh\u00ebshti n\u00eb Maestro&#8217;s Caterers n\u00eb Bronx t\u00eb Nju Jorkut. N\u00eb nj\u00eb mbr\u00ebmje t\u00eb ngroht\u00eb pranverore edhe pse jemi n\u00eb stin\u00ebn e vjesht\u00ebs, temperatura e dit\u00ebs sh\u00ebnonte 68 grad me t\u00eb Amerik\u00ebs, Komuniteti Shqiptar n\u00eb Nju Jork [&hellip;]","og_url":"https:\/\/fjala.info\/2009-2015\/99-vjetori-i-lavdishem-i-pavaresise-se-shqiperise-festohet-madherishem-ne-nju-jork\/","og_site_name":"FjALA e LIR\u00cb - Arkivi","article_published_time":"2011-11-28T22:13:47+00:00","og_image":[{"url":"http:\/\/www.shkoder.net\/images\/fjala\/2011\/pierre_pandeli_simsia2.jpg","type":"","width":"","height":""}],"author":"admin","twitter_card":"summary_large_image","twitter_misc":{"Written by":"admin","Est. reading time":"9 minutes"},"schema":{"@context":"https:\/\/schema.org","@graph":[{"@type":"Article","@id":"https:\/\/fjala.info\/2009-2015\/99-vjetori-i-lavdishem-i-pavaresise-se-shqiperise-festohet-madherishem-ne-nju-jork\/#article","isPartOf":{"@id":"https:\/\/fjala.info\/2009-2015\/99-vjetori-i-lavdishem-i-pavaresise-se-shqiperise-festohet-madherishem-ne-nju-jork\/"},"author":{"name":"admin","@id":"https:\/\/fjala.info\/2009-2015\/#\/schema\/person\/3aa1163ef05469c496fc94e77611ada2"},"headline":"99 vjetori i lavdish\u00ebm i Pavar\u00ebsis\u00eb s\u00eb Shqip\u00ebris\u00eb festohet madh\u00ebrish\u00ebm n\u00eb Nju Jork","datePublished":"2011-11-28T22:13:47+00:00","mainEntityOfPage":{"@id":"https:\/\/fjala.info\/2009-2015\/99-vjetori-i-lavdishem-i-pavaresise-se-shqiperise-festohet-madherishem-ne-nju-jork\/"},"wordCount":1779,"commentCount":0,"publisher":{"@id":"https:\/\/fjala.info\/2009-2015\/#organization"},"image":{"@id":"https:\/\/fjala.info\/2009-2015\/99-vjetori-i-lavdishem-i-pavaresise-se-shqiperise-festohet-madherishem-ne-nju-jork\/#primaryimage"},"thumbnailUrl":"http:\/\/www.shkoder.net\/images\/fjala\/2011\/pierre_pandeli_simsia2.jpg","articleSection":["Artikuj"],"inLanguage":"sq-AL","potentialAction":[{"@type":"CommentAction","name":"Comment","target":["https:\/\/fjala.info\/2009-2015\/99-vjetori-i-lavdishem-i-pavaresise-se-shqiperise-festohet-madherishem-ne-nju-jork\/#respond"]}]},{"@type":"WebPage","@id":"https:\/\/fjala.info\/2009-2015\/99-vjetori-i-lavdishem-i-pavaresise-se-shqiperise-festohet-madherishem-ne-nju-jork\/","url":"https:\/\/fjala.info\/2009-2015\/99-vjetori-i-lavdishem-i-pavaresise-se-shqiperise-festohet-madherishem-ne-nju-jork\/","name":"99 vjetori i lavdish\u00ebm i Pavar\u00ebsis\u00eb s\u00eb Shqip\u00ebris\u00eb festohet madh\u00ebrish\u00ebm n\u00eb Nju Jork - FjALA e LIR\u00cb - Arkivi","isPartOf":{"@id":"https:\/\/fjala.info\/2009-2015\/#website"},"primaryImageOfPage":{"@id":"https:\/\/fjala.info\/2009-2015\/99-vjetori-i-lavdishem-i-pavaresise-se-shqiperise-festohet-madherishem-ne-nju-jork\/#primaryimage"},"image":{"@id":"https:\/\/fjala.info\/2009-2015\/99-vjetori-i-lavdishem-i-pavaresise-se-shqiperise-festohet-madherishem-ne-nju-jork\/#primaryimage"},"thumbnailUrl":"http:\/\/www.shkoder.net\/images\/fjala\/2011\/pierre_pandeli_simsia2.jpg","datePublished":"2011-11-28T22:13:47+00:00","breadcrumb":{"@id":"https:\/\/fjala.info\/2009-2015\/99-vjetori-i-lavdishem-i-pavaresise-se-shqiperise-festohet-madherishem-ne-nju-jork\/#breadcrumb"},"inLanguage":"sq-AL","potentialAction":[{"@type":"ReadAction","target":["https:\/\/fjala.info\/2009-2015\/99-vjetori-i-lavdishem-i-pavaresise-se-shqiperise-festohet-madherishem-ne-nju-jork\/"]}]},{"@type":"ImageObject","inLanguage":"sq-AL","@id":"https:\/\/fjala.info\/2009-2015\/99-vjetori-i-lavdishem-i-pavaresise-se-shqiperise-festohet-madherishem-ne-nju-jork\/#primaryimage","url":"http:\/\/www.shkoder.net\/images\/fjala\/2011\/pierre_pandeli_simsia2.jpg","contentUrl":"http:\/\/www.shkoder.net\/images\/fjala\/2011\/pierre_pandeli_simsia2.jpg"},{"@type":"BreadcrumbList","@id":"https:\/\/fjala.info\/2009-2015\/99-vjetori-i-lavdishem-i-pavaresise-se-shqiperise-festohet-madherishem-ne-nju-jork\/#breadcrumb","itemListElement":[{"@type":"ListItem","position":1,"name":"Home","item":"https:\/\/fjala.info\/2009-2015\/"},{"@type":"ListItem","position":2,"name":"99 vjetori i lavdish\u00ebm i Pavar\u00ebsis\u00eb s\u00eb Shqip\u00ebris\u00eb festohet madh\u00ebrish\u00ebm n\u00eb Nju Jork"}]},{"@type":"WebSite","@id":"https:\/\/fjala.info\/2009-2015\/#website","url":"https:\/\/fjala.info\/2009-2015\/","name":"FjALA e LIR\u00cb - Arkivi","description":"Arkivi 2009-2015","publisher":{"@id":"https:\/\/fjala.info\/2009-2015\/#organization"},"potentialAction":[{"@type":"SearchAction","target":{"@type":"EntryPoint","urlTemplate":"https:\/\/fjala.info\/2009-2015\/?s={search_term_string}"},"query-input":{"@type":"PropertyValueSpecification","valueRequired":true,"valueName":"search_term_string"}}],"inLanguage":"sq-AL"},{"@type":"Organization","@id":"https:\/\/fjala.info\/2009-2015\/#organization","name":"FjALA e LIR\u00cb - Arkivi","url":"https:\/\/fjala.info\/2009-2015\/","logo":{"@type":"ImageObject","inLanguage":"sq-AL","@id":"https:\/\/fjala.info\/2009-2015\/#\/schema\/logo\/image\/","url":"","contentUrl":"","caption":"FjALA e LIR\u00cb - Arkivi"},"image":{"@id":"https:\/\/fjala.info\/2009-2015\/#\/schema\/logo\/image\/"}},{"@type":"Person","@id":"https:\/\/fjala.info\/2009-2015\/#\/schema\/person\/3aa1163ef05469c496fc94e77611ada2","name":"admin","image":{"@type":"ImageObject","inLanguage":"sq-AL","@id":"https:\/\/fjala.info\/2009-2015\/wp-content\/uploads\/2012\/02\/arben_cokaj-120x150.jpg","url":"https:\/\/fjala.info\/2009-2015\/wp-content\/uploads\/2012\/02\/arben_cokaj-120x150.jpg","contentUrl":"https:\/\/fjala.info\/2009-2015\/wp-content\/uploads\/2012\/02\/arben_cokaj-120x150.jpg","caption":"admin"},"description":"Admin, Fjala e Lir\u00eb","sameAs":["https:\/\/fjala.info\/"],"url":"https:\/\/fjala.info\/2009-2015\/author\/admin\/"}]}},"_links":{"self":[{"href":"https:\/\/fjala.info\/2009-2015\/wp-json\/wp\/v2\/posts\/11492","targetHints":{"allow":["GET"]}}],"collection":[{"href":"https:\/\/fjala.info\/2009-2015\/wp-json\/wp\/v2\/posts"}],"about":[{"href":"https:\/\/fjala.info\/2009-2015\/wp-json\/wp\/v2\/types\/post"}],"author":[{"embeddable":true,"href":"https:\/\/fjala.info\/2009-2015\/wp-json\/wp\/v2\/users\/1"}],"replies":[{"embeddable":true,"href":"https:\/\/fjala.info\/2009-2015\/wp-json\/wp\/v2\/comments?post=11492"}],"version-history":[{"count":0,"href":"https:\/\/fjala.info\/2009-2015\/wp-json\/wp\/v2\/posts\/11492\/revisions"}],"wp:attachment":[{"href":"https:\/\/fjala.info\/2009-2015\/wp-json\/wp\/v2\/media?parent=11492"}],"wp:term":[{"taxonomy":"category","embeddable":true,"href":"https:\/\/fjala.info\/2009-2015\/wp-json\/wp\/v2\/categories?post=11492"},{"taxonomy":"post_tag","embeddable":true,"href":"https:\/\/fjala.info\/2009-2015\/wp-json\/wp\/v2\/tags?post=11492"}],"curies":[{"name":"wp","href":"https:\/\/api.w.org\/{rel}","templated":true}]}}