{"id":11491,"date":"2011-11-27T09:52:33","date_gmt":"2011-11-27T08:52:33","guid":{"rendered":"http:\/\/fjala.shkoder.net\/?p=358"},"modified":"2011-11-27T09:52:33","modified_gmt":"2011-11-27T08:52:33","slug":"kuvendi-themeltar-i-shoqates-se-shkrimtareve-shqiptare-ne-suedi","status":"publish","type":"post","link":"https:\/\/fjala.info\/2009-2015\/kuvendi-themeltar-i-shoqates-se-shkrimtareve-shqiptare-ne-suedi\/","title":{"rendered":"Kuvendi Themeltar i Shoqat\u00ebs s\u00eb Shkrimtar\u00ebve shqiptar\u00eb n\u00eb Suedi"},"content":{"rendered":"<p><strong><em>Kuvendi i par\u00eb Themeltar i Shoqat\u00ebs s\u00eb Shkrimtar\u00ebve, Artist\u00ebve dhe Krijues\u00ebve Shqiptar\u00eb n\u00eb Suedi, kryetar zgjodhi z. Hysen Ibrahimi.<\/em><\/strong><\/p>\n<p><em>Nr. 2011\/006 Protokolli<\/em><\/p>\n<p>N\u00eb sall\u00ebn e lokalit t\u00eb shkoll\u00ebs \u201dF\u00f6rsl\u00f6v Skolan\u201d n\u00eb F\u00f6rsl\u00f6v t\u00eb Suedis\u00eb, n\u00eb pranin\u00eb e 61 delegat\u00ebve, u mbajt\u00eb t\u00eb shtun\u00ebn m\u00eb 26 n\u00ebntor 2011 Kuvendi i par\u00eb Themeltar i Shoqat\u00ebs s\u00eb Shkrimtar\u00ebve, Artist\u00ebve dhe Krijues\u00ebve Shqiptar\u00eb n\u00eb Suedi (SHSHAKSHS) i thirrur nga K\u00ebshilli Inicues, i themeluar koh\u00eb m\u00eb par\u00eb. N\u00eb k\u00ebt\u00eb Kuvend, u hap edhe nj\u00eb ekspozit\u00eb e librave dhe e pikturave t\u00eb shkrimtar\u00ebve dhe piktor\u00ebve shqiptar\u00eb q\u00eb jetojn\u00eb dhe veprojn\u00eb n\u00eb Suedi.<\/p>\n<p><img decoding=\"async\" class=\"aligncenter size-thumbnail wp-image-7236\" title=\"SHSHAKSHS - kryesia\" src=\"http:\/\/www.shkoder.net\/images\/fjala\/2011\/shshakshs_kryesia.jpg\" alt=\"\" width=\"450\" \/><\/p>\n<p>Pjes\u00ebmarr\u00ebsit n\u00eb k\u00ebt\u00eb Kuvend i p\u00ebrsh\u00ebndeti n\u00eb em\u00ebr t\u00eb nikoqirit z. Rrahman Rrahmani, an\u00ebtar i K\u00ebshillit Inicues dhe kryetar i shoqat\u00ebs \u201dN\u00ebna Terez\u00eb\u201d n\u00eb \u00c4ngelholm dhe pastaj ia dha fjal\u00ebn z. Mr. Sadulla Zendelit \u2013 Daja, q\u00eb ishte m\u00eb i moshuari p\u00ebr t\u00eb hapur Kuvendin Themeltar t\u00eb SHSHAKSHS-s\u00eb.<\/p>\n<p>Kuvendin e p\u00ebrsh\u00ebndeten: z. Adnan Dibrani, deputet n\u00eb Parlamantin Suedez, z. Halim Hoti, biznismen i dalluar n\u00eb Suedi, drejtor gjeneral i firm\u00ebs \u201cSystemputs murning bygg i Tv\u00e5\u00e5ker\u201d AB &#8211; Suedi dhe sponsor p\u00ebr librin e par\u00eb t\u00eb shoqat\u00ebs n\u00eb fjal\u00eb, z. Naser Zeqiri kryetar i shoqat\u00ebs \u201dIlirida\u201d si dhe deputet n\u00eb asamblen\u00eb komunale t\u00eb Halmstadit, z. Rrahman Rrahmani, kryetar i Shoqat\u00ebs \u201dN\u00ebna Terez\u00eb\u201d \u00c4ngelholm, Kamer Bytyqi kryetar i shoqat\u00ebs \u201dShqiponja\u201d dhe deputet n\u00eb asamblen\u00eb komunale n\u00eb H\u00f6rby, biznismeni Enver Jashari pronar i sallonit t\u00eb automobilave \u201dH\u00f6rby Cars\u201d n\u00eb H\u00f6rby dhe sponsor (donator) p\u00ebr librin.<\/p>\n<p><img decoding=\"async\" class=\"aligncenter size-thumbnail wp-image-7236\" title=\"SHSHAKSHS - kryesia\" src=\"http:\/\/www.shkoder.net\/images\/fjala\/2011\/shshakshs_kryesia_anetaret.jpg\" alt=\"\" width=\"500\" \/><\/p>\n<p>Mursel Shkupolli, lexoi letr\u00ebn p\u00ebrsh\u00ebndet\u00ebse q\u00eb kishte arritur Kuvendit, nga Kryesia e Shoqat\u00ebs s\u00eb Krijues\u00ebve Shqiptar\u00eb n\u00eb Zvic\u00ebr, z. Besnik Camaj, kryetar. Kuvendi zgjodhi Kryesin\u00eb e Pun\u00ebs n\u00eb p\u00ebrb\u00ebrje: Prof. Osman Ahmetgjekaj, prof. Fetah Bahtiri, Af\u00ebrdita Avdyli Dolovac, Mr. Sadulla Zendeli-Daja dhe Shaban Gashi. Procesmbajt\u00ebs u zgjodh prof. Shqipe Koshi.<\/p>\n<p>Kuvendi, punimet i zhvilloi n\u00eb frym\u00ebn demokratike, ku u miruatua Rregullorja e Pun\u00ebs dhe Statuti, dhe u shpalos\u00ebn idet\u00eb p\u00ebr pun\u00ebt t\u00eb cilat priten nga Kryesia q\u00eb do t\u00eb dal\u00eb nga ky Kuvend. Duke marr\u00eb parasysh\u00eb shtrirjen e madhe gjeografike t\u00eb Suedis\u00eb p\u00ebr gjith\u00ebp\u00ebrfshirjen sa m\u00eb t\u00eb madhe t\u00eb aktivitetit t\u00eb m\u00ebrgimtar\u00ebve shqiptar\u00eb n\u00eb Suedi q\u00eb kontribuan p\u00ebr Pavar\u00ebsin\u00eb s\u00eb Republik\u00ebs s\u00eb Kosov\u00ebs, u vendos q\u00eb Kryesia t\u00eb zgjedhet nga nj\u00eb p\u00ebrb\u00ebrje t\u00eb gj\u00ebr\u00eb.<\/p>\n<p>Kuvendi zgjodhi Kryesin\u00eb e Shoqat\u00ebs s\u00eb Shkrimtar\u00ebve, Artist\u00ebve dhe Krijues\u00ebve n\u00eb Suedi prej 29 an\u00ebtar\u00ebve, me k\u00ebt\u00eb p\u00ebrb\u00ebrje: Hysen Ibrahimi kryetar, Mr. Sadulla Zendeli n\u00ebnkryetar, Af\u00ebrdita Avdyli-Dolovac n\u00ebnkryetare, prof.Shyqri Gjurkaj n\u00ebnkryetar, Yllka Sheqiri n\u00ebnkryetare, Avdyl Uka n\u00ebnkryetar, prof.Osman Ahmetgjekaj sekretar, Rrahman Rrahmani ark\u00ebtar, prof.Fetah Bahtiri, prof. Ismail Imeri, Naser Zeqiri, prof. Riza Sheqiri, Hamit Gurguri, prof. Bedri Paci, prof. Shqipe Koshi, Shaban Gashi, Ferit Qollaku, prof. Sejdi Zeka, Florije Bajraktari, Mursel Shkupolli, Ahmet Ahmeti, Halim Hoti, Enver Jashari, prof. Sokol Demaku, prof.Raif Mehmeti, Shaban Murseli, Fortesa Hoti, Avdi Islami dhe Bahtir Latifi t\u00eb gjith\u00eb an\u00ebtar\u00eb t\u00eb Kryesis\u00eb.<\/p>\n<p>Kuvendi po ashtu zgjodhi organet e saj p\u00ebrcjell\u00ebse si, Komisionin mbik\u00ebqyr\u00ebs, Komisionin p\u00ebr informim, Komisionin p\u00ebr redaktim, Komisionin p\u00ebr lektorim, Komisionin p\u00ebr ndarjen e \u00e7mimeve dhe Komisionin p\u00ebr promovimin e veprave.<\/p>\n<p>P\u00ebr nder\u00eb t\u00eb k\u00ebtij Kuvendi, nga grupi i t\u00eb rinj\u00ebve i cili vepron n\u00eb kuad\u00ebr t\u00eb shoqat\u00ebs \u201dN\u00ebna Terez\u00eb\u201d n\u00eb \u00c4ngelholm, me n\u00eb krye koreografin e mir\u00ebnjohur z. Ahmet Ahmeti, \u00e7faqen nj\u00eb pjes\u00eb teatrale kushtuar ish-Presidentit t\u00eb Repiblik\u00ebs s\u00eb Kosov\u00ebs dr. Ibrahim Rugova dhe disa valle burimore shqiptare.<\/p>\n<p>Vlen\u00eb t\u00eb theksohet se shpenzimet e e k\u00ebtij Kuvendi i mbuluan v\u00ebllez\u00ebrit Halim dhe Robert Hoti, gj\u00eb q\u00eb p\u00ebr k\u00ebt\u00eb u falenderuan publikisht.<\/p>\n<p>P.S.<br \/>\nTeknik\u00ebn me projektor dhe z\u00ebrimin, i p\u00ebrgaditi z. Astrit Shkupolli.<\/p>\n<p><em>P\u00ebr Kryesin\u00eb SHSHAKSHS-s\u00eb<\/em><br \/>\n<strong>Prof. Osman Ahmetgjekaj<\/strong>, sekretar.<\/p>\n<p><em>M\u00eb 26 n\u00ebntor 2011<br \/>\nF\u00f6rsl\u00f6v-Suedi<\/em><\/p>\n","protected":false},"excerpt":{"rendered":"<p>Kuvendi i par\u00eb Themeltar i Shoqat\u00ebs s\u00eb Shkrimtar\u00ebve, Artist\u00ebve dhe Krijues\u00ebve Shqiptar\u00eb n\u00eb Suedi, kryetar zgjodhi z. Hysen Ibrahimi. Nr. 2011\/006 Protokolli N\u00eb sall\u00ebn e lokalit t\u00eb shkoll\u00ebs \u201dF\u00f6rsl\u00f6v Skolan\u201d n\u00eb F\u00f6rsl\u00f6v t\u00eb Suedis\u00eb, n\u00eb pranin\u00eb e 61 delegat\u00ebve, u mbajt\u00eb t\u00eb shtun\u00ebn m\u00eb 26 n\u00ebntor 2011 Kuvendi i par\u00eb Themeltar i Shoqat\u00ebs s\u00eb Shkrimtar\u00ebve, [&hellip;]<\/p>\n","protected":false},"author":1,"featured_media":0,"comment_status":"open","ping_status":"closed","sticky":false,"template":"","format":"standard","meta":{"footnotes":""},"categories":[2],"tags":[],"class_list":{"0":"post-11491","1":"post","2":"type-post","3":"status-publish","4":"format-standard","6":"category-artikuj"},"yoast_head":"<!-- This site is optimized with the Yoast SEO plugin v27.4 - https:\/\/yoast.com\/product\/yoast-seo-wordpress\/ -->\n<title>Kuvendi Themeltar i Shoqat\u00ebs s\u00eb Shkrimtar\u00ebve shqiptar\u00eb n\u00eb Suedi - FjALA e LIR\u00cb - Arkivi<\/title>\n<meta name=\"robots\" content=\"index, follow, max-snippet:-1, max-image-preview:large, max-video-preview:-1\" \/>\n<link rel=\"canonical\" href=\"https:\/\/fjala.info\/2009-2015\/kuvendi-themeltar-i-shoqates-se-shkrimtareve-shqiptare-ne-suedi\/\" \/>\n<meta property=\"og:locale\" content=\"sq_AL\" \/>\n<meta property=\"og:type\" content=\"article\" \/>\n<meta property=\"og:title\" content=\"Kuvendi Themeltar i Shoqat\u00ebs s\u00eb Shkrimtar\u00ebve shqiptar\u00eb n\u00eb Suedi - FjALA e LIR\u00cb - Arkivi\" \/>\n<meta property=\"og:description\" content=\"Kuvendi i par\u00eb Themeltar i Shoqat\u00ebs s\u00eb Shkrimtar\u00ebve, Artist\u00ebve dhe Krijues\u00ebve Shqiptar\u00eb n\u00eb Suedi, kryetar zgjodhi z. Hysen Ibrahimi. Nr. 2011\/006 Protokolli N\u00eb sall\u00ebn e lokalit t\u00eb shkoll\u00ebs \u201dF\u00f6rsl\u00f6v Skolan\u201d n\u00eb F\u00f6rsl\u00f6v t\u00eb Suedis\u00eb, n\u00eb pranin\u00eb e 61 delegat\u00ebve, u mbajt\u00eb t\u00eb shtun\u00ebn m\u00eb 26 n\u00ebntor 2011 Kuvendi i par\u00eb Themeltar i Shoqat\u00ebs s\u00eb Shkrimtar\u00ebve, [&hellip;]\" \/>\n<meta property=\"og:url\" content=\"https:\/\/fjala.info\/2009-2015\/kuvendi-themeltar-i-shoqates-se-shkrimtareve-shqiptare-ne-suedi\/\" \/>\n<meta property=\"og:site_name\" content=\"FjALA e LIR\u00cb - Arkivi\" \/>\n<meta property=\"article:published_time\" content=\"2011-11-27T08:52:33+00:00\" \/>\n<meta property=\"og:image\" content=\"http:\/\/www.shkoder.net\/images\/fjala\/2011\/shshakshs_kryesia.jpg\" \/>\n<meta name=\"author\" content=\"admin\" \/>\n<meta name=\"twitter:card\" content=\"summary_large_image\" \/>\n<meta name=\"twitter:label1\" content=\"Written by\" \/>\n\t<meta name=\"twitter:data1\" content=\"admin\" \/>\n\t<meta name=\"twitter:label2\" content=\"Est. reading time\" \/>\n\t<meta name=\"twitter:data2\" content=\"4 minutes\" \/>\n<script type=\"application\/ld+json\" class=\"yoast-schema-graph\">{\"@context\":\"https:\\\/\\\/schema.org\",\"@graph\":[{\"@type\":\"Article\",\"@id\":\"https:\\\/\\\/fjala.info\\\/2009-2015\\\/kuvendi-themeltar-i-shoqates-se-shkrimtareve-shqiptare-ne-suedi\\\/#article\",\"isPartOf\":{\"@id\":\"https:\\\/\\\/fjala.info\\\/2009-2015\\\/kuvendi-themeltar-i-shoqates-se-shkrimtareve-shqiptare-ne-suedi\\\/\"},\"author\":{\"name\":\"admin\",\"@id\":\"https:\\\/\\\/fjala.info\\\/2009-2015\\\/#\\\/schema\\\/person\\\/3aa1163ef05469c496fc94e77611ada2\"},\"headline\":\"Kuvendi Themeltar i Shoqat\u00ebs s\u00eb Shkrimtar\u00ebve shqiptar\u00eb n\u00eb Suedi\",\"datePublished\":\"2011-11-27T08:52:33+00:00\",\"mainEntityOfPage\":{\"@id\":\"https:\\\/\\\/fjala.info\\\/2009-2015\\\/kuvendi-themeltar-i-shoqates-se-shkrimtareve-shqiptare-ne-suedi\\\/\"},\"wordCount\":715,\"commentCount\":0,\"publisher\":{\"@id\":\"https:\\\/\\\/fjala.info\\\/2009-2015\\\/#organization\"},\"image\":{\"@id\":\"https:\\\/\\\/fjala.info\\\/2009-2015\\\/kuvendi-themeltar-i-shoqates-se-shkrimtareve-shqiptare-ne-suedi\\\/#primaryimage\"},\"thumbnailUrl\":\"http:\\\/\\\/www.shkoder.net\\\/images\\\/fjala\\\/2011\\\/shshakshs_kryesia.jpg\",\"articleSection\":[\"Artikuj\"],\"inLanguage\":\"sq-AL\",\"potentialAction\":[{\"@type\":\"CommentAction\",\"name\":\"Comment\",\"target\":[\"https:\\\/\\\/fjala.info\\\/2009-2015\\\/kuvendi-themeltar-i-shoqates-se-shkrimtareve-shqiptare-ne-suedi\\\/#respond\"]}]},{\"@type\":\"WebPage\",\"@id\":\"https:\\\/\\\/fjala.info\\\/2009-2015\\\/kuvendi-themeltar-i-shoqates-se-shkrimtareve-shqiptare-ne-suedi\\\/\",\"url\":\"https:\\\/\\\/fjala.info\\\/2009-2015\\\/kuvendi-themeltar-i-shoqates-se-shkrimtareve-shqiptare-ne-suedi\\\/\",\"name\":\"Kuvendi Themeltar i Shoqat\u00ebs s\u00eb Shkrimtar\u00ebve shqiptar\u00eb n\u00eb Suedi - FjALA e LIR\u00cb - Arkivi\",\"isPartOf\":{\"@id\":\"https:\\\/\\\/fjala.info\\\/2009-2015\\\/#website\"},\"primaryImageOfPage\":{\"@id\":\"https:\\\/\\\/fjala.info\\\/2009-2015\\\/kuvendi-themeltar-i-shoqates-se-shkrimtareve-shqiptare-ne-suedi\\\/#primaryimage\"},\"image\":{\"@id\":\"https:\\\/\\\/fjala.info\\\/2009-2015\\\/kuvendi-themeltar-i-shoqates-se-shkrimtareve-shqiptare-ne-suedi\\\/#primaryimage\"},\"thumbnailUrl\":\"http:\\\/\\\/www.shkoder.net\\\/images\\\/fjala\\\/2011\\\/shshakshs_kryesia.jpg\",\"datePublished\":\"2011-11-27T08:52:33+00:00\",\"breadcrumb\":{\"@id\":\"https:\\\/\\\/fjala.info\\\/2009-2015\\\/kuvendi-themeltar-i-shoqates-se-shkrimtareve-shqiptare-ne-suedi\\\/#breadcrumb\"},\"inLanguage\":\"sq-AL\",\"potentialAction\":[{\"@type\":\"ReadAction\",\"target\":[\"https:\\\/\\\/fjala.info\\\/2009-2015\\\/kuvendi-themeltar-i-shoqates-se-shkrimtareve-shqiptare-ne-suedi\\\/\"]}]},{\"@type\":\"ImageObject\",\"inLanguage\":\"sq-AL\",\"@id\":\"https:\\\/\\\/fjala.info\\\/2009-2015\\\/kuvendi-themeltar-i-shoqates-se-shkrimtareve-shqiptare-ne-suedi\\\/#primaryimage\",\"url\":\"http:\\\/\\\/www.shkoder.net\\\/images\\\/fjala\\\/2011\\\/shshakshs_kryesia.jpg\",\"contentUrl\":\"http:\\\/\\\/www.shkoder.net\\\/images\\\/fjala\\\/2011\\\/shshakshs_kryesia.jpg\"},{\"@type\":\"BreadcrumbList\",\"@id\":\"https:\\\/\\\/fjala.info\\\/2009-2015\\\/kuvendi-themeltar-i-shoqates-se-shkrimtareve-shqiptare-ne-suedi\\\/#breadcrumb\",\"itemListElement\":[{\"@type\":\"ListItem\",\"position\":1,\"name\":\"Home\",\"item\":\"https:\\\/\\\/fjala.info\\\/2009-2015\\\/\"},{\"@type\":\"ListItem\",\"position\":2,\"name\":\"Kuvendi Themeltar i Shoqat\u00ebs s\u00eb Shkrimtar\u00ebve shqiptar\u00eb n\u00eb Suedi\"}]},{\"@type\":\"WebSite\",\"@id\":\"https:\\\/\\\/fjala.info\\\/2009-2015\\\/#website\",\"url\":\"https:\\\/\\\/fjala.info\\\/2009-2015\\\/\",\"name\":\"FjALA e LIR\u00cb - Arkivi\",\"description\":\"Arkivi 2009-2015\",\"publisher\":{\"@id\":\"https:\\\/\\\/fjala.info\\\/2009-2015\\\/#organization\"},\"potentialAction\":[{\"@type\":\"SearchAction\",\"target\":{\"@type\":\"EntryPoint\",\"urlTemplate\":\"https:\\\/\\\/fjala.info\\\/2009-2015\\\/?s={search_term_string}\"},\"query-input\":{\"@type\":\"PropertyValueSpecification\",\"valueRequired\":true,\"valueName\":\"search_term_string\"}}],\"inLanguage\":\"sq-AL\"},{\"@type\":\"Organization\",\"@id\":\"https:\\\/\\\/fjala.info\\\/2009-2015\\\/#organization\",\"name\":\"FjALA e LIR\u00cb - Arkivi\",\"url\":\"https:\\\/\\\/fjala.info\\\/2009-2015\\\/\",\"logo\":{\"@type\":\"ImageObject\",\"inLanguage\":\"sq-AL\",\"@id\":\"https:\\\/\\\/fjala.info\\\/2009-2015\\\/#\\\/schema\\\/logo\\\/image\\\/\",\"url\":\"\",\"contentUrl\":\"\",\"caption\":\"FjALA e LIR\u00cb - Arkivi\"},\"image\":{\"@id\":\"https:\\\/\\\/fjala.info\\\/2009-2015\\\/#\\\/schema\\\/logo\\\/image\\\/\"}},{\"@type\":\"Person\",\"@id\":\"https:\\\/\\\/fjala.info\\\/2009-2015\\\/#\\\/schema\\\/person\\\/3aa1163ef05469c496fc94e77611ada2\",\"name\":\"admin\",\"image\":{\"@type\":\"ImageObject\",\"inLanguage\":\"sq-AL\",\"@id\":\"https:\\\/\\\/fjala.info\\\/2009-2015\\\/wp-content\\\/uploads\\\/2012\\\/02\\\/arben_cokaj-120x150.jpg\",\"url\":\"https:\\\/\\\/fjala.info\\\/2009-2015\\\/wp-content\\\/uploads\\\/2012\\\/02\\\/arben_cokaj-120x150.jpg\",\"contentUrl\":\"https:\\\/\\\/fjala.info\\\/2009-2015\\\/wp-content\\\/uploads\\\/2012\\\/02\\\/arben_cokaj-120x150.jpg\",\"caption\":\"admin\"},\"description\":\"Admin, Fjala e Lir\u00eb\",\"sameAs\":[\"https:\\\/\\\/fjala.info\\\/\"],\"url\":\"https:\\\/\\\/fjala.info\\\/2009-2015\\\/author\\\/admin\\\/\"}]}<\/script>\n<!-- \/ Yoast SEO plugin. -->","yoast_head_json":{"title":"Kuvendi Themeltar i Shoqat\u00ebs s\u00eb Shkrimtar\u00ebve shqiptar\u00eb n\u00eb Suedi - FjALA e LIR\u00cb - Arkivi","robots":{"index":"index","follow":"follow","max-snippet":"max-snippet:-1","max-image-preview":"max-image-preview:large","max-video-preview":"max-video-preview:-1"},"canonical":"https:\/\/fjala.info\/2009-2015\/kuvendi-themeltar-i-shoqates-se-shkrimtareve-shqiptare-ne-suedi\/","og_locale":"sq_AL","og_type":"article","og_title":"Kuvendi Themeltar i Shoqat\u00ebs s\u00eb Shkrimtar\u00ebve shqiptar\u00eb n\u00eb Suedi - FjALA e LIR\u00cb - Arkivi","og_description":"Kuvendi i par\u00eb Themeltar i Shoqat\u00ebs s\u00eb Shkrimtar\u00ebve, Artist\u00ebve dhe Krijues\u00ebve Shqiptar\u00eb n\u00eb Suedi, kryetar zgjodhi z. Hysen Ibrahimi. Nr. 2011\/006 Protokolli N\u00eb sall\u00ebn e lokalit t\u00eb shkoll\u00ebs \u201dF\u00f6rsl\u00f6v Skolan\u201d n\u00eb F\u00f6rsl\u00f6v t\u00eb Suedis\u00eb, n\u00eb pranin\u00eb e 61 delegat\u00ebve, u mbajt\u00eb t\u00eb shtun\u00ebn m\u00eb 26 n\u00ebntor 2011 Kuvendi i par\u00eb Themeltar i Shoqat\u00ebs s\u00eb Shkrimtar\u00ebve, [&hellip;]","og_url":"https:\/\/fjala.info\/2009-2015\/kuvendi-themeltar-i-shoqates-se-shkrimtareve-shqiptare-ne-suedi\/","og_site_name":"FjALA e LIR\u00cb - Arkivi","article_published_time":"2011-11-27T08:52:33+00:00","og_image":[{"url":"http:\/\/www.shkoder.net\/images\/fjala\/2011\/shshakshs_kryesia.jpg","type":"","width":"","height":""}],"author":"admin","twitter_card":"summary_large_image","twitter_misc":{"Written by":"admin","Est. reading time":"4 minutes"},"schema":{"@context":"https:\/\/schema.org","@graph":[{"@type":"Article","@id":"https:\/\/fjala.info\/2009-2015\/kuvendi-themeltar-i-shoqates-se-shkrimtareve-shqiptare-ne-suedi\/#article","isPartOf":{"@id":"https:\/\/fjala.info\/2009-2015\/kuvendi-themeltar-i-shoqates-se-shkrimtareve-shqiptare-ne-suedi\/"},"author":{"name":"admin","@id":"https:\/\/fjala.info\/2009-2015\/#\/schema\/person\/3aa1163ef05469c496fc94e77611ada2"},"headline":"Kuvendi Themeltar i Shoqat\u00ebs s\u00eb Shkrimtar\u00ebve shqiptar\u00eb n\u00eb Suedi","datePublished":"2011-11-27T08:52:33+00:00","mainEntityOfPage":{"@id":"https:\/\/fjala.info\/2009-2015\/kuvendi-themeltar-i-shoqates-se-shkrimtareve-shqiptare-ne-suedi\/"},"wordCount":715,"commentCount":0,"publisher":{"@id":"https:\/\/fjala.info\/2009-2015\/#organization"},"image":{"@id":"https:\/\/fjala.info\/2009-2015\/kuvendi-themeltar-i-shoqates-se-shkrimtareve-shqiptare-ne-suedi\/#primaryimage"},"thumbnailUrl":"http:\/\/www.shkoder.net\/images\/fjala\/2011\/shshakshs_kryesia.jpg","articleSection":["Artikuj"],"inLanguage":"sq-AL","potentialAction":[{"@type":"CommentAction","name":"Comment","target":["https:\/\/fjala.info\/2009-2015\/kuvendi-themeltar-i-shoqates-se-shkrimtareve-shqiptare-ne-suedi\/#respond"]}]},{"@type":"WebPage","@id":"https:\/\/fjala.info\/2009-2015\/kuvendi-themeltar-i-shoqates-se-shkrimtareve-shqiptare-ne-suedi\/","url":"https:\/\/fjala.info\/2009-2015\/kuvendi-themeltar-i-shoqates-se-shkrimtareve-shqiptare-ne-suedi\/","name":"Kuvendi Themeltar i Shoqat\u00ebs s\u00eb Shkrimtar\u00ebve shqiptar\u00eb n\u00eb Suedi - FjALA e LIR\u00cb - Arkivi","isPartOf":{"@id":"https:\/\/fjala.info\/2009-2015\/#website"},"primaryImageOfPage":{"@id":"https:\/\/fjala.info\/2009-2015\/kuvendi-themeltar-i-shoqates-se-shkrimtareve-shqiptare-ne-suedi\/#primaryimage"},"image":{"@id":"https:\/\/fjala.info\/2009-2015\/kuvendi-themeltar-i-shoqates-se-shkrimtareve-shqiptare-ne-suedi\/#primaryimage"},"thumbnailUrl":"http:\/\/www.shkoder.net\/images\/fjala\/2011\/shshakshs_kryesia.jpg","datePublished":"2011-11-27T08:52:33+00:00","breadcrumb":{"@id":"https:\/\/fjala.info\/2009-2015\/kuvendi-themeltar-i-shoqates-se-shkrimtareve-shqiptare-ne-suedi\/#breadcrumb"},"inLanguage":"sq-AL","potentialAction":[{"@type":"ReadAction","target":["https:\/\/fjala.info\/2009-2015\/kuvendi-themeltar-i-shoqates-se-shkrimtareve-shqiptare-ne-suedi\/"]}]},{"@type":"ImageObject","inLanguage":"sq-AL","@id":"https:\/\/fjala.info\/2009-2015\/kuvendi-themeltar-i-shoqates-se-shkrimtareve-shqiptare-ne-suedi\/#primaryimage","url":"http:\/\/www.shkoder.net\/images\/fjala\/2011\/shshakshs_kryesia.jpg","contentUrl":"http:\/\/www.shkoder.net\/images\/fjala\/2011\/shshakshs_kryesia.jpg"},{"@type":"BreadcrumbList","@id":"https:\/\/fjala.info\/2009-2015\/kuvendi-themeltar-i-shoqates-se-shkrimtareve-shqiptare-ne-suedi\/#breadcrumb","itemListElement":[{"@type":"ListItem","position":1,"name":"Home","item":"https:\/\/fjala.info\/2009-2015\/"},{"@type":"ListItem","position":2,"name":"Kuvendi Themeltar i Shoqat\u00ebs s\u00eb Shkrimtar\u00ebve shqiptar\u00eb n\u00eb Suedi"}]},{"@type":"WebSite","@id":"https:\/\/fjala.info\/2009-2015\/#website","url":"https:\/\/fjala.info\/2009-2015\/","name":"FjALA e LIR\u00cb - Arkivi","description":"Arkivi 2009-2015","publisher":{"@id":"https:\/\/fjala.info\/2009-2015\/#organization"},"potentialAction":[{"@type":"SearchAction","target":{"@type":"EntryPoint","urlTemplate":"https:\/\/fjala.info\/2009-2015\/?s={search_term_string}"},"query-input":{"@type":"PropertyValueSpecification","valueRequired":true,"valueName":"search_term_string"}}],"inLanguage":"sq-AL"},{"@type":"Organization","@id":"https:\/\/fjala.info\/2009-2015\/#organization","name":"FjALA e LIR\u00cb - Arkivi","url":"https:\/\/fjala.info\/2009-2015\/","logo":{"@type":"ImageObject","inLanguage":"sq-AL","@id":"https:\/\/fjala.info\/2009-2015\/#\/schema\/logo\/image\/","url":"","contentUrl":"","caption":"FjALA e LIR\u00cb - Arkivi"},"image":{"@id":"https:\/\/fjala.info\/2009-2015\/#\/schema\/logo\/image\/"}},{"@type":"Person","@id":"https:\/\/fjala.info\/2009-2015\/#\/schema\/person\/3aa1163ef05469c496fc94e77611ada2","name":"admin","image":{"@type":"ImageObject","inLanguage":"sq-AL","@id":"https:\/\/fjala.info\/2009-2015\/wp-content\/uploads\/2012\/02\/arben_cokaj-120x150.jpg","url":"https:\/\/fjala.info\/2009-2015\/wp-content\/uploads\/2012\/02\/arben_cokaj-120x150.jpg","contentUrl":"https:\/\/fjala.info\/2009-2015\/wp-content\/uploads\/2012\/02\/arben_cokaj-120x150.jpg","caption":"admin"},"description":"Admin, Fjala e Lir\u00eb","sameAs":["https:\/\/fjala.info\/"],"url":"https:\/\/fjala.info\/2009-2015\/author\/admin\/"}]}},"_links":{"self":[{"href":"https:\/\/fjala.info\/2009-2015\/wp-json\/wp\/v2\/posts\/11491","targetHints":{"allow":["GET"]}}],"collection":[{"href":"https:\/\/fjala.info\/2009-2015\/wp-json\/wp\/v2\/posts"}],"about":[{"href":"https:\/\/fjala.info\/2009-2015\/wp-json\/wp\/v2\/types\/post"}],"author":[{"embeddable":true,"href":"https:\/\/fjala.info\/2009-2015\/wp-json\/wp\/v2\/users\/1"}],"replies":[{"embeddable":true,"href":"https:\/\/fjala.info\/2009-2015\/wp-json\/wp\/v2\/comments?post=11491"}],"version-history":[{"count":0,"href":"https:\/\/fjala.info\/2009-2015\/wp-json\/wp\/v2\/posts\/11491\/revisions"}],"wp:attachment":[{"href":"https:\/\/fjala.info\/2009-2015\/wp-json\/wp\/v2\/media?parent=11491"}],"wp:term":[{"taxonomy":"category","embeddable":true,"href":"https:\/\/fjala.info\/2009-2015\/wp-json\/wp\/v2\/categories?post=11491"},{"taxonomy":"post_tag","embeddable":true,"href":"https:\/\/fjala.info\/2009-2015\/wp-json\/wp\/v2\/tags?post=11491"}],"curies":[{"name":"wp","href":"https:\/\/api.w.org\/{rel}","templated":true}]}}