{"id":11478,"date":"2011-11-20T06:07:05","date_gmt":"2011-11-20T05:07:05","guid":{"rendered":"http:\/\/fjala.shkoder.net\/?p=288"},"modified":"2011-11-20T06:07:05","modified_gmt":"2011-11-20T05:07:05","slug":"faleminderit-kosove-2","status":"publish","type":"post","link":"https:\/\/fjala.info\/2009-2015\/faleminderit-kosove-2\/","title":{"rendered":"FALEMINDERIT KOSOV\u00cb !"},"content":{"rendered":"<p><img decoding=\"async\" class=\"alignright size-thumbnail wp-image-7236\" title=\"Eugjen Merlika\" src=\"http:\/\/www.shkoder.net\/images\/fjala\/2011\/eugjen_merlika.jpg\" alt=\"\" width=\"150\" \/> <strong>Eugjen Merlika<\/strong><\/p>\n<p>\u201c<em>Po t\u00eb na shtr\u00ebngonte fati me zgjedh\u00eb nj\u00e2n\u00ebn dysh: a m\u00e2 mir\u00eb me humbun Kosov\u00ebn apo lir\u00ecn, p\u00eblqejm\u00eb m\u00e2 par\u00eb t\u00eb humbasim lir\u00ecn, mbasi k\u00ebt\u00ea, t\u00eb bashkuem me Kosov\u00ebn, jemi t\u00eb sigurt\u00eb se dikur mund t\u2019a fitojm\u00eb prap.\u201d<\/em><\/p>\n<p style=\"text-align: center;\"><em><strong>Mustafa Merlika Kruja<\/strong><\/em><\/p>\n<p>Ka dit\u00eb n\u00eb jet\u00ebn e njeriut q\u00eb mbeten t\u00eb ngulitura thell\u00eb n\u00eb kjtes\u00eb, me t\u00eb gjitha imt\u00ebsit\u00eb e tyre, duke filluar nga ngjyra e qiellit e duke p\u00ebrfunduar tek ve\u00e7orit\u00eb e rrug\u00ebve mbi t\u00eb cilat ecet e fizionomit\u00eb e njer\u00ebzve me t\u00eb cil\u00ebt bisedohet. Nj\u00eb udh\u00ebtim i thjesht\u00eb, n\u00eb saj\u00eb t\u00eb nj\u00eb episodi, t\u00eb nj\u00eb gjesti, t\u00eb nj\u00eb fjale, t\u00eb nj\u00eb buz\u00ebqeshjeje, t\u00eb nj\u00eb takimi, merr form\u00ebn e nj\u00eb ngjarjeje t\u00eb r\u00ebnd\u00ebsishme, nj\u00eb nga ato q\u00eb i kalojn\u00eb caqet e b\u00ebmave t\u00eb p\u00ebrdit\u00ebshme, q\u00eb mbeten t\u00eb ve\u00e7anta, t\u00eb shquara, t\u00eb pap\u00ebrs\u00ebrit\u00ebshme&#8230;<\/p>\n<p>Nj\u00eb dit\u00eb e till\u00eb, p\u00ebr disa pjes\u00ebmarr\u00ebs t\u00eb familjes Merlika, nd\u00ebrmjet t\u00eb cil\u00ebve biri i dyt\u00eb i Mustafait, Fatosi 91-vje\u00e7ar, qe 10 shtatori 2011. Ishte vizita e par\u00eb e k\u00ebsaj familjeje n\u00eb Prishtin\u00eb, kryeq\u00ebndra e Kosov\u00ebs s\u00eb pavarur, nj\u00eb vizit\u00eb n\u00eb k\u00ebrkim t\u00eb nj\u00eb rruge, t\u00eb nj\u00eb pllake me nj\u00eb em\u00ebr t\u00eb dashur, t\u00eb vendosur diku, n\u00eb fillimin e saj. Ai em\u00ebr ishte Mustafa Kruja, emri i atit, i gjyshit, i vjehrrit, i xhaxhait t\u00eb secilit nga pjes\u00ebmarr\u00ebsit e k\u00ebtij grupi t\u00eb vog\u00ebl grash e burrash, q\u00eb udh\u00ebtonin at\u00eb dit\u00eb nga Tirana n\u00eb Prishtin\u00eb.<\/p>\n<p>Nuk qe shum\u00eb e leht\u00eb gjetja e asaj pllake me at\u00eb em\u00ebr, mbasi n\u00eb krye t\u00eb rrug\u00ebs, q\u00eb \u00ebsht\u00eb karshi nd\u00ebrtes\u00ebs s\u00eb Kuvendit t\u00eb Prishtin\u00ebs, ishte hapur nj\u00eb kantjer pune e pllaka ishte \u00e7vendosur rreth 200 metra m\u00eb sip\u00ebr. Por njer\u00ebzit ishin t\u00eb gatsh\u00ebm p\u00ebr t\u00eb ndihmuar, p\u00ebr t\u00eb dh\u00ebn\u00eb shpjegime, drejtime, aq m\u00eb shum\u00eb kur merrnin vesh p\u00ebrkat\u00ebsin\u00eb e personave e lidhjet familjare me \u201c ish Kryeministrin e Shqip\u00ebris\u00eb e t\u00eb Kosov\u00ebs\u201d. Ato minuta t\u00eb kaluara aty pran\u00eb asaj pllake duke b\u00ebr\u00eb fotografit\u00eb, aq shum\u00eb t\u2019\u00ebnd\u00ebrruara n\u00eb nj\u00eb jet\u00eb t\u00eb t\u00ebr\u00eb t\u00eb d\u00ebrmuar n\u00eb kampet e internimit dhe n\u00eb burgjet e diktatur\u00ebs komuniste vet\u00ebm e vet\u00ebm pse ishin familjar\u00eb t\u00eb Mustafa Kruj\u00ebs, pa marr\u00eb pjes\u00eb asnj\u00ebher\u00eb n\u00eb politik\u00ebn aktive, qen\u00eb tep\u00ebr prek\u00ebse.<\/p>\n<p>Kalimtar\u00ebt ndaleshin, pyesnin, interesoheshin, shprehnin mir\u00ebkuptim. P\u00ebr t\u00eb gjith\u00eb ishte nj\u00eb em\u00ebr i njohur q\u00eb, t\u00eb vjet\u00ebrve u kujtonte vitet e para t\u00eb \u201c\u00e7lirimit\u201d nga thundra serbe, vite iluzionesh t\u00eb Atdheut t\u00eb bashkuar, t\u00eb m\u00ebsimit n\u00eb shkollat shqipe, t\u00eb n\u00ebpun\u00ebsve shqiptar\u00eb n\u00eb zyrat e administrat\u00ebs, t\u2019ardhur n\u00eb trevat e tyre nga t\u00eb gjitha viset e Shqip\u00ebris\u00eb, p\u00ebr t\u00eb send\u00ebrtuar \u00ebndrr\u00ebn e Shqip\u00ebris\u00eb etnike, t\u00eb prek\u00ebshme, t\u00eb gjall\u00eb.<\/p>\n<p>Ai em\u00ebr u kujtonte vizit\u00ebn e tij n\u00eb qytetet e ndryshme t\u00eb Kosov\u00ebs n\u2019ato dit\u00eb t\u00eb fundit t\u00eb qershorit 1942, i shoq\u00ebruar nga Ministri kosovar i Pun\u00ebve botore, Iljaz Agushi, dhe ministri vlonjat i \u201cTokave t\u00eb lirueme\u201d Eqerem Vlora, nj\u00eb treshe personalitetesh q\u00eb p\u00ebrfaq\u00ebsonte Shqip\u00ebrin\u00eb e Ep\u00ebrme, t\u00eb Mesme e t\u00eb Jugut, n\u00eb nj\u00eb Qeveri \u201ckolaboracioniste\u201d, q\u00eb kishte guximin t\u00eb kthente mbrapsht k\u00ebrkesat e Komand\u00ebs gjermane t\u00eb Beogradit p\u00ebr dor\u00ebzimin e hebrenjve e q\u00eb kishte si synim t\u00eb par\u00eb t\u00eb saj bashkimin e t\u00eb gjitha trojeve shqiptare n\u00eb nj\u00eb shtet t\u00eb vet\u00ebm.<\/p>\n<p>N\u2019ato vizita ai u foli kosovar\u00ebve me gjuh\u00ebn e tyre, p\u00ebr betejat e hershme p\u00ebr me shpall\u00eb pavar\u00ebsin\u00eb : \u201cE kush kje at\u00ebher\u00eb pararoja e Revolucionit Shqyptar? Kush kjen\u00eb trimat qi e d\u00ebrmuen ushtrin\u00eb anmike dhe ban\u00eb me r\u00e0 n\u00eb guj e me lypun paq\u00eb? Kosovar\u00ebt. Kah Kosova ishin drejtue syt\u00eb e ton\u00eb Kombit. Prej Kosove pritej shp\u00ebtimi, lirija e tij. Fati i Shqyptar\u00eds po dahej n\u00eb Shkup&#8230;\u201d<\/p>\n<p>Ai nderoi kudo kujtimin e miqve e shok\u00ebve t\u00eb vjet\u00ebr t\u00eb luft\u00ebs p\u00ebr Shqip\u00ebrin\u00eb e pavarur, t\u00eb Hasan Prishtin\u00ebs e t\u00eb Bajram Currit, t\u00eb Isa Boletinit e Dervish Mitrovic\u00ebs, t\u00eb Niman Ferizit, Hysni Currit, Sali Gjuk\u00ebs e sa e sa bijve t\u00eb Kosov\u00ebs, t\u00eb rrjeshtuar pa asnj\u00eb kursim n\u00eb sh\u00ebrbim t\u00eb themelimit e t\u00eb zhvillimit t\u00eb Shtetit shqiptar. P\u00ebr t\u00eb ardhja n\u00eb Kosov\u00eb ishte, \u201cpik\u00eb s\u00eb pari nji detyr\u00eb haxhill\u00ebku qi e ka borxh \u00e7do shqiptar kur mundet me e krye.\u201d<\/p>\n<p>Familjar\u00ebt e tij, edhe se me vones\u00eb, mbas 70 vjet\u00ebsh po e kryenin at\u00eb detyr\u00eb, duke ardhur mes nipave t\u2019atyre kosovar\u00ebve q\u00eb, n\u2019at\u00eb koh\u00eb kishin shtruar qilimat p\u00ebr t\u00eb pritur jo vet\u00ebm Kryeministrin, por edhe mikun, v\u00ebllan\u00eb, birin, deputetin e tyre. Imazhin e tij e kishin p\u00ebrcjell\u00eb nga brezi n\u00eb brez, deri n\u00eb dit\u00ebn fatlume, kur Kosova do t\u00eb fitonte p\u00ebrgjithmon\u00eb lirin\u00eb e saj. At\u00ebher\u00eb ajo do t\u00eb shihte vetveten n\u00eb pasqyr\u00eb, do t\u00eb b\u00ebnte bilancin e historis\u00eb s\u00eb saj, do t\u00eb ndryshonte simbolet q\u00eb kishin pushtuar, prej gati nj\u00eb shekulli, q\u00ebnien e saj.<\/p>\n<p>Ajo do t\u00eb kthehej n\u00eb rivler\u00ebsimin e figurave historike q\u00eb ruante me dashuri e urt\u00ebsi n\u00eb kujtes\u00ebn e saj, edhe se koha mizore, vrastare e vlerave t\u00eb v\u00ebrteta, ishte munduar t\u2019i fshinte. N\u00eb list\u00ebn e emrave q\u00eb e nderonin kujtes\u00ebn e saj historike ishte dhe ai i Mustafa Kruj\u00ebs, njeriut q\u00eb \u201ddeshi m\u00e2 fort Shqipnin\u00eb se popullaritetin e vet\u201d, q\u00eb luftoi nga bangat e Mylqijes n\u00eb Stamboll e deri n\u00eb frym\u00ebn e fundit n\u00eb Niagara Falls t\u00eb SHBA, me t\u00eb gjitha fuqit\u00eb e tij p\u00ebr idealin e Kombit t\u00eb bashkuar.<\/p>\n<p>N\u00ebse historishkruesit e diktatur\u00ebs n\u00eb Shqip\u00ebri vazhdojn\u00eb t\u2019a quajn\u00eb \u201ct\u00eb pambrojt\u00ebshme\u201d figur\u00ebn e tij, k\u00ebto em\u00ebrtime t\u00eb rrug\u00ebve t\u00eb Prishtin\u00ebs, Pej\u00ebs e Gjakov\u00ebs me emrin e tij, jan\u00eb p\u00ebrgjigja m\u00eb e mir\u00eb q\u00eb ideali i kombit t\u00eb bashkuar mund t\u2019i jap\u00eb p\u00ebrdhos\u00ebsve t\u00eb historis\u00eb s\u00eb tij.<\/p>\n<p>Gjith\u00eb k\u00ebta mendime shtjelloheshin n\u00eb trurin e vizitor\u00ebve t\u00eb pazakonsh\u00ebm t\u2019asaj rruge t\u00eb thjesht\u00eb t\u00eb Prishtin\u00ebs n\u2019at\u00eb dit\u00eb t\u00eb nxeht\u00eb shtatori, q\u00eb i sh\u00ebmb\u00ebllente ver\u00ebs s\u00eb tejzgjatur. Nga thell\u00ebsit\u00eb e zemrave t\u00eb tyre buroi nj\u00eb fal\u00ebnderim i sinqert\u00eb e i fuqish\u00ebm, nj\u00eb z\u00eb i br\u00ebndsh\u00ebm q\u00eb g\u00eblonte nga vet\u00ebdija e familjes dhe fisit q\u00eb mbante mbiemrin Merlika, nga shpirt\u00ebrat e t\u00eb vdekurve e nga ndjenjat mir\u00ebnjoh\u00ebse t\u00eb t\u00eb gjall\u00ebve, q\u00eb nga biri 19-vje\u00e7ar Besimi, i vdekur n\u00eb duart e babait n\u00eb t\u00eb larg\u00ebtin n\u00ebntor 1944 n\u00eb Vjen\u00eb, deri tek motra Xhire-Anxhela q\u00eb shoq\u00ebroi frym\u00ebn e fundit t\u00eb v\u00ebllait t\u00eb saj t\u00eb madh n\u00eb Niagara Falls, n\u00eb po ashtu t\u00eb larg\u00ebtin dhjetor 1958.<\/p>\n<p>T\u00eb gjith\u00eb me j\u00eb z\u00eb shprehemi : FALEMINDERIT KOSOV\u00cb ! p\u00ebr ato pllaka me emrin e Mustafa Kruj\u00ebs n\u00eb rrug\u00ebt e qyteteve t\u00eb tua. Ato jan\u00eb d\u00ebshmi e respektit dhe vler\u00ebsimi m\u00eb i lart\u00eb q\u00eb kujtesa e kombit i ka b\u00ebr\u00eb vepr\u00ebs s\u00eb tij, faleminderit. S\u00eb bashku me k\u00ebt\u00eb fal\u00ebnderim rrjedh edhe urimi yn\u00eb po aq i sinqert\u00eb p\u00ebr t\u2019ardhmen e Kosov\u00ebs, p\u00ebr zhvillimin e begatin\u00eb e saj, n\u00eb p\u00ebrputhje me \u00ebndrrat m\u00eb t\u00eb bukura t\u00eb bijve t\u00eb saj trima e bujar\u00eb.<\/p>\n<p><em>Shtator 2011<\/em><\/p>\n","protected":false},"excerpt":{"rendered":"<p>Eugjen Merlika \u201cPo t\u00eb na shtr\u00ebngonte fati me zgjedh\u00eb nj\u00e2n\u00ebn dysh: a m\u00e2 mir\u00eb me humbun Kosov\u00ebn apo lir\u00ecn, p\u00eblqejm\u00eb m\u00e2 par\u00eb t\u00eb humbasim lir\u00ecn, mbasi k\u00ebt\u00ea, t\u00eb bashkuem me Kosov\u00ebn, jemi t\u00eb sigurt\u00eb se dikur mund t\u2019a fitojm\u00eb prap.\u201d Mustafa Merlika Kruja Ka dit\u00eb n\u00eb jet\u00ebn e njeriut q\u00eb mbeten t\u00eb ngulitura thell\u00eb n\u00eb [&hellip;]<\/p>\n","protected":false},"author":1,"featured_media":0,"comment_status":"open","ping_status":"closed","sticky":false,"template":"","format":"standard","meta":{"footnotes":""},"categories":[2],"tags":[],"class_list":{"0":"post-11478","1":"post","2":"type-post","3":"status-publish","4":"format-standard","6":"category-artikuj"},"yoast_head":"<!-- This site is optimized with the Yoast SEO plugin v27.4 - https:\/\/yoast.com\/product\/yoast-seo-wordpress\/ -->\n<title>FALEMINDERIT KOSOV\u00cb ! - FjALA e LIR\u00cb - Arkivi<\/title>\n<meta name=\"robots\" content=\"index, follow, max-snippet:-1, max-image-preview:large, max-video-preview:-1\" \/>\n<link rel=\"canonical\" href=\"https:\/\/fjala.info\/2009-2015\/faleminderit-kosove-2\/\" \/>\n<meta property=\"og:locale\" content=\"sq_AL\" \/>\n<meta property=\"og:type\" content=\"article\" \/>\n<meta property=\"og:title\" content=\"FALEMINDERIT KOSOV\u00cb ! - FjALA e LIR\u00cb - Arkivi\" \/>\n<meta property=\"og:description\" content=\"Eugjen Merlika \u201cPo t\u00eb na shtr\u00ebngonte fati me zgjedh\u00eb nj\u00e2n\u00ebn dysh: a m\u00e2 mir\u00eb me humbun Kosov\u00ebn apo lir\u00ecn, p\u00eblqejm\u00eb m\u00e2 par\u00eb t\u00eb humbasim lir\u00ecn, mbasi k\u00ebt\u00ea, t\u00eb bashkuem me Kosov\u00ebn, jemi t\u00eb sigurt\u00eb se dikur mund t\u2019a fitojm\u00eb prap.\u201d Mustafa Merlika Kruja Ka dit\u00eb n\u00eb jet\u00ebn e njeriut q\u00eb mbeten t\u00eb ngulitura thell\u00eb n\u00eb [&hellip;]\" \/>\n<meta property=\"og:url\" content=\"https:\/\/fjala.info\/2009-2015\/faleminderit-kosove-2\/\" \/>\n<meta property=\"og:site_name\" content=\"FjALA e LIR\u00cb - Arkivi\" \/>\n<meta property=\"article:published_time\" content=\"2011-11-20T05:07:05+00:00\" \/>\n<meta property=\"og:image\" content=\"http:\/\/www.shkoder.net\/images\/fjala\/2011\/eugjen_merlika.jpg\" \/>\n<meta name=\"author\" content=\"admin\" \/>\n<meta name=\"twitter:card\" content=\"summary_large_image\" \/>\n<meta name=\"twitter:label1\" content=\"Written by\" \/>\n\t<meta name=\"twitter:data1\" content=\"admin\" \/>\n\t<meta name=\"twitter:label2\" content=\"Est. reading time\" \/>\n\t<meta name=\"twitter:data2\" content=\"6 minutes\" \/>\n<script type=\"application\/ld+json\" class=\"yoast-schema-graph\">{\"@context\":\"https:\\\/\\\/schema.org\",\"@graph\":[{\"@type\":\"Article\",\"@id\":\"https:\\\/\\\/fjala.info\\\/2009-2015\\\/faleminderit-kosove-2\\\/#article\",\"isPartOf\":{\"@id\":\"https:\\\/\\\/fjala.info\\\/2009-2015\\\/faleminderit-kosove-2\\\/\"},\"author\":{\"name\":\"admin\",\"@id\":\"https:\\\/\\\/fjala.info\\\/2009-2015\\\/#\\\/schema\\\/person\\\/3aa1163ef05469c496fc94e77611ada2\"},\"headline\":\"FALEMINDERIT KOSOV\u00cb !\",\"datePublished\":\"2011-11-20T05:07:05+00:00\",\"mainEntityOfPage\":{\"@id\":\"https:\\\/\\\/fjala.info\\\/2009-2015\\\/faleminderit-kosove-2\\\/\"},\"wordCount\":1284,\"commentCount\":0,\"publisher\":{\"@id\":\"https:\\\/\\\/fjala.info\\\/2009-2015\\\/#organization\"},\"image\":{\"@id\":\"https:\\\/\\\/fjala.info\\\/2009-2015\\\/faleminderit-kosove-2\\\/#primaryimage\"},\"thumbnailUrl\":\"http:\\\/\\\/www.shkoder.net\\\/images\\\/fjala\\\/2011\\\/eugjen_merlika.jpg\",\"articleSection\":[\"Artikuj\"],\"inLanguage\":\"sq-AL\",\"potentialAction\":[{\"@type\":\"CommentAction\",\"name\":\"Comment\",\"target\":[\"https:\\\/\\\/fjala.info\\\/2009-2015\\\/faleminderit-kosove-2\\\/#respond\"]}]},{\"@type\":\"WebPage\",\"@id\":\"https:\\\/\\\/fjala.info\\\/2009-2015\\\/faleminderit-kosove-2\\\/\",\"url\":\"https:\\\/\\\/fjala.info\\\/2009-2015\\\/faleminderit-kosove-2\\\/\",\"name\":\"FALEMINDERIT KOSOV\u00cb ! - FjALA e LIR\u00cb - Arkivi\",\"isPartOf\":{\"@id\":\"https:\\\/\\\/fjala.info\\\/2009-2015\\\/#website\"},\"primaryImageOfPage\":{\"@id\":\"https:\\\/\\\/fjala.info\\\/2009-2015\\\/faleminderit-kosove-2\\\/#primaryimage\"},\"image\":{\"@id\":\"https:\\\/\\\/fjala.info\\\/2009-2015\\\/faleminderit-kosove-2\\\/#primaryimage\"},\"thumbnailUrl\":\"http:\\\/\\\/www.shkoder.net\\\/images\\\/fjala\\\/2011\\\/eugjen_merlika.jpg\",\"datePublished\":\"2011-11-20T05:07:05+00:00\",\"breadcrumb\":{\"@id\":\"https:\\\/\\\/fjala.info\\\/2009-2015\\\/faleminderit-kosove-2\\\/#breadcrumb\"},\"inLanguage\":\"sq-AL\",\"potentialAction\":[{\"@type\":\"ReadAction\",\"target\":[\"https:\\\/\\\/fjala.info\\\/2009-2015\\\/faleminderit-kosove-2\\\/\"]}]},{\"@type\":\"ImageObject\",\"inLanguage\":\"sq-AL\",\"@id\":\"https:\\\/\\\/fjala.info\\\/2009-2015\\\/faleminderit-kosove-2\\\/#primaryimage\",\"url\":\"http:\\\/\\\/www.shkoder.net\\\/images\\\/fjala\\\/2011\\\/eugjen_merlika.jpg\",\"contentUrl\":\"http:\\\/\\\/www.shkoder.net\\\/images\\\/fjala\\\/2011\\\/eugjen_merlika.jpg\"},{\"@type\":\"BreadcrumbList\",\"@id\":\"https:\\\/\\\/fjala.info\\\/2009-2015\\\/faleminderit-kosove-2\\\/#breadcrumb\",\"itemListElement\":[{\"@type\":\"ListItem\",\"position\":1,\"name\":\"Home\",\"item\":\"https:\\\/\\\/fjala.info\\\/2009-2015\\\/\"},{\"@type\":\"ListItem\",\"position\":2,\"name\":\"FALEMINDERIT KOSOV\u00cb !\"}]},{\"@type\":\"WebSite\",\"@id\":\"https:\\\/\\\/fjala.info\\\/2009-2015\\\/#website\",\"url\":\"https:\\\/\\\/fjala.info\\\/2009-2015\\\/\",\"name\":\"FjALA e LIR\u00cb - Arkivi\",\"description\":\"Arkivi 2009-2015\",\"publisher\":{\"@id\":\"https:\\\/\\\/fjala.info\\\/2009-2015\\\/#organization\"},\"potentialAction\":[{\"@type\":\"SearchAction\",\"target\":{\"@type\":\"EntryPoint\",\"urlTemplate\":\"https:\\\/\\\/fjala.info\\\/2009-2015\\\/?s={search_term_string}\"},\"query-input\":{\"@type\":\"PropertyValueSpecification\",\"valueRequired\":true,\"valueName\":\"search_term_string\"}}],\"inLanguage\":\"sq-AL\"},{\"@type\":\"Organization\",\"@id\":\"https:\\\/\\\/fjala.info\\\/2009-2015\\\/#organization\",\"name\":\"FjALA e LIR\u00cb - Arkivi\",\"url\":\"https:\\\/\\\/fjala.info\\\/2009-2015\\\/\",\"logo\":{\"@type\":\"ImageObject\",\"inLanguage\":\"sq-AL\",\"@id\":\"https:\\\/\\\/fjala.info\\\/2009-2015\\\/#\\\/schema\\\/logo\\\/image\\\/\",\"url\":\"\",\"contentUrl\":\"\",\"caption\":\"FjALA e LIR\u00cb - Arkivi\"},\"image\":{\"@id\":\"https:\\\/\\\/fjala.info\\\/2009-2015\\\/#\\\/schema\\\/logo\\\/image\\\/\"}},{\"@type\":\"Person\",\"@id\":\"https:\\\/\\\/fjala.info\\\/2009-2015\\\/#\\\/schema\\\/person\\\/3aa1163ef05469c496fc94e77611ada2\",\"name\":\"admin\",\"image\":{\"@type\":\"ImageObject\",\"inLanguage\":\"sq-AL\",\"@id\":\"https:\\\/\\\/fjala.info\\\/2009-2015\\\/wp-content\\\/uploads\\\/2012\\\/02\\\/arben_cokaj-120x150.jpg\",\"url\":\"https:\\\/\\\/fjala.info\\\/2009-2015\\\/wp-content\\\/uploads\\\/2012\\\/02\\\/arben_cokaj-120x150.jpg\",\"contentUrl\":\"https:\\\/\\\/fjala.info\\\/2009-2015\\\/wp-content\\\/uploads\\\/2012\\\/02\\\/arben_cokaj-120x150.jpg\",\"caption\":\"admin\"},\"description\":\"Admin, Fjala e Lir\u00eb\",\"sameAs\":[\"https:\\\/\\\/fjala.info\\\/\"],\"url\":\"https:\\\/\\\/fjala.info\\\/2009-2015\\\/author\\\/admin\\\/\"}]}<\/script>\n<!-- \/ Yoast SEO plugin. -->","yoast_head_json":{"title":"FALEMINDERIT KOSOV\u00cb ! - FjALA e LIR\u00cb - Arkivi","robots":{"index":"index","follow":"follow","max-snippet":"max-snippet:-1","max-image-preview":"max-image-preview:large","max-video-preview":"max-video-preview:-1"},"canonical":"https:\/\/fjala.info\/2009-2015\/faleminderit-kosove-2\/","og_locale":"sq_AL","og_type":"article","og_title":"FALEMINDERIT KOSOV\u00cb ! - FjALA e LIR\u00cb - Arkivi","og_description":"Eugjen Merlika \u201cPo t\u00eb na shtr\u00ebngonte fati me zgjedh\u00eb nj\u00e2n\u00ebn dysh: a m\u00e2 mir\u00eb me humbun Kosov\u00ebn apo lir\u00ecn, p\u00eblqejm\u00eb m\u00e2 par\u00eb t\u00eb humbasim lir\u00ecn, mbasi k\u00ebt\u00ea, t\u00eb bashkuem me Kosov\u00ebn, jemi t\u00eb sigurt\u00eb se dikur mund t\u2019a fitojm\u00eb prap.\u201d Mustafa Merlika Kruja Ka dit\u00eb n\u00eb jet\u00ebn e njeriut q\u00eb mbeten t\u00eb ngulitura thell\u00eb n\u00eb [&hellip;]","og_url":"https:\/\/fjala.info\/2009-2015\/faleminderit-kosove-2\/","og_site_name":"FjALA e LIR\u00cb - Arkivi","article_published_time":"2011-11-20T05:07:05+00:00","og_image":[{"url":"http:\/\/www.shkoder.net\/images\/fjala\/2011\/eugjen_merlika.jpg","type":"","width":"","height":""}],"author":"admin","twitter_card":"summary_large_image","twitter_misc":{"Written by":"admin","Est. reading time":"6 minutes"},"schema":{"@context":"https:\/\/schema.org","@graph":[{"@type":"Article","@id":"https:\/\/fjala.info\/2009-2015\/faleminderit-kosove-2\/#article","isPartOf":{"@id":"https:\/\/fjala.info\/2009-2015\/faleminderit-kosove-2\/"},"author":{"name":"admin","@id":"https:\/\/fjala.info\/2009-2015\/#\/schema\/person\/3aa1163ef05469c496fc94e77611ada2"},"headline":"FALEMINDERIT KOSOV\u00cb !","datePublished":"2011-11-20T05:07:05+00:00","mainEntityOfPage":{"@id":"https:\/\/fjala.info\/2009-2015\/faleminderit-kosove-2\/"},"wordCount":1284,"commentCount":0,"publisher":{"@id":"https:\/\/fjala.info\/2009-2015\/#organization"},"image":{"@id":"https:\/\/fjala.info\/2009-2015\/faleminderit-kosove-2\/#primaryimage"},"thumbnailUrl":"http:\/\/www.shkoder.net\/images\/fjala\/2011\/eugjen_merlika.jpg","articleSection":["Artikuj"],"inLanguage":"sq-AL","potentialAction":[{"@type":"CommentAction","name":"Comment","target":["https:\/\/fjala.info\/2009-2015\/faleminderit-kosove-2\/#respond"]}]},{"@type":"WebPage","@id":"https:\/\/fjala.info\/2009-2015\/faleminderit-kosove-2\/","url":"https:\/\/fjala.info\/2009-2015\/faleminderit-kosove-2\/","name":"FALEMINDERIT KOSOV\u00cb ! - FjALA e LIR\u00cb - Arkivi","isPartOf":{"@id":"https:\/\/fjala.info\/2009-2015\/#website"},"primaryImageOfPage":{"@id":"https:\/\/fjala.info\/2009-2015\/faleminderit-kosove-2\/#primaryimage"},"image":{"@id":"https:\/\/fjala.info\/2009-2015\/faleminderit-kosove-2\/#primaryimage"},"thumbnailUrl":"http:\/\/www.shkoder.net\/images\/fjala\/2011\/eugjen_merlika.jpg","datePublished":"2011-11-20T05:07:05+00:00","breadcrumb":{"@id":"https:\/\/fjala.info\/2009-2015\/faleminderit-kosove-2\/#breadcrumb"},"inLanguage":"sq-AL","potentialAction":[{"@type":"ReadAction","target":["https:\/\/fjala.info\/2009-2015\/faleminderit-kosove-2\/"]}]},{"@type":"ImageObject","inLanguage":"sq-AL","@id":"https:\/\/fjala.info\/2009-2015\/faleminderit-kosove-2\/#primaryimage","url":"http:\/\/www.shkoder.net\/images\/fjala\/2011\/eugjen_merlika.jpg","contentUrl":"http:\/\/www.shkoder.net\/images\/fjala\/2011\/eugjen_merlika.jpg"},{"@type":"BreadcrumbList","@id":"https:\/\/fjala.info\/2009-2015\/faleminderit-kosove-2\/#breadcrumb","itemListElement":[{"@type":"ListItem","position":1,"name":"Home","item":"https:\/\/fjala.info\/2009-2015\/"},{"@type":"ListItem","position":2,"name":"FALEMINDERIT KOSOV\u00cb !"}]},{"@type":"WebSite","@id":"https:\/\/fjala.info\/2009-2015\/#website","url":"https:\/\/fjala.info\/2009-2015\/","name":"FjALA e LIR\u00cb - Arkivi","description":"Arkivi 2009-2015","publisher":{"@id":"https:\/\/fjala.info\/2009-2015\/#organization"},"potentialAction":[{"@type":"SearchAction","target":{"@type":"EntryPoint","urlTemplate":"https:\/\/fjala.info\/2009-2015\/?s={search_term_string}"},"query-input":{"@type":"PropertyValueSpecification","valueRequired":true,"valueName":"search_term_string"}}],"inLanguage":"sq-AL"},{"@type":"Organization","@id":"https:\/\/fjala.info\/2009-2015\/#organization","name":"FjALA e LIR\u00cb - Arkivi","url":"https:\/\/fjala.info\/2009-2015\/","logo":{"@type":"ImageObject","inLanguage":"sq-AL","@id":"https:\/\/fjala.info\/2009-2015\/#\/schema\/logo\/image\/","url":"","contentUrl":"","caption":"FjALA e LIR\u00cb - Arkivi"},"image":{"@id":"https:\/\/fjala.info\/2009-2015\/#\/schema\/logo\/image\/"}},{"@type":"Person","@id":"https:\/\/fjala.info\/2009-2015\/#\/schema\/person\/3aa1163ef05469c496fc94e77611ada2","name":"admin","image":{"@type":"ImageObject","inLanguage":"sq-AL","@id":"https:\/\/fjala.info\/2009-2015\/wp-content\/uploads\/2012\/02\/arben_cokaj-120x150.jpg","url":"https:\/\/fjala.info\/2009-2015\/wp-content\/uploads\/2012\/02\/arben_cokaj-120x150.jpg","contentUrl":"https:\/\/fjala.info\/2009-2015\/wp-content\/uploads\/2012\/02\/arben_cokaj-120x150.jpg","caption":"admin"},"description":"Admin, Fjala e Lir\u00eb","sameAs":["https:\/\/fjala.info\/"],"url":"https:\/\/fjala.info\/2009-2015\/author\/admin\/"}]}},"_links":{"self":[{"href":"https:\/\/fjala.info\/2009-2015\/wp-json\/wp\/v2\/posts\/11478","targetHints":{"allow":["GET"]}}],"collection":[{"href":"https:\/\/fjala.info\/2009-2015\/wp-json\/wp\/v2\/posts"}],"about":[{"href":"https:\/\/fjala.info\/2009-2015\/wp-json\/wp\/v2\/types\/post"}],"author":[{"embeddable":true,"href":"https:\/\/fjala.info\/2009-2015\/wp-json\/wp\/v2\/users\/1"}],"replies":[{"embeddable":true,"href":"https:\/\/fjala.info\/2009-2015\/wp-json\/wp\/v2\/comments?post=11478"}],"version-history":[{"count":0,"href":"https:\/\/fjala.info\/2009-2015\/wp-json\/wp\/v2\/posts\/11478\/revisions"}],"wp:attachment":[{"href":"https:\/\/fjala.info\/2009-2015\/wp-json\/wp\/v2\/media?parent=11478"}],"wp:term":[{"taxonomy":"category","embeddable":true,"href":"https:\/\/fjala.info\/2009-2015\/wp-json\/wp\/v2\/categories?post=11478"},{"taxonomy":"post_tag","embeddable":true,"href":"https:\/\/fjala.info\/2009-2015\/wp-json\/wp\/v2\/tags?post=11478"}],"curies":[{"name":"wp","href":"https:\/\/api.w.org\/{rel}","templated":true}]}}