{"id":11474,"date":"2011-11-21T01:16:32","date_gmt":"2011-11-21T00:16:32","guid":{"rendered":"http:\/\/fjala.shkoder.net\/?p=246"},"modified":"2011-11-21T01:16:32","modified_gmt":"2011-11-21T00:16:32","slug":"haxhi-qamili-i-sotem-do-te-ishte-grua-kryetare-parlamenti","status":"publish","type":"post","link":"https:\/\/fjala.info\/2009-2015\/haxhi-qamili-i-sotem-do-te-ishte-grua-kryetare-parlamenti\/","title":{"rendered":"Haxhi Qamili i sot\u00ebm do t\u00eb ishte grua, kryetare parlamenti"},"content":{"rendered":"<p><img decoding=\"async\" class=\"alignleft size-thumbnail wp-image-7236\" title=\"Mustafa Nano\" src=\"http:\/\/www.shkoder.net\/images\/fjala\/mustafa_nano.jpg\" alt=\"\" width=\"150\" \/> Nga <em>Intervist\u00eb me <strong>Mustafa Nanon<\/strong><\/em>, <em>20 n\u00ebntor 2011 <\/em><\/p>\n<p><strong>1-Dita e \u00c7lirimit: 28 apo 29 n\u00ebntori?<\/strong><\/p>\n<p>S\u2019kam ide. Dhe nuk \u00ebsht\u00eb se m\u00eb ha meraku shum\u00eb p\u00ebr data. Por nisja e sherrit p\u00ebr k\u00ebt\u00eb pun\u00eb pa u sqaruar e sakt\u00ebsuar m\u00eb par\u00eb prej historian\u00ebve ka qen\u00eb nj\u00eb pun\u00eb e posht\u00ebr.<\/p>\n<p><strong>2-Shenjat e cilit pushtues duken m\u00eb qart\u00eb n\u00eb fizionomin\u00eb sociale shqiptare?<\/strong><\/p>\n<p>N\u00eb fizionomin\u00eb sociale, po thoni? Po t\u00eb turqve, sigurisht. Kan\u00eb q\u00ebndruar gjat\u00eb, shum\u00eb gjat\u00eb, n\u00eb k\u00ebto an\u00eb.<\/p>\n<p><strong>3-Kur themi \u2018qytet\u2019 n\u00eb kuptimin \u2018polis\u2019, cili prej vendbanimeve shqiptare e meriton k\u00ebt\u00eb em\u00ebrtim?<\/strong><\/p>\n<p>N\u00ebse me polis kuptojm\u00eb polis, asnj\u00eb qytet.<\/p>\n<p><strong>4-WikiLeaks, mir\u00eb apo keq?<\/strong><\/p>\n<p>M\u00eb shum\u00eb mir\u00eb se sa keq.<\/p>\n<p><strong>5-Gegnishtja apo standardi?<\/strong><\/p>\n<p>K\u00ebshtu si e shtroni, e kam p\u00ebrgjigjen t\u00eb leht\u00eb fare: standardi.<\/p>\n<p><strong>6-Shqip\u00ebri etnike, apo k\u00ebshtu si jemi mjafton?<\/strong><\/p>\n<p>Me Shqip\u00ebri etnike kuptoni nj\u00eb shtet t\u00eb p\u00ebrbashk\u00ebt p\u00ebr t\u00eb gjith\u00eb shqiptar\u00ebt? Jo, faleminderit. Sikur ta kisha un\u00eb n\u00eb dor\u00eb k\u00ebt\u00eb gj\u00eb, do b\u00ebja \u00e7mos ta pengoja h\u00eb p\u00ebr h\u00eb. Do ishte nj\u00eb entitet jo eficient. Dhe m\u00eb e bukura \u00ebsht\u00eb se s\u2019ka nevoj\u00eb ta pengosh. \u00cbsht\u00eb thjesht i pamundur. H\u00eb p\u00ebr h\u00eb, thash\u00eb.<\/p>\n<p><strong>7-A ka nj\u00eb rrezik neo-otoman p\u00ebr Shqip\u00ebrin\u00eb?<\/strong><\/p>\n<p>N\u00ebse me Shqip\u00ebri kuptoni Republik\u00ebn e Shqip\u00ebris\u00eb, jo.<\/p>\n<p><strong>8-A ka patur nj\u00eb rrezik anglo-amerikan p\u00ebr Shqip\u00ebrin\u00eb?<\/strong><\/p>\n<p>Keni edhe m\u00eb mbrapa pyetje t\u00eb tilla me humor?<\/p>\n<p><strong>9-Si do i p\u00ebrshkruanit gjurm\u00ebt n\u00eb histori t\u00eb Ahmet Zogut, Enver Hoxh\u00ebs, Sali Berish\u00ebs\u2026<\/strong><\/p>\n<p>N\u00eb k\u00ebt\u00eb k\u00ebt\u00eb rast, po t\u00eb isha piktor, do gjendesha i sulmuar nga asosacjoni i nj\u00eb zhgarravine. Por edhe pa qen\u00eb piktor, \u00ebsht\u00eb e nj\u00ebjta gj\u00eb.<\/p>\n<p><strong>10-Ballist, legalist, partizan apo asnjan\u00ebs?<\/strong><\/p>\n<p>Legalist, por n\u00eb kuptimin politiko-kulturor t\u00eb termit.<\/p>\n<p><strong>11-A ishte Partia Komuniste Shqiptare vep\u00ebr e jugosllav\u00ebve?<\/strong><\/p>\n<p>Jugosllav\u00ebt ndikuan bajagi, por ishte n\u00eb logjik\u00ebn e l\u00ebvizjeve komuniste, q\u00eb kjo t\u00eb ndodhte. N\u00eb k\u00ebt\u00eb kuptim, m\u00eb b\u00ebn m\u00eb shum\u00eb p\u00ebrshtypje ndarja nga jugosllav\u00ebt n\u00eb fund, se sa subordinimi ndaj tyre n\u00eb fillim.<\/p>\n<p><strong>12-N\u00eb rrafsh simbolik, si do e shpjegonit Hamza Kastriotin?<\/strong><\/p>\n<p>Ai \u00ebsht\u00eb nj\u00eb nga personazhet historik\u00eb, q\u00eb m\u00eb b\u00ebhet nj\u00ebsh me ethosin shqiptar. Ka dhe t\u00eb tjer\u00eb, sigurisht, q\u00eb Shqip\u00ebria duket sikur i ka nxjerr\u00eb nga rropullit\u00eb.<\/p>\n<p><strong>13-Po Mbret\u00ebresh\u00ebn Geraldin\u00eb?<\/strong><\/p>\n<p>Ka shk\u00eblqyer me munges\u00ebn e vet. Nuk e di n\u00ebse do t\u00eb shk\u00eblqente me pranin\u00eb.<\/p>\n<p><strong>14-Partizani, Tirana, Dinamo, Vllaznia apo Besa?<\/strong><\/p>\n<p>Kam qen\u00eb tifoz me Partizanin. Prej Panajot Panos, t\u00eb cilin e kam par\u00eb me syt\u00eb e mij n\u00eb dy vitet e fundit. Dhe e mbaj mend si luante.<\/p>\n<p><strong>15-A \u00ebsht\u00eb frym\u00ebzuese figura e Krishtit?<\/strong><\/p>\n<p>S\u2019do mend. Tok me at\u00eb t\u00eb Muhametit. Jan\u00eb b\u00ebr\u00eb luftra pa fund ne em\u00ebr t\u00eb k\u00ebtyre figurave. Dhe vazhdojn\u00eb t\u00eb b\u00ebhen.<\/p>\n<p><strong>16-N\u00ebse do i p\u00ebrballnit si simbole fetare, historike, sociale por edhe kulturore, cili ka ndikuar m\u00eb shum\u00eb historin\u00eb e njer\u00ebzimit, Krishti apo Muhameti?<\/strong><\/p>\n<p>M\u00eb duket se Krishti, por jo p\u00ebr shkak t\u00eb dominimit t\u00eb per\u00ebndimit n\u00eb pjes\u00ebn m\u00eb t\u00eb madhe t\u00eb historis\u00eb. Krisht\u00ebrimi \u00ebsht\u00eb vet\u00ebm nj\u00eb pjes\u00eb e qytet\u00ebrimit per\u00ebndimor.<\/p>\n<p><strong>17-Bestytnit\u00eb; i njihni, i sundoni apo u sundojn\u00eb?<\/strong><\/p>\n<p>T\u00eb gjith\u00eb kemi momentet tona bestyte.<\/p>\n<p><strong>18-Si do e p\u00ebrkufizonit Haxhi Qamilin?<\/strong><\/p>\n<p>E p\u00ebrfytyroj shpesh si grua, si kryetare parlamenti.<\/p>\n<p><strong>19-A \u00ebsht\u00eb Gjergj Kastrioti mish\u00ebrimi i pragmatizmit dhe nj\u00ebkoh\u00ebsisht indiferenc\u00ebs fetare t\u00eb shqiptar\u00ebve?<\/strong><\/p>\n<p>E dini? Po v\u00eb re q\u00eb shqiptar\u00ebt e sot\u00ebm nuk jan\u00eb dhe aq indiferent\u00eb. Koh\u00ebt e fundit po vihet re nj\u00eb eksitim i fort\u00eb fetar k\u00ebtej nga an\u00ebt tona.<\/p>\n<p><strong>20-\u2018Mbahu n\u00ebno mos kij frik\u00eb, se ke djemt\u00eb n\u00eb Amerik\u00eb\u2019\u2026premtim romantik apo p\u00ebrshkruese e rolit t\u00eb Diaspor\u00ebs n\u00eb jet\u00ebn e Shqip\u00ebris\u00eb?<\/strong><\/p>\n<p>Diaspora ka luajtur nj\u00eb rol n\u00eb fillim t\u00eb shekullit t\u00eb shkuar. Por tani e shoh t\u00eb shushatur, t\u00eb \u00e7oroditur, t\u00eb \u00e7organizuar. Dhe m\u00eb mire q\u00eb \u00ebsht\u00eb k\u00ebshtu. Edhe nj\u00eb diaspor\u00eb vitale do na duhej neve!<\/p>\n<p><strong>21-Feja e shqiptarit \u00ebsht\u00eb shqiptaria! A \u00ebsht\u00eb nj\u00eb kredo e tejkaluar?<\/strong><\/p>\n<p>Jo, p\u00ebrkundrazi, mendoj se duhet ta riaktualizojm\u00eb e kontekstualizojm\u00eb k\u00ebt\u00eb kredo, por jo domosdosh\u00ebmrisht n\u00eb kurriz t\u00eb feve. Do doja q\u00eb shqiptar\u00ebt t\u00eb ndiheshin shqiptar\u00eb m\u00eb s\u00eb pari, e pastaj mysliman\u00eb apo t\u00eb krishter\u00eb.<\/p>\n<p><strong>22- P\u00ebr k\u00ebt\u00eb diell!, P\u00ebr ideal t\u00eb Partis\u00eb! P\u00ebr nder t\u00eb familjes; P\u00ebr Shqip\u00ebri apo, p\u00ebr Zotin?<\/strong><\/p>\n<p>\u201cP\u00ebr k\u00ebt\u00eb dh\u00e9 e p\u00ebr k\u00ebt\u00eb qiell\u201d, \u00ebsht\u00eb m\u00eb mir\u00eb. Megjith\u00ebse, pjesa e dyt\u00eb e be-s\u00eb, t\u00eb \u00e7on prap\u00eb atje, n\u00eb qiell.<\/p>\n<p><strong>23-Tradita dhe folklori shqiptar njohin prit\u00ebn dhe jo duelin. Pse?<\/strong><\/p>\n<p>S\u2019m\u00eb kish shkuar mendja. N\u00eb fakt, nuk m\u00eb duket gjithnj\u00eb k\u00ebshtu. Edhe dueli njihet. Gjergj Elez Alia n\u00eb duel ka dal\u00eb. Me bajlozin. Por pusia, ndoshta keni t\u00eb drejt\u00eb, duhet t\u00eb jet\u00eb m\u00eb e pranishme si mise-en-sc\u00e8ne folklorike. Pusia na shkon ne shqiptar\u00ebve m\u00eb shum\u00eb se dueli.<\/p>\n<p><strong>24-A \u00ebsht\u00eb Kanuni libri m\u00eb pak i lexuar dhe m\u00eb shum\u00eb i interpretuar nd\u00ebr shqiptar\u00eb?<\/strong><\/p>\n<p>Me siguri, po.<\/p>\n<p><strong>25-A keni menduar ndonj\u00ebher\u00eb \u2018ky vend nuk b\u00ebhet\u2019?<\/strong><\/p>\n<p>Jo, shprehja \u201cky vend nuk b\u00ebhet\u201d nuk m\u00eb p\u00eblqen. Por mendoj gjithnj\u00eb ashtu si Berlusconi mendon ndonj\u00ebher\u00eb p\u00ebr vendin e vet, dmth q\u00eb \u201cky \u00ebsht\u00eb vend muti\u201d, gj\u00eb q\u00eb n\u00eb thelb mund t\u00eb jet\u00eb e nj\u00ebjta gj\u00eb.<\/p>\n<p><strong>26-Kur d\u00ebgjoni \u2018o sa mir\u00eb me qen\u00eb shqiptar!\u2019 sikletoseni apo rr\u00ebqetheni?<\/strong><\/p>\n<p>Jooooo, emocione t\u00eb tilla t\u00eb skajshme provoj n\u00eb situata t\u00eb tjera. Slogane t\u00eb tilla m\u00eb l\u00ebn\u00eb indiferent\u00eb. Fare indiferent\u00eb. Mund t\u2019m\u00eb ngacmonin, ndoshta, n\u00eb nj\u00eb situat\u00eb t\u00eb ndezur luftarake.<\/p>\n<p><strong>27-Poet Komb\u00ebtar: Fishta apo Naimi? Pse?<\/strong><\/p>\n<p>S\u2019e di \u00e7\u2019dmth poet komb\u00ebtar.<\/p>\n<p><strong>28-\u00c7\u2019do t\u00eb thot\u00eb p\u00ebr ju \u2018e djatht\u00eb\u2019 dhe, a ekziston e djathta shqiptare?<\/strong><\/p>\n<p>Nuk ka n\u00eb Shqip\u00ebria as parti t\u00eb djatht\u00eb, as parti t\u00eb majt\u00eb. Ka tek-tuk njer\u00ebz t\u00eb majt\u00eb e t\u00eb djatht\u00eb.<\/p>\n<p><strong>29-A shihni vazhdim\u00ebsi t\u00eb PPSH-s\u00eb n\u00eb PSSH?<\/strong><\/p>\n<p>Jo. Nj\u00eb optik\u00eb t\u00eb till\u00eb t\u00eb thjesht\u00ebzuar ka rrezik t\u00eb mos e kam pasur as n\u00eb vitin 1991.<\/p>\n<p><strong>30- 1913, 1939, 1944, 1997\u2026cilin do konsideronit \u2018Vit t\u00eb mbrapsht\u00eb\u2019?<\/strong><\/p>\n<p>P\u00ebr mua \u00e7do vit q\u00eb ka shkuar \u00ebsht\u00eb i mbrapsht\u00eb. P\u00ebrfundim trishtues? Po, e di, por ja q\u00eb k\u00ebshtu e mendoj. Shpresoj q\u00eb vitet q\u00eb do vin\u00eb t\u00eb jen\u00eb t\u00eb ndrysh\u00ebm.<\/p>\n<p><strong>31- Ka nj\u00eb alarm rreth ekzistenc\u00ebs s\u00eb shtypit t\u00eb shkruar. A do dhe si mund t\u00eb mbijetoj\u00eb?<\/strong><\/p>\n<p>Do mbijetoj\u00eb, por mund\u00ebsit\u00eb p\u00ebr t\u00eb b\u00ebr\u00eb biznes me t\u00eb do t\u00eb jen\u00eb m\u00eb t\u00eb vogla.<\/p>\n<p><strong>32-Cila \u00ebsht\u00eb pyetja q\u00eb gjithmon\u00eb keni dashur t\u00eb b\u00ebni dhe kujt?<\/strong><\/p>\n<p>S\u2019kam ndonj\u00eb pyetje t\u00eb till\u00eb. Ose kam vazhdimisht.<\/p>\n<p><strong>33-Cila \u00ebsht\u00eb pyetja q\u00eb gjithmon\u00eb keni dashur t\u2019ju b\u00ebjn\u00eb?<\/strong><\/p>\n<p>Shihni p\u00ebrgjigjen nr. 32.<\/p>\n<p><em>Marr\u00eb nga revista <strong>Mapo<\/strong>. Intervistoi <strong>Alfred Lela<\/strong>.<\/em><\/p>\n","protected":false},"excerpt":{"rendered":"<p>Nga Intervist\u00eb me Mustafa Nanon, 20 n\u00ebntor 2011 1-Dita e \u00c7lirimit: 28 apo 29 n\u00ebntori? S\u2019kam ide. Dhe nuk \u00ebsht\u00eb se m\u00eb ha meraku shum\u00eb p\u00ebr data. Por nisja e sherrit p\u00ebr k\u00ebt\u00eb pun\u00eb pa u sqaruar e sakt\u00ebsuar m\u00eb par\u00eb prej historian\u00ebve ka qen\u00eb nj\u00eb pun\u00eb e posht\u00ebr. 2-Shenjat e cilit pushtues duken m\u00eb [&hellip;]<\/p>\n","protected":false},"author":1,"featured_media":0,"comment_status":"open","ping_status":"closed","sticky":false,"template":"","format":"standard","meta":{"footnotes":""},"categories":[2],"tags":[],"class_list":{"0":"post-11474","1":"post","2":"type-post","3":"status-publish","4":"format-standard","6":"category-artikuj"},"yoast_head":"<!-- This site is optimized with the Yoast SEO plugin v27.4 - https:\/\/yoast.com\/product\/yoast-seo-wordpress\/ -->\n<title>Haxhi Qamili i sot\u00ebm do t\u00eb ishte grua, kryetare parlamenti - FjALA e LIR\u00cb - Arkivi<\/title>\n<meta name=\"robots\" content=\"index, follow, max-snippet:-1, max-image-preview:large, max-video-preview:-1\" \/>\n<link rel=\"canonical\" href=\"https:\/\/fjala.info\/2009-2015\/haxhi-qamili-i-sotem-do-te-ishte-grua-kryetare-parlamenti\/\" \/>\n<meta property=\"og:locale\" content=\"sq_AL\" \/>\n<meta property=\"og:type\" content=\"article\" \/>\n<meta property=\"og:title\" content=\"Haxhi Qamili i sot\u00ebm do t\u00eb ishte grua, kryetare parlamenti - FjALA e LIR\u00cb - Arkivi\" \/>\n<meta property=\"og:description\" content=\"Nga Intervist\u00eb me Mustafa Nanon, 20 n\u00ebntor 2011 1-Dita e \u00c7lirimit: 28 apo 29 n\u00ebntori? S\u2019kam ide. Dhe nuk \u00ebsht\u00eb se m\u00eb ha meraku shum\u00eb p\u00ebr data. Por nisja e sherrit p\u00ebr k\u00ebt\u00eb pun\u00eb pa u sqaruar e sakt\u00ebsuar m\u00eb par\u00eb prej historian\u00ebve ka qen\u00eb nj\u00eb pun\u00eb e posht\u00ebr. 2-Shenjat e cilit pushtues duken m\u00eb [&hellip;]\" \/>\n<meta property=\"og:url\" content=\"https:\/\/fjala.info\/2009-2015\/haxhi-qamili-i-sotem-do-te-ishte-grua-kryetare-parlamenti\/\" \/>\n<meta property=\"og:site_name\" content=\"FjALA e LIR\u00cb - Arkivi\" \/>\n<meta property=\"article:published_time\" content=\"2011-11-21T00:16:32+00:00\" \/>\n<meta property=\"og:image\" content=\"http:\/\/www.shkoder.net\/images\/fjala\/mustafa_nano.jpg\" \/>\n<meta name=\"author\" content=\"admin\" \/>\n<meta name=\"twitter:card\" content=\"summary_large_image\" \/>\n<meta name=\"twitter:label1\" content=\"Written by\" \/>\n\t<meta name=\"twitter:data1\" content=\"admin\" \/>\n\t<meta name=\"twitter:label2\" content=\"Est. reading time\" \/>\n\t<meta name=\"twitter:data2\" content=\"6 minutes\" \/>\n<script type=\"application\/ld+json\" class=\"yoast-schema-graph\">{\"@context\":\"https:\\\/\\\/schema.org\",\"@graph\":[{\"@type\":\"Article\",\"@id\":\"https:\\\/\\\/fjala.info\\\/2009-2015\\\/haxhi-qamili-i-sotem-do-te-ishte-grua-kryetare-parlamenti\\\/#article\",\"isPartOf\":{\"@id\":\"https:\\\/\\\/fjala.info\\\/2009-2015\\\/haxhi-qamili-i-sotem-do-te-ishte-grua-kryetare-parlamenti\\\/\"},\"author\":{\"name\":\"admin\",\"@id\":\"https:\\\/\\\/fjala.info\\\/2009-2015\\\/#\\\/schema\\\/person\\\/3aa1163ef05469c496fc94e77611ada2\"},\"headline\":\"Haxhi Qamili i sot\u00ebm do t\u00eb ishte grua, kryetare parlamenti\",\"datePublished\":\"2011-11-21T00:16:32+00:00\",\"mainEntityOfPage\":{\"@id\":\"https:\\\/\\\/fjala.info\\\/2009-2015\\\/haxhi-qamili-i-sotem-do-te-ishte-grua-kryetare-parlamenti\\\/\"},\"wordCount\":1181,\"commentCount\":0,\"publisher\":{\"@id\":\"https:\\\/\\\/fjala.info\\\/2009-2015\\\/#organization\"},\"image\":{\"@id\":\"https:\\\/\\\/fjala.info\\\/2009-2015\\\/haxhi-qamili-i-sotem-do-te-ishte-grua-kryetare-parlamenti\\\/#primaryimage\"},\"thumbnailUrl\":\"http:\\\/\\\/www.shkoder.net\\\/images\\\/fjala\\\/mustafa_nano.jpg\",\"articleSection\":[\"Artikuj\"],\"inLanguage\":\"sq-AL\",\"potentialAction\":[{\"@type\":\"CommentAction\",\"name\":\"Comment\",\"target\":[\"https:\\\/\\\/fjala.info\\\/2009-2015\\\/haxhi-qamili-i-sotem-do-te-ishte-grua-kryetare-parlamenti\\\/#respond\"]}]},{\"@type\":\"WebPage\",\"@id\":\"https:\\\/\\\/fjala.info\\\/2009-2015\\\/haxhi-qamili-i-sotem-do-te-ishte-grua-kryetare-parlamenti\\\/\",\"url\":\"https:\\\/\\\/fjala.info\\\/2009-2015\\\/haxhi-qamili-i-sotem-do-te-ishte-grua-kryetare-parlamenti\\\/\",\"name\":\"Haxhi Qamili i sot\u00ebm do t\u00eb ishte grua, kryetare parlamenti - FjALA e LIR\u00cb - Arkivi\",\"isPartOf\":{\"@id\":\"https:\\\/\\\/fjala.info\\\/2009-2015\\\/#website\"},\"primaryImageOfPage\":{\"@id\":\"https:\\\/\\\/fjala.info\\\/2009-2015\\\/haxhi-qamili-i-sotem-do-te-ishte-grua-kryetare-parlamenti\\\/#primaryimage\"},\"image\":{\"@id\":\"https:\\\/\\\/fjala.info\\\/2009-2015\\\/haxhi-qamili-i-sotem-do-te-ishte-grua-kryetare-parlamenti\\\/#primaryimage\"},\"thumbnailUrl\":\"http:\\\/\\\/www.shkoder.net\\\/images\\\/fjala\\\/mustafa_nano.jpg\",\"datePublished\":\"2011-11-21T00:16:32+00:00\",\"breadcrumb\":{\"@id\":\"https:\\\/\\\/fjala.info\\\/2009-2015\\\/haxhi-qamili-i-sotem-do-te-ishte-grua-kryetare-parlamenti\\\/#breadcrumb\"},\"inLanguage\":\"sq-AL\",\"potentialAction\":[{\"@type\":\"ReadAction\",\"target\":[\"https:\\\/\\\/fjala.info\\\/2009-2015\\\/haxhi-qamili-i-sotem-do-te-ishte-grua-kryetare-parlamenti\\\/\"]}]},{\"@type\":\"ImageObject\",\"inLanguage\":\"sq-AL\",\"@id\":\"https:\\\/\\\/fjala.info\\\/2009-2015\\\/haxhi-qamili-i-sotem-do-te-ishte-grua-kryetare-parlamenti\\\/#primaryimage\",\"url\":\"http:\\\/\\\/www.shkoder.net\\\/images\\\/fjala\\\/mustafa_nano.jpg\",\"contentUrl\":\"http:\\\/\\\/www.shkoder.net\\\/images\\\/fjala\\\/mustafa_nano.jpg\"},{\"@type\":\"BreadcrumbList\",\"@id\":\"https:\\\/\\\/fjala.info\\\/2009-2015\\\/haxhi-qamili-i-sotem-do-te-ishte-grua-kryetare-parlamenti\\\/#breadcrumb\",\"itemListElement\":[{\"@type\":\"ListItem\",\"position\":1,\"name\":\"Home\",\"item\":\"https:\\\/\\\/fjala.info\\\/2009-2015\\\/\"},{\"@type\":\"ListItem\",\"position\":2,\"name\":\"Haxhi Qamili i sot\u00ebm do t\u00eb ishte grua, kryetare parlamenti\"}]},{\"@type\":\"WebSite\",\"@id\":\"https:\\\/\\\/fjala.info\\\/2009-2015\\\/#website\",\"url\":\"https:\\\/\\\/fjala.info\\\/2009-2015\\\/\",\"name\":\"FjALA e LIR\u00cb - Arkivi\",\"description\":\"Arkivi 2009-2015\",\"publisher\":{\"@id\":\"https:\\\/\\\/fjala.info\\\/2009-2015\\\/#organization\"},\"potentialAction\":[{\"@type\":\"SearchAction\",\"target\":{\"@type\":\"EntryPoint\",\"urlTemplate\":\"https:\\\/\\\/fjala.info\\\/2009-2015\\\/?s={search_term_string}\"},\"query-input\":{\"@type\":\"PropertyValueSpecification\",\"valueRequired\":true,\"valueName\":\"search_term_string\"}}],\"inLanguage\":\"sq-AL\"},{\"@type\":\"Organization\",\"@id\":\"https:\\\/\\\/fjala.info\\\/2009-2015\\\/#organization\",\"name\":\"FjALA e LIR\u00cb - Arkivi\",\"url\":\"https:\\\/\\\/fjala.info\\\/2009-2015\\\/\",\"logo\":{\"@type\":\"ImageObject\",\"inLanguage\":\"sq-AL\",\"@id\":\"https:\\\/\\\/fjala.info\\\/2009-2015\\\/#\\\/schema\\\/logo\\\/image\\\/\",\"url\":\"\",\"contentUrl\":\"\",\"caption\":\"FjALA e LIR\u00cb - Arkivi\"},\"image\":{\"@id\":\"https:\\\/\\\/fjala.info\\\/2009-2015\\\/#\\\/schema\\\/logo\\\/image\\\/\"}},{\"@type\":\"Person\",\"@id\":\"https:\\\/\\\/fjala.info\\\/2009-2015\\\/#\\\/schema\\\/person\\\/3aa1163ef05469c496fc94e77611ada2\",\"name\":\"admin\",\"image\":{\"@type\":\"ImageObject\",\"inLanguage\":\"sq-AL\",\"@id\":\"https:\\\/\\\/fjala.info\\\/2009-2015\\\/wp-content\\\/uploads\\\/2012\\\/02\\\/arben_cokaj-120x150.jpg\",\"url\":\"https:\\\/\\\/fjala.info\\\/2009-2015\\\/wp-content\\\/uploads\\\/2012\\\/02\\\/arben_cokaj-120x150.jpg\",\"contentUrl\":\"https:\\\/\\\/fjala.info\\\/2009-2015\\\/wp-content\\\/uploads\\\/2012\\\/02\\\/arben_cokaj-120x150.jpg\",\"caption\":\"admin\"},\"description\":\"Admin, Fjala e Lir\u00eb\",\"sameAs\":[\"https:\\\/\\\/fjala.info\\\/\"],\"url\":\"https:\\\/\\\/fjala.info\\\/2009-2015\\\/author\\\/admin\\\/\"}]}<\/script>\n<!-- \/ Yoast SEO plugin. -->","yoast_head_json":{"title":"Haxhi Qamili i sot\u00ebm do t\u00eb ishte grua, kryetare parlamenti - FjALA e LIR\u00cb - Arkivi","robots":{"index":"index","follow":"follow","max-snippet":"max-snippet:-1","max-image-preview":"max-image-preview:large","max-video-preview":"max-video-preview:-1"},"canonical":"https:\/\/fjala.info\/2009-2015\/haxhi-qamili-i-sotem-do-te-ishte-grua-kryetare-parlamenti\/","og_locale":"sq_AL","og_type":"article","og_title":"Haxhi Qamili i sot\u00ebm do t\u00eb ishte grua, kryetare parlamenti - FjALA e LIR\u00cb - Arkivi","og_description":"Nga Intervist\u00eb me Mustafa Nanon, 20 n\u00ebntor 2011 1-Dita e \u00c7lirimit: 28 apo 29 n\u00ebntori? S\u2019kam ide. Dhe nuk \u00ebsht\u00eb se m\u00eb ha meraku shum\u00eb p\u00ebr data. Por nisja e sherrit p\u00ebr k\u00ebt\u00eb pun\u00eb pa u sqaruar e sakt\u00ebsuar m\u00eb par\u00eb prej historian\u00ebve ka qen\u00eb nj\u00eb pun\u00eb e posht\u00ebr. 2-Shenjat e cilit pushtues duken m\u00eb [&hellip;]","og_url":"https:\/\/fjala.info\/2009-2015\/haxhi-qamili-i-sotem-do-te-ishte-grua-kryetare-parlamenti\/","og_site_name":"FjALA e LIR\u00cb - Arkivi","article_published_time":"2011-11-21T00:16:32+00:00","og_image":[{"url":"http:\/\/www.shkoder.net\/images\/fjala\/mustafa_nano.jpg","type":"","width":"","height":""}],"author":"admin","twitter_card":"summary_large_image","twitter_misc":{"Written by":"admin","Est. reading time":"6 minutes"},"schema":{"@context":"https:\/\/schema.org","@graph":[{"@type":"Article","@id":"https:\/\/fjala.info\/2009-2015\/haxhi-qamili-i-sotem-do-te-ishte-grua-kryetare-parlamenti\/#article","isPartOf":{"@id":"https:\/\/fjala.info\/2009-2015\/haxhi-qamili-i-sotem-do-te-ishte-grua-kryetare-parlamenti\/"},"author":{"name":"admin","@id":"https:\/\/fjala.info\/2009-2015\/#\/schema\/person\/3aa1163ef05469c496fc94e77611ada2"},"headline":"Haxhi Qamili i sot\u00ebm do t\u00eb ishte grua, kryetare parlamenti","datePublished":"2011-11-21T00:16:32+00:00","mainEntityOfPage":{"@id":"https:\/\/fjala.info\/2009-2015\/haxhi-qamili-i-sotem-do-te-ishte-grua-kryetare-parlamenti\/"},"wordCount":1181,"commentCount":0,"publisher":{"@id":"https:\/\/fjala.info\/2009-2015\/#organization"},"image":{"@id":"https:\/\/fjala.info\/2009-2015\/haxhi-qamili-i-sotem-do-te-ishte-grua-kryetare-parlamenti\/#primaryimage"},"thumbnailUrl":"http:\/\/www.shkoder.net\/images\/fjala\/mustafa_nano.jpg","articleSection":["Artikuj"],"inLanguage":"sq-AL","potentialAction":[{"@type":"CommentAction","name":"Comment","target":["https:\/\/fjala.info\/2009-2015\/haxhi-qamili-i-sotem-do-te-ishte-grua-kryetare-parlamenti\/#respond"]}]},{"@type":"WebPage","@id":"https:\/\/fjala.info\/2009-2015\/haxhi-qamili-i-sotem-do-te-ishte-grua-kryetare-parlamenti\/","url":"https:\/\/fjala.info\/2009-2015\/haxhi-qamili-i-sotem-do-te-ishte-grua-kryetare-parlamenti\/","name":"Haxhi Qamili i sot\u00ebm do t\u00eb ishte grua, kryetare parlamenti - FjALA e LIR\u00cb - Arkivi","isPartOf":{"@id":"https:\/\/fjala.info\/2009-2015\/#website"},"primaryImageOfPage":{"@id":"https:\/\/fjala.info\/2009-2015\/haxhi-qamili-i-sotem-do-te-ishte-grua-kryetare-parlamenti\/#primaryimage"},"image":{"@id":"https:\/\/fjala.info\/2009-2015\/haxhi-qamili-i-sotem-do-te-ishte-grua-kryetare-parlamenti\/#primaryimage"},"thumbnailUrl":"http:\/\/www.shkoder.net\/images\/fjala\/mustafa_nano.jpg","datePublished":"2011-11-21T00:16:32+00:00","breadcrumb":{"@id":"https:\/\/fjala.info\/2009-2015\/haxhi-qamili-i-sotem-do-te-ishte-grua-kryetare-parlamenti\/#breadcrumb"},"inLanguage":"sq-AL","potentialAction":[{"@type":"ReadAction","target":["https:\/\/fjala.info\/2009-2015\/haxhi-qamili-i-sotem-do-te-ishte-grua-kryetare-parlamenti\/"]}]},{"@type":"ImageObject","inLanguage":"sq-AL","@id":"https:\/\/fjala.info\/2009-2015\/haxhi-qamili-i-sotem-do-te-ishte-grua-kryetare-parlamenti\/#primaryimage","url":"http:\/\/www.shkoder.net\/images\/fjala\/mustafa_nano.jpg","contentUrl":"http:\/\/www.shkoder.net\/images\/fjala\/mustafa_nano.jpg"},{"@type":"BreadcrumbList","@id":"https:\/\/fjala.info\/2009-2015\/haxhi-qamili-i-sotem-do-te-ishte-grua-kryetare-parlamenti\/#breadcrumb","itemListElement":[{"@type":"ListItem","position":1,"name":"Home","item":"https:\/\/fjala.info\/2009-2015\/"},{"@type":"ListItem","position":2,"name":"Haxhi Qamili i sot\u00ebm do t\u00eb ishte grua, kryetare parlamenti"}]},{"@type":"WebSite","@id":"https:\/\/fjala.info\/2009-2015\/#website","url":"https:\/\/fjala.info\/2009-2015\/","name":"FjALA e LIR\u00cb - Arkivi","description":"Arkivi 2009-2015","publisher":{"@id":"https:\/\/fjala.info\/2009-2015\/#organization"},"potentialAction":[{"@type":"SearchAction","target":{"@type":"EntryPoint","urlTemplate":"https:\/\/fjala.info\/2009-2015\/?s={search_term_string}"},"query-input":{"@type":"PropertyValueSpecification","valueRequired":true,"valueName":"search_term_string"}}],"inLanguage":"sq-AL"},{"@type":"Organization","@id":"https:\/\/fjala.info\/2009-2015\/#organization","name":"FjALA e LIR\u00cb - Arkivi","url":"https:\/\/fjala.info\/2009-2015\/","logo":{"@type":"ImageObject","inLanguage":"sq-AL","@id":"https:\/\/fjala.info\/2009-2015\/#\/schema\/logo\/image\/","url":"","contentUrl":"","caption":"FjALA e LIR\u00cb - Arkivi"},"image":{"@id":"https:\/\/fjala.info\/2009-2015\/#\/schema\/logo\/image\/"}},{"@type":"Person","@id":"https:\/\/fjala.info\/2009-2015\/#\/schema\/person\/3aa1163ef05469c496fc94e77611ada2","name":"admin","image":{"@type":"ImageObject","inLanguage":"sq-AL","@id":"https:\/\/fjala.info\/2009-2015\/wp-content\/uploads\/2012\/02\/arben_cokaj-120x150.jpg","url":"https:\/\/fjala.info\/2009-2015\/wp-content\/uploads\/2012\/02\/arben_cokaj-120x150.jpg","contentUrl":"https:\/\/fjala.info\/2009-2015\/wp-content\/uploads\/2012\/02\/arben_cokaj-120x150.jpg","caption":"admin"},"description":"Admin, Fjala e Lir\u00eb","sameAs":["https:\/\/fjala.info\/"],"url":"https:\/\/fjala.info\/2009-2015\/author\/admin\/"}]}},"_links":{"self":[{"href":"https:\/\/fjala.info\/2009-2015\/wp-json\/wp\/v2\/posts\/11474","targetHints":{"allow":["GET"]}}],"collection":[{"href":"https:\/\/fjala.info\/2009-2015\/wp-json\/wp\/v2\/posts"}],"about":[{"href":"https:\/\/fjala.info\/2009-2015\/wp-json\/wp\/v2\/types\/post"}],"author":[{"embeddable":true,"href":"https:\/\/fjala.info\/2009-2015\/wp-json\/wp\/v2\/users\/1"}],"replies":[{"embeddable":true,"href":"https:\/\/fjala.info\/2009-2015\/wp-json\/wp\/v2\/comments?post=11474"}],"version-history":[{"count":0,"href":"https:\/\/fjala.info\/2009-2015\/wp-json\/wp\/v2\/posts\/11474\/revisions"}],"wp:attachment":[{"href":"https:\/\/fjala.info\/2009-2015\/wp-json\/wp\/v2\/media?parent=11474"}],"wp:term":[{"taxonomy":"category","embeddable":true,"href":"https:\/\/fjala.info\/2009-2015\/wp-json\/wp\/v2\/categories?post=11474"},{"taxonomy":"post_tag","embeddable":true,"href":"https:\/\/fjala.info\/2009-2015\/wp-json\/wp\/v2\/tags?post=11474"}],"curies":[{"name":"wp","href":"https:\/\/api.w.org\/{rel}","templated":true}]}}