{"id":11473,"date":"2011-11-21T01:13:43","date_gmt":"2011-11-21T00:13:43","guid":{"rendered":"http:\/\/fjala.shkoder.net\/?p=244"},"modified":"2011-11-21T01:13:43","modified_gmt":"2011-11-21T00:13:43","slug":"bujar-leskaj-njeriu-me-letrat-ne-rregull","status":"publish","type":"post","link":"https:\/\/fjala.info\/2009-2015\/bujar-leskaj-njeriu-me-letrat-ne-rregull\/","title":{"rendered":"Bujar Leskaj: Njeriu me \u201cletrat n\u00eb rregull\u201d!"},"content":{"rendered":"<p><img decoding=\"async\" class=\"alignleft size-thumbnail wp-image-7236\" title=\"Bujar Leskaj\" src=\"http:\/\/www.shkoder.net\/images\/fjala\/2011\/bujar_leskaj.jpg\" alt=\"\" width=\"200\" \/> Nga <strong>Mero Baze<\/strong>, <em>19 N\u00ebntor 2011<\/em><\/p>\n<p>Nj\u00eb biografi e paautorizuar e njeriut q\u00eb pritet t\u00eb b\u00ebhet kryetar i Kontrollit t\u00eb Shtetit. Historia e tij reale, lidhjet e tij me njer\u00ebzit e rrug\u00ebs, kultur\u00ebs dhe politikes si dhe shk\u00eblqimi verbues i CV-s\u00eb s\u00eb trash\u00eb<\/p>\n<p>Bujar Leskaj \u00ebsht\u00eb duke u votuar si Kryetar i Kontrollit t\u00eb Shtetit. Letrat i ka n\u00eb rregull. Presidenti e ka firmosur dekretin dhe Sali Berisha po b\u00ebn sikur po mendohet, por do ta miratoj\u00eb. Opozita ka shprehur vot\u00ebn kund\u00ebr p\u00ebr shkak t\u00eb flagranc\u00ebs se kandidati \u201cme letra\u201d \u00ebsht\u00eb an\u00ebtar i K\u00ebshillit Komb\u00ebtar t\u00eb PD-s\u00eb, deputet i saj dhe n\u00eb list\u00ebn prit\u00ebse t\u00eb deputet\u00ebve t\u00eb Vlor\u00ebs. Prej vitit 1997, Kryetari i Kontrollit t\u00eb shtetit \u201cme letra\u201d ka qen\u00eb gjithnj\u00eb i opozit\u00ebs, nd\u00ebrsa Leskaj do t\u00eb jet\u00eb nj\u00eb rikthim i modelit t\u00eb vitit 1992, kur deputeti i PD-s\u00eb, Blerim \u00c7ela, u b\u00eb dhe Kryetar i Kontrollit t\u00eb Shtetit.<\/p>\n<p>Befasia e par\u00eb p\u00ebr publikun nuk ishte emri i tij, por CV e gjat\u00eb q\u00eb kishte p\u00ebrgatitur, ku binin n\u00eb sy tri diploma.<\/p>\n<p>E para, ajo e inxhinierit t\u00eb shpimit t\u00eb naft\u00ebs, \u00ebsht\u00eb nj\u00eb diplom\u00eb reale. Leskaj ka p\u00ebrfunduar universitetin n\u00eb ver\u00ebn e vitit 1990, por nuk preferoi t\u00eb punonte si inxhinier. Ai u angazhua n\u00eb polik\u00eb dhe u em\u00ebrua instruktor n\u00eb Komitetin e Rinis\u00eb s\u00eb Vlor\u00ebs. Muajt q\u00eb pasuan n\u00eb Shqip\u00ebri ndodh\u00ebn ndryshime dramatike, q\u00eb kishin t\u00eb b\u00ebnin me p\u00ebrmbysjen e komunizmit dhe n\u00eb zgjedhjet e para pluraliste t\u00eb 31 marsit 1991, ai kandidoi si deputet i list\u00ebs s\u00eb organizatave luajale me Partin\u00eb e Pun\u00ebs s\u00eb Shqip\u00ebris\u00eb, si kandidat i BRPSH p\u00ebr rrethin e Vlor\u00ebs.<\/p>\n<p>Emri i Bujar Leskaj si kandidate per deputet i BRPSH ne vitin 1991. Siper tij bie ne sy emri i Sait Dollapit dhe Fatmir Xhafes.<\/p>\n<p>Pas humbjes s\u00eb zgjedhjeve dhe hapjes s\u00eb kufijve, iku p\u00ebrkoh\u00ebsisht n\u00eb emigracion n\u00eb Greqi dhe u rikthye n\u00eb Vlor\u00eb pasi PD kishte fituar pushtetin. Fati ishte me student\u00ebt e brezit t\u00eb viteve \u201890-t\u00eb. Nj\u00eb student i brezit ton\u00eb, Artan Hoxha, u b\u00eb n\u00eb at\u00eb koh\u00eb Minist\u00ebr i Tregtis\u00eb s\u00eb Jashtme dhe Ekonomis\u00eb, dhe kaq mjaftoi q\u00eb shum\u00eb bashk\u00ebstudent\u00eb t\u00eb kursit t\u00eb tij t\u00eb pun\u00ebsoheshin si doganier\u00eb. Leskaj ishte nd\u00ebr ta si doganier n\u00eb dogan\u00ebn e Vlor\u00ebs. N\u00eb fillim doganier i thjesht\u00eb, ai arriti q\u00eb n\u00eb vitin e fundit t\u00eb PD-s\u00eb n\u00eb pushtet t\u00eb b\u00ebhej kreu i dogan\u00ebs s\u00eb Vlor\u00ebs.<\/p>\n<p>Paralelisht me dogan\u00ebn ai kishte nisur dhe biznesin dhe shkoll\u00ebn. I frik\u00ebsuar se biografia e tij ish- socialiste do t\u2019i prishte pun\u00eb n\u00eb dogan\u00eb, ai nisi me korrespondenc\u00eb Fakultetin Ekonomik qysh n\u00eb vitin 1993, i cili e afroi shume me dekanin e atij fakulteti Omer Stringa, nj\u00eb nga figurat m\u00eb popullore t\u00eb Fakultetit. N\u00ebn autoritetin e tij dhe natyrisht t\u00eb ardhurave t\u00eb dogan\u00ebs, rezultatet e larta nuk ishin t\u00eb v\u00ebshtira p\u00ebr tu firmosur.<\/p>\n<p>Por nuk e la pas as biznesin. S\u00eb bashku me nj\u00eb biznesmen t\u00eb respektuar, at\u00ebher\u00eb n\u00eb opozit\u00eb, q\u00eb njihej si miku m\u00eb i af\u00ebrt i Fatos Nanos, Gaz Demi, ai investoi n\u00eb nd\u00ebrtimin e lokalit t\u00eb njohur n\u00eb ish- Parkun Rinia \u2018Ledi Dajana\u2019. N\u00eb k\u00ebto koh\u00eb daton dhe miq\u00ebsia e tij e fort\u00eb me Arben Malajn, i cili kishte ardhur si pedagog i jasht\u00ebm n\u00eb Tiran\u00eb, pas nj\u00eb karriere si drejtues banke n\u00eb Vlor\u00eb. Puna e tij ishte konsulent i firm\u00ebs financiare piramidale Cenaj, por mbante dhe bilancet e nd\u00ebrtimit t\u00eb \u2018Ledi Dajan\u00ebs\u2019.<\/p>\n<p>Trazirat e vitit 1997 e gjet\u00ebn Leskajn n\u00eb krye t\u00eb dogan\u00ebs s\u00eb Vlor\u00ebs, dhe e lidh\u00ebn at\u00eb fort me nj\u00eb pjes\u00eb t\u00eb grupeve t\u00eb armatosura q\u00eb vepronin n\u00eb qytet, kryesisht kund\u00ebrshtar\u00eb t\u00eb Zani \u00c7aushit. Qeveria e re e Pajtimit Komb\u00ebtar e b\u00ebri Arben Malajn Minist\u00ebr t\u00eb Financave dhe em\u00ebrimi i tij i par\u00eb ishte ngritja e Leskajt n\u00eb postin e N\u00ebndrejtorit t\u00eb P\u00ebrgjithsh\u00ebm t\u00eb Doganave. Tashm\u00eb ai kishte marr\u00eb nj\u00eb hije t\u00eb plot\u00eb si zyrtar socialist. Si nj\u00eb bashk\u00ebpronar i Ledi Dajan\u00ebs\u2019, e cila n\u00eb at\u00eb koh\u00eb ishte selia paralele e Partis\u00eb Socialiste, dhe si nj\u00eb ofiqar i lart\u00eb doganash n\u00ebn kontrollin e socialist\u00ebve, ai dukej se ishte n\u00eb rrug\u00eb t\u00eb mbar\u00eb p\u00ebr karrier\u00eb n\u00eb at\u00eb parti.<\/p>\n<p>Por Vlora ka gjithmon\u00eb t\u00eb papritura. Grupet rivale n\u00eb Vlor\u00eb, sidomos beteja mes atyre q\u00eb quheshin kund\u00ebrshtar\u00eb t\u00eb Zanit, ku futeshin personazhe me nofka t\u00eb \u00e7uditshme si \u201cKakami\u201d apo \u201cGaxhai\u201d dhe Zanit, po shkonte n\u00eb ekstrem. Kishte t\u00eb vrar\u00eb mes tyre, pengje, ekzekutime makab\u00ebr. Arben Malaj po futej p\u00ebrdit\u00eb e m\u00eb shum\u00eb n\u00ebn ndikimin e grupit t\u00eb pushtetit, tender q\u00eb n\u00eb Vlor\u00eb dukej se e kishte fituar Zani \u00c7aushi. I pafuqish\u00ebm p\u00ebr t\u00eb marr\u00eb t\u00eb gjitha vendimet vet\u00eb, ai detyrohet t\u00eb pushoj\u00eb n\u00eb fund t\u00eb ver\u00ebs Bujar Leskajn nga detyra me arsyetimin n\u00ebn z\u00eb se ishte pjes\u00eb e miq\u00ebsis\u00eb me kund\u00ebrshtar\u00eb t\u00eb Zani \u00c7aushit. Por kjo \u201cjo me letra\u201d. Me letra kishte arsye p\u00ebr realizime e mosrealizime t\u00eb ardhurash n\u00eb nj\u00eb koh\u00eb q\u00eb shteti ishte han me 7 porta.<\/p>\n<p>K\u00ebtu filloi dhe prishja e tij e madhe me Arben Malajn, i cili ishte tashm\u00eb yll n\u00eb ngjitje i socialist\u00ebve. Shtypi i at\u00ebhersh\u00ebm e lakoi emrin e tij si t\u00eb lidhur me Zani \u00c7aushin n\u00eb d\u00ebrgimin e anijes \u201cKat\u00ebr Radat\u201d n\u00eb Itali, q\u00eb u mbyt n\u00eb Otranto, por dukej se ai nuk kishte gisht n\u00eb at\u00eb organizim p\u00ebrve\u00e7 faktit q\u00eb emrin e tij mund ta ken\u00eb p\u00ebrdorur lirsh\u00ebm bandit\u00ebt q\u00eb nis\u00ebn anijen. Po ashtu nj\u00eb histori me makin\u00ebn e tij n\u00eb nj\u00eb vrasje n\u00eb Rrogozhin\u00eb, u sqarua si ngat\u00ebrres\u00eb n\u00eb nj\u00eb garazh riparimesh. Ishte koh\u00eb e v\u00ebshtir\u00eb t\u00eb ndaje veten nga bandat e armatosura n\u00ebse do t\u00eb ishe politikan nga Vlora dhe dy njer\u00ebz q\u00eb kishin nisur karrier\u00ebn n\u00eb ato dit\u00eb, Bujar Leskaj dhe Arben Malaj, po merrnin rrug\u00eb t\u00eb ndryshme, jo aq me d\u00ebshir\u00ebn e tyre se sa me pafuqin\u00eb e tyre.<\/p>\n<p>Vitet q\u00eb pasuan ishin t\u00eb v\u00ebshtira. Leskaj u zhvendos n\u00eb Tiran\u00eb, bleu sht\u00ebpi n\u00eb qend\u00ebr t\u00eb kryeqytetit, pas Presidenc\u00ebs dhe t\u00ebrhoqi familjen nga Vlora. K\u00ebshtu po dilte mrekullisht nga spiralja e njer\u00ebzve, t\u00eb cil\u00ebt tani thuajse nuk jetojn\u00eb m\u00eb. Dy miqt\u00eb e tij m\u00eb t\u00eb ngusht\u00eb, t\u00eb fundit n\u00eb at\u00eb list\u00eb njer\u00ebzish t\u00eb armatosur n\u00eb vitin 1997, u vran\u00eb n\u00eb vitin 2006 dhe 2007, kur ai ishte Minist\u00ebr. Ai i respektoi duke u shkuar n\u00eb funeral.Mbaj mend qe jo pa shpoti koleg\u00ebt e tij deputet\u00eb ju referoheshin viktimave si \u201cnjer\u00ebz t\u00eb bes\u00ebs\u201d nj\u00eb nofk\u00eb q\u00eb Leskaj e p\u00ebrdorte p\u00ebr t\u00eb justifikuar shoq\u00ebrin\u00eb me ta.<\/p>\n<p>Jeta e tij n\u00eb Tiran\u00eb natyrisht kishte nevoj\u00eb p\u00ebr nj\u00eb impuls t\u00eb ri. Diploma e Ekonomikut nuk i duhej m\u00eb. Ai e mori at\u00eb fiks kur e hoq\u00ebn nga puna si doganier dhe ajo i mbeti po aq e pap\u00ebrdorshme sa ajo e Fakultetit t\u00eb Inxhinieris\u00eb. Nj\u00eb diplom\u00eb e re i duhej doemos. Miku i tij i af\u00ebrt, Dhori Sollaku, i rekomandoi Juridikun. Me Dhorin njihej nga viti 1997 n\u00eb Fier. Dhori n\u00eb at\u00eb koh\u00eb kishte qen\u00eb kandidat p\u00ebr deputet i Partis\u00eb Demokratike, dhe p\u00ebr shkak t\u00eb situat\u00ebs s\u00eb v\u00ebshtir\u00eb q\u00eb ishte n\u00eb Fier, kishte nevoj\u00eb t\u00eb shoq\u00ebrohej me njer\u00ebz t\u00eb fort\u00eb.<\/p>\n<p>Leskaj i sugjeroi nj\u00eb mikun e tij, Arben Isufin, i cili i q\u00ebndroi Dhorit besnik si shofer dhe shoq\u00ebrues gjat\u00eb trazirave. Isufi e forcoi edhe m\u00eb shum\u00eb lidhjen Leskaj \u2013 Sollaku, p\u00ebr shkak dhe t\u00eb ndikimit q\u00eb Sollaku kishte n\u00eb drejt\u00ebsi si k\u00ebshilltar i Presidentit t\u00eb Republik\u00ebs dhe si njeri q\u00eb komandonte gjyqtar\u00eb e prokuror\u00eb nga KLD e Berish\u00ebs dikur, e m\u00eb pas e Mejdanit. Fieri, nj\u00eb qytet me aq shum\u00eb probleme me krimin, kishte tashm\u00eb nj\u00eb der\u00eb t\u00eb hapur n\u00eb zyrat e drejt\u00ebsis\u00eb n\u00eb Tiran\u00eb, q\u00eb i zbuste problemet. Ishte dikush q\u00eb i \u00e7onte fjal\u00eb Dhori Sollakut dhe mbyllej nj\u00eb sy. Sidomos kur u b\u00eb Kryeprokuror!<\/p>\n<p>K\u00ebshtu Leskaj filloi Juridikun, t\u00eb cili e p\u00ebrfundoi me t\u00eb nj\u00ebjtin rit\u00ebm dhe m\u00ebnyr\u00eb si Ekonomikun. Kur e p\u00ebrfundoi, nuk i duhej m\u00eb. Kishin rrjedhur plot uj\u00ebra dhe ai po afrohej me PD. Lokalin \u2018Ledy Dajana\u2019 e kishte shitur t\u00eb gjithin tek ortaku i vet Gaz Demi, i cili ishte sjell\u00eb si nj\u00eb xhent\u00eblmen i v\u00ebrtet, duke e paguar ndoshta m\u00eb shum\u00eb se sa vlente, po t\u00eb kesh parasysh se nj\u00eb vit e gjys\u00ebm m\u00eb pas ishte i detyruar ta prishte lokalin nga sherri politik Nano- Meta. Leskaj ishte i vetmi q\u00eb doli i fituar dhe ato pare i investoi n\u00eb blerjen e nj\u00eb hoteli t\u00eb ri q\u00eb sot \u00ebsht\u00eb Hotel Nirvana tek rruga e Kavaj\u00ebs.<\/p>\n<p>Si biznesmen, me Benz t\u00eb ri dhe hotel, ishte afruar fillimisht me Fahri Balliun dhe m\u00eb pas me strukturat e financimit t\u00eb fushat\u00ebs n\u00eb PD. Fillimisht ka pasur hezitime t\u00eb forta nga Topalli. Por ajo e mori nj\u00eb m\u00ebsim shum\u00eb shpejt. Nj\u00eb udh\u00ebtim i saj n\u00eb Vlor\u00eb n\u00eb zon\u00ebn e Bujar Leskajt, desh p\u00ebrfundoi n\u00eb tragjedi. V\u00ebllez\u00ebrit Boraka, miq t\u00eb af\u00ebrt t\u00eb Leskajt, i dol\u00ebn para me kallashnikov dhe ngrit\u00ebn nj\u00eb re pluhuri me plumba t\u00eb shkrehur kuturu. Topalli reagoi fort, Berisha po ashtu, por sh\u00ebrbimet e siguris\u00eb t\u00eb pushtetit b\u00ebn\u00eb lidhjen mes Leskajt dhe njer\u00ebzve t\u00eb armatosur dhe gjith\u00e7ka u fashit. M\u00eb pas kjo u kthye p\u00ebr mbar\u00eb dhe Topalli e harroi. Leskaj filloi t\u00eb \u00e7mohej p\u00ebr k\u00ebt\u00eb gj\u00eb. Ajo q\u00eb e b\u00ebri t\u00eb binte n\u00eb sy t\u00eb Berish\u00ebs ishte shkuarja e tij n\u00eb Vlor\u00eb n\u00eb maj t\u00eb vitit 2000.<\/p>\n<p>Gjithkush q\u00eb mban mend udh\u00ebtimin dramatik t\u00eb Berish\u00ebs, mes frik\u00ebs s\u00eb atentatit ndaj tij dhe fiksimit p\u00ebr t\u00eb shkelur n\u00eb nj\u00eb qytet q\u00eb e kish mohuar, Bujar Leskaj mori p\u00ebrsip\u00ebr shmangien e rrezikut. T\u00eb gjith\u00eb ia pranuan zot\u00ebsin\u00eb e tij p\u00ebr lidhjet me element\u00ebt e rreziksh\u00ebm t\u00eb qytetit. Zani ishte n\u00eb burg, Kakami ishte vrar\u00eb, Gaxhai ishte arrestuar, por ushtar\u00eb t\u00eb tyre ishin n\u00eb terren. Leskaj arriti t\u00eb negocionte q\u00eb t\u00eb mos kish incidente. Nuk jam i sigurt n\u00ebse Berisha e \u00e7moi k\u00ebt\u00eb, por badigard\u00ebt e tij ja kujtonin \u00e7do dit\u00eb. Ata ishin Agron Kuli\u00e7i dhe Ibrahim Ndreu, nj\u00ebri sot bodigard i Topallit dhe tjetrin e njohin t\u00eb gjith\u00eb, sidomos nga kabllogramet e SHBA.<\/p>\n<p>N\u00eb fushat\u00ebn e vitit 2001, ai mori dhe letr\u00ebn e par\u00eb legale nga PD-ja. U b\u00eb an\u00ebtar i Bordit t\u00eb Financimit t\u00eb fushat\u00ebs, nj\u00eb funksion q\u00eb p\u00ebrkthehej n\u00eb m\u00ebnyr\u00eb banale si \u201cnjeri q\u00eb gjen lek\u201d.<\/p>\n<p>K\u00ebshtu rruga e tij u b\u00eb m\u00eb e qart\u00eb. Do ishte me PD zyrtarisht. Dekan\u00ebt e Fakultetit Ekonomik ishin nd\u00ebrruar tashm\u00eb dhe Bujar Leskaj ishte afruar me Dhori Kulen, i cili po i premtonte nj\u00eb vend pune pedagog. Stringa, nj\u00eb burr\u00eb babaxhan dhe dashamir\u00ebs, e mbante af\u00ebr n\u00eb Departamentin e tij Ekonomik n\u00eb PD. Si\u00e7 thoshte vet\u00eb me humor, tashm\u00eb Leskaj ishte nj\u00eb njeri q\u00eb \u201ce kishte l\u00ebn\u00eb vjedhjen\u201d dhe po merrej me politik\u00eb dhe CV-n\u00eb e tij. Realisht ajo ishte fryr\u00eb m\u00eb shum\u00eb se sa duhej me kurse kualifikimi n\u00eb SHBA, pa ditur anglisht, me kurse n\u00eb Gjermani, pa ditur gjermanisht, me \u201ctema shkencore\u201d dhe l\u00ebnd\u00eb t\u00eb nivelit t\u00eb dyt\u00eb dhe gjith\u00e7ka q\u00eb e b\u00ebnte at\u00eb nj\u00eb pedagog. Biblioteka e tij n\u00eb sht\u00ebpi po ashtu rritej, nd\u00ebrsa muret e sht\u00ebpis\u00eb nuk kishin m\u00eb vend p\u00ebr piktura.<\/p>\n<p>I duheshin t\u00eb gjitha n\u00eb nj\u00eb koh\u00eb. Librat, arti, ekonomia, juridiku, politika\u2026 Duheshin t\u00eb harrohej gjith\u00e7ka kish ndodhur. Lajmet e nj\u00ebpasnj\u00ebshme muaj pas muaji e njoftonin se ata q\u00eb kishte njohur n\u00eb Vlor\u00eb nuk ishin m\u00eb. E mbaj mend nj\u00eb nat\u00eb vere n\u00eb vitin 2000 n\u00eb Vlor\u00eb, nd\u00ebrsa isha i ftuar tek nj\u00eb TV lokal, Amantia TV. Pas emisionit e takova Leskaj n\u00eb nj\u00eb kafe me shum\u00eb nga k\u00ebta njer\u00ebz q\u00eb nuk jetojn\u00eb m\u00eb. Vet\u00ebquheshin nacionalist\u00eb! Nuk e di pse, por ishte alibia m\u00eb e mir\u00eb n\u00eb Vlor\u00eb ku Guardia di Financa u kishte z\u00ebn\u00eb detin dhe s\u2019i linte t\u00eb iknin me skaf dhe \u201cqeveria greke e Fatos Nanos\u201d po i hiqte biznesin. Dy- tre vet\u00eb mund t\u00eb jen\u00eb gjall\u00eb nga ata q\u00eb kam par\u00eb at\u00eb nat\u00eb.<\/p>\n<p>N\u00eb pranver\u00ebn e vitit 2005, Leskaj i kishte forcuar pozitat n\u00eb PD. Ishte zgjedhur nd\u00ebrkoh\u00eb dhe an\u00ebtar i K\u00ebshillit Komb\u00ebtar. N\u00eb nj\u00eb nga tri zonat elektorale t\u00eb qytetit, PD nuk kishte shpresa. Aty kandidonte Mezan Malaj, dikur ish Kryetar i Komitetit Ekzekutiv t\u00eb Vlor\u00ebs, n\u00eb koh\u00ebn q\u00eb Leskaj ishte n\u00eb Komitet t\u00eb Rinis\u00eb. Berisha kishte pak shpesa se fitohej ajo zon\u00eb. Leskaj e mori p\u00ebrsip\u00ebr dhe realisht ndryshoi gjeografin\u00eb elektorale t\u00eb Vlor\u00ebs. Me nj\u00eb eficenc\u00eb t\u00eb pap\u00ebrfytyrueshme elektorale, ai u b\u00eb pal\u00eb me nj\u00eb deputet t\u00eb PS n\u00eb Vlor\u00eb kund\u00ebr kandidatit t\u00eb PD-s\u00eb n\u00eb at\u00eb zon\u00eb dhe mori mb\u00ebshtetjen e shum\u00eb socialist\u00ebve, q\u00eb kishin inate t\u00eb vjetra me Mezanin n\u00eb zon\u00ebn e vet. Miqt\u00eb e tij t\u00eb vjet\u00ebr u aktivizuan s\u00ebrish dhe frika prej tyre n\u00eb disa vende funksionoi. Fitoi bindsh\u00ebm me mbi 1500 vota.<\/p>\n<p>Fitorja e futi n\u00eb Kuvend dhe Berisha, i cili i kishte premtuar Vlor\u00ebs luft\u00eb kund\u00ebr parkut industrial dhe TEC-it me qymyr, donte nj\u00eb minist\u00ebr Turizmi nga Vlora. Duhet t\u00eb zgjidhte mes tij dhe Kollozit. T\u00eb dy vinin nga e majta, por Kollozi ishte shk\u00ebputur prej tyre m\u00eb von\u00eb. Berisha zgjodhi Leskajn, duke cituar me nj\u00eb buz\u00ebqeshje t\u00eb leht\u00eb q\u00eb ka \u201ctre diploma\u201d dhe q\u00eb \u201c\u00ebsht\u00eb lab i zgjuar\u201d. Pati disa z\u00ebra t\u00eb mbytur n\u00eb PD kund\u00ebr tij, por u fashit\u00ebn. Nuk ishte ai e keqja m\u00eb e madhe. Ai b\u00ebri m\u00eb pas gafat m\u00eb t\u00eb m\u00ebdha. Si \u00e7do njeri q\u00eb ambicia i kthehet n\u00eb armik t\u00eb madh kur tejkalon fuqit\u00eb e veta, dhe atij ajo detyr\u00eb ju kthye n\u00eb varr p\u00ebr karrier\u00ebn e tij. Daljet e tij publike ishin katastrofike. Fjalori i kufizuar, n\u00ebndialektor, dhe keqkuptimet p\u00ebr figurat e let\u00ebrsis\u00eb dhe artit n\u00eb vend ishin anekdotike.<\/p>\n<p>Her\u00eb-her\u00eb dinte njeri t\u00eb madh Moikim Zeqon e Zhani Cikon se i shikonte n\u00eb godina t\u00eb m\u00ebdha, pastaj l\u00ebshonte veneracione p\u00ebr Aurel Plasarin, i cili m\u00eb shum\u00eb ndjehej n\u00eb siklet se mir\u00eb nga fakti q\u00eb e l\u00ebvdonte ai, pastaj hidhej tek sportist\u00ebt dhe m\u00eb n\u00eb fund tek beteja e humbur me Armand Duk\u00ebn, dhe shprehjen e tij t\u00eb famshme \u2018do t\u2019i ngul nj\u00eb gozhd\u00eb q\u00eb t\u00eb thot\u00eb \u201co lele sa m\u00eb dhembi\u201d\u2019. Berisha e humbi qet\u00ebsin\u00eb. K\u00ebshilla e tij e par\u00eb dhe e rrept\u00eb ishte t\u00eb shmangte publikun. I izoluar pak nga pak shk\u00eblqimi i tij filloi t\u00eb binte. Miqt\u00eb e tij t\u00eb vjet\u00ebr nga Vlora dhe Fieri filluan t\u00eb vizitonin n\u00eb zyr\u00eb, pa prishur shum\u00eb qet\u00ebsin\u00eb. N\u00eb betej\u00ebn e tij kund\u00ebr Sollakut, Berisha ishte n\u00eb siklet, pasi sa her\u00eb p\u00ebrmendte q\u00eb Sollaku ka qen\u00eb me nj\u00eb element t\u00eb rreziksh\u00ebm duke ngr\u00ebn\u00eb drek\u00eb n\u00eb Radhim\u00eb, mbante goj\u00ebn pasi i treti n\u00eb tavolin\u00eb ishte gjithmon\u00eb Leskaj.<\/p>\n<p>Makina e tij filloi t\u00eb p\u00ebrdorej jo rrall\u00eb si nj\u00eb ambulanc\u00eb shp\u00ebtimi p\u00ebr personat n\u00eb k\u00ebrkim dhe z\u00ebvend\u00ebsministri i sinqert\u00eb i Pun\u00ebve t\u00eb Brendshme, Strazimiri, n\u00eb at\u00eb koh\u00eb d\u00ebrgonte polic\u00eb n\u00eb aksion dhe ia \u00e7armatosnin tek dera e furgonit. Emri i Bujarit shfaqej gjithandej. Me nj\u00eb kontrast t\u00eb pazakont\u00eb mes korrekt\u00ebsis\u00eb zyrtare, me \u201cletrat\u201d e pun\u00ebs dhe abuzimit me element\u00eb n\u00eb k\u00ebrkim jasht\u00eb pun\u00ebs, ai u b\u00eb u bezdissh\u00ebm p\u00ebr Berish\u00ebn. M\u00eb n\u00eb fund shp\u00ebrtheu. Aleksand\u00ebr Frangaj dhe Blendi Fevziu ishin n\u00eb zyr\u00ebn e tij p\u00ebr t\u2019iu ankuar q\u00eb Leskaj nuk po u hidhte nj\u00eb firm\u00eb p\u00ebr Kinostudion. Natyrisht Frangaj fliste p\u00ebr firm\u00ebn dhe Fevziu p\u00ebr performanc\u00ebn e dob\u00ebt t\u00eb Ministrit. Berisha m\u00eb thirri mua n\u00eb telefon me sa duket si d\u00ebshmitar i asaj q\u00eb do b\u00ebnte.<\/p>\n<p>E kuptova se dy njer\u00ebzit e Klanit kishin folur kund\u00ebr Leskajt. Biseda u hap prap\u00eb dhe m\u00eb pyeti se \u00e7\u2019po b\u00ebnte Leskaj. Me pa me djall\u00ebzi, i thash\u00eb di q\u00eb ka financuar k\u00ebt\u00eb spektaklin e Rudina Magjistarit, n\u00eb at\u00eb koh\u00eb bashk\u00ebjetuese me Edi Ram\u00ebn. Berisha u ngrit nga tavolina e vog\u00ebl ku ishim ulur, shkoi n\u00eb fund t\u00eb zyr\u00ebs dhe gati po ul\u00ebrinte kund\u00ebr tij. Trafikant, pala\u00e7o, edeps\u00ebz, trafikant d\u00ebgjohej n\u00eb \u00e7do dy- tri fjal\u00eb. Ai po justifikohej p\u00ebr di\u00e7ka. Berisha po zbutej dhe erdhi u ul p\u00ebrs\u00ebri. Un\u00eb i kisha th\u00ebn\u00eb gjysm\u00ebn e s\u00eb v\u00ebrtet\u00ebs. Gjysma tjet\u00ebr ishte q\u00eb lek\u00ebt i kishte marr\u00eb Sandri, pasi Rudina punonte aty. Berisha e tha me bezdi k\u00ebt\u00eb fakt, u ra gjunj\u00ebve dhe ne u \u00e7uam. Vajguri n\u00eb kandilin e Ministrit po mbaronte. N\u00eb rastin m\u00eb t\u00eb par\u00eb, Berisha e z\u00ebvend\u00ebsoi at\u00eb me Pangon.<\/p>\n<p>Prej asaj dite Leskaj u zhduk nga qarkullimi dhe u shfaq s\u00ebrish n\u00eb Radhim\u00eb duke organizuar nj\u00eb drek\u00eb me Bamir Topin dhe rreth 30 deputet\u00eb, shumica e t\u00eb cil\u00ebve nuk ishin n\u00eb sinkron me q\u00ebllimin publik t\u00eb drek\u00ebs. N\u00eb fund t\u00eb drek\u00ebs foli vet\u00ebm Leskaj dhe sulmoi Ilir Rusmalin si djal\u00eb komunisti. E gjitha ishte p\u00ebr t\u00eb treguar se tani ai ishte n\u00eb luft\u00eb me Berish\u00ebn. Nj\u00eb muaj m\u00eb pas e trashi z\u00ebrin. N\u00eb nj\u00eb intervist\u00eb p\u00ebr MAPO tha se \u201cMe Berish\u00ebn do takohemi n\u00eb shtator\u201d. Ishte fjala q\u00eb ai grup do rr\u00ebzonte Berish\u00ebn. Por Topi u b\u00eb president dhe n\u00eb shtator Leskaj u rikthye p\u00ebr t\u2019i k\u00ebrkuar ndjes\u00eb Berish\u00ebs. Nga ajo dit\u00eb ka qen\u00eb n\u00eb hije.<\/p>\n<p>Jav\u00ebn q\u00eb shkoi u ngjall si kandidat i Bamir Topit p\u00ebr kryetar t\u00eb KLSH. Sali Shehu \u00ebsht\u00eb rr\u00ebzuar dy jav\u00eb m\u00eb par\u00eb me arsyetimin se \u00ebsht\u00eb an\u00ebtar i PD-s\u00eb dhe jurist. Leskaj \u00ebsht\u00eb m\u00eb shum\u00eb se an\u00ebtar, dhe thuajse pa profesion, pasi ka punuar vet\u00ebm doganier dhe Minist\u00ebr. Por letrat i ka n\u00eb rregull. Sidomos CV. Nuk kisha par\u00eb prej vitesh nj\u00eb gj\u00eb aq t\u00eb trash\u00eb sa ajo.<\/p>\n","protected":false},"excerpt":{"rendered":"<p>Nga Mero Baze, 19 N\u00ebntor 2011 Nj\u00eb biografi e paautorizuar e njeriut q\u00eb pritet t\u00eb b\u00ebhet kryetar i Kontrollit t\u00eb Shtetit. Historia e tij reale, lidhjet e tij me njer\u00ebzit e rrug\u00ebs, kultur\u00ebs dhe politikes si dhe shk\u00eblqimi verbues i CV-s\u00eb s\u00eb trash\u00eb Bujar Leskaj \u00ebsht\u00eb duke u votuar si Kryetar i Kontrollit t\u00eb Shtetit. [&hellip;]<\/p>\n","protected":false},"author":1,"featured_media":0,"comment_status":"open","ping_status":"closed","sticky":false,"template":"","format":"standard","meta":{"footnotes":""},"categories":[2],"tags":[],"class_list":{"0":"post-11473","1":"post","2":"type-post","3":"status-publish","4":"format-standard","6":"category-artikuj"},"yoast_head":"<!-- This site is optimized with the Yoast SEO plugin v27.4 - https:\/\/yoast.com\/product\/yoast-seo-wordpress\/ -->\n<title>Bujar Leskaj: Njeriu me \u201cletrat n\u00eb rregull\u201d! - FjALA e LIR\u00cb - Arkivi<\/title>\n<meta name=\"robots\" content=\"index, follow, max-snippet:-1, max-image-preview:large, max-video-preview:-1\" \/>\n<link rel=\"canonical\" href=\"https:\/\/fjala.info\/2009-2015\/bujar-leskaj-njeriu-me-letrat-ne-rregull\/\" \/>\n<meta property=\"og:locale\" content=\"sq_AL\" \/>\n<meta property=\"og:type\" content=\"article\" \/>\n<meta property=\"og:title\" content=\"Bujar Leskaj: Njeriu me \u201cletrat n\u00eb rregull\u201d! - FjALA e LIR\u00cb - Arkivi\" \/>\n<meta property=\"og:description\" content=\"Nga Mero Baze, 19 N\u00ebntor 2011 Nj\u00eb biografi e paautorizuar e njeriut q\u00eb pritet t\u00eb b\u00ebhet kryetar i Kontrollit t\u00eb Shtetit. Historia e tij reale, lidhjet e tij me njer\u00ebzit e rrug\u00ebs, kultur\u00ebs dhe politikes si dhe shk\u00eblqimi verbues i CV-s\u00eb s\u00eb trash\u00eb Bujar Leskaj \u00ebsht\u00eb duke u votuar si Kryetar i Kontrollit t\u00eb Shtetit. [&hellip;]\" \/>\n<meta property=\"og:url\" content=\"https:\/\/fjala.info\/2009-2015\/bujar-leskaj-njeriu-me-letrat-ne-rregull\/\" \/>\n<meta property=\"og:site_name\" content=\"FjALA e LIR\u00cb - Arkivi\" \/>\n<meta property=\"article:published_time\" content=\"2011-11-21T00:13:43+00:00\" \/>\n<meta property=\"og:image\" content=\"http:\/\/www.shkoder.net\/images\/fjala\/2011\/bujar_leskaj.jpg\" \/>\n<meta name=\"author\" content=\"admin\" \/>\n<meta name=\"twitter:card\" content=\"summary_large_image\" \/>\n<meta name=\"twitter:label1\" content=\"Written by\" \/>\n\t<meta name=\"twitter:data1\" content=\"admin\" \/>\n\t<meta name=\"twitter:label2\" content=\"Est. reading time\" \/>\n\t<meta name=\"twitter:data2\" content=\"16 minutes\" \/>\n<script type=\"application\/ld+json\" class=\"yoast-schema-graph\">{\"@context\":\"https:\\\/\\\/schema.org\",\"@graph\":[{\"@type\":\"Article\",\"@id\":\"https:\\\/\\\/fjala.info\\\/2009-2015\\\/bujar-leskaj-njeriu-me-letrat-ne-rregull\\\/#article\",\"isPartOf\":{\"@id\":\"https:\\\/\\\/fjala.info\\\/2009-2015\\\/bujar-leskaj-njeriu-me-letrat-ne-rregull\\\/\"},\"author\":{\"name\":\"admin\",\"@id\":\"https:\\\/\\\/fjala.info\\\/2009-2015\\\/#\\\/schema\\\/person\\\/3aa1163ef05469c496fc94e77611ada2\"},\"headline\":\"Bujar Leskaj: Njeriu me \u201cletrat n\u00eb rregull\u201d!\",\"datePublished\":\"2011-11-21T00:13:43+00:00\",\"mainEntityOfPage\":{\"@id\":\"https:\\\/\\\/fjala.info\\\/2009-2015\\\/bujar-leskaj-njeriu-me-letrat-ne-rregull\\\/\"},\"wordCount\":3153,\"commentCount\":0,\"publisher\":{\"@id\":\"https:\\\/\\\/fjala.info\\\/2009-2015\\\/#organization\"},\"image\":{\"@id\":\"https:\\\/\\\/fjala.info\\\/2009-2015\\\/bujar-leskaj-njeriu-me-letrat-ne-rregull\\\/#primaryimage\"},\"thumbnailUrl\":\"http:\\\/\\\/www.shkoder.net\\\/images\\\/fjala\\\/2011\\\/bujar_leskaj.jpg\",\"articleSection\":[\"Artikuj\"],\"inLanguage\":\"sq-AL\",\"potentialAction\":[{\"@type\":\"CommentAction\",\"name\":\"Comment\",\"target\":[\"https:\\\/\\\/fjala.info\\\/2009-2015\\\/bujar-leskaj-njeriu-me-letrat-ne-rregull\\\/#respond\"]}]},{\"@type\":\"WebPage\",\"@id\":\"https:\\\/\\\/fjala.info\\\/2009-2015\\\/bujar-leskaj-njeriu-me-letrat-ne-rregull\\\/\",\"url\":\"https:\\\/\\\/fjala.info\\\/2009-2015\\\/bujar-leskaj-njeriu-me-letrat-ne-rregull\\\/\",\"name\":\"Bujar Leskaj: Njeriu me \u201cletrat n\u00eb rregull\u201d! - FjALA e LIR\u00cb - Arkivi\",\"isPartOf\":{\"@id\":\"https:\\\/\\\/fjala.info\\\/2009-2015\\\/#website\"},\"primaryImageOfPage\":{\"@id\":\"https:\\\/\\\/fjala.info\\\/2009-2015\\\/bujar-leskaj-njeriu-me-letrat-ne-rregull\\\/#primaryimage\"},\"image\":{\"@id\":\"https:\\\/\\\/fjala.info\\\/2009-2015\\\/bujar-leskaj-njeriu-me-letrat-ne-rregull\\\/#primaryimage\"},\"thumbnailUrl\":\"http:\\\/\\\/www.shkoder.net\\\/images\\\/fjala\\\/2011\\\/bujar_leskaj.jpg\",\"datePublished\":\"2011-11-21T00:13:43+00:00\",\"breadcrumb\":{\"@id\":\"https:\\\/\\\/fjala.info\\\/2009-2015\\\/bujar-leskaj-njeriu-me-letrat-ne-rregull\\\/#breadcrumb\"},\"inLanguage\":\"sq-AL\",\"potentialAction\":[{\"@type\":\"ReadAction\",\"target\":[\"https:\\\/\\\/fjala.info\\\/2009-2015\\\/bujar-leskaj-njeriu-me-letrat-ne-rregull\\\/\"]}]},{\"@type\":\"ImageObject\",\"inLanguage\":\"sq-AL\",\"@id\":\"https:\\\/\\\/fjala.info\\\/2009-2015\\\/bujar-leskaj-njeriu-me-letrat-ne-rregull\\\/#primaryimage\",\"url\":\"http:\\\/\\\/www.shkoder.net\\\/images\\\/fjala\\\/2011\\\/bujar_leskaj.jpg\",\"contentUrl\":\"http:\\\/\\\/www.shkoder.net\\\/images\\\/fjala\\\/2011\\\/bujar_leskaj.jpg\"},{\"@type\":\"BreadcrumbList\",\"@id\":\"https:\\\/\\\/fjala.info\\\/2009-2015\\\/bujar-leskaj-njeriu-me-letrat-ne-rregull\\\/#breadcrumb\",\"itemListElement\":[{\"@type\":\"ListItem\",\"position\":1,\"name\":\"Home\",\"item\":\"https:\\\/\\\/fjala.info\\\/2009-2015\\\/\"},{\"@type\":\"ListItem\",\"position\":2,\"name\":\"Bujar Leskaj: Njeriu me \u201cletrat n\u00eb rregull\u201d!\"}]},{\"@type\":\"WebSite\",\"@id\":\"https:\\\/\\\/fjala.info\\\/2009-2015\\\/#website\",\"url\":\"https:\\\/\\\/fjala.info\\\/2009-2015\\\/\",\"name\":\"FjALA e LIR\u00cb - Arkivi\",\"description\":\"Arkivi 2009-2015\",\"publisher\":{\"@id\":\"https:\\\/\\\/fjala.info\\\/2009-2015\\\/#organization\"},\"potentialAction\":[{\"@type\":\"SearchAction\",\"target\":{\"@type\":\"EntryPoint\",\"urlTemplate\":\"https:\\\/\\\/fjala.info\\\/2009-2015\\\/?s={search_term_string}\"},\"query-input\":{\"@type\":\"PropertyValueSpecification\",\"valueRequired\":true,\"valueName\":\"search_term_string\"}}],\"inLanguage\":\"sq-AL\"},{\"@type\":\"Organization\",\"@id\":\"https:\\\/\\\/fjala.info\\\/2009-2015\\\/#organization\",\"name\":\"FjALA e LIR\u00cb - Arkivi\",\"url\":\"https:\\\/\\\/fjala.info\\\/2009-2015\\\/\",\"logo\":{\"@type\":\"ImageObject\",\"inLanguage\":\"sq-AL\",\"@id\":\"https:\\\/\\\/fjala.info\\\/2009-2015\\\/#\\\/schema\\\/logo\\\/image\\\/\",\"url\":\"\",\"contentUrl\":\"\",\"caption\":\"FjALA e LIR\u00cb - Arkivi\"},\"image\":{\"@id\":\"https:\\\/\\\/fjala.info\\\/2009-2015\\\/#\\\/schema\\\/logo\\\/image\\\/\"}},{\"@type\":\"Person\",\"@id\":\"https:\\\/\\\/fjala.info\\\/2009-2015\\\/#\\\/schema\\\/person\\\/3aa1163ef05469c496fc94e77611ada2\",\"name\":\"admin\",\"image\":{\"@type\":\"ImageObject\",\"inLanguage\":\"sq-AL\",\"@id\":\"https:\\\/\\\/fjala.info\\\/2009-2015\\\/wp-content\\\/uploads\\\/2012\\\/02\\\/arben_cokaj-120x150.jpg\",\"url\":\"https:\\\/\\\/fjala.info\\\/2009-2015\\\/wp-content\\\/uploads\\\/2012\\\/02\\\/arben_cokaj-120x150.jpg\",\"contentUrl\":\"https:\\\/\\\/fjala.info\\\/2009-2015\\\/wp-content\\\/uploads\\\/2012\\\/02\\\/arben_cokaj-120x150.jpg\",\"caption\":\"admin\"},\"description\":\"Admin, Fjala e Lir\u00eb\",\"sameAs\":[\"https:\\\/\\\/fjala.info\\\/\"],\"url\":\"https:\\\/\\\/fjala.info\\\/2009-2015\\\/author\\\/admin\\\/\"}]}<\/script>\n<!-- \/ Yoast SEO plugin. -->","yoast_head_json":{"title":"Bujar Leskaj: Njeriu me \u201cletrat n\u00eb rregull\u201d! - FjALA e LIR\u00cb - Arkivi","robots":{"index":"index","follow":"follow","max-snippet":"max-snippet:-1","max-image-preview":"max-image-preview:large","max-video-preview":"max-video-preview:-1"},"canonical":"https:\/\/fjala.info\/2009-2015\/bujar-leskaj-njeriu-me-letrat-ne-rregull\/","og_locale":"sq_AL","og_type":"article","og_title":"Bujar Leskaj: Njeriu me \u201cletrat n\u00eb rregull\u201d! - FjALA e LIR\u00cb - Arkivi","og_description":"Nga Mero Baze, 19 N\u00ebntor 2011 Nj\u00eb biografi e paautorizuar e njeriut q\u00eb pritet t\u00eb b\u00ebhet kryetar i Kontrollit t\u00eb Shtetit. Historia e tij reale, lidhjet e tij me njer\u00ebzit e rrug\u00ebs, kultur\u00ebs dhe politikes si dhe shk\u00eblqimi verbues i CV-s\u00eb s\u00eb trash\u00eb Bujar Leskaj \u00ebsht\u00eb duke u votuar si Kryetar i Kontrollit t\u00eb Shtetit. [&hellip;]","og_url":"https:\/\/fjala.info\/2009-2015\/bujar-leskaj-njeriu-me-letrat-ne-rregull\/","og_site_name":"FjALA e LIR\u00cb - Arkivi","article_published_time":"2011-11-21T00:13:43+00:00","og_image":[{"url":"http:\/\/www.shkoder.net\/images\/fjala\/2011\/bujar_leskaj.jpg","type":"","width":"","height":""}],"author":"admin","twitter_card":"summary_large_image","twitter_misc":{"Written by":"admin","Est. reading time":"16 minutes"},"schema":{"@context":"https:\/\/schema.org","@graph":[{"@type":"Article","@id":"https:\/\/fjala.info\/2009-2015\/bujar-leskaj-njeriu-me-letrat-ne-rregull\/#article","isPartOf":{"@id":"https:\/\/fjala.info\/2009-2015\/bujar-leskaj-njeriu-me-letrat-ne-rregull\/"},"author":{"name":"admin","@id":"https:\/\/fjala.info\/2009-2015\/#\/schema\/person\/3aa1163ef05469c496fc94e77611ada2"},"headline":"Bujar Leskaj: Njeriu me \u201cletrat n\u00eb rregull\u201d!","datePublished":"2011-11-21T00:13:43+00:00","mainEntityOfPage":{"@id":"https:\/\/fjala.info\/2009-2015\/bujar-leskaj-njeriu-me-letrat-ne-rregull\/"},"wordCount":3153,"commentCount":0,"publisher":{"@id":"https:\/\/fjala.info\/2009-2015\/#organization"},"image":{"@id":"https:\/\/fjala.info\/2009-2015\/bujar-leskaj-njeriu-me-letrat-ne-rregull\/#primaryimage"},"thumbnailUrl":"http:\/\/www.shkoder.net\/images\/fjala\/2011\/bujar_leskaj.jpg","articleSection":["Artikuj"],"inLanguage":"sq-AL","potentialAction":[{"@type":"CommentAction","name":"Comment","target":["https:\/\/fjala.info\/2009-2015\/bujar-leskaj-njeriu-me-letrat-ne-rregull\/#respond"]}]},{"@type":"WebPage","@id":"https:\/\/fjala.info\/2009-2015\/bujar-leskaj-njeriu-me-letrat-ne-rregull\/","url":"https:\/\/fjala.info\/2009-2015\/bujar-leskaj-njeriu-me-letrat-ne-rregull\/","name":"Bujar Leskaj: Njeriu me \u201cletrat n\u00eb rregull\u201d! - FjALA e LIR\u00cb - Arkivi","isPartOf":{"@id":"https:\/\/fjala.info\/2009-2015\/#website"},"primaryImageOfPage":{"@id":"https:\/\/fjala.info\/2009-2015\/bujar-leskaj-njeriu-me-letrat-ne-rregull\/#primaryimage"},"image":{"@id":"https:\/\/fjala.info\/2009-2015\/bujar-leskaj-njeriu-me-letrat-ne-rregull\/#primaryimage"},"thumbnailUrl":"http:\/\/www.shkoder.net\/images\/fjala\/2011\/bujar_leskaj.jpg","datePublished":"2011-11-21T00:13:43+00:00","breadcrumb":{"@id":"https:\/\/fjala.info\/2009-2015\/bujar-leskaj-njeriu-me-letrat-ne-rregull\/#breadcrumb"},"inLanguage":"sq-AL","potentialAction":[{"@type":"ReadAction","target":["https:\/\/fjala.info\/2009-2015\/bujar-leskaj-njeriu-me-letrat-ne-rregull\/"]}]},{"@type":"ImageObject","inLanguage":"sq-AL","@id":"https:\/\/fjala.info\/2009-2015\/bujar-leskaj-njeriu-me-letrat-ne-rregull\/#primaryimage","url":"http:\/\/www.shkoder.net\/images\/fjala\/2011\/bujar_leskaj.jpg","contentUrl":"http:\/\/www.shkoder.net\/images\/fjala\/2011\/bujar_leskaj.jpg"},{"@type":"BreadcrumbList","@id":"https:\/\/fjala.info\/2009-2015\/bujar-leskaj-njeriu-me-letrat-ne-rregull\/#breadcrumb","itemListElement":[{"@type":"ListItem","position":1,"name":"Home","item":"https:\/\/fjala.info\/2009-2015\/"},{"@type":"ListItem","position":2,"name":"Bujar Leskaj: Njeriu me \u201cletrat n\u00eb rregull\u201d!"}]},{"@type":"WebSite","@id":"https:\/\/fjala.info\/2009-2015\/#website","url":"https:\/\/fjala.info\/2009-2015\/","name":"FjALA e LIR\u00cb - Arkivi","description":"Arkivi 2009-2015","publisher":{"@id":"https:\/\/fjala.info\/2009-2015\/#organization"},"potentialAction":[{"@type":"SearchAction","target":{"@type":"EntryPoint","urlTemplate":"https:\/\/fjala.info\/2009-2015\/?s={search_term_string}"},"query-input":{"@type":"PropertyValueSpecification","valueRequired":true,"valueName":"search_term_string"}}],"inLanguage":"sq-AL"},{"@type":"Organization","@id":"https:\/\/fjala.info\/2009-2015\/#organization","name":"FjALA e LIR\u00cb - Arkivi","url":"https:\/\/fjala.info\/2009-2015\/","logo":{"@type":"ImageObject","inLanguage":"sq-AL","@id":"https:\/\/fjala.info\/2009-2015\/#\/schema\/logo\/image\/","url":"","contentUrl":"","caption":"FjALA e LIR\u00cb - Arkivi"},"image":{"@id":"https:\/\/fjala.info\/2009-2015\/#\/schema\/logo\/image\/"}},{"@type":"Person","@id":"https:\/\/fjala.info\/2009-2015\/#\/schema\/person\/3aa1163ef05469c496fc94e77611ada2","name":"admin","image":{"@type":"ImageObject","inLanguage":"sq-AL","@id":"https:\/\/fjala.info\/2009-2015\/wp-content\/uploads\/2012\/02\/arben_cokaj-120x150.jpg","url":"https:\/\/fjala.info\/2009-2015\/wp-content\/uploads\/2012\/02\/arben_cokaj-120x150.jpg","contentUrl":"https:\/\/fjala.info\/2009-2015\/wp-content\/uploads\/2012\/02\/arben_cokaj-120x150.jpg","caption":"admin"},"description":"Admin, Fjala e Lir\u00eb","sameAs":["https:\/\/fjala.info\/"],"url":"https:\/\/fjala.info\/2009-2015\/author\/admin\/"}]}},"_links":{"self":[{"href":"https:\/\/fjala.info\/2009-2015\/wp-json\/wp\/v2\/posts\/11473","targetHints":{"allow":["GET"]}}],"collection":[{"href":"https:\/\/fjala.info\/2009-2015\/wp-json\/wp\/v2\/posts"}],"about":[{"href":"https:\/\/fjala.info\/2009-2015\/wp-json\/wp\/v2\/types\/post"}],"author":[{"embeddable":true,"href":"https:\/\/fjala.info\/2009-2015\/wp-json\/wp\/v2\/users\/1"}],"replies":[{"embeddable":true,"href":"https:\/\/fjala.info\/2009-2015\/wp-json\/wp\/v2\/comments?post=11473"}],"version-history":[{"count":0,"href":"https:\/\/fjala.info\/2009-2015\/wp-json\/wp\/v2\/posts\/11473\/revisions"}],"wp:attachment":[{"href":"https:\/\/fjala.info\/2009-2015\/wp-json\/wp\/v2\/media?parent=11473"}],"wp:term":[{"taxonomy":"category","embeddable":true,"href":"https:\/\/fjala.info\/2009-2015\/wp-json\/wp\/v2\/categories?post=11473"},{"taxonomy":"post_tag","embeddable":true,"href":"https:\/\/fjala.info\/2009-2015\/wp-json\/wp\/v2\/tags?post=11473"}],"curies":[{"name":"wp","href":"https:\/\/api.w.org\/{rel}","templated":true}]}}