{"id":11470,"date":"2011-11-19T11:37:11","date_gmt":"2011-11-19T10:37:11","guid":{"rendered":"http:\/\/fjala.shkoder.net\/?p=234"},"modified":"2011-11-19T11:37:11","modified_gmt":"2011-11-19T10:37:11","slug":"5-studiot-x-5-avokate-pa-llogaritur-njeren","status":"publish","type":"post","link":"https:\/\/fjala.info\/2009-2015\/5-studiot-x-5-avokate-pa-llogaritur-njeren\/","title":{"rendered":"5 studiot x 5 avokat\u00eb, pa llogaritur Nj\u00ebr\u00ebn"},"content":{"rendered":"<p><img decoding=\"async\" class=\"alignleft size-thumbnail wp-image-7236\" title=\"Peshore e drejt\u00ebsis\u00eb\" src=\"http:\/\/www.shkoder.net\/images\/fjala\/2011\/peshore_drejtesie.jpg\" alt=\"\" width=\"300\" \/> <strong><em>TemA e nxeht\u00eb e s\u00eb shtun\u00ebs<\/em><\/strong><\/p>\n<p>Nga <strong>Bledi Mane<\/strong>, <em>19 N\u00ebntor 2011<\/em><br \/>\nf<em>acebook.com\/bledi.mane<\/em><\/p>\n<p>Regjisori Taylor Hackford duket se ka b\u00ebr\u00eb zgjedhjet e duhura jo vet\u00ebm artistike, por edhe historike. Interpretimi i aktor\u00ebve hollivudian\u00eb Al Pacino, Keanu Reeves dhe Charlize Theron n\u00eb filmin \u201cAvokati i djallit\u201d dhe fabula intriguese e vet\u00eb filmit jan\u00eb b\u00ebr\u00eb tashm\u00eb etaloni i sjelljes dhe t\u00eb b\u00ebrit avokati kudo n\u00eb bot\u00eb. Bukuria q\u00eb vret s\u00eb jashtmi dhe therja e organizmit t\u00eb njer\u00ebzve q\u00eb supozohet se na mbrojn\u00eb n\u00eb at\u00eb film duket sikur her\u00eb-her\u00eb sjell skena nga Florida a Parisi, nga Tirana a Tokio. Drejt\u00ebsia v\u00ebrtitet rreth s\u00eb nj\u00ebjtit bosht e ku me m\u00eb shum\u00eb takt e ku harbut\u00e7e fare prokuror\u00eb, gjykat\u00ebs e avokat\u00eb japin e marrin duke m\u00ebsuar nga nj\u00ebri-tjetri pa njohur kufij. Avokatia e shnd\u00ebrruar n\u00eb biznes t\u00eb trash\u00ebguar dhe nj\u00ebkoh\u00ebsisht art n\u00eb t\u00eb mbrojtur mbetet nj\u00eb nga industrit\u00eb m\u00eb josh\u00ebse t\u00eb mendjeve t\u00eb zgjuara e t\u00eb thekura.<\/p>\n<p>N\u00eb Shqip\u00ebri ku prodhohen \u00e7do vit rreth 3469 jurist\u00eb duket se zanati m\u00eb i leht\u00eb dhe bazik mbetet avokatia. T\u00eb gjith\u00eb pa p\u00ebrjashtim pas p\u00ebrfundimit t\u00eb studimeve universitare u l\u00ebshohen studiove ligjore e pas nj\u00eb viti pune testohen nga Dhoma Komb\u00ebtare e licencohen p\u00ebr t\u00eb ushtruar zanatin e avokatit. Pavar\u00ebsisht se gjykatat penale a civile shqyrtojn\u00eb \u00e7do dit\u00eb qindra e qindra \u00e7\u00ebshtje t\u00eb ndryshme ende cil\u00ebsia e skuadrave t\u00eb mbrojtjes, avokat\u00ebve,mbetet p\u00ebr tu par\u00eb.<\/p>\n<p>N\u00eb publik avokati njihet jo si mbrojt\u00ebs i pal\u00ebve nd\u00ebrgjyq\u00ebse, por thjesht si sekseri i (e) shkath\u00ebt i (e) cili(a) fal\u00eb njohjeve t\u00eb vjetra a t\u00eb reja me prokuror\u00eb a gjyqtar\u00eb mundet q\u00eb mbi baz\u00ebn e parave q\u00eb ofrohen t\u00eb b\u00ebj\u00eb edhe mrekullira. Shqip\u00ebria mbetet nj\u00eb nga tranzicionet me sistemin m\u00eb t\u00eb kalbur dhe m\u00eb t\u00eb korruptuar t\u00eb drejt\u00ebsis\u00eb por fal\u00eb k\u00ebsaj stine t\u00eb r\u00ebnduar jan\u00eb establishuar edhe studiot e para ligjore a individ\u00eb t\u00eb ve\u00e7ant\u00eb t\u00eb cil\u00ebt pasi t\u00eb pasurohen r\u00ebndsh\u00ebm do t\u00eb fillojn\u00eb kthes\u00ebn e madhe historike p\u00ebr t\u00eb cil\u00ebn ky vend ka nevoj\u00eb emergjente.<\/p>\n<p>Pas gati kat\u00ebr muajsh skuadra e klubit social campusALBANIA pati kontakte, takime, konsultime me ente publike&amp;private dhe individ\u00eb t\u00eb ndrysh\u00ebm q\u00eb kontribuojn\u00eb n\u00eb sektorin e avokatis\u00eb dhe sot po listojm\u00eb 10 nga emrat dhe studiot m\u00eb prominente t\u00eb avokat\u00ebve m\u00eb t\u00eb suksessh\u00ebm t\u00eb vendit. Shpresojm\u00eb q\u00eb rubrika e k\u00ebsaj t\u00eb shtune do u ndihmonte disi n\u00eb p\u00ebrzgjedhjen q\u00eb do ti b\u00ebni avokatit tuaj t\u00eb ardhsh\u00ebm. Si p\u00ebrfundim m\u00eb p\u00eblqen tu rekomandoj edhe k\u00ebt\u00eb proverb anglez: \u201cPrezervativi, avokati dhe karta e kreditit jan\u00eb jetike kudo q\u00eb t\u00eb shkelni\u201d!<\/p>\n<p>1. <strong>Boga Law<\/strong><\/p>\n<p>Studioja ligjore Boga Law \u00ebsht\u00eb themeluar qysh n\u00eb vitin 1994 nga juristi Genc Boga. P\u00ebr gati 17 vite \u00ebsht\u00eb kthyer n\u00eb lider i sektorit t\u00eb sh\u00ebrbimeve ligjore, ve\u00e7an\u00ebrisht e profilizuar duksh\u00ebm n\u00eb \u00e7\u00ebshtje civile dhe ato t\u00eb taksave. Partnere lokale e organizmave dhe korporatave nd\u00ebrkomb\u00ebtare si Banka Bot\u00ebrore dhe KPMG. Studio Boga mbetet m\u00eb autoritarja n\u00eb vend me zyra\/filiale tashm\u00eb jo vet\u00ebm n\u00eb Tiran\u00eb, por edhe n\u00eb Prishtin\u00eb.<\/p>\n<p>2. <strong>Studioja Pustina &amp; Tashko<\/strong><\/p>\n<p>Dy t\u00eb rinj entuziast\u00eb t\u00eb mir\u00ebshkolluar, Floran Pustina dhe Flonia Tashko jan\u00eb n\u00eb tregun e avokatis\u00eb shqiptare prej vitit 2002. Fillimisht kan\u00eb qen\u00eb partner\u00eb n\u00eb studion Zaka, por m\u00eb pas kan\u00eb themeluar s\u00eb bashku studion Pustina&amp; Tashko. Flonia Tashko \u00ebsht\u00eb shkolluar n\u00eb Zvic\u00ebr dhe \u00ebsht\u00eb nga njoh\u00ebset m\u00eb t\u00eb mira t\u00eb ligjit p\u00ebr korporatat nd\u00ebrkomb\u00ebtare n\u00eb Shqip\u00ebri, e cila p\u00ebrb\u00ebn dhe shumic\u00ebn e klient\u00ebve t\u00eb tyre.<\/p>\n<p>3. <strong>Studio Zaka &amp; Kosta<\/strong><\/p>\n<p>P\u00ebrb\u00ebhet nga dy jurist\u00eb t\u00eb njohur me karrier\u00eb t\u00eb plot\u00eb n\u00eb sistemin gjyq\u00ebsor n\u00eb Shqip\u00ebri, Tefta Zaka dhe Vangjel Kosta. Me nj\u00eb p\u00ebrvoj\u00eb t\u00eb fort\u00eb n\u00eb sistemin e drejt\u00ebsis\u00eb e m\u00eb pas n\u00eb avokati, ata jan\u00eb sot nj\u00eb nga studiot e r\u00ebnd\u00ebsishme t\u00eb konsulenc\u00ebs s\u00eb biznesit dhe \u00e7\u00ebshtjeve civile n\u00eb Shqip\u00ebri.<\/p>\n<p>4. <strong>\u201cKalo &amp; associates\u201d<\/strong><\/p>\n<p>\u00cbsht\u00eb nd\u00ebr studiot e para n\u00eb Shqip\u00ebri, e themeluar qysh n\u00eb vitin 1994. \u00cbsht\u00eb e fokusuar tek ligji tregtar dhe konsulenca e biznesit. \u00cbsht\u00eb partner me studio t\u00eb r\u00ebnd\u00ebsishme nd\u00ebrkomb\u00ebtare dhe ka t\u00eb shtrir\u00eb aktivitetin e saj dhe n\u00eb Kosov\u00eb.<\/p>\n<p>5. <strong>Studio Haxhia &amp; Hajdari <\/strong><\/p>\n<p>Studio e avokatis\u00eb \u00ebsht\u00eb krijuar n\u00eb tetor t\u00eb vitit 1992 nga partneri saj Prof. As. Dr. Maksim R. Haxhia, jurist, me nj\u00eb karriere t\u00eb kompletuar n\u00eb struktura t\u00eb r\u00ebnd\u00ebsishme t\u00eb gjyq\u00ebsorit dhe ekzekutivit. U b\u00eb i njohur kur Berisha e shkarkoi nga kryeprokuror n\u00eb vitin 1992, dhe pastaj si avokat i grupeve m\u00eb t\u00eb rrezikshme kriminale n\u00eb vend, kur shum\u00eb pak vet\u00eb guxonin t\u2019i merrnin p\u00ebrsip\u00ebr. Nj\u00ebsoj si sot q\u00eb njihet m\u00eb s\u00eb shumti si avokat i Rezart Ta\u00e7it.<\/p>\n<p>Ofron sh\u00ebrbime ligjore, p\u00ebrfaq\u00ebsim n\u00eb juridiksione komb\u00ebtare dhe nd\u00ebrkomb\u00ebtare t\u00eb t\u00eb gjitha niveleve, konsulenc\u00eb fiskale dhe financiare, n\u00ebp\u00ebrmjet nj\u00eb p\u00ebrkushtimi maksimal dhe profesional.<\/p>\n<p><strong>Avokat\u00eb t\u00eb njohur<\/strong><\/p>\n<p>&#8211; <strong>Agim \u00c7ekrezi<\/strong><\/p>\n<p>Ish prokurori \u00c7ekrezi ka rreth 7 vjet q\u00eb i \u00ebsht\u00eb p\u00ebrkushtuar avokatis\u00eb. I profilizuar m\u00eb tep\u00ebr n\u00eb \u00e7\u00ebshtje penale, por pa len\u00eb pas dore as ato civile, mban nj\u00eb profil t\u00eb ul\u00ebt, i cili e ndihmon p\u00ebr t\u2019u shkuar deri n\u00eb fund \u00e7\u00ebshtjeve t\u00eb ndryshme q\u00eb merr p\u00ebrsip\u00ebr. Studioja e tij modeste n\u00eb af\u00ebrsi t\u00eb rrug\u00ebs s\u00eb Elbasanit \u00ebsht\u00eb gjithmon\u00eb e mbushur me klient\u00eb fal\u00eb korrekt\u00ebsis\u00eb dhe pragmatizmit profesional t\u00eb zotit \u00c7ekrezi.<\/p>\n<p>&#8211; <strong>Genc Gjokutaj<\/strong><\/p>\n<p>E etiketojn\u00eb shpesh her\u00eb si nj\u00eb prej ish prokuror\u00ebve t\u00eb hekurt t\u00eb Tiran\u00ebs. Madje p\u00ebrmendet edhe pretenca q\u00eb i dha dikur ish kryeministrit Fatos Nano, i cili humbi lirin\u00eb e tij p\u00ebr shkak t\u00eb aferave korruptive t\u00eb 1991-shit. Momentalisht zoti Gjokutaj thuhet pa m\u00ebdyshje nga koleg\u00ebt e tij se mbahet si penalisti m\u00eb i mir\u00eb dhe mbron peshq t\u00eb m\u00ebdhenj jo vet\u00ebm t\u00eb politik\u00ebs, por edhe biznesit. Njihet si avokat i Fazlli\u00e7it, Lul Bashes, Argit\u00ebs. Ku ka m\u00eb v\u00ebshtir\u00eb se kaq!<\/p>\n<p>&#8211; <strong>Eno Bushi<\/strong><\/p>\n<p>Zoti Bushi, pjes\u00eb e studios Ligjore \u201cBraka\u201d, www.studiobraka.com dikur nj\u00eb nga avokat\u00ebt aktiv\u00eb t\u00eb shoq\u00ebris\u00eb civile, nd\u00ebrsa sot m\u00eb racionali avokat jo vet\u00ebm i opozit\u00ebs, por edhe i medias. Racional dhe tep\u00ebr populist n\u00eb profesionin e tij, pavar\u00ebsisht betejave t\u00eb fituara ligjore nuk ka k\u00ebrkuar kurr\u00eb t\u00eb katapultohet deputet si rasti i \u201cAlibeaj\u201d me shok\u00eb.<\/p>\n<p>&#8211; <strong>Vladimir Me\u00e7e<\/strong><\/p>\n<p>Ish k\u00ebshilltari ligjor i nj\u00eb prej prej president\u00ebve t\u00eb tranzicionit, jurist me p\u00ebrvoj\u00eb kat\u00ebr dekad\u00ebshe, zoti Me\u00e7e mbetet nj\u00eb prej emrave m\u00eb t\u00eb respektuar t\u00eb avokatis\u00eb jo vet\u00ebm n\u00eb Tiran\u00eb. Me \u00e7\u00ebshtje mjaft delikate q\u00eb merr p\u00ebrsip\u00ebr p\u00ebr t\u00eb p\u00ebrfaq\u00ebsuar apo mbrojtur, ka nj\u00eb p\u00ebrqindje t\u00eb lart\u00eb suksesi dhe elokuenca e tij s\u00eb bashku me nj\u00eb profesionaliz\u00ebm shembullor mbetet nj\u00eb nga shinat model ku avokatia shqiptare ec\u00ebn plot siguri.<\/p>\n<p>&#8211; <strong>Plarent Ndreca<\/strong><\/p>\n<p>Studio ligjore T&amp;N (Telharaj &amp; Ndreca) \u00ebsht\u00eb nj\u00eb bashk\u00ebpunim i dy themeluesve t\u00eb saj Av. Edlira Telharaj dhe Av. Plarent Ndreca. Nj\u00eb studio relativisht e re dhe modeste, por e vler\u00ebsuar m\u00eb s\u00eb shumti nga klient\u00eb, bashk\u00ebpun\u00ebtor\u00eb dhe koleg\u00eb t\u00eb tjer\u00eb jurist\u00eb p\u00ebr sakt\u00ebsi n\u00eb analizimin, trajtimin dhe menaxhimin e situatave dhe problemeve t\u00eb marra n\u00eb ngarkim p\u00ebr tu zgjidhur,<\/p>\n<p>efikasitetin n\u00eb gjetjen e zgjidhjeve n\u00eb interesin m\u00eb t\u00eb lart\u00eb t\u00eb klient\u00ebve, disponueshm\u00ebri p\u00ebr takime dhe konsulenc\u00eb t\u00eb vazhdueshme n\u00eb p\u00ebrgjigje t\u00eb nevojave t\u00eb klient\u00ebve.<\/p>\n<p><em>Jasht\u00eb klasifikimit<\/em><\/p>\n<p><strong><em>100 studio ligjore x 100 avokat\u00eb <\/em><\/strong><\/p>\n<p>&#8211; <strong>Malltezi &amp; co.<\/strong><\/p>\n<p>Dikur ishte studio ligjore, m\u00eb pas person fizik, tani e papun\u00eb. Por ajo \u00ebsht\u00eb sa 100 studio dhe 100 avokat\u00eb shqiptar\u00eb. N\u00ebse ke ndonj\u00eb problem me shtetin, paguaj dhe zgjidhet duke d\u00ebrguar nj\u00eb \u00e7up\u00eblin\u00eb n\u00eb gjykat\u00eb duke th\u00ebn\u00eb ke t\u00eb fala nga \u201cAjo\u201d. N\u00ebse ke nj\u00eb problem me taksat, paguaj aty dhe d\u00ebrgo nj\u00eb \u00e7up\u00eblin\u00eb q\u00eb i thot\u00eb tatimorit kam paguar ATJE. N\u00ebse ke vrar\u00eb njeri, apo 26 vet\u00eb, n\u00ebse ke vjedhur 220 milion\u00eb euro apo m\u00eb shum\u00eb, n\u00ebse ke vrar\u00eb kat\u00ebr vet n\u00eb bulevard apo di\u00e7ka tjet\u00ebr, b\u00ebja me sy gjyqtarit dhe i thuaj jam klient i ASAJ.<\/p>\n<p>Po e nxjerrim m\u00ebnjan\u00eb pasi tani nuk ka m\u00eb as fytyr\u00eb, as em\u00ebr, as shifra sa merr. Kemi n\u00eb dor\u00eb dhe tarifat e saj. Nj\u00eb or\u00eb konsulence e ka 200 euro, nd\u00ebrsa kur e b\u00ebni me ndihm\u00ebsen e saj 140 euro. N\u00ebse keni nj\u00eb projekt deri n\u00eb 1 miliard euro dhe duhet ta firmos\u00eb kryeministri, duhet t\u2019i lini 3 p\u00ebr qind pages\u00eb suksesi asaj, d.m.th 30 milion\u00eb euro dhe kryeministri e firmos dhe sikur t\u00eb jet\u00eb i s\u00ebmur\u00eb n\u00eb shtrat, si\u00e7 i ndodh shpesh koh\u00ebt e fundit. E kemi p\u00ebrjashtuar nga klasifikimi se nuk \u00ebsht\u00eb n\u00eb gar\u00eb. \u00cbsht\u00eb n\u00eb pushtet.<\/p>\n","protected":false},"excerpt":{"rendered":"<p>TemA e nxeht\u00eb e s\u00eb shtun\u00ebs Nga Bledi Mane, 19 N\u00ebntor 2011 facebook.com\/bledi.mane Regjisori Taylor Hackford duket se ka b\u00ebr\u00eb zgjedhjet e duhura jo vet\u00ebm artistike, por edhe historike. Interpretimi i aktor\u00ebve hollivudian\u00eb Al Pacino, Keanu Reeves dhe Charlize Theron n\u00eb filmin \u201cAvokati i djallit\u201d dhe fabula intriguese e vet\u00eb filmit jan\u00eb b\u00ebr\u00eb tashm\u00eb etaloni [&hellip;]<\/p>\n","protected":false},"author":1,"featured_media":0,"comment_status":"open","ping_status":"closed","sticky":false,"template":"","format":"standard","meta":{"footnotes":""},"categories":[2],"tags":[],"class_list":{"0":"post-11470","1":"post","2":"type-post","3":"status-publish","4":"format-standard","6":"category-artikuj"},"yoast_head":"<!-- This site is optimized with the Yoast SEO plugin v27.4 - https:\/\/yoast.com\/product\/yoast-seo-wordpress\/ -->\n<title>5 studiot x 5 avokat\u00eb, pa llogaritur Nj\u00ebr\u00ebn - FjALA e LIR\u00cb - Arkivi<\/title>\n<meta name=\"robots\" content=\"index, follow, max-snippet:-1, max-image-preview:large, max-video-preview:-1\" \/>\n<link rel=\"canonical\" href=\"https:\/\/fjala.info\/2009-2015\/5-studiot-x-5-avokate-pa-llogaritur-njeren\/\" \/>\n<meta property=\"og:locale\" content=\"sq_AL\" \/>\n<meta property=\"og:type\" content=\"article\" \/>\n<meta property=\"og:title\" content=\"5 studiot x 5 avokat\u00eb, pa llogaritur Nj\u00ebr\u00ebn - FjALA e LIR\u00cb - Arkivi\" \/>\n<meta property=\"og:description\" content=\"TemA e nxeht\u00eb e s\u00eb shtun\u00ebs Nga Bledi Mane, 19 N\u00ebntor 2011 facebook.com\/bledi.mane Regjisori Taylor Hackford duket se ka b\u00ebr\u00eb zgjedhjet e duhura jo vet\u00ebm artistike, por edhe historike. Interpretimi i aktor\u00ebve hollivudian\u00eb Al Pacino, Keanu Reeves dhe Charlize Theron n\u00eb filmin \u201cAvokati i djallit\u201d dhe fabula intriguese e vet\u00eb filmit jan\u00eb b\u00ebr\u00eb tashm\u00eb etaloni [&hellip;]\" \/>\n<meta property=\"og:url\" content=\"https:\/\/fjala.info\/2009-2015\/5-studiot-x-5-avokate-pa-llogaritur-njeren\/\" \/>\n<meta property=\"og:site_name\" content=\"FjALA e LIR\u00cb - Arkivi\" \/>\n<meta property=\"article:published_time\" content=\"2011-11-19T10:37:11+00:00\" \/>\n<meta property=\"og:image\" content=\"http:\/\/www.shkoder.net\/images\/fjala\/2011\/peshore_drejtesie.jpg\" \/>\n<meta name=\"author\" content=\"admin\" \/>\n<meta name=\"twitter:card\" content=\"summary_large_image\" \/>\n<meta name=\"twitter:label1\" content=\"Written by\" \/>\n\t<meta name=\"twitter:data1\" content=\"admin\" \/>\n\t<meta name=\"twitter:label2\" content=\"Est. reading time\" \/>\n\t<meta name=\"twitter:data2\" content=\"8 minutes\" \/>\n<script type=\"application\/ld+json\" class=\"yoast-schema-graph\">{\"@context\":\"https:\\\/\\\/schema.org\",\"@graph\":[{\"@type\":\"Article\",\"@id\":\"https:\\\/\\\/fjala.info\\\/2009-2015\\\/5-studiot-x-5-avokate-pa-llogaritur-njeren\\\/#article\",\"isPartOf\":{\"@id\":\"https:\\\/\\\/fjala.info\\\/2009-2015\\\/5-studiot-x-5-avokate-pa-llogaritur-njeren\\\/\"},\"author\":{\"name\":\"admin\",\"@id\":\"https:\\\/\\\/fjala.info\\\/2009-2015\\\/#\\\/schema\\\/person\\\/3aa1163ef05469c496fc94e77611ada2\"},\"headline\":\"5 studiot x 5 avokat\u00eb, pa llogaritur Nj\u00ebr\u00ebn\",\"datePublished\":\"2011-11-19T10:37:11+00:00\",\"mainEntityOfPage\":{\"@id\":\"https:\\\/\\\/fjala.info\\\/2009-2015\\\/5-studiot-x-5-avokate-pa-llogaritur-njeren\\\/\"},\"wordCount\":1542,\"commentCount\":0,\"publisher\":{\"@id\":\"https:\\\/\\\/fjala.info\\\/2009-2015\\\/#organization\"},\"image\":{\"@id\":\"https:\\\/\\\/fjala.info\\\/2009-2015\\\/5-studiot-x-5-avokate-pa-llogaritur-njeren\\\/#primaryimage\"},\"thumbnailUrl\":\"http:\\\/\\\/www.shkoder.net\\\/images\\\/fjala\\\/2011\\\/peshore_drejtesie.jpg\",\"articleSection\":[\"Artikuj\"],\"inLanguage\":\"sq-AL\",\"potentialAction\":[{\"@type\":\"CommentAction\",\"name\":\"Comment\",\"target\":[\"https:\\\/\\\/fjala.info\\\/2009-2015\\\/5-studiot-x-5-avokate-pa-llogaritur-njeren\\\/#respond\"]}]},{\"@type\":\"WebPage\",\"@id\":\"https:\\\/\\\/fjala.info\\\/2009-2015\\\/5-studiot-x-5-avokate-pa-llogaritur-njeren\\\/\",\"url\":\"https:\\\/\\\/fjala.info\\\/2009-2015\\\/5-studiot-x-5-avokate-pa-llogaritur-njeren\\\/\",\"name\":\"5 studiot x 5 avokat\u00eb, pa llogaritur Nj\u00ebr\u00ebn - FjALA e LIR\u00cb - Arkivi\",\"isPartOf\":{\"@id\":\"https:\\\/\\\/fjala.info\\\/2009-2015\\\/#website\"},\"primaryImageOfPage\":{\"@id\":\"https:\\\/\\\/fjala.info\\\/2009-2015\\\/5-studiot-x-5-avokate-pa-llogaritur-njeren\\\/#primaryimage\"},\"image\":{\"@id\":\"https:\\\/\\\/fjala.info\\\/2009-2015\\\/5-studiot-x-5-avokate-pa-llogaritur-njeren\\\/#primaryimage\"},\"thumbnailUrl\":\"http:\\\/\\\/www.shkoder.net\\\/images\\\/fjala\\\/2011\\\/peshore_drejtesie.jpg\",\"datePublished\":\"2011-11-19T10:37:11+00:00\",\"breadcrumb\":{\"@id\":\"https:\\\/\\\/fjala.info\\\/2009-2015\\\/5-studiot-x-5-avokate-pa-llogaritur-njeren\\\/#breadcrumb\"},\"inLanguage\":\"sq-AL\",\"potentialAction\":[{\"@type\":\"ReadAction\",\"target\":[\"https:\\\/\\\/fjala.info\\\/2009-2015\\\/5-studiot-x-5-avokate-pa-llogaritur-njeren\\\/\"]}]},{\"@type\":\"ImageObject\",\"inLanguage\":\"sq-AL\",\"@id\":\"https:\\\/\\\/fjala.info\\\/2009-2015\\\/5-studiot-x-5-avokate-pa-llogaritur-njeren\\\/#primaryimage\",\"url\":\"http:\\\/\\\/www.shkoder.net\\\/images\\\/fjala\\\/2011\\\/peshore_drejtesie.jpg\",\"contentUrl\":\"http:\\\/\\\/www.shkoder.net\\\/images\\\/fjala\\\/2011\\\/peshore_drejtesie.jpg\"},{\"@type\":\"BreadcrumbList\",\"@id\":\"https:\\\/\\\/fjala.info\\\/2009-2015\\\/5-studiot-x-5-avokate-pa-llogaritur-njeren\\\/#breadcrumb\",\"itemListElement\":[{\"@type\":\"ListItem\",\"position\":1,\"name\":\"Home\",\"item\":\"https:\\\/\\\/fjala.info\\\/2009-2015\\\/\"},{\"@type\":\"ListItem\",\"position\":2,\"name\":\"5 studiot x 5 avokat\u00eb, pa llogaritur Nj\u00ebr\u00ebn\"}]},{\"@type\":\"WebSite\",\"@id\":\"https:\\\/\\\/fjala.info\\\/2009-2015\\\/#website\",\"url\":\"https:\\\/\\\/fjala.info\\\/2009-2015\\\/\",\"name\":\"FjALA e LIR\u00cb - Arkivi\",\"description\":\"Arkivi 2009-2015\",\"publisher\":{\"@id\":\"https:\\\/\\\/fjala.info\\\/2009-2015\\\/#organization\"},\"potentialAction\":[{\"@type\":\"SearchAction\",\"target\":{\"@type\":\"EntryPoint\",\"urlTemplate\":\"https:\\\/\\\/fjala.info\\\/2009-2015\\\/?s={search_term_string}\"},\"query-input\":{\"@type\":\"PropertyValueSpecification\",\"valueRequired\":true,\"valueName\":\"search_term_string\"}}],\"inLanguage\":\"sq-AL\"},{\"@type\":\"Organization\",\"@id\":\"https:\\\/\\\/fjala.info\\\/2009-2015\\\/#organization\",\"name\":\"FjALA e LIR\u00cb - Arkivi\",\"url\":\"https:\\\/\\\/fjala.info\\\/2009-2015\\\/\",\"logo\":{\"@type\":\"ImageObject\",\"inLanguage\":\"sq-AL\",\"@id\":\"https:\\\/\\\/fjala.info\\\/2009-2015\\\/#\\\/schema\\\/logo\\\/image\\\/\",\"url\":\"\",\"contentUrl\":\"\",\"caption\":\"FjALA e LIR\u00cb - Arkivi\"},\"image\":{\"@id\":\"https:\\\/\\\/fjala.info\\\/2009-2015\\\/#\\\/schema\\\/logo\\\/image\\\/\"}},{\"@type\":\"Person\",\"@id\":\"https:\\\/\\\/fjala.info\\\/2009-2015\\\/#\\\/schema\\\/person\\\/3aa1163ef05469c496fc94e77611ada2\",\"name\":\"admin\",\"image\":{\"@type\":\"ImageObject\",\"inLanguage\":\"sq-AL\",\"@id\":\"https:\\\/\\\/fjala.info\\\/2009-2015\\\/wp-content\\\/uploads\\\/2012\\\/02\\\/arben_cokaj-120x150.jpg\",\"url\":\"https:\\\/\\\/fjala.info\\\/2009-2015\\\/wp-content\\\/uploads\\\/2012\\\/02\\\/arben_cokaj-120x150.jpg\",\"contentUrl\":\"https:\\\/\\\/fjala.info\\\/2009-2015\\\/wp-content\\\/uploads\\\/2012\\\/02\\\/arben_cokaj-120x150.jpg\",\"caption\":\"admin\"},\"description\":\"Admin, Fjala e Lir\u00eb\",\"sameAs\":[\"https:\\\/\\\/fjala.info\\\/\"],\"url\":\"https:\\\/\\\/fjala.info\\\/2009-2015\\\/author\\\/admin\\\/\"}]}<\/script>\n<!-- \/ Yoast SEO plugin. -->","yoast_head_json":{"title":"5 studiot x 5 avokat\u00eb, pa llogaritur Nj\u00ebr\u00ebn - FjALA e LIR\u00cb - Arkivi","robots":{"index":"index","follow":"follow","max-snippet":"max-snippet:-1","max-image-preview":"max-image-preview:large","max-video-preview":"max-video-preview:-1"},"canonical":"https:\/\/fjala.info\/2009-2015\/5-studiot-x-5-avokate-pa-llogaritur-njeren\/","og_locale":"sq_AL","og_type":"article","og_title":"5 studiot x 5 avokat\u00eb, pa llogaritur Nj\u00ebr\u00ebn - FjALA e LIR\u00cb - Arkivi","og_description":"TemA e nxeht\u00eb e s\u00eb shtun\u00ebs Nga Bledi Mane, 19 N\u00ebntor 2011 facebook.com\/bledi.mane Regjisori Taylor Hackford duket se ka b\u00ebr\u00eb zgjedhjet e duhura jo vet\u00ebm artistike, por edhe historike. Interpretimi i aktor\u00ebve hollivudian\u00eb Al Pacino, Keanu Reeves dhe Charlize Theron n\u00eb filmin \u201cAvokati i djallit\u201d dhe fabula intriguese e vet\u00eb filmit jan\u00eb b\u00ebr\u00eb tashm\u00eb etaloni [&hellip;]","og_url":"https:\/\/fjala.info\/2009-2015\/5-studiot-x-5-avokate-pa-llogaritur-njeren\/","og_site_name":"FjALA e LIR\u00cb - Arkivi","article_published_time":"2011-11-19T10:37:11+00:00","og_image":[{"url":"http:\/\/www.shkoder.net\/images\/fjala\/2011\/peshore_drejtesie.jpg","type":"","width":"","height":""}],"author":"admin","twitter_card":"summary_large_image","twitter_misc":{"Written by":"admin","Est. reading time":"8 minutes"},"schema":{"@context":"https:\/\/schema.org","@graph":[{"@type":"Article","@id":"https:\/\/fjala.info\/2009-2015\/5-studiot-x-5-avokate-pa-llogaritur-njeren\/#article","isPartOf":{"@id":"https:\/\/fjala.info\/2009-2015\/5-studiot-x-5-avokate-pa-llogaritur-njeren\/"},"author":{"name":"admin","@id":"https:\/\/fjala.info\/2009-2015\/#\/schema\/person\/3aa1163ef05469c496fc94e77611ada2"},"headline":"5 studiot x 5 avokat\u00eb, pa llogaritur Nj\u00ebr\u00ebn","datePublished":"2011-11-19T10:37:11+00:00","mainEntityOfPage":{"@id":"https:\/\/fjala.info\/2009-2015\/5-studiot-x-5-avokate-pa-llogaritur-njeren\/"},"wordCount":1542,"commentCount":0,"publisher":{"@id":"https:\/\/fjala.info\/2009-2015\/#organization"},"image":{"@id":"https:\/\/fjala.info\/2009-2015\/5-studiot-x-5-avokate-pa-llogaritur-njeren\/#primaryimage"},"thumbnailUrl":"http:\/\/www.shkoder.net\/images\/fjala\/2011\/peshore_drejtesie.jpg","articleSection":["Artikuj"],"inLanguage":"sq-AL","potentialAction":[{"@type":"CommentAction","name":"Comment","target":["https:\/\/fjala.info\/2009-2015\/5-studiot-x-5-avokate-pa-llogaritur-njeren\/#respond"]}]},{"@type":"WebPage","@id":"https:\/\/fjala.info\/2009-2015\/5-studiot-x-5-avokate-pa-llogaritur-njeren\/","url":"https:\/\/fjala.info\/2009-2015\/5-studiot-x-5-avokate-pa-llogaritur-njeren\/","name":"5 studiot x 5 avokat\u00eb, pa llogaritur Nj\u00ebr\u00ebn - FjALA e LIR\u00cb - Arkivi","isPartOf":{"@id":"https:\/\/fjala.info\/2009-2015\/#website"},"primaryImageOfPage":{"@id":"https:\/\/fjala.info\/2009-2015\/5-studiot-x-5-avokate-pa-llogaritur-njeren\/#primaryimage"},"image":{"@id":"https:\/\/fjala.info\/2009-2015\/5-studiot-x-5-avokate-pa-llogaritur-njeren\/#primaryimage"},"thumbnailUrl":"http:\/\/www.shkoder.net\/images\/fjala\/2011\/peshore_drejtesie.jpg","datePublished":"2011-11-19T10:37:11+00:00","breadcrumb":{"@id":"https:\/\/fjala.info\/2009-2015\/5-studiot-x-5-avokate-pa-llogaritur-njeren\/#breadcrumb"},"inLanguage":"sq-AL","potentialAction":[{"@type":"ReadAction","target":["https:\/\/fjala.info\/2009-2015\/5-studiot-x-5-avokate-pa-llogaritur-njeren\/"]}]},{"@type":"ImageObject","inLanguage":"sq-AL","@id":"https:\/\/fjala.info\/2009-2015\/5-studiot-x-5-avokate-pa-llogaritur-njeren\/#primaryimage","url":"http:\/\/www.shkoder.net\/images\/fjala\/2011\/peshore_drejtesie.jpg","contentUrl":"http:\/\/www.shkoder.net\/images\/fjala\/2011\/peshore_drejtesie.jpg"},{"@type":"BreadcrumbList","@id":"https:\/\/fjala.info\/2009-2015\/5-studiot-x-5-avokate-pa-llogaritur-njeren\/#breadcrumb","itemListElement":[{"@type":"ListItem","position":1,"name":"Home","item":"https:\/\/fjala.info\/2009-2015\/"},{"@type":"ListItem","position":2,"name":"5 studiot x 5 avokat\u00eb, pa llogaritur Nj\u00ebr\u00ebn"}]},{"@type":"WebSite","@id":"https:\/\/fjala.info\/2009-2015\/#website","url":"https:\/\/fjala.info\/2009-2015\/","name":"FjALA e LIR\u00cb - Arkivi","description":"Arkivi 2009-2015","publisher":{"@id":"https:\/\/fjala.info\/2009-2015\/#organization"},"potentialAction":[{"@type":"SearchAction","target":{"@type":"EntryPoint","urlTemplate":"https:\/\/fjala.info\/2009-2015\/?s={search_term_string}"},"query-input":{"@type":"PropertyValueSpecification","valueRequired":true,"valueName":"search_term_string"}}],"inLanguage":"sq-AL"},{"@type":"Organization","@id":"https:\/\/fjala.info\/2009-2015\/#organization","name":"FjALA e LIR\u00cb - Arkivi","url":"https:\/\/fjala.info\/2009-2015\/","logo":{"@type":"ImageObject","inLanguage":"sq-AL","@id":"https:\/\/fjala.info\/2009-2015\/#\/schema\/logo\/image\/","url":"","contentUrl":"","caption":"FjALA e LIR\u00cb - Arkivi"},"image":{"@id":"https:\/\/fjala.info\/2009-2015\/#\/schema\/logo\/image\/"}},{"@type":"Person","@id":"https:\/\/fjala.info\/2009-2015\/#\/schema\/person\/3aa1163ef05469c496fc94e77611ada2","name":"admin","image":{"@type":"ImageObject","inLanguage":"sq-AL","@id":"https:\/\/fjala.info\/2009-2015\/wp-content\/uploads\/2012\/02\/arben_cokaj-120x150.jpg","url":"https:\/\/fjala.info\/2009-2015\/wp-content\/uploads\/2012\/02\/arben_cokaj-120x150.jpg","contentUrl":"https:\/\/fjala.info\/2009-2015\/wp-content\/uploads\/2012\/02\/arben_cokaj-120x150.jpg","caption":"admin"},"description":"Admin, Fjala e Lir\u00eb","sameAs":["https:\/\/fjala.info\/"],"url":"https:\/\/fjala.info\/2009-2015\/author\/admin\/"}]}},"_links":{"self":[{"href":"https:\/\/fjala.info\/2009-2015\/wp-json\/wp\/v2\/posts\/11470","targetHints":{"allow":["GET"]}}],"collection":[{"href":"https:\/\/fjala.info\/2009-2015\/wp-json\/wp\/v2\/posts"}],"about":[{"href":"https:\/\/fjala.info\/2009-2015\/wp-json\/wp\/v2\/types\/post"}],"author":[{"embeddable":true,"href":"https:\/\/fjala.info\/2009-2015\/wp-json\/wp\/v2\/users\/1"}],"replies":[{"embeddable":true,"href":"https:\/\/fjala.info\/2009-2015\/wp-json\/wp\/v2\/comments?post=11470"}],"version-history":[{"count":0,"href":"https:\/\/fjala.info\/2009-2015\/wp-json\/wp\/v2\/posts\/11470\/revisions"}],"wp:attachment":[{"href":"https:\/\/fjala.info\/2009-2015\/wp-json\/wp\/v2\/media?parent=11470"}],"wp:term":[{"taxonomy":"category","embeddable":true,"href":"https:\/\/fjala.info\/2009-2015\/wp-json\/wp\/v2\/categories?post=11470"},{"taxonomy":"post_tag","embeddable":true,"href":"https:\/\/fjala.info\/2009-2015\/wp-json\/wp\/v2\/tags?post=11470"}],"curies":[{"name":"wp","href":"https:\/\/api.w.org\/{rel}","templated":true}]}}