{"id":11469,"date":"2011-11-18T22:21:52","date_gmt":"2011-11-18T21:21:52","guid":{"rendered":"http:\/\/fjala.shkoder.net\/?p=223"},"modified":"2011-11-18T22:21:52","modified_gmt":"2011-11-18T21:21:52","slug":"misteri-i-hutimit-te-ilir-metes","status":"publish","type":"post","link":"https:\/\/fjala.info\/2009-2015\/misteri-i-hutimit-te-ilir-metes\/","title":{"rendered":"Misteri i hutimit t\u00eb Ilir Met\u00ebs"},"content":{"rendered":"<p><img decoding=\"async\" class=\"alignright size-thumbnail wp-image-7236\" title=\"Mero Baze\" src=\"http:\/\/www.shkoder.net\/images\/fjala\/mero_baze1.jpg\" alt=\"\" width=\"150\" \/> Nga <strong>Mero Baze<\/strong>, <em>18 N\u00ebntor 2011 <\/em><\/p>\n<p>Koh\u00ebt e fundit Ilir Meta \u00ebsht\u00eb v\u00ebn\u00eb n\u00eb qend\u00ebr t\u00eb disa teorive konspirative p\u00ebr mund\u00ebsin\u00eb e kthimit t\u00eb tij n\u00eb nj\u00eb minues t\u00eb shumic\u00ebs s\u00eb Sali Berish\u00ebs. Teoria m\u00eb e fundit konspirative, q\u00eb ka v\u00ebn\u00eb at\u00eb n\u00eb qend\u00ebr, \u00ebsht\u00eb nj\u00eb aleanc\u00eb e heshtur e tij me Bamir Topin. Prova e tij e v\u00ebshtir\u00eb me drejt\u00ebsin\u00eb, e cila po kalon me nj\u00eb kosto shum\u00eb t\u00eb r\u00ebnd\u00eb duke shkat\u00ebrruar t\u00ebr\u00ebsisht autoritetin e Gjykat\u00ebs s\u00eb Lart\u00eb, pazaret e tij p\u00ebr Guvernatorin e ri, problemet q\u00eb i rihapin ushtar\u00ebt e tij, arrestuar me qet\u00ebsi nga Sali Berisha si specie t\u00eb dala jasht\u00eb kontrollit, t\u00eb b\u00ebjn\u00eb t\u00eb besosh se ai ka probleme n\u00eb bashk\u00ebjetes\u00ebn me Sali Berish\u00ebn.<\/p>\n<p>Problemi real q\u00eb shihet nga larg ka t\u00eb b\u00ebj\u00eb me psikologjin\u00eb e tij p\u00ebr pushtetin. I m\u00ebsuar si nj\u00eb individi i gjith\u00ebpushtetsh\u00ebm n\u00eb koh\u00ebn e tij si kryeminist\u00ebr, ai shum\u00eb gj\u00ebra dhe nuk i kupton dot. Nuk kupton dot si t\u00eb jet\u00eb z\u00ebvend\u00ebskryeminist\u00ebr dhe ta diskretitojn\u00eb, si t\u00eb jet\u00eb z\u00ebvend\u00ebskryeminist\u00ebr dhe t\u00eb jap\u00eb dor\u00ebheqje p\u00ebr nj\u00eb video, si mund ta d\u00ebnoj\u00eb Gjykata e Lart\u00eb, kur ai e njeh kryetaren se i ka \u2018rregullu goc\u00ebn n\u00eb pun\u00eb\u2019, si mund t\u00eb quhet e vlefshme ekspertiza amerikane, e cila n\u00eb thelb \u00ebsht\u00eb nj\u00eb cop\u00eb let\u00ebr, t\u00eb cil\u00ebn mund ta shkruaj\u00eb dhe shoferi i tij, si mund t\u2019i arrestojn\u00eb bashk\u00ebpun\u00ebtor\u00ebt e tij se vidhnin ca naft\u00eb dhe benzin\u00eb n\u00ebp\u00ebr pika, nd\u00ebrkoh\u00eb q\u00eb disa nga ata kan\u00eb shkrir\u00eb pasurin\u00eb p\u00ebr t\u00eb, duke i nd\u00ebrtuar sht\u00ebpit\u00eb e shumta dhe duke mos marr\u00eb kurr\u00eb para prej tij, dhe mbi t\u00eb gjitha si t\u00eb mos njoftohet ai p\u00ebr t\u00eb gjitha k\u00ebto\u2026<\/p>\n<p>Ndenja e t\u00eb qenit n\u00eb pushtet tek ai \u00ebsht\u00eb tronditur. P\u00ebrfytyroni gruan e tij n\u00eb sht\u00ebpi, ul\u00ebrimat q\u00eb i kan\u00eb arrestuar kush\u00ebrinjt\u00eb dhe militant\u00ebt, ul\u00ebrima q\u00eb ata t\u00eb Gjykat\u00ebs nuk po mbyllin \u00e7\u00ebshtjen, ul\u00ebrima q\u00eb Argita e ka m\u00eb t\u00eb madhe vil\u00ebn n\u00eb Lal\u00ebz dhe Zamiri m\u00eb t\u00eb madhe n\u00eb Fark\u00eb, ul\u00ebrima p\u00ebr \u00e7do thashethem q\u00eb ata t\u00eb Familjes po b\u00ebjn\u00eb para m\u00eb shum\u00eb se ata\u2026 Dita- dit\u00ebs ai po ndjehet si lider i zhburr\u00ebruar, t\u00eb cilin po p\u00ebrpiqen ta paraqesin si njeri q\u00eb s\u2019ka m\u00eb gj\u00eb n\u00eb dor\u00eb. Repartet q\u00eb kan\u00eb hekurishte skrapi po mbarojn\u00eb dhe miqt\u00eb e tij t\u00eb darkave von\u00eb, Fahriu, Nari, Rasimi, Tasimi, Halimi, e \u00e7far\u00eb ka ai, po k\u00ebrkojn\u00eb biznese t\u00eb reja. Spitalet u mbush\u00ebn me ila\u00e7e t\u00eb skaduar dhe s\u2019kan\u00eb ku t\u2019i \u00e7ojn\u00eb m\u00eb, nd\u00ebrsa ambulancat jan\u00eb rregulluar nga dy her\u00eb edhe pse s\u2019ka kaluar dy vjet. Ky njeri ka nj\u00eb problem real me t\u00eb qenit n\u00eb qeveri.<\/p>\n<p>Gjith\u00eb k\u00ebtyre halleve t\u00eb tij reale i shtohet dhe presioni i opinionit publik. P\u00ebr t\u00eb mbyllur problemet e pafundme me drejt\u00ebsin\u00eb, atij i duhet Presidenti, i duhen njer\u00ebz q\u00eb t\u00eb qet\u00ebsojn\u00eb gjyqtar\u00ebt, t\u00eb jen\u00eb t\u00eb kujdessh\u00ebm me t\u00eb. Ai vet\u00eb n\u00eb Kuvend nuk ia ka prishur kurr\u00eb Presidentit, dhe \u00ebsht\u00eb treguar i kujdessh\u00ebm p\u00ebr t\u00eb qen\u00eb ndaras nga sulmet e Berish\u00ebs. Shum\u00eb gj\u00ebra q\u00eb ndodhin rreth tij me shum\u00eb eg\u00ebrsi dhe nuk i kupton, por mbi t\u00eb gjitha nuk kupton dot pse Kryeministri nuk e th\u00ebrret k\u00ebt\u00eb Bamirin, ta lej\u00eb president dhe t\u00eb bien rehat. Nuk kupton dot pse ky Bamiri b\u00ebhet kaq i eg\u00ebr dhe do t\u00eb krijoj\u00eb parti patjet\u00ebr, kur mund t\u00eb kap\u00eb ndonj\u00eb gj\u00eb tjet\u00ebr po t\u00eb ulen t\u00eb flasin. Dilemat e tij jan\u00eb t\u00eb pafundme pasi po bashk\u00ebjeton me t\u00eb ngjashmin e tij, por jo me t\u00eb nj\u00ebjtin si vetja. Po bashk\u00ebjeton me nj\u00eb njeri q\u00eb i do gjith\u00eb pushtete si Meta, gjith\u00eb parat\u00eb si Meta, gjith\u00eb drejt\u00ebsin\u00eb si Meta, gjith\u00eb institucionet si Meta, por jo me pazar. Ai i do t\u00eb mundur ata q\u00eb rezistojn\u00eb, t\u00eb dor\u00ebzuar dhe t\u00eb r\u00ebn\u00eb n\u00eb gjunj\u00eb para tij. Nuk i do tu d\u00ebrgoj\u00eb sekser\u00eb, t\u00eb b\u00ebjn\u00eb muhabet lek\u00ebsh, postesh dhe pazare t\u00eb tjera. Kjo e \u00e7udit shum\u00eb dhe e huton n\u00eb gjith\u00eb k\u00ebt\u00eb zallamahi. Duke ia kapur hutimin, t\u00eb gjith\u00eb tani po luajn\u00eb me t\u00eb. Topi i d\u00ebrgon sinjale pozitive duke heshtur p\u00ebr skandalet e drejt\u00ebsis\u00eb n\u00eb gjyqin ndaj tij, Rama vazhdon t\u00eb b\u00ebj\u00eb stretching pas shkrimit t\u00eb librit, duke u p\u00ebrpjekur t\u00eb shpij\u00eb gjymtyr\u00ebt duke luajtur me fjal\u00ebt \u2018der\u00eb e hapur\u2019, \u2018shansi i dyt\u00eb\u2019 dhe pirueta t\u00eb tjera, disa socialist\u00eb t\u00eb pafrenuar n\u00eb d\u00ebshir\u00ebn e tyre p\u00ebr pushtet flasin p\u00ebr nj\u00eb bashkim me \u201cku\u00e7 e ma\u00e7\u201d kund\u00ebr Saliut, dhe ai nuk ka si t\u00eb mos jet\u00eb i hutuar.<\/p>\n<p>Ai po matet t\u00eb b\u00ebj\u00eb di\u00e7ka. Dhe nuk ka faj. Ia kan\u00eb komplikuar shum\u00eb jet\u00ebn. N\u00eb mbr\u00ebmje i shkon Fahriu n\u00eb sht\u00ebpi dhe i thot\u00eb \u2018duhet mb\u00ebshtetur Bujar Leskaj, por heziton Saliu se e quan provokim t\u00eb Bamirit\u2019, pastaj del e shikon q\u00eb Bujar Leskaj sh\u00ebtit me Agron Kuliqin n\u00eb bllok p\u00ebr t\u00eb treguar q\u00eb \u00ebsht\u00eb me Saliun, d\u00ebgjon Saliun dhe ai thot\u00eb merrem me vepra, jo me llafe, pyet n\u00eb PD a do ta votojn\u00eb dhe i shikon m\u00eb t\u00eb hutuar se vetja, i duket loj\u00eb e madhe se mos ky Bamiri i ka th\u00ebn\u00eb Leskajt \u2018dil sh\u00ebtitje me Kuliqin q\u00eb t\u00eb g\u00ebnjejm\u00eb Berish\u00ebn\u2019, por prap\u00eb nuk i del llogaria se mendon q\u00eb Fahriu nuk e ka g\u00ebnjyer kurr\u00eb\u2026 dhe prap\u00eb hutohet.<\/p>\n<p>Rri e mendon prap\u00eb se ky Rama tha q\u00eb Meta ka nj\u00eb shans t\u00eb dyt\u00eb, dhe ky Bra\u00e7e tha nuk ka m\u00eb shans t\u00eb dyt\u00eb, se u ka th\u00ebn\u00eb kok\u00ebpalar\u00eb atyre q\u00eb jan\u00eb vrar\u00eb m\u00eb 21 janar, dhe rri e merr nj\u00eb mesatare t\u00eb shanseve duke menduar se ka nj\u00eb shans t\u00eb dyt\u00eb, por jo me PS, d.m.th me dik\u00eb tjet\u00ebr kund\u00ebr Berish\u00ebs dhe PS. Prap\u00eb i del p\u00ebrpara syve Bamiri. Rri e mendon se bashk\u00eb me t\u00eb mund ta rr\u00ebzojn\u00eb qeverin\u00eb para majit, ose ta \u00e7ojn\u00eb deri tek gremina, por prap\u00eb ka frik\u00eb se Malaj, Islami, Harasani dhe ndonj\u00eb tjet\u00ebr i ikin me Doktorin dhe i bie r\u00ebnd\u00ebsia dhe qeveria nuk rr\u00ebzohet, dhe ai ngel pa asgj\u00eb. K\u00ebtej socialist\u00ebt shkum\u00ebzojn\u00eb p\u00ebr t\u00eb si tradhtar, por ka plot q\u00eb kan\u00eb qejf q\u00eb ai ta laj\u00eb gabimin duke rr\u00ebzuar Berish\u00ebn, por jo duke shkuar tek ata\u2026<\/p>\n<p>Prap\u00eb p\u00ebrfytyron si i bie r\u00ebnd\u00ebsia n\u00ebse dikush tjet\u00ebr z\u00ebvend\u00ebson rolin e tij, sa shum\u00eb njer\u00ebz d\u00ebshp\u00ebrohen dhe ikin nga puna, sa shum\u00eb forcohen ata q\u00eb hyjn\u00eb qyl n\u00eb vend t\u00eb tij duke mos pasur as borxhe ndaj militant\u00ebve si\u00e7 ka ai. P\u00ebrfytyron sikur t\u2019i vij\u00eb ai q\u00eb i ka rregulluar sht\u00ebpin\u00eb n\u00eb Tiran\u00eb t\u2019i k\u00ebrkoj\u00eb lek\u00ebt, ata q\u00eb ia kan\u00eb falur t\u2019i k\u00ebrkojn\u00eb lek\u00ebt, Zamiri t\u2019i k\u00ebrkoj\u00eb lek\u00ebt, n\u00eb Gji t\u00eb Lalzit t\u2019i k\u00ebrkojn\u00eb lek\u00ebt, ata q\u00eb kan\u00eb marr\u00eb licenca hidrocentralesh e s\u2019po i b\u00ebjn\u00eb dot t\u2019i k\u00ebrkojn\u00eb lek\u00ebt\u2026 Kjo e kthjellon dhe e kthen prap\u00eb tek Berisha si zgjidhja m\u00eb e mir\u00eb, edhe pse po e posht\u00ebron.<\/p>\n<p>Por thell\u00eb- thell\u00eb ai \u00ebsht\u00eb nj\u00eb njeri q\u00eb mbijeton nga rrethana t\u00eb \u00e7astit dhe tani hallet q\u00eb ai ka me drejt\u00ebsin\u00eb m\u00eb shum\u00eb i ka n\u00eb dor\u00eb Topi. Njer\u00ebzit gum\u00ebzhijn\u00eb se k\u00ebta t\u00eb dy di\u00e7ka do b\u00ebjn\u00eb bashk\u00eb dhe fillon e d\u00ebgjon fjal\u00eb t\u00eb mira p\u00ebr veten. Pastaj drith\u00ebrohet kur mendon se k\u00ebto fjal\u00eb mund t\u00eb ken\u00eb shkuar deri tek Berisha, ndaj ia ka arrestuar mb\u00ebshtet\u00ebsit e vet, disa prej t\u00eb cil\u00ebve kush\u00ebrinj. Kjo puna e shansit t\u00eb dyt\u00eb i duket kot, se i ngjan si shans p\u00ebr tu pastruar, p\u00ebr tu ballafaquar me drejt\u00ebsin\u00eb dhe p\u00ebr tu b\u00ebr\u00eb politikan normal. D.m.th thjesht t\u00eb mos jet\u00eb m\u00eb Ilir Meta.<\/p>\n<p>I duket budallall\u00ebk. Ndaj e ka zgjidhur mir\u00eb. \u00cbsht\u00eb mbyllur n\u00eb sht\u00ebpi dhe turfullon. D\u00ebgjon dhe turfullimat e gruas. D\u00ebgjon dhe t\u00eb miqve e kush\u00ebrinjve q\u00eb i kan\u00eb z\u00ebn\u00eb sht\u00ebpin\u00eb dhe i thon\u00eb \u2018Berisha po ta fut\u2019. D\u00ebgjon dhe ata q\u00eb i thon\u00eb \u2018Edi Rama nuk foli keq\u2019. D\u00ebgjon dhe Bujar Leskajn q\u00eb i thot\u00eb \u2018m\u00eb voto mua se pastaj ja fusim Saliut\u2019. Se\u00e7 ka nj\u00eb gj\u00eb n\u00eb mendje q\u00eb do ta thot\u00eb, po nuk i vjen fjala e duhur. Hesht se nuk do q\u00eb ta shikojn\u00eb kaq t\u00eb d\u00ebshp\u00ebruar dhe t\u00eb hutuar. Nuk do t\u00eb zhg\u00ebnjej\u00eb as ata q\u00eb thon\u00eb se po tradhton Berish\u00ebn, as ata q\u00eb e din\u00eb mir\u00eb q\u00eb s\u2019ka p\u00ebr ta tradhtuar. Tani ai urren ata q\u00eb prish\u00ebn fuqin\u00eb e numrave. Urren Ben Blushin, Arben Malajn q\u00eb votuan kund\u00ebr PS, urren Ka\u00e7in dhe Harasanin q\u00eb jan\u00eb gati t\u00eb shkojn\u00eb me Doktorin, urren Idrizin apo ndonj\u00eb biznesmen tjet\u00ebr n\u00eb PS q\u00eb mund t\u00eb shkoj\u00eb n\u00eb PD, dhe natyrisht do q\u00eb Topi t\u00eb p\u00ebrpiqet t\u2019ia kompensoj k\u00ebt\u00eb plag\u00eb duke ia marr po kaq vet\u00eb Doktorit q\u00eb ai t\u00eb b\u00ebhet prap\u00eb i r\u00ebnd\u00ebsish\u00ebm. A do b\u00ebhet m\u00eb vall\u00eb i r\u00ebnd\u00ebsish\u00ebm?! Larg qoft\u00eb!<\/p>\n","protected":false},"excerpt":{"rendered":"<p>Nga Mero Baze, 18 N\u00ebntor 2011 Koh\u00ebt e fundit Ilir Meta \u00ebsht\u00eb v\u00ebn\u00eb n\u00eb qend\u00ebr t\u00eb disa teorive konspirative p\u00ebr mund\u00ebsin\u00eb e kthimit t\u00eb tij n\u00eb nj\u00eb minues t\u00eb shumic\u00ebs s\u00eb Sali Berish\u00ebs. Teoria m\u00eb e fundit konspirative, q\u00eb ka v\u00ebn\u00eb at\u00eb n\u00eb qend\u00ebr, \u00ebsht\u00eb nj\u00eb aleanc\u00eb e heshtur e tij me Bamir Topin. Prova [&hellip;]<\/p>\n","protected":false},"author":1,"featured_media":0,"comment_status":"open","ping_status":"closed","sticky":false,"template":"","format":"standard","meta":{"footnotes":""},"categories":[2],"tags":[],"class_list":{"0":"post-11469","1":"post","2":"type-post","3":"status-publish","4":"format-standard","6":"category-artikuj"},"yoast_head":"<!-- This site is optimized with the Yoast SEO plugin v27.4 - https:\/\/yoast.com\/product\/yoast-seo-wordpress\/ -->\n<title>Misteri i hutimit t\u00eb Ilir Met\u00ebs - FjALA e LIR\u00cb - Arkivi<\/title>\n<meta name=\"robots\" content=\"index, follow, max-snippet:-1, max-image-preview:large, max-video-preview:-1\" \/>\n<link rel=\"canonical\" href=\"https:\/\/fjala.info\/2009-2015\/misteri-i-hutimit-te-ilir-metes\/\" \/>\n<meta property=\"og:locale\" content=\"sq_AL\" \/>\n<meta property=\"og:type\" content=\"article\" \/>\n<meta property=\"og:title\" content=\"Misteri i hutimit t\u00eb Ilir Met\u00ebs - FjALA e LIR\u00cb - Arkivi\" \/>\n<meta property=\"og:description\" content=\"Nga Mero Baze, 18 N\u00ebntor 2011 Koh\u00ebt e fundit Ilir Meta \u00ebsht\u00eb v\u00ebn\u00eb n\u00eb qend\u00ebr t\u00eb disa teorive konspirative p\u00ebr mund\u00ebsin\u00eb e kthimit t\u00eb tij n\u00eb nj\u00eb minues t\u00eb shumic\u00ebs s\u00eb Sali Berish\u00ebs. Teoria m\u00eb e fundit konspirative, q\u00eb ka v\u00ebn\u00eb at\u00eb n\u00eb qend\u00ebr, \u00ebsht\u00eb nj\u00eb aleanc\u00eb e heshtur e tij me Bamir Topin. Prova [&hellip;]\" \/>\n<meta property=\"og:url\" content=\"https:\/\/fjala.info\/2009-2015\/misteri-i-hutimit-te-ilir-metes\/\" \/>\n<meta property=\"og:site_name\" content=\"FjALA e LIR\u00cb - Arkivi\" \/>\n<meta property=\"article:published_time\" content=\"2011-11-18T21:21:52+00:00\" \/>\n<meta property=\"og:image\" content=\"http:\/\/www.shkoder.net\/images\/fjala\/mero_baze1.jpg\" \/>\n<meta name=\"author\" content=\"admin\" \/>\n<meta name=\"twitter:card\" content=\"summary_large_image\" \/>\n<meta name=\"twitter:label1\" content=\"Written by\" \/>\n\t<meta name=\"twitter:data1\" content=\"admin\" \/>\n\t<meta name=\"twitter:label2\" content=\"Est. reading time\" \/>\n\t<meta name=\"twitter:data2\" content=\"8 minutes\" \/>\n<script type=\"application\/ld+json\" class=\"yoast-schema-graph\">{\"@context\":\"https:\\\/\\\/schema.org\",\"@graph\":[{\"@type\":\"Article\",\"@id\":\"https:\\\/\\\/fjala.info\\\/2009-2015\\\/misteri-i-hutimit-te-ilir-metes\\\/#article\",\"isPartOf\":{\"@id\":\"https:\\\/\\\/fjala.info\\\/2009-2015\\\/misteri-i-hutimit-te-ilir-metes\\\/\"},\"author\":{\"name\":\"admin\",\"@id\":\"https:\\\/\\\/fjala.info\\\/2009-2015\\\/#\\\/schema\\\/person\\\/3aa1163ef05469c496fc94e77611ada2\"},\"headline\":\"Misteri i hutimit t\u00eb Ilir Met\u00ebs\",\"datePublished\":\"2011-11-18T21:21:52+00:00\",\"mainEntityOfPage\":{\"@id\":\"https:\\\/\\\/fjala.info\\\/2009-2015\\\/misteri-i-hutimit-te-ilir-metes\\\/\"},\"wordCount\":1646,\"commentCount\":1,\"publisher\":{\"@id\":\"https:\\\/\\\/fjala.info\\\/2009-2015\\\/#organization\"},\"image\":{\"@id\":\"https:\\\/\\\/fjala.info\\\/2009-2015\\\/misteri-i-hutimit-te-ilir-metes\\\/#primaryimage\"},\"thumbnailUrl\":\"http:\\\/\\\/www.shkoder.net\\\/images\\\/fjala\\\/mero_baze1.jpg\",\"articleSection\":[\"Artikuj\"],\"inLanguage\":\"sq-AL\",\"potentialAction\":[{\"@type\":\"CommentAction\",\"name\":\"Comment\",\"target\":[\"https:\\\/\\\/fjala.info\\\/2009-2015\\\/misteri-i-hutimit-te-ilir-metes\\\/#respond\"]}]},{\"@type\":\"WebPage\",\"@id\":\"https:\\\/\\\/fjala.info\\\/2009-2015\\\/misteri-i-hutimit-te-ilir-metes\\\/\",\"url\":\"https:\\\/\\\/fjala.info\\\/2009-2015\\\/misteri-i-hutimit-te-ilir-metes\\\/\",\"name\":\"Misteri i hutimit t\u00eb Ilir Met\u00ebs - FjALA e LIR\u00cb - Arkivi\",\"isPartOf\":{\"@id\":\"https:\\\/\\\/fjala.info\\\/2009-2015\\\/#website\"},\"primaryImageOfPage\":{\"@id\":\"https:\\\/\\\/fjala.info\\\/2009-2015\\\/misteri-i-hutimit-te-ilir-metes\\\/#primaryimage\"},\"image\":{\"@id\":\"https:\\\/\\\/fjala.info\\\/2009-2015\\\/misteri-i-hutimit-te-ilir-metes\\\/#primaryimage\"},\"thumbnailUrl\":\"http:\\\/\\\/www.shkoder.net\\\/images\\\/fjala\\\/mero_baze1.jpg\",\"datePublished\":\"2011-11-18T21:21:52+00:00\",\"breadcrumb\":{\"@id\":\"https:\\\/\\\/fjala.info\\\/2009-2015\\\/misteri-i-hutimit-te-ilir-metes\\\/#breadcrumb\"},\"inLanguage\":\"sq-AL\",\"potentialAction\":[{\"@type\":\"ReadAction\",\"target\":[\"https:\\\/\\\/fjala.info\\\/2009-2015\\\/misteri-i-hutimit-te-ilir-metes\\\/\"]}]},{\"@type\":\"ImageObject\",\"inLanguage\":\"sq-AL\",\"@id\":\"https:\\\/\\\/fjala.info\\\/2009-2015\\\/misteri-i-hutimit-te-ilir-metes\\\/#primaryimage\",\"url\":\"http:\\\/\\\/www.shkoder.net\\\/images\\\/fjala\\\/mero_baze1.jpg\",\"contentUrl\":\"http:\\\/\\\/www.shkoder.net\\\/images\\\/fjala\\\/mero_baze1.jpg\"},{\"@type\":\"BreadcrumbList\",\"@id\":\"https:\\\/\\\/fjala.info\\\/2009-2015\\\/misteri-i-hutimit-te-ilir-metes\\\/#breadcrumb\",\"itemListElement\":[{\"@type\":\"ListItem\",\"position\":1,\"name\":\"Home\",\"item\":\"https:\\\/\\\/fjala.info\\\/2009-2015\\\/\"},{\"@type\":\"ListItem\",\"position\":2,\"name\":\"Misteri i hutimit t\u00eb Ilir Met\u00ebs\"}]},{\"@type\":\"WebSite\",\"@id\":\"https:\\\/\\\/fjala.info\\\/2009-2015\\\/#website\",\"url\":\"https:\\\/\\\/fjala.info\\\/2009-2015\\\/\",\"name\":\"FjALA e LIR\u00cb - Arkivi\",\"description\":\"Arkivi 2009-2015\",\"publisher\":{\"@id\":\"https:\\\/\\\/fjala.info\\\/2009-2015\\\/#organization\"},\"potentialAction\":[{\"@type\":\"SearchAction\",\"target\":{\"@type\":\"EntryPoint\",\"urlTemplate\":\"https:\\\/\\\/fjala.info\\\/2009-2015\\\/?s={search_term_string}\"},\"query-input\":{\"@type\":\"PropertyValueSpecification\",\"valueRequired\":true,\"valueName\":\"search_term_string\"}}],\"inLanguage\":\"sq-AL\"},{\"@type\":\"Organization\",\"@id\":\"https:\\\/\\\/fjala.info\\\/2009-2015\\\/#organization\",\"name\":\"FjALA e LIR\u00cb - Arkivi\",\"url\":\"https:\\\/\\\/fjala.info\\\/2009-2015\\\/\",\"logo\":{\"@type\":\"ImageObject\",\"inLanguage\":\"sq-AL\",\"@id\":\"https:\\\/\\\/fjala.info\\\/2009-2015\\\/#\\\/schema\\\/logo\\\/image\\\/\",\"url\":\"\",\"contentUrl\":\"\",\"caption\":\"FjALA e LIR\u00cb - Arkivi\"},\"image\":{\"@id\":\"https:\\\/\\\/fjala.info\\\/2009-2015\\\/#\\\/schema\\\/logo\\\/image\\\/\"}},{\"@type\":\"Person\",\"@id\":\"https:\\\/\\\/fjala.info\\\/2009-2015\\\/#\\\/schema\\\/person\\\/3aa1163ef05469c496fc94e77611ada2\",\"name\":\"admin\",\"image\":{\"@type\":\"ImageObject\",\"inLanguage\":\"sq-AL\",\"@id\":\"https:\\\/\\\/fjala.info\\\/2009-2015\\\/wp-content\\\/uploads\\\/2012\\\/02\\\/arben_cokaj-120x150.jpg\",\"url\":\"https:\\\/\\\/fjala.info\\\/2009-2015\\\/wp-content\\\/uploads\\\/2012\\\/02\\\/arben_cokaj-120x150.jpg\",\"contentUrl\":\"https:\\\/\\\/fjala.info\\\/2009-2015\\\/wp-content\\\/uploads\\\/2012\\\/02\\\/arben_cokaj-120x150.jpg\",\"caption\":\"admin\"},\"description\":\"Admin, Fjala e Lir\u00eb\",\"sameAs\":[\"https:\\\/\\\/fjala.info\\\/\"],\"url\":\"https:\\\/\\\/fjala.info\\\/2009-2015\\\/author\\\/admin\\\/\"}]}<\/script>\n<!-- \/ Yoast SEO plugin. -->","yoast_head_json":{"title":"Misteri i hutimit t\u00eb Ilir Met\u00ebs - FjALA e LIR\u00cb - Arkivi","robots":{"index":"index","follow":"follow","max-snippet":"max-snippet:-1","max-image-preview":"max-image-preview:large","max-video-preview":"max-video-preview:-1"},"canonical":"https:\/\/fjala.info\/2009-2015\/misteri-i-hutimit-te-ilir-metes\/","og_locale":"sq_AL","og_type":"article","og_title":"Misteri i hutimit t\u00eb Ilir Met\u00ebs - FjALA e LIR\u00cb - Arkivi","og_description":"Nga Mero Baze, 18 N\u00ebntor 2011 Koh\u00ebt e fundit Ilir Meta \u00ebsht\u00eb v\u00ebn\u00eb n\u00eb qend\u00ebr t\u00eb disa teorive konspirative p\u00ebr mund\u00ebsin\u00eb e kthimit t\u00eb tij n\u00eb nj\u00eb minues t\u00eb shumic\u00ebs s\u00eb Sali Berish\u00ebs. Teoria m\u00eb e fundit konspirative, q\u00eb ka v\u00ebn\u00eb at\u00eb n\u00eb qend\u00ebr, \u00ebsht\u00eb nj\u00eb aleanc\u00eb e heshtur e tij me Bamir Topin. Prova [&hellip;]","og_url":"https:\/\/fjala.info\/2009-2015\/misteri-i-hutimit-te-ilir-metes\/","og_site_name":"FjALA e LIR\u00cb - Arkivi","article_published_time":"2011-11-18T21:21:52+00:00","og_image":[{"url":"http:\/\/www.shkoder.net\/images\/fjala\/mero_baze1.jpg","type":"","width":"","height":""}],"author":"admin","twitter_card":"summary_large_image","twitter_misc":{"Written by":"admin","Est. reading time":"8 minutes"},"schema":{"@context":"https:\/\/schema.org","@graph":[{"@type":"Article","@id":"https:\/\/fjala.info\/2009-2015\/misteri-i-hutimit-te-ilir-metes\/#article","isPartOf":{"@id":"https:\/\/fjala.info\/2009-2015\/misteri-i-hutimit-te-ilir-metes\/"},"author":{"name":"admin","@id":"https:\/\/fjala.info\/2009-2015\/#\/schema\/person\/3aa1163ef05469c496fc94e77611ada2"},"headline":"Misteri i hutimit t\u00eb Ilir Met\u00ebs","datePublished":"2011-11-18T21:21:52+00:00","mainEntityOfPage":{"@id":"https:\/\/fjala.info\/2009-2015\/misteri-i-hutimit-te-ilir-metes\/"},"wordCount":1646,"commentCount":1,"publisher":{"@id":"https:\/\/fjala.info\/2009-2015\/#organization"},"image":{"@id":"https:\/\/fjala.info\/2009-2015\/misteri-i-hutimit-te-ilir-metes\/#primaryimage"},"thumbnailUrl":"http:\/\/www.shkoder.net\/images\/fjala\/mero_baze1.jpg","articleSection":["Artikuj"],"inLanguage":"sq-AL","potentialAction":[{"@type":"CommentAction","name":"Comment","target":["https:\/\/fjala.info\/2009-2015\/misteri-i-hutimit-te-ilir-metes\/#respond"]}]},{"@type":"WebPage","@id":"https:\/\/fjala.info\/2009-2015\/misteri-i-hutimit-te-ilir-metes\/","url":"https:\/\/fjala.info\/2009-2015\/misteri-i-hutimit-te-ilir-metes\/","name":"Misteri i hutimit t\u00eb Ilir Met\u00ebs - FjALA e LIR\u00cb - Arkivi","isPartOf":{"@id":"https:\/\/fjala.info\/2009-2015\/#website"},"primaryImageOfPage":{"@id":"https:\/\/fjala.info\/2009-2015\/misteri-i-hutimit-te-ilir-metes\/#primaryimage"},"image":{"@id":"https:\/\/fjala.info\/2009-2015\/misteri-i-hutimit-te-ilir-metes\/#primaryimage"},"thumbnailUrl":"http:\/\/www.shkoder.net\/images\/fjala\/mero_baze1.jpg","datePublished":"2011-11-18T21:21:52+00:00","breadcrumb":{"@id":"https:\/\/fjala.info\/2009-2015\/misteri-i-hutimit-te-ilir-metes\/#breadcrumb"},"inLanguage":"sq-AL","potentialAction":[{"@type":"ReadAction","target":["https:\/\/fjala.info\/2009-2015\/misteri-i-hutimit-te-ilir-metes\/"]}]},{"@type":"ImageObject","inLanguage":"sq-AL","@id":"https:\/\/fjala.info\/2009-2015\/misteri-i-hutimit-te-ilir-metes\/#primaryimage","url":"http:\/\/www.shkoder.net\/images\/fjala\/mero_baze1.jpg","contentUrl":"http:\/\/www.shkoder.net\/images\/fjala\/mero_baze1.jpg"},{"@type":"BreadcrumbList","@id":"https:\/\/fjala.info\/2009-2015\/misteri-i-hutimit-te-ilir-metes\/#breadcrumb","itemListElement":[{"@type":"ListItem","position":1,"name":"Home","item":"https:\/\/fjala.info\/2009-2015\/"},{"@type":"ListItem","position":2,"name":"Misteri i hutimit t\u00eb Ilir Met\u00ebs"}]},{"@type":"WebSite","@id":"https:\/\/fjala.info\/2009-2015\/#website","url":"https:\/\/fjala.info\/2009-2015\/","name":"FjALA e LIR\u00cb - Arkivi","description":"Arkivi 2009-2015","publisher":{"@id":"https:\/\/fjala.info\/2009-2015\/#organization"},"potentialAction":[{"@type":"SearchAction","target":{"@type":"EntryPoint","urlTemplate":"https:\/\/fjala.info\/2009-2015\/?s={search_term_string}"},"query-input":{"@type":"PropertyValueSpecification","valueRequired":true,"valueName":"search_term_string"}}],"inLanguage":"sq-AL"},{"@type":"Organization","@id":"https:\/\/fjala.info\/2009-2015\/#organization","name":"FjALA e LIR\u00cb - Arkivi","url":"https:\/\/fjala.info\/2009-2015\/","logo":{"@type":"ImageObject","inLanguage":"sq-AL","@id":"https:\/\/fjala.info\/2009-2015\/#\/schema\/logo\/image\/","url":"","contentUrl":"","caption":"FjALA e LIR\u00cb - Arkivi"},"image":{"@id":"https:\/\/fjala.info\/2009-2015\/#\/schema\/logo\/image\/"}},{"@type":"Person","@id":"https:\/\/fjala.info\/2009-2015\/#\/schema\/person\/3aa1163ef05469c496fc94e77611ada2","name":"admin","image":{"@type":"ImageObject","inLanguage":"sq-AL","@id":"https:\/\/fjala.info\/2009-2015\/wp-content\/uploads\/2012\/02\/arben_cokaj-120x150.jpg","url":"https:\/\/fjala.info\/2009-2015\/wp-content\/uploads\/2012\/02\/arben_cokaj-120x150.jpg","contentUrl":"https:\/\/fjala.info\/2009-2015\/wp-content\/uploads\/2012\/02\/arben_cokaj-120x150.jpg","caption":"admin"},"description":"Admin, Fjala e Lir\u00eb","sameAs":["https:\/\/fjala.info\/"],"url":"https:\/\/fjala.info\/2009-2015\/author\/admin\/"}]}},"_links":{"self":[{"href":"https:\/\/fjala.info\/2009-2015\/wp-json\/wp\/v2\/posts\/11469","targetHints":{"allow":["GET"]}}],"collection":[{"href":"https:\/\/fjala.info\/2009-2015\/wp-json\/wp\/v2\/posts"}],"about":[{"href":"https:\/\/fjala.info\/2009-2015\/wp-json\/wp\/v2\/types\/post"}],"author":[{"embeddable":true,"href":"https:\/\/fjala.info\/2009-2015\/wp-json\/wp\/v2\/users\/1"}],"replies":[{"embeddable":true,"href":"https:\/\/fjala.info\/2009-2015\/wp-json\/wp\/v2\/comments?post=11469"}],"version-history":[{"count":0,"href":"https:\/\/fjala.info\/2009-2015\/wp-json\/wp\/v2\/posts\/11469\/revisions"}],"wp:attachment":[{"href":"https:\/\/fjala.info\/2009-2015\/wp-json\/wp\/v2\/media?parent=11469"}],"wp:term":[{"taxonomy":"category","embeddable":true,"href":"https:\/\/fjala.info\/2009-2015\/wp-json\/wp\/v2\/categories?post=11469"},{"taxonomy":"post_tag","embeddable":true,"href":"https:\/\/fjala.info\/2009-2015\/wp-json\/wp\/v2\/tags?post=11469"}],"curies":[{"name":"wp","href":"https:\/\/api.w.org\/{rel}","templated":true}]}}