{"id":11468,"date":"2011-11-17T22:30:02","date_gmt":"2011-11-17T21:30:02","guid":{"rendered":"http:\/\/fjala.shkoder.net\/?p=225"},"modified":"2011-11-17T22:30:02","modified_gmt":"2011-11-17T21:30:02","slug":"shkaterrimi-total-i-arsimit-te-larte","status":"publish","type":"post","link":"https:\/\/fjala.info\/2009-2015\/shkaterrimi-total-i-arsimit-te-larte\/","title":{"rendered":"Shkat\u00ebrrimi total i arsimit t\u00eb lart\u00eb"},"content":{"rendered":"<p>Nga <strong>Victor Meursault<\/strong>, <em>18 n\u00ebntor 2011<\/em><\/p>\n<p>N\u00eb vijim t\u00eb nj\u00eb debati q\u00eb shtrohet shpesh, sa her\u00eb nj\u00eb qeveri apo Minist\u00ebr Arsimi vendos t\u00eb nd\u00ebrmarr\u00eb t\u00eb ashtuquajtura reforma q\u00eb prekin mij\u00ebra student\u00eb t\u00eb tanish\u00ebm, t\u00eb tjer\u00eb t\u00eb ardhsh\u00ebm e sidomos profesionist\u00ebt q\u00eb rreken t\u2019i afrohen tregut t\u00eb pun\u00ebs, rreshtat e m\u00ebposht\u00ebm paraqesin nj\u00eb p\u00ebrpjekje p\u00ebr ta analizuar k\u00ebt\u00eb sistem dhe fazat e ndryshme n\u00ebp\u00ebr t\u00eb cilat ai \u00ebsht\u00eb transformuar sipas vullneteve t\u00eb nj\u00eb pakice q\u00eb ka vendosur e vetme.<\/p>\n<p>Le ta nisim analiz\u00ebn prej vitit 2005, n\u00eb koh\u00ebn kur kemi patur rotacionin e fundit politik q\u00eb solli ardhjen e PD-sw n\u00eb pushtet. Gjendja asokohe na paraqitej me universitetet publike e fakultetet p\u00ebrkat\u00ebse q\u00eb g\u00ebzonin nj\u00eb autonomi t\u00eb konsiderueshme, duke nisur nga vendim-marrja e deri te kuotat e studimit dhe m\u00ebnyrat e pranimit t\u00eb student\u00ebve q\u00eb p\u00ebrcaktoheshin nga vet\u00eb Institucionet e Arsimit t\u00eb Lart\u00eb n\u00eb baz\u00eb t\u00eb kapaciteteve dhe mund\u00ebsive q\u00eb ato kishin. Paralelisht n\u00eb koh\u00ebn q\u00eb flasim ushtronin aktivitetin e tyre vet\u00ebm 3 universitete private, t\u00eb li\u00e7ensuara e ende n\u00eb hapat e par\u00eb t\u00eb zhvillimit t\u00eb tyre, t\u00eb p\u00ebrqendruara secila vet\u00ebm n\u00eb nj\u00eb profil studimesh. K\u00ebsisoj p\u00ebrqindja e atyre q\u00eb nisnin ciklin e studimeve t\u00eb larta ishte brenda normave t\u00eb pranueshme p\u00ebr nj\u00eb vend si Shqip\u00ebria, duke llogaritur indekset p\u00ebrkat\u00ebse t\u00eb popullsis\u00eb dhe t\u00eb nevojave t\u00eb tregut, nd\u00ebrkoh\u00eb q\u00eb gjithashtu vlen t\u00eb kujtohet nj\u00eb num\u00ebr i konsideruesh\u00ebm deri diku konstant, i cili \u00e7do vit largohet p\u00ebr t\u00eb ndjekur studimet jasht\u00eb vendit.<\/p>\n<p>N\u00eb k\u00ebt\u00eb pik\u00eb z\u00eb fill ai q\u00eb mund t\u00eb konsiderohet shkat\u00ebrrimi total i arsimit t\u00eb lart\u00eb shqiptar, bazuar n\u00eb interesa krejt\u00ebsisht elektorale, personale t\u00eb biznesmen\u00ebve t\u00eb arsimit e jo vet\u00ebm. Ishte nj\u00eb nd\u00ebr premtimet m\u00eb t\u00eb bujshme elektorale t\u00eb opozit\u00ebs s\u00eb at\u00ebhershme, rritja e numrit t\u00eb atyre q\u00eb vazhdojn\u00eb studimet e larta, e n\u00eb nj\u00eb m\u00ebnyr\u00eb apo n\u00eb nj\u00eb tjet\u00ebr e realizuan, p\u00ebr fat t\u00eb keq n\u00eb kurriz t\u00eb t\u00eb gjith\u00eb student\u00ebve, t\u00eb cil\u00ebt pa qen\u00eb t\u00eb vet\u00ebdijsh\u00ebm u b\u00ebn\u00eb pjes\u00eb e eksperimenteve t\u00eb nj\u00eb-pas-nj\u00ebshme q\u00eb vazhdojn\u00eb t\u00eb b\u00ebhen edhe sot.<\/p>\n<p>N\u00eb m\u00ebnyr\u00eb marramend\u00ebse u rrit numri i Universiteteve Private, t\u00eb cilat nis\u00ebn t\u00eb li\u00e7ensohen nga K\u00ebshilli i Ministrave nj\u00ebra pas tjetr\u00ebs e n\u00eb krye t\u00eb 5 viteve arrit\u00ebn numrin e friksh\u00ebm &#8211; 58! Pa u ndalur gjat\u00eb tek ato q\u00eb r\u00ebndom quhen \u201ckioska\u201d ku shiten diploma, a m\u00eb keq pastrohen parat\u00eb, qartazi asnj\u00eb kriter, asnj\u00eb kontroll, asnj\u00eb shqet\u00ebsim p\u00ebr at\u00eb q\u00eb po b\u00ebhej, p\u00ebrkundrazi u vazhdua me bindje t\u00eb verb\u00ebr n\u00ebn moton e tregut dhe mbi t\u00eb gjitha n\u00eb em\u00ebr t\u00eb s\u00eb drejt\u00ebs s\u00eb studimit, kinse si nj\u00eb e mir\u00eb e madhe q\u00eb po u b\u00ebhej student\u00ebve t\u00eb ardhsh\u00ebm, e q\u00eb sot mund t\u00eb themi me sigurin\u00eb m\u00eb t\u00eb plot\u00eb se ishte e keqja m\u00eb e madhe q\u00eb mund t\u2019u b\u00ebhej. E mira iluzore se askush nuk do t\u00eb mund t\u00eb mbetej pa nj\u00eb diplom\u00eb n\u00eb xhep (t\u00eb merituar apo t\u00eb bler\u00eb), rezultoi me nj\u00eb perfundim t\u00eb hidhur: nj\u00eb num\u00ebr sa vjen e m\u00eb i madh t\u00eb papun\u00ebsh me diplom\u00eb! Ting\u00ebllon si luks p\u00ebr nj\u00eb vend si Shqip\u00ebria.<\/p>\n<p>U shqyen nj\u00ebkoh\u00ebsisht dyert e universiteteve publike, n\u00ebn t\u00eb nj\u00ebjt\u00ebn moto, k\u00ebto t\u00eb fundit humb\u00ebn \u00e7do t\u00eb drejt\u00eb mbi p\u00ebrzgjedhjen e student\u00ebve t\u00eb ardhsh\u00ebm e iu imponuan dy apo tri-fishime t\u00eb kuotave p\u00ebrkat\u00ebse t\u00eb pranimit, p\u00ebrtej \u00e7do kapaciteti e mund\u00ebsie.<\/p>\n<p>\u00cbsht\u00eb momenti q\u00eb p\u00ebrfaq\u00ebson shkakun e gjith\u00e7kaje po vjen e do t\u00eb vazhdoj\u00eb t\u00eb vij\u00eb si rrjedhoj\u00eb katastrofale n\u00eb arsimin e lart\u00eb t\u00eb k\u00ebtij vendi e q\u00eb i shtrin metastazat mbi tregun e pun\u00ebs e pashmangshm\u00ebrisht mbi ekonomit\u00eb e familjeve shqiptare. \u00cbsht\u00eb ky burimi i gjith\u00eb t\u00eb k\u00ebqijave q\u00eb pasojn\u00eb, i gjith\u00eb arnimeve q\u00eb mundohen t\u00eb imponohen n\u00eb form\u00eb shtr\u00ebngesash, n\u00eb p\u00ebrpjekje p\u00ebr t\u00eb rregulluar tregun e dal\u00eb jasht\u00eb kontrollit nga bab\u00ebzia e privat\u00ebve dhe mungesa ose pajtimi i plot\u00eb me to i shtetit t\u00eb kapitulluar.<\/p>\n<p>T\u00eb vet\u00ebdijsh\u00ebm p\u00ebr d\u00ebmin e pariparuesh\u00ebm q\u00eb u shkaktua me k\u00ebt\u00eb politik\u00eb, zot\u00ebrinjt\u00eb q\u00eb g\u00ebzojn\u00eb diskrecionin e vendim-marrjes mbi \u00e7\u00ebshtje kaq delikate, nis\u00ebn diku nga mesi i vitit 2009 t\u00eb nd\u00ebrmarrin nj\u00eb s\u00ebr\u00eb iniciativash legjislative q\u00eb t\u00eb mund t\u00eb rregullonin disi katrahur\u00ebn q\u00eb kish rr\u00ebmbyer sistemin. Do t\u00eb ndalemi n\u00eb tre pika n\u00eb t\u00eb cilat gjat\u00eb tre viteve t\u00eb fundit kulmon e gjith\u00eb kjo p\u00ebrpjekje qesharake p\u00ebr t\u00eb pastruar llumin e shkaktuar nga shqyerja e dyerve t\u00eb universetiteve e inflacioni i diplomave pa vler\u00eb q\u00eb pasoi. Sigurisht q\u00eb edhe n\u00eb k\u00ebt\u00eb tentativ\u00eb n\u00eb dukje t\u00eb nevojshme, jan\u00eb t\u00eb p\u00ebrziera shum\u00eb interesa q\u00eb nd\u00ebrlidhen.<\/p>\n<p>S\u00eb pari \u00e7do student q\u00eb p\u00ebrfundon ciklin e par\u00eb t\u00eb studimeve (t\u00eb quajtur Bachelor) dhe d\u00ebshiron t\u00eb vazhdoj\u00eb studimet e nj\u00eb niveli m\u00eb t\u00eb avancuar (mund\u00ebsit\u00eb jan\u00eb Masteri Profesional q\u00eb zgjat rreth 1 vit dhe Masteri i Shkencave q\u00eb zgjat 2 vjet), detyrohet me Ligjin e Arsimit t\u00eb Lart\u00eb (Neni 26) q\u00eb t\u00eb mbroj\u00eb Gjuh\u00ebn Angleze p\u00ebrpara se t\u00eb p\u00ebrfundoj\u00eb k\u00ebt\u00eb cik\u00ebl t\u00eb dyt\u00eb studimesh. E si t\u00eb mos mjaftonte kjo, nuk njihet d\u00ebshmia p\u00ebrkat\u00ebse q\u00eb l\u00ebshon Fakulteti i Gjuh\u00ebve t\u00eb Huaja (UT) prej shum\u00eb koh\u00ebsh, dokument i cili \u00ebsht\u00eb plot\u00ebsisht i vlefsh\u00ebm n\u00eb raste aplikimesh p\u00ebr pun\u00ebsim, duke u anashkaluar k\u00ebshtu n\u00eb favor t\u00eb TOEFL-it (n\u00ebp\u00ebrmjet partnerit nd\u00ebrkomb\u00ebtar ETS Global q\u00eb g\u00ebzon t\u00eb drejt\u00ebn eksluzive t\u00eb \u00e7ertifikimit p\u00ebr Shqip\u00ebrin\u00eb), e njohur si e vetmja m\u00ebnyr\u00eb p\u00ebr student\u00ebt, sigurisht kundrejt pagesave p\u00ebrkat\u00ebse jo t\u00eb vogla q\u00eb u shtohen 4-5 viteve t\u00eb shkollimit dhe duke kujtuar vlefshm\u00ebrin\u00eb e k\u00ebsaj \u00e7ertifikate q\u00eb duhet rinovuar \u00e7do 2 vjet. Nuk \u00ebsht\u00eb e v\u00ebshtir\u00eb t\u00eb kuptohen interesat q\u00eb fshihen pas k\u00ebsaj nisme, fat i madh p\u00ebr qendr\u00ebn e ETS Global me TOEFL-in e saj n\u00eb Tiran\u00eb!<\/p>\n<p>S\u00eb dyti duhen p\u00ebrmendur politikat e nd\u00ebrmarra s\u00eb fundmi, me ligjin mbi Profesionet e Rregulluara t\u00eb miratuar nga Parlamenti, i cili d\u00ebmton r\u00ebnd\u00eb xhepat e student\u00ebve dhe familjeve t\u00eb tyre. I ashtuquajturi stazh i cili do t\u00eb aplikohet p\u00ebr \u00e7do t\u00eb ri q\u00eb del nga dyert e shqyera t\u00eb universiteteve, p\u00ebr nj\u00eb periudh\u00eb q\u00eb varion nga 1 deri n\u00eb 3 vjet n\u00eb var\u00ebsi t\u00eb profesionit, duke hequr shp\u00ebrblimn e m\u00ebparsh\u00ebm prej 50% t\u00eb pag\u00ebs p\u00ebr ata q\u00eb i n\u00ebnshtroheshin k\u00ebtij stazhi, n\u00eb k\u00ebmbim t\u00eb pagimit t\u00eb siguracioneve n\u00eb librez\u00ebn e pun\u00ebs, \u00ebsht\u00eb nj\u00eb politik\u00eb e d\u00ebshtuar q\u00eb n\u00eb gjenez\u00eb. Askush nuk do t\u00eb jet\u00eb i interesuar p\u00ebr t\u2019iu p\u00ebrmbajtur ligjit: student\u00ebt nuk mund t\u00eb punojn\u00eb pa pages\u00eb, n\u00eb k\u00ebt\u00eb form\u00eb ata kthehen n\u00eb skllev\u00ebr t\u00eb pun\u00ebmarr\u00ebsve e detyrohen t\u00eb paguajn\u00eb s\u00ebrish p\u00ebr ta kaluar edhe k\u00ebt\u00eb hallk\u00eb q\u00eb u \u00ebsht\u00eb imponuar. Askush nuk i mbron, b\u00ebhet fjal\u00eb p\u00ebr nj\u00eb shk\u00ebmbim t\u00eb r\u00ebndomt\u00eb. Edhe k\u00ebtu nuk \u00ebsht\u00eb e v\u00ebshtir\u00eb t\u00eb kuptohet se interesat e kujt favorizohen, fat i madh p\u00ebr pun\u00ebmarr\u00ebsit q\u00eb do t\u00eb l\u00ebshojn\u00eb k\u00ebto d\u00ebshmi n\u00eb fund t\u00eb stazhit!<\/p>\n<p>Pika e tret\u00eb ka t\u00eb b\u00ebj\u00eb me at\u00eb q\u00eb quhet Provimi i Shtetit, fillimisht p\u00ebr 10 profesione (si mjek\u00ebsia, arkitektura, inxhinierit\u00eb, avokatia etj.). Si t\u00eb mos mjaftonin t\u00eb gjitha hallkat e renditura m\u00eb sip\u00ebr, q\u00eb n\u00eb thelb jan\u00eb t\u00eb gjitha koh\u00eb dhe para\u2019 e humbur, studenti q\u00eb aspiron t\u00eb ushtroj\u00eb nj\u00ebrin prej k\u00ebtyre profesioneve detyrohet t\u2019i n\u00ebnshtrohet provimit t\u00eb Shtetit, duke patur t\u00eb drejt\u00ebn t\u00eb provoj\u00eb deri n\u00eb 5 her\u00eb n\u00eb rast d\u00ebshtimi, sigurisht me nj\u00eb kosto progresive q\u00eb kulmon n\u00eb miliona lek\u00eb vet\u00ebm si tarif\u00eb regjistrimi, pa i hyr\u00eb k\u00ebtu marifeteve korruptive alla-shqiptar\u00e7e\u2026<\/p>\n<p>T\u00eb llogariten shpenzimet komplesive t\u00eb 4-5 viteve t\u00eb studimeve t\u00eb larta, mbrojtja e Gjuh\u00ebs Angleze, kostot e stazhit pa pages\u00eb 3-vje\u00e7ar dhe provimi i Shtetit q\u00eb t\u00eb jep t\u00eb drejt\u00ebn p\u00ebr t\u00eb ushtruar profesionin. Nj\u00eb proces q\u00eb zgjat n\u00ebs\u00eb ke fat (dhe para\u2019\/pushtet mbi t\u00eb gjitha) minimalisht 6 vjet e shkon deri n\u00eb 13 vjet (n\u00ebse je i ndersh\u00ebm dhe mb\u00ebshtetesh mbi shpatullat e tua). Sepse \u00e7do pushtet nuk mund t\u2019i harroj\u00eb njer\u00ebzit e tij, e ata q\u00eb i kan\u00eb mund\u00ebsit\u00eb nuk do ta ken\u00eb problem ta zgjidhin k\u00ebt\u00eb \u00e7\u00ebshtje n\u00eb favor t\u00eb tyre. Sepse k\u00ebto masa shtr\u00ebnguese me hije t\u00eb dukshme klientelizmi godasin shumic\u00ebn, godasin t\u00eb pambrojturit dhe ata q\u00eb nuk jan\u00eb pjes\u00eb e interesave t\u00eb fshehura.<\/p>\n<p>Arsimi i Lart\u00eb n\u00eb Shqip\u00ebri po shkat\u00ebrrohet, universiteti publik po shkon drejt falimentimit dhe mij\u00ebra familje shqiptar\u00ebsh do ta ndiejn\u00eb k\u00ebt\u00eb barr\u00eb mbi supet e tyre shum\u00eb shpejt. Ekonomia shqiptare gjithashtu do t\u00eb vuaj\u00eb pasojat e aventurave t\u00eb nj\u00eb grushti njer\u00ebzish q\u00eb vendos p\u00ebr t\u00eb gjith\u00eb pjes\u00ebn tjet\u00ebr. E sigurisht q\u00eb kjo pakic\u00eb sunduese do nxjerr\u00eb p\u00ebrfitime t\u00eb m\u00ebdha, qartazi si\u00e7 u shpjegua m\u00eb sip\u00ebr. N\u00eb kurrizin ton\u00eb!<\/p>\n","protected":false},"excerpt":{"rendered":"<p>Nga Victor Meursault, 18 n\u00ebntor 2011 N\u00eb vijim t\u00eb nj\u00eb debati q\u00eb shtrohet shpesh, sa her\u00eb nj\u00eb qeveri apo Minist\u00ebr Arsimi vendos t\u00eb nd\u00ebrmarr\u00eb t\u00eb ashtuquajtura reforma q\u00eb prekin mij\u00ebra student\u00eb t\u00eb tanish\u00ebm, t\u00eb tjer\u00eb t\u00eb ardhsh\u00ebm e sidomos profesionist\u00ebt q\u00eb rreken t\u2019i afrohen tregut t\u00eb pun\u00ebs, rreshtat e m\u00ebposht\u00ebm paraqesin nj\u00eb p\u00ebrpjekje p\u00ebr ta [&hellip;]<\/p>\n","protected":false},"author":1,"featured_media":0,"comment_status":"open","ping_status":"closed","sticky":false,"template":"","format":"standard","meta":{"footnotes":""},"categories":[2],"tags":[],"class_list":{"0":"post-11468","1":"post","2":"type-post","3":"status-publish","4":"format-standard","6":"category-artikuj"},"yoast_head":"<!-- This site is optimized with the Yoast SEO plugin v27.4 - https:\/\/yoast.com\/product\/yoast-seo-wordpress\/ -->\n<title>Shkat\u00ebrrimi total i arsimit t\u00eb lart\u00eb - FjALA e LIR\u00cb - Arkivi<\/title>\n<meta name=\"robots\" content=\"index, follow, max-snippet:-1, max-image-preview:large, max-video-preview:-1\" \/>\n<link rel=\"canonical\" href=\"https:\/\/fjala.info\/2009-2015\/shkaterrimi-total-i-arsimit-te-larte\/\" \/>\n<meta property=\"og:locale\" content=\"sq_AL\" \/>\n<meta property=\"og:type\" content=\"article\" \/>\n<meta property=\"og:title\" content=\"Shkat\u00ebrrimi total i arsimit t\u00eb lart\u00eb - FjALA e LIR\u00cb - Arkivi\" \/>\n<meta property=\"og:description\" content=\"Nga Victor Meursault, 18 n\u00ebntor 2011 N\u00eb vijim t\u00eb nj\u00eb debati q\u00eb shtrohet shpesh, sa her\u00eb nj\u00eb qeveri apo Minist\u00ebr Arsimi vendos t\u00eb nd\u00ebrmarr\u00eb t\u00eb ashtuquajtura reforma q\u00eb prekin mij\u00ebra student\u00eb t\u00eb tanish\u00ebm, t\u00eb tjer\u00eb t\u00eb ardhsh\u00ebm e sidomos profesionist\u00ebt q\u00eb rreken t\u2019i afrohen tregut t\u00eb pun\u00ebs, rreshtat e m\u00ebposht\u00ebm paraqesin nj\u00eb p\u00ebrpjekje p\u00ebr ta [&hellip;]\" \/>\n<meta property=\"og:url\" content=\"https:\/\/fjala.info\/2009-2015\/shkaterrimi-total-i-arsimit-te-larte\/\" \/>\n<meta property=\"og:site_name\" content=\"FjALA e LIR\u00cb - Arkivi\" \/>\n<meta property=\"article:published_time\" content=\"2011-11-17T21:30:02+00:00\" \/>\n<meta name=\"author\" content=\"admin\" \/>\n<meta name=\"twitter:card\" content=\"summary_large_image\" \/>\n<meta name=\"twitter:label1\" content=\"Written by\" \/>\n\t<meta name=\"twitter:data1\" content=\"admin\" \/>\n\t<meta name=\"twitter:label2\" content=\"Est. reading time\" \/>\n\t<meta name=\"twitter:data2\" content=\"8 minutes\" \/>\n<script type=\"application\/ld+json\" class=\"yoast-schema-graph\">{\"@context\":\"https:\\\/\\\/schema.org\",\"@graph\":[{\"@type\":\"Article\",\"@id\":\"https:\\\/\\\/fjala.info\\\/2009-2015\\\/shkaterrimi-total-i-arsimit-te-larte\\\/#article\",\"isPartOf\":{\"@id\":\"https:\\\/\\\/fjala.info\\\/2009-2015\\\/shkaterrimi-total-i-arsimit-te-larte\\\/\"},\"author\":{\"name\":\"admin\",\"@id\":\"https:\\\/\\\/fjala.info\\\/2009-2015\\\/#\\\/schema\\\/person\\\/3aa1163ef05469c496fc94e77611ada2\"},\"headline\":\"Shkat\u00ebrrimi total i arsimit t\u00eb lart\u00eb\",\"datePublished\":\"2011-11-17T21:30:02+00:00\",\"mainEntityOfPage\":{\"@id\":\"https:\\\/\\\/fjala.info\\\/2009-2015\\\/shkaterrimi-total-i-arsimit-te-larte\\\/\"},\"wordCount\":1610,\"commentCount\":0,\"publisher\":{\"@id\":\"https:\\\/\\\/fjala.info\\\/2009-2015\\\/#organization\"},\"articleSection\":[\"Artikuj\"],\"inLanguage\":\"sq-AL\",\"potentialAction\":[{\"@type\":\"CommentAction\",\"name\":\"Comment\",\"target\":[\"https:\\\/\\\/fjala.info\\\/2009-2015\\\/shkaterrimi-total-i-arsimit-te-larte\\\/#respond\"]}]},{\"@type\":\"WebPage\",\"@id\":\"https:\\\/\\\/fjala.info\\\/2009-2015\\\/shkaterrimi-total-i-arsimit-te-larte\\\/\",\"url\":\"https:\\\/\\\/fjala.info\\\/2009-2015\\\/shkaterrimi-total-i-arsimit-te-larte\\\/\",\"name\":\"Shkat\u00ebrrimi total i arsimit t\u00eb lart\u00eb - FjALA e LIR\u00cb - Arkivi\",\"isPartOf\":{\"@id\":\"https:\\\/\\\/fjala.info\\\/2009-2015\\\/#website\"},\"datePublished\":\"2011-11-17T21:30:02+00:00\",\"breadcrumb\":{\"@id\":\"https:\\\/\\\/fjala.info\\\/2009-2015\\\/shkaterrimi-total-i-arsimit-te-larte\\\/#breadcrumb\"},\"inLanguage\":\"sq-AL\",\"potentialAction\":[{\"@type\":\"ReadAction\",\"target\":[\"https:\\\/\\\/fjala.info\\\/2009-2015\\\/shkaterrimi-total-i-arsimit-te-larte\\\/\"]}]},{\"@type\":\"BreadcrumbList\",\"@id\":\"https:\\\/\\\/fjala.info\\\/2009-2015\\\/shkaterrimi-total-i-arsimit-te-larte\\\/#breadcrumb\",\"itemListElement\":[{\"@type\":\"ListItem\",\"position\":1,\"name\":\"Home\",\"item\":\"https:\\\/\\\/fjala.info\\\/2009-2015\\\/\"},{\"@type\":\"ListItem\",\"position\":2,\"name\":\"Shkat\u00ebrrimi total i arsimit t\u00eb lart\u00eb\"}]},{\"@type\":\"WebSite\",\"@id\":\"https:\\\/\\\/fjala.info\\\/2009-2015\\\/#website\",\"url\":\"https:\\\/\\\/fjala.info\\\/2009-2015\\\/\",\"name\":\"FjALA e LIR\u00cb - Arkivi\",\"description\":\"Arkivi 2009-2015\",\"publisher\":{\"@id\":\"https:\\\/\\\/fjala.info\\\/2009-2015\\\/#organization\"},\"potentialAction\":[{\"@type\":\"SearchAction\",\"target\":{\"@type\":\"EntryPoint\",\"urlTemplate\":\"https:\\\/\\\/fjala.info\\\/2009-2015\\\/?s={search_term_string}\"},\"query-input\":{\"@type\":\"PropertyValueSpecification\",\"valueRequired\":true,\"valueName\":\"search_term_string\"}}],\"inLanguage\":\"sq-AL\"},{\"@type\":\"Organization\",\"@id\":\"https:\\\/\\\/fjala.info\\\/2009-2015\\\/#organization\",\"name\":\"FjALA e LIR\u00cb - Arkivi\",\"url\":\"https:\\\/\\\/fjala.info\\\/2009-2015\\\/\",\"logo\":{\"@type\":\"ImageObject\",\"inLanguage\":\"sq-AL\",\"@id\":\"https:\\\/\\\/fjala.info\\\/2009-2015\\\/#\\\/schema\\\/logo\\\/image\\\/\",\"url\":\"\",\"contentUrl\":\"\",\"caption\":\"FjALA e LIR\u00cb - Arkivi\"},\"image\":{\"@id\":\"https:\\\/\\\/fjala.info\\\/2009-2015\\\/#\\\/schema\\\/logo\\\/image\\\/\"}},{\"@type\":\"Person\",\"@id\":\"https:\\\/\\\/fjala.info\\\/2009-2015\\\/#\\\/schema\\\/person\\\/3aa1163ef05469c496fc94e77611ada2\",\"name\":\"admin\",\"image\":{\"@type\":\"ImageObject\",\"inLanguage\":\"sq-AL\",\"@id\":\"https:\\\/\\\/fjala.info\\\/2009-2015\\\/wp-content\\\/uploads\\\/2012\\\/02\\\/arben_cokaj-120x150.jpg\",\"url\":\"https:\\\/\\\/fjala.info\\\/2009-2015\\\/wp-content\\\/uploads\\\/2012\\\/02\\\/arben_cokaj-120x150.jpg\",\"contentUrl\":\"https:\\\/\\\/fjala.info\\\/2009-2015\\\/wp-content\\\/uploads\\\/2012\\\/02\\\/arben_cokaj-120x150.jpg\",\"caption\":\"admin\"},\"description\":\"Admin, Fjala e Lir\u00eb\",\"sameAs\":[\"https:\\\/\\\/fjala.info\\\/\"],\"url\":\"https:\\\/\\\/fjala.info\\\/2009-2015\\\/author\\\/admin\\\/\"}]}<\/script>\n<!-- \/ Yoast SEO plugin. -->","yoast_head_json":{"title":"Shkat\u00ebrrimi total i arsimit t\u00eb lart\u00eb - FjALA e LIR\u00cb - Arkivi","robots":{"index":"index","follow":"follow","max-snippet":"max-snippet:-1","max-image-preview":"max-image-preview:large","max-video-preview":"max-video-preview:-1"},"canonical":"https:\/\/fjala.info\/2009-2015\/shkaterrimi-total-i-arsimit-te-larte\/","og_locale":"sq_AL","og_type":"article","og_title":"Shkat\u00ebrrimi total i arsimit t\u00eb lart\u00eb - FjALA e LIR\u00cb - Arkivi","og_description":"Nga Victor Meursault, 18 n\u00ebntor 2011 N\u00eb vijim t\u00eb nj\u00eb debati q\u00eb shtrohet shpesh, sa her\u00eb nj\u00eb qeveri apo Minist\u00ebr Arsimi vendos t\u00eb nd\u00ebrmarr\u00eb t\u00eb ashtuquajtura reforma q\u00eb prekin mij\u00ebra student\u00eb t\u00eb tanish\u00ebm, t\u00eb tjer\u00eb t\u00eb ardhsh\u00ebm e sidomos profesionist\u00ebt q\u00eb rreken t\u2019i afrohen tregut t\u00eb pun\u00ebs, rreshtat e m\u00ebposht\u00ebm paraqesin nj\u00eb p\u00ebrpjekje p\u00ebr ta [&hellip;]","og_url":"https:\/\/fjala.info\/2009-2015\/shkaterrimi-total-i-arsimit-te-larte\/","og_site_name":"FjALA e LIR\u00cb - Arkivi","article_published_time":"2011-11-17T21:30:02+00:00","author":"admin","twitter_card":"summary_large_image","twitter_misc":{"Written by":"admin","Est. reading time":"8 minutes"},"schema":{"@context":"https:\/\/schema.org","@graph":[{"@type":"Article","@id":"https:\/\/fjala.info\/2009-2015\/shkaterrimi-total-i-arsimit-te-larte\/#article","isPartOf":{"@id":"https:\/\/fjala.info\/2009-2015\/shkaterrimi-total-i-arsimit-te-larte\/"},"author":{"name":"admin","@id":"https:\/\/fjala.info\/2009-2015\/#\/schema\/person\/3aa1163ef05469c496fc94e77611ada2"},"headline":"Shkat\u00ebrrimi total i arsimit t\u00eb lart\u00eb","datePublished":"2011-11-17T21:30:02+00:00","mainEntityOfPage":{"@id":"https:\/\/fjala.info\/2009-2015\/shkaterrimi-total-i-arsimit-te-larte\/"},"wordCount":1610,"commentCount":0,"publisher":{"@id":"https:\/\/fjala.info\/2009-2015\/#organization"},"articleSection":["Artikuj"],"inLanguage":"sq-AL","potentialAction":[{"@type":"CommentAction","name":"Comment","target":["https:\/\/fjala.info\/2009-2015\/shkaterrimi-total-i-arsimit-te-larte\/#respond"]}]},{"@type":"WebPage","@id":"https:\/\/fjala.info\/2009-2015\/shkaterrimi-total-i-arsimit-te-larte\/","url":"https:\/\/fjala.info\/2009-2015\/shkaterrimi-total-i-arsimit-te-larte\/","name":"Shkat\u00ebrrimi total i arsimit t\u00eb lart\u00eb - FjALA e LIR\u00cb - Arkivi","isPartOf":{"@id":"https:\/\/fjala.info\/2009-2015\/#website"},"datePublished":"2011-11-17T21:30:02+00:00","breadcrumb":{"@id":"https:\/\/fjala.info\/2009-2015\/shkaterrimi-total-i-arsimit-te-larte\/#breadcrumb"},"inLanguage":"sq-AL","potentialAction":[{"@type":"ReadAction","target":["https:\/\/fjala.info\/2009-2015\/shkaterrimi-total-i-arsimit-te-larte\/"]}]},{"@type":"BreadcrumbList","@id":"https:\/\/fjala.info\/2009-2015\/shkaterrimi-total-i-arsimit-te-larte\/#breadcrumb","itemListElement":[{"@type":"ListItem","position":1,"name":"Home","item":"https:\/\/fjala.info\/2009-2015\/"},{"@type":"ListItem","position":2,"name":"Shkat\u00ebrrimi total i arsimit t\u00eb lart\u00eb"}]},{"@type":"WebSite","@id":"https:\/\/fjala.info\/2009-2015\/#website","url":"https:\/\/fjala.info\/2009-2015\/","name":"FjALA e LIR\u00cb - Arkivi","description":"Arkivi 2009-2015","publisher":{"@id":"https:\/\/fjala.info\/2009-2015\/#organization"},"potentialAction":[{"@type":"SearchAction","target":{"@type":"EntryPoint","urlTemplate":"https:\/\/fjala.info\/2009-2015\/?s={search_term_string}"},"query-input":{"@type":"PropertyValueSpecification","valueRequired":true,"valueName":"search_term_string"}}],"inLanguage":"sq-AL"},{"@type":"Organization","@id":"https:\/\/fjala.info\/2009-2015\/#organization","name":"FjALA e LIR\u00cb - Arkivi","url":"https:\/\/fjala.info\/2009-2015\/","logo":{"@type":"ImageObject","inLanguage":"sq-AL","@id":"https:\/\/fjala.info\/2009-2015\/#\/schema\/logo\/image\/","url":"","contentUrl":"","caption":"FjALA e LIR\u00cb - Arkivi"},"image":{"@id":"https:\/\/fjala.info\/2009-2015\/#\/schema\/logo\/image\/"}},{"@type":"Person","@id":"https:\/\/fjala.info\/2009-2015\/#\/schema\/person\/3aa1163ef05469c496fc94e77611ada2","name":"admin","image":{"@type":"ImageObject","inLanguage":"sq-AL","@id":"https:\/\/fjala.info\/2009-2015\/wp-content\/uploads\/2012\/02\/arben_cokaj-120x150.jpg","url":"https:\/\/fjala.info\/2009-2015\/wp-content\/uploads\/2012\/02\/arben_cokaj-120x150.jpg","contentUrl":"https:\/\/fjala.info\/2009-2015\/wp-content\/uploads\/2012\/02\/arben_cokaj-120x150.jpg","caption":"admin"},"description":"Admin, Fjala e Lir\u00eb","sameAs":["https:\/\/fjala.info\/"],"url":"https:\/\/fjala.info\/2009-2015\/author\/admin\/"}]}},"_links":{"self":[{"href":"https:\/\/fjala.info\/2009-2015\/wp-json\/wp\/v2\/posts\/11468","targetHints":{"allow":["GET"]}}],"collection":[{"href":"https:\/\/fjala.info\/2009-2015\/wp-json\/wp\/v2\/posts"}],"about":[{"href":"https:\/\/fjala.info\/2009-2015\/wp-json\/wp\/v2\/types\/post"}],"author":[{"embeddable":true,"href":"https:\/\/fjala.info\/2009-2015\/wp-json\/wp\/v2\/users\/1"}],"replies":[{"embeddable":true,"href":"https:\/\/fjala.info\/2009-2015\/wp-json\/wp\/v2\/comments?post=11468"}],"version-history":[{"count":0,"href":"https:\/\/fjala.info\/2009-2015\/wp-json\/wp\/v2\/posts\/11468\/revisions"}],"wp:attachment":[{"href":"https:\/\/fjala.info\/2009-2015\/wp-json\/wp\/v2\/media?parent=11468"}],"wp:term":[{"taxonomy":"category","embeddable":true,"href":"https:\/\/fjala.info\/2009-2015\/wp-json\/wp\/v2\/categories?post=11468"},{"taxonomy":"post_tag","embeddable":true,"href":"https:\/\/fjala.info\/2009-2015\/wp-json\/wp\/v2\/tags?post=11468"}],"curies":[{"name":"wp","href":"https:\/\/api.w.org\/{rel}","templated":true}]}}