{"id":11467,"date":"2011-11-18T22:17:25","date_gmt":"2011-11-18T21:17:25","guid":{"rendered":"http:\/\/fjala.shkoder.net\/?p=221"},"modified":"2011-11-18T22:17:25","modified_gmt":"2011-11-18T21:17:25","slug":"ngrihet-per-tu-rrezuar-prape","status":"publish","type":"post","link":"https:\/\/fjala.info\/2009-2015\/ngrihet-per-tu-rrezuar-prape\/","title":{"rendered":"Ngrihet p\u00ebr t\u2019u rr\u00ebzuar prap\u00eb"},"content":{"rendered":"<p><img decoding=\"async\" class=\"alignright size-thumbnail wp-image-7236\" title=\"*Panairi i librit\" src=\"http:\/\/www.shkoder.net\/images\/fjala\/2011\/panair_libri.jpg\" alt=\"\" width=\"300\" \/> Nga <strong>Ardian Klosi<\/strong>, <em>18 N\u00ebntor 2011<\/em><\/p>\n<p>Panairi i 14 i Librit n\u00eb Tiran\u00eb nxori m\u00eb qart\u00eb se asnj\u00ebher\u00eb problematik\u00ebn e nj\u00eb panairi t\u00eb till\u00eb, por shum\u00eb m\u00eb gjer\u00eb se kaq, at\u00eb t\u00eb librit n\u00eb Shqip\u00ebri. Polemikat vazhdojn\u00eb edhe k\u00ebto dit\u00eb. Ato jan\u00eb t\u00eb ashpra sepse edhe q\u00ebndrimet apo vler\u00ebsimet jan\u00eb deri dhe diametralisht t\u00eb kund\u00ebrta.<\/p>\n<p>P\u00ebr organizator\u00ebt e k\u00ebtij panairi, ve\u00e7an\u00ebrisht kryetarin e Shoqat\u00ebs s\u00eb Botuesve (kryetar p\u00ebr historik, jo p\u00ebr ndonj\u00eb shoqat\u00eb funksionuese, si\u00e7 ndodh me gjith\u00eb kryetar\u00ebt e partive t\u00eb vogla n\u00eb Shqip\u00ebri q\u00eb m\u00ebvet\u00ebsohen me vrap p\u00ebrpara), ky panair ishte shum\u00eb i suksessh\u00ebm, k\u00ebt\u00eb e v\u00ebrteton fluksi i vizitor\u00ebve dhe bler\u00ebsve t\u00eb librit. Madje ai ka edhe nj\u00eb shif\u00ebr, mbi 90.000 vizitor\u00eb, q\u00eb nuk dim\u00eb si i ka matur e me \u00e7\u2019sy magjik mund t\u00eb maten, por q\u00eb edhe \u00e7udi nuk \u00ebsht\u00eb sidomos po t\u00eb llogarit\u00ebsh grupet e organizuara t\u00eb f\u00ebmij\u00ebve q\u00eb vizitojn\u00eb panairin paradite.<\/p>\n<p>T\u00eb tjer\u00eb z\u00ebra thon\u00eb se ky nuk \u00ebsht\u00eb panairi q\u00eb mund t\u00eb p\u00ebrfaq\u00ebsoj\u00eb librin shqip, madje \u00ebsht\u00eb nj\u00eb deformim i konceptit t\u00eb panairit dhe t\u00eb p\u00ebrfaq\u00ebsimit. Kjo \u00ebsht\u00eb ndier sidomos n\u00eb q\u00ebndrimet e shoqat\u00ebs s\u00eb botuesve Shoq\u00ebria e Librit Shqip, por edhe n\u00eb gazeta dhe media t\u00eb tjera. K\u00ebto vler\u00ebsime n\u00eb thelb thon\u00eb: Panairi q\u00eb sapo mbaroi e ka ndar\u00eb peizazhin e botuesve shqiptar\u00eb me klasa: klasa e t\u00eb pasurve, klasa e mesme dhe klasa e botuesve t\u00eb varf\u00ebr q\u00eb n\u00eb k\u00ebt\u00eb panair nuk u p\u00ebrfaq\u00ebsuan fare. Ata t\u00eb pasurit, q\u00eb kryesisht kan\u00eb t\u00eb b\u00ebjn\u00eb me librin shkollor ose jan\u00eb t\u00eb lidhur me shtetin me rrug\u00eb t\u00eb tjera tenderash (libra p\u00ebr bibliotekat e shkollave etj.) kishin stendat qendrore, m\u00eb t\u00eb m\u00ebdhat\u00eb, m\u00eb t\u00eb bukurat; k\u00ebtu hyjn\u00eb natyrisht edhe botues t\u00eb m\u00ebdhenj tradicional\u00eb si Toena e Onufri q\u00eb nuk kishin r\u00ebnie n\u00eb p\u00ebrfaq\u00ebsimin e tyre, hyn edhe organizatori i panairit, Dituria, me nj\u00eb sip\u00ebrfaqe t\u00eb st\u00ebrmadhe, me promocion t\u00eb vazhduesh\u00ebm t\u00eb librave t\u00eb tij n\u00eb dy ekranet e vendosura te hyrja e panairit, me reklam\u00eb t\u00eb titujve t\u00eb vet p\u00ebrmes qendr\u00ebs s\u00eb z\u00ebrit t\u00eb panairit (!), e cila normalisht ka p\u00ebr detyr\u00eb t\u00eb njoftoj\u00eb vet\u00ebm aktivitetet kryesore. Nj\u00eb botues-organizator q\u00eb, si ka akaparuar nj\u00eb tradit\u00eb, madje edhe si ka marr\u00eb sponsorizime dhe para publike, b\u00ebn t\u00eb fortin, i krijon vetes kushte optimale, q\u00ebndron n\u00eb k\u00ebmb\u00eb saj\u00eb elit\u00ebs s\u00eb t\u00eb pasurve, madje godet dhe kund\u00ebrshtar\u00ebt duke i quajtur t\u00eb paligjsh\u00ebm, jasht\u00eb-tatimor\u00eb (k\u00ebshtu veproi n\u00eb emisionin e s\u00eb h\u00ebn\u00ebs n\u00eb TVSH), nd\u00ebrkoh\u00eb q\u00eb vet\u00eb e ka shitur sip\u00ebrfaqen e panairit pa fatura tatimore dhe jo me lek\u00eb por me euro hard cash, plot 70 p\u00ebr m2.<\/p>\n<p>Botuesit e tjer\u00eb ishin shp\u00ebrndar\u00eb n\u00eb sip\u00ebrfaqe rast\u00ebsore pa kurrfar\u00eb sistemi, libri artistik ngat\u00ebrruar me librin ezoterik, me at\u00eb fetar, at\u00eb akademik e at\u00eb p\u00ebr f\u00ebmij\u00eb n\u00eb nj\u00eb kakofoni ku spikasnin m\u00eb shum\u00eb pik\u00ebrisht fondacionet fetare. Dhe kudo shitje shitje shitje (si\u00e7 shkruante \u201eShekulli\u201c: shit, shit, shit), n\u00eb at\u00eb ngaz\u00ebllimin e botuesve t\u00eb varf\u00ebr shqiptar\u00eb \u2013 pse ta mohoj, m\u00eb kapi edhe mua vet\u00eb \u2013 q\u00eb guxojn\u00eb p\u00ebr pes\u00eb dit\u00eb rresht t\u00eb fusin n\u00eb xhep fitimin q\u00eb zakonisht u takon librar\u00ebve dhe shp\u00ebrndar\u00ebsve t\u00eb librit, pra 20-30 % t\u00eb \u00e7mimit duke p\u00ebrfituar nga fluksi i madh i njer\u00ebzve.<\/p>\n<p>Ky panair \u00ebsht\u00eb n\u00eb thelb pamja e vendit ton\u00eb n\u00eb miniatur\u00eb: disa t\u00eb pasur q\u00eb shk\u00eblqejn\u00eb n\u00eb maj\u00eb kundrejt varf\u00ebris\u00eb s\u00eb p\u00ebrgjithshme, anarki, rr\u00ebmuj\u00eb vlerash, evazion fiskal.<\/p>\n<p>P\u00ebr t\u00eb na nxjerr\u00eb nga ky kaos vlerash dhe shp\u00ebrdorimi t\u00eb pushtetit, ndihmuan n\u00eb k\u00ebt\u00eb panair promocionet dhe shitjet e jasht\u00ebzakonshme t\u00eb kat\u00ebr librave: Blendi Fevziu \u201eEnver Hoxha\u201c, Edi Rama \u201eKurban\u201c, Elena Kadare \u201eKoh\u00eb e pamjaftueshme\u201c dhe Ben Blushi \u201eShqip\u00ebria\u201c. N\u00eb munges\u00eb t\u00eb orientimeve t\u00eb tjera (cil\u00ebt jan\u00eb librat m\u00eb t\u00eb r\u00ebnd\u00ebsish\u00ebm k\u00ebt\u00eb vit, cilat romane t\u00eb huaja, po shqiptare, \u00e7far\u00eb ka p\u00eblqyer m\u00eb shum\u00eb Europa, po Amerika k\u00ebt\u00eb vit, po vendet fqinje? \u2013 p\u00ebr asnj\u00eb prej k\u00ebtyre s\u2019kemi ndonj\u00eb lloj udh\u00ebrr\u00ebfyesi p\u00ebr lexuesit), mediat ndihmuan t\u00eb t\u00ebrhiqej publiku nga k\u00ebta kat\u00ebr autor\u00eb si kurr\u00eb ndonj\u00ebher\u00eb: me mij\u00ebra her\u00eb hodh\u00ebn ata n\u00ebnshkrime p\u00ebr adhuruesit e tyre, kur vajta t\u00eb shoh t\u00eb diel pasdite Edi Ram\u00ebn, fansat kishin thyer banakun e botueses Dudaj.<\/p>\n<p>Asgj\u00eb e keqe, madje pun\u00eb e mir\u00eb q\u00eb mij\u00ebra shqiptar\u00eb marrin n\u00eb dor\u00eb libra nga 400-500 faqe dhe i lexojn\u00eb! N\u00eb nj\u00eb koh\u00eb kur shp\u00ebrqendrimi, goditja me lajme, t\u00eb qena e t\u00eb paqena, me stacione televizive, t\u00eb qena e t\u00eb paqena, me faqe interneti q\u00eb e kan\u00eb b\u00ebr\u00eb njeriun nj\u00eb si pun\u00eb ketri q\u00eb hidhet deg\u00eb m\u00eb deg\u00eb n\u00ebp\u00ebr pem\u00ebt e informacionit dhe dijes pa q\u00ebndruar dot asgj\u00ebkundi m\u00eb shum\u00eb se 5 minuta, p\u00ebrqendrimi n\u00eb nj\u00eb lib\u00ebr t\u00eb v\u00ebllimsh\u00ebm \u00ebsht\u00eb gati si kund\u00ebrdrog\u00eb. U jemi mir\u00ebnjoh\u00ebs mediave dhe Henri \u00c7ilit (mendoj se ky \u00ebsht\u00eb aktualisht nj\u00eb medium m\u00eb vete, edhe pse vet\u00eb hidhet si ket\u00ebr n\u00ebp\u00ebr media dhe personazhe t\u00eb ndryshme) q\u00eb po kthejn\u00eb te shqiptar\u00ebt zakonin e t\u00eb lexuarit.<\/p>\n<p>Por \u00e7far\u00eb po lexojn\u00eb, po a do t\u00eb lexojn\u00eb p\u00ebrs\u00ebri kur t\u2019i ken\u00eb mbaruar k\u00ebto? Pik\u00ebpyetje t\u00eb m\u00ebdha q\u00eb lidhen edhe me pik\u00ebpyetjen mbi moralitetin e mediave tona. Ta l\u00ebm\u00eb m\u00ebnjan\u00eb nj\u00ebher\u00eb p\u00ebr nj\u00ebher\u00eb e le t\u2019i g\u00ebzohemi numrit t\u00eb madh t\u00eb vizitor\u00ebve n\u00eb panair dhe lexuesve.<\/p>\n<p>Fluksi i jasht\u00ebzakonsh\u00ebm i vizitor\u00ebve n\u00eb panairin e librit d\u00ebshmon p\u00ebrtej g\u00ebzimit pes\u00ebditor nj\u00eb t\u00eb v\u00ebrtet\u00eb t\u00eb hidhur: n\u00eb Shqip\u00ebri nuk funksionon sistemi i librarive, n\u00eb Shqip\u00ebri nuk ekziston komunikimi i rregullt shkrimtar-lexues, pa folur p\u00ebr munges\u00ebn totale t\u00eb leximeve publike dhe takimeve me shkrimtar\u00eb t\u00eb vendit ose t\u00eb huaj. N\u00eb Shqip\u00ebri nuk ekzistojn\u00eb trena a tramvaje ku njer\u00ebzit mbushin kap\u00ebrcimet e distancave me lexime, por edhe leximet e p\u00ebrqendruara n\u00eb nj\u00eb vend t\u00eb ngulur jasht\u00eb kat\u00ebr mureve t\u00eb sht\u00ebpis\u00eb jan\u00eb t\u00eb rralla, sepse kudo, n\u00eb plazh a n\u00eb kafene, n\u00eb park a n\u00eb sh\u00ebtitore, kudo ka nj\u00eb xhahil, nj\u00eb pronar, nj\u00eb zhurmues n\u00eb form\u00ebn e muzik\u00ebs rep ose t\u00eb fadrom\u00ebs q\u00eb do t\u00eb ta \u00e7jerr\u00eb qet\u00ebsin\u00eb se s\u2018b\u00ebn.<\/p>\n<p>Ndaj nuk mund t\u00eb g\u00ebzohem nga qindrat e vizitor\u00ebve q\u00eb kalojn\u00eb nga stenda ime, q\u00eb kapin librin me dor\u00eb dhe, i pari veprim q\u00eb b\u00ebjn\u00eb, e kthejn\u00eb mbrapsht p\u00ebr t\u2019i par\u00eb \u00e7mimin para se t\u00eb shohin ndonj\u00eb gj\u00eb nga brendia. Pyes: a mos dhe k\u00ebta vizitor\u00eb duan t\u00eb qet\u00ebsojn\u00eb nd\u00ebrgjegjen e tyre q\u00eb nuk e ndjekin rregullisht kultur\u00ebn e librit, nuk hyjn\u00eb rregullisht n\u00eb librari, duke bler\u00eb 4-5 libra \u00e7do vjesht\u00eb?<\/p>\n<p>S\u2019\u00ebsht\u00eb \u00e7udi q\u00eb t\u00eb jet\u00eb k\u00ebshtu; n\u00eb nj\u00eb sistem t\u00eb \u00e7rregulluar dhe t\u00eb \u00e7koordinuar q\u00eb kur libri humbi statusin mbret\u00ebror q\u00eb kishte para vitit 1990, p\u00ebr t\u2019ua l\u00ebn\u00eb vendin ekraneve dhe mediave zhurm\u00ebm\u00ebdha, jan\u00eb \u00e7koordinuar t\u00eb gjitha vidhat. Lexuesit jan\u00eb po aq humb\u00ebs sa edhe botuesit, sa edhe librar\u00ebt. Jan\u00eb humb\u00ebs n\u00eb radh\u00eb t\u00eb par\u00eb brezat m\u00eb t\u00eb rinj q\u00eb kapin libra me duar pa patur ndonj\u00eb orientim t\u00eb q\u00ebndruesh\u00ebm.<\/p>\n<p>Se \u00e7\u2019duhet b\u00ebr\u00eb s\u2019m\u00eb takon mua ta them, edhe nuk do ndryshoja gj\u00eb sikur ta thosha. Por q\u00eb duhen larguar monopolet nga nj\u00eb fush\u00eb si kultura e librit q\u00eb \u00ebsht\u00eb, tekefundit, nj\u00eb e mir\u00eb e madhe publike, kjo nuk do shum\u00eb mend. Dhe q\u00eb duhet t\u00eb punojm\u00eb p\u00ebrher\u00eb, n\u00eb \u00e7do muaj t\u00eb vitit dhe n\u00eb \u00e7do jav\u00eb t\u00eb muajit p\u00ebr t\u00eb ngritur n\u00eb k\u00ebmb\u00eb qenien e drobitur q\u00eb quhet lib\u00ebr shqip, dhe kjo nuk do shum\u00eb mend.<\/p>\n<p>*<em>respublica.al<\/em><\/p>\n","protected":false},"excerpt":{"rendered":"<p>Nga Ardian Klosi, 18 N\u00ebntor 2011 Panairi i 14 i Librit n\u00eb Tiran\u00eb nxori m\u00eb qart\u00eb se asnj\u00ebher\u00eb problematik\u00ebn e nj\u00eb panairi t\u00eb till\u00eb, por shum\u00eb m\u00eb gjer\u00eb se kaq, at\u00eb t\u00eb librit n\u00eb Shqip\u00ebri. Polemikat vazhdojn\u00eb edhe k\u00ebto dit\u00eb. Ato jan\u00eb t\u00eb ashpra sepse edhe q\u00ebndrimet apo vler\u00ebsimet jan\u00eb deri dhe diametralisht t\u00eb kund\u00ebrta. [&hellip;]<\/p>\n","protected":false},"author":1,"featured_media":0,"comment_status":"open","ping_status":"closed","sticky":false,"template":"","format":"standard","meta":{"footnotes":""},"categories":[2],"tags":[],"class_list":{"0":"post-11467","1":"post","2":"type-post","3":"status-publish","4":"format-standard","6":"category-artikuj"},"yoast_head":"<!-- This site is optimized with the Yoast SEO plugin v27.4 - https:\/\/yoast.com\/product\/yoast-seo-wordpress\/ -->\n<title>Ngrihet p\u00ebr t\u2019u rr\u00ebzuar prap\u00eb - FjALA e LIR\u00cb - Arkivi<\/title>\n<meta name=\"robots\" content=\"index, follow, max-snippet:-1, max-image-preview:large, max-video-preview:-1\" \/>\n<link rel=\"canonical\" href=\"https:\/\/fjala.info\/2009-2015\/ngrihet-per-tu-rrezuar-prape\/\" \/>\n<meta property=\"og:locale\" content=\"sq_AL\" \/>\n<meta property=\"og:type\" content=\"article\" \/>\n<meta property=\"og:title\" content=\"Ngrihet p\u00ebr t\u2019u rr\u00ebzuar prap\u00eb - FjALA e LIR\u00cb - Arkivi\" \/>\n<meta property=\"og:description\" content=\"Nga Ardian Klosi, 18 N\u00ebntor 2011 Panairi i 14 i Librit n\u00eb Tiran\u00eb nxori m\u00eb qart\u00eb se asnj\u00ebher\u00eb problematik\u00ebn e nj\u00eb panairi t\u00eb till\u00eb, por shum\u00eb m\u00eb gjer\u00eb se kaq, at\u00eb t\u00eb librit n\u00eb Shqip\u00ebri. Polemikat vazhdojn\u00eb edhe k\u00ebto dit\u00eb. Ato jan\u00eb t\u00eb ashpra sepse edhe q\u00ebndrimet apo vler\u00ebsimet jan\u00eb deri dhe diametralisht t\u00eb kund\u00ebrta. [&hellip;]\" \/>\n<meta property=\"og:url\" content=\"https:\/\/fjala.info\/2009-2015\/ngrihet-per-tu-rrezuar-prape\/\" \/>\n<meta property=\"og:site_name\" content=\"FjALA e LIR\u00cb - Arkivi\" \/>\n<meta property=\"article:published_time\" content=\"2011-11-18T21:17:25+00:00\" \/>\n<meta property=\"og:image\" content=\"http:\/\/www.shkoder.net\/images\/fjala\/2011\/panair_libri.jpg\" \/>\n<meta name=\"author\" content=\"admin\" \/>\n<meta name=\"twitter:card\" content=\"summary_large_image\" \/>\n<meta name=\"twitter:label1\" content=\"Written by\" \/>\n\t<meta name=\"twitter:data1\" content=\"admin\" \/>\n\t<meta name=\"twitter:label2\" content=\"Est. reading time\" \/>\n\t<meta name=\"twitter:data2\" content=\"7 minutes\" \/>\n<script type=\"application\/ld+json\" class=\"yoast-schema-graph\">{\"@context\":\"https:\\\/\\\/schema.org\",\"@graph\":[{\"@type\":\"Article\",\"@id\":\"https:\\\/\\\/fjala.info\\\/2009-2015\\\/ngrihet-per-tu-rrezuar-prape\\\/#article\",\"isPartOf\":{\"@id\":\"https:\\\/\\\/fjala.info\\\/2009-2015\\\/ngrihet-per-tu-rrezuar-prape\\\/\"},\"author\":{\"name\":\"admin\",\"@id\":\"https:\\\/\\\/fjala.info\\\/2009-2015\\\/#\\\/schema\\\/person\\\/3aa1163ef05469c496fc94e77611ada2\"},\"headline\":\"Ngrihet p\u00ebr t\u2019u rr\u00ebzuar prap\u00eb\",\"datePublished\":\"2011-11-18T21:17:25+00:00\",\"mainEntityOfPage\":{\"@id\":\"https:\\\/\\\/fjala.info\\\/2009-2015\\\/ngrihet-per-tu-rrezuar-prape\\\/\"},\"wordCount\":1378,\"commentCount\":0,\"publisher\":{\"@id\":\"https:\\\/\\\/fjala.info\\\/2009-2015\\\/#organization\"},\"image\":{\"@id\":\"https:\\\/\\\/fjala.info\\\/2009-2015\\\/ngrihet-per-tu-rrezuar-prape\\\/#primaryimage\"},\"thumbnailUrl\":\"http:\\\/\\\/www.shkoder.net\\\/images\\\/fjala\\\/2011\\\/panair_libri.jpg\",\"articleSection\":[\"Artikuj\"],\"inLanguage\":\"sq-AL\",\"potentialAction\":[{\"@type\":\"CommentAction\",\"name\":\"Comment\",\"target\":[\"https:\\\/\\\/fjala.info\\\/2009-2015\\\/ngrihet-per-tu-rrezuar-prape\\\/#respond\"]}]},{\"@type\":\"WebPage\",\"@id\":\"https:\\\/\\\/fjala.info\\\/2009-2015\\\/ngrihet-per-tu-rrezuar-prape\\\/\",\"url\":\"https:\\\/\\\/fjala.info\\\/2009-2015\\\/ngrihet-per-tu-rrezuar-prape\\\/\",\"name\":\"Ngrihet p\u00ebr t\u2019u rr\u00ebzuar prap\u00eb - FjALA e LIR\u00cb - Arkivi\",\"isPartOf\":{\"@id\":\"https:\\\/\\\/fjala.info\\\/2009-2015\\\/#website\"},\"primaryImageOfPage\":{\"@id\":\"https:\\\/\\\/fjala.info\\\/2009-2015\\\/ngrihet-per-tu-rrezuar-prape\\\/#primaryimage\"},\"image\":{\"@id\":\"https:\\\/\\\/fjala.info\\\/2009-2015\\\/ngrihet-per-tu-rrezuar-prape\\\/#primaryimage\"},\"thumbnailUrl\":\"http:\\\/\\\/www.shkoder.net\\\/images\\\/fjala\\\/2011\\\/panair_libri.jpg\",\"datePublished\":\"2011-11-18T21:17:25+00:00\",\"breadcrumb\":{\"@id\":\"https:\\\/\\\/fjala.info\\\/2009-2015\\\/ngrihet-per-tu-rrezuar-prape\\\/#breadcrumb\"},\"inLanguage\":\"sq-AL\",\"potentialAction\":[{\"@type\":\"ReadAction\",\"target\":[\"https:\\\/\\\/fjala.info\\\/2009-2015\\\/ngrihet-per-tu-rrezuar-prape\\\/\"]}]},{\"@type\":\"ImageObject\",\"inLanguage\":\"sq-AL\",\"@id\":\"https:\\\/\\\/fjala.info\\\/2009-2015\\\/ngrihet-per-tu-rrezuar-prape\\\/#primaryimage\",\"url\":\"http:\\\/\\\/www.shkoder.net\\\/images\\\/fjala\\\/2011\\\/panair_libri.jpg\",\"contentUrl\":\"http:\\\/\\\/www.shkoder.net\\\/images\\\/fjala\\\/2011\\\/panair_libri.jpg\"},{\"@type\":\"BreadcrumbList\",\"@id\":\"https:\\\/\\\/fjala.info\\\/2009-2015\\\/ngrihet-per-tu-rrezuar-prape\\\/#breadcrumb\",\"itemListElement\":[{\"@type\":\"ListItem\",\"position\":1,\"name\":\"Home\",\"item\":\"https:\\\/\\\/fjala.info\\\/2009-2015\\\/\"},{\"@type\":\"ListItem\",\"position\":2,\"name\":\"Ngrihet p\u00ebr t\u2019u rr\u00ebzuar prap\u00eb\"}]},{\"@type\":\"WebSite\",\"@id\":\"https:\\\/\\\/fjala.info\\\/2009-2015\\\/#website\",\"url\":\"https:\\\/\\\/fjala.info\\\/2009-2015\\\/\",\"name\":\"FjALA e LIR\u00cb - Arkivi\",\"description\":\"Arkivi 2009-2015\",\"publisher\":{\"@id\":\"https:\\\/\\\/fjala.info\\\/2009-2015\\\/#organization\"},\"potentialAction\":[{\"@type\":\"SearchAction\",\"target\":{\"@type\":\"EntryPoint\",\"urlTemplate\":\"https:\\\/\\\/fjala.info\\\/2009-2015\\\/?s={search_term_string}\"},\"query-input\":{\"@type\":\"PropertyValueSpecification\",\"valueRequired\":true,\"valueName\":\"search_term_string\"}}],\"inLanguage\":\"sq-AL\"},{\"@type\":\"Organization\",\"@id\":\"https:\\\/\\\/fjala.info\\\/2009-2015\\\/#organization\",\"name\":\"FjALA e LIR\u00cb - Arkivi\",\"url\":\"https:\\\/\\\/fjala.info\\\/2009-2015\\\/\",\"logo\":{\"@type\":\"ImageObject\",\"inLanguage\":\"sq-AL\",\"@id\":\"https:\\\/\\\/fjala.info\\\/2009-2015\\\/#\\\/schema\\\/logo\\\/image\\\/\",\"url\":\"\",\"contentUrl\":\"\",\"caption\":\"FjALA e LIR\u00cb - Arkivi\"},\"image\":{\"@id\":\"https:\\\/\\\/fjala.info\\\/2009-2015\\\/#\\\/schema\\\/logo\\\/image\\\/\"}},{\"@type\":\"Person\",\"@id\":\"https:\\\/\\\/fjala.info\\\/2009-2015\\\/#\\\/schema\\\/person\\\/3aa1163ef05469c496fc94e77611ada2\",\"name\":\"admin\",\"image\":{\"@type\":\"ImageObject\",\"inLanguage\":\"sq-AL\",\"@id\":\"https:\\\/\\\/fjala.info\\\/2009-2015\\\/wp-content\\\/uploads\\\/2012\\\/02\\\/arben_cokaj-120x150.jpg\",\"url\":\"https:\\\/\\\/fjala.info\\\/2009-2015\\\/wp-content\\\/uploads\\\/2012\\\/02\\\/arben_cokaj-120x150.jpg\",\"contentUrl\":\"https:\\\/\\\/fjala.info\\\/2009-2015\\\/wp-content\\\/uploads\\\/2012\\\/02\\\/arben_cokaj-120x150.jpg\",\"caption\":\"admin\"},\"description\":\"Admin, Fjala e Lir\u00eb\",\"sameAs\":[\"https:\\\/\\\/fjala.info\\\/\"],\"url\":\"https:\\\/\\\/fjala.info\\\/2009-2015\\\/author\\\/admin\\\/\"}]}<\/script>\n<!-- \/ Yoast SEO plugin. -->","yoast_head_json":{"title":"Ngrihet p\u00ebr t\u2019u rr\u00ebzuar prap\u00eb - FjALA e LIR\u00cb - Arkivi","robots":{"index":"index","follow":"follow","max-snippet":"max-snippet:-1","max-image-preview":"max-image-preview:large","max-video-preview":"max-video-preview:-1"},"canonical":"https:\/\/fjala.info\/2009-2015\/ngrihet-per-tu-rrezuar-prape\/","og_locale":"sq_AL","og_type":"article","og_title":"Ngrihet p\u00ebr t\u2019u rr\u00ebzuar prap\u00eb - FjALA e LIR\u00cb - Arkivi","og_description":"Nga Ardian Klosi, 18 N\u00ebntor 2011 Panairi i 14 i Librit n\u00eb Tiran\u00eb nxori m\u00eb qart\u00eb se asnj\u00ebher\u00eb problematik\u00ebn e nj\u00eb panairi t\u00eb till\u00eb, por shum\u00eb m\u00eb gjer\u00eb se kaq, at\u00eb t\u00eb librit n\u00eb Shqip\u00ebri. Polemikat vazhdojn\u00eb edhe k\u00ebto dit\u00eb. Ato jan\u00eb t\u00eb ashpra sepse edhe q\u00ebndrimet apo vler\u00ebsimet jan\u00eb deri dhe diametralisht t\u00eb kund\u00ebrta. [&hellip;]","og_url":"https:\/\/fjala.info\/2009-2015\/ngrihet-per-tu-rrezuar-prape\/","og_site_name":"FjALA e LIR\u00cb - Arkivi","article_published_time":"2011-11-18T21:17:25+00:00","og_image":[{"url":"http:\/\/www.shkoder.net\/images\/fjala\/2011\/panair_libri.jpg","type":"","width":"","height":""}],"author":"admin","twitter_card":"summary_large_image","twitter_misc":{"Written by":"admin","Est. reading time":"7 minutes"},"schema":{"@context":"https:\/\/schema.org","@graph":[{"@type":"Article","@id":"https:\/\/fjala.info\/2009-2015\/ngrihet-per-tu-rrezuar-prape\/#article","isPartOf":{"@id":"https:\/\/fjala.info\/2009-2015\/ngrihet-per-tu-rrezuar-prape\/"},"author":{"name":"admin","@id":"https:\/\/fjala.info\/2009-2015\/#\/schema\/person\/3aa1163ef05469c496fc94e77611ada2"},"headline":"Ngrihet p\u00ebr t\u2019u rr\u00ebzuar prap\u00eb","datePublished":"2011-11-18T21:17:25+00:00","mainEntityOfPage":{"@id":"https:\/\/fjala.info\/2009-2015\/ngrihet-per-tu-rrezuar-prape\/"},"wordCount":1378,"commentCount":0,"publisher":{"@id":"https:\/\/fjala.info\/2009-2015\/#organization"},"image":{"@id":"https:\/\/fjala.info\/2009-2015\/ngrihet-per-tu-rrezuar-prape\/#primaryimage"},"thumbnailUrl":"http:\/\/www.shkoder.net\/images\/fjala\/2011\/panair_libri.jpg","articleSection":["Artikuj"],"inLanguage":"sq-AL","potentialAction":[{"@type":"CommentAction","name":"Comment","target":["https:\/\/fjala.info\/2009-2015\/ngrihet-per-tu-rrezuar-prape\/#respond"]}]},{"@type":"WebPage","@id":"https:\/\/fjala.info\/2009-2015\/ngrihet-per-tu-rrezuar-prape\/","url":"https:\/\/fjala.info\/2009-2015\/ngrihet-per-tu-rrezuar-prape\/","name":"Ngrihet p\u00ebr t\u2019u rr\u00ebzuar prap\u00eb - FjALA e LIR\u00cb - Arkivi","isPartOf":{"@id":"https:\/\/fjala.info\/2009-2015\/#website"},"primaryImageOfPage":{"@id":"https:\/\/fjala.info\/2009-2015\/ngrihet-per-tu-rrezuar-prape\/#primaryimage"},"image":{"@id":"https:\/\/fjala.info\/2009-2015\/ngrihet-per-tu-rrezuar-prape\/#primaryimage"},"thumbnailUrl":"http:\/\/www.shkoder.net\/images\/fjala\/2011\/panair_libri.jpg","datePublished":"2011-11-18T21:17:25+00:00","breadcrumb":{"@id":"https:\/\/fjala.info\/2009-2015\/ngrihet-per-tu-rrezuar-prape\/#breadcrumb"},"inLanguage":"sq-AL","potentialAction":[{"@type":"ReadAction","target":["https:\/\/fjala.info\/2009-2015\/ngrihet-per-tu-rrezuar-prape\/"]}]},{"@type":"ImageObject","inLanguage":"sq-AL","@id":"https:\/\/fjala.info\/2009-2015\/ngrihet-per-tu-rrezuar-prape\/#primaryimage","url":"http:\/\/www.shkoder.net\/images\/fjala\/2011\/panair_libri.jpg","contentUrl":"http:\/\/www.shkoder.net\/images\/fjala\/2011\/panair_libri.jpg"},{"@type":"BreadcrumbList","@id":"https:\/\/fjala.info\/2009-2015\/ngrihet-per-tu-rrezuar-prape\/#breadcrumb","itemListElement":[{"@type":"ListItem","position":1,"name":"Home","item":"https:\/\/fjala.info\/2009-2015\/"},{"@type":"ListItem","position":2,"name":"Ngrihet p\u00ebr t\u2019u rr\u00ebzuar prap\u00eb"}]},{"@type":"WebSite","@id":"https:\/\/fjala.info\/2009-2015\/#website","url":"https:\/\/fjala.info\/2009-2015\/","name":"FjALA e LIR\u00cb - Arkivi","description":"Arkivi 2009-2015","publisher":{"@id":"https:\/\/fjala.info\/2009-2015\/#organization"},"potentialAction":[{"@type":"SearchAction","target":{"@type":"EntryPoint","urlTemplate":"https:\/\/fjala.info\/2009-2015\/?s={search_term_string}"},"query-input":{"@type":"PropertyValueSpecification","valueRequired":true,"valueName":"search_term_string"}}],"inLanguage":"sq-AL"},{"@type":"Organization","@id":"https:\/\/fjala.info\/2009-2015\/#organization","name":"FjALA e LIR\u00cb - Arkivi","url":"https:\/\/fjala.info\/2009-2015\/","logo":{"@type":"ImageObject","inLanguage":"sq-AL","@id":"https:\/\/fjala.info\/2009-2015\/#\/schema\/logo\/image\/","url":"","contentUrl":"","caption":"FjALA e LIR\u00cb - Arkivi"},"image":{"@id":"https:\/\/fjala.info\/2009-2015\/#\/schema\/logo\/image\/"}},{"@type":"Person","@id":"https:\/\/fjala.info\/2009-2015\/#\/schema\/person\/3aa1163ef05469c496fc94e77611ada2","name":"admin","image":{"@type":"ImageObject","inLanguage":"sq-AL","@id":"https:\/\/fjala.info\/2009-2015\/wp-content\/uploads\/2012\/02\/arben_cokaj-120x150.jpg","url":"https:\/\/fjala.info\/2009-2015\/wp-content\/uploads\/2012\/02\/arben_cokaj-120x150.jpg","contentUrl":"https:\/\/fjala.info\/2009-2015\/wp-content\/uploads\/2012\/02\/arben_cokaj-120x150.jpg","caption":"admin"},"description":"Admin, Fjala e Lir\u00eb","sameAs":["https:\/\/fjala.info\/"],"url":"https:\/\/fjala.info\/2009-2015\/author\/admin\/"}]}},"_links":{"self":[{"href":"https:\/\/fjala.info\/2009-2015\/wp-json\/wp\/v2\/posts\/11467","targetHints":{"allow":["GET"]}}],"collection":[{"href":"https:\/\/fjala.info\/2009-2015\/wp-json\/wp\/v2\/posts"}],"about":[{"href":"https:\/\/fjala.info\/2009-2015\/wp-json\/wp\/v2\/types\/post"}],"author":[{"embeddable":true,"href":"https:\/\/fjala.info\/2009-2015\/wp-json\/wp\/v2\/users\/1"}],"replies":[{"embeddable":true,"href":"https:\/\/fjala.info\/2009-2015\/wp-json\/wp\/v2\/comments?post=11467"}],"version-history":[{"count":0,"href":"https:\/\/fjala.info\/2009-2015\/wp-json\/wp\/v2\/posts\/11467\/revisions"}],"wp:attachment":[{"href":"https:\/\/fjala.info\/2009-2015\/wp-json\/wp\/v2\/media?parent=11467"}],"wp:term":[{"taxonomy":"category","embeddable":true,"href":"https:\/\/fjala.info\/2009-2015\/wp-json\/wp\/v2\/categories?post=11467"},{"taxonomy":"post_tag","embeddable":true,"href":"https:\/\/fjala.info\/2009-2015\/wp-json\/wp\/v2\/tags?post=11467"}],"curies":[{"name":"wp","href":"https:\/\/api.w.org\/{rel}","templated":true}]}}