{"id":11465,"date":"2011-11-18T21:18:45","date_gmt":"2011-11-18T20:18:45","guid":{"rendered":"http:\/\/fjala.shkoder.net\/?p=217"},"modified":"2011-11-18T21:18:45","modified_gmt":"2011-11-18T20:18:45","slug":"tete-te-arrestuarit-e-lsi-se-jane-fytyra-e-administrates-se-sotme","status":"publish","type":"post","link":"https:\/\/fjala.info\/2009-2015\/tete-te-arrestuarit-e-lsi-se-jane-fytyra-e-administrates-se-sotme\/","title":{"rendered":"Tet\u00eb t\u00eb arrestuarit \u201ce LSI-s\u00eb\u201d jan\u00eb fytyra e administrat\u00ebs s\u00eb sotme"},"content":{"rendered":"<p><img decoding=\"async\" class=\"alignright size-thumbnail wp-image-7236\" title=\"T\u00eb arrestuar\" src=\"http:\/\/www.shkoder.net\/images\/fjala\/2011\/lsi_te_arrestuar.jpg\" alt=\"\" width=\"300\" \/> <strong>TemA Online<\/strong>, <em>18 N\u00ebntor 2011<\/em><\/p>\n<p>Kryelajmi i djesh\u00ebm ka qen\u00eb arrestimi i tet\u00eb punonj\u00ebsve t\u00eb Drejtoris\u00eb s\u00eb Metrologjis\u00eb e t\u00eb Kalibrimit, t\u00eb cil\u00ebt, sipas strukturave t\u00eb hetimit e t\u00eb akuz\u00ebs, n\u00eb bashk\u00ebpunim me treg\u00ebtar\u00ebt, ndryshonin masat e peshoreve dhe distributor\u00ebve t\u00eb karburanteve, dhe fitimin q\u00eb dilte prej k\u00ebtij operacioni n\u00eb kurriz t\u00eb konsumator\u00ebve e ndanin mes tyre.<\/p>\n<p>Askush nuk ka hedhur dyshim mbi k\u00ebt\u00eb aksion (vet\u00eb ministri i ekonomis\u00eb ka qen\u00eb nd\u00ebr t\u00eb par\u00ebt q\u00eb \u00ebsht\u00eb distancuar nga njer\u00ebzit e v\u00ebn\u00eb n\u00eb pranga), gj\u00eb q\u00eb do t\u00eb thot\u00eb se tet\u00ebshja \u00ebsht\u00eb arrestuar me hak. Por kjo tet\u00ebshe \u00ebsht\u00eb etiketuar si LSI-ste, dhe p\u00ebr k\u00ebt\u00eb arsye shum\u00ebkush e ka par\u00eb k\u00ebt\u00eb gj\u00eb si nj\u00eb luft\u00eb bandash brenda qeveris\u00eb. Nj\u00eb num\u00ebr titujsh t\u00eb gazetave t\u00eb sotme linin t\u00eb kuptohej, se b\u00ebhet fjal\u00eb p\u00ebr nj\u00eb goditje t\u00eb kalkuluar kund\u00ebr LSI-s\u00eb. \u00cbsht\u00eb e v\u00ebrtet\u00eb?<\/p>\n<p>Logjika nuk e p\u00ebrjashton nj\u00eb hamend\u00ebsim t\u00eb till\u00eb, por n\u00eb fakt nuk ka asnj\u00eb prov\u00eb q\u00eb t\u00eb jet\u00eb k\u00ebshtu. Nuk \u00ebsht\u00eb ky problemi, megjithat\u00eb (p\u00ebrsa koh\u00eb q\u00eb s\u2019kemi asnj\u00eb prov\u00eb). Problemi \u00ebsht\u00eb tek rekrutimi i punonj\u00ebsve t\u00eb administrat\u00ebs mbi baza t\u00eb luajalitetit partiak e tribal. Vet\u00ebm korrupsion do t\u00eb ket\u00eb n\u00eb rrethanat, kur administrata nd\u00ebrtohet me k\u00ebt\u00eb logjik\u00eb. Dhe merret vesh se korrupsioni n\u00eb k\u00ebt\u00eb rast nuk \u00ebsht\u00eb thjesht pasoj\u00eb; \u00ebsht\u00eb mbi t\u00eb gjitha q\u00ebllim.<\/p>\n<p><em>respublica.al<\/em><\/p>\n","protected":false},"excerpt":{"rendered":"<p>TemA Online, 18 N\u00ebntor 2011 Kryelajmi i djesh\u00ebm ka qen\u00eb arrestimi i tet\u00eb punonj\u00ebsve t\u00eb Drejtoris\u00eb s\u00eb Metrologjis\u00eb e t\u00eb Kalibrimit, t\u00eb cil\u00ebt, sipas strukturave t\u00eb hetimit e t\u00eb akuz\u00ebs, n\u00eb bashk\u00ebpunim me treg\u00ebtar\u00ebt, ndryshonin masat e peshoreve dhe distributor\u00ebve t\u00eb karburanteve, dhe fitimin q\u00eb dilte prej k\u00ebtij operacioni n\u00eb kurriz t\u00eb konsumator\u00ebve e ndanin [&hellip;]<\/p>\n","protected":false},"author":1,"featured_media":0,"comment_status":"open","ping_status":"closed","sticky":false,"template":"","format":"standard","meta":{"footnotes":""},"categories":[5],"tags":[],"class_list":{"0":"post-11465","1":"post","2":"type-post","3":"status-publish","4":"format-standard","6":"category-lajme"},"yoast_head":"<!-- This site is optimized with the Yoast SEO plugin v27.4 - https:\/\/yoast.com\/product\/yoast-seo-wordpress\/ -->\n<title>Tet\u00eb t\u00eb arrestuarit \u201ce LSI-s\u00eb\u201d jan\u00eb fytyra e administrat\u00ebs s\u00eb sotme - FjALA e LIR\u00cb - Arkivi<\/title>\n<meta name=\"robots\" content=\"index, follow, max-snippet:-1, max-image-preview:large, max-video-preview:-1\" \/>\n<link rel=\"canonical\" href=\"https:\/\/fjala.info\/2009-2015\/tete-te-arrestuarit-e-lsi-se-jane-fytyra-e-administrates-se-sotme\/\" \/>\n<meta property=\"og:locale\" content=\"sq_AL\" \/>\n<meta property=\"og:type\" content=\"article\" \/>\n<meta property=\"og:title\" content=\"Tet\u00eb t\u00eb arrestuarit \u201ce LSI-s\u00eb\u201d jan\u00eb fytyra e administrat\u00ebs s\u00eb sotme - FjALA e LIR\u00cb - Arkivi\" \/>\n<meta property=\"og:description\" content=\"TemA Online, 18 N\u00ebntor 2011 Kryelajmi i djesh\u00ebm ka qen\u00eb arrestimi i tet\u00eb punonj\u00ebsve t\u00eb Drejtoris\u00eb s\u00eb Metrologjis\u00eb e t\u00eb Kalibrimit, t\u00eb cil\u00ebt, sipas strukturave t\u00eb hetimit e t\u00eb akuz\u00ebs, n\u00eb bashk\u00ebpunim me treg\u00ebtar\u00ebt, ndryshonin masat e peshoreve dhe distributor\u00ebve t\u00eb karburanteve, dhe fitimin q\u00eb dilte prej k\u00ebtij operacioni n\u00eb kurriz t\u00eb konsumator\u00ebve e ndanin [&hellip;]\" \/>\n<meta property=\"og:url\" content=\"https:\/\/fjala.info\/2009-2015\/tete-te-arrestuarit-e-lsi-se-jane-fytyra-e-administrates-se-sotme\/\" \/>\n<meta property=\"og:site_name\" content=\"FjALA e LIR\u00cb - Arkivi\" \/>\n<meta property=\"article:published_time\" content=\"2011-11-18T20:18:45+00:00\" \/>\n<meta property=\"og:image\" content=\"http:\/\/www.shkoder.net\/images\/fjala\/2011\/lsi_te_arrestuar.jpg\" \/>\n<meta name=\"author\" content=\"admin\" \/>\n<meta name=\"twitter:card\" content=\"summary_large_image\" \/>\n<meta name=\"twitter:label1\" content=\"Written by\" \/>\n\t<meta name=\"twitter:data1\" content=\"admin\" \/>\n\t<meta name=\"twitter:label2\" content=\"Est. reading time\" \/>\n\t<meta name=\"twitter:data2\" content=\"1 minute\" \/>\n<script type=\"application\/ld+json\" class=\"yoast-schema-graph\">{\"@context\":\"https:\\\/\\\/schema.org\",\"@graph\":[{\"@type\":\"Article\",\"@id\":\"https:\\\/\\\/fjala.info\\\/2009-2015\\\/tete-te-arrestuarit-e-lsi-se-jane-fytyra-e-administrates-se-sotme\\\/#article\",\"isPartOf\":{\"@id\":\"https:\\\/\\\/fjala.info\\\/2009-2015\\\/tete-te-arrestuarit-e-lsi-se-jane-fytyra-e-administrates-se-sotme\\\/\"},\"author\":{\"name\":\"admin\",\"@id\":\"https:\\\/\\\/fjala.info\\\/2009-2015\\\/#\\\/schema\\\/person\\\/3aa1163ef05469c496fc94e77611ada2\"},\"headline\":\"Tet\u00eb t\u00eb arrestuarit \u201ce LSI-s\u00eb\u201d jan\u00eb fytyra e administrat\u00ebs s\u00eb sotme\",\"datePublished\":\"2011-11-18T20:18:45+00:00\",\"mainEntityOfPage\":{\"@id\":\"https:\\\/\\\/fjala.info\\\/2009-2015\\\/tete-te-arrestuarit-e-lsi-se-jane-fytyra-e-administrates-se-sotme\\\/\"},\"wordCount\":266,\"commentCount\":0,\"publisher\":{\"@id\":\"https:\\\/\\\/fjala.info\\\/2009-2015\\\/#organization\"},\"image\":{\"@id\":\"https:\\\/\\\/fjala.info\\\/2009-2015\\\/tete-te-arrestuarit-e-lsi-se-jane-fytyra-e-administrates-se-sotme\\\/#primaryimage\"},\"thumbnailUrl\":\"http:\\\/\\\/www.shkoder.net\\\/images\\\/fjala\\\/2011\\\/lsi_te_arrestuar.jpg\",\"articleSection\":[\"Lajme\"],\"inLanguage\":\"sq-AL\",\"potentialAction\":[{\"@type\":\"CommentAction\",\"name\":\"Comment\",\"target\":[\"https:\\\/\\\/fjala.info\\\/2009-2015\\\/tete-te-arrestuarit-e-lsi-se-jane-fytyra-e-administrates-se-sotme\\\/#respond\"]}]},{\"@type\":\"WebPage\",\"@id\":\"https:\\\/\\\/fjala.info\\\/2009-2015\\\/tete-te-arrestuarit-e-lsi-se-jane-fytyra-e-administrates-se-sotme\\\/\",\"url\":\"https:\\\/\\\/fjala.info\\\/2009-2015\\\/tete-te-arrestuarit-e-lsi-se-jane-fytyra-e-administrates-se-sotme\\\/\",\"name\":\"Tet\u00eb t\u00eb arrestuarit \u201ce LSI-s\u00eb\u201d jan\u00eb fytyra e administrat\u00ebs s\u00eb sotme - FjALA e LIR\u00cb - Arkivi\",\"isPartOf\":{\"@id\":\"https:\\\/\\\/fjala.info\\\/2009-2015\\\/#website\"},\"primaryImageOfPage\":{\"@id\":\"https:\\\/\\\/fjala.info\\\/2009-2015\\\/tete-te-arrestuarit-e-lsi-se-jane-fytyra-e-administrates-se-sotme\\\/#primaryimage\"},\"image\":{\"@id\":\"https:\\\/\\\/fjala.info\\\/2009-2015\\\/tete-te-arrestuarit-e-lsi-se-jane-fytyra-e-administrates-se-sotme\\\/#primaryimage\"},\"thumbnailUrl\":\"http:\\\/\\\/www.shkoder.net\\\/images\\\/fjala\\\/2011\\\/lsi_te_arrestuar.jpg\",\"datePublished\":\"2011-11-18T20:18:45+00:00\",\"breadcrumb\":{\"@id\":\"https:\\\/\\\/fjala.info\\\/2009-2015\\\/tete-te-arrestuarit-e-lsi-se-jane-fytyra-e-administrates-se-sotme\\\/#breadcrumb\"},\"inLanguage\":\"sq-AL\",\"potentialAction\":[{\"@type\":\"ReadAction\",\"target\":[\"https:\\\/\\\/fjala.info\\\/2009-2015\\\/tete-te-arrestuarit-e-lsi-se-jane-fytyra-e-administrates-se-sotme\\\/\"]}]},{\"@type\":\"ImageObject\",\"inLanguage\":\"sq-AL\",\"@id\":\"https:\\\/\\\/fjala.info\\\/2009-2015\\\/tete-te-arrestuarit-e-lsi-se-jane-fytyra-e-administrates-se-sotme\\\/#primaryimage\",\"url\":\"http:\\\/\\\/www.shkoder.net\\\/images\\\/fjala\\\/2011\\\/lsi_te_arrestuar.jpg\",\"contentUrl\":\"http:\\\/\\\/www.shkoder.net\\\/images\\\/fjala\\\/2011\\\/lsi_te_arrestuar.jpg\"},{\"@type\":\"BreadcrumbList\",\"@id\":\"https:\\\/\\\/fjala.info\\\/2009-2015\\\/tete-te-arrestuarit-e-lsi-se-jane-fytyra-e-administrates-se-sotme\\\/#breadcrumb\",\"itemListElement\":[{\"@type\":\"ListItem\",\"position\":1,\"name\":\"Home\",\"item\":\"https:\\\/\\\/fjala.info\\\/2009-2015\\\/\"},{\"@type\":\"ListItem\",\"position\":2,\"name\":\"Tet\u00eb t\u00eb arrestuarit \u201ce LSI-s\u00eb\u201d jan\u00eb fytyra e administrat\u00ebs s\u00eb sotme\"}]},{\"@type\":\"WebSite\",\"@id\":\"https:\\\/\\\/fjala.info\\\/2009-2015\\\/#website\",\"url\":\"https:\\\/\\\/fjala.info\\\/2009-2015\\\/\",\"name\":\"FjALA e LIR\u00cb - Arkivi\",\"description\":\"Arkivi 2009-2015\",\"publisher\":{\"@id\":\"https:\\\/\\\/fjala.info\\\/2009-2015\\\/#organization\"},\"potentialAction\":[{\"@type\":\"SearchAction\",\"target\":{\"@type\":\"EntryPoint\",\"urlTemplate\":\"https:\\\/\\\/fjala.info\\\/2009-2015\\\/?s={search_term_string}\"},\"query-input\":{\"@type\":\"PropertyValueSpecification\",\"valueRequired\":true,\"valueName\":\"search_term_string\"}}],\"inLanguage\":\"sq-AL\"},{\"@type\":\"Organization\",\"@id\":\"https:\\\/\\\/fjala.info\\\/2009-2015\\\/#organization\",\"name\":\"FjALA e LIR\u00cb - Arkivi\",\"url\":\"https:\\\/\\\/fjala.info\\\/2009-2015\\\/\",\"logo\":{\"@type\":\"ImageObject\",\"inLanguage\":\"sq-AL\",\"@id\":\"https:\\\/\\\/fjala.info\\\/2009-2015\\\/#\\\/schema\\\/logo\\\/image\\\/\",\"url\":\"\",\"contentUrl\":\"\",\"caption\":\"FjALA e LIR\u00cb - Arkivi\"},\"image\":{\"@id\":\"https:\\\/\\\/fjala.info\\\/2009-2015\\\/#\\\/schema\\\/logo\\\/image\\\/\"}},{\"@type\":\"Person\",\"@id\":\"https:\\\/\\\/fjala.info\\\/2009-2015\\\/#\\\/schema\\\/person\\\/3aa1163ef05469c496fc94e77611ada2\",\"name\":\"admin\",\"image\":{\"@type\":\"ImageObject\",\"inLanguage\":\"sq-AL\",\"@id\":\"https:\\\/\\\/fjala.info\\\/2009-2015\\\/wp-content\\\/uploads\\\/2012\\\/02\\\/arben_cokaj-120x150.jpg\",\"url\":\"https:\\\/\\\/fjala.info\\\/2009-2015\\\/wp-content\\\/uploads\\\/2012\\\/02\\\/arben_cokaj-120x150.jpg\",\"contentUrl\":\"https:\\\/\\\/fjala.info\\\/2009-2015\\\/wp-content\\\/uploads\\\/2012\\\/02\\\/arben_cokaj-120x150.jpg\",\"caption\":\"admin\"},\"description\":\"Admin, Fjala e Lir\u00eb\",\"sameAs\":[\"https:\\\/\\\/fjala.info\\\/\"],\"url\":\"https:\\\/\\\/fjala.info\\\/2009-2015\\\/author\\\/admin\\\/\"}]}<\/script>\n<!-- \/ Yoast SEO plugin. -->","yoast_head_json":{"title":"Tet\u00eb t\u00eb arrestuarit \u201ce LSI-s\u00eb\u201d jan\u00eb fytyra e administrat\u00ebs s\u00eb sotme - FjALA e LIR\u00cb - Arkivi","robots":{"index":"index","follow":"follow","max-snippet":"max-snippet:-1","max-image-preview":"max-image-preview:large","max-video-preview":"max-video-preview:-1"},"canonical":"https:\/\/fjala.info\/2009-2015\/tete-te-arrestuarit-e-lsi-se-jane-fytyra-e-administrates-se-sotme\/","og_locale":"sq_AL","og_type":"article","og_title":"Tet\u00eb t\u00eb arrestuarit \u201ce LSI-s\u00eb\u201d jan\u00eb fytyra e administrat\u00ebs s\u00eb sotme - FjALA e LIR\u00cb - Arkivi","og_description":"TemA Online, 18 N\u00ebntor 2011 Kryelajmi i djesh\u00ebm ka qen\u00eb arrestimi i tet\u00eb punonj\u00ebsve t\u00eb Drejtoris\u00eb s\u00eb Metrologjis\u00eb e t\u00eb Kalibrimit, t\u00eb cil\u00ebt, sipas strukturave t\u00eb hetimit e t\u00eb akuz\u00ebs, n\u00eb bashk\u00ebpunim me treg\u00ebtar\u00ebt, ndryshonin masat e peshoreve dhe distributor\u00ebve t\u00eb karburanteve, dhe fitimin q\u00eb dilte prej k\u00ebtij operacioni n\u00eb kurriz t\u00eb konsumator\u00ebve e ndanin [&hellip;]","og_url":"https:\/\/fjala.info\/2009-2015\/tete-te-arrestuarit-e-lsi-se-jane-fytyra-e-administrates-se-sotme\/","og_site_name":"FjALA e LIR\u00cb - Arkivi","article_published_time":"2011-11-18T20:18:45+00:00","og_image":[{"url":"http:\/\/www.shkoder.net\/images\/fjala\/2011\/lsi_te_arrestuar.jpg","type":"","width":"","height":""}],"author":"admin","twitter_card":"summary_large_image","twitter_misc":{"Written by":"admin","Est. reading time":"1 minute"},"schema":{"@context":"https:\/\/schema.org","@graph":[{"@type":"Article","@id":"https:\/\/fjala.info\/2009-2015\/tete-te-arrestuarit-e-lsi-se-jane-fytyra-e-administrates-se-sotme\/#article","isPartOf":{"@id":"https:\/\/fjala.info\/2009-2015\/tete-te-arrestuarit-e-lsi-se-jane-fytyra-e-administrates-se-sotme\/"},"author":{"name":"admin","@id":"https:\/\/fjala.info\/2009-2015\/#\/schema\/person\/3aa1163ef05469c496fc94e77611ada2"},"headline":"Tet\u00eb t\u00eb arrestuarit \u201ce LSI-s\u00eb\u201d jan\u00eb fytyra e administrat\u00ebs s\u00eb sotme","datePublished":"2011-11-18T20:18:45+00:00","mainEntityOfPage":{"@id":"https:\/\/fjala.info\/2009-2015\/tete-te-arrestuarit-e-lsi-se-jane-fytyra-e-administrates-se-sotme\/"},"wordCount":266,"commentCount":0,"publisher":{"@id":"https:\/\/fjala.info\/2009-2015\/#organization"},"image":{"@id":"https:\/\/fjala.info\/2009-2015\/tete-te-arrestuarit-e-lsi-se-jane-fytyra-e-administrates-se-sotme\/#primaryimage"},"thumbnailUrl":"http:\/\/www.shkoder.net\/images\/fjala\/2011\/lsi_te_arrestuar.jpg","articleSection":["Lajme"],"inLanguage":"sq-AL","potentialAction":[{"@type":"CommentAction","name":"Comment","target":["https:\/\/fjala.info\/2009-2015\/tete-te-arrestuarit-e-lsi-se-jane-fytyra-e-administrates-se-sotme\/#respond"]}]},{"@type":"WebPage","@id":"https:\/\/fjala.info\/2009-2015\/tete-te-arrestuarit-e-lsi-se-jane-fytyra-e-administrates-se-sotme\/","url":"https:\/\/fjala.info\/2009-2015\/tete-te-arrestuarit-e-lsi-se-jane-fytyra-e-administrates-se-sotme\/","name":"Tet\u00eb t\u00eb arrestuarit \u201ce LSI-s\u00eb\u201d jan\u00eb fytyra e administrat\u00ebs s\u00eb sotme - FjALA e LIR\u00cb - Arkivi","isPartOf":{"@id":"https:\/\/fjala.info\/2009-2015\/#website"},"primaryImageOfPage":{"@id":"https:\/\/fjala.info\/2009-2015\/tete-te-arrestuarit-e-lsi-se-jane-fytyra-e-administrates-se-sotme\/#primaryimage"},"image":{"@id":"https:\/\/fjala.info\/2009-2015\/tete-te-arrestuarit-e-lsi-se-jane-fytyra-e-administrates-se-sotme\/#primaryimage"},"thumbnailUrl":"http:\/\/www.shkoder.net\/images\/fjala\/2011\/lsi_te_arrestuar.jpg","datePublished":"2011-11-18T20:18:45+00:00","breadcrumb":{"@id":"https:\/\/fjala.info\/2009-2015\/tete-te-arrestuarit-e-lsi-se-jane-fytyra-e-administrates-se-sotme\/#breadcrumb"},"inLanguage":"sq-AL","potentialAction":[{"@type":"ReadAction","target":["https:\/\/fjala.info\/2009-2015\/tete-te-arrestuarit-e-lsi-se-jane-fytyra-e-administrates-se-sotme\/"]}]},{"@type":"ImageObject","inLanguage":"sq-AL","@id":"https:\/\/fjala.info\/2009-2015\/tete-te-arrestuarit-e-lsi-se-jane-fytyra-e-administrates-se-sotme\/#primaryimage","url":"http:\/\/www.shkoder.net\/images\/fjala\/2011\/lsi_te_arrestuar.jpg","contentUrl":"http:\/\/www.shkoder.net\/images\/fjala\/2011\/lsi_te_arrestuar.jpg"},{"@type":"BreadcrumbList","@id":"https:\/\/fjala.info\/2009-2015\/tete-te-arrestuarit-e-lsi-se-jane-fytyra-e-administrates-se-sotme\/#breadcrumb","itemListElement":[{"@type":"ListItem","position":1,"name":"Home","item":"https:\/\/fjala.info\/2009-2015\/"},{"@type":"ListItem","position":2,"name":"Tet\u00eb t\u00eb arrestuarit \u201ce LSI-s\u00eb\u201d jan\u00eb fytyra e administrat\u00ebs s\u00eb sotme"}]},{"@type":"WebSite","@id":"https:\/\/fjala.info\/2009-2015\/#website","url":"https:\/\/fjala.info\/2009-2015\/","name":"FjALA e LIR\u00cb - Arkivi","description":"Arkivi 2009-2015","publisher":{"@id":"https:\/\/fjala.info\/2009-2015\/#organization"},"potentialAction":[{"@type":"SearchAction","target":{"@type":"EntryPoint","urlTemplate":"https:\/\/fjala.info\/2009-2015\/?s={search_term_string}"},"query-input":{"@type":"PropertyValueSpecification","valueRequired":true,"valueName":"search_term_string"}}],"inLanguage":"sq-AL"},{"@type":"Organization","@id":"https:\/\/fjala.info\/2009-2015\/#organization","name":"FjALA e LIR\u00cb - Arkivi","url":"https:\/\/fjala.info\/2009-2015\/","logo":{"@type":"ImageObject","inLanguage":"sq-AL","@id":"https:\/\/fjala.info\/2009-2015\/#\/schema\/logo\/image\/","url":"","contentUrl":"","caption":"FjALA e LIR\u00cb - Arkivi"},"image":{"@id":"https:\/\/fjala.info\/2009-2015\/#\/schema\/logo\/image\/"}},{"@type":"Person","@id":"https:\/\/fjala.info\/2009-2015\/#\/schema\/person\/3aa1163ef05469c496fc94e77611ada2","name":"admin","image":{"@type":"ImageObject","inLanguage":"sq-AL","@id":"https:\/\/fjala.info\/2009-2015\/wp-content\/uploads\/2012\/02\/arben_cokaj-120x150.jpg","url":"https:\/\/fjala.info\/2009-2015\/wp-content\/uploads\/2012\/02\/arben_cokaj-120x150.jpg","contentUrl":"https:\/\/fjala.info\/2009-2015\/wp-content\/uploads\/2012\/02\/arben_cokaj-120x150.jpg","caption":"admin"},"description":"Admin, Fjala e Lir\u00eb","sameAs":["https:\/\/fjala.info\/"],"url":"https:\/\/fjala.info\/2009-2015\/author\/admin\/"}]}},"_links":{"self":[{"href":"https:\/\/fjala.info\/2009-2015\/wp-json\/wp\/v2\/posts\/11465","targetHints":{"allow":["GET"]}}],"collection":[{"href":"https:\/\/fjala.info\/2009-2015\/wp-json\/wp\/v2\/posts"}],"about":[{"href":"https:\/\/fjala.info\/2009-2015\/wp-json\/wp\/v2\/types\/post"}],"author":[{"embeddable":true,"href":"https:\/\/fjala.info\/2009-2015\/wp-json\/wp\/v2\/users\/1"}],"replies":[{"embeddable":true,"href":"https:\/\/fjala.info\/2009-2015\/wp-json\/wp\/v2\/comments?post=11465"}],"version-history":[{"count":0,"href":"https:\/\/fjala.info\/2009-2015\/wp-json\/wp\/v2\/posts\/11465\/revisions"}],"wp:attachment":[{"href":"https:\/\/fjala.info\/2009-2015\/wp-json\/wp\/v2\/media?parent=11465"}],"wp:term":[{"taxonomy":"category","embeddable":true,"href":"https:\/\/fjala.info\/2009-2015\/wp-json\/wp\/v2\/categories?post=11465"},{"taxonomy":"post_tag","embeddable":true,"href":"https:\/\/fjala.info\/2009-2015\/wp-json\/wp\/v2\/tags?post=11465"}],"curies":[{"name":"wp","href":"https:\/\/api.w.org\/{rel}","templated":true}]}}