{"id":11462,"date":"2011-11-16T00:33:51","date_gmt":"2011-11-15T23:33:51","guid":{"rendered":"http:\/\/fjala.shkoder.net\/?p=176"},"modified":"2011-11-16T00:33:51","modified_gmt":"2011-11-15T23:33:51","slug":"gjithe-kenaqesia-e-panairit-te-librit-ne-tirane","status":"publish","type":"post","link":"https:\/\/fjala.info\/2009-2015\/gjithe-kenaqesia-e-panairit-te-librit-ne-tirane\/","title":{"rendered":"Gjith\u00eb k\u00ebnaq\u00ebsia e Panairit t\u00eb Librit n\u00eb Tiran\u00eb"},"content":{"rendered":"<p><img decoding=\"async\" class=\"alignleft size-thumbnail wp-image-7236\" title=\"Rama autografe - thyhet banaku\" src=\"http:\/\/www.shkoder.net\/images\/fjala\/2011\/thyhet_banaku_dudaj.jpg\" alt=\"\" width=\"300\" \/> Nga <strong>Tim Judah<\/strong>, <em>The Economist<\/em>15 N\u00ebntor, 2011<\/p>\n<p>Vitet e fundit, lajmet q\u00eb vijn\u00eb nga Shqip\u00ebria jan\u00eb dominuar nga p\u00ebrplasje e pafundme politike mes Sali Berish\u00ebs, kryeministri, dhe Edi Ram\u00ebs, lider i opozit\u00ebs. Por krejt papritur ret\u00eb duket sikur jan\u00eb larguar. Socialist\u00ebt e Ram\u00ebs jan\u00eb kthyer n\u00eb parlament, duke biseduar me njer\u00ebzit e Berish\u00ebs, dhe \u00ebsht\u00eb gjetur nj\u00eb zgjidhje p\u00ebr zgjedhjet e kund\u00ebrshtuara p\u00ebr kryebashkiak n\u00eb Tiran\u00eb. Shqiptar\u00ebt e leht\u00ebsuar tani po flasin p\u00ebr di\u00e7ka tjet\u00ebr: librat.<\/p>\n<p>Ngjarja e muajit ka qen\u00eb Panairi i Librit n\u00eb Tiran\u00eb, q\u00eb p\u00ebrfundoi t\u00eb diel\u00ebn. Nuk kam par\u00eb kurr\u00eb di\u00e7ka t\u00eb till\u00eb n\u00eb kryeqytetin shqiptar. Di\u00e7ka m\u00eb shum\u00eb se 80 tenda u sulmuan virtualisht nga njer\u00ebz q\u00eb tundnin n\u00eb duar para cash me shpres\u00eb se nuk do humbisnin bestseller-at e fundit. Ambasador\u00eb, peshkop\u00eb, personazhe t\u00eb jet\u00ebs publike dhe politikan\u00eb ishin t\u00eb gjith\u00eb aty.<\/p>\n<p>Bukuroshja e k\u00ebsaj balloje ishte Elena Kadare, q\u00eb fitoi edhe nj\u00eb \u00e7mim si shkrimtarja m\u00eb e mir\u00eb e vitit. Libri i saj i ri \u00ebsht\u00eb pjes\u00eb e nj\u00eb memuari puth-dhe-trego n\u00eb lidhje me jet\u00ebn me t\u00eb shoqin, Ismailin, q\u00eb nga shum\u00eb shqiptar\u00eb, p\u00ebrfshi edhe mua, shihet si shqiptari m\u00eb i madh i gjall\u00eb. M\u00eb shum\u00eb p\u00ebr t\u00eb arg\u00ebtuar shtypin lokal, zonja Kadare diskuton n\u00eb lib\u00ebr p\u00ebr aferat e ndryshme t\u00eb dashuris\u00eb t\u00eb burrit t\u00eb saj. \u00c7ifti i fuqish\u00ebm letrar, t\u00eb cil\u00ebt jan\u00eb akoma shum\u00eb t\u00eb af\u00ebrt, kalojn\u00eb gjysm\u00ebn e vitit n\u00eb Paris dhe gjysm\u00ebn n\u00eb Tiran\u00eb.<\/p>\n<p>Shqiptar\u00ebt e lumtur tani duken se kan\u00eb m\u00eb shum\u00eb d\u00ebshir\u00eb t\u00eb lexojn\u00eb p\u00ebr politik\u00ebn sesa ta shohin at\u00eb tek luhet atje n\u00eb rrug\u00eb. Bestseller-i m\u00eb i madh politik n\u00eb panair ishte libri i Ram\u00ebs \u201cKurbani\u201d, nj\u00eb memuar i fokusuar n\u00eb koh\u00ebn e tij si kryebashkiak i Tiran\u00ebs, gjat\u00eb s\u00eb cil\u00ebs qyteti u transformua nga nj\u00eb rr\u00ebmuj\u00eb n\u00eb nj\u00eb vend t\u00eb k\u00ebndsh\u00ebm p\u00ebr t\u00eb jetuar.<\/p>\n<p>Pas zgjedhjeve lokale t\u00eb kund\u00ebrshtuara, Rama u detyrua t\u00eb l\u00ebr\u00eb detyr\u00ebn te Lulzim Basha, i partis\u00eb s\u00eb Berish\u00ebs. Kur zoti Basha mb\u00ebrriti n\u00eb Bashki, nj\u00eb dele u sakrifikua atje. Kjo praktik\u00eb, q\u00eb duket se t\u00eb kthen prapa n\u00eb koh\u00ebrat e otoman\u00ebve, \u00ebsht\u00eb ajo \u00e7ka i dha Ram\u00ebs titullin. N\u00eb kopertin\u00eb shfaqet gjak i shp\u00ebrndar\u00eb mbi imazhin e nj\u00eb deleje.<\/p>\n<p>N\u00ebnshkrimi i autografeve nga Rama t\u00ebrhoqi turma t\u00eb m\u00ebdha. T\u00eb diel\u00ebn, e lumtura Arlinda Dudaj, botuesja, m\u00eb thirri nga p\u00ebrtej turm\u00ebs duke m\u00eb th\u00ebn\u00eb se kishte shitur 8 mij\u00eb kopje n\u00eb pak dit\u00eb. Shifra t\u00eb tilla jan\u00eb nj\u00eb sukses i madh p\u00ebr libra t\u00eb ngjash\u00ebm edhe n\u00eb Britani, nj\u00eb vend shum\u00eb m\u00eb i madh e m\u00eb i pasur. Por zoti Berisha ka qen\u00eb aq shum\u00eb i z\u00ebn\u00eb duke denoncuar librin e rivalit t\u00eb tij, sa kur vizitoi panairin, refuzoi t\u00eb kalonte tek tenda e zonj\u00ebs Dudaj.<\/p>\n<p>Herri \u00c7ili, nj\u00eb tjet\u00ebr botues, ka par\u00eb dit\u00eb t\u00eb mira. Mes librave t\u00eb suksessh\u00ebm t\u00eb k\u00ebtij viti \u00ebsht\u00eb nj\u00eb biografi e Enver Hoxh\u00ebs, diktatorit komunist shqiptar, q\u00eb vdiq n\u00eb vitin 1985. \u201c\u00cbsht\u00eb \u00e7menduri,\u201d thot\u00eb Mario \u00c7ili, v\u00ebllai i Henrit dhe drejtori menaxherial i kompanis\u00eb. Ai pretendon se jan\u00eb shitur 14 mij\u00eb kopje gjat\u00eb tre jav\u00ebve.<\/p>\n<p>Libri, i Blendi Fevziut, nj\u00eb gazetar i njohur n\u00eb Shqip\u00ebri, \u00ebsht\u00eb vizatimi i par\u00eb serioz i jet\u00ebs s\u00eb Hoxh\u00ebs p\u00ebrmes arkivave shqiptare. Me fat do p\u00ebrkthehet p\u00ebr audiencat e huaja. Adrian Civici, nj\u00eb ekonomist, m\u00eb tha se e kishte lexuar librin p\u00ebr dy dit\u00eb dhe i kishte vendosur n\u00ebntitullin: \u201cNjeriu q\u00eb vrau t\u00eb gjith\u00eb miqt\u00eb\u201d.<\/p>\n<p>Megjithat\u00eb, pavar\u00ebsisht k\u00ebtij v\u00ebrshimi n\u00eb panair, njer\u00ebzit n\u00eb Shqip\u00ebri po blejn\u00eb gjithmon\u00eb e m\u00eb pak libra, nj\u00ebsoj si n\u00eb mbar\u00eb bot\u00ebn. Piro Misha, nj\u00eb botues i njohur, m\u00eb tha se shitjet kan\u00eb r\u00ebn\u00eb me m\u00eb shum\u00eb se 30 p\u00ebrqind krahasuar me nj\u00eb vit m\u00eb par\u00eb. Revolucioni i e-librave nuk ka nisur akoma k\u00ebtu, shum\u00eb pak iPad dhe Kindle shiten n\u00eb Shqip\u00ebri, ndaj botuesit nuk jan\u00eb shqet\u00ebsuar p\u00ebr t\u00eb dixhitalizuar librat.<\/p>\n<p>Kishte edhe nj\u00eb surpriz\u00eb m\u00eb shum\u00eb n\u00eb panair. Nj\u00eb tend\u00eb e madhe e bardh\u00eb, e drejtuar nga serb\u00eb, shiste mish t\u00eb zgar\u00ebs me muzik\u00eb pop serbe n\u00eb sfond. Ajo u provua popullore mes tiranasve po aq sa librat. T\u00eb shtun\u00ebn, nj\u00eb dit\u00eb p\u00ebrpara se t\u00eb mbyllej panairi, ata paketuan dhe ik\u00ebn. Kosovar\u00ebt dhe nacionalist\u00ebt shqiptar\u00eb ishin ankuar. N\u00eb nj\u00eb v\u00ebshtrim m\u00eb prozaik, njer\u00ebzit e lodhur nga panairi dhe t\u00eb ngarkuar me qese t\u00eb r\u00ebnda librash, thjesht jan\u00eb ulur p\u00ebr t\u00eb shijuar mishin e p\u00ebr t\u00eb pir\u00eb n\u00eb tend\u00eb.<\/p>\n","protected":false},"excerpt":{"rendered":"<p>Nga Tim Judah, The Economist15 N\u00ebntor, 2011 Vitet e fundit, lajmet q\u00eb vijn\u00eb nga Shqip\u00ebria jan\u00eb dominuar nga p\u00ebrplasje e pafundme politike mes Sali Berish\u00ebs, kryeministri, dhe Edi Ram\u00ebs, lider i opozit\u00ebs. Por krejt papritur ret\u00eb duket sikur jan\u00eb larguar. Socialist\u00ebt e Ram\u00ebs jan\u00eb kthyer n\u00eb parlament, duke biseduar me njer\u00ebzit e Berish\u00ebs, dhe \u00ebsht\u00eb [&hellip;]<\/p>\n","protected":false},"author":1,"featured_media":0,"comment_status":"open","ping_status":"closed","sticky":false,"template":"","format":"standard","meta":{"footnotes":""},"categories":[2],"tags":[],"class_list":{"0":"post-11462","1":"post","2":"type-post","3":"status-publish","4":"format-standard","6":"category-artikuj"},"yoast_head":"<!-- This site is optimized with the Yoast SEO plugin v27.4 - https:\/\/yoast.com\/product\/yoast-seo-wordpress\/ -->\n<title>Gjith\u00eb k\u00ebnaq\u00ebsia e Panairit t\u00eb Librit n\u00eb Tiran\u00eb - FjALA e LIR\u00cb - Arkivi<\/title>\n<meta name=\"robots\" content=\"index, follow, max-snippet:-1, max-image-preview:large, max-video-preview:-1\" \/>\n<link rel=\"canonical\" href=\"https:\/\/fjala.info\/2009-2015\/gjithe-kenaqesia-e-panairit-te-librit-ne-tirane\/\" \/>\n<meta property=\"og:locale\" content=\"sq_AL\" \/>\n<meta property=\"og:type\" content=\"article\" \/>\n<meta property=\"og:title\" content=\"Gjith\u00eb k\u00ebnaq\u00ebsia e Panairit t\u00eb Librit n\u00eb Tiran\u00eb - FjALA e LIR\u00cb - Arkivi\" \/>\n<meta property=\"og:description\" content=\"Nga Tim Judah, The Economist15 N\u00ebntor, 2011 Vitet e fundit, lajmet q\u00eb vijn\u00eb nga Shqip\u00ebria jan\u00eb dominuar nga p\u00ebrplasje e pafundme politike mes Sali Berish\u00ebs, kryeministri, dhe Edi Ram\u00ebs, lider i opozit\u00ebs. Por krejt papritur ret\u00eb duket sikur jan\u00eb larguar. Socialist\u00ebt e Ram\u00ebs jan\u00eb kthyer n\u00eb parlament, duke biseduar me njer\u00ebzit e Berish\u00ebs, dhe \u00ebsht\u00eb [&hellip;]\" \/>\n<meta property=\"og:url\" content=\"https:\/\/fjala.info\/2009-2015\/gjithe-kenaqesia-e-panairit-te-librit-ne-tirane\/\" \/>\n<meta property=\"og:site_name\" content=\"FjALA e LIR\u00cb - Arkivi\" \/>\n<meta property=\"article:published_time\" content=\"2011-11-15T23:33:51+00:00\" \/>\n<meta property=\"og:image\" content=\"http:\/\/www.shkoder.net\/images\/fjala\/2011\/thyhet_banaku_dudaj.jpg\" \/>\n<meta name=\"author\" content=\"admin\" \/>\n<meta name=\"twitter:card\" content=\"summary_large_image\" \/>\n<meta name=\"twitter:label1\" content=\"Written by\" \/>\n\t<meta name=\"twitter:data1\" content=\"admin\" \/>\n\t<meta name=\"twitter:label2\" content=\"Est. reading time\" \/>\n\t<meta name=\"twitter:data2\" content=\"4 minutes\" \/>\n<script type=\"application\/ld+json\" class=\"yoast-schema-graph\">{\"@context\":\"https:\\\/\\\/schema.org\",\"@graph\":[{\"@type\":\"Article\",\"@id\":\"https:\\\/\\\/fjala.info\\\/2009-2015\\\/gjithe-kenaqesia-e-panairit-te-librit-ne-tirane\\\/#article\",\"isPartOf\":{\"@id\":\"https:\\\/\\\/fjala.info\\\/2009-2015\\\/gjithe-kenaqesia-e-panairit-te-librit-ne-tirane\\\/\"},\"author\":{\"name\":\"admin\",\"@id\":\"https:\\\/\\\/fjala.info\\\/2009-2015\\\/#\\\/schema\\\/person\\\/3aa1163ef05469c496fc94e77611ada2\"},\"headline\":\"Gjith\u00eb k\u00ebnaq\u00ebsia e Panairit t\u00eb Librit n\u00eb Tiran\u00eb\",\"datePublished\":\"2011-11-15T23:33:51+00:00\",\"mainEntityOfPage\":{\"@id\":\"https:\\\/\\\/fjala.info\\\/2009-2015\\\/gjithe-kenaqesia-e-panairit-te-librit-ne-tirane\\\/\"},\"wordCount\":821,\"commentCount\":0,\"publisher\":{\"@id\":\"https:\\\/\\\/fjala.info\\\/2009-2015\\\/#organization\"},\"image\":{\"@id\":\"https:\\\/\\\/fjala.info\\\/2009-2015\\\/gjithe-kenaqesia-e-panairit-te-librit-ne-tirane\\\/#primaryimage\"},\"thumbnailUrl\":\"http:\\\/\\\/www.shkoder.net\\\/images\\\/fjala\\\/2011\\\/thyhet_banaku_dudaj.jpg\",\"articleSection\":[\"Artikuj\"],\"inLanguage\":\"sq-AL\",\"potentialAction\":[{\"@type\":\"CommentAction\",\"name\":\"Comment\",\"target\":[\"https:\\\/\\\/fjala.info\\\/2009-2015\\\/gjithe-kenaqesia-e-panairit-te-librit-ne-tirane\\\/#respond\"]}]},{\"@type\":\"WebPage\",\"@id\":\"https:\\\/\\\/fjala.info\\\/2009-2015\\\/gjithe-kenaqesia-e-panairit-te-librit-ne-tirane\\\/\",\"url\":\"https:\\\/\\\/fjala.info\\\/2009-2015\\\/gjithe-kenaqesia-e-panairit-te-librit-ne-tirane\\\/\",\"name\":\"Gjith\u00eb k\u00ebnaq\u00ebsia e Panairit t\u00eb Librit n\u00eb Tiran\u00eb - FjALA e LIR\u00cb - Arkivi\",\"isPartOf\":{\"@id\":\"https:\\\/\\\/fjala.info\\\/2009-2015\\\/#website\"},\"primaryImageOfPage\":{\"@id\":\"https:\\\/\\\/fjala.info\\\/2009-2015\\\/gjithe-kenaqesia-e-panairit-te-librit-ne-tirane\\\/#primaryimage\"},\"image\":{\"@id\":\"https:\\\/\\\/fjala.info\\\/2009-2015\\\/gjithe-kenaqesia-e-panairit-te-librit-ne-tirane\\\/#primaryimage\"},\"thumbnailUrl\":\"http:\\\/\\\/www.shkoder.net\\\/images\\\/fjala\\\/2011\\\/thyhet_banaku_dudaj.jpg\",\"datePublished\":\"2011-11-15T23:33:51+00:00\",\"breadcrumb\":{\"@id\":\"https:\\\/\\\/fjala.info\\\/2009-2015\\\/gjithe-kenaqesia-e-panairit-te-librit-ne-tirane\\\/#breadcrumb\"},\"inLanguage\":\"sq-AL\",\"potentialAction\":[{\"@type\":\"ReadAction\",\"target\":[\"https:\\\/\\\/fjala.info\\\/2009-2015\\\/gjithe-kenaqesia-e-panairit-te-librit-ne-tirane\\\/\"]}]},{\"@type\":\"ImageObject\",\"inLanguage\":\"sq-AL\",\"@id\":\"https:\\\/\\\/fjala.info\\\/2009-2015\\\/gjithe-kenaqesia-e-panairit-te-librit-ne-tirane\\\/#primaryimage\",\"url\":\"http:\\\/\\\/www.shkoder.net\\\/images\\\/fjala\\\/2011\\\/thyhet_banaku_dudaj.jpg\",\"contentUrl\":\"http:\\\/\\\/www.shkoder.net\\\/images\\\/fjala\\\/2011\\\/thyhet_banaku_dudaj.jpg\"},{\"@type\":\"BreadcrumbList\",\"@id\":\"https:\\\/\\\/fjala.info\\\/2009-2015\\\/gjithe-kenaqesia-e-panairit-te-librit-ne-tirane\\\/#breadcrumb\",\"itemListElement\":[{\"@type\":\"ListItem\",\"position\":1,\"name\":\"Home\",\"item\":\"https:\\\/\\\/fjala.info\\\/2009-2015\\\/\"},{\"@type\":\"ListItem\",\"position\":2,\"name\":\"Gjith\u00eb k\u00ebnaq\u00ebsia e Panairit t\u00eb Librit n\u00eb Tiran\u00eb\"}]},{\"@type\":\"WebSite\",\"@id\":\"https:\\\/\\\/fjala.info\\\/2009-2015\\\/#website\",\"url\":\"https:\\\/\\\/fjala.info\\\/2009-2015\\\/\",\"name\":\"FjALA e LIR\u00cb - Arkivi\",\"description\":\"Arkivi 2009-2015\",\"publisher\":{\"@id\":\"https:\\\/\\\/fjala.info\\\/2009-2015\\\/#organization\"},\"potentialAction\":[{\"@type\":\"SearchAction\",\"target\":{\"@type\":\"EntryPoint\",\"urlTemplate\":\"https:\\\/\\\/fjala.info\\\/2009-2015\\\/?s={search_term_string}\"},\"query-input\":{\"@type\":\"PropertyValueSpecification\",\"valueRequired\":true,\"valueName\":\"search_term_string\"}}],\"inLanguage\":\"sq-AL\"},{\"@type\":\"Organization\",\"@id\":\"https:\\\/\\\/fjala.info\\\/2009-2015\\\/#organization\",\"name\":\"FjALA e LIR\u00cb - Arkivi\",\"url\":\"https:\\\/\\\/fjala.info\\\/2009-2015\\\/\",\"logo\":{\"@type\":\"ImageObject\",\"inLanguage\":\"sq-AL\",\"@id\":\"https:\\\/\\\/fjala.info\\\/2009-2015\\\/#\\\/schema\\\/logo\\\/image\\\/\",\"url\":\"\",\"contentUrl\":\"\",\"caption\":\"FjALA e LIR\u00cb - Arkivi\"},\"image\":{\"@id\":\"https:\\\/\\\/fjala.info\\\/2009-2015\\\/#\\\/schema\\\/logo\\\/image\\\/\"}},{\"@type\":\"Person\",\"@id\":\"https:\\\/\\\/fjala.info\\\/2009-2015\\\/#\\\/schema\\\/person\\\/3aa1163ef05469c496fc94e77611ada2\",\"name\":\"admin\",\"image\":{\"@type\":\"ImageObject\",\"inLanguage\":\"sq-AL\",\"@id\":\"https:\\\/\\\/fjala.info\\\/2009-2015\\\/wp-content\\\/uploads\\\/2012\\\/02\\\/arben_cokaj-120x150.jpg\",\"url\":\"https:\\\/\\\/fjala.info\\\/2009-2015\\\/wp-content\\\/uploads\\\/2012\\\/02\\\/arben_cokaj-120x150.jpg\",\"contentUrl\":\"https:\\\/\\\/fjala.info\\\/2009-2015\\\/wp-content\\\/uploads\\\/2012\\\/02\\\/arben_cokaj-120x150.jpg\",\"caption\":\"admin\"},\"description\":\"Admin, Fjala e Lir\u00eb\",\"sameAs\":[\"https:\\\/\\\/fjala.info\\\/\"],\"url\":\"https:\\\/\\\/fjala.info\\\/2009-2015\\\/author\\\/admin\\\/\"}]}<\/script>\n<!-- \/ Yoast SEO plugin. -->","yoast_head_json":{"title":"Gjith\u00eb k\u00ebnaq\u00ebsia e Panairit t\u00eb Librit n\u00eb Tiran\u00eb - FjALA e LIR\u00cb - Arkivi","robots":{"index":"index","follow":"follow","max-snippet":"max-snippet:-1","max-image-preview":"max-image-preview:large","max-video-preview":"max-video-preview:-1"},"canonical":"https:\/\/fjala.info\/2009-2015\/gjithe-kenaqesia-e-panairit-te-librit-ne-tirane\/","og_locale":"sq_AL","og_type":"article","og_title":"Gjith\u00eb k\u00ebnaq\u00ebsia e Panairit t\u00eb Librit n\u00eb Tiran\u00eb - FjALA e LIR\u00cb - Arkivi","og_description":"Nga Tim Judah, The Economist15 N\u00ebntor, 2011 Vitet e fundit, lajmet q\u00eb vijn\u00eb nga Shqip\u00ebria jan\u00eb dominuar nga p\u00ebrplasje e pafundme politike mes Sali Berish\u00ebs, kryeministri, dhe Edi Ram\u00ebs, lider i opozit\u00ebs. Por krejt papritur ret\u00eb duket sikur jan\u00eb larguar. Socialist\u00ebt e Ram\u00ebs jan\u00eb kthyer n\u00eb parlament, duke biseduar me njer\u00ebzit e Berish\u00ebs, dhe \u00ebsht\u00eb [&hellip;]","og_url":"https:\/\/fjala.info\/2009-2015\/gjithe-kenaqesia-e-panairit-te-librit-ne-tirane\/","og_site_name":"FjALA e LIR\u00cb - Arkivi","article_published_time":"2011-11-15T23:33:51+00:00","og_image":[{"url":"http:\/\/www.shkoder.net\/images\/fjala\/2011\/thyhet_banaku_dudaj.jpg","type":"","width":"","height":""}],"author":"admin","twitter_card":"summary_large_image","twitter_misc":{"Written by":"admin","Est. reading time":"4 minutes"},"schema":{"@context":"https:\/\/schema.org","@graph":[{"@type":"Article","@id":"https:\/\/fjala.info\/2009-2015\/gjithe-kenaqesia-e-panairit-te-librit-ne-tirane\/#article","isPartOf":{"@id":"https:\/\/fjala.info\/2009-2015\/gjithe-kenaqesia-e-panairit-te-librit-ne-tirane\/"},"author":{"name":"admin","@id":"https:\/\/fjala.info\/2009-2015\/#\/schema\/person\/3aa1163ef05469c496fc94e77611ada2"},"headline":"Gjith\u00eb k\u00ebnaq\u00ebsia e Panairit t\u00eb Librit n\u00eb Tiran\u00eb","datePublished":"2011-11-15T23:33:51+00:00","mainEntityOfPage":{"@id":"https:\/\/fjala.info\/2009-2015\/gjithe-kenaqesia-e-panairit-te-librit-ne-tirane\/"},"wordCount":821,"commentCount":0,"publisher":{"@id":"https:\/\/fjala.info\/2009-2015\/#organization"},"image":{"@id":"https:\/\/fjala.info\/2009-2015\/gjithe-kenaqesia-e-panairit-te-librit-ne-tirane\/#primaryimage"},"thumbnailUrl":"http:\/\/www.shkoder.net\/images\/fjala\/2011\/thyhet_banaku_dudaj.jpg","articleSection":["Artikuj"],"inLanguage":"sq-AL","potentialAction":[{"@type":"CommentAction","name":"Comment","target":["https:\/\/fjala.info\/2009-2015\/gjithe-kenaqesia-e-panairit-te-librit-ne-tirane\/#respond"]}]},{"@type":"WebPage","@id":"https:\/\/fjala.info\/2009-2015\/gjithe-kenaqesia-e-panairit-te-librit-ne-tirane\/","url":"https:\/\/fjala.info\/2009-2015\/gjithe-kenaqesia-e-panairit-te-librit-ne-tirane\/","name":"Gjith\u00eb k\u00ebnaq\u00ebsia e Panairit t\u00eb Librit n\u00eb Tiran\u00eb - FjALA e LIR\u00cb - Arkivi","isPartOf":{"@id":"https:\/\/fjala.info\/2009-2015\/#website"},"primaryImageOfPage":{"@id":"https:\/\/fjala.info\/2009-2015\/gjithe-kenaqesia-e-panairit-te-librit-ne-tirane\/#primaryimage"},"image":{"@id":"https:\/\/fjala.info\/2009-2015\/gjithe-kenaqesia-e-panairit-te-librit-ne-tirane\/#primaryimage"},"thumbnailUrl":"http:\/\/www.shkoder.net\/images\/fjala\/2011\/thyhet_banaku_dudaj.jpg","datePublished":"2011-11-15T23:33:51+00:00","breadcrumb":{"@id":"https:\/\/fjala.info\/2009-2015\/gjithe-kenaqesia-e-panairit-te-librit-ne-tirane\/#breadcrumb"},"inLanguage":"sq-AL","potentialAction":[{"@type":"ReadAction","target":["https:\/\/fjala.info\/2009-2015\/gjithe-kenaqesia-e-panairit-te-librit-ne-tirane\/"]}]},{"@type":"ImageObject","inLanguage":"sq-AL","@id":"https:\/\/fjala.info\/2009-2015\/gjithe-kenaqesia-e-panairit-te-librit-ne-tirane\/#primaryimage","url":"http:\/\/www.shkoder.net\/images\/fjala\/2011\/thyhet_banaku_dudaj.jpg","contentUrl":"http:\/\/www.shkoder.net\/images\/fjala\/2011\/thyhet_banaku_dudaj.jpg"},{"@type":"BreadcrumbList","@id":"https:\/\/fjala.info\/2009-2015\/gjithe-kenaqesia-e-panairit-te-librit-ne-tirane\/#breadcrumb","itemListElement":[{"@type":"ListItem","position":1,"name":"Home","item":"https:\/\/fjala.info\/2009-2015\/"},{"@type":"ListItem","position":2,"name":"Gjith\u00eb k\u00ebnaq\u00ebsia e Panairit t\u00eb Librit n\u00eb Tiran\u00eb"}]},{"@type":"WebSite","@id":"https:\/\/fjala.info\/2009-2015\/#website","url":"https:\/\/fjala.info\/2009-2015\/","name":"FjALA e LIR\u00cb - Arkivi","description":"Arkivi 2009-2015","publisher":{"@id":"https:\/\/fjala.info\/2009-2015\/#organization"},"potentialAction":[{"@type":"SearchAction","target":{"@type":"EntryPoint","urlTemplate":"https:\/\/fjala.info\/2009-2015\/?s={search_term_string}"},"query-input":{"@type":"PropertyValueSpecification","valueRequired":true,"valueName":"search_term_string"}}],"inLanguage":"sq-AL"},{"@type":"Organization","@id":"https:\/\/fjala.info\/2009-2015\/#organization","name":"FjALA e LIR\u00cb - Arkivi","url":"https:\/\/fjala.info\/2009-2015\/","logo":{"@type":"ImageObject","inLanguage":"sq-AL","@id":"https:\/\/fjala.info\/2009-2015\/#\/schema\/logo\/image\/","url":"","contentUrl":"","caption":"FjALA e LIR\u00cb - Arkivi"},"image":{"@id":"https:\/\/fjala.info\/2009-2015\/#\/schema\/logo\/image\/"}},{"@type":"Person","@id":"https:\/\/fjala.info\/2009-2015\/#\/schema\/person\/3aa1163ef05469c496fc94e77611ada2","name":"admin","image":{"@type":"ImageObject","inLanguage":"sq-AL","@id":"https:\/\/fjala.info\/2009-2015\/wp-content\/uploads\/2012\/02\/arben_cokaj-120x150.jpg","url":"https:\/\/fjala.info\/2009-2015\/wp-content\/uploads\/2012\/02\/arben_cokaj-120x150.jpg","contentUrl":"https:\/\/fjala.info\/2009-2015\/wp-content\/uploads\/2012\/02\/arben_cokaj-120x150.jpg","caption":"admin"},"description":"Admin, Fjala e Lir\u00eb","sameAs":["https:\/\/fjala.info\/"],"url":"https:\/\/fjala.info\/2009-2015\/author\/admin\/"}]}},"_links":{"self":[{"href":"https:\/\/fjala.info\/2009-2015\/wp-json\/wp\/v2\/posts\/11462","targetHints":{"allow":["GET"]}}],"collection":[{"href":"https:\/\/fjala.info\/2009-2015\/wp-json\/wp\/v2\/posts"}],"about":[{"href":"https:\/\/fjala.info\/2009-2015\/wp-json\/wp\/v2\/types\/post"}],"author":[{"embeddable":true,"href":"https:\/\/fjala.info\/2009-2015\/wp-json\/wp\/v2\/users\/1"}],"replies":[{"embeddable":true,"href":"https:\/\/fjala.info\/2009-2015\/wp-json\/wp\/v2\/comments?post=11462"}],"version-history":[{"count":0,"href":"https:\/\/fjala.info\/2009-2015\/wp-json\/wp\/v2\/posts\/11462\/revisions"}],"wp:attachment":[{"href":"https:\/\/fjala.info\/2009-2015\/wp-json\/wp\/v2\/media?parent=11462"}],"wp:term":[{"taxonomy":"category","embeddable":true,"href":"https:\/\/fjala.info\/2009-2015\/wp-json\/wp\/v2\/categories?post=11462"},{"taxonomy":"post_tag","embeddable":true,"href":"https:\/\/fjala.info\/2009-2015\/wp-json\/wp\/v2\/tags?post=11462"}],"curies":[{"name":"wp","href":"https:\/\/api.w.org\/{rel}","templated":true}]}}