{"id":11461,"date":"2011-11-14T07:03:44","date_gmt":"2011-11-14T06:03:44","guid":{"rendered":"http:\/\/fjala.shkoder.net\/?p=202"},"modified":"2011-11-14T07:03:44","modified_gmt":"2011-11-14T06:03:44","slug":"nje-njeri-i-vetem-do-te-shpetoje-shqiperine","status":"publish","type":"post","link":"https:\/\/fjala.info\/2009-2015\/nje-njeri-i-vetem-do-te-shpetoje-shqiperine\/","title":{"rendered":"Nj\u00eb njeri i vet\u00ebm do t\u00eb shp\u00ebtoj\u00eb Shqip\u00ebrin\u00eb"},"content":{"rendered":"<p><img decoding=\"async\" class=\"alignright size-thumbnail wp-image-7236\" title=\"Koloreto Cukali\" src=\"http:\/\/www.shkoder.net\/images\/fjala\/koloreto_cukali.jpg\" alt=\"\" width=\"150\" \/> Nga <strong>Koloreto Cukali<\/strong><\/p>\n<p><em>A mundet nj\u00eb njeri i vet\u00ebm t\u00eb shp\u00ebtoj\u00eb Shqip\u00ebrin\u00eb. Nuk ka pik\u00ebpyetje n\u00eb fund t\u00eb fjalis\u00eb m\u00eb sip\u00ebr, sepse k\u00ebt\u00eb askush nuk e shtron m\u00eb si pyetje. E shumta, mund t\u00eb shqiptohet si \u201cpyetje me p\u00ebrgjigjen brenda\u201d. Krejt jeta jon\u00eb ekonomike-politike \u00ebsht\u00eb nd\u00ebrtuar mbi filozofin\u00eb e nj\u00ebshit, q\u00eb zgjidh \u00e7do gj\u00eb. M\u00eb kujtohen dy episode q\u00eb hedhin drit\u00eb e hije mbi parimin e nj\u00ebshit.<\/em><\/p>\n<p><strong>1<\/strong><\/p>\n<p>I pari ka t\u00eb b\u00ebj\u00eb me nj\u00eb grup udh\u00ebtar\u00ebsh t\u00eb bllokuar nga bora n\u00eb Qaf\u00eb Mali, duke ardhur nga Kuk\u00ebsi.<\/p>\n<p>T\u00eb pres\u00ebsh bor\u00ebpastruesen n\u00eb mes t\u00eb th\u00ebllimit, \u00ebsht\u00eb m\u00eb keq se t\u00eb jesh somalez q\u00eb pret ushqim n\u00eb mes t\u00eb uris\u00eb. N\u00eb Somali, dikush edhe kalon ndonj\u00ebher\u00eb me nj\u00eb thes ushqime, qoft\u00eb nj\u00eb shoqat\u00eb, nj\u00eb karvan ushtarak, apo \u201cMjek\u00ebt pa kufij\u201d. Nd\u00ebrsa n\u00eb qaf\u00eb mali nuk kalon kurr\u00eb nj\u00eb bor\u00ebpastruese, thjesht sepse na paska filluar bora!<\/p>\n<p>Personat e bllokuar me furgon n\u00eb mes t\u00eb nat\u00ebs n\u00eb m\u00ebshir\u00eb t\u00eb motit t\u00eb keq e n\u00eb maj\u00eb t\u00eb malit pasi kishin tentuar t\u00eb njoftonin policin\u00eb, mediat, k\u00ebdo q\u00eb mund t\u00eb kishte aq pushtet sa t\u00eb d\u00ebrgonte nj\u00eb bor\u00ebpastruese, vendos\u00ebn t\u00eb kryejn\u00eb nj\u00eb akt t\u00eb fundit d\u00ebshp\u00ebrimi: ti d\u00ebrgojn\u00eb sms Kryeministrit. T\u00eb gjendur n\u00eb mes mjegull\u00ebs mediatike ne kemi krijuar p\u00ebr Kryeministrin nj\u00eb sh\u00ebmb\u00eblltyr\u00eb t\u00eb dikujt q\u00eb nuk ka asgj\u00eb njer\u00ebzore. P\u00ebr \u00e7udin\u00eb e udh\u00ebtar\u00ebve, p\u00ebr 20 minuta u duk bor\u00ebpastruesja dhe menj\u00ebher\u00eb mori n\u00eb telefon ministri i bor\u00ebs. Me nj\u00eb sms n\u00eb veshin e duhur, krejt ngrehina apatike e shtetit u vu n\u00eb l\u00ebvizje. Udh\u00ebtar\u00ebt shp\u00ebtuan. Kryeministri, paska form\u00eb humane!<\/p>\n<p><strong>1\/1<\/strong><\/p>\n<p>Rasti i dyt\u00eb \u00ebsht\u00eb akoma m\u00eb i r\u00ebndomt\u00eb. Nj\u00eb student q\u00eb p\u00ebr faj t\u00eb sekretaris\u00eb i kan\u00eb shkruar nj\u00eb germ\u00eb gabim n\u00eb diplom\u00eb. Meq\u00eb e ka t\u00eb pamundur t\u00eb bind\u00eb pun\u00ebdh\u00ebn\u00ebsit, detyrohet ta rib\u00ebj\u00eb kartonin, k\u00ebt\u00eb radh\u00eb pa gabime. Me muaj t\u00eb t\u00ebr\u00eb e p\u00ebrplasin n\u00eb zyrat e shtetit, t\u00eb Ministris\u00eb, t\u00eb Drejtoris\u00eb e Rektoratit. Refuzojn\u00eb t\u2019i japin nj\u00eb karton t\u00eb ri, edhe pse gabimin e kishte b\u00ebr\u00eb vet\u00eb administrata. Paradoksalisht i than\u00eb, eja fillo shkoll\u00ebn nga e para, q\u00eb t\u00eb marr\u00ebsh diplom\u00eb tjet\u00ebr, po deshe!!<\/p>\n<p>Dinosauri i burokracis\u00eb nuk ka n\u00eb plan ta prish\u00eb gjumin p\u00ebr t\u00eb ndrequr gabimin e vet e p\u00ebr t\u00eb kryer detyr\u00ebn p\u00ebr t\u00eb cil\u00ebn ushqehet.<\/p>\n<p>N\u00eb nj\u00eb akt tjet\u00ebr d\u00ebshp\u00ebrimi, studenti detyrohet ti d\u00ebrgoj\u00eb sms kryeministrit. Pas pak dit\u00ebsh burokracia vihet n\u00eb pun\u00eb e plot\u00ebson shkresat sikur asgj\u00eb t\u00eb mos kishte ndodhur. Kartoni me shkrimin e sakt\u00eb) p\u00ebr t\u00eb cil\u00ebn e sorollat\u00ebn p\u00ebr muaj t\u00eb t\u00ebr\u00eb duke e hedhur si ping-pong nga nj\u00eb zyr\u00eb n\u00eb tjetr\u00ebn. Nuk p\u00ebrjashtohet mund\u00ebsia e n\u00eb mrekullie, por, gjasat jan\u00eb q\u00eb p\u00ebrs\u00ebri sms-ja \u00ebsht\u00eb lexuar nga Kryeministri (ose nga dikush q\u00eb hiqet si Kryeministri). Edhe n\u00eb k\u00ebt\u00eb rast, Kryeministri merr nj\u00eb trajt\u00eb njer\u00ebzore.<\/p>\n<p><em>A kemi arsye p\u00ebr t\u00eb dyshuar n\u00eb njer\u00ebzill\u00ebkun e Kryeministrit?<\/em><\/p>\n<p><strong>1 jav\u00eb si Zot<\/strong><\/p>\n<p>Un\u00eb jam i bindur q\u00eb Kryeministri ka nd\u00ebrhyr\u00eb p\u00ebr t\u00eb zgjidhur t\u00eb pakt\u00ebn nj\u00ebrin nga hallet e m\u00ebsip\u00ebrme t\u00eb shtetasve. Sikurse, jam i prirur t\u00eb besoj q\u00eb v\u00ebrtet \u00ebsht\u00eb shqet\u00ebsuar p\u00ebr njer\u00ebzit e mbetur n\u00eb mes t\u00eb d\u00ebbor\u00ebs. Fakti q\u00eb nuk e kam par\u00eb t\u00eb dal\u00eb n\u00eb media kjo ngjarje, m\u00eb b\u00ebn t\u00eb mendoj q\u00eb nuk \u00ebsht\u00eb shfryt\u00ebzuar as si P.R., me publikun.<\/p>\n<p>Por, ajo \u00e7far\u00eb m\u00eb duket tep\u00ebr shqet\u00ebsuese n\u00eb k\u00ebto dy raste, nuk \u00ebsht\u00eb prova (sado e vog\u00ebl) q\u00eb Kryeministri (t\u00eb pakt\u00ebn n\u00eb k\u00ebto dy raste) nuk \u00ebsht\u00eb most\u00ebr, por fakti, q\u00eb p\u00ebr t\u00eb zgjidhur nj\u00eb hall n\u00eb k\u00ebt\u00eb vend, e vetmja shpres\u00eb \u00ebsht\u00eb t\u00eb pres\u00ebsh q\u00eb t\u00eb ta lexoj\u00eb sms-n\u00eb Kryeministri. P\u00ebrqendrimi n\u00eb nj\u00eb njeri t\u00eb vet\u00ebm i fatit t\u00eb njer\u00ebzve dhe i zgjidhjes s\u00eb halleve t\u00eb tyre, m\u00eb duket problem ky\u00e7 i shoq\u00ebris\u00eb dhe shtetformimit ton\u00eb.<\/p>\n<p>N\u00ebse edhe p\u00ebr faktin q\u00eb nuk ka uj\u00eb \u00e7ezma, q\u00eb komshiu po shemb muret e brendshme pa p\u00ebrgjegj\u00ebsi, q\u00eb diku nuk t\u00eb japin nj\u00eb firm\u00eb, apo q\u00eb n\u00eb dyqan shiten konserva t\u00eb skaduara duhet t\u00eb shpresosh q\u00eb t\u00eb informohet Kryeministri q\u00eb ingranazhi i shtetit t\u00eb urdh\u00ebrohet t\u00eb filloj\u00eb t\u00eb b\u00ebj\u00eb pun\u00ebn e vet, at\u00ebher\u00eb ne jemi nj\u00eb vend i mbaruar.<\/p>\n<p>Nuk ka njeri e as super-men n\u00eb bot\u00eb, sado i njer\u00ebzish\u00ebm e pun\u00ebtor t\u00eb jet\u00eb, q\u00eb t\u00eb mund ta kryej\u00eb k\u00ebt\u00eb funksion. Kjo sip\u00ebrmarrje m\u00eb kujton filmin e Xhim Kerrit te filmi \u201cBruce Almighty\u201d q\u00eb italian\u00ebt e kishin p\u00ebrkthyer \u201c1 jav\u00eb si Zot\u201d. Brusi i filmit zuri p\u00ebr nj\u00eb jav\u00eb vendin e Zotit dhe sasia e lutjeve p\u00ebr ndihm\u00eb nga njer\u00ebzit ishte aq e madhe, sa edhe nj\u00eb \u201cZot\u201d nuk qe n\u00eb gjendje ti lexonte e jo m\u00eb ti jepte zgjidhje t\u00eb t\u00ebrave.<\/p>\n<p><strong>1 edhe 1, b\u00ebjn\u00eb 1<\/strong><\/p>\n<p>S\u00ebmundja \u201ce nj\u00ebshit\u201d nuk \u00ebsht\u00eb e re. P\u00ebrgjat\u00eb historis\u00eb kemi par\u00eb burra q\u00eb erdh\u00ebn, u b\u00ebn\u00eb 1-sha e pas tyre lan\u00eb vet\u00ebm g\u00ebrmadha.<\/p>\n<p>Mentaliteti yn\u00eb feudal vazhdon ende t\u00eb jet\u00eb parim baz\u00eb i shtetformimit dhe i shoq\u00ebris\u00eb. Shkoni n\u00eb periferi dhe shikoni si sillet kryekomunari, kryetari i bashkis\u00eb, apo pronari i fabrik\u00ebs. Ata jan\u00eb 1-shi, gjith\u00e7ka tjet\u00ebr \u00ebsht\u00eb \u201c0\u201d.<\/p>\n<p>Mentaliteti i 1-shit ka b\u00ebr\u00eb q\u00eb deri edhe biznesi shqiptar funksionon si shteti. 1-shi i korporat\u00ebs merret me gjith\u00e7ka, edhe me shofer\u00ebt. T\u00eb t\u00ebr\u00eb postet jan\u00eb fiktiv\u00eb, si n\u00eb shtet. Vendimin e merr p\u00ebrher\u00eb 1-shi. Edhe se sa pako A4 do t\u00eb blihet. Prandaj, me ikjen e 1-shit \u00e7do biznes thjesht shk\u00ebrmoqet e zhduket. Askush nuk nd\u00ebrton struktura q\u00eb ti mbijetojn\u00eb 1-shit.<\/p>\n<p>Pjesa m\u00eb e madhe e ministrave (p\u00ebr delikates\u00eb, t\u00eb mos themi \u2018t\u00eb gjith\u00eb\u2019), dit\u00ebn e par\u00eb t\u00eb pun\u00ebs, shum\u00ebzojn\u00eb me zero gjith\u00e7ka ka b\u00ebr\u00eb paraardh\u00ebsi. Secili, mendon se vet\u00eb \u00ebsht\u00eb zanafilla e jet\u00ebs. Me nj\u00eb megalomani plebeu duan ta nisin nga e para.<\/p>\n<p>Prej shum\u00eb vitesh, komplimenti m\u00eb i madh mes burrave me pesh\u00eb vazhdon t\u00eb mbetet \u201cku je o nj\u00ebsh\u201d. Krejt politika jon\u00eb \u00ebsht\u00eb e nd\u00ebrtuar mbi parimin \u201cku je o nj\u00ebsh\u201d.<\/p>\n<p><strong>1 minus 1, b\u00ebjn\u00eb prap\u00eb 1<\/strong><\/p>\n<p>Vet\u00eb opozitarizmi i k\u00ebtyre 20 viteve \u00ebsht\u00eb bazuar mbi demonizimin e nj\u00ebshit. Kjo ka b\u00ebr\u00eb q\u00eb konsumator\u00ebt mediatik\u00eb v\u00ebrtet urrejn\u00eb 1-shin aktual, por jan\u00eb aq t\u00eb dhunuar psikologjikisht sa jan\u00eb t\u00eb paaft\u00eb t\u00eb shohin m\u00eb shum\u00eb se \u201c1\u201d.<\/p>\n<p>Vendin e nj\u00ebshit aktual, e z\u00eb p\u00ebrher\u00eb nj\u00ebshi i radh\u00ebs. Sepse, publiku pret gjith\u00e7ka nga 1-shi. Ne kemi nd\u00ebrtuar nj\u00eb shoq\u00ebri q\u00eb pret 1 shp\u00ebtimtar. Jo 2. Larg qoft\u00eb, 3!<\/p>\n<p><strong>1! Vet\u00ebm 1! Aq duam, aq na b\u00ebn pun\u00eb. 1. vet\u00ebm 1!<\/strong><\/p>\n<p>P\u00ebr sa koh\u00eb q\u00eb shteti \u00ebsht\u00eb 1-shi dhe 1-shi \u00ebsht\u00eb shteti, nuk ka shpres\u00eb p\u00ebr p\u00ebrmir\u00ebsim. Nuk ka shpres\u00eb q\u00eb t\u00eb nd\u00ebrtojm\u00eb struktura funksionale. Nuk ka shpres\u00eb q\u00eb bor\u00ebpastrueset t\u00eb dalin at\u00ebher\u00eb kur duhet, por vet\u00ebm kur i urdh\u00ebrojn\u00eb.<\/p>\n<p><strong>11\/11\/11<\/strong><\/p>\n<p>Para dy dit\u00ebsh ishte data e famshme palindrom\u00eb 11\/11\/11, q\u00eb nga mesi i Mesjet\u00ebs (11 n\u00ebntor 1111) nuk kishim pasur nj\u00eb pushtim nj\u00eb-shash. P\u00ebr disa, kjo dat\u00eb ishte nj\u00eb ters i madh. Disa than\u00eb q\u00eb \u00ebsht\u00eb fillimi i fundit t\u00eb epok\u00ebs son\u00eb, si\u00e7 shkruhet n\u00eb kalendarin majan.<\/p>\n<p>U d\u00ebgjuan edhe z\u00ebra q\u00eb ky \u00ebsht\u00eb nj\u00eb fillimi i ri p\u00ebr njer\u00ebzimin. Frekuenca e vibrimeve t\u00eb planetit do t\u00eb na b\u00ebj\u00eb ta duam m\u00eb shum\u00eb jet\u00ebn dhe gjith\u00e7ka q\u00eb na rrethon.<\/p>\n<p>n\u00eb Kin\u00eb pati bum martesash. Kjo data me shum\u00eb 1-sha, ishte si rast\u00ebsisht dhe festa e San Martinos \u2013 festa e atyre q\u00eb u v\u00ebn\u00eb grat\u00eb brir\u00eb. N\u00ebse data me shum\u00eb 1-sha \u00ebsht\u00eb nj\u00eb fillim i ri apo jo, mbetet p\u00ebr tu par\u00eb.<\/p>\n<p>Paradoksalisht, ajo q\u00eb na mungon, \u00ebsht\u00eb 1 person. Ai q\u00eb kur t\u00eb jet\u00eb n\u00eb maj\u00eb t\u00eb piramid\u00ebs do t\u00eb thot\u00eb i 1-ri: \u201cboll m\u00eb me nj\u00ebshat!<\/p>\n","protected":false},"excerpt":{"rendered":"<p>Nga Koloreto Cukali A mundet nj\u00eb njeri i vet\u00ebm t\u00eb shp\u00ebtoj\u00eb Shqip\u00ebrin\u00eb. Nuk ka pik\u00ebpyetje n\u00eb fund t\u00eb fjalis\u00eb m\u00eb sip\u00ebr, sepse k\u00ebt\u00eb askush nuk e shtron m\u00eb si pyetje. E shumta, mund t\u00eb shqiptohet si \u201cpyetje me p\u00ebrgjigjen brenda\u201d. Krejt jeta jon\u00eb ekonomike-politike \u00ebsht\u00eb nd\u00ebrtuar mbi filozofin\u00eb e nj\u00ebshit, q\u00eb zgjidh \u00e7do gj\u00eb. M\u00eb [&hellip;]<\/p>\n","protected":false},"author":1,"featured_media":0,"comment_status":"open","ping_status":"closed","sticky":false,"template":"","format":"standard","meta":{"footnotes":""},"categories":[2],"tags":[],"class_list":{"0":"post-11461","1":"post","2":"type-post","3":"status-publish","4":"format-standard","6":"category-artikuj"},"yoast_head":"<!-- This site is optimized with the Yoast SEO plugin v27.4 - https:\/\/yoast.com\/product\/yoast-seo-wordpress\/ -->\n<title>Nj\u00eb njeri i vet\u00ebm do t\u00eb shp\u00ebtoj\u00eb Shqip\u00ebrin\u00eb - FjALA e LIR\u00cb - Arkivi<\/title>\n<meta name=\"robots\" content=\"index, follow, max-snippet:-1, max-image-preview:large, max-video-preview:-1\" \/>\n<link rel=\"canonical\" href=\"https:\/\/fjala.info\/2009-2015\/nje-njeri-i-vetem-do-te-shpetoje-shqiperine\/\" \/>\n<meta property=\"og:locale\" content=\"sq_AL\" \/>\n<meta property=\"og:type\" content=\"article\" \/>\n<meta property=\"og:title\" content=\"Nj\u00eb njeri i vet\u00ebm do t\u00eb shp\u00ebtoj\u00eb Shqip\u00ebrin\u00eb - FjALA e LIR\u00cb - Arkivi\" \/>\n<meta property=\"og:description\" content=\"Nga Koloreto Cukali A mundet nj\u00eb njeri i vet\u00ebm t\u00eb shp\u00ebtoj\u00eb Shqip\u00ebrin\u00eb. Nuk ka pik\u00ebpyetje n\u00eb fund t\u00eb fjalis\u00eb m\u00eb sip\u00ebr, sepse k\u00ebt\u00eb askush nuk e shtron m\u00eb si pyetje. E shumta, mund t\u00eb shqiptohet si \u201cpyetje me p\u00ebrgjigjen brenda\u201d. Krejt jeta jon\u00eb ekonomike-politike \u00ebsht\u00eb nd\u00ebrtuar mbi filozofin\u00eb e nj\u00ebshit, q\u00eb zgjidh \u00e7do gj\u00eb. M\u00eb [&hellip;]\" \/>\n<meta property=\"og:url\" content=\"https:\/\/fjala.info\/2009-2015\/nje-njeri-i-vetem-do-te-shpetoje-shqiperine\/\" \/>\n<meta property=\"og:site_name\" content=\"FjALA e LIR\u00cb - Arkivi\" \/>\n<meta property=\"article:published_time\" content=\"2011-11-14T06:03:44+00:00\" \/>\n<meta property=\"og:image\" content=\"http:\/\/www.shkoder.net\/images\/fjala\/koloreto_cukali.jpg\" \/>\n<meta name=\"author\" content=\"admin\" \/>\n<meta name=\"twitter:card\" content=\"summary_large_image\" \/>\n<meta name=\"twitter:label1\" content=\"Written by\" \/>\n\t<meta name=\"twitter:data1\" content=\"admin\" \/>\n\t<meta name=\"twitter:label2\" content=\"Est. reading time\" \/>\n\t<meta name=\"twitter:data2\" content=\"7 minutes\" \/>\n<script type=\"application\/ld+json\" class=\"yoast-schema-graph\">{\"@context\":\"https:\\\/\\\/schema.org\",\"@graph\":[{\"@type\":\"Article\",\"@id\":\"https:\\\/\\\/fjala.info\\\/2009-2015\\\/nje-njeri-i-vetem-do-te-shpetoje-shqiperine\\\/#article\",\"isPartOf\":{\"@id\":\"https:\\\/\\\/fjala.info\\\/2009-2015\\\/nje-njeri-i-vetem-do-te-shpetoje-shqiperine\\\/\"},\"author\":{\"name\":\"admin\",\"@id\":\"https:\\\/\\\/fjala.info\\\/2009-2015\\\/#\\\/schema\\\/person\\\/3aa1163ef05469c496fc94e77611ada2\"},\"headline\":\"Nj\u00eb njeri i vet\u00ebm do t\u00eb shp\u00ebtoj\u00eb Shqip\u00ebrin\u00eb\",\"datePublished\":\"2011-11-14T06:03:44+00:00\",\"mainEntityOfPage\":{\"@id\":\"https:\\\/\\\/fjala.info\\\/2009-2015\\\/nje-njeri-i-vetem-do-te-shpetoje-shqiperine\\\/\"},\"wordCount\":1414,\"commentCount\":0,\"publisher\":{\"@id\":\"https:\\\/\\\/fjala.info\\\/2009-2015\\\/#organization\"},\"image\":{\"@id\":\"https:\\\/\\\/fjala.info\\\/2009-2015\\\/nje-njeri-i-vetem-do-te-shpetoje-shqiperine\\\/#primaryimage\"},\"thumbnailUrl\":\"http:\\\/\\\/www.shkoder.net\\\/images\\\/fjala\\\/koloreto_cukali.jpg\",\"articleSection\":[\"Artikuj\"],\"inLanguage\":\"sq-AL\",\"potentialAction\":[{\"@type\":\"CommentAction\",\"name\":\"Comment\",\"target\":[\"https:\\\/\\\/fjala.info\\\/2009-2015\\\/nje-njeri-i-vetem-do-te-shpetoje-shqiperine\\\/#respond\"]}]},{\"@type\":\"WebPage\",\"@id\":\"https:\\\/\\\/fjala.info\\\/2009-2015\\\/nje-njeri-i-vetem-do-te-shpetoje-shqiperine\\\/\",\"url\":\"https:\\\/\\\/fjala.info\\\/2009-2015\\\/nje-njeri-i-vetem-do-te-shpetoje-shqiperine\\\/\",\"name\":\"Nj\u00eb njeri i vet\u00ebm do t\u00eb shp\u00ebtoj\u00eb Shqip\u00ebrin\u00eb - FjALA e LIR\u00cb - Arkivi\",\"isPartOf\":{\"@id\":\"https:\\\/\\\/fjala.info\\\/2009-2015\\\/#website\"},\"primaryImageOfPage\":{\"@id\":\"https:\\\/\\\/fjala.info\\\/2009-2015\\\/nje-njeri-i-vetem-do-te-shpetoje-shqiperine\\\/#primaryimage\"},\"image\":{\"@id\":\"https:\\\/\\\/fjala.info\\\/2009-2015\\\/nje-njeri-i-vetem-do-te-shpetoje-shqiperine\\\/#primaryimage\"},\"thumbnailUrl\":\"http:\\\/\\\/www.shkoder.net\\\/images\\\/fjala\\\/koloreto_cukali.jpg\",\"datePublished\":\"2011-11-14T06:03:44+00:00\",\"breadcrumb\":{\"@id\":\"https:\\\/\\\/fjala.info\\\/2009-2015\\\/nje-njeri-i-vetem-do-te-shpetoje-shqiperine\\\/#breadcrumb\"},\"inLanguage\":\"sq-AL\",\"potentialAction\":[{\"@type\":\"ReadAction\",\"target\":[\"https:\\\/\\\/fjala.info\\\/2009-2015\\\/nje-njeri-i-vetem-do-te-shpetoje-shqiperine\\\/\"]}]},{\"@type\":\"ImageObject\",\"inLanguage\":\"sq-AL\",\"@id\":\"https:\\\/\\\/fjala.info\\\/2009-2015\\\/nje-njeri-i-vetem-do-te-shpetoje-shqiperine\\\/#primaryimage\",\"url\":\"http:\\\/\\\/www.shkoder.net\\\/images\\\/fjala\\\/koloreto_cukali.jpg\",\"contentUrl\":\"http:\\\/\\\/www.shkoder.net\\\/images\\\/fjala\\\/koloreto_cukali.jpg\"},{\"@type\":\"BreadcrumbList\",\"@id\":\"https:\\\/\\\/fjala.info\\\/2009-2015\\\/nje-njeri-i-vetem-do-te-shpetoje-shqiperine\\\/#breadcrumb\",\"itemListElement\":[{\"@type\":\"ListItem\",\"position\":1,\"name\":\"Home\",\"item\":\"https:\\\/\\\/fjala.info\\\/2009-2015\\\/\"},{\"@type\":\"ListItem\",\"position\":2,\"name\":\"Nj\u00eb njeri i vet\u00ebm do t\u00eb shp\u00ebtoj\u00eb Shqip\u00ebrin\u00eb\"}]},{\"@type\":\"WebSite\",\"@id\":\"https:\\\/\\\/fjala.info\\\/2009-2015\\\/#website\",\"url\":\"https:\\\/\\\/fjala.info\\\/2009-2015\\\/\",\"name\":\"FjALA e LIR\u00cb - Arkivi\",\"description\":\"Arkivi 2009-2015\",\"publisher\":{\"@id\":\"https:\\\/\\\/fjala.info\\\/2009-2015\\\/#organization\"},\"potentialAction\":[{\"@type\":\"SearchAction\",\"target\":{\"@type\":\"EntryPoint\",\"urlTemplate\":\"https:\\\/\\\/fjala.info\\\/2009-2015\\\/?s={search_term_string}\"},\"query-input\":{\"@type\":\"PropertyValueSpecification\",\"valueRequired\":true,\"valueName\":\"search_term_string\"}}],\"inLanguage\":\"sq-AL\"},{\"@type\":\"Organization\",\"@id\":\"https:\\\/\\\/fjala.info\\\/2009-2015\\\/#organization\",\"name\":\"FjALA e LIR\u00cb - Arkivi\",\"url\":\"https:\\\/\\\/fjala.info\\\/2009-2015\\\/\",\"logo\":{\"@type\":\"ImageObject\",\"inLanguage\":\"sq-AL\",\"@id\":\"https:\\\/\\\/fjala.info\\\/2009-2015\\\/#\\\/schema\\\/logo\\\/image\\\/\",\"url\":\"\",\"contentUrl\":\"\",\"caption\":\"FjALA e LIR\u00cb - Arkivi\"},\"image\":{\"@id\":\"https:\\\/\\\/fjala.info\\\/2009-2015\\\/#\\\/schema\\\/logo\\\/image\\\/\"}},{\"@type\":\"Person\",\"@id\":\"https:\\\/\\\/fjala.info\\\/2009-2015\\\/#\\\/schema\\\/person\\\/3aa1163ef05469c496fc94e77611ada2\",\"name\":\"admin\",\"image\":{\"@type\":\"ImageObject\",\"inLanguage\":\"sq-AL\",\"@id\":\"https:\\\/\\\/fjala.info\\\/2009-2015\\\/wp-content\\\/uploads\\\/2012\\\/02\\\/arben_cokaj-120x150.jpg\",\"url\":\"https:\\\/\\\/fjala.info\\\/2009-2015\\\/wp-content\\\/uploads\\\/2012\\\/02\\\/arben_cokaj-120x150.jpg\",\"contentUrl\":\"https:\\\/\\\/fjala.info\\\/2009-2015\\\/wp-content\\\/uploads\\\/2012\\\/02\\\/arben_cokaj-120x150.jpg\",\"caption\":\"admin\"},\"description\":\"Admin, Fjala e Lir\u00eb\",\"sameAs\":[\"https:\\\/\\\/fjala.info\\\/\"],\"url\":\"https:\\\/\\\/fjala.info\\\/2009-2015\\\/author\\\/admin\\\/\"}]}<\/script>\n<!-- \/ Yoast SEO plugin. -->","yoast_head_json":{"title":"Nj\u00eb njeri i vet\u00ebm do t\u00eb shp\u00ebtoj\u00eb Shqip\u00ebrin\u00eb - FjALA e LIR\u00cb - Arkivi","robots":{"index":"index","follow":"follow","max-snippet":"max-snippet:-1","max-image-preview":"max-image-preview:large","max-video-preview":"max-video-preview:-1"},"canonical":"https:\/\/fjala.info\/2009-2015\/nje-njeri-i-vetem-do-te-shpetoje-shqiperine\/","og_locale":"sq_AL","og_type":"article","og_title":"Nj\u00eb njeri i vet\u00ebm do t\u00eb shp\u00ebtoj\u00eb Shqip\u00ebrin\u00eb - FjALA e LIR\u00cb - Arkivi","og_description":"Nga Koloreto Cukali A mundet nj\u00eb njeri i vet\u00ebm t\u00eb shp\u00ebtoj\u00eb Shqip\u00ebrin\u00eb. Nuk ka pik\u00ebpyetje n\u00eb fund t\u00eb fjalis\u00eb m\u00eb sip\u00ebr, sepse k\u00ebt\u00eb askush nuk e shtron m\u00eb si pyetje. E shumta, mund t\u00eb shqiptohet si \u201cpyetje me p\u00ebrgjigjen brenda\u201d. Krejt jeta jon\u00eb ekonomike-politike \u00ebsht\u00eb nd\u00ebrtuar mbi filozofin\u00eb e nj\u00ebshit, q\u00eb zgjidh \u00e7do gj\u00eb. M\u00eb [&hellip;]","og_url":"https:\/\/fjala.info\/2009-2015\/nje-njeri-i-vetem-do-te-shpetoje-shqiperine\/","og_site_name":"FjALA e LIR\u00cb - Arkivi","article_published_time":"2011-11-14T06:03:44+00:00","og_image":[{"url":"http:\/\/www.shkoder.net\/images\/fjala\/koloreto_cukali.jpg","type":"","width":"","height":""}],"author":"admin","twitter_card":"summary_large_image","twitter_misc":{"Written by":"admin","Est. reading time":"7 minutes"},"schema":{"@context":"https:\/\/schema.org","@graph":[{"@type":"Article","@id":"https:\/\/fjala.info\/2009-2015\/nje-njeri-i-vetem-do-te-shpetoje-shqiperine\/#article","isPartOf":{"@id":"https:\/\/fjala.info\/2009-2015\/nje-njeri-i-vetem-do-te-shpetoje-shqiperine\/"},"author":{"name":"admin","@id":"https:\/\/fjala.info\/2009-2015\/#\/schema\/person\/3aa1163ef05469c496fc94e77611ada2"},"headline":"Nj\u00eb njeri i vet\u00ebm do t\u00eb shp\u00ebtoj\u00eb Shqip\u00ebrin\u00eb","datePublished":"2011-11-14T06:03:44+00:00","mainEntityOfPage":{"@id":"https:\/\/fjala.info\/2009-2015\/nje-njeri-i-vetem-do-te-shpetoje-shqiperine\/"},"wordCount":1414,"commentCount":0,"publisher":{"@id":"https:\/\/fjala.info\/2009-2015\/#organization"},"image":{"@id":"https:\/\/fjala.info\/2009-2015\/nje-njeri-i-vetem-do-te-shpetoje-shqiperine\/#primaryimage"},"thumbnailUrl":"http:\/\/www.shkoder.net\/images\/fjala\/koloreto_cukali.jpg","articleSection":["Artikuj"],"inLanguage":"sq-AL","potentialAction":[{"@type":"CommentAction","name":"Comment","target":["https:\/\/fjala.info\/2009-2015\/nje-njeri-i-vetem-do-te-shpetoje-shqiperine\/#respond"]}]},{"@type":"WebPage","@id":"https:\/\/fjala.info\/2009-2015\/nje-njeri-i-vetem-do-te-shpetoje-shqiperine\/","url":"https:\/\/fjala.info\/2009-2015\/nje-njeri-i-vetem-do-te-shpetoje-shqiperine\/","name":"Nj\u00eb njeri i vet\u00ebm do t\u00eb shp\u00ebtoj\u00eb Shqip\u00ebrin\u00eb - FjALA e LIR\u00cb - Arkivi","isPartOf":{"@id":"https:\/\/fjala.info\/2009-2015\/#website"},"primaryImageOfPage":{"@id":"https:\/\/fjala.info\/2009-2015\/nje-njeri-i-vetem-do-te-shpetoje-shqiperine\/#primaryimage"},"image":{"@id":"https:\/\/fjala.info\/2009-2015\/nje-njeri-i-vetem-do-te-shpetoje-shqiperine\/#primaryimage"},"thumbnailUrl":"http:\/\/www.shkoder.net\/images\/fjala\/koloreto_cukali.jpg","datePublished":"2011-11-14T06:03:44+00:00","breadcrumb":{"@id":"https:\/\/fjala.info\/2009-2015\/nje-njeri-i-vetem-do-te-shpetoje-shqiperine\/#breadcrumb"},"inLanguage":"sq-AL","potentialAction":[{"@type":"ReadAction","target":["https:\/\/fjala.info\/2009-2015\/nje-njeri-i-vetem-do-te-shpetoje-shqiperine\/"]}]},{"@type":"ImageObject","inLanguage":"sq-AL","@id":"https:\/\/fjala.info\/2009-2015\/nje-njeri-i-vetem-do-te-shpetoje-shqiperine\/#primaryimage","url":"http:\/\/www.shkoder.net\/images\/fjala\/koloreto_cukali.jpg","contentUrl":"http:\/\/www.shkoder.net\/images\/fjala\/koloreto_cukali.jpg"},{"@type":"BreadcrumbList","@id":"https:\/\/fjala.info\/2009-2015\/nje-njeri-i-vetem-do-te-shpetoje-shqiperine\/#breadcrumb","itemListElement":[{"@type":"ListItem","position":1,"name":"Home","item":"https:\/\/fjala.info\/2009-2015\/"},{"@type":"ListItem","position":2,"name":"Nj\u00eb njeri i vet\u00ebm do t\u00eb shp\u00ebtoj\u00eb Shqip\u00ebrin\u00eb"}]},{"@type":"WebSite","@id":"https:\/\/fjala.info\/2009-2015\/#website","url":"https:\/\/fjala.info\/2009-2015\/","name":"FjALA e LIR\u00cb - Arkivi","description":"Arkivi 2009-2015","publisher":{"@id":"https:\/\/fjala.info\/2009-2015\/#organization"},"potentialAction":[{"@type":"SearchAction","target":{"@type":"EntryPoint","urlTemplate":"https:\/\/fjala.info\/2009-2015\/?s={search_term_string}"},"query-input":{"@type":"PropertyValueSpecification","valueRequired":true,"valueName":"search_term_string"}}],"inLanguage":"sq-AL"},{"@type":"Organization","@id":"https:\/\/fjala.info\/2009-2015\/#organization","name":"FjALA e LIR\u00cb - Arkivi","url":"https:\/\/fjala.info\/2009-2015\/","logo":{"@type":"ImageObject","inLanguage":"sq-AL","@id":"https:\/\/fjala.info\/2009-2015\/#\/schema\/logo\/image\/","url":"","contentUrl":"","caption":"FjALA e LIR\u00cb - Arkivi"},"image":{"@id":"https:\/\/fjala.info\/2009-2015\/#\/schema\/logo\/image\/"}},{"@type":"Person","@id":"https:\/\/fjala.info\/2009-2015\/#\/schema\/person\/3aa1163ef05469c496fc94e77611ada2","name":"admin","image":{"@type":"ImageObject","inLanguage":"sq-AL","@id":"https:\/\/fjala.info\/2009-2015\/wp-content\/uploads\/2012\/02\/arben_cokaj-120x150.jpg","url":"https:\/\/fjala.info\/2009-2015\/wp-content\/uploads\/2012\/02\/arben_cokaj-120x150.jpg","contentUrl":"https:\/\/fjala.info\/2009-2015\/wp-content\/uploads\/2012\/02\/arben_cokaj-120x150.jpg","caption":"admin"},"description":"Admin, Fjala e Lir\u00eb","sameAs":["https:\/\/fjala.info\/"],"url":"https:\/\/fjala.info\/2009-2015\/author\/admin\/"}]}},"_links":{"self":[{"href":"https:\/\/fjala.info\/2009-2015\/wp-json\/wp\/v2\/posts\/11461","targetHints":{"allow":["GET"]}}],"collection":[{"href":"https:\/\/fjala.info\/2009-2015\/wp-json\/wp\/v2\/posts"}],"about":[{"href":"https:\/\/fjala.info\/2009-2015\/wp-json\/wp\/v2\/types\/post"}],"author":[{"embeddable":true,"href":"https:\/\/fjala.info\/2009-2015\/wp-json\/wp\/v2\/users\/1"}],"replies":[{"embeddable":true,"href":"https:\/\/fjala.info\/2009-2015\/wp-json\/wp\/v2\/comments?post=11461"}],"version-history":[{"count":0,"href":"https:\/\/fjala.info\/2009-2015\/wp-json\/wp\/v2\/posts\/11461\/revisions"}],"wp:attachment":[{"href":"https:\/\/fjala.info\/2009-2015\/wp-json\/wp\/v2\/media?parent=11461"}],"wp:term":[{"taxonomy":"category","embeddable":true,"href":"https:\/\/fjala.info\/2009-2015\/wp-json\/wp\/v2\/categories?post=11461"},{"taxonomy":"post_tag","embeddable":true,"href":"https:\/\/fjala.info\/2009-2015\/wp-json\/wp\/v2\/tags?post=11461"}],"curies":[{"name":"wp","href":"https:\/\/api.w.org\/{rel}","templated":true}]}}