{"id":11458,"date":"2011-11-15T09:05:21","date_gmt":"2011-11-15T08:05:21","guid":{"rendered":"http:\/\/fjala.shkoder.net\/?p=154"},"modified":"2011-11-15T09:05:21","modified_gmt":"2011-11-15T08:05:21","slug":"media-si-target-i-drejtesise","status":"publish","type":"post","link":"https:\/\/fjala.info\/2009-2015\/media-si-target-i-drejtesise\/","title":{"rendered":"Media si target i drejt\u00ebsis\u00eb"},"content":{"rendered":"<p><img decoding=\"async\" class=\"alignright size-thumbnail wp-image-7236\" title=\"Mimoza Dervishi\" src=\"http:\/\/www.shkoder.net\/images\/fjala\/2011\/mimoza_dervishi.jpg\" alt=\"\" width=\"150\" \/> Nga <strong>Mimoza Dervishi<\/strong>, <em>14 N\u00ebntor 2011<\/em><\/p>\n<p><em>Politikan\u00eb q\u00eb vjedhin p\u00ebrdit\u00eb! Tani dhe pastaj vrasin p\u00ebr t\u00eb ruajtur apo shtuar pasurin\u00eb. T\u00eb gjitha t\u00eb dokumentuara me z\u00eb dhe figur\u00eb! Pas \u00e7do fundzullumi edhe ndonj\u00eb post aty k\u00ebtu si shp\u00ebrblim!<\/em><\/p>\n<p><strong>Gjykata q\u00eb presin p\u00ebrdit\u00eb gjoba t\u00eb majme kund\u00ebr gazetar\u00ebve kritik\u00eb me pushtetin!<br \/>\nMir\u00ebsevini n\u00eb vendin e turpsh\u00ebm q\u00eb quhet Shqip\u00ebri.<\/strong><\/p>\n<p>Imagjinoni p\u00ebr nj\u00eb \u00e7ast sikur kjo praktik\u00eb t\u00eb ndiqej n\u00eb SHBA! T\u00eb jeni t\u00eb sigurt se nuk do kishim as CNN as Fox News, as New York Times etj etj. Nuk do t\u00eb kishim media. Sepse p\u00ebr k\u00ebdo q\u00eb ndjek medien n\u00eb Shqip\u00ebri e ka t\u00eb qart\u00eb dallimin, e di tashm\u00eb se kush \u00ebsht\u00eb media dhe kush \u00ebsht\u00eb propaganda.<\/p>\n<p>N\u00eb nj\u00eb krah jan\u00eb nj\u00eb tuf\u00eb q\u00eb vjen e rritet e organeve dhe ekraneve shtojc\u00eb t\u00eb pushtetit dhe n\u00eb krahun tjet\u00ebr nj\u00eb grup q\u00eb sa vjen e zvog\u00eblohet, i atyre q\u00eb ende thon\u00eb at\u00eb q\u00eb mendojn\u00eb. Dhe t\u00eb thuash at\u00eb q\u00eb mendon sot n\u00eb Shqip\u00ebri, nuk \u00ebsht\u00eb as m\u00eb shum\u00eb, as m\u00eb pak, por t\u00eb jesh automatikisht kundra nj\u00eb pushteti hajdut, q\u00eb p\u00ebr t\u00eb ruajtur dhe shumuar pasurin\u00eb ka vrar\u00eb n\u00eb mes t\u00eb dit\u00ebs shqiptar\u00eb t\u00eb pafajsh\u00ebm. Moda e gjyqeve ndaj k\u00ebtij grupi t\u00eb vog\u00ebl z\u00ebrash kritik\u00eb, \u00ebsht\u00eb e fundit por jo e vetmja raprezalie ndaj fjal\u00ebs s\u00eb lir\u00eb. Nuk ka ask\u00ebnd n\u00eb k\u00ebt\u00eb grup q\u00eb t\u00eb mos jet\u00eb k\u00ebrc\u00ebnuar personalisht, q\u00eb t\u00eb mos i jen\u00eb pushuar nga puna pjes\u00ebtar\u00eb t\u00eb familjes, q\u00eb t\u00eb mos jet\u00eb i\/e detyruar t\u00eb nd\u00ebrroj\u00eb gazeta apo ekrane deri n\u00eb stacionin e fundit, aty ku t\u00eb gjej\u00eb nj\u00eb dritare p\u00ebr t\u00eb th\u00ebn\u00eb at\u00eb q\u00eb do. Gjyqi dhe gjobat taciste apo kaciste jan\u00eb t\u00eb fundit p\u00ebr ti mbyllur goj\u00ebn.<\/p>\n<p>Dhe kjo ndodh p\u00ebr t\u00eb vetmen arsye, sepse drejt\u00ebsia, \u00ebsht\u00eb dhe ajo nj\u00eb shtojc\u00eb e kalbur e nj\u00eb pushteti q\u00eb po kalbet. Kur gjyqtar\u00ebve nuk u nxihet faqja aspak, tek deklarojn\u00eb absurditete n\u00eb lidhje me autencitetin e videos s\u00eb Met\u00ebs, kur vjedhin mandatin e socialist\u00ebve n\u00eb Tiran\u00eb pa ju dridhur qerpiku, kur anashkalojn\u00eb gj\u00ebm\u00ebn e G\u00ebrdecit pa ju dridhur zemra, kur mbyllin \u00e7\u00ebshtjen e rrug\u00ebs s\u00eb Kombit me raporte mjek\u00ebsore nga Lul\u00ebzim Basha, kur nxjerrin nga burgjet kriminel\u00ebt dhe l\u00ebn\u00eb t\u00eb lir\u00eb t\u00eb tjer\u00eb, q\u00eb vrasin p\u00ebrdit\u00eb, pse duhet t\u00eb maten dy her\u00eb, t\u00eb d\u00ebnojn\u00eb nj\u00eb gazetar q\u00eb ushtron t\u00eb drejtat e tij t\u00eb opinion dhe analiz\u00ebb\u00ebrjes, n\u00eb nj\u00eb vend ku vet\u00ebm n\u00eb kushtetut\u00eb: \u201cLiria e fjal\u00ebs mbrohet me ligj\u201d.<\/p>\n<p>Ky \u00ebsht\u00eb k\u00ebrc\u00ebnimi i fundit p\u00ebr t\u00eb gjith\u00eb ne q\u00eb duam t\u00eb shkruajm\u00eb e t\u00eb themi q\u00eb pushteti vret dhe vjedh, q\u00eb biznesmen\u00eb af\u00ebr pushtetit jan\u00eb agresor\u00eb t\u00eb medies dhe duhen d\u00ebnuar, e jo e anasjellta, q\u00eb agresor\u00ebt, pasi kan\u00eb goditur fizikisht, t\u00eb padisin gazetar\u00ebt edhe ligj\u00ebrisht. Na duhet nj\u00eb fjal\u00eb tjet\u00ebr p\u00ebr t\u00eb p\u00ebrkufizuar ligjin n\u00eb Shqip\u00ebri.<\/p>\n<p>N\u00eb nj\u00eb far\u00eb m\u00ebnyre p\u00ebr t\u00eb gjith\u00eb ne q\u00eb paditemi pse shkruajm\u00eb dhe ushtrojm\u00eb fjal\u00ebn e lir\u00eb si t\u00eb vetmen arm\u00eb , p\u00ebrve\u00e7 k\u00ebnaq\u00ebsis\u00eb profesionale, ky \u00ebsht\u00eb nj\u00eb shp\u00ebrblim i madh, ku nj\u00eb fjal\u00eb na kushton 100 mij\u00eb euro. Ky evolim nga pushteti dhe sahanl\u00ebpir\u00ebsit e tij rrotull, \u00ebsht\u00eb gjithashtu nj\u00eb sukses q\u00eb tregon sesa e r\u00ebnd\u00ebsishme \u00ebsht\u00eb fjala, sesa shum\u00eb frik\u00eb e kan\u00eb t\u00eb v\u00ebrtet\u00ebn ata q\u00eb k\u00ebrkojn\u00eb t\u00eb v\u00ebn\u00eb n\u00eb vend me para, moralin q\u00eb nuk e kan\u00eb. E pra ky \u00ebsht\u00eb nga ato raste ku me plot goj\u00ebn mund t\u00eb thuhet, se jo gjith\u00e7ka blihet me para.<\/p>\n<p>Por ama gjyqtar\u00ebt dhe avokat\u00ebt blihen me para n\u00eb Shqip\u00ebri. Shkoni n\u00eb nj\u00eb sall\u00eb gjyqi \u00e7far\u00ebdo dhe do shihni skena rr\u00ebnqeth\u00ebse, ku gjyqtar\u00ebt sillen si batak\u00e7inj, ashtu sikur dhe jan\u00eb. Do shihni se dhe rregullat me elementare t\u00eb drejt\u00ebsis\u00eb, pik\u00ebrisht aty ku duhet t\u00eb zbatohen m\u00eb shum\u00eb, shkelen n\u00eb m\u00ebnyr\u00ebn m\u00eb mizore. Nj\u00eb sken\u00eb t\u00eb till\u00eb, q\u00eb kaloi p\u00ebrmasat e \u00e7do imagjinate na e dha falas, p\u00ebr dit\u00eb me radh\u00eb, Arben Ristani, ku shpesh na dukej sikur po shihnim nj\u00eb film absurd me kauboj t\u00eb dehur, t\u00eb veshur me kravatat e shekullit 21, n\u00eb nj\u00eb vend q\u00eb dukej i ngecur n\u00eb diktatur\u00eb, ku drejt\u00ebsin\u00eb e b\u00ebn partia. Partia n\u00eb pushtet e shekullit t\u00eb 21, q\u00eb ka kuptuar se paraja \u00ebsht\u00eb gjith\u00e7ka. Gjykat\u00ebsit nuk kan\u00eb parti, ata thjesht duan nj\u00eb jet\u00eb luksoze dhe kan\u00eb gjetur profesionin e duhur.<\/p>\n<p>Sa e sa afera korruptive t\u00eb pasqyruara me fakte dhe dokumente t\u00eb pakund\u00ebrshtueshme jan\u00eb mbyllur me proceduara t\u00eb parregullta. Sa e sa pushtetar\u00eb t\u00eb kapur me presh ne duar, por asnj\u00eb gjemb s\u2019u ka hyre n\u00eb k\u00ebmb\u00eb, dhe sot e gjith\u00eb dit\u00ebn vazhdojn\u00eb e zg\u00ebrdhihen n\u00ebp\u00ebr ekrane. Po sa e sa raste kur lin\u00e7imi deri aty ku s\u2019mban m\u00eb, ka qen\u00eb tejet personal dhe s\u00ebrish mbyllja e mod\u00ebs me procedure. Sepse, sepse\u2026 gjykat\u00ebse q\u00ebllon t\u00eb jet\u00eb gruaja e Fullanit. P\u00ebr \u00e7do gjyq madhor n\u00eb Shqip\u00ebri, nga ato q\u00eb sot duhet t\u00eb kishin l\u00ebn\u00eb pas hekurave t\u00eb qelis\u00eb gjith\u00eb kupol\u00ebn q\u00eb drejton shtetin, \u00ebsht\u00eb gjendur nj\u00eb \u201d Fullan\u201d q\u00eb punon diku dhe nj\u00eb \u201cgrua\u201d e tij q\u00eb \u00ebsht\u00eb gjykat\u00ebse.<\/p>\n<p>Nga ana tjet\u00ebr un\u00eb nuk di q\u00eb vet\u00eb apo koleg\u00eb t\u00eb mi, t\u00eb jemi marr\u00eb ndonj\u00ebher\u00eb me dhomat e gjumit t\u00eb atyre q\u00eb kritikojm\u00eb,Sali Berisha dhe kopeja q\u00eb e ndjek e ka b\u00ebr\u00eb k\u00ebt\u00eb. Un\u00eb nuk di q\u00eb ne t\u00eb kemi fyer grat\u00eb, burrat, t\u00eb dashurat, ish t\u00eb dashurat, f\u00ebmij\u00ebt e cfare mban pragu i der\u00ebs, personazheve t\u00eb shkrimeve tona. Ne e kemi ngritur luft\u00ebn ton\u00eb n\u00eb princip, duke folur p\u00ebr principe, p\u00ebr c\u2019ka \u00ebsht\u00eb e ndershme dhe c\u2019ka jo, p\u00ebr c\u2019ka \u00ebsht\u00eb e d\u00ebmshme dhe c\u2019ka jo p\u00ebr shqiptar\u00ebt dhe Shqip\u00ebrin\u00eb. Ndonj\u00ebher\u00eb q\u00ebllon q\u00eb bashk\u00eb me nj\u00eb kryeminist\u00ebr dhe aferat e tij korruptive t\u00eb jet\u00eb p\u00ebrfshir\u00eb gjith\u00eb familja. \u201cGadaf\u00ebt\u201d kan\u00eb vet\u00ebm nj\u00eb m\u00ebnyr\u00eb p\u00ebr t\u00eb ushtruar pushtetin dhe ky nuk \u00ebsht\u00eb faji yn\u00eb, por ama \u00ebsht\u00eb problemi yn\u00eb.<\/p>\n<p>E n\u00ebse gruaja, vajza, djali, grabisin lek\u00ebt dhe tokat e shqiptar\u00ebve, vjedhin dhe vrasin p\u00ebrmes bizneseve t\u00eb tyre, dhe ne e themi k\u00ebt\u00eb gj\u00eb, kjo kurrsesi nuk \u00ebsht\u00eb nj\u00eb fyerje personale ndaj tyre. Kjo n\u00eb fakt \u00ebsht\u00eb nj\u00eb fyerje vrastare komb\u00ebtare, q\u00eb na b\u00ebhet t\u00eb gjith\u00ebve dhe s\u2019ka gjob\u00eb n\u00eb bot\u00eb t\u00eb na e paguaj\u00eb. Kur n\u00eb oborrin e familjes, si gjithmon\u00eb n\u00eb t\u00eb tilla raste, mbijn\u00eb t\u00eb asht\u00ebqujtur biznesmen\u00eb, q\u00eb pasurohen brenda nat\u00ebs dhe nga fuqia q\u00eb buron nga nj\u00eb foto me gruan e kryeministrit, sulen mbi gazetar\u00ebt me grusht dhe me fjal\u00eb, \u00ebsht\u00eb e drejta jon\u00eb tu themi Ndal. N\u00ebse serish jemi ne ata q\u00eb duhet t\u00eb paditemi e gjobitemi, le t\u00eb jemi, kjo nuk besoj se na trazon.<\/p>\n<p>Ne t\u00eb gjith\u00eb e dim\u00eb se avokat\u00ebt p\u00ebrkat\u00ebs q\u00eb shkojn\u00eb t\u00eb lexojn\u00eb padit\u00eb kundra nesh n\u00ebp\u00ebr gjykata, do luftojn\u00eb fort p\u00ebr ti fituar lek\u00ebt e gjob\u00ebs. Sepse ato gjoba jan\u00eb nj\u00eb premtim, q\u00eb do ndahen mes tyre dhe gjykat\u00ebsve. Gjithmon\u00eb\u2026n\u00ebse do vij\u00eb v\u00ebrtet\u00eb ajo dit\u00eb, kur ne t\u00eb paguajm\u00eb, p\u00ebrve\u00e7se me t\u00eb tjerat, edhe me para, p\u00ebr fjal\u00ebn e lir\u00eb. N\u00ebse v\u00ebrtet\u00eb do vij\u00eb ajo dit\u00eb, kur batak\u00e7inj t\u00eb pushtetit dhe gjyq\u00ebsorit t\u00eb jen\u00eb ende gjall\u00eb t\u00eb g\u00ebzojn\u00eb pasurit\u00eb e v\u00ebna me gjoba. Ne kemi vet\u00ebm nj\u00eb m\u00ebnyr\u00eb p\u00ebr t\u2019i paguar k\u00ebto gjoba: Fjal\u00ebn. At\u00eb nuk na e marrin dot.<\/p>\n","protected":false},"excerpt":{"rendered":"<p>Nga Mimoza Dervishi, 14 N\u00ebntor 2011 Politikan\u00eb q\u00eb vjedhin p\u00ebrdit\u00eb! Tani dhe pastaj vrasin p\u00ebr t\u00eb ruajtur apo shtuar pasurin\u00eb. T\u00eb gjitha t\u00eb dokumentuara me z\u00eb dhe figur\u00eb! Pas \u00e7do fundzullumi edhe ndonj\u00eb post aty k\u00ebtu si shp\u00ebrblim! Gjykata q\u00eb presin p\u00ebrdit\u00eb gjoba t\u00eb majme kund\u00ebr gazetar\u00ebve kritik\u00eb me pushtetin! Mir\u00ebsevini n\u00eb vendin e turpsh\u00ebm [&hellip;]<\/p>\n","protected":false},"author":1,"featured_media":0,"comment_status":"open","ping_status":"closed","sticky":false,"template":"","format":"standard","meta":{"footnotes":""},"categories":[2],"tags":[],"class_list":{"0":"post-11458","1":"post","2":"type-post","3":"status-publish","4":"format-standard","6":"category-artikuj"},"yoast_head":"<!-- This site is optimized with the Yoast SEO plugin v27.4 - https:\/\/yoast.com\/product\/yoast-seo-wordpress\/ -->\n<title>Media si target i drejt\u00ebsis\u00eb - FjALA e LIR\u00cb - Arkivi<\/title>\n<meta name=\"robots\" content=\"index, follow, max-snippet:-1, max-image-preview:large, max-video-preview:-1\" \/>\n<link rel=\"canonical\" href=\"https:\/\/fjala.info\/2009-2015\/media-si-target-i-drejtesise\/\" \/>\n<meta property=\"og:locale\" content=\"sq_AL\" \/>\n<meta property=\"og:type\" content=\"article\" \/>\n<meta property=\"og:title\" content=\"Media si target i drejt\u00ebsis\u00eb - FjALA e LIR\u00cb - Arkivi\" \/>\n<meta property=\"og:description\" content=\"Nga Mimoza Dervishi, 14 N\u00ebntor 2011 Politikan\u00eb q\u00eb vjedhin p\u00ebrdit\u00eb! Tani dhe pastaj vrasin p\u00ebr t\u00eb ruajtur apo shtuar pasurin\u00eb. T\u00eb gjitha t\u00eb dokumentuara me z\u00eb dhe figur\u00eb! Pas \u00e7do fundzullumi edhe ndonj\u00eb post aty k\u00ebtu si shp\u00ebrblim! Gjykata q\u00eb presin p\u00ebrdit\u00eb gjoba t\u00eb majme kund\u00ebr gazetar\u00ebve kritik\u00eb me pushtetin! Mir\u00ebsevini n\u00eb vendin e turpsh\u00ebm [&hellip;]\" \/>\n<meta property=\"og:url\" content=\"https:\/\/fjala.info\/2009-2015\/media-si-target-i-drejtesise\/\" \/>\n<meta property=\"og:site_name\" content=\"FjALA e LIR\u00cb - Arkivi\" \/>\n<meta property=\"article:published_time\" content=\"2011-11-15T08:05:21+00:00\" \/>\n<meta property=\"og:image\" content=\"http:\/\/www.shkoder.net\/images\/fjala\/2011\/mimoza_dervishi.jpg\" \/>\n<meta name=\"author\" content=\"admin\" \/>\n<meta name=\"twitter:card\" content=\"summary_large_image\" \/>\n<meta name=\"twitter:label1\" content=\"Written by\" \/>\n\t<meta name=\"twitter:data1\" content=\"admin\" \/>\n\t<meta name=\"twitter:label2\" content=\"Est. reading time\" \/>\n\t<meta name=\"twitter:data2\" content=\"7 minutes\" \/>\n<script type=\"application\/ld+json\" class=\"yoast-schema-graph\">{\"@context\":\"https:\\\/\\\/schema.org\",\"@graph\":[{\"@type\":\"Article\",\"@id\":\"https:\\\/\\\/fjala.info\\\/2009-2015\\\/media-si-target-i-drejtesise\\\/#article\",\"isPartOf\":{\"@id\":\"https:\\\/\\\/fjala.info\\\/2009-2015\\\/media-si-target-i-drejtesise\\\/\"},\"author\":{\"name\":\"admin\",\"@id\":\"https:\\\/\\\/fjala.info\\\/2009-2015\\\/#\\\/schema\\\/person\\\/3aa1163ef05469c496fc94e77611ada2\"},\"headline\":\"Media si target i drejt\u00ebsis\u00eb\",\"datePublished\":\"2011-11-15T08:05:21+00:00\",\"mainEntityOfPage\":{\"@id\":\"https:\\\/\\\/fjala.info\\\/2009-2015\\\/media-si-target-i-drejtesise\\\/\"},\"wordCount\":1351,\"commentCount\":0,\"publisher\":{\"@id\":\"https:\\\/\\\/fjala.info\\\/2009-2015\\\/#organization\"},\"image\":{\"@id\":\"https:\\\/\\\/fjala.info\\\/2009-2015\\\/media-si-target-i-drejtesise\\\/#primaryimage\"},\"thumbnailUrl\":\"http:\\\/\\\/www.shkoder.net\\\/images\\\/fjala\\\/2011\\\/mimoza_dervishi.jpg\",\"articleSection\":[\"Artikuj\"],\"inLanguage\":\"sq-AL\",\"potentialAction\":[{\"@type\":\"CommentAction\",\"name\":\"Comment\",\"target\":[\"https:\\\/\\\/fjala.info\\\/2009-2015\\\/media-si-target-i-drejtesise\\\/#respond\"]}]},{\"@type\":\"WebPage\",\"@id\":\"https:\\\/\\\/fjala.info\\\/2009-2015\\\/media-si-target-i-drejtesise\\\/\",\"url\":\"https:\\\/\\\/fjala.info\\\/2009-2015\\\/media-si-target-i-drejtesise\\\/\",\"name\":\"Media si target i drejt\u00ebsis\u00eb - FjALA e LIR\u00cb - Arkivi\",\"isPartOf\":{\"@id\":\"https:\\\/\\\/fjala.info\\\/2009-2015\\\/#website\"},\"primaryImageOfPage\":{\"@id\":\"https:\\\/\\\/fjala.info\\\/2009-2015\\\/media-si-target-i-drejtesise\\\/#primaryimage\"},\"image\":{\"@id\":\"https:\\\/\\\/fjala.info\\\/2009-2015\\\/media-si-target-i-drejtesise\\\/#primaryimage\"},\"thumbnailUrl\":\"http:\\\/\\\/www.shkoder.net\\\/images\\\/fjala\\\/2011\\\/mimoza_dervishi.jpg\",\"datePublished\":\"2011-11-15T08:05:21+00:00\",\"breadcrumb\":{\"@id\":\"https:\\\/\\\/fjala.info\\\/2009-2015\\\/media-si-target-i-drejtesise\\\/#breadcrumb\"},\"inLanguage\":\"sq-AL\",\"potentialAction\":[{\"@type\":\"ReadAction\",\"target\":[\"https:\\\/\\\/fjala.info\\\/2009-2015\\\/media-si-target-i-drejtesise\\\/\"]}]},{\"@type\":\"ImageObject\",\"inLanguage\":\"sq-AL\",\"@id\":\"https:\\\/\\\/fjala.info\\\/2009-2015\\\/media-si-target-i-drejtesise\\\/#primaryimage\",\"url\":\"http:\\\/\\\/www.shkoder.net\\\/images\\\/fjala\\\/2011\\\/mimoza_dervishi.jpg\",\"contentUrl\":\"http:\\\/\\\/www.shkoder.net\\\/images\\\/fjala\\\/2011\\\/mimoza_dervishi.jpg\"},{\"@type\":\"BreadcrumbList\",\"@id\":\"https:\\\/\\\/fjala.info\\\/2009-2015\\\/media-si-target-i-drejtesise\\\/#breadcrumb\",\"itemListElement\":[{\"@type\":\"ListItem\",\"position\":1,\"name\":\"Home\",\"item\":\"https:\\\/\\\/fjala.info\\\/2009-2015\\\/\"},{\"@type\":\"ListItem\",\"position\":2,\"name\":\"Media si target i drejt\u00ebsis\u00eb\"}]},{\"@type\":\"WebSite\",\"@id\":\"https:\\\/\\\/fjala.info\\\/2009-2015\\\/#website\",\"url\":\"https:\\\/\\\/fjala.info\\\/2009-2015\\\/\",\"name\":\"FjALA e LIR\u00cb - Arkivi\",\"description\":\"Arkivi 2009-2015\",\"publisher\":{\"@id\":\"https:\\\/\\\/fjala.info\\\/2009-2015\\\/#organization\"},\"potentialAction\":[{\"@type\":\"SearchAction\",\"target\":{\"@type\":\"EntryPoint\",\"urlTemplate\":\"https:\\\/\\\/fjala.info\\\/2009-2015\\\/?s={search_term_string}\"},\"query-input\":{\"@type\":\"PropertyValueSpecification\",\"valueRequired\":true,\"valueName\":\"search_term_string\"}}],\"inLanguage\":\"sq-AL\"},{\"@type\":\"Organization\",\"@id\":\"https:\\\/\\\/fjala.info\\\/2009-2015\\\/#organization\",\"name\":\"FjALA e LIR\u00cb - Arkivi\",\"url\":\"https:\\\/\\\/fjala.info\\\/2009-2015\\\/\",\"logo\":{\"@type\":\"ImageObject\",\"inLanguage\":\"sq-AL\",\"@id\":\"https:\\\/\\\/fjala.info\\\/2009-2015\\\/#\\\/schema\\\/logo\\\/image\\\/\",\"url\":\"\",\"contentUrl\":\"\",\"caption\":\"FjALA e LIR\u00cb - Arkivi\"},\"image\":{\"@id\":\"https:\\\/\\\/fjala.info\\\/2009-2015\\\/#\\\/schema\\\/logo\\\/image\\\/\"}},{\"@type\":\"Person\",\"@id\":\"https:\\\/\\\/fjala.info\\\/2009-2015\\\/#\\\/schema\\\/person\\\/3aa1163ef05469c496fc94e77611ada2\",\"name\":\"admin\",\"image\":{\"@type\":\"ImageObject\",\"inLanguage\":\"sq-AL\",\"@id\":\"https:\\\/\\\/fjala.info\\\/2009-2015\\\/wp-content\\\/uploads\\\/2012\\\/02\\\/arben_cokaj-120x150.jpg\",\"url\":\"https:\\\/\\\/fjala.info\\\/2009-2015\\\/wp-content\\\/uploads\\\/2012\\\/02\\\/arben_cokaj-120x150.jpg\",\"contentUrl\":\"https:\\\/\\\/fjala.info\\\/2009-2015\\\/wp-content\\\/uploads\\\/2012\\\/02\\\/arben_cokaj-120x150.jpg\",\"caption\":\"admin\"},\"description\":\"Admin, Fjala e Lir\u00eb\",\"sameAs\":[\"https:\\\/\\\/fjala.info\\\/\"],\"url\":\"https:\\\/\\\/fjala.info\\\/2009-2015\\\/author\\\/admin\\\/\"}]}<\/script>\n<!-- \/ Yoast SEO plugin. -->","yoast_head_json":{"title":"Media si target i drejt\u00ebsis\u00eb - FjALA e LIR\u00cb - Arkivi","robots":{"index":"index","follow":"follow","max-snippet":"max-snippet:-1","max-image-preview":"max-image-preview:large","max-video-preview":"max-video-preview:-1"},"canonical":"https:\/\/fjala.info\/2009-2015\/media-si-target-i-drejtesise\/","og_locale":"sq_AL","og_type":"article","og_title":"Media si target i drejt\u00ebsis\u00eb - FjALA e LIR\u00cb - Arkivi","og_description":"Nga Mimoza Dervishi, 14 N\u00ebntor 2011 Politikan\u00eb q\u00eb vjedhin p\u00ebrdit\u00eb! Tani dhe pastaj vrasin p\u00ebr t\u00eb ruajtur apo shtuar pasurin\u00eb. T\u00eb gjitha t\u00eb dokumentuara me z\u00eb dhe figur\u00eb! Pas \u00e7do fundzullumi edhe ndonj\u00eb post aty k\u00ebtu si shp\u00ebrblim! Gjykata q\u00eb presin p\u00ebrdit\u00eb gjoba t\u00eb majme kund\u00ebr gazetar\u00ebve kritik\u00eb me pushtetin! Mir\u00ebsevini n\u00eb vendin e turpsh\u00ebm [&hellip;]","og_url":"https:\/\/fjala.info\/2009-2015\/media-si-target-i-drejtesise\/","og_site_name":"FjALA e LIR\u00cb - Arkivi","article_published_time":"2011-11-15T08:05:21+00:00","og_image":[{"url":"http:\/\/www.shkoder.net\/images\/fjala\/2011\/mimoza_dervishi.jpg","type":"","width":"","height":""}],"author":"admin","twitter_card":"summary_large_image","twitter_misc":{"Written by":"admin","Est. reading time":"7 minutes"},"schema":{"@context":"https:\/\/schema.org","@graph":[{"@type":"Article","@id":"https:\/\/fjala.info\/2009-2015\/media-si-target-i-drejtesise\/#article","isPartOf":{"@id":"https:\/\/fjala.info\/2009-2015\/media-si-target-i-drejtesise\/"},"author":{"name":"admin","@id":"https:\/\/fjala.info\/2009-2015\/#\/schema\/person\/3aa1163ef05469c496fc94e77611ada2"},"headline":"Media si target i drejt\u00ebsis\u00eb","datePublished":"2011-11-15T08:05:21+00:00","mainEntityOfPage":{"@id":"https:\/\/fjala.info\/2009-2015\/media-si-target-i-drejtesise\/"},"wordCount":1351,"commentCount":0,"publisher":{"@id":"https:\/\/fjala.info\/2009-2015\/#organization"},"image":{"@id":"https:\/\/fjala.info\/2009-2015\/media-si-target-i-drejtesise\/#primaryimage"},"thumbnailUrl":"http:\/\/www.shkoder.net\/images\/fjala\/2011\/mimoza_dervishi.jpg","articleSection":["Artikuj"],"inLanguage":"sq-AL","potentialAction":[{"@type":"CommentAction","name":"Comment","target":["https:\/\/fjala.info\/2009-2015\/media-si-target-i-drejtesise\/#respond"]}]},{"@type":"WebPage","@id":"https:\/\/fjala.info\/2009-2015\/media-si-target-i-drejtesise\/","url":"https:\/\/fjala.info\/2009-2015\/media-si-target-i-drejtesise\/","name":"Media si target i drejt\u00ebsis\u00eb - FjALA e LIR\u00cb - Arkivi","isPartOf":{"@id":"https:\/\/fjala.info\/2009-2015\/#website"},"primaryImageOfPage":{"@id":"https:\/\/fjala.info\/2009-2015\/media-si-target-i-drejtesise\/#primaryimage"},"image":{"@id":"https:\/\/fjala.info\/2009-2015\/media-si-target-i-drejtesise\/#primaryimage"},"thumbnailUrl":"http:\/\/www.shkoder.net\/images\/fjala\/2011\/mimoza_dervishi.jpg","datePublished":"2011-11-15T08:05:21+00:00","breadcrumb":{"@id":"https:\/\/fjala.info\/2009-2015\/media-si-target-i-drejtesise\/#breadcrumb"},"inLanguage":"sq-AL","potentialAction":[{"@type":"ReadAction","target":["https:\/\/fjala.info\/2009-2015\/media-si-target-i-drejtesise\/"]}]},{"@type":"ImageObject","inLanguage":"sq-AL","@id":"https:\/\/fjala.info\/2009-2015\/media-si-target-i-drejtesise\/#primaryimage","url":"http:\/\/www.shkoder.net\/images\/fjala\/2011\/mimoza_dervishi.jpg","contentUrl":"http:\/\/www.shkoder.net\/images\/fjala\/2011\/mimoza_dervishi.jpg"},{"@type":"BreadcrumbList","@id":"https:\/\/fjala.info\/2009-2015\/media-si-target-i-drejtesise\/#breadcrumb","itemListElement":[{"@type":"ListItem","position":1,"name":"Home","item":"https:\/\/fjala.info\/2009-2015\/"},{"@type":"ListItem","position":2,"name":"Media si target i drejt\u00ebsis\u00eb"}]},{"@type":"WebSite","@id":"https:\/\/fjala.info\/2009-2015\/#website","url":"https:\/\/fjala.info\/2009-2015\/","name":"FjALA e LIR\u00cb - Arkivi","description":"Arkivi 2009-2015","publisher":{"@id":"https:\/\/fjala.info\/2009-2015\/#organization"},"potentialAction":[{"@type":"SearchAction","target":{"@type":"EntryPoint","urlTemplate":"https:\/\/fjala.info\/2009-2015\/?s={search_term_string}"},"query-input":{"@type":"PropertyValueSpecification","valueRequired":true,"valueName":"search_term_string"}}],"inLanguage":"sq-AL"},{"@type":"Organization","@id":"https:\/\/fjala.info\/2009-2015\/#organization","name":"FjALA e LIR\u00cb - Arkivi","url":"https:\/\/fjala.info\/2009-2015\/","logo":{"@type":"ImageObject","inLanguage":"sq-AL","@id":"https:\/\/fjala.info\/2009-2015\/#\/schema\/logo\/image\/","url":"","contentUrl":"","caption":"FjALA e LIR\u00cb - Arkivi"},"image":{"@id":"https:\/\/fjala.info\/2009-2015\/#\/schema\/logo\/image\/"}},{"@type":"Person","@id":"https:\/\/fjala.info\/2009-2015\/#\/schema\/person\/3aa1163ef05469c496fc94e77611ada2","name":"admin","image":{"@type":"ImageObject","inLanguage":"sq-AL","@id":"https:\/\/fjala.info\/2009-2015\/wp-content\/uploads\/2012\/02\/arben_cokaj-120x150.jpg","url":"https:\/\/fjala.info\/2009-2015\/wp-content\/uploads\/2012\/02\/arben_cokaj-120x150.jpg","contentUrl":"https:\/\/fjala.info\/2009-2015\/wp-content\/uploads\/2012\/02\/arben_cokaj-120x150.jpg","caption":"admin"},"description":"Admin, Fjala e Lir\u00eb","sameAs":["https:\/\/fjala.info\/"],"url":"https:\/\/fjala.info\/2009-2015\/author\/admin\/"}]}},"_links":{"self":[{"href":"https:\/\/fjala.info\/2009-2015\/wp-json\/wp\/v2\/posts\/11458","targetHints":{"allow":["GET"]}}],"collection":[{"href":"https:\/\/fjala.info\/2009-2015\/wp-json\/wp\/v2\/posts"}],"about":[{"href":"https:\/\/fjala.info\/2009-2015\/wp-json\/wp\/v2\/types\/post"}],"author":[{"embeddable":true,"href":"https:\/\/fjala.info\/2009-2015\/wp-json\/wp\/v2\/users\/1"}],"replies":[{"embeddable":true,"href":"https:\/\/fjala.info\/2009-2015\/wp-json\/wp\/v2\/comments?post=11458"}],"version-history":[{"count":0,"href":"https:\/\/fjala.info\/2009-2015\/wp-json\/wp\/v2\/posts\/11458\/revisions"}],"wp:attachment":[{"href":"https:\/\/fjala.info\/2009-2015\/wp-json\/wp\/v2\/media?parent=11458"}],"wp:term":[{"taxonomy":"category","embeddable":true,"href":"https:\/\/fjala.info\/2009-2015\/wp-json\/wp\/v2\/categories?post=11458"},{"taxonomy":"post_tag","embeddable":true,"href":"https:\/\/fjala.info\/2009-2015\/wp-json\/wp\/v2\/tags?post=11458"}],"curies":[{"name":"wp","href":"https:\/\/api.w.org\/{rel}","templated":true}]}}