{"id":11457,"date":"2011-11-13T11:03:07","date_gmt":"2011-11-13T10:03:07","guid":{"rendered":"http:\/\/fjala.shkoder.net\/?p=135"},"modified":"2011-11-13T11:03:07","modified_gmt":"2011-11-13T10:03:07","slug":"arbereshet-na-kujtojne-perseri","status":"publish","type":"post","link":"https:\/\/fjala.info\/2009-2015\/arbereshet-na-kujtojne-perseri\/","title":{"rendered":"Arb\u00ebresh\u00ebt na kujtojn\u00eb p\u00ebrs\u00ebri"},"content":{"rendered":"<p><img decoding=\"async\" class=\"alignleft size-thumbnail wp-image-7236\" title=\"Arb\u00ebreshet\" src=\"http:\/\/www.shkoder.net\/images\/fjala\/2011\/arbereshe.jpg\" alt=\"\" width=\"300\" \/><strong>Magdalena Alla<\/strong><\/p>\n<p>Arb\u00ebresh\u00ebt bujtin p\u00ebrs\u00ebri. Sa her\u00eb q\u00eb duan n\u00eb \u2018sht\u00ebpin\u00eb\u2019 q\u00eb mbetet p\u00ebrher\u00eb edhe e tyre. M\u00eb shpesh se ne, madje. Dje n\u00eb nj\u00eb seminar n\u00eb kuad\u00ebr t\u00eb 150-vjetorit t\u00eb bashkimit t\u00eb Italis\u00eb dhe 100-vjetorit n\u00eb prag t\u00eb Rilindjes s\u00eb Shqip\u00ebris\u00eb, Pavar\u00ebsis\u00eb s\u00eb saj. P\u00ebrve\u00e7 dy arb\u00ebresh\u00ebve t\u00eb m\u00ebdhenj: Antonio Gramshit, themelues i Partis\u00eb Komuniste italiane, deputet, filozof, gazetar apo Francesco Crispit, dy her\u00eb kryeminist\u00ebr i Italis\u00eb n\u00eb fund t\u00eb shek. 19, emra q\u00eb dominuan Italin\u00eb p\u00ebrpara Musolinit, n\u00eb seminar jan\u00eb p\u00ebrmendur fort edhe dy emra t\u00eb tjer\u00eb t\u00eb shk\u00eblqyer, Pasquale Scura dhe Terenzo To\u00e7i. I pari nd\u00ebr shum\u00eb arb\u00ebresh\u00eb t\u00eb tjer\u00eb, u rreshtua me Garibaldin dhe vuri m\u00eb pas gur\u00eb themeltar\u00eb n\u00eb ekzistenc\u00ebn e shtetit t\u00eb sot\u00ebm italian.<\/p>\n<p>I dyti ka \u00e7artur t\u00eb b\u00ebj\u00eb at\u00eb q\u00eb b\u00ebri Galibardi n\u00eb Itali; t\u00eb \u00e7lironte Shqip\u00ebrin\u00eb nga otoman\u00ebt dhe t\u00eb shpallte pavar\u00ebsin\u00eb e saj q\u00eb n\u00eb vitin 1911. Nj\u00eb konferenc\u00eb p\u00ebr rolin e arb\u00ebresh\u00ebve n\u00eb Bashkimin e Italis\u00eb dhe dedikuar k\u00ebtyre dy emrave t\u00eb spikatur n\u00eb Pallatin e Kongreseve n\u00eb Tiran\u00eb. \u201cDo kisha dashur t\u00eb dinin m\u00eb shum\u00eb n\u00eb Itali dhe Shqip\u00ebri p\u00ebr vlerat e arb\u00ebresh\u00ebve n\u00eb bashkimin e Italis\u00eb. Por \u00ebsht\u00eb krenari dhe n\u00eb k\u00ebt\u00eb m\u00ebnyr\u00eb promovojm\u00eb vlerat tona. Por dhe ne shqiptar\u00ebt duhet t\u00eb b\u00ebjm\u00eb m\u00eb shum\u00eb p\u00ebr arb\u00ebresh\u00ebt, \u2013 u shpreh ambasadori shqiptar n\u00eb Rom\u00eb, Llesh Kola, n\u00eb k\u00ebt\u00eb takim, \u2013 duke propozuar q\u00eb kur vizitojn\u00eb Italin\u00eb, t\u00eb vizitojn\u00eb arb\u00ebresh\u00ebt, tek t\u00eb cil\u00ebt do t\u00eb ndihen m\u00eb krenar\u00eb q\u00eb jan\u00eb shqiptar\u00eb, pasi kan\u00eb ruajtur me konservatoriz\u00ebm traditat e tyre\u201d.<\/p>\n<p>\u201cFal\u00eb edhe respektit dhe toleranc\u00ebs q\u00eb gjet\u00ebn n\u00eb Itali\u201d, do t\u00eb kujtonte ish-ambasadori Mario Bova, fjal\u00ebt e ish-presidentit Mejdani n\u00eb nj\u00eb vizit\u00eb n\u00eb komunitetet arb\u00ebreshe n\u00eb Itali. Duke shtuar q\u00eb \u00ebsht\u00eb nj\u00eb rast unik se si nj\u00eb minoranc\u00eb vihet n\u00eb rolin e shp\u00ebtimit t\u00eb nj\u00eb vendi mikprit\u00ebs. \u201cDhe arb\u00ebresh\u00ebt sot kan\u00eb ndikuar n\u00eb imazhin e shqiptar\u00ebve n\u00eb Itali, q\u00eb nuk \u00ebsht\u00eb m\u00eb ai i p\u00ebrpara dhjet\u00eb vjet\u00ebve. \u2018K\u00ebt\u00eb shqiptar\u00ebt e kan\u00eb b\u00ebr\u00eb me sakrifica, trim\u00ebri t\u00eb pashoqe dhe me gjak p\u00ebr pavar\u00ebsin\u00eb e Greqis\u00eb, e kan\u00eb b\u00ebr\u00eb me kryengritjet n\u00eb Rumani, por sidomos n\u00eb Bashkimin e Italis\u00eb. Nisur nga shpirti i tyre liridash\u00ebs\u201d, do t\u00eb shtonte profesor Nasho Jorgaqi n\u00eb diskutimin e tij t\u00eb gjat\u00eb p\u00ebr rolin arb\u00ebresh.<\/p>\n<p>Gjuh\u00ebtari Gjovalin Shkurtaj do t\u00eb p\u00ebrmendte se n\u00eb gjuh\u00ebn e arb\u00ebresh\u00ebve mbizot\u00ebron vet\u00ebdija e t\u00eb qenit \u2018ndryshe\u2019, \u2018i pap\u00ebrzier\u2019. Me shprehje si \u2018ne jemi arb\u00ebresh\u00eb\u2019, \u2018jemi gjak arb\u00ebresh\u2019, \u2018jemi t\u00eb ndar\u00eb, por arb\u00ebresh\u2019, gjuha jon\u00eb\u2019 etj.<\/p>\n<p><strong><em>Box<\/em><\/strong><\/p>\n<p><strong>Ish-ministri i Garibaldit, Pasquale Scura<\/strong><\/p>\n<p>Mbi Pasquale Scur\u00ebn ka shkruar nj\u00eb lib\u00ebr prej kat\u00ebrqind faqesh autori tjet\u00ebr po arb\u00ebresh, Francesco Perri. Duke d\u00ebshmuar jet\u00ebn e Paquale Scur\u00ebs t\u00ebr\u00ebsisht p\u00ebrmes dokumenteve. Ar\u00ebbreshi, i lindur n\u00eb 1781-shin n\u00eb katundin arb\u00ebresh t\u00eb Va\u00e7arizo Albanese, e q\u00eb doli nga bankat e kolegjit avangard\u00eb t\u00eb San Adrianos t\u00eb San Demetrio Corone, ku ka dh\u00ebn\u00eb m\u00ebsim Jeronim De Rada. I laureuar n\u00eb Jurisprudenc\u00eb, do t\u00eb b\u00ebhej nj\u00eb jurist tep\u00ebr i suksessh\u00ebm. Nj\u00eb intelektual i v\u00ebrtet\u00eb q\u00eb ka argumentuar me forc\u00eb, me ide konkrete promovimin e plebishitit t\u00eb 1860-s t\u00eb Giuseppe Garibaldit, edhe duke e shkruar at\u00eb. Garibaldi m\u00eb pas p\u00ebr t\u2019ia shp\u00ebrblyer atij, por dhe gjith\u00eb arb\u00ebresh\u00ebve kontributin e jasht\u00ebzakonsh\u00ebm q\u00eb dhan\u00eb p\u00ebr Bashkimin e Italis\u00eb e b\u00ebri minist\u00ebr t\u00eb Drejt\u00ebsis\u00eb. Nj\u00eb tjet\u00ebr minist\u00ebr arb\u00ebresh, por i transporteve n\u00eb qeverin\u00eb e Giuseppe Garibaldit do t\u00eb b\u00ebhej Luigi Giura.<\/p>\n<p>Pasardh\u00ebsja e familjes Scura n\u00eb konferenc\u00ebn e djeshme n\u00eb Tiran\u00eb, Maria Asunta Ioele, do t\u00eb tregonte detaje personale mbi p\u00ebrndjekjet q\u00eb iu b\u00ebn\u00eb Pasquale Scur\u00ebs pas vitit 1848, pasi mbreti Ferdinand II i Napolit dyshonte se ai punonte kund\u00ebr borbon\u00ebve. K\u00ebsisoj u detyrua t\u00eb emigronte n\u00eb Xhenova, e m\u00eb pas n\u00eb Torino, ku do t\u00eb q\u00ebndronte shtat\u00eb vjet. Koh\u00eb kur familja e tij mbeti n\u00eb Kalabri, n\u00eb nj\u00eb varf\u00ebri ekstreme ekonomike, pasi iu nd\u00ebrpren\u00eb t\u00eb gjitha trajtimet ekonomike, dhe mbahej me ndihmat e miqve. Ajo lexoi dhe letr\u00ebn q\u00eb babai me dhembshuri dhe dinjitet i d\u00ebrgonte nga larg familjes. I lejohet t\u00eb kthehet n\u00eb vendlindje dy vjet pas vendimit n\u00eb Katanzaro. N\u00eb 1860-n b\u00ebhet minist\u00ebr Drejt\u00ebsie dhe po k\u00ebt\u00eb vit thirret nga Gjykata e Lart\u00eb si K\u00ebshilltar i Kasacionit n\u00eb Napoli. N\u00eb 12 janar 1868, nd\u00ebrsa d\u00ebgjonte diskutimin e p\u00ebrurimit t\u00eb vitit juridik, u godit papritur nga nj\u00eb dhimbje dhe vdiq.<\/p>\n<p><strong>Kontributi i kolegjit Sant\u2019Adriano<\/strong><\/p>\n<p>P\u00ebr kontributin e kolegjit t\u00eb Sant\u2019Adrianos n\u00eb San Demetrio Corone ka referuar Domenico Cassiano. P\u00ebr t\u00eb, ky kolegj q\u00eb daton nga 1732, ka luajtur nj\u00eb rol t\u00eb madh n\u00eb prodhimin e intelektual\u00ebve arb\u00ebreshe, q\u00eb u b\u00ebn\u00eb avangard\u00eb e zhvillimit t\u00eb gjith\u00eb Kalabris\u00eb. Familje si Mauro, Damis, Baffi, Scura, Crispi, Giura u zhvilluan dhe dol\u00ebn nga kjo shkoll\u00eb. Familjet Baffi-Bellusci-Bulgari u b\u00ebn\u00eb motor t\u00eb l\u00ebvizjes demokratike n\u00eb Napoli kund\u00ebr borbon\u00ebve. \u201cJo m\u00eb kot ra n\u00eb sy t\u00eb Garibaldit, i cili b\u00ebri nj\u00eb donacion prej 12 mij\u00eb dukatesh p\u00ebr meritat e shqiptar\u00ebve bujar\u00eb\u201d, do t\u00eb ve\u00e7onte Cassiano. Por jo vet\u00ebm intelektual\u00ebt arb\u00ebresh\u00eb. Pararoj\u00eb e shoq\u00ebris\u00eb kalabreze ishte gjith\u00eb popullsia shqiptare, e cila ngrihej si askush tjet\u00ebr p\u00ebr marrjen dhe ndarjen e tok\u00ebs.<\/p>\n","protected":false},"excerpt":{"rendered":"<p>Magdalena Alla Arb\u00ebresh\u00ebt bujtin p\u00ebrs\u00ebri. Sa her\u00eb q\u00eb duan n\u00eb \u2018sht\u00ebpin\u00eb\u2019 q\u00eb mbetet p\u00ebrher\u00eb edhe e tyre. M\u00eb shpesh se ne, madje. Dje n\u00eb nj\u00eb seminar n\u00eb kuad\u00ebr t\u00eb 150-vjetorit t\u00eb bashkimit t\u00eb Italis\u00eb dhe 100-vjetorit n\u00eb prag t\u00eb Rilindjes s\u00eb Shqip\u00ebris\u00eb, Pavar\u00ebsis\u00eb s\u00eb saj. P\u00ebrve\u00e7 dy arb\u00ebresh\u00ebve t\u00eb m\u00ebdhenj: Antonio Gramshit, themelues i Partis\u00eb [&hellip;]<\/p>\n","protected":false},"author":1,"featured_media":0,"comment_status":"open","ping_status":"closed","sticky":false,"template":"","format":"standard","meta":{"footnotes":""},"categories":[2],"tags":[],"class_list":{"0":"post-11457","1":"post","2":"type-post","3":"status-publish","4":"format-standard","6":"category-artikuj"},"yoast_head":"<!-- This site is optimized with the Yoast SEO plugin v27.4 - https:\/\/yoast.com\/product\/yoast-seo-wordpress\/ -->\n<title>Arb\u00ebresh\u00ebt na kujtojn\u00eb p\u00ebrs\u00ebri - FjALA e LIR\u00cb - Arkivi<\/title>\n<meta name=\"robots\" content=\"index, follow, max-snippet:-1, max-image-preview:large, max-video-preview:-1\" \/>\n<link rel=\"canonical\" href=\"https:\/\/fjala.info\/2009-2015\/arbereshet-na-kujtojne-perseri\/\" \/>\n<meta property=\"og:locale\" content=\"sq_AL\" \/>\n<meta property=\"og:type\" content=\"article\" \/>\n<meta property=\"og:title\" content=\"Arb\u00ebresh\u00ebt na kujtojn\u00eb p\u00ebrs\u00ebri - FjALA e LIR\u00cb - Arkivi\" \/>\n<meta property=\"og:description\" content=\"Magdalena Alla Arb\u00ebresh\u00ebt bujtin p\u00ebrs\u00ebri. Sa her\u00eb q\u00eb duan n\u00eb \u2018sht\u00ebpin\u00eb\u2019 q\u00eb mbetet p\u00ebrher\u00eb edhe e tyre. M\u00eb shpesh se ne, madje. Dje n\u00eb nj\u00eb seminar n\u00eb kuad\u00ebr t\u00eb 150-vjetorit t\u00eb bashkimit t\u00eb Italis\u00eb dhe 100-vjetorit n\u00eb prag t\u00eb Rilindjes s\u00eb Shqip\u00ebris\u00eb, Pavar\u00ebsis\u00eb s\u00eb saj. P\u00ebrve\u00e7 dy arb\u00ebresh\u00ebve t\u00eb m\u00ebdhenj: Antonio Gramshit, themelues i Partis\u00eb [&hellip;]\" \/>\n<meta property=\"og:url\" content=\"https:\/\/fjala.info\/2009-2015\/arbereshet-na-kujtojne-perseri\/\" \/>\n<meta property=\"og:site_name\" content=\"FjALA e LIR\u00cb - Arkivi\" \/>\n<meta property=\"article:published_time\" content=\"2011-11-13T10:03:07+00:00\" \/>\n<meta property=\"og:image\" content=\"http:\/\/www.shkoder.net\/images\/fjala\/2011\/arbereshe.jpg\" \/>\n<meta name=\"author\" content=\"admin\" \/>\n<meta name=\"twitter:card\" content=\"summary_large_image\" \/>\n<meta name=\"twitter:label1\" content=\"Written by\" \/>\n\t<meta name=\"twitter:data1\" content=\"admin\" \/>\n\t<meta name=\"twitter:label2\" content=\"Est. reading time\" \/>\n\t<meta name=\"twitter:data2\" content=\"5 minutes\" \/>\n<script type=\"application\/ld+json\" class=\"yoast-schema-graph\">{\"@context\":\"https:\\\/\\\/schema.org\",\"@graph\":[{\"@type\":\"Article\",\"@id\":\"https:\\\/\\\/fjala.info\\\/2009-2015\\\/arbereshet-na-kujtojne-perseri\\\/#article\",\"isPartOf\":{\"@id\":\"https:\\\/\\\/fjala.info\\\/2009-2015\\\/arbereshet-na-kujtojne-perseri\\\/\"},\"author\":{\"name\":\"admin\",\"@id\":\"https:\\\/\\\/fjala.info\\\/2009-2015\\\/#\\\/schema\\\/person\\\/3aa1163ef05469c496fc94e77611ada2\"},\"headline\":\"Arb\u00ebresh\u00ebt na kujtojn\u00eb p\u00ebrs\u00ebri\",\"datePublished\":\"2011-11-13T10:03:07+00:00\",\"mainEntityOfPage\":{\"@id\":\"https:\\\/\\\/fjala.info\\\/2009-2015\\\/arbereshet-na-kujtojne-perseri\\\/\"},\"wordCount\":980,\"commentCount\":0,\"publisher\":{\"@id\":\"https:\\\/\\\/fjala.info\\\/2009-2015\\\/#organization\"},\"image\":{\"@id\":\"https:\\\/\\\/fjala.info\\\/2009-2015\\\/arbereshet-na-kujtojne-perseri\\\/#primaryimage\"},\"thumbnailUrl\":\"http:\\\/\\\/www.shkoder.net\\\/images\\\/fjala\\\/2011\\\/arbereshe.jpg\",\"articleSection\":[\"Artikuj\"],\"inLanguage\":\"sq-AL\",\"potentialAction\":[{\"@type\":\"CommentAction\",\"name\":\"Comment\",\"target\":[\"https:\\\/\\\/fjala.info\\\/2009-2015\\\/arbereshet-na-kujtojne-perseri\\\/#respond\"]}]},{\"@type\":\"WebPage\",\"@id\":\"https:\\\/\\\/fjala.info\\\/2009-2015\\\/arbereshet-na-kujtojne-perseri\\\/\",\"url\":\"https:\\\/\\\/fjala.info\\\/2009-2015\\\/arbereshet-na-kujtojne-perseri\\\/\",\"name\":\"Arb\u00ebresh\u00ebt na kujtojn\u00eb p\u00ebrs\u00ebri - FjALA e LIR\u00cb - Arkivi\",\"isPartOf\":{\"@id\":\"https:\\\/\\\/fjala.info\\\/2009-2015\\\/#website\"},\"primaryImageOfPage\":{\"@id\":\"https:\\\/\\\/fjala.info\\\/2009-2015\\\/arbereshet-na-kujtojne-perseri\\\/#primaryimage\"},\"image\":{\"@id\":\"https:\\\/\\\/fjala.info\\\/2009-2015\\\/arbereshet-na-kujtojne-perseri\\\/#primaryimage\"},\"thumbnailUrl\":\"http:\\\/\\\/www.shkoder.net\\\/images\\\/fjala\\\/2011\\\/arbereshe.jpg\",\"datePublished\":\"2011-11-13T10:03:07+00:00\",\"breadcrumb\":{\"@id\":\"https:\\\/\\\/fjala.info\\\/2009-2015\\\/arbereshet-na-kujtojne-perseri\\\/#breadcrumb\"},\"inLanguage\":\"sq-AL\",\"potentialAction\":[{\"@type\":\"ReadAction\",\"target\":[\"https:\\\/\\\/fjala.info\\\/2009-2015\\\/arbereshet-na-kujtojne-perseri\\\/\"]}]},{\"@type\":\"ImageObject\",\"inLanguage\":\"sq-AL\",\"@id\":\"https:\\\/\\\/fjala.info\\\/2009-2015\\\/arbereshet-na-kujtojne-perseri\\\/#primaryimage\",\"url\":\"http:\\\/\\\/www.shkoder.net\\\/images\\\/fjala\\\/2011\\\/arbereshe.jpg\",\"contentUrl\":\"http:\\\/\\\/www.shkoder.net\\\/images\\\/fjala\\\/2011\\\/arbereshe.jpg\"},{\"@type\":\"BreadcrumbList\",\"@id\":\"https:\\\/\\\/fjala.info\\\/2009-2015\\\/arbereshet-na-kujtojne-perseri\\\/#breadcrumb\",\"itemListElement\":[{\"@type\":\"ListItem\",\"position\":1,\"name\":\"Home\",\"item\":\"https:\\\/\\\/fjala.info\\\/2009-2015\\\/\"},{\"@type\":\"ListItem\",\"position\":2,\"name\":\"Arb\u00ebresh\u00ebt na kujtojn\u00eb p\u00ebrs\u00ebri\"}]},{\"@type\":\"WebSite\",\"@id\":\"https:\\\/\\\/fjala.info\\\/2009-2015\\\/#website\",\"url\":\"https:\\\/\\\/fjala.info\\\/2009-2015\\\/\",\"name\":\"FjALA e LIR\u00cb - Arkivi\",\"description\":\"Arkivi 2009-2015\",\"publisher\":{\"@id\":\"https:\\\/\\\/fjala.info\\\/2009-2015\\\/#organization\"},\"potentialAction\":[{\"@type\":\"SearchAction\",\"target\":{\"@type\":\"EntryPoint\",\"urlTemplate\":\"https:\\\/\\\/fjala.info\\\/2009-2015\\\/?s={search_term_string}\"},\"query-input\":{\"@type\":\"PropertyValueSpecification\",\"valueRequired\":true,\"valueName\":\"search_term_string\"}}],\"inLanguage\":\"sq-AL\"},{\"@type\":\"Organization\",\"@id\":\"https:\\\/\\\/fjala.info\\\/2009-2015\\\/#organization\",\"name\":\"FjALA e LIR\u00cb - Arkivi\",\"url\":\"https:\\\/\\\/fjala.info\\\/2009-2015\\\/\",\"logo\":{\"@type\":\"ImageObject\",\"inLanguage\":\"sq-AL\",\"@id\":\"https:\\\/\\\/fjala.info\\\/2009-2015\\\/#\\\/schema\\\/logo\\\/image\\\/\",\"url\":\"\",\"contentUrl\":\"\",\"caption\":\"FjALA e LIR\u00cb - Arkivi\"},\"image\":{\"@id\":\"https:\\\/\\\/fjala.info\\\/2009-2015\\\/#\\\/schema\\\/logo\\\/image\\\/\"}},{\"@type\":\"Person\",\"@id\":\"https:\\\/\\\/fjala.info\\\/2009-2015\\\/#\\\/schema\\\/person\\\/3aa1163ef05469c496fc94e77611ada2\",\"name\":\"admin\",\"image\":{\"@type\":\"ImageObject\",\"inLanguage\":\"sq-AL\",\"@id\":\"https:\\\/\\\/fjala.info\\\/2009-2015\\\/wp-content\\\/uploads\\\/2012\\\/02\\\/arben_cokaj-120x150.jpg\",\"url\":\"https:\\\/\\\/fjala.info\\\/2009-2015\\\/wp-content\\\/uploads\\\/2012\\\/02\\\/arben_cokaj-120x150.jpg\",\"contentUrl\":\"https:\\\/\\\/fjala.info\\\/2009-2015\\\/wp-content\\\/uploads\\\/2012\\\/02\\\/arben_cokaj-120x150.jpg\",\"caption\":\"admin\"},\"description\":\"Admin, Fjala e Lir\u00eb\",\"sameAs\":[\"https:\\\/\\\/fjala.info\\\/\"],\"url\":\"https:\\\/\\\/fjala.info\\\/2009-2015\\\/author\\\/admin\\\/\"}]}<\/script>\n<!-- \/ Yoast SEO plugin. -->","yoast_head_json":{"title":"Arb\u00ebresh\u00ebt na kujtojn\u00eb p\u00ebrs\u00ebri - FjALA e LIR\u00cb - Arkivi","robots":{"index":"index","follow":"follow","max-snippet":"max-snippet:-1","max-image-preview":"max-image-preview:large","max-video-preview":"max-video-preview:-1"},"canonical":"https:\/\/fjala.info\/2009-2015\/arbereshet-na-kujtojne-perseri\/","og_locale":"sq_AL","og_type":"article","og_title":"Arb\u00ebresh\u00ebt na kujtojn\u00eb p\u00ebrs\u00ebri - FjALA e LIR\u00cb - Arkivi","og_description":"Magdalena Alla Arb\u00ebresh\u00ebt bujtin p\u00ebrs\u00ebri. Sa her\u00eb q\u00eb duan n\u00eb \u2018sht\u00ebpin\u00eb\u2019 q\u00eb mbetet p\u00ebrher\u00eb edhe e tyre. M\u00eb shpesh se ne, madje. Dje n\u00eb nj\u00eb seminar n\u00eb kuad\u00ebr t\u00eb 150-vjetorit t\u00eb bashkimit t\u00eb Italis\u00eb dhe 100-vjetorit n\u00eb prag t\u00eb Rilindjes s\u00eb Shqip\u00ebris\u00eb, Pavar\u00ebsis\u00eb s\u00eb saj. P\u00ebrve\u00e7 dy arb\u00ebresh\u00ebve t\u00eb m\u00ebdhenj: Antonio Gramshit, themelues i Partis\u00eb [&hellip;]","og_url":"https:\/\/fjala.info\/2009-2015\/arbereshet-na-kujtojne-perseri\/","og_site_name":"FjALA e LIR\u00cb - Arkivi","article_published_time":"2011-11-13T10:03:07+00:00","og_image":[{"url":"http:\/\/www.shkoder.net\/images\/fjala\/2011\/arbereshe.jpg","type":"","width":"","height":""}],"author":"admin","twitter_card":"summary_large_image","twitter_misc":{"Written by":"admin","Est. reading time":"5 minutes"},"schema":{"@context":"https:\/\/schema.org","@graph":[{"@type":"Article","@id":"https:\/\/fjala.info\/2009-2015\/arbereshet-na-kujtojne-perseri\/#article","isPartOf":{"@id":"https:\/\/fjala.info\/2009-2015\/arbereshet-na-kujtojne-perseri\/"},"author":{"name":"admin","@id":"https:\/\/fjala.info\/2009-2015\/#\/schema\/person\/3aa1163ef05469c496fc94e77611ada2"},"headline":"Arb\u00ebresh\u00ebt na kujtojn\u00eb p\u00ebrs\u00ebri","datePublished":"2011-11-13T10:03:07+00:00","mainEntityOfPage":{"@id":"https:\/\/fjala.info\/2009-2015\/arbereshet-na-kujtojne-perseri\/"},"wordCount":980,"commentCount":0,"publisher":{"@id":"https:\/\/fjala.info\/2009-2015\/#organization"},"image":{"@id":"https:\/\/fjala.info\/2009-2015\/arbereshet-na-kujtojne-perseri\/#primaryimage"},"thumbnailUrl":"http:\/\/www.shkoder.net\/images\/fjala\/2011\/arbereshe.jpg","articleSection":["Artikuj"],"inLanguage":"sq-AL","potentialAction":[{"@type":"CommentAction","name":"Comment","target":["https:\/\/fjala.info\/2009-2015\/arbereshet-na-kujtojne-perseri\/#respond"]}]},{"@type":"WebPage","@id":"https:\/\/fjala.info\/2009-2015\/arbereshet-na-kujtojne-perseri\/","url":"https:\/\/fjala.info\/2009-2015\/arbereshet-na-kujtojne-perseri\/","name":"Arb\u00ebresh\u00ebt na kujtojn\u00eb p\u00ebrs\u00ebri - FjALA e LIR\u00cb - Arkivi","isPartOf":{"@id":"https:\/\/fjala.info\/2009-2015\/#website"},"primaryImageOfPage":{"@id":"https:\/\/fjala.info\/2009-2015\/arbereshet-na-kujtojne-perseri\/#primaryimage"},"image":{"@id":"https:\/\/fjala.info\/2009-2015\/arbereshet-na-kujtojne-perseri\/#primaryimage"},"thumbnailUrl":"http:\/\/www.shkoder.net\/images\/fjala\/2011\/arbereshe.jpg","datePublished":"2011-11-13T10:03:07+00:00","breadcrumb":{"@id":"https:\/\/fjala.info\/2009-2015\/arbereshet-na-kujtojne-perseri\/#breadcrumb"},"inLanguage":"sq-AL","potentialAction":[{"@type":"ReadAction","target":["https:\/\/fjala.info\/2009-2015\/arbereshet-na-kujtojne-perseri\/"]}]},{"@type":"ImageObject","inLanguage":"sq-AL","@id":"https:\/\/fjala.info\/2009-2015\/arbereshet-na-kujtojne-perseri\/#primaryimage","url":"http:\/\/www.shkoder.net\/images\/fjala\/2011\/arbereshe.jpg","contentUrl":"http:\/\/www.shkoder.net\/images\/fjala\/2011\/arbereshe.jpg"},{"@type":"BreadcrumbList","@id":"https:\/\/fjala.info\/2009-2015\/arbereshet-na-kujtojne-perseri\/#breadcrumb","itemListElement":[{"@type":"ListItem","position":1,"name":"Home","item":"https:\/\/fjala.info\/2009-2015\/"},{"@type":"ListItem","position":2,"name":"Arb\u00ebresh\u00ebt na kujtojn\u00eb p\u00ebrs\u00ebri"}]},{"@type":"WebSite","@id":"https:\/\/fjala.info\/2009-2015\/#website","url":"https:\/\/fjala.info\/2009-2015\/","name":"FjALA e LIR\u00cb - Arkivi","description":"Arkivi 2009-2015","publisher":{"@id":"https:\/\/fjala.info\/2009-2015\/#organization"},"potentialAction":[{"@type":"SearchAction","target":{"@type":"EntryPoint","urlTemplate":"https:\/\/fjala.info\/2009-2015\/?s={search_term_string}"},"query-input":{"@type":"PropertyValueSpecification","valueRequired":true,"valueName":"search_term_string"}}],"inLanguage":"sq-AL"},{"@type":"Organization","@id":"https:\/\/fjala.info\/2009-2015\/#organization","name":"FjALA e LIR\u00cb - Arkivi","url":"https:\/\/fjala.info\/2009-2015\/","logo":{"@type":"ImageObject","inLanguage":"sq-AL","@id":"https:\/\/fjala.info\/2009-2015\/#\/schema\/logo\/image\/","url":"","contentUrl":"","caption":"FjALA e LIR\u00cb - Arkivi"},"image":{"@id":"https:\/\/fjala.info\/2009-2015\/#\/schema\/logo\/image\/"}},{"@type":"Person","@id":"https:\/\/fjala.info\/2009-2015\/#\/schema\/person\/3aa1163ef05469c496fc94e77611ada2","name":"admin","image":{"@type":"ImageObject","inLanguage":"sq-AL","@id":"https:\/\/fjala.info\/2009-2015\/wp-content\/uploads\/2012\/02\/arben_cokaj-120x150.jpg","url":"https:\/\/fjala.info\/2009-2015\/wp-content\/uploads\/2012\/02\/arben_cokaj-120x150.jpg","contentUrl":"https:\/\/fjala.info\/2009-2015\/wp-content\/uploads\/2012\/02\/arben_cokaj-120x150.jpg","caption":"admin"},"description":"Admin, Fjala e Lir\u00eb","sameAs":["https:\/\/fjala.info\/"],"url":"https:\/\/fjala.info\/2009-2015\/author\/admin\/"}]}},"_links":{"self":[{"href":"https:\/\/fjala.info\/2009-2015\/wp-json\/wp\/v2\/posts\/11457","targetHints":{"allow":["GET"]}}],"collection":[{"href":"https:\/\/fjala.info\/2009-2015\/wp-json\/wp\/v2\/posts"}],"about":[{"href":"https:\/\/fjala.info\/2009-2015\/wp-json\/wp\/v2\/types\/post"}],"author":[{"embeddable":true,"href":"https:\/\/fjala.info\/2009-2015\/wp-json\/wp\/v2\/users\/1"}],"replies":[{"embeddable":true,"href":"https:\/\/fjala.info\/2009-2015\/wp-json\/wp\/v2\/comments?post=11457"}],"version-history":[{"count":0,"href":"https:\/\/fjala.info\/2009-2015\/wp-json\/wp\/v2\/posts\/11457\/revisions"}],"wp:attachment":[{"href":"https:\/\/fjala.info\/2009-2015\/wp-json\/wp\/v2\/media?parent=11457"}],"wp:term":[{"taxonomy":"category","embeddable":true,"href":"https:\/\/fjala.info\/2009-2015\/wp-json\/wp\/v2\/categories?post=11457"},{"taxonomy":"post_tag","embeddable":true,"href":"https:\/\/fjala.info\/2009-2015\/wp-json\/wp\/v2\/tags?post=11457"}],"curies":[{"name":"wp","href":"https:\/\/api.w.org\/{rel}","templated":true}]}}