{"id":11456,"date":"2011-11-12T07:19:26","date_gmt":"2011-11-12T06:19:26","guid":{"rendered":"http:\/\/fjala.shkoder.net\/?p=127"},"modified":"2011-11-12T07:19:26","modified_gmt":"2011-11-12T06:19:26","slug":"egjipt-ligj-i-perbashket-per-koptet-dhe-myslimanet-lidhur-me-ngritjen-e-ndertesave-te-kultit","status":"publish","type":"post","link":"https:\/\/fjala.info\/2009-2015\/egjipt-ligj-i-perbashket-per-koptet-dhe-myslimanet-lidhur-me-ngritjen-e-ndertesave-te-kultit\/","title":{"rendered":"Egjipt: ligj i p\u00ebrbashk\u00ebt p\u00ebr kopt\u00ebt dhe mysliman\u00ebt lidhur me ngritjen e nd\u00ebrtesave t\u00eb kultit."},"content":{"rendered":"<p><img decoding=\"async\" class=\"alignright size-thumbnail wp-image-7236\" title=\"Djegia e nj\u00eb kishe n\u00eb Egjipt\" src=\"http:\/\/www.shkoder.net\/images\/fjala\/2011\/djegia_kishes_egjipt.jpg\" alt=\"\" width=\"200\" \/>Paraqitja e propozimit t\u00eb nj\u00eb ligji t\u00eb p\u00ebrbashk\u00ebt p\u00ebr t\u00eb krishter\u00ebt e mysliman\u00ebt lidhur me ngritjen e nd\u00ebrtesave t\u00eb kultit, kund\u00ebr tymnaj\u00ebs s\u00eb rregullave imponuar nga K\u00ebshilli i lart\u00eb i ushtarak\u00ebve. Ky ishte q\u00ebllimi i takimit t\u00eb p\u00ebrfaq\u00ebsuesve t\u00eb Kish\u00ebs kopte ortodokse dhe t\u00eb Universitetit islamik t\u00eb Al- Azhar, organizuar k\u00ebto dit\u00eb. Sipas burimeve t\u00eb s\u00eb p\u00ebrditshmes egjiptiane AlMasry-Alyoum, propozimi p\u00ebr k\u00ebt\u00eb ligj do t\u2019u krijonte kopt\u00ebve mund\u00ebsin\u00eb t\u00eb rregullojn\u00eb gjendjen e t\u00eb gjitha nd\u00ebrtesave q\u00eb i p\u00ebrdorin sot p\u00ebr lutje, nd\u00ebrtuar edhe pa lejen e qeveris\u00eb.<\/p>\n<p>Projekt-ligji p\u00ebr k\u00ebt\u00eb normalizim vijon t\u00eb jet\u00eb edhe sot e k\u00ebsaj dite n\u00eb faz\u00ebn e miratimit, por shum\u00ebkush e shikon si t\u00eb pap\u00ebrshtatsh\u00ebm e t\u00eb dyshimt\u00eb. E kjo, sepse u jep qeverive lokale t\u00eb drejt\u00ebn ta miratojn\u00eb, ose jo, ngritjen e nd\u00ebrtesave t\u00eb kultit, t\u00eb cilat duhet t\u00eb jen\u00eb t\u00eb pakt\u00ebn 1000 metra katrore e m\u00eb se 500 metra katrore larg nga nj\u00ebra\u2013tjetra. Gjithsesi autoritetet vendase, posa\u00e7\u00ebrisht ato t\u00eb Egjiptit t\u00eb Ep\u00ebrm, i d\u00ebnojn\u00eb bashk\u00ebsit\u00eb e krishtera, sepse p\u00ebrmasat e kishave t\u00eb nd\u00ebrtuara nuk i kalojn\u00eb 200 metrat katrore.<br \/>\nN\u00eb tetor K\u00ebshilli egjiptian p\u00ebr t\u00eb drejtat e njeriut hartoi nj\u00eb kund\u00ebrpropozim, p\u00ebr t\u2019i zhdukur nj\u00eb her\u00eb e mir\u00eb kufizime t\u00eb tilla.<\/p>\n<p>Problem tjet\u00ebr serioz \u00ebsh\u00eb ai i caktimit t\u00eb trojeve p\u00ebr nd\u00ebrtimin e kishave ose t\u00eb xhamive, gj\u00eb q\u00eb rrezikon ndezjen e konflikteve t\u00eb reja n\u00eb gjirin e popullsis\u00eb s\u00eb shum\u00eb fshtarave. Pavar\u00ebsiht nga kritikat \u2013 kujton agjencia AziaNjuz &#8211; rregullat e reja p\u00ebr vendet e lutjes u paraqit\u00ebn si fryti i par\u00eb i \u201cRevolucionit t\u00eb jasemin\u00ebve\u201d, si dhe t\u00eb Egjiptit, q\u00eb po lind, pas Mubarakut.<\/p>\n<p>I propozuar m\u00eb 2 qershorin e kaluar, ligji lindi p\u00ebr t\u00eb zhdukur rregullat burokratike, t\u00eb cilat p\u00ebr dhjetra vjet i penguan t\u00eb krishter\u00ebt t\u00eb nd\u00ebrtojn\u00eb kisha t\u00eb reja, nd\u00ebrmjet t\u00eb cilave, edhe detyrimi q\u00eb t\u00eb k\u00ebrkonin autorizim nga presidenti i republik\u00ebs ose nga kryeministri. Edhe sot e k\u00ebsaj dite, shum\u00eb kantiere jan\u00eb t\u00eb bllokuara nga bashk\u00ebsit\u00eb myslimane, ndon\u00ebse \u00ebsht\u00eb nxjerr\u00eb autorizimi nga pushtetar\u00ebt e lart\u00eb. Rasti i fundit \u00ebsht\u00eb ai i 1 tetorit t\u00eb kaluar n\u00eb provinc\u00ebn Assvan (Egjipti i Ep\u00ebrm), ku qindra mysliman\u00eb, t\u00eb kryesuar nga kryeqeveritari vendas, i kall\u00ebn zjarrin nj\u00eb kishe. E nga nd\u00ebrtesa e kultit, zjarri u p\u00ebrhap nd\u00ebr zemrat e besimtar\u00ebve, duke shkaktuar protestat e 9 tetorit t\u00eb kaluar, organizuar nga bashk\u00ebsia kopte n\u00eb Kairo, paguar me jet\u00ebn e 27 personave dhe me plagosjen e 200 t\u00eb tjer\u00ebve. (Radio Vatikani)<\/p>\n<p><em>Dergoi <strong>Paul Tedeschini<\/strong><\/em><\/p>\n","protected":false},"excerpt":{"rendered":"<p>Paraqitja e propozimit t\u00eb nj\u00eb ligji t\u00eb p\u00ebrbashk\u00ebt p\u00ebr t\u00eb krishter\u00ebt e mysliman\u00ebt lidhur me ngritjen e nd\u00ebrtesave t\u00eb kultit, kund\u00ebr tymnaj\u00ebs s\u00eb rregullave imponuar nga K\u00ebshilli i lart\u00eb i ushtarak\u00ebve. Ky ishte q\u00ebllimi i takimit t\u00eb p\u00ebrfaq\u00ebsuesve t\u00eb Kish\u00ebs kopte ortodokse dhe t\u00eb Universitetit islamik t\u00eb Al- Azhar, organizuar k\u00ebto dit\u00eb. Sipas burimeve t\u00eb [&hellip;]<\/p>\n","protected":false},"author":1,"featured_media":0,"comment_status":"open","ping_status":"closed","sticky":false,"template":"","format":"standard","meta":{"footnotes":""},"categories":[2],"tags":[],"class_list":{"0":"post-11456","1":"post","2":"type-post","3":"status-publish","4":"format-standard","6":"category-artikuj"},"yoast_head":"<!-- This site is optimized with the Yoast SEO plugin v27.4 - https:\/\/yoast.com\/product\/yoast-seo-wordpress\/ -->\n<title>Egjipt: ligj i p\u00ebrbashk\u00ebt p\u00ebr kopt\u00ebt dhe mysliman\u00ebt lidhur me ngritjen e nd\u00ebrtesave t\u00eb kultit. - FjALA e LIR\u00cb - Arkivi<\/title>\n<meta name=\"robots\" content=\"index, follow, max-snippet:-1, max-image-preview:large, max-video-preview:-1\" \/>\n<link rel=\"canonical\" href=\"https:\/\/fjala.info\/2009-2015\/egjipt-ligj-i-perbashket-per-koptet-dhe-myslimanet-lidhur-me-ngritjen-e-ndertesave-te-kultit\/\" \/>\n<meta property=\"og:locale\" content=\"sq_AL\" \/>\n<meta property=\"og:type\" content=\"article\" \/>\n<meta property=\"og:title\" content=\"Egjipt: ligj i p\u00ebrbashk\u00ebt p\u00ebr kopt\u00ebt dhe mysliman\u00ebt lidhur me ngritjen e nd\u00ebrtesave t\u00eb kultit. - FjALA e LIR\u00cb - Arkivi\" \/>\n<meta property=\"og:description\" content=\"Paraqitja e propozimit t\u00eb nj\u00eb ligji t\u00eb p\u00ebrbashk\u00ebt p\u00ebr t\u00eb krishter\u00ebt e mysliman\u00ebt lidhur me ngritjen e nd\u00ebrtesave t\u00eb kultit, kund\u00ebr tymnaj\u00ebs s\u00eb rregullave imponuar nga K\u00ebshilli i lart\u00eb i ushtarak\u00ebve. Ky ishte q\u00ebllimi i takimit t\u00eb p\u00ebrfaq\u00ebsuesve t\u00eb Kish\u00ebs kopte ortodokse dhe t\u00eb Universitetit islamik t\u00eb Al- Azhar, organizuar k\u00ebto dit\u00eb. Sipas burimeve t\u00eb [&hellip;]\" \/>\n<meta property=\"og:url\" content=\"https:\/\/fjala.info\/2009-2015\/egjipt-ligj-i-perbashket-per-koptet-dhe-myslimanet-lidhur-me-ngritjen-e-ndertesave-te-kultit\/\" \/>\n<meta property=\"og:site_name\" content=\"FjALA e LIR\u00cb - Arkivi\" \/>\n<meta property=\"article:published_time\" content=\"2011-11-12T06:19:26+00:00\" \/>\n<meta property=\"og:image\" content=\"http:\/\/www.shkoder.net\/images\/fjala\/2011\/djegia_kishes_egjipt.jpg\" \/>\n<meta name=\"author\" content=\"admin\" \/>\n<meta name=\"twitter:card\" content=\"summary_large_image\" \/>\n<meta name=\"twitter:label1\" content=\"Written by\" \/>\n\t<meta name=\"twitter:data1\" content=\"admin\" \/>\n\t<meta name=\"twitter:label2\" content=\"Est. reading time\" \/>\n\t<meta name=\"twitter:data2\" content=\"2 minutes\" \/>\n<script type=\"application\/ld+json\" class=\"yoast-schema-graph\">{\"@context\":\"https:\\\/\\\/schema.org\",\"@graph\":[{\"@type\":\"Article\",\"@id\":\"https:\\\/\\\/fjala.info\\\/2009-2015\\\/egjipt-ligj-i-perbashket-per-koptet-dhe-myslimanet-lidhur-me-ngritjen-e-ndertesave-te-kultit\\\/#article\",\"isPartOf\":{\"@id\":\"https:\\\/\\\/fjala.info\\\/2009-2015\\\/egjipt-ligj-i-perbashket-per-koptet-dhe-myslimanet-lidhur-me-ngritjen-e-ndertesave-te-kultit\\\/\"},\"author\":{\"name\":\"admin\",\"@id\":\"https:\\\/\\\/fjala.info\\\/2009-2015\\\/#\\\/schema\\\/person\\\/3aa1163ef05469c496fc94e77611ada2\"},\"headline\":\"Egjipt: ligj i p\u00ebrbashk\u00ebt p\u00ebr kopt\u00ebt dhe mysliman\u00ebt lidhur me ngritjen e nd\u00ebrtesave t\u00eb kultit.\",\"datePublished\":\"2011-11-12T06:19:26+00:00\",\"mainEntityOfPage\":{\"@id\":\"https:\\\/\\\/fjala.info\\\/2009-2015\\\/egjipt-ligj-i-perbashket-per-koptet-dhe-myslimanet-lidhur-me-ngritjen-e-ndertesave-te-kultit\\\/\"},\"wordCount\":489,\"commentCount\":0,\"publisher\":{\"@id\":\"https:\\\/\\\/fjala.info\\\/2009-2015\\\/#organization\"},\"image\":{\"@id\":\"https:\\\/\\\/fjala.info\\\/2009-2015\\\/egjipt-ligj-i-perbashket-per-koptet-dhe-myslimanet-lidhur-me-ngritjen-e-ndertesave-te-kultit\\\/#primaryimage\"},\"thumbnailUrl\":\"http:\\\/\\\/www.shkoder.net\\\/images\\\/fjala\\\/2011\\\/djegia_kishes_egjipt.jpg\",\"articleSection\":[\"Artikuj\"],\"inLanguage\":\"sq-AL\",\"potentialAction\":[{\"@type\":\"CommentAction\",\"name\":\"Comment\",\"target\":[\"https:\\\/\\\/fjala.info\\\/2009-2015\\\/egjipt-ligj-i-perbashket-per-koptet-dhe-myslimanet-lidhur-me-ngritjen-e-ndertesave-te-kultit\\\/#respond\"]}]},{\"@type\":\"WebPage\",\"@id\":\"https:\\\/\\\/fjala.info\\\/2009-2015\\\/egjipt-ligj-i-perbashket-per-koptet-dhe-myslimanet-lidhur-me-ngritjen-e-ndertesave-te-kultit\\\/\",\"url\":\"https:\\\/\\\/fjala.info\\\/2009-2015\\\/egjipt-ligj-i-perbashket-per-koptet-dhe-myslimanet-lidhur-me-ngritjen-e-ndertesave-te-kultit\\\/\",\"name\":\"Egjipt: ligj i p\u00ebrbashk\u00ebt p\u00ebr kopt\u00ebt dhe mysliman\u00ebt lidhur me ngritjen e nd\u00ebrtesave t\u00eb kultit. - FjALA e LIR\u00cb - Arkivi\",\"isPartOf\":{\"@id\":\"https:\\\/\\\/fjala.info\\\/2009-2015\\\/#website\"},\"primaryImageOfPage\":{\"@id\":\"https:\\\/\\\/fjala.info\\\/2009-2015\\\/egjipt-ligj-i-perbashket-per-koptet-dhe-myslimanet-lidhur-me-ngritjen-e-ndertesave-te-kultit\\\/#primaryimage\"},\"image\":{\"@id\":\"https:\\\/\\\/fjala.info\\\/2009-2015\\\/egjipt-ligj-i-perbashket-per-koptet-dhe-myslimanet-lidhur-me-ngritjen-e-ndertesave-te-kultit\\\/#primaryimage\"},\"thumbnailUrl\":\"http:\\\/\\\/www.shkoder.net\\\/images\\\/fjala\\\/2011\\\/djegia_kishes_egjipt.jpg\",\"datePublished\":\"2011-11-12T06:19:26+00:00\",\"breadcrumb\":{\"@id\":\"https:\\\/\\\/fjala.info\\\/2009-2015\\\/egjipt-ligj-i-perbashket-per-koptet-dhe-myslimanet-lidhur-me-ngritjen-e-ndertesave-te-kultit\\\/#breadcrumb\"},\"inLanguage\":\"sq-AL\",\"potentialAction\":[{\"@type\":\"ReadAction\",\"target\":[\"https:\\\/\\\/fjala.info\\\/2009-2015\\\/egjipt-ligj-i-perbashket-per-koptet-dhe-myslimanet-lidhur-me-ngritjen-e-ndertesave-te-kultit\\\/\"]}]},{\"@type\":\"ImageObject\",\"inLanguage\":\"sq-AL\",\"@id\":\"https:\\\/\\\/fjala.info\\\/2009-2015\\\/egjipt-ligj-i-perbashket-per-koptet-dhe-myslimanet-lidhur-me-ngritjen-e-ndertesave-te-kultit\\\/#primaryimage\",\"url\":\"http:\\\/\\\/www.shkoder.net\\\/images\\\/fjala\\\/2011\\\/djegia_kishes_egjipt.jpg\",\"contentUrl\":\"http:\\\/\\\/www.shkoder.net\\\/images\\\/fjala\\\/2011\\\/djegia_kishes_egjipt.jpg\"},{\"@type\":\"BreadcrumbList\",\"@id\":\"https:\\\/\\\/fjala.info\\\/2009-2015\\\/egjipt-ligj-i-perbashket-per-koptet-dhe-myslimanet-lidhur-me-ngritjen-e-ndertesave-te-kultit\\\/#breadcrumb\",\"itemListElement\":[{\"@type\":\"ListItem\",\"position\":1,\"name\":\"Home\",\"item\":\"https:\\\/\\\/fjala.info\\\/2009-2015\\\/\"},{\"@type\":\"ListItem\",\"position\":2,\"name\":\"Egjipt: ligj i p\u00ebrbashk\u00ebt p\u00ebr kopt\u00ebt dhe mysliman\u00ebt lidhur me ngritjen e nd\u00ebrtesave t\u00eb kultit.\"}]},{\"@type\":\"WebSite\",\"@id\":\"https:\\\/\\\/fjala.info\\\/2009-2015\\\/#website\",\"url\":\"https:\\\/\\\/fjala.info\\\/2009-2015\\\/\",\"name\":\"FjALA e LIR\u00cb - Arkivi\",\"description\":\"Arkivi 2009-2015\",\"publisher\":{\"@id\":\"https:\\\/\\\/fjala.info\\\/2009-2015\\\/#organization\"},\"potentialAction\":[{\"@type\":\"SearchAction\",\"target\":{\"@type\":\"EntryPoint\",\"urlTemplate\":\"https:\\\/\\\/fjala.info\\\/2009-2015\\\/?s={search_term_string}\"},\"query-input\":{\"@type\":\"PropertyValueSpecification\",\"valueRequired\":true,\"valueName\":\"search_term_string\"}}],\"inLanguage\":\"sq-AL\"},{\"@type\":\"Organization\",\"@id\":\"https:\\\/\\\/fjala.info\\\/2009-2015\\\/#organization\",\"name\":\"FjALA e LIR\u00cb - Arkivi\",\"url\":\"https:\\\/\\\/fjala.info\\\/2009-2015\\\/\",\"logo\":{\"@type\":\"ImageObject\",\"inLanguage\":\"sq-AL\",\"@id\":\"https:\\\/\\\/fjala.info\\\/2009-2015\\\/#\\\/schema\\\/logo\\\/image\\\/\",\"url\":\"\",\"contentUrl\":\"\",\"caption\":\"FjALA e LIR\u00cb - Arkivi\"},\"image\":{\"@id\":\"https:\\\/\\\/fjala.info\\\/2009-2015\\\/#\\\/schema\\\/logo\\\/image\\\/\"}},{\"@type\":\"Person\",\"@id\":\"https:\\\/\\\/fjala.info\\\/2009-2015\\\/#\\\/schema\\\/person\\\/3aa1163ef05469c496fc94e77611ada2\",\"name\":\"admin\",\"image\":{\"@type\":\"ImageObject\",\"inLanguage\":\"sq-AL\",\"@id\":\"https:\\\/\\\/fjala.info\\\/2009-2015\\\/wp-content\\\/uploads\\\/2012\\\/02\\\/arben_cokaj-120x150.jpg\",\"url\":\"https:\\\/\\\/fjala.info\\\/2009-2015\\\/wp-content\\\/uploads\\\/2012\\\/02\\\/arben_cokaj-120x150.jpg\",\"contentUrl\":\"https:\\\/\\\/fjala.info\\\/2009-2015\\\/wp-content\\\/uploads\\\/2012\\\/02\\\/arben_cokaj-120x150.jpg\",\"caption\":\"admin\"},\"description\":\"Admin, Fjala e Lir\u00eb\",\"sameAs\":[\"https:\\\/\\\/fjala.info\\\/\"],\"url\":\"https:\\\/\\\/fjala.info\\\/2009-2015\\\/author\\\/admin\\\/\"}]}<\/script>\n<!-- \/ Yoast SEO plugin. -->","yoast_head_json":{"title":"Egjipt: ligj i p\u00ebrbashk\u00ebt p\u00ebr kopt\u00ebt dhe mysliman\u00ebt lidhur me ngritjen e nd\u00ebrtesave t\u00eb kultit. - FjALA e LIR\u00cb - Arkivi","robots":{"index":"index","follow":"follow","max-snippet":"max-snippet:-1","max-image-preview":"max-image-preview:large","max-video-preview":"max-video-preview:-1"},"canonical":"https:\/\/fjala.info\/2009-2015\/egjipt-ligj-i-perbashket-per-koptet-dhe-myslimanet-lidhur-me-ngritjen-e-ndertesave-te-kultit\/","og_locale":"sq_AL","og_type":"article","og_title":"Egjipt: ligj i p\u00ebrbashk\u00ebt p\u00ebr kopt\u00ebt dhe mysliman\u00ebt lidhur me ngritjen e nd\u00ebrtesave t\u00eb kultit. - FjALA e LIR\u00cb - Arkivi","og_description":"Paraqitja e propozimit t\u00eb nj\u00eb ligji t\u00eb p\u00ebrbashk\u00ebt p\u00ebr t\u00eb krishter\u00ebt e mysliman\u00ebt lidhur me ngritjen e nd\u00ebrtesave t\u00eb kultit, kund\u00ebr tymnaj\u00ebs s\u00eb rregullave imponuar nga K\u00ebshilli i lart\u00eb i ushtarak\u00ebve. Ky ishte q\u00ebllimi i takimit t\u00eb p\u00ebrfaq\u00ebsuesve t\u00eb Kish\u00ebs kopte ortodokse dhe t\u00eb Universitetit islamik t\u00eb Al- Azhar, organizuar k\u00ebto dit\u00eb. Sipas burimeve t\u00eb [&hellip;]","og_url":"https:\/\/fjala.info\/2009-2015\/egjipt-ligj-i-perbashket-per-koptet-dhe-myslimanet-lidhur-me-ngritjen-e-ndertesave-te-kultit\/","og_site_name":"FjALA e LIR\u00cb - Arkivi","article_published_time":"2011-11-12T06:19:26+00:00","og_image":[{"url":"http:\/\/www.shkoder.net\/images\/fjala\/2011\/djegia_kishes_egjipt.jpg","type":"","width":"","height":""}],"author":"admin","twitter_card":"summary_large_image","twitter_misc":{"Written by":"admin","Est. reading time":"2 minutes"},"schema":{"@context":"https:\/\/schema.org","@graph":[{"@type":"Article","@id":"https:\/\/fjala.info\/2009-2015\/egjipt-ligj-i-perbashket-per-koptet-dhe-myslimanet-lidhur-me-ngritjen-e-ndertesave-te-kultit\/#article","isPartOf":{"@id":"https:\/\/fjala.info\/2009-2015\/egjipt-ligj-i-perbashket-per-koptet-dhe-myslimanet-lidhur-me-ngritjen-e-ndertesave-te-kultit\/"},"author":{"name":"admin","@id":"https:\/\/fjala.info\/2009-2015\/#\/schema\/person\/3aa1163ef05469c496fc94e77611ada2"},"headline":"Egjipt: ligj i p\u00ebrbashk\u00ebt p\u00ebr kopt\u00ebt dhe mysliman\u00ebt lidhur me ngritjen e nd\u00ebrtesave t\u00eb kultit.","datePublished":"2011-11-12T06:19:26+00:00","mainEntityOfPage":{"@id":"https:\/\/fjala.info\/2009-2015\/egjipt-ligj-i-perbashket-per-koptet-dhe-myslimanet-lidhur-me-ngritjen-e-ndertesave-te-kultit\/"},"wordCount":489,"commentCount":0,"publisher":{"@id":"https:\/\/fjala.info\/2009-2015\/#organization"},"image":{"@id":"https:\/\/fjala.info\/2009-2015\/egjipt-ligj-i-perbashket-per-koptet-dhe-myslimanet-lidhur-me-ngritjen-e-ndertesave-te-kultit\/#primaryimage"},"thumbnailUrl":"http:\/\/www.shkoder.net\/images\/fjala\/2011\/djegia_kishes_egjipt.jpg","articleSection":["Artikuj"],"inLanguage":"sq-AL","potentialAction":[{"@type":"CommentAction","name":"Comment","target":["https:\/\/fjala.info\/2009-2015\/egjipt-ligj-i-perbashket-per-koptet-dhe-myslimanet-lidhur-me-ngritjen-e-ndertesave-te-kultit\/#respond"]}]},{"@type":"WebPage","@id":"https:\/\/fjala.info\/2009-2015\/egjipt-ligj-i-perbashket-per-koptet-dhe-myslimanet-lidhur-me-ngritjen-e-ndertesave-te-kultit\/","url":"https:\/\/fjala.info\/2009-2015\/egjipt-ligj-i-perbashket-per-koptet-dhe-myslimanet-lidhur-me-ngritjen-e-ndertesave-te-kultit\/","name":"Egjipt: ligj i p\u00ebrbashk\u00ebt p\u00ebr kopt\u00ebt dhe mysliman\u00ebt lidhur me ngritjen e nd\u00ebrtesave t\u00eb kultit. - FjALA e LIR\u00cb - Arkivi","isPartOf":{"@id":"https:\/\/fjala.info\/2009-2015\/#website"},"primaryImageOfPage":{"@id":"https:\/\/fjala.info\/2009-2015\/egjipt-ligj-i-perbashket-per-koptet-dhe-myslimanet-lidhur-me-ngritjen-e-ndertesave-te-kultit\/#primaryimage"},"image":{"@id":"https:\/\/fjala.info\/2009-2015\/egjipt-ligj-i-perbashket-per-koptet-dhe-myslimanet-lidhur-me-ngritjen-e-ndertesave-te-kultit\/#primaryimage"},"thumbnailUrl":"http:\/\/www.shkoder.net\/images\/fjala\/2011\/djegia_kishes_egjipt.jpg","datePublished":"2011-11-12T06:19:26+00:00","breadcrumb":{"@id":"https:\/\/fjala.info\/2009-2015\/egjipt-ligj-i-perbashket-per-koptet-dhe-myslimanet-lidhur-me-ngritjen-e-ndertesave-te-kultit\/#breadcrumb"},"inLanguage":"sq-AL","potentialAction":[{"@type":"ReadAction","target":["https:\/\/fjala.info\/2009-2015\/egjipt-ligj-i-perbashket-per-koptet-dhe-myslimanet-lidhur-me-ngritjen-e-ndertesave-te-kultit\/"]}]},{"@type":"ImageObject","inLanguage":"sq-AL","@id":"https:\/\/fjala.info\/2009-2015\/egjipt-ligj-i-perbashket-per-koptet-dhe-myslimanet-lidhur-me-ngritjen-e-ndertesave-te-kultit\/#primaryimage","url":"http:\/\/www.shkoder.net\/images\/fjala\/2011\/djegia_kishes_egjipt.jpg","contentUrl":"http:\/\/www.shkoder.net\/images\/fjala\/2011\/djegia_kishes_egjipt.jpg"},{"@type":"BreadcrumbList","@id":"https:\/\/fjala.info\/2009-2015\/egjipt-ligj-i-perbashket-per-koptet-dhe-myslimanet-lidhur-me-ngritjen-e-ndertesave-te-kultit\/#breadcrumb","itemListElement":[{"@type":"ListItem","position":1,"name":"Home","item":"https:\/\/fjala.info\/2009-2015\/"},{"@type":"ListItem","position":2,"name":"Egjipt: ligj i p\u00ebrbashk\u00ebt p\u00ebr kopt\u00ebt dhe mysliman\u00ebt lidhur me ngritjen e nd\u00ebrtesave t\u00eb kultit."}]},{"@type":"WebSite","@id":"https:\/\/fjala.info\/2009-2015\/#website","url":"https:\/\/fjala.info\/2009-2015\/","name":"FjALA e LIR\u00cb - Arkivi","description":"Arkivi 2009-2015","publisher":{"@id":"https:\/\/fjala.info\/2009-2015\/#organization"},"potentialAction":[{"@type":"SearchAction","target":{"@type":"EntryPoint","urlTemplate":"https:\/\/fjala.info\/2009-2015\/?s={search_term_string}"},"query-input":{"@type":"PropertyValueSpecification","valueRequired":true,"valueName":"search_term_string"}}],"inLanguage":"sq-AL"},{"@type":"Organization","@id":"https:\/\/fjala.info\/2009-2015\/#organization","name":"FjALA e LIR\u00cb - Arkivi","url":"https:\/\/fjala.info\/2009-2015\/","logo":{"@type":"ImageObject","inLanguage":"sq-AL","@id":"https:\/\/fjala.info\/2009-2015\/#\/schema\/logo\/image\/","url":"","contentUrl":"","caption":"FjALA e LIR\u00cb - Arkivi"},"image":{"@id":"https:\/\/fjala.info\/2009-2015\/#\/schema\/logo\/image\/"}},{"@type":"Person","@id":"https:\/\/fjala.info\/2009-2015\/#\/schema\/person\/3aa1163ef05469c496fc94e77611ada2","name":"admin","image":{"@type":"ImageObject","inLanguage":"sq-AL","@id":"https:\/\/fjala.info\/2009-2015\/wp-content\/uploads\/2012\/02\/arben_cokaj-120x150.jpg","url":"https:\/\/fjala.info\/2009-2015\/wp-content\/uploads\/2012\/02\/arben_cokaj-120x150.jpg","contentUrl":"https:\/\/fjala.info\/2009-2015\/wp-content\/uploads\/2012\/02\/arben_cokaj-120x150.jpg","caption":"admin"},"description":"Admin, Fjala e Lir\u00eb","sameAs":["https:\/\/fjala.info\/"],"url":"https:\/\/fjala.info\/2009-2015\/author\/admin\/"}]}},"_links":{"self":[{"href":"https:\/\/fjala.info\/2009-2015\/wp-json\/wp\/v2\/posts\/11456","targetHints":{"allow":["GET"]}}],"collection":[{"href":"https:\/\/fjala.info\/2009-2015\/wp-json\/wp\/v2\/posts"}],"about":[{"href":"https:\/\/fjala.info\/2009-2015\/wp-json\/wp\/v2\/types\/post"}],"author":[{"embeddable":true,"href":"https:\/\/fjala.info\/2009-2015\/wp-json\/wp\/v2\/users\/1"}],"replies":[{"embeddable":true,"href":"https:\/\/fjala.info\/2009-2015\/wp-json\/wp\/v2\/comments?post=11456"}],"version-history":[{"count":0,"href":"https:\/\/fjala.info\/2009-2015\/wp-json\/wp\/v2\/posts\/11456\/revisions"}],"wp:attachment":[{"href":"https:\/\/fjala.info\/2009-2015\/wp-json\/wp\/v2\/media?parent=11456"}],"wp:term":[{"taxonomy":"category","embeddable":true,"href":"https:\/\/fjala.info\/2009-2015\/wp-json\/wp\/v2\/categories?post=11456"},{"taxonomy":"post_tag","embeddable":true,"href":"https:\/\/fjala.info\/2009-2015\/wp-json\/wp\/v2\/tags?post=11456"}],"curies":[{"name":"wp","href":"https:\/\/api.w.org\/{rel}","templated":true}]}}