{"id":11453,"date":"2011-11-11T11:13:07","date_gmt":"2011-11-11T10:13:07","guid":{"rendered":"http:\/\/fjala.shkoder.net\/?p=107"},"modified":"2011-11-11T11:13:07","modified_gmt":"2011-11-11T10:13:07","slug":"gazetaret-nje-ushtri-e-shpartalluar-dhe-e-uritur-qe-lufton-per-te-drejtat-e-te-tjereve","status":"publish","type":"post","link":"https:\/\/fjala.info\/2009-2015\/gazetaret-nje-ushtri-e-shpartalluar-dhe-e-uritur-qe-lufton-per-te-drejtat-e-te-tjereve\/","title":{"rendered":"Gazetar\u00ebt, nj\u00eb ushtri e shpartalluar dhe e uritur q\u00eb lufton p\u00ebr t\u00eb drejtat e t\u00eb tjer\u00ebve"},"content":{"rendered":"<p><img decoding=\"async\" class=\"alignright size-thumbnail wp-image-7236\" title=\"Mikrofona - gazeta\" src=\"http:\/\/www.shkoder.net\/images\/fjala\/2011\/mikrofona_gazeta.jpg\" alt=\"\" width=\"300\" \/> <strong>Mentor Kikia<\/strong>, <em>11 N\u00ebntor 2011<\/em><\/p>\n<p>Tiran\u00eb \u2013 Nd\u00ebrsa shkruajn\u00eb p\u00ebr t\u00eb drejtat e t\u00eb tjer\u00ebve, nd\u00ebrsa denoncojn\u00eb korrupsionin q\u00eb nd\u00ebshkon t\u00eb tjer\u00ebt, gazetar\u00ebt jan\u00eb vet\u00eb viktimat m\u00eb t\u00eb m\u00ebdha t\u00eb mashtrimit dhe shkeljes s\u00eb t\u00eb drejtave t\u00eb njeriut. T\u00eb paorganizuar n\u00eb sindikata, pa sigurime dhe shpesh t\u00eb papaguar e t\u00eb paguar keq, ata asnj\u00ebher\u00eb nuk e ngrejn\u00eb z\u00ebrin p\u00ebr vehten e tyre. Pas denoncimiy n\u00eb gazet\u00ebn IDEA t\u00eb nj\u00eb gazetari q\u00eb kishte disa muaj pa u paguar, ne iu drejtuam kryetarit t\u00eb uninionit t\u00eb gazetar\u00ebve <strong>Aleksand\u00ebr \u00c7ipa<\/strong>.<\/p>\n<p><strong>-Z.\u00c7ipa a ka patur Unioni i Gazetar\u00ebve ankesa nga gazetar\u00eb q\u00eb nuk paguhen, apo specifikisht nga TV Koha?<\/strong><\/p>\n<p>Po, Unioni i Gazetar\u00ebve ka patur shume ankesa nga gazetar\u00eb apo punonj\u00ebs t\u00eb disa mediave p\u00ebrfshir\u00eb edhe \u201cTV Koha\u201d.  Ankesat kan\u00eb q\u00ebn\u00eb shpesh her\u00eb t\u00eb p\u00ebrs\u00ebritura si vonesa pagash q\u00eb kalojn\u00eb 2-3 muaj. Nga ky televizion ka patur ankesa p\u00ebr vonesa rrogash deri ne 4-5 muaj. Por p\u00ebrve\u00e7 \u201cTV Koha\u201d ka patur edhe ankesa t\u00eb gazetar\u00ebve nga media t\u00eb tjera, si \u201cA1\u2033 apo gazeta ditore. Nga 24 gazeta ditore, 17 kan\u00eb vonesa n\u00eb paga dhe nga 86 TV, 48 kan\u00eb t\u00eb nj\u00ebjtin problem.  S\u00eb shpejti Unioni i gazetar\u00ebve do t\u00eb b\u00ebj\u00eb publik nj\u00eb raport zyrtar. I pari i k\u00ebtij lloji n\u00eb 20 vite, i financuar nga OSBE. \u00cbsht\u00eb nj\u00eb pyet\u00ebsor q\u00eb ka p\u00ebrfshir\u00eb 500 gazetar\u00eb dhe do t`i jepen p\u00ebrgjigje pyetjeve se sa konflikte gjyq\u00ebsore kan\u00eb patur gazetar\u00ebt, sa vite t\u00eb siguruara kan\u00eb, \u00e7far\u00eb kontratash kan\u00eb etj.<\/p>\n<p>-Sa t\u00eb siguruar jan\u00eb gazetar\u00ebt n\u00eb pun\u00eb dhe a ka raporte p\u00ebr k\u00ebt\u00eb gj\u00eb?<\/p>\n<p>Unioni i gazetar\u00ebve ka raporte q\u00eb  flasin p\u00ebr k\u00ebt\u00eb \u00e7\u00ebshtje. Nga raportet q\u00eb ne kemi nxjerr\u00eb, na rezulton se gazetar\u00ebt kan\u00eb nj\u00eb siguracion minimal n\u00eb pun\u00eb. Vet\u00ebm 65% e gazetar\u00ebve jan\u00eb t\u00eb siguruar dhe 50% e k\u00ebtyre jan\u00eb t\u00eb siguruar me minimumin e vler\u00ebs q\u00eb ligji i sigurimeve shoq\u00ebrore lejon. Kjo \u00ebsht\u00eb nj\u00eb shum\u00eb minimale qoft\u00eb edhe p\u00ebr p\u00ebrfitimin e nj\u00eb pensioni. Nj\u00eb nga \u00e7\u00ebshtjet m\u00eb t\u00eb v\u00ebshtira me t\u00eb cilat po merret Unioni, \u00ebsht\u00eb se \u00e7far\u00eb do t\u00eb b\u00ebhet me vitet e humbura t\u00eb pun\u00ebs t\u00eb gazetar\u00ebve. Ekzistojn\u00eb dokumenta se ato gazetar\u00eb kan\u00eb punuar p\u00ebr nj\u00eb periudh\u00eb kohore, por nuk kan\u00eb q\u00ebn\u00eb t\u00eb siguruar. Ankesa t\u00eb tjera kan\u00eb lidhje me pun\u00ebn e papaguar, mosrespektimin e kodit t\u00eb pun\u00ebs si dhe mospagimin e honorareve.<\/p>\n<p>-Si mendoni Z.\u00c7ipa, pse nuk shkruajn\u00eb gazetar\u00ebt p\u00ebr kushtet e tyre n\u00eb pun\u00eb?<\/p>\n<p>Nuk shkruajn\u00eb sepse tremben nga pun\u00ebdh\u00ebn\u00ebsit. Gjithashtu mungon cil\u00ebsia sindikaliste e gazetar\u00ebve. Nuk ka solidaritet mes tyre p\u00ebr t\u00eb luftuar p\u00ebr t\u00eb drejtat e tyre. Kjo \u00ebsht\u00eb nj\u00eb edhe nga v\u00ebshtir\u00ebsit\u00eb m\u00eb t\u00eb m\u00ebdha t\u00eb Unionit t\u00eb Gazetar\u00ebve, pik\u00ebrisht mungesa e sindikatave bazike. \u00cbsht\u00eb e pamundur q\u00eb nj\u00eb sindikat\u00eb komb\u00ebtare, si\u00e7 jemi ne, t\u2019ia dal\u00eb mban\u00eb e vetme. \u00c7do media duhet t\u00eb ket\u00eb sindikat\u00ebn bazike t\u00eb saj, k\u00ebshtu funksionon n\u00eb bot\u00eb. Nd\u00ebrsa n\u00eb vendin ton\u00eb kemi shembuj negative t\u00eb k\u00ebtyre sindikatave, si p\u00ebr mediat private ashtu edhe p\u00ebr ato publike. Kjo \u00ebsht\u00eb edhe zanafilla e gjith\u00eb mosrespektimit t\u00eb t\u00eb drejtave t\u00eb gazetar\u00ebve n\u00eb pun\u00eb. Si pasoj\u00eb e munges\u00ebs s\u00eb sindikatave bazike, kemi munges\u00eb t\u00eb implementimit t\u00eb kontratave t\u00eb pun\u00ebs.<\/p>\n<p>-A mundoni se ka ardhur koha q\u00eb gazetar\u00ebt t`i drejtohen gjykat\u00ebs?<\/p>\n<p>Po, mund t\u00eb p\u00ebrmend rastin e \u201cTVA-s\u00eb\u201d. Unioni i Gazatar\u00ebve b\u00ebri denoncimin n\u00eb gjykat\u00eb p\u00ebr disa gazetar\u00eb q\u00eb nuk ishin paguar. N\u00eb momentin e gjyqit gazetar\u00ebt u fsheh\u00ebn dhe ankuesi nuk u zyrtarizua. Dhe gjykata m\u00eb tha: \u201cTi \u00e7far\u00eb do? Ti je pal\u00eb e tret\u00eb, e jashtme!\u201d Kjo \u00ebsht\u00eb v\u00ebshtir\u00ebsia p\u00ebr t`i zgjidhur k\u00ebto \u00e7\u00ebshtje. Unioni nuk mundet i vet\u00ebm. Gazetar\u00ebt duhet t\u00eb sjellin k\u00ebrkesa m\u00eb shkrim. Unioni nuk ka akses mbi bordorot\u00eb e redaksive, por gjykata k\u00ebrkon dokumenta q\u00eb ta marr\u00eb n\u00eb shqyrtim. Unioni nuk mund t\u00eb b\u00ebj\u00eb denoncime qorre, sepse rrezikon t\u00eb paditet p\u00ebr shpifje nga media.<\/p>\n<p>-Z.\u00c7ipa si e komentoni ju fakitn q\u00eb njer\u00ebzit  q\u00eb shkruajn\u00eb p\u00ebr informalitetin jan\u00eb vet\u00eb informal, a e c\u00ebnon kjo rolin e gazetarit?<\/p>\n<p>Mendoj se kjo e shkat\u00ebrron integritetin e gazetarit. Shkat\u00ebrron pavar\u00ebsin\u00eb e tij n\u00eb kuptimin e par\u00eb t\u00eb fjal\u00ebs. Nj\u00eb gazetar i pasiguruar \u00ebsht\u00eb leht\u00ebsisht i shantazhuesh\u00ebm dhe i manipuluesh\u00ebm. N\u00eb k\u00ebt\u00eb rast gazetar\u00ebve do t\u2019u shkonte shum\u00eb p\u00ebr shtat roli i priftit \u201cB\u00ebj si\u00e7 them un\u00eb, mos b\u00ebj si b\u00ebj un\u00eb\u201d.<\/p>\n","protected":false},"excerpt":{"rendered":"<p>Mentor Kikia, 11 N\u00ebntor 2011 Tiran\u00eb \u2013 Nd\u00ebrsa shkruajn\u00eb p\u00ebr t\u00eb drejtat e t\u00eb tjer\u00ebve, nd\u00ebrsa denoncojn\u00eb korrupsionin q\u00eb nd\u00ebshkon t\u00eb tjer\u00ebt, gazetar\u00ebt jan\u00eb vet\u00eb viktimat m\u00eb t\u00eb m\u00ebdha t\u00eb mashtrimit dhe shkeljes s\u00eb t\u00eb drejtave t\u00eb njeriut. T\u00eb paorganizuar n\u00eb sindikata, pa sigurime dhe shpesh t\u00eb papaguar e t\u00eb paguar keq, ata asnj\u00ebher\u00eb nuk [&hellip;]<\/p>\n","protected":false},"author":1,"featured_media":0,"comment_status":"open","ping_status":"closed","sticky":false,"template":"","format":"standard","meta":{"footnotes":""},"categories":[4],"tags":[],"class_list":{"0":"post-11453","1":"post","2":"type-post","3":"status-publish","4":"format-standard","6":"category-intervista"},"yoast_head":"<!-- This site is optimized with the Yoast SEO plugin v27.4 - https:\/\/yoast.com\/product\/yoast-seo-wordpress\/ -->\n<title>Gazetar\u00ebt, nj\u00eb ushtri e shpartalluar dhe e uritur q\u00eb lufton p\u00ebr t\u00eb drejtat e t\u00eb tjer\u00ebve - FjALA e LIR\u00cb - Arkivi<\/title>\n<meta name=\"robots\" content=\"index, follow, max-snippet:-1, max-image-preview:large, max-video-preview:-1\" \/>\n<link rel=\"canonical\" href=\"https:\/\/fjala.info\/2009-2015\/gazetaret-nje-ushtri-e-shpartalluar-dhe-e-uritur-qe-lufton-per-te-drejtat-e-te-tjereve\/\" \/>\n<meta property=\"og:locale\" content=\"sq_AL\" \/>\n<meta property=\"og:type\" content=\"article\" \/>\n<meta property=\"og:title\" content=\"Gazetar\u00ebt, nj\u00eb ushtri e shpartalluar dhe e uritur q\u00eb lufton p\u00ebr t\u00eb drejtat e t\u00eb tjer\u00ebve - FjALA e LIR\u00cb - Arkivi\" \/>\n<meta property=\"og:description\" content=\"Mentor Kikia, 11 N\u00ebntor 2011 Tiran\u00eb \u2013 Nd\u00ebrsa shkruajn\u00eb p\u00ebr t\u00eb drejtat e t\u00eb tjer\u00ebve, nd\u00ebrsa denoncojn\u00eb korrupsionin q\u00eb nd\u00ebshkon t\u00eb tjer\u00ebt, gazetar\u00ebt jan\u00eb vet\u00eb viktimat m\u00eb t\u00eb m\u00ebdha t\u00eb mashtrimit dhe shkeljes s\u00eb t\u00eb drejtave t\u00eb njeriut. T\u00eb paorganizuar n\u00eb sindikata, pa sigurime dhe shpesh t\u00eb papaguar e t\u00eb paguar keq, ata asnj\u00ebher\u00eb nuk [&hellip;]\" \/>\n<meta property=\"og:url\" content=\"https:\/\/fjala.info\/2009-2015\/gazetaret-nje-ushtri-e-shpartalluar-dhe-e-uritur-qe-lufton-per-te-drejtat-e-te-tjereve\/\" \/>\n<meta property=\"og:site_name\" content=\"FjALA e LIR\u00cb - Arkivi\" \/>\n<meta property=\"article:published_time\" content=\"2011-11-11T10:13:07+00:00\" \/>\n<meta property=\"og:image\" content=\"http:\/\/www.shkoder.net\/images\/fjala\/2011\/mikrofona_gazeta.jpg\" \/>\n<meta name=\"author\" content=\"admin\" \/>\n<meta name=\"twitter:card\" content=\"summary_large_image\" \/>\n<meta name=\"twitter:label1\" content=\"Written by\" \/>\n\t<meta name=\"twitter:data1\" content=\"admin\" \/>\n\t<meta name=\"twitter:label2\" content=\"Est. reading time\" \/>\n\t<meta name=\"twitter:data2\" content=\"4 minutes\" \/>\n<script type=\"application\/ld+json\" class=\"yoast-schema-graph\">{\"@context\":\"https:\\\/\\\/schema.org\",\"@graph\":[{\"@type\":\"Article\",\"@id\":\"https:\\\/\\\/fjala.info\\\/2009-2015\\\/gazetaret-nje-ushtri-e-shpartalluar-dhe-e-uritur-qe-lufton-per-te-drejtat-e-te-tjereve\\\/#article\",\"isPartOf\":{\"@id\":\"https:\\\/\\\/fjala.info\\\/2009-2015\\\/gazetaret-nje-ushtri-e-shpartalluar-dhe-e-uritur-qe-lufton-per-te-drejtat-e-te-tjereve\\\/\"},\"author\":{\"name\":\"admin\",\"@id\":\"https:\\\/\\\/fjala.info\\\/2009-2015\\\/#\\\/schema\\\/person\\\/3aa1163ef05469c496fc94e77611ada2\"},\"headline\":\"Gazetar\u00ebt, nj\u00eb ushtri e shpartalluar dhe e uritur q\u00eb lufton p\u00ebr t\u00eb drejtat e t\u00eb tjer\u00ebve\",\"datePublished\":\"2011-11-11T10:13:07+00:00\",\"mainEntityOfPage\":{\"@id\":\"https:\\\/\\\/fjala.info\\\/2009-2015\\\/gazetaret-nje-ushtri-e-shpartalluar-dhe-e-uritur-qe-lufton-per-te-drejtat-e-te-tjereve\\\/\"},\"wordCount\":825,\"commentCount\":0,\"publisher\":{\"@id\":\"https:\\\/\\\/fjala.info\\\/2009-2015\\\/#organization\"},\"image\":{\"@id\":\"https:\\\/\\\/fjala.info\\\/2009-2015\\\/gazetaret-nje-ushtri-e-shpartalluar-dhe-e-uritur-qe-lufton-per-te-drejtat-e-te-tjereve\\\/#primaryimage\"},\"thumbnailUrl\":\"http:\\\/\\\/www.shkoder.net\\\/images\\\/fjala\\\/2011\\\/mikrofona_gazeta.jpg\",\"articleSection\":[\"Intervista\"],\"inLanguage\":\"sq-AL\",\"potentialAction\":[{\"@type\":\"CommentAction\",\"name\":\"Comment\",\"target\":[\"https:\\\/\\\/fjala.info\\\/2009-2015\\\/gazetaret-nje-ushtri-e-shpartalluar-dhe-e-uritur-qe-lufton-per-te-drejtat-e-te-tjereve\\\/#respond\"]}]},{\"@type\":\"WebPage\",\"@id\":\"https:\\\/\\\/fjala.info\\\/2009-2015\\\/gazetaret-nje-ushtri-e-shpartalluar-dhe-e-uritur-qe-lufton-per-te-drejtat-e-te-tjereve\\\/\",\"url\":\"https:\\\/\\\/fjala.info\\\/2009-2015\\\/gazetaret-nje-ushtri-e-shpartalluar-dhe-e-uritur-qe-lufton-per-te-drejtat-e-te-tjereve\\\/\",\"name\":\"Gazetar\u00ebt, nj\u00eb ushtri e shpartalluar dhe e uritur q\u00eb lufton p\u00ebr t\u00eb drejtat e t\u00eb tjer\u00ebve - FjALA e LIR\u00cb - Arkivi\",\"isPartOf\":{\"@id\":\"https:\\\/\\\/fjala.info\\\/2009-2015\\\/#website\"},\"primaryImageOfPage\":{\"@id\":\"https:\\\/\\\/fjala.info\\\/2009-2015\\\/gazetaret-nje-ushtri-e-shpartalluar-dhe-e-uritur-qe-lufton-per-te-drejtat-e-te-tjereve\\\/#primaryimage\"},\"image\":{\"@id\":\"https:\\\/\\\/fjala.info\\\/2009-2015\\\/gazetaret-nje-ushtri-e-shpartalluar-dhe-e-uritur-qe-lufton-per-te-drejtat-e-te-tjereve\\\/#primaryimage\"},\"thumbnailUrl\":\"http:\\\/\\\/www.shkoder.net\\\/images\\\/fjala\\\/2011\\\/mikrofona_gazeta.jpg\",\"datePublished\":\"2011-11-11T10:13:07+00:00\",\"breadcrumb\":{\"@id\":\"https:\\\/\\\/fjala.info\\\/2009-2015\\\/gazetaret-nje-ushtri-e-shpartalluar-dhe-e-uritur-qe-lufton-per-te-drejtat-e-te-tjereve\\\/#breadcrumb\"},\"inLanguage\":\"sq-AL\",\"potentialAction\":[{\"@type\":\"ReadAction\",\"target\":[\"https:\\\/\\\/fjala.info\\\/2009-2015\\\/gazetaret-nje-ushtri-e-shpartalluar-dhe-e-uritur-qe-lufton-per-te-drejtat-e-te-tjereve\\\/\"]}]},{\"@type\":\"ImageObject\",\"inLanguage\":\"sq-AL\",\"@id\":\"https:\\\/\\\/fjala.info\\\/2009-2015\\\/gazetaret-nje-ushtri-e-shpartalluar-dhe-e-uritur-qe-lufton-per-te-drejtat-e-te-tjereve\\\/#primaryimage\",\"url\":\"http:\\\/\\\/www.shkoder.net\\\/images\\\/fjala\\\/2011\\\/mikrofona_gazeta.jpg\",\"contentUrl\":\"http:\\\/\\\/www.shkoder.net\\\/images\\\/fjala\\\/2011\\\/mikrofona_gazeta.jpg\"},{\"@type\":\"BreadcrumbList\",\"@id\":\"https:\\\/\\\/fjala.info\\\/2009-2015\\\/gazetaret-nje-ushtri-e-shpartalluar-dhe-e-uritur-qe-lufton-per-te-drejtat-e-te-tjereve\\\/#breadcrumb\",\"itemListElement\":[{\"@type\":\"ListItem\",\"position\":1,\"name\":\"Home\",\"item\":\"https:\\\/\\\/fjala.info\\\/2009-2015\\\/\"},{\"@type\":\"ListItem\",\"position\":2,\"name\":\"Gazetar\u00ebt, nj\u00eb ushtri e shpartalluar dhe e uritur q\u00eb lufton p\u00ebr t\u00eb drejtat e t\u00eb tjer\u00ebve\"}]},{\"@type\":\"WebSite\",\"@id\":\"https:\\\/\\\/fjala.info\\\/2009-2015\\\/#website\",\"url\":\"https:\\\/\\\/fjala.info\\\/2009-2015\\\/\",\"name\":\"FjALA e LIR\u00cb - Arkivi\",\"description\":\"Arkivi 2009-2015\",\"publisher\":{\"@id\":\"https:\\\/\\\/fjala.info\\\/2009-2015\\\/#organization\"},\"potentialAction\":[{\"@type\":\"SearchAction\",\"target\":{\"@type\":\"EntryPoint\",\"urlTemplate\":\"https:\\\/\\\/fjala.info\\\/2009-2015\\\/?s={search_term_string}\"},\"query-input\":{\"@type\":\"PropertyValueSpecification\",\"valueRequired\":true,\"valueName\":\"search_term_string\"}}],\"inLanguage\":\"sq-AL\"},{\"@type\":\"Organization\",\"@id\":\"https:\\\/\\\/fjala.info\\\/2009-2015\\\/#organization\",\"name\":\"FjALA e LIR\u00cb - Arkivi\",\"url\":\"https:\\\/\\\/fjala.info\\\/2009-2015\\\/\",\"logo\":{\"@type\":\"ImageObject\",\"inLanguage\":\"sq-AL\",\"@id\":\"https:\\\/\\\/fjala.info\\\/2009-2015\\\/#\\\/schema\\\/logo\\\/image\\\/\",\"url\":\"\",\"contentUrl\":\"\",\"caption\":\"FjALA e LIR\u00cb - Arkivi\"},\"image\":{\"@id\":\"https:\\\/\\\/fjala.info\\\/2009-2015\\\/#\\\/schema\\\/logo\\\/image\\\/\"}},{\"@type\":\"Person\",\"@id\":\"https:\\\/\\\/fjala.info\\\/2009-2015\\\/#\\\/schema\\\/person\\\/3aa1163ef05469c496fc94e77611ada2\",\"name\":\"admin\",\"image\":{\"@type\":\"ImageObject\",\"inLanguage\":\"sq-AL\",\"@id\":\"https:\\\/\\\/fjala.info\\\/2009-2015\\\/wp-content\\\/uploads\\\/2012\\\/02\\\/arben_cokaj-120x150.jpg\",\"url\":\"https:\\\/\\\/fjala.info\\\/2009-2015\\\/wp-content\\\/uploads\\\/2012\\\/02\\\/arben_cokaj-120x150.jpg\",\"contentUrl\":\"https:\\\/\\\/fjala.info\\\/2009-2015\\\/wp-content\\\/uploads\\\/2012\\\/02\\\/arben_cokaj-120x150.jpg\",\"caption\":\"admin\"},\"description\":\"Admin, Fjala e Lir\u00eb\",\"sameAs\":[\"https:\\\/\\\/fjala.info\\\/\"],\"url\":\"https:\\\/\\\/fjala.info\\\/2009-2015\\\/author\\\/admin\\\/\"}]}<\/script>\n<!-- \/ Yoast SEO plugin. -->","yoast_head_json":{"title":"Gazetar\u00ebt, nj\u00eb ushtri e shpartalluar dhe e uritur q\u00eb lufton p\u00ebr t\u00eb drejtat e t\u00eb tjer\u00ebve - FjALA e LIR\u00cb - Arkivi","robots":{"index":"index","follow":"follow","max-snippet":"max-snippet:-1","max-image-preview":"max-image-preview:large","max-video-preview":"max-video-preview:-1"},"canonical":"https:\/\/fjala.info\/2009-2015\/gazetaret-nje-ushtri-e-shpartalluar-dhe-e-uritur-qe-lufton-per-te-drejtat-e-te-tjereve\/","og_locale":"sq_AL","og_type":"article","og_title":"Gazetar\u00ebt, nj\u00eb ushtri e shpartalluar dhe e uritur q\u00eb lufton p\u00ebr t\u00eb drejtat e t\u00eb tjer\u00ebve - FjALA e LIR\u00cb - Arkivi","og_description":"Mentor Kikia, 11 N\u00ebntor 2011 Tiran\u00eb \u2013 Nd\u00ebrsa shkruajn\u00eb p\u00ebr t\u00eb drejtat e t\u00eb tjer\u00ebve, nd\u00ebrsa denoncojn\u00eb korrupsionin q\u00eb nd\u00ebshkon t\u00eb tjer\u00ebt, gazetar\u00ebt jan\u00eb vet\u00eb viktimat m\u00eb t\u00eb m\u00ebdha t\u00eb mashtrimit dhe shkeljes s\u00eb t\u00eb drejtave t\u00eb njeriut. T\u00eb paorganizuar n\u00eb sindikata, pa sigurime dhe shpesh t\u00eb papaguar e t\u00eb paguar keq, ata asnj\u00ebher\u00eb nuk [&hellip;]","og_url":"https:\/\/fjala.info\/2009-2015\/gazetaret-nje-ushtri-e-shpartalluar-dhe-e-uritur-qe-lufton-per-te-drejtat-e-te-tjereve\/","og_site_name":"FjALA e LIR\u00cb - Arkivi","article_published_time":"2011-11-11T10:13:07+00:00","og_image":[{"url":"http:\/\/www.shkoder.net\/images\/fjala\/2011\/mikrofona_gazeta.jpg","type":"","width":"","height":""}],"author":"admin","twitter_card":"summary_large_image","twitter_misc":{"Written by":"admin","Est. reading time":"4 minutes"},"schema":{"@context":"https:\/\/schema.org","@graph":[{"@type":"Article","@id":"https:\/\/fjala.info\/2009-2015\/gazetaret-nje-ushtri-e-shpartalluar-dhe-e-uritur-qe-lufton-per-te-drejtat-e-te-tjereve\/#article","isPartOf":{"@id":"https:\/\/fjala.info\/2009-2015\/gazetaret-nje-ushtri-e-shpartalluar-dhe-e-uritur-qe-lufton-per-te-drejtat-e-te-tjereve\/"},"author":{"name":"admin","@id":"https:\/\/fjala.info\/2009-2015\/#\/schema\/person\/3aa1163ef05469c496fc94e77611ada2"},"headline":"Gazetar\u00ebt, nj\u00eb ushtri e shpartalluar dhe e uritur q\u00eb lufton p\u00ebr t\u00eb drejtat e t\u00eb tjer\u00ebve","datePublished":"2011-11-11T10:13:07+00:00","mainEntityOfPage":{"@id":"https:\/\/fjala.info\/2009-2015\/gazetaret-nje-ushtri-e-shpartalluar-dhe-e-uritur-qe-lufton-per-te-drejtat-e-te-tjereve\/"},"wordCount":825,"commentCount":0,"publisher":{"@id":"https:\/\/fjala.info\/2009-2015\/#organization"},"image":{"@id":"https:\/\/fjala.info\/2009-2015\/gazetaret-nje-ushtri-e-shpartalluar-dhe-e-uritur-qe-lufton-per-te-drejtat-e-te-tjereve\/#primaryimage"},"thumbnailUrl":"http:\/\/www.shkoder.net\/images\/fjala\/2011\/mikrofona_gazeta.jpg","articleSection":["Intervista"],"inLanguage":"sq-AL","potentialAction":[{"@type":"CommentAction","name":"Comment","target":["https:\/\/fjala.info\/2009-2015\/gazetaret-nje-ushtri-e-shpartalluar-dhe-e-uritur-qe-lufton-per-te-drejtat-e-te-tjereve\/#respond"]}]},{"@type":"WebPage","@id":"https:\/\/fjala.info\/2009-2015\/gazetaret-nje-ushtri-e-shpartalluar-dhe-e-uritur-qe-lufton-per-te-drejtat-e-te-tjereve\/","url":"https:\/\/fjala.info\/2009-2015\/gazetaret-nje-ushtri-e-shpartalluar-dhe-e-uritur-qe-lufton-per-te-drejtat-e-te-tjereve\/","name":"Gazetar\u00ebt, nj\u00eb ushtri e shpartalluar dhe e uritur q\u00eb lufton p\u00ebr t\u00eb drejtat e t\u00eb tjer\u00ebve - FjALA e LIR\u00cb - Arkivi","isPartOf":{"@id":"https:\/\/fjala.info\/2009-2015\/#website"},"primaryImageOfPage":{"@id":"https:\/\/fjala.info\/2009-2015\/gazetaret-nje-ushtri-e-shpartalluar-dhe-e-uritur-qe-lufton-per-te-drejtat-e-te-tjereve\/#primaryimage"},"image":{"@id":"https:\/\/fjala.info\/2009-2015\/gazetaret-nje-ushtri-e-shpartalluar-dhe-e-uritur-qe-lufton-per-te-drejtat-e-te-tjereve\/#primaryimage"},"thumbnailUrl":"http:\/\/www.shkoder.net\/images\/fjala\/2011\/mikrofona_gazeta.jpg","datePublished":"2011-11-11T10:13:07+00:00","breadcrumb":{"@id":"https:\/\/fjala.info\/2009-2015\/gazetaret-nje-ushtri-e-shpartalluar-dhe-e-uritur-qe-lufton-per-te-drejtat-e-te-tjereve\/#breadcrumb"},"inLanguage":"sq-AL","potentialAction":[{"@type":"ReadAction","target":["https:\/\/fjala.info\/2009-2015\/gazetaret-nje-ushtri-e-shpartalluar-dhe-e-uritur-qe-lufton-per-te-drejtat-e-te-tjereve\/"]}]},{"@type":"ImageObject","inLanguage":"sq-AL","@id":"https:\/\/fjala.info\/2009-2015\/gazetaret-nje-ushtri-e-shpartalluar-dhe-e-uritur-qe-lufton-per-te-drejtat-e-te-tjereve\/#primaryimage","url":"http:\/\/www.shkoder.net\/images\/fjala\/2011\/mikrofona_gazeta.jpg","contentUrl":"http:\/\/www.shkoder.net\/images\/fjala\/2011\/mikrofona_gazeta.jpg"},{"@type":"BreadcrumbList","@id":"https:\/\/fjala.info\/2009-2015\/gazetaret-nje-ushtri-e-shpartalluar-dhe-e-uritur-qe-lufton-per-te-drejtat-e-te-tjereve\/#breadcrumb","itemListElement":[{"@type":"ListItem","position":1,"name":"Home","item":"https:\/\/fjala.info\/2009-2015\/"},{"@type":"ListItem","position":2,"name":"Gazetar\u00ebt, nj\u00eb ushtri e shpartalluar dhe e uritur q\u00eb lufton p\u00ebr t\u00eb drejtat e t\u00eb tjer\u00ebve"}]},{"@type":"WebSite","@id":"https:\/\/fjala.info\/2009-2015\/#website","url":"https:\/\/fjala.info\/2009-2015\/","name":"FjALA e LIR\u00cb - Arkivi","description":"Arkivi 2009-2015","publisher":{"@id":"https:\/\/fjala.info\/2009-2015\/#organization"},"potentialAction":[{"@type":"SearchAction","target":{"@type":"EntryPoint","urlTemplate":"https:\/\/fjala.info\/2009-2015\/?s={search_term_string}"},"query-input":{"@type":"PropertyValueSpecification","valueRequired":true,"valueName":"search_term_string"}}],"inLanguage":"sq-AL"},{"@type":"Organization","@id":"https:\/\/fjala.info\/2009-2015\/#organization","name":"FjALA e LIR\u00cb - Arkivi","url":"https:\/\/fjala.info\/2009-2015\/","logo":{"@type":"ImageObject","inLanguage":"sq-AL","@id":"https:\/\/fjala.info\/2009-2015\/#\/schema\/logo\/image\/","url":"","contentUrl":"","caption":"FjALA e LIR\u00cb - Arkivi"},"image":{"@id":"https:\/\/fjala.info\/2009-2015\/#\/schema\/logo\/image\/"}},{"@type":"Person","@id":"https:\/\/fjala.info\/2009-2015\/#\/schema\/person\/3aa1163ef05469c496fc94e77611ada2","name":"admin","image":{"@type":"ImageObject","inLanguage":"sq-AL","@id":"https:\/\/fjala.info\/2009-2015\/wp-content\/uploads\/2012\/02\/arben_cokaj-120x150.jpg","url":"https:\/\/fjala.info\/2009-2015\/wp-content\/uploads\/2012\/02\/arben_cokaj-120x150.jpg","contentUrl":"https:\/\/fjala.info\/2009-2015\/wp-content\/uploads\/2012\/02\/arben_cokaj-120x150.jpg","caption":"admin"},"description":"Admin, Fjala e Lir\u00eb","sameAs":["https:\/\/fjala.info\/"],"url":"https:\/\/fjala.info\/2009-2015\/author\/admin\/"}]}},"_links":{"self":[{"href":"https:\/\/fjala.info\/2009-2015\/wp-json\/wp\/v2\/posts\/11453","targetHints":{"allow":["GET"]}}],"collection":[{"href":"https:\/\/fjala.info\/2009-2015\/wp-json\/wp\/v2\/posts"}],"about":[{"href":"https:\/\/fjala.info\/2009-2015\/wp-json\/wp\/v2\/types\/post"}],"author":[{"embeddable":true,"href":"https:\/\/fjala.info\/2009-2015\/wp-json\/wp\/v2\/users\/1"}],"replies":[{"embeddable":true,"href":"https:\/\/fjala.info\/2009-2015\/wp-json\/wp\/v2\/comments?post=11453"}],"version-history":[{"count":0,"href":"https:\/\/fjala.info\/2009-2015\/wp-json\/wp\/v2\/posts\/11453\/revisions"}],"wp:attachment":[{"href":"https:\/\/fjala.info\/2009-2015\/wp-json\/wp\/v2\/media?parent=11453"}],"wp:term":[{"taxonomy":"category","embeddable":true,"href":"https:\/\/fjala.info\/2009-2015\/wp-json\/wp\/v2\/categories?post=11453"},{"taxonomy":"post_tag","embeddable":true,"href":"https:\/\/fjala.info\/2009-2015\/wp-json\/wp\/v2\/tags?post=11453"}],"curies":[{"name":"wp","href":"https:\/\/api.w.org\/{rel}","templated":true}]}}