{"id":11451,"date":"2011-11-11T06:51:32","date_gmt":"2011-11-11T05:51:32","guid":{"rendered":"http:\/\/fjala.shkoder.net\/?p=88"},"modified":"2011-11-11T06:51:32","modified_gmt":"2011-11-11T05:51:32","slug":"qe-hajdutet-te-mos-abuzojne-me-emrin-e-liri-berishes","status":"publish","type":"post","link":"https:\/\/fjala.info\/2009-2015\/qe-hajdutet-te-mos-abuzojne-me-emrin-e-liri-berishes\/","title":{"rendered":"Q\u00eb \u201chajdut\u00ebt\u201d t\u00eb mos abuzojn\u00eb me emrin e Liri Berish\u00ebs"},"content":{"rendered":"<p><img decoding=\"async\" class=\"alignright size-thumbnail wp-image-7236\" title=\"Mero Baze\" src=\"http:\/\/www.shkoder.net\/images\/fjala\/mero_baze1.jpg\" alt=\"\" width=\"150\" \/> Nga <strong>Mero Baze<\/strong>, <em>10 N\u00ebntor 2011<\/em><\/p>\n<p>Fondacioni i zonj\u00ebs Liri Berisha ka b\u00ebr\u00eb nj\u00eb njoftim publik ku k\u00ebrkon t\u00eb distancohet nga disa persona q\u00eb k\u00ebrkojn\u00eb lek n\u00eb em\u00ebr t\u00eb atij fondacioni. Lajmi u b\u00eb dhe m\u00eb interesant kur nj\u00eb shoqat\u00eb rinore ironizoi q\u00eb edhe n\u00eb em\u00ebr t\u00eb saj po k\u00ebrkonin lek disa t\u00eb rinj t\u00eb tjer\u00eb. Simbolika e ironis\u00eb ka t\u00eb b\u00ebj\u00eb me faktin e thjesht\u00eb dhe pyetjen q\u00eb ja b\u00ebn dhe vetes \u00e7do qytetar: P\u00ebrse hajdut\u00ebve u shkon mendja tek emri i Liri Berish\u00ebs p\u00ebr t\u00eb abuzuar?<\/p>\n<p>Un\u00eb nuk e di kush jan\u00eb ata vajza apo djem q\u00eb kan\u00eb dal\u00eb t\u00eb k\u00ebrkojn\u00eb lek n\u00eb em\u00ebr t\u00eb zonj\u00ebs Berisha, p\u00ebr t\u00eb mos th\u00ebn\u00eb q\u00eb dyshoj n\u00ebse ka ndonj\u00eb nj\u00eb ngjarje t\u00eb till\u00eb. Dyshoj pik\u00eb s\u00eb pari, pasi zonja Berisha ka m\u00eb shum\u00eb shanse t\u2019i kap\u00eb dhe t\u2019i arrestoj\u00eb k\u00ebta njer\u00ebz se sa t\u2019i denoncoj\u00eb si t\u00eb till\u00eb. Por dhe n\u00ebse \u00ebsht\u00eb e v\u00ebrtet\u00eb, ajo vet\u00ebm sa zbulon problemin q\u00eb ka prodhuar kjo zonj\u00eb me veprimtarin\u00eb jotransparente t\u00eb t\u00eb ashtuquajturave fondacione t\u00eb saj.<\/p>\n<p>Pik\u00eb s\u00eb pari fondacionet e saj, se nuk \u00ebsht\u00eb nj\u00eb i vet\u00ebm por jan\u00eb disa, kan\u00eb nj\u00eb praktik\u00eb t\u00eb pazakont\u00eb t\u00eb munges\u00ebs s\u00eb transparenc\u00ebs. Rreth 800 biznesmen\u00eb t\u00eb klasifikuar si biznese VIP marrin rregullisht nj\u00eb ftes\u00eb nga Drejtoria e Tatimeve VIP q\u00eb t\u00eb shkojn\u00eb n\u00eb mbr\u00ebmjet e bamir\u00ebsis\u00eb q\u00eb organizon her\u00eb pas here zonja Berisha dhe natyrisht t\u00eb paguajn\u00eb aty nj\u00eb shum\u00eb q\u00eb kurr\u00eb nuk \u00ebsht\u00eb m\u00eb pak se 1 mij\u00eb euro. Shto pastaj dhe skenat teatrale t\u00eb ankandeve q\u00eb kjo zonj\u00eb b\u00ebn p.sh duke shitur bluza futbollist\u00ebsh t\u00eb njohur me nj\u00eb trafikant nafte n\u00eb krah sipas burrit t\u00eb saj, dhe duke pasur klient\u00eb t\u00eb saj njer\u00ebz q\u00eb n\u00eb d\u00ebshmin\u00eb e tyre t\u00eb penalitetit kan\u00eb vite burg p\u00ebr krime apo probleme t\u00eb tjera me ligjin.<\/p>\n<p>N\u00eb raste t\u00eb tjera m\u00eb \u201cmondane\u201d, piktor\u00eb apo skulptor\u00eb mediok\u00ebr kan\u00eb shitur shtrenjt\u00eb veprat e tyre n\u00eb ankandet e saj, bler\u00eb nga biznesmen\u00eb servil\u00eb t\u00eb Familjes. Gjith\u00eb kjo veprimtari e \u201cethshme\u201d financiare e zonj\u00ebs Berisha nuk ka si t\u00eb mos bjer\u00eb n\u00eb sy t\u00eb publikut dhe t\u00eb ngjall\u00eb mitin e gruas q\u00eb po pasurohet duke shtuar gjerdan\u00ebt e floririt n\u00eb qaf\u00eb dhe duar, dhe natyrisht pasurit\u00eb e saj n\u00eb banka. Disa sh\u00ebrbime q\u00eb ofrojn\u00eb bizneset e saj n\u00eb Tiran\u00eb p\u00ebr f\u00ebmij\u00ebt autik\u00eb, jo vet\u00ebm q\u00eb nuk jan\u00eb falas, por jan\u00eb aq shtrenjt\u00eb, sa shum\u00eb prind\u00ebr nuk kan\u00eb asnj\u00eb fuqi t\u2019i b\u00ebjn\u00eb \u201cnder\u201d zonj\u00ebs Berisha p\u00ebr t\u2019i dh\u00ebn\u00eb ca lek m\u00eb shum\u00eb.<\/p>\n<p>Por ajo q\u00eb \u00ebsht\u00eb m\u00eb e err\u00ebt n\u00eb k\u00ebt\u00eb histori \u00ebsht\u00eb se zoti Berisha, q\u00eb b\u00ebn sikur deklaron paret q\u00eb ka fituar i biri nga shitja e tokave apo vajza nga puna si avokate, nuk ka detyruar kurr\u00eb gruan e tij t\u00eb b\u00ebj\u00eb publike konkretisht sa pare ka mbledhur nga nj\u00eb aktivitet financiar bamir\u00ebsie, sa ka harxhuar dhe si i ka harxhuar.<\/p>\n<p>E keqja e dyt\u00eb e madhe e \u201cbamir\u00ebsive\u201d t\u00eb zonj\u00ebs Berisha \u00ebsht\u00eb trafiku i influenc\u00ebs q\u00eb lind nga k\u00ebto mbr\u00ebmje bamir\u00ebsie. Disa biznesmen\u00eb shkojn\u00eb aty t\u00eb paguajn\u00eb 1 mij\u00eb euro dhe t\u00eb dalin n\u00eb foto me zonj\u00ebn Berisha apo vajz\u00ebn e saj. Nj\u00eb t\u00eb till\u00eb e mbaj mend vite m\u00eb par\u00eb n\u00eb vitin 2008, q\u00eb me nj\u00eb foto t\u00eb till\u00eb t\u00eb shum\u00ebfishuar, arriti t\u00eb zaptoj\u00eb nj\u00eb tok\u00eb n\u00eb Gryk\u00eb t\u00eb K\u00eblcyr\u00ebs, t\u00eb nd\u00ebrtoj\u00eb pa leje nj\u00eb fabrik\u00eb uji, pastaj nga frika t\u00eb mos marr\u00eb uj\u00eb nga burimi, por t\u00eb shpoj\u00eb nj\u00eb pus dhe t\u00eb shes\u00eb uj\u00eb pusi dhe gjith\u00eb P\u00ebrmeti e K\u00eblcyra t\u00eb thon\u00eb tani q\u00eb ajo fabrik\u00eb uji q\u00eb mbushet nga pusi \u00ebsht\u00eb e Argit\u00ebs dhe Liris\u00eb. N\u00eb fakt nuk \u00ebsht\u00eb e tyre fare. \u00cbsht\u00eb e atij horri q\u00eb ka zaptuar gjith\u00e7ka me fotografin\u00eb q\u00eb ka dal\u00eb me n\u00ebn\u00ebn dhe bij\u00ebn n\u00eb mbr\u00ebmje t\u00eb tilla bamir\u00ebsie.<\/p>\n<p>Foto t\u00eb tilla t\u00eb shp\u00ebrndara nga ai gjen n\u00eb \u00e7do lokal apo klub nga Tepelena n\u00eb K\u00eblcyr\u00eb dhe tek \u00e7do njeri me t\u00eb cilin ai ka pasur pun\u00eb p\u00ebr t\u00eb b\u00ebr\u00eb \u201cletrat\u201d. Nuk e kam d\u00ebgjuar zonj\u00ebn Berisha t\u00eb ankohet apo t\u00eb b\u00ebj\u00eb ndonj\u00eb deklarat\u00eb p\u00ebr shtyp p\u00ebr k\u00ebt\u00eb biznesmen apo p\u00ebr biznesmen\u00eb t\u00eb tjer\u00eb q\u00eb e p\u00ebrdorin foton me t\u00eb si kart\u00ebvizit\u00eb p\u00ebr ta kaluar maunet me naft\u00eb D2 si naft\u00eb bruto, apo t\u00eb spostojn\u00eb postblloqe policie me naft\u00ebn virgine. Pra, opinioni publik ka ndeshur n\u00eb disa biznesmen\u00eb, p\u00ebr t\u00eb mos th\u00ebn\u00eb n\u00eb dhjet\u00ebra, q\u00eb flasin dhe b\u00ebjn\u00eb trafik n\u00eb em\u00ebr t\u00eb zonj\u00ebs Berisha apo fotove q\u00eb kan\u00eb dal\u00eb me t\u00eb dhe kjo zonj\u00eb nuk ka reaguar. Reagimi ndaj disa djemve apo vajzave q\u00eb k\u00ebrkojn\u00eb lek n\u00eb em\u00ebr t\u00eb saj natyrisht \u00ebsht\u00eb shum\u00eb fyes p\u00ebr t\u00eb, por dhe shum\u00eb foshnjarak p\u00ebr tu besuar nga shqiptar\u00ebt.<\/p>\n<p>E siguroj zonj\u00ebn Berisha se asnj\u00eb shqiptar nuk do tu ket\u00eb dh\u00ebn\u00eb ndonj\u00eb lek se askush nuk beson se ajo ka ngelur keq p\u00ebr disa qindarka t\u00eb k\u00ebrkuara rrug\u00ebve. Lek\u00ebt e v\u00ebrteta n\u00eb em\u00ebr t\u00eb saj b\u00ebhen me maune nate, fabrika t\u00eb nd\u00ebrtuara n\u00eb em\u00ebr t\u00eb saj, histori t\u00eb pastrimit t\u00eb biografive kriminele n\u00eb em\u00ebr t\u00eb fotove me t\u00eb, e deri tek arratisje nga burgjet p\u00ebr shkak t\u00eb lidhjeve me t\u00eb. K\u00ebto jan\u00eb gj\u00ebra t\u00eb r\u00ebnda dhe p\u00ebr k\u00ebto zonja Berisha duhet t\u00eb b\u00ebj\u00eb \u00e7mos t\u00eb distancohet q\u00eb ne t\u00eb kuptojm\u00eb q\u00eb jo pas \u00e7do trafiku dhe fabrike t\u00eb paligjshme n\u00eb k\u00ebt\u00eb vend q\u00ebndron hija e fotove t\u00eb saj me biznesmen\u00eb q\u00eb b\u00ebjn\u00eb bamir\u00ebsi p\u00ebr fondacionet e saj.<\/p>\n<p>Pra, zonja Berisha nuk e ka problemin se mos dikush del e mbledh ndonj\u00eb qindark\u00eb n\u00eb em\u00ebr t\u00eb saj, por se shum\u00eb t\u00eb tjer\u00eb, ata me t\u00eb cil\u00ebt ajo pozon n\u00eb foto n\u00ebp\u00ebr mbr\u00ebmje e stadiume, me zinxhir\u00eb floriri n\u00eb qaf\u00eb dhe me nj\u00eb pamje t\u00eb ngrir\u00eb si kukull japoneze, b\u00ebjn\u00eb miliona euro evazion fiskal n\u00eb em\u00ebr t\u00eb saj, b\u00ebjn\u00eb biznese t\u00eb paligjshme, prishin procese gjyq\u00ebsore dhe krijojn\u00eb at\u00eb imazh tashm\u00eb t\u00eb ngulitur t\u00eb pareve t\u00eb pista q\u00eb ajo p\u00ebrpiqet t\u2019i pastroj p\u00ebrmes fjal\u00ebs bamir\u00ebsi.<\/p>\n<p>Kjo \u00ebsht\u00eb arsyeja pse shqiptar\u00ebt nuk do jen\u00eb g\u00ebnjyer dot nga ata djem apo vajza q\u00eb kan\u00eb trokitur n\u00eb dyert e tyre p\u00ebr t\u00eb k\u00ebrkuar lek p\u00ebr Liri Berish\u00ebn, por m\u00eb leht\u00eb besojn\u00eb ata dhjet\u00ebra biznesmen\u00eb q\u00eb ky pushtet i trash\u00ebgoi nga pushteti i kaluar i socialist\u00ebve, q\u00eb u mjaftoi t\u00eb lidheshin me zonj\u00ebn Berisha p\u00ebr t\u2019iu harruar q\u00eb ishin \u201ctrafikant\u00eb nafte nga m\u00eb t\u00eb m\u00ebdhenjt\u00eb e Ballkanit\u201d, \u201ct\u00eb lidhur me sillogjet greke\u201d, \u201cnjer\u00ebz q\u00eb kan\u00eb futur arm\u00eb n\u00eb Shqip\u00ebri p\u00ebr t\u00eb p\u00ebrmbysur Berish\u00ebn\u201d. Me k\u00ebta e ka m\u00eb leht\u00eb po t\u00eb doj\u00eb t\u00eb distancohet. U di emrin, mbiemrin, u ka fotografin\u00eb \u2026dhe numrin e llogaris\u00eb. Le ta b\u00ebj\u00eb.<\/p>\n","protected":false},"excerpt":{"rendered":"<p>Nga Mero Baze, 10 N\u00ebntor 2011 Fondacioni i zonj\u00ebs Liri Berisha ka b\u00ebr\u00eb nj\u00eb njoftim publik ku k\u00ebrkon t\u00eb distancohet nga disa persona q\u00eb k\u00ebrkojn\u00eb lek n\u00eb em\u00ebr t\u00eb atij fondacioni. Lajmi u b\u00eb dhe m\u00eb interesant kur nj\u00eb shoqat\u00eb rinore ironizoi q\u00eb edhe n\u00eb em\u00ebr t\u00eb saj po k\u00ebrkonin lek disa t\u00eb rinj t\u00eb [&hellip;]<\/p>\n","protected":false},"author":1,"featured_media":0,"comment_status":"open","ping_status":"closed","sticky":false,"template":"","format":"standard","meta":{"footnotes":""},"categories":[2],"tags":[],"class_list":{"0":"post-11451","1":"post","2":"type-post","3":"status-publish","4":"format-standard","6":"category-artikuj"},"yoast_head":"<!-- This site is optimized with the Yoast SEO plugin v27.4 - https:\/\/yoast.com\/product\/yoast-seo-wordpress\/ -->\n<title>Q\u00eb \u201chajdut\u00ebt\u201d t\u00eb mos abuzojn\u00eb me emrin e Liri Berish\u00ebs - FjALA e LIR\u00cb - Arkivi<\/title>\n<meta name=\"robots\" content=\"index, follow, max-snippet:-1, max-image-preview:large, max-video-preview:-1\" \/>\n<link rel=\"canonical\" href=\"https:\/\/fjala.info\/2009-2015\/qe-hajdutet-te-mos-abuzojne-me-emrin-e-liri-berishes\/\" \/>\n<meta property=\"og:locale\" content=\"sq_AL\" \/>\n<meta property=\"og:type\" content=\"article\" \/>\n<meta property=\"og:title\" content=\"Q\u00eb \u201chajdut\u00ebt\u201d t\u00eb mos abuzojn\u00eb me emrin e Liri Berish\u00ebs - FjALA e LIR\u00cb - Arkivi\" \/>\n<meta property=\"og:description\" content=\"Nga Mero Baze, 10 N\u00ebntor 2011 Fondacioni i zonj\u00ebs Liri Berisha ka b\u00ebr\u00eb nj\u00eb njoftim publik ku k\u00ebrkon t\u00eb distancohet nga disa persona q\u00eb k\u00ebrkojn\u00eb lek n\u00eb em\u00ebr t\u00eb atij fondacioni. Lajmi u b\u00eb dhe m\u00eb interesant kur nj\u00eb shoqat\u00eb rinore ironizoi q\u00eb edhe n\u00eb em\u00ebr t\u00eb saj po k\u00ebrkonin lek disa t\u00eb rinj t\u00eb [&hellip;]\" \/>\n<meta property=\"og:url\" content=\"https:\/\/fjala.info\/2009-2015\/qe-hajdutet-te-mos-abuzojne-me-emrin-e-liri-berishes\/\" \/>\n<meta property=\"og:site_name\" content=\"FjALA e LIR\u00cb - Arkivi\" \/>\n<meta property=\"article:published_time\" content=\"2011-11-11T05:51:32+00:00\" \/>\n<meta property=\"og:image\" content=\"http:\/\/www.shkoder.net\/images\/fjala\/mero_baze1.jpg\" \/>\n<meta name=\"author\" content=\"admin\" \/>\n<meta name=\"twitter:card\" content=\"summary_large_image\" \/>\n<meta name=\"twitter:label1\" content=\"Written by\" \/>\n\t<meta name=\"twitter:data1\" content=\"admin\" \/>\n\t<meta name=\"twitter:label2\" content=\"Est. reading time\" \/>\n\t<meta name=\"twitter:data2\" content=\"6 minutes\" \/>\n<script type=\"application\/ld+json\" class=\"yoast-schema-graph\">{\"@context\":\"https:\\\/\\\/schema.org\",\"@graph\":[{\"@type\":\"Article\",\"@id\":\"https:\\\/\\\/fjala.info\\\/2009-2015\\\/qe-hajdutet-te-mos-abuzojne-me-emrin-e-liri-berishes\\\/#article\",\"isPartOf\":{\"@id\":\"https:\\\/\\\/fjala.info\\\/2009-2015\\\/qe-hajdutet-te-mos-abuzojne-me-emrin-e-liri-berishes\\\/\"},\"author\":{\"name\":\"admin\",\"@id\":\"https:\\\/\\\/fjala.info\\\/2009-2015\\\/#\\\/schema\\\/person\\\/3aa1163ef05469c496fc94e77611ada2\"},\"headline\":\"Q\u00eb \u201chajdut\u00ebt\u201d t\u00eb mos abuzojn\u00eb me emrin e Liri Berish\u00ebs\",\"datePublished\":\"2011-11-11T05:51:32+00:00\",\"mainEntityOfPage\":{\"@id\":\"https:\\\/\\\/fjala.info\\\/2009-2015\\\/qe-hajdutet-te-mos-abuzojne-me-emrin-e-liri-berishes\\\/\"},\"wordCount\":1245,\"commentCount\":0,\"publisher\":{\"@id\":\"https:\\\/\\\/fjala.info\\\/2009-2015\\\/#organization\"},\"image\":{\"@id\":\"https:\\\/\\\/fjala.info\\\/2009-2015\\\/qe-hajdutet-te-mos-abuzojne-me-emrin-e-liri-berishes\\\/#primaryimage\"},\"thumbnailUrl\":\"http:\\\/\\\/www.shkoder.net\\\/images\\\/fjala\\\/mero_baze1.jpg\",\"articleSection\":[\"Artikuj\"],\"inLanguage\":\"sq-AL\",\"potentialAction\":[{\"@type\":\"CommentAction\",\"name\":\"Comment\",\"target\":[\"https:\\\/\\\/fjala.info\\\/2009-2015\\\/qe-hajdutet-te-mos-abuzojne-me-emrin-e-liri-berishes\\\/#respond\"]}]},{\"@type\":\"WebPage\",\"@id\":\"https:\\\/\\\/fjala.info\\\/2009-2015\\\/qe-hajdutet-te-mos-abuzojne-me-emrin-e-liri-berishes\\\/\",\"url\":\"https:\\\/\\\/fjala.info\\\/2009-2015\\\/qe-hajdutet-te-mos-abuzojne-me-emrin-e-liri-berishes\\\/\",\"name\":\"Q\u00eb \u201chajdut\u00ebt\u201d t\u00eb mos abuzojn\u00eb me emrin e Liri Berish\u00ebs - FjALA e LIR\u00cb - Arkivi\",\"isPartOf\":{\"@id\":\"https:\\\/\\\/fjala.info\\\/2009-2015\\\/#website\"},\"primaryImageOfPage\":{\"@id\":\"https:\\\/\\\/fjala.info\\\/2009-2015\\\/qe-hajdutet-te-mos-abuzojne-me-emrin-e-liri-berishes\\\/#primaryimage\"},\"image\":{\"@id\":\"https:\\\/\\\/fjala.info\\\/2009-2015\\\/qe-hajdutet-te-mos-abuzojne-me-emrin-e-liri-berishes\\\/#primaryimage\"},\"thumbnailUrl\":\"http:\\\/\\\/www.shkoder.net\\\/images\\\/fjala\\\/mero_baze1.jpg\",\"datePublished\":\"2011-11-11T05:51:32+00:00\",\"breadcrumb\":{\"@id\":\"https:\\\/\\\/fjala.info\\\/2009-2015\\\/qe-hajdutet-te-mos-abuzojne-me-emrin-e-liri-berishes\\\/#breadcrumb\"},\"inLanguage\":\"sq-AL\",\"potentialAction\":[{\"@type\":\"ReadAction\",\"target\":[\"https:\\\/\\\/fjala.info\\\/2009-2015\\\/qe-hajdutet-te-mos-abuzojne-me-emrin-e-liri-berishes\\\/\"]}]},{\"@type\":\"ImageObject\",\"inLanguage\":\"sq-AL\",\"@id\":\"https:\\\/\\\/fjala.info\\\/2009-2015\\\/qe-hajdutet-te-mos-abuzojne-me-emrin-e-liri-berishes\\\/#primaryimage\",\"url\":\"http:\\\/\\\/www.shkoder.net\\\/images\\\/fjala\\\/mero_baze1.jpg\",\"contentUrl\":\"http:\\\/\\\/www.shkoder.net\\\/images\\\/fjala\\\/mero_baze1.jpg\"},{\"@type\":\"BreadcrumbList\",\"@id\":\"https:\\\/\\\/fjala.info\\\/2009-2015\\\/qe-hajdutet-te-mos-abuzojne-me-emrin-e-liri-berishes\\\/#breadcrumb\",\"itemListElement\":[{\"@type\":\"ListItem\",\"position\":1,\"name\":\"Home\",\"item\":\"https:\\\/\\\/fjala.info\\\/2009-2015\\\/\"},{\"@type\":\"ListItem\",\"position\":2,\"name\":\"Q\u00eb \u201chajdut\u00ebt\u201d t\u00eb mos abuzojn\u00eb me emrin e Liri Berish\u00ebs\"}]},{\"@type\":\"WebSite\",\"@id\":\"https:\\\/\\\/fjala.info\\\/2009-2015\\\/#website\",\"url\":\"https:\\\/\\\/fjala.info\\\/2009-2015\\\/\",\"name\":\"FjALA e LIR\u00cb - Arkivi\",\"description\":\"Arkivi 2009-2015\",\"publisher\":{\"@id\":\"https:\\\/\\\/fjala.info\\\/2009-2015\\\/#organization\"},\"potentialAction\":[{\"@type\":\"SearchAction\",\"target\":{\"@type\":\"EntryPoint\",\"urlTemplate\":\"https:\\\/\\\/fjala.info\\\/2009-2015\\\/?s={search_term_string}\"},\"query-input\":{\"@type\":\"PropertyValueSpecification\",\"valueRequired\":true,\"valueName\":\"search_term_string\"}}],\"inLanguage\":\"sq-AL\"},{\"@type\":\"Organization\",\"@id\":\"https:\\\/\\\/fjala.info\\\/2009-2015\\\/#organization\",\"name\":\"FjALA e LIR\u00cb - Arkivi\",\"url\":\"https:\\\/\\\/fjala.info\\\/2009-2015\\\/\",\"logo\":{\"@type\":\"ImageObject\",\"inLanguage\":\"sq-AL\",\"@id\":\"https:\\\/\\\/fjala.info\\\/2009-2015\\\/#\\\/schema\\\/logo\\\/image\\\/\",\"url\":\"\",\"contentUrl\":\"\",\"caption\":\"FjALA e LIR\u00cb - Arkivi\"},\"image\":{\"@id\":\"https:\\\/\\\/fjala.info\\\/2009-2015\\\/#\\\/schema\\\/logo\\\/image\\\/\"}},{\"@type\":\"Person\",\"@id\":\"https:\\\/\\\/fjala.info\\\/2009-2015\\\/#\\\/schema\\\/person\\\/3aa1163ef05469c496fc94e77611ada2\",\"name\":\"admin\",\"image\":{\"@type\":\"ImageObject\",\"inLanguage\":\"sq-AL\",\"@id\":\"https:\\\/\\\/fjala.info\\\/2009-2015\\\/wp-content\\\/uploads\\\/2012\\\/02\\\/arben_cokaj-120x150.jpg\",\"url\":\"https:\\\/\\\/fjala.info\\\/2009-2015\\\/wp-content\\\/uploads\\\/2012\\\/02\\\/arben_cokaj-120x150.jpg\",\"contentUrl\":\"https:\\\/\\\/fjala.info\\\/2009-2015\\\/wp-content\\\/uploads\\\/2012\\\/02\\\/arben_cokaj-120x150.jpg\",\"caption\":\"admin\"},\"description\":\"Admin, Fjala e Lir\u00eb\",\"sameAs\":[\"https:\\\/\\\/fjala.info\\\/\"],\"url\":\"https:\\\/\\\/fjala.info\\\/2009-2015\\\/author\\\/admin\\\/\"}]}<\/script>\n<!-- \/ Yoast SEO plugin. -->","yoast_head_json":{"title":"Q\u00eb \u201chajdut\u00ebt\u201d t\u00eb mos abuzojn\u00eb me emrin e Liri Berish\u00ebs - FjALA e LIR\u00cb - Arkivi","robots":{"index":"index","follow":"follow","max-snippet":"max-snippet:-1","max-image-preview":"max-image-preview:large","max-video-preview":"max-video-preview:-1"},"canonical":"https:\/\/fjala.info\/2009-2015\/qe-hajdutet-te-mos-abuzojne-me-emrin-e-liri-berishes\/","og_locale":"sq_AL","og_type":"article","og_title":"Q\u00eb \u201chajdut\u00ebt\u201d t\u00eb mos abuzojn\u00eb me emrin e Liri Berish\u00ebs - FjALA e LIR\u00cb - Arkivi","og_description":"Nga Mero Baze, 10 N\u00ebntor 2011 Fondacioni i zonj\u00ebs Liri Berisha ka b\u00ebr\u00eb nj\u00eb njoftim publik ku k\u00ebrkon t\u00eb distancohet nga disa persona q\u00eb k\u00ebrkojn\u00eb lek n\u00eb em\u00ebr t\u00eb atij fondacioni. Lajmi u b\u00eb dhe m\u00eb interesant kur nj\u00eb shoqat\u00eb rinore ironizoi q\u00eb edhe n\u00eb em\u00ebr t\u00eb saj po k\u00ebrkonin lek disa t\u00eb rinj t\u00eb [&hellip;]","og_url":"https:\/\/fjala.info\/2009-2015\/qe-hajdutet-te-mos-abuzojne-me-emrin-e-liri-berishes\/","og_site_name":"FjALA e LIR\u00cb - Arkivi","article_published_time":"2011-11-11T05:51:32+00:00","og_image":[{"url":"http:\/\/www.shkoder.net\/images\/fjala\/mero_baze1.jpg","type":"","width":"","height":""}],"author":"admin","twitter_card":"summary_large_image","twitter_misc":{"Written by":"admin","Est. reading time":"6 minutes"},"schema":{"@context":"https:\/\/schema.org","@graph":[{"@type":"Article","@id":"https:\/\/fjala.info\/2009-2015\/qe-hajdutet-te-mos-abuzojne-me-emrin-e-liri-berishes\/#article","isPartOf":{"@id":"https:\/\/fjala.info\/2009-2015\/qe-hajdutet-te-mos-abuzojne-me-emrin-e-liri-berishes\/"},"author":{"name":"admin","@id":"https:\/\/fjala.info\/2009-2015\/#\/schema\/person\/3aa1163ef05469c496fc94e77611ada2"},"headline":"Q\u00eb \u201chajdut\u00ebt\u201d t\u00eb mos abuzojn\u00eb me emrin e Liri Berish\u00ebs","datePublished":"2011-11-11T05:51:32+00:00","mainEntityOfPage":{"@id":"https:\/\/fjala.info\/2009-2015\/qe-hajdutet-te-mos-abuzojne-me-emrin-e-liri-berishes\/"},"wordCount":1245,"commentCount":0,"publisher":{"@id":"https:\/\/fjala.info\/2009-2015\/#organization"},"image":{"@id":"https:\/\/fjala.info\/2009-2015\/qe-hajdutet-te-mos-abuzojne-me-emrin-e-liri-berishes\/#primaryimage"},"thumbnailUrl":"http:\/\/www.shkoder.net\/images\/fjala\/mero_baze1.jpg","articleSection":["Artikuj"],"inLanguage":"sq-AL","potentialAction":[{"@type":"CommentAction","name":"Comment","target":["https:\/\/fjala.info\/2009-2015\/qe-hajdutet-te-mos-abuzojne-me-emrin-e-liri-berishes\/#respond"]}]},{"@type":"WebPage","@id":"https:\/\/fjala.info\/2009-2015\/qe-hajdutet-te-mos-abuzojne-me-emrin-e-liri-berishes\/","url":"https:\/\/fjala.info\/2009-2015\/qe-hajdutet-te-mos-abuzojne-me-emrin-e-liri-berishes\/","name":"Q\u00eb \u201chajdut\u00ebt\u201d t\u00eb mos abuzojn\u00eb me emrin e Liri Berish\u00ebs - FjALA e LIR\u00cb - Arkivi","isPartOf":{"@id":"https:\/\/fjala.info\/2009-2015\/#website"},"primaryImageOfPage":{"@id":"https:\/\/fjala.info\/2009-2015\/qe-hajdutet-te-mos-abuzojne-me-emrin-e-liri-berishes\/#primaryimage"},"image":{"@id":"https:\/\/fjala.info\/2009-2015\/qe-hajdutet-te-mos-abuzojne-me-emrin-e-liri-berishes\/#primaryimage"},"thumbnailUrl":"http:\/\/www.shkoder.net\/images\/fjala\/mero_baze1.jpg","datePublished":"2011-11-11T05:51:32+00:00","breadcrumb":{"@id":"https:\/\/fjala.info\/2009-2015\/qe-hajdutet-te-mos-abuzojne-me-emrin-e-liri-berishes\/#breadcrumb"},"inLanguage":"sq-AL","potentialAction":[{"@type":"ReadAction","target":["https:\/\/fjala.info\/2009-2015\/qe-hajdutet-te-mos-abuzojne-me-emrin-e-liri-berishes\/"]}]},{"@type":"ImageObject","inLanguage":"sq-AL","@id":"https:\/\/fjala.info\/2009-2015\/qe-hajdutet-te-mos-abuzojne-me-emrin-e-liri-berishes\/#primaryimage","url":"http:\/\/www.shkoder.net\/images\/fjala\/mero_baze1.jpg","contentUrl":"http:\/\/www.shkoder.net\/images\/fjala\/mero_baze1.jpg"},{"@type":"BreadcrumbList","@id":"https:\/\/fjala.info\/2009-2015\/qe-hajdutet-te-mos-abuzojne-me-emrin-e-liri-berishes\/#breadcrumb","itemListElement":[{"@type":"ListItem","position":1,"name":"Home","item":"https:\/\/fjala.info\/2009-2015\/"},{"@type":"ListItem","position":2,"name":"Q\u00eb \u201chajdut\u00ebt\u201d t\u00eb mos abuzojn\u00eb me emrin e Liri Berish\u00ebs"}]},{"@type":"WebSite","@id":"https:\/\/fjala.info\/2009-2015\/#website","url":"https:\/\/fjala.info\/2009-2015\/","name":"FjALA e LIR\u00cb - Arkivi","description":"Arkivi 2009-2015","publisher":{"@id":"https:\/\/fjala.info\/2009-2015\/#organization"},"potentialAction":[{"@type":"SearchAction","target":{"@type":"EntryPoint","urlTemplate":"https:\/\/fjala.info\/2009-2015\/?s={search_term_string}"},"query-input":{"@type":"PropertyValueSpecification","valueRequired":true,"valueName":"search_term_string"}}],"inLanguage":"sq-AL"},{"@type":"Organization","@id":"https:\/\/fjala.info\/2009-2015\/#organization","name":"FjALA e LIR\u00cb - Arkivi","url":"https:\/\/fjala.info\/2009-2015\/","logo":{"@type":"ImageObject","inLanguage":"sq-AL","@id":"https:\/\/fjala.info\/2009-2015\/#\/schema\/logo\/image\/","url":"","contentUrl":"","caption":"FjALA e LIR\u00cb - Arkivi"},"image":{"@id":"https:\/\/fjala.info\/2009-2015\/#\/schema\/logo\/image\/"}},{"@type":"Person","@id":"https:\/\/fjala.info\/2009-2015\/#\/schema\/person\/3aa1163ef05469c496fc94e77611ada2","name":"admin","image":{"@type":"ImageObject","inLanguage":"sq-AL","@id":"https:\/\/fjala.info\/2009-2015\/wp-content\/uploads\/2012\/02\/arben_cokaj-120x150.jpg","url":"https:\/\/fjala.info\/2009-2015\/wp-content\/uploads\/2012\/02\/arben_cokaj-120x150.jpg","contentUrl":"https:\/\/fjala.info\/2009-2015\/wp-content\/uploads\/2012\/02\/arben_cokaj-120x150.jpg","caption":"admin"},"description":"Admin, Fjala e Lir\u00eb","sameAs":["https:\/\/fjala.info\/"],"url":"https:\/\/fjala.info\/2009-2015\/author\/admin\/"}]}},"_links":{"self":[{"href":"https:\/\/fjala.info\/2009-2015\/wp-json\/wp\/v2\/posts\/11451","targetHints":{"allow":["GET"]}}],"collection":[{"href":"https:\/\/fjala.info\/2009-2015\/wp-json\/wp\/v2\/posts"}],"about":[{"href":"https:\/\/fjala.info\/2009-2015\/wp-json\/wp\/v2\/types\/post"}],"author":[{"embeddable":true,"href":"https:\/\/fjala.info\/2009-2015\/wp-json\/wp\/v2\/users\/1"}],"replies":[{"embeddable":true,"href":"https:\/\/fjala.info\/2009-2015\/wp-json\/wp\/v2\/comments?post=11451"}],"version-history":[{"count":0,"href":"https:\/\/fjala.info\/2009-2015\/wp-json\/wp\/v2\/posts\/11451\/revisions"}],"wp:attachment":[{"href":"https:\/\/fjala.info\/2009-2015\/wp-json\/wp\/v2\/media?parent=11451"}],"wp:term":[{"taxonomy":"category","embeddable":true,"href":"https:\/\/fjala.info\/2009-2015\/wp-json\/wp\/v2\/categories?post=11451"},{"taxonomy":"post_tag","embeddable":true,"href":"https:\/\/fjala.info\/2009-2015\/wp-json\/wp\/v2\/tags?post=11451"}],"curies":[{"name":"wp","href":"https:\/\/api.w.org\/{rel}","templated":true}]}}