{"id":11181,"date":"2011-10-27T22:33:05","date_gmt":"2011-10-27T21:33:05","guid":{"rendered":"http:\/\/fjala.shkoder.net\/?p=11181"},"modified":"2011-10-27T22:33:05","modified_gmt":"2011-10-27T21:33:05","slug":"historia-perserit-shakane-e-hidhur-me-ne","status":"publish","type":"post","link":"https:\/\/fjala.info\/2009-2015\/historia-perserit-shakane-e-hidhur-me-ne\/","title":{"rendered":"Historia p\u00ebrs\u00ebrit shakan\u00eb e hidhur me ne"},"content":{"rendered":"<p><img decoding=\"async\" class=\"alignleft size-thumbnail wp-image-7236\" title=\"Sindi Mullaj\" src=\"http:\/\/www.shkoder.net\/images\/fjala\/2011\/sindi_mullaj.jpg\" alt=\"\" width=\"150\" \/> Nga <strong>Sindi Mullaj<\/strong>, <em>27 Tetor 2011<\/em><\/p>\n<p>Historikisht si shqiptare te ketij vendi te quajtur Shqiperi, kemi qene aq te urte, sa perhere kemi arritur ti nenshtrohemi forces duke harruar qe gjithshka qe ne shpresonim ishte nje enderr me bukur nje jete reale,nje perjetim pa dallim ngjyrash partiake. Por me sa duket deshirat tona aktrohen nga ata qe ne perzgjedhim te jene ne krye,te punojme pafundesisht, te derdhim gjak ne vende te huaja dhe akoma me shume te behemi mbeshtetje e papare ndonjehere per disa njerez qe ne te vertete perve\u00e7 se veten nuk duan asnje tjeter.<\/p>\n<p>Nje popull ngrihet per te pasqyruar veprat ne realitet, por realiteti mbetet perhere i pashprese per shume qytetare te cilet kane krijuar nje shtet te tere me ane te asaj qe ne demokraci quhet fjale e lire. Duke hedhur mendjen pertej asaj qe sot eshte riprodhimi i asaj qe ka ekzistuar me pare do shohim qe asgje nuk ka ndryshuar nga \u00e7\u2019ka qene me pare sepse, erdhen romaket\u2026<\/p>\n<p>Ne brohoritem por me pas prape u shtypem, erdhen bizantet po ne serish brohoritem dhe u shtypem, pa harruar osmanet, qe nderruam fe per nje cike qef pozite\u2026 erdhi Skenderbeu familja e te cilit u largua shume shpejt nga dheu i dashur e s\u2019dihet ku i ka me rrenjet, ndoshta do jete ndonje sicilian, Zogu qe do luftonte deri ne vdekje me moton, &#8220;opingat do veshim, pas malit do shkojme, Shqiperine ta \u00e7lirojme&#8221;, por edhe ai mori florinjte e iku ja mbathi, vjen serish i permallur per token e vet sa per te marre serirsh pronat qe kishte harruar pa marre, Ismaili qe kerkonte me ngulm ruajtjen e identitetit kombetar, por nuk arriti te mesonte dot gjuhen shqipe, fashistet e nazistet!<\/p>\n<p>Po ne brohoritem e serish u preme e u vrame, erdhen komunistet vajtonin njerezit, iu corr kaq shume zeri sa dita dites futeshin te heshtur nen dhe kush zerin ngrinte\u2026 erdhen serish komunistet me fytyren e demokracise\u2026 kaq shume brohoritem\u2026 po ne serish po shtypemi\u2026 faqe e re per Shqiperine, pretendojme BE-ne!<\/p>\n<p>Edhe tribut e xhunglave na e kalojne per guxim qe kemi\u2026se ne kemi dhe dicka ngaqe jemi pak si te etur se skemi faj duam te kalojme tek A duke harruar B, te marrim negativen kundrejt asaj pozitives, deshirojme te vjedhim apo te imitojme perpara se te mesojme. Kaluan shume periudha\u2026 por burgu hante i uritur ato qe nuk kishin gje tjeter ne kete bote pervec mendjes\u2026 te tjere shpetuan paq, asnje gervishtje nuk paten, as nuk u denuan por jetojne akoma dhe sot ne lluksin e fituar mbi djersen e 45 viteteve me rradhe te shekullit te kaluar e te shume shekujve me rradhe\u2026 e mos thoni ju lutem qe jemi ne demokraci!<\/p>\n<p>Ne jemi ne ferrin e udhehequr nga disa koka te etura per gjak punetoresh, per gjakun e te drejtes, se vetem ashtu si vampira do mund te marrin fuqine akoma me shume, akoma me shume\u2026 harrojne qe populli pa mend eshte tani, por neser mund ti shemb\u2026 sot jane aty keta\u2026neser do jene bijte e atyre e pasneser bijte e bijve te atyre\u2026 me me shume krenari me me shume hipokrizi\u2026 duke harruar kush ja dha ter ato levdata pa gjak!! Por lind pyetja\u2026 kur do jete populli ne krye\u2026kur friken ta shnderrojne ne trimeri e hipokrizine ne drejtesi!<\/p>\n<p>Dmth\u2026 KURRE! Eshte per te ardhur keq,por harrojeni cdo gje te mire, vampirat nuk jane legjende, i kemi perpra sysh! Si mund te pretendojme te kemi kaluar ne nje sistem pas shume te tmerrsheve me rradhe? Si mund te harrojne nxenesit e kaluar historine e mesuar permendesh per 50 vjet??<\/p>\n<p>Nuk munden, dhe pasardhesit do jemi ne qe do u shkruajme historine, ate histori qe si cakej po perpiqen te na imponojne e ne per te mos humbur nje pune, nje ulje note ne shkolle, per te mos u dhunuar\u2026 do vazhdojme tia shkruajme dale ngadale me titullin teper modern, &#8220;shoku Zylo&#8221;! Si mund te jemi pjese e nje BE, kur ende perpiqemi te gjejme moralin e familjes tek tjetri, pa pare ende ne vete thellesine qe ne percojme tek te tjeret! Krenaria fiton mbi popullin, enderron famen, percon \u2018dituri te paditur\u2019. Nata behet dite\u2026 vritemi naten e qahemi diten sepse zakonet e vjetra nuk mund te ndryshojne me naten apo diten!<\/p>\n","protected":false},"excerpt":{"rendered":"<p>Nga Sindi Mullaj, 27 Tetor 2011 Historikisht si shqiptare te ketij vendi te quajtur Shqiperi, kemi qene aq te urte, sa perhere kemi arritur ti nenshtrohemi forces duke harruar qe gjithshka qe ne shpresonim ishte nje enderr me bukur nje jete reale,nje perjetim pa dallim ngjyrash partiake. Por me sa duket deshirat tona aktrohen nga [&hellip;]<\/p>\n","protected":false},"author":1,"featured_media":0,"comment_status":"open","ping_status":"closed","sticky":false,"template":"","format":"standard","meta":{"footnotes":""},"categories":[2],"tags":[],"class_list":{"0":"post-11181","1":"post","2":"type-post","3":"status-publish","4":"format-standard","6":"category-artikuj"},"yoast_head":"<!-- This site is optimized with the Yoast SEO plugin v27.4 - https:\/\/yoast.com\/product\/yoast-seo-wordpress\/ -->\n<title>Historia p\u00ebrs\u00ebrit shakan\u00eb e hidhur me ne - FjALA e LIR\u00cb - Arkivi<\/title>\n<meta name=\"robots\" content=\"index, follow, max-snippet:-1, max-image-preview:large, max-video-preview:-1\" \/>\n<link rel=\"canonical\" href=\"https:\/\/fjala.info\/2009-2015\/historia-perserit-shakane-e-hidhur-me-ne\/\" \/>\n<meta property=\"og:locale\" content=\"sq_AL\" \/>\n<meta property=\"og:type\" content=\"article\" \/>\n<meta property=\"og:title\" content=\"Historia p\u00ebrs\u00ebrit shakan\u00eb e hidhur me ne - FjALA e LIR\u00cb - Arkivi\" \/>\n<meta property=\"og:description\" content=\"Nga Sindi Mullaj, 27 Tetor 2011 Historikisht si shqiptare te ketij vendi te quajtur Shqiperi, kemi qene aq te urte, sa perhere kemi arritur ti nenshtrohemi forces duke harruar qe gjithshka qe ne shpresonim ishte nje enderr me bukur nje jete reale,nje perjetim pa dallim ngjyrash partiake. Por me sa duket deshirat tona aktrohen nga [&hellip;]\" \/>\n<meta property=\"og:url\" content=\"https:\/\/fjala.info\/2009-2015\/historia-perserit-shakane-e-hidhur-me-ne\/\" \/>\n<meta property=\"og:site_name\" content=\"FjALA e LIR\u00cb - Arkivi\" \/>\n<meta property=\"article:published_time\" content=\"2011-10-27T21:33:05+00:00\" \/>\n<meta property=\"og:image\" content=\"http:\/\/www.shkoder.net\/images\/fjala\/2011\/sindi_mullaj.jpg\" \/>\n<meta name=\"author\" content=\"admin\" \/>\n<meta name=\"twitter:card\" content=\"summary_large_image\" \/>\n<meta name=\"twitter:label1\" content=\"Written by\" \/>\n\t<meta name=\"twitter:data1\" content=\"admin\" \/>\n\t<meta name=\"twitter:label2\" content=\"Est. reading time\" \/>\n\t<meta name=\"twitter:data2\" content=\"4 minutes\" \/>\n<script type=\"application\/ld+json\" class=\"yoast-schema-graph\">{\"@context\":\"https:\\\/\\\/schema.org\",\"@graph\":[{\"@type\":\"Article\",\"@id\":\"https:\\\/\\\/fjala.info\\\/2009-2015\\\/historia-perserit-shakane-e-hidhur-me-ne\\\/#article\",\"isPartOf\":{\"@id\":\"https:\\\/\\\/fjala.info\\\/2009-2015\\\/historia-perserit-shakane-e-hidhur-me-ne\\\/\"},\"author\":{\"name\":\"admin\",\"@id\":\"https:\\\/\\\/fjala.info\\\/2009-2015\\\/#\\\/schema\\\/person\\\/3aa1163ef05469c496fc94e77611ada2\"},\"headline\":\"Historia p\u00ebrs\u00ebrit shakan\u00eb e hidhur me ne\",\"datePublished\":\"2011-10-27T21:33:05+00:00\",\"mainEntityOfPage\":{\"@id\":\"https:\\\/\\\/fjala.info\\\/2009-2015\\\/historia-perserit-shakane-e-hidhur-me-ne\\\/\"},\"wordCount\":724,\"commentCount\":0,\"publisher\":{\"@id\":\"https:\\\/\\\/fjala.info\\\/2009-2015\\\/#organization\"},\"image\":{\"@id\":\"https:\\\/\\\/fjala.info\\\/2009-2015\\\/historia-perserit-shakane-e-hidhur-me-ne\\\/#primaryimage\"},\"thumbnailUrl\":\"http:\\\/\\\/www.shkoder.net\\\/images\\\/fjala\\\/2011\\\/sindi_mullaj.jpg\",\"articleSection\":[\"Artikuj\"],\"inLanguage\":\"sq-AL\",\"potentialAction\":[{\"@type\":\"CommentAction\",\"name\":\"Comment\",\"target\":[\"https:\\\/\\\/fjala.info\\\/2009-2015\\\/historia-perserit-shakane-e-hidhur-me-ne\\\/#respond\"]}]},{\"@type\":\"WebPage\",\"@id\":\"https:\\\/\\\/fjala.info\\\/2009-2015\\\/historia-perserit-shakane-e-hidhur-me-ne\\\/\",\"url\":\"https:\\\/\\\/fjala.info\\\/2009-2015\\\/historia-perserit-shakane-e-hidhur-me-ne\\\/\",\"name\":\"Historia p\u00ebrs\u00ebrit shakan\u00eb e hidhur me ne - FjALA e LIR\u00cb - Arkivi\",\"isPartOf\":{\"@id\":\"https:\\\/\\\/fjala.info\\\/2009-2015\\\/#website\"},\"primaryImageOfPage\":{\"@id\":\"https:\\\/\\\/fjala.info\\\/2009-2015\\\/historia-perserit-shakane-e-hidhur-me-ne\\\/#primaryimage\"},\"image\":{\"@id\":\"https:\\\/\\\/fjala.info\\\/2009-2015\\\/historia-perserit-shakane-e-hidhur-me-ne\\\/#primaryimage\"},\"thumbnailUrl\":\"http:\\\/\\\/www.shkoder.net\\\/images\\\/fjala\\\/2011\\\/sindi_mullaj.jpg\",\"datePublished\":\"2011-10-27T21:33:05+00:00\",\"breadcrumb\":{\"@id\":\"https:\\\/\\\/fjala.info\\\/2009-2015\\\/historia-perserit-shakane-e-hidhur-me-ne\\\/#breadcrumb\"},\"inLanguage\":\"sq-AL\",\"potentialAction\":[{\"@type\":\"ReadAction\",\"target\":[\"https:\\\/\\\/fjala.info\\\/2009-2015\\\/historia-perserit-shakane-e-hidhur-me-ne\\\/\"]}]},{\"@type\":\"ImageObject\",\"inLanguage\":\"sq-AL\",\"@id\":\"https:\\\/\\\/fjala.info\\\/2009-2015\\\/historia-perserit-shakane-e-hidhur-me-ne\\\/#primaryimage\",\"url\":\"http:\\\/\\\/www.shkoder.net\\\/images\\\/fjala\\\/2011\\\/sindi_mullaj.jpg\",\"contentUrl\":\"http:\\\/\\\/www.shkoder.net\\\/images\\\/fjala\\\/2011\\\/sindi_mullaj.jpg\"},{\"@type\":\"BreadcrumbList\",\"@id\":\"https:\\\/\\\/fjala.info\\\/2009-2015\\\/historia-perserit-shakane-e-hidhur-me-ne\\\/#breadcrumb\",\"itemListElement\":[{\"@type\":\"ListItem\",\"position\":1,\"name\":\"Home\",\"item\":\"https:\\\/\\\/fjala.info\\\/2009-2015\\\/\"},{\"@type\":\"ListItem\",\"position\":2,\"name\":\"Historia p\u00ebrs\u00ebrit shakan\u00eb e hidhur me ne\"}]},{\"@type\":\"WebSite\",\"@id\":\"https:\\\/\\\/fjala.info\\\/2009-2015\\\/#website\",\"url\":\"https:\\\/\\\/fjala.info\\\/2009-2015\\\/\",\"name\":\"FjALA e LIR\u00cb - Arkivi\",\"description\":\"Arkivi 2009-2015\",\"publisher\":{\"@id\":\"https:\\\/\\\/fjala.info\\\/2009-2015\\\/#organization\"},\"potentialAction\":[{\"@type\":\"SearchAction\",\"target\":{\"@type\":\"EntryPoint\",\"urlTemplate\":\"https:\\\/\\\/fjala.info\\\/2009-2015\\\/?s={search_term_string}\"},\"query-input\":{\"@type\":\"PropertyValueSpecification\",\"valueRequired\":true,\"valueName\":\"search_term_string\"}}],\"inLanguage\":\"sq-AL\"},{\"@type\":\"Organization\",\"@id\":\"https:\\\/\\\/fjala.info\\\/2009-2015\\\/#organization\",\"name\":\"FjALA e LIR\u00cb - Arkivi\",\"url\":\"https:\\\/\\\/fjala.info\\\/2009-2015\\\/\",\"logo\":{\"@type\":\"ImageObject\",\"inLanguage\":\"sq-AL\",\"@id\":\"https:\\\/\\\/fjala.info\\\/2009-2015\\\/#\\\/schema\\\/logo\\\/image\\\/\",\"url\":\"\",\"contentUrl\":\"\",\"caption\":\"FjALA e LIR\u00cb - Arkivi\"},\"image\":{\"@id\":\"https:\\\/\\\/fjala.info\\\/2009-2015\\\/#\\\/schema\\\/logo\\\/image\\\/\"}},{\"@type\":\"Person\",\"@id\":\"https:\\\/\\\/fjala.info\\\/2009-2015\\\/#\\\/schema\\\/person\\\/3aa1163ef05469c496fc94e77611ada2\",\"name\":\"admin\",\"image\":{\"@type\":\"ImageObject\",\"inLanguage\":\"sq-AL\",\"@id\":\"https:\\\/\\\/fjala.info\\\/2009-2015\\\/wp-content\\\/uploads\\\/2012\\\/02\\\/arben_cokaj-120x150.jpg\",\"url\":\"https:\\\/\\\/fjala.info\\\/2009-2015\\\/wp-content\\\/uploads\\\/2012\\\/02\\\/arben_cokaj-120x150.jpg\",\"contentUrl\":\"https:\\\/\\\/fjala.info\\\/2009-2015\\\/wp-content\\\/uploads\\\/2012\\\/02\\\/arben_cokaj-120x150.jpg\",\"caption\":\"admin\"},\"description\":\"Admin, Fjala e Lir\u00eb\",\"sameAs\":[\"https:\\\/\\\/fjala.info\\\/\"],\"url\":\"https:\\\/\\\/fjala.info\\\/2009-2015\\\/author\\\/admin\\\/\"}]}<\/script>\n<!-- \/ Yoast SEO plugin. -->","yoast_head_json":{"title":"Historia p\u00ebrs\u00ebrit shakan\u00eb e hidhur me ne - FjALA e LIR\u00cb - Arkivi","robots":{"index":"index","follow":"follow","max-snippet":"max-snippet:-1","max-image-preview":"max-image-preview:large","max-video-preview":"max-video-preview:-1"},"canonical":"https:\/\/fjala.info\/2009-2015\/historia-perserit-shakane-e-hidhur-me-ne\/","og_locale":"sq_AL","og_type":"article","og_title":"Historia p\u00ebrs\u00ebrit shakan\u00eb e hidhur me ne - FjALA e LIR\u00cb - Arkivi","og_description":"Nga Sindi Mullaj, 27 Tetor 2011 Historikisht si shqiptare te ketij vendi te quajtur Shqiperi, kemi qene aq te urte, sa perhere kemi arritur ti nenshtrohemi forces duke harruar qe gjithshka qe ne shpresonim ishte nje enderr me bukur nje jete reale,nje perjetim pa dallim ngjyrash partiake. Por me sa duket deshirat tona aktrohen nga [&hellip;]","og_url":"https:\/\/fjala.info\/2009-2015\/historia-perserit-shakane-e-hidhur-me-ne\/","og_site_name":"FjALA e LIR\u00cb - Arkivi","article_published_time":"2011-10-27T21:33:05+00:00","og_image":[{"url":"http:\/\/www.shkoder.net\/images\/fjala\/2011\/sindi_mullaj.jpg","type":"","width":"","height":""}],"author":"admin","twitter_card":"summary_large_image","twitter_misc":{"Written by":"admin","Est. reading time":"4 minutes"},"schema":{"@context":"https:\/\/schema.org","@graph":[{"@type":"Article","@id":"https:\/\/fjala.info\/2009-2015\/historia-perserit-shakane-e-hidhur-me-ne\/#article","isPartOf":{"@id":"https:\/\/fjala.info\/2009-2015\/historia-perserit-shakane-e-hidhur-me-ne\/"},"author":{"name":"admin","@id":"https:\/\/fjala.info\/2009-2015\/#\/schema\/person\/3aa1163ef05469c496fc94e77611ada2"},"headline":"Historia p\u00ebrs\u00ebrit shakan\u00eb e hidhur me ne","datePublished":"2011-10-27T21:33:05+00:00","mainEntityOfPage":{"@id":"https:\/\/fjala.info\/2009-2015\/historia-perserit-shakane-e-hidhur-me-ne\/"},"wordCount":724,"commentCount":0,"publisher":{"@id":"https:\/\/fjala.info\/2009-2015\/#organization"},"image":{"@id":"https:\/\/fjala.info\/2009-2015\/historia-perserit-shakane-e-hidhur-me-ne\/#primaryimage"},"thumbnailUrl":"http:\/\/www.shkoder.net\/images\/fjala\/2011\/sindi_mullaj.jpg","articleSection":["Artikuj"],"inLanguage":"sq-AL","potentialAction":[{"@type":"CommentAction","name":"Comment","target":["https:\/\/fjala.info\/2009-2015\/historia-perserit-shakane-e-hidhur-me-ne\/#respond"]}]},{"@type":"WebPage","@id":"https:\/\/fjala.info\/2009-2015\/historia-perserit-shakane-e-hidhur-me-ne\/","url":"https:\/\/fjala.info\/2009-2015\/historia-perserit-shakane-e-hidhur-me-ne\/","name":"Historia p\u00ebrs\u00ebrit shakan\u00eb e hidhur me ne - FjALA e LIR\u00cb - Arkivi","isPartOf":{"@id":"https:\/\/fjala.info\/2009-2015\/#website"},"primaryImageOfPage":{"@id":"https:\/\/fjala.info\/2009-2015\/historia-perserit-shakane-e-hidhur-me-ne\/#primaryimage"},"image":{"@id":"https:\/\/fjala.info\/2009-2015\/historia-perserit-shakane-e-hidhur-me-ne\/#primaryimage"},"thumbnailUrl":"http:\/\/www.shkoder.net\/images\/fjala\/2011\/sindi_mullaj.jpg","datePublished":"2011-10-27T21:33:05+00:00","breadcrumb":{"@id":"https:\/\/fjala.info\/2009-2015\/historia-perserit-shakane-e-hidhur-me-ne\/#breadcrumb"},"inLanguage":"sq-AL","potentialAction":[{"@type":"ReadAction","target":["https:\/\/fjala.info\/2009-2015\/historia-perserit-shakane-e-hidhur-me-ne\/"]}]},{"@type":"ImageObject","inLanguage":"sq-AL","@id":"https:\/\/fjala.info\/2009-2015\/historia-perserit-shakane-e-hidhur-me-ne\/#primaryimage","url":"http:\/\/www.shkoder.net\/images\/fjala\/2011\/sindi_mullaj.jpg","contentUrl":"http:\/\/www.shkoder.net\/images\/fjala\/2011\/sindi_mullaj.jpg"},{"@type":"BreadcrumbList","@id":"https:\/\/fjala.info\/2009-2015\/historia-perserit-shakane-e-hidhur-me-ne\/#breadcrumb","itemListElement":[{"@type":"ListItem","position":1,"name":"Home","item":"https:\/\/fjala.info\/2009-2015\/"},{"@type":"ListItem","position":2,"name":"Historia p\u00ebrs\u00ebrit shakan\u00eb e hidhur me ne"}]},{"@type":"WebSite","@id":"https:\/\/fjala.info\/2009-2015\/#website","url":"https:\/\/fjala.info\/2009-2015\/","name":"FjALA e LIR\u00cb - Arkivi","description":"Arkivi 2009-2015","publisher":{"@id":"https:\/\/fjala.info\/2009-2015\/#organization"},"potentialAction":[{"@type":"SearchAction","target":{"@type":"EntryPoint","urlTemplate":"https:\/\/fjala.info\/2009-2015\/?s={search_term_string}"},"query-input":{"@type":"PropertyValueSpecification","valueRequired":true,"valueName":"search_term_string"}}],"inLanguage":"sq-AL"},{"@type":"Organization","@id":"https:\/\/fjala.info\/2009-2015\/#organization","name":"FjALA e LIR\u00cb - Arkivi","url":"https:\/\/fjala.info\/2009-2015\/","logo":{"@type":"ImageObject","inLanguage":"sq-AL","@id":"https:\/\/fjala.info\/2009-2015\/#\/schema\/logo\/image\/","url":"","contentUrl":"","caption":"FjALA e LIR\u00cb - Arkivi"},"image":{"@id":"https:\/\/fjala.info\/2009-2015\/#\/schema\/logo\/image\/"}},{"@type":"Person","@id":"https:\/\/fjala.info\/2009-2015\/#\/schema\/person\/3aa1163ef05469c496fc94e77611ada2","name":"admin","image":{"@type":"ImageObject","inLanguage":"sq-AL","@id":"https:\/\/fjala.info\/2009-2015\/wp-content\/uploads\/2012\/02\/arben_cokaj-120x150.jpg","url":"https:\/\/fjala.info\/2009-2015\/wp-content\/uploads\/2012\/02\/arben_cokaj-120x150.jpg","contentUrl":"https:\/\/fjala.info\/2009-2015\/wp-content\/uploads\/2012\/02\/arben_cokaj-120x150.jpg","caption":"admin"},"description":"Admin, Fjala e Lir\u00eb","sameAs":["https:\/\/fjala.info\/"],"url":"https:\/\/fjala.info\/2009-2015\/author\/admin\/"}]}},"_links":{"self":[{"href":"https:\/\/fjala.info\/2009-2015\/wp-json\/wp\/v2\/posts\/11181","targetHints":{"allow":["GET"]}}],"collection":[{"href":"https:\/\/fjala.info\/2009-2015\/wp-json\/wp\/v2\/posts"}],"about":[{"href":"https:\/\/fjala.info\/2009-2015\/wp-json\/wp\/v2\/types\/post"}],"author":[{"embeddable":true,"href":"https:\/\/fjala.info\/2009-2015\/wp-json\/wp\/v2\/users\/1"}],"replies":[{"embeddable":true,"href":"https:\/\/fjala.info\/2009-2015\/wp-json\/wp\/v2\/comments?post=11181"}],"version-history":[{"count":0,"href":"https:\/\/fjala.info\/2009-2015\/wp-json\/wp\/v2\/posts\/11181\/revisions"}],"wp:attachment":[{"href":"https:\/\/fjala.info\/2009-2015\/wp-json\/wp\/v2\/media?parent=11181"}],"wp:term":[{"taxonomy":"category","embeddable":true,"href":"https:\/\/fjala.info\/2009-2015\/wp-json\/wp\/v2\/categories?post=11181"},{"taxonomy":"post_tag","embeddable":true,"href":"https:\/\/fjala.info\/2009-2015\/wp-json\/wp\/v2\/tags?post=11181"}],"curies":[{"name":"wp","href":"https:\/\/api.w.org\/{rel}","templated":true}]}}