{"id":11172,"date":"2011-10-27T10:16:25","date_gmt":"2011-10-27T09:16:25","guid":{"rendered":"http:\/\/fjala.shkoder.net\/?p=11172"},"modified":"2011-10-27T10:16:25","modified_gmt":"2011-10-27T09:16:25","slug":"lakmuesi-adrian-fullani","status":"publish","type":"post","link":"https:\/\/fjala.info\/2009-2015\/lakmuesi-adrian-fullani\/","title":{"rendered":"\u201cLakmuesi\u201d Adrian Fullani"},"content":{"rendered":"<p><img decoding=\"async\" class=\"alignright size-thumbnail wp-image-7236\" title=\"Mero Baze\" src=\"http:\/\/www.shkoder.net\/images\/fjala\/mero_baze1.jpg\" alt=\"\" width=\"150\" \/> Nga <strong>Mero Baze<\/strong>, <em>26 Tetor 2011<\/em><\/p>\n<p>Sali Berisha nuk e ka mik Adrian Fullanin. Edhe pse ky i fundit njihet si njeri q\u00eb di t\u00eb shtroj\u00eb dreka dhe darka pa fund, biles t\u00eb gatuaj\u00eb dhe vet\u00eb n\u00ebse \u00ebsht\u00eb nevoja, ai nuk ka mundur t\u2019i shtroj\u00eb ndonj\u00eb dark\u00eb apo drek\u00eb Sali Berish\u00ebs. Nuk hyn tek njer\u00ebzit konfident t\u00eb kryeministrit dhe as tek njer\u00ebzit q\u00eb Berisha ka ndonj\u00eb keqkuptim q\u00eb \u00ebsht\u00eb profesionist i zoti. Biles n\u00eb momentet e para pasi erdhi n\u00eb pushtet pas vitit 2005, u mat dhe ta nd\u00ebrronte, por nuk e kishte t\u00eb sigurt firm\u00ebn e presidentit.<\/p>\n<p>Adrian Fullani i p\u00ebrket nj\u00eb brezi n\u00ebpun\u00ebsish, q\u00eb s\u00eb bashku me zonj\u00ebn e tij, jan\u00eb nj\u00eb rast emblematik se si n\u00eb shoq\u00ebri z\u00ebn\u00eb vend, biles maja, njer\u00ebz mediok\u00ebr, vet\u00ebm p\u00ebr shkak t\u00eb rrumbullak\u00ebsis\u00eb s\u00eb tyre, jo vet\u00ebm fizike. T\u00eb p\u00ebrkushtuar deri n\u00eb fund pas shefave q\u00eb kan\u00eb n\u00eb dor\u00eb em\u00ebrimet e tyre, t\u00eb kujdessh\u00ebm p\u00ebr b\u00ebr\u00eb ndere me postin e tyre n\u00eb adres\u00eb t\u00eb njer\u00ebzve t\u00eb pushtetit, dhe gati banal\u00eb n\u00eb raport me njer\u00ebzit q\u00eb kan\u00eb ndikim aty ku merret vendim p\u00ebr ta. Tipa t\u00eb till\u00eb jan\u00eb t\u00eb parezistuesh\u00ebm p\u00ebr t\u2019i l\u00ebn\u00eb n\u00eb k\u00ebnaq\u00ebsin\u00eb e tyre t\u00eb servilosjes, deri aty ku fillojn\u00eb e t\u00eb shkaktojn\u00eb bezdi. Ky \u00ebsht\u00eb pak a shum\u00eb dhe raporti q\u00eb Adrian Fullani ka nd\u00ebrtuar me Sali Berish\u00ebn. Nuk \u00ebsht\u00eb konfident i tij, dhe fal\u00eb k\u00ebsaj distance ai \u00ebsht\u00eb kok\u00eb e k\u00ebmb\u00eb i p\u00ebrulur para nj\u00eb grupi sekser\u00ebsh t\u00eb kryeministrit, n\u00eb medie dhe biznes, t\u00eb cil\u00ebt i ka kredituar, financuar dhe shp\u00ebrblyer me miliona euro.<\/p>\n<p>Nj\u00eb prej tyre, pronari i TV Klan, p\u00ebrfitoi prej Guvernatorit nj\u00eb tender prej 12 milion euro p\u00ebr nj\u00eb kompani t\u00eb af\u00ebrt me t\u00eb, p\u00ebr rikonstruksionin e Bank\u00ebs dhe Hotel Dajtit. Nj\u00eb tjet\u00ebr biznesmen i af\u00ebrt me Berish\u00ebn ka p\u00ebrdorur Fullanin p\u00ebr dhjet\u00ebra skema kredish n\u00eb biznesin e tij, ku fut gjithmon\u00eb banka dhe merr gjithmon\u00eb garanci nga Banka Qendrore. K\u00ebto dy vitet e fundit, kur Shqip\u00ebria \u00ebsht\u00eb thuajse n\u00eb recesion, Guvernatori e ka kaluar me dreka e darka pa fund me k\u00ebta njer\u00ebz. Por asgj\u00eb nuk ka qen\u00eb e sigurt. Sali Berisha, duke llogaritur bezdin\u00eb q\u00eb ndjen nga nj\u00eb sistem i t\u00ebr\u00eb kapilar q\u00eb lidhet me Fullanin, nuk kishte nd\u00ebrmend ta em\u00ebronte at\u00eb Guvernator.<\/p>\n<p>Por fati i qeshi dhe Fullanit. Ilir Meta, ish- z\u00ebvend\u00ebskryeminist\u00ebr i Shqip\u00ebris\u00eb, po zvarritet n\u00ebp\u00ebr salla gjyqi, p\u00ebr shkak t\u00eb nj\u00eb skandali t\u00eb pad\u00ebgjuar m\u00eb par\u00eb n\u00eb Shqip\u00ebri, ku ai u filmua me z\u00eb dhe figur\u00eb duke b\u00ebr\u00eb pazare p\u00ebr miliona euro nga taksat e shqiptar\u00ebve. Shteti u mobilizua i t\u00ebri ta mbyll\u00eb k\u00ebt\u00eb skandal, sidomos pas 21 Janarit, kur efekti i nxeht\u00eb i k\u00ebtij skandali b\u00ebri q\u00eb njer\u00ebzit t\u2019i dalin n\u00eb rrug\u00eb t\u00eb zem\u00ebruar, dhe Sali Berish\u00ebs e Lul\u00ebzim Bash\u00ebs ju desh t\u00eb vrisnin kat\u00ebr vet\u00eb n\u00eb panik p\u00ebr t\u2019i ndalur ata.<\/p>\n<p>Pas k\u00ebsaj filloi procesi i manipulimit t\u00eb gjyqit t\u00eb Ilir Met\u00ebs. U gjend\u00ebn skema nga m\u00eb banalet deri tek m\u00eb t\u00eb sofistikuarat, por n\u00eb fund gjith\u00e7ka do t\u00eb vendosej nga trupi gjykues. Qysh n\u00eb seanc\u00ebn e par\u00eb u pa ndarja. Dy gjyqtar\u00eb qartazi kund\u00ebr Met\u00ebs, dy qartazi pro tij, dhe nj\u00eb gjyqtare q\u00eb sillej dhe b\u00ebnte sikur mendohej. Adriana Fullani, gruaja e Adrian Fullanit, q\u00eb ka ngjitur shkall\u00ebt e karrier\u00ebs n\u00eb drejt\u00ebsi me nj\u00eb rekord bot\u00ebror, duke u b\u00ebr\u00eb kryegjykat\u00ebse pas nje posti te fituar politikisht sic ishte Drejtoresha e Shkolles se Magjistratures. Ajo dukej se po shtrydhte mir\u00eb rastin q\u00eb i kishte ardhur n\u00eb dor\u00eb. N\u00eb vil\u00ebn e Ilir Met\u00ebs n\u00eb Gjirin e Lalzit gjat\u00eb ver\u00ebs u shfaq \u00e7ifti Fullani me asortimente ushqimore me vete dhe sh\u00ebrbim kateringu pas tyre. Vizitat e tyre n\u00eb vil\u00ebn e njohur t\u00eb pazareve dhan\u00eb frytet e veta.<\/p>\n<p>Ilir Meta u b\u00eb garant n\u00eb em\u00ebr t\u00eb votave t\u00eb LSI p\u00ebr kandidatur\u00ebn e Fullanit, nd\u00ebrsa Fullani garant p\u00ebr procedurat gjyq\u00ebsore q\u00eb do shkat\u00ebrronin gjyqin m\u00eb flagrant t\u00eb historis\u00eb s\u00eb Shqip\u00ebris\u00eb. N\u00eb k\u00ebt\u00eb klim\u00eb t\u00eb nj\u00eb konflikti t\u00eb past\u00ebr interesi dhe kapje t\u00eb sh\u00ebmtuar t\u00eb shtetit, Sali Berisha u detyrua dje t\u00eb shqiptonte emrin e Ardian Fullanit si kandidat i qeveris\u00eb p\u00ebr Guvernator. Ky \u00ebsht\u00eb rasti i par\u00eb kur nj\u00eb guvernator shqiptar merr dy mandate radhazi, nd\u00ebrkoh\u00eb q\u00eb \u201cAlan Greenspan\u201d-i shqiptar ka lejuar qeverin\u00eb t\u00eb fus\u00eb duart n\u00eb kursimet e qytetar\u00ebve, t\u00eb zhys\u00eb vendin n\u00eb borxhe q\u00eb po \u00e7ojn\u00eb ekonomin\u00eb drejt falimentimit dhe q\u00eb e ka \u00e7uar borxhin publik 5 her\u00eb m\u00eb lart se sa e ka gjetur kur u b\u00eb guvernator.<\/p>\n<p>Pra, nuk ka dhe nuk mund t\u00eb ket\u00eb asnj\u00eb arsye profesionale p\u00ebrse Ardian Fullani t\u00eb rimandatohet. Ka vet\u00ebm nj\u00eb arsye dhe ajo \u00ebsht\u00eb politike. Ai \u00ebsht\u00eb piketuar tashm\u00eb si njeri i p\u00ebrshtatsh\u00ebm p\u00ebr pazaret e k\u00ebtij pushteti, pasi ka arritur t\u00eb b\u00ebhet pjes\u00eb e historis\u00eb s\u00eb mosnd\u00ebshkimit t\u00eb politikan\u00ebve shqiptar\u00eb t\u00eb lidhur me krimin. Nga ana tjet\u00ebr ai \u00ebsht\u00eb modeli i zyrtarit q\u00eb p\u00ebrdor favoret e postit t\u00eb tij p\u00ebr t\u00eb favorizuar rrethin e af\u00ebrt t\u00eb njer\u00ebzve n\u00eb pushtet, t\u00eb cil\u00ebt i \u201crespekton\u201d duke filluar me miliona euro kredi apo tendera, deri n\u00eb pun\u00ebsim f\u00ebmij\u00ebsh apo t\u00eb af\u00ebrmish n\u00eb Bank\u00ebn Qendrore, me kriterin e vet\u00ebm q\u00eb t\u2019i b\u00ebj\u00eb ndonj\u00eb qok\u00eb. Nuk \u00ebsht\u00eb agresiv me ask\u00ebnd, dhe po t\u00eb ish p\u00ebr t\u00eb, n\u00eb vend t\u00eb Kushtetut\u00ebs n\u00eb k\u00ebt\u00eb vend do t\u00eb ishte m\u00eb mir\u00eb t\u00eb funksiononte pazari, miq\u00ebsia apo tarafll\u00ebku.<\/p>\n<p>Dhe ja doli. Me nj\u00eb CV banale, me rezultate minimale studimesh, me nj\u00eb biografi mediokre bankieri n\u00ebn drejtimin e t\u00eb cilit thuajse falimentoi nj\u00eb bank\u00eb, ai ka sot shansin t\u00eb rizgjedhet Guvernator, duke na treguar t\u00eb gjith\u00ebve se sa i pafuqish\u00ebm \u00ebsht\u00eb ky pushtet t\u00eb zgjedh\u00eb nj\u00eb njeri t\u00eb aft\u00eb n\u00eb krye t\u00eb Bank\u00ebs Qendror\u00eb. N\u00eb rastin klasik, n\u00eb momentin q\u00eb aty do t\u00eb shkonte nj\u00eb Guvernator, do t\u00eb binte pushteti, i cili ka futur duart tek parat\u00eb e qytetar\u00ebve. N\u00eb rastin konkret, n\u00eb rast se atje nuk do t\u00eb shkonte Fullani, do t\u00eb binte pushteti pasi drejt\u00ebsia do ishte e lir\u00eb t\u00eb \u00e7onte atje ku ka vendin, pateric\u00ebn kryesore t\u00eb regjimit, i cili u kap me z\u00eb dhe figur\u00eb duke vjedhur. Kjo \u00ebsht\u00eb arsyeja e vetme p\u00ebrse Berisha k\u00ebrcen si prifti nga belaja me shamin\u00eb e famshme t\u00eb Fullanit n\u00eb dor\u00eb.<\/p>\n<p>Opozita nuk ka fuqi ta ndal\u00eb k\u00ebt\u00eb turp, pasi nuk ka vota dhe as mekaniz\u00ebm politik. Por ajo mund t\u00eb premtoj\u00eb q\u00eb sot ky njeri duhet t\u00eb ik\u00eb bashk\u00eb me regjimin, Po mbijetoi, kujtohuni se regjimi i ri q\u00eb do t\u00eb vij\u00eb paska nevoj\u00eb ende p\u00ebr pazare. Lakmuesi \u00ebsht\u00eb Adrian Fullani.<\/p>\n","protected":false},"excerpt":{"rendered":"<p>Nga Mero Baze, 26 Tetor 2011 Sali Berisha nuk e ka mik Adrian Fullanin. Edhe pse ky i fundit njihet si njeri q\u00eb di t\u00eb shtroj\u00eb dreka dhe darka pa fund, biles t\u00eb gatuaj\u00eb dhe vet\u00eb n\u00ebse \u00ebsht\u00eb nevoja, ai nuk ka mundur t\u2019i shtroj\u00eb ndonj\u00eb dark\u00eb apo drek\u00eb Sali Berish\u00ebs. Nuk hyn tek njer\u00ebzit [&hellip;]<\/p>\n","protected":false},"author":1,"featured_media":0,"comment_status":"open","ping_status":"closed","sticky":false,"template":"","format":"standard","meta":{"footnotes":""},"categories":[2],"tags":[],"class_list":{"0":"post-11172","1":"post","2":"type-post","3":"status-publish","4":"format-standard","6":"category-artikuj"},"yoast_head":"<!-- This site is optimized with the Yoast SEO plugin v27.4 - https:\/\/yoast.com\/product\/yoast-seo-wordpress\/ -->\n<title>\u201cLakmuesi\u201d Adrian Fullani - FjALA e LIR\u00cb - Arkivi<\/title>\n<meta name=\"robots\" content=\"index, follow, max-snippet:-1, max-image-preview:large, max-video-preview:-1\" \/>\n<link rel=\"canonical\" href=\"https:\/\/fjala.info\/2009-2015\/lakmuesi-adrian-fullani\/\" \/>\n<meta property=\"og:locale\" content=\"sq_AL\" \/>\n<meta property=\"og:type\" content=\"article\" \/>\n<meta property=\"og:title\" content=\"\u201cLakmuesi\u201d Adrian Fullani - FjALA e LIR\u00cb - Arkivi\" \/>\n<meta property=\"og:description\" content=\"Nga Mero Baze, 26 Tetor 2011 Sali Berisha nuk e ka mik Adrian Fullanin. Edhe pse ky i fundit njihet si njeri q\u00eb di t\u00eb shtroj\u00eb dreka dhe darka pa fund, biles t\u00eb gatuaj\u00eb dhe vet\u00eb n\u00ebse \u00ebsht\u00eb nevoja, ai nuk ka mundur t\u2019i shtroj\u00eb ndonj\u00eb dark\u00eb apo drek\u00eb Sali Berish\u00ebs. Nuk hyn tek njer\u00ebzit [&hellip;]\" \/>\n<meta property=\"og:url\" content=\"https:\/\/fjala.info\/2009-2015\/lakmuesi-adrian-fullani\/\" \/>\n<meta property=\"og:site_name\" content=\"FjALA e LIR\u00cb - Arkivi\" \/>\n<meta property=\"article:published_time\" content=\"2011-10-27T09:16:25+00:00\" \/>\n<meta property=\"og:image\" content=\"http:\/\/www.shkoder.net\/images\/fjala\/mero_baze1.jpg\" \/>\n<meta name=\"author\" content=\"admin\" \/>\n<meta name=\"twitter:card\" content=\"summary_large_image\" \/>\n<meta name=\"twitter:label1\" content=\"Written by\" \/>\n\t<meta name=\"twitter:data1\" content=\"admin\" \/>\n\t<meta name=\"twitter:label2\" content=\"Est. reading time\" \/>\n\t<meta name=\"twitter:data2\" content=\"6 minutes\" \/>\n<script type=\"application\/ld+json\" class=\"yoast-schema-graph\">{\"@context\":\"https:\\\/\\\/schema.org\",\"@graph\":[{\"@type\":\"Article\",\"@id\":\"https:\\\/\\\/fjala.info\\\/2009-2015\\\/lakmuesi-adrian-fullani\\\/#article\",\"isPartOf\":{\"@id\":\"https:\\\/\\\/fjala.info\\\/2009-2015\\\/lakmuesi-adrian-fullani\\\/\"},\"author\":{\"name\":\"admin\",\"@id\":\"https:\\\/\\\/fjala.info\\\/2009-2015\\\/#\\\/schema\\\/person\\\/3aa1163ef05469c496fc94e77611ada2\"},\"headline\":\"\u201cLakmuesi\u201d Adrian Fullani\",\"datePublished\":\"2011-10-27T09:16:25+00:00\",\"mainEntityOfPage\":{\"@id\":\"https:\\\/\\\/fjala.info\\\/2009-2015\\\/lakmuesi-adrian-fullani\\\/\"},\"wordCount\":1217,\"commentCount\":0,\"publisher\":{\"@id\":\"https:\\\/\\\/fjala.info\\\/2009-2015\\\/#organization\"},\"image\":{\"@id\":\"https:\\\/\\\/fjala.info\\\/2009-2015\\\/lakmuesi-adrian-fullani\\\/#primaryimage\"},\"thumbnailUrl\":\"http:\\\/\\\/www.shkoder.net\\\/images\\\/fjala\\\/mero_baze1.jpg\",\"articleSection\":[\"Artikuj\"],\"inLanguage\":\"sq-AL\",\"potentialAction\":[{\"@type\":\"CommentAction\",\"name\":\"Comment\",\"target\":[\"https:\\\/\\\/fjala.info\\\/2009-2015\\\/lakmuesi-adrian-fullani\\\/#respond\"]}]},{\"@type\":\"WebPage\",\"@id\":\"https:\\\/\\\/fjala.info\\\/2009-2015\\\/lakmuesi-adrian-fullani\\\/\",\"url\":\"https:\\\/\\\/fjala.info\\\/2009-2015\\\/lakmuesi-adrian-fullani\\\/\",\"name\":\"\u201cLakmuesi\u201d Adrian Fullani - FjALA e LIR\u00cb - Arkivi\",\"isPartOf\":{\"@id\":\"https:\\\/\\\/fjala.info\\\/2009-2015\\\/#website\"},\"primaryImageOfPage\":{\"@id\":\"https:\\\/\\\/fjala.info\\\/2009-2015\\\/lakmuesi-adrian-fullani\\\/#primaryimage\"},\"image\":{\"@id\":\"https:\\\/\\\/fjala.info\\\/2009-2015\\\/lakmuesi-adrian-fullani\\\/#primaryimage\"},\"thumbnailUrl\":\"http:\\\/\\\/www.shkoder.net\\\/images\\\/fjala\\\/mero_baze1.jpg\",\"datePublished\":\"2011-10-27T09:16:25+00:00\",\"breadcrumb\":{\"@id\":\"https:\\\/\\\/fjala.info\\\/2009-2015\\\/lakmuesi-adrian-fullani\\\/#breadcrumb\"},\"inLanguage\":\"sq-AL\",\"potentialAction\":[{\"@type\":\"ReadAction\",\"target\":[\"https:\\\/\\\/fjala.info\\\/2009-2015\\\/lakmuesi-adrian-fullani\\\/\"]}]},{\"@type\":\"ImageObject\",\"inLanguage\":\"sq-AL\",\"@id\":\"https:\\\/\\\/fjala.info\\\/2009-2015\\\/lakmuesi-adrian-fullani\\\/#primaryimage\",\"url\":\"http:\\\/\\\/www.shkoder.net\\\/images\\\/fjala\\\/mero_baze1.jpg\",\"contentUrl\":\"http:\\\/\\\/www.shkoder.net\\\/images\\\/fjala\\\/mero_baze1.jpg\"},{\"@type\":\"BreadcrumbList\",\"@id\":\"https:\\\/\\\/fjala.info\\\/2009-2015\\\/lakmuesi-adrian-fullani\\\/#breadcrumb\",\"itemListElement\":[{\"@type\":\"ListItem\",\"position\":1,\"name\":\"Home\",\"item\":\"https:\\\/\\\/fjala.info\\\/2009-2015\\\/\"},{\"@type\":\"ListItem\",\"position\":2,\"name\":\"\u201cLakmuesi\u201d Adrian Fullani\"}]},{\"@type\":\"WebSite\",\"@id\":\"https:\\\/\\\/fjala.info\\\/2009-2015\\\/#website\",\"url\":\"https:\\\/\\\/fjala.info\\\/2009-2015\\\/\",\"name\":\"FjALA e LIR\u00cb - Arkivi\",\"description\":\"Arkivi 2009-2015\",\"publisher\":{\"@id\":\"https:\\\/\\\/fjala.info\\\/2009-2015\\\/#organization\"},\"potentialAction\":[{\"@type\":\"SearchAction\",\"target\":{\"@type\":\"EntryPoint\",\"urlTemplate\":\"https:\\\/\\\/fjala.info\\\/2009-2015\\\/?s={search_term_string}\"},\"query-input\":{\"@type\":\"PropertyValueSpecification\",\"valueRequired\":true,\"valueName\":\"search_term_string\"}}],\"inLanguage\":\"sq-AL\"},{\"@type\":\"Organization\",\"@id\":\"https:\\\/\\\/fjala.info\\\/2009-2015\\\/#organization\",\"name\":\"FjALA e LIR\u00cb - Arkivi\",\"url\":\"https:\\\/\\\/fjala.info\\\/2009-2015\\\/\",\"logo\":{\"@type\":\"ImageObject\",\"inLanguage\":\"sq-AL\",\"@id\":\"https:\\\/\\\/fjala.info\\\/2009-2015\\\/#\\\/schema\\\/logo\\\/image\\\/\",\"url\":\"\",\"contentUrl\":\"\",\"caption\":\"FjALA e LIR\u00cb - Arkivi\"},\"image\":{\"@id\":\"https:\\\/\\\/fjala.info\\\/2009-2015\\\/#\\\/schema\\\/logo\\\/image\\\/\"}},{\"@type\":\"Person\",\"@id\":\"https:\\\/\\\/fjala.info\\\/2009-2015\\\/#\\\/schema\\\/person\\\/3aa1163ef05469c496fc94e77611ada2\",\"name\":\"admin\",\"image\":{\"@type\":\"ImageObject\",\"inLanguage\":\"sq-AL\",\"@id\":\"https:\\\/\\\/fjala.info\\\/2009-2015\\\/wp-content\\\/uploads\\\/2012\\\/02\\\/arben_cokaj-120x150.jpg\",\"url\":\"https:\\\/\\\/fjala.info\\\/2009-2015\\\/wp-content\\\/uploads\\\/2012\\\/02\\\/arben_cokaj-120x150.jpg\",\"contentUrl\":\"https:\\\/\\\/fjala.info\\\/2009-2015\\\/wp-content\\\/uploads\\\/2012\\\/02\\\/arben_cokaj-120x150.jpg\",\"caption\":\"admin\"},\"description\":\"Admin, Fjala e Lir\u00eb\",\"sameAs\":[\"https:\\\/\\\/fjala.info\\\/\"],\"url\":\"https:\\\/\\\/fjala.info\\\/2009-2015\\\/author\\\/admin\\\/\"}]}<\/script>\n<!-- \/ Yoast SEO plugin. -->","yoast_head_json":{"title":"\u201cLakmuesi\u201d Adrian Fullani - FjALA e LIR\u00cb - Arkivi","robots":{"index":"index","follow":"follow","max-snippet":"max-snippet:-1","max-image-preview":"max-image-preview:large","max-video-preview":"max-video-preview:-1"},"canonical":"https:\/\/fjala.info\/2009-2015\/lakmuesi-adrian-fullani\/","og_locale":"sq_AL","og_type":"article","og_title":"\u201cLakmuesi\u201d Adrian Fullani - FjALA e LIR\u00cb - Arkivi","og_description":"Nga Mero Baze, 26 Tetor 2011 Sali Berisha nuk e ka mik Adrian Fullanin. Edhe pse ky i fundit njihet si njeri q\u00eb di t\u00eb shtroj\u00eb dreka dhe darka pa fund, biles t\u00eb gatuaj\u00eb dhe vet\u00eb n\u00ebse \u00ebsht\u00eb nevoja, ai nuk ka mundur t\u2019i shtroj\u00eb ndonj\u00eb dark\u00eb apo drek\u00eb Sali Berish\u00ebs. Nuk hyn tek njer\u00ebzit [&hellip;]","og_url":"https:\/\/fjala.info\/2009-2015\/lakmuesi-adrian-fullani\/","og_site_name":"FjALA e LIR\u00cb - Arkivi","article_published_time":"2011-10-27T09:16:25+00:00","og_image":[{"url":"http:\/\/www.shkoder.net\/images\/fjala\/mero_baze1.jpg","type":"","width":"","height":""}],"author":"admin","twitter_card":"summary_large_image","twitter_misc":{"Written by":"admin","Est. reading time":"6 minutes"},"schema":{"@context":"https:\/\/schema.org","@graph":[{"@type":"Article","@id":"https:\/\/fjala.info\/2009-2015\/lakmuesi-adrian-fullani\/#article","isPartOf":{"@id":"https:\/\/fjala.info\/2009-2015\/lakmuesi-adrian-fullani\/"},"author":{"name":"admin","@id":"https:\/\/fjala.info\/2009-2015\/#\/schema\/person\/3aa1163ef05469c496fc94e77611ada2"},"headline":"\u201cLakmuesi\u201d Adrian Fullani","datePublished":"2011-10-27T09:16:25+00:00","mainEntityOfPage":{"@id":"https:\/\/fjala.info\/2009-2015\/lakmuesi-adrian-fullani\/"},"wordCount":1217,"commentCount":0,"publisher":{"@id":"https:\/\/fjala.info\/2009-2015\/#organization"},"image":{"@id":"https:\/\/fjala.info\/2009-2015\/lakmuesi-adrian-fullani\/#primaryimage"},"thumbnailUrl":"http:\/\/www.shkoder.net\/images\/fjala\/mero_baze1.jpg","articleSection":["Artikuj"],"inLanguage":"sq-AL","potentialAction":[{"@type":"CommentAction","name":"Comment","target":["https:\/\/fjala.info\/2009-2015\/lakmuesi-adrian-fullani\/#respond"]}]},{"@type":"WebPage","@id":"https:\/\/fjala.info\/2009-2015\/lakmuesi-adrian-fullani\/","url":"https:\/\/fjala.info\/2009-2015\/lakmuesi-adrian-fullani\/","name":"\u201cLakmuesi\u201d Adrian Fullani - FjALA e LIR\u00cb - Arkivi","isPartOf":{"@id":"https:\/\/fjala.info\/2009-2015\/#website"},"primaryImageOfPage":{"@id":"https:\/\/fjala.info\/2009-2015\/lakmuesi-adrian-fullani\/#primaryimage"},"image":{"@id":"https:\/\/fjala.info\/2009-2015\/lakmuesi-adrian-fullani\/#primaryimage"},"thumbnailUrl":"http:\/\/www.shkoder.net\/images\/fjala\/mero_baze1.jpg","datePublished":"2011-10-27T09:16:25+00:00","breadcrumb":{"@id":"https:\/\/fjala.info\/2009-2015\/lakmuesi-adrian-fullani\/#breadcrumb"},"inLanguage":"sq-AL","potentialAction":[{"@type":"ReadAction","target":["https:\/\/fjala.info\/2009-2015\/lakmuesi-adrian-fullani\/"]}]},{"@type":"ImageObject","inLanguage":"sq-AL","@id":"https:\/\/fjala.info\/2009-2015\/lakmuesi-adrian-fullani\/#primaryimage","url":"http:\/\/www.shkoder.net\/images\/fjala\/mero_baze1.jpg","contentUrl":"http:\/\/www.shkoder.net\/images\/fjala\/mero_baze1.jpg"},{"@type":"BreadcrumbList","@id":"https:\/\/fjala.info\/2009-2015\/lakmuesi-adrian-fullani\/#breadcrumb","itemListElement":[{"@type":"ListItem","position":1,"name":"Home","item":"https:\/\/fjala.info\/2009-2015\/"},{"@type":"ListItem","position":2,"name":"\u201cLakmuesi\u201d Adrian Fullani"}]},{"@type":"WebSite","@id":"https:\/\/fjala.info\/2009-2015\/#website","url":"https:\/\/fjala.info\/2009-2015\/","name":"FjALA e LIR\u00cb - Arkivi","description":"Arkivi 2009-2015","publisher":{"@id":"https:\/\/fjala.info\/2009-2015\/#organization"},"potentialAction":[{"@type":"SearchAction","target":{"@type":"EntryPoint","urlTemplate":"https:\/\/fjala.info\/2009-2015\/?s={search_term_string}"},"query-input":{"@type":"PropertyValueSpecification","valueRequired":true,"valueName":"search_term_string"}}],"inLanguage":"sq-AL"},{"@type":"Organization","@id":"https:\/\/fjala.info\/2009-2015\/#organization","name":"FjALA e LIR\u00cb - Arkivi","url":"https:\/\/fjala.info\/2009-2015\/","logo":{"@type":"ImageObject","inLanguage":"sq-AL","@id":"https:\/\/fjala.info\/2009-2015\/#\/schema\/logo\/image\/","url":"","contentUrl":"","caption":"FjALA e LIR\u00cb - Arkivi"},"image":{"@id":"https:\/\/fjala.info\/2009-2015\/#\/schema\/logo\/image\/"}},{"@type":"Person","@id":"https:\/\/fjala.info\/2009-2015\/#\/schema\/person\/3aa1163ef05469c496fc94e77611ada2","name":"admin","image":{"@type":"ImageObject","inLanguage":"sq-AL","@id":"https:\/\/fjala.info\/2009-2015\/wp-content\/uploads\/2012\/02\/arben_cokaj-120x150.jpg","url":"https:\/\/fjala.info\/2009-2015\/wp-content\/uploads\/2012\/02\/arben_cokaj-120x150.jpg","contentUrl":"https:\/\/fjala.info\/2009-2015\/wp-content\/uploads\/2012\/02\/arben_cokaj-120x150.jpg","caption":"admin"},"description":"Admin, Fjala e Lir\u00eb","sameAs":["https:\/\/fjala.info\/"],"url":"https:\/\/fjala.info\/2009-2015\/author\/admin\/"}]}},"_links":{"self":[{"href":"https:\/\/fjala.info\/2009-2015\/wp-json\/wp\/v2\/posts\/11172","targetHints":{"allow":["GET"]}}],"collection":[{"href":"https:\/\/fjala.info\/2009-2015\/wp-json\/wp\/v2\/posts"}],"about":[{"href":"https:\/\/fjala.info\/2009-2015\/wp-json\/wp\/v2\/types\/post"}],"author":[{"embeddable":true,"href":"https:\/\/fjala.info\/2009-2015\/wp-json\/wp\/v2\/users\/1"}],"replies":[{"embeddable":true,"href":"https:\/\/fjala.info\/2009-2015\/wp-json\/wp\/v2\/comments?post=11172"}],"version-history":[{"count":0,"href":"https:\/\/fjala.info\/2009-2015\/wp-json\/wp\/v2\/posts\/11172\/revisions"}],"wp:attachment":[{"href":"https:\/\/fjala.info\/2009-2015\/wp-json\/wp\/v2\/media?parent=11172"}],"wp:term":[{"taxonomy":"category","embeddable":true,"href":"https:\/\/fjala.info\/2009-2015\/wp-json\/wp\/v2\/categories?post=11172"},{"taxonomy":"post_tag","embeddable":true,"href":"https:\/\/fjala.info\/2009-2015\/wp-json\/wp\/v2\/tags?post=11172"}],"curies":[{"name":"wp","href":"https:\/\/api.w.org\/{rel}","templated":true}]}}