{"id":11165,"date":"2011-10-27T09:52:13","date_gmt":"2011-10-27T08:52:13","guid":{"rendered":"http:\/\/fjala.shkoder.net\/?p=11165"},"modified":"2011-10-27T09:52:13","modified_gmt":"2011-10-27T08:52:13","slug":"gilman-bakalli-ata-qe-mund-te-shkojne-tek-partia-e-topit-jane-te-shumte","status":"publish","type":"post","link":"https:\/\/fjala.info\/2009-2015\/gilman-bakalli-ata-qe-mund-te-shkojne-tek-partia-e-topit-jane-te-shumte\/","title":{"rendered":"Gilman Bakalli: Ata q\u00eb mund t\u00eb shkojn\u00eb tek partia e Topit jan\u00eb t\u00eb shumt\u00eb"},"content":{"rendered":"<p><img decoding=\"async\" class=\"alignright size-thumbnail wp-image-7236\" title=\"Gilman Bakalli\" src=\"http:\/\/www.shkoder.net\/images\/fjala\/2011\/gilman_bakalli.jpg\" alt=\"\" width=\"300\" \/> <strong>TemA<\/strong>, <em>27 Tetor 2011<\/em><\/p>\n<p>Ish- deputeti i Partis\u00eb Demokratike, Gilman Bakalli, n\u00eb nj\u00eb intervist\u00eb p\u00ebr \u2018GSH\u2019 ka th\u00ebn\u00eb se ardhja e nj\u00eb partie t\u00eb re n\u00eb Shqip\u00ebri nuk \u00ebsht\u00eb ndonj\u00eb lajm i mir\u00eb, p\u00ebr shkak se n\u00eb k\u00ebt\u00eb vend nuk ka zgjedhje.<\/p>\n<p>\u201cN\u00eb kushtet kur diferencat ideologjike n\u00eb Shqip\u00ebri jan\u00eb sheshuar thuajse t\u00ebr\u00ebsisht, n\u00eb kushtet kur partit\u00eb nuk i fitojn\u00eb zgjedhjet mbi baz\u00ebn e programeve ideologjike, por kryesisht p\u00ebrmes makinacioneve dhe shtremb\u00ebrimeve procedurale, cilin shqiptar mund ta ngroh\u00eb ideja e krijimit t\u00eb nj\u00eb partie t\u00eb spektrit t\u00eb djatht\u00eb? Ndoshta mund t\u00eb konsiderohej nj\u00eb lajm i mir\u00eb n\u00eb kushtet e nj\u00eb sistemi tjet\u00ebr zgjedhor q\u00eb lejon loj\u00eb t\u00eb ndershme midis partive politike,\u201d tha Bakalli.<\/p>\n<p>Megjithat\u00eb ai shtoi se mund t\u00eb jen\u00eb t\u00eb shumt\u00eb ata q\u00eb do bashkohen me Topin. \u201cT\u00eb shumt\u00eb mund t\u00eb jen\u00eb ata q\u00eb p\u00ebr arsye t\u00eb shumta mund t\u00eb vendosin t\u2019i bashkohen nj\u00eb partie t\u00eb re. Disa p\u00ebr ideale, disa sepse jan\u00eb t\u00eb papun\u00eb, disa sepse kan\u00eb rrezik t\u00eb mbesin t\u00eb papun\u00eb, disa sepse jan\u00eb t\u00eb pak\u00ebnaqur me partin\u00eb e vjet\u00ebr dhe me radh\u00eb,\u201d tha Bakalli.<\/p>\n<p>Ish- deputeti deklaroi se n\u00ebse ka nj\u00eb konflikt mes Topallit e Topit, ai \u00ebsht\u00eb p\u00ebr dekretet presidenciale q\u00eb flen\u00eb n\u00eb Kuvend.<\/p>\n","protected":false},"excerpt":{"rendered":"<p>TemA, 27 Tetor 2011 Ish- deputeti i Partis\u00eb Demokratike, Gilman Bakalli, n\u00eb nj\u00eb intervist\u00eb p\u00ebr \u2018GSH\u2019 ka th\u00ebn\u00eb se ardhja e nj\u00eb partie t\u00eb re n\u00eb Shqip\u00ebri nuk \u00ebsht\u00eb ndonj\u00eb lajm i mir\u00eb, p\u00ebr shkak se n\u00eb k\u00ebt\u00eb vend nuk ka zgjedhje. \u201cN\u00eb kushtet kur diferencat ideologjike n\u00eb Shqip\u00ebri jan\u00eb sheshuar thuajse t\u00ebr\u00ebsisht, n\u00eb kushtet [&hellip;]<\/p>\n","protected":false},"author":1,"featured_media":0,"comment_status":"open","ping_status":"closed","sticky":false,"template":"","format":"standard","meta":{"footnotes":""},"categories":[5],"tags":[],"class_list":{"0":"post-11165","1":"post","2":"type-post","3":"status-publish","4":"format-standard","6":"category-lajme"},"yoast_head":"<!-- This site is optimized with the Yoast SEO plugin v27.4 - https:\/\/yoast.com\/product\/yoast-seo-wordpress\/ -->\n<title>Gilman Bakalli: Ata q\u00eb mund t\u00eb shkojn\u00eb tek partia e Topit jan\u00eb t\u00eb shumt\u00eb - FjALA e LIR\u00cb - Arkivi<\/title>\n<meta name=\"robots\" content=\"index, follow, max-snippet:-1, max-image-preview:large, max-video-preview:-1\" \/>\n<link rel=\"canonical\" href=\"https:\/\/fjala.info\/2009-2015\/gilman-bakalli-ata-qe-mund-te-shkojne-tek-partia-e-topit-jane-te-shumte\/\" \/>\n<meta property=\"og:locale\" content=\"sq_AL\" \/>\n<meta property=\"og:type\" content=\"article\" \/>\n<meta property=\"og:title\" content=\"Gilman Bakalli: Ata q\u00eb mund t\u00eb shkojn\u00eb tek partia e Topit jan\u00eb t\u00eb shumt\u00eb - FjALA e LIR\u00cb - Arkivi\" \/>\n<meta property=\"og:description\" content=\"TemA, 27 Tetor 2011 Ish- deputeti i Partis\u00eb Demokratike, Gilman Bakalli, n\u00eb nj\u00eb intervist\u00eb p\u00ebr \u2018GSH\u2019 ka th\u00ebn\u00eb se ardhja e nj\u00eb partie t\u00eb re n\u00eb Shqip\u00ebri nuk \u00ebsht\u00eb ndonj\u00eb lajm i mir\u00eb, p\u00ebr shkak se n\u00eb k\u00ebt\u00eb vend nuk ka zgjedhje. \u201cN\u00eb kushtet kur diferencat ideologjike n\u00eb Shqip\u00ebri jan\u00eb sheshuar thuajse t\u00ebr\u00ebsisht, n\u00eb kushtet [&hellip;]\" \/>\n<meta property=\"og:url\" content=\"https:\/\/fjala.info\/2009-2015\/gilman-bakalli-ata-qe-mund-te-shkojne-tek-partia-e-topit-jane-te-shumte\/\" \/>\n<meta property=\"og:site_name\" content=\"FjALA e LIR\u00cb - Arkivi\" \/>\n<meta property=\"article:published_time\" content=\"2011-10-27T08:52:13+00:00\" \/>\n<meta property=\"og:image\" content=\"http:\/\/www.shkoder.net\/images\/fjala\/2011\/gilman_bakalli.jpg\" \/>\n<meta name=\"author\" content=\"admin\" \/>\n<meta name=\"twitter:card\" content=\"summary_large_image\" \/>\n<meta name=\"twitter:label1\" content=\"Written by\" \/>\n\t<meta name=\"twitter:data1\" content=\"admin\" \/>\n\t<meta name=\"twitter:label2\" content=\"Est. reading time\" \/>\n\t<meta name=\"twitter:data2\" content=\"1 minute\" \/>\n<script type=\"application\/ld+json\" class=\"yoast-schema-graph\">{\"@context\":\"https:\\\/\\\/schema.org\",\"@graph\":[{\"@type\":\"Article\",\"@id\":\"https:\\\/\\\/fjala.info\\\/2009-2015\\\/gilman-bakalli-ata-qe-mund-te-shkojne-tek-partia-e-topit-jane-te-shumte\\\/#article\",\"isPartOf\":{\"@id\":\"https:\\\/\\\/fjala.info\\\/2009-2015\\\/gilman-bakalli-ata-qe-mund-te-shkojne-tek-partia-e-topit-jane-te-shumte\\\/\"},\"author\":{\"name\":\"admin\",\"@id\":\"https:\\\/\\\/fjala.info\\\/2009-2015\\\/#\\\/schema\\\/person\\\/3aa1163ef05469c496fc94e77611ada2\"},\"headline\":\"Gilman Bakalli: Ata q\u00eb mund t\u00eb shkojn\u00eb tek partia e Topit jan\u00eb t\u00eb shumt\u00eb\",\"datePublished\":\"2011-10-27T08:52:13+00:00\",\"mainEntityOfPage\":{\"@id\":\"https:\\\/\\\/fjala.info\\\/2009-2015\\\/gilman-bakalli-ata-qe-mund-te-shkojne-tek-partia-e-topit-jane-te-shumte\\\/\"},\"wordCount\":230,\"commentCount\":0,\"publisher\":{\"@id\":\"https:\\\/\\\/fjala.info\\\/2009-2015\\\/#organization\"},\"image\":{\"@id\":\"https:\\\/\\\/fjala.info\\\/2009-2015\\\/gilman-bakalli-ata-qe-mund-te-shkojne-tek-partia-e-topit-jane-te-shumte\\\/#primaryimage\"},\"thumbnailUrl\":\"http:\\\/\\\/www.shkoder.net\\\/images\\\/fjala\\\/2011\\\/gilman_bakalli.jpg\",\"articleSection\":[\"Lajme\"],\"inLanguage\":\"sq-AL\",\"potentialAction\":[{\"@type\":\"CommentAction\",\"name\":\"Comment\",\"target\":[\"https:\\\/\\\/fjala.info\\\/2009-2015\\\/gilman-bakalli-ata-qe-mund-te-shkojne-tek-partia-e-topit-jane-te-shumte\\\/#respond\"]}]},{\"@type\":\"WebPage\",\"@id\":\"https:\\\/\\\/fjala.info\\\/2009-2015\\\/gilman-bakalli-ata-qe-mund-te-shkojne-tek-partia-e-topit-jane-te-shumte\\\/\",\"url\":\"https:\\\/\\\/fjala.info\\\/2009-2015\\\/gilman-bakalli-ata-qe-mund-te-shkojne-tek-partia-e-topit-jane-te-shumte\\\/\",\"name\":\"Gilman Bakalli: Ata q\u00eb mund t\u00eb shkojn\u00eb tek partia e Topit jan\u00eb t\u00eb shumt\u00eb - FjALA e LIR\u00cb - Arkivi\",\"isPartOf\":{\"@id\":\"https:\\\/\\\/fjala.info\\\/2009-2015\\\/#website\"},\"primaryImageOfPage\":{\"@id\":\"https:\\\/\\\/fjala.info\\\/2009-2015\\\/gilman-bakalli-ata-qe-mund-te-shkojne-tek-partia-e-topit-jane-te-shumte\\\/#primaryimage\"},\"image\":{\"@id\":\"https:\\\/\\\/fjala.info\\\/2009-2015\\\/gilman-bakalli-ata-qe-mund-te-shkojne-tek-partia-e-topit-jane-te-shumte\\\/#primaryimage\"},\"thumbnailUrl\":\"http:\\\/\\\/www.shkoder.net\\\/images\\\/fjala\\\/2011\\\/gilman_bakalli.jpg\",\"datePublished\":\"2011-10-27T08:52:13+00:00\",\"breadcrumb\":{\"@id\":\"https:\\\/\\\/fjala.info\\\/2009-2015\\\/gilman-bakalli-ata-qe-mund-te-shkojne-tek-partia-e-topit-jane-te-shumte\\\/#breadcrumb\"},\"inLanguage\":\"sq-AL\",\"potentialAction\":[{\"@type\":\"ReadAction\",\"target\":[\"https:\\\/\\\/fjala.info\\\/2009-2015\\\/gilman-bakalli-ata-qe-mund-te-shkojne-tek-partia-e-topit-jane-te-shumte\\\/\"]}]},{\"@type\":\"ImageObject\",\"inLanguage\":\"sq-AL\",\"@id\":\"https:\\\/\\\/fjala.info\\\/2009-2015\\\/gilman-bakalli-ata-qe-mund-te-shkojne-tek-partia-e-topit-jane-te-shumte\\\/#primaryimage\",\"url\":\"http:\\\/\\\/www.shkoder.net\\\/images\\\/fjala\\\/2011\\\/gilman_bakalli.jpg\",\"contentUrl\":\"http:\\\/\\\/www.shkoder.net\\\/images\\\/fjala\\\/2011\\\/gilman_bakalli.jpg\"},{\"@type\":\"BreadcrumbList\",\"@id\":\"https:\\\/\\\/fjala.info\\\/2009-2015\\\/gilman-bakalli-ata-qe-mund-te-shkojne-tek-partia-e-topit-jane-te-shumte\\\/#breadcrumb\",\"itemListElement\":[{\"@type\":\"ListItem\",\"position\":1,\"name\":\"Home\",\"item\":\"https:\\\/\\\/fjala.info\\\/2009-2015\\\/\"},{\"@type\":\"ListItem\",\"position\":2,\"name\":\"Gilman Bakalli: Ata q\u00eb mund t\u00eb shkojn\u00eb tek partia e Topit jan\u00eb t\u00eb shumt\u00eb\"}]},{\"@type\":\"WebSite\",\"@id\":\"https:\\\/\\\/fjala.info\\\/2009-2015\\\/#website\",\"url\":\"https:\\\/\\\/fjala.info\\\/2009-2015\\\/\",\"name\":\"FjALA e LIR\u00cb - Arkivi\",\"description\":\"Arkivi 2009-2015\",\"publisher\":{\"@id\":\"https:\\\/\\\/fjala.info\\\/2009-2015\\\/#organization\"},\"potentialAction\":[{\"@type\":\"SearchAction\",\"target\":{\"@type\":\"EntryPoint\",\"urlTemplate\":\"https:\\\/\\\/fjala.info\\\/2009-2015\\\/?s={search_term_string}\"},\"query-input\":{\"@type\":\"PropertyValueSpecification\",\"valueRequired\":true,\"valueName\":\"search_term_string\"}}],\"inLanguage\":\"sq-AL\"},{\"@type\":\"Organization\",\"@id\":\"https:\\\/\\\/fjala.info\\\/2009-2015\\\/#organization\",\"name\":\"FjALA e LIR\u00cb - Arkivi\",\"url\":\"https:\\\/\\\/fjala.info\\\/2009-2015\\\/\",\"logo\":{\"@type\":\"ImageObject\",\"inLanguage\":\"sq-AL\",\"@id\":\"https:\\\/\\\/fjala.info\\\/2009-2015\\\/#\\\/schema\\\/logo\\\/image\\\/\",\"url\":\"\",\"contentUrl\":\"\",\"caption\":\"FjALA e LIR\u00cb - Arkivi\"},\"image\":{\"@id\":\"https:\\\/\\\/fjala.info\\\/2009-2015\\\/#\\\/schema\\\/logo\\\/image\\\/\"}},{\"@type\":\"Person\",\"@id\":\"https:\\\/\\\/fjala.info\\\/2009-2015\\\/#\\\/schema\\\/person\\\/3aa1163ef05469c496fc94e77611ada2\",\"name\":\"admin\",\"image\":{\"@type\":\"ImageObject\",\"inLanguage\":\"sq-AL\",\"@id\":\"https:\\\/\\\/fjala.info\\\/2009-2015\\\/wp-content\\\/uploads\\\/2012\\\/02\\\/arben_cokaj-120x150.jpg\",\"url\":\"https:\\\/\\\/fjala.info\\\/2009-2015\\\/wp-content\\\/uploads\\\/2012\\\/02\\\/arben_cokaj-120x150.jpg\",\"contentUrl\":\"https:\\\/\\\/fjala.info\\\/2009-2015\\\/wp-content\\\/uploads\\\/2012\\\/02\\\/arben_cokaj-120x150.jpg\",\"caption\":\"admin\"},\"description\":\"Admin, Fjala e Lir\u00eb\",\"sameAs\":[\"https:\\\/\\\/fjala.info\\\/\"],\"url\":\"https:\\\/\\\/fjala.info\\\/2009-2015\\\/author\\\/admin\\\/\"}]}<\/script>\n<!-- \/ Yoast SEO plugin. -->","yoast_head_json":{"title":"Gilman Bakalli: Ata q\u00eb mund t\u00eb shkojn\u00eb tek partia e Topit jan\u00eb t\u00eb shumt\u00eb - FjALA e LIR\u00cb - Arkivi","robots":{"index":"index","follow":"follow","max-snippet":"max-snippet:-1","max-image-preview":"max-image-preview:large","max-video-preview":"max-video-preview:-1"},"canonical":"https:\/\/fjala.info\/2009-2015\/gilman-bakalli-ata-qe-mund-te-shkojne-tek-partia-e-topit-jane-te-shumte\/","og_locale":"sq_AL","og_type":"article","og_title":"Gilman Bakalli: Ata q\u00eb mund t\u00eb shkojn\u00eb tek partia e Topit jan\u00eb t\u00eb shumt\u00eb - FjALA e LIR\u00cb - Arkivi","og_description":"TemA, 27 Tetor 2011 Ish- deputeti i Partis\u00eb Demokratike, Gilman Bakalli, n\u00eb nj\u00eb intervist\u00eb p\u00ebr \u2018GSH\u2019 ka th\u00ebn\u00eb se ardhja e nj\u00eb partie t\u00eb re n\u00eb Shqip\u00ebri nuk \u00ebsht\u00eb ndonj\u00eb lajm i mir\u00eb, p\u00ebr shkak se n\u00eb k\u00ebt\u00eb vend nuk ka zgjedhje. \u201cN\u00eb kushtet kur diferencat ideologjike n\u00eb Shqip\u00ebri jan\u00eb sheshuar thuajse t\u00ebr\u00ebsisht, n\u00eb kushtet [&hellip;]","og_url":"https:\/\/fjala.info\/2009-2015\/gilman-bakalli-ata-qe-mund-te-shkojne-tek-partia-e-topit-jane-te-shumte\/","og_site_name":"FjALA e LIR\u00cb - Arkivi","article_published_time":"2011-10-27T08:52:13+00:00","og_image":[{"url":"http:\/\/www.shkoder.net\/images\/fjala\/2011\/gilman_bakalli.jpg","type":"","width":"","height":""}],"author":"admin","twitter_card":"summary_large_image","twitter_misc":{"Written by":"admin","Est. reading time":"1 minute"},"schema":{"@context":"https:\/\/schema.org","@graph":[{"@type":"Article","@id":"https:\/\/fjala.info\/2009-2015\/gilman-bakalli-ata-qe-mund-te-shkojne-tek-partia-e-topit-jane-te-shumte\/#article","isPartOf":{"@id":"https:\/\/fjala.info\/2009-2015\/gilman-bakalli-ata-qe-mund-te-shkojne-tek-partia-e-topit-jane-te-shumte\/"},"author":{"name":"admin","@id":"https:\/\/fjala.info\/2009-2015\/#\/schema\/person\/3aa1163ef05469c496fc94e77611ada2"},"headline":"Gilman Bakalli: Ata q\u00eb mund t\u00eb shkojn\u00eb tek partia e Topit jan\u00eb t\u00eb shumt\u00eb","datePublished":"2011-10-27T08:52:13+00:00","mainEntityOfPage":{"@id":"https:\/\/fjala.info\/2009-2015\/gilman-bakalli-ata-qe-mund-te-shkojne-tek-partia-e-topit-jane-te-shumte\/"},"wordCount":230,"commentCount":0,"publisher":{"@id":"https:\/\/fjala.info\/2009-2015\/#organization"},"image":{"@id":"https:\/\/fjala.info\/2009-2015\/gilman-bakalli-ata-qe-mund-te-shkojne-tek-partia-e-topit-jane-te-shumte\/#primaryimage"},"thumbnailUrl":"http:\/\/www.shkoder.net\/images\/fjala\/2011\/gilman_bakalli.jpg","articleSection":["Lajme"],"inLanguage":"sq-AL","potentialAction":[{"@type":"CommentAction","name":"Comment","target":["https:\/\/fjala.info\/2009-2015\/gilman-bakalli-ata-qe-mund-te-shkojne-tek-partia-e-topit-jane-te-shumte\/#respond"]}]},{"@type":"WebPage","@id":"https:\/\/fjala.info\/2009-2015\/gilman-bakalli-ata-qe-mund-te-shkojne-tek-partia-e-topit-jane-te-shumte\/","url":"https:\/\/fjala.info\/2009-2015\/gilman-bakalli-ata-qe-mund-te-shkojne-tek-partia-e-topit-jane-te-shumte\/","name":"Gilman Bakalli: Ata q\u00eb mund t\u00eb shkojn\u00eb tek partia e Topit jan\u00eb t\u00eb shumt\u00eb - FjALA e LIR\u00cb - Arkivi","isPartOf":{"@id":"https:\/\/fjala.info\/2009-2015\/#website"},"primaryImageOfPage":{"@id":"https:\/\/fjala.info\/2009-2015\/gilman-bakalli-ata-qe-mund-te-shkojne-tek-partia-e-topit-jane-te-shumte\/#primaryimage"},"image":{"@id":"https:\/\/fjala.info\/2009-2015\/gilman-bakalli-ata-qe-mund-te-shkojne-tek-partia-e-topit-jane-te-shumte\/#primaryimage"},"thumbnailUrl":"http:\/\/www.shkoder.net\/images\/fjala\/2011\/gilman_bakalli.jpg","datePublished":"2011-10-27T08:52:13+00:00","breadcrumb":{"@id":"https:\/\/fjala.info\/2009-2015\/gilman-bakalli-ata-qe-mund-te-shkojne-tek-partia-e-topit-jane-te-shumte\/#breadcrumb"},"inLanguage":"sq-AL","potentialAction":[{"@type":"ReadAction","target":["https:\/\/fjala.info\/2009-2015\/gilman-bakalli-ata-qe-mund-te-shkojne-tek-partia-e-topit-jane-te-shumte\/"]}]},{"@type":"ImageObject","inLanguage":"sq-AL","@id":"https:\/\/fjala.info\/2009-2015\/gilman-bakalli-ata-qe-mund-te-shkojne-tek-partia-e-topit-jane-te-shumte\/#primaryimage","url":"http:\/\/www.shkoder.net\/images\/fjala\/2011\/gilman_bakalli.jpg","contentUrl":"http:\/\/www.shkoder.net\/images\/fjala\/2011\/gilman_bakalli.jpg"},{"@type":"BreadcrumbList","@id":"https:\/\/fjala.info\/2009-2015\/gilman-bakalli-ata-qe-mund-te-shkojne-tek-partia-e-topit-jane-te-shumte\/#breadcrumb","itemListElement":[{"@type":"ListItem","position":1,"name":"Home","item":"https:\/\/fjala.info\/2009-2015\/"},{"@type":"ListItem","position":2,"name":"Gilman Bakalli: Ata q\u00eb mund t\u00eb shkojn\u00eb tek partia e Topit jan\u00eb t\u00eb shumt\u00eb"}]},{"@type":"WebSite","@id":"https:\/\/fjala.info\/2009-2015\/#website","url":"https:\/\/fjala.info\/2009-2015\/","name":"FjALA e LIR\u00cb - Arkivi","description":"Arkivi 2009-2015","publisher":{"@id":"https:\/\/fjala.info\/2009-2015\/#organization"},"potentialAction":[{"@type":"SearchAction","target":{"@type":"EntryPoint","urlTemplate":"https:\/\/fjala.info\/2009-2015\/?s={search_term_string}"},"query-input":{"@type":"PropertyValueSpecification","valueRequired":true,"valueName":"search_term_string"}}],"inLanguage":"sq-AL"},{"@type":"Organization","@id":"https:\/\/fjala.info\/2009-2015\/#organization","name":"FjALA e LIR\u00cb - Arkivi","url":"https:\/\/fjala.info\/2009-2015\/","logo":{"@type":"ImageObject","inLanguage":"sq-AL","@id":"https:\/\/fjala.info\/2009-2015\/#\/schema\/logo\/image\/","url":"","contentUrl":"","caption":"FjALA e LIR\u00cb - Arkivi"},"image":{"@id":"https:\/\/fjala.info\/2009-2015\/#\/schema\/logo\/image\/"}},{"@type":"Person","@id":"https:\/\/fjala.info\/2009-2015\/#\/schema\/person\/3aa1163ef05469c496fc94e77611ada2","name":"admin","image":{"@type":"ImageObject","inLanguage":"sq-AL","@id":"https:\/\/fjala.info\/2009-2015\/wp-content\/uploads\/2012\/02\/arben_cokaj-120x150.jpg","url":"https:\/\/fjala.info\/2009-2015\/wp-content\/uploads\/2012\/02\/arben_cokaj-120x150.jpg","contentUrl":"https:\/\/fjala.info\/2009-2015\/wp-content\/uploads\/2012\/02\/arben_cokaj-120x150.jpg","caption":"admin"},"description":"Admin, Fjala e Lir\u00eb","sameAs":["https:\/\/fjala.info\/"],"url":"https:\/\/fjala.info\/2009-2015\/author\/admin\/"}]}},"_links":{"self":[{"href":"https:\/\/fjala.info\/2009-2015\/wp-json\/wp\/v2\/posts\/11165","targetHints":{"allow":["GET"]}}],"collection":[{"href":"https:\/\/fjala.info\/2009-2015\/wp-json\/wp\/v2\/posts"}],"about":[{"href":"https:\/\/fjala.info\/2009-2015\/wp-json\/wp\/v2\/types\/post"}],"author":[{"embeddable":true,"href":"https:\/\/fjala.info\/2009-2015\/wp-json\/wp\/v2\/users\/1"}],"replies":[{"embeddable":true,"href":"https:\/\/fjala.info\/2009-2015\/wp-json\/wp\/v2\/comments?post=11165"}],"version-history":[{"count":0,"href":"https:\/\/fjala.info\/2009-2015\/wp-json\/wp\/v2\/posts\/11165\/revisions"}],"wp:attachment":[{"href":"https:\/\/fjala.info\/2009-2015\/wp-json\/wp\/v2\/media?parent=11165"}],"wp:term":[{"taxonomy":"category","embeddable":true,"href":"https:\/\/fjala.info\/2009-2015\/wp-json\/wp\/v2\/categories?post=11165"},{"taxonomy":"post_tag","embeddable":true,"href":"https:\/\/fjala.info\/2009-2015\/wp-json\/wp\/v2\/tags?post=11165"}],"curies":[{"name":"wp","href":"https:\/\/api.w.org\/{rel}","templated":true}]}}