{"id":11161,"date":"2011-10-27T09:47:00","date_gmt":"2011-10-27T08:47:00","guid":{"rendered":"http:\/\/fjala.shkoder.net\/?p=11161"},"modified":"2011-10-27T09:47:00","modified_gmt":"2011-10-27T08:47:00","slug":"leter-ambasadorit-te-frances","status":"publish","type":"post","link":"https:\/\/fjala.info\/2009-2015\/leter-ambasadorit-te-frances\/","title":{"rendered":"Let\u00ebr ambasadorit t\u00eb Franc\u00ebs"},"content":{"rendered":"<p><img decoding=\"async\" class=\"alignleft size-thumbnail wp-image-7236\" title=\"Albin Kurti\" src=\"http:\/\/www.shkoder.net\/images\/fjala\/albin_kurti1.jpg\" alt=\"\" width=\"150\" \/> Nga <strong>Albin Kurti<\/strong>, <em>26 Tetor 2011<\/em><\/p>\n<p>Shk\u00eblqesis\u00eb s\u00eb tij Jean-Fran\u00e7ois Fitou,<br \/>\nambasador,<\/p>\n<p>Ambasada Franceze n\u00eb Prishtin\u00eb, Kosov\u00eb,<br \/>\n\u201dIsmail Qemali\u201d 67,<br \/>\nPrishtin\u00eb, Republika e Kosov\u00ebs<\/p>\n<p>I nderuari Ambasador,<\/p>\n<p>Dit\u00ebn e djeshme, n\u00ebnt\u00eb aktivist\u00eb t\u00eb l\u00ebvizjes VET\u00cbVENDOSJE! p\u00ebrdor\u00ebn t\u00eb drejt\u00ebn e tyre p\u00ebr t\u00eb protestuar kund\u00ebr qeveris\u00eb gjat\u00eb nj\u00eb prezantimi p\u00ebr liberalizimin e vizave, q\u00eb u mbajt nga ministri i Brendsh\u00ebm, Bajram Rexhepi, n\u00eb Institutin e Studimeve Politike Evropiane (ISPE).<\/p>\n<p>Nd\u00ebrkoh\u00eb q\u00eb situata n\u00eb veri po degradon dhe shum\u00eb njer\u00ebz e kan\u00eb jet\u00ebn e tyre n\u00eb rrezik, ministri Rexhepi i ka tallur vazhdimisht n\u00eb publik qytetar\u00ebt, duke shp\u00ebrfillur k\u00ebrkesat e tyre p\u00ebr siguri dhe p\u00ebr mbrojtje.<\/p>\n<p>E drejta p\u00ebr t\u00eb protestuar \u00ebsht\u00eb e garantuar nga Kushtetuta e Republik\u00ebs s\u00eb Kosov\u00ebs, si dhe nga konventat nd\u00ebrkomb\u00ebtare dhe evropiane p\u00ebr t\u00eb drejtat e njeriut. Protestat konsiderohen si nj\u00eb kontrbut tep\u00ebr i vyesh\u00ebm p\u00ebr demokracin\u00eb n\u00eb shum\u00eb vende evropiane per\u00ebndimore. Gjat\u00eb k\u00ebsaj proteste, aktivist\u00ebt tan\u00eb kan\u00eb protestuar paq\u00ebsisht, por ata jan\u00eb rrahur, arrestuar dhe m\u00eb pas edhe jan\u00eb keqtrajtuar pasi u \u00ebsht\u00eb hequr liria.<\/p>\n<p>Aktivist\u00ebt e l\u00ebvizjes VET\u00cbVENDOSJE! kan\u00eb vepruar ashtu si\u00e7 do t\u00eb kishin vepruar edhe qytetar\u00ebt e nd\u00ebrgjegjsh\u00ebm n\u00eb cilindo vend t\u00eb bot\u00ebs. Aktivist\u00ebt kan\u00eb v\u00ebrsh\u00ebllyer dhe kan\u00eb hedhur pamflete n\u00eb aj\u00ebr p\u00ebr t\u00eb mbrojtur t\u00eb drejtat e qytetar\u00ebve n\u00eb t\u00eb gjith\u00eb vendin, si dhe duke shprehur pak\u00ebnaq\u00ebsin\u00eb e tyre me politikat e qeveris\u00eb.<\/p>\n<p>Kjo protest\u00eb u b\u00eb p\u00ebr t\u00eb hedhur posht\u00eb manipulimin dhe demagogjin\u00eb e nj\u00eb qeverie, e cila nuk arrin dot t\u00eb garantoj\u00eb as lirin\u00eb e l\u00ebvizjes brenda territorit t\u00eb Kosov\u00ebs, nj\u00eb qeveri e cila ka d\u00ebshtuar q\u00eb t\u00eb mbroj\u00eb kufijt\u00eb e saj dhe nuk plot\u00ebson as nevoj\u00ebn baz\u00eb t\u00eb qytetar\u00ebve t\u00eb saj p\u00ebr t\u2019u ndjer\u00eb t\u00eb sigurt n\u00eb atdheun e tyre.<\/p>\n<p>N\u00ebnt\u00eb aktivist\u00eb u shtyn\u00eb dhe u nxor\u00ebn me forc\u00eb nga salla e konferencave. Por, ata nuk u lejuan t\u00eb largoheshin nga nd\u00ebrtesa e kolegjit ISPE. Truprojat e ministrit Rexhepi dhe disa polic\u00eb i ndan\u00eb aktivistet nga aktivist\u00ebt tan\u00eb, duke i mbajtur t\u00eb mbyllur k\u00ebta t\u00eb fundit n\u00eb m\u00ebnyr\u00eb t\u00eb jasht\u00ebligjshme n\u00eb nj\u00ebr\u00ebn prej dhomave t\u00eb nd\u00ebrtes\u00ebs, ku dhe filluan t\u2019i rrihnin r\u00ebnd\u00eb.<\/p>\n<p>E gjith\u00eb kjo ka nisur n\u00eb prezenc\u00ebn tuaj dhe ka vazhduar gjat\u00eb koh\u00ebs q\u00eb ju keni qen\u00eb n\u00eb prezantim. Pasi ju u larguat, aktivist\u00ebt u d\u00ebrguan n\u00eb burg. T\u00eb gjitha mediat kan\u00eb mbuluar komentet tuaja ku ju e keni cil\u00ebsuar aksionin ton\u00eb politik si nj\u00eb aksion \u201cfashist\u201d. P\u00ebr m\u00eb tep\u00ebr, ju i keni krahasuar aktivist\u00ebt tan\u00eb me fashist\u00ebt e vitit 1943, t\u00eb cil\u00ebt u hiqnin t\u00eb tjer\u00ebve t\u00eb drejt\u00ebn e fjal\u00ebs s\u00eb lir\u00eb, duke e \u00e7uar krahasimin deri aty sa keni p\u00ebrmendur edhe Hitlerin dhe Bavarin\u00eb.<\/p>\n<p>Deklaratat tuaja jan\u00eb thell\u00ebsisht ofenduese p\u00ebr student\u00ebt q\u00eb kan\u00eb marr\u00eb pjes\u00eb n\u00eb protest\u00eb, p\u00ebr L\u00ebvizjen VET\u00cbVENDOSJE!, dhe p\u00ebr popullin e Kosov\u00ebs. Aktivist\u00ebt dhe aksioni i tyre nuk kan\u00eb asgj\u00eb t\u00eb p\u00ebrbashk\u00ebt me fashizmin.<\/p>\n<p>P\u00ebrkundrazi: nuk ka asnj\u00eb subjekt tjet\u00ebr politik n\u00eb Kosov\u00eb q\u00eb ushqen q\u00ebndrime dhe ndjenja antifashiste si\u00e7 e b\u00ebn k\u00ebt\u00eb L\u00ebvizja VET\u00cbVENDOSJE!. Duke qen\u00eb se jemi takuar drejtp\u00ebrdrejt dhe kemi diskutuar s\u00eb bashku, un\u00eb nuk mund ta besoj q\u00eb ju nuk jeni n\u00eb dijeni t\u00eb k\u00ebsaj. Prandaj dhe deklaratat tuaja na kan\u00eb shokuar s\u00eb tep\u00ebrmi.<\/p>\n<p>N\u00ebp\u00ebrmjet k\u00ebsaj letre d\u00ebshirojm\u00eb t\u00eb qart\u00ebsojm\u00eb n\u00ebs\u00eb deklaratat tuaja p\u00ebrfaq\u00ebsojn\u00eb edhe q\u00ebndrimin zyrtar t\u00eb Ambasad\u00ebs s\u00eb Republik\u00ebs Franceze n\u00eb Kosov\u00eb, dhe q\u00ebndrimin e Ministris\u00eb s\u00eb Pun\u00ebve t\u00eb Jashtme n\u00eb Franc\u00eb.<\/p>\n<p>K\u00ebt\u00eb let\u00ebr po e nisim edhe tek Ministria e Pun\u00ebve t\u00eb Jashtme n\u00eb Franc\u00eb, tek kryetari i Parlamentit francez, si dhe tek subjekte politike dhe media franceze. N\u00ebse deklarimet tuaja p\u00ebrfaq\u00ebsojn\u00eb q\u00ebndrimin zyrtar, d\u00ebshirojm\u00eb t\u00eb shprehim indinjat\u00ebn ton\u00eb m\u00eb t\u00eb thell\u00eb kund\u00ebr k\u00ebtyre deklarimeve t\u00eb padrejta.<\/p>\n<p>Franca, si popull dhe si Republik\u00eb, \u00ebsht\u00eb nj\u00eb shembull i demokracis\u00eb p\u00ebr bot\u00ebn. Liria p\u00ebr t\u00eb protestuar dhe p\u00ebr t\u00eb shprehur pak\u00ebnaq\u00ebsin\u00eb me politikat qeveris\u00ebse p\u00ebrmes aksioneve paq\u00ebsore politike \u00ebsht\u00eb di\u00e7ka e shenjt\u00eb q\u00eb q\u00ebndron n\u00eb themelet e shtetit francez. Franca gjithashtu g\u00ebzon nj\u00eb respekt t\u00eb madh si dhe p\u00ebrkrahje nga Kosova. Kjo i b\u00ebn edhe m\u00eb shqet\u00ebsuese deklaratat dhe cil\u00ebsimet q\u00eb ju keni artikuluar.<\/p>\n<p>Ne shpresojm\u00eb me t\u00eb v\u00ebrtet\u00eb se ju do t\u2019iu k\u00ebrkoni falje aktivist\u00ebve dhe publikut, dhe se do ta sqaroni k\u00ebt\u00eb incident sa m\u00eb shpejt q\u00eb t\u00eb jet\u00eb e mundur.<\/p>\n<p>Sinqerisht,<\/p>\n<p>Albin Kurti<\/p>\n<p>kryetar i L\u00ebvizjes VET\u00cbVENDOSJE!<\/p>\n","protected":false},"excerpt":{"rendered":"<p>Nga Albin Kurti, 26 Tetor 2011 Shk\u00eblqesis\u00eb s\u00eb tij Jean-Fran\u00e7ois Fitou, ambasador, Ambasada Franceze n\u00eb Prishtin\u00eb, Kosov\u00eb, \u201dIsmail Qemali\u201d 67, Prishtin\u00eb, Republika e Kosov\u00ebs I nderuari Ambasador, Dit\u00ebn e djeshme, n\u00ebnt\u00eb aktivist\u00eb t\u00eb l\u00ebvizjes VET\u00cbVENDOSJE! p\u00ebrdor\u00ebn t\u00eb drejt\u00ebn e tyre p\u00ebr t\u00eb protestuar kund\u00ebr qeveris\u00eb gjat\u00eb nj\u00eb prezantimi p\u00ebr liberalizimin e vizave, q\u00eb u mbajt [&hellip;]<\/p>\n","protected":false},"author":1,"featured_media":0,"comment_status":"open","ping_status":"closed","sticky":false,"template":"","format":"standard","meta":{"footnotes":""},"categories":[2],"tags":[],"class_list":{"0":"post-11161","1":"post","2":"type-post","3":"status-publish","4":"format-standard","6":"category-artikuj"},"yoast_head":"<!-- This site is optimized with the Yoast SEO plugin v27.4 - https:\/\/yoast.com\/product\/yoast-seo-wordpress\/ -->\n<title>Let\u00ebr ambasadorit t\u00eb Franc\u00ebs - FjALA e LIR\u00cb - Arkivi<\/title>\n<meta name=\"robots\" content=\"index, follow, max-snippet:-1, max-image-preview:large, max-video-preview:-1\" \/>\n<link rel=\"canonical\" href=\"https:\/\/fjala.info\/2009-2015\/leter-ambasadorit-te-frances\/\" \/>\n<meta property=\"og:locale\" content=\"sq_AL\" \/>\n<meta property=\"og:type\" content=\"article\" \/>\n<meta property=\"og:title\" content=\"Let\u00ebr ambasadorit t\u00eb Franc\u00ebs - FjALA e LIR\u00cb - Arkivi\" \/>\n<meta property=\"og:description\" content=\"Nga Albin Kurti, 26 Tetor 2011 Shk\u00eblqesis\u00eb s\u00eb tij Jean-Fran\u00e7ois Fitou, ambasador, Ambasada Franceze n\u00eb Prishtin\u00eb, Kosov\u00eb, \u201dIsmail Qemali\u201d 67, Prishtin\u00eb, Republika e Kosov\u00ebs I nderuari Ambasador, Dit\u00ebn e djeshme, n\u00ebnt\u00eb aktivist\u00eb t\u00eb l\u00ebvizjes VET\u00cbVENDOSJE! p\u00ebrdor\u00ebn t\u00eb drejt\u00ebn e tyre p\u00ebr t\u00eb protestuar kund\u00ebr qeveris\u00eb gjat\u00eb nj\u00eb prezantimi p\u00ebr liberalizimin e vizave, q\u00eb u mbajt [&hellip;]\" \/>\n<meta property=\"og:url\" content=\"https:\/\/fjala.info\/2009-2015\/leter-ambasadorit-te-frances\/\" \/>\n<meta property=\"og:site_name\" content=\"FjALA e LIR\u00cb - Arkivi\" \/>\n<meta property=\"article:published_time\" content=\"2011-10-27T08:47:00+00:00\" \/>\n<meta property=\"og:image\" content=\"http:\/\/www.shkoder.net\/images\/fjala\/albin_kurti1.jpg\" \/>\n<meta name=\"author\" content=\"admin\" \/>\n<meta name=\"twitter:card\" content=\"summary_large_image\" \/>\n<meta name=\"twitter:label1\" content=\"Written by\" \/>\n\t<meta name=\"twitter:data1\" content=\"admin\" \/>\n\t<meta name=\"twitter:label2\" content=\"Est. reading time\" \/>\n\t<meta name=\"twitter:data2\" content=\"4 minutes\" \/>\n<script type=\"application\/ld+json\" class=\"yoast-schema-graph\">{\"@context\":\"https:\\\/\\\/schema.org\",\"@graph\":[{\"@type\":\"Article\",\"@id\":\"https:\\\/\\\/fjala.info\\\/2009-2015\\\/leter-ambasadorit-te-frances\\\/#article\",\"isPartOf\":{\"@id\":\"https:\\\/\\\/fjala.info\\\/2009-2015\\\/leter-ambasadorit-te-frances\\\/\"},\"author\":{\"name\":\"admin\",\"@id\":\"https:\\\/\\\/fjala.info\\\/2009-2015\\\/#\\\/schema\\\/person\\\/3aa1163ef05469c496fc94e77611ada2\"},\"headline\":\"Let\u00ebr ambasadorit t\u00eb Franc\u00ebs\",\"datePublished\":\"2011-10-27T08:47:00+00:00\",\"mainEntityOfPage\":{\"@id\":\"https:\\\/\\\/fjala.info\\\/2009-2015\\\/leter-ambasadorit-te-frances\\\/\"},\"wordCount\":849,\"commentCount\":0,\"publisher\":{\"@id\":\"https:\\\/\\\/fjala.info\\\/2009-2015\\\/#organization\"},\"image\":{\"@id\":\"https:\\\/\\\/fjala.info\\\/2009-2015\\\/leter-ambasadorit-te-frances\\\/#primaryimage\"},\"thumbnailUrl\":\"http:\\\/\\\/www.shkoder.net\\\/images\\\/fjala\\\/albin_kurti1.jpg\",\"articleSection\":[\"Artikuj\"],\"inLanguage\":\"sq-AL\",\"potentialAction\":[{\"@type\":\"CommentAction\",\"name\":\"Comment\",\"target\":[\"https:\\\/\\\/fjala.info\\\/2009-2015\\\/leter-ambasadorit-te-frances\\\/#respond\"]}]},{\"@type\":\"WebPage\",\"@id\":\"https:\\\/\\\/fjala.info\\\/2009-2015\\\/leter-ambasadorit-te-frances\\\/\",\"url\":\"https:\\\/\\\/fjala.info\\\/2009-2015\\\/leter-ambasadorit-te-frances\\\/\",\"name\":\"Let\u00ebr ambasadorit t\u00eb Franc\u00ebs - FjALA e LIR\u00cb - Arkivi\",\"isPartOf\":{\"@id\":\"https:\\\/\\\/fjala.info\\\/2009-2015\\\/#website\"},\"primaryImageOfPage\":{\"@id\":\"https:\\\/\\\/fjala.info\\\/2009-2015\\\/leter-ambasadorit-te-frances\\\/#primaryimage\"},\"image\":{\"@id\":\"https:\\\/\\\/fjala.info\\\/2009-2015\\\/leter-ambasadorit-te-frances\\\/#primaryimage\"},\"thumbnailUrl\":\"http:\\\/\\\/www.shkoder.net\\\/images\\\/fjala\\\/albin_kurti1.jpg\",\"datePublished\":\"2011-10-27T08:47:00+00:00\",\"breadcrumb\":{\"@id\":\"https:\\\/\\\/fjala.info\\\/2009-2015\\\/leter-ambasadorit-te-frances\\\/#breadcrumb\"},\"inLanguage\":\"sq-AL\",\"potentialAction\":[{\"@type\":\"ReadAction\",\"target\":[\"https:\\\/\\\/fjala.info\\\/2009-2015\\\/leter-ambasadorit-te-frances\\\/\"]}]},{\"@type\":\"ImageObject\",\"inLanguage\":\"sq-AL\",\"@id\":\"https:\\\/\\\/fjala.info\\\/2009-2015\\\/leter-ambasadorit-te-frances\\\/#primaryimage\",\"url\":\"http:\\\/\\\/www.shkoder.net\\\/images\\\/fjala\\\/albin_kurti1.jpg\",\"contentUrl\":\"http:\\\/\\\/www.shkoder.net\\\/images\\\/fjala\\\/albin_kurti1.jpg\"},{\"@type\":\"BreadcrumbList\",\"@id\":\"https:\\\/\\\/fjala.info\\\/2009-2015\\\/leter-ambasadorit-te-frances\\\/#breadcrumb\",\"itemListElement\":[{\"@type\":\"ListItem\",\"position\":1,\"name\":\"Home\",\"item\":\"https:\\\/\\\/fjala.info\\\/2009-2015\\\/\"},{\"@type\":\"ListItem\",\"position\":2,\"name\":\"Let\u00ebr ambasadorit t\u00eb Franc\u00ebs\"}]},{\"@type\":\"WebSite\",\"@id\":\"https:\\\/\\\/fjala.info\\\/2009-2015\\\/#website\",\"url\":\"https:\\\/\\\/fjala.info\\\/2009-2015\\\/\",\"name\":\"FjALA e LIR\u00cb - Arkivi\",\"description\":\"Arkivi 2009-2015\",\"publisher\":{\"@id\":\"https:\\\/\\\/fjala.info\\\/2009-2015\\\/#organization\"},\"potentialAction\":[{\"@type\":\"SearchAction\",\"target\":{\"@type\":\"EntryPoint\",\"urlTemplate\":\"https:\\\/\\\/fjala.info\\\/2009-2015\\\/?s={search_term_string}\"},\"query-input\":{\"@type\":\"PropertyValueSpecification\",\"valueRequired\":true,\"valueName\":\"search_term_string\"}}],\"inLanguage\":\"sq-AL\"},{\"@type\":\"Organization\",\"@id\":\"https:\\\/\\\/fjala.info\\\/2009-2015\\\/#organization\",\"name\":\"FjALA e LIR\u00cb - Arkivi\",\"url\":\"https:\\\/\\\/fjala.info\\\/2009-2015\\\/\",\"logo\":{\"@type\":\"ImageObject\",\"inLanguage\":\"sq-AL\",\"@id\":\"https:\\\/\\\/fjala.info\\\/2009-2015\\\/#\\\/schema\\\/logo\\\/image\\\/\",\"url\":\"\",\"contentUrl\":\"\",\"caption\":\"FjALA e LIR\u00cb - Arkivi\"},\"image\":{\"@id\":\"https:\\\/\\\/fjala.info\\\/2009-2015\\\/#\\\/schema\\\/logo\\\/image\\\/\"}},{\"@type\":\"Person\",\"@id\":\"https:\\\/\\\/fjala.info\\\/2009-2015\\\/#\\\/schema\\\/person\\\/3aa1163ef05469c496fc94e77611ada2\",\"name\":\"admin\",\"image\":{\"@type\":\"ImageObject\",\"inLanguage\":\"sq-AL\",\"@id\":\"https:\\\/\\\/fjala.info\\\/2009-2015\\\/wp-content\\\/uploads\\\/2012\\\/02\\\/arben_cokaj-120x150.jpg\",\"url\":\"https:\\\/\\\/fjala.info\\\/2009-2015\\\/wp-content\\\/uploads\\\/2012\\\/02\\\/arben_cokaj-120x150.jpg\",\"contentUrl\":\"https:\\\/\\\/fjala.info\\\/2009-2015\\\/wp-content\\\/uploads\\\/2012\\\/02\\\/arben_cokaj-120x150.jpg\",\"caption\":\"admin\"},\"description\":\"Admin, Fjala e Lir\u00eb\",\"sameAs\":[\"https:\\\/\\\/fjala.info\\\/\"],\"url\":\"https:\\\/\\\/fjala.info\\\/2009-2015\\\/author\\\/admin\\\/\"}]}<\/script>\n<!-- \/ Yoast SEO plugin. -->","yoast_head_json":{"title":"Let\u00ebr ambasadorit t\u00eb Franc\u00ebs - FjALA e LIR\u00cb - Arkivi","robots":{"index":"index","follow":"follow","max-snippet":"max-snippet:-1","max-image-preview":"max-image-preview:large","max-video-preview":"max-video-preview:-1"},"canonical":"https:\/\/fjala.info\/2009-2015\/leter-ambasadorit-te-frances\/","og_locale":"sq_AL","og_type":"article","og_title":"Let\u00ebr ambasadorit t\u00eb Franc\u00ebs - FjALA e LIR\u00cb - Arkivi","og_description":"Nga Albin Kurti, 26 Tetor 2011 Shk\u00eblqesis\u00eb s\u00eb tij Jean-Fran\u00e7ois Fitou, ambasador, Ambasada Franceze n\u00eb Prishtin\u00eb, Kosov\u00eb, \u201dIsmail Qemali\u201d 67, Prishtin\u00eb, Republika e Kosov\u00ebs I nderuari Ambasador, Dit\u00ebn e djeshme, n\u00ebnt\u00eb aktivist\u00eb t\u00eb l\u00ebvizjes VET\u00cbVENDOSJE! p\u00ebrdor\u00ebn t\u00eb drejt\u00ebn e tyre p\u00ebr t\u00eb protestuar kund\u00ebr qeveris\u00eb gjat\u00eb nj\u00eb prezantimi p\u00ebr liberalizimin e vizave, q\u00eb u mbajt [&hellip;]","og_url":"https:\/\/fjala.info\/2009-2015\/leter-ambasadorit-te-frances\/","og_site_name":"FjALA e LIR\u00cb - Arkivi","article_published_time":"2011-10-27T08:47:00+00:00","og_image":[{"url":"http:\/\/www.shkoder.net\/images\/fjala\/albin_kurti1.jpg","type":"","width":"","height":""}],"author":"admin","twitter_card":"summary_large_image","twitter_misc":{"Written by":"admin","Est. reading time":"4 minutes"},"schema":{"@context":"https:\/\/schema.org","@graph":[{"@type":"Article","@id":"https:\/\/fjala.info\/2009-2015\/leter-ambasadorit-te-frances\/#article","isPartOf":{"@id":"https:\/\/fjala.info\/2009-2015\/leter-ambasadorit-te-frances\/"},"author":{"name":"admin","@id":"https:\/\/fjala.info\/2009-2015\/#\/schema\/person\/3aa1163ef05469c496fc94e77611ada2"},"headline":"Let\u00ebr ambasadorit t\u00eb Franc\u00ebs","datePublished":"2011-10-27T08:47:00+00:00","mainEntityOfPage":{"@id":"https:\/\/fjala.info\/2009-2015\/leter-ambasadorit-te-frances\/"},"wordCount":849,"commentCount":0,"publisher":{"@id":"https:\/\/fjala.info\/2009-2015\/#organization"},"image":{"@id":"https:\/\/fjala.info\/2009-2015\/leter-ambasadorit-te-frances\/#primaryimage"},"thumbnailUrl":"http:\/\/www.shkoder.net\/images\/fjala\/albin_kurti1.jpg","articleSection":["Artikuj"],"inLanguage":"sq-AL","potentialAction":[{"@type":"CommentAction","name":"Comment","target":["https:\/\/fjala.info\/2009-2015\/leter-ambasadorit-te-frances\/#respond"]}]},{"@type":"WebPage","@id":"https:\/\/fjala.info\/2009-2015\/leter-ambasadorit-te-frances\/","url":"https:\/\/fjala.info\/2009-2015\/leter-ambasadorit-te-frances\/","name":"Let\u00ebr ambasadorit t\u00eb Franc\u00ebs - FjALA e LIR\u00cb - Arkivi","isPartOf":{"@id":"https:\/\/fjala.info\/2009-2015\/#website"},"primaryImageOfPage":{"@id":"https:\/\/fjala.info\/2009-2015\/leter-ambasadorit-te-frances\/#primaryimage"},"image":{"@id":"https:\/\/fjala.info\/2009-2015\/leter-ambasadorit-te-frances\/#primaryimage"},"thumbnailUrl":"http:\/\/www.shkoder.net\/images\/fjala\/albin_kurti1.jpg","datePublished":"2011-10-27T08:47:00+00:00","breadcrumb":{"@id":"https:\/\/fjala.info\/2009-2015\/leter-ambasadorit-te-frances\/#breadcrumb"},"inLanguage":"sq-AL","potentialAction":[{"@type":"ReadAction","target":["https:\/\/fjala.info\/2009-2015\/leter-ambasadorit-te-frances\/"]}]},{"@type":"ImageObject","inLanguage":"sq-AL","@id":"https:\/\/fjala.info\/2009-2015\/leter-ambasadorit-te-frances\/#primaryimage","url":"http:\/\/www.shkoder.net\/images\/fjala\/albin_kurti1.jpg","contentUrl":"http:\/\/www.shkoder.net\/images\/fjala\/albin_kurti1.jpg"},{"@type":"BreadcrumbList","@id":"https:\/\/fjala.info\/2009-2015\/leter-ambasadorit-te-frances\/#breadcrumb","itemListElement":[{"@type":"ListItem","position":1,"name":"Home","item":"https:\/\/fjala.info\/2009-2015\/"},{"@type":"ListItem","position":2,"name":"Let\u00ebr ambasadorit t\u00eb Franc\u00ebs"}]},{"@type":"WebSite","@id":"https:\/\/fjala.info\/2009-2015\/#website","url":"https:\/\/fjala.info\/2009-2015\/","name":"FjALA e LIR\u00cb - Arkivi","description":"Arkivi 2009-2015","publisher":{"@id":"https:\/\/fjala.info\/2009-2015\/#organization"},"potentialAction":[{"@type":"SearchAction","target":{"@type":"EntryPoint","urlTemplate":"https:\/\/fjala.info\/2009-2015\/?s={search_term_string}"},"query-input":{"@type":"PropertyValueSpecification","valueRequired":true,"valueName":"search_term_string"}}],"inLanguage":"sq-AL"},{"@type":"Organization","@id":"https:\/\/fjala.info\/2009-2015\/#organization","name":"FjALA e LIR\u00cb - Arkivi","url":"https:\/\/fjala.info\/2009-2015\/","logo":{"@type":"ImageObject","inLanguage":"sq-AL","@id":"https:\/\/fjala.info\/2009-2015\/#\/schema\/logo\/image\/","url":"","contentUrl":"","caption":"FjALA e LIR\u00cb - Arkivi"},"image":{"@id":"https:\/\/fjala.info\/2009-2015\/#\/schema\/logo\/image\/"}},{"@type":"Person","@id":"https:\/\/fjala.info\/2009-2015\/#\/schema\/person\/3aa1163ef05469c496fc94e77611ada2","name":"admin","image":{"@type":"ImageObject","inLanguage":"sq-AL","@id":"https:\/\/fjala.info\/2009-2015\/wp-content\/uploads\/2012\/02\/arben_cokaj-120x150.jpg","url":"https:\/\/fjala.info\/2009-2015\/wp-content\/uploads\/2012\/02\/arben_cokaj-120x150.jpg","contentUrl":"https:\/\/fjala.info\/2009-2015\/wp-content\/uploads\/2012\/02\/arben_cokaj-120x150.jpg","caption":"admin"},"description":"Admin, Fjala e Lir\u00eb","sameAs":["https:\/\/fjala.info\/"],"url":"https:\/\/fjala.info\/2009-2015\/author\/admin\/"}]}},"_links":{"self":[{"href":"https:\/\/fjala.info\/2009-2015\/wp-json\/wp\/v2\/posts\/11161","targetHints":{"allow":["GET"]}}],"collection":[{"href":"https:\/\/fjala.info\/2009-2015\/wp-json\/wp\/v2\/posts"}],"about":[{"href":"https:\/\/fjala.info\/2009-2015\/wp-json\/wp\/v2\/types\/post"}],"author":[{"embeddable":true,"href":"https:\/\/fjala.info\/2009-2015\/wp-json\/wp\/v2\/users\/1"}],"replies":[{"embeddable":true,"href":"https:\/\/fjala.info\/2009-2015\/wp-json\/wp\/v2\/comments?post=11161"}],"version-history":[{"count":0,"href":"https:\/\/fjala.info\/2009-2015\/wp-json\/wp\/v2\/posts\/11161\/revisions"}],"wp:attachment":[{"href":"https:\/\/fjala.info\/2009-2015\/wp-json\/wp\/v2\/media?parent=11161"}],"wp:term":[{"taxonomy":"category","embeddable":true,"href":"https:\/\/fjala.info\/2009-2015\/wp-json\/wp\/v2\/categories?post=11161"},{"taxonomy":"post_tag","embeddable":true,"href":"https:\/\/fjala.info\/2009-2015\/wp-json\/wp\/v2\/tags?post=11161"}],"curies":[{"name":"wp","href":"https:\/\/api.w.org\/{rel}","templated":true}]}}