{"id":11158,"date":"2011-10-26T10:54:39","date_gmt":"2011-10-26T09:54:39","guid":{"rendered":"http:\/\/fjala.shkoder.net\/?p=11158"},"modified":"2011-10-26T10:54:39","modified_gmt":"2011-10-26T09:54:39","slug":"luks-qeveritar-ne-shqiperine-pa-shkolla-e-spitale-publike","status":"publish","type":"post","link":"https:\/\/fjala.info\/2009-2015\/luks-qeveritar-ne-shqiperine-pa-shkolla-e-spitale-publike\/","title":{"rendered":"Luks Qeveritar n\u00eb Shqip\u00ebrin\u00eb pa shkolla e spitale publike"},"content":{"rendered":"<p><img decoding=\"async\" class=\"alignright size-thumbnail wp-image-7236\" title=\"Emirjon Senja\" src=\"http:\/\/www.shkoder.net\/images\/fjala\/2011\/emirjon_senja.jpg\" alt=\"\" width=\"150\" \/> Nga <strong>Emirjon Senja<\/strong><\/p>\n<p>Ky nuk \u00ebsht\u00eb rasti i par\u00eb ku shpenzohen shuma t\u00eb m\u00ebdha p\u00ebr krijimin e kushteve luksoze p\u00ebr qeveritar\u00ebt. Shuma 460 mij\u00eb euro \u00ebsht\u00eb e pakrahasueshme me kontrat\u00ebn 5.5 milion\u00eb euro p\u00ebr blerjen e nj\u00eb helikopteri VIP n\u00eb sh\u00ebrbim t\u00eb Kryeministrit.<\/p>\n<p>Pak muaj m\u00eb par\u00eb, u krye edhe blerja e nj\u00eb makine t\u00eb blinduar me vler\u00eb 70 milion\u00eb lek\u00eb. T\u00eb gjith\u00eb k\u00ebto shpenzime i sh\u00ebrbejn\u00eb nj\u00eb grupi t\u00eb kufizuar individ\u00ebsh, t\u00eb cil\u00ebt fillojn\u00eb nga Presidenti i Republik\u00ebs e deri tek pjes\u00ebtar\u00ebt e ndonj\u00eb delegacioni t\u00eb huaj, n\u00eb kushtet kur infrastruktura e vendit \u00ebsht\u00eb p\u00ebrtok\u00eb.<\/p>\n<p>Mjaftojn\u00eb shum\u00eb pak para (krahasuar me shumat e m\u00ebsip\u00ebrme) q\u00eb urgjencat dhe pavijonet e spitaleve t\u00eb furnizohen normalisht me ila\u00e7e, serume apo mjete t\u00eb tjera t\u00eb nevojshme, q\u00eb t\u00eb kompletohet nj\u00eb shkoll\u00eb apo t\u00eb sigurohet ngrohje p\u00ebr nj\u00eb \u00e7erdhe, q\u00eb diku t\u00eb ngrihet nj\u00eb qend\u00ebr e re sh\u00ebndet\u00ebsore. Sigurisht q\u00eb nj\u00eb helikopter p\u00ebr fikjen e zjarreve n\u00eb ver\u00eb, p\u00ebr t\u00eb mos k\u00ebrkuar m\u00eb ndihm\u00ebn e fqinj\u00ebve, nuk kushton sa ai \u201cVIP\u201d.<\/p>\n<p>P\u00ebr ironi t\u00eb fatit, i gjith\u00eb ky shpenzim p\u00ebr luks tek Vilat qeveritare b\u00ebhet pik\u00ebrisht n\u00eb Vlor\u00eb, ku pak jav\u00eb m\u00eb par\u00eb nj\u00eb gjyqtari nuk iu dha ndihma e par\u00eb me sh\u00ebrbim ambulance p\u00ebr shkak se e vetmja q\u00eb ishte n\u00eb at\u00eb qytet ndodhej p\u00ebr nj\u00eb tjet\u00ebr urgjenc\u00eb diku tjet\u00ebr. Gjyqtari m\u00eb pas u transportua me furgon policie.<\/p>\n<p>Gjith\u00e7ka varet se si b\u00ebhen llogarit\u00eb kur ndahen fondet. N\u00ebse parat\u00eb do t\u00eb shpenzohen n\u00eb sh\u00ebrbim t\u00eb qytetar\u00ebve apo p\u00ebr rehatin\u00eb e zyrtar\u00ebve.<\/p>\n","protected":false},"excerpt":{"rendered":"<p>Nga Emirjon Senja Ky nuk \u00ebsht\u00eb rasti i par\u00eb ku shpenzohen shuma t\u00eb m\u00ebdha p\u00ebr krijimin e kushteve luksoze p\u00ebr qeveritar\u00ebt. Shuma 460 mij\u00eb euro \u00ebsht\u00eb e pakrahasueshme me kontrat\u00ebn 5.5 milion\u00eb euro p\u00ebr blerjen e nj\u00eb helikopteri VIP n\u00eb sh\u00ebrbim t\u00eb Kryeministrit. Pak muaj m\u00eb par\u00eb, u krye edhe blerja e nj\u00eb makine t\u00eb [&hellip;]<\/p>\n","protected":false},"author":1,"featured_media":0,"comment_status":"open","ping_status":"closed","sticky":false,"template":"","format":"standard","meta":{"footnotes":""},"categories":[5],"tags":[],"class_list":{"0":"post-11158","1":"post","2":"type-post","3":"status-publish","4":"format-standard","6":"category-lajme"},"yoast_head":"<!-- This site is optimized with the Yoast SEO plugin v27.4 - https:\/\/yoast.com\/product\/yoast-seo-wordpress\/ -->\n<title>Luks Qeveritar n\u00eb Shqip\u00ebrin\u00eb pa shkolla e spitale publike - FjALA e LIR\u00cb - Arkivi<\/title>\n<meta name=\"robots\" content=\"index, follow, max-snippet:-1, max-image-preview:large, max-video-preview:-1\" \/>\n<link rel=\"canonical\" href=\"https:\/\/fjala.info\/2009-2015\/luks-qeveritar-ne-shqiperine-pa-shkolla-e-spitale-publike\/\" \/>\n<meta property=\"og:locale\" content=\"sq_AL\" \/>\n<meta property=\"og:type\" content=\"article\" \/>\n<meta property=\"og:title\" content=\"Luks Qeveritar n\u00eb Shqip\u00ebrin\u00eb pa shkolla e spitale publike - FjALA e LIR\u00cb - Arkivi\" \/>\n<meta property=\"og:description\" content=\"Nga Emirjon Senja Ky nuk \u00ebsht\u00eb rasti i par\u00eb ku shpenzohen shuma t\u00eb m\u00ebdha p\u00ebr krijimin e kushteve luksoze p\u00ebr qeveritar\u00ebt. Shuma 460 mij\u00eb euro \u00ebsht\u00eb e pakrahasueshme me kontrat\u00ebn 5.5 milion\u00eb euro p\u00ebr blerjen e nj\u00eb helikopteri VIP n\u00eb sh\u00ebrbim t\u00eb Kryeministrit. Pak muaj m\u00eb par\u00eb, u krye edhe blerja e nj\u00eb makine t\u00eb [&hellip;]\" \/>\n<meta property=\"og:url\" content=\"https:\/\/fjala.info\/2009-2015\/luks-qeveritar-ne-shqiperine-pa-shkolla-e-spitale-publike\/\" \/>\n<meta property=\"og:site_name\" content=\"FjALA e LIR\u00cb - Arkivi\" \/>\n<meta property=\"article:published_time\" content=\"2011-10-26T09:54:39+00:00\" \/>\n<meta property=\"og:image\" content=\"http:\/\/www.shkoder.net\/images\/fjala\/2011\/emirjon_senja.jpg\" \/>\n<meta name=\"author\" content=\"admin\" \/>\n<meta name=\"twitter:card\" content=\"summary_large_image\" \/>\n<meta name=\"twitter:label1\" content=\"Written by\" \/>\n\t<meta name=\"twitter:data1\" content=\"admin\" \/>\n\t<meta name=\"twitter:label2\" content=\"Est. reading time\" \/>\n\t<meta name=\"twitter:data2\" content=\"1 minute\" \/>\n<script type=\"application\/ld+json\" class=\"yoast-schema-graph\">{\"@context\":\"https:\\\/\\\/schema.org\",\"@graph\":[{\"@type\":\"Article\",\"@id\":\"https:\\\/\\\/fjala.info\\\/2009-2015\\\/luks-qeveritar-ne-shqiperine-pa-shkolla-e-spitale-publike\\\/#article\",\"isPartOf\":{\"@id\":\"https:\\\/\\\/fjala.info\\\/2009-2015\\\/luks-qeveritar-ne-shqiperine-pa-shkolla-e-spitale-publike\\\/\"},\"author\":{\"name\":\"admin\",\"@id\":\"https:\\\/\\\/fjala.info\\\/2009-2015\\\/#\\\/schema\\\/person\\\/3aa1163ef05469c496fc94e77611ada2\"},\"headline\":\"Luks Qeveritar n\u00eb Shqip\u00ebrin\u00eb pa shkolla e spitale publike\",\"datePublished\":\"2011-10-26T09:54:39+00:00\",\"mainEntityOfPage\":{\"@id\":\"https:\\\/\\\/fjala.info\\\/2009-2015\\\/luks-qeveritar-ne-shqiperine-pa-shkolla-e-spitale-publike\\\/\"},\"wordCount\":298,\"commentCount\":0,\"publisher\":{\"@id\":\"https:\\\/\\\/fjala.info\\\/2009-2015\\\/#organization\"},\"image\":{\"@id\":\"https:\\\/\\\/fjala.info\\\/2009-2015\\\/luks-qeveritar-ne-shqiperine-pa-shkolla-e-spitale-publike\\\/#primaryimage\"},\"thumbnailUrl\":\"http:\\\/\\\/www.shkoder.net\\\/images\\\/fjala\\\/2011\\\/emirjon_senja.jpg\",\"articleSection\":[\"Lajme\"],\"inLanguage\":\"sq-AL\",\"potentialAction\":[{\"@type\":\"CommentAction\",\"name\":\"Comment\",\"target\":[\"https:\\\/\\\/fjala.info\\\/2009-2015\\\/luks-qeveritar-ne-shqiperine-pa-shkolla-e-spitale-publike\\\/#respond\"]}]},{\"@type\":\"WebPage\",\"@id\":\"https:\\\/\\\/fjala.info\\\/2009-2015\\\/luks-qeveritar-ne-shqiperine-pa-shkolla-e-spitale-publike\\\/\",\"url\":\"https:\\\/\\\/fjala.info\\\/2009-2015\\\/luks-qeveritar-ne-shqiperine-pa-shkolla-e-spitale-publike\\\/\",\"name\":\"Luks Qeveritar n\u00eb Shqip\u00ebrin\u00eb pa shkolla e spitale publike - FjALA e LIR\u00cb - Arkivi\",\"isPartOf\":{\"@id\":\"https:\\\/\\\/fjala.info\\\/2009-2015\\\/#website\"},\"primaryImageOfPage\":{\"@id\":\"https:\\\/\\\/fjala.info\\\/2009-2015\\\/luks-qeveritar-ne-shqiperine-pa-shkolla-e-spitale-publike\\\/#primaryimage\"},\"image\":{\"@id\":\"https:\\\/\\\/fjala.info\\\/2009-2015\\\/luks-qeveritar-ne-shqiperine-pa-shkolla-e-spitale-publike\\\/#primaryimage\"},\"thumbnailUrl\":\"http:\\\/\\\/www.shkoder.net\\\/images\\\/fjala\\\/2011\\\/emirjon_senja.jpg\",\"datePublished\":\"2011-10-26T09:54:39+00:00\",\"breadcrumb\":{\"@id\":\"https:\\\/\\\/fjala.info\\\/2009-2015\\\/luks-qeveritar-ne-shqiperine-pa-shkolla-e-spitale-publike\\\/#breadcrumb\"},\"inLanguage\":\"sq-AL\",\"potentialAction\":[{\"@type\":\"ReadAction\",\"target\":[\"https:\\\/\\\/fjala.info\\\/2009-2015\\\/luks-qeveritar-ne-shqiperine-pa-shkolla-e-spitale-publike\\\/\"]}]},{\"@type\":\"ImageObject\",\"inLanguage\":\"sq-AL\",\"@id\":\"https:\\\/\\\/fjala.info\\\/2009-2015\\\/luks-qeveritar-ne-shqiperine-pa-shkolla-e-spitale-publike\\\/#primaryimage\",\"url\":\"http:\\\/\\\/www.shkoder.net\\\/images\\\/fjala\\\/2011\\\/emirjon_senja.jpg\",\"contentUrl\":\"http:\\\/\\\/www.shkoder.net\\\/images\\\/fjala\\\/2011\\\/emirjon_senja.jpg\"},{\"@type\":\"BreadcrumbList\",\"@id\":\"https:\\\/\\\/fjala.info\\\/2009-2015\\\/luks-qeveritar-ne-shqiperine-pa-shkolla-e-spitale-publike\\\/#breadcrumb\",\"itemListElement\":[{\"@type\":\"ListItem\",\"position\":1,\"name\":\"Home\",\"item\":\"https:\\\/\\\/fjala.info\\\/2009-2015\\\/\"},{\"@type\":\"ListItem\",\"position\":2,\"name\":\"Luks Qeveritar n\u00eb Shqip\u00ebrin\u00eb pa shkolla e spitale publike\"}]},{\"@type\":\"WebSite\",\"@id\":\"https:\\\/\\\/fjala.info\\\/2009-2015\\\/#website\",\"url\":\"https:\\\/\\\/fjala.info\\\/2009-2015\\\/\",\"name\":\"FjALA e LIR\u00cb - Arkivi\",\"description\":\"Arkivi 2009-2015\",\"publisher\":{\"@id\":\"https:\\\/\\\/fjala.info\\\/2009-2015\\\/#organization\"},\"potentialAction\":[{\"@type\":\"SearchAction\",\"target\":{\"@type\":\"EntryPoint\",\"urlTemplate\":\"https:\\\/\\\/fjala.info\\\/2009-2015\\\/?s={search_term_string}\"},\"query-input\":{\"@type\":\"PropertyValueSpecification\",\"valueRequired\":true,\"valueName\":\"search_term_string\"}}],\"inLanguage\":\"sq-AL\"},{\"@type\":\"Organization\",\"@id\":\"https:\\\/\\\/fjala.info\\\/2009-2015\\\/#organization\",\"name\":\"FjALA e LIR\u00cb - Arkivi\",\"url\":\"https:\\\/\\\/fjala.info\\\/2009-2015\\\/\",\"logo\":{\"@type\":\"ImageObject\",\"inLanguage\":\"sq-AL\",\"@id\":\"https:\\\/\\\/fjala.info\\\/2009-2015\\\/#\\\/schema\\\/logo\\\/image\\\/\",\"url\":\"\",\"contentUrl\":\"\",\"caption\":\"FjALA e LIR\u00cb - Arkivi\"},\"image\":{\"@id\":\"https:\\\/\\\/fjala.info\\\/2009-2015\\\/#\\\/schema\\\/logo\\\/image\\\/\"}},{\"@type\":\"Person\",\"@id\":\"https:\\\/\\\/fjala.info\\\/2009-2015\\\/#\\\/schema\\\/person\\\/3aa1163ef05469c496fc94e77611ada2\",\"name\":\"admin\",\"image\":{\"@type\":\"ImageObject\",\"inLanguage\":\"sq-AL\",\"@id\":\"https:\\\/\\\/fjala.info\\\/2009-2015\\\/wp-content\\\/uploads\\\/2012\\\/02\\\/arben_cokaj-120x150.jpg\",\"url\":\"https:\\\/\\\/fjala.info\\\/2009-2015\\\/wp-content\\\/uploads\\\/2012\\\/02\\\/arben_cokaj-120x150.jpg\",\"contentUrl\":\"https:\\\/\\\/fjala.info\\\/2009-2015\\\/wp-content\\\/uploads\\\/2012\\\/02\\\/arben_cokaj-120x150.jpg\",\"caption\":\"admin\"},\"description\":\"Admin, Fjala e Lir\u00eb\",\"sameAs\":[\"https:\\\/\\\/fjala.info\\\/\"],\"url\":\"https:\\\/\\\/fjala.info\\\/2009-2015\\\/author\\\/admin\\\/\"}]}<\/script>\n<!-- \/ Yoast SEO plugin. -->","yoast_head_json":{"title":"Luks Qeveritar n\u00eb Shqip\u00ebrin\u00eb pa shkolla e spitale publike - FjALA e LIR\u00cb - Arkivi","robots":{"index":"index","follow":"follow","max-snippet":"max-snippet:-1","max-image-preview":"max-image-preview:large","max-video-preview":"max-video-preview:-1"},"canonical":"https:\/\/fjala.info\/2009-2015\/luks-qeveritar-ne-shqiperine-pa-shkolla-e-spitale-publike\/","og_locale":"sq_AL","og_type":"article","og_title":"Luks Qeveritar n\u00eb Shqip\u00ebrin\u00eb pa shkolla e spitale publike - FjALA e LIR\u00cb - Arkivi","og_description":"Nga Emirjon Senja Ky nuk \u00ebsht\u00eb rasti i par\u00eb ku shpenzohen shuma t\u00eb m\u00ebdha p\u00ebr krijimin e kushteve luksoze p\u00ebr qeveritar\u00ebt. Shuma 460 mij\u00eb euro \u00ebsht\u00eb e pakrahasueshme me kontrat\u00ebn 5.5 milion\u00eb euro p\u00ebr blerjen e nj\u00eb helikopteri VIP n\u00eb sh\u00ebrbim t\u00eb Kryeministrit. Pak muaj m\u00eb par\u00eb, u krye edhe blerja e nj\u00eb makine t\u00eb [&hellip;]","og_url":"https:\/\/fjala.info\/2009-2015\/luks-qeveritar-ne-shqiperine-pa-shkolla-e-spitale-publike\/","og_site_name":"FjALA e LIR\u00cb - Arkivi","article_published_time":"2011-10-26T09:54:39+00:00","og_image":[{"url":"http:\/\/www.shkoder.net\/images\/fjala\/2011\/emirjon_senja.jpg","type":"","width":"","height":""}],"author":"admin","twitter_card":"summary_large_image","twitter_misc":{"Written by":"admin","Est. reading time":"1 minute"},"schema":{"@context":"https:\/\/schema.org","@graph":[{"@type":"Article","@id":"https:\/\/fjala.info\/2009-2015\/luks-qeveritar-ne-shqiperine-pa-shkolla-e-spitale-publike\/#article","isPartOf":{"@id":"https:\/\/fjala.info\/2009-2015\/luks-qeveritar-ne-shqiperine-pa-shkolla-e-spitale-publike\/"},"author":{"name":"admin","@id":"https:\/\/fjala.info\/2009-2015\/#\/schema\/person\/3aa1163ef05469c496fc94e77611ada2"},"headline":"Luks Qeveritar n\u00eb Shqip\u00ebrin\u00eb pa shkolla e spitale publike","datePublished":"2011-10-26T09:54:39+00:00","mainEntityOfPage":{"@id":"https:\/\/fjala.info\/2009-2015\/luks-qeveritar-ne-shqiperine-pa-shkolla-e-spitale-publike\/"},"wordCount":298,"commentCount":0,"publisher":{"@id":"https:\/\/fjala.info\/2009-2015\/#organization"},"image":{"@id":"https:\/\/fjala.info\/2009-2015\/luks-qeveritar-ne-shqiperine-pa-shkolla-e-spitale-publike\/#primaryimage"},"thumbnailUrl":"http:\/\/www.shkoder.net\/images\/fjala\/2011\/emirjon_senja.jpg","articleSection":["Lajme"],"inLanguage":"sq-AL","potentialAction":[{"@type":"CommentAction","name":"Comment","target":["https:\/\/fjala.info\/2009-2015\/luks-qeveritar-ne-shqiperine-pa-shkolla-e-spitale-publike\/#respond"]}]},{"@type":"WebPage","@id":"https:\/\/fjala.info\/2009-2015\/luks-qeveritar-ne-shqiperine-pa-shkolla-e-spitale-publike\/","url":"https:\/\/fjala.info\/2009-2015\/luks-qeveritar-ne-shqiperine-pa-shkolla-e-spitale-publike\/","name":"Luks Qeveritar n\u00eb Shqip\u00ebrin\u00eb pa shkolla e spitale publike - FjALA e LIR\u00cb - Arkivi","isPartOf":{"@id":"https:\/\/fjala.info\/2009-2015\/#website"},"primaryImageOfPage":{"@id":"https:\/\/fjala.info\/2009-2015\/luks-qeveritar-ne-shqiperine-pa-shkolla-e-spitale-publike\/#primaryimage"},"image":{"@id":"https:\/\/fjala.info\/2009-2015\/luks-qeveritar-ne-shqiperine-pa-shkolla-e-spitale-publike\/#primaryimage"},"thumbnailUrl":"http:\/\/www.shkoder.net\/images\/fjala\/2011\/emirjon_senja.jpg","datePublished":"2011-10-26T09:54:39+00:00","breadcrumb":{"@id":"https:\/\/fjala.info\/2009-2015\/luks-qeveritar-ne-shqiperine-pa-shkolla-e-spitale-publike\/#breadcrumb"},"inLanguage":"sq-AL","potentialAction":[{"@type":"ReadAction","target":["https:\/\/fjala.info\/2009-2015\/luks-qeveritar-ne-shqiperine-pa-shkolla-e-spitale-publike\/"]}]},{"@type":"ImageObject","inLanguage":"sq-AL","@id":"https:\/\/fjala.info\/2009-2015\/luks-qeveritar-ne-shqiperine-pa-shkolla-e-spitale-publike\/#primaryimage","url":"http:\/\/www.shkoder.net\/images\/fjala\/2011\/emirjon_senja.jpg","contentUrl":"http:\/\/www.shkoder.net\/images\/fjala\/2011\/emirjon_senja.jpg"},{"@type":"BreadcrumbList","@id":"https:\/\/fjala.info\/2009-2015\/luks-qeveritar-ne-shqiperine-pa-shkolla-e-spitale-publike\/#breadcrumb","itemListElement":[{"@type":"ListItem","position":1,"name":"Home","item":"https:\/\/fjala.info\/2009-2015\/"},{"@type":"ListItem","position":2,"name":"Luks Qeveritar n\u00eb Shqip\u00ebrin\u00eb pa shkolla e spitale publike"}]},{"@type":"WebSite","@id":"https:\/\/fjala.info\/2009-2015\/#website","url":"https:\/\/fjala.info\/2009-2015\/","name":"FjALA e LIR\u00cb - Arkivi","description":"Arkivi 2009-2015","publisher":{"@id":"https:\/\/fjala.info\/2009-2015\/#organization"},"potentialAction":[{"@type":"SearchAction","target":{"@type":"EntryPoint","urlTemplate":"https:\/\/fjala.info\/2009-2015\/?s={search_term_string}"},"query-input":{"@type":"PropertyValueSpecification","valueRequired":true,"valueName":"search_term_string"}}],"inLanguage":"sq-AL"},{"@type":"Organization","@id":"https:\/\/fjala.info\/2009-2015\/#organization","name":"FjALA e LIR\u00cb - Arkivi","url":"https:\/\/fjala.info\/2009-2015\/","logo":{"@type":"ImageObject","inLanguage":"sq-AL","@id":"https:\/\/fjala.info\/2009-2015\/#\/schema\/logo\/image\/","url":"","contentUrl":"","caption":"FjALA e LIR\u00cb - Arkivi"},"image":{"@id":"https:\/\/fjala.info\/2009-2015\/#\/schema\/logo\/image\/"}},{"@type":"Person","@id":"https:\/\/fjala.info\/2009-2015\/#\/schema\/person\/3aa1163ef05469c496fc94e77611ada2","name":"admin","image":{"@type":"ImageObject","inLanguage":"sq-AL","@id":"https:\/\/fjala.info\/2009-2015\/wp-content\/uploads\/2012\/02\/arben_cokaj-120x150.jpg","url":"https:\/\/fjala.info\/2009-2015\/wp-content\/uploads\/2012\/02\/arben_cokaj-120x150.jpg","contentUrl":"https:\/\/fjala.info\/2009-2015\/wp-content\/uploads\/2012\/02\/arben_cokaj-120x150.jpg","caption":"admin"},"description":"Admin, Fjala e Lir\u00eb","sameAs":["https:\/\/fjala.info\/"],"url":"https:\/\/fjala.info\/2009-2015\/author\/admin\/"}]}},"_links":{"self":[{"href":"https:\/\/fjala.info\/2009-2015\/wp-json\/wp\/v2\/posts\/11158","targetHints":{"allow":["GET"]}}],"collection":[{"href":"https:\/\/fjala.info\/2009-2015\/wp-json\/wp\/v2\/posts"}],"about":[{"href":"https:\/\/fjala.info\/2009-2015\/wp-json\/wp\/v2\/types\/post"}],"author":[{"embeddable":true,"href":"https:\/\/fjala.info\/2009-2015\/wp-json\/wp\/v2\/users\/1"}],"replies":[{"embeddable":true,"href":"https:\/\/fjala.info\/2009-2015\/wp-json\/wp\/v2\/comments?post=11158"}],"version-history":[{"count":0,"href":"https:\/\/fjala.info\/2009-2015\/wp-json\/wp\/v2\/posts\/11158\/revisions"}],"wp:attachment":[{"href":"https:\/\/fjala.info\/2009-2015\/wp-json\/wp\/v2\/media?parent=11158"}],"wp:term":[{"taxonomy":"category","embeddable":true,"href":"https:\/\/fjala.info\/2009-2015\/wp-json\/wp\/v2\/categories?post=11158"},{"taxonomy":"post_tag","embeddable":true,"href":"https:\/\/fjala.info\/2009-2015\/wp-json\/wp\/v2\/tags?post=11158"}],"curies":[{"name":"wp","href":"https:\/\/api.w.org\/{rel}","templated":true}]}}