{"id":11152,"date":"2011-10-26T09:22:02","date_gmt":"2011-10-26T08:22:02","guid":{"rendered":"http:\/\/fjala.shkoder.net\/?p=11152"},"modified":"2011-10-26T09:22:02","modified_gmt":"2011-10-26T08:22:02","slug":"te-gjithe-shkaktaret-e-jetezgjatesit-e-tragjedise-jetojne-me-mire-se-ne-perralle","status":"publish","type":"post","link":"https:\/\/fjala.info\/2009-2015\/te-gjithe-shkaktaret-e-jetezgjatesit-e-tragjedise-jetojne-me-mire-se-ne-perralle\/","title":{"rendered":"T\u00eb gjith\u00eb shkaktar\u00ebt e jet\u00ebzgjat\u00ebsit e tragjedis\u00eb jetojn\u00eb m\u00eb mir\u00eb se n\u00eb p\u00ebrrall\u00eb"},"content":{"rendered":"<p><img decoding=\"async\" class=\"alignright size-thumbnail wp-image-7236\" title=\"P\u00ebrmendore p\u00ebr poet\u00ebt e vrar\u00eb\" src=\"http:\/\/www.shkoder.net\/images\/fjala\/2011\/blloshmi_permendore.jpg\" alt=\"\" width=\"300\" \/> <strong>Ilirjan Blloshmi<\/strong>, <em>4 tetor 2011<\/em><\/p>\n<p><em>Kujtes\u00eb Kryetares s\u00eb Parlamentit<\/em><\/p>\n<p>Nuk po ju shkruaj ndonj\u00eb gj\u00eb q\u00eb s\u2019\u00ebsht\u00eb e pa njohur p\u00ebr ju dhe as p\u00ebr popullin e shum\u00eb vuajtur, por dua t\u2019ju kujtoj se meq\u00eb jeni e pa pun\u00eb n\u00eb Parlament, b\u00ebjeni tuaj\u00ebn, filloni dhe zbatoni rezolut\u00ebn e KE-s\u00eb p\u00ebr t\u00eb d\u00ebnuar krimet e komunist\u00ebve. Un\u00eb e di dhe e kuptoj se ky shkrim do t\u2019ju nervozoj\u00eb, por edhe mua m\u00eb th\u00ebrret gjaku i derdhur. Ju nuk mund t\u00eb justifikoheni se nuk \u00ebsht\u00eb dakord opozita sepse kur doni e realizoni votimin. M\u00eb p\u00eblqeu shum\u00eb votimi q\u00eb organizuat p\u00ebr ligjin e pronave. K\u00ebshtu mund t\u00eb veproni edhe p\u00ebr t\u2019i hequr titujt diktatorit dhe m\u00eb pas me radh\u00eb p\u00ebr vras\u00ebsit e tjer\u00eb n\u00ebse nuk ju pengon d\u00ebshira.<\/p>\n<p>Diktatori vendas themeloi dhe konsolidoi terrorin komunist n\u00eb Shqip\u00ebrin\u00eb e gjymtuar. K\u00ebtu as q\u00eb \u00ebsht\u00eb menduar se mund t\u00eb kishte nj\u00eb qet\u00ebsi relative. \u201cQet\u00ebsi\u201d kishin vet\u00ebm varret q\u00eb r\u00ebnkonin n\u00ebn pesh\u00ebn e dheut. Terrori komunist mori jet\u00ebn e mij\u00ebra njer\u00ebzve, n\u00ebn pesh\u00ebn e ekzistenc\u00ebs shkat\u00ebrruese. Shum\u00eb nga mbeturinat e t\u00eb kaluar\u00ebs p\u00ebrpiqen t\u00eb idealizojn\u00eb periudh\u00ebn e err\u00ebt gjysm\u00eb shekullore.<\/p>\n<p>K\u00ebrkes\u00ebs s\u00eb shoq\u00ebris\u00eb p\u00ebr t\u00eb shkuar\u00ebn totalitare, p\u00ebr ta njohur dhe d\u00ebnuar nuk iu dha p\u00ebrgjigje asnj\u00ebher\u00eb. Ne nuk d\u00ebshirojm\u00eb vet\u00ebm d\u00ebnimin e s\u00eb shkuar\u00ebs komuniste vet\u00ebm me deklarata. K\u00ebtu gjendet nj\u00eb num\u00ebr i pallogaritsh\u00ebm familjesh t\u00eb shkat\u00ebrruara me eliminime me an\u00eb t\u00eb vrasjes politike, t\u00eb zhdukjes, burgosjesh, internimesh e persekutimesh t\u00eb qindra e mij\u00ebra njer\u00ebzve t\u00eb pafajsh\u00ebm p\u00ebr hir t\u00eb \u201chumanizmit socialist\u201d. Stalinizimi me forc\u00eb i vendit ton\u00eb n\u00eb em\u00ebr t\u00eb diktatur\u00ebs s\u00eb proletariatit i nj\u00eb sistemi politik despotik, i udh\u00ebhequr nga nj\u00eb kast\u00eb mashtruese t\u00eb bashkuar rreth p\u00ebrbind\u00ebshit suprem nuk duhet anashkaluar.<\/p>\n<p>K\u00ebtu d\u00ebnimi \u00ebsht\u00eb b\u00ebr\u00eb mbi logjik\u00ebn e faj\u00ebsimit kolektiv dhe persekutimi i familjeve t\u00eb t\u00eb dyshuarve p\u00ebr prirje ose veprime antikomuniste. K\u00ebtu u p\u00ebrdor varf\u00ebria materiale dhe morale si dhe uria p\u00ebr t\u00eb ruajtur pushtetin komunist. Regjimi vrastar trajtoi nj\u00eb popull t\u00eb t\u00ebr\u00eb si t\u00eb ishte bag\u00ebti me eksperimente absurde. P\u00ebrvoja e \u00e7do regjimi q\u00eb posht\u00ebron qytetar\u00ebt nuk mund t\u00eb zgjas\u00eb dhe nuk ka t\u00eb drejt\u00eb t\u00eb ekzistoj\u00eb. Akoma ne nuk mund t\u00eb k\u00ebrkojm\u00eb lirit\u00eb e plota dhe sot p\u00ebr shkak se n\u00eb pushtet hip\u00ebn bijt\u00eb e baballar\u00ebve q\u00eb e shkat\u00ebrruan k\u00ebt\u00eb vend. Ata trumbetojn\u00eb me pak ose aspak ndryshim demagogjin\u00eb e huazuar duke u b\u00ebr\u00eb t\u00eb besuesh\u00ebm.<\/p>\n<p>K\u00ebtu t\u00eb gjith\u00eb vras\u00ebsit e k\u00ebtij populli, t\u00eb gjith\u00eb shkaktar\u00ebt e jet\u00ebzgjat\u00ebsit e tragjedis\u00eb jetojn\u00eb m\u00eb mir\u00eb se n\u00eb p\u00ebrrall\u00eb. \u00c7do dit\u00eb k\u00ebto fytyra t\u00eb urryera e sheh ne mediat vizeve ose t\u00eb shkruara duke t\u00eb l\u00ebn\u00eb t\u00eb kuptosh se po ecet mbi g\u00ebrmadhat e \u00e7oroditjes s\u00eb t\u00eb kaluar\u00ebs. Politika e shkat\u00ebrrimit t\u00eb kategorive shoq\u00ebrore e gjitha kjo n\u00eb em\u00ebr t\u00eb luft\u00ebs s\u00eb klasave nuk u ngarkua me asnj\u00eb lloj p\u00ebrgjegj\u00ebsie. K\u00ebtu askush nuk do t\u00eb njihet si person q\u00eb d\u00ebnoi komunizmin dhe as si udh\u00ebheq\u00ebs q\u00eb merr p\u00ebrsip\u00ebr normalitetin e k\u00ebsaj katrahure e cila pengon ecjen p\u00ebrpara nga v\u00ebshtir\u00ebsia me kufom\u00ebn e s\u00eb shkuar\u00ebs mbi shpin\u00eb.<\/p>\n<p>Shum\u00eb kush b\u00ebn demagogji n\u00eb parlament, por askush nuk e \u00e7el diskutimin p\u00ebr fatin e pa mbrojtur t\u00eb klas\u00ebs s\u00eb munduar nga orteku i historis\u00eb. Nuk ka si t\u00eb ndodh\u00eb ndryshe se t\u00eb gjith\u00eb sa jan\u00eb mbledhur atje jan\u00eb nxjerr\u00eb nga nj\u00eb selektim i p\u00ebrcaktuar. Ata nuk mund t\u00eb hedhin posht\u00eb baballar\u00ebt e tyre vras\u00ebs e grabitqar\u00eb. Juve, disa porosi t\u00eb KE-s\u00eb i keni zbatuar si: heqjen e d\u00ebnimit me vdekje, nxjerrjen e ligjit p\u00ebr homoseksual\u00ebt, por e fsheh\u00ebt dhe e humb\u00ebt rezolut\u00ebn p\u00ebr d\u00ebnimin e krimit t\u00eb komunizmit.<\/p>\n<p>Ju edhe pse rridhni nga nj\u00eb familje e persekutuar asnj\u00ebher\u00eb nuk e \u00e7uat nd\u00ebrmend q\u00eb t\u00eb d\u00ebnoni diktatur\u00ebn, \u00e7ka do t\u00eb thot\u00eb harres\u00eb e q\u00ebllimshme. P\u00ebr shumic\u00ebn d\u00ebrrmuese t\u00eb popullsis\u00eb ishte nj\u00eb ekzistenc\u00eb shkat\u00ebrruese. Populli jetonte n\u00ebn nj\u00eb terror t\u00eb hapur ku fjala njeri e kishte humbur krejt kuptimin. Ju nuk duhet t\u00eb harroni faktin q\u00eb diktatori themeloi burgje dhe kampe internimi kudo n\u00eb Shqip\u00ebri q\u00eb njer\u00ebzit t\u00eb vdisnin dal\u00ebngadal\u00eb nga uria dhe torturat e vazhdueshme.<\/p>\n<p>Diktatori u mb\u00ebshtet fort mbi ideologjin\u00eb armiq\u00ebsore ndaj shoq\u00ebris\u00eb, mbi monopolin e pushtetit t\u00eb ushtruar nga nj\u00eb grup i kufizuar individ\u00ebsh q\u00eb p\u00ebrhapnin shtypje dhe frik\u00eb, mbi aplikimin e dogma staliniste u themelua nj\u00eb model i kalbur ekonomik. \u00c7do gj\u00eb shp\u00ebrndahej me gram\u00eb n\u00eb nj\u00eb racion t\u00eb pa mjaftuesh\u00ebm. Likuidimi i pron\u00ebs private \u00e7oi n\u00eb kolektivizmin brutal n\u00eb em\u00ebr t\u00eb nj\u00eb modernizmi fals. Mbeturinat fanatike t\u00eb sistemit shkat\u00ebrrimtar e d\u00ebshtak p\u00ebrpiqen t\u00eb justifikojn\u00eb tmerret e periudh\u00ebs s\u00eb err\u00ebt 50 vje\u00e7are.<\/p>\n<p>Ju q\u00eb keni z\u00ebn\u00eb poltron\u00ebn e drejtimit t\u00eb parlamenti k\u00ebto duhet t\u2019i m\u00ebsoni dhe duhet t\u00eb justifikoni dhimbjen e shkaktuar.<\/p>\n","protected":false},"excerpt":{"rendered":"<p>Ilirjan Blloshmi, 4 tetor 2011 Kujtes\u00eb Kryetares s\u00eb Parlamentit Nuk po ju shkruaj ndonj\u00eb gj\u00eb q\u00eb s\u2019\u00ebsht\u00eb e pa njohur p\u00ebr ju dhe as p\u00ebr popullin e shum\u00eb vuajtur, por dua t\u2019ju kujtoj se meq\u00eb jeni e pa pun\u00eb n\u00eb Parlament, b\u00ebjeni tuaj\u00ebn, filloni dhe zbatoni rezolut\u00ebn e KE-s\u00eb p\u00ebr t\u00eb d\u00ebnuar krimet e komunist\u00ebve. [&hellip;]<\/p>\n","protected":false},"author":1,"featured_media":0,"comment_status":"open","ping_status":"closed","sticky":false,"template":"","format":"standard","meta":{"footnotes":""},"categories":[2],"tags":[],"class_list":{"0":"post-11152","1":"post","2":"type-post","3":"status-publish","4":"format-standard","6":"category-artikuj"},"yoast_head":"<!-- This site is optimized with the Yoast SEO plugin v27.4 - https:\/\/yoast.com\/product\/yoast-seo-wordpress\/ -->\n<title>T\u00eb gjith\u00eb shkaktar\u00ebt e jet\u00ebzgjat\u00ebsit e tragjedis\u00eb jetojn\u00eb m\u00eb mir\u00eb se n\u00eb p\u00ebrrall\u00eb - FjALA e LIR\u00cb - Arkivi<\/title>\n<meta name=\"robots\" content=\"index, follow, max-snippet:-1, max-image-preview:large, max-video-preview:-1\" \/>\n<link rel=\"canonical\" href=\"https:\/\/fjala.info\/2009-2015\/te-gjithe-shkaktaret-e-jetezgjatesit-e-tragjedise-jetojne-me-mire-se-ne-perralle\/\" \/>\n<meta property=\"og:locale\" content=\"sq_AL\" \/>\n<meta property=\"og:type\" content=\"article\" \/>\n<meta property=\"og:title\" content=\"T\u00eb gjith\u00eb shkaktar\u00ebt e jet\u00ebzgjat\u00ebsit e tragjedis\u00eb jetojn\u00eb m\u00eb mir\u00eb se n\u00eb p\u00ebrrall\u00eb - FjALA e LIR\u00cb - Arkivi\" \/>\n<meta property=\"og:description\" content=\"Ilirjan Blloshmi, 4 tetor 2011 Kujtes\u00eb Kryetares s\u00eb Parlamentit Nuk po ju shkruaj ndonj\u00eb gj\u00eb q\u00eb s\u2019\u00ebsht\u00eb e pa njohur p\u00ebr ju dhe as p\u00ebr popullin e shum\u00eb vuajtur, por dua t\u2019ju kujtoj se meq\u00eb jeni e pa pun\u00eb n\u00eb Parlament, b\u00ebjeni tuaj\u00ebn, filloni dhe zbatoni rezolut\u00ebn e KE-s\u00eb p\u00ebr t\u00eb d\u00ebnuar krimet e komunist\u00ebve. [&hellip;]\" \/>\n<meta property=\"og:url\" content=\"https:\/\/fjala.info\/2009-2015\/te-gjithe-shkaktaret-e-jetezgjatesit-e-tragjedise-jetojne-me-mire-se-ne-perralle\/\" \/>\n<meta property=\"og:site_name\" content=\"FjALA e LIR\u00cb - Arkivi\" \/>\n<meta property=\"article:published_time\" content=\"2011-10-26T08:22:02+00:00\" \/>\n<meta property=\"og:image\" content=\"http:\/\/www.shkoder.net\/images\/fjala\/2011\/blloshmi_permendore.jpg\" \/>\n<meta name=\"author\" content=\"admin\" \/>\n<meta name=\"twitter:card\" content=\"summary_large_image\" \/>\n<meta name=\"twitter:label1\" content=\"Written by\" \/>\n\t<meta name=\"twitter:data1\" content=\"admin\" \/>\n\t<meta name=\"twitter:label2\" content=\"Est. reading time\" \/>\n\t<meta name=\"twitter:data2\" content=\"5 minutes\" \/>\n<script type=\"application\/ld+json\" class=\"yoast-schema-graph\">{\"@context\":\"https:\\\/\\\/schema.org\",\"@graph\":[{\"@type\":\"Article\",\"@id\":\"https:\\\/\\\/fjala.info\\\/2009-2015\\\/te-gjithe-shkaktaret-e-jetezgjatesit-e-tragjedise-jetojne-me-mire-se-ne-perralle\\\/#article\",\"isPartOf\":{\"@id\":\"https:\\\/\\\/fjala.info\\\/2009-2015\\\/te-gjithe-shkaktaret-e-jetezgjatesit-e-tragjedise-jetojne-me-mire-se-ne-perralle\\\/\"},\"author\":{\"name\":\"admin\",\"@id\":\"https:\\\/\\\/fjala.info\\\/2009-2015\\\/#\\\/schema\\\/person\\\/3aa1163ef05469c496fc94e77611ada2\"},\"headline\":\"T\u00eb gjith\u00eb shkaktar\u00ebt e jet\u00ebzgjat\u00ebsit e tragjedis\u00eb jetojn\u00eb m\u00eb mir\u00eb se n\u00eb p\u00ebrrall\u00eb\",\"datePublished\":\"2011-10-26T08:22:02+00:00\",\"mainEntityOfPage\":{\"@id\":\"https:\\\/\\\/fjala.info\\\/2009-2015\\\/te-gjithe-shkaktaret-e-jetezgjatesit-e-tragjedise-jetojne-me-mire-se-ne-perralle\\\/\"},\"wordCount\":938,\"commentCount\":0,\"publisher\":{\"@id\":\"https:\\\/\\\/fjala.info\\\/2009-2015\\\/#organization\"},\"image\":{\"@id\":\"https:\\\/\\\/fjala.info\\\/2009-2015\\\/te-gjithe-shkaktaret-e-jetezgjatesit-e-tragjedise-jetojne-me-mire-se-ne-perralle\\\/#primaryimage\"},\"thumbnailUrl\":\"http:\\\/\\\/www.shkoder.net\\\/images\\\/fjala\\\/2011\\\/blloshmi_permendore.jpg\",\"articleSection\":[\"Artikuj\"],\"inLanguage\":\"sq-AL\",\"potentialAction\":[{\"@type\":\"CommentAction\",\"name\":\"Comment\",\"target\":[\"https:\\\/\\\/fjala.info\\\/2009-2015\\\/te-gjithe-shkaktaret-e-jetezgjatesit-e-tragjedise-jetojne-me-mire-se-ne-perralle\\\/#respond\"]}]},{\"@type\":\"WebPage\",\"@id\":\"https:\\\/\\\/fjala.info\\\/2009-2015\\\/te-gjithe-shkaktaret-e-jetezgjatesit-e-tragjedise-jetojne-me-mire-se-ne-perralle\\\/\",\"url\":\"https:\\\/\\\/fjala.info\\\/2009-2015\\\/te-gjithe-shkaktaret-e-jetezgjatesit-e-tragjedise-jetojne-me-mire-se-ne-perralle\\\/\",\"name\":\"T\u00eb gjith\u00eb shkaktar\u00ebt e jet\u00ebzgjat\u00ebsit e tragjedis\u00eb jetojn\u00eb m\u00eb mir\u00eb se n\u00eb p\u00ebrrall\u00eb - FjALA e LIR\u00cb - Arkivi\",\"isPartOf\":{\"@id\":\"https:\\\/\\\/fjala.info\\\/2009-2015\\\/#website\"},\"primaryImageOfPage\":{\"@id\":\"https:\\\/\\\/fjala.info\\\/2009-2015\\\/te-gjithe-shkaktaret-e-jetezgjatesit-e-tragjedise-jetojne-me-mire-se-ne-perralle\\\/#primaryimage\"},\"image\":{\"@id\":\"https:\\\/\\\/fjala.info\\\/2009-2015\\\/te-gjithe-shkaktaret-e-jetezgjatesit-e-tragjedise-jetojne-me-mire-se-ne-perralle\\\/#primaryimage\"},\"thumbnailUrl\":\"http:\\\/\\\/www.shkoder.net\\\/images\\\/fjala\\\/2011\\\/blloshmi_permendore.jpg\",\"datePublished\":\"2011-10-26T08:22:02+00:00\",\"breadcrumb\":{\"@id\":\"https:\\\/\\\/fjala.info\\\/2009-2015\\\/te-gjithe-shkaktaret-e-jetezgjatesit-e-tragjedise-jetojne-me-mire-se-ne-perralle\\\/#breadcrumb\"},\"inLanguage\":\"sq-AL\",\"potentialAction\":[{\"@type\":\"ReadAction\",\"target\":[\"https:\\\/\\\/fjala.info\\\/2009-2015\\\/te-gjithe-shkaktaret-e-jetezgjatesit-e-tragjedise-jetojne-me-mire-se-ne-perralle\\\/\"]}]},{\"@type\":\"ImageObject\",\"inLanguage\":\"sq-AL\",\"@id\":\"https:\\\/\\\/fjala.info\\\/2009-2015\\\/te-gjithe-shkaktaret-e-jetezgjatesit-e-tragjedise-jetojne-me-mire-se-ne-perralle\\\/#primaryimage\",\"url\":\"http:\\\/\\\/www.shkoder.net\\\/images\\\/fjala\\\/2011\\\/blloshmi_permendore.jpg\",\"contentUrl\":\"http:\\\/\\\/www.shkoder.net\\\/images\\\/fjala\\\/2011\\\/blloshmi_permendore.jpg\"},{\"@type\":\"BreadcrumbList\",\"@id\":\"https:\\\/\\\/fjala.info\\\/2009-2015\\\/te-gjithe-shkaktaret-e-jetezgjatesit-e-tragjedise-jetojne-me-mire-se-ne-perralle\\\/#breadcrumb\",\"itemListElement\":[{\"@type\":\"ListItem\",\"position\":1,\"name\":\"Home\",\"item\":\"https:\\\/\\\/fjala.info\\\/2009-2015\\\/\"},{\"@type\":\"ListItem\",\"position\":2,\"name\":\"T\u00eb gjith\u00eb shkaktar\u00ebt e jet\u00ebzgjat\u00ebsit e tragjedis\u00eb jetojn\u00eb m\u00eb mir\u00eb se n\u00eb p\u00ebrrall\u00eb\"}]},{\"@type\":\"WebSite\",\"@id\":\"https:\\\/\\\/fjala.info\\\/2009-2015\\\/#website\",\"url\":\"https:\\\/\\\/fjala.info\\\/2009-2015\\\/\",\"name\":\"FjALA e LIR\u00cb - Arkivi\",\"description\":\"Arkivi 2009-2015\",\"publisher\":{\"@id\":\"https:\\\/\\\/fjala.info\\\/2009-2015\\\/#organization\"},\"potentialAction\":[{\"@type\":\"SearchAction\",\"target\":{\"@type\":\"EntryPoint\",\"urlTemplate\":\"https:\\\/\\\/fjala.info\\\/2009-2015\\\/?s={search_term_string}\"},\"query-input\":{\"@type\":\"PropertyValueSpecification\",\"valueRequired\":true,\"valueName\":\"search_term_string\"}}],\"inLanguage\":\"sq-AL\"},{\"@type\":\"Organization\",\"@id\":\"https:\\\/\\\/fjala.info\\\/2009-2015\\\/#organization\",\"name\":\"FjALA e LIR\u00cb - Arkivi\",\"url\":\"https:\\\/\\\/fjala.info\\\/2009-2015\\\/\",\"logo\":{\"@type\":\"ImageObject\",\"inLanguage\":\"sq-AL\",\"@id\":\"https:\\\/\\\/fjala.info\\\/2009-2015\\\/#\\\/schema\\\/logo\\\/image\\\/\",\"url\":\"\",\"contentUrl\":\"\",\"caption\":\"FjALA e LIR\u00cb - Arkivi\"},\"image\":{\"@id\":\"https:\\\/\\\/fjala.info\\\/2009-2015\\\/#\\\/schema\\\/logo\\\/image\\\/\"}},{\"@type\":\"Person\",\"@id\":\"https:\\\/\\\/fjala.info\\\/2009-2015\\\/#\\\/schema\\\/person\\\/3aa1163ef05469c496fc94e77611ada2\",\"name\":\"admin\",\"image\":{\"@type\":\"ImageObject\",\"inLanguage\":\"sq-AL\",\"@id\":\"https:\\\/\\\/fjala.info\\\/2009-2015\\\/wp-content\\\/uploads\\\/2012\\\/02\\\/arben_cokaj-120x150.jpg\",\"url\":\"https:\\\/\\\/fjala.info\\\/2009-2015\\\/wp-content\\\/uploads\\\/2012\\\/02\\\/arben_cokaj-120x150.jpg\",\"contentUrl\":\"https:\\\/\\\/fjala.info\\\/2009-2015\\\/wp-content\\\/uploads\\\/2012\\\/02\\\/arben_cokaj-120x150.jpg\",\"caption\":\"admin\"},\"description\":\"Admin, Fjala e Lir\u00eb\",\"sameAs\":[\"https:\\\/\\\/fjala.info\\\/\"],\"url\":\"https:\\\/\\\/fjala.info\\\/2009-2015\\\/author\\\/admin\\\/\"}]}<\/script>\n<!-- \/ Yoast SEO plugin. -->","yoast_head_json":{"title":"T\u00eb gjith\u00eb shkaktar\u00ebt e jet\u00ebzgjat\u00ebsit e tragjedis\u00eb jetojn\u00eb m\u00eb mir\u00eb se n\u00eb p\u00ebrrall\u00eb - FjALA e LIR\u00cb - Arkivi","robots":{"index":"index","follow":"follow","max-snippet":"max-snippet:-1","max-image-preview":"max-image-preview:large","max-video-preview":"max-video-preview:-1"},"canonical":"https:\/\/fjala.info\/2009-2015\/te-gjithe-shkaktaret-e-jetezgjatesit-e-tragjedise-jetojne-me-mire-se-ne-perralle\/","og_locale":"sq_AL","og_type":"article","og_title":"T\u00eb gjith\u00eb shkaktar\u00ebt e jet\u00ebzgjat\u00ebsit e tragjedis\u00eb jetojn\u00eb m\u00eb mir\u00eb se n\u00eb p\u00ebrrall\u00eb - FjALA e LIR\u00cb - Arkivi","og_description":"Ilirjan Blloshmi, 4 tetor 2011 Kujtes\u00eb Kryetares s\u00eb Parlamentit Nuk po ju shkruaj ndonj\u00eb gj\u00eb q\u00eb s\u2019\u00ebsht\u00eb e pa njohur p\u00ebr ju dhe as p\u00ebr popullin e shum\u00eb vuajtur, por dua t\u2019ju kujtoj se meq\u00eb jeni e pa pun\u00eb n\u00eb Parlament, b\u00ebjeni tuaj\u00ebn, filloni dhe zbatoni rezolut\u00ebn e KE-s\u00eb p\u00ebr t\u00eb d\u00ebnuar krimet e komunist\u00ebve. [&hellip;]","og_url":"https:\/\/fjala.info\/2009-2015\/te-gjithe-shkaktaret-e-jetezgjatesit-e-tragjedise-jetojne-me-mire-se-ne-perralle\/","og_site_name":"FjALA e LIR\u00cb - Arkivi","article_published_time":"2011-10-26T08:22:02+00:00","og_image":[{"url":"http:\/\/www.shkoder.net\/images\/fjala\/2011\/blloshmi_permendore.jpg","type":"","width":"","height":""}],"author":"admin","twitter_card":"summary_large_image","twitter_misc":{"Written by":"admin","Est. reading time":"5 minutes"},"schema":{"@context":"https:\/\/schema.org","@graph":[{"@type":"Article","@id":"https:\/\/fjala.info\/2009-2015\/te-gjithe-shkaktaret-e-jetezgjatesit-e-tragjedise-jetojne-me-mire-se-ne-perralle\/#article","isPartOf":{"@id":"https:\/\/fjala.info\/2009-2015\/te-gjithe-shkaktaret-e-jetezgjatesit-e-tragjedise-jetojne-me-mire-se-ne-perralle\/"},"author":{"name":"admin","@id":"https:\/\/fjala.info\/2009-2015\/#\/schema\/person\/3aa1163ef05469c496fc94e77611ada2"},"headline":"T\u00eb gjith\u00eb shkaktar\u00ebt e jet\u00ebzgjat\u00ebsit e tragjedis\u00eb jetojn\u00eb m\u00eb mir\u00eb se n\u00eb p\u00ebrrall\u00eb","datePublished":"2011-10-26T08:22:02+00:00","mainEntityOfPage":{"@id":"https:\/\/fjala.info\/2009-2015\/te-gjithe-shkaktaret-e-jetezgjatesit-e-tragjedise-jetojne-me-mire-se-ne-perralle\/"},"wordCount":938,"commentCount":0,"publisher":{"@id":"https:\/\/fjala.info\/2009-2015\/#organization"},"image":{"@id":"https:\/\/fjala.info\/2009-2015\/te-gjithe-shkaktaret-e-jetezgjatesit-e-tragjedise-jetojne-me-mire-se-ne-perralle\/#primaryimage"},"thumbnailUrl":"http:\/\/www.shkoder.net\/images\/fjala\/2011\/blloshmi_permendore.jpg","articleSection":["Artikuj"],"inLanguage":"sq-AL","potentialAction":[{"@type":"CommentAction","name":"Comment","target":["https:\/\/fjala.info\/2009-2015\/te-gjithe-shkaktaret-e-jetezgjatesit-e-tragjedise-jetojne-me-mire-se-ne-perralle\/#respond"]}]},{"@type":"WebPage","@id":"https:\/\/fjala.info\/2009-2015\/te-gjithe-shkaktaret-e-jetezgjatesit-e-tragjedise-jetojne-me-mire-se-ne-perralle\/","url":"https:\/\/fjala.info\/2009-2015\/te-gjithe-shkaktaret-e-jetezgjatesit-e-tragjedise-jetojne-me-mire-se-ne-perralle\/","name":"T\u00eb gjith\u00eb shkaktar\u00ebt e jet\u00ebzgjat\u00ebsit e tragjedis\u00eb jetojn\u00eb m\u00eb mir\u00eb se n\u00eb p\u00ebrrall\u00eb - FjALA e LIR\u00cb - Arkivi","isPartOf":{"@id":"https:\/\/fjala.info\/2009-2015\/#website"},"primaryImageOfPage":{"@id":"https:\/\/fjala.info\/2009-2015\/te-gjithe-shkaktaret-e-jetezgjatesit-e-tragjedise-jetojne-me-mire-se-ne-perralle\/#primaryimage"},"image":{"@id":"https:\/\/fjala.info\/2009-2015\/te-gjithe-shkaktaret-e-jetezgjatesit-e-tragjedise-jetojne-me-mire-se-ne-perralle\/#primaryimage"},"thumbnailUrl":"http:\/\/www.shkoder.net\/images\/fjala\/2011\/blloshmi_permendore.jpg","datePublished":"2011-10-26T08:22:02+00:00","breadcrumb":{"@id":"https:\/\/fjala.info\/2009-2015\/te-gjithe-shkaktaret-e-jetezgjatesit-e-tragjedise-jetojne-me-mire-se-ne-perralle\/#breadcrumb"},"inLanguage":"sq-AL","potentialAction":[{"@type":"ReadAction","target":["https:\/\/fjala.info\/2009-2015\/te-gjithe-shkaktaret-e-jetezgjatesit-e-tragjedise-jetojne-me-mire-se-ne-perralle\/"]}]},{"@type":"ImageObject","inLanguage":"sq-AL","@id":"https:\/\/fjala.info\/2009-2015\/te-gjithe-shkaktaret-e-jetezgjatesit-e-tragjedise-jetojne-me-mire-se-ne-perralle\/#primaryimage","url":"http:\/\/www.shkoder.net\/images\/fjala\/2011\/blloshmi_permendore.jpg","contentUrl":"http:\/\/www.shkoder.net\/images\/fjala\/2011\/blloshmi_permendore.jpg"},{"@type":"BreadcrumbList","@id":"https:\/\/fjala.info\/2009-2015\/te-gjithe-shkaktaret-e-jetezgjatesit-e-tragjedise-jetojne-me-mire-se-ne-perralle\/#breadcrumb","itemListElement":[{"@type":"ListItem","position":1,"name":"Home","item":"https:\/\/fjala.info\/2009-2015\/"},{"@type":"ListItem","position":2,"name":"T\u00eb gjith\u00eb shkaktar\u00ebt e jet\u00ebzgjat\u00ebsit e tragjedis\u00eb jetojn\u00eb m\u00eb mir\u00eb se n\u00eb p\u00ebrrall\u00eb"}]},{"@type":"WebSite","@id":"https:\/\/fjala.info\/2009-2015\/#website","url":"https:\/\/fjala.info\/2009-2015\/","name":"FjALA e LIR\u00cb - Arkivi","description":"Arkivi 2009-2015","publisher":{"@id":"https:\/\/fjala.info\/2009-2015\/#organization"},"potentialAction":[{"@type":"SearchAction","target":{"@type":"EntryPoint","urlTemplate":"https:\/\/fjala.info\/2009-2015\/?s={search_term_string}"},"query-input":{"@type":"PropertyValueSpecification","valueRequired":true,"valueName":"search_term_string"}}],"inLanguage":"sq-AL"},{"@type":"Organization","@id":"https:\/\/fjala.info\/2009-2015\/#organization","name":"FjALA e LIR\u00cb - Arkivi","url":"https:\/\/fjala.info\/2009-2015\/","logo":{"@type":"ImageObject","inLanguage":"sq-AL","@id":"https:\/\/fjala.info\/2009-2015\/#\/schema\/logo\/image\/","url":"","contentUrl":"","caption":"FjALA e LIR\u00cb - Arkivi"},"image":{"@id":"https:\/\/fjala.info\/2009-2015\/#\/schema\/logo\/image\/"}},{"@type":"Person","@id":"https:\/\/fjala.info\/2009-2015\/#\/schema\/person\/3aa1163ef05469c496fc94e77611ada2","name":"admin","image":{"@type":"ImageObject","inLanguage":"sq-AL","@id":"https:\/\/fjala.info\/2009-2015\/wp-content\/uploads\/2012\/02\/arben_cokaj-120x150.jpg","url":"https:\/\/fjala.info\/2009-2015\/wp-content\/uploads\/2012\/02\/arben_cokaj-120x150.jpg","contentUrl":"https:\/\/fjala.info\/2009-2015\/wp-content\/uploads\/2012\/02\/arben_cokaj-120x150.jpg","caption":"admin"},"description":"Admin, Fjala e Lir\u00eb","sameAs":["https:\/\/fjala.info\/"],"url":"https:\/\/fjala.info\/2009-2015\/author\/admin\/"}]}},"_links":{"self":[{"href":"https:\/\/fjala.info\/2009-2015\/wp-json\/wp\/v2\/posts\/11152","targetHints":{"allow":["GET"]}}],"collection":[{"href":"https:\/\/fjala.info\/2009-2015\/wp-json\/wp\/v2\/posts"}],"about":[{"href":"https:\/\/fjala.info\/2009-2015\/wp-json\/wp\/v2\/types\/post"}],"author":[{"embeddable":true,"href":"https:\/\/fjala.info\/2009-2015\/wp-json\/wp\/v2\/users\/1"}],"replies":[{"embeddable":true,"href":"https:\/\/fjala.info\/2009-2015\/wp-json\/wp\/v2\/comments?post=11152"}],"version-history":[{"count":0,"href":"https:\/\/fjala.info\/2009-2015\/wp-json\/wp\/v2\/posts\/11152\/revisions"}],"wp:attachment":[{"href":"https:\/\/fjala.info\/2009-2015\/wp-json\/wp\/v2\/media?parent=11152"}],"wp:term":[{"taxonomy":"category","embeddable":true,"href":"https:\/\/fjala.info\/2009-2015\/wp-json\/wp\/v2\/categories?post=11152"},{"taxonomy":"post_tag","embeddable":true,"href":"https:\/\/fjala.info\/2009-2015\/wp-json\/wp\/v2\/tags?post=11152"}],"curies":[{"name":"wp","href":"https:\/\/api.w.org\/{rel}","templated":true}]}}