{"id":11150,"date":"2011-10-26T09:18:52","date_gmt":"2011-10-26T08:18:52","guid":{"rendered":"http:\/\/fjala.shkoder.net\/?p=11150"},"modified":"2011-10-26T09:18:52","modified_gmt":"2011-10-26T08:18:52","slug":"135-m2-tapete-mendafshi-dhe-mobilje-me-dru-lisi-per-vilat-qeveritare","status":"publish","type":"post","link":"https:\/\/fjala.info\/2009-2015\/135-m2-tapete-mendafshi-dhe-mobilje-me-dru-lisi-per-vilat-qeveritare\/","title":{"rendered":"135 m2 tapete m\u00ebndafshi dhe mobilje me dru lisi p\u00ebr vilat qeveritare"},"content":{"rendered":"<p><img decoding=\"async\" class=\"alignright size-thumbnail wp-image-7236\" title=\"Sht\u00ebpi luksoze\" src=\"http:\/\/www.shkoder.net\/images\/fjala\/2011\/luxury_home.jpg\" alt=\"\" width=\"300\" \/> Nga <strong>Emirjon Senja<\/strong><\/p>\n<p>Mobilimi i vilave qeveritare n\u00eb Vlor\u00eb do t\u2019i kushtoj\u00eb buxhetit t\u00eb shtetit nj\u00eb shum\u00eb t\u00eb konsiderueshme parash. Agjencia e Prokurimit Publik ka shpallur kompanin\u00eb fituese q\u00eb do t\u00eb b\u00ebj\u00eb mobilimin m\u00eb shum\u00eb se 40 ambienteve, si holle, dhoma gjumi, dhoma pritje, veranda, tualete, dhoma pritje etj., kundrejt nj\u00eb shum\u00eb prej rreth 46.5 milion\u00eb lek\u00eb, e nj\u00ebvlefshme me rreth 450 mij\u00eb dollar\u00eb. I gjith\u00eb ky shpenzim do t\u00eb b\u00ebhet p\u00ebr blerjen e orendive, t\u00eb cilat fillojn\u00eb nga pikturat, karriget, dhomat gjumit, telezivor\u00ebt me ekran t\u00eb shesht\u00eb, tavolinat e shkrimit e deri tek tapetet e m\u00ebndafshit. Madje, p\u00ebr k\u00ebto t\u00eb fundit, \u00ebsht\u00eb v\u00ebn\u00eb kusht q\u00eb t\u00eb jen\u00eb ose persiane ose pakistaneze. Nj\u00eb vend tjet\u00ebr nga do t\u00eb vijn\u00eb tapetet p\u00ebr mobilimin e vilave qeveritare \u00ebsht\u00eb Pakistani.<\/p>\n<p>N\u00eb dokumentacionin e tenderit, Drejtoria e Sh\u00ebrbimeve Qeveritare ka parashtruar k\u00ebrkesat p\u00ebr secil\u00ebn pajisje duke parashikuar ngjyr\u00ebn, cil\u00ebsin\u00eb, madje edhe prejardhjen e materialeve. K\u00ebshtu p\u00ebrshembull, dhomat e gjumit ku do t\u00eb flen\u00eb qeveritar\u00ebt e lart\u00eb shtet\u00ebrore, do t\u00eb jen\u00eb t\u00eb mobiluara me mobilje ngjyr\u00eb bezh\u00eb e hapur me dru lisi.<\/p>\n<p>Me t\u00eb nj\u00ebjt\u00ebn ngjyr\u00eb do t\u00eb jen\u00eb edhe mbulesat e krevateve, madje edhe jorgan\u00ebt. Sipas dokumentacionit, jorgan\u00ebt duhet t\u00eb jen\u00eb kat\u00ebr stin\u00ebt. Luksi rritet edhe m\u00eb tep\u00ebr kur kalojm\u00eb t\u00eb tapetet. Drejtoria e Sh\u00ebrbimeve Qeveritare, ka menduar q\u00eb qeveritar\u00ebt tan\u00eb por edhe delegacionet e huaja q\u00eb do t\u00eb vizitojn\u00eb vendin t\u00eb shkelin t\u00eb tapete persiane, t\u00eb lahen n\u00eb pishina dhe t\u00eb shlodhen duke par\u00eb filma me sistem \u201cHome Cinema\u201d. Kolltuqet do t\u00eb jen\u00eb t\u00eb stilit \u201cchester\u201d, \u201ccapitone\u201d apo \u201cagora\u201d. Madje, vila ofron edhe nj\u00eb arg\u00ebtim tjet\u00ebr n\u00eb katin e n\u00ebndhesh\u00ebm. Pran\u00eb pishin\u00ebs dhe barit, ndodhet nj\u00eb tavolin\u00eb bilardo, e cila gjithashtu do t\u00eb blihet me k\u00ebt\u00eb tender.<\/p>\n<p>Pasqyrat n\u00eb dhom\u00ebn e ndenjes do t\u00eb jen\u00eb t\u00eb veshura me l\u00ebkur\u00eb. Edhe m\u00eb cil\u00ebsore do t\u00eb jet\u00eb l\u00ebkura q\u00eb mb\u00ebshtjell kokat e krevateve dopio t\u00eb dhomave t\u00eb gjumit. \u00c7ar\u00e7af\u00ebt do t\u00eb jen\u00eb t\u00eb madh\u00ebsis\u00eb \u201cking size\u201d, muret t\u00eb veshura dhe kryesisht n\u00eb dhomat e ndenjes dhe n\u00eb holl do t\u00eb ket\u00eb zbukurime me reliev.<\/p>\n<p>Holli nga ana tjet\u00ebr do t\u00eb ket\u00eb si zbukurim skulptura qeramike, piktura, mbajt\u00ebse qirinjsh, etj.<\/p>\n<p>Vilat qeveritare sh\u00ebrbejn\u00eb p\u00ebr pritje-p\u00ebrcjelljet e delegacioneve t\u00eb huaja dhe jan\u00eb kryesisht n\u00eb sh\u00ebrbim t\u00eb Kuvendit, K\u00ebshillit t\u00eb Ministrave dhe ministrive. Nd\u00ebrkoh\u00eb, n\u00eb pjes\u00ebn m\u00eb t\u00eb madhe t\u00eb vitit, vilat qeveritare p\u00ebrdoren nga vet\u00eb funksionar\u00ebt e lart\u00eb shtet\u00ebrore, si\u00e7 \u00ebsht\u00eb Presidenti i Republik\u00ebs, Kryeministri, Kryetari i Kuvendit, ministrat, etj. k\u00ebta t\u00eb fundit i frekuentojn\u00eb ato kryesisht gjat\u00eb fundjavave apo dit\u00ebve t\u00eb pushimeve zyrtare. P\u00ebr t\u00eb mos p\u00ebrjashtuar edhe pushimet e ver\u00ebs, t\u00eb cilat zyrtar\u00ebt tan\u00eb t\u00eb lart\u00eb preferojn\u00eb t\u2019i kalojn\u00eb n\u00eb bregdetin e jugut.<\/p>\n<p>135<\/p>\n<p>Met\u00ebr katror tapete m\u00ebndafshi do t\u00eb blej\u00eb qeveria p\u00ebr mobilimin e vilave qeveritare. Gjithashtu parashikohet edhe blerja e 90 metrave katror tapet leshi nga Pakistani<\/p>\n<p>460<\/p>\n<p>mij\u00eb dollar\u00eb \u00ebsht\u00eb kostoja q\u00eb do t\u00eb p\u00ebrballoj\u00eb buxheti i shtetit p\u00ebr mobilimin e vilave qeveritare n\u00eb Vlor\u00eb. Dhomat do t\u00eb ken\u00eb orendi luksoze, si\u00e7 jan\u00eb tapetet persiane apo kolltuqet \u201cchester\u201d<\/p>\n<p>40<\/p>\n<p>Pol\u00ebsh \u00ebsht\u00eb nj\u00eb nd\u00ebr televizor\u00ebt me ekran t\u00eb shesht\u00eb q\u00eb do t\u00eb vendoset n\u00eb dhom\u00ebn pritjeve. Krahas tij, parashikohet blerja e m\u00eb shum\u00eb se 10 televizor\u00ebve t\u00eb tjer\u00eb me ekran t\u00eb shesht\u00eb me madh\u00ebsi t\u00eb ndryshme<\/p>\n<p>Disa nga orendit\u00eb*<\/p>\n<p>Kolltuk \u201cchester\u201d, \u201ccapitone\u201d, \u201cagora\u201d<\/p>\n<p>Jorgan kat\u00ebr stin\u00ebt<\/p>\n<p>Tapet persian<\/p>\n<p>Tapet leshi (Iran ose Pakistan)<\/p>\n<p>Bilardo<\/p>\n<p>Perde m\u00ebndafshi<\/p>\n<p>Krevat dopio me kok\u00eb me veshje l\u00ebkure<\/p>\n<p>Piktura<\/p>\n<p>Skulptura<\/p>\n<p>Vazo qelqi\/qeramik\u00eb<\/p>\n<p>TV ekran t\u00eb shesht\u00eb<\/p>\n<p>Sistem \u201cHome Cinema\u201d<\/p>\n<p>*P\u00ebr t\u2019u mobiluar jan\u00eb m\u00eb shum\u00eb se 40 ambiente si dhoma gjumi, holle, dhoma ndenje, sall\u00eb pritje, etj.<\/p>\n","protected":false},"excerpt":{"rendered":"<p>Nga Emirjon Senja Mobilimi i vilave qeveritare n\u00eb Vlor\u00eb do t\u2019i kushtoj\u00eb buxhetit t\u00eb shtetit nj\u00eb shum\u00eb t\u00eb konsiderueshme parash. Agjencia e Prokurimit Publik ka shpallur kompanin\u00eb fituese q\u00eb do t\u00eb b\u00ebj\u00eb mobilimin m\u00eb shum\u00eb se 40 ambienteve, si holle, dhoma gjumi, dhoma pritje, veranda, tualete, dhoma pritje etj., kundrejt nj\u00eb shum\u00eb prej rreth 46.5 [&hellip;]<\/p>\n","protected":false},"author":1,"featured_media":0,"comment_status":"open","ping_status":"closed","sticky":false,"template":"","format":"standard","meta":{"footnotes":""},"categories":[2],"tags":[],"class_list":{"0":"post-11150","1":"post","2":"type-post","3":"status-publish","4":"format-standard","6":"category-artikuj"},"yoast_head":"<!-- This site is optimized with the Yoast SEO plugin v27.4 - https:\/\/yoast.com\/product\/yoast-seo-wordpress\/ -->\n<title>135 m2 tapete m\u00ebndafshi dhe mobilje me dru lisi p\u00ebr vilat qeveritare - FjALA e LIR\u00cb - Arkivi<\/title>\n<meta name=\"robots\" content=\"index, follow, max-snippet:-1, max-image-preview:large, max-video-preview:-1\" \/>\n<link rel=\"canonical\" href=\"https:\/\/fjala.info\/2009-2015\/135-m2-tapete-mendafshi-dhe-mobilje-me-dru-lisi-per-vilat-qeveritare\/\" \/>\n<meta property=\"og:locale\" content=\"sq_AL\" \/>\n<meta property=\"og:type\" content=\"article\" \/>\n<meta property=\"og:title\" content=\"135 m2 tapete m\u00ebndafshi dhe mobilje me dru lisi p\u00ebr vilat qeveritare - FjALA e LIR\u00cb - Arkivi\" \/>\n<meta property=\"og:description\" content=\"Nga Emirjon Senja Mobilimi i vilave qeveritare n\u00eb Vlor\u00eb do t\u2019i kushtoj\u00eb buxhetit t\u00eb shtetit nj\u00eb shum\u00eb t\u00eb konsiderueshme parash. Agjencia e Prokurimit Publik ka shpallur kompanin\u00eb fituese q\u00eb do t\u00eb b\u00ebj\u00eb mobilimin m\u00eb shum\u00eb se 40 ambienteve, si holle, dhoma gjumi, dhoma pritje, veranda, tualete, dhoma pritje etj., kundrejt nj\u00eb shum\u00eb prej rreth 46.5 [&hellip;]\" \/>\n<meta property=\"og:url\" content=\"https:\/\/fjala.info\/2009-2015\/135-m2-tapete-mendafshi-dhe-mobilje-me-dru-lisi-per-vilat-qeveritare\/\" \/>\n<meta property=\"og:site_name\" content=\"FjALA e LIR\u00cb - Arkivi\" \/>\n<meta property=\"article:published_time\" content=\"2011-10-26T08:18:52+00:00\" \/>\n<meta property=\"og:image\" content=\"http:\/\/www.shkoder.net\/images\/fjala\/2011\/luxury_home.jpg\" \/>\n<meta name=\"author\" content=\"admin\" \/>\n<meta name=\"twitter:card\" content=\"summary_large_image\" \/>\n<meta name=\"twitter:label1\" content=\"Written by\" \/>\n\t<meta name=\"twitter:data1\" content=\"admin\" \/>\n\t<meta name=\"twitter:label2\" content=\"Est. reading time\" \/>\n\t<meta name=\"twitter:data2\" content=\"3 minutes\" \/>\n<script type=\"application\/ld+json\" class=\"yoast-schema-graph\">{\"@context\":\"https:\\\/\\\/schema.org\",\"@graph\":[{\"@type\":\"Article\",\"@id\":\"https:\\\/\\\/fjala.info\\\/2009-2015\\\/135-m2-tapete-mendafshi-dhe-mobilje-me-dru-lisi-per-vilat-qeveritare\\\/#article\",\"isPartOf\":{\"@id\":\"https:\\\/\\\/fjala.info\\\/2009-2015\\\/135-m2-tapete-mendafshi-dhe-mobilje-me-dru-lisi-per-vilat-qeveritare\\\/\"},\"author\":{\"name\":\"admin\",\"@id\":\"https:\\\/\\\/fjala.info\\\/2009-2015\\\/#\\\/schema\\\/person\\\/3aa1163ef05469c496fc94e77611ada2\"},\"headline\":\"135 m2 tapete m\u00ebndafshi dhe mobilje me dru lisi p\u00ebr vilat qeveritare\",\"datePublished\":\"2011-10-26T08:18:52+00:00\",\"mainEntityOfPage\":{\"@id\":\"https:\\\/\\\/fjala.info\\\/2009-2015\\\/135-m2-tapete-mendafshi-dhe-mobilje-me-dru-lisi-per-vilat-qeveritare\\\/\"},\"wordCount\":676,\"commentCount\":0,\"publisher\":{\"@id\":\"https:\\\/\\\/fjala.info\\\/2009-2015\\\/#organization\"},\"image\":{\"@id\":\"https:\\\/\\\/fjala.info\\\/2009-2015\\\/135-m2-tapete-mendafshi-dhe-mobilje-me-dru-lisi-per-vilat-qeveritare\\\/#primaryimage\"},\"thumbnailUrl\":\"http:\\\/\\\/www.shkoder.net\\\/images\\\/fjala\\\/2011\\\/luxury_home.jpg\",\"articleSection\":[\"Artikuj\"],\"inLanguage\":\"sq-AL\",\"potentialAction\":[{\"@type\":\"CommentAction\",\"name\":\"Comment\",\"target\":[\"https:\\\/\\\/fjala.info\\\/2009-2015\\\/135-m2-tapete-mendafshi-dhe-mobilje-me-dru-lisi-per-vilat-qeveritare\\\/#respond\"]}]},{\"@type\":\"WebPage\",\"@id\":\"https:\\\/\\\/fjala.info\\\/2009-2015\\\/135-m2-tapete-mendafshi-dhe-mobilje-me-dru-lisi-per-vilat-qeveritare\\\/\",\"url\":\"https:\\\/\\\/fjala.info\\\/2009-2015\\\/135-m2-tapete-mendafshi-dhe-mobilje-me-dru-lisi-per-vilat-qeveritare\\\/\",\"name\":\"135 m2 tapete m\u00ebndafshi dhe mobilje me dru lisi p\u00ebr vilat qeveritare - FjALA e LIR\u00cb - Arkivi\",\"isPartOf\":{\"@id\":\"https:\\\/\\\/fjala.info\\\/2009-2015\\\/#website\"},\"primaryImageOfPage\":{\"@id\":\"https:\\\/\\\/fjala.info\\\/2009-2015\\\/135-m2-tapete-mendafshi-dhe-mobilje-me-dru-lisi-per-vilat-qeveritare\\\/#primaryimage\"},\"image\":{\"@id\":\"https:\\\/\\\/fjala.info\\\/2009-2015\\\/135-m2-tapete-mendafshi-dhe-mobilje-me-dru-lisi-per-vilat-qeveritare\\\/#primaryimage\"},\"thumbnailUrl\":\"http:\\\/\\\/www.shkoder.net\\\/images\\\/fjala\\\/2011\\\/luxury_home.jpg\",\"datePublished\":\"2011-10-26T08:18:52+00:00\",\"breadcrumb\":{\"@id\":\"https:\\\/\\\/fjala.info\\\/2009-2015\\\/135-m2-tapete-mendafshi-dhe-mobilje-me-dru-lisi-per-vilat-qeveritare\\\/#breadcrumb\"},\"inLanguage\":\"sq-AL\",\"potentialAction\":[{\"@type\":\"ReadAction\",\"target\":[\"https:\\\/\\\/fjala.info\\\/2009-2015\\\/135-m2-tapete-mendafshi-dhe-mobilje-me-dru-lisi-per-vilat-qeveritare\\\/\"]}]},{\"@type\":\"ImageObject\",\"inLanguage\":\"sq-AL\",\"@id\":\"https:\\\/\\\/fjala.info\\\/2009-2015\\\/135-m2-tapete-mendafshi-dhe-mobilje-me-dru-lisi-per-vilat-qeveritare\\\/#primaryimage\",\"url\":\"http:\\\/\\\/www.shkoder.net\\\/images\\\/fjala\\\/2011\\\/luxury_home.jpg\",\"contentUrl\":\"http:\\\/\\\/www.shkoder.net\\\/images\\\/fjala\\\/2011\\\/luxury_home.jpg\"},{\"@type\":\"BreadcrumbList\",\"@id\":\"https:\\\/\\\/fjala.info\\\/2009-2015\\\/135-m2-tapete-mendafshi-dhe-mobilje-me-dru-lisi-per-vilat-qeveritare\\\/#breadcrumb\",\"itemListElement\":[{\"@type\":\"ListItem\",\"position\":1,\"name\":\"Home\",\"item\":\"https:\\\/\\\/fjala.info\\\/2009-2015\\\/\"},{\"@type\":\"ListItem\",\"position\":2,\"name\":\"135 m2 tapete m\u00ebndafshi dhe mobilje me dru lisi p\u00ebr vilat qeveritare\"}]},{\"@type\":\"WebSite\",\"@id\":\"https:\\\/\\\/fjala.info\\\/2009-2015\\\/#website\",\"url\":\"https:\\\/\\\/fjala.info\\\/2009-2015\\\/\",\"name\":\"FjALA e LIR\u00cb - Arkivi\",\"description\":\"Arkivi 2009-2015\",\"publisher\":{\"@id\":\"https:\\\/\\\/fjala.info\\\/2009-2015\\\/#organization\"},\"potentialAction\":[{\"@type\":\"SearchAction\",\"target\":{\"@type\":\"EntryPoint\",\"urlTemplate\":\"https:\\\/\\\/fjala.info\\\/2009-2015\\\/?s={search_term_string}\"},\"query-input\":{\"@type\":\"PropertyValueSpecification\",\"valueRequired\":true,\"valueName\":\"search_term_string\"}}],\"inLanguage\":\"sq-AL\"},{\"@type\":\"Organization\",\"@id\":\"https:\\\/\\\/fjala.info\\\/2009-2015\\\/#organization\",\"name\":\"FjALA e LIR\u00cb - Arkivi\",\"url\":\"https:\\\/\\\/fjala.info\\\/2009-2015\\\/\",\"logo\":{\"@type\":\"ImageObject\",\"inLanguage\":\"sq-AL\",\"@id\":\"https:\\\/\\\/fjala.info\\\/2009-2015\\\/#\\\/schema\\\/logo\\\/image\\\/\",\"url\":\"\",\"contentUrl\":\"\",\"caption\":\"FjALA e LIR\u00cb - Arkivi\"},\"image\":{\"@id\":\"https:\\\/\\\/fjala.info\\\/2009-2015\\\/#\\\/schema\\\/logo\\\/image\\\/\"}},{\"@type\":\"Person\",\"@id\":\"https:\\\/\\\/fjala.info\\\/2009-2015\\\/#\\\/schema\\\/person\\\/3aa1163ef05469c496fc94e77611ada2\",\"name\":\"admin\",\"image\":{\"@type\":\"ImageObject\",\"inLanguage\":\"sq-AL\",\"@id\":\"https:\\\/\\\/fjala.info\\\/2009-2015\\\/wp-content\\\/uploads\\\/2012\\\/02\\\/arben_cokaj-120x150.jpg\",\"url\":\"https:\\\/\\\/fjala.info\\\/2009-2015\\\/wp-content\\\/uploads\\\/2012\\\/02\\\/arben_cokaj-120x150.jpg\",\"contentUrl\":\"https:\\\/\\\/fjala.info\\\/2009-2015\\\/wp-content\\\/uploads\\\/2012\\\/02\\\/arben_cokaj-120x150.jpg\",\"caption\":\"admin\"},\"description\":\"Admin, Fjala e Lir\u00eb\",\"sameAs\":[\"https:\\\/\\\/fjala.info\\\/\"],\"url\":\"https:\\\/\\\/fjala.info\\\/2009-2015\\\/author\\\/admin\\\/\"}]}<\/script>\n<!-- \/ Yoast SEO plugin. -->","yoast_head_json":{"title":"135 m2 tapete m\u00ebndafshi dhe mobilje me dru lisi p\u00ebr vilat qeveritare - FjALA e LIR\u00cb - Arkivi","robots":{"index":"index","follow":"follow","max-snippet":"max-snippet:-1","max-image-preview":"max-image-preview:large","max-video-preview":"max-video-preview:-1"},"canonical":"https:\/\/fjala.info\/2009-2015\/135-m2-tapete-mendafshi-dhe-mobilje-me-dru-lisi-per-vilat-qeveritare\/","og_locale":"sq_AL","og_type":"article","og_title":"135 m2 tapete m\u00ebndafshi dhe mobilje me dru lisi p\u00ebr vilat qeveritare - FjALA e LIR\u00cb - Arkivi","og_description":"Nga Emirjon Senja Mobilimi i vilave qeveritare n\u00eb Vlor\u00eb do t\u2019i kushtoj\u00eb buxhetit t\u00eb shtetit nj\u00eb shum\u00eb t\u00eb konsiderueshme parash. Agjencia e Prokurimit Publik ka shpallur kompanin\u00eb fituese q\u00eb do t\u00eb b\u00ebj\u00eb mobilimin m\u00eb shum\u00eb se 40 ambienteve, si holle, dhoma gjumi, dhoma pritje, veranda, tualete, dhoma pritje etj., kundrejt nj\u00eb shum\u00eb prej rreth 46.5 [&hellip;]","og_url":"https:\/\/fjala.info\/2009-2015\/135-m2-tapete-mendafshi-dhe-mobilje-me-dru-lisi-per-vilat-qeveritare\/","og_site_name":"FjALA e LIR\u00cb - Arkivi","article_published_time":"2011-10-26T08:18:52+00:00","og_image":[{"url":"http:\/\/www.shkoder.net\/images\/fjala\/2011\/luxury_home.jpg","type":"","width":"","height":""}],"author":"admin","twitter_card":"summary_large_image","twitter_misc":{"Written by":"admin","Est. reading time":"3 minutes"},"schema":{"@context":"https:\/\/schema.org","@graph":[{"@type":"Article","@id":"https:\/\/fjala.info\/2009-2015\/135-m2-tapete-mendafshi-dhe-mobilje-me-dru-lisi-per-vilat-qeveritare\/#article","isPartOf":{"@id":"https:\/\/fjala.info\/2009-2015\/135-m2-tapete-mendafshi-dhe-mobilje-me-dru-lisi-per-vilat-qeveritare\/"},"author":{"name":"admin","@id":"https:\/\/fjala.info\/2009-2015\/#\/schema\/person\/3aa1163ef05469c496fc94e77611ada2"},"headline":"135 m2 tapete m\u00ebndafshi dhe mobilje me dru lisi p\u00ebr vilat qeveritare","datePublished":"2011-10-26T08:18:52+00:00","mainEntityOfPage":{"@id":"https:\/\/fjala.info\/2009-2015\/135-m2-tapete-mendafshi-dhe-mobilje-me-dru-lisi-per-vilat-qeveritare\/"},"wordCount":676,"commentCount":0,"publisher":{"@id":"https:\/\/fjala.info\/2009-2015\/#organization"},"image":{"@id":"https:\/\/fjala.info\/2009-2015\/135-m2-tapete-mendafshi-dhe-mobilje-me-dru-lisi-per-vilat-qeveritare\/#primaryimage"},"thumbnailUrl":"http:\/\/www.shkoder.net\/images\/fjala\/2011\/luxury_home.jpg","articleSection":["Artikuj"],"inLanguage":"sq-AL","potentialAction":[{"@type":"CommentAction","name":"Comment","target":["https:\/\/fjala.info\/2009-2015\/135-m2-tapete-mendafshi-dhe-mobilje-me-dru-lisi-per-vilat-qeveritare\/#respond"]}]},{"@type":"WebPage","@id":"https:\/\/fjala.info\/2009-2015\/135-m2-tapete-mendafshi-dhe-mobilje-me-dru-lisi-per-vilat-qeveritare\/","url":"https:\/\/fjala.info\/2009-2015\/135-m2-tapete-mendafshi-dhe-mobilje-me-dru-lisi-per-vilat-qeveritare\/","name":"135 m2 tapete m\u00ebndafshi dhe mobilje me dru lisi p\u00ebr vilat qeveritare - FjALA e LIR\u00cb - Arkivi","isPartOf":{"@id":"https:\/\/fjala.info\/2009-2015\/#website"},"primaryImageOfPage":{"@id":"https:\/\/fjala.info\/2009-2015\/135-m2-tapete-mendafshi-dhe-mobilje-me-dru-lisi-per-vilat-qeveritare\/#primaryimage"},"image":{"@id":"https:\/\/fjala.info\/2009-2015\/135-m2-tapete-mendafshi-dhe-mobilje-me-dru-lisi-per-vilat-qeveritare\/#primaryimage"},"thumbnailUrl":"http:\/\/www.shkoder.net\/images\/fjala\/2011\/luxury_home.jpg","datePublished":"2011-10-26T08:18:52+00:00","breadcrumb":{"@id":"https:\/\/fjala.info\/2009-2015\/135-m2-tapete-mendafshi-dhe-mobilje-me-dru-lisi-per-vilat-qeveritare\/#breadcrumb"},"inLanguage":"sq-AL","potentialAction":[{"@type":"ReadAction","target":["https:\/\/fjala.info\/2009-2015\/135-m2-tapete-mendafshi-dhe-mobilje-me-dru-lisi-per-vilat-qeveritare\/"]}]},{"@type":"ImageObject","inLanguage":"sq-AL","@id":"https:\/\/fjala.info\/2009-2015\/135-m2-tapete-mendafshi-dhe-mobilje-me-dru-lisi-per-vilat-qeveritare\/#primaryimage","url":"http:\/\/www.shkoder.net\/images\/fjala\/2011\/luxury_home.jpg","contentUrl":"http:\/\/www.shkoder.net\/images\/fjala\/2011\/luxury_home.jpg"},{"@type":"BreadcrumbList","@id":"https:\/\/fjala.info\/2009-2015\/135-m2-tapete-mendafshi-dhe-mobilje-me-dru-lisi-per-vilat-qeveritare\/#breadcrumb","itemListElement":[{"@type":"ListItem","position":1,"name":"Home","item":"https:\/\/fjala.info\/2009-2015\/"},{"@type":"ListItem","position":2,"name":"135 m2 tapete m\u00ebndafshi dhe mobilje me dru lisi p\u00ebr vilat qeveritare"}]},{"@type":"WebSite","@id":"https:\/\/fjala.info\/2009-2015\/#website","url":"https:\/\/fjala.info\/2009-2015\/","name":"FjALA e LIR\u00cb - Arkivi","description":"Arkivi 2009-2015","publisher":{"@id":"https:\/\/fjala.info\/2009-2015\/#organization"},"potentialAction":[{"@type":"SearchAction","target":{"@type":"EntryPoint","urlTemplate":"https:\/\/fjala.info\/2009-2015\/?s={search_term_string}"},"query-input":{"@type":"PropertyValueSpecification","valueRequired":true,"valueName":"search_term_string"}}],"inLanguage":"sq-AL"},{"@type":"Organization","@id":"https:\/\/fjala.info\/2009-2015\/#organization","name":"FjALA e LIR\u00cb - Arkivi","url":"https:\/\/fjala.info\/2009-2015\/","logo":{"@type":"ImageObject","inLanguage":"sq-AL","@id":"https:\/\/fjala.info\/2009-2015\/#\/schema\/logo\/image\/","url":"","contentUrl":"","caption":"FjALA e LIR\u00cb - Arkivi"},"image":{"@id":"https:\/\/fjala.info\/2009-2015\/#\/schema\/logo\/image\/"}},{"@type":"Person","@id":"https:\/\/fjala.info\/2009-2015\/#\/schema\/person\/3aa1163ef05469c496fc94e77611ada2","name":"admin","image":{"@type":"ImageObject","inLanguage":"sq-AL","@id":"https:\/\/fjala.info\/2009-2015\/wp-content\/uploads\/2012\/02\/arben_cokaj-120x150.jpg","url":"https:\/\/fjala.info\/2009-2015\/wp-content\/uploads\/2012\/02\/arben_cokaj-120x150.jpg","contentUrl":"https:\/\/fjala.info\/2009-2015\/wp-content\/uploads\/2012\/02\/arben_cokaj-120x150.jpg","caption":"admin"},"description":"Admin, Fjala e Lir\u00eb","sameAs":["https:\/\/fjala.info\/"],"url":"https:\/\/fjala.info\/2009-2015\/author\/admin\/"}]}},"_links":{"self":[{"href":"https:\/\/fjala.info\/2009-2015\/wp-json\/wp\/v2\/posts\/11150","targetHints":{"allow":["GET"]}}],"collection":[{"href":"https:\/\/fjala.info\/2009-2015\/wp-json\/wp\/v2\/posts"}],"about":[{"href":"https:\/\/fjala.info\/2009-2015\/wp-json\/wp\/v2\/types\/post"}],"author":[{"embeddable":true,"href":"https:\/\/fjala.info\/2009-2015\/wp-json\/wp\/v2\/users\/1"}],"replies":[{"embeddable":true,"href":"https:\/\/fjala.info\/2009-2015\/wp-json\/wp\/v2\/comments?post=11150"}],"version-history":[{"count":0,"href":"https:\/\/fjala.info\/2009-2015\/wp-json\/wp\/v2\/posts\/11150\/revisions"}],"wp:attachment":[{"href":"https:\/\/fjala.info\/2009-2015\/wp-json\/wp\/v2\/media?parent=11150"}],"wp:term":[{"taxonomy":"category","embeddable":true,"href":"https:\/\/fjala.info\/2009-2015\/wp-json\/wp\/v2\/categories?post=11150"},{"taxonomy":"post_tag","embeddable":true,"href":"https:\/\/fjala.info\/2009-2015\/wp-json\/wp\/v2\/tags?post=11150"}],"curies":[{"name":"wp","href":"https:\/\/api.w.org\/{rel}","templated":true}]}}