{"id":11148,"date":"2011-10-26T09:00:32","date_gmt":"2011-10-26T08:00:32","guid":{"rendered":"http:\/\/fjala.shkoder.net\/?p=11148"},"modified":"2011-10-26T09:00:32","modified_gmt":"2011-10-26T08:00:32","slug":"ekspozita-njeditore-ne-muzeun-historik-kombetar-per-at-gjergj-fishten","status":"publish","type":"post","link":"https:\/\/fjala.info\/2009-2015\/ekspozita-njeditore-ne-muzeun-historik-kombetar-per-at-gjergj-fishten\/","title":{"rendered":"Ekspozita nj\u00ebditore n\u00eb Muzeun Historik Komb\u00ebtar per At Gjergj Fishten"},"content":{"rendered":"<p><img decoding=\"async\" class=\"alignright size-thumbnail wp-image-7236\" title=\"Gjergj Fishta\" src=\"http:\/\/www.shkoder.net\/images\/fjala\/2011\/gjergj_fishta.jpg\" alt=\"\" width=\"300\" \/> Nga <strong>Elsa Demo<\/strong><\/p>\n<p>Ekspozita nj\u00ebditore n\u00eb Muzeun Historik Komb\u00ebtar s\u2019do kishte kuptim pa disa sende q\u00eb Gjergj Fishta (1871-1940) i ka p\u00ebrdorur. Hera e par\u00eb q\u00eb u ekspozuan. Muret ishin z\u00ebn\u00eb me riprodhime t\u00eb dor\u00ebshkrimeve letrare, certifikata t\u00eb urdhrave t\u00eb nderit nga akademi e qeveri t\u00eb huaja, foto me cil\u00ebsi t\u00eb vog\u00ebl q\u00eb qarkullojn\u00eb kudo, botime t\u00eb koh\u00ebve t\u00eb sotme q\u00eb i gjen n\u00eb librari. L\u00ebnd\u00eb e njohur dhe e p\u00ebrzier pa kriter.<\/p>\n<p>N\u00eb Muzeun Historik Komb\u00ebtar (p\u00ebr paradoks) e pret k\u00ebt\u00eb munges\u00eb kompetence n\u00eb ekspozimin e materialeve arkivore dhe objekteve t\u00eb vjetra, sepse Muzeu i historis\u00eb funksionon n\u00eb k\u00ebso rastesh si ambient q\u00eb l\u00ebshohet me qira.<\/p>\n<p>N\u00eb p\u00ebrvjetorin e 140 t\u00eb lindjes s\u00eb Gjergj Fisht\u00ebs, Ministria e Kultur\u00ebs q\u00eb e ka shpallur 2011-\u00ebn, Viti i Fisht\u00ebs, duket q\u00eb nuk ka m\u00eb shum\u00eb rol se l\u00ebvrimi i ndonj\u00eb fondi paresh p\u00ebr transport. Edhe po t\u00eb kishte marr\u00eb gj\u00eb n\u00eb dor\u00eb, Ministria nuk ka specialist\u00eb t\u00eb librit apo kujtes\u00ebs historike me shije m\u00eb t\u00eb lart\u00eb se kitsch-i.<\/p>\n<p>Ekspozita p\u00ebr nder t\u00eb Gjergj Fisht\u00ebs, q\u00eb ishte ekspozit\u00eb p\u00ebr nder t\u00eb pad\u00ebr Gjergj Fisht\u00ebs, kishte dy kontribues kryesor\u00eb: Provinca Fran\u00e7eskane t\u00eb Shqip\u00ebris\u00eb, me fret\u00ebrit minor\u00eb q\u00eb drejtonin vizitor\u00ebt (t\u00eb gjith\u00eb kishin t\u00eb ngjitur n\u00eb jakat e xhaket\u00ebs nj\u00eb portret t\u00eb vog\u00ebl t\u00eb Fisht\u00ebs) ato dy or\u00eb t\u00eb mbr\u00ebmjes s\u00eb 24 tetorit, dhe Shoqata e Bukinist\u00ebve dhe e Koleksionist\u00ebve t\u00eb Shqip\u00ebris\u00eb. Kjo ka kontribut special n\u00eb gjurmimin e objekteve t\u00eb Fisht\u00ebs.<\/p>\n<p><strong>Sendet q\u00eb Fisht\u00ebs ia ruajti nj\u00eb komunist<\/strong><\/p>\n<p>Fra Mikel Pllumaj q\u00eb udh\u00ebheq guid\u00ebn p\u00ebr ministrin e Kultur\u00ebs Aldo Bum\u00e7i dhe drejtorin e MHK-s\u00eb, Luan Malltezi, e p\u00ebr nj\u00eb radh\u00eb q\u00eb dyndej, e nis me objektet e ruajtura p\u00ebr gjysm\u00eb shekulli nga komunist\u00ebt. Fra Mikeli (ka q\u00ebndruar vitet e fundit pran\u00eb pad\u00ebr Zef Pllumit q\u00eb ishte nj\u00eb nx\u00ebn\u00ebs i Fisht\u00ebs), tregon historin\u00eb e ruajtjes s\u00eb objekteve nga Muhamet Alia. Kujton q\u00eb shum\u00eb objekte t\u00eb kishave me ndalimin e fes\u00eb, u shp\u00ebrndan\u00eb n\u00eb familje komunist\u00ebsh. Disi ndryshe q\u00ebndronte puna me Muhametin. \u201cIshte fort i besuesh\u00ebm me ruejt objektet e pad\u00ebr Gjergjit, nj\u00ebkoh\u00ebsisht i ka ble k\u00ebto.\u201d \u00cbsht\u00eb nj\u00eb tavolin\u00eb, nj\u00eb tapet i kuq, dhurat\u00eb prej Persie t\u00eb cilin e kan\u00eb shkelur pak majat e k\u00ebpuc\u00ebve t\u00eb ministrit. \u201cDometh\u00ebn\u00eb ne po shkelim n\u00eb qilimin e pad\u00ebr Gjergjit?!\u201d, pyet dhe habitet ministri.<\/p>\n<p>Fra Mikeli sqaron se jan\u00eb p\u00ebrpjekur q\u00eb ky k\u00ebnd i ve\u00e7ant\u00eb i ekspozit\u00ebs t\u00eb duket familjar. Mbi tryez\u00eb varet nj\u00eb \u201clampadar q\u00eb \u00ebsht\u00eb ruejt n\u00eb sht\u00ebpin\u00eb e Muhametit. Ai kishte dhe shum\u00eb pajisje t\u00eb tjera, si\u00e7 ishte kompleti i dhom\u00ebs.\u201d Ministri Bum\u00e7i t\u00ebrheq pak v\u00ebmendjen q\u00eb nuk iu than\u00eb k\u00ebto detaje njer\u00ebzve. \u201c\u00cbsht\u00eb interesante q\u00eb nj\u00eb komunist i run k\u00ebto objekte\u201d, shton frati, \u201cpor i ka rujt p\u00ebr nj\u00eb arsye q\u00eb e ka pranuar. Ai kishte studju n\u00eb shkoll\u00ebn fran\u00e7eskane \u201cIllyricum\u201d dhe disa her\u00eb i ka \u00e7u kafe pad\u00ebr Gjergjit.\u201d E themeluar shkoll\u00eb m\u00eb 1861, \u201cIllyricum\u201d mori statusin e gjimnazit m\u00eb 1921 fal\u00eb Fisht\u00ebs, drejtor i saj prej vitit 1902. Madje n\u00eb ekspozit\u00eb t\u00eb b\u00ebn p\u00ebrshtypje nj\u00eb reskript i Sulltanit t\u00eb Stambollit d\u00ebrguar at Fisht\u00ebs m\u00eb 1909, e me t\u00eb cil\u00ebn njeh shkoll\u00ebn fran\u00e7eskane.<\/p>\n<p>\u201cPra ia ka dit vler\u00ebn dhe i ka ruejt k\u00ebto materiale\u201d, shton fra Mikeli. \u201cNj\u00eb di\u00e7ka tjet\u00ebr t\u00eb ve\u00e7ant\u00eb q\u00eb e ka familja e Muhametit edhe sot, \u00ebsht\u00eb nj\u00eb piktur\u00eb e bam prej pad\u00ebr Gjergjit, t\u00eb cil\u00ebn e run vajza e tij n\u00eb Rom\u00eb dhe m\u00eb ka premtu se edhe at\u00eb do t\u00eb na e kthej\u00eb.\u201d<\/p>\n<p>Mbi tavolin\u00eb ndodhet nj\u00eb makin\u00eb shkrimi, pjes\u00eb e Kuvendit t\u00eb fret\u00ebrve minor\u00eb dhe dy kupa t\u00eb bardha porcelani p\u00ebr karramele.<\/p>\n<p>\u201cT\u00eb gjitha k\u00ebto objekte p\u00ebr t\u2019i sjell\u00eb deri k\u00ebtu, ka ndihmuar Shoqata e Bukinist\u00ebve dhe Koleksionist\u00ebve t\u00eb Shqip\u00ebris\u00eb\u201d konfirmon Shp\u00ebtim Sala, kryetar i shoqat\u00ebs, \u201cndodheshin te nj\u00eb person privat, Muhamet Alia, prej 55 vjet\u00ebsh. Tani do t\u2019i ket\u00eb Kuvendi i Gjuhadolit.\u201d<\/p>\n<p>Eksponati q\u00eb q\u00ebndroi vet\u00ebm pak or\u00eb n\u00eb qend\u00ebr t\u00eb ekspozit\u00ebs mbante nj\u00eb botim t\u00eb hersh\u00ebm t\u00eb \u201cLahuta e Maltsiis\u201d me nj\u00eb p\u00ebrkushtim nga dora e Fisht\u00ebs: \u201cAtij kolegjalit qi di \u201cLahuten\u201d permendsh\u201d, Rom\u00eb, 2.11.1939. Ky kolegjiali \u00ebsht\u00eb pad\u00ebr Zef Pllumi, nj\u00eb nx\u00ebn\u00ebs i devotsh\u00ebm i liris\u00eb q\u00eb kishte k\u00ebnduar n\u00eb librat e Fisht\u00ebs. \u201cMe interes \u00ebsht\u00eb edhe ruejtja e k\u00ebtij bastoni. \u00cbsht\u00eb ruejt prej Markut nga Hajmeli i cili ishte te fret\u00ebrit dhe ka q\u00ebndru me Pad\u00ebr Justin Rrot\u00ebn, deri kur jan\u00eb mbyllur kishat, tek Arra e Madhe. Ka marr\u00eb bastonin e pad\u00ebr Gjergjit e ka ruejt; ka marr\u00eb kelkun me t\u00eb cil\u00ebn ka \u00e7uar mesh\u00ebn dhe kandilin e tina me t\u00eb cilin pad\u00ebr Gjergji ka shkru shum\u00eb vepra.\u201d Fra Mikeli mendon q\u00eb ky bastun i zi, i l\u00ebmuar, i gdhendur me fines\u00eb nga maja n\u00eb k\u00ebrrab\u00eb, duhet t\u00eb jet\u00eb i vitit 1933.<\/p>\n<p>Prifti shkrimtar, intelektual i angazhuar n\u00eb \u00e7\u00ebshtjen komb\u00ebtare politike, arsimore, kulturore p\u00ebr disa dekada, e ka p\u00ebrdorur k\u00ebt\u00eb bastun p\u00ebr disa vjet, kur i kishte l\u00ebn\u00eb t\u00eb gjasht\u00ebdhjetat. Fra Mikeli komenton me entuziaz\u00ebm simbolet q\u00eb jan\u00eb gdhendur n\u00eb bastun ku p\u00ebrfytyrohet ferri dhe parrizi: \u201cN\u00eb pjes\u00ebn e poshtme \u00ebsht\u00eb njeriu i cili sheh tok\u00ebn, simbol i personave egoist\u00eb t\u00eb cil\u00ebt shohin vetveten e tyre dhe interesin e k\u00ebsaj bote, t\u00eb cil\u00ebt hahen nga kulshedra, gjarpri i vjet\u00ebr dhe nj\u00ebkoh\u00ebsisht njeriu i ri, altruisti, Krishti n\u00eb kryq q\u00eb \u00ebsht\u00eb simboli i dhurimit t\u00eb vetvetes p\u00ebr t\u00eb mir\u00ebn e t\u00eb tjer\u00ebve. Jo pa q\u00ebllim i ka zgjedh\u00eb k\u00ebto t\u00eb dyja me shum\u00eb dometh\u00ebnie.\u201d<\/p>\n<p>Provinca Fran\u00e7eskane ruan sende t\u00eb tjera t\u00eb Fisht\u00ebs q\u00eb pritet t\u00eb vihen n\u00eb nj\u00eb muze t\u00eb v\u00ebrtet\u00eb. \u201cEdhe ne urojm\u00eb q\u00eb do ta realizojm\u00eb shpejt\u201d, thot\u00eb ministri. \u201cShpresojm\u00eb Zotin q\u00eb edhe bashk\u00ebpunimi t\u00eb jet\u00eb..\u201d, thot\u00eb fra Mikeli. \u201cPatjet\u00ebr\u201d, konfirmon ministri, \u201cd\u00ebshira nuk mungon. Mund t\u00eb mungojn\u00eb mjetet, mund\u00ebsit\u00eb, d\u00ebshira nuk mungon.\u201d<\/p>\n<p>\u201cAtje n\u00eb Stare, \u00ebsht\u00eb vendi ku ka shkruejt v\u00ebllimin e par\u00eb t\u00eb \u201cLahut\u00ebs\u2026\u201d. Tashma \u00ebsht\u00eb nj\u00eb kish\u00eb totalisht n\u00eb shkat\u00ebrrim. \u00cbsht\u00eb vendosur vet\u00ebm nj\u00eb pllakat. Duam t\u00eb v\u00ebm\u00eb dor\u00eb, por \u00ebsht\u00eb ndryshe kur vepron shteti\u201d, thot\u00eb frati. \u201cPatjet\u00ebr\u201d, thot\u00eb ministri, \u201cna takon neve\u201d.<\/p>\n<p>Zyra e shtypit pran\u00eb ministrit Bum\u00e7i njoftoi dje se p\u00ebrvjetori do t\u00eb shtrihet edhe gjat\u00eb vitit jubilar t\u00eb 100-vjetorit t\u00eb Pavar\u00ebsis\u00eb. Aty flitet me folje n\u00eb koh\u00ebn e ardhme: \u201cSht\u00ebpia e At Gjergj Fisht\u00ebs, n\u00eb fshatin Fisht\u00eb, n\u00eb Zadrim\u00eb t\u00eb Lezh\u00ebs do t\u00eb rikonstruktohet dhe do t\u00eb shnd\u00ebrrohet n\u00eb nj\u00eb muze bashk\u00ebkohor n\u00eb lart\u00ebsin\u00eb e k\u00ebtij personaliteti t\u00eb kultur\u00ebs komb\u00ebtare si dhe po shqyrtohet mund\u00ebsia e vendosjes n\u00eb sken\u00eb p\u00ebr her\u00eb t\u00eb par\u00eb t\u00eb nj\u00eb vepre t\u00eb tij nga Teatri Komb\u00ebtar. Gjithashtu po punohet p\u00ebr botimin e nj\u00eb albumi fotografik nga fondet e Fototek\u00ebs Marubi ku n\u00eb m\u00ebnyr\u00eb kronologjike pasqyrohet jeta dhe aktiviteti i Fisht\u00ebs i par\u00eb nga fotograf\u00ebt si dhe n\u00eb bashk\u00ebpunim me Provinc\u00ebn Fran\u00e7eskane do t\u00eb ribotohet vepra e plot\u00eb e tij.\u201d<\/p>\n<p>Ministri shprehur gjithashtu te ai njoftim respektin p\u00ebr aktin e ruajtjes s\u00eb objekteve t\u00eb Fisht\u00ebs, \u201cnj\u00eb prov\u00eb unike p\u00ebr popullin ton\u00eb. Pavar\u00ebsisht d\u00ebnimeve q\u00eb ekzistonin n\u00eb at\u00eb koh\u00eb, populli i ruajti objektet e Fisht\u00ebs, dhe kjo tregon respekt\u201d.<\/p>\n<p><strong>Vepra e plot\u00eb<\/strong><br \/>\nNj\u00eb pjes\u00eb e mir\u00eb e vepr\u00ebs s\u00eb Gjergj Fisht\u00ebs \u00ebsht\u00eb botuar nga Provinca Fran\u00e7eskane. Ekzistojn\u00eb botime alternative t\u00eb veprave kryesore letrare p\u00ebr programet shkollore. E tani Ministria premton tjet\u00ebr botim t\u00eb plot\u00eb. Sht\u00ebpia botuese \u201cGjergj Fishta\u201d e Lezh\u00ebs ka deklaruar nd\u00ebrkaq se e prezanton kolon\u00ebn me dhjet\u00eb vepra t\u00eb Fisht\u00ebs n\u00eb panairin e librit n\u00eb Tiran\u00eb n\u00ebntor 2011.<\/p>\n<p>Pad\u00ebr Aurel Gjerkaj, superior i Kuvendit t\u00eb Sh\u00ebn Fra\u00e7eskut n\u00eb Shkod\u00ebr, ku ka jetuar Fishta, shpreson t\u00eb botohet nj\u00eb dit\u00eb krejt vepra e tij, edhe ato q\u00eb \u201cala nuk kan\u00eb par\u00eb drit\u00ebn e diellit\u201d. Por kujton q\u00eb e drejta e pron\u00ebsis\u00eb intelektuale e fret\u00ebrve fran\u00e7eskan\u00eb i mbetet gjithmon\u00eb Provinc\u00ebs. \u201cSht\u00ebpia Botuese \u2018Gjergj Fishta\u2019 e ka botu edhe pa qen\u00eb koha, edhe pa u ba 70 vjet pas vdekjes. Provinca nuk ka qen\u00eb dakord me k\u00ebto botime sepse asnj\u00eb vep\u00ebr nuk mund t\u00eb botohet me tekst t\u00eb alterum.\u201d<\/p>\n<p>Nd\u00ebrsa fra Mikel Pllumaj \u00ebsht\u00eb m\u00eb i prer\u00eb: \u201cN\u00ebse ata prezantojn\u00eb vepr\u00ebn e plot\u00eb ne do t\u00eb dalim kund\u00ebr.\u201d<\/p>\n<p><strong>Koleksionist\u00ebt<\/strong><br \/>\nShoqata e Bukinist\u00ebve ka kontribut p\u00ebr ekspozimin e botimeve fran\u00e7eskane t\u00eb Gjergj Fisht\u00ebs deri m\u00eb 1944. Ajo ka sjell\u00eb edhe pak foto q\u00eb ekspozohen p\u00ebr her\u00eb t\u00eb par\u00eb si p\u00ebr shembull nj\u00ebra e vitit 1936 ku pad\u00ebr Gjergji \u00ebsht\u00eb me gjeneralin e p\u00ebrgjithsh\u00ebm fran\u00e7eskan bot\u00ebror Leonardo Bello.<\/p>\n<p>Shp\u00ebtim Sala thot\u00eb se Shoqata ka dijeni p\u00ebr objekte t\u00eb tjera t\u00eb Fisht\u00ebs q\u00eb \u201ci kan\u00eb pak njer\u00ebz, por nuk i japin. Nj\u00eb pjes\u00eb jan\u00eb zhdukur, qoft\u00eb edhe nga memoria jon\u00eb. Prandaj edhe ardhja e k\u00ebtyre objekteve n\u00eb Muzeun Komb\u00ebtar p\u00ebrb\u00ebn nj\u00eb risi.\u201d<\/p>\n<p><em>SHEKULLI<\/em><\/p>\n","protected":false},"excerpt":{"rendered":"<p>Nga Elsa Demo Ekspozita nj\u00ebditore n\u00eb Muzeun Historik Komb\u00ebtar s\u2019do kishte kuptim pa disa sende q\u00eb Gjergj Fishta (1871-1940) i ka p\u00ebrdorur. Hera e par\u00eb q\u00eb u ekspozuan. Muret ishin z\u00ebn\u00eb me riprodhime t\u00eb dor\u00ebshkrimeve letrare, certifikata t\u00eb urdhrave t\u00eb nderit nga akademi e qeveri t\u00eb huaja, foto me cil\u00ebsi t\u00eb vog\u00ebl q\u00eb qarkullojn\u00eb kudo, [&hellip;]<\/p>\n","protected":false},"author":1,"featured_media":0,"comment_status":"open","ping_status":"closed","sticky":false,"template":"","format":"standard","meta":{"footnotes":""},"categories":[2],"tags":[],"class_list":{"0":"post-11148","1":"post","2":"type-post","3":"status-publish","4":"format-standard","6":"category-artikuj"},"yoast_head":"<!-- This site is optimized with the Yoast SEO plugin v27.4 - https:\/\/yoast.com\/product\/yoast-seo-wordpress\/ -->\n<title>Ekspozita nj\u00ebditore n\u00eb Muzeun Historik Komb\u00ebtar per At Gjergj Fishten - FjALA e LIR\u00cb - Arkivi<\/title>\n<meta name=\"robots\" content=\"index, follow, max-snippet:-1, max-image-preview:large, max-video-preview:-1\" \/>\n<link rel=\"canonical\" href=\"https:\/\/fjala.info\/2009-2015\/ekspozita-njeditore-ne-muzeun-historik-kombetar-per-at-gjergj-fishten\/\" \/>\n<meta property=\"og:locale\" content=\"sq_AL\" \/>\n<meta property=\"og:type\" content=\"article\" \/>\n<meta property=\"og:title\" content=\"Ekspozita nj\u00ebditore n\u00eb Muzeun Historik Komb\u00ebtar per At Gjergj Fishten - FjALA e LIR\u00cb - Arkivi\" \/>\n<meta property=\"og:description\" content=\"Nga Elsa Demo Ekspozita nj\u00ebditore n\u00eb Muzeun Historik Komb\u00ebtar s\u2019do kishte kuptim pa disa sende q\u00eb Gjergj Fishta (1871-1940) i ka p\u00ebrdorur. Hera e par\u00eb q\u00eb u ekspozuan. Muret ishin z\u00ebn\u00eb me riprodhime t\u00eb dor\u00ebshkrimeve letrare, certifikata t\u00eb urdhrave t\u00eb nderit nga akademi e qeveri t\u00eb huaja, foto me cil\u00ebsi t\u00eb vog\u00ebl q\u00eb qarkullojn\u00eb kudo, [&hellip;]\" \/>\n<meta property=\"og:url\" content=\"https:\/\/fjala.info\/2009-2015\/ekspozita-njeditore-ne-muzeun-historik-kombetar-per-at-gjergj-fishten\/\" \/>\n<meta property=\"og:site_name\" content=\"FjALA e LIR\u00cb - Arkivi\" \/>\n<meta property=\"article:published_time\" content=\"2011-10-26T08:00:32+00:00\" \/>\n<meta property=\"og:image\" content=\"http:\/\/www.shkoder.net\/images\/fjala\/2011\/gjergj_fishta.jpg\" \/>\n<meta name=\"author\" content=\"admin\" \/>\n<meta name=\"twitter:card\" content=\"summary_large_image\" \/>\n<meta name=\"twitter:label1\" content=\"Written by\" \/>\n\t<meta name=\"twitter:data1\" content=\"admin\" \/>\n\t<meta name=\"twitter:label2\" content=\"Est. reading time\" \/>\n\t<meta name=\"twitter:data2\" content=\"8 minutes\" \/>\n<script type=\"application\/ld+json\" class=\"yoast-schema-graph\">{\"@context\":\"https:\\\/\\\/schema.org\",\"@graph\":[{\"@type\":\"Article\",\"@id\":\"https:\\\/\\\/fjala.info\\\/2009-2015\\\/ekspozita-njeditore-ne-muzeun-historik-kombetar-per-at-gjergj-fishten\\\/#article\",\"isPartOf\":{\"@id\":\"https:\\\/\\\/fjala.info\\\/2009-2015\\\/ekspozita-njeditore-ne-muzeun-historik-kombetar-per-at-gjergj-fishten\\\/\"},\"author\":{\"name\":\"admin\",\"@id\":\"https:\\\/\\\/fjala.info\\\/2009-2015\\\/#\\\/schema\\\/person\\\/3aa1163ef05469c496fc94e77611ada2\"},\"headline\":\"Ekspozita nj\u00ebditore n\u00eb Muzeun Historik Komb\u00ebtar per At Gjergj Fishten\",\"datePublished\":\"2011-10-26T08:00:32+00:00\",\"mainEntityOfPage\":{\"@id\":\"https:\\\/\\\/fjala.info\\\/2009-2015\\\/ekspozita-njeditore-ne-muzeun-historik-kombetar-per-at-gjergj-fishten\\\/\"},\"wordCount\":1644,\"commentCount\":0,\"publisher\":{\"@id\":\"https:\\\/\\\/fjala.info\\\/2009-2015\\\/#organization\"},\"image\":{\"@id\":\"https:\\\/\\\/fjala.info\\\/2009-2015\\\/ekspozita-njeditore-ne-muzeun-historik-kombetar-per-at-gjergj-fishten\\\/#primaryimage\"},\"thumbnailUrl\":\"http:\\\/\\\/www.shkoder.net\\\/images\\\/fjala\\\/2011\\\/gjergj_fishta.jpg\",\"articleSection\":[\"Artikuj\"],\"inLanguage\":\"sq-AL\",\"potentialAction\":[{\"@type\":\"CommentAction\",\"name\":\"Comment\",\"target\":[\"https:\\\/\\\/fjala.info\\\/2009-2015\\\/ekspozita-njeditore-ne-muzeun-historik-kombetar-per-at-gjergj-fishten\\\/#respond\"]}]},{\"@type\":\"WebPage\",\"@id\":\"https:\\\/\\\/fjala.info\\\/2009-2015\\\/ekspozita-njeditore-ne-muzeun-historik-kombetar-per-at-gjergj-fishten\\\/\",\"url\":\"https:\\\/\\\/fjala.info\\\/2009-2015\\\/ekspozita-njeditore-ne-muzeun-historik-kombetar-per-at-gjergj-fishten\\\/\",\"name\":\"Ekspozita nj\u00ebditore n\u00eb Muzeun Historik Komb\u00ebtar per At Gjergj Fishten - FjALA e LIR\u00cb - Arkivi\",\"isPartOf\":{\"@id\":\"https:\\\/\\\/fjala.info\\\/2009-2015\\\/#website\"},\"primaryImageOfPage\":{\"@id\":\"https:\\\/\\\/fjala.info\\\/2009-2015\\\/ekspozita-njeditore-ne-muzeun-historik-kombetar-per-at-gjergj-fishten\\\/#primaryimage\"},\"image\":{\"@id\":\"https:\\\/\\\/fjala.info\\\/2009-2015\\\/ekspozita-njeditore-ne-muzeun-historik-kombetar-per-at-gjergj-fishten\\\/#primaryimage\"},\"thumbnailUrl\":\"http:\\\/\\\/www.shkoder.net\\\/images\\\/fjala\\\/2011\\\/gjergj_fishta.jpg\",\"datePublished\":\"2011-10-26T08:00:32+00:00\",\"breadcrumb\":{\"@id\":\"https:\\\/\\\/fjala.info\\\/2009-2015\\\/ekspozita-njeditore-ne-muzeun-historik-kombetar-per-at-gjergj-fishten\\\/#breadcrumb\"},\"inLanguage\":\"sq-AL\",\"potentialAction\":[{\"@type\":\"ReadAction\",\"target\":[\"https:\\\/\\\/fjala.info\\\/2009-2015\\\/ekspozita-njeditore-ne-muzeun-historik-kombetar-per-at-gjergj-fishten\\\/\"]}]},{\"@type\":\"ImageObject\",\"inLanguage\":\"sq-AL\",\"@id\":\"https:\\\/\\\/fjala.info\\\/2009-2015\\\/ekspozita-njeditore-ne-muzeun-historik-kombetar-per-at-gjergj-fishten\\\/#primaryimage\",\"url\":\"http:\\\/\\\/www.shkoder.net\\\/images\\\/fjala\\\/2011\\\/gjergj_fishta.jpg\",\"contentUrl\":\"http:\\\/\\\/www.shkoder.net\\\/images\\\/fjala\\\/2011\\\/gjergj_fishta.jpg\"},{\"@type\":\"BreadcrumbList\",\"@id\":\"https:\\\/\\\/fjala.info\\\/2009-2015\\\/ekspozita-njeditore-ne-muzeun-historik-kombetar-per-at-gjergj-fishten\\\/#breadcrumb\",\"itemListElement\":[{\"@type\":\"ListItem\",\"position\":1,\"name\":\"Home\",\"item\":\"https:\\\/\\\/fjala.info\\\/2009-2015\\\/\"},{\"@type\":\"ListItem\",\"position\":2,\"name\":\"Ekspozita nj\u00ebditore n\u00eb Muzeun Historik Komb\u00ebtar per At Gjergj Fishten\"}]},{\"@type\":\"WebSite\",\"@id\":\"https:\\\/\\\/fjala.info\\\/2009-2015\\\/#website\",\"url\":\"https:\\\/\\\/fjala.info\\\/2009-2015\\\/\",\"name\":\"FjALA e LIR\u00cb - Arkivi\",\"description\":\"Arkivi 2009-2015\",\"publisher\":{\"@id\":\"https:\\\/\\\/fjala.info\\\/2009-2015\\\/#organization\"},\"potentialAction\":[{\"@type\":\"SearchAction\",\"target\":{\"@type\":\"EntryPoint\",\"urlTemplate\":\"https:\\\/\\\/fjala.info\\\/2009-2015\\\/?s={search_term_string}\"},\"query-input\":{\"@type\":\"PropertyValueSpecification\",\"valueRequired\":true,\"valueName\":\"search_term_string\"}}],\"inLanguage\":\"sq-AL\"},{\"@type\":\"Organization\",\"@id\":\"https:\\\/\\\/fjala.info\\\/2009-2015\\\/#organization\",\"name\":\"FjALA e LIR\u00cb - Arkivi\",\"url\":\"https:\\\/\\\/fjala.info\\\/2009-2015\\\/\",\"logo\":{\"@type\":\"ImageObject\",\"inLanguage\":\"sq-AL\",\"@id\":\"https:\\\/\\\/fjala.info\\\/2009-2015\\\/#\\\/schema\\\/logo\\\/image\\\/\",\"url\":\"\",\"contentUrl\":\"\",\"caption\":\"FjALA e LIR\u00cb - Arkivi\"},\"image\":{\"@id\":\"https:\\\/\\\/fjala.info\\\/2009-2015\\\/#\\\/schema\\\/logo\\\/image\\\/\"}},{\"@type\":\"Person\",\"@id\":\"https:\\\/\\\/fjala.info\\\/2009-2015\\\/#\\\/schema\\\/person\\\/3aa1163ef05469c496fc94e77611ada2\",\"name\":\"admin\",\"image\":{\"@type\":\"ImageObject\",\"inLanguage\":\"sq-AL\",\"@id\":\"https:\\\/\\\/fjala.info\\\/2009-2015\\\/wp-content\\\/uploads\\\/2012\\\/02\\\/arben_cokaj-120x150.jpg\",\"url\":\"https:\\\/\\\/fjala.info\\\/2009-2015\\\/wp-content\\\/uploads\\\/2012\\\/02\\\/arben_cokaj-120x150.jpg\",\"contentUrl\":\"https:\\\/\\\/fjala.info\\\/2009-2015\\\/wp-content\\\/uploads\\\/2012\\\/02\\\/arben_cokaj-120x150.jpg\",\"caption\":\"admin\"},\"description\":\"Admin, Fjala e Lir\u00eb\",\"sameAs\":[\"https:\\\/\\\/fjala.info\\\/\"],\"url\":\"https:\\\/\\\/fjala.info\\\/2009-2015\\\/author\\\/admin\\\/\"}]}<\/script>\n<!-- \/ Yoast SEO plugin. -->","yoast_head_json":{"title":"Ekspozita nj\u00ebditore n\u00eb Muzeun Historik Komb\u00ebtar per At Gjergj Fishten - FjALA e LIR\u00cb - Arkivi","robots":{"index":"index","follow":"follow","max-snippet":"max-snippet:-1","max-image-preview":"max-image-preview:large","max-video-preview":"max-video-preview:-1"},"canonical":"https:\/\/fjala.info\/2009-2015\/ekspozita-njeditore-ne-muzeun-historik-kombetar-per-at-gjergj-fishten\/","og_locale":"sq_AL","og_type":"article","og_title":"Ekspozita nj\u00ebditore n\u00eb Muzeun Historik Komb\u00ebtar per At Gjergj Fishten - FjALA e LIR\u00cb - Arkivi","og_description":"Nga Elsa Demo Ekspozita nj\u00ebditore n\u00eb Muzeun Historik Komb\u00ebtar s\u2019do kishte kuptim pa disa sende q\u00eb Gjergj Fishta (1871-1940) i ka p\u00ebrdorur. Hera e par\u00eb q\u00eb u ekspozuan. Muret ishin z\u00ebn\u00eb me riprodhime t\u00eb dor\u00ebshkrimeve letrare, certifikata t\u00eb urdhrave t\u00eb nderit nga akademi e qeveri t\u00eb huaja, foto me cil\u00ebsi t\u00eb vog\u00ebl q\u00eb qarkullojn\u00eb kudo, [&hellip;]","og_url":"https:\/\/fjala.info\/2009-2015\/ekspozita-njeditore-ne-muzeun-historik-kombetar-per-at-gjergj-fishten\/","og_site_name":"FjALA e LIR\u00cb - Arkivi","article_published_time":"2011-10-26T08:00:32+00:00","og_image":[{"url":"http:\/\/www.shkoder.net\/images\/fjala\/2011\/gjergj_fishta.jpg","type":"","width":"","height":""}],"author":"admin","twitter_card":"summary_large_image","twitter_misc":{"Written by":"admin","Est. reading time":"8 minutes"},"schema":{"@context":"https:\/\/schema.org","@graph":[{"@type":"Article","@id":"https:\/\/fjala.info\/2009-2015\/ekspozita-njeditore-ne-muzeun-historik-kombetar-per-at-gjergj-fishten\/#article","isPartOf":{"@id":"https:\/\/fjala.info\/2009-2015\/ekspozita-njeditore-ne-muzeun-historik-kombetar-per-at-gjergj-fishten\/"},"author":{"name":"admin","@id":"https:\/\/fjala.info\/2009-2015\/#\/schema\/person\/3aa1163ef05469c496fc94e77611ada2"},"headline":"Ekspozita nj\u00ebditore n\u00eb Muzeun Historik Komb\u00ebtar per At Gjergj Fishten","datePublished":"2011-10-26T08:00:32+00:00","mainEntityOfPage":{"@id":"https:\/\/fjala.info\/2009-2015\/ekspozita-njeditore-ne-muzeun-historik-kombetar-per-at-gjergj-fishten\/"},"wordCount":1644,"commentCount":0,"publisher":{"@id":"https:\/\/fjala.info\/2009-2015\/#organization"},"image":{"@id":"https:\/\/fjala.info\/2009-2015\/ekspozita-njeditore-ne-muzeun-historik-kombetar-per-at-gjergj-fishten\/#primaryimage"},"thumbnailUrl":"http:\/\/www.shkoder.net\/images\/fjala\/2011\/gjergj_fishta.jpg","articleSection":["Artikuj"],"inLanguage":"sq-AL","potentialAction":[{"@type":"CommentAction","name":"Comment","target":["https:\/\/fjala.info\/2009-2015\/ekspozita-njeditore-ne-muzeun-historik-kombetar-per-at-gjergj-fishten\/#respond"]}]},{"@type":"WebPage","@id":"https:\/\/fjala.info\/2009-2015\/ekspozita-njeditore-ne-muzeun-historik-kombetar-per-at-gjergj-fishten\/","url":"https:\/\/fjala.info\/2009-2015\/ekspozita-njeditore-ne-muzeun-historik-kombetar-per-at-gjergj-fishten\/","name":"Ekspozita nj\u00ebditore n\u00eb Muzeun Historik Komb\u00ebtar per At Gjergj Fishten - FjALA e LIR\u00cb - Arkivi","isPartOf":{"@id":"https:\/\/fjala.info\/2009-2015\/#website"},"primaryImageOfPage":{"@id":"https:\/\/fjala.info\/2009-2015\/ekspozita-njeditore-ne-muzeun-historik-kombetar-per-at-gjergj-fishten\/#primaryimage"},"image":{"@id":"https:\/\/fjala.info\/2009-2015\/ekspozita-njeditore-ne-muzeun-historik-kombetar-per-at-gjergj-fishten\/#primaryimage"},"thumbnailUrl":"http:\/\/www.shkoder.net\/images\/fjala\/2011\/gjergj_fishta.jpg","datePublished":"2011-10-26T08:00:32+00:00","breadcrumb":{"@id":"https:\/\/fjala.info\/2009-2015\/ekspozita-njeditore-ne-muzeun-historik-kombetar-per-at-gjergj-fishten\/#breadcrumb"},"inLanguage":"sq-AL","potentialAction":[{"@type":"ReadAction","target":["https:\/\/fjala.info\/2009-2015\/ekspozita-njeditore-ne-muzeun-historik-kombetar-per-at-gjergj-fishten\/"]}]},{"@type":"ImageObject","inLanguage":"sq-AL","@id":"https:\/\/fjala.info\/2009-2015\/ekspozita-njeditore-ne-muzeun-historik-kombetar-per-at-gjergj-fishten\/#primaryimage","url":"http:\/\/www.shkoder.net\/images\/fjala\/2011\/gjergj_fishta.jpg","contentUrl":"http:\/\/www.shkoder.net\/images\/fjala\/2011\/gjergj_fishta.jpg"},{"@type":"BreadcrumbList","@id":"https:\/\/fjala.info\/2009-2015\/ekspozita-njeditore-ne-muzeun-historik-kombetar-per-at-gjergj-fishten\/#breadcrumb","itemListElement":[{"@type":"ListItem","position":1,"name":"Home","item":"https:\/\/fjala.info\/2009-2015\/"},{"@type":"ListItem","position":2,"name":"Ekspozita nj\u00ebditore n\u00eb Muzeun Historik Komb\u00ebtar per At Gjergj Fishten"}]},{"@type":"WebSite","@id":"https:\/\/fjala.info\/2009-2015\/#website","url":"https:\/\/fjala.info\/2009-2015\/","name":"FjALA e LIR\u00cb - Arkivi","description":"Arkivi 2009-2015","publisher":{"@id":"https:\/\/fjala.info\/2009-2015\/#organization"},"potentialAction":[{"@type":"SearchAction","target":{"@type":"EntryPoint","urlTemplate":"https:\/\/fjala.info\/2009-2015\/?s={search_term_string}"},"query-input":{"@type":"PropertyValueSpecification","valueRequired":true,"valueName":"search_term_string"}}],"inLanguage":"sq-AL"},{"@type":"Organization","@id":"https:\/\/fjala.info\/2009-2015\/#organization","name":"FjALA e LIR\u00cb - Arkivi","url":"https:\/\/fjala.info\/2009-2015\/","logo":{"@type":"ImageObject","inLanguage":"sq-AL","@id":"https:\/\/fjala.info\/2009-2015\/#\/schema\/logo\/image\/","url":"","contentUrl":"","caption":"FjALA e LIR\u00cb - Arkivi"},"image":{"@id":"https:\/\/fjala.info\/2009-2015\/#\/schema\/logo\/image\/"}},{"@type":"Person","@id":"https:\/\/fjala.info\/2009-2015\/#\/schema\/person\/3aa1163ef05469c496fc94e77611ada2","name":"admin","image":{"@type":"ImageObject","inLanguage":"sq-AL","@id":"https:\/\/fjala.info\/2009-2015\/wp-content\/uploads\/2012\/02\/arben_cokaj-120x150.jpg","url":"https:\/\/fjala.info\/2009-2015\/wp-content\/uploads\/2012\/02\/arben_cokaj-120x150.jpg","contentUrl":"https:\/\/fjala.info\/2009-2015\/wp-content\/uploads\/2012\/02\/arben_cokaj-120x150.jpg","caption":"admin"},"description":"Admin, Fjala e Lir\u00eb","sameAs":["https:\/\/fjala.info\/"],"url":"https:\/\/fjala.info\/2009-2015\/author\/admin\/"}]}},"_links":{"self":[{"href":"https:\/\/fjala.info\/2009-2015\/wp-json\/wp\/v2\/posts\/11148","targetHints":{"allow":["GET"]}}],"collection":[{"href":"https:\/\/fjala.info\/2009-2015\/wp-json\/wp\/v2\/posts"}],"about":[{"href":"https:\/\/fjala.info\/2009-2015\/wp-json\/wp\/v2\/types\/post"}],"author":[{"embeddable":true,"href":"https:\/\/fjala.info\/2009-2015\/wp-json\/wp\/v2\/users\/1"}],"replies":[{"embeddable":true,"href":"https:\/\/fjala.info\/2009-2015\/wp-json\/wp\/v2\/comments?post=11148"}],"version-history":[{"count":0,"href":"https:\/\/fjala.info\/2009-2015\/wp-json\/wp\/v2\/posts\/11148\/revisions"}],"wp:attachment":[{"href":"https:\/\/fjala.info\/2009-2015\/wp-json\/wp\/v2\/media?parent=11148"}],"wp:term":[{"taxonomy":"category","embeddable":true,"href":"https:\/\/fjala.info\/2009-2015\/wp-json\/wp\/v2\/categories?post=11148"},{"taxonomy":"post_tag","embeddable":true,"href":"https:\/\/fjala.info\/2009-2015\/wp-json\/wp\/v2\/tags?post=11148"}],"curies":[{"name":"wp","href":"https:\/\/api.w.org\/{rel}","templated":true}]}}