{"id":11146,"date":"2011-10-26T08:11:17","date_gmt":"2011-10-26T07:11:17","guid":{"rendered":"http:\/\/fjala.shkoder.net\/?p=11146"},"modified":"2011-10-26T08:11:17","modified_gmt":"2011-10-26T07:11:17","slug":"mbremje-poetiko-artstike-ne-shtutgard-nga-lidhja-e-shkrimtareve-dhe-artisteve-shqiptare-ne-gjermani","status":"publish","type":"post","link":"https:\/\/fjala.info\/2009-2015\/mbremje-poetiko-artstike-ne-shtutgard-nga-lidhja-e-shkrimtareve-dhe-artisteve-shqiptare-ne-gjermani\/","title":{"rendered":"Mbr\u00ebmje poetiko-artstike n\u00eb Shtutgard nga Lidhja e shkrimtareve dhe artisteve shqiptar\u00eb n\u00eb Gjermani"},"content":{"rendered":"<p><img decoding=\"async\" class=\"alignright size-thumbnail wp-image-7236\" title=\"Asllan Dibrani\" src=\"http:\/\/www.shkoder.net\/images\/fjala\/asllan_dibrani.jpg\" alt=\"\" width=\"150\" \/>Shkruan <strong>Asllan Dibrani<\/strong><\/p>\n<p>Ishte nj\u00eb thirrje nga Lidhja e Shkrimtar\u00ebve dhe Artisteve Shqiptar\u00eb n\u00eb Gjermani, ku pik\u00ebrisht me dat\u00ebn 22.10.2011 e zgjodh\u00ebn Shtutgardin p\u00ebr ta b\u00ebr\u00eb nj\u00eb takim letrar dhe kulturor, me t\u00eb cilin rast u b\u00ebn\u00eb promovimet e 10 librave t\u00eb krijuesve t\u00eb rinj. Intelektual\u00eb, artdash\u00ebs t\u00eb kultur\u00ebs dhe artit shqiptar me vendbanim n\u00eb Gjermani dhe ma gjer\u00eb ishin pjes\u00ebmarr\u00ebs t\u00eb k\u00ebtij takimi q\u00eb vlen ta cekim. P\u00ebr ta nderuar k\u00ebt\u00eb takim pati rast qe edhe nga Holanda t\u00eb jen\u00eb pjes\u00ebmarr\u00ebs t\u00eb k\u00ebtij takim madh\u00ebshtor.<\/p>\n<p>P\u00ebr ket\u00eb takim u zgjodh qyteti Shtutgardit q\u00eb ti promovojn\u00eb shkrimet e veta dhe veprat e veta dhe t&#8217;i japin shpirt dhe gjall\u00ebri Vatr\u00ebs dhe \u00e7erdhes shqiptare n\u00eb Shtutgard p\u00ebr veprimtari patriotike dhe t\u00eb kultur\u00ebs shqiptare q\u00eb ishte nga V\u00ebllez\u00ebrit G\u00ebrvalla dhe shum\u00eb patriot t\u00eb tjer\u00eb qe edhe flijuan jet\u00ebn p\u00ebr \u00e7lirimin e atdheut, si\u00e7 ishte i ndjeri Sali \u00c7eku, Fehmi dhe Gjeva Lladrovci e t\u00eb tjer\u00eb. Ky takim i k\u00ebsaj mbr\u00ebmje letrare kushtuar artit, let\u00ebrsis\u00eb dhe muzik\u00ebs shqiptare nga poetet tan\u00eb dhe krijuesit shqiptar\u00eb i dhan\u00eb edhe nj\u00eb shtytje, me q\u00eb nga k\u00ebta tituj do t\u00eb jet\u00eb edhe nj\u00eb pasuri e kultur\u00ebs son\u00eb shqiptare n\u00eb artin kultur\u00ebn dhe muzik\u00ebn e m\u00ebrgat\u00ebs shqiptare me \u00e7ka do te jen\u00eb edhe nj\u00eb pasuri e kultur\u00ebs dhe let\u00ebrsis\u00eb shqiptare n\u00eb t\u00ebr\u00ebsi.<\/p>\n<p><img decoding=\"async\" class=\"aligncenter size-thumbnail wp-image-7236\" title=\"Takim poetik n\u00eb Shtutgard\" src=\"http:\/\/www.shkoder.net\/images\/fjala\/2011\/mbremje_poetike_shtutgard.jpg\" alt=\"\" width=\"450\" \/><\/p>\n<p style=\"text-align: center;\"><em>Pamje e publikut n\u00eb p\u00ebrcjelljen e takimit me nj\u00eb v\u00ebmendje t\u00eb ve\u00e7ant\u00eb<\/em><\/p>\n<p>Promovimet e librave i b\u00ebn\u00eb k\u00ebta autor mesa vijon :<\/p>\n<p><img decoding=\"async\" class=\"alignright size-thumbnail wp-image-7236\" title=\"Takim poetik n\u00eb Shtutgard\" src=\"http:\/\/www.shkoder.net\/images\/fjala\/2011\/mbremje_poetike_shtutgard1.jpg\" alt=\"\" width=\"300\" \/><em>1. Agim GASHI &#8211; dy libra 2. &#8211; Liman ZOGAJ n\u00eb munges\u00eb, Sejdi GASHI, Gonxhe LETMI BEGISHOLLI, Dan GASHI n\u00eb munges\u00eb, Sadik KRASNIQI, Xhevat MUQAKU dhe Milazim KAJTAZI.<\/em><\/p>\n<p>Nga i nj\u00ebjti takim u b\u00ebn\u00eb edhe dy promovime t\u00eb CD-ve nga k\u00ebng\u00ebtar\u00eb t\u00eb talentuar, si: Shkodran T O L A J dhe Driton Gashi, djathtas Mentor Thaqi q\u00eb shkroi tekstin e k\u00ebng\u00ebve t\u00eb Shkodran Tolajt, Ganimete Gashi dhe Asllan Dibrani.<\/p>\n<p>Pamje e publikut gjat\u00eb k\u00ebtij takimi q\u00eb p\u00ebrcoll\u00ebn me interesim ekspozit\u00ebn ditore artistike nga piktor\u00ebt Asllan Dibrani dhe Dafina Hysenaj.<\/p>\n<p>Fillimisht fjal\u00ebn e rastit e pati zoti Hasan Qyqalla qe i p\u00ebrsh\u00ebndeti t\u00eb pranishmit dhe paraqiti emrat e autoreve qe ishin p\u00ebr promovimin e librave dhe foli p\u00ebr organizimin e k\u00ebtij takimi. Pastaj ne radh\u00eb ishte Asllan Dibrani i cili nder t\u00eb tjera i p\u00ebrsh\u00ebndeti t\u00eb pranishmit si organizator i takimit me \u00e7&#8217;rast theksoj ; Ju p\u00ebrsh\u00ebndes ne emrin e organizator\u00ebve te k\u00ebtij takimi, nga Lidhja e Shkrimtar\u00ebve dhe Artist\u00ebve Shqiptar\u00eb n\u00eb Gjermani dhe n\u00eb ne emrin e Qendr\u00ebs Kulturore Shqiptare t\u00eb Shtutgardit. Shk\u00ebmbimi i kultur\u00ebs n\u00eb mes k\u00ebtyre organizmave t\u00eb jet\u00eb ur\u00eb nd\u00ebrlidh\u00ebse qe ne te dyja jam p\u00ebrpjekur ta japi kontributin tim andaj sa p\u00ebr njoftim Qendra kulturore e Shtutgardit do t\u00eb jet\u00eb nj\u00eb organizatore e ofrimit, bashk\u00ebpunimit dhe kultivimit t\u00eb vlerave tona komb\u00ebtare.<\/p>\n<p><img decoding=\"async\" class=\"alignright size-thumbnail wp-image-7236\" title=\"Takim poetik n\u00eb Shtutgard\" src=\"http:\/\/www.shkoder.net\/images\/fjala\/2011\/mbremje_poetike_shtutgard2.jpg\" alt=\"\" width=\"300\" \/>Ne kuadrin e Qendr\u00ebs kulturore kemi edhe seksionin e grupit letrar me \u00e7ka ju njoftoj se nj\u00eb num\u00ebr i konsideruesh\u00ebm i krijuesve kan\u00eb shprehur gatishm\u00ebri t\u00eb inkuadrohen n\u00eb Lidhjen e Shkrimtareve, Artisteve dhe Krijuesve Shqiptar n\u00eb Gjermani, ku mendoj se do ta p\u00ebrforcojm\u00eb akoma Lidhjen e Shkrimtar\u00ebve.<\/p>\n<p>Pastaj vazhdoi dhe theksoj, po ju njoftoj se nga Norvegjia kam sinjal ofrimi qe t\u00eb jen\u00eb si n\u00ebndeg\u00eb e &#8220;Lidhjes se Shkrimtar\u00ebve dhe Artist\u00ebve shqiptar\u00eb n\u00eb Gjermani&#8221; n\u00eb t\u00eb cil\u00ebn po ju publikoj nj\u00eb shkres\u00eb te ardhur n\u00eb adres\u00ebn time nga Selim Hasanaj nga Norvegji i cili pretendon qe ti afroj t\u00eb gjith\u00eb krijuesit e atjeshmen qe ta kemi nj\u00eb ombrelle te p\u00ebrbashk\u00ebt gj\u00eb qe do te jemi ma te p\u00ebrforcuar si krijues citoj fjal\u00ebt e zotit Hasani&#8230;<\/p>\n<p><img decoding=\"async\" class=\"alignleft size-thumbnail wp-image-7236\" title=\"Takim poetik n\u00eb Shtutgard\" src=\"http:\/\/www.shkoder.net\/images\/fjala\/2011\/mbremje_poetike_shtutgard3.jpg\" alt=\"\" width=\"300\" \/> Man\u00eb fund p\u00ebrmes k\u00ebtij takimi e p\u00ebrsh\u00ebndes pronarin e lokalit zotin Bekim Elshanin q\u00eb na ofroj lokalin e vet p\u00ebr takimin e sotsh\u00ebm, ku \u00ebsht\u00eb nj\u00eb sinjal shume i fuqish\u00ebm qe vet\u00ebdija ka filluar te kuror\u00ebzohet n\u00eb interesin e kultur\u00ebs ton\u00eb, vlerave tona kan\u00eb filluar ti ofrohen t\u00eb dy shtresat ajo e intelektualeve, krijuesve dhe shtresa e biznesmen\u00ebve qe pa i afte as as qe mundet me udh\u00ebhequr firm\u00eb n\u00eb Gjermani, si\u00e7 \u00ebsht\u00eb rasti i zoti Bekim Elsahanit, qe sot ka mbi 50 pun\u00ebtor. Prandaj zoti Dibrani tha ma tutje le t\u00eb mbetet kjo dit\u00eb e sotshme si shembull, i konkretizuar n\u00eb bashkimin e forcave tona p\u00ebr interesin e ngritjes se vlerave ne m\u00ebrgat\u00ebn shqiptare qe \u00ebsht\u00eb nj\u00ebkoh\u00ebsisht nj\u00eb bashk\u00ebveprim n\u00eb thesarin e kombit shqiptar.<br \/>\n<img decoding=\"async\" class=\"alignright size-thumbnail wp-image-7236\" title=\"Takim poetik n\u00eb Shtutgard\" src=\"http:\/\/www.shkoder.net\/images\/fjala\/2011\/mbremje_poetike_shtutgard4.jpg\" alt=\"\" width=\"300\" \/><br \/>\nLe te mbetet ky takim si thirrje te gjith\u00eb biznesmen\u00ebve kudo qe te jen\u00eb ta ndihmojn\u00eb dhe t\u00eb sensibilizohen me gjestin e zotit Beki Elshanit. T\u00eb jemi n\u00eb gatishm\u00ebri qe edhe ne shqiptar\u00ebt sikurse nocionet tjera t\u00eb kemi sallat dhe objektet tona qe ta zhvillojm\u00eb kultur\u00ebn, tradit\u00ebn, festat, edukat\u00ebn dhe arsimin shqiptar.<\/p>\n<p><img decoding=\"async\" class=\"alignleft size-thumbnail wp-image-7236\" title=\"Takim poetik n\u00eb Shtutgard\" src=\"http:\/\/www.shkoder.net\/images\/fjala\/2011\/mbremje_poetike_shtutgard5.jpg\" alt=\"\" width=\"300\" \/> Pastaj n\u00eb foltore dol\u00ebn edhe disa emra duke filluar nga Zoti Hasan Qyqalla, Asllan Dibrani, Mentor Thaqi, Seveme Fetiqi, Lek\u00eb Preqi, Muhamet Hoxhaj, Ali Berisha, Gjyle Leci etj, q\u00eb dhan\u00eb vler\u00ebsimet mbi k\u00ebto vepra t\u00eb autor\u00ebve t\u00eb k\u00ebtij takimi. Ishte nj\u00eb num\u00ebr bukur i mire edhe nga pala gjermane me \u00e7ka nj\u00eb takim i till\u00eb la mbresa t\u00eb mira. N\u00eb vazhdim t\u00eb takimit u entuziazmua publiku me daljen n\u00eb sken\u00eb t\u00eb dy k\u00ebng\u00ebtar\u00ebt e mir\u00ebfillt\u00eb Shkodran Tolaj dhe Driton Gashi qe u duartrokit\u00ebn shpeshher\u00eb nga publiku.<\/p>\n<p><img decoding=\"async\" class=\"alignright size-thumbnail wp-image-7236\" title=\"Takim poetik n\u00eb Shtutgard\" src=\"http:\/\/www.shkoder.net\/images\/fjala\/2011\/mbremje_poetike_shtutgard6.jpg\" alt=\"\" width=\"300\" \/> <em>Foto-Reportazh, Shtutgard &#8211; Tetor 2011<\/em><\/p>\n","protected":false},"excerpt":{"rendered":"<p>Shkruan Asllan Dibrani Ishte nj\u00eb thirrje nga Lidhja e Shkrimtar\u00ebve dhe Artisteve Shqiptar\u00eb n\u00eb Gjermani, ku pik\u00ebrisht me dat\u00ebn 22.10.2011 e zgjodh\u00ebn Shtutgardin p\u00ebr ta b\u00ebr\u00eb nj\u00eb takim letrar dhe kulturor, me t\u00eb cilin rast u b\u00ebn\u00eb promovimet e 10 librave t\u00eb krijuesve t\u00eb rinj. Intelektual\u00eb, artdash\u00ebs t\u00eb kultur\u00ebs dhe artit shqiptar me vendbanim n\u00eb [&hellip;]<\/p>\n","protected":false},"author":1,"featured_media":0,"comment_status":"open","ping_status":"closed","sticky":false,"template":"","format":"standard","meta":{"footnotes":""},"categories":[2],"tags":[],"class_list":{"0":"post-11146","1":"post","2":"type-post","3":"status-publish","4":"format-standard","6":"category-artikuj"},"yoast_head":"<!-- This site is optimized with the Yoast SEO plugin v27.4 - https:\/\/yoast.com\/product\/yoast-seo-wordpress\/ -->\n<title>Mbr\u00ebmje poetiko-artstike n\u00eb Shtutgard nga Lidhja e shkrimtareve dhe artisteve shqiptar\u00eb n\u00eb Gjermani - FjALA e LIR\u00cb - Arkivi<\/title>\n<meta name=\"robots\" content=\"index, follow, max-snippet:-1, max-image-preview:large, max-video-preview:-1\" \/>\n<link rel=\"canonical\" href=\"https:\/\/fjala.info\/2009-2015\/mbremje-poetiko-artstike-ne-shtutgard-nga-lidhja-e-shkrimtareve-dhe-artisteve-shqiptare-ne-gjermani\/\" \/>\n<meta property=\"og:locale\" content=\"sq_AL\" \/>\n<meta property=\"og:type\" content=\"article\" \/>\n<meta property=\"og:title\" content=\"Mbr\u00ebmje poetiko-artstike n\u00eb Shtutgard nga Lidhja e shkrimtareve dhe artisteve shqiptar\u00eb n\u00eb Gjermani - FjALA e LIR\u00cb - Arkivi\" \/>\n<meta property=\"og:description\" content=\"Shkruan Asllan Dibrani Ishte nj\u00eb thirrje nga Lidhja e Shkrimtar\u00ebve dhe Artisteve Shqiptar\u00eb n\u00eb Gjermani, ku pik\u00ebrisht me dat\u00ebn 22.10.2011 e zgjodh\u00ebn Shtutgardin p\u00ebr ta b\u00ebr\u00eb nj\u00eb takim letrar dhe kulturor, me t\u00eb cilin rast u b\u00ebn\u00eb promovimet e 10 librave t\u00eb krijuesve t\u00eb rinj. Intelektual\u00eb, artdash\u00ebs t\u00eb kultur\u00ebs dhe artit shqiptar me vendbanim n\u00eb [&hellip;]\" \/>\n<meta property=\"og:url\" content=\"https:\/\/fjala.info\/2009-2015\/mbremje-poetiko-artstike-ne-shtutgard-nga-lidhja-e-shkrimtareve-dhe-artisteve-shqiptare-ne-gjermani\/\" \/>\n<meta property=\"og:site_name\" content=\"FjALA e LIR\u00cb - Arkivi\" \/>\n<meta property=\"article:published_time\" content=\"2011-10-26T07:11:17+00:00\" \/>\n<meta property=\"og:image\" content=\"http:\/\/www.shkoder.net\/images\/fjala\/asllan_dibrani.jpg\" \/>\n<meta name=\"author\" content=\"admin\" \/>\n<meta name=\"twitter:card\" content=\"summary_large_image\" \/>\n<meta name=\"twitter:label1\" content=\"Written by\" \/>\n\t<meta name=\"twitter:data1\" content=\"admin\" \/>\n\t<meta name=\"twitter:label2\" content=\"Est. reading time\" \/>\n\t<meta name=\"twitter:data2\" content=\"5 minutes\" \/>\n<script type=\"application\/ld+json\" class=\"yoast-schema-graph\">{\"@context\":\"https:\\\/\\\/schema.org\",\"@graph\":[{\"@type\":\"Article\",\"@id\":\"https:\\\/\\\/fjala.info\\\/2009-2015\\\/mbremje-poetiko-artstike-ne-shtutgard-nga-lidhja-e-shkrimtareve-dhe-artisteve-shqiptare-ne-gjermani\\\/#article\",\"isPartOf\":{\"@id\":\"https:\\\/\\\/fjala.info\\\/2009-2015\\\/mbremje-poetiko-artstike-ne-shtutgard-nga-lidhja-e-shkrimtareve-dhe-artisteve-shqiptare-ne-gjermani\\\/\"},\"author\":{\"name\":\"admin\",\"@id\":\"https:\\\/\\\/fjala.info\\\/2009-2015\\\/#\\\/schema\\\/person\\\/3aa1163ef05469c496fc94e77611ada2\"},\"headline\":\"Mbr\u00ebmje poetiko-artstike n\u00eb Shtutgard nga Lidhja e shkrimtareve dhe artisteve shqiptar\u00eb n\u00eb Gjermani\",\"datePublished\":\"2011-10-26T07:11:17+00:00\",\"mainEntityOfPage\":{\"@id\":\"https:\\\/\\\/fjala.info\\\/2009-2015\\\/mbremje-poetiko-artstike-ne-shtutgard-nga-lidhja-e-shkrimtareve-dhe-artisteve-shqiptare-ne-gjermani\\\/\"},\"wordCount\":984,\"commentCount\":0,\"publisher\":{\"@id\":\"https:\\\/\\\/fjala.info\\\/2009-2015\\\/#organization\"},\"image\":{\"@id\":\"https:\\\/\\\/fjala.info\\\/2009-2015\\\/mbremje-poetiko-artstike-ne-shtutgard-nga-lidhja-e-shkrimtareve-dhe-artisteve-shqiptare-ne-gjermani\\\/#primaryimage\"},\"thumbnailUrl\":\"http:\\\/\\\/www.shkoder.net\\\/images\\\/fjala\\\/asllan_dibrani.jpg\",\"articleSection\":[\"Artikuj\"],\"inLanguage\":\"sq-AL\",\"potentialAction\":[{\"@type\":\"CommentAction\",\"name\":\"Comment\",\"target\":[\"https:\\\/\\\/fjala.info\\\/2009-2015\\\/mbremje-poetiko-artstike-ne-shtutgard-nga-lidhja-e-shkrimtareve-dhe-artisteve-shqiptare-ne-gjermani\\\/#respond\"]}]},{\"@type\":\"WebPage\",\"@id\":\"https:\\\/\\\/fjala.info\\\/2009-2015\\\/mbremje-poetiko-artstike-ne-shtutgard-nga-lidhja-e-shkrimtareve-dhe-artisteve-shqiptare-ne-gjermani\\\/\",\"url\":\"https:\\\/\\\/fjala.info\\\/2009-2015\\\/mbremje-poetiko-artstike-ne-shtutgard-nga-lidhja-e-shkrimtareve-dhe-artisteve-shqiptare-ne-gjermani\\\/\",\"name\":\"Mbr\u00ebmje poetiko-artstike n\u00eb Shtutgard nga Lidhja e shkrimtareve dhe artisteve shqiptar\u00eb n\u00eb Gjermani - FjALA e LIR\u00cb - Arkivi\",\"isPartOf\":{\"@id\":\"https:\\\/\\\/fjala.info\\\/2009-2015\\\/#website\"},\"primaryImageOfPage\":{\"@id\":\"https:\\\/\\\/fjala.info\\\/2009-2015\\\/mbremje-poetiko-artstike-ne-shtutgard-nga-lidhja-e-shkrimtareve-dhe-artisteve-shqiptare-ne-gjermani\\\/#primaryimage\"},\"image\":{\"@id\":\"https:\\\/\\\/fjala.info\\\/2009-2015\\\/mbremje-poetiko-artstike-ne-shtutgard-nga-lidhja-e-shkrimtareve-dhe-artisteve-shqiptare-ne-gjermani\\\/#primaryimage\"},\"thumbnailUrl\":\"http:\\\/\\\/www.shkoder.net\\\/images\\\/fjala\\\/asllan_dibrani.jpg\",\"datePublished\":\"2011-10-26T07:11:17+00:00\",\"breadcrumb\":{\"@id\":\"https:\\\/\\\/fjala.info\\\/2009-2015\\\/mbremje-poetiko-artstike-ne-shtutgard-nga-lidhja-e-shkrimtareve-dhe-artisteve-shqiptare-ne-gjermani\\\/#breadcrumb\"},\"inLanguage\":\"sq-AL\",\"potentialAction\":[{\"@type\":\"ReadAction\",\"target\":[\"https:\\\/\\\/fjala.info\\\/2009-2015\\\/mbremje-poetiko-artstike-ne-shtutgard-nga-lidhja-e-shkrimtareve-dhe-artisteve-shqiptare-ne-gjermani\\\/\"]}]},{\"@type\":\"ImageObject\",\"inLanguage\":\"sq-AL\",\"@id\":\"https:\\\/\\\/fjala.info\\\/2009-2015\\\/mbremje-poetiko-artstike-ne-shtutgard-nga-lidhja-e-shkrimtareve-dhe-artisteve-shqiptare-ne-gjermani\\\/#primaryimage\",\"url\":\"http:\\\/\\\/www.shkoder.net\\\/images\\\/fjala\\\/asllan_dibrani.jpg\",\"contentUrl\":\"http:\\\/\\\/www.shkoder.net\\\/images\\\/fjala\\\/asllan_dibrani.jpg\"},{\"@type\":\"BreadcrumbList\",\"@id\":\"https:\\\/\\\/fjala.info\\\/2009-2015\\\/mbremje-poetiko-artstike-ne-shtutgard-nga-lidhja-e-shkrimtareve-dhe-artisteve-shqiptare-ne-gjermani\\\/#breadcrumb\",\"itemListElement\":[{\"@type\":\"ListItem\",\"position\":1,\"name\":\"Home\",\"item\":\"https:\\\/\\\/fjala.info\\\/2009-2015\\\/\"},{\"@type\":\"ListItem\",\"position\":2,\"name\":\"Mbr\u00ebmje poetiko-artstike n\u00eb Shtutgard nga Lidhja e shkrimtareve dhe artisteve shqiptar\u00eb n\u00eb Gjermani\"}]},{\"@type\":\"WebSite\",\"@id\":\"https:\\\/\\\/fjala.info\\\/2009-2015\\\/#website\",\"url\":\"https:\\\/\\\/fjala.info\\\/2009-2015\\\/\",\"name\":\"FjALA e LIR\u00cb - Arkivi\",\"description\":\"Arkivi 2009-2015\",\"publisher\":{\"@id\":\"https:\\\/\\\/fjala.info\\\/2009-2015\\\/#organization\"},\"potentialAction\":[{\"@type\":\"SearchAction\",\"target\":{\"@type\":\"EntryPoint\",\"urlTemplate\":\"https:\\\/\\\/fjala.info\\\/2009-2015\\\/?s={search_term_string}\"},\"query-input\":{\"@type\":\"PropertyValueSpecification\",\"valueRequired\":true,\"valueName\":\"search_term_string\"}}],\"inLanguage\":\"sq-AL\"},{\"@type\":\"Organization\",\"@id\":\"https:\\\/\\\/fjala.info\\\/2009-2015\\\/#organization\",\"name\":\"FjALA e LIR\u00cb - Arkivi\",\"url\":\"https:\\\/\\\/fjala.info\\\/2009-2015\\\/\",\"logo\":{\"@type\":\"ImageObject\",\"inLanguage\":\"sq-AL\",\"@id\":\"https:\\\/\\\/fjala.info\\\/2009-2015\\\/#\\\/schema\\\/logo\\\/image\\\/\",\"url\":\"\",\"contentUrl\":\"\",\"caption\":\"FjALA e LIR\u00cb - Arkivi\"},\"image\":{\"@id\":\"https:\\\/\\\/fjala.info\\\/2009-2015\\\/#\\\/schema\\\/logo\\\/image\\\/\"}},{\"@type\":\"Person\",\"@id\":\"https:\\\/\\\/fjala.info\\\/2009-2015\\\/#\\\/schema\\\/person\\\/3aa1163ef05469c496fc94e77611ada2\",\"name\":\"admin\",\"image\":{\"@type\":\"ImageObject\",\"inLanguage\":\"sq-AL\",\"@id\":\"https:\\\/\\\/fjala.info\\\/2009-2015\\\/wp-content\\\/uploads\\\/2012\\\/02\\\/arben_cokaj-120x150.jpg\",\"url\":\"https:\\\/\\\/fjala.info\\\/2009-2015\\\/wp-content\\\/uploads\\\/2012\\\/02\\\/arben_cokaj-120x150.jpg\",\"contentUrl\":\"https:\\\/\\\/fjala.info\\\/2009-2015\\\/wp-content\\\/uploads\\\/2012\\\/02\\\/arben_cokaj-120x150.jpg\",\"caption\":\"admin\"},\"description\":\"Admin, Fjala e Lir\u00eb\",\"sameAs\":[\"https:\\\/\\\/fjala.info\\\/\"],\"url\":\"https:\\\/\\\/fjala.info\\\/2009-2015\\\/author\\\/admin\\\/\"}]}<\/script>\n<!-- \/ Yoast SEO plugin. -->","yoast_head_json":{"title":"Mbr\u00ebmje poetiko-artstike n\u00eb Shtutgard nga Lidhja e shkrimtareve dhe artisteve shqiptar\u00eb n\u00eb Gjermani - FjALA e LIR\u00cb - Arkivi","robots":{"index":"index","follow":"follow","max-snippet":"max-snippet:-1","max-image-preview":"max-image-preview:large","max-video-preview":"max-video-preview:-1"},"canonical":"https:\/\/fjala.info\/2009-2015\/mbremje-poetiko-artstike-ne-shtutgard-nga-lidhja-e-shkrimtareve-dhe-artisteve-shqiptare-ne-gjermani\/","og_locale":"sq_AL","og_type":"article","og_title":"Mbr\u00ebmje poetiko-artstike n\u00eb Shtutgard nga Lidhja e shkrimtareve dhe artisteve shqiptar\u00eb n\u00eb Gjermani - FjALA e LIR\u00cb - Arkivi","og_description":"Shkruan Asllan Dibrani Ishte nj\u00eb thirrje nga Lidhja e Shkrimtar\u00ebve dhe Artisteve Shqiptar\u00eb n\u00eb Gjermani, ku pik\u00ebrisht me dat\u00ebn 22.10.2011 e zgjodh\u00ebn Shtutgardin p\u00ebr ta b\u00ebr\u00eb nj\u00eb takim letrar dhe kulturor, me t\u00eb cilin rast u b\u00ebn\u00eb promovimet e 10 librave t\u00eb krijuesve t\u00eb rinj. Intelektual\u00eb, artdash\u00ebs t\u00eb kultur\u00ebs dhe artit shqiptar me vendbanim n\u00eb [&hellip;]","og_url":"https:\/\/fjala.info\/2009-2015\/mbremje-poetiko-artstike-ne-shtutgard-nga-lidhja-e-shkrimtareve-dhe-artisteve-shqiptare-ne-gjermani\/","og_site_name":"FjALA e LIR\u00cb - Arkivi","article_published_time":"2011-10-26T07:11:17+00:00","og_image":[{"url":"http:\/\/www.shkoder.net\/images\/fjala\/asllan_dibrani.jpg","type":"","width":"","height":""}],"author":"admin","twitter_card":"summary_large_image","twitter_misc":{"Written by":"admin","Est. reading time":"5 minutes"},"schema":{"@context":"https:\/\/schema.org","@graph":[{"@type":"Article","@id":"https:\/\/fjala.info\/2009-2015\/mbremje-poetiko-artstike-ne-shtutgard-nga-lidhja-e-shkrimtareve-dhe-artisteve-shqiptare-ne-gjermani\/#article","isPartOf":{"@id":"https:\/\/fjala.info\/2009-2015\/mbremje-poetiko-artstike-ne-shtutgard-nga-lidhja-e-shkrimtareve-dhe-artisteve-shqiptare-ne-gjermani\/"},"author":{"name":"admin","@id":"https:\/\/fjala.info\/2009-2015\/#\/schema\/person\/3aa1163ef05469c496fc94e77611ada2"},"headline":"Mbr\u00ebmje poetiko-artstike n\u00eb Shtutgard nga Lidhja e shkrimtareve dhe artisteve shqiptar\u00eb n\u00eb Gjermani","datePublished":"2011-10-26T07:11:17+00:00","mainEntityOfPage":{"@id":"https:\/\/fjala.info\/2009-2015\/mbremje-poetiko-artstike-ne-shtutgard-nga-lidhja-e-shkrimtareve-dhe-artisteve-shqiptare-ne-gjermani\/"},"wordCount":984,"commentCount":0,"publisher":{"@id":"https:\/\/fjala.info\/2009-2015\/#organization"},"image":{"@id":"https:\/\/fjala.info\/2009-2015\/mbremje-poetiko-artstike-ne-shtutgard-nga-lidhja-e-shkrimtareve-dhe-artisteve-shqiptare-ne-gjermani\/#primaryimage"},"thumbnailUrl":"http:\/\/www.shkoder.net\/images\/fjala\/asllan_dibrani.jpg","articleSection":["Artikuj"],"inLanguage":"sq-AL","potentialAction":[{"@type":"CommentAction","name":"Comment","target":["https:\/\/fjala.info\/2009-2015\/mbremje-poetiko-artstike-ne-shtutgard-nga-lidhja-e-shkrimtareve-dhe-artisteve-shqiptare-ne-gjermani\/#respond"]}]},{"@type":"WebPage","@id":"https:\/\/fjala.info\/2009-2015\/mbremje-poetiko-artstike-ne-shtutgard-nga-lidhja-e-shkrimtareve-dhe-artisteve-shqiptare-ne-gjermani\/","url":"https:\/\/fjala.info\/2009-2015\/mbremje-poetiko-artstike-ne-shtutgard-nga-lidhja-e-shkrimtareve-dhe-artisteve-shqiptare-ne-gjermani\/","name":"Mbr\u00ebmje poetiko-artstike n\u00eb Shtutgard nga Lidhja e shkrimtareve dhe artisteve shqiptar\u00eb n\u00eb Gjermani - FjALA e LIR\u00cb - Arkivi","isPartOf":{"@id":"https:\/\/fjala.info\/2009-2015\/#website"},"primaryImageOfPage":{"@id":"https:\/\/fjala.info\/2009-2015\/mbremje-poetiko-artstike-ne-shtutgard-nga-lidhja-e-shkrimtareve-dhe-artisteve-shqiptare-ne-gjermani\/#primaryimage"},"image":{"@id":"https:\/\/fjala.info\/2009-2015\/mbremje-poetiko-artstike-ne-shtutgard-nga-lidhja-e-shkrimtareve-dhe-artisteve-shqiptare-ne-gjermani\/#primaryimage"},"thumbnailUrl":"http:\/\/www.shkoder.net\/images\/fjala\/asllan_dibrani.jpg","datePublished":"2011-10-26T07:11:17+00:00","breadcrumb":{"@id":"https:\/\/fjala.info\/2009-2015\/mbremje-poetiko-artstike-ne-shtutgard-nga-lidhja-e-shkrimtareve-dhe-artisteve-shqiptare-ne-gjermani\/#breadcrumb"},"inLanguage":"sq-AL","potentialAction":[{"@type":"ReadAction","target":["https:\/\/fjala.info\/2009-2015\/mbremje-poetiko-artstike-ne-shtutgard-nga-lidhja-e-shkrimtareve-dhe-artisteve-shqiptare-ne-gjermani\/"]}]},{"@type":"ImageObject","inLanguage":"sq-AL","@id":"https:\/\/fjala.info\/2009-2015\/mbremje-poetiko-artstike-ne-shtutgard-nga-lidhja-e-shkrimtareve-dhe-artisteve-shqiptare-ne-gjermani\/#primaryimage","url":"http:\/\/www.shkoder.net\/images\/fjala\/asllan_dibrani.jpg","contentUrl":"http:\/\/www.shkoder.net\/images\/fjala\/asllan_dibrani.jpg"},{"@type":"BreadcrumbList","@id":"https:\/\/fjala.info\/2009-2015\/mbremje-poetiko-artstike-ne-shtutgard-nga-lidhja-e-shkrimtareve-dhe-artisteve-shqiptare-ne-gjermani\/#breadcrumb","itemListElement":[{"@type":"ListItem","position":1,"name":"Home","item":"https:\/\/fjala.info\/2009-2015\/"},{"@type":"ListItem","position":2,"name":"Mbr\u00ebmje poetiko-artstike n\u00eb Shtutgard nga Lidhja e shkrimtareve dhe artisteve shqiptar\u00eb n\u00eb Gjermani"}]},{"@type":"WebSite","@id":"https:\/\/fjala.info\/2009-2015\/#website","url":"https:\/\/fjala.info\/2009-2015\/","name":"FjALA e LIR\u00cb - Arkivi","description":"Arkivi 2009-2015","publisher":{"@id":"https:\/\/fjala.info\/2009-2015\/#organization"},"potentialAction":[{"@type":"SearchAction","target":{"@type":"EntryPoint","urlTemplate":"https:\/\/fjala.info\/2009-2015\/?s={search_term_string}"},"query-input":{"@type":"PropertyValueSpecification","valueRequired":true,"valueName":"search_term_string"}}],"inLanguage":"sq-AL"},{"@type":"Organization","@id":"https:\/\/fjala.info\/2009-2015\/#organization","name":"FjALA e LIR\u00cb - Arkivi","url":"https:\/\/fjala.info\/2009-2015\/","logo":{"@type":"ImageObject","inLanguage":"sq-AL","@id":"https:\/\/fjala.info\/2009-2015\/#\/schema\/logo\/image\/","url":"","contentUrl":"","caption":"FjALA e LIR\u00cb - Arkivi"},"image":{"@id":"https:\/\/fjala.info\/2009-2015\/#\/schema\/logo\/image\/"}},{"@type":"Person","@id":"https:\/\/fjala.info\/2009-2015\/#\/schema\/person\/3aa1163ef05469c496fc94e77611ada2","name":"admin","image":{"@type":"ImageObject","inLanguage":"sq-AL","@id":"https:\/\/fjala.info\/2009-2015\/wp-content\/uploads\/2012\/02\/arben_cokaj-120x150.jpg","url":"https:\/\/fjala.info\/2009-2015\/wp-content\/uploads\/2012\/02\/arben_cokaj-120x150.jpg","contentUrl":"https:\/\/fjala.info\/2009-2015\/wp-content\/uploads\/2012\/02\/arben_cokaj-120x150.jpg","caption":"admin"},"description":"Admin, Fjala e Lir\u00eb","sameAs":["https:\/\/fjala.info\/"],"url":"https:\/\/fjala.info\/2009-2015\/author\/admin\/"}]}},"_links":{"self":[{"href":"https:\/\/fjala.info\/2009-2015\/wp-json\/wp\/v2\/posts\/11146","targetHints":{"allow":["GET"]}}],"collection":[{"href":"https:\/\/fjala.info\/2009-2015\/wp-json\/wp\/v2\/posts"}],"about":[{"href":"https:\/\/fjala.info\/2009-2015\/wp-json\/wp\/v2\/types\/post"}],"author":[{"embeddable":true,"href":"https:\/\/fjala.info\/2009-2015\/wp-json\/wp\/v2\/users\/1"}],"replies":[{"embeddable":true,"href":"https:\/\/fjala.info\/2009-2015\/wp-json\/wp\/v2\/comments?post=11146"}],"version-history":[{"count":0,"href":"https:\/\/fjala.info\/2009-2015\/wp-json\/wp\/v2\/posts\/11146\/revisions"}],"wp:attachment":[{"href":"https:\/\/fjala.info\/2009-2015\/wp-json\/wp\/v2\/media?parent=11146"}],"wp:term":[{"taxonomy":"category","embeddable":true,"href":"https:\/\/fjala.info\/2009-2015\/wp-json\/wp\/v2\/categories?post=11146"},{"taxonomy":"post_tag","embeddable":true,"href":"https:\/\/fjala.info\/2009-2015\/wp-json\/wp\/v2\/tags?post=11146"}],"curies":[{"name":"wp","href":"https:\/\/api.w.org\/{rel}","templated":true}]}}