{"id":11142,"date":"2011-10-25T05:15:11","date_gmt":"2011-10-25T04:15:11","guid":{"rendered":"http:\/\/fjala.shkoder.net\/?p=11142"},"modified":"2011-10-25T05:15:11","modified_gmt":"2011-10-25T04:15:11","slug":"ku-ndodhet-fashizmi-ne-veri-apo-ne-jug","status":"publish","type":"post","link":"https:\/\/fjala.info\/2009-2015\/ku-ndodhet-fashizmi-ne-veri-apo-ne-jug\/","title":{"rendered":"Ku ndodhet fashizmi, n\u00eb veri apo n\u00eb jug!?&#8230;"},"content":{"rendered":"<p><img decoding=\"async\" class=\"alignright size-thumbnail wp-image-7236\" title=\"Bekim Rexhepi\" src=\"http:\/\/www.shkoder.net\/images\/fjala\/bekim_rexhepi.jpg\" alt=\"\" width=\"150\" \/> Nga <strong>Bekim Rexhepi<\/strong><\/p>\n<p>Fitou, m\u00eb her\u00ebt kishte akuzuar ambasadorin amerikan Christopher Dell, p\u00ebr p\u00ebrzierje t\u00eb kompetencave dhe si teprim, duke b\u00ebr\u00eb p\u00ebrpjekje p\u00ebr t\u00eb ndihmuar Kosov\u00ebn n\u00eb zgjidhjen e presidentit t\u00eb Kosov\u00ebs.<\/p>\n<p>Zoti Dell nuk ia kishte kthyer Fitou , duke mos krijuar kontekste diplomatike n\u00eb mes t\u00eb ambasador\u00ebve n\u00eb Kosov\u00eb. Edhe Dell n\u00eb fillim kishte konvergjenca n\u00eb lidhje me aktivitetet e \u201cVet\u00ebvendosjes\u201d, n\u00eb sken\u00ebn politike, por menj\u00ebher\u00eb pas nj\u00eb kohe jo t\u00eb gjat\u00eb, vet zoti Dell u gjend n\u00eb selin\u00eb e \u201cW\u201d, duke marr\u00eb m\u00eb direkt opinionet politike t\u00eb k\u00ebsaj partie, q\u00eb n\u00eb koloritin politik t\u00eb Kosov\u00ebs doli e treta.<\/p>\n<p>Fitou, si ambasador francez me p\u00ebrtes\u00eb t\u00eb jasht\u00ebzakont\u00eb , konvertohet ne ngjarjet politike n\u00eb veri t\u00eb Kosov\u00ebs, nd\u00ebrsa gjen koh\u00eb t\u00eb atill\u00eb sa t\u00eb gjykoj n\u00eb m\u00ebnyr\u00eb t\u00eb paturpshme dhe t\u00eb mos e teproj (ashtu si\u00e7 nuk kishte ngurruar ti thoshte dikur ambasadorit amerikan z.Dell, se e kishte tepruar duke u sill\u00eb p\u00ebrtej mandatit t\u00eb tij) me cil\u00ebsime t\u00eb tilla ambasadori francez, harron mandatin e tij dhe b\u00ebhet pjes\u00eb e akuzave t\u00eb pap\u00ebrgjegjshme, t\u00eb ati sensacivitetit antishqiptar t\u00eb shfaqur prej sa kohesh.<\/p>\n<p>Fitou harron ngjarjet n\u00eb veri, mbyll\u00eb syt\u00eb dhe fut vesht\u00eb n\u00eb lesh para fashizmit ekstrem t\u00eb bandave kriminale serbe, t\u00eb cil\u00ebt po barrikadojn\u00eb , po i betonojn\u00eb ato p\u00ebr t\u00eb mos mundur ti hapin m\u00eb. Fitou, nuk arrin n\u00eb veri dhe t\u00eb shoh se si funksionon n\u00eb m\u00ebnyr\u00eb m\u00eb radikale fashizmi serb, nuk shkon tek strukturat paralele n\u00eb veri p\u00ebr tu th\u00ebn\u00eb atyre se ju me k\u00ebt\u00eb q\u00eb po b\u00ebni jeni fashist\u00eb, por merret me disa akte politike qe p\u00ebr q\u00ebllim kan\u00eb ndaljen e manipulimit t\u00eb popullit me dokrra derri.<\/p>\n<p>Fitou dhe ministri ( rrahagjoksi ) Rexhepi, bashk\u00ebrisht duhet t\u00eb g\u00ebnjejn\u00eb akoma para mediave n\u00eb Kosov\u00eb p\u00ebr standarde. Derisa serbet hapur k\u00ebto standarde po i qojn\u00eb n\u00eb bisht t\u00eb sorr\u00ebs pa e v\u00ebn\u00eb re ndryshimet n\u00eb demokracin\u00eb franceze dhe at\u00eb evropiane q\u00eb shtiret.<\/p>\n<p>Fitou si ambasador francez\u00eb harron se pas luft\u00ebs n\u00eb Kosov\u00eb, forcat franceze direkt kishin gisht n\u00eb veri, sepse nga instalimi i tyre n\u00eb ur\u00ebn mbi lumin Iber , ata i ndaluan shqiptaret t\u00eb kthehen n\u00eb sht\u00ebpit\u00eb e tyre, t\u00eb \u00e7lirojn\u00eb veriun nga kriminelet e mbetur serb.<\/p>\n<p>Faji qe n\u00eb veri t\u00eb Kosov\u00ebs, akoma ka kriminel, mbase \u00ebsht\u00eb edhe faj francez\u00eb, p\u00ebr k\u00ebt\u00eb duhet t\u00eb turp\u00ebrohet Fitou, sepse ata duket se kishin nj\u00eb konspiracion me forcat serbe p\u00ebr t\u00eb mbetur aty dhe p\u00ebr t\u00eb mbajtur veriun e Kosov\u00ebs k\u00ebshtu si\u00e7 \u00ebsht\u00eb tani, Fitou t\u00eb marri guxim prej ati qytetari t\u00eb lir\u00eb, tu sqaroi shqiptar\u00ebve, rolin e forcave franceze n\u00eb veri t\u00eb Kosov\u00eb, mbase edhe deklaratat e tij t\u00eb fundit jan\u00eb fyese akoma m\u00eb shum\u00eb p\u00ebr qytetaret shqiptar.<\/p>\n<p>\u201cVet\u00ebvendosja\u201d mbete subjekti m\u00eb emblematik i aksioneve politike, n\u00eb Evrop\u00eb e paintegruar. \u201cVet\u00ebvendosja\u201d , do t\u00eb vazhdoj t\u00eb sfidoj akoma m\u00eb shum\u00eb aktet servile t\u00eb nj\u00eb politike qe duket se tashm\u00eb ka zir\u00eb aq shum\u00eb, p\u00ebrtej mase dhe p\u00ebrtej kohe nj\u00eb gjell\u00eb bajate, p\u00ebr viza dhe integrim n\u00eb BE.<\/p>\n<p>Veriu i Kosov\u00ebs mbetet i barrikadave t\u00eb betonuara, i menaxhuar nga kriminelet e mbetur dhe t\u00eb ardhur nga Serbia. Nd\u00ebrsa ambasadori francez\u00eb Fitou, dje u b\u00eb pjes\u00eb e tepruar e hedhjes s\u00eb krip\u00ebs n\u00eb kazanin ton\u00eb politike&#8230;<\/p>\n<p>E Kosova po duket se ka vend edhe p\u00ebr k\u00ebsi ambasadori etiket\u00ebs&#8230;<\/p>\n","protected":false},"excerpt":{"rendered":"<p>Nga Bekim Rexhepi Fitou, m\u00eb her\u00ebt kishte akuzuar ambasadorin amerikan Christopher Dell, p\u00ebr p\u00ebrzierje t\u00eb kompetencave dhe si teprim, duke b\u00ebr\u00eb p\u00ebrpjekje p\u00ebr t\u00eb ndihmuar Kosov\u00ebn n\u00eb zgjidhjen e presidentit t\u00eb Kosov\u00ebs. Zoti Dell nuk ia kishte kthyer Fitou , duke mos krijuar kontekste diplomatike n\u00eb mes t\u00eb ambasador\u00ebve n\u00eb Kosov\u00eb. Edhe Dell n\u00eb fillim [&hellip;]<\/p>\n","protected":false},"author":1,"featured_media":0,"comment_status":"open","ping_status":"closed","sticky":false,"template":"","format":"standard","meta":{"footnotes":""},"categories":[2],"tags":[],"class_list":{"0":"post-11142","1":"post","2":"type-post","3":"status-publish","4":"format-standard","6":"category-artikuj"},"yoast_head":"<!-- This site is optimized with the Yoast SEO plugin v27.4 - https:\/\/yoast.com\/product\/yoast-seo-wordpress\/ -->\n<title>Ku ndodhet fashizmi, n\u00eb veri apo n\u00eb jug!?... - FjALA e LIR\u00cb - Arkivi<\/title>\n<meta name=\"robots\" content=\"index, follow, max-snippet:-1, max-image-preview:large, max-video-preview:-1\" \/>\n<link rel=\"canonical\" href=\"https:\/\/fjala.info\/2009-2015\/ku-ndodhet-fashizmi-ne-veri-apo-ne-jug\/\" \/>\n<meta property=\"og:locale\" content=\"sq_AL\" \/>\n<meta property=\"og:type\" content=\"article\" \/>\n<meta property=\"og:title\" content=\"Ku ndodhet fashizmi, n\u00eb veri apo n\u00eb jug!?... - FjALA e LIR\u00cb - Arkivi\" \/>\n<meta property=\"og:description\" content=\"Nga Bekim Rexhepi Fitou, m\u00eb her\u00ebt kishte akuzuar ambasadorin amerikan Christopher Dell, p\u00ebr p\u00ebrzierje t\u00eb kompetencave dhe si teprim, duke b\u00ebr\u00eb p\u00ebrpjekje p\u00ebr t\u00eb ndihmuar Kosov\u00ebn n\u00eb zgjidhjen e presidentit t\u00eb Kosov\u00ebs. Zoti Dell nuk ia kishte kthyer Fitou , duke mos krijuar kontekste diplomatike n\u00eb mes t\u00eb ambasador\u00ebve n\u00eb Kosov\u00eb. Edhe Dell n\u00eb fillim [&hellip;]\" \/>\n<meta property=\"og:url\" content=\"https:\/\/fjala.info\/2009-2015\/ku-ndodhet-fashizmi-ne-veri-apo-ne-jug\/\" \/>\n<meta property=\"og:site_name\" content=\"FjALA e LIR\u00cb - Arkivi\" \/>\n<meta property=\"article:published_time\" content=\"2011-10-25T04:15:11+00:00\" \/>\n<meta property=\"og:image\" content=\"http:\/\/www.shkoder.net\/images\/fjala\/bekim_rexhepi.jpg\" \/>\n<meta name=\"author\" content=\"admin\" \/>\n<meta name=\"twitter:card\" content=\"summary_large_image\" \/>\n<meta name=\"twitter:label1\" content=\"Written by\" \/>\n\t<meta name=\"twitter:data1\" content=\"admin\" \/>\n\t<meta name=\"twitter:label2\" content=\"Est. reading time\" \/>\n\t<meta name=\"twitter:data2\" content=\"3 minutes\" \/>\n<script type=\"application\/ld+json\" class=\"yoast-schema-graph\">{\"@context\":\"https:\\\/\\\/schema.org\",\"@graph\":[{\"@type\":\"Article\",\"@id\":\"https:\\\/\\\/fjala.info\\\/2009-2015\\\/ku-ndodhet-fashizmi-ne-veri-apo-ne-jug\\\/#article\",\"isPartOf\":{\"@id\":\"https:\\\/\\\/fjala.info\\\/2009-2015\\\/ku-ndodhet-fashizmi-ne-veri-apo-ne-jug\\\/\"},\"author\":{\"name\":\"admin\",\"@id\":\"https:\\\/\\\/fjala.info\\\/2009-2015\\\/#\\\/schema\\\/person\\\/3aa1163ef05469c496fc94e77611ada2\"},\"headline\":\"Ku ndodhet fashizmi, n\u00eb veri apo n\u00eb jug!?&#8230;\",\"datePublished\":\"2011-10-25T04:15:11+00:00\",\"mainEntityOfPage\":{\"@id\":\"https:\\\/\\\/fjala.info\\\/2009-2015\\\/ku-ndodhet-fashizmi-ne-veri-apo-ne-jug\\\/\"},\"wordCount\":604,\"commentCount\":0,\"publisher\":{\"@id\":\"https:\\\/\\\/fjala.info\\\/2009-2015\\\/#organization\"},\"image\":{\"@id\":\"https:\\\/\\\/fjala.info\\\/2009-2015\\\/ku-ndodhet-fashizmi-ne-veri-apo-ne-jug\\\/#primaryimage\"},\"thumbnailUrl\":\"http:\\\/\\\/www.shkoder.net\\\/images\\\/fjala\\\/bekim_rexhepi.jpg\",\"articleSection\":[\"Artikuj\"],\"inLanguage\":\"sq-AL\",\"potentialAction\":[{\"@type\":\"CommentAction\",\"name\":\"Comment\",\"target\":[\"https:\\\/\\\/fjala.info\\\/2009-2015\\\/ku-ndodhet-fashizmi-ne-veri-apo-ne-jug\\\/#respond\"]}]},{\"@type\":\"WebPage\",\"@id\":\"https:\\\/\\\/fjala.info\\\/2009-2015\\\/ku-ndodhet-fashizmi-ne-veri-apo-ne-jug\\\/\",\"url\":\"https:\\\/\\\/fjala.info\\\/2009-2015\\\/ku-ndodhet-fashizmi-ne-veri-apo-ne-jug\\\/\",\"name\":\"Ku ndodhet fashizmi, n\u00eb veri apo n\u00eb jug!?... - FjALA e LIR\u00cb - Arkivi\",\"isPartOf\":{\"@id\":\"https:\\\/\\\/fjala.info\\\/2009-2015\\\/#website\"},\"primaryImageOfPage\":{\"@id\":\"https:\\\/\\\/fjala.info\\\/2009-2015\\\/ku-ndodhet-fashizmi-ne-veri-apo-ne-jug\\\/#primaryimage\"},\"image\":{\"@id\":\"https:\\\/\\\/fjala.info\\\/2009-2015\\\/ku-ndodhet-fashizmi-ne-veri-apo-ne-jug\\\/#primaryimage\"},\"thumbnailUrl\":\"http:\\\/\\\/www.shkoder.net\\\/images\\\/fjala\\\/bekim_rexhepi.jpg\",\"datePublished\":\"2011-10-25T04:15:11+00:00\",\"breadcrumb\":{\"@id\":\"https:\\\/\\\/fjala.info\\\/2009-2015\\\/ku-ndodhet-fashizmi-ne-veri-apo-ne-jug\\\/#breadcrumb\"},\"inLanguage\":\"sq-AL\",\"potentialAction\":[{\"@type\":\"ReadAction\",\"target\":[\"https:\\\/\\\/fjala.info\\\/2009-2015\\\/ku-ndodhet-fashizmi-ne-veri-apo-ne-jug\\\/\"]}]},{\"@type\":\"ImageObject\",\"inLanguage\":\"sq-AL\",\"@id\":\"https:\\\/\\\/fjala.info\\\/2009-2015\\\/ku-ndodhet-fashizmi-ne-veri-apo-ne-jug\\\/#primaryimage\",\"url\":\"http:\\\/\\\/www.shkoder.net\\\/images\\\/fjala\\\/bekim_rexhepi.jpg\",\"contentUrl\":\"http:\\\/\\\/www.shkoder.net\\\/images\\\/fjala\\\/bekim_rexhepi.jpg\"},{\"@type\":\"BreadcrumbList\",\"@id\":\"https:\\\/\\\/fjala.info\\\/2009-2015\\\/ku-ndodhet-fashizmi-ne-veri-apo-ne-jug\\\/#breadcrumb\",\"itemListElement\":[{\"@type\":\"ListItem\",\"position\":1,\"name\":\"Home\",\"item\":\"https:\\\/\\\/fjala.info\\\/2009-2015\\\/\"},{\"@type\":\"ListItem\",\"position\":2,\"name\":\"Ku ndodhet fashizmi, n\u00eb veri apo n\u00eb jug!?&#8230;\"}]},{\"@type\":\"WebSite\",\"@id\":\"https:\\\/\\\/fjala.info\\\/2009-2015\\\/#website\",\"url\":\"https:\\\/\\\/fjala.info\\\/2009-2015\\\/\",\"name\":\"FjALA e LIR\u00cb - Arkivi\",\"description\":\"Arkivi 2009-2015\",\"publisher\":{\"@id\":\"https:\\\/\\\/fjala.info\\\/2009-2015\\\/#organization\"},\"potentialAction\":[{\"@type\":\"SearchAction\",\"target\":{\"@type\":\"EntryPoint\",\"urlTemplate\":\"https:\\\/\\\/fjala.info\\\/2009-2015\\\/?s={search_term_string}\"},\"query-input\":{\"@type\":\"PropertyValueSpecification\",\"valueRequired\":true,\"valueName\":\"search_term_string\"}}],\"inLanguage\":\"sq-AL\"},{\"@type\":\"Organization\",\"@id\":\"https:\\\/\\\/fjala.info\\\/2009-2015\\\/#organization\",\"name\":\"FjALA e LIR\u00cb - Arkivi\",\"url\":\"https:\\\/\\\/fjala.info\\\/2009-2015\\\/\",\"logo\":{\"@type\":\"ImageObject\",\"inLanguage\":\"sq-AL\",\"@id\":\"https:\\\/\\\/fjala.info\\\/2009-2015\\\/#\\\/schema\\\/logo\\\/image\\\/\",\"url\":\"\",\"contentUrl\":\"\",\"caption\":\"FjALA e LIR\u00cb - Arkivi\"},\"image\":{\"@id\":\"https:\\\/\\\/fjala.info\\\/2009-2015\\\/#\\\/schema\\\/logo\\\/image\\\/\"}},{\"@type\":\"Person\",\"@id\":\"https:\\\/\\\/fjala.info\\\/2009-2015\\\/#\\\/schema\\\/person\\\/3aa1163ef05469c496fc94e77611ada2\",\"name\":\"admin\",\"image\":{\"@type\":\"ImageObject\",\"inLanguage\":\"sq-AL\",\"@id\":\"https:\\\/\\\/fjala.info\\\/2009-2015\\\/wp-content\\\/uploads\\\/2012\\\/02\\\/arben_cokaj-120x150.jpg\",\"url\":\"https:\\\/\\\/fjala.info\\\/2009-2015\\\/wp-content\\\/uploads\\\/2012\\\/02\\\/arben_cokaj-120x150.jpg\",\"contentUrl\":\"https:\\\/\\\/fjala.info\\\/2009-2015\\\/wp-content\\\/uploads\\\/2012\\\/02\\\/arben_cokaj-120x150.jpg\",\"caption\":\"admin\"},\"description\":\"Admin, Fjala e Lir\u00eb\",\"sameAs\":[\"https:\\\/\\\/fjala.info\\\/\"],\"url\":\"https:\\\/\\\/fjala.info\\\/2009-2015\\\/author\\\/admin\\\/\"}]}<\/script>\n<!-- \/ Yoast SEO plugin. -->","yoast_head_json":{"title":"Ku ndodhet fashizmi, n\u00eb veri apo n\u00eb jug!?... - FjALA e LIR\u00cb - Arkivi","robots":{"index":"index","follow":"follow","max-snippet":"max-snippet:-1","max-image-preview":"max-image-preview:large","max-video-preview":"max-video-preview:-1"},"canonical":"https:\/\/fjala.info\/2009-2015\/ku-ndodhet-fashizmi-ne-veri-apo-ne-jug\/","og_locale":"sq_AL","og_type":"article","og_title":"Ku ndodhet fashizmi, n\u00eb veri apo n\u00eb jug!?... - FjALA e LIR\u00cb - Arkivi","og_description":"Nga Bekim Rexhepi Fitou, m\u00eb her\u00ebt kishte akuzuar ambasadorin amerikan Christopher Dell, p\u00ebr p\u00ebrzierje t\u00eb kompetencave dhe si teprim, duke b\u00ebr\u00eb p\u00ebrpjekje p\u00ebr t\u00eb ndihmuar Kosov\u00ebn n\u00eb zgjidhjen e presidentit t\u00eb Kosov\u00ebs. Zoti Dell nuk ia kishte kthyer Fitou , duke mos krijuar kontekste diplomatike n\u00eb mes t\u00eb ambasador\u00ebve n\u00eb Kosov\u00eb. Edhe Dell n\u00eb fillim [&hellip;]","og_url":"https:\/\/fjala.info\/2009-2015\/ku-ndodhet-fashizmi-ne-veri-apo-ne-jug\/","og_site_name":"FjALA e LIR\u00cb - Arkivi","article_published_time":"2011-10-25T04:15:11+00:00","og_image":[{"url":"http:\/\/www.shkoder.net\/images\/fjala\/bekim_rexhepi.jpg","type":"","width":"","height":""}],"author":"admin","twitter_card":"summary_large_image","twitter_misc":{"Written by":"admin","Est. reading time":"3 minutes"},"schema":{"@context":"https:\/\/schema.org","@graph":[{"@type":"Article","@id":"https:\/\/fjala.info\/2009-2015\/ku-ndodhet-fashizmi-ne-veri-apo-ne-jug\/#article","isPartOf":{"@id":"https:\/\/fjala.info\/2009-2015\/ku-ndodhet-fashizmi-ne-veri-apo-ne-jug\/"},"author":{"name":"admin","@id":"https:\/\/fjala.info\/2009-2015\/#\/schema\/person\/3aa1163ef05469c496fc94e77611ada2"},"headline":"Ku ndodhet fashizmi, n\u00eb veri apo n\u00eb jug!?&#8230;","datePublished":"2011-10-25T04:15:11+00:00","mainEntityOfPage":{"@id":"https:\/\/fjala.info\/2009-2015\/ku-ndodhet-fashizmi-ne-veri-apo-ne-jug\/"},"wordCount":604,"commentCount":0,"publisher":{"@id":"https:\/\/fjala.info\/2009-2015\/#organization"},"image":{"@id":"https:\/\/fjala.info\/2009-2015\/ku-ndodhet-fashizmi-ne-veri-apo-ne-jug\/#primaryimage"},"thumbnailUrl":"http:\/\/www.shkoder.net\/images\/fjala\/bekim_rexhepi.jpg","articleSection":["Artikuj"],"inLanguage":"sq-AL","potentialAction":[{"@type":"CommentAction","name":"Comment","target":["https:\/\/fjala.info\/2009-2015\/ku-ndodhet-fashizmi-ne-veri-apo-ne-jug\/#respond"]}]},{"@type":"WebPage","@id":"https:\/\/fjala.info\/2009-2015\/ku-ndodhet-fashizmi-ne-veri-apo-ne-jug\/","url":"https:\/\/fjala.info\/2009-2015\/ku-ndodhet-fashizmi-ne-veri-apo-ne-jug\/","name":"Ku ndodhet fashizmi, n\u00eb veri apo n\u00eb jug!?... - FjALA e LIR\u00cb - Arkivi","isPartOf":{"@id":"https:\/\/fjala.info\/2009-2015\/#website"},"primaryImageOfPage":{"@id":"https:\/\/fjala.info\/2009-2015\/ku-ndodhet-fashizmi-ne-veri-apo-ne-jug\/#primaryimage"},"image":{"@id":"https:\/\/fjala.info\/2009-2015\/ku-ndodhet-fashizmi-ne-veri-apo-ne-jug\/#primaryimage"},"thumbnailUrl":"http:\/\/www.shkoder.net\/images\/fjala\/bekim_rexhepi.jpg","datePublished":"2011-10-25T04:15:11+00:00","breadcrumb":{"@id":"https:\/\/fjala.info\/2009-2015\/ku-ndodhet-fashizmi-ne-veri-apo-ne-jug\/#breadcrumb"},"inLanguage":"sq-AL","potentialAction":[{"@type":"ReadAction","target":["https:\/\/fjala.info\/2009-2015\/ku-ndodhet-fashizmi-ne-veri-apo-ne-jug\/"]}]},{"@type":"ImageObject","inLanguage":"sq-AL","@id":"https:\/\/fjala.info\/2009-2015\/ku-ndodhet-fashizmi-ne-veri-apo-ne-jug\/#primaryimage","url":"http:\/\/www.shkoder.net\/images\/fjala\/bekim_rexhepi.jpg","contentUrl":"http:\/\/www.shkoder.net\/images\/fjala\/bekim_rexhepi.jpg"},{"@type":"BreadcrumbList","@id":"https:\/\/fjala.info\/2009-2015\/ku-ndodhet-fashizmi-ne-veri-apo-ne-jug\/#breadcrumb","itemListElement":[{"@type":"ListItem","position":1,"name":"Home","item":"https:\/\/fjala.info\/2009-2015\/"},{"@type":"ListItem","position":2,"name":"Ku ndodhet fashizmi, n\u00eb veri apo n\u00eb jug!?&#8230;"}]},{"@type":"WebSite","@id":"https:\/\/fjala.info\/2009-2015\/#website","url":"https:\/\/fjala.info\/2009-2015\/","name":"FjALA e LIR\u00cb - Arkivi","description":"Arkivi 2009-2015","publisher":{"@id":"https:\/\/fjala.info\/2009-2015\/#organization"},"potentialAction":[{"@type":"SearchAction","target":{"@type":"EntryPoint","urlTemplate":"https:\/\/fjala.info\/2009-2015\/?s={search_term_string}"},"query-input":{"@type":"PropertyValueSpecification","valueRequired":true,"valueName":"search_term_string"}}],"inLanguage":"sq-AL"},{"@type":"Organization","@id":"https:\/\/fjala.info\/2009-2015\/#organization","name":"FjALA e LIR\u00cb - Arkivi","url":"https:\/\/fjala.info\/2009-2015\/","logo":{"@type":"ImageObject","inLanguage":"sq-AL","@id":"https:\/\/fjala.info\/2009-2015\/#\/schema\/logo\/image\/","url":"","contentUrl":"","caption":"FjALA e LIR\u00cb - Arkivi"},"image":{"@id":"https:\/\/fjala.info\/2009-2015\/#\/schema\/logo\/image\/"}},{"@type":"Person","@id":"https:\/\/fjala.info\/2009-2015\/#\/schema\/person\/3aa1163ef05469c496fc94e77611ada2","name":"admin","image":{"@type":"ImageObject","inLanguage":"sq-AL","@id":"https:\/\/fjala.info\/2009-2015\/wp-content\/uploads\/2012\/02\/arben_cokaj-120x150.jpg","url":"https:\/\/fjala.info\/2009-2015\/wp-content\/uploads\/2012\/02\/arben_cokaj-120x150.jpg","contentUrl":"https:\/\/fjala.info\/2009-2015\/wp-content\/uploads\/2012\/02\/arben_cokaj-120x150.jpg","caption":"admin"},"description":"Admin, Fjala e Lir\u00eb","sameAs":["https:\/\/fjala.info\/"],"url":"https:\/\/fjala.info\/2009-2015\/author\/admin\/"}]}},"_links":{"self":[{"href":"https:\/\/fjala.info\/2009-2015\/wp-json\/wp\/v2\/posts\/11142","targetHints":{"allow":["GET"]}}],"collection":[{"href":"https:\/\/fjala.info\/2009-2015\/wp-json\/wp\/v2\/posts"}],"about":[{"href":"https:\/\/fjala.info\/2009-2015\/wp-json\/wp\/v2\/types\/post"}],"author":[{"embeddable":true,"href":"https:\/\/fjala.info\/2009-2015\/wp-json\/wp\/v2\/users\/1"}],"replies":[{"embeddable":true,"href":"https:\/\/fjala.info\/2009-2015\/wp-json\/wp\/v2\/comments?post=11142"}],"version-history":[{"count":0,"href":"https:\/\/fjala.info\/2009-2015\/wp-json\/wp\/v2\/posts\/11142\/revisions"}],"wp:attachment":[{"href":"https:\/\/fjala.info\/2009-2015\/wp-json\/wp\/v2\/media?parent=11142"}],"wp:term":[{"taxonomy":"category","embeddable":true,"href":"https:\/\/fjala.info\/2009-2015\/wp-json\/wp\/v2\/categories?post=11142"},{"taxonomy":"post_tag","embeddable":true,"href":"https:\/\/fjala.info\/2009-2015\/wp-json\/wp\/v2\/tags?post=11142"}],"curies":[{"name":"wp","href":"https:\/\/api.w.org\/{rel}","templated":true}]}}