{"id":11133,"date":"2011-10-24T21:44:31","date_gmt":"2011-10-24T20:44:31","guid":{"rendered":"http:\/\/fjala.shkoder.net\/?p=11133"},"modified":"2011-10-24T21:44:31","modified_gmt":"2011-10-24T20:44:31","slug":"hapni-rrugen-po-kalon-kryetarja-e-kuvendit","status":"publish","type":"post","link":"https:\/\/fjala.info\/2009-2015\/hapni-rrugen-po-kalon-kryetarja-e-kuvendit\/","title":{"rendered":"Hapni rrug\u00ebn! Po kalon Kryetarja e Kuvendit!"},"content":{"rendered":"<p><img decoding=\"async\" class=\"alignleft size-thumbnail wp-image-7236\" title=\"Makina e Jozefin\u00ebs\" src=\"http:\/\/www.shkoder.net\/images\/fjala\/2011\/makina_jozefines.jpg\" alt=\"\" width=\"300\" \/> Nga <strong>Mustafa Nano<\/strong>, <em>24 tetor 2011<\/em><\/p>\n<p>Para ca dit\u00ebsh, midis or\u00ebs 10:00 e 11:00 t\u00eb paradites, po vija nga Tirana e Re n\u00eb drejtim t\u00eb bulevardit, dhe tek Libri Universitar doja t\u00eb kthehesha djathtas e t\u00eb merrja p\u00ebr nga Garda e Republik\u00ebs. Por rrug\u00ebn ma kish bllokuar nj\u00eb moto\u00e7iklet\u00eb e policis\u00eb s\u00eb qarkullimit rrugor, e vendosur p\u00ebr s\u00eb gjeri, dhe nj\u00eb polic q\u00eb urdh\u00ebronte t\u00eb gjitha makinat t\u00eb ecnin drejt ose majtas. Djathtas jo. Hapa dritaren e krahut t\u00eb djatht\u00eb t\u00eb makin\u00ebs dhe k\u00ebrkova pak konfidenc\u00eb me policin: \u201cSi \u00ebsht\u00eb puna? \u00c7far\u00eb ka ndodhur?\u201d Polici ma pranoi konfidenc\u00ebn, por m\u00eb b\u00ebri nj\u00eb shenj\u00eb, me an\u00ebn e s\u00eb cil\u00ebs donte t\u00eb thosh: \u201cS\u2019kam \u00e7\u2019t\u00eb b\u00ebj, nuk \u00ebsht\u00eb n\u00eb dor\u00ebn time, prandaj ecni drejt\u201d.<\/p>\n<p>Mora drejt p\u00ebr nga bulevardi, u ktheva djathtas drejt Korpusit Universitar dhe po vija rrotull p\u00ebr t\u00eb dal\u00eb tek hoteli \u201cCarlsberg\u201d, af\u00ebr t\u00eb cilit m\u00eb duhet t\u00eb ndaloja. Ngjitur me hotelin \u00ebsht\u00eb nj\u00eb rrug\u00eb q\u00eb lidh rrug\u00ebn q\u00eb kalon para shkoll\u00ebs \u201cPetro Nini\u201d me rrug\u00ebn q\u00eb lidh Gard\u00ebn me Librin Universitar, dhe kalimi me nj\u00eb korsi \u00ebsht\u00eb nj\u00ebdrejtim\u00ebsh, d.m.th mund t\u00eb kalojn\u00eb ve\u00e7 makinat q\u00eb duan t\u00eb ikin drejt \u201cPetro Ninit\u201d. Edhe ajo rrug\u00eb ish e bllokuar. N\u00ebse doja t\u00eb futesha n\u00eb t\u00eb, nuk do t\u2019m\u00eb lejonin dy polic\u00eb q\u00eb rrinin pran\u00eb nj\u00eb makine. U shtyva pak m\u00eb p\u00ebrpara n\u00eb k\u00ebrkim t\u00eb nj\u00eb vendq\u00ebndrimi, pash\u00eb dik\u00eb q\u00eb po dilte nga parkimi, ndeza sinjalin e bllokazhit, dhe po prisja disa sekonda t\u00eb m\u00eb lirohej vendi. Nd\u00ebrkoh\u00eb, ndjeva m\u2019u pran\u00eb veshit zhurm\u00ebn e r\u00ebnd\u00eb t\u00eb nj\u00eb moto\u00e7iklete. Hapa xhamin e dritares s\u00eb krahut tim, dhe polici q\u00eb kish shaluar motorin, m\u00eb tha me ton urdh\u00ebrues: \u201cL\u00ebviz shpejt\u201d. \u201cMerre shtruar, zot\u00ebri! Nuk kam nd\u00ebrmend t\u00eb l\u00ebviz, pasi do parkoj k\u00ebtu mbrapa\u201d, i thash\u00eb. <\/p>\n<p>\u201cL\u00ebviz p\u00ebrpara, t\u00eb thash\u00eb, e sheh q\u00eb rruga \u00ebsht\u00eb e bllokuar?\u201d, m\u00eb tha ai dhe m\u00eb pa n\u00eb sy. Hodha syt\u00eb mbrapa, prej nga ai priste t\u00eb vinin sinjale alarmante p\u00ebr t\u00eb, dhe pash\u00eb q\u00eb po vinte nj\u00eb eskort\u00eb shoq\u00ebruese. Eskorta po vinte nga rruga e bllokuar, nga ajo pra q\u00eb lidhte rrug\u00ebn ku isha un\u00eb me rrug\u00ebn q\u00eb kalon para shkoll\u00ebs \u201cPetro Nini\u201d. Dhe po vinte n\u00eb drejtim t\u00eb kund\u00ebrt, n\u00eb dhunim t\u00eb plot\u00eb t\u00eb ligjit. \u201cNuk kam nd\u00ebrmend t\u00eb l\u00ebviz\u201d, p\u00ebrs\u00ebrita, \u201cduhet t\u00eb l\u00ebviz\u00ebsh ti, tok me at\u00eb q\u00eb po shoq\u00ebron, pasi po bezdisni qytetar\u00ebt\u201d. Polici i dha gaz motorit dhe iku, por nuk e mora vesh n\u00ebse iku ngaq\u00eb m\u00eb mir\u00ebkuptoi, apo iku ngaq\u00eb s\u2019kish koh\u00eb t\u00eb merrej me mua; n\u00eb harkun e nj\u00eb a dy sekondave, u dha n\u00eb t\u00eb majt\u00ebn time eskorta, e cila fluturoi n\u00eb korridorin e hapur t\u00eb rrug\u00ebs.<\/p>\n<p>Parkova, dhe pyeta dik\u00eb: kush \u00ebsht\u00eb ky robi me eskort\u00eb q\u00eb sapo kaloi? \u201cAi robi o Jozefina Topalli\u201d, m\u00eb erdhi p\u00ebrgjigjja. \u201cK\u00ebt avaz bo p\u00ebr dit ajo\u201d. Ja pra si na qenk\u00ebsh puna! Kryetarja e Kuvendit paska sht\u00ebpin\u00eb n\u00eb nj\u00eb nga pallatet e ngritur buz\u00eb asaj rrug\u00ebs nj\u00ebkalimshme. Dhe kur del nga sht\u00ebpia p\u00ebr n\u00eb zyr\u00eb, a p\u00ebr n\u00eb pun\u00ebt e saj, ajo p\u00ebrton t\u00eb ndjek\u00eb drejtimin e lejuar q\u00eb e \u00e7on n\u00eb destinacion nj\u00eb a dy minuta m\u00eb von\u00eb, por bllokon t\u00ebr\u00eb rrug\u00ebn, dhe ec\u00ebn n\u00eb kund\u00ebrsens. E pse mos ta b\u00ebj\u00eb? Kush do t\u2019i thot\u00eb: mos e b\u00ebj? Kush do t\u00eb protestoj\u00eb? Por edhe sikur dikush t\u00eb dal\u00eb t\u00eb protestoj\u00eb, ajo ka polic\u00eb e eskort\u00eb me vete, t\u00eb cil\u00ebt jo vet\u00ebm mund t\u00eb largojn\u00eb ndonj\u00eb protestues, por edhe mund t\u2019ia hapin rrug\u00ebn e mund t\u00eb bllokojn\u00eb n\u00eb funksion t\u00eb kararit t\u00eb saj \u00e7do rrug\u00eb t\u00eb mundshme.<\/p>\n<p>Tani, un\u00eb e kuptoj, madje edhe jam dakord, q\u00eb Kryetarja e Kuvendit t\u00eb ket\u00eb nj\u00eb eskort\u00eb. Ajo, p\u00ebr shkak t\u00eb detyr\u00ebs, mund t\u00eb jet\u00eb e ekspozuar ndaj rreziqeve e k\u00ebrc\u00ebnimeve t\u00eb ndryshme. \u00cbsht\u00eb mjedisi i paparashikuesh\u00ebm shqiptar q\u00eb m\u00eb b\u00ebn t\u00eb mendoj se do autoritete kan\u00eb nevoj\u00eb p\u00ebr nj\u00eb eskort\u00eb. N\u00eb vende t\u00eb tjera, sidozot n\u00eb Norvegji, Suedi a Danimark\u00eb, autoritetet kan\u00eb ve\u00e7 nj\u00eb a dy roje trupi, dhe ecin shpesh mes njer\u00ebzve, shkojn\u00eb n\u00eb pun\u00eb me bi\u00e7iklet\u00eb, ndonj\u00ebher\u00eb dhe me mjete t\u00eb transportit urban, por hajt po themi se Shqip\u00ebria \u00ebsht\u00eb nj\u00eb vend q\u00eb fsheh rreziqe p\u00ebr autoritetet (r\u00ebndom p\u00ebr shkak t\u00eb urrejtjes q\u00eb ekziston p\u00ebr k\u00ebta t\u00eb fundit), dhe k\u00ebshtu nj\u00eb eskort\u00eb e leht\u00eb \u00ebsht\u00eb e kuptueshme.<\/p>\n<p>Por po pyes Kryetaren e Kuvendit t\u00eb Shqip\u00ebris\u00eb, dhe do doja shum\u00eb t\u00eb kisha nj\u00eb p\u00ebrgjigje. E k\u00ebrkoj nj\u00eb p\u00ebrgjigje si qytetar i k\u00ebtij vendi, q\u00eb paguan taksa, me t\u00eb cilat paguhet edhe Kryetarja e Kuvendit, edhe polic\u00ebt q\u00eb e shoq\u00ebrojn\u00eb, edhe makinat q\u00eb e \u00e7ojn\u00eb nga zyra n\u00eb sht\u00ebpi, e anasjelltas. Nuk \u00ebsht\u00eb e th\u00ebn\u00eb t\u2019m\u00eb p\u00ebrgjigieni ju vet\u00eb, zonja kryetare. Mund t\u00eb caktoni z\u00ebdh\u00ebn\u00ebsen t\u2019m\u00eb jap\u00eb nj\u00eb p\u00ebrgjigje. Pyetjet pra jan\u00eb: Pse u dashka q\u00eb t\u00eb bllokoni rrug\u00ebt, zonja kryetare? Pse u dashka t\u00eb ecni n\u00eb drejtimin e ndaluar? N\u00eb cilin ligj a rregull e bazoni vendimin p\u00ebr t\u00eb bllokuar rrug\u00ebt, p\u00ebr t\u00eb mos respektuar semafor\u00ebt, e p\u00ebr t\u00eb ecur n\u00eb kund\u00ebrsens?<\/p>\n<p>Mua m\u00eb duket e r\u00ebnd\u00eb kjo gj\u00eb. Ka njer\u00ebz q\u00eb mund t\u00eb thon\u00eb: \u00e7\u2019merresh me \u00e7ik\u00ebrrima t\u00eb tilla! K\u00ebtu po b\u00ebhen hatara dhe ti shqet\u00ebsohesh nga bllokimi i nj\u00eb rruge. Jo, s\u2019e pranoj k\u00ebt\u00eb logjik\u00eb. P\u00ebrkundrazi, mendoj se burimi i atyre hatarave q\u00ebndron pik\u00ebrisht tek kjo arroganc\u00eb antiligjore e demonstruar nga ana e atyre q\u00eb jan\u00eb zgjedhur prej nesh t\u00eb b\u00ebjn\u00eb ligje e t\u00eb k\u00ebrkojn\u00eb zbatimin e ligjeve nga t\u00eb gjith\u00eb. Nga vetja n\u00eb radh\u00eb t\u00eb par\u00eb.<\/p>\n<p>Prandaj, insistoj zonja kryetare t\u00eb shpjegoheni publikisht p\u00ebr k\u00ebt\u00eb sjellje. E n\u00ebse nuk e shihni me vend t\u00eb m\u00eb ktheni nj\u00eb p\u00ebrgjigje (un\u00eb kam besim se do ta jepni nj\u00eb shpjegim), ju ftoj q\u00eb t\u2019mos e b\u00ebni m\u00eb k\u00ebt\u00eb q\u00eb b\u00ebni. \u00cbsht\u00eb e padrejt\u00eb, q\u00eb ta b\u00ebni. Nuk ka asnj\u00eb logjik\u00eb q\u00eb ta b\u00ebni. Ligji ua ndalon q\u00eb ta b\u00ebni.<\/p>\n","protected":false},"excerpt":{"rendered":"<p>Nga Mustafa Nano, 24 tetor 2011 Para ca dit\u00ebsh, midis or\u00ebs 10:00 e 11:00 t\u00eb paradites, po vija nga Tirana e Re n\u00eb drejtim t\u00eb bulevardit, dhe tek Libri Universitar doja t\u00eb kthehesha djathtas e t\u00eb merrja p\u00ebr nga Garda e Republik\u00ebs. Por rrug\u00ebn ma kish bllokuar nj\u00eb moto\u00e7iklet\u00eb e policis\u00eb s\u00eb qarkullimit rrugor, e [&hellip;]<\/p>\n","protected":false},"author":1,"featured_media":0,"comment_status":"open","ping_status":"closed","sticky":false,"template":"","format":"standard","meta":{"footnotes":""},"categories":[2],"tags":[],"class_list":{"0":"post-11133","1":"post","2":"type-post","3":"status-publish","4":"format-standard","6":"category-artikuj"},"yoast_head":"<!-- This site is optimized with the Yoast SEO plugin v27.4 - https:\/\/yoast.com\/product\/yoast-seo-wordpress\/ -->\n<title>Hapni rrug\u00ebn! Po kalon Kryetarja e Kuvendit! - FjALA e LIR\u00cb - Arkivi<\/title>\n<meta name=\"robots\" content=\"index, follow, max-snippet:-1, max-image-preview:large, max-video-preview:-1\" \/>\n<link rel=\"canonical\" href=\"https:\/\/fjala.info\/2009-2015\/hapni-rrugen-po-kalon-kryetarja-e-kuvendit\/\" \/>\n<meta property=\"og:locale\" content=\"sq_AL\" \/>\n<meta property=\"og:type\" content=\"article\" \/>\n<meta property=\"og:title\" content=\"Hapni rrug\u00ebn! Po kalon Kryetarja e Kuvendit! - FjALA e LIR\u00cb - Arkivi\" \/>\n<meta property=\"og:description\" content=\"Nga Mustafa Nano, 24 tetor 2011 Para ca dit\u00ebsh, midis or\u00ebs 10:00 e 11:00 t\u00eb paradites, po vija nga Tirana e Re n\u00eb drejtim t\u00eb bulevardit, dhe tek Libri Universitar doja t\u00eb kthehesha djathtas e t\u00eb merrja p\u00ebr nga Garda e Republik\u00ebs. Por rrug\u00ebn ma kish bllokuar nj\u00eb moto\u00e7iklet\u00eb e policis\u00eb s\u00eb qarkullimit rrugor, e [&hellip;]\" \/>\n<meta property=\"og:url\" content=\"https:\/\/fjala.info\/2009-2015\/hapni-rrugen-po-kalon-kryetarja-e-kuvendit\/\" \/>\n<meta property=\"og:site_name\" content=\"FjALA e LIR\u00cb - Arkivi\" \/>\n<meta property=\"article:published_time\" content=\"2011-10-24T20:44:31+00:00\" \/>\n<meta property=\"og:image\" content=\"http:\/\/www.shkoder.net\/images\/fjala\/2011\/makina_jozefines.jpg\" \/>\n<meta name=\"author\" content=\"admin\" \/>\n<meta name=\"twitter:card\" content=\"summary_large_image\" \/>\n<meta name=\"twitter:label1\" content=\"Written by\" \/>\n\t<meta name=\"twitter:data1\" content=\"admin\" \/>\n\t<meta name=\"twitter:label2\" content=\"Est. reading time\" \/>\n\t<meta name=\"twitter:data2\" content=\"6 minutes\" \/>\n<script type=\"application\/ld+json\" class=\"yoast-schema-graph\">{\"@context\":\"https:\\\/\\\/schema.org\",\"@graph\":[{\"@type\":\"Article\",\"@id\":\"https:\\\/\\\/fjala.info\\\/2009-2015\\\/hapni-rrugen-po-kalon-kryetarja-e-kuvendit\\\/#article\",\"isPartOf\":{\"@id\":\"https:\\\/\\\/fjala.info\\\/2009-2015\\\/hapni-rrugen-po-kalon-kryetarja-e-kuvendit\\\/\"},\"author\":{\"name\":\"admin\",\"@id\":\"https:\\\/\\\/fjala.info\\\/2009-2015\\\/#\\\/schema\\\/person\\\/3aa1163ef05469c496fc94e77611ada2\"},\"headline\":\"Hapni rrug\u00ebn! Po kalon Kryetarja e Kuvendit!\",\"datePublished\":\"2011-10-24T20:44:31+00:00\",\"mainEntityOfPage\":{\"@id\":\"https:\\\/\\\/fjala.info\\\/2009-2015\\\/hapni-rrugen-po-kalon-kryetarja-e-kuvendit\\\/\"},\"wordCount\":1112,\"commentCount\":0,\"publisher\":{\"@id\":\"https:\\\/\\\/fjala.info\\\/2009-2015\\\/#organization\"},\"image\":{\"@id\":\"https:\\\/\\\/fjala.info\\\/2009-2015\\\/hapni-rrugen-po-kalon-kryetarja-e-kuvendit\\\/#primaryimage\"},\"thumbnailUrl\":\"http:\\\/\\\/www.shkoder.net\\\/images\\\/fjala\\\/2011\\\/makina_jozefines.jpg\",\"articleSection\":[\"Artikuj\"],\"inLanguage\":\"sq-AL\",\"potentialAction\":[{\"@type\":\"CommentAction\",\"name\":\"Comment\",\"target\":[\"https:\\\/\\\/fjala.info\\\/2009-2015\\\/hapni-rrugen-po-kalon-kryetarja-e-kuvendit\\\/#respond\"]}]},{\"@type\":\"WebPage\",\"@id\":\"https:\\\/\\\/fjala.info\\\/2009-2015\\\/hapni-rrugen-po-kalon-kryetarja-e-kuvendit\\\/\",\"url\":\"https:\\\/\\\/fjala.info\\\/2009-2015\\\/hapni-rrugen-po-kalon-kryetarja-e-kuvendit\\\/\",\"name\":\"Hapni rrug\u00ebn! Po kalon Kryetarja e Kuvendit! - FjALA e LIR\u00cb - Arkivi\",\"isPartOf\":{\"@id\":\"https:\\\/\\\/fjala.info\\\/2009-2015\\\/#website\"},\"primaryImageOfPage\":{\"@id\":\"https:\\\/\\\/fjala.info\\\/2009-2015\\\/hapni-rrugen-po-kalon-kryetarja-e-kuvendit\\\/#primaryimage\"},\"image\":{\"@id\":\"https:\\\/\\\/fjala.info\\\/2009-2015\\\/hapni-rrugen-po-kalon-kryetarja-e-kuvendit\\\/#primaryimage\"},\"thumbnailUrl\":\"http:\\\/\\\/www.shkoder.net\\\/images\\\/fjala\\\/2011\\\/makina_jozefines.jpg\",\"datePublished\":\"2011-10-24T20:44:31+00:00\",\"breadcrumb\":{\"@id\":\"https:\\\/\\\/fjala.info\\\/2009-2015\\\/hapni-rrugen-po-kalon-kryetarja-e-kuvendit\\\/#breadcrumb\"},\"inLanguage\":\"sq-AL\",\"potentialAction\":[{\"@type\":\"ReadAction\",\"target\":[\"https:\\\/\\\/fjala.info\\\/2009-2015\\\/hapni-rrugen-po-kalon-kryetarja-e-kuvendit\\\/\"]}]},{\"@type\":\"ImageObject\",\"inLanguage\":\"sq-AL\",\"@id\":\"https:\\\/\\\/fjala.info\\\/2009-2015\\\/hapni-rrugen-po-kalon-kryetarja-e-kuvendit\\\/#primaryimage\",\"url\":\"http:\\\/\\\/www.shkoder.net\\\/images\\\/fjala\\\/2011\\\/makina_jozefines.jpg\",\"contentUrl\":\"http:\\\/\\\/www.shkoder.net\\\/images\\\/fjala\\\/2011\\\/makina_jozefines.jpg\"},{\"@type\":\"BreadcrumbList\",\"@id\":\"https:\\\/\\\/fjala.info\\\/2009-2015\\\/hapni-rrugen-po-kalon-kryetarja-e-kuvendit\\\/#breadcrumb\",\"itemListElement\":[{\"@type\":\"ListItem\",\"position\":1,\"name\":\"Home\",\"item\":\"https:\\\/\\\/fjala.info\\\/2009-2015\\\/\"},{\"@type\":\"ListItem\",\"position\":2,\"name\":\"Hapni rrug\u00ebn! Po kalon Kryetarja e Kuvendit!\"}]},{\"@type\":\"WebSite\",\"@id\":\"https:\\\/\\\/fjala.info\\\/2009-2015\\\/#website\",\"url\":\"https:\\\/\\\/fjala.info\\\/2009-2015\\\/\",\"name\":\"FjALA e LIR\u00cb - Arkivi\",\"description\":\"Arkivi 2009-2015\",\"publisher\":{\"@id\":\"https:\\\/\\\/fjala.info\\\/2009-2015\\\/#organization\"},\"potentialAction\":[{\"@type\":\"SearchAction\",\"target\":{\"@type\":\"EntryPoint\",\"urlTemplate\":\"https:\\\/\\\/fjala.info\\\/2009-2015\\\/?s={search_term_string}\"},\"query-input\":{\"@type\":\"PropertyValueSpecification\",\"valueRequired\":true,\"valueName\":\"search_term_string\"}}],\"inLanguage\":\"sq-AL\"},{\"@type\":\"Organization\",\"@id\":\"https:\\\/\\\/fjala.info\\\/2009-2015\\\/#organization\",\"name\":\"FjALA e LIR\u00cb - Arkivi\",\"url\":\"https:\\\/\\\/fjala.info\\\/2009-2015\\\/\",\"logo\":{\"@type\":\"ImageObject\",\"inLanguage\":\"sq-AL\",\"@id\":\"https:\\\/\\\/fjala.info\\\/2009-2015\\\/#\\\/schema\\\/logo\\\/image\\\/\",\"url\":\"\",\"contentUrl\":\"\",\"caption\":\"FjALA e LIR\u00cb - Arkivi\"},\"image\":{\"@id\":\"https:\\\/\\\/fjala.info\\\/2009-2015\\\/#\\\/schema\\\/logo\\\/image\\\/\"}},{\"@type\":\"Person\",\"@id\":\"https:\\\/\\\/fjala.info\\\/2009-2015\\\/#\\\/schema\\\/person\\\/3aa1163ef05469c496fc94e77611ada2\",\"name\":\"admin\",\"image\":{\"@type\":\"ImageObject\",\"inLanguage\":\"sq-AL\",\"@id\":\"https:\\\/\\\/fjala.info\\\/2009-2015\\\/wp-content\\\/uploads\\\/2012\\\/02\\\/arben_cokaj-120x150.jpg\",\"url\":\"https:\\\/\\\/fjala.info\\\/2009-2015\\\/wp-content\\\/uploads\\\/2012\\\/02\\\/arben_cokaj-120x150.jpg\",\"contentUrl\":\"https:\\\/\\\/fjala.info\\\/2009-2015\\\/wp-content\\\/uploads\\\/2012\\\/02\\\/arben_cokaj-120x150.jpg\",\"caption\":\"admin\"},\"description\":\"Admin, Fjala e Lir\u00eb\",\"sameAs\":[\"https:\\\/\\\/fjala.info\\\/\"],\"url\":\"https:\\\/\\\/fjala.info\\\/2009-2015\\\/author\\\/admin\\\/\"}]}<\/script>\n<!-- \/ Yoast SEO plugin. -->","yoast_head_json":{"title":"Hapni rrug\u00ebn! Po kalon Kryetarja e Kuvendit! - FjALA e LIR\u00cb - Arkivi","robots":{"index":"index","follow":"follow","max-snippet":"max-snippet:-1","max-image-preview":"max-image-preview:large","max-video-preview":"max-video-preview:-1"},"canonical":"https:\/\/fjala.info\/2009-2015\/hapni-rrugen-po-kalon-kryetarja-e-kuvendit\/","og_locale":"sq_AL","og_type":"article","og_title":"Hapni rrug\u00ebn! Po kalon Kryetarja e Kuvendit! - FjALA e LIR\u00cb - Arkivi","og_description":"Nga Mustafa Nano, 24 tetor 2011 Para ca dit\u00ebsh, midis or\u00ebs 10:00 e 11:00 t\u00eb paradites, po vija nga Tirana e Re n\u00eb drejtim t\u00eb bulevardit, dhe tek Libri Universitar doja t\u00eb kthehesha djathtas e t\u00eb merrja p\u00ebr nga Garda e Republik\u00ebs. Por rrug\u00ebn ma kish bllokuar nj\u00eb moto\u00e7iklet\u00eb e policis\u00eb s\u00eb qarkullimit rrugor, e [&hellip;]","og_url":"https:\/\/fjala.info\/2009-2015\/hapni-rrugen-po-kalon-kryetarja-e-kuvendit\/","og_site_name":"FjALA e LIR\u00cb - Arkivi","article_published_time":"2011-10-24T20:44:31+00:00","og_image":[{"url":"http:\/\/www.shkoder.net\/images\/fjala\/2011\/makina_jozefines.jpg","type":"","width":"","height":""}],"author":"admin","twitter_card":"summary_large_image","twitter_misc":{"Written by":"admin","Est. reading time":"6 minutes"},"schema":{"@context":"https:\/\/schema.org","@graph":[{"@type":"Article","@id":"https:\/\/fjala.info\/2009-2015\/hapni-rrugen-po-kalon-kryetarja-e-kuvendit\/#article","isPartOf":{"@id":"https:\/\/fjala.info\/2009-2015\/hapni-rrugen-po-kalon-kryetarja-e-kuvendit\/"},"author":{"name":"admin","@id":"https:\/\/fjala.info\/2009-2015\/#\/schema\/person\/3aa1163ef05469c496fc94e77611ada2"},"headline":"Hapni rrug\u00ebn! Po kalon Kryetarja e Kuvendit!","datePublished":"2011-10-24T20:44:31+00:00","mainEntityOfPage":{"@id":"https:\/\/fjala.info\/2009-2015\/hapni-rrugen-po-kalon-kryetarja-e-kuvendit\/"},"wordCount":1112,"commentCount":0,"publisher":{"@id":"https:\/\/fjala.info\/2009-2015\/#organization"},"image":{"@id":"https:\/\/fjala.info\/2009-2015\/hapni-rrugen-po-kalon-kryetarja-e-kuvendit\/#primaryimage"},"thumbnailUrl":"http:\/\/www.shkoder.net\/images\/fjala\/2011\/makina_jozefines.jpg","articleSection":["Artikuj"],"inLanguage":"sq-AL","potentialAction":[{"@type":"CommentAction","name":"Comment","target":["https:\/\/fjala.info\/2009-2015\/hapni-rrugen-po-kalon-kryetarja-e-kuvendit\/#respond"]}]},{"@type":"WebPage","@id":"https:\/\/fjala.info\/2009-2015\/hapni-rrugen-po-kalon-kryetarja-e-kuvendit\/","url":"https:\/\/fjala.info\/2009-2015\/hapni-rrugen-po-kalon-kryetarja-e-kuvendit\/","name":"Hapni rrug\u00ebn! Po kalon Kryetarja e Kuvendit! - FjALA e LIR\u00cb - Arkivi","isPartOf":{"@id":"https:\/\/fjala.info\/2009-2015\/#website"},"primaryImageOfPage":{"@id":"https:\/\/fjala.info\/2009-2015\/hapni-rrugen-po-kalon-kryetarja-e-kuvendit\/#primaryimage"},"image":{"@id":"https:\/\/fjala.info\/2009-2015\/hapni-rrugen-po-kalon-kryetarja-e-kuvendit\/#primaryimage"},"thumbnailUrl":"http:\/\/www.shkoder.net\/images\/fjala\/2011\/makina_jozefines.jpg","datePublished":"2011-10-24T20:44:31+00:00","breadcrumb":{"@id":"https:\/\/fjala.info\/2009-2015\/hapni-rrugen-po-kalon-kryetarja-e-kuvendit\/#breadcrumb"},"inLanguage":"sq-AL","potentialAction":[{"@type":"ReadAction","target":["https:\/\/fjala.info\/2009-2015\/hapni-rrugen-po-kalon-kryetarja-e-kuvendit\/"]}]},{"@type":"ImageObject","inLanguage":"sq-AL","@id":"https:\/\/fjala.info\/2009-2015\/hapni-rrugen-po-kalon-kryetarja-e-kuvendit\/#primaryimage","url":"http:\/\/www.shkoder.net\/images\/fjala\/2011\/makina_jozefines.jpg","contentUrl":"http:\/\/www.shkoder.net\/images\/fjala\/2011\/makina_jozefines.jpg"},{"@type":"BreadcrumbList","@id":"https:\/\/fjala.info\/2009-2015\/hapni-rrugen-po-kalon-kryetarja-e-kuvendit\/#breadcrumb","itemListElement":[{"@type":"ListItem","position":1,"name":"Home","item":"https:\/\/fjala.info\/2009-2015\/"},{"@type":"ListItem","position":2,"name":"Hapni rrug\u00ebn! Po kalon Kryetarja e Kuvendit!"}]},{"@type":"WebSite","@id":"https:\/\/fjala.info\/2009-2015\/#website","url":"https:\/\/fjala.info\/2009-2015\/","name":"FjALA e LIR\u00cb - Arkivi","description":"Arkivi 2009-2015","publisher":{"@id":"https:\/\/fjala.info\/2009-2015\/#organization"},"potentialAction":[{"@type":"SearchAction","target":{"@type":"EntryPoint","urlTemplate":"https:\/\/fjala.info\/2009-2015\/?s={search_term_string}"},"query-input":{"@type":"PropertyValueSpecification","valueRequired":true,"valueName":"search_term_string"}}],"inLanguage":"sq-AL"},{"@type":"Organization","@id":"https:\/\/fjala.info\/2009-2015\/#organization","name":"FjALA e LIR\u00cb - Arkivi","url":"https:\/\/fjala.info\/2009-2015\/","logo":{"@type":"ImageObject","inLanguage":"sq-AL","@id":"https:\/\/fjala.info\/2009-2015\/#\/schema\/logo\/image\/","url":"","contentUrl":"","caption":"FjALA e LIR\u00cb - Arkivi"},"image":{"@id":"https:\/\/fjala.info\/2009-2015\/#\/schema\/logo\/image\/"}},{"@type":"Person","@id":"https:\/\/fjala.info\/2009-2015\/#\/schema\/person\/3aa1163ef05469c496fc94e77611ada2","name":"admin","image":{"@type":"ImageObject","inLanguage":"sq-AL","@id":"https:\/\/fjala.info\/2009-2015\/wp-content\/uploads\/2012\/02\/arben_cokaj-120x150.jpg","url":"https:\/\/fjala.info\/2009-2015\/wp-content\/uploads\/2012\/02\/arben_cokaj-120x150.jpg","contentUrl":"https:\/\/fjala.info\/2009-2015\/wp-content\/uploads\/2012\/02\/arben_cokaj-120x150.jpg","caption":"admin"},"description":"Admin, Fjala e Lir\u00eb","sameAs":["https:\/\/fjala.info\/"],"url":"https:\/\/fjala.info\/2009-2015\/author\/admin\/"}]}},"_links":{"self":[{"href":"https:\/\/fjala.info\/2009-2015\/wp-json\/wp\/v2\/posts\/11133","targetHints":{"allow":["GET"]}}],"collection":[{"href":"https:\/\/fjala.info\/2009-2015\/wp-json\/wp\/v2\/posts"}],"about":[{"href":"https:\/\/fjala.info\/2009-2015\/wp-json\/wp\/v2\/types\/post"}],"author":[{"embeddable":true,"href":"https:\/\/fjala.info\/2009-2015\/wp-json\/wp\/v2\/users\/1"}],"replies":[{"embeddable":true,"href":"https:\/\/fjala.info\/2009-2015\/wp-json\/wp\/v2\/comments?post=11133"}],"version-history":[{"count":0,"href":"https:\/\/fjala.info\/2009-2015\/wp-json\/wp\/v2\/posts\/11133\/revisions"}],"wp:attachment":[{"href":"https:\/\/fjala.info\/2009-2015\/wp-json\/wp\/v2\/media?parent=11133"}],"wp:term":[{"taxonomy":"category","embeddable":true,"href":"https:\/\/fjala.info\/2009-2015\/wp-json\/wp\/v2\/categories?post=11133"},{"taxonomy":"post_tag","embeddable":true,"href":"https:\/\/fjala.info\/2009-2015\/wp-json\/wp\/v2\/tags?post=11133"}],"curies":[{"name":"wp","href":"https:\/\/api.w.org\/{rel}","templated":true}]}}