{"id":11127,"date":"2011-10-24T20:40:45","date_gmt":"2011-10-24T19:40:45","guid":{"rendered":"http:\/\/fjala.shkoder.net\/?p=11127"},"modified":"2011-10-24T20:40:45","modified_gmt":"2011-10-24T19:40:45","slug":"leshonin-vertetime-false-per-gjakmarrje-kallezohen-dy-drejtues-te-larte-te-pd-se-ne-shkoder","status":"publish","type":"post","link":"https:\/\/fjala.info\/2009-2015\/leshonin-vertetime-false-per-gjakmarrje-kallezohen-dy-drejtues-te-larte-te-pd-se-ne-shkoder\/","title":{"rendered":"L\u00ebshonin v\u00ebrtetime false p\u00ebr gjakmarrje, kall\u00ebzohen dy drejtues t\u00eb lart\u00eb t\u00eb PD-s\u00eb n\u00eb Shkod\u00ebr"},"content":{"rendered":"<p><img decoding=\"async\" class=\"alignleft size-thumbnail wp-image-7236\" title=\"Jozefina - fushat\u00eb\" src=\"http:\/\/www.shkoder.net\/images\/fjala\/2011\/jozefina_fushate.jpg\" alt=\"\" width=\"300\" \/><strong>TemA Online<\/strong>, <em>24 Tetor 2011<\/em><\/p>\n<p>Dy drejtues t\u00eb lart\u00eb t\u00eb pushtetit vendor n\u00eb Shkod\u00ebr, t\u00eb cil\u00ebt i p\u00ebrkasin PD-s\u00eb, jan\u00eb kall\u00ebzuar penalisht nga ana e policis\u00eb, p\u00ebr shkak se l\u00ebshonin v\u00ebrtetime false p\u00ebr gjakmarrje.<\/p>\n<p>Ramadan Lika, 45 vje\u00e7 kryetar i Bashkis\u00eb Koplik dhe Faz Shabaj, 62 vje\u00e7, kryetar i Komun\u00ebs Postrib\u00eb akuzohen p\u00ebr \u201cShp\u00ebrdorim detyre\u201d dhe \u201cFalsifikimit t\u00eb dokumenteve\u201d, pasi \u201ckan\u00eb l\u00ebshuar v\u00ebrtetime te falsifikuara p\u00ebr persona t\u00eb ndrysh\u00ebm se jan\u00eb n\u00eb hasm\u00ebri, me q\u00ebllim q\u00eb ata t\u00eb aplikonin dhe p\u00ebrfitonin n\u00eb m\u00ebnyr\u00eb t\u00eb padrejt\u00eb azil n\u00eb Belgjik\u00eb\u201d.<\/p>\n<p>Vet\u00ebm pak dit\u00eb m\u00eb par\u00eb, Brukseli u shpreh i shqet\u00ebsuar p\u00ebr k\u00ebrkesat p\u00ebr azil politik, sidomos nga zona e Shkodr\u00ebs.<\/p>\n","protected":false},"excerpt":{"rendered":"<p>TemA Online, 24 Tetor 2011 Dy drejtues t\u00eb lart\u00eb t\u00eb pushtetit vendor n\u00eb Shkod\u00ebr, t\u00eb cil\u00ebt i p\u00ebrkasin PD-s\u00eb, jan\u00eb kall\u00ebzuar penalisht nga ana e policis\u00eb, p\u00ebr shkak se l\u00ebshonin v\u00ebrtetime false p\u00ebr gjakmarrje. Ramadan Lika, 45 vje\u00e7 kryetar i Bashkis\u00eb Koplik dhe Faz Shabaj, 62 vje\u00e7, kryetar i Komun\u00ebs Postrib\u00eb akuzohen p\u00ebr \u201cShp\u00ebrdorim detyre\u201d [&hellip;]<\/p>\n","protected":false},"author":1,"featured_media":0,"comment_status":"open","ping_status":"closed","sticky":false,"template":"","format":"standard","meta":{"footnotes":""},"categories":[5],"tags":[],"class_list":{"0":"post-11127","1":"post","2":"type-post","3":"status-publish","4":"format-standard","6":"category-lajme"},"yoast_head":"<!-- This site is optimized with the Yoast SEO plugin v27.4 - https:\/\/yoast.com\/product\/yoast-seo-wordpress\/ -->\n<title>L\u00ebshonin v\u00ebrtetime false p\u00ebr gjakmarrje, kall\u00ebzohen dy drejtues t\u00eb lart\u00eb t\u00eb PD-s\u00eb n\u00eb Shkod\u00ebr - FjALA e LIR\u00cb - Arkivi<\/title>\n<meta name=\"robots\" content=\"index, follow, max-snippet:-1, max-image-preview:large, max-video-preview:-1\" \/>\n<link rel=\"canonical\" href=\"https:\/\/fjala.info\/2009-2015\/leshonin-vertetime-false-per-gjakmarrje-kallezohen-dy-drejtues-te-larte-te-pd-se-ne-shkoder\/\" \/>\n<meta property=\"og:locale\" content=\"sq_AL\" \/>\n<meta property=\"og:type\" content=\"article\" \/>\n<meta property=\"og:title\" content=\"L\u00ebshonin v\u00ebrtetime false p\u00ebr gjakmarrje, kall\u00ebzohen dy drejtues t\u00eb lart\u00eb t\u00eb PD-s\u00eb n\u00eb Shkod\u00ebr - FjALA e LIR\u00cb - Arkivi\" \/>\n<meta property=\"og:description\" content=\"TemA Online, 24 Tetor 2011 Dy drejtues t\u00eb lart\u00eb t\u00eb pushtetit vendor n\u00eb Shkod\u00ebr, t\u00eb cil\u00ebt i p\u00ebrkasin PD-s\u00eb, jan\u00eb kall\u00ebzuar penalisht nga ana e policis\u00eb, p\u00ebr shkak se l\u00ebshonin v\u00ebrtetime false p\u00ebr gjakmarrje. Ramadan Lika, 45 vje\u00e7 kryetar i Bashkis\u00eb Koplik dhe Faz Shabaj, 62 vje\u00e7, kryetar i Komun\u00ebs Postrib\u00eb akuzohen p\u00ebr \u201cShp\u00ebrdorim detyre\u201d [&hellip;]\" \/>\n<meta property=\"og:url\" content=\"https:\/\/fjala.info\/2009-2015\/leshonin-vertetime-false-per-gjakmarrje-kallezohen-dy-drejtues-te-larte-te-pd-se-ne-shkoder\/\" \/>\n<meta property=\"og:site_name\" content=\"FjALA e LIR\u00cb - Arkivi\" \/>\n<meta property=\"article:published_time\" content=\"2011-10-24T19:40:45+00:00\" \/>\n<meta property=\"og:image\" content=\"http:\/\/www.shkoder.net\/images\/fjala\/2011\/jozefina_fushate.jpg\" \/>\n<meta name=\"author\" content=\"admin\" \/>\n<meta name=\"twitter:card\" content=\"summary_large_image\" \/>\n<meta name=\"twitter:label1\" content=\"Written by\" \/>\n\t<meta name=\"twitter:data1\" content=\"admin\" \/>\n\t<meta name=\"twitter:label2\" content=\"Est. reading time\" \/>\n\t<meta name=\"twitter:data2\" content=\"1 minute\" \/>\n<script type=\"application\/ld+json\" class=\"yoast-schema-graph\">{\"@context\":\"https:\\\/\\\/schema.org\",\"@graph\":[{\"@type\":\"Article\",\"@id\":\"https:\\\/\\\/fjala.info\\\/2009-2015\\\/leshonin-vertetime-false-per-gjakmarrje-kallezohen-dy-drejtues-te-larte-te-pd-se-ne-shkoder\\\/#article\",\"isPartOf\":{\"@id\":\"https:\\\/\\\/fjala.info\\\/2009-2015\\\/leshonin-vertetime-false-per-gjakmarrje-kallezohen-dy-drejtues-te-larte-te-pd-se-ne-shkoder\\\/\"},\"author\":{\"name\":\"admin\",\"@id\":\"https:\\\/\\\/fjala.info\\\/2009-2015\\\/#\\\/schema\\\/person\\\/3aa1163ef05469c496fc94e77611ada2\"},\"headline\":\"L\u00ebshonin v\u00ebrtetime false p\u00ebr gjakmarrje, kall\u00ebzohen dy drejtues t\u00eb lart\u00eb t\u00eb PD-s\u00eb n\u00eb Shkod\u00ebr\",\"datePublished\":\"2011-10-24T19:40:45+00:00\",\"mainEntityOfPage\":{\"@id\":\"https:\\\/\\\/fjala.info\\\/2009-2015\\\/leshonin-vertetime-false-per-gjakmarrje-kallezohen-dy-drejtues-te-larte-te-pd-se-ne-shkoder\\\/\"},\"wordCount\":148,\"commentCount\":0,\"publisher\":{\"@id\":\"https:\\\/\\\/fjala.info\\\/2009-2015\\\/#organization\"},\"image\":{\"@id\":\"https:\\\/\\\/fjala.info\\\/2009-2015\\\/leshonin-vertetime-false-per-gjakmarrje-kallezohen-dy-drejtues-te-larte-te-pd-se-ne-shkoder\\\/#primaryimage\"},\"thumbnailUrl\":\"http:\\\/\\\/www.shkoder.net\\\/images\\\/fjala\\\/2011\\\/jozefina_fushate.jpg\",\"articleSection\":[\"Lajme\"],\"inLanguage\":\"sq-AL\",\"potentialAction\":[{\"@type\":\"CommentAction\",\"name\":\"Comment\",\"target\":[\"https:\\\/\\\/fjala.info\\\/2009-2015\\\/leshonin-vertetime-false-per-gjakmarrje-kallezohen-dy-drejtues-te-larte-te-pd-se-ne-shkoder\\\/#respond\"]}]},{\"@type\":\"WebPage\",\"@id\":\"https:\\\/\\\/fjala.info\\\/2009-2015\\\/leshonin-vertetime-false-per-gjakmarrje-kallezohen-dy-drejtues-te-larte-te-pd-se-ne-shkoder\\\/\",\"url\":\"https:\\\/\\\/fjala.info\\\/2009-2015\\\/leshonin-vertetime-false-per-gjakmarrje-kallezohen-dy-drejtues-te-larte-te-pd-se-ne-shkoder\\\/\",\"name\":\"L\u00ebshonin v\u00ebrtetime false p\u00ebr gjakmarrje, kall\u00ebzohen dy drejtues t\u00eb lart\u00eb t\u00eb PD-s\u00eb n\u00eb Shkod\u00ebr - FjALA e LIR\u00cb - Arkivi\",\"isPartOf\":{\"@id\":\"https:\\\/\\\/fjala.info\\\/2009-2015\\\/#website\"},\"primaryImageOfPage\":{\"@id\":\"https:\\\/\\\/fjala.info\\\/2009-2015\\\/leshonin-vertetime-false-per-gjakmarrje-kallezohen-dy-drejtues-te-larte-te-pd-se-ne-shkoder\\\/#primaryimage\"},\"image\":{\"@id\":\"https:\\\/\\\/fjala.info\\\/2009-2015\\\/leshonin-vertetime-false-per-gjakmarrje-kallezohen-dy-drejtues-te-larte-te-pd-se-ne-shkoder\\\/#primaryimage\"},\"thumbnailUrl\":\"http:\\\/\\\/www.shkoder.net\\\/images\\\/fjala\\\/2011\\\/jozefina_fushate.jpg\",\"datePublished\":\"2011-10-24T19:40:45+00:00\",\"breadcrumb\":{\"@id\":\"https:\\\/\\\/fjala.info\\\/2009-2015\\\/leshonin-vertetime-false-per-gjakmarrje-kallezohen-dy-drejtues-te-larte-te-pd-se-ne-shkoder\\\/#breadcrumb\"},\"inLanguage\":\"sq-AL\",\"potentialAction\":[{\"@type\":\"ReadAction\",\"target\":[\"https:\\\/\\\/fjala.info\\\/2009-2015\\\/leshonin-vertetime-false-per-gjakmarrje-kallezohen-dy-drejtues-te-larte-te-pd-se-ne-shkoder\\\/\"]}]},{\"@type\":\"ImageObject\",\"inLanguage\":\"sq-AL\",\"@id\":\"https:\\\/\\\/fjala.info\\\/2009-2015\\\/leshonin-vertetime-false-per-gjakmarrje-kallezohen-dy-drejtues-te-larte-te-pd-se-ne-shkoder\\\/#primaryimage\",\"url\":\"http:\\\/\\\/www.shkoder.net\\\/images\\\/fjala\\\/2011\\\/jozefina_fushate.jpg\",\"contentUrl\":\"http:\\\/\\\/www.shkoder.net\\\/images\\\/fjala\\\/2011\\\/jozefina_fushate.jpg\"},{\"@type\":\"BreadcrumbList\",\"@id\":\"https:\\\/\\\/fjala.info\\\/2009-2015\\\/leshonin-vertetime-false-per-gjakmarrje-kallezohen-dy-drejtues-te-larte-te-pd-se-ne-shkoder\\\/#breadcrumb\",\"itemListElement\":[{\"@type\":\"ListItem\",\"position\":1,\"name\":\"Home\",\"item\":\"https:\\\/\\\/fjala.info\\\/2009-2015\\\/\"},{\"@type\":\"ListItem\",\"position\":2,\"name\":\"L\u00ebshonin v\u00ebrtetime false p\u00ebr gjakmarrje, kall\u00ebzohen dy drejtues t\u00eb lart\u00eb t\u00eb PD-s\u00eb n\u00eb Shkod\u00ebr\"}]},{\"@type\":\"WebSite\",\"@id\":\"https:\\\/\\\/fjala.info\\\/2009-2015\\\/#website\",\"url\":\"https:\\\/\\\/fjala.info\\\/2009-2015\\\/\",\"name\":\"FjALA e LIR\u00cb - Arkivi\",\"description\":\"Arkivi 2009-2015\",\"publisher\":{\"@id\":\"https:\\\/\\\/fjala.info\\\/2009-2015\\\/#organization\"},\"potentialAction\":[{\"@type\":\"SearchAction\",\"target\":{\"@type\":\"EntryPoint\",\"urlTemplate\":\"https:\\\/\\\/fjala.info\\\/2009-2015\\\/?s={search_term_string}\"},\"query-input\":{\"@type\":\"PropertyValueSpecification\",\"valueRequired\":true,\"valueName\":\"search_term_string\"}}],\"inLanguage\":\"sq-AL\"},{\"@type\":\"Organization\",\"@id\":\"https:\\\/\\\/fjala.info\\\/2009-2015\\\/#organization\",\"name\":\"FjALA e LIR\u00cb - Arkivi\",\"url\":\"https:\\\/\\\/fjala.info\\\/2009-2015\\\/\",\"logo\":{\"@type\":\"ImageObject\",\"inLanguage\":\"sq-AL\",\"@id\":\"https:\\\/\\\/fjala.info\\\/2009-2015\\\/#\\\/schema\\\/logo\\\/image\\\/\",\"url\":\"\",\"contentUrl\":\"\",\"caption\":\"FjALA e LIR\u00cb - Arkivi\"},\"image\":{\"@id\":\"https:\\\/\\\/fjala.info\\\/2009-2015\\\/#\\\/schema\\\/logo\\\/image\\\/\"}},{\"@type\":\"Person\",\"@id\":\"https:\\\/\\\/fjala.info\\\/2009-2015\\\/#\\\/schema\\\/person\\\/3aa1163ef05469c496fc94e77611ada2\",\"name\":\"admin\",\"image\":{\"@type\":\"ImageObject\",\"inLanguage\":\"sq-AL\",\"@id\":\"https:\\\/\\\/fjala.info\\\/2009-2015\\\/wp-content\\\/uploads\\\/2012\\\/02\\\/arben_cokaj-120x150.jpg\",\"url\":\"https:\\\/\\\/fjala.info\\\/2009-2015\\\/wp-content\\\/uploads\\\/2012\\\/02\\\/arben_cokaj-120x150.jpg\",\"contentUrl\":\"https:\\\/\\\/fjala.info\\\/2009-2015\\\/wp-content\\\/uploads\\\/2012\\\/02\\\/arben_cokaj-120x150.jpg\",\"caption\":\"admin\"},\"description\":\"Admin, Fjala e Lir\u00eb\",\"sameAs\":[\"https:\\\/\\\/fjala.info\\\/\"],\"url\":\"https:\\\/\\\/fjala.info\\\/2009-2015\\\/author\\\/admin\\\/\"}]}<\/script>\n<!-- \/ Yoast SEO plugin. -->","yoast_head_json":{"title":"L\u00ebshonin v\u00ebrtetime false p\u00ebr gjakmarrje, kall\u00ebzohen dy drejtues t\u00eb lart\u00eb t\u00eb PD-s\u00eb n\u00eb Shkod\u00ebr - FjALA e LIR\u00cb - Arkivi","robots":{"index":"index","follow":"follow","max-snippet":"max-snippet:-1","max-image-preview":"max-image-preview:large","max-video-preview":"max-video-preview:-1"},"canonical":"https:\/\/fjala.info\/2009-2015\/leshonin-vertetime-false-per-gjakmarrje-kallezohen-dy-drejtues-te-larte-te-pd-se-ne-shkoder\/","og_locale":"sq_AL","og_type":"article","og_title":"L\u00ebshonin v\u00ebrtetime false p\u00ebr gjakmarrje, kall\u00ebzohen dy drejtues t\u00eb lart\u00eb t\u00eb PD-s\u00eb n\u00eb Shkod\u00ebr - FjALA e LIR\u00cb - Arkivi","og_description":"TemA Online, 24 Tetor 2011 Dy drejtues t\u00eb lart\u00eb t\u00eb pushtetit vendor n\u00eb Shkod\u00ebr, t\u00eb cil\u00ebt i p\u00ebrkasin PD-s\u00eb, jan\u00eb kall\u00ebzuar penalisht nga ana e policis\u00eb, p\u00ebr shkak se l\u00ebshonin v\u00ebrtetime false p\u00ebr gjakmarrje. Ramadan Lika, 45 vje\u00e7 kryetar i Bashkis\u00eb Koplik dhe Faz Shabaj, 62 vje\u00e7, kryetar i Komun\u00ebs Postrib\u00eb akuzohen p\u00ebr \u201cShp\u00ebrdorim detyre\u201d [&hellip;]","og_url":"https:\/\/fjala.info\/2009-2015\/leshonin-vertetime-false-per-gjakmarrje-kallezohen-dy-drejtues-te-larte-te-pd-se-ne-shkoder\/","og_site_name":"FjALA e LIR\u00cb - Arkivi","article_published_time":"2011-10-24T19:40:45+00:00","og_image":[{"url":"http:\/\/www.shkoder.net\/images\/fjala\/2011\/jozefina_fushate.jpg","type":"","width":"","height":""}],"author":"admin","twitter_card":"summary_large_image","twitter_misc":{"Written by":"admin","Est. reading time":"1 minute"},"schema":{"@context":"https:\/\/schema.org","@graph":[{"@type":"Article","@id":"https:\/\/fjala.info\/2009-2015\/leshonin-vertetime-false-per-gjakmarrje-kallezohen-dy-drejtues-te-larte-te-pd-se-ne-shkoder\/#article","isPartOf":{"@id":"https:\/\/fjala.info\/2009-2015\/leshonin-vertetime-false-per-gjakmarrje-kallezohen-dy-drejtues-te-larte-te-pd-se-ne-shkoder\/"},"author":{"name":"admin","@id":"https:\/\/fjala.info\/2009-2015\/#\/schema\/person\/3aa1163ef05469c496fc94e77611ada2"},"headline":"L\u00ebshonin v\u00ebrtetime false p\u00ebr gjakmarrje, kall\u00ebzohen dy drejtues t\u00eb lart\u00eb t\u00eb PD-s\u00eb n\u00eb Shkod\u00ebr","datePublished":"2011-10-24T19:40:45+00:00","mainEntityOfPage":{"@id":"https:\/\/fjala.info\/2009-2015\/leshonin-vertetime-false-per-gjakmarrje-kallezohen-dy-drejtues-te-larte-te-pd-se-ne-shkoder\/"},"wordCount":148,"commentCount":0,"publisher":{"@id":"https:\/\/fjala.info\/2009-2015\/#organization"},"image":{"@id":"https:\/\/fjala.info\/2009-2015\/leshonin-vertetime-false-per-gjakmarrje-kallezohen-dy-drejtues-te-larte-te-pd-se-ne-shkoder\/#primaryimage"},"thumbnailUrl":"http:\/\/www.shkoder.net\/images\/fjala\/2011\/jozefina_fushate.jpg","articleSection":["Lajme"],"inLanguage":"sq-AL","potentialAction":[{"@type":"CommentAction","name":"Comment","target":["https:\/\/fjala.info\/2009-2015\/leshonin-vertetime-false-per-gjakmarrje-kallezohen-dy-drejtues-te-larte-te-pd-se-ne-shkoder\/#respond"]}]},{"@type":"WebPage","@id":"https:\/\/fjala.info\/2009-2015\/leshonin-vertetime-false-per-gjakmarrje-kallezohen-dy-drejtues-te-larte-te-pd-se-ne-shkoder\/","url":"https:\/\/fjala.info\/2009-2015\/leshonin-vertetime-false-per-gjakmarrje-kallezohen-dy-drejtues-te-larte-te-pd-se-ne-shkoder\/","name":"L\u00ebshonin v\u00ebrtetime false p\u00ebr gjakmarrje, kall\u00ebzohen dy drejtues t\u00eb lart\u00eb t\u00eb PD-s\u00eb n\u00eb Shkod\u00ebr - FjALA e LIR\u00cb - Arkivi","isPartOf":{"@id":"https:\/\/fjala.info\/2009-2015\/#website"},"primaryImageOfPage":{"@id":"https:\/\/fjala.info\/2009-2015\/leshonin-vertetime-false-per-gjakmarrje-kallezohen-dy-drejtues-te-larte-te-pd-se-ne-shkoder\/#primaryimage"},"image":{"@id":"https:\/\/fjala.info\/2009-2015\/leshonin-vertetime-false-per-gjakmarrje-kallezohen-dy-drejtues-te-larte-te-pd-se-ne-shkoder\/#primaryimage"},"thumbnailUrl":"http:\/\/www.shkoder.net\/images\/fjala\/2011\/jozefina_fushate.jpg","datePublished":"2011-10-24T19:40:45+00:00","breadcrumb":{"@id":"https:\/\/fjala.info\/2009-2015\/leshonin-vertetime-false-per-gjakmarrje-kallezohen-dy-drejtues-te-larte-te-pd-se-ne-shkoder\/#breadcrumb"},"inLanguage":"sq-AL","potentialAction":[{"@type":"ReadAction","target":["https:\/\/fjala.info\/2009-2015\/leshonin-vertetime-false-per-gjakmarrje-kallezohen-dy-drejtues-te-larte-te-pd-se-ne-shkoder\/"]}]},{"@type":"ImageObject","inLanguage":"sq-AL","@id":"https:\/\/fjala.info\/2009-2015\/leshonin-vertetime-false-per-gjakmarrje-kallezohen-dy-drejtues-te-larte-te-pd-se-ne-shkoder\/#primaryimage","url":"http:\/\/www.shkoder.net\/images\/fjala\/2011\/jozefina_fushate.jpg","contentUrl":"http:\/\/www.shkoder.net\/images\/fjala\/2011\/jozefina_fushate.jpg"},{"@type":"BreadcrumbList","@id":"https:\/\/fjala.info\/2009-2015\/leshonin-vertetime-false-per-gjakmarrje-kallezohen-dy-drejtues-te-larte-te-pd-se-ne-shkoder\/#breadcrumb","itemListElement":[{"@type":"ListItem","position":1,"name":"Home","item":"https:\/\/fjala.info\/2009-2015\/"},{"@type":"ListItem","position":2,"name":"L\u00ebshonin v\u00ebrtetime false p\u00ebr gjakmarrje, kall\u00ebzohen dy drejtues t\u00eb lart\u00eb t\u00eb PD-s\u00eb n\u00eb Shkod\u00ebr"}]},{"@type":"WebSite","@id":"https:\/\/fjala.info\/2009-2015\/#website","url":"https:\/\/fjala.info\/2009-2015\/","name":"FjALA e LIR\u00cb - Arkivi","description":"Arkivi 2009-2015","publisher":{"@id":"https:\/\/fjala.info\/2009-2015\/#organization"},"potentialAction":[{"@type":"SearchAction","target":{"@type":"EntryPoint","urlTemplate":"https:\/\/fjala.info\/2009-2015\/?s={search_term_string}"},"query-input":{"@type":"PropertyValueSpecification","valueRequired":true,"valueName":"search_term_string"}}],"inLanguage":"sq-AL"},{"@type":"Organization","@id":"https:\/\/fjala.info\/2009-2015\/#organization","name":"FjALA e LIR\u00cb - Arkivi","url":"https:\/\/fjala.info\/2009-2015\/","logo":{"@type":"ImageObject","inLanguage":"sq-AL","@id":"https:\/\/fjala.info\/2009-2015\/#\/schema\/logo\/image\/","url":"","contentUrl":"","caption":"FjALA e LIR\u00cb - Arkivi"},"image":{"@id":"https:\/\/fjala.info\/2009-2015\/#\/schema\/logo\/image\/"}},{"@type":"Person","@id":"https:\/\/fjala.info\/2009-2015\/#\/schema\/person\/3aa1163ef05469c496fc94e77611ada2","name":"admin","image":{"@type":"ImageObject","inLanguage":"sq-AL","@id":"https:\/\/fjala.info\/2009-2015\/wp-content\/uploads\/2012\/02\/arben_cokaj-120x150.jpg","url":"https:\/\/fjala.info\/2009-2015\/wp-content\/uploads\/2012\/02\/arben_cokaj-120x150.jpg","contentUrl":"https:\/\/fjala.info\/2009-2015\/wp-content\/uploads\/2012\/02\/arben_cokaj-120x150.jpg","caption":"admin"},"description":"Admin, Fjala e Lir\u00eb","sameAs":["https:\/\/fjala.info\/"],"url":"https:\/\/fjala.info\/2009-2015\/author\/admin\/"}]}},"_links":{"self":[{"href":"https:\/\/fjala.info\/2009-2015\/wp-json\/wp\/v2\/posts\/11127","targetHints":{"allow":["GET"]}}],"collection":[{"href":"https:\/\/fjala.info\/2009-2015\/wp-json\/wp\/v2\/posts"}],"about":[{"href":"https:\/\/fjala.info\/2009-2015\/wp-json\/wp\/v2\/types\/post"}],"author":[{"embeddable":true,"href":"https:\/\/fjala.info\/2009-2015\/wp-json\/wp\/v2\/users\/1"}],"replies":[{"embeddable":true,"href":"https:\/\/fjala.info\/2009-2015\/wp-json\/wp\/v2\/comments?post=11127"}],"version-history":[{"count":0,"href":"https:\/\/fjala.info\/2009-2015\/wp-json\/wp\/v2\/posts\/11127\/revisions"}],"wp:attachment":[{"href":"https:\/\/fjala.info\/2009-2015\/wp-json\/wp\/v2\/media?parent=11127"}],"wp:term":[{"taxonomy":"category","embeddable":true,"href":"https:\/\/fjala.info\/2009-2015\/wp-json\/wp\/v2\/categories?post=11127"},{"taxonomy":"post_tag","embeddable":true,"href":"https:\/\/fjala.info\/2009-2015\/wp-json\/wp\/v2\/tags?post=11127"}],"curies":[{"name":"wp","href":"https:\/\/api.w.org\/{rel}","templated":true}]}}