{"id":11124,"date":"2011-10-24T20:28:25","date_gmt":"2011-10-24T19:28:25","guid":{"rendered":"http:\/\/fjala.shkoder.net\/?p=11124"},"modified":"2011-10-24T20:28:25","modified_gmt":"2011-10-24T19:28:25","slug":"140-vjetori-i-fishtes-mblidhuni-toske-e-mblidhuni-gege-mblidhuni-bashke-si-kokrrat-ne-shege","status":"publish","type":"post","link":"https:\/\/fjala.info\/2009-2015\/140-vjetori-i-fishtes-mblidhuni-toske-e-mblidhuni-gege-mblidhuni-bashke-si-kokrrat-ne-shege\/","title":{"rendered":"140-vjetori i Fisht\u00ebs: Mblidhuni tosk\u00eb e mblidhuni geg\u00eb, mblidhuni bashk\u00eb si kokrrat n\u00eb sheg\u00eb"},"content":{"rendered":"<p><img decoding=\"async\" class=\"alignleft size-thumbnail wp-image-7236\" title=\"Gjergj Fishta\" src=\"http:\/\/www.shkoder.net\/images\/fjala\/2011\/gjergj_fishta1.jpg\" alt=\"\" width=\"300\" \/> <em>Gjergj Fishta<\/em><\/p>\n<p>Vendlindja e Fisht\u00ebs ka mbledhur geg\u00eb e tosk\u00eb n\u00eb 140-vjetorin e lindjes s\u00eb Poetit t\u00eb Kombit At\u00eb Gjergj Fishta. N\u00eb Fisht\u00eb t\u00eb Lezh\u00ebs \u00ebsht\u00eb organizuar nj\u00eb aktivitet i larmish\u00ebm p\u00ebr p\u00ebrvjetorin e Fisht\u00ebs, ku mor\u00ebn pjes\u00eb zv.ministrja e Turizmit Kultur\u00ebs Rinis\u00eb dhe Sporteve, Suzana Turku, deputet\u00eb t\u00eb Lezh\u00ebs dhe Shkodr\u00ebs, autoritete lokale, p\u00ebrfaq\u00ebsues t\u00eb klerit katolik si edhe intelektual\u00eb dhe banor\u00eb t\u00eb shumt\u00eb.<\/p>\n<p>\u201cMblidhuni Tosk\u00eb e mblidhuni Geg\u00eb, mblidhuni bashk\u00eb si kokrrat n\u00eb sheg\u00eb\u201d , \u00ebsht\u00eb ky mesazhi q\u00eb u p\u00ebrcoll n\u00eb k\u00ebt\u00eb dit\u00eb t\u00eb sh\u00ebnuar, duke bashkuar qytetarin\u00eb shqiptare pa dallim feje, krahine apo politike.<\/p>\n<p>Zv.ministrja e Turizmit, Suzana Turku, theksoi se Fishta ishte i ndaluar para viteve \u201990, por n\u00eb demokraci zuri vendin q\u00eb i takonte. Veprat e At Gjergj Fisht\u00ebs jan\u00eb nj\u00eb simfoni shqiptare.<\/p>\n<p>\u201cFishta ishte kund\u00ebr ndasive, ndaj kjo dit\u00eb le t\u00eb sh\u00ebrbej\u00eb p\u00ebr bashkimin e t\u00eb gjith\u00ebve\u201d, theksoi prefekti i Qarkut t\u00eb Lezh\u00ebs, Pal Daj\u00e7i.<\/p>\n<p>\u201cSi fret\u00ebr jemi t\u00eb nderuar q\u00eb mbajm\u00eb zhgunin, q\u00eb mbante Pader Gjergji, dhe ne ashtu si Pader Gjergji duhet t\u00eb \u00e7ojm\u00eb para nderin e Shqip\u00ebris\u00eb\u201d, theksoi p\u00ebrfaq\u00ebsuesi i Kish\u00ebs Franceskane, Frat Aurel Gjerkaj.<\/p>\n<p>Nga vendlindja e Fisht\u00ebs deputet\u00ebt e Qarkut t\u00eb Lezh\u00ebs dhe Shkodr\u00ebs p\u00ebr\u00e7uan mesazhin q\u00eb vet\u00eb, Homeri Shqiptar i pari shqiptar q\u00eb \u00ebsht\u00eb kandiduar p\u00ebr \u00e7mimin \u201cNobel\u201d, At Gjergj Fishta ka dh\u00ebn\u00eb n\u00eb veprat e tij p\u00ebr bashkim pa ndasi politike dhe fetare.<\/p>\n<p>Aktiviteti \u00ebsht\u00eb g\u00ebrshetuar me k\u00ebng\u00eb dhe poezi nga vepra e Fisht\u00ebs, valle t\u00eb Ansamblit Komb\u00ebtar t\u00eb K\u00ebng\u00ebve dhe Valleve Popullore. Nd\u00ebrkoh\u00eb, n\u00ebn kujdesin e m\u00ebsuesit Lin Shtjefni, nx\u00ebn\u00ebset prezantuan kostume tradicionale t\u00eb zon\u00ebs s\u00eb Zadrim\u00ebs, ku u zgjodh edhe \u201cM\u00eb e bukura Zan\u00eb e Mrizit\u201d<\/p>\n<p><strong>Lindita Kokaj<\/strong><\/p>\n","protected":false},"excerpt":{"rendered":"<p>Gjergj Fishta Vendlindja e Fisht\u00ebs ka mbledhur geg\u00eb e tosk\u00eb n\u00eb 140-vjetorin e lindjes s\u00eb Poetit t\u00eb Kombit At\u00eb Gjergj Fishta. N\u00eb Fisht\u00eb t\u00eb Lezh\u00ebs \u00ebsht\u00eb organizuar nj\u00eb aktivitet i larmish\u00ebm p\u00ebr p\u00ebrvjetorin e Fisht\u00ebs, ku mor\u00ebn pjes\u00eb zv.ministrja e Turizmit Kultur\u00ebs Rinis\u00eb dhe Sporteve, Suzana Turku, deputet\u00eb t\u00eb Lezh\u00ebs dhe Shkodr\u00ebs, autoritete lokale, p\u00ebrfaq\u00ebsues [&hellip;]<\/p>\n","protected":false},"author":1,"featured_media":0,"comment_status":"open","ping_status":"closed","sticky":false,"template":"","format":"standard","meta":{"footnotes":""},"categories":[2],"tags":[],"class_list":{"0":"post-11124","1":"post","2":"type-post","3":"status-publish","4":"format-standard","6":"category-artikuj"},"yoast_head":"<!-- This site is optimized with the Yoast SEO plugin v27.4 - https:\/\/yoast.com\/product\/yoast-seo-wordpress\/ -->\n<title>140-vjetori i Fisht\u00ebs: Mblidhuni tosk\u00eb e mblidhuni geg\u00eb, mblidhuni bashk\u00eb si kokrrat n\u00eb sheg\u00eb - FjALA e LIR\u00cb - Arkivi<\/title>\n<meta name=\"robots\" content=\"index, follow, max-snippet:-1, max-image-preview:large, max-video-preview:-1\" \/>\n<link rel=\"canonical\" href=\"https:\/\/fjala.info\/2009-2015\/140-vjetori-i-fishtes-mblidhuni-toske-e-mblidhuni-gege-mblidhuni-bashke-si-kokrrat-ne-shege\/\" \/>\n<meta property=\"og:locale\" content=\"sq_AL\" \/>\n<meta property=\"og:type\" content=\"article\" \/>\n<meta property=\"og:title\" content=\"140-vjetori i Fisht\u00ebs: Mblidhuni tosk\u00eb e mblidhuni geg\u00eb, mblidhuni bashk\u00eb si kokrrat n\u00eb sheg\u00eb - FjALA e LIR\u00cb - Arkivi\" \/>\n<meta property=\"og:description\" content=\"Gjergj Fishta Vendlindja e Fisht\u00ebs ka mbledhur geg\u00eb e tosk\u00eb n\u00eb 140-vjetorin e lindjes s\u00eb Poetit t\u00eb Kombit At\u00eb Gjergj Fishta. N\u00eb Fisht\u00eb t\u00eb Lezh\u00ebs \u00ebsht\u00eb organizuar nj\u00eb aktivitet i larmish\u00ebm p\u00ebr p\u00ebrvjetorin e Fisht\u00ebs, ku mor\u00ebn pjes\u00eb zv.ministrja e Turizmit Kultur\u00ebs Rinis\u00eb dhe Sporteve, Suzana Turku, deputet\u00eb t\u00eb Lezh\u00ebs dhe Shkodr\u00ebs, autoritete lokale, p\u00ebrfaq\u00ebsues [&hellip;]\" \/>\n<meta property=\"og:url\" content=\"https:\/\/fjala.info\/2009-2015\/140-vjetori-i-fishtes-mblidhuni-toske-e-mblidhuni-gege-mblidhuni-bashke-si-kokrrat-ne-shege\/\" \/>\n<meta property=\"og:site_name\" content=\"FjALA e LIR\u00cb - Arkivi\" \/>\n<meta property=\"article:published_time\" content=\"2011-10-24T19:28:25+00:00\" \/>\n<meta property=\"og:image\" content=\"http:\/\/www.shkoder.net\/images\/fjala\/2011\/gjergj_fishta1.jpg\" \/>\n<meta name=\"author\" content=\"admin\" \/>\n<meta name=\"twitter:card\" content=\"summary_large_image\" \/>\n<meta name=\"twitter:label1\" content=\"Written by\" \/>\n\t<meta name=\"twitter:data1\" content=\"admin\" \/>\n\t<meta name=\"twitter:label2\" content=\"Est. reading time\" \/>\n\t<meta name=\"twitter:data2\" content=\"2 minutes\" \/>\n<script type=\"application\/ld+json\" class=\"yoast-schema-graph\">{\"@context\":\"https:\\\/\\\/schema.org\",\"@graph\":[{\"@type\":\"Article\",\"@id\":\"https:\\\/\\\/fjala.info\\\/2009-2015\\\/140-vjetori-i-fishtes-mblidhuni-toske-e-mblidhuni-gege-mblidhuni-bashke-si-kokrrat-ne-shege\\\/#article\",\"isPartOf\":{\"@id\":\"https:\\\/\\\/fjala.info\\\/2009-2015\\\/140-vjetori-i-fishtes-mblidhuni-toske-e-mblidhuni-gege-mblidhuni-bashke-si-kokrrat-ne-shege\\\/\"},\"author\":{\"name\":\"admin\",\"@id\":\"https:\\\/\\\/fjala.info\\\/2009-2015\\\/#\\\/schema\\\/person\\\/3aa1163ef05469c496fc94e77611ada2\"},\"headline\":\"140-vjetori i Fisht\u00ebs: Mblidhuni tosk\u00eb e mblidhuni geg\u00eb, mblidhuni bashk\u00eb si kokrrat n\u00eb sheg\u00eb\",\"datePublished\":\"2011-10-24T19:28:25+00:00\",\"mainEntityOfPage\":{\"@id\":\"https:\\\/\\\/fjala.info\\\/2009-2015\\\/140-vjetori-i-fishtes-mblidhuni-toske-e-mblidhuni-gege-mblidhuni-bashke-si-kokrrat-ne-shege\\\/\"},\"wordCount\":338,\"commentCount\":0,\"publisher\":{\"@id\":\"https:\\\/\\\/fjala.info\\\/2009-2015\\\/#organization\"},\"image\":{\"@id\":\"https:\\\/\\\/fjala.info\\\/2009-2015\\\/140-vjetori-i-fishtes-mblidhuni-toske-e-mblidhuni-gege-mblidhuni-bashke-si-kokrrat-ne-shege\\\/#primaryimage\"},\"thumbnailUrl\":\"http:\\\/\\\/www.shkoder.net\\\/images\\\/fjala\\\/2011\\\/gjergj_fishta1.jpg\",\"articleSection\":[\"Artikuj\"],\"inLanguage\":\"sq-AL\",\"potentialAction\":[{\"@type\":\"CommentAction\",\"name\":\"Comment\",\"target\":[\"https:\\\/\\\/fjala.info\\\/2009-2015\\\/140-vjetori-i-fishtes-mblidhuni-toske-e-mblidhuni-gege-mblidhuni-bashke-si-kokrrat-ne-shege\\\/#respond\"]}]},{\"@type\":\"WebPage\",\"@id\":\"https:\\\/\\\/fjala.info\\\/2009-2015\\\/140-vjetori-i-fishtes-mblidhuni-toske-e-mblidhuni-gege-mblidhuni-bashke-si-kokrrat-ne-shege\\\/\",\"url\":\"https:\\\/\\\/fjala.info\\\/2009-2015\\\/140-vjetori-i-fishtes-mblidhuni-toske-e-mblidhuni-gege-mblidhuni-bashke-si-kokrrat-ne-shege\\\/\",\"name\":\"140-vjetori i Fisht\u00ebs: Mblidhuni tosk\u00eb e mblidhuni geg\u00eb, mblidhuni bashk\u00eb si kokrrat n\u00eb sheg\u00eb - FjALA e LIR\u00cb - Arkivi\",\"isPartOf\":{\"@id\":\"https:\\\/\\\/fjala.info\\\/2009-2015\\\/#website\"},\"primaryImageOfPage\":{\"@id\":\"https:\\\/\\\/fjala.info\\\/2009-2015\\\/140-vjetori-i-fishtes-mblidhuni-toske-e-mblidhuni-gege-mblidhuni-bashke-si-kokrrat-ne-shege\\\/#primaryimage\"},\"image\":{\"@id\":\"https:\\\/\\\/fjala.info\\\/2009-2015\\\/140-vjetori-i-fishtes-mblidhuni-toske-e-mblidhuni-gege-mblidhuni-bashke-si-kokrrat-ne-shege\\\/#primaryimage\"},\"thumbnailUrl\":\"http:\\\/\\\/www.shkoder.net\\\/images\\\/fjala\\\/2011\\\/gjergj_fishta1.jpg\",\"datePublished\":\"2011-10-24T19:28:25+00:00\",\"breadcrumb\":{\"@id\":\"https:\\\/\\\/fjala.info\\\/2009-2015\\\/140-vjetori-i-fishtes-mblidhuni-toske-e-mblidhuni-gege-mblidhuni-bashke-si-kokrrat-ne-shege\\\/#breadcrumb\"},\"inLanguage\":\"sq-AL\",\"potentialAction\":[{\"@type\":\"ReadAction\",\"target\":[\"https:\\\/\\\/fjala.info\\\/2009-2015\\\/140-vjetori-i-fishtes-mblidhuni-toske-e-mblidhuni-gege-mblidhuni-bashke-si-kokrrat-ne-shege\\\/\"]}]},{\"@type\":\"ImageObject\",\"inLanguage\":\"sq-AL\",\"@id\":\"https:\\\/\\\/fjala.info\\\/2009-2015\\\/140-vjetori-i-fishtes-mblidhuni-toske-e-mblidhuni-gege-mblidhuni-bashke-si-kokrrat-ne-shege\\\/#primaryimage\",\"url\":\"http:\\\/\\\/www.shkoder.net\\\/images\\\/fjala\\\/2011\\\/gjergj_fishta1.jpg\",\"contentUrl\":\"http:\\\/\\\/www.shkoder.net\\\/images\\\/fjala\\\/2011\\\/gjergj_fishta1.jpg\"},{\"@type\":\"BreadcrumbList\",\"@id\":\"https:\\\/\\\/fjala.info\\\/2009-2015\\\/140-vjetori-i-fishtes-mblidhuni-toske-e-mblidhuni-gege-mblidhuni-bashke-si-kokrrat-ne-shege\\\/#breadcrumb\",\"itemListElement\":[{\"@type\":\"ListItem\",\"position\":1,\"name\":\"Home\",\"item\":\"https:\\\/\\\/fjala.info\\\/2009-2015\\\/\"},{\"@type\":\"ListItem\",\"position\":2,\"name\":\"140-vjetori i Fisht\u00ebs: Mblidhuni tosk\u00eb e mblidhuni geg\u00eb, mblidhuni bashk\u00eb si kokrrat n\u00eb sheg\u00eb\"}]},{\"@type\":\"WebSite\",\"@id\":\"https:\\\/\\\/fjala.info\\\/2009-2015\\\/#website\",\"url\":\"https:\\\/\\\/fjala.info\\\/2009-2015\\\/\",\"name\":\"FjALA e LIR\u00cb - Arkivi\",\"description\":\"Arkivi 2009-2015\",\"publisher\":{\"@id\":\"https:\\\/\\\/fjala.info\\\/2009-2015\\\/#organization\"},\"potentialAction\":[{\"@type\":\"SearchAction\",\"target\":{\"@type\":\"EntryPoint\",\"urlTemplate\":\"https:\\\/\\\/fjala.info\\\/2009-2015\\\/?s={search_term_string}\"},\"query-input\":{\"@type\":\"PropertyValueSpecification\",\"valueRequired\":true,\"valueName\":\"search_term_string\"}}],\"inLanguage\":\"sq-AL\"},{\"@type\":\"Organization\",\"@id\":\"https:\\\/\\\/fjala.info\\\/2009-2015\\\/#organization\",\"name\":\"FjALA e LIR\u00cb - Arkivi\",\"url\":\"https:\\\/\\\/fjala.info\\\/2009-2015\\\/\",\"logo\":{\"@type\":\"ImageObject\",\"inLanguage\":\"sq-AL\",\"@id\":\"https:\\\/\\\/fjala.info\\\/2009-2015\\\/#\\\/schema\\\/logo\\\/image\\\/\",\"url\":\"\",\"contentUrl\":\"\",\"caption\":\"FjALA e LIR\u00cb - Arkivi\"},\"image\":{\"@id\":\"https:\\\/\\\/fjala.info\\\/2009-2015\\\/#\\\/schema\\\/logo\\\/image\\\/\"}},{\"@type\":\"Person\",\"@id\":\"https:\\\/\\\/fjala.info\\\/2009-2015\\\/#\\\/schema\\\/person\\\/3aa1163ef05469c496fc94e77611ada2\",\"name\":\"admin\",\"image\":{\"@type\":\"ImageObject\",\"inLanguage\":\"sq-AL\",\"@id\":\"https:\\\/\\\/fjala.info\\\/2009-2015\\\/wp-content\\\/uploads\\\/2012\\\/02\\\/arben_cokaj-120x150.jpg\",\"url\":\"https:\\\/\\\/fjala.info\\\/2009-2015\\\/wp-content\\\/uploads\\\/2012\\\/02\\\/arben_cokaj-120x150.jpg\",\"contentUrl\":\"https:\\\/\\\/fjala.info\\\/2009-2015\\\/wp-content\\\/uploads\\\/2012\\\/02\\\/arben_cokaj-120x150.jpg\",\"caption\":\"admin\"},\"description\":\"Admin, Fjala e Lir\u00eb\",\"sameAs\":[\"https:\\\/\\\/fjala.info\\\/\"],\"url\":\"https:\\\/\\\/fjala.info\\\/2009-2015\\\/author\\\/admin\\\/\"}]}<\/script>\n<!-- \/ Yoast SEO plugin. -->","yoast_head_json":{"title":"140-vjetori i Fisht\u00ebs: Mblidhuni tosk\u00eb e mblidhuni geg\u00eb, mblidhuni bashk\u00eb si kokrrat n\u00eb sheg\u00eb - FjALA e LIR\u00cb - Arkivi","robots":{"index":"index","follow":"follow","max-snippet":"max-snippet:-1","max-image-preview":"max-image-preview:large","max-video-preview":"max-video-preview:-1"},"canonical":"https:\/\/fjala.info\/2009-2015\/140-vjetori-i-fishtes-mblidhuni-toske-e-mblidhuni-gege-mblidhuni-bashke-si-kokrrat-ne-shege\/","og_locale":"sq_AL","og_type":"article","og_title":"140-vjetori i Fisht\u00ebs: Mblidhuni tosk\u00eb e mblidhuni geg\u00eb, mblidhuni bashk\u00eb si kokrrat n\u00eb sheg\u00eb - FjALA e LIR\u00cb - Arkivi","og_description":"Gjergj Fishta Vendlindja e Fisht\u00ebs ka mbledhur geg\u00eb e tosk\u00eb n\u00eb 140-vjetorin e lindjes s\u00eb Poetit t\u00eb Kombit At\u00eb Gjergj Fishta. N\u00eb Fisht\u00eb t\u00eb Lezh\u00ebs \u00ebsht\u00eb organizuar nj\u00eb aktivitet i larmish\u00ebm p\u00ebr p\u00ebrvjetorin e Fisht\u00ebs, ku mor\u00ebn pjes\u00eb zv.ministrja e Turizmit Kultur\u00ebs Rinis\u00eb dhe Sporteve, Suzana Turku, deputet\u00eb t\u00eb Lezh\u00ebs dhe Shkodr\u00ebs, autoritete lokale, p\u00ebrfaq\u00ebsues [&hellip;]","og_url":"https:\/\/fjala.info\/2009-2015\/140-vjetori-i-fishtes-mblidhuni-toske-e-mblidhuni-gege-mblidhuni-bashke-si-kokrrat-ne-shege\/","og_site_name":"FjALA e LIR\u00cb - Arkivi","article_published_time":"2011-10-24T19:28:25+00:00","og_image":[{"url":"http:\/\/www.shkoder.net\/images\/fjala\/2011\/gjergj_fishta1.jpg","type":"","width":"","height":""}],"author":"admin","twitter_card":"summary_large_image","twitter_misc":{"Written by":"admin","Est. reading time":"2 minutes"},"schema":{"@context":"https:\/\/schema.org","@graph":[{"@type":"Article","@id":"https:\/\/fjala.info\/2009-2015\/140-vjetori-i-fishtes-mblidhuni-toske-e-mblidhuni-gege-mblidhuni-bashke-si-kokrrat-ne-shege\/#article","isPartOf":{"@id":"https:\/\/fjala.info\/2009-2015\/140-vjetori-i-fishtes-mblidhuni-toske-e-mblidhuni-gege-mblidhuni-bashke-si-kokrrat-ne-shege\/"},"author":{"name":"admin","@id":"https:\/\/fjala.info\/2009-2015\/#\/schema\/person\/3aa1163ef05469c496fc94e77611ada2"},"headline":"140-vjetori i Fisht\u00ebs: Mblidhuni tosk\u00eb e mblidhuni geg\u00eb, mblidhuni bashk\u00eb si kokrrat n\u00eb sheg\u00eb","datePublished":"2011-10-24T19:28:25+00:00","mainEntityOfPage":{"@id":"https:\/\/fjala.info\/2009-2015\/140-vjetori-i-fishtes-mblidhuni-toske-e-mblidhuni-gege-mblidhuni-bashke-si-kokrrat-ne-shege\/"},"wordCount":338,"commentCount":0,"publisher":{"@id":"https:\/\/fjala.info\/2009-2015\/#organization"},"image":{"@id":"https:\/\/fjala.info\/2009-2015\/140-vjetori-i-fishtes-mblidhuni-toske-e-mblidhuni-gege-mblidhuni-bashke-si-kokrrat-ne-shege\/#primaryimage"},"thumbnailUrl":"http:\/\/www.shkoder.net\/images\/fjala\/2011\/gjergj_fishta1.jpg","articleSection":["Artikuj"],"inLanguage":"sq-AL","potentialAction":[{"@type":"CommentAction","name":"Comment","target":["https:\/\/fjala.info\/2009-2015\/140-vjetori-i-fishtes-mblidhuni-toske-e-mblidhuni-gege-mblidhuni-bashke-si-kokrrat-ne-shege\/#respond"]}]},{"@type":"WebPage","@id":"https:\/\/fjala.info\/2009-2015\/140-vjetori-i-fishtes-mblidhuni-toske-e-mblidhuni-gege-mblidhuni-bashke-si-kokrrat-ne-shege\/","url":"https:\/\/fjala.info\/2009-2015\/140-vjetori-i-fishtes-mblidhuni-toske-e-mblidhuni-gege-mblidhuni-bashke-si-kokrrat-ne-shege\/","name":"140-vjetori i Fisht\u00ebs: Mblidhuni tosk\u00eb e mblidhuni geg\u00eb, mblidhuni bashk\u00eb si kokrrat n\u00eb sheg\u00eb - FjALA e LIR\u00cb - Arkivi","isPartOf":{"@id":"https:\/\/fjala.info\/2009-2015\/#website"},"primaryImageOfPage":{"@id":"https:\/\/fjala.info\/2009-2015\/140-vjetori-i-fishtes-mblidhuni-toske-e-mblidhuni-gege-mblidhuni-bashke-si-kokrrat-ne-shege\/#primaryimage"},"image":{"@id":"https:\/\/fjala.info\/2009-2015\/140-vjetori-i-fishtes-mblidhuni-toske-e-mblidhuni-gege-mblidhuni-bashke-si-kokrrat-ne-shege\/#primaryimage"},"thumbnailUrl":"http:\/\/www.shkoder.net\/images\/fjala\/2011\/gjergj_fishta1.jpg","datePublished":"2011-10-24T19:28:25+00:00","breadcrumb":{"@id":"https:\/\/fjala.info\/2009-2015\/140-vjetori-i-fishtes-mblidhuni-toske-e-mblidhuni-gege-mblidhuni-bashke-si-kokrrat-ne-shege\/#breadcrumb"},"inLanguage":"sq-AL","potentialAction":[{"@type":"ReadAction","target":["https:\/\/fjala.info\/2009-2015\/140-vjetori-i-fishtes-mblidhuni-toske-e-mblidhuni-gege-mblidhuni-bashke-si-kokrrat-ne-shege\/"]}]},{"@type":"ImageObject","inLanguage":"sq-AL","@id":"https:\/\/fjala.info\/2009-2015\/140-vjetori-i-fishtes-mblidhuni-toske-e-mblidhuni-gege-mblidhuni-bashke-si-kokrrat-ne-shege\/#primaryimage","url":"http:\/\/www.shkoder.net\/images\/fjala\/2011\/gjergj_fishta1.jpg","contentUrl":"http:\/\/www.shkoder.net\/images\/fjala\/2011\/gjergj_fishta1.jpg"},{"@type":"BreadcrumbList","@id":"https:\/\/fjala.info\/2009-2015\/140-vjetori-i-fishtes-mblidhuni-toske-e-mblidhuni-gege-mblidhuni-bashke-si-kokrrat-ne-shege\/#breadcrumb","itemListElement":[{"@type":"ListItem","position":1,"name":"Home","item":"https:\/\/fjala.info\/2009-2015\/"},{"@type":"ListItem","position":2,"name":"140-vjetori i Fisht\u00ebs: Mblidhuni tosk\u00eb e mblidhuni geg\u00eb, mblidhuni bashk\u00eb si kokrrat n\u00eb sheg\u00eb"}]},{"@type":"WebSite","@id":"https:\/\/fjala.info\/2009-2015\/#website","url":"https:\/\/fjala.info\/2009-2015\/","name":"FjALA e LIR\u00cb - Arkivi","description":"Arkivi 2009-2015","publisher":{"@id":"https:\/\/fjala.info\/2009-2015\/#organization"},"potentialAction":[{"@type":"SearchAction","target":{"@type":"EntryPoint","urlTemplate":"https:\/\/fjala.info\/2009-2015\/?s={search_term_string}"},"query-input":{"@type":"PropertyValueSpecification","valueRequired":true,"valueName":"search_term_string"}}],"inLanguage":"sq-AL"},{"@type":"Organization","@id":"https:\/\/fjala.info\/2009-2015\/#organization","name":"FjALA e LIR\u00cb - Arkivi","url":"https:\/\/fjala.info\/2009-2015\/","logo":{"@type":"ImageObject","inLanguage":"sq-AL","@id":"https:\/\/fjala.info\/2009-2015\/#\/schema\/logo\/image\/","url":"","contentUrl":"","caption":"FjALA e LIR\u00cb - Arkivi"},"image":{"@id":"https:\/\/fjala.info\/2009-2015\/#\/schema\/logo\/image\/"}},{"@type":"Person","@id":"https:\/\/fjala.info\/2009-2015\/#\/schema\/person\/3aa1163ef05469c496fc94e77611ada2","name":"admin","image":{"@type":"ImageObject","inLanguage":"sq-AL","@id":"https:\/\/fjala.info\/2009-2015\/wp-content\/uploads\/2012\/02\/arben_cokaj-120x150.jpg","url":"https:\/\/fjala.info\/2009-2015\/wp-content\/uploads\/2012\/02\/arben_cokaj-120x150.jpg","contentUrl":"https:\/\/fjala.info\/2009-2015\/wp-content\/uploads\/2012\/02\/arben_cokaj-120x150.jpg","caption":"admin"},"description":"Admin, Fjala e Lir\u00eb","sameAs":["https:\/\/fjala.info\/"],"url":"https:\/\/fjala.info\/2009-2015\/author\/admin\/"}]}},"_links":{"self":[{"href":"https:\/\/fjala.info\/2009-2015\/wp-json\/wp\/v2\/posts\/11124","targetHints":{"allow":["GET"]}}],"collection":[{"href":"https:\/\/fjala.info\/2009-2015\/wp-json\/wp\/v2\/posts"}],"about":[{"href":"https:\/\/fjala.info\/2009-2015\/wp-json\/wp\/v2\/types\/post"}],"author":[{"embeddable":true,"href":"https:\/\/fjala.info\/2009-2015\/wp-json\/wp\/v2\/users\/1"}],"replies":[{"embeddable":true,"href":"https:\/\/fjala.info\/2009-2015\/wp-json\/wp\/v2\/comments?post=11124"}],"version-history":[{"count":0,"href":"https:\/\/fjala.info\/2009-2015\/wp-json\/wp\/v2\/posts\/11124\/revisions"}],"wp:attachment":[{"href":"https:\/\/fjala.info\/2009-2015\/wp-json\/wp\/v2\/media?parent=11124"}],"wp:term":[{"taxonomy":"category","embeddable":true,"href":"https:\/\/fjala.info\/2009-2015\/wp-json\/wp\/v2\/categories?post=11124"},{"taxonomy":"post_tag","embeddable":true,"href":"https:\/\/fjala.info\/2009-2015\/wp-json\/wp\/v2\/tags?post=11124"}],"curies":[{"name":"wp","href":"https:\/\/api.w.org\/{rel}","templated":true}]}}