{"id":11122,"date":"2011-10-24T20:24:04","date_gmt":"2011-10-24T19:24:04","guid":{"rendered":"http:\/\/fjala.shkoder.net\/?p=11122"},"modified":"2011-10-24T20:24:04","modified_gmt":"2011-10-24T19:24:04","slug":"sekreti-tremujor-i-kryesocialistit-ka-shkruar-nje-liber","status":"publish","type":"post","link":"https:\/\/fjala.info\/2009-2015\/sekreti-tremujor-i-kryesocialistit-ka-shkruar-nje-liber\/","title":{"rendered":"Sekreti tremujor i kryesocialistit: ka shkruar nj\u00eb lib\u00ebr"},"content":{"rendered":"<p><img decoding=\"async\" class=\"alignright size-thumbnail wp-image-7236\" title=\"Rama - Kurbani\" src=\"http:\/\/www.shkoder.net\/images\/fjala\/2011\/rama_kurbani.jpg\" alt=\"\" width=\"300\" \/><strong>E. Demollari<\/strong><\/p>\n<p>Sht\u00ebpia Botuese Dudaj s\u2019ka mundur ta mbaj\u00eb dot deri n\u00eb fund sekretin e saj t\u00eb vitit. Gazeta Shekulli ka arritur t\u00eb nxjerr\u00eb nga brenda asaj sht\u00ebpie surpriz\u00ebn q\u00eb botuesja Arlinda Dudaj po p\u00ebrgatit p\u00ebr Panairin e Librit. Refuzimin e botueses p\u00ebr ta konfirmuar k\u00ebt\u00eb lajm ne e konsiderojm\u00eb pohim t\u00eb lajmit, n\u00eb pamund\u00ebsi p\u00ebr t\u00eb kontaktuar me autorin. Q\u00eb quhet Edi Rama.Po, kryetari i opozit\u00ebs ka shkruar nj\u00eb lib\u00ebr voluminoz q\u00eb \u00ebsht\u00eb dor\u00ebzuar para pak koh\u00ebsh n\u00eb Sht\u00ebpin\u00eb Botuese Dudaj.<\/p>\n<p>Sipas burimit ton\u00eb ky lib\u00ebr titullohet \u201cKURBAN\u201d. Merr spunto nga therja e dashit n\u00eb der\u00ebn e Bashkis\u00eb s\u00eb Tiran\u00ebs dhe p\u00ebrmban ndodhi e detaje t\u00eb panjohura p\u00ebr publikun t\u00eb shtrira n\u00eb 11 vjet.<\/p>\n<p>Recensionimin e librit Edi Rama ia ka besuar Piro Mish\u00ebs dhe Ardian Vehbiut, t\u00eb cil\u00ebt s\u00eb bashku me botuesen jan\u00eb t\u00eb vetmit q\u00eb h\u00ebp\u00ebrh\u00eb din\u00eb gjithshka p\u00ebr p\u00ebrmbajtjen.<\/p>\n<p>Shekulli ka mundur t\u00eb m\u00ebsoj\u00eb se n\u00eb librin e tij Edi Rama ka p\u00ebrfshir\u00eb shum\u00eb personazhe t\u00eb jet\u00ebs politike e publike, nga Fatos Nano e Sali Berisha tek Ismail Kadareja e Fatos Lubonja, botues mediash dhe t\u00eb tjer\u00eb akoma. Vend n\u00eb lib\u00ebr z\u00ebn\u00eb edhe Ilir Meta, Spartak Ngjela, Arben Imami apo nj\u00eb num\u00ebr ambasador\u00ebsh t\u00eb huaj n\u00eb Tiran\u00eb. Po Edi Rama flet edhe p\u00ebr familjen e jet\u00ebn e tij personale. Libri i dedikohet Aneta Ram\u00ebs, n\u00ebn\u00ebs s\u00eb kryetarit t\u00eb opozit\u00ebs.<\/p>\n","protected":false},"excerpt":{"rendered":"<p>E. Demollari Sht\u00ebpia Botuese Dudaj s\u2019ka mundur ta mbaj\u00eb dot deri n\u00eb fund sekretin e saj t\u00eb vitit. Gazeta Shekulli ka arritur t\u00eb nxjerr\u00eb nga brenda asaj sht\u00ebpie surpriz\u00ebn q\u00eb botuesja Arlinda Dudaj po p\u00ebrgatit p\u00ebr Panairin e Librit. Refuzimin e botueses p\u00ebr ta konfirmuar k\u00ebt\u00eb lajm ne e konsiderojm\u00eb pohim t\u00eb lajmit, n\u00eb pamund\u00ebsi [&hellip;]<\/p>\n","protected":false},"author":1,"featured_media":0,"comment_status":"open","ping_status":"closed","sticky":false,"template":"","format":"standard","meta":{"footnotes":""},"categories":[5],"tags":[],"class_list":{"0":"post-11122","1":"post","2":"type-post","3":"status-publish","4":"format-standard","6":"category-lajme"},"yoast_head":"<!-- This site is optimized with the Yoast SEO plugin v27.4 - https:\/\/yoast.com\/product\/yoast-seo-wordpress\/ -->\n<title>Sekreti tremujor i kryesocialistit: ka shkruar nj\u00eb lib\u00ebr - FjALA e LIR\u00cb - Arkivi<\/title>\n<meta name=\"robots\" content=\"index, follow, max-snippet:-1, max-image-preview:large, max-video-preview:-1\" \/>\n<link rel=\"canonical\" href=\"https:\/\/fjala.info\/2009-2015\/sekreti-tremujor-i-kryesocialistit-ka-shkruar-nje-liber\/\" \/>\n<meta property=\"og:locale\" content=\"sq_AL\" \/>\n<meta property=\"og:type\" content=\"article\" \/>\n<meta property=\"og:title\" content=\"Sekreti tremujor i kryesocialistit: ka shkruar nj\u00eb lib\u00ebr - FjALA e LIR\u00cb - Arkivi\" \/>\n<meta property=\"og:description\" content=\"E. Demollari Sht\u00ebpia Botuese Dudaj s\u2019ka mundur ta mbaj\u00eb dot deri n\u00eb fund sekretin e saj t\u00eb vitit. Gazeta Shekulli ka arritur t\u00eb nxjerr\u00eb nga brenda asaj sht\u00ebpie surpriz\u00ebn q\u00eb botuesja Arlinda Dudaj po p\u00ebrgatit p\u00ebr Panairin e Librit. Refuzimin e botueses p\u00ebr ta konfirmuar k\u00ebt\u00eb lajm ne e konsiderojm\u00eb pohim t\u00eb lajmit, n\u00eb pamund\u00ebsi [&hellip;]\" \/>\n<meta property=\"og:url\" content=\"https:\/\/fjala.info\/2009-2015\/sekreti-tremujor-i-kryesocialistit-ka-shkruar-nje-liber\/\" \/>\n<meta property=\"og:site_name\" content=\"FjALA e LIR\u00cb - Arkivi\" \/>\n<meta property=\"article:published_time\" content=\"2011-10-24T19:24:04+00:00\" \/>\n<meta property=\"og:image\" content=\"http:\/\/www.shkoder.net\/images\/fjala\/2011\/rama_kurbani.jpg\" \/>\n<meta name=\"author\" content=\"admin\" \/>\n<meta name=\"twitter:card\" content=\"summary_large_image\" \/>\n<meta name=\"twitter:label1\" content=\"Written by\" \/>\n\t<meta name=\"twitter:data1\" content=\"admin\" \/>\n\t<meta name=\"twitter:label2\" content=\"Est. reading time\" \/>\n\t<meta name=\"twitter:data2\" content=\"1 minute\" \/>\n<script type=\"application\/ld+json\" class=\"yoast-schema-graph\">{\"@context\":\"https:\\\/\\\/schema.org\",\"@graph\":[{\"@type\":\"Article\",\"@id\":\"https:\\\/\\\/fjala.info\\\/2009-2015\\\/sekreti-tremujor-i-kryesocialistit-ka-shkruar-nje-liber\\\/#article\",\"isPartOf\":{\"@id\":\"https:\\\/\\\/fjala.info\\\/2009-2015\\\/sekreti-tremujor-i-kryesocialistit-ka-shkruar-nje-liber\\\/\"},\"author\":{\"name\":\"admin\",\"@id\":\"https:\\\/\\\/fjala.info\\\/2009-2015\\\/#\\\/schema\\\/person\\\/3aa1163ef05469c496fc94e77611ada2\"},\"headline\":\"Sekreti tremujor i kryesocialistit: ka shkruar nj\u00eb lib\u00ebr\",\"datePublished\":\"2011-10-24T19:24:04+00:00\",\"mainEntityOfPage\":{\"@id\":\"https:\\\/\\\/fjala.info\\\/2009-2015\\\/sekreti-tremujor-i-kryesocialistit-ka-shkruar-nje-liber\\\/\"},\"wordCount\":271,\"commentCount\":0,\"publisher\":{\"@id\":\"https:\\\/\\\/fjala.info\\\/2009-2015\\\/#organization\"},\"image\":{\"@id\":\"https:\\\/\\\/fjala.info\\\/2009-2015\\\/sekreti-tremujor-i-kryesocialistit-ka-shkruar-nje-liber\\\/#primaryimage\"},\"thumbnailUrl\":\"http:\\\/\\\/www.shkoder.net\\\/images\\\/fjala\\\/2011\\\/rama_kurbani.jpg\",\"articleSection\":[\"Lajme\"],\"inLanguage\":\"sq-AL\",\"potentialAction\":[{\"@type\":\"CommentAction\",\"name\":\"Comment\",\"target\":[\"https:\\\/\\\/fjala.info\\\/2009-2015\\\/sekreti-tremujor-i-kryesocialistit-ka-shkruar-nje-liber\\\/#respond\"]}]},{\"@type\":\"WebPage\",\"@id\":\"https:\\\/\\\/fjala.info\\\/2009-2015\\\/sekreti-tremujor-i-kryesocialistit-ka-shkruar-nje-liber\\\/\",\"url\":\"https:\\\/\\\/fjala.info\\\/2009-2015\\\/sekreti-tremujor-i-kryesocialistit-ka-shkruar-nje-liber\\\/\",\"name\":\"Sekreti tremujor i kryesocialistit: ka shkruar nj\u00eb lib\u00ebr - FjALA e LIR\u00cb - Arkivi\",\"isPartOf\":{\"@id\":\"https:\\\/\\\/fjala.info\\\/2009-2015\\\/#website\"},\"primaryImageOfPage\":{\"@id\":\"https:\\\/\\\/fjala.info\\\/2009-2015\\\/sekreti-tremujor-i-kryesocialistit-ka-shkruar-nje-liber\\\/#primaryimage\"},\"image\":{\"@id\":\"https:\\\/\\\/fjala.info\\\/2009-2015\\\/sekreti-tremujor-i-kryesocialistit-ka-shkruar-nje-liber\\\/#primaryimage\"},\"thumbnailUrl\":\"http:\\\/\\\/www.shkoder.net\\\/images\\\/fjala\\\/2011\\\/rama_kurbani.jpg\",\"datePublished\":\"2011-10-24T19:24:04+00:00\",\"breadcrumb\":{\"@id\":\"https:\\\/\\\/fjala.info\\\/2009-2015\\\/sekreti-tremujor-i-kryesocialistit-ka-shkruar-nje-liber\\\/#breadcrumb\"},\"inLanguage\":\"sq-AL\",\"potentialAction\":[{\"@type\":\"ReadAction\",\"target\":[\"https:\\\/\\\/fjala.info\\\/2009-2015\\\/sekreti-tremujor-i-kryesocialistit-ka-shkruar-nje-liber\\\/\"]}]},{\"@type\":\"ImageObject\",\"inLanguage\":\"sq-AL\",\"@id\":\"https:\\\/\\\/fjala.info\\\/2009-2015\\\/sekreti-tremujor-i-kryesocialistit-ka-shkruar-nje-liber\\\/#primaryimage\",\"url\":\"http:\\\/\\\/www.shkoder.net\\\/images\\\/fjala\\\/2011\\\/rama_kurbani.jpg\",\"contentUrl\":\"http:\\\/\\\/www.shkoder.net\\\/images\\\/fjala\\\/2011\\\/rama_kurbani.jpg\"},{\"@type\":\"BreadcrumbList\",\"@id\":\"https:\\\/\\\/fjala.info\\\/2009-2015\\\/sekreti-tremujor-i-kryesocialistit-ka-shkruar-nje-liber\\\/#breadcrumb\",\"itemListElement\":[{\"@type\":\"ListItem\",\"position\":1,\"name\":\"Home\",\"item\":\"https:\\\/\\\/fjala.info\\\/2009-2015\\\/\"},{\"@type\":\"ListItem\",\"position\":2,\"name\":\"Sekreti tremujor i kryesocialistit: ka shkruar nj\u00eb lib\u00ebr\"}]},{\"@type\":\"WebSite\",\"@id\":\"https:\\\/\\\/fjala.info\\\/2009-2015\\\/#website\",\"url\":\"https:\\\/\\\/fjala.info\\\/2009-2015\\\/\",\"name\":\"FjALA e LIR\u00cb - Arkivi\",\"description\":\"Arkivi 2009-2015\",\"publisher\":{\"@id\":\"https:\\\/\\\/fjala.info\\\/2009-2015\\\/#organization\"},\"potentialAction\":[{\"@type\":\"SearchAction\",\"target\":{\"@type\":\"EntryPoint\",\"urlTemplate\":\"https:\\\/\\\/fjala.info\\\/2009-2015\\\/?s={search_term_string}\"},\"query-input\":{\"@type\":\"PropertyValueSpecification\",\"valueRequired\":true,\"valueName\":\"search_term_string\"}}],\"inLanguage\":\"sq-AL\"},{\"@type\":\"Organization\",\"@id\":\"https:\\\/\\\/fjala.info\\\/2009-2015\\\/#organization\",\"name\":\"FjALA e LIR\u00cb - Arkivi\",\"url\":\"https:\\\/\\\/fjala.info\\\/2009-2015\\\/\",\"logo\":{\"@type\":\"ImageObject\",\"inLanguage\":\"sq-AL\",\"@id\":\"https:\\\/\\\/fjala.info\\\/2009-2015\\\/#\\\/schema\\\/logo\\\/image\\\/\",\"url\":\"\",\"contentUrl\":\"\",\"caption\":\"FjALA e LIR\u00cb - Arkivi\"},\"image\":{\"@id\":\"https:\\\/\\\/fjala.info\\\/2009-2015\\\/#\\\/schema\\\/logo\\\/image\\\/\"}},{\"@type\":\"Person\",\"@id\":\"https:\\\/\\\/fjala.info\\\/2009-2015\\\/#\\\/schema\\\/person\\\/3aa1163ef05469c496fc94e77611ada2\",\"name\":\"admin\",\"image\":{\"@type\":\"ImageObject\",\"inLanguage\":\"sq-AL\",\"@id\":\"https:\\\/\\\/fjala.info\\\/2009-2015\\\/wp-content\\\/uploads\\\/2012\\\/02\\\/arben_cokaj-120x150.jpg\",\"url\":\"https:\\\/\\\/fjala.info\\\/2009-2015\\\/wp-content\\\/uploads\\\/2012\\\/02\\\/arben_cokaj-120x150.jpg\",\"contentUrl\":\"https:\\\/\\\/fjala.info\\\/2009-2015\\\/wp-content\\\/uploads\\\/2012\\\/02\\\/arben_cokaj-120x150.jpg\",\"caption\":\"admin\"},\"description\":\"Admin, Fjala e Lir\u00eb\",\"sameAs\":[\"https:\\\/\\\/fjala.info\\\/\"],\"url\":\"https:\\\/\\\/fjala.info\\\/2009-2015\\\/author\\\/admin\\\/\"}]}<\/script>\n<!-- \/ Yoast SEO plugin. -->","yoast_head_json":{"title":"Sekreti tremujor i kryesocialistit: ka shkruar nj\u00eb lib\u00ebr - FjALA e LIR\u00cb - Arkivi","robots":{"index":"index","follow":"follow","max-snippet":"max-snippet:-1","max-image-preview":"max-image-preview:large","max-video-preview":"max-video-preview:-1"},"canonical":"https:\/\/fjala.info\/2009-2015\/sekreti-tremujor-i-kryesocialistit-ka-shkruar-nje-liber\/","og_locale":"sq_AL","og_type":"article","og_title":"Sekreti tremujor i kryesocialistit: ka shkruar nj\u00eb lib\u00ebr - FjALA e LIR\u00cb - Arkivi","og_description":"E. Demollari Sht\u00ebpia Botuese Dudaj s\u2019ka mundur ta mbaj\u00eb dot deri n\u00eb fund sekretin e saj t\u00eb vitit. Gazeta Shekulli ka arritur t\u00eb nxjerr\u00eb nga brenda asaj sht\u00ebpie surpriz\u00ebn q\u00eb botuesja Arlinda Dudaj po p\u00ebrgatit p\u00ebr Panairin e Librit. Refuzimin e botueses p\u00ebr ta konfirmuar k\u00ebt\u00eb lajm ne e konsiderojm\u00eb pohim t\u00eb lajmit, n\u00eb pamund\u00ebsi [&hellip;]","og_url":"https:\/\/fjala.info\/2009-2015\/sekreti-tremujor-i-kryesocialistit-ka-shkruar-nje-liber\/","og_site_name":"FjALA e LIR\u00cb - Arkivi","article_published_time":"2011-10-24T19:24:04+00:00","og_image":[{"url":"http:\/\/www.shkoder.net\/images\/fjala\/2011\/rama_kurbani.jpg","type":"","width":"","height":""}],"author":"admin","twitter_card":"summary_large_image","twitter_misc":{"Written by":"admin","Est. reading time":"1 minute"},"schema":{"@context":"https:\/\/schema.org","@graph":[{"@type":"Article","@id":"https:\/\/fjala.info\/2009-2015\/sekreti-tremujor-i-kryesocialistit-ka-shkruar-nje-liber\/#article","isPartOf":{"@id":"https:\/\/fjala.info\/2009-2015\/sekreti-tremujor-i-kryesocialistit-ka-shkruar-nje-liber\/"},"author":{"name":"admin","@id":"https:\/\/fjala.info\/2009-2015\/#\/schema\/person\/3aa1163ef05469c496fc94e77611ada2"},"headline":"Sekreti tremujor i kryesocialistit: ka shkruar nj\u00eb lib\u00ebr","datePublished":"2011-10-24T19:24:04+00:00","mainEntityOfPage":{"@id":"https:\/\/fjala.info\/2009-2015\/sekreti-tremujor-i-kryesocialistit-ka-shkruar-nje-liber\/"},"wordCount":271,"commentCount":0,"publisher":{"@id":"https:\/\/fjala.info\/2009-2015\/#organization"},"image":{"@id":"https:\/\/fjala.info\/2009-2015\/sekreti-tremujor-i-kryesocialistit-ka-shkruar-nje-liber\/#primaryimage"},"thumbnailUrl":"http:\/\/www.shkoder.net\/images\/fjala\/2011\/rama_kurbani.jpg","articleSection":["Lajme"],"inLanguage":"sq-AL","potentialAction":[{"@type":"CommentAction","name":"Comment","target":["https:\/\/fjala.info\/2009-2015\/sekreti-tremujor-i-kryesocialistit-ka-shkruar-nje-liber\/#respond"]}]},{"@type":"WebPage","@id":"https:\/\/fjala.info\/2009-2015\/sekreti-tremujor-i-kryesocialistit-ka-shkruar-nje-liber\/","url":"https:\/\/fjala.info\/2009-2015\/sekreti-tremujor-i-kryesocialistit-ka-shkruar-nje-liber\/","name":"Sekreti tremujor i kryesocialistit: ka shkruar nj\u00eb lib\u00ebr - FjALA e LIR\u00cb - Arkivi","isPartOf":{"@id":"https:\/\/fjala.info\/2009-2015\/#website"},"primaryImageOfPage":{"@id":"https:\/\/fjala.info\/2009-2015\/sekreti-tremujor-i-kryesocialistit-ka-shkruar-nje-liber\/#primaryimage"},"image":{"@id":"https:\/\/fjala.info\/2009-2015\/sekreti-tremujor-i-kryesocialistit-ka-shkruar-nje-liber\/#primaryimage"},"thumbnailUrl":"http:\/\/www.shkoder.net\/images\/fjala\/2011\/rama_kurbani.jpg","datePublished":"2011-10-24T19:24:04+00:00","breadcrumb":{"@id":"https:\/\/fjala.info\/2009-2015\/sekreti-tremujor-i-kryesocialistit-ka-shkruar-nje-liber\/#breadcrumb"},"inLanguage":"sq-AL","potentialAction":[{"@type":"ReadAction","target":["https:\/\/fjala.info\/2009-2015\/sekreti-tremujor-i-kryesocialistit-ka-shkruar-nje-liber\/"]}]},{"@type":"ImageObject","inLanguage":"sq-AL","@id":"https:\/\/fjala.info\/2009-2015\/sekreti-tremujor-i-kryesocialistit-ka-shkruar-nje-liber\/#primaryimage","url":"http:\/\/www.shkoder.net\/images\/fjala\/2011\/rama_kurbani.jpg","contentUrl":"http:\/\/www.shkoder.net\/images\/fjala\/2011\/rama_kurbani.jpg"},{"@type":"BreadcrumbList","@id":"https:\/\/fjala.info\/2009-2015\/sekreti-tremujor-i-kryesocialistit-ka-shkruar-nje-liber\/#breadcrumb","itemListElement":[{"@type":"ListItem","position":1,"name":"Home","item":"https:\/\/fjala.info\/2009-2015\/"},{"@type":"ListItem","position":2,"name":"Sekreti tremujor i kryesocialistit: ka shkruar nj\u00eb lib\u00ebr"}]},{"@type":"WebSite","@id":"https:\/\/fjala.info\/2009-2015\/#website","url":"https:\/\/fjala.info\/2009-2015\/","name":"FjALA e LIR\u00cb - Arkivi","description":"Arkivi 2009-2015","publisher":{"@id":"https:\/\/fjala.info\/2009-2015\/#organization"},"potentialAction":[{"@type":"SearchAction","target":{"@type":"EntryPoint","urlTemplate":"https:\/\/fjala.info\/2009-2015\/?s={search_term_string}"},"query-input":{"@type":"PropertyValueSpecification","valueRequired":true,"valueName":"search_term_string"}}],"inLanguage":"sq-AL"},{"@type":"Organization","@id":"https:\/\/fjala.info\/2009-2015\/#organization","name":"FjALA e LIR\u00cb - Arkivi","url":"https:\/\/fjala.info\/2009-2015\/","logo":{"@type":"ImageObject","inLanguage":"sq-AL","@id":"https:\/\/fjala.info\/2009-2015\/#\/schema\/logo\/image\/","url":"","contentUrl":"","caption":"FjALA e LIR\u00cb - Arkivi"},"image":{"@id":"https:\/\/fjala.info\/2009-2015\/#\/schema\/logo\/image\/"}},{"@type":"Person","@id":"https:\/\/fjala.info\/2009-2015\/#\/schema\/person\/3aa1163ef05469c496fc94e77611ada2","name":"admin","image":{"@type":"ImageObject","inLanguage":"sq-AL","@id":"https:\/\/fjala.info\/2009-2015\/wp-content\/uploads\/2012\/02\/arben_cokaj-120x150.jpg","url":"https:\/\/fjala.info\/2009-2015\/wp-content\/uploads\/2012\/02\/arben_cokaj-120x150.jpg","contentUrl":"https:\/\/fjala.info\/2009-2015\/wp-content\/uploads\/2012\/02\/arben_cokaj-120x150.jpg","caption":"admin"},"description":"Admin, Fjala e Lir\u00eb","sameAs":["https:\/\/fjala.info\/"],"url":"https:\/\/fjala.info\/2009-2015\/author\/admin\/"}]}},"_links":{"self":[{"href":"https:\/\/fjala.info\/2009-2015\/wp-json\/wp\/v2\/posts\/11122","targetHints":{"allow":["GET"]}}],"collection":[{"href":"https:\/\/fjala.info\/2009-2015\/wp-json\/wp\/v2\/posts"}],"about":[{"href":"https:\/\/fjala.info\/2009-2015\/wp-json\/wp\/v2\/types\/post"}],"author":[{"embeddable":true,"href":"https:\/\/fjala.info\/2009-2015\/wp-json\/wp\/v2\/users\/1"}],"replies":[{"embeddable":true,"href":"https:\/\/fjala.info\/2009-2015\/wp-json\/wp\/v2\/comments?post=11122"}],"version-history":[{"count":0,"href":"https:\/\/fjala.info\/2009-2015\/wp-json\/wp\/v2\/posts\/11122\/revisions"}],"wp:attachment":[{"href":"https:\/\/fjala.info\/2009-2015\/wp-json\/wp\/v2\/media?parent=11122"}],"wp:term":[{"taxonomy":"category","embeddable":true,"href":"https:\/\/fjala.info\/2009-2015\/wp-json\/wp\/v2\/categories?post=11122"},{"taxonomy":"post_tag","embeddable":true,"href":"https:\/\/fjala.info\/2009-2015\/wp-json\/wp\/v2\/tags?post=11122"}],"curies":[{"name":"wp","href":"https:\/\/api.w.org\/{rel}","templated":true}]}}