{"id":11119,"date":"2011-10-24T12:01:04","date_gmt":"2011-10-24T11:01:04","guid":{"rendered":"http:\/\/fjala.shkoder.net\/?p=11119"},"modified":"2011-10-24T12:01:04","modified_gmt":"2011-10-24T11:01:04","slug":"topi-topalli-dialekti-i-inatit","status":"publish","type":"post","link":"https:\/\/fjala.info\/2009-2015\/topi-topalli-dialekti-i-inatit\/","title":{"rendered":"Topi-Topalli, \u201cdialekti\u201d i inatit"},"content":{"rendered":"<p><img decoding=\"async\" class=\"alignright size-thumbnail wp-image-7236\" title=\"Topi, Topali, Berisha\" src=\"http:\/\/www.shkoder.net\/images\/fjala\/2011\/topi_topalli_berisha.jpg\" alt=\"\" width=\"300\" \/>Nga <strong>Pre\u00e7 Zogaj<\/strong><\/p>\n<p>Diskutim pa lidhje ai p\u00ebr dialektet, q\u00eb gjoja u provokua nga nj\u00eb shk\u00ebmbim replikash midis kryetares s\u00eb Kuvendit, Jozefina Topalli dhe Presidentit t\u00eb Republik\u00ebs, Bamir Topi. E kuptuan t\u00eb gjith\u00eb, me p\u00ebrjashtim t\u00eb sejmen\u00ebve dhe hileqar\u00ebve, se nuk futej fare aty as dialekti geg\u00eb, as dialekti tosk\u00eb, as Gjergj Fishta, as Migjeni, as Kol\u00eb Idromeno.<\/p>\n<p>T\u00ebr\u00eb k\u00ebto identitete dhe emra i nxori p\u00ebrdhunsh\u00ebm nga shenjt\u00ebnia, amshimi apo harresa nj\u00eb p\u00ebrplasje politike, e cila \u00ebsht\u00eb shfaqur edhe m\u00eb par\u00eb si turnover apo si kopje e p\u00ebrplasjes Berisha-Topi, por m\u00eb e vrazhd\u00eb se origjinali p\u00ebr shkak t\u00eb ngarkesave shtes\u00eb q\u00eb sjell n\u00eb t\u00eb stili i zonj\u00ebs Topalli.<\/p>\n<p>Nuk \u00ebsht\u00eb hera e par\u00eb q\u00eb rivalitetet dhe konfliktet politike korente, p\u00ebr \u00e7\u00ebshtje personale apo p\u00ebr batuta t\u00eb rastit, zhvendosen pa respekt n\u00eb fusha t\u00eb huaja apo t\u00eb njohura keq prej politikan\u00ebve t\u00eb ndrysh\u00ebm, si\u00e7 jan\u00eb gjuh\u00ebsia, historia e let\u00ebrsis\u00eb, albanologjia apo n\u00eb fusha t\u00eb tjera akoma m\u00eb delikate p\u00ebr artikulimin politik, si\u00e7 jan\u00eb ato t\u00eb fes\u00eb, dialekteve, krahinave e tjer\u00eb. Duke krijuar atje rr\u00ebmuj\u00eb dhe, m\u00eb e r\u00ebnda, duke shtuar pa fund keqkuptimet e inatit t\u00eb p\u00ebrzier me paditurin\u00eb. Te merremi vesh: nuk \u00ebsht\u00eb e th\u00ebn\u00eb q\u00eb politikan\u00ebt t\u00eb jen\u00eb ekspert\u00eb n\u00eb fushat e lartp\u00ebrmendura apo n\u00eb fusha t\u00eb tjera. Por \u00ebsht\u00eb e domosdoshme q\u00eb politikan\u00ebt e koh\u00ebs moderne t\u00eb len\u00eb prapa zakonet e p\u00ebrdorimit t\u00eb historis\u00eb si dekoracion p\u00ebr arroganc\u00ebn, kapri\u00e7ot apo injoranc\u00ebn e tyre.<\/p>\n<p>Topalli dhe Topi jan\u00eb sot dy politikan\u00eb t\u00eb mosh\u00ebs s\u00eb mesme. Ata kan\u00eb startuar n\u00eb politik\u00ebn e re t\u00eb shoq\u00ebris\u00eb s\u00eb hapur para dy dekadash, kur ishin t\u00eb rinj dhe kan\u00eb b\u00ebr\u00eb nj\u00eb karrier\u00eb shum\u00eb t\u00eb suksesshme si p\u00ebrfaq\u00ebsues t\u00eb s\u00eb djatht\u00ebs historike. Me emrat e tyre, e djathta historike shqiptare \u00ebsht\u00eb ngjitur n\u00eb majat e pushtetit. Kjo e djatht\u00eb ka dh\u00ebn\u00eb e vazhdon t\u00eb jap\u00eb p\u00ebrmes tyre shfaqjen e vet n\u00eb politik\u00ebn e lart\u00eb. Me t\u00eb mirat dhe defektet e saj.<\/p>\n<p>Po t\u00eb kishin pritur nj\u00ebzet e kat\u00ebr or\u00eb, si\u00e7 k\u00ebshillon urt\u00ebsia popullore kur \u00ebsht\u00eb fjal\u00eb p\u00ebr t\u00eb mos nd\u00ebrmarr\u00eb veprime n\u00eb gjendje inati apo zem\u00ebrimi, ka mund\u00ebsi q\u00eb dy funksionar\u00ebt n\u00eb fjal\u00eb do ta kishin manifestuar n\u00eb nj\u00eb form\u00eb tjet\u00ebr, m\u00eb t\u00eb fisme, dometh\u00ebn\u00eb m\u00eb djathtiste rivalitetin dhe konfliktin e tyre. P\u00ebr t\u00eb mos th\u00ebn\u00eb do ta kishin evituar fare. Mjerisht ata dhan\u00eb pik\u00ebrisht shfaqjen q\u00eb i k\u00ebnaqi ustallar\u00ebt e vjet\u00ebr dhe t\u00eb rinj t\u00eb majtizmit konservator, q\u00eb gjet\u00ebn rastin t\u00eb f\u00ebrkonin duart, t\u2019i shkelnin syrin nj\u00ebri-tjetrit dhe t\u00eb shk\u00ebmbenin kukurizma kuptimplot\u00eb solidariteti n\u00eb gjith\u00eb shtrirjen nd\u00ebrpartiake t\u00eb spektrit: hahaha, ja, si ne e b\u00ebjn\u00eb edhe k\u00ebta t\u00eb djatht\u00ebt, hihihi!<\/p>\n<p>Durimi si dhunti dhe mir\u00ebsjellja si virtyt jan\u00eb b\u00ebr\u00eb v\u00ebrtet\u00eb zogj t\u00eb rrall\u00eb n\u00eb politik\u00ebn shqiptare. Presidenti mund t\u00eb ket\u00eb reflektuar p\u00ebr vendin, momentin dhe fraz\u00ebn evazive q\u00eb p\u00ebrdori p\u00ebr t\u2019i kthyer p\u00ebrgjigje g\u00ebrricjeve t\u00eb pareshtura t\u00eb kryetares s\u00eb kuvendit. Kryetarja e teproi me instrumentalizimin populist t\u00eb fjal\u00ebve t\u00eb Topit. E di edhe ajo se presidenti nuk e kishte e nuk mund ta kishte me geg\u00ebnishten, q\u00eb \u00ebsht\u00eb e gjuh\u00eb shqipe, si\u00e7 \u00ebsht\u00eb tosk\u00ebrishtja dhe letrarja.<\/p>\n<p>Askush nuk \u00ebsht\u00eb kund\u00ebr asnj\u00eb dialekti apo edhe n\u00ebndialekti n\u00eb Shqip\u00ebri. Njer\u00ebzit, sidomos njer\u00ebzit e letrave, mediave dhe politik\u00ebs jan\u00eb t\u00eb prirur t\u00eb flasin dhe t\u00eb shkruajn\u00eb n\u00eb norm\u00ebn letrare jo vet\u00ebm p\u00ebr ta respektuar e kultivuar me shembullin personal k\u00ebt\u00eb norm\u00eb, por para s\u00eb gjithash p\u00ebr t\u00eb komunikuar me nj\u00eb spekt\u00ebr sa me t\u00eb gjer\u00eb njer\u00ebzish. Nj\u00eb poet nga Kuk\u00ebsi shkruan n\u00eb variantin letrar, sepse d\u00ebshiron ta lexojn\u00eb pa v\u00ebshtir\u00ebsi n\u00eb Kor\u00e7\u00eb apo n\u00eb Vlor\u00eb. Dhe anasjelltas. Kjo \u00ebsht\u00eb nj\u00eb zgjedhje. Por nuk ka asgj\u00eb t\u00eb keqe, p\u00ebrkundrazi, liria e shprehjes q\u00ebllon t\u00eb lul\u00ebzoj\u00eb, kur vokacioni i brendsh\u00ebm e shtyn dik\u00eb t\u00eb p\u00ebrdor\u00eb n\u00eb t\u00eb folur apo n\u00eb t\u00eb shkruar dialektin e tij. Jozefin\u00ebs nuk i b\u00ebn d\u00ebm e folura shkodrane, q\u00eb \u00ebsht\u00eb thelbi i dialektit geg\u00eb. Kjo e folur p\u00ebrmban nj\u00eb not\u00eb t\u00eb rrall\u00eb n\u00eb pentagramin e shqipes. E folura kor\u00e7are ka gjithashtu not\u00ebn e vet, sikur e folura e Vlor\u00ebs, Beratit, Prishtin\u00ebs e tjer\u00eb. Ne arrijm\u00eb t\u2019i dallojm\u00eb k\u00ebto nota edhe kur fol\u00ebsit flasin n\u00eb norm\u00ebn letrare. Por shkodran\u00ebve sikur u shkon me shum\u00eb e folura e tyre. Madje mua m\u00eb duket se ata tjet\u00ebrsohen kur flasin ndryshe. Kjo sigurisht \u00ebsht\u00eb nj\u00eb konsiderat\u00eb personale. Edhe nj\u00eb vajz\u00eb e re e forumeve t\u00eb PS-s\u00eb, Megi Ajtereza, fliste shkodranisht n\u00eb mitingjet e Opozit\u00ebs s\u00eb Bashkuar. Krijonte atmosfer\u00eb tjet\u00ebr, do t\u00eb thosha nj\u00eb atmosfer\u00eb uniteti. E kuptonin t\u00eb gjith\u00eb t\u00eb pranishmit dhe e duartrokisnin. Problemet pra nuk i krijon dialekti, nuk i krijon forma, por p\u00ebrmbajtja, mungesa e etik\u00ebs, dhuna verbale, fyerjet, shpifjet. Italishtja, fr\u00ebngjishtja dhe gjuh\u00eb t\u00eb tjera kan\u00eb dy fjal\u00eb p\u00ebr t\u00eb dalluar gjuh\u00ebn si mjet komunikimi dhe p\u00ebrmbajtjen e komunikimit. \u201cLa lingua\u201d dhe \u201cil linguagio\u201d, po t\u00eb marrim italishten, nuk jan\u00eb e nj\u00ebjta gj\u00eb. N\u00eb gjuh\u00ebn ton\u00eb p\u00ebrdorim zakonisht nj\u00eb fjal\u00eb homonime p\u00ebr k\u00ebto koncepte. Por politikan\u00ebt duhet t\u00eb ken\u00eb kultur\u00ebn e diferencimit t\u00eb kuptimit t\u00eb tyre n\u00eb kontekstin e p\u00ebrdorimit. Atyre nuk u lejohet ta p\u00ebrdorin homonimet p\u00ebr t\u00eb nxitur populizmin e t\u00eb paditurve apo servil\u00ebve.<\/p>\n<p>Ka vet\u00ebm nj\u00eb \u201cdialekt\u201d q\u00eb ndan, p\u00ebr\u00e7an, fut konfliktin dhe luft\u00ebn e eg\u00ebr politike n\u00eb k\u00ebt\u00eb vend. Ky \u00ebsht\u00eb dialekti i inatit, por mbi t\u00eb gjitha \u201cdialekti\u201d i irracionalizmit, q\u00eb degradon vetvetiu n\u00eb dialekt t\u00eb lig\u00ebsis\u00eb, sipas lidhjes q\u00eb ka b\u00ebr\u00eb filozofi dhe studiuesi i famsh\u00ebm francez, Monteskie. Duke k\u00ebrkuar p\u00ebrkufizimin e virtytit n\u00eb politik\u00eb, Monteskies arrin n\u00eb p\u00ebrfundimin se virtyti \u00ebsht\u00eb arsyeja, nd\u00ebrkoh\u00eb q\u00eb mungesa e arsyes \u00ebsht\u00eb streha e abuzimit dhe lig\u00ebsis\u00eb. Kjo formul\u00eb e gjith\u00ebpranuar ka mbuluar e vijon t\u00eb mbuloj\u00eb me v\u00ebrtet\u00ebsin\u00eb e vet t\u00eb gjitha regjimet dhe karrierat e ngritura mbi irracionalzimin, g\u00ebnjeshtr\u00ebn, abuzimet dhe lig\u00ebsin\u00eb si konsekuenc\u00eb e t\u00eb parave.<\/p>\n<p>N\u00eb qeverisjen ton\u00eb irracionalzimi \u00ebsht\u00eb shpeshher\u00eb i till\u00eb q\u00eb tenton t\u00eb b\u00ebhet shkoll\u00eb politike, m\u00ebnyr\u00eb t\u00eb menduari, kart\u00eb suksesi. Shembujt jan\u00eb t\u00eb panum\u00ebrt, t\u00eb p\u00ebrditsh\u00ebm, t\u00eb m\u00ebdhenj, t\u00eb mes\u00ebm dhe t\u00eb vegj\u00ebl. Shum\u00eb njer\u00ebz, kur d\u00ebgjojn\u00eb debatet apo kumtesat politike, ndjejn\u00eb se arsyeja e tyre normale \u00ebsht\u00eb n\u00ebn agresion dhe thon\u00eb \u201cpo \u00e7mendemi\u201d. Le t\u00eb kujtojm\u00eb, sa p\u00ebr ilustrim, deklaratat-akuza t\u00eb kryeministrit Berisha p\u00ebr \u00e7adrat dhe stilolapsat-pistoleta apo p\u00ebr thikat me helm t\u00eb demonstruesve t\u00eb 21 janarit!!! Ato akuza pa asnj\u00eb baz\u00eb, pa asnj\u00eb fakt dhe pa asnj\u00eb mb\u00ebshtetje nga organet e policis\u00eb sh\u00ebnuan nj\u00eb kulm t\u00eb irracionalizmit n\u00eb kufijt\u00eb e hipnoz\u00ebs. Por t\u00eb nj\u00eb hipnoze t\u00eb k\u00ebrkuar, q\u00eb ka p\u00ebr q\u00ebllim t\u00eb justifikoj\u00eb vrasjet e 21 janarit, t\u00eb bllokoj\u00eb zbardhjen e tyre dhe t\u00eb kthej\u00eb batic\u00ebn propagandistike nga opozita e vrar\u00eb.<\/p>\n<p>Irracionalizmi nuk \u00ebsht\u00eb as i majt\u00eb, as i djatht\u00eb. \u00cbsht\u00eb nj\u00eb \u00e7arje e qenies politike, si\u00e7 do t\u00eb thoshte De Mestre. Ai jeton n\u00eb gjendjen e inatit t\u00eb p\u00ebrhersh\u00ebm me oponent\u00ebt, me rival\u00ebt, me opozitar\u00ebt, me kund\u00ebrshtar\u00ebt. Inati \u00ebsht\u00eb nj\u00eb armik i keq jo vet\u00ebm i fisnik\u00ebris\u00eb, por edhe i detyrimeve politike t\u00eb politikan\u00ebve. Etika dhe kultura njohin komunikimin dhe paktin me armikun, p\u00ebr interesa konkrete t\u00eb popullit, pale me rival\u00ebt e s\u00eb nj\u00ebjt\u00ebs rac\u00eb apo familje politike. Njihet bot\u00ebrisht se nj\u00eb shenj\u00eb e lart\u00eb e kultur\u00ebs s\u00eb njer\u00ebzimit \u00ebsht\u00eb skena homerike kur mbreti i Troj\u00ebs, Priami i puth duart Akilit, vras\u00ebsit t\u00eb djalit t\u00eb tij. N\u00eb epik\u00ebn ton\u00eb legjendare kemi shembuj t\u00eb ngjash\u00ebm. Merret me mend sa larg jemi sot me gjith\u00eb k\u00ebt\u00eb mllef, zem\u00ebrim, helm, egoz\u00ebn dhe lig\u00ebsi q\u00eb qarkullon n\u00eb kapilar\u00ebt e jet\u00ebs politike. Ja, t\u00eb marrim rastin e nderimit t\u00eb disa figurave t\u00eb shquara t\u00eb qarkut kulturor fran\u00e7eskan, q\u00eb jan\u00eb persekutuar e p\u00ebrndjekur gjat\u00eb regjimit komunist, si At Zef Pllumi, Luk\u00eb Ka\u00e7aj, Lind Delia. Fal\u00eb nj\u00eb lobimi m\u00eb t\u00eb fuqish\u00ebm, p\u00ebr edhe nj\u00eb vet\u00ebdije me t\u00eb ngritur p\u00ebr vlerat, ish-Presidenti Mosiu dhe Presidenti Topi u kan\u00eb dh\u00ebn\u00eb k\u00ebtyre artist\u00ebve dhe martir\u00ebve titullin e lart\u00eb \u201cNderi i kombit\u201d. I nj\u00ebjti lobim, k\u00ebsaj radhe me mb\u00ebshtetjen e kryeministrit Berisha dhe ish ministrit t\u00eb Kultur\u00ebs, Bujar Leskaj, ka b\u00ebr\u00eb t\u00eb mundur q\u00eb Gjergj Fishta t\u00eb ket\u00eb t\u00eb parin monument t\u00eb v\u00ebrtet\u00eb n\u00eb qytetin e Lezh\u00ebs. Ka qen\u00eb padyshim e trishtueshme q\u00eb n\u00eb k\u00ebto evenimente me r\u00ebnd\u00ebsi kan\u00eb munguar ata q\u00eb nuk duhej t\u00eb mungonin, duke filluar me kryeministrin, duke vazhduar me kryetaren e Kuvendit e me radh\u00eb. Dhe k\u00ebto mungesa nuk kan\u00eb ndodhur sot kur konflikti me Presidentin ka plasur sheshit, por shum\u00eb koh\u00eb m\u00eb par\u00eb. Nuk \u00ebsht\u00eb puna me mbajt sh\u00ebnim munges\u00ebn e nj\u00eb zyrtari q\u00eb mund t\u00eb k\u00ebt\u00eb pasur nj\u00eb impenjim tjet\u00ebr t\u00eb pandryshuesh\u00ebm. Kjo mund t\u00eb k\u00ebt\u00eb ndodhur nj\u00eb her\u00eb apo dy her\u00eb. Problemi \u00ebsht\u00eb \u201cdialekti\u201d i inatit apo inatishtja, p\u00ebr t\u00eb cil\u00ebn fol\u00ebm n\u00eb k\u00ebt\u00eb shkrim. Ky \u201cdialekt\u201d i ka penguar politikan\u00ebt t\u00eb jen\u00eb bashk\u00eb edhe aty ku nuk ka pasur e nuk ka asnj\u00eb arsye p\u00ebr t\u00eb qen\u00eb t\u00eb ndar\u00eb.<\/p>\n<p>Kultura jon\u00eb politike, kjo e sotmja dhe e nes\u00ebrmja kan\u00eb nj\u00eb sfid\u00eb p\u00ebr t\u00eb p\u00ebrmbushur n\u00eb rrug\u00ebn e modernizimit. Kap\u00ebrcimin e irracionalizmit dhe derivateve t\u00eb tij; nxjerrjen e politik\u00ebs nga kultura e luft\u00ebs s\u00eb vazhdueshme, e luft\u00ebs p\u00ebr jet\u00eb a vdekje.<\/p>\n","protected":false},"excerpt":{"rendered":"<p>Nga Pre\u00e7 Zogaj Diskutim pa lidhje ai p\u00ebr dialektet, q\u00eb gjoja u provokua nga nj\u00eb shk\u00ebmbim replikash midis kryetares s\u00eb Kuvendit, Jozefina Topalli dhe Presidentit t\u00eb Republik\u00ebs, Bamir Topi. E kuptuan t\u00eb gjith\u00eb, me p\u00ebrjashtim t\u00eb sejmen\u00ebve dhe hileqar\u00ebve, se nuk futej fare aty as dialekti geg\u00eb, as dialekti tosk\u00eb, as Gjergj Fishta, as Migjeni, [&hellip;]<\/p>\n","protected":false},"author":1,"featured_media":0,"comment_status":"open","ping_status":"closed","sticky":false,"template":"","format":"standard","meta":{"footnotes":""},"categories":[2],"tags":[],"class_list":{"0":"post-11119","1":"post","2":"type-post","3":"status-publish","4":"format-standard","6":"category-artikuj"},"yoast_head":"<!-- This site is optimized with the Yoast SEO plugin v27.4 - https:\/\/yoast.com\/product\/yoast-seo-wordpress\/ -->\n<title>Topi-Topalli, \u201cdialekti\u201d i inatit - FjALA e LIR\u00cb - Arkivi<\/title>\n<meta name=\"robots\" content=\"index, follow, max-snippet:-1, max-image-preview:large, max-video-preview:-1\" \/>\n<link rel=\"canonical\" href=\"https:\/\/fjala.info\/2009-2015\/topi-topalli-dialekti-i-inatit\/\" \/>\n<meta property=\"og:locale\" content=\"sq_AL\" \/>\n<meta property=\"og:type\" content=\"article\" \/>\n<meta property=\"og:title\" content=\"Topi-Topalli, \u201cdialekti\u201d i inatit - FjALA e LIR\u00cb - Arkivi\" \/>\n<meta property=\"og:description\" content=\"Nga Pre\u00e7 Zogaj Diskutim pa lidhje ai p\u00ebr dialektet, q\u00eb gjoja u provokua nga nj\u00eb shk\u00ebmbim replikash midis kryetares s\u00eb Kuvendit, Jozefina Topalli dhe Presidentit t\u00eb Republik\u00ebs, Bamir Topi. E kuptuan t\u00eb gjith\u00eb, me p\u00ebrjashtim t\u00eb sejmen\u00ebve dhe hileqar\u00ebve, se nuk futej fare aty as dialekti geg\u00eb, as dialekti tosk\u00eb, as Gjergj Fishta, as Migjeni, [&hellip;]\" \/>\n<meta property=\"og:url\" content=\"https:\/\/fjala.info\/2009-2015\/topi-topalli-dialekti-i-inatit\/\" \/>\n<meta property=\"og:site_name\" content=\"FjALA e LIR\u00cb - Arkivi\" \/>\n<meta property=\"article:published_time\" content=\"2011-10-24T11:01:04+00:00\" \/>\n<meta property=\"og:image\" content=\"http:\/\/www.shkoder.net\/images\/fjala\/2011\/topi_topalli_berisha.jpg\" \/>\n<meta name=\"author\" content=\"admin\" \/>\n<meta name=\"twitter:card\" content=\"summary_large_image\" \/>\n<meta name=\"twitter:label1\" content=\"Written by\" \/>\n\t<meta name=\"twitter:data1\" content=\"admin\" \/>\n\t<meta name=\"twitter:label2\" content=\"Est. reading time\" \/>\n\t<meta name=\"twitter:data2\" content=\"9 minutes\" \/>\n<script type=\"application\/ld+json\" class=\"yoast-schema-graph\">{\"@context\":\"https:\\\/\\\/schema.org\",\"@graph\":[{\"@type\":\"Article\",\"@id\":\"https:\\\/\\\/fjala.info\\\/2009-2015\\\/topi-topalli-dialekti-i-inatit\\\/#article\",\"isPartOf\":{\"@id\":\"https:\\\/\\\/fjala.info\\\/2009-2015\\\/topi-topalli-dialekti-i-inatit\\\/\"},\"author\":{\"name\":\"admin\",\"@id\":\"https:\\\/\\\/fjala.info\\\/2009-2015\\\/#\\\/schema\\\/person\\\/3aa1163ef05469c496fc94e77611ada2\"},\"headline\":\"Topi-Topalli, \u201cdialekti\u201d i inatit\",\"datePublished\":\"2011-10-24T11:01:04+00:00\",\"mainEntityOfPage\":{\"@id\":\"https:\\\/\\\/fjala.info\\\/2009-2015\\\/topi-topalli-dialekti-i-inatit\\\/\"},\"wordCount\":1721,\"commentCount\":0,\"publisher\":{\"@id\":\"https:\\\/\\\/fjala.info\\\/2009-2015\\\/#organization\"},\"image\":{\"@id\":\"https:\\\/\\\/fjala.info\\\/2009-2015\\\/topi-topalli-dialekti-i-inatit\\\/#primaryimage\"},\"thumbnailUrl\":\"http:\\\/\\\/www.shkoder.net\\\/images\\\/fjala\\\/2011\\\/topi_topalli_berisha.jpg\",\"articleSection\":[\"Artikuj\"],\"inLanguage\":\"sq-AL\",\"potentialAction\":[{\"@type\":\"CommentAction\",\"name\":\"Comment\",\"target\":[\"https:\\\/\\\/fjala.info\\\/2009-2015\\\/topi-topalli-dialekti-i-inatit\\\/#respond\"]}]},{\"@type\":\"WebPage\",\"@id\":\"https:\\\/\\\/fjala.info\\\/2009-2015\\\/topi-topalli-dialekti-i-inatit\\\/\",\"url\":\"https:\\\/\\\/fjala.info\\\/2009-2015\\\/topi-topalli-dialekti-i-inatit\\\/\",\"name\":\"Topi-Topalli, \u201cdialekti\u201d i inatit - FjALA e LIR\u00cb - Arkivi\",\"isPartOf\":{\"@id\":\"https:\\\/\\\/fjala.info\\\/2009-2015\\\/#website\"},\"primaryImageOfPage\":{\"@id\":\"https:\\\/\\\/fjala.info\\\/2009-2015\\\/topi-topalli-dialekti-i-inatit\\\/#primaryimage\"},\"image\":{\"@id\":\"https:\\\/\\\/fjala.info\\\/2009-2015\\\/topi-topalli-dialekti-i-inatit\\\/#primaryimage\"},\"thumbnailUrl\":\"http:\\\/\\\/www.shkoder.net\\\/images\\\/fjala\\\/2011\\\/topi_topalli_berisha.jpg\",\"datePublished\":\"2011-10-24T11:01:04+00:00\",\"breadcrumb\":{\"@id\":\"https:\\\/\\\/fjala.info\\\/2009-2015\\\/topi-topalli-dialekti-i-inatit\\\/#breadcrumb\"},\"inLanguage\":\"sq-AL\",\"potentialAction\":[{\"@type\":\"ReadAction\",\"target\":[\"https:\\\/\\\/fjala.info\\\/2009-2015\\\/topi-topalli-dialekti-i-inatit\\\/\"]}]},{\"@type\":\"ImageObject\",\"inLanguage\":\"sq-AL\",\"@id\":\"https:\\\/\\\/fjala.info\\\/2009-2015\\\/topi-topalli-dialekti-i-inatit\\\/#primaryimage\",\"url\":\"http:\\\/\\\/www.shkoder.net\\\/images\\\/fjala\\\/2011\\\/topi_topalli_berisha.jpg\",\"contentUrl\":\"http:\\\/\\\/www.shkoder.net\\\/images\\\/fjala\\\/2011\\\/topi_topalli_berisha.jpg\"},{\"@type\":\"BreadcrumbList\",\"@id\":\"https:\\\/\\\/fjala.info\\\/2009-2015\\\/topi-topalli-dialekti-i-inatit\\\/#breadcrumb\",\"itemListElement\":[{\"@type\":\"ListItem\",\"position\":1,\"name\":\"Home\",\"item\":\"https:\\\/\\\/fjala.info\\\/2009-2015\\\/\"},{\"@type\":\"ListItem\",\"position\":2,\"name\":\"Topi-Topalli, \u201cdialekti\u201d i inatit\"}]},{\"@type\":\"WebSite\",\"@id\":\"https:\\\/\\\/fjala.info\\\/2009-2015\\\/#website\",\"url\":\"https:\\\/\\\/fjala.info\\\/2009-2015\\\/\",\"name\":\"FjALA e LIR\u00cb - Arkivi\",\"description\":\"Arkivi 2009-2015\",\"publisher\":{\"@id\":\"https:\\\/\\\/fjala.info\\\/2009-2015\\\/#organization\"},\"potentialAction\":[{\"@type\":\"SearchAction\",\"target\":{\"@type\":\"EntryPoint\",\"urlTemplate\":\"https:\\\/\\\/fjala.info\\\/2009-2015\\\/?s={search_term_string}\"},\"query-input\":{\"@type\":\"PropertyValueSpecification\",\"valueRequired\":true,\"valueName\":\"search_term_string\"}}],\"inLanguage\":\"sq-AL\"},{\"@type\":\"Organization\",\"@id\":\"https:\\\/\\\/fjala.info\\\/2009-2015\\\/#organization\",\"name\":\"FjALA e LIR\u00cb - Arkivi\",\"url\":\"https:\\\/\\\/fjala.info\\\/2009-2015\\\/\",\"logo\":{\"@type\":\"ImageObject\",\"inLanguage\":\"sq-AL\",\"@id\":\"https:\\\/\\\/fjala.info\\\/2009-2015\\\/#\\\/schema\\\/logo\\\/image\\\/\",\"url\":\"\",\"contentUrl\":\"\",\"caption\":\"FjALA e LIR\u00cb - Arkivi\"},\"image\":{\"@id\":\"https:\\\/\\\/fjala.info\\\/2009-2015\\\/#\\\/schema\\\/logo\\\/image\\\/\"}},{\"@type\":\"Person\",\"@id\":\"https:\\\/\\\/fjala.info\\\/2009-2015\\\/#\\\/schema\\\/person\\\/3aa1163ef05469c496fc94e77611ada2\",\"name\":\"admin\",\"image\":{\"@type\":\"ImageObject\",\"inLanguage\":\"sq-AL\",\"@id\":\"https:\\\/\\\/fjala.info\\\/2009-2015\\\/wp-content\\\/uploads\\\/2012\\\/02\\\/arben_cokaj-120x150.jpg\",\"url\":\"https:\\\/\\\/fjala.info\\\/2009-2015\\\/wp-content\\\/uploads\\\/2012\\\/02\\\/arben_cokaj-120x150.jpg\",\"contentUrl\":\"https:\\\/\\\/fjala.info\\\/2009-2015\\\/wp-content\\\/uploads\\\/2012\\\/02\\\/arben_cokaj-120x150.jpg\",\"caption\":\"admin\"},\"description\":\"Admin, Fjala e Lir\u00eb\",\"sameAs\":[\"https:\\\/\\\/fjala.info\\\/\"],\"url\":\"https:\\\/\\\/fjala.info\\\/2009-2015\\\/author\\\/admin\\\/\"}]}<\/script>\n<!-- \/ Yoast SEO plugin. -->","yoast_head_json":{"title":"Topi-Topalli, \u201cdialekti\u201d i inatit - FjALA e LIR\u00cb - Arkivi","robots":{"index":"index","follow":"follow","max-snippet":"max-snippet:-1","max-image-preview":"max-image-preview:large","max-video-preview":"max-video-preview:-1"},"canonical":"https:\/\/fjala.info\/2009-2015\/topi-topalli-dialekti-i-inatit\/","og_locale":"sq_AL","og_type":"article","og_title":"Topi-Topalli, \u201cdialekti\u201d i inatit - FjALA e LIR\u00cb - Arkivi","og_description":"Nga Pre\u00e7 Zogaj Diskutim pa lidhje ai p\u00ebr dialektet, q\u00eb gjoja u provokua nga nj\u00eb shk\u00ebmbim replikash midis kryetares s\u00eb Kuvendit, Jozefina Topalli dhe Presidentit t\u00eb Republik\u00ebs, Bamir Topi. E kuptuan t\u00eb gjith\u00eb, me p\u00ebrjashtim t\u00eb sejmen\u00ebve dhe hileqar\u00ebve, se nuk futej fare aty as dialekti geg\u00eb, as dialekti tosk\u00eb, as Gjergj Fishta, as Migjeni, [&hellip;]","og_url":"https:\/\/fjala.info\/2009-2015\/topi-topalli-dialekti-i-inatit\/","og_site_name":"FjALA e LIR\u00cb - Arkivi","article_published_time":"2011-10-24T11:01:04+00:00","og_image":[{"url":"http:\/\/www.shkoder.net\/images\/fjala\/2011\/topi_topalli_berisha.jpg","type":"","width":"","height":""}],"author":"admin","twitter_card":"summary_large_image","twitter_misc":{"Written by":"admin","Est. reading time":"9 minutes"},"schema":{"@context":"https:\/\/schema.org","@graph":[{"@type":"Article","@id":"https:\/\/fjala.info\/2009-2015\/topi-topalli-dialekti-i-inatit\/#article","isPartOf":{"@id":"https:\/\/fjala.info\/2009-2015\/topi-topalli-dialekti-i-inatit\/"},"author":{"name":"admin","@id":"https:\/\/fjala.info\/2009-2015\/#\/schema\/person\/3aa1163ef05469c496fc94e77611ada2"},"headline":"Topi-Topalli, \u201cdialekti\u201d i inatit","datePublished":"2011-10-24T11:01:04+00:00","mainEntityOfPage":{"@id":"https:\/\/fjala.info\/2009-2015\/topi-topalli-dialekti-i-inatit\/"},"wordCount":1721,"commentCount":0,"publisher":{"@id":"https:\/\/fjala.info\/2009-2015\/#organization"},"image":{"@id":"https:\/\/fjala.info\/2009-2015\/topi-topalli-dialekti-i-inatit\/#primaryimage"},"thumbnailUrl":"http:\/\/www.shkoder.net\/images\/fjala\/2011\/topi_topalli_berisha.jpg","articleSection":["Artikuj"],"inLanguage":"sq-AL","potentialAction":[{"@type":"CommentAction","name":"Comment","target":["https:\/\/fjala.info\/2009-2015\/topi-topalli-dialekti-i-inatit\/#respond"]}]},{"@type":"WebPage","@id":"https:\/\/fjala.info\/2009-2015\/topi-topalli-dialekti-i-inatit\/","url":"https:\/\/fjala.info\/2009-2015\/topi-topalli-dialekti-i-inatit\/","name":"Topi-Topalli, \u201cdialekti\u201d i inatit - FjALA e LIR\u00cb - Arkivi","isPartOf":{"@id":"https:\/\/fjala.info\/2009-2015\/#website"},"primaryImageOfPage":{"@id":"https:\/\/fjala.info\/2009-2015\/topi-topalli-dialekti-i-inatit\/#primaryimage"},"image":{"@id":"https:\/\/fjala.info\/2009-2015\/topi-topalli-dialekti-i-inatit\/#primaryimage"},"thumbnailUrl":"http:\/\/www.shkoder.net\/images\/fjala\/2011\/topi_topalli_berisha.jpg","datePublished":"2011-10-24T11:01:04+00:00","breadcrumb":{"@id":"https:\/\/fjala.info\/2009-2015\/topi-topalli-dialekti-i-inatit\/#breadcrumb"},"inLanguage":"sq-AL","potentialAction":[{"@type":"ReadAction","target":["https:\/\/fjala.info\/2009-2015\/topi-topalli-dialekti-i-inatit\/"]}]},{"@type":"ImageObject","inLanguage":"sq-AL","@id":"https:\/\/fjala.info\/2009-2015\/topi-topalli-dialekti-i-inatit\/#primaryimage","url":"http:\/\/www.shkoder.net\/images\/fjala\/2011\/topi_topalli_berisha.jpg","contentUrl":"http:\/\/www.shkoder.net\/images\/fjala\/2011\/topi_topalli_berisha.jpg"},{"@type":"BreadcrumbList","@id":"https:\/\/fjala.info\/2009-2015\/topi-topalli-dialekti-i-inatit\/#breadcrumb","itemListElement":[{"@type":"ListItem","position":1,"name":"Home","item":"https:\/\/fjala.info\/2009-2015\/"},{"@type":"ListItem","position":2,"name":"Topi-Topalli, \u201cdialekti\u201d i inatit"}]},{"@type":"WebSite","@id":"https:\/\/fjala.info\/2009-2015\/#website","url":"https:\/\/fjala.info\/2009-2015\/","name":"FjALA e LIR\u00cb - Arkivi","description":"Arkivi 2009-2015","publisher":{"@id":"https:\/\/fjala.info\/2009-2015\/#organization"},"potentialAction":[{"@type":"SearchAction","target":{"@type":"EntryPoint","urlTemplate":"https:\/\/fjala.info\/2009-2015\/?s={search_term_string}"},"query-input":{"@type":"PropertyValueSpecification","valueRequired":true,"valueName":"search_term_string"}}],"inLanguage":"sq-AL"},{"@type":"Organization","@id":"https:\/\/fjala.info\/2009-2015\/#organization","name":"FjALA e LIR\u00cb - Arkivi","url":"https:\/\/fjala.info\/2009-2015\/","logo":{"@type":"ImageObject","inLanguage":"sq-AL","@id":"https:\/\/fjala.info\/2009-2015\/#\/schema\/logo\/image\/","url":"","contentUrl":"","caption":"FjALA e LIR\u00cb - Arkivi"},"image":{"@id":"https:\/\/fjala.info\/2009-2015\/#\/schema\/logo\/image\/"}},{"@type":"Person","@id":"https:\/\/fjala.info\/2009-2015\/#\/schema\/person\/3aa1163ef05469c496fc94e77611ada2","name":"admin","image":{"@type":"ImageObject","inLanguage":"sq-AL","@id":"https:\/\/fjala.info\/2009-2015\/wp-content\/uploads\/2012\/02\/arben_cokaj-120x150.jpg","url":"https:\/\/fjala.info\/2009-2015\/wp-content\/uploads\/2012\/02\/arben_cokaj-120x150.jpg","contentUrl":"https:\/\/fjala.info\/2009-2015\/wp-content\/uploads\/2012\/02\/arben_cokaj-120x150.jpg","caption":"admin"},"description":"Admin, Fjala e Lir\u00eb","sameAs":["https:\/\/fjala.info\/"],"url":"https:\/\/fjala.info\/2009-2015\/author\/admin\/"}]}},"_links":{"self":[{"href":"https:\/\/fjala.info\/2009-2015\/wp-json\/wp\/v2\/posts\/11119","targetHints":{"allow":["GET"]}}],"collection":[{"href":"https:\/\/fjala.info\/2009-2015\/wp-json\/wp\/v2\/posts"}],"about":[{"href":"https:\/\/fjala.info\/2009-2015\/wp-json\/wp\/v2\/types\/post"}],"author":[{"embeddable":true,"href":"https:\/\/fjala.info\/2009-2015\/wp-json\/wp\/v2\/users\/1"}],"replies":[{"embeddable":true,"href":"https:\/\/fjala.info\/2009-2015\/wp-json\/wp\/v2\/comments?post=11119"}],"version-history":[{"count":0,"href":"https:\/\/fjala.info\/2009-2015\/wp-json\/wp\/v2\/posts\/11119\/revisions"}],"wp:attachment":[{"href":"https:\/\/fjala.info\/2009-2015\/wp-json\/wp\/v2\/media?parent=11119"}],"wp:term":[{"taxonomy":"category","embeddable":true,"href":"https:\/\/fjala.info\/2009-2015\/wp-json\/wp\/v2\/categories?post=11119"},{"taxonomy":"post_tag","embeddable":true,"href":"https:\/\/fjala.info\/2009-2015\/wp-json\/wp\/v2\/tags?post=11119"}],"curies":[{"name":"wp","href":"https:\/\/api.w.org\/{rel}","templated":true}]}}