{"id":11110,"date":"2011-10-24T11:21:09","date_gmt":"2011-10-24T10:21:09","guid":{"rendered":"http:\/\/fjala.shkoder.net\/?p=11110"},"modified":"2011-10-24T11:21:09","modified_gmt":"2011-10-24T10:21:09","slug":"per-disa-qe-hanin-femijet","status":"publish","type":"post","link":"https:\/\/fjala.info\/2009-2015\/per-disa-qe-hanin-femijet\/","title":{"rendered":"P\u00ebr disa q\u00eb hanin f\u00ebmij\u00ebt"},"content":{"rendered":"<p><img decoding=\"async\" class=\"alignright size-thumbnail wp-image-7236\" title=\"Umberto Eco\" src=\"http:\/\/www.shkoder.net\/images\/fjala\/2011\/umberto_eco.jpg\" alt=\"\" width=\"150\" \/> <strong>Umberto Eco<\/strong><\/p>\n<p>Pata z\u00ebn\u00eb vend n\u00eb tren dhe po lexoja gazet\u00ebn, kur zot\u00ebria aty pran\u00eb filloi ta ngiste llafin: \u201cA e shihni n\u00eb \u00e7\u2019koh\u00ebra po jetojm\u00eb? Besoj e lexuat sot lajmin p\u00ebr at\u00eb tipin q\u00eb vrau gruan shtatz\u00ebn\u00eb. Keni d\u00ebgjuar besoj edhe p\u00ebr ata t\u00eb dy q\u00eb ca muaj m\u00eb par\u00eb masakruan familjen e fqinjit, p\u00ebr t\u00eb vetmin shkak se kishin ngritur paksa volumin e radios?Pop\u00ebr at\u00eb prostitut\u00ebn rumune, q\u00eb p\u00ebr nj\u00eb z\u00ebnk\u00eb kot m\u00eb kot ia rrasi \u00e7adr\u00ebn n\u00eb sy t\u00eb bij\u00ebs s\u00eb bot\u00ebs? Pastaj, koh\u00ebt e fundit, sa n\u00ebna kan\u00eb vrar\u00eb f\u00ebmij\u00ebt e tyre?Poai q\u00eb vrau t\u00eb bij\u00ebn (s\u2019\u00ebsht\u00eb as p\u00ebr t\u00eb th\u00ebn\u00eb, por ky ishte ekstrakomunitar dhe musliman madje) vet\u00ebm q\u00eb ajo t\u00eb mos martohej me nj\u00eb kristian? Dhe, po t\u00eb kthehemi pak prapa, ju kujtohet ajo vajza ngaNoviq\u00eb masakroi n\u00ebn\u00eb e v\u00eblla\u00e7ko bashk\u00eb?Poata q\u00eb rr\u00ebmbyen f\u00ebmij\u00ebn e komshiut e mandej e vran\u00eb vet\u00ebm sepse i bezdiste me t\u00eb qarat e tij? \u00c7\u2019b\u00ebhet k\u00ebshtu, more?!\u201d<\/p>\n<p>Iu ktheva e i thash\u00eb se, me sa dukej, ai nuk i dinte t\u00eb gjitha.Pot\u00eb kishte lexuar me v\u00ebmendje edhe ato q\u00eb pata lexuar un\u00eb (n\u00eb internet madje), do t\u2019i binte mendjes se lista nuk mbyllet me kaq. Keni lexuar p\u00ebr ngjarjen e Pia\u00e7enc\u00ebs? Nj\u00ebfar\u00eb Mennini, p\u00ebr t\u00eb shp\u00ebrblyer at\u00eb q\u00eb e ndihmoi n\u00eb biznes i la n\u00eb dor\u00eb t\u00eb bij\u00ebn, edhe pse e dinte mir\u00eb se ishte njeri pa skrupuj dhe do ta masakronte. E pastaj u largua qet\u00eb-qet\u00eb n\u00eb pun\u00eb t\u00eb vet, pa e b\u00ebr\u00eb qejfin qeder. Nd\u00ebrkoh\u00eb, meq\u00eb i shoqi ishte ende larg, nj\u00ebfar\u00eb Egidi, ashik me t\u00eb ardhme t\u00eb ndritur, filloi t\u2019i vardisej zonj\u00ebs Mennini dhe e shtiu n\u00eb dor\u00eb. U rehatua paq n\u00eb sht\u00ebpin\u00eb e saj dhe kur burri u kthye nga udh\u00ebtimi, n\u00eb bashk\u00ebpunim me jaranen, e hoq\u00ebn qafe,. Nuk di kujt ia hodh\u00ebn fajin p\u00ebr k\u00ebt\u00eb krim, b\u00ebn\u00eb sikur u p\u00ebrlot\u00ebn gjat\u00eb varrimit, por djali i Menninit i ra hiles. Kthehet nga jasht\u00eb shtetit ku studjonte me nj\u00eb burs\u00eb Erasmus, vret Egidin dhe s\u2019u k\u00ebnaq me kaq, por vrau edhe t\u2019\u00ebm\u00ebn (pati dor\u00eb dhe e bija, sepse donte ta shp\u00ebtonte v\u00ebllan\u00eb duke u dh\u00ebn\u00eb hetuesve indicje t\u00eb rreme). \u201cDreq o pun\u00eb!\u201d \u2013 psher\u00ebtiu zot\u00ebria.<\/p>\n<p>Pop\u00ebr zonj\u00ebn Medi di Molfetta, ke d\u00ebgjuar? Burri e ndau dhe ajo p\u00ebr t\u2019u hakmarr\u00eb ia vrau djemt\u00eb, ngaq\u00eb e dinte se i shoqi i kishte pik\u00eb t\u00eb dob\u00ebt. \u201cP\u00ebr per\u00ebndi, s\u2019paska m\u00eb bes\u00eb e fe, n\u00eb vend t\u2019i priste herdhet burrit p\u00ebr inat t\u00eb shemr\u00ebs, shkon e vret evlat\u00ebrit e saj\u201d \u2013 fillon t\u00eb qahet bashk\u00ebudh\u00ebtari im. \u201cPon\u00ebna jan\u00eb k\u00ebto? Them se do jet\u00eb ndikuar nga televizioni dhe nga ca programe t\u00eb dhunshme q\u00eb i b\u00ebjn\u00eb ata komunist\u00ebt.\u201d<\/p>\n<p>Tani s\u2019i shqitem m\u00eb. I them se mbase zot\u00ebria s\u2019ka d\u00ebgjuar gj\u00eb p\u00ebr nj\u00ebfar\u00eb Croni di Saturnia, i cili p\u00ebr pun\u00eb trash\u00ebgimie a ku ta di un\u00eb se p\u00ebr \u00e7far\u00eb, ia k\u00ebputi herdhet t\u2019atit. Pastaj, ngaq\u00eb s\u2019donte f\u00ebmij\u00eb dhe nj\u00eblloj haku e kishte, fal\u00eb p\u00ebrvoj\u00ebs q\u00eb krijoi nga marr\u00ebdh\u00ebnia at\u00ebrore, e detyroi gruan t\u00eb d\u00ebshtoj\u00eb dhe ia kullufiti fetusin e shkret\u00eb. M\u00eb kthehet zot\u00ebria: \u201cMos vall\u00eb ky b\u00ebnte pjes\u00eb n\u00eb ndonj\u00eb sekt satanik, mos kur ka qen\u00eb i ri ka pas\u00eb hedhur gur\u00eb nga urat mbi autostrad\u00eb, e mos kushedi komshinjt\u00eb e mbanin p\u00ebr djal\u00eb t\u00eb mir\u00eb? Le q\u00eb \u00e7\u2019e nget m\u00eb tej, ja, n\u00eb gazet\u00ebn q\u00eb po lexon zot\u00ebria juaj, tanim\u00eb po i thurrin lavde abortit dhe martesave mes travestit\u00ebve.\u201d<\/p>\n<p>Gjithsesi, i them, pjesa d\u00ebrmuese e krimeve seksuale sot po kryhet brenda gjirit t\u00eb familjes. B\u00ebn vaki keni d\u00ebgjuar p\u00ebr nj\u00eb Lai di Battipaglia q\u00eb e vrau i biri; pastaj ky vajti e ra me t\u2019\u00ebm\u00ebn, dhe kjo vrau veten, ngaq\u00eb s\u2019e duronte dot k\u00ebt\u00eb turp.Podhe n\u00eb nj\u00eb qytez\u00eb aty af\u00ebr, ca t\u00eb quajtur v\u00ebllez\u00ebrit Tiesti, vran\u00eb p\u00ebr interes v\u00ebllan\u00eb prej babe; pastaj nj\u00ebri nga t\u00eb dy u lidh me gruan e tjetrit dhe, ky i fundit, p\u00ebr t\u00eb marr\u00eb hak, ia therri djemt\u00eb, i poqi n\u00eb zgar\u00eb e ia gostiti n\u00eb tryez\u00eb t\u00eb v\u00ebllait. Dhe ky i p\u00ebrlau si t\u00eb ishin hamburgera Big Mac, pa ditur fare se \u00e7\u2019po kap\u00ebrdinte.<\/p>\n<p>\u201cKrisht o per\u00ebndi, \u2013 thot\u00eb bashk\u00ebbiseduesi im, \u2013 po \u00e7\u2019ishin k\u00ebta vall\u00eb, italian\u00eb apo ekstrakomunitar\u00eb?\u201d Jo, ia pres un\u00eb, se t\u00eb g\u00ebnjeva nj\u00eb fije p\u00ebr emrat dhe p\u00ebr vendet. T\u00eb gjith\u00eb k\u00ebta ishin grek\u00eb dhe ndodhit\u00eb q\u00eb t\u00eb rr\u00ebfeva nuk i kam lexuar n\u00ebp\u00ebr gazeta, por n\u00eb fjalorin e mitologjis\u00eb. Zoti Mennini ishte Agamemnoni, q\u00eb vajz\u00ebn ua blatoi zotave p\u00ebr t\u00eb patur fat n\u00eb ekspedit\u00ebn e Troj\u00ebs; vras\u00ebsi i tij q\u00eb un\u00eb e quajta Egidi, n\u00eb t\u00eb v\u00ebrtet\u00eb ishte Egjisti, gruaja bes\u00ebshkal\u00eb ishte Klitemnestra, t\u00eb cil\u00ebn m\u00eb pas e vrau i biri, Oresti. Zonja Medi ishte Medea, zoti Croni ishte Kroni, romak\u00ebt i thoshin Saturni, zoti Lai ishte Laiu, i vrar\u00eb nga i biri, Edipi, kurse gruaja q\u00eb kreu in\u00e7est ishte Jokasta. M\u00eb n\u00eb fund e m\u00eb n\u00eb bisht, v\u00ebllez\u00ebrit Tiesti ishin Tiesti q\u00eb h\u00ebngri f\u00ebmij\u00ebt e vet dhe i v\u00ebllai, Atreu. Fundja k\u00ebto mite jan\u00eb djepi i qytet\u00ebrimit ton\u00eb, s\u2019jemi n\u00eb k\u00ebt\u00eb bot\u00eb vet\u00ebm fal\u00eb martes\u00ebs s\u00eb Kadmit me Harmonin\u00eb. Asokohe, p\u00ebr k\u00ebto ndodhira hera-her\u00ebs shkruhej nj\u00eb tragjedi apo nj\u00eb poem\u00eb, nd\u00ebrsa sot gazetar\u00ebt turren pas kronik\u00ebs s\u00eb zez\u00eb dhe me t\u00eb mbushin vet\u00ebm nja dy-tri faqe. Mbasandaj, po t\u00eb llogarisim q\u00eb sot jemi gjasht\u00eb miliard\u00eb, kurse at\u00ebhere popullata e bot\u00ebs q\u00eb njihej ishte aty tek dhjet\u00ebmilion\u00ebshi, dhe po t\u00eb b\u00ebjm\u00eb raportin, i bie q\u00eb m\u00eb tep\u00ebr vriteshin at\u00ebbot\u00eb se sa sot. T\u00eb pakt\u00ebn n\u00eb jet\u00ebn e p\u00ebrditshme, duke p\u00ebrjashtuar luft\u00ebrat. Ngaq\u00eb ku i dihet, mbase Agamemnoni ka qen\u00eb ku e ku m\u00eb i keq se Bushi.<\/p>\n<p><em>P\u00ebrktheu: Henrik Ligori \/ ResPublica <\/em><\/p>\n","protected":false},"excerpt":{"rendered":"<p>Umberto Eco Pata z\u00ebn\u00eb vend n\u00eb tren dhe po lexoja gazet\u00ebn, kur zot\u00ebria aty pran\u00eb filloi ta ngiste llafin: \u201cA e shihni n\u00eb \u00e7\u2019koh\u00ebra po jetojm\u00eb? Besoj e lexuat sot lajmin p\u00ebr at\u00eb tipin q\u00eb vrau gruan shtatz\u00ebn\u00eb. Keni d\u00ebgjuar besoj edhe p\u00ebr ata t\u00eb dy q\u00eb ca muaj m\u00eb par\u00eb masakruan familjen e fqinjit, [&hellip;]<\/p>\n","protected":false},"author":1,"featured_media":0,"comment_status":"open","ping_status":"closed","sticky":false,"template":"","format":"standard","meta":{"footnotes":""},"categories":[2],"tags":[],"class_list":{"0":"post-11110","1":"post","2":"type-post","3":"status-publish","4":"format-standard","6":"category-artikuj"},"yoast_head":"<!-- This site is optimized with the Yoast SEO plugin v27.4 - https:\/\/yoast.com\/product\/yoast-seo-wordpress\/ -->\n<title>P\u00ebr disa q\u00eb hanin f\u00ebmij\u00ebt - FjALA e LIR\u00cb - Arkivi<\/title>\n<meta name=\"robots\" content=\"index, follow, max-snippet:-1, max-image-preview:large, max-video-preview:-1\" \/>\n<link rel=\"canonical\" href=\"https:\/\/fjala.info\/2009-2015\/per-disa-qe-hanin-femijet\/\" \/>\n<meta property=\"og:locale\" content=\"sq_AL\" \/>\n<meta property=\"og:type\" content=\"article\" \/>\n<meta property=\"og:title\" content=\"P\u00ebr disa q\u00eb hanin f\u00ebmij\u00ebt - FjALA e LIR\u00cb - Arkivi\" \/>\n<meta property=\"og:description\" content=\"Umberto Eco Pata z\u00ebn\u00eb vend n\u00eb tren dhe po lexoja gazet\u00ebn, kur zot\u00ebria aty pran\u00eb filloi ta ngiste llafin: \u201cA e shihni n\u00eb \u00e7\u2019koh\u00ebra po jetojm\u00eb? Besoj e lexuat sot lajmin p\u00ebr at\u00eb tipin q\u00eb vrau gruan shtatz\u00ebn\u00eb. Keni d\u00ebgjuar besoj edhe p\u00ebr ata t\u00eb dy q\u00eb ca muaj m\u00eb par\u00eb masakruan familjen e fqinjit, [&hellip;]\" \/>\n<meta property=\"og:url\" content=\"https:\/\/fjala.info\/2009-2015\/per-disa-qe-hanin-femijet\/\" \/>\n<meta property=\"og:site_name\" content=\"FjALA e LIR\u00cb - Arkivi\" \/>\n<meta property=\"article:published_time\" content=\"2011-10-24T10:21:09+00:00\" \/>\n<meta property=\"og:image\" content=\"http:\/\/www.shkoder.net\/images\/fjala\/2011\/umberto_eco.jpg\" \/>\n<meta name=\"author\" content=\"admin\" \/>\n<meta name=\"twitter:card\" content=\"summary_large_image\" \/>\n<meta name=\"twitter:label1\" content=\"Written by\" \/>\n\t<meta name=\"twitter:data1\" content=\"admin\" \/>\n\t<meta name=\"twitter:label2\" content=\"Est. reading time\" \/>\n\t<meta name=\"twitter:data2\" content=\"6 minutes\" \/>\n<script type=\"application\/ld+json\" class=\"yoast-schema-graph\">{\"@context\":\"https:\\\/\\\/schema.org\",\"@graph\":[{\"@type\":\"Article\",\"@id\":\"https:\\\/\\\/fjala.info\\\/2009-2015\\\/per-disa-qe-hanin-femijet\\\/#article\",\"isPartOf\":{\"@id\":\"https:\\\/\\\/fjala.info\\\/2009-2015\\\/per-disa-qe-hanin-femijet\\\/\"},\"author\":{\"name\":\"admin\",\"@id\":\"https:\\\/\\\/fjala.info\\\/2009-2015\\\/#\\\/schema\\\/person\\\/3aa1163ef05469c496fc94e77611ada2\"},\"headline\":\"P\u00ebr disa q\u00eb hanin f\u00ebmij\u00ebt\",\"datePublished\":\"2011-10-24T10:21:09+00:00\",\"mainEntityOfPage\":{\"@id\":\"https:\\\/\\\/fjala.info\\\/2009-2015\\\/per-disa-qe-hanin-femijet\\\/\"},\"wordCount\":1114,\"commentCount\":0,\"publisher\":{\"@id\":\"https:\\\/\\\/fjala.info\\\/2009-2015\\\/#organization\"},\"image\":{\"@id\":\"https:\\\/\\\/fjala.info\\\/2009-2015\\\/per-disa-qe-hanin-femijet\\\/#primaryimage\"},\"thumbnailUrl\":\"http:\\\/\\\/www.shkoder.net\\\/images\\\/fjala\\\/2011\\\/umberto_eco.jpg\",\"articleSection\":[\"Artikuj\"],\"inLanguage\":\"sq-AL\",\"potentialAction\":[{\"@type\":\"CommentAction\",\"name\":\"Comment\",\"target\":[\"https:\\\/\\\/fjala.info\\\/2009-2015\\\/per-disa-qe-hanin-femijet\\\/#respond\"]}]},{\"@type\":\"WebPage\",\"@id\":\"https:\\\/\\\/fjala.info\\\/2009-2015\\\/per-disa-qe-hanin-femijet\\\/\",\"url\":\"https:\\\/\\\/fjala.info\\\/2009-2015\\\/per-disa-qe-hanin-femijet\\\/\",\"name\":\"P\u00ebr disa q\u00eb hanin f\u00ebmij\u00ebt - FjALA e LIR\u00cb - Arkivi\",\"isPartOf\":{\"@id\":\"https:\\\/\\\/fjala.info\\\/2009-2015\\\/#website\"},\"primaryImageOfPage\":{\"@id\":\"https:\\\/\\\/fjala.info\\\/2009-2015\\\/per-disa-qe-hanin-femijet\\\/#primaryimage\"},\"image\":{\"@id\":\"https:\\\/\\\/fjala.info\\\/2009-2015\\\/per-disa-qe-hanin-femijet\\\/#primaryimage\"},\"thumbnailUrl\":\"http:\\\/\\\/www.shkoder.net\\\/images\\\/fjala\\\/2011\\\/umberto_eco.jpg\",\"datePublished\":\"2011-10-24T10:21:09+00:00\",\"breadcrumb\":{\"@id\":\"https:\\\/\\\/fjala.info\\\/2009-2015\\\/per-disa-qe-hanin-femijet\\\/#breadcrumb\"},\"inLanguage\":\"sq-AL\",\"potentialAction\":[{\"@type\":\"ReadAction\",\"target\":[\"https:\\\/\\\/fjala.info\\\/2009-2015\\\/per-disa-qe-hanin-femijet\\\/\"]}]},{\"@type\":\"ImageObject\",\"inLanguage\":\"sq-AL\",\"@id\":\"https:\\\/\\\/fjala.info\\\/2009-2015\\\/per-disa-qe-hanin-femijet\\\/#primaryimage\",\"url\":\"http:\\\/\\\/www.shkoder.net\\\/images\\\/fjala\\\/2011\\\/umberto_eco.jpg\",\"contentUrl\":\"http:\\\/\\\/www.shkoder.net\\\/images\\\/fjala\\\/2011\\\/umberto_eco.jpg\"},{\"@type\":\"BreadcrumbList\",\"@id\":\"https:\\\/\\\/fjala.info\\\/2009-2015\\\/per-disa-qe-hanin-femijet\\\/#breadcrumb\",\"itemListElement\":[{\"@type\":\"ListItem\",\"position\":1,\"name\":\"Home\",\"item\":\"https:\\\/\\\/fjala.info\\\/2009-2015\\\/\"},{\"@type\":\"ListItem\",\"position\":2,\"name\":\"P\u00ebr disa q\u00eb hanin f\u00ebmij\u00ebt\"}]},{\"@type\":\"WebSite\",\"@id\":\"https:\\\/\\\/fjala.info\\\/2009-2015\\\/#website\",\"url\":\"https:\\\/\\\/fjala.info\\\/2009-2015\\\/\",\"name\":\"FjALA e LIR\u00cb - Arkivi\",\"description\":\"Arkivi 2009-2015\",\"publisher\":{\"@id\":\"https:\\\/\\\/fjala.info\\\/2009-2015\\\/#organization\"},\"potentialAction\":[{\"@type\":\"SearchAction\",\"target\":{\"@type\":\"EntryPoint\",\"urlTemplate\":\"https:\\\/\\\/fjala.info\\\/2009-2015\\\/?s={search_term_string}\"},\"query-input\":{\"@type\":\"PropertyValueSpecification\",\"valueRequired\":true,\"valueName\":\"search_term_string\"}}],\"inLanguage\":\"sq-AL\"},{\"@type\":\"Organization\",\"@id\":\"https:\\\/\\\/fjala.info\\\/2009-2015\\\/#organization\",\"name\":\"FjALA e LIR\u00cb - Arkivi\",\"url\":\"https:\\\/\\\/fjala.info\\\/2009-2015\\\/\",\"logo\":{\"@type\":\"ImageObject\",\"inLanguage\":\"sq-AL\",\"@id\":\"https:\\\/\\\/fjala.info\\\/2009-2015\\\/#\\\/schema\\\/logo\\\/image\\\/\",\"url\":\"\",\"contentUrl\":\"\",\"caption\":\"FjALA e LIR\u00cb - Arkivi\"},\"image\":{\"@id\":\"https:\\\/\\\/fjala.info\\\/2009-2015\\\/#\\\/schema\\\/logo\\\/image\\\/\"}},{\"@type\":\"Person\",\"@id\":\"https:\\\/\\\/fjala.info\\\/2009-2015\\\/#\\\/schema\\\/person\\\/3aa1163ef05469c496fc94e77611ada2\",\"name\":\"admin\",\"image\":{\"@type\":\"ImageObject\",\"inLanguage\":\"sq-AL\",\"@id\":\"https:\\\/\\\/fjala.info\\\/2009-2015\\\/wp-content\\\/uploads\\\/2012\\\/02\\\/arben_cokaj-120x150.jpg\",\"url\":\"https:\\\/\\\/fjala.info\\\/2009-2015\\\/wp-content\\\/uploads\\\/2012\\\/02\\\/arben_cokaj-120x150.jpg\",\"contentUrl\":\"https:\\\/\\\/fjala.info\\\/2009-2015\\\/wp-content\\\/uploads\\\/2012\\\/02\\\/arben_cokaj-120x150.jpg\",\"caption\":\"admin\"},\"description\":\"Admin, Fjala e Lir\u00eb\",\"sameAs\":[\"https:\\\/\\\/fjala.info\\\/\"],\"url\":\"https:\\\/\\\/fjala.info\\\/2009-2015\\\/author\\\/admin\\\/\"}]}<\/script>\n<!-- \/ Yoast SEO plugin. -->","yoast_head_json":{"title":"P\u00ebr disa q\u00eb hanin f\u00ebmij\u00ebt - FjALA e LIR\u00cb - Arkivi","robots":{"index":"index","follow":"follow","max-snippet":"max-snippet:-1","max-image-preview":"max-image-preview:large","max-video-preview":"max-video-preview:-1"},"canonical":"https:\/\/fjala.info\/2009-2015\/per-disa-qe-hanin-femijet\/","og_locale":"sq_AL","og_type":"article","og_title":"P\u00ebr disa q\u00eb hanin f\u00ebmij\u00ebt - FjALA e LIR\u00cb - Arkivi","og_description":"Umberto Eco Pata z\u00ebn\u00eb vend n\u00eb tren dhe po lexoja gazet\u00ebn, kur zot\u00ebria aty pran\u00eb filloi ta ngiste llafin: \u201cA e shihni n\u00eb \u00e7\u2019koh\u00ebra po jetojm\u00eb? Besoj e lexuat sot lajmin p\u00ebr at\u00eb tipin q\u00eb vrau gruan shtatz\u00ebn\u00eb. Keni d\u00ebgjuar besoj edhe p\u00ebr ata t\u00eb dy q\u00eb ca muaj m\u00eb par\u00eb masakruan familjen e fqinjit, [&hellip;]","og_url":"https:\/\/fjala.info\/2009-2015\/per-disa-qe-hanin-femijet\/","og_site_name":"FjALA e LIR\u00cb - Arkivi","article_published_time":"2011-10-24T10:21:09+00:00","og_image":[{"url":"http:\/\/www.shkoder.net\/images\/fjala\/2011\/umberto_eco.jpg","type":"","width":"","height":""}],"author":"admin","twitter_card":"summary_large_image","twitter_misc":{"Written by":"admin","Est. reading time":"6 minutes"},"schema":{"@context":"https:\/\/schema.org","@graph":[{"@type":"Article","@id":"https:\/\/fjala.info\/2009-2015\/per-disa-qe-hanin-femijet\/#article","isPartOf":{"@id":"https:\/\/fjala.info\/2009-2015\/per-disa-qe-hanin-femijet\/"},"author":{"name":"admin","@id":"https:\/\/fjala.info\/2009-2015\/#\/schema\/person\/3aa1163ef05469c496fc94e77611ada2"},"headline":"P\u00ebr disa q\u00eb hanin f\u00ebmij\u00ebt","datePublished":"2011-10-24T10:21:09+00:00","mainEntityOfPage":{"@id":"https:\/\/fjala.info\/2009-2015\/per-disa-qe-hanin-femijet\/"},"wordCount":1114,"commentCount":0,"publisher":{"@id":"https:\/\/fjala.info\/2009-2015\/#organization"},"image":{"@id":"https:\/\/fjala.info\/2009-2015\/per-disa-qe-hanin-femijet\/#primaryimage"},"thumbnailUrl":"http:\/\/www.shkoder.net\/images\/fjala\/2011\/umberto_eco.jpg","articleSection":["Artikuj"],"inLanguage":"sq-AL","potentialAction":[{"@type":"CommentAction","name":"Comment","target":["https:\/\/fjala.info\/2009-2015\/per-disa-qe-hanin-femijet\/#respond"]}]},{"@type":"WebPage","@id":"https:\/\/fjala.info\/2009-2015\/per-disa-qe-hanin-femijet\/","url":"https:\/\/fjala.info\/2009-2015\/per-disa-qe-hanin-femijet\/","name":"P\u00ebr disa q\u00eb hanin f\u00ebmij\u00ebt - FjALA e LIR\u00cb - Arkivi","isPartOf":{"@id":"https:\/\/fjala.info\/2009-2015\/#website"},"primaryImageOfPage":{"@id":"https:\/\/fjala.info\/2009-2015\/per-disa-qe-hanin-femijet\/#primaryimage"},"image":{"@id":"https:\/\/fjala.info\/2009-2015\/per-disa-qe-hanin-femijet\/#primaryimage"},"thumbnailUrl":"http:\/\/www.shkoder.net\/images\/fjala\/2011\/umberto_eco.jpg","datePublished":"2011-10-24T10:21:09+00:00","breadcrumb":{"@id":"https:\/\/fjala.info\/2009-2015\/per-disa-qe-hanin-femijet\/#breadcrumb"},"inLanguage":"sq-AL","potentialAction":[{"@type":"ReadAction","target":["https:\/\/fjala.info\/2009-2015\/per-disa-qe-hanin-femijet\/"]}]},{"@type":"ImageObject","inLanguage":"sq-AL","@id":"https:\/\/fjala.info\/2009-2015\/per-disa-qe-hanin-femijet\/#primaryimage","url":"http:\/\/www.shkoder.net\/images\/fjala\/2011\/umberto_eco.jpg","contentUrl":"http:\/\/www.shkoder.net\/images\/fjala\/2011\/umberto_eco.jpg"},{"@type":"BreadcrumbList","@id":"https:\/\/fjala.info\/2009-2015\/per-disa-qe-hanin-femijet\/#breadcrumb","itemListElement":[{"@type":"ListItem","position":1,"name":"Home","item":"https:\/\/fjala.info\/2009-2015\/"},{"@type":"ListItem","position":2,"name":"P\u00ebr disa q\u00eb hanin f\u00ebmij\u00ebt"}]},{"@type":"WebSite","@id":"https:\/\/fjala.info\/2009-2015\/#website","url":"https:\/\/fjala.info\/2009-2015\/","name":"FjALA e LIR\u00cb - Arkivi","description":"Arkivi 2009-2015","publisher":{"@id":"https:\/\/fjala.info\/2009-2015\/#organization"},"potentialAction":[{"@type":"SearchAction","target":{"@type":"EntryPoint","urlTemplate":"https:\/\/fjala.info\/2009-2015\/?s={search_term_string}"},"query-input":{"@type":"PropertyValueSpecification","valueRequired":true,"valueName":"search_term_string"}}],"inLanguage":"sq-AL"},{"@type":"Organization","@id":"https:\/\/fjala.info\/2009-2015\/#organization","name":"FjALA e LIR\u00cb - Arkivi","url":"https:\/\/fjala.info\/2009-2015\/","logo":{"@type":"ImageObject","inLanguage":"sq-AL","@id":"https:\/\/fjala.info\/2009-2015\/#\/schema\/logo\/image\/","url":"","contentUrl":"","caption":"FjALA e LIR\u00cb - Arkivi"},"image":{"@id":"https:\/\/fjala.info\/2009-2015\/#\/schema\/logo\/image\/"}},{"@type":"Person","@id":"https:\/\/fjala.info\/2009-2015\/#\/schema\/person\/3aa1163ef05469c496fc94e77611ada2","name":"admin","image":{"@type":"ImageObject","inLanguage":"sq-AL","@id":"https:\/\/fjala.info\/2009-2015\/wp-content\/uploads\/2012\/02\/arben_cokaj-120x150.jpg","url":"https:\/\/fjala.info\/2009-2015\/wp-content\/uploads\/2012\/02\/arben_cokaj-120x150.jpg","contentUrl":"https:\/\/fjala.info\/2009-2015\/wp-content\/uploads\/2012\/02\/arben_cokaj-120x150.jpg","caption":"admin"},"description":"Admin, Fjala e Lir\u00eb","sameAs":["https:\/\/fjala.info\/"],"url":"https:\/\/fjala.info\/2009-2015\/author\/admin\/"}]}},"_links":{"self":[{"href":"https:\/\/fjala.info\/2009-2015\/wp-json\/wp\/v2\/posts\/11110","targetHints":{"allow":["GET"]}}],"collection":[{"href":"https:\/\/fjala.info\/2009-2015\/wp-json\/wp\/v2\/posts"}],"about":[{"href":"https:\/\/fjala.info\/2009-2015\/wp-json\/wp\/v2\/types\/post"}],"author":[{"embeddable":true,"href":"https:\/\/fjala.info\/2009-2015\/wp-json\/wp\/v2\/users\/1"}],"replies":[{"embeddable":true,"href":"https:\/\/fjala.info\/2009-2015\/wp-json\/wp\/v2\/comments?post=11110"}],"version-history":[{"count":0,"href":"https:\/\/fjala.info\/2009-2015\/wp-json\/wp\/v2\/posts\/11110\/revisions"}],"wp:attachment":[{"href":"https:\/\/fjala.info\/2009-2015\/wp-json\/wp\/v2\/media?parent=11110"}],"wp:term":[{"taxonomy":"category","embeddable":true,"href":"https:\/\/fjala.info\/2009-2015\/wp-json\/wp\/v2\/categories?post=11110"},{"taxonomy":"post_tag","embeddable":true,"href":"https:\/\/fjala.info\/2009-2015\/wp-json\/wp\/v2\/tags?post=11110"}],"curies":[{"name":"wp","href":"https:\/\/api.w.org\/{rel}","templated":true}]}}