{"id":11098,"date":"2011-10-22T10:10:17","date_gmt":"2011-10-22T09:10:17","guid":{"rendered":"http:\/\/fjala.shkoder.net\/?p=11098"},"modified":"2011-10-22T10:10:17","modified_gmt":"2011-10-22T09:10:17","slug":"ekspozite-per-nene-terezen-ne-muzeun-historik-kombetar-ne-tirane","status":"publish","type":"post","link":"https:\/\/fjala.info\/2009-2015\/ekspozite-per-nene-terezen-ne-muzeun-historik-kombetar-ne-tirane\/","title":{"rendered":"Ekspozit\u00eb p\u00ebr N\u00ebn\u00eb Terez\u00ebn n\u00eb muzeun historik komb\u00ebtar n\u00eb Tiran\u00eb"},"content":{"rendered":"<p><img decoding=\"async\" class=\"alignleft size-thumbnail wp-image-7236\" title=\"N\u00ebn\u00eb Tereza\" src=\"http:\/\/www.shkoder.net\/images\/fjala\/2011\/nene_tereza.jpg\" alt=\"\" width=\"300\" \/><br \/>\nMuzeu Historik Komb\u00ebtar n\u00eb Tiran\u00eb ka \u00e7elur n\u00eb nj\u00eb nga pavijonet e tij nj\u00eb ekspozit\u00eb t\u00eb p\u00ebrhershme, n\u00eb kuad\u00ebr t\u00eb tet\u00eb vjetorit t\u00eb Lumturimit t\u00eb N\u00ebn\u00eb Terez\u00ebs m\u00eb 19 tetor.<\/p>\n<p>Ekspozita p\u00ebrmban nj\u00eb set fotografish t\u00eb s\u00eb Lumes N\u00ebn\u00eb Terez\u00eb, bamir\u00ebses s\u00eb njer\u00ebzimit me mbishkrime t\u00eb saj dhe at\u00eb \u00e7ka kan\u00eb th\u00ebn\u00eb personalitete t\u00eb ndryshme p\u00ebr t\u00eb. Gjithashtu aty jan\u00eb ekspozuar edhe disa prej objekteve personale t\u00eb saj si kryqi i mbajtur nga N\u00ebn\u00eb Tereza, dhurat\u00eb nga Papa Gjon Pali i II, peshqiri q\u00eb ajo ka p\u00ebrdorur n\u00eb vizit\u00ebn e saj n\u00eb Shqip\u00ebri, n\u00eb vitin 1991, Rruzaret e Shenjt\u00eb e saj, uj\u00ebbekorja, etj.<\/p>\n<p>P\u00ebr her\u00eb t\u00eb par\u00eb n\u00eb k\u00ebt\u00eb ekspozit\u00eb Ministria e Pun\u00ebve t\u00eb Jashtme t\u00eb Shqip\u00ebris\u00eb ka b\u00ebr\u00eb publike nj\u00eb dokument t\u00eb vitit 1970 lidhur me p\u00ebrgjigjen zyrtare t\u00eb Ministris\u00eb s\u00eb Jashtme shqiptare pas k\u00ebrkes\u00ebs s\u00eb b\u00ebr\u00eb n\u00eb vitin 1969 nga ambasada franceze lidhur me strehimin e n\u00ebn\u00ebs dhe motr\u00ebs s\u00eb N\u00ebn\u00eb Terez\u00ebs pran\u00eb Caritas-it.<\/p>\n<p>Pjes\u00eb e k\u00ebtij k\u00ebndi, \u00ebsht\u00eb edhe nj\u00eb dokumentar i vitit 2010 &#8220;Ikona e dashuris\u00eb&#8221;, nj\u00eb realizim i Muzeut Komb\u00ebtar dhe RTSH-s\u00eb, me skenar t\u00eb Luan Malltezit dhe regji t\u00eb Ilir Harshov\u00ebs.<\/p>\n<p>M\u00eb dat\u00ebn 19 tetor sh\u00ebnohen tet\u00eb vjet nga Lumturimi t\u00eb N\u00ebn\u00eb Terez\u00ebs, Anjeze Gonxhe Bojaxhiu, bamir\u00ebses shqiptare, fituese e \u00c7mimit Nobel p\u00ebr Paqen m\u00eb 1979. Gjasht\u00eb vjet pas ndarjes nga jeta, N\u00ebn\u00eb Tereza u shpall &#8220;E Lumtur&#8221; nga Papa Gjon Pali i II gjat\u00eb kremtimit t\u00eb Mesh\u00ebs solemne n\u00eb sheshin e Vatikanit m\u00eb 19 tetor 2003, nj\u00eb ceremoni q\u00eb e lartoi figur\u00ebn e saj n\u00eb nderime t\u00eb elterit dhe hapi rrug\u00ebn drejt shenjt\u00ebrimit.<\/p>\n<p>N\u00eb vitin 1979, \u00c7mimi Nobel i Paqes ripohoi pun\u00ebn e palodhshme t\u00eb N\u00ebn\u00eb Terez\u00ebs n\u00eb favor t\u00eb t\u00eb varf\u00ebrve m\u00eb t\u00eb varf\u00ebr dhe t\u00eb personave q\u00eb m\u00ebnjanuar nga shoq\u00ebria, t\u00eb atyre q\u00eb ishin duke dh\u00ebn\u00eb shpirt, duke i dh\u00ebn\u00eb nj\u00eb mir\u00ebnjohje bot\u00ebror veprimtaris\u00eb s\u00eb N\u00ebn\u00eb Terez\u00ebs e t\u00eb motrave Misionare t\u00eb Dashuris\u00eb q\u00eb kishte themeluar, p\u00ebr t\u00eb d\u00ebshmuar dashurin\u00eb e Zotit ndaj \u00e7do njeriu e posa\u00e7\u00ebrisht ndaj atyre q\u00eb refuzoheshin e refuzohen nga shoq\u00ebria njer\u00ebzore.<\/p>\n<p>N\u00eb \u00e7astin e marrjes s\u00eb \u00c7mimit Nobel n\u00eb vitin 1979, N\u00ebn\u00eb Tereza mes tjerash deklaroi: &#8220;Kam lindur n\u00eb Shkup, jam shkolluar n\u00eb Lond\u00ebr, jetoj n\u00eb Kalkut\u00eb dhe punoj p\u00ebr t\u00eb gjith\u00eb njer\u00ebzit e varf\u00ebr n\u00eb Bot\u00eb. Atdheu im \u00ebsht\u00eb nj\u00eb vend i vog\u00ebl me emrin Shqip\u00ebri&#8221;.<\/p>\n<p>N\u00ebn\u00eb Tereza, u lind n\u00eb koh\u00ebn e pushtimit otoman n\u00eb Shkup n\u00eb 26 gusht t\u00eb vitit 1910 nga prind\u00ebr shqiptar\u00eb. Q\u00eb n\u00eb mosh\u00ebn 12 vje\u00e7 kishte d\u00ebshir\u00eb t\u00eb b\u00ebhej mot\u00ebr rregulltare p\u00ebr t\u2019iu kushtuar jet\u00ebn Krishtit e njer\u00ebzve t\u00eb varf\u00ebr. N\u00eb mosh\u00ebn 18 vje\u00e7 hyri n\u00eb Urdhrin e Motrave t\u00eb Loretos, n\u00eb Dublin, m\u00eb von\u00eb kalon me mision n\u00eb bashk\u00ebsin\u00eb e Motrave t\u00eb Loretos n\u00eb kryedioqez\u00ebn e Kalkut\u00ebs e pik\u00ebrisht n\u00eb nj\u00eb shkoll\u00eb. K\u00ebtu N\u00ebn\u00eb Tereza merr vendimin dhe e le shkoll\u00ebn p\u00ebr t\u2019iu p\u00ebrshkuar krejt\u00ebsisht t\u00eb varf\u00ebrve, t\u00eb s\u00ebmur\u00ebve e t\u00eb braktisurve n\u00eb em\u00ebr t\u00eb dashuris\u00eb s\u00eb Jezu Krishtit. Sh\u00ebrbimi i saj shembullor ndaj t\u00eb varf\u00ebrve qe nj\u00eb d\u00ebshmi e jasht\u00ebzakonshme e dashuris\u00eb Ungjillore, q\u00eb zgjoi nd\u00ebrgjegjen e njer\u00ebzimit para dram\u00ebs s\u00eb uris\u00eb t\u00eb njer\u00ebzimit t\u00eb m\u00ebnjanuar nga shoq\u00ebria.<\/p>\n<p>&#8220;Shenjtore e t\u00eb varf\u00ebrve&#8221;, si\u00e7 u quajt e Lumja N\u00ebn\u00eb Terez\u00eb nd\u00ebrroi jet\u00eb n\u00eb 5 shtator 1997 n\u00eb mosh\u00ebn 87 vje\u00e7, pas nj\u00eb gjysm\u00eb shekulli sh\u00ebrbim ndaj t\u00eb braktisurve n\u00eb Indi dhe n\u00eb mbar\u00eb bot\u00ebn. Trupi i saj pushon n\u00eb sht\u00ebpin\u00eb e Motrave Misionar\u00ebve t\u00eb Bamir\u00ebsis\u00eb n\u00eb Kalkuta.<\/p>\n<p><a href=\"http:\/\/www.lajmeshqip.com\/kultura\/ekspozite-per-nene-terezen-ne-muzeun-kombetar\">http:\/\/www.lajmeshqip.com\/kultura\/ekspozite-per-nene-terezen-ne-muzeun-kombetar<\/a><\/p>\n<p>&nbsp;<\/p>\n<p>D\u00ebrgoi: <strong>Paul Tedeschini<\/strong><\/p>\n","protected":false},"excerpt":{"rendered":"<p>Muzeu Historik Komb\u00ebtar n\u00eb Tiran\u00eb ka \u00e7elur n\u00eb nj\u00eb nga pavijonet e tij nj\u00eb ekspozit\u00eb t\u00eb p\u00ebrhershme, n\u00eb kuad\u00ebr t\u00eb tet\u00eb vjetorit t\u00eb Lumturimit t\u00eb N\u00ebn\u00eb Terez\u00ebs m\u00eb 19 tetor. Ekspozita p\u00ebrmban nj\u00eb set fotografish t\u00eb s\u00eb Lumes N\u00ebn\u00eb Terez\u00eb, bamir\u00ebses s\u00eb njer\u00ebzimit me mbishkrime t\u00eb saj dhe at\u00eb \u00e7ka kan\u00eb th\u00ebn\u00eb personalitete t\u00eb ndryshme [&hellip;]<\/p>\n","protected":false},"author":1,"featured_media":0,"comment_status":"open","ping_status":"closed","sticky":false,"template":"","format":"standard","meta":{"footnotes":""},"categories":[2],"tags":[],"class_list":{"0":"post-11098","1":"post","2":"type-post","3":"status-publish","4":"format-standard","6":"category-artikuj"},"yoast_head":"<!-- This site is optimized with the Yoast SEO plugin v27.4 - https:\/\/yoast.com\/product\/yoast-seo-wordpress\/ -->\n<title>Ekspozit\u00eb p\u00ebr N\u00ebn\u00eb Terez\u00ebn n\u00eb muzeun historik komb\u00ebtar n\u00eb Tiran\u00eb - FjALA e LIR\u00cb - Arkivi<\/title>\n<meta name=\"robots\" content=\"index, follow, max-snippet:-1, max-image-preview:large, max-video-preview:-1\" \/>\n<link rel=\"canonical\" href=\"https:\/\/fjala.info\/2009-2015\/ekspozite-per-nene-terezen-ne-muzeun-historik-kombetar-ne-tirane\/\" \/>\n<meta property=\"og:locale\" content=\"sq_AL\" \/>\n<meta property=\"og:type\" content=\"article\" \/>\n<meta property=\"og:title\" content=\"Ekspozit\u00eb p\u00ebr N\u00ebn\u00eb Terez\u00ebn n\u00eb muzeun historik komb\u00ebtar n\u00eb Tiran\u00eb - FjALA e LIR\u00cb - Arkivi\" \/>\n<meta property=\"og:description\" content=\"Muzeu Historik Komb\u00ebtar n\u00eb Tiran\u00eb ka \u00e7elur n\u00eb nj\u00eb nga pavijonet e tij nj\u00eb ekspozit\u00eb t\u00eb p\u00ebrhershme, n\u00eb kuad\u00ebr t\u00eb tet\u00eb vjetorit t\u00eb Lumturimit t\u00eb N\u00ebn\u00eb Terez\u00ebs m\u00eb 19 tetor. Ekspozita p\u00ebrmban nj\u00eb set fotografish t\u00eb s\u00eb Lumes N\u00ebn\u00eb Terez\u00eb, bamir\u00ebses s\u00eb njer\u00ebzimit me mbishkrime t\u00eb saj dhe at\u00eb \u00e7ka kan\u00eb th\u00ebn\u00eb personalitete t\u00eb ndryshme [&hellip;]\" \/>\n<meta property=\"og:url\" content=\"https:\/\/fjala.info\/2009-2015\/ekspozite-per-nene-terezen-ne-muzeun-historik-kombetar-ne-tirane\/\" \/>\n<meta property=\"og:site_name\" content=\"FjALA e LIR\u00cb - Arkivi\" \/>\n<meta property=\"article:published_time\" content=\"2011-10-22T09:10:17+00:00\" \/>\n<meta property=\"og:image\" content=\"http:\/\/www.shkoder.net\/images\/fjala\/2011\/nene_tereza.jpg\" \/>\n<meta name=\"author\" content=\"admin\" \/>\n<meta name=\"twitter:card\" content=\"summary_large_image\" \/>\n<meta name=\"twitter:label1\" content=\"Written by\" \/>\n\t<meta name=\"twitter:data1\" content=\"admin\" \/>\n\t<meta name=\"twitter:label2\" content=\"Est. reading time\" \/>\n\t<meta name=\"twitter:data2\" content=\"3 minutes\" \/>\n<script type=\"application\/ld+json\" class=\"yoast-schema-graph\">{\"@context\":\"https:\\\/\\\/schema.org\",\"@graph\":[{\"@type\":\"Article\",\"@id\":\"https:\\\/\\\/fjala.info\\\/2009-2015\\\/ekspozite-per-nene-terezen-ne-muzeun-historik-kombetar-ne-tirane\\\/#article\",\"isPartOf\":{\"@id\":\"https:\\\/\\\/fjala.info\\\/2009-2015\\\/ekspozite-per-nene-terezen-ne-muzeun-historik-kombetar-ne-tirane\\\/\"},\"author\":{\"name\":\"admin\",\"@id\":\"https:\\\/\\\/fjala.info\\\/2009-2015\\\/#\\\/schema\\\/person\\\/3aa1163ef05469c496fc94e77611ada2\"},\"headline\":\"Ekspozit\u00eb p\u00ebr N\u00ebn\u00eb Terez\u00ebn n\u00eb muzeun historik komb\u00ebtar n\u00eb Tiran\u00eb\",\"datePublished\":\"2011-10-22T09:10:17+00:00\",\"mainEntityOfPage\":{\"@id\":\"https:\\\/\\\/fjala.info\\\/2009-2015\\\/ekspozite-per-nene-terezen-ne-muzeun-historik-kombetar-ne-tirane\\\/\"},\"wordCount\":683,\"commentCount\":0,\"publisher\":{\"@id\":\"https:\\\/\\\/fjala.info\\\/2009-2015\\\/#organization\"},\"image\":{\"@id\":\"https:\\\/\\\/fjala.info\\\/2009-2015\\\/ekspozite-per-nene-terezen-ne-muzeun-historik-kombetar-ne-tirane\\\/#primaryimage\"},\"thumbnailUrl\":\"http:\\\/\\\/www.shkoder.net\\\/images\\\/fjala\\\/2011\\\/nene_tereza.jpg\",\"articleSection\":[\"Artikuj\"],\"inLanguage\":\"sq-AL\",\"potentialAction\":[{\"@type\":\"CommentAction\",\"name\":\"Comment\",\"target\":[\"https:\\\/\\\/fjala.info\\\/2009-2015\\\/ekspozite-per-nene-terezen-ne-muzeun-historik-kombetar-ne-tirane\\\/#respond\"]}]},{\"@type\":\"WebPage\",\"@id\":\"https:\\\/\\\/fjala.info\\\/2009-2015\\\/ekspozite-per-nene-terezen-ne-muzeun-historik-kombetar-ne-tirane\\\/\",\"url\":\"https:\\\/\\\/fjala.info\\\/2009-2015\\\/ekspozite-per-nene-terezen-ne-muzeun-historik-kombetar-ne-tirane\\\/\",\"name\":\"Ekspozit\u00eb p\u00ebr N\u00ebn\u00eb Terez\u00ebn n\u00eb muzeun historik komb\u00ebtar n\u00eb Tiran\u00eb - FjALA e LIR\u00cb - Arkivi\",\"isPartOf\":{\"@id\":\"https:\\\/\\\/fjala.info\\\/2009-2015\\\/#website\"},\"primaryImageOfPage\":{\"@id\":\"https:\\\/\\\/fjala.info\\\/2009-2015\\\/ekspozite-per-nene-terezen-ne-muzeun-historik-kombetar-ne-tirane\\\/#primaryimage\"},\"image\":{\"@id\":\"https:\\\/\\\/fjala.info\\\/2009-2015\\\/ekspozite-per-nene-terezen-ne-muzeun-historik-kombetar-ne-tirane\\\/#primaryimage\"},\"thumbnailUrl\":\"http:\\\/\\\/www.shkoder.net\\\/images\\\/fjala\\\/2011\\\/nene_tereza.jpg\",\"datePublished\":\"2011-10-22T09:10:17+00:00\",\"breadcrumb\":{\"@id\":\"https:\\\/\\\/fjala.info\\\/2009-2015\\\/ekspozite-per-nene-terezen-ne-muzeun-historik-kombetar-ne-tirane\\\/#breadcrumb\"},\"inLanguage\":\"sq-AL\",\"potentialAction\":[{\"@type\":\"ReadAction\",\"target\":[\"https:\\\/\\\/fjala.info\\\/2009-2015\\\/ekspozite-per-nene-terezen-ne-muzeun-historik-kombetar-ne-tirane\\\/\"]}]},{\"@type\":\"ImageObject\",\"inLanguage\":\"sq-AL\",\"@id\":\"https:\\\/\\\/fjala.info\\\/2009-2015\\\/ekspozite-per-nene-terezen-ne-muzeun-historik-kombetar-ne-tirane\\\/#primaryimage\",\"url\":\"http:\\\/\\\/www.shkoder.net\\\/images\\\/fjala\\\/2011\\\/nene_tereza.jpg\",\"contentUrl\":\"http:\\\/\\\/www.shkoder.net\\\/images\\\/fjala\\\/2011\\\/nene_tereza.jpg\"},{\"@type\":\"BreadcrumbList\",\"@id\":\"https:\\\/\\\/fjala.info\\\/2009-2015\\\/ekspozite-per-nene-terezen-ne-muzeun-historik-kombetar-ne-tirane\\\/#breadcrumb\",\"itemListElement\":[{\"@type\":\"ListItem\",\"position\":1,\"name\":\"Home\",\"item\":\"https:\\\/\\\/fjala.info\\\/2009-2015\\\/\"},{\"@type\":\"ListItem\",\"position\":2,\"name\":\"Ekspozit\u00eb p\u00ebr N\u00ebn\u00eb Terez\u00ebn n\u00eb muzeun historik komb\u00ebtar n\u00eb Tiran\u00eb\"}]},{\"@type\":\"WebSite\",\"@id\":\"https:\\\/\\\/fjala.info\\\/2009-2015\\\/#website\",\"url\":\"https:\\\/\\\/fjala.info\\\/2009-2015\\\/\",\"name\":\"FjALA e LIR\u00cb - Arkivi\",\"description\":\"Arkivi 2009-2015\",\"publisher\":{\"@id\":\"https:\\\/\\\/fjala.info\\\/2009-2015\\\/#organization\"},\"potentialAction\":[{\"@type\":\"SearchAction\",\"target\":{\"@type\":\"EntryPoint\",\"urlTemplate\":\"https:\\\/\\\/fjala.info\\\/2009-2015\\\/?s={search_term_string}\"},\"query-input\":{\"@type\":\"PropertyValueSpecification\",\"valueRequired\":true,\"valueName\":\"search_term_string\"}}],\"inLanguage\":\"sq-AL\"},{\"@type\":\"Organization\",\"@id\":\"https:\\\/\\\/fjala.info\\\/2009-2015\\\/#organization\",\"name\":\"FjALA e LIR\u00cb - Arkivi\",\"url\":\"https:\\\/\\\/fjala.info\\\/2009-2015\\\/\",\"logo\":{\"@type\":\"ImageObject\",\"inLanguage\":\"sq-AL\",\"@id\":\"https:\\\/\\\/fjala.info\\\/2009-2015\\\/#\\\/schema\\\/logo\\\/image\\\/\",\"url\":\"\",\"contentUrl\":\"\",\"caption\":\"FjALA e LIR\u00cb - Arkivi\"},\"image\":{\"@id\":\"https:\\\/\\\/fjala.info\\\/2009-2015\\\/#\\\/schema\\\/logo\\\/image\\\/\"}},{\"@type\":\"Person\",\"@id\":\"https:\\\/\\\/fjala.info\\\/2009-2015\\\/#\\\/schema\\\/person\\\/3aa1163ef05469c496fc94e77611ada2\",\"name\":\"admin\",\"image\":{\"@type\":\"ImageObject\",\"inLanguage\":\"sq-AL\",\"@id\":\"https:\\\/\\\/fjala.info\\\/2009-2015\\\/wp-content\\\/uploads\\\/2012\\\/02\\\/arben_cokaj-120x150.jpg\",\"url\":\"https:\\\/\\\/fjala.info\\\/2009-2015\\\/wp-content\\\/uploads\\\/2012\\\/02\\\/arben_cokaj-120x150.jpg\",\"contentUrl\":\"https:\\\/\\\/fjala.info\\\/2009-2015\\\/wp-content\\\/uploads\\\/2012\\\/02\\\/arben_cokaj-120x150.jpg\",\"caption\":\"admin\"},\"description\":\"Admin, Fjala e Lir\u00eb\",\"sameAs\":[\"https:\\\/\\\/fjala.info\\\/\"],\"url\":\"https:\\\/\\\/fjala.info\\\/2009-2015\\\/author\\\/admin\\\/\"}]}<\/script>\n<!-- \/ Yoast SEO plugin. -->","yoast_head_json":{"title":"Ekspozit\u00eb p\u00ebr N\u00ebn\u00eb Terez\u00ebn n\u00eb muzeun historik komb\u00ebtar n\u00eb Tiran\u00eb - FjALA e LIR\u00cb - Arkivi","robots":{"index":"index","follow":"follow","max-snippet":"max-snippet:-1","max-image-preview":"max-image-preview:large","max-video-preview":"max-video-preview:-1"},"canonical":"https:\/\/fjala.info\/2009-2015\/ekspozite-per-nene-terezen-ne-muzeun-historik-kombetar-ne-tirane\/","og_locale":"sq_AL","og_type":"article","og_title":"Ekspozit\u00eb p\u00ebr N\u00ebn\u00eb Terez\u00ebn n\u00eb muzeun historik komb\u00ebtar n\u00eb Tiran\u00eb - FjALA e LIR\u00cb - Arkivi","og_description":"Muzeu Historik Komb\u00ebtar n\u00eb Tiran\u00eb ka \u00e7elur n\u00eb nj\u00eb nga pavijonet e tij nj\u00eb ekspozit\u00eb t\u00eb p\u00ebrhershme, n\u00eb kuad\u00ebr t\u00eb tet\u00eb vjetorit t\u00eb Lumturimit t\u00eb N\u00ebn\u00eb Terez\u00ebs m\u00eb 19 tetor. Ekspozita p\u00ebrmban nj\u00eb set fotografish t\u00eb s\u00eb Lumes N\u00ebn\u00eb Terez\u00eb, bamir\u00ebses s\u00eb njer\u00ebzimit me mbishkrime t\u00eb saj dhe at\u00eb \u00e7ka kan\u00eb th\u00ebn\u00eb personalitete t\u00eb ndryshme [&hellip;]","og_url":"https:\/\/fjala.info\/2009-2015\/ekspozite-per-nene-terezen-ne-muzeun-historik-kombetar-ne-tirane\/","og_site_name":"FjALA e LIR\u00cb - Arkivi","article_published_time":"2011-10-22T09:10:17+00:00","og_image":[{"url":"http:\/\/www.shkoder.net\/images\/fjala\/2011\/nene_tereza.jpg","type":"","width":"","height":""}],"author":"admin","twitter_card":"summary_large_image","twitter_misc":{"Written by":"admin","Est. reading time":"3 minutes"},"schema":{"@context":"https:\/\/schema.org","@graph":[{"@type":"Article","@id":"https:\/\/fjala.info\/2009-2015\/ekspozite-per-nene-terezen-ne-muzeun-historik-kombetar-ne-tirane\/#article","isPartOf":{"@id":"https:\/\/fjala.info\/2009-2015\/ekspozite-per-nene-terezen-ne-muzeun-historik-kombetar-ne-tirane\/"},"author":{"name":"admin","@id":"https:\/\/fjala.info\/2009-2015\/#\/schema\/person\/3aa1163ef05469c496fc94e77611ada2"},"headline":"Ekspozit\u00eb p\u00ebr N\u00ebn\u00eb Terez\u00ebn n\u00eb muzeun historik komb\u00ebtar n\u00eb Tiran\u00eb","datePublished":"2011-10-22T09:10:17+00:00","mainEntityOfPage":{"@id":"https:\/\/fjala.info\/2009-2015\/ekspozite-per-nene-terezen-ne-muzeun-historik-kombetar-ne-tirane\/"},"wordCount":683,"commentCount":0,"publisher":{"@id":"https:\/\/fjala.info\/2009-2015\/#organization"},"image":{"@id":"https:\/\/fjala.info\/2009-2015\/ekspozite-per-nene-terezen-ne-muzeun-historik-kombetar-ne-tirane\/#primaryimage"},"thumbnailUrl":"http:\/\/www.shkoder.net\/images\/fjala\/2011\/nene_tereza.jpg","articleSection":["Artikuj"],"inLanguage":"sq-AL","potentialAction":[{"@type":"CommentAction","name":"Comment","target":["https:\/\/fjala.info\/2009-2015\/ekspozite-per-nene-terezen-ne-muzeun-historik-kombetar-ne-tirane\/#respond"]}]},{"@type":"WebPage","@id":"https:\/\/fjala.info\/2009-2015\/ekspozite-per-nene-terezen-ne-muzeun-historik-kombetar-ne-tirane\/","url":"https:\/\/fjala.info\/2009-2015\/ekspozite-per-nene-terezen-ne-muzeun-historik-kombetar-ne-tirane\/","name":"Ekspozit\u00eb p\u00ebr N\u00ebn\u00eb Terez\u00ebn n\u00eb muzeun historik komb\u00ebtar n\u00eb Tiran\u00eb - FjALA e LIR\u00cb - Arkivi","isPartOf":{"@id":"https:\/\/fjala.info\/2009-2015\/#website"},"primaryImageOfPage":{"@id":"https:\/\/fjala.info\/2009-2015\/ekspozite-per-nene-terezen-ne-muzeun-historik-kombetar-ne-tirane\/#primaryimage"},"image":{"@id":"https:\/\/fjala.info\/2009-2015\/ekspozite-per-nene-terezen-ne-muzeun-historik-kombetar-ne-tirane\/#primaryimage"},"thumbnailUrl":"http:\/\/www.shkoder.net\/images\/fjala\/2011\/nene_tereza.jpg","datePublished":"2011-10-22T09:10:17+00:00","breadcrumb":{"@id":"https:\/\/fjala.info\/2009-2015\/ekspozite-per-nene-terezen-ne-muzeun-historik-kombetar-ne-tirane\/#breadcrumb"},"inLanguage":"sq-AL","potentialAction":[{"@type":"ReadAction","target":["https:\/\/fjala.info\/2009-2015\/ekspozite-per-nene-terezen-ne-muzeun-historik-kombetar-ne-tirane\/"]}]},{"@type":"ImageObject","inLanguage":"sq-AL","@id":"https:\/\/fjala.info\/2009-2015\/ekspozite-per-nene-terezen-ne-muzeun-historik-kombetar-ne-tirane\/#primaryimage","url":"http:\/\/www.shkoder.net\/images\/fjala\/2011\/nene_tereza.jpg","contentUrl":"http:\/\/www.shkoder.net\/images\/fjala\/2011\/nene_tereza.jpg"},{"@type":"BreadcrumbList","@id":"https:\/\/fjala.info\/2009-2015\/ekspozite-per-nene-terezen-ne-muzeun-historik-kombetar-ne-tirane\/#breadcrumb","itemListElement":[{"@type":"ListItem","position":1,"name":"Home","item":"https:\/\/fjala.info\/2009-2015\/"},{"@type":"ListItem","position":2,"name":"Ekspozit\u00eb p\u00ebr N\u00ebn\u00eb Terez\u00ebn n\u00eb muzeun historik komb\u00ebtar n\u00eb Tiran\u00eb"}]},{"@type":"WebSite","@id":"https:\/\/fjala.info\/2009-2015\/#website","url":"https:\/\/fjala.info\/2009-2015\/","name":"FjALA e LIR\u00cb - Arkivi","description":"Arkivi 2009-2015","publisher":{"@id":"https:\/\/fjala.info\/2009-2015\/#organization"},"potentialAction":[{"@type":"SearchAction","target":{"@type":"EntryPoint","urlTemplate":"https:\/\/fjala.info\/2009-2015\/?s={search_term_string}"},"query-input":{"@type":"PropertyValueSpecification","valueRequired":true,"valueName":"search_term_string"}}],"inLanguage":"sq-AL"},{"@type":"Organization","@id":"https:\/\/fjala.info\/2009-2015\/#organization","name":"FjALA e LIR\u00cb - Arkivi","url":"https:\/\/fjala.info\/2009-2015\/","logo":{"@type":"ImageObject","inLanguage":"sq-AL","@id":"https:\/\/fjala.info\/2009-2015\/#\/schema\/logo\/image\/","url":"","contentUrl":"","caption":"FjALA e LIR\u00cb - Arkivi"},"image":{"@id":"https:\/\/fjala.info\/2009-2015\/#\/schema\/logo\/image\/"}},{"@type":"Person","@id":"https:\/\/fjala.info\/2009-2015\/#\/schema\/person\/3aa1163ef05469c496fc94e77611ada2","name":"admin","image":{"@type":"ImageObject","inLanguage":"sq-AL","@id":"https:\/\/fjala.info\/2009-2015\/wp-content\/uploads\/2012\/02\/arben_cokaj-120x150.jpg","url":"https:\/\/fjala.info\/2009-2015\/wp-content\/uploads\/2012\/02\/arben_cokaj-120x150.jpg","contentUrl":"https:\/\/fjala.info\/2009-2015\/wp-content\/uploads\/2012\/02\/arben_cokaj-120x150.jpg","caption":"admin"},"description":"Admin, Fjala e Lir\u00eb","sameAs":["https:\/\/fjala.info\/"],"url":"https:\/\/fjala.info\/2009-2015\/author\/admin\/"}]}},"_links":{"self":[{"href":"https:\/\/fjala.info\/2009-2015\/wp-json\/wp\/v2\/posts\/11098","targetHints":{"allow":["GET"]}}],"collection":[{"href":"https:\/\/fjala.info\/2009-2015\/wp-json\/wp\/v2\/posts"}],"about":[{"href":"https:\/\/fjala.info\/2009-2015\/wp-json\/wp\/v2\/types\/post"}],"author":[{"embeddable":true,"href":"https:\/\/fjala.info\/2009-2015\/wp-json\/wp\/v2\/users\/1"}],"replies":[{"embeddable":true,"href":"https:\/\/fjala.info\/2009-2015\/wp-json\/wp\/v2\/comments?post=11098"}],"version-history":[{"count":0,"href":"https:\/\/fjala.info\/2009-2015\/wp-json\/wp\/v2\/posts\/11098\/revisions"}],"wp:attachment":[{"href":"https:\/\/fjala.info\/2009-2015\/wp-json\/wp\/v2\/media?parent=11098"}],"wp:term":[{"taxonomy":"category","embeddable":true,"href":"https:\/\/fjala.info\/2009-2015\/wp-json\/wp\/v2\/categories?post=11098"},{"taxonomy":"post_tag","embeddable":true,"href":"https:\/\/fjala.info\/2009-2015\/wp-json\/wp\/v2\/tags?post=11098"}],"curies":[{"name":"wp","href":"https:\/\/api.w.org\/{rel}","templated":true}]}}