{"id":11091,"date":"2011-10-23T10:41:07","date_gmt":"2011-10-23T09:41:07","guid":{"rendered":"http:\/\/fjala.shkoder.net\/?p=11091"},"modified":"2011-10-23T10:41:07","modified_gmt":"2011-10-23T09:41:07","slug":"ne-pervjetorin-e-vdekjes-se-imzot-frano-illia-mbledhesit-te-kanunit-te-skenderbeut","status":"publish","type":"post","link":"https:\/\/fjala.info\/2009-2015\/ne-pervjetorin-e-vdekjes-se-imzot-frano-illia-mbledhesit-te-kanunit-te-skenderbeut\/","title":{"rendered":"N\u00eb p\u00ebrvjetorin e vdekjes s\u00eb Imzot Frano Illia, mbledh\u00ebsit t\u00eb &#8220;Kanunit te Skenderbeut&#8221;"},"content":{"rendered":"<p>Duke shfletuar kalendarin historik, sot me 22 tetor, kujtojm\u00eb p\u00ebrvjetorin e vdekjes s\u00eb Imzot Frano Illis\u00eb, kryeipeshk\u00ebv metropolit i Shkodr\u00ebs n\u00eb vitet 1993- 1997. Imzot Frano Illia lindi n\u00eb fshatin Juban, pran\u00eb Shkodr\u00ebs m\u00eb 21 shkurt 1918. U shugurua meshtar m\u00eb 18 dhjetor 1943. Sh\u00ebrbeu n\u00eb Tiran\u00eb, Shkod\u00ebr, Milot e rrethina. M\u00eb 1967 u arrestua, nd\u00ebrsa m\u00eb 25 prill 1968 u d\u00ebnua me vdekje.<\/p>\n<p style=\"text-align: center;\"><img decoding=\"async\" class=\"aligncenter size-thumbnail wp-image-7236\" title=\"\" src=\"http:\/\/www.shkoder.net\/images\/fjala\/2011\/papa_gjon_pali_frano_ilia_rrok_mirdita.jpg\" alt=\"\" width=\"450\" \/><br \/>\n(<em>Bashkangjitun fotografija: Papa Gjon Pali Dyte, Imzot Frano Illia, Imzot Rrok Mirdita<\/em>)<\/p>\n<p>Dat\u00eb e sh\u00ebnuar n\u00eb jet\u00ebn e tij \u00ebsht\u00eb 25 prilli i vitit 1993, sepse pik\u00ebrisht 25 vjet pas k\u00ebtij d\u00ebnimi, shnd\u00ebrruar n\u00eb burgim t\u00eb p\u00ebrjetsh\u00ebm, do t\u00eb shugurohej ipeshk\u00ebv nga dora e vet\u00eb Pap\u00ebs Gjon Pali II gjat\u00eb vizit\u00ebs s\u00eb paharrueshme e historike n\u00eb Shqip\u00ebri.<\/p>\n<p>Imzot Frano Illia u b\u00eb k\u00ebshtu kryeipeshkvi i par\u00eb metropolit i pas-diktatur\u00ebs n\u00eb Shkod\u00ebr. Fitoi edhe titullin Profesor p\u00ebr pun\u00ebn e tij t\u00eb palodhur n\u00eb mbledhjen dhe kodifikimin e Kanunit t\u00eb Sk\u00ebnderbeut, vep\u00ebr q\u00eb pa drit\u00ebn e shtypit shum\u00eb vjet pasi ishte p\u00ebrgatitur p\u00ebr botim. Po ai mbeti gjithnj\u00eb meshtari i thjesht\u00eb, dom Franoja, njeriu q\u00eb ia kushtoi gjith\u00eb jet\u00ebn elterit e kultur\u00ebs komb\u00ebtare, Fes\u00eb e Atdheut. K\u00ebrkonte me k\u00ebmb\u00ebngulje nga katolik\u00ebt shenjt\u00ebrimin e jet\u00ebs e n\u00eb kultivimin e kultur\u00ebs.<\/p>\n<p>Shenjt\u00ebrimit e kultur\u00ebs i sh\u00ebrbeu gjith\u00eb jet\u00ebn, duke punuar me kujdesin e dashurin\u00eb m\u00eb t\u00eb madh n\u00eb misionin e tij meshtar, n\u00eb nj\u00ebr\u00ebn an\u00eb p\u00ebrher\u00eb besnik ndaj Ungjillit t\u00eb Krishtit e n\u00eb an\u00ebn tjet\u00ebr duke mos e l\u00ebshuar kurr\u00eb pen\u00ebn nga dora. La k\u00ebshtu pas nj\u00eb vep\u00ebr q\u00eb vijon t&#8217;i sh\u00ebrbej\u00eb kombit e popullit t\u00eb vet, &#8220;Kanunin e Skand\u00ebrbegut&#8221;.<br \/>\nSot, n\u00eb p\u00ebrvjetorin e vdekjes s\u00eb tij, kujtojm\u00eb se imzot Frano Illia, autor i &#8220;Kanuni i Skand\u00ebrbegut&#8221; ishte njeri i dialogut, i paqes dhe i harmonis\u00eb. La pas veti edhe shembullin e pun\u00ebtorit t\u00eb palodhur t\u00eb ekumenizmit, t\u00eb meshtarit q\u00eb bashk\u00ebpunoi t\u00ebr\u00eb jet\u00ebn me v\u00ebllez\u00ebrit e besimeve t\u00eb tjera, p\u00ebr t\u00eb mir\u00ebn e p\u00ebrbashk\u00ebt e n\u00eb em\u00ebr t\u00eb bashkimit komb\u00ebtar.<\/p>\n<p>Duke ecur n\u00eb gjurm\u00ebt e tradit\u00ebs s\u00eb krishter\u00eb nd\u00ebr shqiptar\u00eb, Imzot Franoja jo vet\u00ebm q\u00eb nuk hezitoi t\u00eb fliste p\u00ebr v\u00ebllaz\u00ebr\u00ed t\u00eb sinqert\u00eb e ruajtjen e bashk\u00ebjetes\u00ebs n\u00eb Shkod\u00ebr e Shqip\u00ebri, por edhe organizoi personalisht mbrojtjen e nd\u00ebrtesave t\u00eb kultit t\u00eb qytetit verior, duke ftuar p\u00ebrfaq\u00ebsuesit e bashk\u00ebsis\u00eb islame t\u00eb ruanin Kishat e duke nisur meshtar\u00ebt e vet n\u00eb mbrojtje t\u00eb xhamive t\u00eb Shkodr\u00ebs. Ishte nj\u00eb ngjarje e papar\u00eb ndonj\u00eb her\u00eb n\u00eb historin\u00eb e kombit shqiptar kjo, q\u00eb u regjistrua n\u00eb analet e turbullirave t\u00eb 1997-t\u00ebs. Kryeipeshkvi Frano Illia Jetoi me moton: &#8220;Edhe sikur t\u00eb m\u00eb premtojn\u00eb nj\u00ebqind jet\u00eb, asnjen\u00ebn nuk e due tue mohue fen\u00eb&#8221;. Moto kjo q\u00eb ruan ende sot vler\u00ebn e aktualitetit. Vdiq m\u00eb 22 tetor 1997. (Radio Vatikani)<\/p>\n","protected":false},"excerpt":{"rendered":"<p>Duke shfletuar kalendarin historik, sot me 22 tetor, kujtojm\u00eb p\u00ebrvjetorin e vdekjes s\u00eb Imzot Frano Illis\u00eb, kryeipeshk\u00ebv metropolit i Shkodr\u00ebs n\u00eb vitet 1993- 1997. Imzot Frano Illia lindi n\u00eb fshatin Juban, pran\u00eb Shkodr\u00ebs m\u00eb 21 shkurt 1918. U shugurua meshtar m\u00eb 18 dhjetor 1943. Sh\u00ebrbeu n\u00eb Tiran\u00eb, Shkod\u00ebr, Milot e rrethina. M\u00eb 1967 u arrestua, [&hellip;]<\/p>\n","protected":false},"author":1,"featured_media":0,"comment_status":"open","ping_status":"closed","sticky":false,"template":"","format":"standard","meta":{"footnotes":""},"categories":[2],"tags":[],"class_list":{"0":"post-11091","1":"post","2":"type-post","3":"status-publish","4":"format-standard","6":"category-artikuj"},"yoast_head":"<!-- This site is optimized with the Yoast SEO plugin v27.4 - https:\/\/yoast.com\/product\/yoast-seo-wordpress\/ -->\n<title>N\u00eb p\u00ebrvjetorin e vdekjes s\u00eb Imzot Frano Illia, mbledh\u00ebsit t\u00eb &quot;Kanunit te Skenderbeut&quot; - FjALA e LIR\u00cb - Arkivi<\/title>\n<meta name=\"robots\" content=\"index, follow, max-snippet:-1, max-image-preview:large, max-video-preview:-1\" \/>\n<link rel=\"canonical\" href=\"https:\/\/fjala.info\/2009-2015\/ne-pervjetorin-e-vdekjes-se-imzot-frano-illia-mbledhesit-te-kanunit-te-skenderbeut\/\" \/>\n<meta property=\"og:locale\" content=\"sq_AL\" \/>\n<meta property=\"og:type\" content=\"article\" \/>\n<meta property=\"og:title\" content=\"N\u00eb p\u00ebrvjetorin e vdekjes s\u00eb Imzot Frano Illia, mbledh\u00ebsit t\u00eb &quot;Kanunit te Skenderbeut&quot; - FjALA e LIR\u00cb - Arkivi\" \/>\n<meta property=\"og:description\" content=\"Duke shfletuar kalendarin historik, sot me 22 tetor, kujtojm\u00eb p\u00ebrvjetorin e vdekjes s\u00eb Imzot Frano Illis\u00eb, kryeipeshk\u00ebv metropolit i Shkodr\u00ebs n\u00eb vitet 1993- 1997. Imzot Frano Illia lindi n\u00eb fshatin Juban, pran\u00eb Shkodr\u00ebs m\u00eb 21 shkurt 1918. U shugurua meshtar m\u00eb 18 dhjetor 1943. Sh\u00ebrbeu n\u00eb Tiran\u00eb, Shkod\u00ebr, Milot e rrethina. M\u00eb 1967 u arrestua, [&hellip;]\" \/>\n<meta property=\"og:url\" content=\"https:\/\/fjala.info\/2009-2015\/ne-pervjetorin-e-vdekjes-se-imzot-frano-illia-mbledhesit-te-kanunit-te-skenderbeut\/\" \/>\n<meta property=\"og:site_name\" content=\"FjALA e LIR\u00cb - Arkivi\" \/>\n<meta property=\"article:published_time\" content=\"2011-10-23T09:41:07+00:00\" \/>\n<meta property=\"og:image\" content=\"http:\/\/www.shkoder.net\/images\/fjala\/2011\/papa_gjon_pali_frano_ilia_rrok_mirdita.jpg\" \/>\n<meta name=\"author\" content=\"admin\" \/>\n<meta name=\"twitter:card\" content=\"summary_large_image\" \/>\n<meta name=\"twitter:label1\" content=\"Written by\" \/>\n\t<meta name=\"twitter:data1\" content=\"admin\" \/>\n\t<meta name=\"twitter:label2\" content=\"Est. reading time\" \/>\n\t<meta name=\"twitter:data2\" content=\"3 minutes\" \/>\n<script type=\"application\/ld+json\" class=\"yoast-schema-graph\">{\"@context\":\"https:\\\/\\\/schema.org\",\"@graph\":[{\"@type\":\"Article\",\"@id\":\"https:\\\/\\\/fjala.info\\\/2009-2015\\\/ne-pervjetorin-e-vdekjes-se-imzot-frano-illia-mbledhesit-te-kanunit-te-skenderbeut\\\/#article\",\"isPartOf\":{\"@id\":\"https:\\\/\\\/fjala.info\\\/2009-2015\\\/ne-pervjetorin-e-vdekjes-se-imzot-frano-illia-mbledhesit-te-kanunit-te-skenderbeut\\\/\"},\"author\":{\"name\":\"admin\",\"@id\":\"https:\\\/\\\/fjala.info\\\/2009-2015\\\/#\\\/schema\\\/person\\\/3aa1163ef05469c496fc94e77611ada2\"},\"headline\":\"N\u00eb p\u00ebrvjetorin e vdekjes s\u00eb Imzot Frano Illia, mbledh\u00ebsit t\u00eb &#8220;Kanunit te Skenderbeut&#8221;\",\"datePublished\":\"2011-10-23T09:41:07+00:00\",\"mainEntityOfPage\":{\"@id\":\"https:\\\/\\\/fjala.info\\\/2009-2015\\\/ne-pervjetorin-e-vdekjes-se-imzot-frano-illia-mbledhesit-te-kanunit-te-skenderbeut\\\/\"},\"wordCount\":534,\"commentCount\":0,\"publisher\":{\"@id\":\"https:\\\/\\\/fjala.info\\\/2009-2015\\\/#organization\"},\"image\":{\"@id\":\"https:\\\/\\\/fjala.info\\\/2009-2015\\\/ne-pervjetorin-e-vdekjes-se-imzot-frano-illia-mbledhesit-te-kanunit-te-skenderbeut\\\/#primaryimage\"},\"thumbnailUrl\":\"http:\\\/\\\/www.shkoder.net\\\/images\\\/fjala\\\/2011\\\/papa_gjon_pali_frano_ilia_rrok_mirdita.jpg\",\"articleSection\":[\"Artikuj\"],\"inLanguage\":\"sq-AL\",\"potentialAction\":[{\"@type\":\"CommentAction\",\"name\":\"Comment\",\"target\":[\"https:\\\/\\\/fjala.info\\\/2009-2015\\\/ne-pervjetorin-e-vdekjes-se-imzot-frano-illia-mbledhesit-te-kanunit-te-skenderbeut\\\/#respond\"]}]},{\"@type\":\"WebPage\",\"@id\":\"https:\\\/\\\/fjala.info\\\/2009-2015\\\/ne-pervjetorin-e-vdekjes-se-imzot-frano-illia-mbledhesit-te-kanunit-te-skenderbeut\\\/\",\"url\":\"https:\\\/\\\/fjala.info\\\/2009-2015\\\/ne-pervjetorin-e-vdekjes-se-imzot-frano-illia-mbledhesit-te-kanunit-te-skenderbeut\\\/\",\"name\":\"N\u00eb p\u00ebrvjetorin e vdekjes s\u00eb Imzot Frano Illia, mbledh\u00ebsit t\u00eb \\\"Kanunit te Skenderbeut\\\" - FjALA e LIR\u00cb - Arkivi\",\"isPartOf\":{\"@id\":\"https:\\\/\\\/fjala.info\\\/2009-2015\\\/#website\"},\"primaryImageOfPage\":{\"@id\":\"https:\\\/\\\/fjala.info\\\/2009-2015\\\/ne-pervjetorin-e-vdekjes-se-imzot-frano-illia-mbledhesit-te-kanunit-te-skenderbeut\\\/#primaryimage\"},\"image\":{\"@id\":\"https:\\\/\\\/fjala.info\\\/2009-2015\\\/ne-pervjetorin-e-vdekjes-se-imzot-frano-illia-mbledhesit-te-kanunit-te-skenderbeut\\\/#primaryimage\"},\"thumbnailUrl\":\"http:\\\/\\\/www.shkoder.net\\\/images\\\/fjala\\\/2011\\\/papa_gjon_pali_frano_ilia_rrok_mirdita.jpg\",\"datePublished\":\"2011-10-23T09:41:07+00:00\",\"breadcrumb\":{\"@id\":\"https:\\\/\\\/fjala.info\\\/2009-2015\\\/ne-pervjetorin-e-vdekjes-se-imzot-frano-illia-mbledhesit-te-kanunit-te-skenderbeut\\\/#breadcrumb\"},\"inLanguage\":\"sq-AL\",\"potentialAction\":[{\"@type\":\"ReadAction\",\"target\":[\"https:\\\/\\\/fjala.info\\\/2009-2015\\\/ne-pervjetorin-e-vdekjes-se-imzot-frano-illia-mbledhesit-te-kanunit-te-skenderbeut\\\/\"]}]},{\"@type\":\"ImageObject\",\"inLanguage\":\"sq-AL\",\"@id\":\"https:\\\/\\\/fjala.info\\\/2009-2015\\\/ne-pervjetorin-e-vdekjes-se-imzot-frano-illia-mbledhesit-te-kanunit-te-skenderbeut\\\/#primaryimage\",\"url\":\"http:\\\/\\\/www.shkoder.net\\\/images\\\/fjala\\\/2011\\\/papa_gjon_pali_frano_ilia_rrok_mirdita.jpg\",\"contentUrl\":\"http:\\\/\\\/www.shkoder.net\\\/images\\\/fjala\\\/2011\\\/papa_gjon_pali_frano_ilia_rrok_mirdita.jpg\"},{\"@type\":\"BreadcrumbList\",\"@id\":\"https:\\\/\\\/fjala.info\\\/2009-2015\\\/ne-pervjetorin-e-vdekjes-se-imzot-frano-illia-mbledhesit-te-kanunit-te-skenderbeut\\\/#breadcrumb\",\"itemListElement\":[{\"@type\":\"ListItem\",\"position\":1,\"name\":\"Home\",\"item\":\"https:\\\/\\\/fjala.info\\\/2009-2015\\\/\"},{\"@type\":\"ListItem\",\"position\":2,\"name\":\"N\u00eb p\u00ebrvjetorin e vdekjes s\u00eb Imzot Frano Illia, mbledh\u00ebsit t\u00eb &#8220;Kanunit te Skenderbeut&#8221;\"}]},{\"@type\":\"WebSite\",\"@id\":\"https:\\\/\\\/fjala.info\\\/2009-2015\\\/#website\",\"url\":\"https:\\\/\\\/fjala.info\\\/2009-2015\\\/\",\"name\":\"FjALA e LIR\u00cb - Arkivi\",\"description\":\"Arkivi 2009-2015\",\"publisher\":{\"@id\":\"https:\\\/\\\/fjala.info\\\/2009-2015\\\/#organization\"},\"potentialAction\":[{\"@type\":\"SearchAction\",\"target\":{\"@type\":\"EntryPoint\",\"urlTemplate\":\"https:\\\/\\\/fjala.info\\\/2009-2015\\\/?s={search_term_string}\"},\"query-input\":{\"@type\":\"PropertyValueSpecification\",\"valueRequired\":true,\"valueName\":\"search_term_string\"}}],\"inLanguage\":\"sq-AL\"},{\"@type\":\"Organization\",\"@id\":\"https:\\\/\\\/fjala.info\\\/2009-2015\\\/#organization\",\"name\":\"FjALA e LIR\u00cb - Arkivi\",\"url\":\"https:\\\/\\\/fjala.info\\\/2009-2015\\\/\",\"logo\":{\"@type\":\"ImageObject\",\"inLanguage\":\"sq-AL\",\"@id\":\"https:\\\/\\\/fjala.info\\\/2009-2015\\\/#\\\/schema\\\/logo\\\/image\\\/\",\"url\":\"\",\"contentUrl\":\"\",\"caption\":\"FjALA e LIR\u00cb - Arkivi\"},\"image\":{\"@id\":\"https:\\\/\\\/fjala.info\\\/2009-2015\\\/#\\\/schema\\\/logo\\\/image\\\/\"}},{\"@type\":\"Person\",\"@id\":\"https:\\\/\\\/fjala.info\\\/2009-2015\\\/#\\\/schema\\\/person\\\/3aa1163ef05469c496fc94e77611ada2\",\"name\":\"admin\",\"image\":{\"@type\":\"ImageObject\",\"inLanguage\":\"sq-AL\",\"@id\":\"https:\\\/\\\/fjala.info\\\/2009-2015\\\/wp-content\\\/uploads\\\/2012\\\/02\\\/arben_cokaj-120x150.jpg\",\"url\":\"https:\\\/\\\/fjala.info\\\/2009-2015\\\/wp-content\\\/uploads\\\/2012\\\/02\\\/arben_cokaj-120x150.jpg\",\"contentUrl\":\"https:\\\/\\\/fjala.info\\\/2009-2015\\\/wp-content\\\/uploads\\\/2012\\\/02\\\/arben_cokaj-120x150.jpg\",\"caption\":\"admin\"},\"description\":\"Admin, Fjala e Lir\u00eb\",\"sameAs\":[\"https:\\\/\\\/fjala.info\\\/\"],\"url\":\"https:\\\/\\\/fjala.info\\\/2009-2015\\\/author\\\/admin\\\/\"}]}<\/script>\n<!-- \/ Yoast SEO plugin. -->","yoast_head_json":{"title":"N\u00eb p\u00ebrvjetorin e vdekjes s\u00eb Imzot Frano Illia, mbledh\u00ebsit t\u00eb \"Kanunit te Skenderbeut\" - FjALA e LIR\u00cb - Arkivi","robots":{"index":"index","follow":"follow","max-snippet":"max-snippet:-1","max-image-preview":"max-image-preview:large","max-video-preview":"max-video-preview:-1"},"canonical":"https:\/\/fjala.info\/2009-2015\/ne-pervjetorin-e-vdekjes-se-imzot-frano-illia-mbledhesit-te-kanunit-te-skenderbeut\/","og_locale":"sq_AL","og_type":"article","og_title":"N\u00eb p\u00ebrvjetorin e vdekjes s\u00eb Imzot Frano Illia, mbledh\u00ebsit t\u00eb \"Kanunit te Skenderbeut\" - FjALA e LIR\u00cb - Arkivi","og_description":"Duke shfletuar kalendarin historik, sot me 22 tetor, kujtojm\u00eb p\u00ebrvjetorin e vdekjes s\u00eb Imzot Frano Illis\u00eb, kryeipeshk\u00ebv metropolit i Shkodr\u00ebs n\u00eb vitet 1993- 1997. Imzot Frano Illia lindi n\u00eb fshatin Juban, pran\u00eb Shkodr\u00ebs m\u00eb 21 shkurt 1918. U shugurua meshtar m\u00eb 18 dhjetor 1943. Sh\u00ebrbeu n\u00eb Tiran\u00eb, Shkod\u00ebr, Milot e rrethina. M\u00eb 1967 u arrestua, [&hellip;]","og_url":"https:\/\/fjala.info\/2009-2015\/ne-pervjetorin-e-vdekjes-se-imzot-frano-illia-mbledhesit-te-kanunit-te-skenderbeut\/","og_site_name":"FjALA e LIR\u00cb - Arkivi","article_published_time":"2011-10-23T09:41:07+00:00","og_image":[{"url":"http:\/\/www.shkoder.net\/images\/fjala\/2011\/papa_gjon_pali_frano_ilia_rrok_mirdita.jpg","type":"","width":"","height":""}],"author":"admin","twitter_card":"summary_large_image","twitter_misc":{"Written by":"admin","Est. reading time":"3 minutes"},"schema":{"@context":"https:\/\/schema.org","@graph":[{"@type":"Article","@id":"https:\/\/fjala.info\/2009-2015\/ne-pervjetorin-e-vdekjes-se-imzot-frano-illia-mbledhesit-te-kanunit-te-skenderbeut\/#article","isPartOf":{"@id":"https:\/\/fjala.info\/2009-2015\/ne-pervjetorin-e-vdekjes-se-imzot-frano-illia-mbledhesit-te-kanunit-te-skenderbeut\/"},"author":{"name":"admin","@id":"https:\/\/fjala.info\/2009-2015\/#\/schema\/person\/3aa1163ef05469c496fc94e77611ada2"},"headline":"N\u00eb p\u00ebrvjetorin e vdekjes s\u00eb Imzot Frano Illia, mbledh\u00ebsit t\u00eb &#8220;Kanunit te Skenderbeut&#8221;","datePublished":"2011-10-23T09:41:07+00:00","mainEntityOfPage":{"@id":"https:\/\/fjala.info\/2009-2015\/ne-pervjetorin-e-vdekjes-se-imzot-frano-illia-mbledhesit-te-kanunit-te-skenderbeut\/"},"wordCount":534,"commentCount":0,"publisher":{"@id":"https:\/\/fjala.info\/2009-2015\/#organization"},"image":{"@id":"https:\/\/fjala.info\/2009-2015\/ne-pervjetorin-e-vdekjes-se-imzot-frano-illia-mbledhesit-te-kanunit-te-skenderbeut\/#primaryimage"},"thumbnailUrl":"http:\/\/www.shkoder.net\/images\/fjala\/2011\/papa_gjon_pali_frano_ilia_rrok_mirdita.jpg","articleSection":["Artikuj"],"inLanguage":"sq-AL","potentialAction":[{"@type":"CommentAction","name":"Comment","target":["https:\/\/fjala.info\/2009-2015\/ne-pervjetorin-e-vdekjes-se-imzot-frano-illia-mbledhesit-te-kanunit-te-skenderbeut\/#respond"]}]},{"@type":"WebPage","@id":"https:\/\/fjala.info\/2009-2015\/ne-pervjetorin-e-vdekjes-se-imzot-frano-illia-mbledhesit-te-kanunit-te-skenderbeut\/","url":"https:\/\/fjala.info\/2009-2015\/ne-pervjetorin-e-vdekjes-se-imzot-frano-illia-mbledhesit-te-kanunit-te-skenderbeut\/","name":"N\u00eb p\u00ebrvjetorin e vdekjes s\u00eb Imzot Frano Illia, mbledh\u00ebsit t\u00eb \"Kanunit te Skenderbeut\" - FjALA e LIR\u00cb - Arkivi","isPartOf":{"@id":"https:\/\/fjala.info\/2009-2015\/#website"},"primaryImageOfPage":{"@id":"https:\/\/fjala.info\/2009-2015\/ne-pervjetorin-e-vdekjes-se-imzot-frano-illia-mbledhesit-te-kanunit-te-skenderbeut\/#primaryimage"},"image":{"@id":"https:\/\/fjala.info\/2009-2015\/ne-pervjetorin-e-vdekjes-se-imzot-frano-illia-mbledhesit-te-kanunit-te-skenderbeut\/#primaryimage"},"thumbnailUrl":"http:\/\/www.shkoder.net\/images\/fjala\/2011\/papa_gjon_pali_frano_ilia_rrok_mirdita.jpg","datePublished":"2011-10-23T09:41:07+00:00","breadcrumb":{"@id":"https:\/\/fjala.info\/2009-2015\/ne-pervjetorin-e-vdekjes-se-imzot-frano-illia-mbledhesit-te-kanunit-te-skenderbeut\/#breadcrumb"},"inLanguage":"sq-AL","potentialAction":[{"@type":"ReadAction","target":["https:\/\/fjala.info\/2009-2015\/ne-pervjetorin-e-vdekjes-se-imzot-frano-illia-mbledhesit-te-kanunit-te-skenderbeut\/"]}]},{"@type":"ImageObject","inLanguage":"sq-AL","@id":"https:\/\/fjala.info\/2009-2015\/ne-pervjetorin-e-vdekjes-se-imzot-frano-illia-mbledhesit-te-kanunit-te-skenderbeut\/#primaryimage","url":"http:\/\/www.shkoder.net\/images\/fjala\/2011\/papa_gjon_pali_frano_ilia_rrok_mirdita.jpg","contentUrl":"http:\/\/www.shkoder.net\/images\/fjala\/2011\/papa_gjon_pali_frano_ilia_rrok_mirdita.jpg"},{"@type":"BreadcrumbList","@id":"https:\/\/fjala.info\/2009-2015\/ne-pervjetorin-e-vdekjes-se-imzot-frano-illia-mbledhesit-te-kanunit-te-skenderbeut\/#breadcrumb","itemListElement":[{"@type":"ListItem","position":1,"name":"Home","item":"https:\/\/fjala.info\/2009-2015\/"},{"@type":"ListItem","position":2,"name":"N\u00eb p\u00ebrvjetorin e vdekjes s\u00eb Imzot Frano Illia, mbledh\u00ebsit t\u00eb &#8220;Kanunit te Skenderbeut&#8221;"}]},{"@type":"WebSite","@id":"https:\/\/fjala.info\/2009-2015\/#website","url":"https:\/\/fjala.info\/2009-2015\/","name":"FjALA e LIR\u00cb - Arkivi","description":"Arkivi 2009-2015","publisher":{"@id":"https:\/\/fjala.info\/2009-2015\/#organization"},"potentialAction":[{"@type":"SearchAction","target":{"@type":"EntryPoint","urlTemplate":"https:\/\/fjala.info\/2009-2015\/?s={search_term_string}"},"query-input":{"@type":"PropertyValueSpecification","valueRequired":true,"valueName":"search_term_string"}}],"inLanguage":"sq-AL"},{"@type":"Organization","@id":"https:\/\/fjala.info\/2009-2015\/#organization","name":"FjALA e LIR\u00cb - Arkivi","url":"https:\/\/fjala.info\/2009-2015\/","logo":{"@type":"ImageObject","inLanguage":"sq-AL","@id":"https:\/\/fjala.info\/2009-2015\/#\/schema\/logo\/image\/","url":"","contentUrl":"","caption":"FjALA e LIR\u00cb - Arkivi"},"image":{"@id":"https:\/\/fjala.info\/2009-2015\/#\/schema\/logo\/image\/"}},{"@type":"Person","@id":"https:\/\/fjala.info\/2009-2015\/#\/schema\/person\/3aa1163ef05469c496fc94e77611ada2","name":"admin","image":{"@type":"ImageObject","inLanguage":"sq-AL","@id":"https:\/\/fjala.info\/2009-2015\/wp-content\/uploads\/2012\/02\/arben_cokaj-120x150.jpg","url":"https:\/\/fjala.info\/2009-2015\/wp-content\/uploads\/2012\/02\/arben_cokaj-120x150.jpg","contentUrl":"https:\/\/fjala.info\/2009-2015\/wp-content\/uploads\/2012\/02\/arben_cokaj-120x150.jpg","caption":"admin"},"description":"Admin, Fjala e Lir\u00eb","sameAs":["https:\/\/fjala.info\/"],"url":"https:\/\/fjala.info\/2009-2015\/author\/admin\/"}]}},"_links":{"self":[{"href":"https:\/\/fjala.info\/2009-2015\/wp-json\/wp\/v2\/posts\/11091","targetHints":{"allow":["GET"]}}],"collection":[{"href":"https:\/\/fjala.info\/2009-2015\/wp-json\/wp\/v2\/posts"}],"about":[{"href":"https:\/\/fjala.info\/2009-2015\/wp-json\/wp\/v2\/types\/post"}],"author":[{"embeddable":true,"href":"https:\/\/fjala.info\/2009-2015\/wp-json\/wp\/v2\/users\/1"}],"replies":[{"embeddable":true,"href":"https:\/\/fjala.info\/2009-2015\/wp-json\/wp\/v2\/comments?post=11091"}],"version-history":[{"count":0,"href":"https:\/\/fjala.info\/2009-2015\/wp-json\/wp\/v2\/posts\/11091\/revisions"}],"wp:attachment":[{"href":"https:\/\/fjala.info\/2009-2015\/wp-json\/wp\/v2\/media?parent=11091"}],"wp:term":[{"taxonomy":"category","embeddable":true,"href":"https:\/\/fjala.info\/2009-2015\/wp-json\/wp\/v2\/categories?post=11091"},{"taxonomy":"post_tag","embeddable":true,"href":"https:\/\/fjala.info\/2009-2015\/wp-json\/wp\/v2\/tags?post=11091"}],"curies":[{"name":"wp","href":"https:\/\/api.w.org\/{rel}","templated":true}]}}