{"id":11085,"date":"2011-10-20T22:31:37","date_gmt":"2011-10-20T21:31:37","guid":{"rendered":"http:\/\/fjala.shkoder.net\/?p=11085"},"modified":"2011-10-20T22:31:37","modified_gmt":"2011-10-20T21:31:37","slug":"mustafaj-bamir-topi-mund-te-reformoje-pd-ne","status":"publish","type":"post","link":"https:\/\/fjala.info\/2009-2015\/mustafaj-bamir-topi-mund-te-reformoje-pd-ne\/","title":{"rendered":"Mustafaj: Bamir Topi mund t\u00eb reformoj\u00eb PD-n\u00eb"},"content":{"rendered":"<p><img decoding=\"async\" class=\"alignright size-thumbnail wp-image-7236\" title=\"Besnik Mustafaj\" src=\"http:\/\/www.shkoder.net\/images\/fjala\/besnik_mustafaj.jpg\" alt=\"\" width=\"150\" \/> <strong>TemA<\/strong>, <em>20 Tetor 2011<\/em><\/p>\n<p>L\u00ebvizja politike e Bamir Topit pas mbarimit t\u00eb mandatit presidencial po pritet n\u00eb kampin blu si nj\u00eb l\u00ebvizje q\u00eb mund t\u00eb ndryshoj\u00eb nj\u00eb her\u00eb e mir\u00eb balancat n\u00eb Partin\u00eb Demokratike apo t\u00eb ul\u00eb ndikimin e saj duke krijuar nj\u00eb front t\u00eb ri t\u00eb djatht\u00eb. M\u00eb qart\u00eb se sa l\u00ebvizja e ardhshme e Topit, i cili vazhdon t\u00eb ruaj\u00eb statur\u00ebn q\u00eb i kusht\u00ebzon posti i Presidentit, duket frika q\u00eb ka kapluar kampin blu nga kjo l\u00ebvizje dhe vet\u00eb kryetarin e partis\u00eb, Sali Berisha. Prej dit\u00ebsh gazetat pran\u00eb k\u00ebsaj partie po e sulmojn\u00eb Topin n\u00eb t\u00eb gjitha m\u00ebnyrat dhe me t\u00eb gjith\u00eb fjalorin, edhe pse \u00ebsht\u00eb presidenti i zgjedhur nga kjo parti pas nj\u00eb karriere politike n\u00eb PD, ku mbajti detyr\u00ebn e n\u00ebnkryetarit. Po si e sheh rikthimin e Topit n\u00eb politik\u00eb, nj\u00eb nga figurat m\u00eb t\u00eb vjetra dhe me influenc\u00eb n\u00eb PD, ish- ministri i Jasht\u00ebm i qeveris\u00eb Berisha dhe ish-miku i tij, Besnik Mustafaj.<\/p>\n<p>Duke folur p\u00ebr k\u00ebt\u00eb \u00e7\u00ebshtje i ftuar tek emisioni \u201cShqip\u201d n\u00eb Top-Channel Mustafaj tha se shihte dy mund\u00ebsi t\u00eb rikthimit t\u00eb Topit n\u00eb politik\u00ebn aktive. E para sipas tij \u00ebsht\u00eb rikthimi brenda PD-s\u00eb ku ai me statut \u00ebsht\u00eb an\u00ebtar i K\u00ebshillit Komb\u00ebtar p\u00ebrjet\u00ebsisht derisa t\u00eb largohet n\u00eb ndonj\u00eb parti tjet\u00ebr, dhe n\u00eb k\u00ebt\u00eb m\u00ebnyr\u00eb t\u00eb tentoj\u00eb reformimin e k\u00ebsaj partie. Dhe e dyta, p\u00ebr t\u00eb cil\u00ebn Mustafaj tha q\u00eb nuk e di se sa e v\u00ebrtet\u00eb \u00ebsht\u00eb, do ishte krijimi i nj\u00eb partie t\u00eb re. N\u00eb k\u00ebt\u00eb rast Mustafaj thekson se \u201cBamir Topi ka nj\u00eb statur\u00eb t\u00eb lart\u00eb morale dhe angazhimi i njer\u00ebzve si ai do t\u2019i b\u00ebnte mir\u00eb s\u00eb djatht\u00ebs, por mbetet p\u00ebr tu par\u00eb n\u00ebse ka dhe nj\u00eb statur\u00eb lideri n\u00eb politik\u00eb\u201d.<\/p>\n<p>Nga ana tjet\u00ebr Mustafaj duket se ka m\u00eb p\u00ebr zem\u00ebr nj\u00eb \u201cluft\u00eb\u201d brenda partis\u00eb \u201cm\u00ebm\u00eb\u201d pasi shton se \u201cfigura si Topi nuk i mungojn\u00eb PD-n\u00eb dhe me angazhimin e tyre brenda partis\u00eb ata mund ta reformojn\u00eb k\u00ebt\u00eb parti.<\/p>\n<p>\u201cKur t\u00eb l\u00ebr\u00eb presidenc\u00ebn ai i ka t\u00eb gjitha mund\u00ebsit\u00eb p\u00ebr t\u00eb b\u00ebr\u00eb k\u00ebt\u00eb pasi \u00ebsht\u00eb an\u00ebtar i K\u00ebshillit Komb\u00ebtar me statut si ish-president. Topi ka eksperienc\u00ebn dhe pjekurin\u00eb e duhur politike p\u00ebr t\u00eb nd\u00ebrmarr\u00eb l\u00ebvizje t\u00eb tilla dhe sigurisht presidenca vet\u00ebm sa ia ka forcuar m\u00eb shum\u00eb statur\u00ebn politike\u201d.<\/p>\n<p>Gjithsesi Mustafaj nuk foli me siguri se \u00e7far\u00eb mund t\u00eb b\u00ebnte presidenti aktual n\u00eb t\u00eb ardhmen e af\u00ebrt, por nga diskutimet n\u00eb k\u00ebt\u00eb panel, ku ishte i pranish\u00ebm dhe nj\u00eb tjet\u00ebr figur\u00eb e PD-s\u00eb e distancuar p\u00ebr shkak t\u00eb afrimitetit me Topin, Aleksand\u00ebr Biberaj, u duk sikur kishte nj\u00eb grup njer\u00ebzish n\u00eb k\u00ebt\u00eb parti q\u00eb prisnin k\u00ebt\u00eb vendim p\u00ebr t\u00eb par\u00eb nj\u00eb mund\u00ebsi p\u00ebr tu angazhuar politikisht.<\/p>\n","protected":false},"excerpt":{"rendered":"<p>TemA, 20 Tetor 2011 L\u00ebvizja politike e Bamir Topit pas mbarimit t\u00eb mandatit presidencial po pritet n\u00eb kampin blu si nj\u00eb l\u00ebvizje q\u00eb mund t\u00eb ndryshoj\u00eb nj\u00eb her\u00eb e mir\u00eb balancat n\u00eb Partin\u00eb Demokratike apo t\u00eb ul\u00eb ndikimin e saj duke krijuar nj\u00eb front t\u00eb ri t\u00eb djatht\u00eb. M\u00eb qart\u00eb se sa l\u00ebvizja e ardhshme [&hellip;]<\/p>\n","protected":false},"author":1,"featured_media":0,"comment_status":"open","ping_status":"closed","sticky":false,"template":"","format":"standard","meta":{"footnotes":""},"categories":[2],"tags":[],"class_list":{"0":"post-11085","1":"post","2":"type-post","3":"status-publish","4":"format-standard","6":"category-artikuj"},"yoast_head":"<!-- This site is optimized with the Yoast SEO plugin v27.4 - https:\/\/yoast.com\/product\/yoast-seo-wordpress\/ -->\n<title>Mustafaj: Bamir Topi mund t\u00eb reformoj\u00eb PD-n\u00eb - FjALA e LIR\u00cb - Arkivi<\/title>\n<meta name=\"robots\" content=\"index, follow, max-snippet:-1, max-image-preview:large, max-video-preview:-1\" \/>\n<link rel=\"canonical\" href=\"https:\/\/fjala.info\/2009-2015\/mustafaj-bamir-topi-mund-te-reformoje-pd-ne\/\" \/>\n<meta property=\"og:locale\" content=\"sq_AL\" \/>\n<meta property=\"og:type\" content=\"article\" \/>\n<meta property=\"og:title\" content=\"Mustafaj: Bamir Topi mund t\u00eb reformoj\u00eb PD-n\u00eb - FjALA e LIR\u00cb - Arkivi\" \/>\n<meta property=\"og:description\" content=\"TemA, 20 Tetor 2011 L\u00ebvizja politike e Bamir Topit pas mbarimit t\u00eb mandatit presidencial po pritet n\u00eb kampin blu si nj\u00eb l\u00ebvizje q\u00eb mund t\u00eb ndryshoj\u00eb nj\u00eb her\u00eb e mir\u00eb balancat n\u00eb Partin\u00eb Demokratike apo t\u00eb ul\u00eb ndikimin e saj duke krijuar nj\u00eb front t\u00eb ri t\u00eb djatht\u00eb. M\u00eb qart\u00eb se sa l\u00ebvizja e ardhshme [&hellip;]\" \/>\n<meta property=\"og:url\" content=\"https:\/\/fjala.info\/2009-2015\/mustafaj-bamir-topi-mund-te-reformoje-pd-ne\/\" \/>\n<meta property=\"og:site_name\" content=\"FjALA e LIR\u00cb - Arkivi\" \/>\n<meta property=\"article:published_time\" content=\"2011-10-20T21:31:37+00:00\" \/>\n<meta property=\"og:image\" content=\"http:\/\/www.shkoder.net\/images\/fjala\/besnik_mustafaj.jpg\" \/>\n<meta name=\"author\" content=\"admin\" \/>\n<meta name=\"twitter:card\" content=\"summary_large_image\" \/>\n<meta name=\"twitter:label1\" content=\"Written by\" \/>\n\t<meta name=\"twitter:data1\" content=\"admin\" \/>\n\t<meta name=\"twitter:label2\" content=\"Est. reading time\" \/>\n\t<meta name=\"twitter:data2\" content=\"3 minutes\" \/>\n<script type=\"application\/ld+json\" class=\"yoast-schema-graph\">{\"@context\":\"https:\\\/\\\/schema.org\",\"@graph\":[{\"@type\":\"Article\",\"@id\":\"https:\\\/\\\/fjala.info\\\/2009-2015\\\/mustafaj-bamir-topi-mund-te-reformoje-pd-ne\\\/#article\",\"isPartOf\":{\"@id\":\"https:\\\/\\\/fjala.info\\\/2009-2015\\\/mustafaj-bamir-topi-mund-te-reformoje-pd-ne\\\/\"},\"author\":{\"name\":\"admin\",\"@id\":\"https:\\\/\\\/fjala.info\\\/2009-2015\\\/#\\\/schema\\\/person\\\/3aa1163ef05469c496fc94e77611ada2\"},\"headline\":\"Mustafaj: Bamir Topi mund t\u00eb reformoj\u00eb PD-n\u00eb\",\"datePublished\":\"2011-10-20T21:31:37+00:00\",\"mainEntityOfPage\":{\"@id\":\"https:\\\/\\\/fjala.info\\\/2009-2015\\\/mustafaj-bamir-topi-mund-te-reformoje-pd-ne\\\/\"},\"wordCount\":510,\"commentCount\":1,\"publisher\":{\"@id\":\"https:\\\/\\\/fjala.info\\\/2009-2015\\\/#organization\"},\"image\":{\"@id\":\"https:\\\/\\\/fjala.info\\\/2009-2015\\\/mustafaj-bamir-topi-mund-te-reformoje-pd-ne\\\/#primaryimage\"},\"thumbnailUrl\":\"http:\\\/\\\/www.shkoder.net\\\/images\\\/fjala\\\/besnik_mustafaj.jpg\",\"articleSection\":[\"Artikuj\"],\"inLanguage\":\"sq-AL\",\"potentialAction\":[{\"@type\":\"CommentAction\",\"name\":\"Comment\",\"target\":[\"https:\\\/\\\/fjala.info\\\/2009-2015\\\/mustafaj-bamir-topi-mund-te-reformoje-pd-ne\\\/#respond\"]}]},{\"@type\":\"WebPage\",\"@id\":\"https:\\\/\\\/fjala.info\\\/2009-2015\\\/mustafaj-bamir-topi-mund-te-reformoje-pd-ne\\\/\",\"url\":\"https:\\\/\\\/fjala.info\\\/2009-2015\\\/mustafaj-bamir-topi-mund-te-reformoje-pd-ne\\\/\",\"name\":\"Mustafaj: Bamir Topi mund t\u00eb reformoj\u00eb PD-n\u00eb - FjALA e LIR\u00cb - Arkivi\",\"isPartOf\":{\"@id\":\"https:\\\/\\\/fjala.info\\\/2009-2015\\\/#website\"},\"primaryImageOfPage\":{\"@id\":\"https:\\\/\\\/fjala.info\\\/2009-2015\\\/mustafaj-bamir-topi-mund-te-reformoje-pd-ne\\\/#primaryimage\"},\"image\":{\"@id\":\"https:\\\/\\\/fjala.info\\\/2009-2015\\\/mustafaj-bamir-topi-mund-te-reformoje-pd-ne\\\/#primaryimage\"},\"thumbnailUrl\":\"http:\\\/\\\/www.shkoder.net\\\/images\\\/fjala\\\/besnik_mustafaj.jpg\",\"datePublished\":\"2011-10-20T21:31:37+00:00\",\"breadcrumb\":{\"@id\":\"https:\\\/\\\/fjala.info\\\/2009-2015\\\/mustafaj-bamir-topi-mund-te-reformoje-pd-ne\\\/#breadcrumb\"},\"inLanguage\":\"sq-AL\",\"potentialAction\":[{\"@type\":\"ReadAction\",\"target\":[\"https:\\\/\\\/fjala.info\\\/2009-2015\\\/mustafaj-bamir-topi-mund-te-reformoje-pd-ne\\\/\"]}]},{\"@type\":\"ImageObject\",\"inLanguage\":\"sq-AL\",\"@id\":\"https:\\\/\\\/fjala.info\\\/2009-2015\\\/mustafaj-bamir-topi-mund-te-reformoje-pd-ne\\\/#primaryimage\",\"url\":\"http:\\\/\\\/www.shkoder.net\\\/images\\\/fjala\\\/besnik_mustafaj.jpg\",\"contentUrl\":\"http:\\\/\\\/www.shkoder.net\\\/images\\\/fjala\\\/besnik_mustafaj.jpg\"},{\"@type\":\"BreadcrumbList\",\"@id\":\"https:\\\/\\\/fjala.info\\\/2009-2015\\\/mustafaj-bamir-topi-mund-te-reformoje-pd-ne\\\/#breadcrumb\",\"itemListElement\":[{\"@type\":\"ListItem\",\"position\":1,\"name\":\"Home\",\"item\":\"https:\\\/\\\/fjala.info\\\/2009-2015\\\/\"},{\"@type\":\"ListItem\",\"position\":2,\"name\":\"Mustafaj: Bamir Topi mund t\u00eb reformoj\u00eb PD-n\u00eb\"}]},{\"@type\":\"WebSite\",\"@id\":\"https:\\\/\\\/fjala.info\\\/2009-2015\\\/#website\",\"url\":\"https:\\\/\\\/fjala.info\\\/2009-2015\\\/\",\"name\":\"FjALA e LIR\u00cb - Arkivi\",\"description\":\"Arkivi 2009-2015\",\"publisher\":{\"@id\":\"https:\\\/\\\/fjala.info\\\/2009-2015\\\/#organization\"},\"potentialAction\":[{\"@type\":\"SearchAction\",\"target\":{\"@type\":\"EntryPoint\",\"urlTemplate\":\"https:\\\/\\\/fjala.info\\\/2009-2015\\\/?s={search_term_string}\"},\"query-input\":{\"@type\":\"PropertyValueSpecification\",\"valueRequired\":true,\"valueName\":\"search_term_string\"}}],\"inLanguage\":\"sq-AL\"},{\"@type\":\"Organization\",\"@id\":\"https:\\\/\\\/fjala.info\\\/2009-2015\\\/#organization\",\"name\":\"FjALA e LIR\u00cb - Arkivi\",\"url\":\"https:\\\/\\\/fjala.info\\\/2009-2015\\\/\",\"logo\":{\"@type\":\"ImageObject\",\"inLanguage\":\"sq-AL\",\"@id\":\"https:\\\/\\\/fjala.info\\\/2009-2015\\\/#\\\/schema\\\/logo\\\/image\\\/\",\"url\":\"\",\"contentUrl\":\"\",\"caption\":\"FjALA e LIR\u00cb - Arkivi\"},\"image\":{\"@id\":\"https:\\\/\\\/fjala.info\\\/2009-2015\\\/#\\\/schema\\\/logo\\\/image\\\/\"}},{\"@type\":\"Person\",\"@id\":\"https:\\\/\\\/fjala.info\\\/2009-2015\\\/#\\\/schema\\\/person\\\/3aa1163ef05469c496fc94e77611ada2\",\"name\":\"admin\",\"image\":{\"@type\":\"ImageObject\",\"inLanguage\":\"sq-AL\",\"@id\":\"https:\\\/\\\/fjala.info\\\/2009-2015\\\/wp-content\\\/uploads\\\/2012\\\/02\\\/arben_cokaj-120x150.jpg\",\"url\":\"https:\\\/\\\/fjala.info\\\/2009-2015\\\/wp-content\\\/uploads\\\/2012\\\/02\\\/arben_cokaj-120x150.jpg\",\"contentUrl\":\"https:\\\/\\\/fjala.info\\\/2009-2015\\\/wp-content\\\/uploads\\\/2012\\\/02\\\/arben_cokaj-120x150.jpg\",\"caption\":\"admin\"},\"description\":\"Admin, Fjala e Lir\u00eb\",\"sameAs\":[\"https:\\\/\\\/fjala.info\\\/\"],\"url\":\"https:\\\/\\\/fjala.info\\\/2009-2015\\\/author\\\/admin\\\/\"}]}<\/script>\n<!-- \/ Yoast SEO plugin. -->","yoast_head_json":{"title":"Mustafaj: Bamir Topi mund t\u00eb reformoj\u00eb PD-n\u00eb - FjALA e LIR\u00cb - Arkivi","robots":{"index":"index","follow":"follow","max-snippet":"max-snippet:-1","max-image-preview":"max-image-preview:large","max-video-preview":"max-video-preview:-1"},"canonical":"https:\/\/fjala.info\/2009-2015\/mustafaj-bamir-topi-mund-te-reformoje-pd-ne\/","og_locale":"sq_AL","og_type":"article","og_title":"Mustafaj: Bamir Topi mund t\u00eb reformoj\u00eb PD-n\u00eb - FjALA e LIR\u00cb - Arkivi","og_description":"TemA, 20 Tetor 2011 L\u00ebvizja politike e Bamir Topit pas mbarimit t\u00eb mandatit presidencial po pritet n\u00eb kampin blu si nj\u00eb l\u00ebvizje q\u00eb mund t\u00eb ndryshoj\u00eb nj\u00eb her\u00eb e mir\u00eb balancat n\u00eb Partin\u00eb Demokratike apo t\u00eb ul\u00eb ndikimin e saj duke krijuar nj\u00eb front t\u00eb ri t\u00eb djatht\u00eb. M\u00eb qart\u00eb se sa l\u00ebvizja e ardhshme [&hellip;]","og_url":"https:\/\/fjala.info\/2009-2015\/mustafaj-bamir-topi-mund-te-reformoje-pd-ne\/","og_site_name":"FjALA e LIR\u00cb - Arkivi","article_published_time":"2011-10-20T21:31:37+00:00","og_image":[{"url":"http:\/\/www.shkoder.net\/images\/fjala\/besnik_mustafaj.jpg","type":"","width":"","height":""}],"author":"admin","twitter_card":"summary_large_image","twitter_misc":{"Written by":"admin","Est. reading time":"3 minutes"},"schema":{"@context":"https:\/\/schema.org","@graph":[{"@type":"Article","@id":"https:\/\/fjala.info\/2009-2015\/mustafaj-bamir-topi-mund-te-reformoje-pd-ne\/#article","isPartOf":{"@id":"https:\/\/fjala.info\/2009-2015\/mustafaj-bamir-topi-mund-te-reformoje-pd-ne\/"},"author":{"name":"admin","@id":"https:\/\/fjala.info\/2009-2015\/#\/schema\/person\/3aa1163ef05469c496fc94e77611ada2"},"headline":"Mustafaj: Bamir Topi mund t\u00eb reformoj\u00eb PD-n\u00eb","datePublished":"2011-10-20T21:31:37+00:00","mainEntityOfPage":{"@id":"https:\/\/fjala.info\/2009-2015\/mustafaj-bamir-topi-mund-te-reformoje-pd-ne\/"},"wordCount":510,"commentCount":1,"publisher":{"@id":"https:\/\/fjala.info\/2009-2015\/#organization"},"image":{"@id":"https:\/\/fjala.info\/2009-2015\/mustafaj-bamir-topi-mund-te-reformoje-pd-ne\/#primaryimage"},"thumbnailUrl":"http:\/\/www.shkoder.net\/images\/fjala\/besnik_mustafaj.jpg","articleSection":["Artikuj"],"inLanguage":"sq-AL","potentialAction":[{"@type":"CommentAction","name":"Comment","target":["https:\/\/fjala.info\/2009-2015\/mustafaj-bamir-topi-mund-te-reformoje-pd-ne\/#respond"]}]},{"@type":"WebPage","@id":"https:\/\/fjala.info\/2009-2015\/mustafaj-bamir-topi-mund-te-reformoje-pd-ne\/","url":"https:\/\/fjala.info\/2009-2015\/mustafaj-bamir-topi-mund-te-reformoje-pd-ne\/","name":"Mustafaj: Bamir Topi mund t\u00eb reformoj\u00eb PD-n\u00eb - FjALA e LIR\u00cb - Arkivi","isPartOf":{"@id":"https:\/\/fjala.info\/2009-2015\/#website"},"primaryImageOfPage":{"@id":"https:\/\/fjala.info\/2009-2015\/mustafaj-bamir-topi-mund-te-reformoje-pd-ne\/#primaryimage"},"image":{"@id":"https:\/\/fjala.info\/2009-2015\/mustafaj-bamir-topi-mund-te-reformoje-pd-ne\/#primaryimage"},"thumbnailUrl":"http:\/\/www.shkoder.net\/images\/fjala\/besnik_mustafaj.jpg","datePublished":"2011-10-20T21:31:37+00:00","breadcrumb":{"@id":"https:\/\/fjala.info\/2009-2015\/mustafaj-bamir-topi-mund-te-reformoje-pd-ne\/#breadcrumb"},"inLanguage":"sq-AL","potentialAction":[{"@type":"ReadAction","target":["https:\/\/fjala.info\/2009-2015\/mustafaj-bamir-topi-mund-te-reformoje-pd-ne\/"]}]},{"@type":"ImageObject","inLanguage":"sq-AL","@id":"https:\/\/fjala.info\/2009-2015\/mustafaj-bamir-topi-mund-te-reformoje-pd-ne\/#primaryimage","url":"http:\/\/www.shkoder.net\/images\/fjala\/besnik_mustafaj.jpg","contentUrl":"http:\/\/www.shkoder.net\/images\/fjala\/besnik_mustafaj.jpg"},{"@type":"BreadcrumbList","@id":"https:\/\/fjala.info\/2009-2015\/mustafaj-bamir-topi-mund-te-reformoje-pd-ne\/#breadcrumb","itemListElement":[{"@type":"ListItem","position":1,"name":"Home","item":"https:\/\/fjala.info\/2009-2015\/"},{"@type":"ListItem","position":2,"name":"Mustafaj: Bamir Topi mund t\u00eb reformoj\u00eb PD-n\u00eb"}]},{"@type":"WebSite","@id":"https:\/\/fjala.info\/2009-2015\/#website","url":"https:\/\/fjala.info\/2009-2015\/","name":"FjALA e LIR\u00cb - Arkivi","description":"Arkivi 2009-2015","publisher":{"@id":"https:\/\/fjala.info\/2009-2015\/#organization"},"potentialAction":[{"@type":"SearchAction","target":{"@type":"EntryPoint","urlTemplate":"https:\/\/fjala.info\/2009-2015\/?s={search_term_string}"},"query-input":{"@type":"PropertyValueSpecification","valueRequired":true,"valueName":"search_term_string"}}],"inLanguage":"sq-AL"},{"@type":"Organization","@id":"https:\/\/fjala.info\/2009-2015\/#organization","name":"FjALA e LIR\u00cb - Arkivi","url":"https:\/\/fjala.info\/2009-2015\/","logo":{"@type":"ImageObject","inLanguage":"sq-AL","@id":"https:\/\/fjala.info\/2009-2015\/#\/schema\/logo\/image\/","url":"","contentUrl":"","caption":"FjALA e LIR\u00cb - Arkivi"},"image":{"@id":"https:\/\/fjala.info\/2009-2015\/#\/schema\/logo\/image\/"}},{"@type":"Person","@id":"https:\/\/fjala.info\/2009-2015\/#\/schema\/person\/3aa1163ef05469c496fc94e77611ada2","name":"admin","image":{"@type":"ImageObject","inLanguage":"sq-AL","@id":"https:\/\/fjala.info\/2009-2015\/wp-content\/uploads\/2012\/02\/arben_cokaj-120x150.jpg","url":"https:\/\/fjala.info\/2009-2015\/wp-content\/uploads\/2012\/02\/arben_cokaj-120x150.jpg","contentUrl":"https:\/\/fjala.info\/2009-2015\/wp-content\/uploads\/2012\/02\/arben_cokaj-120x150.jpg","caption":"admin"},"description":"Admin, Fjala e Lir\u00eb","sameAs":["https:\/\/fjala.info\/"],"url":"https:\/\/fjala.info\/2009-2015\/author\/admin\/"}]}},"_links":{"self":[{"href":"https:\/\/fjala.info\/2009-2015\/wp-json\/wp\/v2\/posts\/11085","targetHints":{"allow":["GET"]}}],"collection":[{"href":"https:\/\/fjala.info\/2009-2015\/wp-json\/wp\/v2\/posts"}],"about":[{"href":"https:\/\/fjala.info\/2009-2015\/wp-json\/wp\/v2\/types\/post"}],"author":[{"embeddable":true,"href":"https:\/\/fjala.info\/2009-2015\/wp-json\/wp\/v2\/users\/1"}],"replies":[{"embeddable":true,"href":"https:\/\/fjala.info\/2009-2015\/wp-json\/wp\/v2\/comments?post=11085"}],"version-history":[{"count":0,"href":"https:\/\/fjala.info\/2009-2015\/wp-json\/wp\/v2\/posts\/11085\/revisions"}],"wp:attachment":[{"href":"https:\/\/fjala.info\/2009-2015\/wp-json\/wp\/v2\/media?parent=11085"}],"wp:term":[{"taxonomy":"category","embeddable":true,"href":"https:\/\/fjala.info\/2009-2015\/wp-json\/wp\/v2\/categories?post=11085"},{"taxonomy":"post_tag","embeddable":true,"href":"https:\/\/fjala.info\/2009-2015\/wp-json\/wp\/v2\/tags?post=11085"}],"curies":[{"name":"wp","href":"https:\/\/api.w.org\/{rel}","templated":true}]}}