{"id":11081,"date":"2011-10-20T21:32:09","date_gmt":"2011-10-20T20:32:09","guid":{"rendered":"http:\/\/fjala.shkoder.net\/?p=11081"},"modified":"2011-10-20T21:32:09","modified_gmt":"2011-10-20T20:32:09","slug":"na-bat-hor-vullnetare","status":"publish","type":"post","link":"https:\/\/fjala.info\/2009-2015\/na-bat-hor-vullnetare\/","title":{"rendered":"Na bat hor \u201cvullnetar\u00eb\u201d"},"content":{"rendered":"<p><img decoding=\"async\" class=\"alignleft size-thumbnail wp-image-7236\" title=\"Jozefina Topalli - p\u00ebrmbytjet n\u00eb Shkod\u00ebr\" src=\"http:\/\/www.shkoder.net\/images\/fjala\/2011\/jozefina_topalli_permbytjet.jpg\" alt=\"\" width=\"300\" \/> Nga <strong>Taulant Kopliku<\/strong>, <em>18.10.2011<\/em><\/p>\n<p>Nga dialektorja mund t\u00eb p\u00ebrkthehet n\u00eb: na mor\u00ebt fytyr\u00ebn ose m\u00eb shkurt: na korit\u00ebt. K\u00ebt\u00eb fjali t\u00eb shkurt\u00ebr n\u00eb fakt ma shprehu gjith\u00eb mllef nj\u00eb figur\u00eb e njohur e artit n\u00eb Shkod\u00ebr pasi po ndiqnim s\u00eb bashku nj\u00eb edicion lajmesh n\u00eb mediat lokale t\u00eb Shkodr\u00ebs. Aktivizimi si me buton i nj\u00eb grushti rrog\u00ebtar\u00ebsh, militant\u00ebsh, bjondesh dhe t\u00eb matufepsurish ndaj personit q\u00eb mban kreun e shtetit shqiptar tashm\u00eb ka marr\u00eb p\u00ebrmasat e nj\u00eb histerie kolektive t\u00eb ngjashme me protestat e vullnetar\u00ebve t\u00eb Enverit n\u00eb shkurtin e 20 viteve m\u00eb par\u00eb. U duk sikur dje u fashit disi gjuha e urrejtjes dhe gj\u00ebrat u rikthyen n\u00eb normalitet n\u00eb qytetin hallemadh, por pasditja ka rezervuar t\u00eb tjera surpriza p\u00ebr presidentin \u201ctradhtar\u201d, \u201cbuk\u00ebshkal\u00eb\u201d dhe \u201cantishkodran\u201d.<\/p>\n<p>Bamiri, (sic do t\u2019i drejtohej kreut t\u00eb shtetit nj\u00eb nga bjondet e shumta q\u00eb \u201cligj\u00ebrojn\u00eb\u201d n\u00eb k\u00ebto dit\u00eb histerie), as do ta imagjinonte se Shkodra (m\u00eb sakt\u00eb bashkia) do t\u00eb organizonte mbr\u00ebmjen e s\u00eb mart\u00ebs dhe nj\u00eb koncert \u201cfestiv\u2019 p\u00ebr inat t\u00eb tij. Organizator\u00ebt ishin kujdesur q\u00eb materiali i koncertit t\u00eb ishte i\u00a0gjithi n\u00eb dialektin geg\u00eb nd\u00ebrkoh\u00eb q\u00eb n\u00eb hapje t\u00eb tij dikush u kujtua t\u00eb sqaronte se ky koncert \u00ebsht\u00eb nj\u00eb p\u00ebrgjigje p\u00ebr Bamirin. ???<\/p>\n<p>M\u00eb her\u00ebt ishte rradha e ish t\u00eb p\u00ebrndjekurve t\u00eb b\u00ebnin deklarat\u00ebn e rradh\u00ebs me akuza e fyerje t\u00eb rradhitura me kujdes n\u00eb adres\u00eb t\u00eb kreut t\u00eb shtetit. Diku n\u00eb lajmet lokale u gjet vend dhe p\u00ebr nj\u00eb figur\u00eb t\u00eb madhe t\u00eb sportit shqiptar, Sabah Bizi, i cili deklaronte se ishte tradhtuar nga presidenti. T\u00eb nj\u00ebjt\u00ebn gj\u00eb kishin deklaruar dhe dy ikona t\u00eb tjera t\u00eb sportit, Paulin Ndoja dhe Zef Gjoni. Dikush do t\u00eb thoshte q\u00eb n\u00eb nderin e tyre \u00ebsht\u00eb t\u2019i kthejn\u00eb titujt q\u00eb mor\u00ebn nga nj\u00eb president tradhtar. T\u2019i kthejn\u00eb dhe t\u2019i l\u00ebn\u00eb n\u00eb m\u00ebnyr\u00eb demonstrative p\u00ebrpara mediave tek dera e presidenc\u00ebs, ushtarit roj\u00eb atje. A do ta b\u00ebjn\u00eb se?<\/p>\n<p>Debati brenda qytetit zien. \u201cVullnetar\u00ebt\u201d hak\u00ebrrehen ndaj presidentit q\u00eb fyeu Migjenin, Idromenon, Gurakuqin e Fisht\u00ebn, nd\u00ebrkoh\u00eb q\u00eb shum\u00eb nga ata ende nuk kan\u00eb m\u00ebsuar se kjo bashki, me k\u00ebt\u00eb administrat\u00eb me bekimin e saj lejoi pak vite m\u00eb par\u00eb t\u00eb ndodhte ndoshta krimi m\u00eb i madh arkitekturor q\u00eb i ka ndodhur ndonj\u00ebher\u00eb Shkodr\u00ebs, rrafshimin e sht\u00ebpis\u00eb s\u00eb Luigj Gurakuqit. Pakkush e di se varri i Idromenos s\u00eb madh po shkat\u00ebrrohet dhe shum\u00ebkush nga \u201cvullnetar\u00ebt\u201d q\u00eb sot po e p\u00ebrdorin p\u00ebr t\u00eb sulmuar presidentin as nuk ka iden\u00eb m\u00eb t\u00eb vog\u00ebl se ku ndodhet.<\/p>\n<p>Migjeni pati pak dit\u00eb m\u00eb par\u00eb 100 vjetorin e lindjes. Shkodra zem\u00ebrmadhe e p\u00ebrkujtoi m\u00eb s\u00eb miri poetin e madh, por gjith\u00e7ka u b\u00eb nga individ\u00eb q\u00eb ia din\u00eb vler\u00ebn dhe e kan\u00eb mbajtur dhunsh\u00ebm t\u00eb gjall\u00eb vepr\u00ebn e tij n\u00eb k\u00ebt\u00eb qytet edhe n\u00eb ato vite kur e shpall\u00ebn serb, kur i zhduk\u00ebn pllak\u00ebn e sht\u00ebpis\u00eb dhe kur disa her\u00eb u orvat\u00ebn t\u2019i heqin emrin teatrit. Ata q\u00eb sot krenohen se flasin gjuh\u00ebn e Migjenit e urrejn\u00eb at\u00eb dhe vepr\u00ebn e tij. K\u00ebt\u00eb Shkodra e di m\u00eb mir\u00eb se kushdo.<\/p>\n<p>Vite m\u00eb par\u00eb, nj\u00eb grup shoqatash, s\u00ebrish \u201cna banen hor\u201d teksa nis\u00ebn nj\u00eb debat p\u00ebr p\u00ebrmendoren e N\u00ebn\u00eb Terez\u00ebs. Ne, raportuesit e lajmit nga Shkodra, turp\u00ebroheshim me at\u00eb \u00e7far\u00eb p\u00ebrcillnim. E nj\u00ebjta gj\u00eb na ndodhi edhe me tritolin dhe sharrimin e kryqeve n\u00eb Bushat, me konfliktin e kish\u00ebs-xhami n\u00eb kalan\u00eb e Shkodr\u00ebs, me thirrjet \u201crroft\u00eb Berisha\u201d t\u00eb militant\u00ebve sht\u00ebpi-p\u00ebrmbytur n\u00eb k\u00ebt\u00eb fillim-viti. Ndjehemi v\u00ebrtet\u00eb keq kur detyrohemi t\u00eb raportojm\u00eb histori t\u00eb tilla nga njer\u00ebz q\u00eb tentojn\u00eb t\u00eb na BAJN HOR. Por zoti e don Shkodr\u00ebn dhe p\u00ebr fat t\u00eb mire \u201cvullnetar\u00ebt\u201d jan\u00eb me pakice, edhe pse telekomanda vazhdon te funksionoj\u00eb.<\/p>\n","protected":false},"excerpt":{"rendered":"<p>Nga Taulant Kopliku, 18.10.2011 Nga dialektorja mund t\u00eb p\u00ebrkthehet n\u00eb: na mor\u00ebt fytyr\u00ebn ose m\u00eb shkurt: na korit\u00ebt. K\u00ebt\u00eb fjali t\u00eb shkurt\u00ebr n\u00eb fakt ma shprehu gjith\u00eb mllef nj\u00eb figur\u00eb e njohur e artit n\u00eb Shkod\u00ebr pasi po ndiqnim s\u00eb bashku nj\u00eb edicion lajmesh n\u00eb mediat lokale t\u00eb Shkodr\u00ebs. Aktivizimi si me buton i nj\u00eb [&hellip;]<\/p>\n","protected":false},"author":1,"featured_media":0,"comment_status":"open","ping_status":"closed","sticky":false,"template":"","format":"standard","meta":{"footnotes":""},"categories":[2],"tags":[],"class_list":{"0":"post-11081","1":"post","2":"type-post","3":"status-publish","4":"format-standard","6":"category-artikuj"},"yoast_head":"<!-- This site is optimized with the Yoast SEO plugin v27.4 - https:\/\/yoast.com\/product\/yoast-seo-wordpress\/ -->\n<title>Na bat hor \u201cvullnetar\u00eb\u201d - FjALA e LIR\u00cb - Arkivi<\/title>\n<meta name=\"robots\" content=\"index, follow, max-snippet:-1, max-image-preview:large, max-video-preview:-1\" \/>\n<link rel=\"canonical\" href=\"https:\/\/fjala.info\/2009-2015\/na-bat-hor-vullnetare\/\" \/>\n<meta property=\"og:locale\" content=\"sq_AL\" \/>\n<meta property=\"og:type\" content=\"article\" \/>\n<meta property=\"og:title\" content=\"Na bat hor \u201cvullnetar\u00eb\u201d - FjALA e LIR\u00cb - Arkivi\" \/>\n<meta property=\"og:description\" content=\"Nga Taulant Kopliku, 18.10.2011 Nga dialektorja mund t\u00eb p\u00ebrkthehet n\u00eb: na mor\u00ebt fytyr\u00ebn ose m\u00eb shkurt: na korit\u00ebt. K\u00ebt\u00eb fjali t\u00eb shkurt\u00ebr n\u00eb fakt ma shprehu gjith\u00eb mllef nj\u00eb figur\u00eb e njohur e artit n\u00eb Shkod\u00ebr pasi po ndiqnim s\u00eb bashku nj\u00eb edicion lajmesh n\u00eb mediat lokale t\u00eb Shkodr\u00ebs. Aktivizimi si me buton i nj\u00eb [&hellip;]\" \/>\n<meta property=\"og:url\" content=\"https:\/\/fjala.info\/2009-2015\/na-bat-hor-vullnetare\/\" \/>\n<meta property=\"og:site_name\" content=\"FjALA e LIR\u00cb - Arkivi\" \/>\n<meta property=\"article:published_time\" content=\"2011-10-20T20:32:09+00:00\" \/>\n<meta property=\"og:image\" content=\"http:\/\/www.shkoder.net\/images\/fjala\/2011\/jozefina_topalli_permbytjet.jpg\" \/>\n<meta name=\"author\" content=\"admin\" \/>\n<meta name=\"twitter:card\" content=\"summary_large_image\" \/>\n<meta name=\"twitter:label1\" content=\"Written by\" \/>\n\t<meta name=\"twitter:data1\" content=\"admin\" \/>\n\t<meta name=\"twitter:label2\" content=\"Est. reading time\" \/>\n\t<meta name=\"twitter:data2\" content=\"3 minutes\" \/>\n<script type=\"application\/ld+json\" class=\"yoast-schema-graph\">{\"@context\":\"https:\\\/\\\/schema.org\",\"@graph\":[{\"@type\":\"Article\",\"@id\":\"https:\\\/\\\/fjala.info\\\/2009-2015\\\/na-bat-hor-vullnetare\\\/#article\",\"isPartOf\":{\"@id\":\"https:\\\/\\\/fjala.info\\\/2009-2015\\\/na-bat-hor-vullnetare\\\/\"},\"author\":{\"name\":\"admin\",\"@id\":\"https:\\\/\\\/fjala.info\\\/2009-2015\\\/#\\\/schema\\\/person\\\/3aa1163ef05469c496fc94e77611ada2\"},\"headline\":\"Na bat hor \u201cvullnetar\u00eb\u201d\",\"datePublished\":\"2011-10-20T20:32:09+00:00\",\"mainEntityOfPage\":{\"@id\":\"https:\\\/\\\/fjala.info\\\/2009-2015\\\/na-bat-hor-vullnetare\\\/\"},\"wordCount\":691,\"commentCount\":0,\"publisher\":{\"@id\":\"https:\\\/\\\/fjala.info\\\/2009-2015\\\/#organization\"},\"image\":{\"@id\":\"https:\\\/\\\/fjala.info\\\/2009-2015\\\/na-bat-hor-vullnetare\\\/#primaryimage\"},\"thumbnailUrl\":\"http:\\\/\\\/www.shkoder.net\\\/images\\\/fjala\\\/2011\\\/jozefina_topalli_permbytjet.jpg\",\"articleSection\":[\"Artikuj\"],\"inLanguage\":\"sq-AL\",\"potentialAction\":[{\"@type\":\"CommentAction\",\"name\":\"Comment\",\"target\":[\"https:\\\/\\\/fjala.info\\\/2009-2015\\\/na-bat-hor-vullnetare\\\/#respond\"]}]},{\"@type\":\"WebPage\",\"@id\":\"https:\\\/\\\/fjala.info\\\/2009-2015\\\/na-bat-hor-vullnetare\\\/\",\"url\":\"https:\\\/\\\/fjala.info\\\/2009-2015\\\/na-bat-hor-vullnetare\\\/\",\"name\":\"Na bat hor \u201cvullnetar\u00eb\u201d - FjALA e LIR\u00cb - Arkivi\",\"isPartOf\":{\"@id\":\"https:\\\/\\\/fjala.info\\\/2009-2015\\\/#website\"},\"primaryImageOfPage\":{\"@id\":\"https:\\\/\\\/fjala.info\\\/2009-2015\\\/na-bat-hor-vullnetare\\\/#primaryimage\"},\"image\":{\"@id\":\"https:\\\/\\\/fjala.info\\\/2009-2015\\\/na-bat-hor-vullnetare\\\/#primaryimage\"},\"thumbnailUrl\":\"http:\\\/\\\/www.shkoder.net\\\/images\\\/fjala\\\/2011\\\/jozefina_topalli_permbytjet.jpg\",\"datePublished\":\"2011-10-20T20:32:09+00:00\",\"breadcrumb\":{\"@id\":\"https:\\\/\\\/fjala.info\\\/2009-2015\\\/na-bat-hor-vullnetare\\\/#breadcrumb\"},\"inLanguage\":\"sq-AL\",\"potentialAction\":[{\"@type\":\"ReadAction\",\"target\":[\"https:\\\/\\\/fjala.info\\\/2009-2015\\\/na-bat-hor-vullnetare\\\/\"]}]},{\"@type\":\"ImageObject\",\"inLanguage\":\"sq-AL\",\"@id\":\"https:\\\/\\\/fjala.info\\\/2009-2015\\\/na-bat-hor-vullnetare\\\/#primaryimage\",\"url\":\"http:\\\/\\\/www.shkoder.net\\\/images\\\/fjala\\\/2011\\\/jozefina_topalli_permbytjet.jpg\",\"contentUrl\":\"http:\\\/\\\/www.shkoder.net\\\/images\\\/fjala\\\/2011\\\/jozefina_topalli_permbytjet.jpg\"},{\"@type\":\"BreadcrumbList\",\"@id\":\"https:\\\/\\\/fjala.info\\\/2009-2015\\\/na-bat-hor-vullnetare\\\/#breadcrumb\",\"itemListElement\":[{\"@type\":\"ListItem\",\"position\":1,\"name\":\"Home\",\"item\":\"https:\\\/\\\/fjala.info\\\/2009-2015\\\/\"},{\"@type\":\"ListItem\",\"position\":2,\"name\":\"Na bat hor \u201cvullnetar\u00eb\u201d\"}]},{\"@type\":\"WebSite\",\"@id\":\"https:\\\/\\\/fjala.info\\\/2009-2015\\\/#website\",\"url\":\"https:\\\/\\\/fjala.info\\\/2009-2015\\\/\",\"name\":\"FjALA e LIR\u00cb - Arkivi\",\"description\":\"Arkivi 2009-2015\",\"publisher\":{\"@id\":\"https:\\\/\\\/fjala.info\\\/2009-2015\\\/#organization\"},\"potentialAction\":[{\"@type\":\"SearchAction\",\"target\":{\"@type\":\"EntryPoint\",\"urlTemplate\":\"https:\\\/\\\/fjala.info\\\/2009-2015\\\/?s={search_term_string}\"},\"query-input\":{\"@type\":\"PropertyValueSpecification\",\"valueRequired\":true,\"valueName\":\"search_term_string\"}}],\"inLanguage\":\"sq-AL\"},{\"@type\":\"Organization\",\"@id\":\"https:\\\/\\\/fjala.info\\\/2009-2015\\\/#organization\",\"name\":\"FjALA e LIR\u00cb - Arkivi\",\"url\":\"https:\\\/\\\/fjala.info\\\/2009-2015\\\/\",\"logo\":{\"@type\":\"ImageObject\",\"inLanguage\":\"sq-AL\",\"@id\":\"https:\\\/\\\/fjala.info\\\/2009-2015\\\/#\\\/schema\\\/logo\\\/image\\\/\",\"url\":\"\",\"contentUrl\":\"\",\"caption\":\"FjALA e LIR\u00cb - Arkivi\"},\"image\":{\"@id\":\"https:\\\/\\\/fjala.info\\\/2009-2015\\\/#\\\/schema\\\/logo\\\/image\\\/\"}},{\"@type\":\"Person\",\"@id\":\"https:\\\/\\\/fjala.info\\\/2009-2015\\\/#\\\/schema\\\/person\\\/3aa1163ef05469c496fc94e77611ada2\",\"name\":\"admin\",\"image\":{\"@type\":\"ImageObject\",\"inLanguage\":\"sq-AL\",\"@id\":\"https:\\\/\\\/fjala.info\\\/2009-2015\\\/wp-content\\\/uploads\\\/2012\\\/02\\\/arben_cokaj-120x150.jpg\",\"url\":\"https:\\\/\\\/fjala.info\\\/2009-2015\\\/wp-content\\\/uploads\\\/2012\\\/02\\\/arben_cokaj-120x150.jpg\",\"contentUrl\":\"https:\\\/\\\/fjala.info\\\/2009-2015\\\/wp-content\\\/uploads\\\/2012\\\/02\\\/arben_cokaj-120x150.jpg\",\"caption\":\"admin\"},\"description\":\"Admin, Fjala e Lir\u00eb\",\"sameAs\":[\"https:\\\/\\\/fjala.info\\\/\"],\"url\":\"https:\\\/\\\/fjala.info\\\/2009-2015\\\/author\\\/admin\\\/\"}]}<\/script>\n<!-- \/ Yoast SEO plugin. -->","yoast_head_json":{"title":"Na bat hor \u201cvullnetar\u00eb\u201d - FjALA e LIR\u00cb - Arkivi","robots":{"index":"index","follow":"follow","max-snippet":"max-snippet:-1","max-image-preview":"max-image-preview:large","max-video-preview":"max-video-preview:-1"},"canonical":"https:\/\/fjala.info\/2009-2015\/na-bat-hor-vullnetare\/","og_locale":"sq_AL","og_type":"article","og_title":"Na bat hor \u201cvullnetar\u00eb\u201d - FjALA e LIR\u00cb - Arkivi","og_description":"Nga Taulant Kopliku, 18.10.2011 Nga dialektorja mund t\u00eb p\u00ebrkthehet n\u00eb: na mor\u00ebt fytyr\u00ebn ose m\u00eb shkurt: na korit\u00ebt. K\u00ebt\u00eb fjali t\u00eb shkurt\u00ebr n\u00eb fakt ma shprehu gjith\u00eb mllef nj\u00eb figur\u00eb e njohur e artit n\u00eb Shkod\u00ebr pasi po ndiqnim s\u00eb bashku nj\u00eb edicion lajmesh n\u00eb mediat lokale t\u00eb Shkodr\u00ebs. Aktivizimi si me buton i nj\u00eb [&hellip;]","og_url":"https:\/\/fjala.info\/2009-2015\/na-bat-hor-vullnetare\/","og_site_name":"FjALA e LIR\u00cb - Arkivi","article_published_time":"2011-10-20T20:32:09+00:00","og_image":[{"url":"http:\/\/www.shkoder.net\/images\/fjala\/2011\/jozefina_topalli_permbytjet.jpg","type":"","width":"","height":""}],"author":"admin","twitter_card":"summary_large_image","twitter_misc":{"Written by":"admin","Est. reading time":"3 minutes"},"schema":{"@context":"https:\/\/schema.org","@graph":[{"@type":"Article","@id":"https:\/\/fjala.info\/2009-2015\/na-bat-hor-vullnetare\/#article","isPartOf":{"@id":"https:\/\/fjala.info\/2009-2015\/na-bat-hor-vullnetare\/"},"author":{"name":"admin","@id":"https:\/\/fjala.info\/2009-2015\/#\/schema\/person\/3aa1163ef05469c496fc94e77611ada2"},"headline":"Na bat hor \u201cvullnetar\u00eb\u201d","datePublished":"2011-10-20T20:32:09+00:00","mainEntityOfPage":{"@id":"https:\/\/fjala.info\/2009-2015\/na-bat-hor-vullnetare\/"},"wordCount":691,"commentCount":0,"publisher":{"@id":"https:\/\/fjala.info\/2009-2015\/#organization"},"image":{"@id":"https:\/\/fjala.info\/2009-2015\/na-bat-hor-vullnetare\/#primaryimage"},"thumbnailUrl":"http:\/\/www.shkoder.net\/images\/fjala\/2011\/jozefina_topalli_permbytjet.jpg","articleSection":["Artikuj"],"inLanguage":"sq-AL","potentialAction":[{"@type":"CommentAction","name":"Comment","target":["https:\/\/fjala.info\/2009-2015\/na-bat-hor-vullnetare\/#respond"]}]},{"@type":"WebPage","@id":"https:\/\/fjala.info\/2009-2015\/na-bat-hor-vullnetare\/","url":"https:\/\/fjala.info\/2009-2015\/na-bat-hor-vullnetare\/","name":"Na bat hor \u201cvullnetar\u00eb\u201d - FjALA e LIR\u00cb - Arkivi","isPartOf":{"@id":"https:\/\/fjala.info\/2009-2015\/#website"},"primaryImageOfPage":{"@id":"https:\/\/fjala.info\/2009-2015\/na-bat-hor-vullnetare\/#primaryimage"},"image":{"@id":"https:\/\/fjala.info\/2009-2015\/na-bat-hor-vullnetare\/#primaryimage"},"thumbnailUrl":"http:\/\/www.shkoder.net\/images\/fjala\/2011\/jozefina_topalli_permbytjet.jpg","datePublished":"2011-10-20T20:32:09+00:00","breadcrumb":{"@id":"https:\/\/fjala.info\/2009-2015\/na-bat-hor-vullnetare\/#breadcrumb"},"inLanguage":"sq-AL","potentialAction":[{"@type":"ReadAction","target":["https:\/\/fjala.info\/2009-2015\/na-bat-hor-vullnetare\/"]}]},{"@type":"ImageObject","inLanguage":"sq-AL","@id":"https:\/\/fjala.info\/2009-2015\/na-bat-hor-vullnetare\/#primaryimage","url":"http:\/\/www.shkoder.net\/images\/fjala\/2011\/jozefina_topalli_permbytjet.jpg","contentUrl":"http:\/\/www.shkoder.net\/images\/fjala\/2011\/jozefina_topalli_permbytjet.jpg"},{"@type":"BreadcrumbList","@id":"https:\/\/fjala.info\/2009-2015\/na-bat-hor-vullnetare\/#breadcrumb","itemListElement":[{"@type":"ListItem","position":1,"name":"Home","item":"https:\/\/fjala.info\/2009-2015\/"},{"@type":"ListItem","position":2,"name":"Na bat hor \u201cvullnetar\u00eb\u201d"}]},{"@type":"WebSite","@id":"https:\/\/fjala.info\/2009-2015\/#website","url":"https:\/\/fjala.info\/2009-2015\/","name":"FjALA e LIR\u00cb - Arkivi","description":"Arkivi 2009-2015","publisher":{"@id":"https:\/\/fjala.info\/2009-2015\/#organization"},"potentialAction":[{"@type":"SearchAction","target":{"@type":"EntryPoint","urlTemplate":"https:\/\/fjala.info\/2009-2015\/?s={search_term_string}"},"query-input":{"@type":"PropertyValueSpecification","valueRequired":true,"valueName":"search_term_string"}}],"inLanguage":"sq-AL"},{"@type":"Organization","@id":"https:\/\/fjala.info\/2009-2015\/#organization","name":"FjALA e LIR\u00cb - Arkivi","url":"https:\/\/fjala.info\/2009-2015\/","logo":{"@type":"ImageObject","inLanguage":"sq-AL","@id":"https:\/\/fjala.info\/2009-2015\/#\/schema\/logo\/image\/","url":"","contentUrl":"","caption":"FjALA e LIR\u00cb - Arkivi"},"image":{"@id":"https:\/\/fjala.info\/2009-2015\/#\/schema\/logo\/image\/"}},{"@type":"Person","@id":"https:\/\/fjala.info\/2009-2015\/#\/schema\/person\/3aa1163ef05469c496fc94e77611ada2","name":"admin","image":{"@type":"ImageObject","inLanguage":"sq-AL","@id":"https:\/\/fjala.info\/2009-2015\/wp-content\/uploads\/2012\/02\/arben_cokaj-120x150.jpg","url":"https:\/\/fjala.info\/2009-2015\/wp-content\/uploads\/2012\/02\/arben_cokaj-120x150.jpg","contentUrl":"https:\/\/fjala.info\/2009-2015\/wp-content\/uploads\/2012\/02\/arben_cokaj-120x150.jpg","caption":"admin"},"description":"Admin, Fjala e Lir\u00eb","sameAs":["https:\/\/fjala.info\/"],"url":"https:\/\/fjala.info\/2009-2015\/author\/admin\/"}]}},"_links":{"self":[{"href":"https:\/\/fjala.info\/2009-2015\/wp-json\/wp\/v2\/posts\/11081","targetHints":{"allow":["GET"]}}],"collection":[{"href":"https:\/\/fjala.info\/2009-2015\/wp-json\/wp\/v2\/posts"}],"about":[{"href":"https:\/\/fjala.info\/2009-2015\/wp-json\/wp\/v2\/types\/post"}],"author":[{"embeddable":true,"href":"https:\/\/fjala.info\/2009-2015\/wp-json\/wp\/v2\/users\/1"}],"replies":[{"embeddable":true,"href":"https:\/\/fjala.info\/2009-2015\/wp-json\/wp\/v2\/comments?post=11081"}],"version-history":[{"count":0,"href":"https:\/\/fjala.info\/2009-2015\/wp-json\/wp\/v2\/posts\/11081\/revisions"}],"wp:attachment":[{"href":"https:\/\/fjala.info\/2009-2015\/wp-json\/wp\/v2\/media?parent=11081"}],"wp:term":[{"taxonomy":"category","embeddable":true,"href":"https:\/\/fjala.info\/2009-2015\/wp-json\/wp\/v2\/categories?post=11081"},{"taxonomy":"post_tag","embeddable":true,"href":"https:\/\/fjala.info\/2009-2015\/wp-json\/wp\/v2\/tags?post=11081"}],"curies":[{"name":"wp","href":"https:\/\/api.w.org\/{rel}","templated":true}]}}