{"id":11078,"date":"2011-10-19T21:15:31","date_gmt":"2011-10-19T20:15:31","guid":{"rendered":"http:\/\/fjala.shkoder.net\/?p=11078"},"modified":"2011-10-19T21:15:31","modified_gmt":"2011-10-19T20:15:31","slug":"eurolimbo","status":"publish","type":"post","link":"https:\/\/fjala.info\/2009-2015\/eurolimbo\/","title":{"rendered":"Eurolimbo!"},"content":{"rendered":"<p><img decoding=\"async\" class=\"alignright size-thumbnail wp-image-7236\" title=\"Arian Galdini\" src=\"http:\/\/www.shkoder.net\/images\/fjala\/arian_galdini.jpg\" alt=\"\" width=\"150\" \/> Nga <strong>Arian Galdini<\/strong>, <em>18.10.2011<\/em><\/p>\n<p>As n\u00eb Europ\u00eb e as jasht\u00eb Europ\u00ebs, ky duket se \u00ebsht\u00eb stacioni ku Shqip\u00ebria ka mbetur tashm\u00eb jo prej dy vitesh sikund\u00ebr m\u00ebtohet t\u00eb jehon\u00ebzohet nga t\u00eb gjitha pal\u00ebt politike, por duke filluar q\u00eb nga viti i mbrapsht\u00eb 1996. E kemi shkruar edhe m\u00eb par\u00eb e po e rip\u00ebrs\u00ebrisim se Shqip\u00ebria n\u00eb k\u00ebto 21 vite ende nuk ia ka dal\u00eb mban\u00eb q\u00eb t\u00eb organizoj\u00eb zgjedhjet e para themeluese t\u00eb lira e t\u00eb ndershme, e p\u00ebr k\u00ebt\u00eb jan\u00eb fajtor\u00eb t\u00eb gjith\u00eb drejtuesit politik\u00eb q\u00eb kan\u00eb qeverisur dhe q\u00eb kan\u00eb b\u00ebr\u00eb opozit\u00eb n\u00eb vendin ton\u00eb. Por zgjedhjet e 26 majit ishin shfaqja m\u00eb primitive q\u00eb e ndali keqazi, turpsh\u00ebm, dhunsh\u00ebm, sh\u00ebmtuesh\u00ebm, pacip\u00ebsisht, rendjen e Shqip\u00ebris\u00eb drejt Europ\u00ebs dhe europianizimit. N\u00ebse asokohe, skemat piramidale po vidhnin ekonomin\u00eb dhe parat\u00eb e shqiptar\u00ebve, zgjedhjet e 26 majit u b\u00ebn\u00eb gj\u00ebma m\u00eb e madhe e cila u vodhi shpirtin, shpresat dhe aspiratat p\u00ebr ardhm\u00ebri dhe europianizim.<\/p>\n<p>Zgjedhjet e 26 majit e ul\u00ebn, n\u00eb fakt e zhyt\u00ebn, shqiptarin postkomunist n\u00eb honet m\u00eb t\u00eb thella t\u00eb paturp\u00ebsis\u00eb dhe pamund\u00ebsis\u00eb p\u00ebr t\u00eb ndryshuar. Zgjedhjet e 26 majit d\u00ebnuan dhe ekzekutuan pa gjyq shpres\u00ebn, kohezionin dhe mund\u00ebsin\u00eb komb\u00ebtare p\u00ebr per\u00ebndimizim. Ndaj edhe shpesh her\u00eb p\u00ebr t\u00eb gjith\u00eb ne ajo \u00e7ka ndodhi 1 vit m\u00eb pas, pra n\u00eb vitin 1997, e ka t\u00eb v\u00ebshtir\u00eb vij\u00ebn ndar\u00ebse p\u00ebr t\u00eb kuptuar e q\u00eblluar drejt me argumenta e p\u00ebrsiatje n\u00ebse ishte r\u00ebnia e skemave piramidale q\u00eb e shkaktoi rrebelimin, apo zgjedhjet e 26 majit. Un\u00eb mendoj se humbja e parave ngacmoi instiktet bazale t\u00eb cilat soll\u00ebn kund\u00ebr-reagimin e shqiptar\u00ebve, por vjedhja e shpirtit, vullnetit, mund\u00ebsis\u00eb dhe shpres\u00ebs komb\u00ebtare drejtoi mendjet e njer\u00ebzve p\u00ebr t\u00eb k\u00ebrkuar qartazi e prer\u00eb ndryshim politik me \u00e7do m\u00ebnyr\u00eb.<\/p>\n<p>Shteti ra sepse ata q\u00eb qeverisnin vodh\u00ebn vot\u00ebn, nd\u00ebrkoh\u00eb q\u00eb qytetari ra sepse humbi parat\u00eb dhe besimin tek shteti. T\u00eb gjith\u00eb e humb\u00ebm nga syt\u00eb Europ\u00ebn. E q\u00eb nga ajo periudh\u00eb t\u00eb gjitha hapat q\u00eb kemi kryer kan\u00eb qen\u00eb pro\u00e7eduriale, mekanike, zhivillim e p\u00ebrparim pa rip\u00ebrt\u00ebritje, pa thelb, pa vision, pa q\u00ebllim. Kemi par\u00eb nj\u00eb Shqip\u00ebri q\u00eb ka riparuar plag\u00ebt e vitit 1997, n\u00eb pak koh\u00eb e q\u00eb ka rihyr\u00eb n\u00eb binar\u00ebt e zhvillimit t\u00eb vijuesh\u00ebm, por askush nga drejtuesit politik\u00eb n\u00eb qeverisje apo opozit\u00eb, p\u00ebr asnj\u00eb \u00e7ast, nuk iu drejtuan udh\u00ebve, sjelljeve e mend\u00ebsive q\u00eb inkurajojn\u00eb, rind\u00ebrtojn\u00eb, p\u00ebrforcojn\u00eb shpirtin, kohezionin, mund\u00ebsit\u00eb dhe shpres\u00ebn komb\u00ebtare. Paudh\u00ebsia ku mbet\u00ebn shqiptar\u00ebt pas viteve 1996-1997, u shnd\u00ebrrua n\u00eb gjendjen e parap\u00eblqyer t\u00eb politikan\u00ebve, ngase k\u00ebsisoj ata mund t\u00eb vazhdonin t\u00eb sundonin duke pla\u00e7kitur shtetin, privatin dhe votat, pa as m\u00eb t\u00eb voglin shqet\u00ebsim.<\/p>\n<p>Pas trandjes 50 vje\u00e7are nga diktatura komuniste dhe zg\u00ebrlaqjes s\u00eb p\u00ebrdhunshme q\u00eb iu b\u00eb nga klasa politike pluraliste 6-7 vjet pasi kishte menduar se gj\u00ebrat kishin ndryshuar, shqiptari ishte shnd\u00ebrruar n\u00eb steriotipin e qytetarit mbijetojs, t\u00eb dor\u00ebzuar, t\u00eb pafuqish\u00ebm, t\u00eb pashpres\u00eb, t\u00eb p\u00ebrshtatur, e mbi t\u00eb gjitha plot frik\u00eb e mllef. Loja \u00ebsht\u00eb tejet e thjesht\u00ebzuar me k\u00ebt\u00eb lloj shqiptari mbijetojs. Joshja, frik\u00ebnimi, mashtrimi, blerja, c\u2019dinjitet\u00ebzimi, posht\u00ebrimi, dhunimi, u b\u00ebn\u00eb monedhat funksionuese me an\u00eb t\u00eb t\u00eb cilave politikan\u00ebt shqiptar\u00eb, udh\u00ebheq\u00ebsit\u00eb e majta e t\u00eb djathta kryenin transaksione me shqiptar\u00ebt mbijetojsa. T\u00eb gjitha zgjedhjet pas vitit 1996 kan\u00eb vazhduar t\u00eb vidhen, manipulpohen, deformohen deri n\u00eb dit\u00ebt e sotme. Vet\u00eb Raportet e Nd\u00ebrkomb\u00ebtar\u00ebve por edhe vet\u00eb-mburracak\u00ebria skandaloze e udh\u00ebheq\u00ebsve tan\u00eb politik\u00eb e d\u00ebshmojn\u00eb k\u00ebt\u00eb t\u00eb v\u00ebrtet\u00eb.<\/p>\n<p>Asnj\u00ebher\u00eb zgjedhjet n\u00eb Shqip\u00ebri, qofshin zgjedhje politike parlamentare, qofshin zgjedhje p\u00ebr pushtetin vendor, nuk jan\u00eb konsideruar si zgjedhje t\u00eb lira dhe t\u00eb ndershme. N\u00eb \u00e7do Raport t\u00eb Nd\u00ebrkomb\u00ebtar\u00ebve, zgjedhje pas zgjedhjesh, vit pas viti, q\u00eb \u00ebsht\u00eb b\u00ebr\u00eb kahhera, cudit\u00ebrisht dhe paturp\u00ebsisht burim ngrefosjeje p\u00ebr Kryeministrat e rradh\u00ebs n\u00eb detyr\u00eb, rip\u00ebrs\u00ebriten fraza banale, asgj\u00ebkumtuese t\u00eb tipit: \u2018Zgjedhjet ishin m\u00eb t\u00eb mira se vitin e shkuar\u2019, ose, \u2018k\u00ebto zgjedhje ishin m\u00eb t\u00eb mirat e b\u00ebra ndonj\u00ebher\u00eb\u2019, apo, \u2018k\u00ebto zgjedhje ishin konkuruese dhe transparente\u2019. Pad\u00ebshira dhe mosvullneti i udh\u00ebheq\u00ebsive tona politike por edhe pamund\u00ebsia, pafuqia e vet\u00eb shoq\u00ebris\u00eb shqiptare, e sidomos e qytetar\u00ebve shqiptar\u00eb p\u00ebr t\u00eb ndikuar p\u00ebr t\u00eb prodhuar zgjedhje t\u00eb lira dhe t\u00eb ndershme, na ka kandisur n\u00eb nj\u00eb purgator politik, koh\u00ebgjat\u00ebsin\u00eb e t\u00eb cilit e p\u00ebrcaktojm\u00eb ne vet\u00eb nd\u00ebrsa e vuajm\u00eb t\u00eb dor\u00ebzuar.<\/p>\n<p>Partit\u00eb politike jan\u00eb shnd\u00ebrruar n\u00eb detashmente gati-gati militare ku nuk ka m\u00eb karrier\u00eb e demokraci, por ka Kryetarokraci. Udh\u00ebheq\u00ebsit\u00eb politike shqiptare t\u00eb majta e t\u00eb djathta kan\u00eb b\u00ebr\u00eb krejt duksh\u00ebm konsensusin e tyre negativ p\u00ebr t\u00eb mbytur, asgjesuar konkurenc\u00ebn publike, porse nd\u00ebrkoh\u00eb t\u00eb vazhdojn\u00eb q\u00eb t\u00eb kacafyten e konkurojn\u00eb midis vedit, ata dhe vet\u00ebm ata me nj\u00ebri \u2013 tjetrin, ose vet\u00ebm t\u00eb parap\u00eblqyerit, paraporositurit, t\u00eb lejuarit apo t\u00eb pranuarit prej tyre. R\u00ebnd\u00ebsi ka q\u00eb loj\u00ebrat e pushteteve t\u00eb mbeten n\u00ebn kontrollin e po k\u00ebtyre udh\u00ebheq\u00ebsive politike dhe parive intelektuale, mediatike dhe financiare t\u00eb periudh\u00ebs s\u00eb tranzicionit postkomunist, ramizoshent, q\u00eb pask\u00ebtaj gradualisht t\u00eb trash\u00ebgohen tek t\u00eb tjera udh\u00ebheq\u00ebsi politike apo pari t\u00eb paracaktuara e paraporositura, t\u00eb cilat jan\u00eb n\u00eb breznajat e dyta, treta apo t\u00eb kat\u00ebrta.<\/p>\n<p>K\u00ebto udh\u00ebheq\u00ebsi politike s\u00eb bashku me parit\u00eb intelektuale, mediatike dhe financiare t\u00eb k\u00ebtyre 21 viteve ramizoshenc\u00eb, jan\u00eb shnd\u00ebrruar n\u00eb udh\u00ebheq\u00ebsi dhe pari tejet bllokuese e penguese p\u00ebr talentin dhe energjit\u00eb komb\u00ebtare. Zgjedhjet e lira dhe t\u00eb ndershme jan\u00eb eleminuar p\u00ebrbuzsh\u00ebm si t\u00eb jen\u00eb nj\u00eb apendiks q\u00eb na ka ardhur n\u00eb t\u00eb sotmen krejt bezdish\u00ebm nga nj\u00eb koh\u00eb e larg\u00ebt e ardhme. Demokracia n\u00eb Shqip\u00ebri, me p\u00ebrcaktim nga jasht\u00eb dhe miratim nga brenda ka nd\u00ebrruar em\u00ebr e sigurisht p\u00ebrmbajtje, duke u quajtur q\u00eb prej 21 janarit 2011, thjesht\u00eb dhe vak\u00ebt si demokraci funksionale. M\u00eb kujtohet filmi Hotel Ruanda q\u00eb ka p\u00ebr protagonist kryesor manaxherin hutu t\u00eb k\u00ebtij hoteli me 5 yje, i cili strehoi aty p\u00ebr ti shp\u00ebtuar nga maskarimi i bashk\u00ebetniasve t\u00eb tij disa qindra tuci.<\/p>\n<p>I gjith\u00eb filmi bazohet n\u00eb heroizmin e k\u00ebtij manaxheri dhe n\u00eb mrekullin\u00eb q\u00eb ai b\u00ebri p\u00ebr t\u00eb shp\u00ebtuar jet\u00ebt e k\u00ebtyre qindra njer\u00ebzve q\u00eb i p\u00ebrkisnin etnis\u00eb kund\u00ebrshtare, nd\u00ebrsa jasht\u00eb hotelit b\u00ebhej kasaphana n\u00eb \u00e7do rrug\u00eb, kod\u00ebr, a fush\u00eb t\u00eb Ruand\u00ebs. Brenda 3 muajve n\u00eb Ruanda u masakruan barbarisht mbi 1 milion njer\u00ebz p\u00ebr shkak t\u00eb etnis\u00eb s\u00eb tyre. Por nd\u00ebrkoh\u00eb n\u00eb Hotelin me 5 yje mbijetuan disa qindra fal\u00eb veprave t\u00eb men\u00e7ura e fisnike t\u00eb k\u00ebtij manaxheri. Nj\u00eb nga gj\u00ebrat q\u00eb t\u00eb bie n\u00eb sy fort\u00ebsisht gjat\u00eb filmit, \u00ebsht\u00eb fakti se Hoteli ishte n\u00ebn mbrojtjen e Nd\u00ebrkomb\u00ebtar\u00ebve, porse Nd\u00ebrkomb\u00ebtar\u00ebt nuk kishin t\u00eb drejt\u00eb t\u00eb nd\u00ebrhynin, madje kishte raste kur k\u00ebta duronin edhe p\u00ebshtymat e paramilitar\u00ebve masakrues t\u00eb cil\u00ebt i aviteshin Hotelit p\u00ebr ti asgjesuar edhe ato qindra jet\u00eb q\u00eb ishin strehuar aty.<\/p>\n<p>Madje nd\u00ebrsa n\u00eb Ruanda gjaku ishte b\u00ebr\u00eb det nga masakrimi i pashembullt i njer\u00ebzve vet\u00ebm e vet\u00ebm p\u00ebr shkak t\u00eb etnis\u00eb s\u00eb tyre, n\u00ebp\u00ebr zyrat, sallonet dhe foltoret politike Per\u00ebndimore, kishte ende ngurrim p\u00ebr ta quajtur genocid apo jo at\u00eb q\u00eb po ndodhte atje. Jo p\u00ebr t\u00eb b\u00ebr\u00eb t\u00eb krahasueshme ngjarjet tragjike t\u00eb Ruand\u00ebs me ngjarjet n\u00eb vendin ton\u00eb, por duhet t\u00eb them se shpesh her\u00eb mua ky termi Demokraci Funksionale, i shpikur s\u00eb fundmi enkas p\u00ebr Shqip\u00ebrin\u00eb, q\u00eb t\u00eb gjith\u00eb po e pranojn\u00eb si normalitet, madje edhe vet\u00eb Opozita, m\u00eb ngjason figurativisht me nj\u00eb adres\u00eb Hoteli t\u00eb ngjash\u00ebm me Hotel Ruanda. Le ta p\u00ebrshkruajm\u00eb k\u00ebshtu: N\u00eb Hotel Demokracia Funksionale kemi strehuar t\u00eb gjitha pro\u00e7eset dhe institucionet q\u00eb bazuar n\u00eb dukje, statistika dhe n\u00eb indikator\u00eb na b\u00ebjn\u00eb t\u00eb pranojm\u00eb se gj\u00ebrat po punojn\u00eb, pak r\u00ebnd\u00ebsi ka se si po punojn\u00eb.<\/p>\n<p>Hotel Demokracia Funksionale ka t\u00eb strehuar n\u00eb dhom\u00ebn 305, Presidentin e Republik\u00ebs, tek dhoma 203 jan\u00eb zgjedhjet konkuruese dhe transparente, dhoma 402 strehon Kryeministrin, e k\u00ebshtu me rradh\u00eb Prokuroria e P\u00ebrgjithshme, Partia Socialiste, Kushtetuta, Ligjet, Pluralizmi Politik, Parlamenti, Pushteti Lokal, t\u00eb gjith\u00eb kan\u00eb dhomat e tyre. T\u00eb gjith\u00eb jan\u00eb t\u00eb sigurt\u00eb, t\u00eb gjith\u00eb mbijetojn\u00eb. Por \u00e7fare ndodh n\u00eb rrug\u00ebt, fushat, kodrat, malet, pyjnajat, sht\u00ebpit\u00eb, oborret, e shqiptar\u00ebve t\u00eb thjesht\u00eb, t\u00eb cil\u00ebt jan\u00eb l\u00ebn\u00eb jasht\u00eb k\u00ebtij Hoteli? A nuk mjafton ajo \u00e7ka ndodhi n\u00eb vitin 1997, n\u00eb 12 \u2013 14 shtator 1998, shkurt 2004, 15 mars 2008, apo 21 janar 2011 p\u00ebr ta kuptuar se rreziku \u00ebsht\u00eb gjithmon\u00eb aty mes qytetar\u00ebve shqiptar\u00eb t\u00eb l\u00ebn\u00eb n\u00eb m\u00ebshir\u00eb t\u00eb fatit?<\/p>\n<p>Cfar\u00eb duhet t\u00eb pritet akoma p\u00ebr t\u00eb b\u00ebr\u00eb p\u00ebrcaktimet e qarta dhe p\u00ebr t\u00eb marr\u00eb vendimet e drejta nga gjithkush, duke ia nisur nga secili prej nesh vet\u00eb me veten si qytetar\u00eb, p\u00ebr ta refuzuar k\u00ebt\u00eb realitet ndrydh\u00ebs dhe posht\u00ebrues? Hotel Demokracia Funksionale \u00ebsht\u00eb i sigurt\u00eb, e gjithashtu ne qytetar\u00ebt e kemi t\u00eb sigurt\u00eb pasigurin\u00eb e t\u00eb nes\u00ebrmes. Esht\u00eb e pamundur q\u00eb Shqip\u00ebria tia dal\u00eb mban\u00eb t\u00eb An\u00ebtar\u00ebsohet n\u00eb BE vet\u00ebm n\u00eb saj\u00eb t\u00eb Hotelit me 5 yje Demokracia Funksionale. Standartet e v\u00ebrteta per\u00ebndimore jan\u00eb ato q\u00eb u japin streh\u00eb, shpres\u00eb e jet\u00eb m\u00eb t\u00eb mir\u00eb qytetar\u00ebve t\u00eb thjesht\u00eb, t\u00eb cil\u00ebt parimisht n\u00eb nj\u00eb demokraci reale per\u00ebndimore nuk mund t\u00eb jen\u00eb kurr\u00ebsesi t\u00eb dob\u00ebt. Cdo lloj fasade e sajuar n\u00ebp\u00ebrmjet indikator\u00ebve, statistikave dhe propagand\u00ebs bajate, nuk na \u00e7on asgj\u00ebkundi p\u00ebrve\u00e7se drejt modeleve ruse t\u00eb demokracis\u00eb Potemkin, apo ndoshta edhe ala Putin.<\/p>\n<p>Vini re sesi Kryeministri Berisha po na e m\u00ebrzit jet\u00ebn duke na e shpallur zulm\u00ebmadh\u00ebsisht \u00e7do sukses qeveritar, \u00e7do investim publik, \u00e7do hap p\u00ebrpara si nj\u00eb bakshish oriental p\u00ebr ne mjeran\u00ebt e paditur q\u00eb n\u00eb shk\u00ebmbim duhet ti sh\u00ebrbejm\u00eb me bindjen, mir\u00ebnjohjen, p\u00ebrshtatjen dhe dor\u00ebzimin e liris\u00eb son\u00eb. Vini re se si Lideri i Opozit\u00ebs Edi Rama, po na shpartallon d\u00ebgjimin plot zallamahi bosharake me Kursi e tij t\u00eb ri q\u00eb e \u00e7on kinse drejt m\u00ebtimit t\u00eb dialogut t\u00eb kusht\u00ebzuar me Sali Berish\u00ebn, por asesi nuk e zbret ndonj\u00ebher\u00eb drejt dialogut t\u00eb pakusht\u00ebzuar me ne qytetar\u00ebt. E pra, duke qen\u00eb se ne qytetar\u00ebt shqiptar\u00eb e dor\u00ebzuam n\u00eb dt 22 mars 1992, betej\u00ebn ton\u00eb p\u00ebr liri, demokraci e per\u00ebndimizim, plot mirebesim n\u00eb duart e klas\u00ebs s\u00eb re politike q\u00eb na erdhi fill pas r\u00ebnies s\u00eb komunizmit, duhet ta pranojm\u00eb k\u00ebt\u00eb si fajin ton\u00eb m\u00eb t\u00eb madh.<\/p>\n<p>Harruam se beteja p\u00ebr liri, demokraci dhe per\u00ebndimizim \u00ebsht\u00eb nj\u00eb betej\u00eb e pandalshme qytetare e cila kurr\u00ebsesi nuk mund t\u00eb dor\u00ebzohet n\u00eb duar asnj\u00eb politikani, grupi politik apo udh\u00ebheq\u00ebsie. Sepse, k\u00ebto udh\u00ebheq\u00ebsi politike q\u00eb na erdh\u00ebn pas vitit 1990, s\u00eb bashku me parit\u00eb intelektuale, mediatike dhe financiare q\u00eb ishin edhe m\u00eb par\u00eb apo q\u00eb u krijuan dal\u00ebngadal\u00eb para syve tan\u00eb, ashtu sikurse kan\u00eb b\u00ebr\u00eb plot bab\u00ebzi e pap\u00ebrgjegjshm\u00ebri kiosk\u00ebzimin a betonizimin e Tiran\u00ebs, ashtu b\u00ebn\u00eb edhe gardh\u00ebzimin e demokracis\u00eb dhe liris\u00eb s\u00eb shqiptar\u00ebve. Madje shkuan m\u00eb tej akoma. Nd\u00ebrtuan vit pas viti Hotelin e tyre t\u00eb Demokracis\u00eb Funksionale, ku jan\u00eb strehuar q\u00eb t\u00eb gjith\u00eb e prej ngaku ndjekin t\u00eb qet\u00eb harlisjen e bizneseve dhe pushteteve t\u00eb tyre sikurse edhe dramat, tragjedit\u00eb, varf\u00ebrimin dhe \u00e7\u2019dinjitet\u00ebzimin ton\u00eb si qytetar\u00eb t\u00eb dob\u00ebt e t\u00eb thjesht\u00eb.<\/p>\n<p>Ndaj edhe Raportet e Progresit apo Opinionet negative q\u00eb na d\u00ebrgon BE jo vet\u00ebm k\u00ebto dy vitet e fundit, nuk jan\u00eb as m\u00eb shum\u00eb e as m\u00eb pak por Curriculumi yn\u00eb qytetar n\u00eb versionin Europass. Me k\u00ebt\u00eb CV qytetare ne nuk kualifikohemi p\u00ebr t\u00eb hyr\u00eb n\u00eb Europ\u00eb. Faji nuk \u00ebsht\u00eb vet\u00ebm i udh\u00ebheq\u00ebsive, sepse ato e din\u00eb shk\u00eblqyesh\u00ebm se \u00e7far\u00eb po b\u00ebjn\u00eb. Mbi t\u00eb gjitha, fajin b\u00ebjm\u00eb mir\u00eb q\u00eb t\u00eb fillojm\u00eb ta q\u00ebmtojm\u00eb tek vetja jon\u00eb secili nga ne qytetar\u00ebt shqiptar\u00eb. Askush nuk na e ka fajin pse pranojm\u00eb t\u00eb jemi k\u00ebta q\u00eb jemi, k\u00ebtu ku jemi. Askush, asnj\u00eb vullnet politik nuk mundet t\u00eb na b\u00ebj\u00eb ata q\u00eb s\u2019jemi, e t\u00eb na \u00e7oj\u00eb aty ku s\u2019duam t\u00eb shkojm\u00eb. Ndaj edhe un\u00eb m\u00eb s\u00eb pari vet\u00eb, por do t\u00eb d\u00ebshiroja e shpresoja q\u00eb \u00e7do qytetar shqiptar t\u00eb fillonte t\u00eb kqyrte n\u00eb brend\u00ebsi thell\u00eb vetveten dhe t\u00eb b\u00ebnte pyetjen: A jam un\u00eb ky q\u00eb m\u00eb thon\u00eb udh\u00ebheq\u00ebsit\u00eb politike dhe parit\u00eb se jam?<\/p>\n<p>N\u00ebse p\u00ebrgjigja \u00ebsht\u00eb po, at\u00ebher\u00eb le t\u00eb fillojm\u00eb sfidojm\u00eb e provojm\u00eb t\u00eb ndryshojm\u00eb vetveten p\u00ebr ta ndryshuar fatin ton\u00eb si individ\u00eb por edhe fatin ton\u00eb komb\u00ebtar. Por n\u00ebse p\u00ebrgjigja \u00ebsht\u00eb jo, at\u00ebher\u00eb nuk kemi \u00e7\u2019presim m\u00eb. Ia vlen tia nisim sfid\u00ebs p\u00ebr t\u00eb ndryshuar fatet e vendit ton\u00eb. Po nuk e b\u00ebm\u00eb k\u00ebt\u00eb sot, at\u00ebher\u00eb p\u00ebr nj\u00eb koh\u00eb t\u00eb gjat\u00eb do t\u00eb mbetemi k\u00ebshtu si jemi, k\u00ebtu ku jemi n\u00eb purgatorin e politik\u00ebs shqiptare. Do t\u00eb mbetemi n\u00eb eurolimbo, as n\u00eb Europ\u00eb, e as jasht\u00eb saj.<\/p>\n<p>Po nuk e k\u00ebrkuam ndryshimin duke filluar nga kqyrja thell\u00eb e vetvetes, at\u00ebher\u00eb le ta kemi t\u00eb qart\u00eb se udh\u00ebheq\u00ebsit\u00eb nuk e duan Europ\u00ebn, sepse Europa ka rregulla loje, parime, vlera, qeverisje t\u00eb past\u00ebr, t\u00eb cilat ua prishin gardhet, zaptimet dhe Hotelin pa leje, udh\u00ebheq\u00ebsive e parive tona. E sigurt\u00eb \u00ebsht\u00eb se po nuk e k\u00ebrkuam ndryshimin ne vet\u00eb, as Europa nuk mundet t\u00eb na pranoj\u00eb p\u00ebrderisa ne nuk jemi t\u00eb aft\u00eb t\u00eb ecim vet\u00eb me k\u00ebmb\u00ebt tona e vullnetin ton\u00eb t\u00eb lir\u00eb, si qytetar\u00eb drejt saj. Europianizimi dhe per\u00ebndimizimi vijn\u00eb vet\u00ebm nga ngritja n\u00eb k\u00ebmb\u00eb dhe ecja e pandalshme e qytetarit.<\/p>\n","protected":false},"excerpt":{"rendered":"<p>Nga Arian Galdini, 18.10.2011 As n\u00eb Europ\u00eb e as jasht\u00eb Europ\u00ebs, ky duket se \u00ebsht\u00eb stacioni ku Shqip\u00ebria ka mbetur tashm\u00eb jo prej dy vitesh sikund\u00ebr m\u00ebtohet t\u00eb jehon\u00ebzohet nga t\u00eb gjitha pal\u00ebt politike, por duke filluar q\u00eb nga viti i mbrapsht\u00eb 1996. E kemi shkruar edhe m\u00eb par\u00eb e po e rip\u00ebrs\u00ebrisim se Shqip\u00ebria [&hellip;]<\/p>\n","protected":false},"author":1,"featured_media":0,"comment_status":"open","ping_status":"closed","sticky":false,"template":"","format":"standard","meta":{"footnotes":""},"categories":[2],"tags":[],"class_list":{"0":"post-11078","1":"post","2":"type-post","3":"status-publish","4":"format-standard","6":"category-artikuj"},"yoast_head":"<!-- This site is optimized with the Yoast SEO plugin v27.4 - https:\/\/yoast.com\/product\/yoast-seo-wordpress\/ -->\n<title>Eurolimbo! - FjALA e LIR\u00cb - Arkivi<\/title>\n<meta name=\"robots\" content=\"index, follow, max-snippet:-1, max-image-preview:large, max-video-preview:-1\" \/>\n<link rel=\"canonical\" href=\"https:\/\/fjala.info\/2009-2015\/eurolimbo\/\" \/>\n<meta property=\"og:locale\" content=\"sq_AL\" \/>\n<meta property=\"og:type\" content=\"article\" \/>\n<meta property=\"og:title\" content=\"Eurolimbo! - FjALA e LIR\u00cb - Arkivi\" \/>\n<meta property=\"og:description\" content=\"Nga Arian Galdini, 18.10.2011 As n\u00eb Europ\u00eb e as jasht\u00eb Europ\u00ebs, ky duket se \u00ebsht\u00eb stacioni ku Shqip\u00ebria ka mbetur tashm\u00eb jo prej dy vitesh sikund\u00ebr m\u00ebtohet t\u00eb jehon\u00ebzohet nga t\u00eb gjitha pal\u00ebt politike, por duke filluar q\u00eb nga viti i mbrapsht\u00eb 1996. E kemi shkruar edhe m\u00eb par\u00eb e po e rip\u00ebrs\u00ebrisim se Shqip\u00ebria [&hellip;]\" \/>\n<meta property=\"og:url\" content=\"https:\/\/fjala.info\/2009-2015\/eurolimbo\/\" \/>\n<meta property=\"og:site_name\" content=\"FjALA e LIR\u00cb - Arkivi\" \/>\n<meta property=\"article:published_time\" content=\"2011-10-19T20:15:31+00:00\" \/>\n<meta property=\"og:image\" content=\"http:\/\/www.shkoder.net\/images\/fjala\/arian_galdini.jpg\" \/>\n<meta name=\"author\" content=\"admin\" \/>\n<meta name=\"twitter:card\" content=\"summary_large_image\" \/>\n<meta name=\"twitter:label1\" content=\"Written by\" \/>\n\t<meta name=\"twitter:data1\" content=\"admin\" \/>\n\t<meta name=\"twitter:label2\" content=\"Est. reading time\" \/>\n\t<meta name=\"twitter:data2\" content=\"12 minutes\" \/>\n<script type=\"application\/ld+json\" class=\"yoast-schema-graph\">{\"@context\":\"https:\\\/\\\/schema.org\",\"@graph\":[{\"@type\":\"Article\",\"@id\":\"https:\\\/\\\/fjala.info\\\/2009-2015\\\/eurolimbo\\\/#article\",\"isPartOf\":{\"@id\":\"https:\\\/\\\/fjala.info\\\/2009-2015\\\/eurolimbo\\\/\"},\"author\":{\"name\":\"admin\",\"@id\":\"https:\\\/\\\/fjala.info\\\/2009-2015\\\/#\\\/schema\\\/person\\\/3aa1163ef05469c496fc94e77611ada2\"},\"headline\":\"Eurolimbo!\",\"datePublished\":\"2011-10-19T20:15:31+00:00\",\"mainEntityOfPage\":{\"@id\":\"https:\\\/\\\/fjala.info\\\/2009-2015\\\/eurolimbo\\\/\"},\"wordCount\":2453,\"commentCount\":0,\"publisher\":{\"@id\":\"https:\\\/\\\/fjala.info\\\/2009-2015\\\/#organization\"},\"image\":{\"@id\":\"https:\\\/\\\/fjala.info\\\/2009-2015\\\/eurolimbo\\\/#primaryimage\"},\"thumbnailUrl\":\"http:\\\/\\\/www.shkoder.net\\\/images\\\/fjala\\\/arian_galdini.jpg\",\"articleSection\":[\"Artikuj\"],\"inLanguage\":\"sq-AL\",\"potentialAction\":[{\"@type\":\"CommentAction\",\"name\":\"Comment\",\"target\":[\"https:\\\/\\\/fjala.info\\\/2009-2015\\\/eurolimbo\\\/#respond\"]}]},{\"@type\":\"WebPage\",\"@id\":\"https:\\\/\\\/fjala.info\\\/2009-2015\\\/eurolimbo\\\/\",\"url\":\"https:\\\/\\\/fjala.info\\\/2009-2015\\\/eurolimbo\\\/\",\"name\":\"Eurolimbo! - FjALA e LIR\u00cb - Arkivi\",\"isPartOf\":{\"@id\":\"https:\\\/\\\/fjala.info\\\/2009-2015\\\/#website\"},\"primaryImageOfPage\":{\"@id\":\"https:\\\/\\\/fjala.info\\\/2009-2015\\\/eurolimbo\\\/#primaryimage\"},\"image\":{\"@id\":\"https:\\\/\\\/fjala.info\\\/2009-2015\\\/eurolimbo\\\/#primaryimage\"},\"thumbnailUrl\":\"http:\\\/\\\/www.shkoder.net\\\/images\\\/fjala\\\/arian_galdini.jpg\",\"datePublished\":\"2011-10-19T20:15:31+00:00\",\"breadcrumb\":{\"@id\":\"https:\\\/\\\/fjala.info\\\/2009-2015\\\/eurolimbo\\\/#breadcrumb\"},\"inLanguage\":\"sq-AL\",\"potentialAction\":[{\"@type\":\"ReadAction\",\"target\":[\"https:\\\/\\\/fjala.info\\\/2009-2015\\\/eurolimbo\\\/\"]}]},{\"@type\":\"ImageObject\",\"inLanguage\":\"sq-AL\",\"@id\":\"https:\\\/\\\/fjala.info\\\/2009-2015\\\/eurolimbo\\\/#primaryimage\",\"url\":\"http:\\\/\\\/www.shkoder.net\\\/images\\\/fjala\\\/arian_galdini.jpg\",\"contentUrl\":\"http:\\\/\\\/www.shkoder.net\\\/images\\\/fjala\\\/arian_galdini.jpg\"},{\"@type\":\"BreadcrumbList\",\"@id\":\"https:\\\/\\\/fjala.info\\\/2009-2015\\\/eurolimbo\\\/#breadcrumb\",\"itemListElement\":[{\"@type\":\"ListItem\",\"position\":1,\"name\":\"Home\",\"item\":\"https:\\\/\\\/fjala.info\\\/2009-2015\\\/\"},{\"@type\":\"ListItem\",\"position\":2,\"name\":\"Eurolimbo!\"}]},{\"@type\":\"WebSite\",\"@id\":\"https:\\\/\\\/fjala.info\\\/2009-2015\\\/#website\",\"url\":\"https:\\\/\\\/fjala.info\\\/2009-2015\\\/\",\"name\":\"FjALA e LIR\u00cb - Arkivi\",\"description\":\"Arkivi 2009-2015\",\"publisher\":{\"@id\":\"https:\\\/\\\/fjala.info\\\/2009-2015\\\/#organization\"},\"potentialAction\":[{\"@type\":\"SearchAction\",\"target\":{\"@type\":\"EntryPoint\",\"urlTemplate\":\"https:\\\/\\\/fjala.info\\\/2009-2015\\\/?s={search_term_string}\"},\"query-input\":{\"@type\":\"PropertyValueSpecification\",\"valueRequired\":true,\"valueName\":\"search_term_string\"}}],\"inLanguage\":\"sq-AL\"},{\"@type\":\"Organization\",\"@id\":\"https:\\\/\\\/fjala.info\\\/2009-2015\\\/#organization\",\"name\":\"FjALA e LIR\u00cb - Arkivi\",\"url\":\"https:\\\/\\\/fjala.info\\\/2009-2015\\\/\",\"logo\":{\"@type\":\"ImageObject\",\"inLanguage\":\"sq-AL\",\"@id\":\"https:\\\/\\\/fjala.info\\\/2009-2015\\\/#\\\/schema\\\/logo\\\/image\\\/\",\"url\":\"\",\"contentUrl\":\"\",\"caption\":\"FjALA e LIR\u00cb - Arkivi\"},\"image\":{\"@id\":\"https:\\\/\\\/fjala.info\\\/2009-2015\\\/#\\\/schema\\\/logo\\\/image\\\/\"}},{\"@type\":\"Person\",\"@id\":\"https:\\\/\\\/fjala.info\\\/2009-2015\\\/#\\\/schema\\\/person\\\/3aa1163ef05469c496fc94e77611ada2\",\"name\":\"admin\",\"image\":{\"@type\":\"ImageObject\",\"inLanguage\":\"sq-AL\",\"@id\":\"https:\\\/\\\/fjala.info\\\/2009-2015\\\/wp-content\\\/uploads\\\/2012\\\/02\\\/arben_cokaj-120x150.jpg\",\"url\":\"https:\\\/\\\/fjala.info\\\/2009-2015\\\/wp-content\\\/uploads\\\/2012\\\/02\\\/arben_cokaj-120x150.jpg\",\"contentUrl\":\"https:\\\/\\\/fjala.info\\\/2009-2015\\\/wp-content\\\/uploads\\\/2012\\\/02\\\/arben_cokaj-120x150.jpg\",\"caption\":\"admin\"},\"description\":\"Admin, Fjala e Lir\u00eb\",\"sameAs\":[\"https:\\\/\\\/fjala.info\\\/\"],\"url\":\"https:\\\/\\\/fjala.info\\\/2009-2015\\\/author\\\/admin\\\/\"}]}<\/script>\n<!-- \/ Yoast SEO plugin. -->","yoast_head_json":{"title":"Eurolimbo! - FjALA e LIR\u00cb - Arkivi","robots":{"index":"index","follow":"follow","max-snippet":"max-snippet:-1","max-image-preview":"max-image-preview:large","max-video-preview":"max-video-preview:-1"},"canonical":"https:\/\/fjala.info\/2009-2015\/eurolimbo\/","og_locale":"sq_AL","og_type":"article","og_title":"Eurolimbo! - FjALA e LIR\u00cb - Arkivi","og_description":"Nga Arian Galdini, 18.10.2011 As n\u00eb Europ\u00eb e as jasht\u00eb Europ\u00ebs, ky duket se \u00ebsht\u00eb stacioni ku Shqip\u00ebria ka mbetur tashm\u00eb jo prej dy vitesh sikund\u00ebr m\u00ebtohet t\u00eb jehon\u00ebzohet nga t\u00eb gjitha pal\u00ebt politike, por duke filluar q\u00eb nga viti i mbrapsht\u00eb 1996. E kemi shkruar edhe m\u00eb par\u00eb e po e rip\u00ebrs\u00ebrisim se Shqip\u00ebria [&hellip;]","og_url":"https:\/\/fjala.info\/2009-2015\/eurolimbo\/","og_site_name":"FjALA e LIR\u00cb - Arkivi","article_published_time":"2011-10-19T20:15:31+00:00","og_image":[{"url":"http:\/\/www.shkoder.net\/images\/fjala\/arian_galdini.jpg","type":"","width":"","height":""}],"author":"admin","twitter_card":"summary_large_image","twitter_misc":{"Written by":"admin","Est. reading time":"12 minutes"},"schema":{"@context":"https:\/\/schema.org","@graph":[{"@type":"Article","@id":"https:\/\/fjala.info\/2009-2015\/eurolimbo\/#article","isPartOf":{"@id":"https:\/\/fjala.info\/2009-2015\/eurolimbo\/"},"author":{"name":"admin","@id":"https:\/\/fjala.info\/2009-2015\/#\/schema\/person\/3aa1163ef05469c496fc94e77611ada2"},"headline":"Eurolimbo!","datePublished":"2011-10-19T20:15:31+00:00","mainEntityOfPage":{"@id":"https:\/\/fjala.info\/2009-2015\/eurolimbo\/"},"wordCount":2453,"commentCount":0,"publisher":{"@id":"https:\/\/fjala.info\/2009-2015\/#organization"},"image":{"@id":"https:\/\/fjala.info\/2009-2015\/eurolimbo\/#primaryimage"},"thumbnailUrl":"http:\/\/www.shkoder.net\/images\/fjala\/arian_galdini.jpg","articleSection":["Artikuj"],"inLanguage":"sq-AL","potentialAction":[{"@type":"CommentAction","name":"Comment","target":["https:\/\/fjala.info\/2009-2015\/eurolimbo\/#respond"]}]},{"@type":"WebPage","@id":"https:\/\/fjala.info\/2009-2015\/eurolimbo\/","url":"https:\/\/fjala.info\/2009-2015\/eurolimbo\/","name":"Eurolimbo! - FjALA e LIR\u00cb - Arkivi","isPartOf":{"@id":"https:\/\/fjala.info\/2009-2015\/#website"},"primaryImageOfPage":{"@id":"https:\/\/fjala.info\/2009-2015\/eurolimbo\/#primaryimage"},"image":{"@id":"https:\/\/fjala.info\/2009-2015\/eurolimbo\/#primaryimage"},"thumbnailUrl":"http:\/\/www.shkoder.net\/images\/fjala\/arian_galdini.jpg","datePublished":"2011-10-19T20:15:31+00:00","breadcrumb":{"@id":"https:\/\/fjala.info\/2009-2015\/eurolimbo\/#breadcrumb"},"inLanguage":"sq-AL","potentialAction":[{"@type":"ReadAction","target":["https:\/\/fjala.info\/2009-2015\/eurolimbo\/"]}]},{"@type":"ImageObject","inLanguage":"sq-AL","@id":"https:\/\/fjala.info\/2009-2015\/eurolimbo\/#primaryimage","url":"http:\/\/www.shkoder.net\/images\/fjala\/arian_galdini.jpg","contentUrl":"http:\/\/www.shkoder.net\/images\/fjala\/arian_galdini.jpg"},{"@type":"BreadcrumbList","@id":"https:\/\/fjala.info\/2009-2015\/eurolimbo\/#breadcrumb","itemListElement":[{"@type":"ListItem","position":1,"name":"Home","item":"https:\/\/fjala.info\/2009-2015\/"},{"@type":"ListItem","position":2,"name":"Eurolimbo!"}]},{"@type":"WebSite","@id":"https:\/\/fjala.info\/2009-2015\/#website","url":"https:\/\/fjala.info\/2009-2015\/","name":"FjALA e LIR\u00cb - Arkivi","description":"Arkivi 2009-2015","publisher":{"@id":"https:\/\/fjala.info\/2009-2015\/#organization"},"potentialAction":[{"@type":"SearchAction","target":{"@type":"EntryPoint","urlTemplate":"https:\/\/fjala.info\/2009-2015\/?s={search_term_string}"},"query-input":{"@type":"PropertyValueSpecification","valueRequired":true,"valueName":"search_term_string"}}],"inLanguage":"sq-AL"},{"@type":"Organization","@id":"https:\/\/fjala.info\/2009-2015\/#organization","name":"FjALA e LIR\u00cb - Arkivi","url":"https:\/\/fjala.info\/2009-2015\/","logo":{"@type":"ImageObject","inLanguage":"sq-AL","@id":"https:\/\/fjala.info\/2009-2015\/#\/schema\/logo\/image\/","url":"","contentUrl":"","caption":"FjALA e LIR\u00cb - Arkivi"},"image":{"@id":"https:\/\/fjala.info\/2009-2015\/#\/schema\/logo\/image\/"}},{"@type":"Person","@id":"https:\/\/fjala.info\/2009-2015\/#\/schema\/person\/3aa1163ef05469c496fc94e77611ada2","name":"admin","image":{"@type":"ImageObject","inLanguage":"sq-AL","@id":"https:\/\/fjala.info\/2009-2015\/wp-content\/uploads\/2012\/02\/arben_cokaj-120x150.jpg","url":"https:\/\/fjala.info\/2009-2015\/wp-content\/uploads\/2012\/02\/arben_cokaj-120x150.jpg","contentUrl":"https:\/\/fjala.info\/2009-2015\/wp-content\/uploads\/2012\/02\/arben_cokaj-120x150.jpg","caption":"admin"},"description":"Admin, Fjala e Lir\u00eb","sameAs":["https:\/\/fjala.info\/"],"url":"https:\/\/fjala.info\/2009-2015\/author\/admin\/"}]}},"_links":{"self":[{"href":"https:\/\/fjala.info\/2009-2015\/wp-json\/wp\/v2\/posts\/11078","targetHints":{"allow":["GET"]}}],"collection":[{"href":"https:\/\/fjala.info\/2009-2015\/wp-json\/wp\/v2\/posts"}],"about":[{"href":"https:\/\/fjala.info\/2009-2015\/wp-json\/wp\/v2\/types\/post"}],"author":[{"embeddable":true,"href":"https:\/\/fjala.info\/2009-2015\/wp-json\/wp\/v2\/users\/1"}],"replies":[{"embeddable":true,"href":"https:\/\/fjala.info\/2009-2015\/wp-json\/wp\/v2\/comments?post=11078"}],"version-history":[{"count":0,"href":"https:\/\/fjala.info\/2009-2015\/wp-json\/wp\/v2\/posts\/11078\/revisions"}],"wp:attachment":[{"href":"https:\/\/fjala.info\/2009-2015\/wp-json\/wp\/v2\/media?parent=11078"}],"wp:term":[{"taxonomy":"category","embeddable":true,"href":"https:\/\/fjala.info\/2009-2015\/wp-json\/wp\/v2\/categories?post=11078"},{"taxonomy":"post_tag","embeddable":true,"href":"https:\/\/fjala.info\/2009-2015\/wp-json\/wp\/v2\/tags?post=11078"}],"curies":[{"name":"wp","href":"https:\/\/api.w.org\/{rel}","templated":true}]}}