{"id":11076,"date":"2011-10-20T21:07:03","date_gmt":"2011-10-20T20:07:03","guid":{"rendered":"http:\/\/fjala.shkoder.net\/?p=11076"},"modified":"2011-10-20T21:07:03","modified_gmt":"2011-10-20T20:07:03","slug":"keshtu-fliste-bamir-topi","status":"publish","type":"post","link":"https:\/\/fjala.info\/2009-2015\/keshtu-fliste-bamir-topi\/","title":{"rendered":"K\u00ebshtu fliste Bamir Topi"},"content":{"rendered":"<p><img decoding=\"async\" class=\"alignright size-thumbnail wp-image-7236\" title=\"Bamir Topi\" src=\"http:\/\/www.shkoder.net\/images\/fjala\/2011\/bamir_topi.jpg\" alt=\"\" width=\"300\" \/> <strong>ARMAND SHKULLAKU<\/strong>, <em>20 tetor 2011<\/em><\/p>\n<p>\u00c7ka t\u00eb l\u00ebsh pa than\u00eb, qar e ke\u201d. Kjo shprehje e Veriut t\u00eb Shqip\u00ebris\u00eb do t\u2019i shkonte m\u00eb s\u00eb miri profilit politik t\u00eb Presidentit Bamir Topi. Suksesi i tij n\u00eb politik\u00eb i dedikohet pik\u00ebrisht t\u00eb qen\u00ebt i p\u00ebrmbajtur, paq\u00ebsor, madje nj\u00eb far\u00eb babaxhani, nga ai soj udh\u00ebheq\u00ebsish q\u00eb n\u00ebse nuk din\u00eb t\u00eb marrin vendime apo t\u00eb shquhen n\u00eb situata t\u00eb v\u00ebshtira, t\u00eb pakt\u00ebn nuk b\u00ebjn\u00eb keq. Qenia p\u00ebr nj\u00eb koh\u00eb t\u00eb gjat\u00eb si numri dy n\u00eb PD pas Sali Berish\u00ebs, nj\u00eb lider autoritar dhe i ashp\u00ebr, e nxori m\u00eb n\u00eb pah k\u00ebt\u00eb veti t\u00eb Bamir Topit. Ai ishte si nj\u00eb lloj kund\u00ebrpeshe, nj\u00eb lloj oponence e heshtur, nj\u00eb drejtues ndryshe brenda grupit radikal t\u00eb demokrat\u00ebve, ndon\u00ebse asnj\u00ebher\u00eb, as hapur e as n\u00ebn z\u00eb, nuk u distancua nga lidershipi i Sali Berish\u00ebs.<\/p>\n<p>Dhe ashtu si qengji i mir\u00eb q\u00eb pi dy n\u00ebna, Topi shijonte edhe qum\u00ebshtin e PD-s\u00eb, por edhe t\u00eb asaj pjese t\u00eb shoq\u00ebris\u00eb q\u00eb e shihte si nj\u00eb lloj moderatori n\u00eb nj\u00eb parti tep\u00ebr agresive. N\u00eb shum\u00eb sondazhe ai figuronte n\u00eb krye t\u00eb list\u00ebs s\u00eb politikan\u00ebve t\u00eb preferuar. T\u00eb lodhur nga politika konfliktuale, nga tensionet, p\u00ebrplasjet deri me arm\u00eb dhe ndarja e frikshme e shoq\u00ebris\u00eb, qytetar\u00ebt preferonin ata politikan\u00eb q\u00eb pavar\u00ebsisht se nuk kishin l\u00ebn\u00eb ndonj\u00eb gjurm\u00eb t\u00eb ve\u00e7ant\u00eb, t\u00eb pakt\u00ebn nuk ndiznin zjarre. Bamir Topi ishte nj\u00eb p\u00ebrfaq\u00ebsues par exellence i k\u00ebtij soji politikan\u00ebsh.<\/p>\n<p>E, si i till\u00eb, Presidenti i Shqip\u00ebris\u00eb me siguri nuk ka pasur nd\u00ebr mend t\u00eb ndez\u00eb as zjarrin e fundit, at\u00eb t\u00eb ndarjes geg\u00eb-tosk\u00eb, Jug-Veri apo Tiran\u00eb-Shkod\u00ebr. Ai nuk \u00ebsht\u00eb nga ajo prerje politikan\u00ebsh q\u00eb guxojn\u00eb t\u00eb hyjn\u00eb n\u00eb tema t\u00eb tilla. Problemi me Bamir Topin \u00ebsht\u00eb tjet\u00ebr. Ai ka t\u00eb b\u00ebj\u00eb me lajthitjet q\u00eb i ndodhin atij dhe \u00e7do kujt tjet\u00ebr kur del nga natyra e tij, kur beson q\u00eb v\u00ebrtet \u00ebsht\u00eb nj\u00eb faktor vendimtar, kur n\u00ebn presion apo iluzion p\u00ebrjeton nj\u00eb lloj deliri dhe shtyhet t\u00eb b\u00ebj\u00eb pik\u00ebrisht t\u00eb kund\u00ebrt\u00ebn e asaj fal\u00eb s\u00eb cil\u00ebs g\u00ebzon suksesin n\u00eb karrier\u00eb.<\/p>\n<p>Pra vendos t\u00eb flas\u00eb, t\u00eb veproj\u00eb, t\u00eb b\u00ebhet faktor, t\u00eb ket\u00eb nj\u00eb profil t\u00eb vetin, me nj\u00eb fjal\u00eb, gjith\u00e7ka t\u00eb kund\u00ebrt me rrjedh\u00ebn natyrale q\u00eb ka ndjekur n\u00eb jet\u00ebn e tij politike. I gjendur n\u00ebn nj\u00eb presion t\u00eb vazhduesh\u00ebm nga ish-shok\u00ebt e tij t\u00eb arm\u00ebve, i akuzuar me epitetet m\u00eb t\u00eb r\u00ebnda e nd\u00ebrkoh\u00eb i kompleksuar nga Edi Rama dhe opozita se po ka frik\u00eb t\u2019i kund\u00ebrp\u00ebrgjigjet Berish\u00ebs, p\u00ebr Bamir Topin nuk ka qen\u00eb e leht\u00eb t\u00eb vet\u00ebp\u00ebrmbahet. K\u00ebtu kan\u00eb ndikuar edhe me dhjet\u00ebra njer\u00ebz t\u00eb tjer\u00eb, politikan\u00eb ose jo, t\u00eb cil\u00ebt ia kan\u00eb b\u00ebr\u00eb rrafsh se me partin\u00eb e re do t\u00eb ket\u00eb sukses, se populli e do, se ai \u00ebsht\u00eb lider i v\u00ebrtet\u00eb etj.<\/p>\n<p>Ky kontekst e shpjegon daljen e Presidentit Topi nga natyra e tij dhe faktin q\u00eb vendosi t\u2019i kund\u00ebrvihej Jozefina Topallit, e n\u00ebp\u00ebrmjet saj edhe Sali Berish\u00ebs. Duke qen\u00eb i panatyrsh\u00ebm, reagimi ishte i dob\u00ebt, mediok\u00ebr, prodhoi keqkuptim dhe nisur nga ambicia p\u00ebr t\u00eb krijuar parti politike p\u00ebrmbante edhe elemente t\u00eb konfliktit t\u00eb interesit. Por, kurrsesi t\u00eb konfliktit civil mes shqiptar\u00ebve.<br \/>\nBamir Topi, si politikan dhe si president, ka shk\u00eblqyer me heshtjen e tij apo me mesazhet e p\u00ebrgjithshme q\u00eb thon\u00eb gj\u00ebra t\u00eb ditura ose nuk thon\u00eb asgj\u00eb.<\/p>\n<p>N\u00eb nj\u00eb vend ku politikan\u00ebt e tjer\u00eb nxjerrin nga goja flak\u00eb dhe barut, edhe drejtues t\u00eb k\u00ebtij profili jan\u00eb t\u00eb nevojsh\u00ebm. Por, rrethanat politike dhe personale e kan\u00eb detyruar Topin t\u00eb sillet ashtu si\u00e7 nuk \u00ebsht\u00eb, duke e shnd\u00ebrruar nga nj\u00eb president t\u00eb matur n\u00eb nj\u00eb politikan kunjaxhi. Atij i pati ndodhur ky fenomen edhe n\u00eb fillim t\u00eb mandatit t\u00eb tij kur, ndoshta i dehur nga avujt e fitores, replikoi me Ben Blushin me nj\u00eb gjuh\u00eb dhe logjik\u00eb f\u00ebminore. \u201cKy personazh (Blushi) po jeton me dram\u00ebn e d\u00ebshtimit t\u00eb tij. N\u00eb nj\u00eb moment t\u00eb caktuar n\u00eb politik\u00eb, n\u00eb Parlament kemi pasur pozicione ekuivalente si kryetar\u00eb grupesh. N\u00eb nj\u00eb moment nj\u00ebri hip\u00ebn n\u00eb pozicionin m\u00eb t\u00eb lart\u00eb t\u00eb shtetit, tjetri p\u00ebrfundon n\u00eb nj\u00eb person anonim, q\u00eb nuk ka asnj\u00eb lloj p\u00ebrfaq\u00ebsimi\u201d. I till\u00eb duket Bamir Topi kur provon t\u00eb flas\u00eb, t\u00eb b\u00ebhet aktiv dhe t\u00eb luaj\u00eb rolin e protagonistit.<\/p>\n<p>Megjithat\u00eb, gjat\u00eb presidenc\u00ebs s\u00eb tij ai ka qen\u00eb i nd\u00ebrgjegjsh\u00ebm q\u00eb t\u00eb shmang\u00eb situata t\u00eb tilla. Te jet\u00eb po ai Bamir q\u00eb flet pak, thot\u00eb gj\u00ebra t\u00eb p\u00ebrgjithshme, me pamje paq\u00ebsore dhe mesazhe t\u00eb moderuara. Ai rezistoi gjat\u00eb, shum\u00eb gjat\u00eb n\u00eb raport me provokimet ndaj tij, por deri n\u00eb nj\u00eb pik\u00eb. Reagimi ndaj Blushit at\u00ebher\u00eb dhe ai ndaj Jozefin\u00ebs tani lidhen me nj\u00eb gj\u00eb, me postin e Presidentit t\u00eb Republik\u00ebs. N\u00ebse at\u00ebher\u00eb ishte euforia e fitores, sot \u00ebsht\u00eb pasiguria e s\u00eb nes\u00ebrmes q\u00eb e detyroi Topin t\u00eb dal\u00eb jasht\u00eb vetes. Deklaratat e fundit t\u00eb tij nuk duhet t\u00eb krijojn\u00eb asnj\u00eb keqinterpretim tjet\u00ebr p\u00ebrtej k\u00ebtij konteksti.<\/p>\n<p>As n\u00eb Tiran\u00eb e as n\u00eb Shkod\u00ebr, as n\u00eb Shqip\u00ebri e as n\u00eb Kosov\u00eb, as te geg\u00ebt e as te tosk\u00ebt. Aq m\u00eb pak p\u00ebr ndarje gjuh\u00ebsore e kulturore. Pavar\u00ebsisht d\u00ebshir\u00ebs s\u00eb individ\u00ebve t\u00eb ndrysh\u00ebm p\u00ebr t\u00eb thelluar ndarjet, Bamir Topi, edhe n\u00ebse do t\u00eb d\u00ebshironte, nuk \u00ebsht\u00eb i aft\u00eb p\u00ebr nd\u00ebrmarrje t\u00eb tilla. N\u00ebse sipas Migjen Kelmendit, gjuha \u00ebsht\u00eb dialekti q\u00eb politikisht fitue e ka luft\u00ebn, Bamir Topi \u00ebsht\u00eb politikani q\u00eb gjuh\u00ebsisht e humbi luft\u00ebn.<\/p>\n","protected":false},"excerpt":{"rendered":"<p>ARMAND SHKULLAKU, 20 tetor 2011 \u00c7ka t\u00eb l\u00ebsh pa than\u00eb, qar e ke\u201d. Kjo shprehje e Veriut t\u00eb Shqip\u00ebris\u00eb do t\u2019i shkonte m\u00eb s\u00eb miri profilit politik t\u00eb Presidentit Bamir Topi. Suksesi i tij n\u00eb politik\u00eb i dedikohet pik\u00ebrisht t\u00eb qen\u00ebt i p\u00ebrmbajtur, paq\u00ebsor, madje nj\u00eb far\u00eb babaxhani, nga ai soj udh\u00ebheq\u00ebsish q\u00eb n\u00ebse nuk [&hellip;]<\/p>\n","protected":false},"author":1,"featured_media":0,"comment_status":"open","ping_status":"closed","sticky":false,"template":"","format":"standard","meta":{"footnotes":""},"categories":[2],"tags":[],"class_list":{"0":"post-11076","1":"post","2":"type-post","3":"status-publish","4":"format-standard","6":"category-artikuj"},"yoast_head":"<!-- This site is optimized with the Yoast SEO plugin v27.4 - https:\/\/yoast.com\/product\/yoast-seo-wordpress\/ -->\n<title>K\u00ebshtu fliste Bamir Topi - FjALA e LIR\u00cb - Arkivi<\/title>\n<meta name=\"robots\" content=\"index, follow, max-snippet:-1, max-image-preview:large, max-video-preview:-1\" \/>\n<link rel=\"canonical\" href=\"https:\/\/fjala.info\/2009-2015\/keshtu-fliste-bamir-topi\/\" \/>\n<meta property=\"og:locale\" content=\"sq_AL\" \/>\n<meta property=\"og:type\" content=\"article\" \/>\n<meta property=\"og:title\" content=\"K\u00ebshtu fliste Bamir Topi - FjALA e LIR\u00cb - Arkivi\" \/>\n<meta property=\"og:description\" content=\"ARMAND SHKULLAKU, 20 tetor 2011 \u00c7ka t\u00eb l\u00ebsh pa than\u00eb, qar e ke\u201d. Kjo shprehje e Veriut t\u00eb Shqip\u00ebris\u00eb do t\u2019i shkonte m\u00eb s\u00eb miri profilit politik t\u00eb Presidentit Bamir Topi. Suksesi i tij n\u00eb politik\u00eb i dedikohet pik\u00ebrisht t\u00eb qen\u00ebt i p\u00ebrmbajtur, paq\u00ebsor, madje nj\u00eb far\u00eb babaxhani, nga ai soj udh\u00ebheq\u00ebsish q\u00eb n\u00ebse nuk [&hellip;]\" \/>\n<meta property=\"og:url\" content=\"https:\/\/fjala.info\/2009-2015\/keshtu-fliste-bamir-topi\/\" \/>\n<meta property=\"og:site_name\" content=\"FjALA e LIR\u00cb - Arkivi\" \/>\n<meta property=\"article:published_time\" content=\"2011-10-20T20:07:03+00:00\" \/>\n<meta property=\"og:image\" content=\"http:\/\/www.shkoder.net\/images\/fjala\/2011\/bamir_topi.jpg\" \/>\n<meta name=\"author\" content=\"admin\" \/>\n<meta name=\"twitter:card\" content=\"summary_large_image\" \/>\n<meta name=\"twitter:label1\" content=\"Written by\" \/>\n\t<meta name=\"twitter:data1\" content=\"admin\" \/>\n\t<meta name=\"twitter:label2\" content=\"Est. reading time\" \/>\n\t<meta name=\"twitter:data2\" content=\"5 minutes\" \/>\n<script type=\"application\/ld+json\" class=\"yoast-schema-graph\">{\"@context\":\"https:\\\/\\\/schema.org\",\"@graph\":[{\"@type\":\"Article\",\"@id\":\"https:\\\/\\\/fjala.info\\\/2009-2015\\\/keshtu-fliste-bamir-topi\\\/#article\",\"isPartOf\":{\"@id\":\"https:\\\/\\\/fjala.info\\\/2009-2015\\\/keshtu-fliste-bamir-topi\\\/\"},\"author\":{\"name\":\"admin\",\"@id\":\"https:\\\/\\\/fjala.info\\\/2009-2015\\\/#\\\/schema\\\/person\\\/3aa1163ef05469c496fc94e77611ada2\"},\"headline\":\"K\u00ebshtu fliste Bamir Topi\",\"datePublished\":\"2011-10-20T20:07:03+00:00\",\"mainEntityOfPage\":{\"@id\":\"https:\\\/\\\/fjala.info\\\/2009-2015\\\/keshtu-fliste-bamir-topi\\\/\"},\"wordCount\":1011,\"commentCount\":0,\"publisher\":{\"@id\":\"https:\\\/\\\/fjala.info\\\/2009-2015\\\/#organization\"},\"image\":{\"@id\":\"https:\\\/\\\/fjala.info\\\/2009-2015\\\/keshtu-fliste-bamir-topi\\\/#primaryimage\"},\"thumbnailUrl\":\"http:\\\/\\\/www.shkoder.net\\\/images\\\/fjala\\\/2011\\\/bamir_topi.jpg\",\"articleSection\":[\"Artikuj\"],\"inLanguage\":\"sq-AL\",\"potentialAction\":[{\"@type\":\"CommentAction\",\"name\":\"Comment\",\"target\":[\"https:\\\/\\\/fjala.info\\\/2009-2015\\\/keshtu-fliste-bamir-topi\\\/#respond\"]}]},{\"@type\":\"WebPage\",\"@id\":\"https:\\\/\\\/fjala.info\\\/2009-2015\\\/keshtu-fliste-bamir-topi\\\/\",\"url\":\"https:\\\/\\\/fjala.info\\\/2009-2015\\\/keshtu-fliste-bamir-topi\\\/\",\"name\":\"K\u00ebshtu fliste Bamir Topi - FjALA e LIR\u00cb - Arkivi\",\"isPartOf\":{\"@id\":\"https:\\\/\\\/fjala.info\\\/2009-2015\\\/#website\"},\"primaryImageOfPage\":{\"@id\":\"https:\\\/\\\/fjala.info\\\/2009-2015\\\/keshtu-fliste-bamir-topi\\\/#primaryimage\"},\"image\":{\"@id\":\"https:\\\/\\\/fjala.info\\\/2009-2015\\\/keshtu-fliste-bamir-topi\\\/#primaryimage\"},\"thumbnailUrl\":\"http:\\\/\\\/www.shkoder.net\\\/images\\\/fjala\\\/2011\\\/bamir_topi.jpg\",\"datePublished\":\"2011-10-20T20:07:03+00:00\",\"breadcrumb\":{\"@id\":\"https:\\\/\\\/fjala.info\\\/2009-2015\\\/keshtu-fliste-bamir-topi\\\/#breadcrumb\"},\"inLanguage\":\"sq-AL\",\"potentialAction\":[{\"@type\":\"ReadAction\",\"target\":[\"https:\\\/\\\/fjala.info\\\/2009-2015\\\/keshtu-fliste-bamir-topi\\\/\"]}]},{\"@type\":\"ImageObject\",\"inLanguage\":\"sq-AL\",\"@id\":\"https:\\\/\\\/fjala.info\\\/2009-2015\\\/keshtu-fliste-bamir-topi\\\/#primaryimage\",\"url\":\"http:\\\/\\\/www.shkoder.net\\\/images\\\/fjala\\\/2011\\\/bamir_topi.jpg\",\"contentUrl\":\"http:\\\/\\\/www.shkoder.net\\\/images\\\/fjala\\\/2011\\\/bamir_topi.jpg\"},{\"@type\":\"BreadcrumbList\",\"@id\":\"https:\\\/\\\/fjala.info\\\/2009-2015\\\/keshtu-fliste-bamir-topi\\\/#breadcrumb\",\"itemListElement\":[{\"@type\":\"ListItem\",\"position\":1,\"name\":\"Home\",\"item\":\"https:\\\/\\\/fjala.info\\\/2009-2015\\\/\"},{\"@type\":\"ListItem\",\"position\":2,\"name\":\"K\u00ebshtu fliste Bamir Topi\"}]},{\"@type\":\"WebSite\",\"@id\":\"https:\\\/\\\/fjala.info\\\/2009-2015\\\/#website\",\"url\":\"https:\\\/\\\/fjala.info\\\/2009-2015\\\/\",\"name\":\"FjALA e LIR\u00cb - Arkivi\",\"description\":\"Arkivi 2009-2015\",\"publisher\":{\"@id\":\"https:\\\/\\\/fjala.info\\\/2009-2015\\\/#organization\"},\"potentialAction\":[{\"@type\":\"SearchAction\",\"target\":{\"@type\":\"EntryPoint\",\"urlTemplate\":\"https:\\\/\\\/fjala.info\\\/2009-2015\\\/?s={search_term_string}\"},\"query-input\":{\"@type\":\"PropertyValueSpecification\",\"valueRequired\":true,\"valueName\":\"search_term_string\"}}],\"inLanguage\":\"sq-AL\"},{\"@type\":\"Organization\",\"@id\":\"https:\\\/\\\/fjala.info\\\/2009-2015\\\/#organization\",\"name\":\"FjALA e LIR\u00cb - Arkivi\",\"url\":\"https:\\\/\\\/fjala.info\\\/2009-2015\\\/\",\"logo\":{\"@type\":\"ImageObject\",\"inLanguage\":\"sq-AL\",\"@id\":\"https:\\\/\\\/fjala.info\\\/2009-2015\\\/#\\\/schema\\\/logo\\\/image\\\/\",\"url\":\"\",\"contentUrl\":\"\",\"caption\":\"FjALA e LIR\u00cb - Arkivi\"},\"image\":{\"@id\":\"https:\\\/\\\/fjala.info\\\/2009-2015\\\/#\\\/schema\\\/logo\\\/image\\\/\"}},{\"@type\":\"Person\",\"@id\":\"https:\\\/\\\/fjala.info\\\/2009-2015\\\/#\\\/schema\\\/person\\\/3aa1163ef05469c496fc94e77611ada2\",\"name\":\"admin\",\"image\":{\"@type\":\"ImageObject\",\"inLanguage\":\"sq-AL\",\"@id\":\"https:\\\/\\\/fjala.info\\\/2009-2015\\\/wp-content\\\/uploads\\\/2012\\\/02\\\/arben_cokaj-120x150.jpg\",\"url\":\"https:\\\/\\\/fjala.info\\\/2009-2015\\\/wp-content\\\/uploads\\\/2012\\\/02\\\/arben_cokaj-120x150.jpg\",\"contentUrl\":\"https:\\\/\\\/fjala.info\\\/2009-2015\\\/wp-content\\\/uploads\\\/2012\\\/02\\\/arben_cokaj-120x150.jpg\",\"caption\":\"admin\"},\"description\":\"Admin, Fjala e Lir\u00eb\",\"sameAs\":[\"https:\\\/\\\/fjala.info\\\/\"],\"url\":\"https:\\\/\\\/fjala.info\\\/2009-2015\\\/author\\\/admin\\\/\"}]}<\/script>\n<!-- \/ Yoast SEO plugin. -->","yoast_head_json":{"title":"K\u00ebshtu fliste Bamir Topi - FjALA e LIR\u00cb - Arkivi","robots":{"index":"index","follow":"follow","max-snippet":"max-snippet:-1","max-image-preview":"max-image-preview:large","max-video-preview":"max-video-preview:-1"},"canonical":"https:\/\/fjala.info\/2009-2015\/keshtu-fliste-bamir-topi\/","og_locale":"sq_AL","og_type":"article","og_title":"K\u00ebshtu fliste Bamir Topi - FjALA e LIR\u00cb - Arkivi","og_description":"ARMAND SHKULLAKU, 20 tetor 2011 \u00c7ka t\u00eb l\u00ebsh pa than\u00eb, qar e ke\u201d. Kjo shprehje e Veriut t\u00eb Shqip\u00ebris\u00eb do t\u2019i shkonte m\u00eb s\u00eb miri profilit politik t\u00eb Presidentit Bamir Topi. Suksesi i tij n\u00eb politik\u00eb i dedikohet pik\u00ebrisht t\u00eb qen\u00ebt i p\u00ebrmbajtur, paq\u00ebsor, madje nj\u00eb far\u00eb babaxhani, nga ai soj udh\u00ebheq\u00ebsish q\u00eb n\u00ebse nuk [&hellip;]","og_url":"https:\/\/fjala.info\/2009-2015\/keshtu-fliste-bamir-topi\/","og_site_name":"FjALA e LIR\u00cb - Arkivi","article_published_time":"2011-10-20T20:07:03+00:00","og_image":[{"url":"http:\/\/www.shkoder.net\/images\/fjala\/2011\/bamir_topi.jpg","type":"","width":"","height":""}],"author":"admin","twitter_card":"summary_large_image","twitter_misc":{"Written by":"admin","Est. reading time":"5 minutes"},"schema":{"@context":"https:\/\/schema.org","@graph":[{"@type":"Article","@id":"https:\/\/fjala.info\/2009-2015\/keshtu-fliste-bamir-topi\/#article","isPartOf":{"@id":"https:\/\/fjala.info\/2009-2015\/keshtu-fliste-bamir-topi\/"},"author":{"name":"admin","@id":"https:\/\/fjala.info\/2009-2015\/#\/schema\/person\/3aa1163ef05469c496fc94e77611ada2"},"headline":"K\u00ebshtu fliste Bamir Topi","datePublished":"2011-10-20T20:07:03+00:00","mainEntityOfPage":{"@id":"https:\/\/fjala.info\/2009-2015\/keshtu-fliste-bamir-topi\/"},"wordCount":1011,"commentCount":0,"publisher":{"@id":"https:\/\/fjala.info\/2009-2015\/#organization"},"image":{"@id":"https:\/\/fjala.info\/2009-2015\/keshtu-fliste-bamir-topi\/#primaryimage"},"thumbnailUrl":"http:\/\/www.shkoder.net\/images\/fjala\/2011\/bamir_topi.jpg","articleSection":["Artikuj"],"inLanguage":"sq-AL","potentialAction":[{"@type":"CommentAction","name":"Comment","target":["https:\/\/fjala.info\/2009-2015\/keshtu-fliste-bamir-topi\/#respond"]}]},{"@type":"WebPage","@id":"https:\/\/fjala.info\/2009-2015\/keshtu-fliste-bamir-topi\/","url":"https:\/\/fjala.info\/2009-2015\/keshtu-fliste-bamir-topi\/","name":"K\u00ebshtu fliste Bamir Topi - FjALA e LIR\u00cb - Arkivi","isPartOf":{"@id":"https:\/\/fjala.info\/2009-2015\/#website"},"primaryImageOfPage":{"@id":"https:\/\/fjala.info\/2009-2015\/keshtu-fliste-bamir-topi\/#primaryimage"},"image":{"@id":"https:\/\/fjala.info\/2009-2015\/keshtu-fliste-bamir-topi\/#primaryimage"},"thumbnailUrl":"http:\/\/www.shkoder.net\/images\/fjala\/2011\/bamir_topi.jpg","datePublished":"2011-10-20T20:07:03+00:00","breadcrumb":{"@id":"https:\/\/fjala.info\/2009-2015\/keshtu-fliste-bamir-topi\/#breadcrumb"},"inLanguage":"sq-AL","potentialAction":[{"@type":"ReadAction","target":["https:\/\/fjala.info\/2009-2015\/keshtu-fliste-bamir-topi\/"]}]},{"@type":"ImageObject","inLanguage":"sq-AL","@id":"https:\/\/fjala.info\/2009-2015\/keshtu-fliste-bamir-topi\/#primaryimage","url":"http:\/\/www.shkoder.net\/images\/fjala\/2011\/bamir_topi.jpg","contentUrl":"http:\/\/www.shkoder.net\/images\/fjala\/2011\/bamir_topi.jpg"},{"@type":"BreadcrumbList","@id":"https:\/\/fjala.info\/2009-2015\/keshtu-fliste-bamir-topi\/#breadcrumb","itemListElement":[{"@type":"ListItem","position":1,"name":"Home","item":"https:\/\/fjala.info\/2009-2015\/"},{"@type":"ListItem","position":2,"name":"K\u00ebshtu fliste Bamir Topi"}]},{"@type":"WebSite","@id":"https:\/\/fjala.info\/2009-2015\/#website","url":"https:\/\/fjala.info\/2009-2015\/","name":"FjALA e LIR\u00cb - Arkivi","description":"Arkivi 2009-2015","publisher":{"@id":"https:\/\/fjala.info\/2009-2015\/#organization"},"potentialAction":[{"@type":"SearchAction","target":{"@type":"EntryPoint","urlTemplate":"https:\/\/fjala.info\/2009-2015\/?s={search_term_string}"},"query-input":{"@type":"PropertyValueSpecification","valueRequired":true,"valueName":"search_term_string"}}],"inLanguage":"sq-AL"},{"@type":"Organization","@id":"https:\/\/fjala.info\/2009-2015\/#organization","name":"FjALA e LIR\u00cb - Arkivi","url":"https:\/\/fjala.info\/2009-2015\/","logo":{"@type":"ImageObject","inLanguage":"sq-AL","@id":"https:\/\/fjala.info\/2009-2015\/#\/schema\/logo\/image\/","url":"","contentUrl":"","caption":"FjALA e LIR\u00cb - Arkivi"},"image":{"@id":"https:\/\/fjala.info\/2009-2015\/#\/schema\/logo\/image\/"}},{"@type":"Person","@id":"https:\/\/fjala.info\/2009-2015\/#\/schema\/person\/3aa1163ef05469c496fc94e77611ada2","name":"admin","image":{"@type":"ImageObject","inLanguage":"sq-AL","@id":"https:\/\/fjala.info\/2009-2015\/wp-content\/uploads\/2012\/02\/arben_cokaj-120x150.jpg","url":"https:\/\/fjala.info\/2009-2015\/wp-content\/uploads\/2012\/02\/arben_cokaj-120x150.jpg","contentUrl":"https:\/\/fjala.info\/2009-2015\/wp-content\/uploads\/2012\/02\/arben_cokaj-120x150.jpg","caption":"admin"},"description":"Admin, Fjala e Lir\u00eb","sameAs":["https:\/\/fjala.info\/"],"url":"https:\/\/fjala.info\/2009-2015\/author\/admin\/"}]}},"_links":{"self":[{"href":"https:\/\/fjala.info\/2009-2015\/wp-json\/wp\/v2\/posts\/11076","targetHints":{"allow":["GET"]}}],"collection":[{"href":"https:\/\/fjala.info\/2009-2015\/wp-json\/wp\/v2\/posts"}],"about":[{"href":"https:\/\/fjala.info\/2009-2015\/wp-json\/wp\/v2\/types\/post"}],"author":[{"embeddable":true,"href":"https:\/\/fjala.info\/2009-2015\/wp-json\/wp\/v2\/users\/1"}],"replies":[{"embeddable":true,"href":"https:\/\/fjala.info\/2009-2015\/wp-json\/wp\/v2\/comments?post=11076"}],"version-history":[{"count":0,"href":"https:\/\/fjala.info\/2009-2015\/wp-json\/wp\/v2\/posts\/11076\/revisions"}],"wp:attachment":[{"href":"https:\/\/fjala.info\/2009-2015\/wp-json\/wp\/v2\/media?parent=11076"}],"wp:term":[{"taxonomy":"category","embeddable":true,"href":"https:\/\/fjala.info\/2009-2015\/wp-json\/wp\/v2\/categories?post=11076"},{"taxonomy":"post_tag","embeddable":true,"href":"https:\/\/fjala.info\/2009-2015\/wp-json\/wp\/v2\/tags?post=11076"}],"curies":[{"name":"wp","href":"https:\/\/api.w.org\/{rel}","templated":true}]}}