{"id":11072,"date":"2011-10-21T15:38:13","date_gmt":"2011-10-21T14:38:13","guid":{"rendered":"http:\/\/fjala.shkoder.net\/?p=11072"},"modified":"2011-10-21T15:38:13","modified_gmt":"2011-10-21T14:38:13","slug":"a-rrezohet-saliu-me-editoriale","status":"publish","type":"post","link":"https:\/\/fjala.info\/2009-2015\/a-rrezohet-saliu-me-editoriale\/","title":{"rendered":"A RR\u00cbZOHET SALIU ME EDITORIALE?"},"content":{"rendered":"<p><img decoding=\"async\" class=\"alignright size-thumbnail wp-image-7236\" title=\"Edi Rama\" src=\"http:\/\/www.shkoder.net\/images\/fjala\/2011\/edi_rama5.jpg\" alt=\"\" width=\"300\" \/>Nga <strong>EDI RAMA<\/strong><\/p>\n<p>Kam ndeshur her\u00ebpashere k\u00ebto koh\u00eb n\u00eb k\u00ebt\u00eb blog, po edhe n\u00eb komente q\u00eb m\u00eb kan\u00eb mb\u00ebrritur nga t\u00eb tjera tribuna, nj\u00eb shprehje t\u00eb habitshme: Nuk rr\u00ebzohet Saliu me editoriale! A thua se p\u00ebr q\u00ebllim t\u00eb editorialeve t\u00eb mia kam shpallur rr\u00ebzimin e Saliut (?) ose ende m\u00eb keq, a thua se ankuesit n\u00eb fjal\u00eb bezdisen nga fakti, q\u00eb u duhet t\u00eb lexojn\u00eb. Apo, nuk e di, mbase i bezdis edhe thjesht fakti, q\u00eb un\u00eb shkruaj p\u00ebr t\u00eb komunikuar drejtp\u00ebrdrejt me njer\u00ebzit.<\/p>\n<p>Q\u00eb komunikimi publik e jopublik mes njer\u00ebzve n\u00eb Shqip\u00ebri \u00ebsht\u00eb rr\u00ebnuar n\u00eb nj\u00eb far\u00eb feje ku zor t\u00eb gjesh drit\u00eb shprese p\u00ebr ta par\u00eb t\u00eb rim\u00ebk\u00ebmbur, kjo dihet. Dihet edhe q\u00eb n\u00eb pasqyrat mediatike ky komunikim i rr\u00ebnuar gjuh\u00ebsisht e botkuptimisht deformohet akoma m\u00eb zi nga interesa aspak t\u00eb fshehta t\u00eb lidhura me politik\u00ebn. Por po ashtu dihet se pa e rim\u00ebk\u00ebmbur komunikimin p\u00ebr t\u2019u kuptuar n\u00eb rradh\u00eb t\u00eb par\u00eb me nj\u00ebri-tjetrin se \u00e7far\u00eb mendojm\u00eb, jo domosdoshm\u00ebrisht p\u00ebr t\u00eb r\u00ebn\u00eb dakord, ne do ta kemi t\u00eb pamundur t\u00eb rim\u00ebk\u00ebmbim bashk\u00ebjetes\u00ebn e shkat\u00ebrruar shoq\u00ebrore.<\/p>\n<p>Editorialet e mia s\u2019kan\u00eb asnj\u00eb arsye m\u00eb shum\u00eb se sa komunikimin e drejtp\u00ebrdrejt\u00eb p\u00ebr \u00e7\u00ebshtje q\u00eb i gjykoj t\u00eb r\u00ebnd\u00ebsishme t\u00eb komunikoj me njer\u00ebzit, n\u00eb kushtet kur p\u00ebrndryshe komunikimi \u00ebsht\u00eb tejet i kusht\u00ebzuar e i cunguar nga pasqyra mediatike. Pse t\u00eb mos flasim p\u00ebr \u00e7\u00ebshtjet a t\u00eb debatojm\u00eb kund\u00ebrshtit\u00eb mbi q\u00ebndrime e ide t\u00eb shprehura n\u00eb k\u00ebto shkrime, po t\u00eb humbasim koh\u00eb kot me komente p\u00ebr faktin pse un\u00eb shkruaj editoriale? Editorialet nuk z\u00ebvend\u00ebsojn\u00eb asgj\u00eb tjet\u00ebr n\u00eb pun\u00ebn time, jan\u00eb thjesht n\u00eb vendin e tyre dhe synojn\u00eb vet\u00ebm kaq: Nj\u00eb komunikim m\u00eb t\u00eb shtjelluar se sa \u00e7\u2019lejojn\u00eb rrug\u00ebt e tjera me njer\u00ebzit e interesuar p\u00ebr pik\u00ebpamjet e mia.<\/p>\n","protected":false},"excerpt":{"rendered":"<p>Nga EDI RAMA Kam ndeshur her\u00ebpashere k\u00ebto koh\u00eb n\u00eb k\u00ebt\u00eb blog, po edhe n\u00eb komente q\u00eb m\u00eb kan\u00eb mb\u00ebrritur nga t\u00eb tjera tribuna, nj\u00eb shprehje t\u00eb habitshme: Nuk rr\u00ebzohet Saliu me editoriale! A thua se p\u00ebr q\u00ebllim t\u00eb editorialeve t\u00eb mia kam shpallur rr\u00ebzimin e Saliut (?) ose ende m\u00eb keq, a thua se ankuesit [&hellip;]<\/p>\n","protected":false},"author":1,"featured_media":0,"comment_status":"open","ping_status":"closed","sticky":false,"template":"","format":"standard","meta":{"footnotes":""},"categories":[2],"tags":[],"class_list":{"0":"post-11072","1":"post","2":"type-post","3":"status-publish","4":"format-standard","6":"category-artikuj"},"yoast_head":"<!-- This site is optimized with the Yoast SEO plugin v27.4 - https:\/\/yoast.com\/product\/yoast-seo-wordpress\/ -->\n<title>A RR\u00cbZOHET SALIU ME EDITORIALE? - FjALA e LIR\u00cb - Arkivi<\/title>\n<meta name=\"robots\" content=\"index, follow, max-snippet:-1, max-image-preview:large, max-video-preview:-1\" \/>\n<link rel=\"canonical\" href=\"https:\/\/fjala.info\/2009-2015\/a-rrezohet-saliu-me-editoriale\/\" \/>\n<meta property=\"og:locale\" content=\"sq_AL\" \/>\n<meta property=\"og:type\" content=\"article\" \/>\n<meta property=\"og:title\" content=\"A RR\u00cbZOHET SALIU ME EDITORIALE? - FjALA e LIR\u00cb - Arkivi\" \/>\n<meta property=\"og:description\" content=\"Nga EDI RAMA Kam ndeshur her\u00ebpashere k\u00ebto koh\u00eb n\u00eb k\u00ebt\u00eb blog, po edhe n\u00eb komente q\u00eb m\u00eb kan\u00eb mb\u00ebrritur nga t\u00eb tjera tribuna, nj\u00eb shprehje t\u00eb habitshme: Nuk rr\u00ebzohet Saliu me editoriale! A thua se p\u00ebr q\u00ebllim t\u00eb editorialeve t\u00eb mia kam shpallur rr\u00ebzimin e Saliut (?) ose ende m\u00eb keq, a thua se ankuesit [&hellip;]\" \/>\n<meta property=\"og:url\" content=\"https:\/\/fjala.info\/2009-2015\/a-rrezohet-saliu-me-editoriale\/\" \/>\n<meta property=\"og:site_name\" content=\"FjALA e LIR\u00cb - Arkivi\" \/>\n<meta property=\"article:published_time\" content=\"2011-10-21T14:38:13+00:00\" \/>\n<meta property=\"og:image\" content=\"http:\/\/www.shkoder.net\/images\/fjala\/2011\/edi_rama5.jpg\" \/>\n<meta name=\"author\" content=\"admin\" \/>\n<meta name=\"twitter:card\" content=\"summary_large_image\" \/>\n<meta name=\"twitter:label1\" content=\"Written by\" \/>\n\t<meta name=\"twitter:data1\" content=\"admin\" \/>\n\t<meta name=\"twitter:label2\" content=\"Est. reading time\" \/>\n\t<meta name=\"twitter:data2\" content=\"2 minutes\" \/>\n<script type=\"application\/ld+json\" class=\"yoast-schema-graph\">{\"@context\":\"https:\\\/\\\/schema.org\",\"@graph\":[{\"@type\":\"Article\",\"@id\":\"https:\\\/\\\/fjala.info\\\/2009-2015\\\/a-rrezohet-saliu-me-editoriale\\\/#article\",\"isPartOf\":{\"@id\":\"https:\\\/\\\/fjala.info\\\/2009-2015\\\/a-rrezohet-saliu-me-editoriale\\\/\"},\"author\":{\"name\":\"admin\",\"@id\":\"https:\\\/\\\/fjala.info\\\/2009-2015\\\/#\\\/schema\\\/person\\\/3aa1163ef05469c496fc94e77611ada2\"},\"headline\":\"A RR\u00cbZOHET SALIU ME EDITORIALE?\",\"datePublished\":\"2011-10-21T14:38:13+00:00\",\"mainEntityOfPage\":{\"@id\":\"https:\\\/\\\/fjala.info\\\/2009-2015\\\/a-rrezohet-saliu-me-editoriale\\\/\"},\"wordCount\":346,\"commentCount\":0,\"publisher\":{\"@id\":\"https:\\\/\\\/fjala.info\\\/2009-2015\\\/#organization\"},\"image\":{\"@id\":\"https:\\\/\\\/fjala.info\\\/2009-2015\\\/a-rrezohet-saliu-me-editoriale\\\/#primaryimage\"},\"thumbnailUrl\":\"http:\\\/\\\/www.shkoder.net\\\/images\\\/fjala\\\/2011\\\/edi_rama5.jpg\",\"articleSection\":[\"Artikuj\"],\"inLanguage\":\"sq-AL\",\"potentialAction\":[{\"@type\":\"CommentAction\",\"name\":\"Comment\",\"target\":[\"https:\\\/\\\/fjala.info\\\/2009-2015\\\/a-rrezohet-saliu-me-editoriale\\\/#respond\"]}]},{\"@type\":\"WebPage\",\"@id\":\"https:\\\/\\\/fjala.info\\\/2009-2015\\\/a-rrezohet-saliu-me-editoriale\\\/\",\"url\":\"https:\\\/\\\/fjala.info\\\/2009-2015\\\/a-rrezohet-saliu-me-editoriale\\\/\",\"name\":\"A RR\u00cbZOHET SALIU ME EDITORIALE? - FjALA e LIR\u00cb - Arkivi\",\"isPartOf\":{\"@id\":\"https:\\\/\\\/fjala.info\\\/2009-2015\\\/#website\"},\"primaryImageOfPage\":{\"@id\":\"https:\\\/\\\/fjala.info\\\/2009-2015\\\/a-rrezohet-saliu-me-editoriale\\\/#primaryimage\"},\"image\":{\"@id\":\"https:\\\/\\\/fjala.info\\\/2009-2015\\\/a-rrezohet-saliu-me-editoriale\\\/#primaryimage\"},\"thumbnailUrl\":\"http:\\\/\\\/www.shkoder.net\\\/images\\\/fjala\\\/2011\\\/edi_rama5.jpg\",\"datePublished\":\"2011-10-21T14:38:13+00:00\",\"breadcrumb\":{\"@id\":\"https:\\\/\\\/fjala.info\\\/2009-2015\\\/a-rrezohet-saliu-me-editoriale\\\/#breadcrumb\"},\"inLanguage\":\"sq-AL\",\"potentialAction\":[{\"@type\":\"ReadAction\",\"target\":[\"https:\\\/\\\/fjala.info\\\/2009-2015\\\/a-rrezohet-saliu-me-editoriale\\\/\"]}]},{\"@type\":\"ImageObject\",\"inLanguage\":\"sq-AL\",\"@id\":\"https:\\\/\\\/fjala.info\\\/2009-2015\\\/a-rrezohet-saliu-me-editoriale\\\/#primaryimage\",\"url\":\"http:\\\/\\\/www.shkoder.net\\\/images\\\/fjala\\\/2011\\\/edi_rama5.jpg\",\"contentUrl\":\"http:\\\/\\\/www.shkoder.net\\\/images\\\/fjala\\\/2011\\\/edi_rama5.jpg\"},{\"@type\":\"BreadcrumbList\",\"@id\":\"https:\\\/\\\/fjala.info\\\/2009-2015\\\/a-rrezohet-saliu-me-editoriale\\\/#breadcrumb\",\"itemListElement\":[{\"@type\":\"ListItem\",\"position\":1,\"name\":\"Home\",\"item\":\"https:\\\/\\\/fjala.info\\\/2009-2015\\\/\"},{\"@type\":\"ListItem\",\"position\":2,\"name\":\"A RR\u00cbZOHET SALIU ME EDITORIALE?\"}]},{\"@type\":\"WebSite\",\"@id\":\"https:\\\/\\\/fjala.info\\\/2009-2015\\\/#website\",\"url\":\"https:\\\/\\\/fjala.info\\\/2009-2015\\\/\",\"name\":\"FjALA e LIR\u00cb - Arkivi\",\"description\":\"Arkivi 2009-2015\",\"publisher\":{\"@id\":\"https:\\\/\\\/fjala.info\\\/2009-2015\\\/#organization\"},\"potentialAction\":[{\"@type\":\"SearchAction\",\"target\":{\"@type\":\"EntryPoint\",\"urlTemplate\":\"https:\\\/\\\/fjala.info\\\/2009-2015\\\/?s={search_term_string}\"},\"query-input\":{\"@type\":\"PropertyValueSpecification\",\"valueRequired\":true,\"valueName\":\"search_term_string\"}}],\"inLanguage\":\"sq-AL\"},{\"@type\":\"Organization\",\"@id\":\"https:\\\/\\\/fjala.info\\\/2009-2015\\\/#organization\",\"name\":\"FjALA e LIR\u00cb - Arkivi\",\"url\":\"https:\\\/\\\/fjala.info\\\/2009-2015\\\/\",\"logo\":{\"@type\":\"ImageObject\",\"inLanguage\":\"sq-AL\",\"@id\":\"https:\\\/\\\/fjala.info\\\/2009-2015\\\/#\\\/schema\\\/logo\\\/image\\\/\",\"url\":\"\",\"contentUrl\":\"\",\"caption\":\"FjALA e LIR\u00cb - Arkivi\"},\"image\":{\"@id\":\"https:\\\/\\\/fjala.info\\\/2009-2015\\\/#\\\/schema\\\/logo\\\/image\\\/\"}},{\"@type\":\"Person\",\"@id\":\"https:\\\/\\\/fjala.info\\\/2009-2015\\\/#\\\/schema\\\/person\\\/3aa1163ef05469c496fc94e77611ada2\",\"name\":\"admin\",\"image\":{\"@type\":\"ImageObject\",\"inLanguage\":\"sq-AL\",\"@id\":\"https:\\\/\\\/fjala.info\\\/2009-2015\\\/wp-content\\\/uploads\\\/2012\\\/02\\\/arben_cokaj-120x150.jpg\",\"url\":\"https:\\\/\\\/fjala.info\\\/2009-2015\\\/wp-content\\\/uploads\\\/2012\\\/02\\\/arben_cokaj-120x150.jpg\",\"contentUrl\":\"https:\\\/\\\/fjala.info\\\/2009-2015\\\/wp-content\\\/uploads\\\/2012\\\/02\\\/arben_cokaj-120x150.jpg\",\"caption\":\"admin\"},\"description\":\"Admin, Fjala e Lir\u00eb\",\"sameAs\":[\"https:\\\/\\\/fjala.info\\\/\"],\"url\":\"https:\\\/\\\/fjala.info\\\/2009-2015\\\/author\\\/admin\\\/\"}]}<\/script>\n<!-- \/ Yoast SEO plugin. -->","yoast_head_json":{"title":"A RR\u00cbZOHET SALIU ME EDITORIALE? - FjALA e LIR\u00cb - Arkivi","robots":{"index":"index","follow":"follow","max-snippet":"max-snippet:-1","max-image-preview":"max-image-preview:large","max-video-preview":"max-video-preview:-1"},"canonical":"https:\/\/fjala.info\/2009-2015\/a-rrezohet-saliu-me-editoriale\/","og_locale":"sq_AL","og_type":"article","og_title":"A RR\u00cbZOHET SALIU ME EDITORIALE? - FjALA e LIR\u00cb - Arkivi","og_description":"Nga EDI RAMA Kam ndeshur her\u00ebpashere k\u00ebto koh\u00eb n\u00eb k\u00ebt\u00eb blog, po edhe n\u00eb komente q\u00eb m\u00eb kan\u00eb mb\u00ebrritur nga t\u00eb tjera tribuna, nj\u00eb shprehje t\u00eb habitshme: Nuk rr\u00ebzohet Saliu me editoriale! A thua se p\u00ebr q\u00ebllim t\u00eb editorialeve t\u00eb mia kam shpallur rr\u00ebzimin e Saliut (?) ose ende m\u00eb keq, a thua se ankuesit [&hellip;]","og_url":"https:\/\/fjala.info\/2009-2015\/a-rrezohet-saliu-me-editoriale\/","og_site_name":"FjALA e LIR\u00cb - Arkivi","article_published_time":"2011-10-21T14:38:13+00:00","og_image":[{"url":"http:\/\/www.shkoder.net\/images\/fjala\/2011\/edi_rama5.jpg","type":"","width":"","height":""}],"author":"admin","twitter_card":"summary_large_image","twitter_misc":{"Written by":"admin","Est. reading time":"2 minutes"},"schema":{"@context":"https:\/\/schema.org","@graph":[{"@type":"Article","@id":"https:\/\/fjala.info\/2009-2015\/a-rrezohet-saliu-me-editoriale\/#article","isPartOf":{"@id":"https:\/\/fjala.info\/2009-2015\/a-rrezohet-saliu-me-editoriale\/"},"author":{"name":"admin","@id":"https:\/\/fjala.info\/2009-2015\/#\/schema\/person\/3aa1163ef05469c496fc94e77611ada2"},"headline":"A RR\u00cbZOHET SALIU ME EDITORIALE?","datePublished":"2011-10-21T14:38:13+00:00","mainEntityOfPage":{"@id":"https:\/\/fjala.info\/2009-2015\/a-rrezohet-saliu-me-editoriale\/"},"wordCount":346,"commentCount":0,"publisher":{"@id":"https:\/\/fjala.info\/2009-2015\/#organization"},"image":{"@id":"https:\/\/fjala.info\/2009-2015\/a-rrezohet-saliu-me-editoriale\/#primaryimage"},"thumbnailUrl":"http:\/\/www.shkoder.net\/images\/fjala\/2011\/edi_rama5.jpg","articleSection":["Artikuj"],"inLanguage":"sq-AL","potentialAction":[{"@type":"CommentAction","name":"Comment","target":["https:\/\/fjala.info\/2009-2015\/a-rrezohet-saliu-me-editoriale\/#respond"]}]},{"@type":"WebPage","@id":"https:\/\/fjala.info\/2009-2015\/a-rrezohet-saliu-me-editoriale\/","url":"https:\/\/fjala.info\/2009-2015\/a-rrezohet-saliu-me-editoriale\/","name":"A RR\u00cbZOHET SALIU ME EDITORIALE? - FjALA e LIR\u00cb - Arkivi","isPartOf":{"@id":"https:\/\/fjala.info\/2009-2015\/#website"},"primaryImageOfPage":{"@id":"https:\/\/fjala.info\/2009-2015\/a-rrezohet-saliu-me-editoriale\/#primaryimage"},"image":{"@id":"https:\/\/fjala.info\/2009-2015\/a-rrezohet-saliu-me-editoriale\/#primaryimage"},"thumbnailUrl":"http:\/\/www.shkoder.net\/images\/fjala\/2011\/edi_rama5.jpg","datePublished":"2011-10-21T14:38:13+00:00","breadcrumb":{"@id":"https:\/\/fjala.info\/2009-2015\/a-rrezohet-saliu-me-editoriale\/#breadcrumb"},"inLanguage":"sq-AL","potentialAction":[{"@type":"ReadAction","target":["https:\/\/fjala.info\/2009-2015\/a-rrezohet-saliu-me-editoriale\/"]}]},{"@type":"ImageObject","inLanguage":"sq-AL","@id":"https:\/\/fjala.info\/2009-2015\/a-rrezohet-saliu-me-editoriale\/#primaryimage","url":"http:\/\/www.shkoder.net\/images\/fjala\/2011\/edi_rama5.jpg","contentUrl":"http:\/\/www.shkoder.net\/images\/fjala\/2011\/edi_rama5.jpg"},{"@type":"BreadcrumbList","@id":"https:\/\/fjala.info\/2009-2015\/a-rrezohet-saliu-me-editoriale\/#breadcrumb","itemListElement":[{"@type":"ListItem","position":1,"name":"Home","item":"https:\/\/fjala.info\/2009-2015\/"},{"@type":"ListItem","position":2,"name":"A RR\u00cbZOHET SALIU ME EDITORIALE?"}]},{"@type":"WebSite","@id":"https:\/\/fjala.info\/2009-2015\/#website","url":"https:\/\/fjala.info\/2009-2015\/","name":"FjALA e LIR\u00cb - Arkivi","description":"Arkivi 2009-2015","publisher":{"@id":"https:\/\/fjala.info\/2009-2015\/#organization"},"potentialAction":[{"@type":"SearchAction","target":{"@type":"EntryPoint","urlTemplate":"https:\/\/fjala.info\/2009-2015\/?s={search_term_string}"},"query-input":{"@type":"PropertyValueSpecification","valueRequired":true,"valueName":"search_term_string"}}],"inLanguage":"sq-AL"},{"@type":"Organization","@id":"https:\/\/fjala.info\/2009-2015\/#organization","name":"FjALA e LIR\u00cb - Arkivi","url":"https:\/\/fjala.info\/2009-2015\/","logo":{"@type":"ImageObject","inLanguage":"sq-AL","@id":"https:\/\/fjala.info\/2009-2015\/#\/schema\/logo\/image\/","url":"","contentUrl":"","caption":"FjALA e LIR\u00cb - Arkivi"},"image":{"@id":"https:\/\/fjala.info\/2009-2015\/#\/schema\/logo\/image\/"}},{"@type":"Person","@id":"https:\/\/fjala.info\/2009-2015\/#\/schema\/person\/3aa1163ef05469c496fc94e77611ada2","name":"admin","image":{"@type":"ImageObject","inLanguage":"sq-AL","@id":"https:\/\/fjala.info\/2009-2015\/wp-content\/uploads\/2012\/02\/arben_cokaj-120x150.jpg","url":"https:\/\/fjala.info\/2009-2015\/wp-content\/uploads\/2012\/02\/arben_cokaj-120x150.jpg","contentUrl":"https:\/\/fjala.info\/2009-2015\/wp-content\/uploads\/2012\/02\/arben_cokaj-120x150.jpg","caption":"admin"},"description":"Admin, Fjala e Lir\u00eb","sameAs":["https:\/\/fjala.info\/"],"url":"https:\/\/fjala.info\/2009-2015\/author\/admin\/"}]}},"_links":{"self":[{"href":"https:\/\/fjala.info\/2009-2015\/wp-json\/wp\/v2\/posts\/11072","targetHints":{"allow":["GET"]}}],"collection":[{"href":"https:\/\/fjala.info\/2009-2015\/wp-json\/wp\/v2\/posts"}],"about":[{"href":"https:\/\/fjala.info\/2009-2015\/wp-json\/wp\/v2\/types\/post"}],"author":[{"embeddable":true,"href":"https:\/\/fjala.info\/2009-2015\/wp-json\/wp\/v2\/users\/1"}],"replies":[{"embeddable":true,"href":"https:\/\/fjala.info\/2009-2015\/wp-json\/wp\/v2\/comments?post=11072"}],"version-history":[{"count":0,"href":"https:\/\/fjala.info\/2009-2015\/wp-json\/wp\/v2\/posts\/11072\/revisions"}],"wp:attachment":[{"href":"https:\/\/fjala.info\/2009-2015\/wp-json\/wp\/v2\/media?parent=11072"}],"wp:term":[{"taxonomy":"category","embeddable":true,"href":"https:\/\/fjala.info\/2009-2015\/wp-json\/wp\/v2\/categories?post=11072"},{"taxonomy":"post_tag","embeddable":true,"href":"https:\/\/fjala.info\/2009-2015\/wp-json\/wp\/v2\/tags?post=11072"}],"curies":[{"name":"wp","href":"https:\/\/api.w.org\/{rel}","templated":true}]}}