{"id":11063,"date":"2011-10-19T21:47:04","date_gmt":"2011-10-19T20:47:04","guid":{"rendered":"http:\/\/fjala.shkoder.net\/?p=11063"},"modified":"2011-10-19T21:47:04","modified_gmt":"2011-10-19T20:47:04","slug":"faik-konica-diplomati-beqar-ne-uashington-dhe-historia-me-striptisten","status":"publish","type":"post","link":"https:\/\/fjala.info\/2009-2015\/faik-konica-diplomati-beqar-ne-uashington-dhe-historia-me-striptisten\/","title":{"rendered":"Faik Konica: Diplomati beqar n\u00eb Uashington dhe historia me striptisten"},"content":{"rendered":"<p><strong>OLIVERTA LILA<\/strong>, <em>28 korrik 2011<\/em><\/p>\n<p>I njohur p\u00ebr pen\u00ebn, p\u00ebr karakterin e tij rebel, Konica kishte edhe jet\u00ebn private. N\u00eb fakt, nuk u martua kurr\u00eb. E ruante me fanatiz\u00ebm jet\u00ebn personale, fliste pak p\u00ebr grat\u00eb, por nuk arriti t\u2019i shmanget t\u00ebr\u00ebsisht skandaleve t\u00eb faqeve t\u00eb gazetave. Ilir Ikonomi, gazetari i \u201cZ\u00ebrit t\u00eb Amerik\u00ebs\u201d sjell n\u00eb librin e tij, \u201cFaik Konica, jeta n\u00eb Uashington\u201d, botuar pak koh\u00eb m\u00eb par\u00eb nga \u201cOnufri\u201d, edhe detaje t\u00eb jet\u00ebs private t\u00eb k\u00ebtij personaliteti.<\/p>\n<p style=\"text-align: center;\"><img decoding=\"async\" class=\"aligncenter size-thumbnail wp-image-7236\" title=\"Konica me motrat e Zogut\" src=\"http:\/\/www.shkoder.net\/images\/fjala\/2011\/konica_motrat_zogut.jpg\" alt=\"\" width=\"450\" \/>\u00a0<em>Faik Konica n\u00eb New York me tri motrat e Mbretit Zog, Ruhije, Mexhide dhe Myzejen,<br \/>\n28 shkurt, 1938 (Marr\u00eb nga Gazeta Shqip)<\/em><\/p>\n<p>K\u00ebrkimi n\u00eb arkiva e b\u00ebri Ilir Ikonomin t\u00eb besonte se p\u00ebr Faik Konic\u00ebn ka shum\u00eb p\u00ebr t\u00eb th\u00ebn\u00eb. I njohur p\u00ebr pen\u00ebn, p\u00ebr karakterin e tij rebel, Konica kishte edhe jet\u00ebn private. N\u00eb fakt, nuk u martua kurr\u00eb. E ruante me fanatiz\u00ebm jet\u00ebn personale, fliste pak p\u00ebr grat\u00eb, por nuk arriti t\u2019i shmanget t\u00ebr\u00ebsisht skandaleve t\u00eb faqeve t\u00eb gazetave. N\u00eb nj\u00eb rast, ato e \u201ckap\u00ebn\u201d Faikun duke pir\u00eb \u00e7aj me nj\u00eb k\u00ebrcimtare t\u00eb famshme t\u00eb striptit, t\u00eb quajtur Ann Corio. U fol shum\u00eb p\u00ebr nj\u00eb martes\u00eb t\u00eb tij me 29-vje\u00e7aren q\u00eb u pasua me nj\u00eb reagim t\u00eb ashp\u00ebr t\u00eb Konic\u00ebs. Ikonomi, gazetari i \u201cZ\u00ebrit t\u00eb Amerik\u00ebs\u201d n\u00eb librin e botuar pak koh\u00eb m\u00eb par\u00eb, \u201cFaik Konica, jeta n\u00eb Uashington\u201d, botuar nga \u201cOnufri\u201d edhe detaje t\u00eb jet\u00ebs private t\u00eb k\u00ebtij personaliteti. Beqari Konica na shfaqet si nj\u00eb diplomat plot sqim\u00eb q\u00eb e kishte mjaft kujdes imazhin e tij n\u00eb shoq\u00ebrin\u00eb e lart\u00eb t\u00eb Uashingtonit. Ai dinte t\u00eb hante dhe t\u00eb vishej mir\u00eb, arg\u00ebtohej me kultur\u00eb, por e ruante me xhelozi privat\u00ebsin\u00eb e tij. N\u00eb nj\u00eb intervist\u00eb p\u00ebr \u201cShqip\u201d, Ikonomi na rr\u00ebfen se sa ka mundur t\u00eb dep\u00ebrtoj\u00eb n\u00eb jet\u00ebn private t\u00eb Faikut gjat\u00eb k\u00ebrkimeve p\u00ebr k\u00ebt\u00eb lib\u00ebr.<\/p>\n<p><strong>P\u00ebr her\u00eb t\u00eb par\u00eb ju sillni holl\u00ebsi t\u00eb shumta n\u00eb lib\u00ebr mbi jet\u00ebn personale t\u00eb Konic\u00ebs. Si do ta karakterizonit personazhin tuaj n\u00eb k\u00ebt\u00eb aspekt?<\/strong><br \/>\nFaik Konica kishte krijuar pa dyshim imazhin e nj\u00eb personazhi dinjitoz n\u00eb bot\u00ebn diplomatike t\u00eb Uashingtonit. Nj\u00eb gazet\u00eb e cil\u00ebson at\u00eb si \u201cdapper\u201d, si\u00e7 quhen n\u00eb Amerik\u00eb njer\u00ebzit p\u00ebr t\u00eb cil\u00ebt pamja e jashtme ka r\u00ebnd\u00ebsi t\u00eb dor\u00ebs s\u00eb par\u00eb. Nuk ua tregonte kurr\u00eb t\u00eb tjer\u00ebve mosh\u00ebn. E kishte mjaft kujdes dukjen, rrinte kurdoher\u00eb i hekurosur, me kostum e me borsalin\u00eb dhe k\u00ebmish\u00ebt i puthiteshin mir\u00eb. Pik\u00ebrisht ky njeri q\u00eb e kishte n\u00eb gjak polemik\u00ebn me pen\u00ebn q\u00eb shpesh i villte vrer, nuk e ngrinte kurr\u00eb z\u00ebrin n\u00eb shoq\u00ebri. T\u00eb folurit e tij ishte aq i but\u00eb dhe elegant, sa q\u00eb n\u00eb qarqet e diplomat\u00ebve ai njihej si \u201cministri xhentil i Shqip\u00ebris\u00eb\u201d. Nj\u00eb nga hobet e tij ishte gatimi.<\/p>\n<p>Njihte mir\u00eb ver\u00ebrat, por pohonte se nuk e kishte zakon t\u00eb pinte para mbr\u00ebmjes. Faiku ishte mjesht\u00ebr n\u00eb qerasjen e mikut dhe i \u00e7udiste mysafir\u00ebt kur u p\u00ebrgatiste kafen, t\u00eb cil\u00ebn e bluante vet\u00eb me mulli. Ishte nj\u00eb shijues i rrall\u00eb i muzik\u00ebs dhe i piktur\u00ebs dhe kishte nj\u00eb kujtes\u00eb t\u00eb jasht\u00ebzakonshme p\u00ebr veprat e artit dhe autor\u00ebt e tyre. Nga vitet e tij t\u00eb Uashingtonit kan\u00eb kaluar 7-8 dekada dhe zakonisht d\u00ebshmit\u00eb e jet\u00ebs personale nuk i rezistojn\u00eb dot nj\u00eb kohe kaq t\u00eb gjat\u00eb. P\u00ebr fat t\u00eb mir\u00eb, Konica ishte njeri mjaft i ditur, i njohur dhe interesant, prandaj nuk i shp\u00ebtonte syrit t\u00eb gazetar\u00ebve, t\u00eb cil\u00ebt her\u00eb pas here shkruanin p\u00ebr t\u00eb. Shumica e holl\u00ebsive mbi jet\u00ebn e tij personale i kam nxjerr\u00eb nga q\u00ebmtimi i gazetave t\u00eb koh\u00ebs.<\/p>\n<p style=\"text-align: center;\"><img decoding=\"async\" class=\"aligncenter size-thumbnail wp-image-7236\" title=\"Konica dhe striptizja\" src=\"http:\/\/www.shkoder.net\/images\/fjala\/2011\/konica_striptizja.jpg\" alt=\"\" width=\"450\" \/>\u00a0<em>Faik Konica dhe striptizja Ann Carlo<\/em><\/p>\n<p>Konica jetonte n\u00eb \u201cMayflower\u201d, hoteli m\u00eb i mir\u00eb i Uashingtonit. P\u00ebrse ai zgjodhi pik\u00ebrisht k\u00ebt\u00eb hotel?<br \/>\nKonica erdhi n\u00eb Uashington nga Bostoni n\u00eb korrik 1926, plot 85 vjet m\u00eb par\u00eb, dhe q\u00ebndroi aty deri sa vdiq, n\u00eb dhjetor 1942. N\u00eb pjes\u00ebn m\u00eb t\u00eb madhe t\u00eb k\u00ebsaj periudhe, pra p\u00ebr m\u00eb shum\u00eb se 13 vjet, ai banoi n\u00eb k\u00ebt\u00eb hotel t\u00eb famsh\u00ebm, q\u00eb ishte adresa e dyt\u00eb m\u00eb e njohur e kryeqytetit pas Sht\u00ebpis\u00eb s\u00eb Bardh\u00eb. Faiku e konsideronte veten nj\u00eb bej p\u00ebr nga rangu shoq\u00ebror dhe nuk mund t\u00eb jetonte n\u00eb nj\u00eb banes\u00eb dosido. Por, po t\u2019i besosh fjal\u00ebve t\u00eb tij, ai e zgjodhi k\u00ebt\u00eb hotel si banes\u00eb dhe nj\u00ebkoh\u00ebsisht si legat\u00eb, p\u00ebr ta p\u00ebrfaq\u00ebsuar sa m\u00eb denj\u00ebsisht Shqip\u00ebrin\u00eb, imazhi i s\u00eb cil\u00ebs jasht\u00eb ishte ai q\u00eb ishte, nj\u00eb vend i varf\u00ebr dhe i dob\u00ebt. Ministria e Jashtme e kishte t\u00eb v\u00ebshtir\u00eb t\u00eb p\u00ebrballonte nj\u00eb legat\u00eb kaq t\u00eb shtrenjt\u00eb dhe fondet p\u00ebr Faikun shpesh vononin. N\u00eb nj\u00eb let\u00ebr p\u00ebr Ministrin\u00eb e Jashtme n\u00eb Tiran\u00eb, Konica shkruan se p\u00ebrfaq\u00ebsuesi zyrtar i nj\u00eb vendi nuk duhet t\u00eb bjer\u00eb n\u00eb \u201cngushtica\u201d.<br \/>\n&#8216;<br \/>\n\u201cJam i vetmi minist\u00ebr n\u00eb Uashington pa automobil\u201d, &#8211; i ankohej ai n\u00eb nj\u00eb rast ministris\u00eb. Megjith\u00ebk\u00ebt\u00eb, shtonte, \u201cjam munduar dhe, besoj, kam arritur ta mbaj prestigjin e Shqip\u00ebris\u00eb\u201d. N\u00eb nj\u00eb rast tjet\u00ebr, kur ministria po i vononte fondet, Faiku i shkruante Tiran\u00ebs me tone imponuese: \u201cPyes vet\u00ebm, n\u00eb \u00e7\u2019m\u00ebnyr\u00eb do t\u2019u b\u00ebj\u00eb ball\u00eb harxheve legata? Konkluzioni logjik \u00ebsht\u00eb q\u00eb duhet suprimuar fare kjo legat\u00eb dhe s\u2019kam asnj\u00eb ankes\u00eb n\u00eb qoft\u00eb se suprimohet\u201d. Roli i Faikut si diplomat ishte kryesisht reklama q\u00eb ai i b\u00ebnte Shqip\u00ebris\u00eb p\u00ebrmes kontakteve q\u00eb mbante me bot\u00ebn e Uashingtonit dhe hoteli \u201cMayflower\u201d ishte vendi ideal p\u00ebr ta b\u00ebr\u00eb k\u00ebt\u00eb. Sa koh\u00eb ishte p\u00ebrfaq\u00ebsues i Zogut n\u00eb Uashington, Faiku nuk u largua kurr\u00eb nga ky hotel, me gjith\u00eb presionet q\u00eb i b\u00ebheshin her\u00eb pas here nga Tirana p\u00ebr t\u2019u zhvendosur n\u00eb nj\u00eb banes\u00eb m\u00eb t\u00eb lir\u00eb.<\/p>\n<p><strong>N\u00eb lib\u00ebr ju keni nj\u00eb kapitull m\u00eb vete p\u00ebr vizit\u00ebn e tri prej motrave t\u00eb Zogut n\u00eb Shtetet e Bashkuara t\u00eb Amerik\u00ebs n\u00eb mars 1938, vizit\u00eb p\u00ebr t\u00eb cil\u00ebn shtypi amerikan foli shum\u00eb. \u00c7far\u00eb cil\u00ebsish personale shfaqi Konica gjat\u00eb shoq\u00ebrimit t\u00eb tyre?<\/strong><br \/>\nMotrat e Mbretit Zog erdh\u00ebn n\u00eb Amerik\u00eb kur marr\u00ebdh\u00ebniet e Faikut me Zogun nuk duket t\u00eb ishin dhe aq t\u00eb mira. Megjithat\u00eb, ai i priti ato me dinjitet. Faiku ishte njeri q\u00eb kishte respekt t\u00eb sinqert\u00eb p\u00ebr grat\u00eb dhe e mbronte figur\u00ebn e gruas p\u00ebrball\u00eb fyerjes apo posht\u00ebrimit. Por n\u00eb disa raste e kalonte cakun. Dit\u00ebn q\u00eb motrat e mbretit arrit\u00ebn n\u00eb Nju Jork, kur gazetar\u00ebt amerikan\u00eb pyet\u00ebn n\u00ebse ato kishin ardhur n\u00eb Amerik\u00eb p\u00ebr t\u00eb k\u00ebrkuar burra, Faiku u nxeh dhe u tha: \u201cMendova se do t\u00eb b\u00ebnit pyetje dinjitoze\u201d. Kur nj\u00eb gazetar protestoi, ai ia ktheu: \u201cP\u00ebrse nuk rritesh edhe ca\u201d. Faiku u nervozua sidomos kur turmat e gazetar\u00ebve me fleshet n\u00eb duar \u201csulmuan\u201d princeshat q\u00eb sapo kishin arritur p\u00ebr nj\u00eb vizit\u00eb n\u00eb Uashington. Ai komentoi ashp\u00ebr p\u00ebr \u201cpaturp\u00ebsin\u00eb\u201d e gazetar\u00ebve, q\u00eb me dritat e tyre \u201cu prish\u00ebn syt\u00eb princeshave\u201d. N\u00eb Uashington, Faiku, gjithnj\u00eb n\u00eb stilin e tij grandioz, kishte rezervuar p\u00ebr motrat suit\u00ebn mbret\u00ebrore t\u00eb hotelit \u201cMayflower\u201d.<\/p>\n<p>Ai kishte porositur edhe nj\u00eb automobil luksoz p\u00ebr t\u2019i sh\u00ebtitur. Princeshat nuk e mor\u00ebn vesh kurr\u00eb se makina ishte marr\u00eb me qira, ato kujtonin se ajo ishte personale e Faikut. M\u00eb 13 mars, n\u00ebn shoq\u00ebrin\u00eb e tij, princeshat shkuan n\u00eb Kish\u00ebn e Sh\u00ebn Gjergjit n\u00eb Boston, ku mor\u00ebn bekimin e Fan Nolit, dikur armik i Zogut, duke i sjell\u00eb peshkopit t\u00eb falat e t\u00eb v\u00ebllait. Ishte merit\u00eb e personalitetit t\u00eb Faikut, q\u00eb n\u00eb Boston u realizua me sukses nj\u00eb sken\u00eb madh\u00ebshtore pajtimi mes armiqve t\u00eb dikursh\u00ebm, Nolit dhe Zogut. Edhe k\u00ebtu, Faiku na shfaqet si nj\u00eb xhent\u00eblmen i v\u00ebrtet\u00eb, i veshur mir\u00eb dhe me stil, n\u00eb kontroll t\u00eb plot\u00eb t\u00eb situat\u00ebs. Si \u201cz\u00ebdh\u00ebn\u00ebs\u201d i princeshave, ai komentoi rreth k\u00ebsaj ngjarjeje p\u00ebr agjencit\u00eb amerikane t\u00eb lajmeve dhe fjal\u00ebt e tij u shtyp\u00ebn n\u00eb disa gazeta.<\/p>\n<p>Kur flitet p\u00ebr Konic\u00ebn gjithnj\u00eb p\u00ebrmenden grat\u00eb. \u00c7far\u00eb faktesh dihen p\u00ebr marr\u00ebdh\u00ebniet e tij me grat\u00eb?<br \/>\nP\u00ebr k\u00ebt\u00eb tem\u00eb \u00ebsht\u00eb folur shpesh, por gj\u00ebra t\u00eb dokumentuara ka pak. Faiku erdhi n\u00eb Uashington kur sapo kishte hyr\u00eb n\u00eb t\u00eb pes\u00ebdhjetat. Normalisht, nj\u00eb beqar si ai, i ditur dhe me nj\u00eb em\u00ebr t\u00eb mir\u00eb n\u00eb qarqet diplomatike, nuk duhet ta kishte problem t\u00eb martohej. Nj\u00eb gazetare shkroi me entuziaz\u00ebm p\u00ebr ardhjen e tij n\u00eb Uashington, ku k\u00ebrkesa p\u00ebr beqar\u00eb t\u00eb till\u00eb, sipas saj, ishte e madhe. Por Faiku nuk u martua. M\u00eb von\u00eb, i pyetur nga gazetar\u00ebt se p\u00ebrse nuk martohej, Faiku jepte si arsye kryesore faktin q\u00eb ishte i dh\u00ebn\u00eb pas shkrimeve dhe leximeve, duke l\u00ebn\u00eb t\u00eb kuptohet se nj\u00eb grua nuk do t\u00eb mund ta duronte dot nj\u00eb burr\u00eb t\u00eb till\u00eb.<\/p>\n<p>Gazetat e Uashingtonit nuk rrinin pa komentuar p\u00ebr beqarin\u00eb e Konic\u00ebs. Dhe, n\u00eb nj\u00eb rast ato e \u201ckap\u00ebn\u201d Faikun duke pir\u00eb \u00e7aj me nj\u00eb k\u00ebrcimtare t\u00eb famshme t\u00eb striptit, t\u00eb quajtur Ann Corio. Sipas thashethemeve q\u00eb botonin gazetat, artistes i vardiseshin edhe diplomat\u00eb t\u00eb tjer\u00eb, por disa gazetar\u00eb shkruan se Faiku kishte nd\u00ebrmend t\u00eb martohej me 29-vje\u00e7aren Corio. K\u00ebshtu, ai i d\u00ebrgoi shtypit nj\u00eb deklarat\u00eb q\u00eb do t\u00eb mbahej mend p\u00ebr shum\u00eb vite. Me stilin tij ther\u00ebs prej Faiku, ai shkruante se, e arg\u00ebtonte cekt\u00ebsia e k\u00ebtyre gazetar\u00ebve, se Ann Corio ishte \u201cshum\u00eb e martuar\u201d dhe se ligji shqiptar ua ndalonte diplomat\u00ebve t\u00eb vet t\u00eb martoheshin me shtetase t\u00eb huaja.<\/p>\n<p>Gazetat e \u201ckap\u00ebn\u201d Faikun duke pir\u00eb \u00e7aj me nj\u00eb k\u00ebrcimtare t\u00eb famshme t\u00eb striptit, t\u00eb quajtur Ann Corio. Sipas thashethemeve q\u00eb botonin gazetat, artistes i vardiseshin edhe diplomat\u00eb t\u00eb tjer\u00eb, por disa gazetar\u00eb shkruan se Faiku kishte nd\u00ebrmend t\u00eb martohej me 29-vje\u00e7aren Corio. K\u00ebshtu, ai i d\u00ebrgoi shtypit nj\u00eb deklarat\u00eb q\u00eb do t\u00eb mbahej mend p\u00ebr shum\u00eb vite. Me stilin tij ther\u00ebs &#8220;prej Faiku&#8221;, ai shkruante se, e arg\u00ebtonte cekt\u00ebsia e k\u00ebtyre gazetar\u00ebve, se Ann Corio ishte \u201cshum\u00eb e martuar\u201d dhe se ligji shqiptar ua ndalonte diplomat\u00ebve t\u00eb vet t\u00eb martoheshin me shtetase t\u00eb huaja.<\/p>\n<p><strong>A dihet gj\u00eb rreth vler\u00ebsimit t\u00eb Konic\u00ebs p\u00ebr grat\u00eb n\u00eb p\u00ebrgjith\u00ebsi?<\/strong><br \/>\nFare pak. Kur arriti n\u00eb Uashington, Faiku u tha gazetar\u00ebve se Amerika ka nj\u00eb p\u00ebrqindje m\u00eb t\u00eb madhe grash t\u00eb bukura se n\u00eb cilindo qytet t\u00eb bot\u00ebs, me p\u00ebrjashtim t\u00eb Vjen\u00ebs. Sipas gazetares Mabelle Jennings, q\u00eb e intervistoi n\u00eb vitin 1934, p\u00ebr Faikun, pamja e jashtme e femr\u00ebs duhet t\u00eb vij\u00eb pas personalitetit t\u00eb saj. Ai vler\u00ebsonte tek ato inteligjenc\u00ebn dhe rrinte larg grave me temperament tep\u00ebr t\u00eb gjall\u00eb e q\u00eb flisnin shum\u00eb. Thoshte se i p\u00eblqente thjesht\u00ebsia e grave amerikane, por me kusht q\u00eb ato t\u00eb mos mbanin taka t\u00eb larta.<\/p>\n<p><strong>Me sa kuptojm\u00eb, Konica nuk fliste shum\u00eb p\u00ebr jet\u00ebn e tij personale. P\u00ebrse i ruhej ai kaq shum\u00eb k\u00ebsaj teme?<\/strong><br \/>\nKam p\u00ebrshtypjen se Faiku ishte nj\u00eb person mjaft privat. Ai nuk e mohonte se kishte nj\u00eb natyr\u00eb t\u00eb rezervuar, pavar\u00ebsisht se ishte mjaft elokuent dhe i palodhur kur fliste p\u00ebrpara audiencave. Mendoj se ai e shihte me p\u00ebrgjegjshm\u00ebri statusin e tij si p\u00ebrfaq\u00ebsues i Shqip\u00ebris\u00eb n\u00eb Uashington, p\u00ebr m\u00eb tep\u00ebr si udh\u00ebheq\u00ebs i shqiptar\u00ebve t\u00eb Amerik\u00ebs, prandaj ishte i kujdessh\u00ebm n\u00eb ruajtjen e imazhit t\u00eb vet. K\u00ebshtu shpjegohet zem\u00ebrimi i tij n\u00eb fillim t\u00eb vitit 1931, kur gazeta amerikane \u2018Boston Post\u2019 botoi nj\u00eb shkrim q\u00eb p\u00ebrshkruante nj\u00eb ziafet t\u00eb zhurmsh\u00ebm n\u00eb legat\u00ebn shqiptare, pas t\u00eb cilit, sipas gazet\u00ebs, Faiku ishte gjetur i dehur. Artikulli u p\u00ebrkthye nga kund\u00ebrshtar\u00ebt e Konic\u00ebs dhe u ribotua n\u00eb gazet\u00ebn e Nolit, \u2018Republika\u2019 n\u00ebn titullin: \u201cNjeriu i nat\u00ebs dhe i turpit\u201d. Zem\u00ebrimi i Faikut ishte aq i madh, saq\u00eb ai shkoi n\u00eb Departamentin e Shtetit dhe u k\u00ebrkoi zyrtar\u00ebve q\u00eb ta ndalonin Nolin t\u00eb hynte n\u00eb Shtetet e Bashkuara, duke e akuzuar si komunist. Faiku nuk mund t\u00eb lejonte kurrsesi t\u00eb n\u00ebp\u00ebrk\u00ebmbej nga njer\u00ebz q\u00eb p\u00ebrpiqeshin ta diskreditonin n\u00eb jet\u00ebn e tij personale.<\/p>\n<p>(<em>Gazeta SHQIP, 27 korrik, 2011<\/em>)<\/p>\n","protected":false},"excerpt":{"rendered":"<p>OLIVERTA LILA, 28 korrik 2011 I njohur p\u00ebr pen\u00ebn, p\u00ebr karakterin e tij rebel, Konica kishte edhe jet\u00ebn private. N\u00eb fakt, nuk u martua kurr\u00eb. E ruante me fanatiz\u00ebm jet\u00ebn personale, fliste pak p\u00ebr grat\u00eb, por nuk arriti t\u2019i shmanget t\u00ebr\u00ebsisht skandaleve t\u00eb faqeve t\u00eb gazetave. Ilir Ikonomi, gazetari i \u201cZ\u00ebrit t\u00eb Amerik\u00ebs\u201d sjell n\u00eb [&hellip;]<\/p>\n","protected":false},"author":1,"featured_media":0,"comment_status":"open","ping_status":"closed","sticky":false,"template":"","format":"standard","meta":{"footnotes":""},"categories":[2,4],"tags":[],"class_list":{"0":"post-11063","1":"post","2":"type-post","3":"status-publish","4":"format-standard","6":"category-artikuj","7":"category-intervista"},"yoast_head":"<!-- This site is optimized with the Yoast SEO plugin v27.4 - https:\/\/yoast.com\/product\/yoast-seo-wordpress\/ -->\n<title>Faik Konica: Diplomati beqar n\u00eb Uashington dhe historia me striptisten - FjALA e LIR\u00cb - Arkivi<\/title>\n<meta name=\"robots\" content=\"index, follow, max-snippet:-1, max-image-preview:large, max-video-preview:-1\" \/>\n<link rel=\"canonical\" href=\"https:\/\/fjala.info\/2009-2015\/faik-konica-diplomati-beqar-ne-uashington-dhe-historia-me-striptisten\/\" \/>\n<meta property=\"og:locale\" content=\"sq_AL\" \/>\n<meta property=\"og:type\" content=\"article\" \/>\n<meta property=\"og:title\" content=\"Faik Konica: Diplomati beqar n\u00eb Uashington dhe historia me striptisten - FjALA e LIR\u00cb - Arkivi\" \/>\n<meta property=\"og:description\" content=\"OLIVERTA LILA, 28 korrik 2011 I njohur p\u00ebr pen\u00ebn, p\u00ebr karakterin e tij rebel, Konica kishte edhe jet\u00ebn private. N\u00eb fakt, nuk u martua kurr\u00eb. E ruante me fanatiz\u00ebm jet\u00ebn personale, fliste pak p\u00ebr grat\u00eb, por nuk arriti t\u2019i shmanget t\u00ebr\u00ebsisht skandaleve t\u00eb faqeve t\u00eb gazetave. Ilir Ikonomi, gazetari i \u201cZ\u00ebrit t\u00eb Amerik\u00ebs\u201d sjell n\u00eb [&hellip;]\" \/>\n<meta property=\"og:url\" content=\"https:\/\/fjala.info\/2009-2015\/faik-konica-diplomati-beqar-ne-uashington-dhe-historia-me-striptisten\/\" \/>\n<meta property=\"og:site_name\" content=\"FjALA e LIR\u00cb - Arkivi\" \/>\n<meta property=\"article:published_time\" content=\"2011-10-19T20:47:04+00:00\" \/>\n<meta property=\"og:image\" content=\"http:\/\/www.shkoder.net\/images\/fjala\/2011\/konica_motrat_zogut.jpg\" \/>\n<meta name=\"author\" content=\"admin\" \/>\n<meta name=\"twitter:card\" content=\"summary_large_image\" \/>\n<meta name=\"twitter:label1\" content=\"Written by\" \/>\n\t<meta name=\"twitter:data1\" content=\"admin\" \/>\n\t<meta name=\"twitter:label2\" content=\"Est. reading time\" \/>\n\t<meta name=\"twitter:data2\" content=\"11 minutes\" \/>\n<script type=\"application\/ld+json\" class=\"yoast-schema-graph\">{\"@context\":\"https:\\\/\\\/schema.org\",\"@graph\":[{\"@type\":\"Article\",\"@id\":\"https:\\\/\\\/fjala.info\\\/2009-2015\\\/faik-konica-diplomati-beqar-ne-uashington-dhe-historia-me-striptisten\\\/#article\",\"isPartOf\":{\"@id\":\"https:\\\/\\\/fjala.info\\\/2009-2015\\\/faik-konica-diplomati-beqar-ne-uashington-dhe-historia-me-striptisten\\\/\"},\"author\":{\"name\":\"admin\",\"@id\":\"https:\\\/\\\/fjala.info\\\/2009-2015\\\/#\\\/schema\\\/person\\\/3aa1163ef05469c496fc94e77611ada2\"},\"headline\":\"Faik Konica: Diplomati beqar n\u00eb Uashington dhe historia me striptisten\",\"datePublished\":\"2011-10-19T20:47:04+00:00\",\"mainEntityOfPage\":{\"@id\":\"https:\\\/\\\/fjala.info\\\/2009-2015\\\/faik-konica-diplomati-beqar-ne-uashington-dhe-historia-me-striptisten\\\/\"},\"wordCount\":2184,\"commentCount\":0,\"publisher\":{\"@id\":\"https:\\\/\\\/fjala.info\\\/2009-2015\\\/#organization\"},\"image\":{\"@id\":\"https:\\\/\\\/fjala.info\\\/2009-2015\\\/faik-konica-diplomati-beqar-ne-uashington-dhe-historia-me-striptisten\\\/#primaryimage\"},\"thumbnailUrl\":\"http:\\\/\\\/www.shkoder.net\\\/images\\\/fjala\\\/2011\\\/konica_motrat_zogut.jpg\",\"articleSection\":[\"Artikuj\",\"Intervista\"],\"inLanguage\":\"sq-AL\",\"potentialAction\":[{\"@type\":\"CommentAction\",\"name\":\"Comment\",\"target\":[\"https:\\\/\\\/fjala.info\\\/2009-2015\\\/faik-konica-diplomati-beqar-ne-uashington-dhe-historia-me-striptisten\\\/#respond\"]}]},{\"@type\":\"WebPage\",\"@id\":\"https:\\\/\\\/fjala.info\\\/2009-2015\\\/faik-konica-diplomati-beqar-ne-uashington-dhe-historia-me-striptisten\\\/\",\"url\":\"https:\\\/\\\/fjala.info\\\/2009-2015\\\/faik-konica-diplomati-beqar-ne-uashington-dhe-historia-me-striptisten\\\/\",\"name\":\"Faik Konica: Diplomati beqar n\u00eb Uashington dhe historia me striptisten - FjALA e LIR\u00cb - Arkivi\",\"isPartOf\":{\"@id\":\"https:\\\/\\\/fjala.info\\\/2009-2015\\\/#website\"},\"primaryImageOfPage\":{\"@id\":\"https:\\\/\\\/fjala.info\\\/2009-2015\\\/faik-konica-diplomati-beqar-ne-uashington-dhe-historia-me-striptisten\\\/#primaryimage\"},\"image\":{\"@id\":\"https:\\\/\\\/fjala.info\\\/2009-2015\\\/faik-konica-diplomati-beqar-ne-uashington-dhe-historia-me-striptisten\\\/#primaryimage\"},\"thumbnailUrl\":\"http:\\\/\\\/www.shkoder.net\\\/images\\\/fjala\\\/2011\\\/konica_motrat_zogut.jpg\",\"datePublished\":\"2011-10-19T20:47:04+00:00\",\"breadcrumb\":{\"@id\":\"https:\\\/\\\/fjala.info\\\/2009-2015\\\/faik-konica-diplomati-beqar-ne-uashington-dhe-historia-me-striptisten\\\/#breadcrumb\"},\"inLanguage\":\"sq-AL\",\"potentialAction\":[{\"@type\":\"ReadAction\",\"target\":[\"https:\\\/\\\/fjala.info\\\/2009-2015\\\/faik-konica-diplomati-beqar-ne-uashington-dhe-historia-me-striptisten\\\/\"]}]},{\"@type\":\"ImageObject\",\"inLanguage\":\"sq-AL\",\"@id\":\"https:\\\/\\\/fjala.info\\\/2009-2015\\\/faik-konica-diplomati-beqar-ne-uashington-dhe-historia-me-striptisten\\\/#primaryimage\",\"url\":\"http:\\\/\\\/www.shkoder.net\\\/images\\\/fjala\\\/2011\\\/konica_motrat_zogut.jpg\",\"contentUrl\":\"http:\\\/\\\/www.shkoder.net\\\/images\\\/fjala\\\/2011\\\/konica_motrat_zogut.jpg\"},{\"@type\":\"BreadcrumbList\",\"@id\":\"https:\\\/\\\/fjala.info\\\/2009-2015\\\/faik-konica-diplomati-beqar-ne-uashington-dhe-historia-me-striptisten\\\/#breadcrumb\",\"itemListElement\":[{\"@type\":\"ListItem\",\"position\":1,\"name\":\"Home\",\"item\":\"https:\\\/\\\/fjala.info\\\/2009-2015\\\/\"},{\"@type\":\"ListItem\",\"position\":2,\"name\":\"Faik Konica: Diplomati beqar n\u00eb Uashington dhe historia me striptisten\"}]},{\"@type\":\"WebSite\",\"@id\":\"https:\\\/\\\/fjala.info\\\/2009-2015\\\/#website\",\"url\":\"https:\\\/\\\/fjala.info\\\/2009-2015\\\/\",\"name\":\"FjALA e LIR\u00cb - Arkivi\",\"description\":\"Arkivi 2009-2015\",\"publisher\":{\"@id\":\"https:\\\/\\\/fjala.info\\\/2009-2015\\\/#organization\"},\"potentialAction\":[{\"@type\":\"SearchAction\",\"target\":{\"@type\":\"EntryPoint\",\"urlTemplate\":\"https:\\\/\\\/fjala.info\\\/2009-2015\\\/?s={search_term_string}\"},\"query-input\":{\"@type\":\"PropertyValueSpecification\",\"valueRequired\":true,\"valueName\":\"search_term_string\"}}],\"inLanguage\":\"sq-AL\"},{\"@type\":\"Organization\",\"@id\":\"https:\\\/\\\/fjala.info\\\/2009-2015\\\/#organization\",\"name\":\"FjALA e LIR\u00cb - Arkivi\",\"url\":\"https:\\\/\\\/fjala.info\\\/2009-2015\\\/\",\"logo\":{\"@type\":\"ImageObject\",\"inLanguage\":\"sq-AL\",\"@id\":\"https:\\\/\\\/fjala.info\\\/2009-2015\\\/#\\\/schema\\\/logo\\\/image\\\/\",\"url\":\"\",\"contentUrl\":\"\",\"caption\":\"FjALA e LIR\u00cb - Arkivi\"},\"image\":{\"@id\":\"https:\\\/\\\/fjala.info\\\/2009-2015\\\/#\\\/schema\\\/logo\\\/image\\\/\"}},{\"@type\":\"Person\",\"@id\":\"https:\\\/\\\/fjala.info\\\/2009-2015\\\/#\\\/schema\\\/person\\\/3aa1163ef05469c496fc94e77611ada2\",\"name\":\"admin\",\"image\":{\"@type\":\"ImageObject\",\"inLanguage\":\"sq-AL\",\"@id\":\"https:\\\/\\\/fjala.info\\\/2009-2015\\\/wp-content\\\/uploads\\\/2012\\\/02\\\/arben_cokaj-120x150.jpg\",\"url\":\"https:\\\/\\\/fjala.info\\\/2009-2015\\\/wp-content\\\/uploads\\\/2012\\\/02\\\/arben_cokaj-120x150.jpg\",\"contentUrl\":\"https:\\\/\\\/fjala.info\\\/2009-2015\\\/wp-content\\\/uploads\\\/2012\\\/02\\\/arben_cokaj-120x150.jpg\",\"caption\":\"admin\"},\"description\":\"Admin, Fjala e Lir\u00eb\",\"sameAs\":[\"https:\\\/\\\/fjala.info\\\/\"],\"url\":\"https:\\\/\\\/fjala.info\\\/2009-2015\\\/author\\\/admin\\\/\"}]}<\/script>\n<!-- \/ Yoast SEO plugin. -->","yoast_head_json":{"title":"Faik Konica: Diplomati beqar n\u00eb Uashington dhe historia me striptisten - FjALA e LIR\u00cb - Arkivi","robots":{"index":"index","follow":"follow","max-snippet":"max-snippet:-1","max-image-preview":"max-image-preview:large","max-video-preview":"max-video-preview:-1"},"canonical":"https:\/\/fjala.info\/2009-2015\/faik-konica-diplomati-beqar-ne-uashington-dhe-historia-me-striptisten\/","og_locale":"sq_AL","og_type":"article","og_title":"Faik Konica: Diplomati beqar n\u00eb Uashington dhe historia me striptisten - FjALA e LIR\u00cb - Arkivi","og_description":"OLIVERTA LILA, 28 korrik 2011 I njohur p\u00ebr pen\u00ebn, p\u00ebr karakterin e tij rebel, Konica kishte edhe jet\u00ebn private. N\u00eb fakt, nuk u martua kurr\u00eb. E ruante me fanatiz\u00ebm jet\u00ebn personale, fliste pak p\u00ebr grat\u00eb, por nuk arriti t\u2019i shmanget t\u00ebr\u00ebsisht skandaleve t\u00eb faqeve t\u00eb gazetave. Ilir Ikonomi, gazetari i \u201cZ\u00ebrit t\u00eb Amerik\u00ebs\u201d sjell n\u00eb [&hellip;]","og_url":"https:\/\/fjala.info\/2009-2015\/faik-konica-diplomati-beqar-ne-uashington-dhe-historia-me-striptisten\/","og_site_name":"FjALA e LIR\u00cb - Arkivi","article_published_time":"2011-10-19T20:47:04+00:00","og_image":[{"url":"http:\/\/www.shkoder.net\/images\/fjala\/2011\/konica_motrat_zogut.jpg","type":"","width":"","height":""}],"author":"admin","twitter_card":"summary_large_image","twitter_misc":{"Written by":"admin","Est. reading time":"11 minutes"},"schema":{"@context":"https:\/\/schema.org","@graph":[{"@type":"Article","@id":"https:\/\/fjala.info\/2009-2015\/faik-konica-diplomati-beqar-ne-uashington-dhe-historia-me-striptisten\/#article","isPartOf":{"@id":"https:\/\/fjala.info\/2009-2015\/faik-konica-diplomati-beqar-ne-uashington-dhe-historia-me-striptisten\/"},"author":{"name":"admin","@id":"https:\/\/fjala.info\/2009-2015\/#\/schema\/person\/3aa1163ef05469c496fc94e77611ada2"},"headline":"Faik Konica: Diplomati beqar n\u00eb Uashington dhe historia me striptisten","datePublished":"2011-10-19T20:47:04+00:00","mainEntityOfPage":{"@id":"https:\/\/fjala.info\/2009-2015\/faik-konica-diplomati-beqar-ne-uashington-dhe-historia-me-striptisten\/"},"wordCount":2184,"commentCount":0,"publisher":{"@id":"https:\/\/fjala.info\/2009-2015\/#organization"},"image":{"@id":"https:\/\/fjala.info\/2009-2015\/faik-konica-diplomati-beqar-ne-uashington-dhe-historia-me-striptisten\/#primaryimage"},"thumbnailUrl":"http:\/\/www.shkoder.net\/images\/fjala\/2011\/konica_motrat_zogut.jpg","articleSection":["Artikuj","Intervista"],"inLanguage":"sq-AL","potentialAction":[{"@type":"CommentAction","name":"Comment","target":["https:\/\/fjala.info\/2009-2015\/faik-konica-diplomati-beqar-ne-uashington-dhe-historia-me-striptisten\/#respond"]}]},{"@type":"WebPage","@id":"https:\/\/fjala.info\/2009-2015\/faik-konica-diplomati-beqar-ne-uashington-dhe-historia-me-striptisten\/","url":"https:\/\/fjala.info\/2009-2015\/faik-konica-diplomati-beqar-ne-uashington-dhe-historia-me-striptisten\/","name":"Faik Konica: Diplomati beqar n\u00eb Uashington dhe historia me striptisten - FjALA e LIR\u00cb - Arkivi","isPartOf":{"@id":"https:\/\/fjala.info\/2009-2015\/#website"},"primaryImageOfPage":{"@id":"https:\/\/fjala.info\/2009-2015\/faik-konica-diplomati-beqar-ne-uashington-dhe-historia-me-striptisten\/#primaryimage"},"image":{"@id":"https:\/\/fjala.info\/2009-2015\/faik-konica-diplomati-beqar-ne-uashington-dhe-historia-me-striptisten\/#primaryimage"},"thumbnailUrl":"http:\/\/www.shkoder.net\/images\/fjala\/2011\/konica_motrat_zogut.jpg","datePublished":"2011-10-19T20:47:04+00:00","breadcrumb":{"@id":"https:\/\/fjala.info\/2009-2015\/faik-konica-diplomati-beqar-ne-uashington-dhe-historia-me-striptisten\/#breadcrumb"},"inLanguage":"sq-AL","potentialAction":[{"@type":"ReadAction","target":["https:\/\/fjala.info\/2009-2015\/faik-konica-diplomati-beqar-ne-uashington-dhe-historia-me-striptisten\/"]}]},{"@type":"ImageObject","inLanguage":"sq-AL","@id":"https:\/\/fjala.info\/2009-2015\/faik-konica-diplomati-beqar-ne-uashington-dhe-historia-me-striptisten\/#primaryimage","url":"http:\/\/www.shkoder.net\/images\/fjala\/2011\/konica_motrat_zogut.jpg","contentUrl":"http:\/\/www.shkoder.net\/images\/fjala\/2011\/konica_motrat_zogut.jpg"},{"@type":"BreadcrumbList","@id":"https:\/\/fjala.info\/2009-2015\/faik-konica-diplomati-beqar-ne-uashington-dhe-historia-me-striptisten\/#breadcrumb","itemListElement":[{"@type":"ListItem","position":1,"name":"Home","item":"https:\/\/fjala.info\/2009-2015\/"},{"@type":"ListItem","position":2,"name":"Faik Konica: Diplomati beqar n\u00eb Uashington dhe historia me striptisten"}]},{"@type":"WebSite","@id":"https:\/\/fjala.info\/2009-2015\/#website","url":"https:\/\/fjala.info\/2009-2015\/","name":"FjALA e LIR\u00cb - Arkivi","description":"Arkivi 2009-2015","publisher":{"@id":"https:\/\/fjala.info\/2009-2015\/#organization"},"potentialAction":[{"@type":"SearchAction","target":{"@type":"EntryPoint","urlTemplate":"https:\/\/fjala.info\/2009-2015\/?s={search_term_string}"},"query-input":{"@type":"PropertyValueSpecification","valueRequired":true,"valueName":"search_term_string"}}],"inLanguage":"sq-AL"},{"@type":"Organization","@id":"https:\/\/fjala.info\/2009-2015\/#organization","name":"FjALA e LIR\u00cb - Arkivi","url":"https:\/\/fjala.info\/2009-2015\/","logo":{"@type":"ImageObject","inLanguage":"sq-AL","@id":"https:\/\/fjala.info\/2009-2015\/#\/schema\/logo\/image\/","url":"","contentUrl":"","caption":"FjALA e LIR\u00cb - Arkivi"},"image":{"@id":"https:\/\/fjala.info\/2009-2015\/#\/schema\/logo\/image\/"}},{"@type":"Person","@id":"https:\/\/fjala.info\/2009-2015\/#\/schema\/person\/3aa1163ef05469c496fc94e77611ada2","name":"admin","image":{"@type":"ImageObject","inLanguage":"sq-AL","@id":"https:\/\/fjala.info\/2009-2015\/wp-content\/uploads\/2012\/02\/arben_cokaj-120x150.jpg","url":"https:\/\/fjala.info\/2009-2015\/wp-content\/uploads\/2012\/02\/arben_cokaj-120x150.jpg","contentUrl":"https:\/\/fjala.info\/2009-2015\/wp-content\/uploads\/2012\/02\/arben_cokaj-120x150.jpg","caption":"admin"},"description":"Admin, Fjala e Lir\u00eb","sameAs":["https:\/\/fjala.info\/"],"url":"https:\/\/fjala.info\/2009-2015\/author\/admin\/"}]}},"_links":{"self":[{"href":"https:\/\/fjala.info\/2009-2015\/wp-json\/wp\/v2\/posts\/11063","targetHints":{"allow":["GET"]}}],"collection":[{"href":"https:\/\/fjala.info\/2009-2015\/wp-json\/wp\/v2\/posts"}],"about":[{"href":"https:\/\/fjala.info\/2009-2015\/wp-json\/wp\/v2\/types\/post"}],"author":[{"embeddable":true,"href":"https:\/\/fjala.info\/2009-2015\/wp-json\/wp\/v2\/users\/1"}],"replies":[{"embeddable":true,"href":"https:\/\/fjala.info\/2009-2015\/wp-json\/wp\/v2\/comments?post=11063"}],"version-history":[{"count":0,"href":"https:\/\/fjala.info\/2009-2015\/wp-json\/wp\/v2\/posts\/11063\/revisions"}],"wp:attachment":[{"href":"https:\/\/fjala.info\/2009-2015\/wp-json\/wp\/v2\/media?parent=11063"}],"wp:term":[{"taxonomy":"category","embeddable":true,"href":"https:\/\/fjala.info\/2009-2015\/wp-json\/wp\/v2\/categories?post=11063"},{"taxonomy":"post_tag","embeddable":true,"href":"https:\/\/fjala.info\/2009-2015\/wp-json\/wp\/v2\/tags?post=11063"}],"curies":[{"name":"wp","href":"https:\/\/api.w.org\/{rel}","templated":true}]}}