{"id":11059,"date":"2011-10-19T21:29:00","date_gmt":"2011-10-19T20:29:00","guid":{"rendered":"http:\/\/fjala.shkoder.net\/?p=11059"},"modified":"2011-10-19T21:29:00","modified_gmt":"2011-10-19T20:29:00","slug":"themelimi-i-kolegjit-saverian-ne-shkoder-me-1877","status":"publish","type":"post","link":"https:\/\/fjala.info\/2009-2015\/themelimi-i-kolegjit-saverian-ne-shkoder-me-1877\/","title":{"rendered":"Themelimi i Kolegjit Saverian n\u00eb Shkod\u00ebr m\u00eb 1877"},"content":{"rendered":"<p><em>D\u00ebrguar nga <\/em><strong>Paul Tedeschini<\/strong><\/p>\n<p>\u201c<em>Me k\u00ebto e t\u00eb tjera, Kolegji Saverian mbahet n\u00eb nj\u00eb shkall\u00eb t\u00eb lart\u00eb dhe t\u00eb gjith\u00eb ata q\u00eb kan\u00eb par\u00eb shkollat e Franc\u00ebs e t\u00eb Evrop\u00ebs munden t\u00eb d\u00ebshmojn\u00eb se ajo e Shkodr\u00ebs \u00ebsht\u00eb e zonja p\u00ebr shum\u00eb pun\u00eb, t\u00eb vihet n\u00eb nj\u00eb me to<\/em>\u201d. (<strong>Faik Konica<\/strong>)<\/p>\n<p><img decoding=\"async\" class=\"aligncenter size-thumbnail wp-image-7236\" title=\"Kolegji Saverian\" src=\"http:\/\/www.shkoder.net\/images\/fjala\/2011\/kolegji_saverian_shkoder_1928.jpg\" alt=\"\" width=\"450\" \/><\/p>\n<p>Kolegji Saverian i Et\u00ebrve Jezuit\u00eb n\u00eb Shkod\u00ebr e filloi veprimtarin\u00eb e vet n\u00eb shekujt e kaluar, duke p\u00ebrballuar v\u00ebshtir\u00ebsit\u00eb e pushtuesit, pengesat e fanatizmit e sulmet e antiklerikalizmit vendas. K\u00ebshtu mund t\u00eb themi se interesi i Jezuit\u00ebve p\u00ebr kultur\u00ebn shqiptare \u00ebsht\u00eb m\u00eb i hersh\u00ebm se Kolegji; nis q\u00eb n\u00eb shekullin XVIII, kur Papa shqiptar Klementi XI, posa organizoi Kuvendin e Arb\u00ebnit dhe i k\u00ebrkoi dokumentet edhe n\u00eb gjuh\u00ebn shqipe, hodhi iden\u00eb t\u00eb mblidheshin materiale e dokumente iliro-shqiptare. Mbledhjen e filloi At\u00eb Ri\u00e7eputi e e vazhduen et\u00ebrit jezuit\u00eb Daniel Farlati e Jakob Koleti, q\u00eb realizuan vepr\u00ebn historike fort t\u00eb \u00e7mueshme \u201cIllyricum Sacrum\u201d, nj\u00eb vep\u00ebr sine qua non p\u00ebr historin\u00eb e Shqip\u00ebris\u00eb.<\/p>\n<p>Ardhja e jezuit\u00ebve n\u00eb Shqip\u00ebri do t\u00eb shoq\u00ebrohej me veprimtari t\u00eb dendura fetare, arsimore, kulturore e shoq\u00ebrore, t\u00eb panjohura m\u00eb par\u00eb n\u00eb vendin ton\u00eb. Nd\u00ebr k\u00ebto veprimtari kujtojm\u00eb ngritjen e shtypshkronj\u00ebs s\u00eb par\u00eb, botimin e revist\u00ebs s\u00eb par\u00eb \u201cEl\u00e7ija e Zemr\u00ebs s\u00eb Krishtit\u201d, krijimin e band\u00ebs s\u00eb par\u00eb muzikore e t\u00eb orkestrave moderne, fillimin e artit dramatik, lul\u00ebzimin e shoq\u00ebrive kulturore, patriotike e sportive, mbledhjen e koleksionit t\u00eb famsh\u00ebm numizmatik, hapjen e Muzeut botanik, etnografik etj. etj.<\/p>\n<p>Jezuit\u00ebt nis\u00ebn edhe pun\u00ebn arsimore. E filluan me nj\u00eb shkoll\u00eb t\u00eb vog\u00ebl, me pak nx\u00ebn\u00ebs, p\u00ebr t\u00eb arrit te viti i paharruesh\u00ebm 1877, data 17 tetor kur n\u00eb pranin\u00eb e arqipeshkvit plak Pooten e t\u00eb At Zef Lombardinit hapi dyert nj\u00eb institucion i ri me emrin e Sh\u00ebn Fran\u00e7esk Saverit, q\u00eb populli shqiptar do ta kujtoj\u00eb gjithmon\u00eb me nderim e mir\u00ebnjohje si Kolegji Saverian. Nd\u00ebr themelues kujtojm\u00eb At Luigjin Maca, q\u00eb dhuroi nga pasuria e sht\u00ebpis\u00eb s\u00eb vet 1100 napolona. Nd\u00ebr laik\u00eb civil\u00eb duhen p\u00ebrmendur familjet shkodrane: Muzhani, Sima, Suma, Sara\u00e7i e Shiroka.<\/p>\n<p>Stema e Kolegjit: n\u00eb ball\u00eb shqipja dykrenore, sip\u00ebr: \u2018P\u00ebr Zot, P\u00ebr Atme e P\u00ebrparim\u2019. Filluan m\u00ebsimet me seriozitetin e jezuit\u00ebve: arsim i v\u00ebrtet\u00eb, i plot\u00eb, i rregullt; kultur\u00eb e p\u00ebrgjithshme per\u00ebndimore, qytet\u00ebrim i zgjedhur evropian, me programe t\u00eb studiuara e t\u00eb zgjedhura; me metoda t\u00eb p\u00ebrparuara e efikase; me mjete moderne e t\u00eb reja. Shkurt, nj\u00eb formim i gjithansh\u00ebm per\u00ebndimor. Me t\u00eb drejt\u00eb Papa Piu X i pati th\u00ebn\u00eb Imzot Serreqit: \u201cJeni t\u00eb lum q\u00eb keni jezuit\u00ebt n\u00eb Shkod\u00ebr\u201d. Shkolla n\u00eb fillim pati drejtim tregtar, m\u00eb von\u00eb mori drejtim klasik, por gjithmon\u00eb qe e barasvlershme me shkollat m\u00eb t\u00eb mira t\u00eb mesme t\u00eb Evrop\u00ebs Per\u00ebndimore.<\/p>\n<p>E kjo edhe pse m\u00ebsuesit q\u00eb dhan\u00eb m\u00ebsim n\u00eb k\u00ebt\u00eb shkoll\u00eb qen\u00eb t\u00eb gjith\u00eb me shkoll\u00eb t\u00eb lart\u00eb t\u00eb kryer jasht\u00eb shteti, t\u00eb gjith\u00eb autor\u00eb tekstesh a veprash me karakter letrar, gjuh\u00ebsor, historik, filozofik etj.; t\u00eb gjith\u00eb me nj\u00eb bot\u00eb t\u00eb pasur shpirt\u00ebrore e intelektuale, t\u00eb gatsh\u00ebm p\u00ebr t\u00eb zhvilluar fuqit\u00eb mendore t\u00eb nx\u00ebn\u00ebsve p\u00ebr nj\u00eb formim intelektual t\u00eb sh\u00ebndosh\u00eb, por edhe p\u00ebr emancipimin e jet\u00ebs shoq\u00ebrore e kulturore si dhe p\u00ebr integrimin e shoq\u00ebris\u00eb shqiptare n\u00eb Kontinentin e Vjet\u00ebr, n\u00eb m\u00ebnyr\u00eb q\u00eb Shqip\u00ebria, gjeografikisht n\u00eb Evrop\u00eb, t\u00eb mos mbetej realisht n\u00eb Orient.<\/p>\n<p>Rrall\u00eb ka shkolla me kuad\u00ebr t\u00eb till\u00eb arsimor: At\u00eb Jak Jungu, misionar italian me zem\u00ebr shqiptari, si i thoshte Shantoja, autor i nj\u00eb gramatike dhe i nj\u00eb Fjalori dygjuh\u00ebsh; At\u00eb Anton Xanoni, italian me n\u00ebn\u00eb shqiptare, q\u00eb shkroi vet\u00ebm shqip p\u00ebr ne, autor i \u201cPrij\u00ebsi n\u00eb lam\u00eb t\u00eb literatur\u00ebs\u201d, dhe \u201cGramatika e gjuh\u00ebs shqipe\u201d; At\u00eb Fulvio Kordinjani, autor i shum\u00eb veprave; At\u00eb Buxeti i \u2018Fjalorit\u2019 t\u00eb madh; martiri Imzot Bonati q\u00eb p\u00ebrktheu \u2018Lahuten e Malcis\u2019 italisht. Pastaj At\u00eb Aldeghieri, At\u00eb Fracchioni, At\u00eb Zef Valentini, autor i shum\u00eb v\u00ebllimeve, nd\u00ebrmjet t\u00eb cil\u00ebve, 25 v\u00ebllimet e \u201cActa Albaniae Veneta\u201d.<\/p>\n<p>Nder m\u00ebsues shqiptar\u00eb: Filip Ashiku, Gasp\u00ebr Benusi, Pjet\u00ebr Marubi, Fejzullah Efend\u00ec, Kol\u00eb Dema, Dom Ndre Mjeda, m\u00ebsuesi yn\u00eb i paharrueshem, si\u00e7 thoshte Valentini; Et\u00ebrit Mark Harapi e Zef Sara\u00e7i; Gjush Sheldija, bashk\u00ebpuntori i ngusht\u00eb i Valentinit; Musa Efend\u00ec Bori\u00e7i, Mati Logoreci, Gjon Qerraxhija, Kol\u00eb Tha\u00e7i, kater Gurakuq\u00eb, tre Rrota (v\u00ebllez\u00ebrit e Pater Justin Rrot\u00ebs), dy \u00c7efa e deri te dijetari i thell\u00eb, i persekutuari i paepur e mbrojt\u00ebsi i t\u00eb drejtave t\u00eb njeriut, At\u00eb Pjeter Meshkalla, emrin e t\u00eb cilit g\u00ebzon sot shkolla e rilindur saveriane. Procesin m\u00ebsimor e ndihmonin edhe ambientet shkollore, si kabinetet e fizik\u00ebs e t\u00eb kimis\u00eb e, sidomos, biblioteka shum\u00eb e pasur e jezuit\u00ebve. K\u00ebtu, si fort rrall\u00eb gjetiu, gjindeshin veprat e autor\u00ebve tan\u00eb t\u00eb vjet\u00ebr: Bardhit, Bogdanit, Budit, k\u00ebtu \u2018Illyricum Sacrum\u2019, dhe \u2018Gramatika\u2019 e par\u00eb shqipe e Fran\u00e7eskos prej Le\u00e7es (1716), si thoshte Mjeda; e para gramatik\u00eb n\u00eb Ballkan; \u201cHistoria bizantine\u201d e Du Fressne e Du Cange, pastaj veprat e Hahnit, Mayer, Joklit, Kamardes, Kristoforidhit etj. etj. dhe skedari i famsh\u00ebm i Valentinit, dor\u00ebshkrime e dokumente me r\u00ebnd\u00ebsi, t\u00eb cilat m\u00eb von\u00eb do t\u00eb grabiteshin, do t\u00eb digjeshin, do t\u00eb zhdukeshin, e \u00e7ka do t\u00eb tepronte, do t\u00eb \u00e7ohej p\u00ebr karton. Por, n\u00ebse puna mbatet me rezultatin, at\u00ebher\u00eb vjen natyrsh\u00ebm pyetja: \u2018Cila shkoll\u00eb ka pasur rezultate m\u00eb t\u00eb mira, m\u00eb t\u00eb frytshme se kjo shkoll\u00eb?<\/p>\n<p>K\u00ebtu mjafton t\u00eb kujtojm\u00eb vet\u00ebm disa nx\u00ebn\u00ebs, emrat e t\u00eb cil\u00ebve flasin vet\u00eb: \u201cImzot Laz\u00ebr Mjed\u00ebn, meshtar e atdhetar i flakt\u00eb, themelues i shoq\u00ebrive letrare e botuese, mecenat e lavrues i letrave shqipe; Imzot Luigj Bum\u00e7in, an\u00ebtar e pastaj kryetar i Dergat\u00ebs shqiptare n\u00eb Konferenc\u00ebn e Paqes n\u00eb Paris, senator i Shqip\u00ebris\u00eb; Imzot Preng\u00eb Do\u00e7in, luft\u00ebtar i idealeve t\u00eb binomit \u201cFe e Atdhe\u201d, politikan e diplomat, themelues i shoq\u00ebris\u00eb \u201cBashkimi\u201d e autor krijimesh artistike; Faik Konic\u00ebn, aristokratin elegant t\u00eb letrave shqipe, stilistin e madh e, s\u00eb fundi, djaloshin e jasht\u00ebzakonsh\u00ebm, Luigj Gurakuqin, p\u00ebrfaq\u00ebsuesin e politik\u00ebs komb\u00ebtare e \u201cpionierin e qytet\u00ebrimit evropian\u201d, pastaj nx\u00ebn\u00ebs t\u00eb tjer\u00eb t\u00eb shumt\u00eb, q\u00eb u b\u00ebn\u00eb drejtues t\u00eb administrat\u00ebs shqiptare, kur kjo hidhte hapat e para t\u00eb jet\u00ebs v\u00ebrtet\u00eb demokratike.<\/p>\n<p>E ajo q\u00eb do ia rrit\u00eb m\u00eb shum\u00eb emrin e mir\u00eb k\u00ebsaj shkolle, jan\u00eb shum\u00eb profesor\u00eb e nx\u00ebn\u00ebs, q\u00eb pritet t\u00eb ngjiten n\u00eb nderimet e elterit si martir\u00eb t\u00eb fes\u00eb e t\u00eb atdheut. Kujtojm\u00eb Imzot Bonatin, At\u00eb Faustin, At\u00eb Dajanin, seminaristin Mark \u00c7uni, t\u00eb pushkatuarit Dom Laz\u00ebr Shantoja, Pater Anton Harapi, Dom Alfons Tracki, Dom Mark Dushi, Dom Ded\u00eb Ma\u00e7aj, Dom Zef Bici, Dom Pjet\u00ebr \u00c7uni, Dom Luigj Pici, Dom Mark Gjani e Dom Laz\u00ebr Jubani, q\u00eb vdiq i helmatisur nga sigurimi komunist.<\/p>\n<p>E p\u00ebrfundojm\u00eb k\u00ebt\u00eb p\u00ebrkujtim t\u00eb shkurt\u00ebr me vler\u00ebsimin e Faik Konic\u00ebs: \u201cMe k\u00ebto e t\u00eb tjera, Kolegji Saverian mbahet n\u00eb nj\u00eb shkall\u00eb t\u00eb lart\u00eb dhe t\u00eb gjith\u00eb ata q\u00eb kan\u00eb par\u00eb shkollat e Franc\u00ebs e t\u00eb Evrop\u00ebs munden t\u00eb d\u00ebshmojn\u00eb se ajo e Shkodr\u00ebs \u00ebsht\u00eb e zonja p\u00ebr shum\u00eb pun\u00eb, t\u00eb vihet n\u00eb nj\u00eb me to\u201d.<\/p>\n<p>Publikue ne <a href=\"http:\/\/kosova.albemigrant.com\/?p=36451\">http:\/\/kosova.albemigrant.com\/?p=36451<\/a><\/p>\n","protected":false},"excerpt":{"rendered":"<p>D\u00ebrguar nga Paul Tedeschini \u201cMe k\u00ebto e t\u00eb tjera, Kolegji Saverian mbahet n\u00eb nj\u00eb shkall\u00eb t\u00eb lart\u00eb dhe t\u00eb gjith\u00eb ata q\u00eb kan\u00eb par\u00eb shkollat e Franc\u00ebs e t\u00eb Evrop\u00ebs munden t\u00eb d\u00ebshmojn\u00eb se ajo e Shkodr\u00ebs \u00ebsht\u00eb e zonja p\u00ebr shum\u00eb pun\u00eb, t\u00eb vihet n\u00eb nj\u00eb me to\u201d. (Faik Konica) Kolegji Saverian i Et\u00ebrve [&hellip;]<\/p>\n","protected":false},"author":1,"featured_media":0,"comment_status":"open","ping_status":"closed","sticky":false,"template":"","format":"standard","meta":{"footnotes":""},"categories":[2],"tags":[],"class_list":{"0":"post-11059","1":"post","2":"type-post","3":"status-publish","4":"format-standard","6":"category-artikuj"},"yoast_head":"<!-- This site is optimized with the Yoast SEO plugin v27.4 - https:\/\/yoast.com\/product\/yoast-seo-wordpress\/ -->\n<title>Themelimi i Kolegjit Saverian n\u00eb Shkod\u00ebr m\u00eb 1877 - FjALA e LIR\u00cb - Arkivi<\/title>\n<meta name=\"robots\" content=\"index, follow, max-snippet:-1, max-image-preview:large, max-video-preview:-1\" \/>\n<link rel=\"canonical\" href=\"https:\/\/fjala.info\/2009-2015\/themelimi-i-kolegjit-saverian-ne-shkoder-me-1877\/\" \/>\n<meta property=\"og:locale\" content=\"sq_AL\" \/>\n<meta property=\"og:type\" content=\"article\" \/>\n<meta property=\"og:title\" content=\"Themelimi i Kolegjit Saverian n\u00eb Shkod\u00ebr m\u00eb 1877 - FjALA e LIR\u00cb - Arkivi\" \/>\n<meta property=\"og:description\" content=\"D\u00ebrguar nga Paul Tedeschini \u201cMe k\u00ebto e t\u00eb tjera, Kolegji Saverian mbahet n\u00eb nj\u00eb shkall\u00eb t\u00eb lart\u00eb dhe t\u00eb gjith\u00eb ata q\u00eb kan\u00eb par\u00eb shkollat e Franc\u00ebs e t\u00eb Evrop\u00ebs munden t\u00eb d\u00ebshmojn\u00eb se ajo e Shkodr\u00ebs \u00ebsht\u00eb e zonja p\u00ebr shum\u00eb pun\u00eb, t\u00eb vihet n\u00eb nj\u00eb me to\u201d. (Faik Konica) Kolegji Saverian i Et\u00ebrve [&hellip;]\" \/>\n<meta property=\"og:url\" content=\"https:\/\/fjala.info\/2009-2015\/themelimi-i-kolegjit-saverian-ne-shkoder-me-1877\/\" \/>\n<meta property=\"og:site_name\" content=\"FjALA e LIR\u00cb - Arkivi\" \/>\n<meta property=\"article:published_time\" content=\"2011-10-19T20:29:00+00:00\" \/>\n<meta property=\"og:image\" content=\"http:\/\/www.shkoder.net\/images\/fjala\/2011\/kolegji_saverian_shkoder_1928.jpg\" \/>\n<meta name=\"author\" content=\"admin\" \/>\n<meta name=\"twitter:card\" content=\"summary_large_image\" \/>\n<meta name=\"twitter:label1\" content=\"Written by\" \/>\n\t<meta name=\"twitter:data1\" content=\"admin\" \/>\n\t<meta name=\"twitter:label2\" content=\"Est. reading time\" \/>\n\t<meta name=\"twitter:data2\" content=\"6 minutes\" \/>\n<script type=\"application\/ld+json\" class=\"yoast-schema-graph\">{\"@context\":\"https:\\\/\\\/schema.org\",\"@graph\":[{\"@type\":\"Article\",\"@id\":\"https:\\\/\\\/fjala.info\\\/2009-2015\\\/themelimi-i-kolegjit-saverian-ne-shkoder-me-1877\\\/#article\",\"isPartOf\":{\"@id\":\"https:\\\/\\\/fjala.info\\\/2009-2015\\\/themelimi-i-kolegjit-saverian-ne-shkoder-me-1877\\\/\"},\"author\":{\"name\":\"admin\",\"@id\":\"https:\\\/\\\/fjala.info\\\/2009-2015\\\/#\\\/schema\\\/person\\\/3aa1163ef05469c496fc94e77611ada2\"},\"headline\":\"Themelimi i Kolegjit Saverian n\u00eb Shkod\u00ebr m\u00eb 1877\",\"datePublished\":\"2011-10-19T20:29:00+00:00\",\"mainEntityOfPage\":{\"@id\":\"https:\\\/\\\/fjala.info\\\/2009-2015\\\/themelimi-i-kolegjit-saverian-ne-shkoder-me-1877\\\/\"},\"wordCount\":1306,\"commentCount\":0,\"publisher\":{\"@id\":\"https:\\\/\\\/fjala.info\\\/2009-2015\\\/#organization\"},\"image\":{\"@id\":\"https:\\\/\\\/fjala.info\\\/2009-2015\\\/themelimi-i-kolegjit-saverian-ne-shkoder-me-1877\\\/#primaryimage\"},\"thumbnailUrl\":\"http:\\\/\\\/www.shkoder.net\\\/images\\\/fjala\\\/2011\\\/kolegji_saverian_shkoder_1928.jpg\",\"articleSection\":[\"Artikuj\"],\"inLanguage\":\"sq-AL\",\"potentialAction\":[{\"@type\":\"CommentAction\",\"name\":\"Comment\",\"target\":[\"https:\\\/\\\/fjala.info\\\/2009-2015\\\/themelimi-i-kolegjit-saverian-ne-shkoder-me-1877\\\/#respond\"]}]},{\"@type\":\"WebPage\",\"@id\":\"https:\\\/\\\/fjala.info\\\/2009-2015\\\/themelimi-i-kolegjit-saverian-ne-shkoder-me-1877\\\/\",\"url\":\"https:\\\/\\\/fjala.info\\\/2009-2015\\\/themelimi-i-kolegjit-saverian-ne-shkoder-me-1877\\\/\",\"name\":\"Themelimi i Kolegjit Saverian n\u00eb Shkod\u00ebr m\u00eb 1877 - FjALA e LIR\u00cb - Arkivi\",\"isPartOf\":{\"@id\":\"https:\\\/\\\/fjala.info\\\/2009-2015\\\/#website\"},\"primaryImageOfPage\":{\"@id\":\"https:\\\/\\\/fjala.info\\\/2009-2015\\\/themelimi-i-kolegjit-saverian-ne-shkoder-me-1877\\\/#primaryimage\"},\"image\":{\"@id\":\"https:\\\/\\\/fjala.info\\\/2009-2015\\\/themelimi-i-kolegjit-saverian-ne-shkoder-me-1877\\\/#primaryimage\"},\"thumbnailUrl\":\"http:\\\/\\\/www.shkoder.net\\\/images\\\/fjala\\\/2011\\\/kolegji_saverian_shkoder_1928.jpg\",\"datePublished\":\"2011-10-19T20:29:00+00:00\",\"breadcrumb\":{\"@id\":\"https:\\\/\\\/fjala.info\\\/2009-2015\\\/themelimi-i-kolegjit-saverian-ne-shkoder-me-1877\\\/#breadcrumb\"},\"inLanguage\":\"sq-AL\",\"potentialAction\":[{\"@type\":\"ReadAction\",\"target\":[\"https:\\\/\\\/fjala.info\\\/2009-2015\\\/themelimi-i-kolegjit-saverian-ne-shkoder-me-1877\\\/\"]}]},{\"@type\":\"ImageObject\",\"inLanguage\":\"sq-AL\",\"@id\":\"https:\\\/\\\/fjala.info\\\/2009-2015\\\/themelimi-i-kolegjit-saverian-ne-shkoder-me-1877\\\/#primaryimage\",\"url\":\"http:\\\/\\\/www.shkoder.net\\\/images\\\/fjala\\\/2011\\\/kolegji_saverian_shkoder_1928.jpg\",\"contentUrl\":\"http:\\\/\\\/www.shkoder.net\\\/images\\\/fjala\\\/2011\\\/kolegji_saverian_shkoder_1928.jpg\"},{\"@type\":\"BreadcrumbList\",\"@id\":\"https:\\\/\\\/fjala.info\\\/2009-2015\\\/themelimi-i-kolegjit-saverian-ne-shkoder-me-1877\\\/#breadcrumb\",\"itemListElement\":[{\"@type\":\"ListItem\",\"position\":1,\"name\":\"Home\",\"item\":\"https:\\\/\\\/fjala.info\\\/2009-2015\\\/\"},{\"@type\":\"ListItem\",\"position\":2,\"name\":\"Themelimi i Kolegjit Saverian n\u00eb Shkod\u00ebr m\u00eb 1877\"}]},{\"@type\":\"WebSite\",\"@id\":\"https:\\\/\\\/fjala.info\\\/2009-2015\\\/#website\",\"url\":\"https:\\\/\\\/fjala.info\\\/2009-2015\\\/\",\"name\":\"FjALA e LIR\u00cb - Arkivi\",\"description\":\"Arkivi 2009-2015\",\"publisher\":{\"@id\":\"https:\\\/\\\/fjala.info\\\/2009-2015\\\/#organization\"},\"potentialAction\":[{\"@type\":\"SearchAction\",\"target\":{\"@type\":\"EntryPoint\",\"urlTemplate\":\"https:\\\/\\\/fjala.info\\\/2009-2015\\\/?s={search_term_string}\"},\"query-input\":{\"@type\":\"PropertyValueSpecification\",\"valueRequired\":true,\"valueName\":\"search_term_string\"}}],\"inLanguage\":\"sq-AL\"},{\"@type\":\"Organization\",\"@id\":\"https:\\\/\\\/fjala.info\\\/2009-2015\\\/#organization\",\"name\":\"FjALA e LIR\u00cb - Arkivi\",\"url\":\"https:\\\/\\\/fjala.info\\\/2009-2015\\\/\",\"logo\":{\"@type\":\"ImageObject\",\"inLanguage\":\"sq-AL\",\"@id\":\"https:\\\/\\\/fjala.info\\\/2009-2015\\\/#\\\/schema\\\/logo\\\/image\\\/\",\"url\":\"\",\"contentUrl\":\"\",\"caption\":\"FjALA e LIR\u00cb - Arkivi\"},\"image\":{\"@id\":\"https:\\\/\\\/fjala.info\\\/2009-2015\\\/#\\\/schema\\\/logo\\\/image\\\/\"}},{\"@type\":\"Person\",\"@id\":\"https:\\\/\\\/fjala.info\\\/2009-2015\\\/#\\\/schema\\\/person\\\/3aa1163ef05469c496fc94e77611ada2\",\"name\":\"admin\",\"image\":{\"@type\":\"ImageObject\",\"inLanguage\":\"sq-AL\",\"@id\":\"https:\\\/\\\/fjala.info\\\/2009-2015\\\/wp-content\\\/uploads\\\/2012\\\/02\\\/arben_cokaj-120x150.jpg\",\"url\":\"https:\\\/\\\/fjala.info\\\/2009-2015\\\/wp-content\\\/uploads\\\/2012\\\/02\\\/arben_cokaj-120x150.jpg\",\"contentUrl\":\"https:\\\/\\\/fjala.info\\\/2009-2015\\\/wp-content\\\/uploads\\\/2012\\\/02\\\/arben_cokaj-120x150.jpg\",\"caption\":\"admin\"},\"description\":\"Admin, Fjala e Lir\u00eb\",\"sameAs\":[\"https:\\\/\\\/fjala.info\\\/\"],\"url\":\"https:\\\/\\\/fjala.info\\\/2009-2015\\\/author\\\/admin\\\/\"}]}<\/script>\n<!-- \/ Yoast SEO plugin. -->","yoast_head_json":{"title":"Themelimi i Kolegjit Saverian n\u00eb Shkod\u00ebr m\u00eb 1877 - FjALA e LIR\u00cb - Arkivi","robots":{"index":"index","follow":"follow","max-snippet":"max-snippet:-1","max-image-preview":"max-image-preview:large","max-video-preview":"max-video-preview:-1"},"canonical":"https:\/\/fjala.info\/2009-2015\/themelimi-i-kolegjit-saverian-ne-shkoder-me-1877\/","og_locale":"sq_AL","og_type":"article","og_title":"Themelimi i Kolegjit Saverian n\u00eb Shkod\u00ebr m\u00eb 1877 - FjALA e LIR\u00cb - Arkivi","og_description":"D\u00ebrguar nga Paul Tedeschini \u201cMe k\u00ebto e t\u00eb tjera, Kolegji Saverian mbahet n\u00eb nj\u00eb shkall\u00eb t\u00eb lart\u00eb dhe t\u00eb gjith\u00eb ata q\u00eb kan\u00eb par\u00eb shkollat e Franc\u00ebs e t\u00eb Evrop\u00ebs munden t\u00eb d\u00ebshmojn\u00eb se ajo e Shkodr\u00ebs \u00ebsht\u00eb e zonja p\u00ebr shum\u00eb pun\u00eb, t\u00eb vihet n\u00eb nj\u00eb me to\u201d. (Faik Konica) Kolegji Saverian i Et\u00ebrve [&hellip;]","og_url":"https:\/\/fjala.info\/2009-2015\/themelimi-i-kolegjit-saverian-ne-shkoder-me-1877\/","og_site_name":"FjALA e LIR\u00cb - Arkivi","article_published_time":"2011-10-19T20:29:00+00:00","og_image":[{"url":"http:\/\/www.shkoder.net\/images\/fjala\/2011\/kolegji_saverian_shkoder_1928.jpg","type":"","width":"","height":""}],"author":"admin","twitter_card":"summary_large_image","twitter_misc":{"Written by":"admin","Est. reading time":"6 minutes"},"schema":{"@context":"https:\/\/schema.org","@graph":[{"@type":"Article","@id":"https:\/\/fjala.info\/2009-2015\/themelimi-i-kolegjit-saverian-ne-shkoder-me-1877\/#article","isPartOf":{"@id":"https:\/\/fjala.info\/2009-2015\/themelimi-i-kolegjit-saverian-ne-shkoder-me-1877\/"},"author":{"name":"admin","@id":"https:\/\/fjala.info\/2009-2015\/#\/schema\/person\/3aa1163ef05469c496fc94e77611ada2"},"headline":"Themelimi i Kolegjit Saverian n\u00eb Shkod\u00ebr m\u00eb 1877","datePublished":"2011-10-19T20:29:00+00:00","mainEntityOfPage":{"@id":"https:\/\/fjala.info\/2009-2015\/themelimi-i-kolegjit-saverian-ne-shkoder-me-1877\/"},"wordCount":1306,"commentCount":0,"publisher":{"@id":"https:\/\/fjala.info\/2009-2015\/#organization"},"image":{"@id":"https:\/\/fjala.info\/2009-2015\/themelimi-i-kolegjit-saverian-ne-shkoder-me-1877\/#primaryimage"},"thumbnailUrl":"http:\/\/www.shkoder.net\/images\/fjala\/2011\/kolegji_saverian_shkoder_1928.jpg","articleSection":["Artikuj"],"inLanguage":"sq-AL","potentialAction":[{"@type":"CommentAction","name":"Comment","target":["https:\/\/fjala.info\/2009-2015\/themelimi-i-kolegjit-saverian-ne-shkoder-me-1877\/#respond"]}]},{"@type":"WebPage","@id":"https:\/\/fjala.info\/2009-2015\/themelimi-i-kolegjit-saverian-ne-shkoder-me-1877\/","url":"https:\/\/fjala.info\/2009-2015\/themelimi-i-kolegjit-saverian-ne-shkoder-me-1877\/","name":"Themelimi i Kolegjit Saverian n\u00eb Shkod\u00ebr m\u00eb 1877 - FjALA e LIR\u00cb - Arkivi","isPartOf":{"@id":"https:\/\/fjala.info\/2009-2015\/#website"},"primaryImageOfPage":{"@id":"https:\/\/fjala.info\/2009-2015\/themelimi-i-kolegjit-saverian-ne-shkoder-me-1877\/#primaryimage"},"image":{"@id":"https:\/\/fjala.info\/2009-2015\/themelimi-i-kolegjit-saverian-ne-shkoder-me-1877\/#primaryimage"},"thumbnailUrl":"http:\/\/www.shkoder.net\/images\/fjala\/2011\/kolegji_saverian_shkoder_1928.jpg","datePublished":"2011-10-19T20:29:00+00:00","breadcrumb":{"@id":"https:\/\/fjala.info\/2009-2015\/themelimi-i-kolegjit-saverian-ne-shkoder-me-1877\/#breadcrumb"},"inLanguage":"sq-AL","potentialAction":[{"@type":"ReadAction","target":["https:\/\/fjala.info\/2009-2015\/themelimi-i-kolegjit-saverian-ne-shkoder-me-1877\/"]}]},{"@type":"ImageObject","inLanguage":"sq-AL","@id":"https:\/\/fjala.info\/2009-2015\/themelimi-i-kolegjit-saverian-ne-shkoder-me-1877\/#primaryimage","url":"http:\/\/www.shkoder.net\/images\/fjala\/2011\/kolegji_saverian_shkoder_1928.jpg","contentUrl":"http:\/\/www.shkoder.net\/images\/fjala\/2011\/kolegji_saverian_shkoder_1928.jpg"},{"@type":"BreadcrumbList","@id":"https:\/\/fjala.info\/2009-2015\/themelimi-i-kolegjit-saverian-ne-shkoder-me-1877\/#breadcrumb","itemListElement":[{"@type":"ListItem","position":1,"name":"Home","item":"https:\/\/fjala.info\/2009-2015\/"},{"@type":"ListItem","position":2,"name":"Themelimi i Kolegjit Saverian n\u00eb Shkod\u00ebr m\u00eb 1877"}]},{"@type":"WebSite","@id":"https:\/\/fjala.info\/2009-2015\/#website","url":"https:\/\/fjala.info\/2009-2015\/","name":"FjALA e LIR\u00cb - Arkivi","description":"Arkivi 2009-2015","publisher":{"@id":"https:\/\/fjala.info\/2009-2015\/#organization"},"potentialAction":[{"@type":"SearchAction","target":{"@type":"EntryPoint","urlTemplate":"https:\/\/fjala.info\/2009-2015\/?s={search_term_string}"},"query-input":{"@type":"PropertyValueSpecification","valueRequired":true,"valueName":"search_term_string"}}],"inLanguage":"sq-AL"},{"@type":"Organization","@id":"https:\/\/fjala.info\/2009-2015\/#organization","name":"FjALA e LIR\u00cb - Arkivi","url":"https:\/\/fjala.info\/2009-2015\/","logo":{"@type":"ImageObject","inLanguage":"sq-AL","@id":"https:\/\/fjala.info\/2009-2015\/#\/schema\/logo\/image\/","url":"","contentUrl":"","caption":"FjALA e LIR\u00cb - Arkivi"},"image":{"@id":"https:\/\/fjala.info\/2009-2015\/#\/schema\/logo\/image\/"}},{"@type":"Person","@id":"https:\/\/fjala.info\/2009-2015\/#\/schema\/person\/3aa1163ef05469c496fc94e77611ada2","name":"admin","image":{"@type":"ImageObject","inLanguage":"sq-AL","@id":"https:\/\/fjala.info\/2009-2015\/wp-content\/uploads\/2012\/02\/arben_cokaj-120x150.jpg","url":"https:\/\/fjala.info\/2009-2015\/wp-content\/uploads\/2012\/02\/arben_cokaj-120x150.jpg","contentUrl":"https:\/\/fjala.info\/2009-2015\/wp-content\/uploads\/2012\/02\/arben_cokaj-120x150.jpg","caption":"admin"},"description":"Admin, Fjala e Lir\u00eb","sameAs":["https:\/\/fjala.info\/"],"url":"https:\/\/fjala.info\/2009-2015\/author\/admin\/"}]}},"_links":{"self":[{"href":"https:\/\/fjala.info\/2009-2015\/wp-json\/wp\/v2\/posts\/11059","targetHints":{"allow":["GET"]}}],"collection":[{"href":"https:\/\/fjala.info\/2009-2015\/wp-json\/wp\/v2\/posts"}],"about":[{"href":"https:\/\/fjala.info\/2009-2015\/wp-json\/wp\/v2\/types\/post"}],"author":[{"embeddable":true,"href":"https:\/\/fjala.info\/2009-2015\/wp-json\/wp\/v2\/users\/1"}],"replies":[{"embeddable":true,"href":"https:\/\/fjala.info\/2009-2015\/wp-json\/wp\/v2\/comments?post=11059"}],"version-history":[{"count":0,"href":"https:\/\/fjala.info\/2009-2015\/wp-json\/wp\/v2\/posts\/11059\/revisions"}],"wp:attachment":[{"href":"https:\/\/fjala.info\/2009-2015\/wp-json\/wp\/v2\/media?parent=11059"}],"wp:term":[{"taxonomy":"category","embeddable":true,"href":"https:\/\/fjala.info\/2009-2015\/wp-json\/wp\/v2\/categories?post=11059"},{"taxonomy":"post_tag","embeddable":true,"href":"https:\/\/fjala.info\/2009-2015\/wp-json\/wp\/v2\/tags?post=11059"}],"curies":[{"name":"wp","href":"https:\/\/api.w.org\/{rel}","templated":true}]}}