{"id":11057,"date":"2011-10-19T21:23:30","date_gmt":"2011-10-19T20:23:30","guid":{"rendered":"http:\/\/fjala.shkoder.net\/?p=11057"},"modified":"2011-10-19T21:23:30","modified_gmt":"2011-10-19T20:23:30","slug":"kujtojme-pervjetorin-e-lindjes-se-kardinalit-aleksander-albani-me-origjine-shqiptare","status":"publish","type":"post","link":"https:\/\/fjala.info\/2009-2015\/kujtojme-pervjetorin-e-lindjes-se-kardinalit-aleksander-albani-me-origjine-shqiptare\/","title":{"rendered":"Kujtojm\u00eb p\u00ebrvjetorin e lindjes s\u00eb kardinalit Aleksand\u00ebr Albani me origjin\u00eb shqiptare"},"content":{"rendered":"<p><img decoding=\"async\" class=\"alignright size-thumbnail wp-image-7236\" title=\"*Kardinal Aleksander Albani\" src=\"http:\/\/www.shkoder.net\/images\/fjala\/2011\/kardinal_aleksander_albani.jpg\" alt=\"\" width=\"200\" \/> <em>D\u00ebrguar nga <\/em><strong>Paul Tedeschini<\/strong><\/p>\n<p>Duke shfletuar kalendarin historik, kujtojm\u00eb sot p\u00ebrvjetorin e lindjes s\u00eb kardinalit Aleksand\u00ebr Albani. M\u00eb 16 tetor 1862 lindi n\u00eb Urbino t\u00eb Italis\u00eb kardinali Aleksand\u00ebr Albani, bir i familjes s\u00eb famshme italiane me origjin\u00eb shqiptare, Albani, i pari i s\u00eb cil\u00ebs mendohet t\u00eb ket\u00eb qen\u00eb Kel Laca, ikur nga Shkodra gjat\u00eb sulmit t\u00eb tmerrsh\u00ebm turk t\u00eb vitit 1464. Ai zuri vend n\u00eb Urbino t\u00eb Italis\u00eb, ku i lind\u00ebn dy djem, q\u00eb nis\u00ebn t\u00eb p\u00ebrdorin p\u00ebr her\u00eb t\u00eb pat\u00eb llagapin Albani. Fillimisht Alban\u00ebt ndoq\u00ebn karrier\u00ebn ushtarake, nd\u00ebrsa aty nga fillimi i shekullit XVI u lidh\u00ebn ngusht\u00eb me Kurien Romake, n\u00eb koh\u00ebn kur n\u00eb selin\u00eb e Sh\u00ebn Pjetrit ishte papa Urbani.<\/p>\n<p>Nj\u00ebri nga nipat e Kel Lac\u00ebs, Giovan Francesco Albani, ndoqi karrier\u00ebn kishtare, duke u b\u00ebr\u00eb kardinal e pap\u00eb me emrin Klementi XI. Me t\u00eb fillon radha e gjat\u00eb e kardinajve Albani, nj\u00ebri nga t\u00eb cil\u00ebt \u00ebsht\u00eb edhe Aleksandri (1672-1779), nip i Pap\u00ebs Klementi XI dhe mbrojt\u00ebs i famsh\u00ebm i arteve e i artist\u00ebve.<br \/>\nMe pasion t\u00eb madh p\u00ebr artin, ai mblodhi nj\u00eb koleksion tep\u00ebr t\u00eb pasur veprash t\u00eb ndryshme arti, sidomos shtatoresh t\u00eb lashta. Ky koleksion u b\u00eb b\u00ebrthama e nj\u00ebrit nga muzet\u00eb m\u00eb t\u00eb pasura t\u00eb Italis\u00eb, vil\u00ebs-muze t\u00eb rrug\u00ebs Salaria n\u00eb Rom\u00eb, nd\u00ebrsa n\u00eb pallatit tjet\u00ebr, n\u00eb zon\u00ebn e Quattro Fontane, ngriti nj\u00eb nga bibliotekat m\u00eb t\u00eb famshme t\u00eb koh\u00ebs, pun\u00ebn p\u00ebr themelimin e s\u00eb cil\u00ebs e la n\u00eb duart e studiuesit t\u00eb famsh\u00ebm gjerman t\u00eb arteve, Vinkelman.<\/p>\n<p>Shum\u00eb shpejt si muzeu, ashtu edhe biblioteka, u kthyen n\u00eb qendra t\u00eb kultur\u00ebs arb\u00ebreshe, gj\u00eb q\u00eb shpjegon qart\u00eb se kardinali nuk e kishte harruar atdheun e origjin\u00ebs.<br \/>\nFamilja u shua me vdekjen e Filip Albanit m\u00eb 1852, nd\u00ebrsa vijoi t\u00eb jetoj\u00eb n\u00eb Bergamo nj\u00eb deg\u00eb tjet\u00ebr e saj, nga e cila gjithashtu dol\u00ebn njer\u00ebz t\u00eb shquar.<\/p>\n<p>Publikue ne <a href=\"http:\/\/kosova.albemigrant.com\/?p=36444\">http:\/\/kosova.albemigrant.com\/?p=36444<\/a><\/p>\n","protected":false},"excerpt":{"rendered":"<p>D\u00ebrguar nga Paul Tedeschini Duke shfletuar kalendarin historik, kujtojm\u00eb sot p\u00ebrvjetorin e lindjes s\u00eb kardinalit Aleksand\u00ebr Albani. M\u00eb 16 tetor 1862 lindi n\u00eb Urbino t\u00eb Italis\u00eb kardinali Aleksand\u00ebr Albani, bir i familjes s\u00eb famshme italiane me origjin\u00eb shqiptare, Albani, i pari i s\u00eb cil\u00ebs mendohet t\u00eb ket\u00eb qen\u00eb Kel Laca, ikur nga Shkodra gjat\u00eb sulmit [&hellip;]<\/p>\n","protected":false},"author":1,"featured_media":0,"comment_status":"open","ping_status":"closed","sticky":false,"template":"","format":"standard","meta":{"footnotes":""},"categories":[2],"tags":[],"class_list":{"0":"post-11057","1":"post","2":"type-post","3":"status-publish","4":"format-standard","6":"category-artikuj"},"yoast_head":"<!-- This site is optimized with the Yoast SEO plugin v27.4 - https:\/\/yoast.com\/product\/yoast-seo-wordpress\/ -->\n<title>Kujtojm\u00eb p\u00ebrvjetorin e lindjes s\u00eb kardinalit Aleksand\u00ebr Albani me origjin\u00eb shqiptare - FjALA e LIR\u00cb - Arkivi<\/title>\n<meta name=\"robots\" content=\"index, follow, max-snippet:-1, max-image-preview:large, max-video-preview:-1\" \/>\n<link rel=\"canonical\" href=\"https:\/\/fjala.info\/2009-2015\/kujtojme-pervjetorin-e-lindjes-se-kardinalit-aleksander-albani-me-origjine-shqiptare\/\" \/>\n<meta property=\"og:locale\" content=\"sq_AL\" \/>\n<meta property=\"og:type\" content=\"article\" \/>\n<meta property=\"og:title\" content=\"Kujtojm\u00eb p\u00ebrvjetorin e lindjes s\u00eb kardinalit Aleksand\u00ebr Albani me origjin\u00eb shqiptare - FjALA e LIR\u00cb - Arkivi\" \/>\n<meta property=\"og:description\" content=\"D\u00ebrguar nga Paul Tedeschini Duke shfletuar kalendarin historik, kujtojm\u00eb sot p\u00ebrvjetorin e lindjes s\u00eb kardinalit Aleksand\u00ebr Albani. M\u00eb 16 tetor 1862 lindi n\u00eb Urbino t\u00eb Italis\u00eb kardinali Aleksand\u00ebr Albani, bir i familjes s\u00eb famshme italiane me origjin\u00eb shqiptare, Albani, i pari i s\u00eb cil\u00ebs mendohet t\u00eb ket\u00eb qen\u00eb Kel Laca, ikur nga Shkodra gjat\u00eb sulmit [&hellip;]\" \/>\n<meta property=\"og:url\" content=\"https:\/\/fjala.info\/2009-2015\/kujtojme-pervjetorin-e-lindjes-se-kardinalit-aleksander-albani-me-origjine-shqiptare\/\" \/>\n<meta property=\"og:site_name\" content=\"FjALA e LIR\u00cb - Arkivi\" \/>\n<meta property=\"article:published_time\" content=\"2011-10-19T20:23:30+00:00\" \/>\n<meta property=\"og:image\" content=\"http:\/\/www.shkoder.net\/images\/fjala\/2011\/kardinal_aleksander_albani.jpg\" \/>\n<meta name=\"author\" content=\"admin\" \/>\n<meta name=\"twitter:card\" content=\"summary_large_image\" \/>\n<meta name=\"twitter:label1\" content=\"Written by\" \/>\n\t<meta name=\"twitter:data1\" content=\"admin\" \/>\n\t<meta name=\"twitter:label2\" content=\"Est. reading time\" \/>\n\t<meta name=\"twitter:data2\" content=\"2 minutes\" \/>\n<script type=\"application\/ld+json\" class=\"yoast-schema-graph\">{\"@context\":\"https:\\\/\\\/schema.org\",\"@graph\":[{\"@type\":\"Article\",\"@id\":\"https:\\\/\\\/fjala.info\\\/2009-2015\\\/kujtojme-pervjetorin-e-lindjes-se-kardinalit-aleksander-albani-me-origjine-shqiptare\\\/#article\",\"isPartOf\":{\"@id\":\"https:\\\/\\\/fjala.info\\\/2009-2015\\\/kujtojme-pervjetorin-e-lindjes-se-kardinalit-aleksander-albani-me-origjine-shqiptare\\\/\"},\"author\":{\"name\":\"admin\",\"@id\":\"https:\\\/\\\/fjala.info\\\/2009-2015\\\/#\\\/schema\\\/person\\\/3aa1163ef05469c496fc94e77611ada2\"},\"headline\":\"Kujtojm\u00eb p\u00ebrvjetorin e lindjes s\u00eb kardinalit Aleksand\u00ebr Albani me origjin\u00eb shqiptare\",\"datePublished\":\"2011-10-19T20:23:30+00:00\",\"mainEntityOfPage\":{\"@id\":\"https:\\\/\\\/fjala.info\\\/2009-2015\\\/kujtojme-pervjetorin-e-lindjes-se-kardinalit-aleksander-albani-me-origjine-shqiptare\\\/\"},\"wordCount\":362,\"commentCount\":0,\"publisher\":{\"@id\":\"https:\\\/\\\/fjala.info\\\/2009-2015\\\/#organization\"},\"image\":{\"@id\":\"https:\\\/\\\/fjala.info\\\/2009-2015\\\/kujtojme-pervjetorin-e-lindjes-se-kardinalit-aleksander-albani-me-origjine-shqiptare\\\/#primaryimage\"},\"thumbnailUrl\":\"http:\\\/\\\/www.shkoder.net\\\/images\\\/fjala\\\/2011\\\/kardinal_aleksander_albani.jpg\",\"articleSection\":[\"Artikuj\"],\"inLanguage\":\"sq-AL\",\"potentialAction\":[{\"@type\":\"CommentAction\",\"name\":\"Comment\",\"target\":[\"https:\\\/\\\/fjala.info\\\/2009-2015\\\/kujtojme-pervjetorin-e-lindjes-se-kardinalit-aleksander-albani-me-origjine-shqiptare\\\/#respond\"]}]},{\"@type\":\"WebPage\",\"@id\":\"https:\\\/\\\/fjala.info\\\/2009-2015\\\/kujtojme-pervjetorin-e-lindjes-se-kardinalit-aleksander-albani-me-origjine-shqiptare\\\/\",\"url\":\"https:\\\/\\\/fjala.info\\\/2009-2015\\\/kujtojme-pervjetorin-e-lindjes-se-kardinalit-aleksander-albani-me-origjine-shqiptare\\\/\",\"name\":\"Kujtojm\u00eb p\u00ebrvjetorin e lindjes s\u00eb kardinalit Aleksand\u00ebr Albani me origjin\u00eb shqiptare - FjALA e LIR\u00cb - Arkivi\",\"isPartOf\":{\"@id\":\"https:\\\/\\\/fjala.info\\\/2009-2015\\\/#website\"},\"primaryImageOfPage\":{\"@id\":\"https:\\\/\\\/fjala.info\\\/2009-2015\\\/kujtojme-pervjetorin-e-lindjes-se-kardinalit-aleksander-albani-me-origjine-shqiptare\\\/#primaryimage\"},\"image\":{\"@id\":\"https:\\\/\\\/fjala.info\\\/2009-2015\\\/kujtojme-pervjetorin-e-lindjes-se-kardinalit-aleksander-albani-me-origjine-shqiptare\\\/#primaryimage\"},\"thumbnailUrl\":\"http:\\\/\\\/www.shkoder.net\\\/images\\\/fjala\\\/2011\\\/kardinal_aleksander_albani.jpg\",\"datePublished\":\"2011-10-19T20:23:30+00:00\",\"breadcrumb\":{\"@id\":\"https:\\\/\\\/fjala.info\\\/2009-2015\\\/kujtojme-pervjetorin-e-lindjes-se-kardinalit-aleksander-albani-me-origjine-shqiptare\\\/#breadcrumb\"},\"inLanguage\":\"sq-AL\",\"potentialAction\":[{\"@type\":\"ReadAction\",\"target\":[\"https:\\\/\\\/fjala.info\\\/2009-2015\\\/kujtojme-pervjetorin-e-lindjes-se-kardinalit-aleksander-albani-me-origjine-shqiptare\\\/\"]}]},{\"@type\":\"ImageObject\",\"inLanguage\":\"sq-AL\",\"@id\":\"https:\\\/\\\/fjala.info\\\/2009-2015\\\/kujtojme-pervjetorin-e-lindjes-se-kardinalit-aleksander-albani-me-origjine-shqiptare\\\/#primaryimage\",\"url\":\"http:\\\/\\\/www.shkoder.net\\\/images\\\/fjala\\\/2011\\\/kardinal_aleksander_albani.jpg\",\"contentUrl\":\"http:\\\/\\\/www.shkoder.net\\\/images\\\/fjala\\\/2011\\\/kardinal_aleksander_albani.jpg\"},{\"@type\":\"BreadcrumbList\",\"@id\":\"https:\\\/\\\/fjala.info\\\/2009-2015\\\/kujtojme-pervjetorin-e-lindjes-se-kardinalit-aleksander-albani-me-origjine-shqiptare\\\/#breadcrumb\",\"itemListElement\":[{\"@type\":\"ListItem\",\"position\":1,\"name\":\"Home\",\"item\":\"https:\\\/\\\/fjala.info\\\/2009-2015\\\/\"},{\"@type\":\"ListItem\",\"position\":2,\"name\":\"Kujtojm\u00eb p\u00ebrvjetorin e lindjes s\u00eb kardinalit Aleksand\u00ebr Albani me origjin\u00eb shqiptare\"}]},{\"@type\":\"WebSite\",\"@id\":\"https:\\\/\\\/fjala.info\\\/2009-2015\\\/#website\",\"url\":\"https:\\\/\\\/fjala.info\\\/2009-2015\\\/\",\"name\":\"FjALA e LIR\u00cb - Arkivi\",\"description\":\"Arkivi 2009-2015\",\"publisher\":{\"@id\":\"https:\\\/\\\/fjala.info\\\/2009-2015\\\/#organization\"},\"potentialAction\":[{\"@type\":\"SearchAction\",\"target\":{\"@type\":\"EntryPoint\",\"urlTemplate\":\"https:\\\/\\\/fjala.info\\\/2009-2015\\\/?s={search_term_string}\"},\"query-input\":{\"@type\":\"PropertyValueSpecification\",\"valueRequired\":true,\"valueName\":\"search_term_string\"}}],\"inLanguage\":\"sq-AL\"},{\"@type\":\"Organization\",\"@id\":\"https:\\\/\\\/fjala.info\\\/2009-2015\\\/#organization\",\"name\":\"FjALA e LIR\u00cb - Arkivi\",\"url\":\"https:\\\/\\\/fjala.info\\\/2009-2015\\\/\",\"logo\":{\"@type\":\"ImageObject\",\"inLanguage\":\"sq-AL\",\"@id\":\"https:\\\/\\\/fjala.info\\\/2009-2015\\\/#\\\/schema\\\/logo\\\/image\\\/\",\"url\":\"\",\"contentUrl\":\"\",\"caption\":\"FjALA e LIR\u00cb - Arkivi\"},\"image\":{\"@id\":\"https:\\\/\\\/fjala.info\\\/2009-2015\\\/#\\\/schema\\\/logo\\\/image\\\/\"}},{\"@type\":\"Person\",\"@id\":\"https:\\\/\\\/fjala.info\\\/2009-2015\\\/#\\\/schema\\\/person\\\/3aa1163ef05469c496fc94e77611ada2\",\"name\":\"admin\",\"image\":{\"@type\":\"ImageObject\",\"inLanguage\":\"sq-AL\",\"@id\":\"https:\\\/\\\/fjala.info\\\/2009-2015\\\/wp-content\\\/uploads\\\/2012\\\/02\\\/arben_cokaj-120x150.jpg\",\"url\":\"https:\\\/\\\/fjala.info\\\/2009-2015\\\/wp-content\\\/uploads\\\/2012\\\/02\\\/arben_cokaj-120x150.jpg\",\"contentUrl\":\"https:\\\/\\\/fjala.info\\\/2009-2015\\\/wp-content\\\/uploads\\\/2012\\\/02\\\/arben_cokaj-120x150.jpg\",\"caption\":\"admin\"},\"description\":\"Admin, Fjala e Lir\u00eb\",\"sameAs\":[\"https:\\\/\\\/fjala.info\\\/\"],\"url\":\"https:\\\/\\\/fjala.info\\\/2009-2015\\\/author\\\/admin\\\/\"}]}<\/script>\n<!-- \/ Yoast SEO plugin. -->","yoast_head_json":{"title":"Kujtojm\u00eb p\u00ebrvjetorin e lindjes s\u00eb kardinalit Aleksand\u00ebr Albani me origjin\u00eb shqiptare - FjALA e LIR\u00cb - Arkivi","robots":{"index":"index","follow":"follow","max-snippet":"max-snippet:-1","max-image-preview":"max-image-preview:large","max-video-preview":"max-video-preview:-1"},"canonical":"https:\/\/fjala.info\/2009-2015\/kujtojme-pervjetorin-e-lindjes-se-kardinalit-aleksander-albani-me-origjine-shqiptare\/","og_locale":"sq_AL","og_type":"article","og_title":"Kujtojm\u00eb p\u00ebrvjetorin e lindjes s\u00eb kardinalit Aleksand\u00ebr Albani me origjin\u00eb shqiptare - FjALA e LIR\u00cb - Arkivi","og_description":"D\u00ebrguar nga Paul Tedeschini Duke shfletuar kalendarin historik, kujtojm\u00eb sot p\u00ebrvjetorin e lindjes s\u00eb kardinalit Aleksand\u00ebr Albani. M\u00eb 16 tetor 1862 lindi n\u00eb Urbino t\u00eb Italis\u00eb kardinali Aleksand\u00ebr Albani, bir i familjes s\u00eb famshme italiane me origjin\u00eb shqiptare, Albani, i pari i s\u00eb cil\u00ebs mendohet t\u00eb ket\u00eb qen\u00eb Kel Laca, ikur nga Shkodra gjat\u00eb sulmit [&hellip;]","og_url":"https:\/\/fjala.info\/2009-2015\/kujtojme-pervjetorin-e-lindjes-se-kardinalit-aleksander-albani-me-origjine-shqiptare\/","og_site_name":"FjALA e LIR\u00cb - Arkivi","article_published_time":"2011-10-19T20:23:30+00:00","og_image":[{"url":"http:\/\/www.shkoder.net\/images\/fjala\/2011\/kardinal_aleksander_albani.jpg","type":"","width":"","height":""}],"author":"admin","twitter_card":"summary_large_image","twitter_misc":{"Written by":"admin","Est. reading time":"2 minutes"},"schema":{"@context":"https:\/\/schema.org","@graph":[{"@type":"Article","@id":"https:\/\/fjala.info\/2009-2015\/kujtojme-pervjetorin-e-lindjes-se-kardinalit-aleksander-albani-me-origjine-shqiptare\/#article","isPartOf":{"@id":"https:\/\/fjala.info\/2009-2015\/kujtojme-pervjetorin-e-lindjes-se-kardinalit-aleksander-albani-me-origjine-shqiptare\/"},"author":{"name":"admin","@id":"https:\/\/fjala.info\/2009-2015\/#\/schema\/person\/3aa1163ef05469c496fc94e77611ada2"},"headline":"Kujtojm\u00eb p\u00ebrvjetorin e lindjes s\u00eb kardinalit Aleksand\u00ebr Albani me origjin\u00eb shqiptare","datePublished":"2011-10-19T20:23:30+00:00","mainEntityOfPage":{"@id":"https:\/\/fjala.info\/2009-2015\/kujtojme-pervjetorin-e-lindjes-se-kardinalit-aleksander-albani-me-origjine-shqiptare\/"},"wordCount":362,"commentCount":0,"publisher":{"@id":"https:\/\/fjala.info\/2009-2015\/#organization"},"image":{"@id":"https:\/\/fjala.info\/2009-2015\/kujtojme-pervjetorin-e-lindjes-se-kardinalit-aleksander-albani-me-origjine-shqiptare\/#primaryimage"},"thumbnailUrl":"http:\/\/www.shkoder.net\/images\/fjala\/2011\/kardinal_aleksander_albani.jpg","articleSection":["Artikuj"],"inLanguage":"sq-AL","potentialAction":[{"@type":"CommentAction","name":"Comment","target":["https:\/\/fjala.info\/2009-2015\/kujtojme-pervjetorin-e-lindjes-se-kardinalit-aleksander-albani-me-origjine-shqiptare\/#respond"]}]},{"@type":"WebPage","@id":"https:\/\/fjala.info\/2009-2015\/kujtojme-pervjetorin-e-lindjes-se-kardinalit-aleksander-albani-me-origjine-shqiptare\/","url":"https:\/\/fjala.info\/2009-2015\/kujtojme-pervjetorin-e-lindjes-se-kardinalit-aleksander-albani-me-origjine-shqiptare\/","name":"Kujtojm\u00eb p\u00ebrvjetorin e lindjes s\u00eb kardinalit Aleksand\u00ebr Albani me origjin\u00eb shqiptare - FjALA e LIR\u00cb - Arkivi","isPartOf":{"@id":"https:\/\/fjala.info\/2009-2015\/#website"},"primaryImageOfPage":{"@id":"https:\/\/fjala.info\/2009-2015\/kujtojme-pervjetorin-e-lindjes-se-kardinalit-aleksander-albani-me-origjine-shqiptare\/#primaryimage"},"image":{"@id":"https:\/\/fjala.info\/2009-2015\/kujtojme-pervjetorin-e-lindjes-se-kardinalit-aleksander-albani-me-origjine-shqiptare\/#primaryimage"},"thumbnailUrl":"http:\/\/www.shkoder.net\/images\/fjala\/2011\/kardinal_aleksander_albani.jpg","datePublished":"2011-10-19T20:23:30+00:00","breadcrumb":{"@id":"https:\/\/fjala.info\/2009-2015\/kujtojme-pervjetorin-e-lindjes-se-kardinalit-aleksander-albani-me-origjine-shqiptare\/#breadcrumb"},"inLanguage":"sq-AL","potentialAction":[{"@type":"ReadAction","target":["https:\/\/fjala.info\/2009-2015\/kujtojme-pervjetorin-e-lindjes-se-kardinalit-aleksander-albani-me-origjine-shqiptare\/"]}]},{"@type":"ImageObject","inLanguage":"sq-AL","@id":"https:\/\/fjala.info\/2009-2015\/kujtojme-pervjetorin-e-lindjes-se-kardinalit-aleksander-albani-me-origjine-shqiptare\/#primaryimage","url":"http:\/\/www.shkoder.net\/images\/fjala\/2011\/kardinal_aleksander_albani.jpg","contentUrl":"http:\/\/www.shkoder.net\/images\/fjala\/2011\/kardinal_aleksander_albani.jpg"},{"@type":"BreadcrumbList","@id":"https:\/\/fjala.info\/2009-2015\/kujtojme-pervjetorin-e-lindjes-se-kardinalit-aleksander-albani-me-origjine-shqiptare\/#breadcrumb","itemListElement":[{"@type":"ListItem","position":1,"name":"Home","item":"https:\/\/fjala.info\/2009-2015\/"},{"@type":"ListItem","position":2,"name":"Kujtojm\u00eb p\u00ebrvjetorin e lindjes s\u00eb kardinalit Aleksand\u00ebr Albani me origjin\u00eb shqiptare"}]},{"@type":"WebSite","@id":"https:\/\/fjala.info\/2009-2015\/#website","url":"https:\/\/fjala.info\/2009-2015\/","name":"FjALA e LIR\u00cb - Arkivi","description":"Arkivi 2009-2015","publisher":{"@id":"https:\/\/fjala.info\/2009-2015\/#organization"},"potentialAction":[{"@type":"SearchAction","target":{"@type":"EntryPoint","urlTemplate":"https:\/\/fjala.info\/2009-2015\/?s={search_term_string}"},"query-input":{"@type":"PropertyValueSpecification","valueRequired":true,"valueName":"search_term_string"}}],"inLanguage":"sq-AL"},{"@type":"Organization","@id":"https:\/\/fjala.info\/2009-2015\/#organization","name":"FjALA e LIR\u00cb - Arkivi","url":"https:\/\/fjala.info\/2009-2015\/","logo":{"@type":"ImageObject","inLanguage":"sq-AL","@id":"https:\/\/fjala.info\/2009-2015\/#\/schema\/logo\/image\/","url":"","contentUrl":"","caption":"FjALA e LIR\u00cb - Arkivi"},"image":{"@id":"https:\/\/fjala.info\/2009-2015\/#\/schema\/logo\/image\/"}},{"@type":"Person","@id":"https:\/\/fjala.info\/2009-2015\/#\/schema\/person\/3aa1163ef05469c496fc94e77611ada2","name":"admin","image":{"@type":"ImageObject","inLanguage":"sq-AL","@id":"https:\/\/fjala.info\/2009-2015\/wp-content\/uploads\/2012\/02\/arben_cokaj-120x150.jpg","url":"https:\/\/fjala.info\/2009-2015\/wp-content\/uploads\/2012\/02\/arben_cokaj-120x150.jpg","contentUrl":"https:\/\/fjala.info\/2009-2015\/wp-content\/uploads\/2012\/02\/arben_cokaj-120x150.jpg","caption":"admin"},"description":"Admin, Fjala e Lir\u00eb","sameAs":["https:\/\/fjala.info\/"],"url":"https:\/\/fjala.info\/2009-2015\/author\/admin\/"}]}},"_links":{"self":[{"href":"https:\/\/fjala.info\/2009-2015\/wp-json\/wp\/v2\/posts\/11057","targetHints":{"allow":["GET"]}}],"collection":[{"href":"https:\/\/fjala.info\/2009-2015\/wp-json\/wp\/v2\/posts"}],"about":[{"href":"https:\/\/fjala.info\/2009-2015\/wp-json\/wp\/v2\/types\/post"}],"author":[{"embeddable":true,"href":"https:\/\/fjala.info\/2009-2015\/wp-json\/wp\/v2\/users\/1"}],"replies":[{"embeddable":true,"href":"https:\/\/fjala.info\/2009-2015\/wp-json\/wp\/v2\/comments?post=11057"}],"version-history":[{"count":0,"href":"https:\/\/fjala.info\/2009-2015\/wp-json\/wp\/v2\/posts\/11057\/revisions"}],"wp:attachment":[{"href":"https:\/\/fjala.info\/2009-2015\/wp-json\/wp\/v2\/media?parent=11057"}],"wp:term":[{"taxonomy":"category","embeddable":true,"href":"https:\/\/fjala.info\/2009-2015\/wp-json\/wp\/v2\/categories?post=11057"},{"taxonomy":"post_tag","embeddable":true,"href":"https:\/\/fjala.info\/2009-2015\/wp-json\/wp\/v2\/tags?post=11057"}],"curies":[{"name":"wp","href":"https:\/\/api.w.org\/{rel}","templated":true}]}}